{"id":2848,"date":"2026-04-07T19:15:13","date_gmt":"2026-04-07T19:15:13","guid":{"rendered":"https:\/\/www.sebastien-auziere.fr\/blog\/?p=2848"},"modified":"2026-04-07T19:15:37","modified_gmt":"2026-04-07T19:15:37","slug":"%d0%b1%d1%80%d0%b8%d0%b6%d0%b8%d1%82-%d0%b8-%d1%8d%d0%bc%d0%bc%d0%b0%d0%bd%d1%83%d1%8d%d0%bb%d1%8c-%d0%bc%d0%b0%d0%ba%d1%80%d0%be%d0%bd-%d0%b2%d1%81%d0%ba%d0%be%d1%80%d0%b5-%d0%b1%d1%83%d0%b4%d1%83","status":"publish","type":"post","link":"https:\/\/www.sebastien-auziere.fr\/blog\/ru\/%d0%b1%d1%80%d0%b8%d0%b6%d0%b8%d1%82-%d0%b8-%d1%8d%d0%bc%d0%bc%d0%b0%d0%bd%d1%83%d1%8d%d0%bb%d1%8c-%d0%bc%d0%b0%d0%ba%d1%80%d0%be%d0%bd-%d0%b2%d1%81%d0%ba%d0%be%d1%80%d0%b5-%d0%b1%d1%83%d0%b4%d1%83\/","title":{"rendered":"\u0411\u0440\u0438\u0436\u0438\u0442 \u0438 \u042d\u043c\u043c\u0430\u043d\u0443\u044d\u043b\u044c \u041c\u0430\u043a\u0440\u043e\u043d \u0432\u0441\u043a\u043e\u0440\u0435 \u0431\u0443\u0434\u0443\u0442 \u043f\u0440\u0438\u0433\u043b\u0430\u0448\u0435\u043d\u044b \u043f\u0430\u043f\u043e\u0439 \u041b\u044c\u0432\u043e\u043c XIV: \u043d\u0435\u0431\u044b\u0432\u0430\u043b\u044b\u0435 \u043f\u0440\u0438\u0447\u0438\u043d\u044b \u0438\u0445 \u043f\u043e\u0441\u043b\u0435\u0434\u043d\u0435\u0433\u043e \u0432\u0438\u0437\u0438\u0442\u0430 \u0432 \u0412\u0430\u0442\u0438\u043a\u0430\u043d"},"content":{"rendered":"<p><strong>\u0411\u0440\u0438\u0436\u0438\u0442 \u041c\u0430\u043a\u0440\u043e\u043d<\/strong> \u0438 <strong>\u042d\u043c\u043c\u0430\u043d\u0443\u044d\u043b\u044c \u041c\u0430\u043a\u0440\u043e\u043d<\/strong> \u0431\u0443\u0434\u0443\u0442 \u043f\u0440\u0438\u043d\u044f\u0442\u044b \u0432 <strong>\u0412\u0430\u0442\u0438\u043a\u0430\u043d\u0435<\/strong> <strong>9 \u0438 10 \u0430\u043f\u0440\u0435\u043b\u044f<\/strong> \u043d\u0430 \u0447\u0430\u0441\u0442\u043d\u0443\u044e \u0430\u0443\u0434\u0438\u0435\u043d\u0446\u0438\u044e \u0441 <strong>\u043f\u0430\u043f\u043e\u0439 \u041b\u044c\u0432\u043e\u043c XIV<\/strong>. \u042d\u0442\u043e\u0442 \u043e\u0444\u0438\u0446\u0438\u0430\u043b\u044c\u043d\u044b\u0439 \u0432\u0438\u0437\u0438\u0442, \u043e\u0431\u044a\u044f\u0432\u043b\u0435\u043d\u043d\u044b\u0439 \u0415\u043b\u0438\u0441\u0435\u0439\u0441\u043a\u0438\u043c \u0434\u0432\u043e\u0440\u0446\u043e\u043c 1 \u0430\u043f\u0440\u0435\u043b\u044f, \u0441\u043e\u0441\u0442\u043e\u0438\u0442\u0441\u044f \u0447\u0435\u0440\u0435\u0437 \u043d\u0435\u0441\u043a\u043e\u043b\u044c\u043a\u043e \u0434\u043d\u0435\u0439 \u043f\u043e\u0441\u043b\u0435 \u041f\u0430\u0441\u0445\u0438 \u0438 \u0441\u043b\u0435\u0434\u0443\u0435\u0442 \u043f\u043e\u0441\u043b\u0435 \u043e\u0442\u043c\u0435\u043d\u044b \u0432 \u044f\u043d\u0432\u0430\u0440\u0435 \u0438\u0437-\u0437\u0430 \u043d\u0435\u0441\u043e\u0432\u043f\u0430\u0434\u0435\u043d\u0438\u044f \u0440\u0430\u0441\u043f\u0438\u0441\u0430\u043d\u0438\u044f.<\/p>\n\n<p>\u0417\u0434\u0435\u0441\u044c \u0432\u044b \u0443\u0437\u043d\u0430\u0435\u0442\u0435 \u043e \u0434\u0438\u043f\u043b\u043e\u043c\u0430\u0442\u0438\u0447\u0435\u0441\u043a\u0438\u0445 \u0438 \u0441\u0438\u043c\u0432\u043e\u043b\u0438\u0447\u0435\u0441\u043a\u0438\u0445 \u043f\u0440\u0438\u0447\u0438\u043d\u0430\u0445 \u044d\u0442\u043e\u0439 \u043f\u043e\u0435\u0437\u0434\u043a\u0438, \u043f\u043e\u0434\u0442\u0432\u0435\u0440\u0436\u0434\u0435\u043d\u043d\u043e\u0439 \u043d\u0435\u0441\u043a\u043e\u043b\u044c\u043a\u0438\u043c\u0438 \u0438\u0441\u0442\u043e\u0447\u043d\u0438\u043a\u0430\u043c\u0438, \u0432\u043a\u043b\u044e\u0447\u0430\u044f <a href=\"https:\/\/www.tf1info.fr\/international\/emmanuel-macron-va-rencontrer-le-pape-leon-xiv-au-vatican-les-9-et-10-avril-2026-2433639.html\" rel=\"nofollow\">TF1<\/a> \u0438 <a href=\"https:\/\/www.vaticannews.va\/fr\/pape\/news\/2026-04\/pape-leon-xiv-emmanuel-macron-audience-vatican-10-avril.html\" rel=\"nofollow\">\u0412\u0430\u0442\u0438\u043a\u0430\u043d\u0441\u043a\u0438\u0435 \u043d\u043e\u0432\u043e\u0441\u0442\u0438<\/a>.<\/p>\n\n<h2 class=\"wp-block-heading\">\u041e\u0442\u043c\u0435\u043d\u0430 \u044f\u043d\u0432\u0430\u0440\u044f \u0438 \u0441\u043d\u0438\u0436\u0435\u043d\u0438\u0435 \u0441\u043b\u0443\u0445\u043e\u0432<\/h2>\n\n<p>\u0412\u0441\u0442\u0440\u0435\u0447\u0430, \u0437\u0430\u043f\u043b\u0430\u043d\u0438\u0440\u043e\u0432\u0430\u043d\u043d\u0430\u044f \u043d\u0430 \u044f\u043d\u0432\u0430\u0440\u044c, \u0431\u044b\u043b\u0430 \u043e\u0442\u043c\u0435\u043d\u0435\u043d\u0430 \u0438\u0437-\u0437\u0430 <strong>\u043d\u0435\u0441\u043e\u0432\u043f\u0430\u0434\u0435\u043d\u0438\u044f \u0440\u0430\u0441\u043f\u0438\u0441\u0430\u043d\u0438\u044f<\/strong>, \u0441\u043e\u0433\u043b\u0430\u0441\u043d\u043e \u0415\u043b\u0438\u0441\u0435\u0439\u0441\u043a\u043e\u043c\u0443 \u0434\u0432\u043e\u0440\u0446\u0443, \u0430 \u043d\u0435 \u0438\u0437-\u0437\u0430 \u0434\u0438\u043f\u043b\u043e\u043c\u0430\u0442\u0438\u0447\u0435\u0441\u043a\u043e\u0433\u043e \u043d\u0430\u043f\u0440\u044f\u0436\u0435\u043d\u0438\u044f. \u0412 \u0442\u043e \u0432\u0440\u0435\u043c\u044f \u0432 \u0441\u0435\u0442\u0438 \u0446\u0438\u0440\u043a\u0443\u043b\u0438\u0440\u043e\u0432\u0430\u043b\u0438 \u0441\u043f\u0435\u043a\u0443\u043b\u044f\u0446\u0438\u0438 \u043e \u043a\u043e\u043d\u0446\u0435 \u0436\u0438\u0437\u043d\u0438 \u0438\u043b\u0438 \u0432\u0438\u0442\u0440\u0430\u0436\u0430\u0445 \u041d\u043e\u0442\u0440-\u0414\u0430 \u041c, \u043d\u043e \u0444\u0440\u0430\u043d\u0446\u0443\u0437\u0441\u043a\u0438\u0435 \u0432\u043b\u0430\u0441\u0442\u0438 \u043e\u043f\u0440\u043e\u0432\u0435\u0440\u0433\u043b\u0438 \u044d\u0442\u0438 \u0438\u043d\u0442\u0435\u0440\u043f\u0440\u0435\u0442\u0430\u0446\u0438\u0438 \u0432 <strong>franceinfo<\/strong>. \u0420\u0435\u0430\u043b\u044c\u043d\u043e\u0441\u0442\u044c \u0442\u0430\u043a\u043e\u0432\u0430: \u043d\u0435\u043e\u0442\u043b\u043e\u0436\u043d\u044b\u0435 \u043c\u0435\u0436\u0434\u0443\u043d\u0430\u0440\u043e\u0434\u043d\u044b\u0435 \u043f\u0440\u0438\u043e\u0440\u0438\u0442\u0435\u0442\u044b \u043f\u043e\u0442\u0440\u0435\u0431\u043e\u0432\u0430\u043b\u0438 \u043f\u0435\u0440\u0435\u043d\u043e\u0441\u0430. \u042d\u0442\u043e\u0442 \u043c\u043e\u043c\u0435\u043d\u0442 \u0441\u0442\u0430\u0432\u0438\u0442 \u0432\u0441\u0435 \u043d\u0430 \u0441\u0432\u043e\u0438 \u043c\u0435\u0441\u0442\u0430.<\/p>\n\n<h2 class=\"wp-block-heading\">\u0426\u0435\u043b\u0438 \u0434\u0432\u0443\u0441\u0442\u043e\u0440\u043e\u043d\u043d\u0435\u0439 \u0432\u0441\u0442\u0440\u0435\u0447\u0438 \u0432 \u0412\u0430\u0442\u0438\u043a\u0430\u043d\u0435<\/h2>\n\n<p>\u0412\u0438\u0437\u0438\u0442 \u043d\u0430\u0446\u0435\u043b\u0435\u043d \u043d\u0430 \u0443\u043a\u0440\u0435\u043f\u043b\u0435\u043d\u0438\u0435 <strong>\u043c\u0435\u0436\u0440\u0435\u043b\u0438\u0433\u0438\u043e\u0437\u043d\u043e\u0433\u043e \u0434\u0438\u0430\u043b\u043e\u0433\u0430<\/strong> \u0438 <strong>\u0444\u0440\u0430\u043d\u043a\u043e-\u0432\u0430\u0442\u0438\u043a\u0430\u043d\u0441\u043a\u043e\u0433\u043e \u0441\u043e\u0442\u0440\u0443\u0434\u043d\u0438\u0447\u0435\u0441\u0442\u0432\u0430<\/strong>, \u0441 \u043e\u0431\u043c\u0435\u043d\u043e\u043c \u043c\u043d\u0435\u043d\u0438\u044f\u043c\u0438 \u043e \u0442\u0435\u043a\u0443\u0449\u0438\u0445 \u043c\u0435\u0436\u0434\u0443\u043d\u0430\u0440\u043e\u0434\u043d\u044b\u0445 \u0432\u044b\u0437\u043e\u0432\u0430\u0445. \u0410\u0443\u0434\u0438\u0435\u043d\u0446\u0438\u044f \u0441\u0442\u0430\u043d\u0435\u0442 \u043f\u0435\u0440\u0432\u043e\u0439 \u043c\u0435\u0436\u0434\u0443 \u043f\u0440\u0435\u0437\u0438\u0434\u0435\u043d\u0442\u043e\u043c \u0438 <strong>\u043f\u0430\u043f\u043e\u0439 \u041b\u044c\u0432\u043e\u043c XIV<\/strong> \u0441 \u043d\u0430\u0447\u0430\u043b\u0430 \u0435\u0433\u043e \u043f\u043e\u043d\u0442\u0438\u0444\u0438\u043a\u0430\u0442\u0430, \u0437\u0430\u043f\u043b\u0430\u043d\u0438\u0440\u043e\u0432\u0430\u043d\u043d\u043e\u0439 \u0432 \u0410\u043f\u043e\u0441\u0442\u043e\u043b\u044c\u0441\u043a\u043e\u043c \u0434\u0432\u043e\u0440\u0446\u0435 \u0432 \u0443\u0442\u0440\u0435\u043d\u043d\u0438\u0435 \u0447\u0430\u0441\u044b 9 \u0430\u043f\u0440\u0435\u043b\u044f, \u0441\u043e\u0433\u043b\u0430\u0441\u043d\u043e I.Media. \u0412\u044b\u0431\u043e\u0440 \u0432\u0440\u0435\u043c\u0435\u043d\u0438, \u0432\u0441\u043a\u043e\u0440\u0435 \u043f\u043e\u0441\u043b\u0435 \u041f\u0430\u0441\u0445\u0438 \u0438 \u043f\u0435\u0440\u0435\u0434 \u0433\u043e\u0434\u043e\u0432\u0449\u0438\u043d\u043e\u0439 21 \u0430\u043f\u0440\u0435\u043b\u044f, \u043d\u0435\u0441\u0435\u0442 \u0432 \u0441\u0435\u0431\u0435 \u0441\u0438\u043b\u044c\u043d\u044b\u0439 \u0441\u0438\u043c\u0432\u043e\u043b\u0438\u0447\u0435\u0441\u043a\u0438\u0439 \u0437\u0430\u0440\u044f\u0434. \u0417\u0430\u0434\u0430\u0447\u0430 \u044f\u0441\u043d\u0430: \u0443\u043a\u0440\u0435\u043f\u0438\u0442\u044c \u0438\u0441\u0442\u043e\u0440\u0438\u0447\u0435\u0441\u043a\u0443\u044e \u0441\u0432\u044f\u0437\u044c.<\/p>\n\n<p>\u0412\u0441\u0442\u0440\u0435\u0447\u0430 \u043e\u0431\u0435\u0449\u0430\u0435\u0442 \u043f\u0443\u0431\u043b\u0438\u0447\u043d\u044b\u0435 \u0441\u043e\u043e\u0431\u0449\u0435\u043d\u0438\u044f \u0438 \u0434\u0435\u043b\u0438\u043a\u0430\u0442\u043d\u044b\u0435 \u0441\u043e\u0433\u043b\u0430\u0448\u0435\u043d\u0438\u044f.<\/p>\n\n<h3 class=\"wp-block-heading\">\u0414\u0438\u043f\u043b\u043e\u043c\u0430\u0442\u0438\u0447\u0435\u0441\u043a\u0438\u0435 \u0432\u043e\u043f\u0440\u043e\u0441\u044b \u0438 \u043e\u0436\u0438\u0434\u0430\u0435\u043c\u044b\u0435 \u0441\u043e\u043e\u0431\u0449\u0435\u043d\u0438\u044f<\/h3>\n\n<p>\u041d\u0435\u0441\u043a\u043e\u043b\u044c\u043a\u043e \u043f\u0440\u0430\u043a\u0442\u0438\u0447\u0435\u0441\u043a\u0438\u0445 \u0432\u043e\u043f\u0440\u043e\u0441\u043e\u0432 \u0431\u0443\u0434\u0443\u0442 \u0432\u043a\u043b\u044e\u0447\u0435\u043d\u044b \u0432 \u043f\u043e\u0432\u0435\u0441\u0442\u043a\u0443 \u0434\u043d\u044f: \u043c\u0435\u0436\u0434\u0443\u043d\u0430\u0440\u043e\u0434\u043d\u0430\u044f \u0431\u0435\u0437\u043e\u043f\u0430\u0441\u043d\u043e\u0441\u0442\u044c, \u043a\u0443\u043b\u044c\u0442\u0443\u0440\u043d\u043e\u0435 \u0441\u043e\u0442\u0440\u0443\u0434\u043d\u0438\u0447\u0435\u0441\u0442\u0432\u043e \u0438 \u0433\u0443\u043c\u0430\u043d\u0438\u0442\u0430\u0440\u043d\u044b\u0435 \u043f\u0440\u043e\u0431\u043b\u0435\u043c\u044b. \u041e\u0431\u043c\u0435\u043d \u0438\u043d\u0444\u043e\u0440\u043c\u0430\u0446\u0438\u0435\u0439 \u043f\u0440\u043e\u0434\u043e\u043b\u0436\u0438\u0442 \u043d\u0435\u0434\u0430\u0432\u043d\u0438\u0435 \u043a\u043e\u043d\u0442\u0430\u043a\u0442\u044b, \u0432 \u0447\u0430\u0441\u0442\u043d\u043e\u0441\u0442\u0438, \u0432\u0438\u0437\u0438\u0442 <strong>\u043f\u0430\u043f\u044b \u041b\u044c\u0432\u043e\u043c XIV<\/strong> \u0432 \u041c\u043e\u043d\u0430\u043a\u043e \u0432 \u043a\u043e\u043d\u0446\u0435 \u043c\u0430\u0440\u0442\u0430, \u043a\u043e\u0442\u043e\u0440\u044b\u0439 \u043f\u043e\u0437\u0432\u043e\u043b\u0438\u043b \u043e\u0442\u043f\u0440\u0430\u0432\u0438\u0442\u044c \u0442\u0435\u043b\u0435\u0433\u0440\u0430\u043c\u043c\u0443 \u043f\u0440\u0435\u0437\u0438\u0434\u0435\u043d\u0442\u0443 \u0432\u043e \u0432\u0440\u0435\u043c\u044f \u043f\u0440\u043e\u043b\u0435\u0442\u0430 \u043d\u0430\u0434 \u0424\u0440\u0430\u043d\u0446\u0438\u0435\u0439. \u041d\u0430\u0431\u043b\u044e\u0434\u0430\u0442\u0435\u043b\u0438 \u0442\u0430\u043a\u0436\u0435 \u0431\u0443\u0434\u0443\u0442 \u0441\u043b\u0435\u0434\u0438\u0442\u044c \u0437\u0430 \u043f\u043e\u043b\u0438\u0442\u0438\u0447\u0435\u0441\u043a\u043e\u0439 \u0438 \u0434\u0443\u0445\u043e\u0432\u043d\u043e\u0439 \u0442\u043e\u043d\u0430\u043b\u044c\u043d\u043e\u0441\u0442\u044c\u044e \u0441\u043e\u043e\u0431\u0449\u0435\u043d\u0438\u044f, \u043a\u043e\u0442\u043e\u0440\u0430\u044f \u043c\u043e\u0436\u0435\u0442 \u043f\u043e\u0432\u043b\u0438\u044f\u0442\u044c \u043d\u0430 \u0438\u043c\u0438\u0434\u0436 \u0424\u0440\u0430\u043d\u0446\u0438\u0438 \u0441\u0440\u0435\u0434\u0438 \u043a\u0430\u0442\u043e\u043b\u0438\u043a\u043e\u0432. \u041e\u0436\u0438\u0434\u0430\u0435\u043c\u044b\u0439 \u043c\u043e\u043c\u0435\u043d\u0442 \u0434\u043b\u044f \u0434\u0438\u0430\u043b\u043e\u0433\u0430.<\/p>\n\n<p>\u042d\u0442\u0430 \u0447\u0430\u0441\u0442\u043d\u0430\u044f \u0430\u0443\u0434\u0438\u0435\u043d\u0446\u0438\u044f \u0431\u0443\u0434\u0435\u0442 \u0432\u043d\u0438\u043c\u0430\u0442\u0435\u043b\u044c\u043d\u043e \u0438\u0437\u0443\u0447\u0435\u043d\u0430 \u043d\u0430 \u043f\u0440\u0435\u0434\u043c\u0435\u0442 \u0435\u0435 \u0441\u0438\u043c\u0432\u043e\u043b\u0438\u043a\u0438 \u0438 \u043a\u043e\u043d\u043a\u0440\u0435\u0442\u043d\u044b\u0445 \u0440\u0435\u0448\u0435\u043d\u0438\u0439.<\/p>\n\n<h2 class=\"wp-block-heading\">\u041a\u0430\u043b\u0435\u043d\u0434\u0430\u0440\u044c \u0438 \u043e\u0436\u0438\u0434\u0430\u0435\u043c\u044b\u0439 \u0445\u043e\u0434 \u043e\u0444\u0438\u0446\u0438\u0430\u043b\u044c\u043d\u043e\u0433\u043e \u0432\u0438\u0437\u0438\u0442\u0430<\/h2>\n\n<p>\u0412\u0438\u0437\u0438\u0442 \u043f\u0440\u043e\u0439\u0434\u0435\u0442 \u0432 \u0442\u0435\u0447\u0435\u043d\u0438\u0435 \u0434\u0432\u0443\u0445 \u0434\u043d\u0435\u0439, <strong>9 \u0438 10 \u0430\u043f\u0440\u0435\u043b\u044f<\/strong>, \u0441 \u0437\u0430\u043f\u043b\u0430\u043d\u0438\u0440\u043e\u0432\u0430\u043d\u043d\u043e\u0439 \u0434\u0432\u0443\u0441\u0442\u043e\u0440\u043e\u043d\u043d\u0435\u0439 \u0430\u0443\u0434\u0438\u0435\u043d\u0446\u0438\u0435\u0439 10 \u0430\u043f\u0440\u0435\u043b\u044f, \u043e\u0431\u044a\u044f\u0432\u043b\u0435\u043d\u043d\u043e\u0439 \u043f\u0440\u0435\u0437\u0438\u0434\u0435\u043d\u0442\u0441\u0442\u0432\u043e\u043c. \u041e\u0444\u0438\u0446\u0438\u0430\u043b\u044c\u043d\u044b\u0435 \u043e\u0431\u043c\u0435\u043d\u044b \u0441\u043e\u0441\u0442\u043e\u044f\u0442\u0441\u044f \u0432 \u0410\u043f\u043e\u0441\u0442\u043e\u043b\u044c\u0441\u043a\u043e\u043c \u0434\u0432\u043e\u0440\u0446\u0435, \u0430 \u043f\u0440\u043e\u0442\u043e\u043a\u043e\u043b\u044c\u043d\u044b\u0435 \u043c\u043e\u043c\u0435\u043d\u0442\u044b \u0431\u0443\u0434\u0443\u0442 \u0441\u043e\u043f\u0440\u043e\u0432\u043e\u0436\u0434\u0430\u0442\u044c \u043f\u0440\u0435\u0431\u044b\u0432\u0430\u043d\u0438\u0435. \u0421\u0440\u0435\u0434\u0441\u0442\u0432\u0430 \u043c\u0430\u0441\u0441\u043e\u0432\u043e\u0439 \u0438\u043d\u0444\u043e\u0440\u043c\u0430\u0446\u0438\u0438, \u043e\u0442 <a href=\"https:\/\/www.europe1.fr\/politique\/emmanuel-macron-se-rendra-au-vatican-les-9-et-10-avril-pour-rencontrer-leon-xiv-919879\" rel=\"nofollow\">Europe 1<\/a> \u0434\u043e BFMTV, \u0434\u043e\u043b\u0436\u043d\u044b \u043e\u0441\u0432\u0435\u0449\u0430\u0442\u044c \u043a\u043b\u044e\u0447\u0435\u0432\u044b\u0435 \u043c\u043e\u043c\u0435\u043d\u0442\u044b. \u041e\u0441\u0442\u0430\u0435\u0442\u0441\u044f \u0443\u0432\u0438\u0434\u0435\u0442\u044c \u0441\u0438\u0433\u043d\u0430\u043b\u044b, \u043e\u0442\u043f\u0440\u0430\u0432\u043b\u044f\u0435\u043c\u044b\u0435 \u043d\u0430 \u043c\u0435\u0436\u0434\u0443\u043d\u0430\u0440\u043e\u0434\u043d\u043e\u0439 \u0430\u0440\u0435\u043d\u0435.<\/p>\n\n<p>\u0427\u0442\u043e\u0431\u044b \u0443\u0437\u043d\u0430\u0442\u044c \u0431\u043e\u043b\u044c\u0448\u0435 \u043e <strong>\u0421\u0435\u0431\u0430\u0441\u0442\u044c\u0435\u043d\u0435 \u041e\u0437\u044c\u0435<\/strong> \u0438 \u0441\u0435\u043c\u0435\u0439\u043d\u044b\u0445 \u0438 \u043f\u043e\u043b\u0438\u0442\u0438\u0447\u0435\u0441\u043a\u0438\u0445 \u0441\u0432\u044f\u0437\u044f\u0445, \u0441\u0432\u044f\u0437\u0430\u043d\u043d\u044b\u0445 \u0441 \u0441\u0435\u043c\u044c\u0435\u0439 \u041c\u0430\u043a\u0440\u043e\u043d, \u043f\u043e\u0441\u0435\u0442\u0438\u0442\u0435 <a href=\"https:\/\/sebastien-auziere.fr\" rel=\"nofollow\">sebastien-auziere.fr<\/a> \u0438 \u043e\u0442\u043a\u0440\u043e\u0439\u0442\u0435 \u0434\u043b\u044f \u0441\u0435\u0431\u044f \u043f\u043e\u043b\u043d\u044b\u0435 \u0434\u043e\u0441\u044c\u0435 \u0438 \u043d\u0430\u0434\u0435\u0436\u043d\u044b\u0435 \u0430\u0440\u0445\u0438\u0432\u044b.<\/p>","protected":false},"excerpt":{"rendered":"<p>\u0411\u0440\u0438\u0436\u0438\u0442 \u041c\u0430\u043a\u0440\u043e\u043d \u0438 \u042d\u043c\u043c\u0430\u043d\u0443\u044d\u043b\u044c \u041c\u0430\u043a\u0440\u043e\u043d \u0431\u0443\u0434\u0443\u0442 \u043f\u0440\u0438\u043d\u044f\u0442\u044b \u0432 \u0412\u0430\u0442\u0438\u043a\u0430\u043d\u0435 9 \u0438 10 \u0430\u043f\u0440\u0435\u043b\u044f \u043d\u0430 \u0447\u0430\u0441\u0442\u043d\u0443\u044e \u0430\u0443\u0434\u0438\u0435\u043d\u0446\u0438\u044e \u0441 \u043f\u0430\u043f\u043e\u0439 \u041b\u044c\u0432\u043e\u043c XIV. \u042d\u0442\u043e\u0442 \u043e\u0444\u0438\u0446\u0438\u0430\u043b\u044c\u043d\u044b\u0439 \u0432\u0438\u0437\u0438\u0442, \u043e\u0431\u044a\u044f\u0432\u043b\u0435\u043d\u043d\u044b\u0439 \u0415\u043b\u0438\u0441\u0435\u0439\u0441\u043a\u0438\u043c \u0434\u0432\u043e\u0440\u0446\u043e\u043c 1 \u0430\u043f\u0440\u0435\u043b\u044f, \u0441\u043e\u0441\u0442\u043e\u0438\u0442\u0441\u044f \u0447\u0435\u0440\u0435\u0437 \u043d\u0435\u0441\u043a\u043e\u043b\u044c\u043a\u043e \u0434\u043d\u0435\u0439 \u043f\u043e\u0441\u043b\u0435 \u041f\u0430\u0441\u0445\u0438 \u0438 \u0441\u043b\u0435\u0434\u0443\u0435\u0442 \u043f\u043e\u0441\u043b\u0435 \u043e\u0442\u043c\u0435\u043d\u044b \u0432 \u044f\u043d\u0432\u0430\u0440\u0435 \u0438\u0437-\u0437\u0430 \u043d\u0435\u0441\u043e\u0432\u043f\u0430\u0434\u0435\u043d\u0438\u044f \u0440\u0430\u0441\u043f\u0438\u0441\u0430\u043d\u0438\u044f. \u0417\u0434\u0435\u0441\u044c \u0432\u044b \u0443\u0437\u043d\u0430\u0435\u0442\u0435 \u043e \u0434\u0438\u043f\u043b\u043e\u043c\u0430\u0442\u0438\u0447\u0435\u0441\u043a\u0438\u0445 \u0438 \u0441\u0438\u043c\u0432\u043e\u043b\u0438\u0447\u0435\u0441\u043a\u0438\u0445 \u043f\u0440\u0438\u0447\u0438\u043d\u0430\u0445 \u044d\u0442\u043e\u0439 \u043f\u043e\u0435\u0437\u0434\u043a\u0438, \u043f\u043e\u0434\u0442\u0432\u0435\u0440\u0436\u0434\u0435\u043d\u043d\u043e\u0439 \u043d\u0435\u0441\u043a\u043e\u043b\u044c\u043a\u0438\u043c\u0438 &#8230; <a title=\"\u0411\u0440\u0438\u0436\u0438\u0442 \u0438 \u042d\u043c\u043c\u0430\u043d\u0443\u044d\u043b\u044c \u041c\u0430\u043a\u0440\u043e\u043d \u0432\u0441\u043a\u043e\u0440\u0435 \u0431\u0443\u0434\u0443\u0442 \u043f\u0440\u0438\u0433\u043b\u0430\u0448\u0435\u043d\u044b \u043f\u0430\u043f\u043e\u0439 \u041b\u044c\u0432\u043e\u043c XIV: \u043d\u0435\u0431\u044b\u0432\u0430\u043b\u044b\u0435 \u043f\u0440\u0438\u0447\u0438\u043d\u044b \u0438\u0445 \u043f\u043e\u0441\u043b\u0435\u0434\u043d\u0435\u0433\u043e \u0432\u0438\u0437\u0438\u0442\u0430 \u0432 \u0412\u0430\u0442\u0438\u043a\u0430\u043d\" class=\"read-more\" href=\"https:\/\/www.sebastien-auziere.fr\/blog\/ru\/%d0%b1%d1%80%d0%b8%d0%b6%d0%b8%d1%82-%d0%b8-%d1%8d%d0%bc%d0%bc%d0%b0%d0%bd%d1%83%d1%8d%d0%bb%d1%8c-%d0%bc%d0%b0%d0%ba%d1%80%d0%be%d0%bd-%d0%b2%d1%81%d0%ba%d0%be%d1%80%d0%b5-%d0%b1%d1%83%d0%b4%d1%83\/\" aria-label=\"En savoir plus sur \u0411\u0440\u0438\u0436\u0438\u0442 \u0438 \u042d\u043c\u043c\u0430\u043d\u0443\u044d\u043b\u044c \u041c\u0430\u043a\u0440\u043e\u043d \u0432\u0441\u043a\u043e\u0440\u0435 \u0431\u0443\u0434\u0443\u0442 \u043f\u0440\u0438\u0433\u043b\u0430\u0448\u0435\u043d\u044b \u043f\u0430\u043f\u043e\u0439 \u041b\u044c\u0432\u043e\u043c XIV: \u043d\u0435\u0431\u044b\u0432\u0430\u043b\u044b\u0435 \u043f\u0440\u0438\u0447\u0438\u043d\u044b \u0438\u0445 \u043f\u043e\u0441\u043b\u0435\u0434\u043d\u0435\u0433\u043e \u0432\u0438\u0437\u0438\u0442\u0430 \u0432 \u0412\u0430\u0442\u0438\u043a\u0430\u043d\">Lire plus<\/a><\/p>\n","protected":false},"author":9,"featured_media":2836,"comment_status":"open","ping_status":"open","sticky":false,"template":"","format":"standard","meta":{"footnotes":""},"categories":[865],"tags":[974,2168,1214,2171,2165],"class_list":{"0":"post-2848","1":"post","2":"type-post","3":"status-publish","4":"format-standard","5":"has-post-thumbnail","6":"hentry","7":"category--ru","8":"tag---ru","9":"tag-----ru","12":"tag---xiv-ru"},"yoast_head":"<!-- This site is optimized with the Yoast SEO plugin v27.5 - https:\/\/yoast.com\/product\/yoast-seo-wordpress\/ -->\n<title>\u0411\u0440\u0438\u0436\u0438\u0442 \u0438 \u042d\u043c\u043c\u0430\u043d\u0443\u044d\u043b\u044c \u041c\u0430\u043a\u0440\u043e\u043d \u0432\u0441\u043a\u043e\u0440\u0435 \u0431\u0443\u0434\u0443\u0442 \u043f\u0440\u0438\u0433\u043b\u0430\u0448\u0435\u043d\u044b \u043f\u0430\u043f\u043e\u0439 \u041b\u044c\u0432\u043e\u043c XIV: \u043d\u0435\u0431\u044b\u0432\u0430\u043b\u044b\u0435 \u043f\u0440\u0438\u0447\u0438\u043d\u044b \u0438\u0445 \u043f\u043e\u0441\u043b\u0435\u0434\u043d\u0435\u0433\u043e \u0432\u0438\u0437\u0438\u0442\u0430 \u0432 \u0412\u0430\u0442\u0438\u043a\u0430\u043d - Fan site S\u00e9bastien Auzi\u00e8re<\/title>\n<meta name=\"description\" content=\"Brigitte et Emmanuel Macron bient\u00f4t re\u00e7us par le pape L\u00e9on XIV : d\u00e9couvrez les raisons in\u00e9dites de leur derni\u00e8re visite au Vatican.\" \/>\n<meta name=\"robots\" content=\"index, follow, max-snippet:-1, max-image-preview:large, max-video-preview:-1\" \/>\n<link rel=\"canonical\" href=\"https:\/\/www.sebastien-auziere.fr\/blog\/ru\/\u0431\u0440\u0438\u0436\u0438\u0442-\u0438-\u044d\u043c\u043c\u0430\u043d\u0443\u044d\u043b\u044c-\u043c\u0430\u043a\u0440\u043e\u043d-\u0432\u0441\u043a\u043e\u0440\u0435-\u0431\u0443\u0434\u0443\/\" \/>\n<meta property=\"og:locale\" content=\"fr_FR\" \/>\n<meta property=\"og:type\" content=\"article\" \/>\n<meta property=\"og:title\" content=\"\u0411\u0440\u0438\u0436\u0438\u0442 \u0438 \u042d\u043c\u043c\u0430\u043d\u0443\u044d\u043b\u044c \u041c\u0430\u043a\u0440\u043e\u043d \u0432\u0441\u043a\u043e\u0440\u0435 \u0431\u0443\u0434\u0443\u0442 \u043f\u0440\u0438\u0433\u043b\u0430\u0448\u0435\u043d\u044b \u043f\u0430\u043f\u043e\u0439 \u041b\u044c\u0432\u043e\u043c XIV: \u043d\u0435\u0431\u044b\u0432\u0430\u043b\u044b\u0435 \u043f\u0440\u0438\u0447\u0438\u043d\u044b \u0438\u0445 \u043f\u043e\u0441\u043b\u0435\u0434\u043d\u0435\u0433\u043e \u0432\u0438\u0437\u0438\u0442\u0430 \u0432 \u0412\u0430\u0442\u0438\u043a\u0430\u043d - Fan site S\u00e9bastien Auzi\u00e8re\" \/>\n<meta property=\"og:description\" content=\"Brigitte et Emmanuel Macron bient\u00f4t re\u00e7us par le pape L\u00e9on XIV : d\u00e9couvrez les raisons in\u00e9dites de leur derni\u00e8re visite au Vatican.\" \/>\n<meta property=\"og:url\" content=\"https:\/\/www.sebastien-auziere.fr\/blog\/ru\/\u0431\u0440\u0438\u0436\u0438\u0442-\u0438-\u044d\u043c\u043c\u0430\u043d\u0443\u044d\u043b\u044c-\u043c\u0430\u043a\u0440\u043e\u043d-\u0432\u0441\u043a\u043e\u0440\u0435-\u0431\u0443\u0434\u0443\/\" \/>\n<meta property=\"og:site_name\" content=\"Fan site S\u00e9bastien Auzi\u00e8re\" \/>\n<meta property=\"article:published_time\" content=\"2026-04-07T19:15:13+00:00\" \/>\n<meta property=\"article:modified_time\" content=\"2026-04-07T19:15:37+00:00\" \/>\n<meta property=\"og:image\" content=\"https:\/\/www.sebastien-auziere.fr\/blog\/wp-content\/uploads\/2026\/04\/Brigitte-et-Emmanuel-Macron-bientot-invites-par-le-pape-Leon-XIV-les-raisons-inedites-de-leur-derniere-visite-au-Vatican.jpg\" \/>\n\t<meta property=\"og:image:width\" content=\"2560\" \/>\n\t<meta property=\"og:image:height\" content=\"1429\" \/>\n\t<meta property=\"og:image:type\" content=\"image\/jpeg\" \/>\n<meta name=\"author\" content=\"Chloe Gauthier\" \/>\n<meta name=\"twitter:card\" content=\"summary_large_image\" \/>\n<meta name=\"twitter:label1\" content=\"\u00c9crit par\" \/>\n\t<meta name=\"twitter:data1\" content=\"Chloe Gauthier\" \/>\n<script type=\"application\/ld+json\" class=\"yoast-schema-graph\">{\"@context\":\"https:\\\/\\\/schema.org\",\"@graph\":[{\"@type\":\"Article\",\"@id\":\"https:\\\/\\\/www.sebastien-auziere.fr\\\/blog\\\/ru\\\/%d0%b1%d1%80%d0%b8%d0%b6%d0%b8%d1%82-%d0%b8-%d1%8d%d0%bc%d0%bc%d0%b0%d0%bd%d1%83%d1%8d%d0%bb%d1%8c-%d0%bc%d0%b0%d0%ba%d1%80%d0%be%d0%bd-%d0%b2%d1%81%d0%ba%d0%be%d1%80%d0%b5-%d0%b1%d1%83%d0%b4%d1%83\\\/#article\",\"isPartOf\":{\"@id\":\"https:\\\/\\\/www.sebastien-auziere.fr\\\/blog\\\/ru\\\/%d0%b1%d1%80%d0%b8%d0%b6%d0%b8%d1%82-%d0%b8-%d1%8d%d0%bc%d0%bc%d0%b0%d0%bd%d1%83%d1%8d%d0%bb%d1%8c-%d0%bc%d0%b0%d0%ba%d1%80%d0%be%d0%bd-%d0%b2%d1%81%d0%ba%d0%be%d1%80%d0%b5-%d0%b1%d1%83%d0%b4%d1%83\\\/\"},\"author\":{\"name\":\"Chloe Gauthier\",\"@id\":\"https:\\\/\\\/www.sebastien-auziere.fr\\\/blog\\\/#\\\/schema\\\/person\\\/149f1acdbfd85149c6c3e59adeae2f4d\"},\"headline\":\"\u0411\u0440\u0438\u0436\u0438\u0442 \u0438 \u042d\u043c\u043c\u0430\u043d\u0443\u044d\u043b\u044c \u041c\u0430\u043a\u0440\u043e\u043d \u0432\u0441\u043a\u043e\u0440\u0435 \u0431\u0443\u0434\u0443\u0442 \u043f\u0440\u0438\u0433\u043b\u0430\u0448\u0435\u043d\u044b \u043f\u0430\u043f\u043e\u0439 \u041b\u044c\u0432\u043e\u043c XIV: \u043d\u0435\u0431\u044b\u0432\u0430\u043b\u044b\u0435 \u043f\u0440\u0438\u0447\u0438\u043d\u044b \u0438\u0445 \u043f\u043e\u0441\u043b\u0435\u0434\u043d\u0435\u0433\u043e \u0432\u0438\u0437\u0438\u0442\u0430 \u0432 \u0412\u0430\u0442\u0438\u043a\u0430\u043d\",\"datePublished\":\"2026-04-07T19:15:13+00:00\",\"dateModified\":\"2026-04-07T19:15:37+00:00\",\"mainEntityOfPage\":{\"@id\":\"https:\\\/\\\/www.sebastien-auziere.fr\\\/blog\\\/ru\\\/%d0%b1%d1%80%d0%b8%d0%b6%d0%b8%d1%82-%d0%b8-%d1%8d%d0%bc%d0%bc%d0%b0%d0%bd%d1%83%d1%8d%d0%bb%d1%8c-%d0%bc%d0%b0%d0%ba%d1%80%d0%be%d0%bd-%d0%b2%d1%81%d0%ba%d0%be%d1%80%d0%b5-%d0%b1%d1%83%d0%b4%d1%83\\\/\"},\"wordCount\":364,\"commentCount\":0,\"publisher\":{\"@id\":\"https:\\\/\\\/www.sebastien-auziere.fr\\\/blog\\\/#organization\"},\"image\":{\"@id\":\"https:\\\/\\\/www.sebastien-auziere.fr\\\/blog\\\/ru\\\/%d0%b1%d1%80%d0%b8%d0%b6%d0%b8%d1%82-%d0%b8-%d1%8d%d0%bc%d0%bc%d0%b0%d0%bd%d1%83%d1%8d%d0%bb%d1%8c-%d0%bc%d0%b0%d0%ba%d1%80%d0%be%d0%bd-%d0%b2%d1%81%d0%ba%d0%be%d1%80%d0%b5-%d0%b1%d1%83%d0%b4%d1%83\\\/#primaryimage\"},\"thumbnailUrl\":\"https:\\\/\\\/www.sebastien-auziere.fr\\\/blog\\\/wp-content\\\/uploads\\\/2026\\\/04\\\/Brigitte-et-Emmanuel-Macron-bientot-invites-par-le-pape-Leon-XIV-les-raisons-inedites-de-leur-derniere-visite-au-Vatican.jpg\",\"keywords\":[\"\u0431\u0440\u0438\u0436\u0438\u0442 \u043c\u0430\u043a\u0440\u043e\u043d\",\"\u0432\u0435\u043b\u0438\u043a\u043e\u0435 \u0432 \u0434\u0430\u043d\u043d\u043e\u043c \u043f\u0440\u0438\u043c\u0435\u0440\u0435\",\"\u0435\u043c\u043c\u0430\u043d\u0443\u044d\u043b\u044c \u043c\u0430\u043a\u0440\u043e\u043d\",\"\u043e\u0444\u0438\u0446\u0438\u0430\u043b\u044c\u043d\u044b\u0439 \u0432\u0438\u0437\u0438\u0442\",\"\u043f\u0430\u043f\u0430 \u043b\u0435\u043e\u043d xiv\"],\"articleSection\":[\"\u041d\u043e\u0432\u043e\u0441\u0442\u0438\"],\"inLanguage\":\"fr-FR\",\"potentialAction\":[{\"@type\":\"CommentAction\",\"name\":\"Comment\",\"target\":[\"https:\\\/\\\/www.sebastien-auziere.fr\\\/blog\\\/ru\\\/%d0%b1%d1%80%d0%b8%d0%b6%d0%b8%d1%82-%d0%b8-%d1%8d%d0%bc%d0%bc%d0%b0%d0%bd%d1%83%d1%8d%d0%bb%d1%8c-%d0%bc%d0%b0%d0%ba%d1%80%d0%be%d0%bd-%d0%b2%d1%81%d0%ba%d0%be%d1%80%d0%b5-%d0%b1%d1%83%d0%b4%d1%83\\\/#respond\"]}]},{\"@type\":\"WebPage\",\"@id\":\"https:\\\/\\\/www.sebastien-auziere.fr\\\/blog\\\/ru\\\/%d0%b1%d1%80%d0%b8%d0%b6%d0%b8%d1%82-%d0%b8-%d1%8d%d0%bc%d0%bc%d0%b0%d0%bd%d1%83%d1%8d%d0%bb%d1%8c-%d0%bc%d0%b0%d0%ba%d1%80%d0%be%d0%bd-%d0%b2%d1%81%d0%ba%d0%be%d1%80%d0%b5-%d0%b1%d1%83%d0%b4%d1%83\\\/\",\"url\":\"https:\\\/\\\/www.sebastien-auziere.fr\\\/blog\\\/ru\\\/%d0%b1%d1%80%d0%b8%d0%b6%d0%b8%d1%82-%d0%b8-%d1%8d%d0%bc%d0%bc%d0%b0%d0%bd%d1%83%d1%8d%d0%bb%d1%8c-%d0%bc%d0%b0%d0%ba%d1%80%d0%be%d0%bd-%d0%b2%d1%81%d0%ba%d0%be%d1%80%d0%b5-%d0%b1%d1%83%d0%b4%d1%83\\\/\",\"name\":\"\u0411\u0440\u0438\u0436\u0438\u0442 \u0438 \u042d\u043c\u043c\u0430\u043d\u0443\u044d\u043b\u044c \u041c\u0430\u043a\u0440\u043e\u043d \u0432\u0441\u043a\u043e\u0440\u0435 \u0431\u0443\u0434\u0443\u0442 \u043f\u0440\u0438\u0433\u043b\u0430\u0448\u0435\u043d\u044b \u043f\u0430\u043f\u043e\u0439 \u041b\u044c\u0432\u043e\u043c XIV: \u043d\u0435\u0431\u044b\u0432\u0430\u043b\u044b\u0435 \u043f\u0440\u0438\u0447\u0438\u043d\u044b \u0438\u0445 \u043f\u043e\u0441\u043b\u0435\u0434\u043d\u0435\u0433\u043e \u0432\u0438\u0437\u0438\u0442\u0430 \u0432 \u0412\u0430\u0442\u0438\u043a\u0430\u043d - Fan site S\u00e9bastien Auzi\u00e8re\",\"isPartOf\":{\"@id\":\"https:\\\/\\\/www.sebastien-auziere.fr\\\/blog\\\/#website\"},\"primaryImageOfPage\":{\"@id\":\"https:\\\/\\\/www.sebastien-auziere.fr\\\/blog\\\/ru\\\/%d0%b1%d1%80%d0%b8%d0%b6%d0%b8%d1%82-%d0%b8-%d1%8d%d0%bc%d0%bc%d0%b0%d0%bd%d1%83%d1%8d%d0%bb%d1%8c-%d0%bc%d0%b0%d0%ba%d1%80%d0%be%d0%bd-%d0%b2%d1%81%d0%ba%d0%be%d1%80%d0%b5-%d0%b1%d1%83%d0%b4%d1%83\\\/#primaryimage\"},\"image\":{\"@id\":\"https:\\\/\\\/www.sebastien-auziere.fr\\\/blog\\\/ru\\\/%d0%b1%d1%80%d0%b8%d0%b6%d0%b8%d1%82-%d0%b8-%d1%8d%d0%bc%d0%bc%d0%b0%d0%bd%d1%83%d1%8d%d0%bb%d1%8c-%d0%bc%d0%b0%d0%ba%d1%80%d0%be%d0%bd-%d0%b2%d1%81%d0%ba%d0%be%d1%80%d0%b5-%d0%b1%d1%83%d0%b4%d1%83\\\/#primaryimage\"},\"thumbnailUrl\":\"https:\\\/\\\/www.sebastien-auziere.fr\\\/blog\\\/wp-content\\\/uploads\\\/2026\\\/04\\\/Brigitte-et-Emmanuel-Macron-bientot-invites-par-le-pape-Leon-XIV-les-raisons-inedites-de-leur-derniere-visite-au-Vatican.jpg\",\"datePublished\":\"2026-04-07T19:15:13+00:00\",\"dateModified\":\"2026-04-07T19:15:37+00:00\",\"description\":\"Brigitte et Emmanuel Macron bient\u00f4t re\u00e7us par le pape L\u00e9on XIV : d\u00e9couvrez les raisons in\u00e9dites de leur derni\u00e8re visite au Vatican.\",\"breadcrumb\":{\"@id\":\"https:\\\/\\\/www.sebastien-auziere.fr\\\/blog\\\/ru\\\/%d0%b1%d1%80%d0%b8%d0%b6%d0%b8%d1%82-%d0%b8-%d1%8d%d0%bc%d0%bc%d0%b0%d0%bd%d1%83%d1%8d%d0%bb%d1%8c-%d0%bc%d0%b0%d0%ba%d1%80%d0%be%d0%bd-%d0%b2%d1%81%d0%ba%d0%be%d1%80%d0%b5-%d0%b1%d1%83%d0%b4%d1%83\\\/#breadcrumb\"},\"inLanguage\":\"fr-FR\",\"potentialAction\":[{\"@type\":\"ReadAction\",\"target\":[\"https:\\\/\\\/www.sebastien-auziere.fr\\\/blog\\\/ru\\\/%d0%b1%d1%80%d0%b8%d0%b6%d0%b8%d1%82-%d0%b8-%d1%8d%d0%bc%d0%bc%d0%b0%d0%bd%d1%83%d1%8d%d0%bb%d1%8c-%d0%bc%d0%b0%d0%ba%d1%80%d0%be%d0%bd-%d0%b2%d1%81%d0%ba%d0%be%d1%80%d0%b5-%d0%b1%d1%83%d0%b4%d1%83\\\/\"]}]},{\"@type\":\"ImageObject\",\"inLanguage\":\"fr-FR\",\"@id\":\"https:\\\/\\\/www.sebastien-auziere.fr\\\/blog\\\/ru\\\/%d0%b1%d1%80%d0%b8%d0%b6%d0%b8%d1%82-%d0%b8-%d1%8d%d0%bc%d0%bc%d0%b0%d0%bd%d1%83%d1%8d%d0%bb%d1%8c-%d0%bc%d0%b0%d0%ba%d1%80%d0%be%d0%bd-%d0%b2%d1%81%d0%ba%d0%be%d1%80%d0%b5-%d0%b1%d1%83%d0%b4%d1%83\\\/#primaryimage\",\"url\":\"https:\\\/\\\/www.sebastien-auziere.fr\\\/blog\\\/wp-content\\\/uploads\\\/2026\\\/04\\\/Brigitte-et-Emmanuel-Macron-bientot-invites-par-le-pape-Leon-XIV-les-raisons-inedites-de-leur-derniere-visite-au-Vatican.jpg\",\"contentUrl\":\"https:\\\/\\\/www.sebastien-auziere.fr\\\/blog\\\/wp-content\\\/uploads\\\/2026\\\/04\\\/Brigitte-et-Emmanuel-Macron-bientot-invites-par-le-pape-Leon-XIV-les-raisons-inedites-de-leur-derniere-visite-au-Vatican.jpg\",\"width\":2560,\"height\":1429,\"caption\":\"d\u00e9couvrez les raisons in\u00e9dites de la prochaine visite de brigitte et emmanuel macron au vatican, o\u00f9 ils seront bient\u00f4t re\u00e7us par le pape l\u00e9on xiv.\"},{\"@type\":\"BreadcrumbList\",\"@id\":\"https:\\\/\\\/www.sebastien-auziere.fr\\\/blog\\\/ru\\\/%d0%b1%d1%80%d0%b8%d0%b6%d0%b8%d1%82-%d0%b8-%d1%8d%d0%bc%d0%bc%d0%b0%d0%bd%d1%83%d1%8d%d0%bb%d1%8c-%d0%bc%d0%b0%d0%ba%d1%80%d0%be%d0%bd-%d0%b2%d1%81%d0%ba%d0%be%d1%80%d0%b5-%d0%b1%d1%83%d0%b4%d1%83\\\/#breadcrumb\",\"itemListElement\":[{\"@type\":\"ListItem\",\"position\":1,\"name\":\"Home\",\"item\":\"https:\\\/\\\/www.sebastien-auziere.fr\\\/blog\\\/\"},{\"@type\":\"ListItem\",\"position\":2,\"name\":\"\u0411\u0440\u0438\u0436\u0438\u0442 \u0438 \u042d\u043c\u043c\u0430\u043d\u0443\u044d\u043b\u044c \u041c\u0430\u043a\u0440\u043e\u043d \u0432\u0441\u043a\u043e\u0440\u0435 \u0431\u0443\u0434\u0443\u0442 \u043f\u0440\u0438\u0433\u043b\u0430\u0448\u0435\u043d\u044b \u043f\u0430\u043f\u043e\u0439 \u041b\u044c\u0432\u043e\u043c XIV: \u043d\u0435\u0431\u044b\u0432\u0430\u043b\u044b\u0435 \u043f\u0440\u0438\u0447\u0438\u043d\u044b \u0438\u0445 \u043f\u043e\u0441\u043b\u0435\u0434\u043d\u0435\u0433\u043e \u0432\u0438\u0437\u0438\u0442\u0430 \u0432 \u0412\u0430\u0442\u0438\u043a\u0430\u043d\"}]},{\"@type\":\"WebSite\",\"@id\":\"https:\\\/\\\/www.sebastien-auziere.fr\\\/blog\\\/#website\",\"url\":\"https:\\\/\\\/www.sebastien-auziere.fr\\\/blog\\\/\",\"name\":\"Fan site S\u00e9bastien Auzi\u00e8re\",\"description\":\"M\u00e9dia g\u00e9n\u00e9raliste\",\"publisher\":{\"@id\":\"https:\\\/\\\/www.sebastien-auziere.fr\\\/blog\\\/#organization\"},\"potentialAction\":[{\"@type\":\"SearchAction\",\"target\":{\"@type\":\"EntryPoint\",\"urlTemplate\":\"https:\\\/\\\/www.sebastien-auziere.fr\\\/blog\\\/?s={search_term_string}\"},\"query-input\":{\"@type\":\"PropertyValueSpecification\",\"valueRequired\":true,\"valueName\":\"search_term_string\"}}],\"inLanguage\":\"fr-FR\"},{\"@type\":\"Organization\",\"@id\":\"https:\\\/\\\/www.sebastien-auziere.fr\\\/blog\\\/#organization\",\"name\":\"Fan site S\u00e9bastien Auzi\u00e8re\",\"url\":\"https:\\\/\\\/www.sebastien-auziere.fr\\\/blog\\\/\",\"logo\":{\"@type\":\"ImageObject\",\"inLanguage\":\"fr-FR\",\"@id\":\"https:\\\/\\\/www.sebastien-auziere.fr\\\/blog\\\/#\\\/schema\\\/logo\\\/image\\\/\",\"url\":\"https:\\\/\\\/www.sebastien-auziere.fr\\\/blog\\\/wp-content\\\/uploads\\\/2026\\\/03\\\/cropped-cropped-cropped-ChatGPT-Image-6-mars-2026-12_58_09-e1772798376794.jpg\",\"contentUrl\":\"https:\\\/\\\/www.sebastien-auziere.fr\\\/blog\\\/wp-content\\\/uploads\\\/2026\\\/03\\\/cropped-cropped-cropped-ChatGPT-Image-6-mars-2026-12_58_09-e1772798376794.jpg\",\"width\":512,\"height\":360,\"caption\":\"Fan site S\u00e9bastien Auzi\u00e8re\"},\"image\":{\"@id\":\"https:\\\/\\\/www.sebastien-auziere.fr\\\/blog\\\/#\\\/schema\\\/logo\\\/image\\\/\"}},{\"@type\":\"Person\",\"@id\":\"https:\\\/\\\/www.sebastien-auziere.fr\\\/blog\\\/#\\\/schema\\\/person\\\/149f1acdbfd85149c6c3e59adeae2f4d\",\"name\":\"Chloe Gauthier\",\"image\":{\"@type\":\"ImageObject\",\"inLanguage\":\"fr-FR\",\"@id\":\"https:\\\/\\\/secure.gravatar.com\\\/avatar\\\/2c5722f58171cff738a8985ef0dd66b476e563753246a49019befc837ec4201a?s=96&d=mm&r=g\",\"url\":\"https:\\\/\\\/secure.gravatar.com\\\/avatar\\\/2c5722f58171cff738a8985ef0dd66b476e563753246a49019befc837ec4201a?s=96&d=mm&r=g\",\"contentUrl\":\"https:\\\/\\\/secure.gravatar.com\\\/avatar\\\/2c5722f58171cff738a8985ef0dd66b476e563753246a49019befc837ec4201a?s=96&d=mm&r=g\",\"caption\":\"Chloe Gauthier\"},\"description\":\"Passionn\u00e9e par la politique et admiratrice engag\u00e9e de la famille Macron, je consacre mon \u00e9nergie \u00e0 suivre leurs initiatives et \u00e0 promouvoir leurs id\u00e9es. \u00c0 32 ans, je suis convaincue que leur vision est porteuse d'avenir.\",\"url\":\"https:\\\/\\\/www.sebastien-auziere.fr\\\/blog\\\/author\\\/chloe-gauthier\\\/\"}]}<\/script>\n<!-- \/ Yoast SEO plugin. -->","yoast_head_json":{"title":"\u0411\u0440\u0438\u0436\u0438\u0442 \u0438 \u042d\u043c\u043c\u0430\u043d\u0443\u044d\u043b\u044c \u041c\u0430\u043a\u0440\u043e\u043d \u0432\u0441\u043a\u043e\u0440\u0435 \u0431\u0443\u0434\u0443\u0442 \u043f\u0440\u0438\u0433\u043b\u0430\u0448\u0435\u043d\u044b \u043f\u0430\u043f\u043e\u0439 \u041b\u044c\u0432\u043e\u043c XIV: \u043d\u0435\u0431\u044b\u0432\u0430\u043b\u044b\u0435 \u043f\u0440\u0438\u0447\u0438\u043d\u044b \u0438\u0445 \u043f\u043e\u0441\u043b\u0435\u0434\u043d\u0435\u0433\u043e \u0432\u0438\u0437\u0438\u0442\u0430 \u0432 \u0412\u0430\u0442\u0438\u043a\u0430\u043d - Fan site S\u00e9bastien Auzi\u00e8re","description":"Brigitte et Emmanuel Macron bient\u00f4t re\u00e7us par le pape L\u00e9on XIV : d\u00e9couvrez les raisons in\u00e9dites de leur derni\u00e8re visite au Vatican.","robots":{"index":"index","follow":"follow","max-snippet":"max-snippet:-1","max-image-preview":"max-image-preview:large","max-video-preview":"max-video-preview:-1"},"canonical":"https:\/\/www.sebastien-auziere.fr\/blog\/ru\/\u0431\u0440\u0438\u0436\u0438\u0442-\u0438-\u044d\u043c\u043c\u0430\u043d\u0443\u044d\u043b\u044c-\u043c\u0430\u043a\u0440\u043e\u043d-\u0432\u0441\u043a\u043e\u0440\u0435-\u0431\u0443\u0434\u0443\/","og_locale":"fr_FR","og_type":"article","og_title":"\u0411\u0440\u0438\u0436\u0438\u0442 \u0438 \u042d\u043c\u043c\u0430\u043d\u0443\u044d\u043b\u044c \u041c\u0430\u043a\u0440\u043e\u043d \u0432\u0441\u043a\u043e\u0440\u0435 \u0431\u0443\u0434\u0443\u0442 \u043f\u0440\u0438\u0433\u043b\u0430\u0448\u0435\u043d\u044b \u043f\u0430\u043f\u043e\u0439 \u041b\u044c\u0432\u043e\u043c XIV: \u043d\u0435\u0431\u044b\u0432\u0430\u043b\u044b\u0435 \u043f\u0440\u0438\u0447\u0438\u043d\u044b \u0438\u0445 \u043f\u043e\u0441\u043b\u0435\u0434\u043d\u0435\u0433\u043e \u0432\u0438\u0437\u0438\u0442\u0430 \u0432 \u0412\u0430\u0442\u0438\u043a\u0430\u043d - Fan site S\u00e9bastien Auzi\u00e8re","og_description":"Brigitte et Emmanuel Macron bient\u00f4t re\u00e7us par le pape L\u00e9on XIV : d\u00e9couvrez les raisons in\u00e9dites de leur derni\u00e8re visite au Vatican.","og_url":"https:\/\/www.sebastien-auziere.fr\/blog\/ru\/\u0431\u0440\u0438\u0436\u0438\u0442-\u0438-\u044d\u043c\u043c\u0430\u043d\u0443\u044d\u043b\u044c-\u043c\u0430\u043a\u0440\u043e\u043d-\u0432\u0441\u043a\u043e\u0440\u0435-\u0431\u0443\u0434\u0443\/","og_site_name":"Fan site S\u00e9bastien Auzi\u00e8re","article_published_time":"2026-04-07T19:15:13+00:00","article_modified_time":"2026-04-07T19:15:37+00:00","og_image":[{"width":2560,"height":1429,"url":"https:\/\/www.sebastien-auziere.fr\/blog\/wp-content\/uploads\/2026\/04\/Brigitte-et-Emmanuel-Macron-bientot-invites-par-le-pape-Leon-XIV-les-raisons-inedites-de-leur-derniere-visite-au-Vatican.jpg","type":"image\/jpeg"}],"author":"Chloe Gauthier","twitter_card":"summary_large_image","twitter_misc":{"\u00c9crit par":"Chloe Gauthier"},"schema":{"@context":"https:\/\/schema.org","@graph":[{"@type":"Article","@id":"https:\/\/www.sebastien-auziere.fr\/blog\/ru\/%d0%b1%d1%80%d0%b8%d0%b6%d0%b8%d1%82-%d0%b8-%d1%8d%d0%bc%d0%bc%d0%b0%d0%bd%d1%83%d1%8d%d0%bb%d1%8c-%d0%bc%d0%b0%d0%ba%d1%80%d0%be%d0%bd-%d0%b2%d1%81%d0%ba%d0%be%d1%80%d0%b5-%d0%b1%d1%83%d0%b4%d1%83\/#article","isPartOf":{"@id":"https:\/\/www.sebastien-auziere.fr\/blog\/ru\/%d0%b1%d1%80%d0%b8%d0%b6%d0%b8%d1%82-%d0%b8-%d1%8d%d0%bc%d0%bc%d0%b0%d0%bd%d1%83%d1%8d%d0%bb%d1%8c-%d0%bc%d0%b0%d0%ba%d1%80%d0%be%d0%bd-%d0%b2%d1%81%d0%ba%d0%be%d1%80%d0%b5-%d0%b1%d1%83%d0%b4%d1%83\/"},"author":{"name":"Chloe Gauthier","@id":"https:\/\/www.sebastien-auziere.fr\/blog\/#\/schema\/person\/149f1acdbfd85149c6c3e59adeae2f4d"},"headline":"\u0411\u0440\u0438\u0436\u0438\u0442 \u0438 \u042d\u043c\u043c\u0430\u043d\u0443\u044d\u043b\u044c \u041c\u0430\u043a\u0440\u043e\u043d \u0432\u0441\u043a\u043e\u0440\u0435 \u0431\u0443\u0434\u0443\u0442 \u043f\u0440\u0438\u0433\u043b\u0430\u0448\u0435\u043d\u044b \u043f\u0430\u043f\u043e\u0439 \u041b\u044c\u0432\u043e\u043c XIV: \u043d\u0435\u0431\u044b\u0432\u0430\u043b\u044b\u0435 \u043f\u0440\u0438\u0447\u0438\u043d\u044b \u0438\u0445 \u043f\u043e\u0441\u043b\u0435\u0434\u043d\u0435\u0433\u043e \u0432\u0438\u0437\u0438\u0442\u0430 \u0432 \u0412\u0430\u0442\u0438\u043a\u0430\u043d","datePublished":"2026-04-07T19:15:13+00:00","dateModified":"2026-04-07T19:15:37+00:00","mainEntityOfPage":{"@id":"https:\/\/www.sebastien-auziere.fr\/blog\/ru\/%d0%b1%d1%80%d0%b8%d0%b6%d0%b8%d1%82-%d0%b8-%d1%8d%d0%bc%d0%bc%d0%b0%d0%bd%d1%83%d1%8d%d0%bb%d1%8c-%d0%bc%d0%b0%d0%ba%d1%80%d0%be%d0%bd-%d0%b2%d1%81%d0%ba%d0%be%d1%80%d0%b5-%d0%b1%d1%83%d0%b4%d1%83\/"},"wordCount":364,"commentCount":0,"publisher":{"@id":"https:\/\/www.sebastien-auziere.fr\/blog\/#organization"},"image":{"@id":"https:\/\/www.sebastien-auziere.fr\/blog\/ru\/%d0%b1%d1%80%d0%b8%d0%b6%d0%b8%d1%82-%d0%b8-%d1%8d%d0%bc%d0%bc%d0%b0%d0%bd%d1%83%d1%8d%d0%bb%d1%8c-%d0%bc%d0%b0%d0%ba%d1%80%d0%be%d0%bd-%d0%b2%d1%81%d0%ba%d0%be%d1%80%d0%b5-%d0%b1%d1%83%d0%b4%d1%83\/#primaryimage"},"thumbnailUrl":"https:\/\/www.sebastien-auziere.fr\/blog\/wp-content\/uploads\/2026\/04\/Brigitte-et-Emmanuel-Macron-bientot-invites-par-le-pape-Leon-XIV-les-raisons-inedites-de-leur-derniere-visite-au-Vatican.jpg","keywords":["\u0431\u0440\u0438\u0436\u0438\u0442 \u043c\u0430\u043a\u0440\u043e\u043d","\u0432\u0435\u043b\u0438\u043a\u043e\u0435 \u0432 \u0434\u0430\u043d\u043d\u043e\u043c \u043f\u0440\u0438\u043c\u0435\u0440\u0435","\u0435\u043c\u043c\u0430\u043d\u0443\u044d\u043b\u044c \u043c\u0430\u043a\u0440\u043e\u043d","\u043e\u0444\u0438\u0446\u0438\u0430\u043b\u044c\u043d\u044b\u0439 \u0432\u0438\u0437\u0438\u0442","\u043f\u0430\u043f\u0430 \u043b\u0435\u043e\u043d xiv"],"articleSection":["\u041d\u043e\u0432\u043e\u0441\u0442\u0438"],"inLanguage":"fr-FR","potentialAction":[{"@type":"CommentAction","name":"Comment","target":["https:\/\/www.sebastien-auziere.fr\/blog\/ru\/%d0%b1%d1%80%d0%b8%d0%b6%d0%b8%d1%82-%d0%b8-%d1%8d%d0%bc%d0%bc%d0%b0%d0%bd%d1%83%d1%8d%d0%bb%d1%8c-%d0%bc%d0%b0%d0%ba%d1%80%d0%be%d0%bd-%d0%b2%d1%81%d0%ba%d0%be%d1%80%d0%b5-%d0%b1%d1%83%d0%b4%d1%83\/#respond"]}]},{"@type":"WebPage","@id":"https:\/\/www.sebastien-auziere.fr\/blog\/ru\/%d0%b1%d1%80%d0%b8%d0%b6%d0%b8%d1%82-%d0%b8-%d1%8d%d0%bc%d0%bc%d0%b0%d0%bd%d1%83%d1%8d%d0%bb%d1%8c-%d0%bc%d0%b0%d0%ba%d1%80%d0%be%d0%bd-%d0%b2%d1%81%d0%ba%d0%be%d1%80%d0%b5-%d0%b1%d1%83%d0%b4%d1%83\/","url":"https:\/\/www.sebastien-auziere.fr\/blog\/ru\/%d0%b1%d1%80%d0%b8%d0%b6%d0%b8%d1%82-%d0%b8-%d1%8d%d0%bc%d0%bc%d0%b0%d0%bd%d1%83%d1%8d%d0%bb%d1%8c-%d0%bc%d0%b0%d0%ba%d1%80%d0%be%d0%bd-%d0%b2%d1%81%d0%ba%d0%be%d1%80%d0%b5-%d0%b1%d1%83%d0%b4%d1%83\/","name":"\u0411\u0440\u0438\u0436\u0438\u0442 \u0438 \u042d\u043c\u043c\u0430\u043d\u0443\u044d\u043b\u044c \u041c\u0430\u043a\u0440\u043e\u043d \u0432\u0441\u043a\u043e\u0440\u0435 \u0431\u0443\u0434\u0443\u0442 \u043f\u0440\u0438\u0433\u043b\u0430\u0448\u0435\u043d\u044b \u043f\u0430\u043f\u043e\u0439 \u041b\u044c\u0432\u043e\u043c XIV: \u043d\u0435\u0431\u044b\u0432\u0430\u043b\u044b\u0435 \u043f\u0440\u0438\u0447\u0438\u043d\u044b \u0438\u0445 \u043f\u043e\u0441\u043b\u0435\u0434\u043d\u0435\u0433\u043e \u0432\u0438\u0437\u0438\u0442\u0430 \u0432 \u0412\u0430\u0442\u0438\u043a\u0430\u043d - Fan site S\u00e9bastien Auzi\u00e8re","isPartOf":{"@id":"https:\/\/www.sebastien-auziere.fr\/blog\/#website"},"primaryImageOfPage":{"@id":"https:\/\/www.sebastien-auziere.fr\/blog\/ru\/%d0%b1%d1%80%d0%b8%d0%b6%d0%b8%d1%82-%d0%b8-%d1%8d%d0%bc%d0%bc%d0%b0%d0%bd%d1%83%d1%8d%d0%bb%d1%8c-%d0%bc%d0%b0%d0%ba%d1%80%d0%be%d0%bd-%d0%b2%d1%81%d0%ba%d0%be%d1%80%d0%b5-%d0%b1%d1%83%d0%b4%d1%83\/#primaryimage"},"image":{"@id":"https:\/\/www.sebastien-auziere.fr\/blog\/ru\/%d0%b1%d1%80%d0%b8%d0%b6%d0%b8%d1%82-%d0%b8-%d1%8d%d0%bc%d0%bc%d0%b0%d0%bd%d1%83%d1%8d%d0%bb%d1%8c-%d0%bc%d0%b0%d0%ba%d1%80%d0%be%d0%bd-%d0%b2%d1%81%d0%ba%d0%be%d1%80%d0%b5-%d0%b1%d1%83%d0%b4%d1%83\/#primaryimage"},"thumbnailUrl":"https:\/\/www.sebastien-auziere.fr\/blog\/wp-content\/uploads\/2026\/04\/Brigitte-et-Emmanuel-Macron-bientot-invites-par-le-pape-Leon-XIV-les-raisons-inedites-de-leur-derniere-visite-au-Vatican.jpg","datePublished":"2026-04-07T19:15:13+00:00","dateModified":"2026-04-07T19:15:37+00:00","description":"Brigitte et Emmanuel Macron bient\u00f4t re\u00e7us par le pape L\u00e9on XIV : d\u00e9couvrez les raisons in\u00e9dites de leur derni\u00e8re visite au Vatican.","breadcrumb":{"@id":"https:\/\/www.sebastien-auziere.fr\/blog\/ru\/%d0%b1%d1%80%d0%b8%d0%b6%d0%b8%d1%82-%d0%b8-%d1%8d%d0%bc%d0%bc%d0%b0%d0%bd%d1%83%d1%8d%d0%bb%d1%8c-%d0%bc%d0%b0%d0%ba%d1%80%d0%be%d0%bd-%d0%b2%d1%81%d0%ba%d0%be%d1%80%d0%b5-%d0%b1%d1%83%d0%b4%d1%83\/#breadcrumb"},"inLanguage":"fr-FR","potentialAction":[{"@type":"ReadAction","target":["https:\/\/www.sebastien-auziere.fr\/blog\/ru\/%d0%b1%d1%80%d0%b8%d0%b6%d0%b8%d1%82-%d0%b8-%d1%8d%d0%bc%d0%bc%d0%b0%d0%bd%d1%83%d1%8d%d0%bb%d1%8c-%d0%bc%d0%b0%d0%ba%d1%80%d0%be%d0%bd-%d0%b2%d1%81%d0%ba%d0%be%d1%80%d0%b5-%d0%b1%d1%83%d0%b4%d1%83\/"]}]},{"@type":"ImageObject","inLanguage":"fr-FR","@id":"https:\/\/www.sebastien-auziere.fr\/blog\/ru\/%d0%b1%d1%80%d0%b8%d0%b6%d0%b8%d1%82-%d0%b8-%d1%8d%d0%bc%d0%bc%d0%b0%d0%bd%d1%83%d1%8d%d0%bb%d1%8c-%d0%bc%d0%b0%d0%ba%d1%80%d0%be%d0%bd-%d0%b2%d1%81%d0%ba%d0%be%d1%80%d0%b5-%d0%b1%d1%83%d0%b4%d1%83\/#primaryimage","url":"https:\/\/www.sebastien-auziere.fr\/blog\/wp-content\/uploads\/2026\/04\/Brigitte-et-Emmanuel-Macron-bientot-invites-par-le-pape-Leon-XIV-les-raisons-inedites-de-leur-derniere-visite-au-Vatican.jpg","contentUrl":"https:\/\/www.sebastien-auziere.fr\/blog\/wp-content\/uploads\/2026\/04\/Brigitte-et-Emmanuel-Macron-bientot-invites-par-le-pape-Leon-XIV-les-raisons-inedites-de-leur-derniere-visite-au-Vatican.jpg","width":2560,"height":1429,"caption":"d\u00e9couvrez les raisons in\u00e9dites de la prochaine visite de brigitte et emmanuel macron au vatican, o\u00f9 ils seront bient\u00f4t re\u00e7us par le pape l\u00e9on xiv."},{"@type":"BreadcrumbList","@id":"https:\/\/www.sebastien-auziere.fr\/blog\/ru\/%d0%b1%d1%80%d0%b8%d0%b6%d0%b8%d1%82-%d0%b8-%d1%8d%d0%bc%d0%bc%d0%b0%d0%bd%d1%83%d1%8d%d0%bb%d1%8c-%d0%bc%d0%b0%d0%ba%d1%80%d0%be%d0%bd-%d0%b2%d1%81%d0%ba%d0%be%d1%80%d0%b5-%d0%b1%d1%83%d0%b4%d1%83\/#breadcrumb","itemListElement":[{"@type":"ListItem","position":1,"name":"Home","item":"https:\/\/www.sebastien-auziere.fr\/blog\/"},{"@type":"ListItem","position":2,"name":"\u0411\u0440\u0438\u0436\u0438\u0442 \u0438 \u042d\u043c\u043c\u0430\u043d\u0443\u044d\u043b\u044c \u041c\u0430\u043a\u0440\u043e\u043d \u0432\u0441\u043a\u043e\u0440\u0435 \u0431\u0443\u0434\u0443\u0442 \u043f\u0440\u0438\u0433\u043b\u0430\u0448\u0435\u043d\u044b \u043f\u0430\u043f\u043e\u0439 \u041b\u044c\u0432\u043e\u043c XIV: \u043d\u0435\u0431\u044b\u0432\u0430\u043b\u044b\u0435 \u043f\u0440\u0438\u0447\u0438\u043d\u044b \u0438\u0445 \u043f\u043e\u0441\u043b\u0435\u0434\u043d\u0435\u0433\u043e \u0432\u0438\u0437\u0438\u0442\u0430 \u0432 \u0412\u0430\u0442\u0438\u043a\u0430\u043d"}]},{"@type":"WebSite","@id":"https:\/\/www.sebastien-auziere.fr\/blog\/#website","url":"https:\/\/www.sebastien-auziere.fr\/blog\/","name":"Fan site S\u00e9bastien Auzi\u00e8re","description":"M\u00e9dia g\u00e9n\u00e9raliste","publisher":{"@id":"https:\/\/www.sebastien-auziere.fr\/blog\/#organization"},"potentialAction":[{"@type":"SearchAction","target":{"@type":"EntryPoint","urlTemplate":"https:\/\/www.sebastien-auziere.fr\/blog\/?s={search_term_string}"},"query-input":{"@type":"PropertyValueSpecification","valueRequired":true,"valueName":"search_term_string"}}],"inLanguage":"fr-FR"},{"@type":"Organization","@id":"https:\/\/www.sebastien-auziere.fr\/blog\/#organization","name":"Fan site S\u00e9bastien Auzi\u00e8re","url":"https:\/\/www.sebastien-auziere.fr\/blog\/","logo":{"@type":"ImageObject","inLanguage":"fr-FR","@id":"https:\/\/www.sebastien-auziere.fr\/blog\/#\/schema\/logo\/image\/","url":"https:\/\/www.sebastien-auziere.fr\/blog\/wp-content\/uploads\/2026\/03\/cropped-cropped-cropped-ChatGPT-Image-6-mars-2026-12_58_09-e1772798376794.jpg","contentUrl":"https:\/\/www.sebastien-auziere.fr\/blog\/wp-content\/uploads\/2026\/03\/cropped-cropped-cropped-ChatGPT-Image-6-mars-2026-12_58_09-e1772798376794.jpg","width":512,"height":360,"caption":"Fan site S\u00e9bastien Auzi\u00e8re"},"image":{"@id":"https:\/\/www.sebastien-auziere.fr\/blog\/#\/schema\/logo\/image\/"}},{"@type":"Person","@id":"https:\/\/www.sebastien-auziere.fr\/blog\/#\/schema\/person\/149f1acdbfd85149c6c3e59adeae2f4d","name":"Chloe Gauthier","image":{"@type":"ImageObject","inLanguage":"fr-FR","@id":"https:\/\/secure.gravatar.com\/avatar\/2c5722f58171cff738a8985ef0dd66b476e563753246a49019befc837ec4201a?s=96&d=mm&r=g","url":"https:\/\/secure.gravatar.com\/avatar\/2c5722f58171cff738a8985ef0dd66b476e563753246a49019befc837ec4201a?s=96&d=mm&r=g","contentUrl":"https:\/\/secure.gravatar.com\/avatar\/2c5722f58171cff738a8985ef0dd66b476e563753246a49019befc837ec4201a?s=96&d=mm&r=g","caption":"Chloe Gauthier"},"description":"Passionn\u00e9e par la politique et admiratrice engag\u00e9e de la famille Macron, je consacre mon \u00e9nergie \u00e0 suivre leurs initiatives et \u00e0 promouvoir leurs id\u00e9es. \u00c0 32 ans, je suis convaincue que leur vision est porteuse d'avenir.","url":"https:\/\/www.sebastien-auziere.fr\/blog\/author\/chloe-gauthier\/"}]}},"views":5,"_links":{"self":[{"href":"https:\/\/www.sebastien-auziere.fr\/blog\/wp-json\/wp\/v2\/posts\/2848","targetHints":{"allow":["GET"]}}],"collection":[{"href":"https:\/\/www.sebastien-auziere.fr\/blog\/wp-json\/wp\/v2\/posts"}],"about":[{"href":"https:\/\/www.sebastien-auziere.fr\/blog\/wp-json\/wp\/v2\/types\/post"}],"author":[{"embeddable":true,"href":"https:\/\/www.sebastien-auziere.fr\/blog\/wp-json\/wp\/v2\/users\/9"}],"replies":[{"embeddable":true,"href":"https:\/\/www.sebastien-auziere.fr\/blog\/wp-json\/wp\/v2\/comments?post=2848"}],"version-history":[{"count":1,"href":"https:\/\/www.sebastien-auziere.fr\/blog\/wp-json\/wp\/v2\/posts\/2848\/revisions"}],"predecessor-version":[{"id":2849,"href":"https:\/\/www.sebastien-auziere.fr\/blog\/wp-json\/wp\/v2\/posts\/2848\/revisions\/2849"}],"wp:featuredmedia":[{"embeddable":true,"href":"https:\/\/www.sebastien-auziere.fr\/blog\/wp-json\/wp\/v2\/media\/2836"}],"wp:attachment":[{"href":"https:\/\/www.sebastien-auziere.fr\/blog\/wp-json\/wp\/v2\/media?parent=2848"}],"wp:term":[{"taxonomy":"category","embeddable":true,"href":"https:\/\/www.sebastien-auziere.fr\/blog\/wp-json\/wp\/v2\/categories?post=2848"},{"taxonomy":"post_tag","embeddable":true,"href":"https:\/\/www.sebastien-auziere.fr\/blog\/wp-json\/wp\/v2\/tags?post=2848"}],"curies":[{"name":"wp","href":"https:\/\/api.w.org\/{rel}","templated":true}]}}