{"id":2846,"date":"2026-04-07T19:12:57","date_gmt":"2026-04-07T19:12:57","guid":{"rendered":"https:\/\/www.sebastien-auziere.fr\/blog\/?p=2846"},"modified":"2026-04-07T19:13:18","modified_gmt":"2026-04-07T19:13:18","slug":"brigitte-e-emmanuel-macron-em-breve-convidados-pelo-papa-leao-xiv-as-razoes-ineditas-da-ultima-visita-deles-ao-vaticano","status":"publish","type":"post","link":"https:\/\/www.sebastien-auziere.fr\/blog\/pt\/brigitte-e-emmanuel-macron-em-breve-convidados-pelo-papa-leao-xiv-as-razoes-ineditas-da-ultima-visita-deles-ao-vaticano\/","title":{"rendered":"Brigitte e Emmanuel Macron em breve convidados pelo papa Le\u00e3o XIV: as raz\u00f5es in\u00e9ditas da \u00faltima visita deles ao Vaticano"},"content":{"rendered":"<p><strong>Brigitte Macron<\/strong> e <strong>Emmanuel Macron<\/strong> ser\u00e3o recebidos no <strong>Vaticano<\/strong> nos <strong>9 e 10 de abril<\/strong> para uma audi\u00eancia privada com o <strong>papa Le\u00e3o XIV<\/strong>. Esta visita oficial, anunciada pelo El\u00edseu em 1\u00ba de abril, ocorre alguns dias ap\u00f3s a P\u00e1scoa e segue o cancelamento em janeiro devido a incompatibilidade de agenda.<\/p>\n\n<p>Voc\u00ea descobrir\u00e1 aqui os motivos diplom\u00e1ticos e simb\u00f3licos dessa viagem, confirmada por v\u00e1rias fontes incluindo <a href=\"https:\/\/www.tf1info.fr\/international\/emmanuel-macron-va-rencontrer-le-pape-leon-xiv-au-vatican-les-9-et-10-avril-2026-2433639.html\" rel=\"nofollow\">TF1<\/a> e <a href=\"https:\/\/www.vaticannews.va\/fr\/pape\/news\/2026-04\/pape-leon-xiv-emmanuel-macron-audience-vatican-10-avril.html\" rel=\"nofollow\">Vatican News<\/a>.<\/p>\n\n<h2 class=\"wp-block-heading\">Cancelamento de janeiro e diminui\u00e7\u00e3o dos rumores<\/h2>\n\n<p>O encontro previsto para janeiro foi cancelado por uma <strong>incompatibilidade de agenda<\/strong>, segundo o El\u00edseu, e n\u00e3o por causa de um esfriamento diplom\u00e1tico. Na \u00e9poca, especula\u00e7\u00f5es sobre o fim da vida ou os vitrais de Notre-Dame circularam nas redes, mas as autoridades francesas desmentiram essas interpreta\u00e7\u00f5es para <strong>franceinfo<\/strong>. A realidade: prioridades internacionais urgentes impuseram o adiamento. Esse ponto aclara a situa\u00e7\u00e3o.<\/p>\n\n<h2 class=\"wp-block-heading\">Objetivos do encontro bilateral no Vaticano<\/h2>\n\n<p>A visita tem como objetivo fortalecer o <strong>di\u00e1logo inter-religioso<\/strong> e a <strong>coopera\u00e7\u00e3o franco-vaticana<\/strong>, com trocas sobre os desafios internacionais atuais. A audi\u00eancia representa a primeira entre o presidente e o <strong>papa Le\u00e3o XIV<\/strong> desde o in\u00edcio de seu pontificado, programada no Pal\u00e1cio Apost\u00f3lico na manh\u00e3 de 9 de abril, segundo I.Media. A escolha da data, pouco ap\u00f3s a P\u00e1scoa e antes do anivers\u00e1rio de 21 de abril, carrega uma forte carga simb\u00f3lica. A quest\u00e3o \u00e9 clara: consolidar o la\u00e7o hist\u00f3rico.<\/p>\n\n<p>O encontro promete mensagens p\u00fablicas e entendimentos discretos.<\/p>\n\n<h3 class=\"wp-block-heading\">Desafios diplom\u00e1ticos e mensagens esperadas<\/h3>\n\n<p>V\u00e1rios assuntos pr\u00e1ticos estar\u00e3o na agenda: seguran\u00e7a internacional, coopera\u00e7\u00e3o cultural e quest\u00f5es humanit\u00e1rias. As trocas se inscrevem na continuidade dos contatos recentes, especialmente a visita do <strong>papa Le\u00e3o XIV<\/strong> a M\u00f4naco no final de mar\u00e7o, que possibilitou um telegrama enviado ao presidente durante o sobrevoo da Fran\u00e7a. Os observadores tamb\u00e9m acompanhar\u00e3o o tom pol\u00edtico e espiritual da mensagem, capaz de influenciar a imagem da Fran\u00e7a junto aos cat\u00f3licos. Um momento de di\u00e1logo esperado.<\/p>\n\n<p>Esta audi\u00eancia privada ser\u00e1 observada tanto por seus s\u00edmbolos quanto por suas decis\u00f5es concretas.<\/p>\n\n<h2 class=\"wp-block-heading\">Calend\u00e1rio e andamento esperado da visita oficial<\/h2>\n\n<p>A visita ocorrer\u00e1 em dois dias, nos <strong>9 e 10 de abril<\/strong>, com uma audi\u00eancia bilateral anunciada em 10 de abril pela presid\u00eancia. As trocas formais acontecer\u00e3o no Pal\u00e1cio Apost\u00f3lico, e momentos protocolares pontuar\u00e3o a estadia. A m\u00eddia, de <a href=\"https:\/\/www.europe1.fr\/politique\/emmanuel-macron-se-rendra-au-vatican-les-9-et-10-avril-pour-rencontrer-leon-xiv-919879\" rel=\"nofollow\">Europe 1<\/a> a BFMTV, dever\u00e1 cobrir os momentos-chave. Resta ver os sinais enviados no plano internacional.<\/p>\n\n<p>Para saber mais sobre <strong>S\u00e9bastien Auzi\u00e8re<\/strong> e os la\u00e7os familiares e pol\u00edticos que cercam a fam\u00edlia Macron, acesse <a href=\"https:\/\/sebastien-auziere.fr\" rel=\"nofollow\">sebastien-auziere.fr<\/a> e descubra arquivos completos e arquivos confi\u00e1veis.<\/p>","protected":false},"excerpt":{"rendered":"<p>Brigitte Macron e Emmanuel Macron ser\u00e3o recebidos no Vaticano nos 9 e 10 de abril para uma audi\u00eancia privada com o papa Le\u00e3o XIV. Esta visita oficial, anunciada pelo El\u00edseu em 1\u00ba de abril, ocorre alguns dias ap\u00f3s a P\u00e1scoa e segue o cancelamento em janeiro devido a incompatibilidade de agenda. Voc\u00ea descobrir\u00e1 aqui os &#8230; <a title=\"Brigitte e Emmanuel Macron em breve convidados pelo papa Le\u00e3o XIV: as raz\u00f5es in\u00e9ditas da \u00faltima visita deles ao Vaticano\" class=\"read-more\" href=\"https:\/\/www.sebastien-auziere.fr\/blog\/pt\/brigitte-e-emmanuel-macron-em-breve-convidados-pelo-papa-leao-xiv-as-razoes-ineditas-da-ultima-visita-deles-ao-vaticano\/\" aria-label=\"En savoir plus sur Brigitte e Emmanuel Macron em breve convidados pelo papa Le\u00e3o XIV: as raz\u00f5es in\u00e9ditas da \u00faltima visita deles ao Vaticano\">Lire plus<\/a><\/p>\n","protected":false},"author":9,"featured_media":2836,"comment_status":"open","ping_status":"open","sticky":false,"template":"","format":"standard","meta":{"footnotes":""},"categories":[862],"tags":[959,1202,2156,2159,2162],"class_list":["post-2846","post","type-post","status-publish","format-standard","has-post-thumbnail","hentry","category-actualidades-pt","tag-brigitte-macron-pt","tag-emmanuel-macron-pt","tag-papa-leao-xiv-pt","tag-vaticano-pt","tag-visita-oficial-pt"],"yoast_head":"<!-- This site is optimized with the Yoast SEO plugin v27.5 - https:\/\/yoast.com\/product\/yoast-seo-wordpress\/ -->\n<title>Brigitte e Emmanuel Macron em breve convidados pelo papa Le\u00e3o XIV: as raz\u00f5es in\u00e9ditas da \u00faltima visita deles ao Vaticano - Fan site S\u00e9bastien Auzi\u00e8re<\/title>\n<meta name=\"description\" content=\"Brigitte et Emmanuel Macron bient\u00f4t re\u00e7us par le pape L\u00e9on XIV : d\u00e9couvrez les raisons in\u00e9dites de leur derni\u00e8re visite au Vatican.\" \/>\n<meta name=\"robots\" content=\"index, follow, max-snippet:-1, max-image-preview:large, max-video-preview:-1\" \/>\n<link rel=\"canonical\" href=\"https:\/\/www.sebastien-auziere.fr\/blog\/pt\/brigitte-e-emmanuel-macron-em-breve-convidados-pelo-papa-leao-xiv-as-razoes-ineditas-da-ultima-visita-deles-ao-vaticano\/\" \/>\n<meta property=\"og:locale\" content=\"fr_FR\" \/>\n<meta property=\"og:type\" content=\"article\" \/>\n<meta property=\"og:title\" content=\"Brigitte e Emmanuel Macron em breve convidados pelo papa Le\u00e3o XIV: as raz\u00f5es in\u00e9ditas da \u00faltima visita deles ao Vaticano - Fan site S\u00e9bastien Auzi\u00e8re\" \/>\n<meta property=\"og:description\" content=\"Brigitte et Emmanuel Macron bient\u00f4t re\u00e7us par le pape L\u00e9on XIV : d\u00e9couvrez les raisons in\u00e9dites de leur derni\u00e8re visite au Vatican.\" \/>\n<meta property=\"og:url\" content=\"https:\/\/www.sebastien-auziere.fr\/blog\/pt\/brigitte-e-emmanuel-macron-em-breve-convidados-pelo-papa-leao-xiv-as-razoes-ineditas-da-ultima-visita-deles-ao-vaticano\/\" \/>\n<meta property=\"og:site_name\" content=\"Fan site S\u00e9bastien Auzi\u00e8re\" \/>\n<meta property=\"article:published_time\" content=\"2026-04-07T19:12:57+00:00\" \/>\n<meta property=\"article:modified_time\" content=\"2026-04-07T19:13:18+00:00\" \/>\n<meta property=\"og:image\" content=\"https:\/\/www.sebastien-auziere.fr\/blog\/wp-content\/uploads\/2026\/04\/Brigitte-et-Emmanuel-Macron-bientot-invites-par-le-pape-Leon-XIV-les-raisons-inedites-de-leur-derniere-visite-au-Vatican.jpg\" \/>\n\t<meta property=\"og:image:width\" content=\"2560\" \/>\n\t<meta property=\"og:image:height\" content=\"1429\" \/>\n\t<meta property=\"og:image:type\" content=\"image\/jpeg\" \/>\n<meta name=\"author\" content=\"Chloe Gauthier\" \/>\n<meta name=\"twitter:card\" content=\"summary_large_image\" \/>\n<meta name=\"twitter:label1\" content=\"\u00c9crit par\" \/>\n\t<meta name=\"twitter:data1\" content=\"Chloe Gauthier\" \/>\n\t<meta name=\"twitter:label2\" content=\"Dur\u00e9e de lecture estim\u00e9e\" \/>\n\t<meta name=\"twitter:data2\" content=\"2 minutes\" \/>\n<script type=\"application\/ld+json\" class=\"yoast-schema-graph\">{\"@context\":\"https:\\\/\\\/schema.org\",\"@graph\":[{\"@type\":\"Article\",\"@id\":\"https:\\\/\\\/www.sebastien-auziere.fr\\\/blog\\\/pt\\\/brigitte-e-emmanuel-macron-em-breve-convidados-pelo-papa-leao-xiv-as-razoes-ineditas-da-ultima-visita-deles-ao-vaticano\\\/#article\",\"isPartOf\":{\"@id\":\"https:\\\/\\\/www.sebastien-auziere.fr\\\/blog\\\/pt\\\/brigitte-e-emmanuel-macron-em-breve-convidados-pelo-papa-leao-xiv-as-razoes-ineditas-da-ultima-visita-deles-ao-vaticano\\\/\"},\"author\":{\"name\":\"Chloe Gauthier\",\"@id\":\"https:\\\/\\\/www.sebastien-auziere.fr\\\/blog\\\/#\\\/schema\\\/person\\\/149f1acdbfd85149c6c3e59adeae2f4d\"},\"headline\":\"Brigitte e Emmanuel Macron em breve convidados pelo papa Le\u00e3o XIV: as raz\u00f5es in\u00e9ditas da \u00faltima visita deles ao Vaticano\",\"datePublished\":\"2026-04-07T19:12:57+00:00\",\"dateModified\":\"2026-04-07T19:13:18+00:00\",\"mainEntityOfPage\":{\"@id\":\"https:\\\/\\\/www.sebastien-auziere.fr\\\/blog\\\/pt\\\/brigitte-e-emmanuel-macron-em-breve-convidados-pelo-papa-leao-xiv-as-razoes-ineditas-da-ultima-visita-deles-ao-vaticano\\\/\"},\"wordCount\":493,\"commentCount\":0,\"publisher\":{\"@id\":\"https:\\\/\\\/www.sebastien-auziere.fr\\\/blog\\\/#organization\"},\"image\":{\"@id\":\"https:\\\/\\\/www.sebastien-auziere.fr\\\/blog\\\/pt\\\/brigitte-e-emmanuel-macron-em-breve-convidados-pelo-papa-leao-xiv-as-razoes-ineditas-da-ultima-visita-deles-ao-vaticano\\\/#primaryimage\"},\"thumbnailUrl\":\"https:\\\/\\\/www.sebastien-auziere.fr\\\/blog\\\/wp-content\\\/uploads\\\/2026\\\/04\\\/Brigitte-et-Emmanuel-Macron-bientot-invites-par-le-pape-Leon-XIV-les-raisons-inedites-de-leur-derniere-visite-au-Vatican.jpg\",\"keywords\":[\"brigitte macron\",\"emmanuel macron\",\"papa le\u00e3o xiv\",\"vaticano\",\"visita oficial\"],\"articleSection\":[\"Actualidades\"],\"inLanguage\":\"fr-FR\",\"potentialAction\":[{\"@type\":\"CommentAction\",\"name\":\"Comment\",\"target\":[\"https:\\\/\\\/www.sebastien-auziere.fr\\\/blog\\\/pt\\\/brigitte-e-emmanuel-macron-em-breve-convidados-pelo-papa-leao-xiv-as-razoes-ineditas-da-ultima-visita-deles-ao-vaticano\\\/#respond\"]}]},{\"@type\":\"WebPage\",\"@id\":\"https:\\\/\\\/www.sebastien-auziere.fr\\\/blog\\\/pt\\\/brigitte-e-emmanuel-macron-em-breve-convidados-pelo-papa-leao-xiv-as-razoes-ineditas-da-ultima-visita-deles-ao-vaticano\\\/\",\"url\":\"https:\\\/\\\/www.sebastien-auziere.fr\\\/blog\\\/pt\\\/brigitte-e-emmanuel-macron-em-breve-convidados-pelo-papa-leao-xiv-as-razoes-ineditas-da-ultima-visita-deles-ao-vaticano\\\/\",\"name\":\"Brigitte e Emmanuel Macron em breve convidados pelo papa Le\u00e3o XIV: as raz\u00f5es in\u00e9ditas da \u00faltima visita deles ao Vaticano - Fan site S\u00e9bastien Auzi\u00e8re\",\"isPartOf\":{\"@id\":\"https:\\\/\\\/www.sebastien-auziere.fr\\\/blog\\\/#website\"},\"primaryImageOfPage\":{\"@id\":\"https:\\\/\\\/www.sebastien-auziere.fr\\\/blog\\\/pt\\\/brigitte-e-emmanuel-macron-em-breve-convidados-pelo-papa-leao-xiv-as-razoes-ineditas-da-ultima-visita-deles-ao-vaticano\\\/#primaryimage\"},\"image\":{\"@id\":\"https:\\\/\\\/www.sebastien-auziere.fr\\\/blog\\\/pt\\\/brigitte-e-emmanuel-macron-em-breve-convidados-pelo-papa-leao-xiv-as-razoes-ineditas-da-ultima-visita-deles-ao-vaticano\\\/#primaryimage\"},\"thumbnailUrl\":\"https:\\\/\\\/www.sebastien-auziere.fr\\\/blog\\\/wp-content\\\/uploads\\\/2026\\\/04\\\/Brigitte-et-Emmanuel-Macron-bientot-invites-par-le-pape-Leon-XIV-les-raisons-inedites-de-leur-derniere-visite-au-Vatican.jpg\",\"datePublished\":\"2026-04-07T19:12:57+00:00\",\"dateModified\":\"2026-04-07T19:13:18+00:00\",\"description\":\"Brigitte et Emmanuel Macron bient\u00f4t re\u00e7us par le pape L\u00e9on XIV : d\u00e9couvrez les raisons in\u00e9dites de leur derni\u00e8re visite au Vatican.\",\"breadcrumb\":{\"@id\":\"https:\\\/\\\/www.sebastien-auziere.fr\\\/blog\\\/pt\\\/brigitte-e-emmanuel-macron-em-breve-convidados-pelo-papa-leao-xiv-as-razoes-ineditas-da-ultima-visita-deles-ao-vaticano\\\/#breadcrumb\"},\"inLanguage\":\"fr-FR\",\"potentialAction\":[{\"@type\":\"ReadAction\",\"target\":[\"https:\\\/\\\/www.sebastien-auziere.fr\\\/blog\\\/pt\\\/brigitte-e-emmanuel-macron-em-breve-convidados-pelo-papa-leao-xiv-as-razoes-ineditas-da-ultima-visita-deles-ao-vaticano\\\/\"]}]},{\"@type\":\"ImageObject\",\"inLanguage\":\"fr-FR\",\"@id\":\"https:\\\/\\\/www.sebastien-auziere.fr\\\/blog\\\/pt\\\/brigitte-e-emmanuel-macron-em-breve-convidados-pelo-papa-leao-xiv-as-razoes-ineditas-da-ultima-visita-deles-ao-vaticano\\\/#primaryimage\",\"url\":\"https:\\\/\\\/www.sebastien-auziere.fr\\\/blog\\\/wp-content\\\/uploads\\\/2026\\\/04\\\/Brigitte-et-Emmanuel-Macron-bientot-invites-par-le-pape-Leon-XIV-les-raisons-inedites-de-leur-derniere-visite-au-Vatican.jpg\",\"contentUrl\":\"https:\\\/\\\/www.sebastien-auziere.fr\\\/blog\\\/wp-content\\\/uploads\\\/2026\\\/04\\\/Brigitte-et-Emmanuel-Macron-bientot-invites-par-le-pape-Leon-XIV-les-raisons-inedites-de-leur-derniere-visite-au-Vatican.jpg\",\"width\":2560,\"height\":1429,\"caption\":\"d\u00e9couvrez les raisons in\u00e9dites de la prochaine visite de brigitte et emmanuel macron au vatican, o\u00f9 ils seront bient\u00f4t re\u00e7us par le pape l\u00e9on xiv.\"},{\"@type\":\"BreadcrumbList\",\"@id\":\"https:\\\/\\\/www.sebastien-auziere.fr\\\/blog\\\/pt\\\/brigitte-e-emmanuel-macron-em-breve-convidados-pelo-papa-leao-xiv-as-razoes-ineditas-da-ultima-visita-deles-ao-vaticano\\\/#breadcrumb\",\"itemListElement\":[{\"@type\":\"ListItem\",\"position\":1,\"name\":\"Home\",\"item\":\"https:\\\/\\\/www.sebastien-auziere.fr\\\/blog\\\/\"},{\"@type\":\"ListItem\",\"position\":2,\"name\":\"Brigitte e Emmanuel Macron em breve convidados pelo papa Le\u00e3o XIV: as raz\u00f5es in\u00e9ditas da \u00faltima visita deles ao Vaticano\"}]},{\"@type\":\"WebSite\",\"@id\":\"https:\\\/\\\/www.sebastien-auziere.fr\\\/blog\\\/#website\",\"url\":\"https:\\\/\\\/www.sebastien-auziere.fr\\\/blog\\\/\",\"name\":\"Fan site S\u00e9bastien Auzi\u00e8re\",\"description\":\"M\u00e9dia g\u00e9n\u00e9raliste\",\"publisher\":{\"@id\":\"https:\\\/\\\/www.sebastien-auziere.fr\\\/blog\\\/#organization\"},\"potentialAction\":[{\"@type\":\"SearchAction\",\"target\":{\"@type\":\"EntryPoint\",\"urlTemplate\":\"https:\\\/\\\/www.sebastien-auziere.fr\\\/blog\\\/?s={search_term_string}\"},\"query-input\":{\"@type\":\"PropertyValueSpecification\",\"valueRequired\":true,\"valueName\":\"search_term_string\"}}],\"inLanguage\":\"fr-FR\"},{\"@type\":\"Organization\",\"@id\":\"https:\\\/\\\/www.sebastien-auziere.fr\\\/blog\\\/#organization\",\"name\":\"Fan site S\u00e9bastien Auzi\u00e8re\",\"url\":\"https:\\\/\\\/www.sebastien-auziere.fr\\\/blog\\\/\",\"logo\":{\"@type\":\"ImageObject\",\"inLanguage\":\"fr-FR\",\"@id\":\"https:\\\/\\\/www.sebastien-auziere.fr\\\/blog\\\/#\\\/schema\\\/logo\\\/image\\\/\",\"url\":\"https:\\\/\\\/www.sebastien-auziere.fr\\\/blog\\\/wp-content\\\/uploads\\\/2026\\\/03\\\/cropped-cropped-cropped-ChatGPT-Image-6-mars-2026-12_58_09-e1772798376794.jpg\",\"contentUrl\":\"https:\\\/\\\/www.sebastien-auziere.fr\\\/blog\\\/wp-content\\\/uploads\\\/2026\\\/03\\\/cropped-cropped-cropped-ChatGPT-Image-6-mars-2026-12_58_09-e1772798376794.jpg\",\"width\":512,\"height\":360,\"caption\":\"Fan site S\u00e9bastien Auzi\u00e8re\"},\"image\":{\"@id\":\"https:\\\/\\\/www.sebastien-auziere.fr\\\/blog\\\/#\\\/schema\\\/logo\\\/image\\\/\"}},{\"@type\":\"Person\",\"@id\":\"https:\\\/\\\/www.sebastien-auziere.fr\\\/blog\\\/#\\\/schema\\\/person\\\/149f1acdbfd85149c6c3e59adeae2f4d\",\"name\":\"Chloe Gauthier\",\"image\":{\"@type\":\"ImageObject\",\"inLanguage\":\"fr-FR\",\"@id\":\"https:\\\/\\\/secure.gravatar.com\\\/avatar\\\/2c5722f58171cff738a8985ef0dd66b476e563753246a49019befc837ec4201a?s=96&d=mm&r=g\",\"url\":\"https:\\\/\\\/secure.gravatar.com\\\/avatar\\\/2c5722f58171cff738a8985ef0dd66b476e563753246a49019befc837ec4201a?s=96&d=mm&r=g\",\"contentUrl\":\"https:\\\/\\\/secure.gravatar.com\\\/avatar\\\/2c5722f58171cff738a8985ef0dd66b476e563753246a49019befc837ec4201a?s=96&d=mm&r=g\",\"caption\":\"Chloe Gauthier\"},\"description\":\"Passionn\u00e9e par la politique et admiratrice engag\u00e9e de la famille Macron, je consacre mon \u00e9nergie \u00e0 suivre leurs initiatives et \u00e0 promouvoir leurs id\u00e9es. \u00c0 32 ans, je suis convaincue que leur vision est porteuse d'avenir.\",\"url\":\"https:\\\/\\\/www.sebastien-auziere.fr\\\/blog\\\/author\\\/chloe-gauthier\\\/\"}]}<\/script>\n<!-- \/ Yoast SEO plugin. -->","yoast_head_json":{"title":"Brigitte e Emmanuel Macron em breve convidados pelo papa Le\u00e3o XIV: as raz\u00f5es in\u00e9ditas da \u00faltima visita deles ao Vaticano - Fan site S\u00e9bastien Auzi\u00e8re","description":"Brigitte et Emmanuel Macron bient\u00f4t re\u00e7us par le pape L\u00e9on XIV : d\u00e9couvrez les raisons in\u00e9dites de leur derni\u00e8re visite au Vatican.","robots":{"index":"index","follow":"follow","max-snippet":"max-snippet:-1","max-image-preview":"max-image-preview:large","max-video-preview":"max-video-preview:-1"},"canonical":"https:\/\/www.sebastien-auziere.fr\/blog\/pt\/brigitte-e-emmanuel-macron-em-breve-convidados-pelo-papa-leao-xiv-as-razoes-ineditas-da-ultima-visita-deles-ao-vaticano\/","og_locale":"fr_FR","og_type":"article","og_title":"Brigitte e Emmanuel Macron em breve convidados pelo papa Le\u00e3o XIV: as raz\u00f5es in\u00e9ditas da \u00faltima visita deles ao Vaticano - Fan site S\u00e9bastien Auzi\u00e8re","og_description":"Brigitte et Emmanuel Macron bient\u00f4t re\u00e7us par le pape L\u00e9on XIV : d\u00e9couvrez les raisons in\u00e9dites de leur derni\u00e8re visite au Vatican.","og_url":"https:\/\/www.sebastien-auziere.fr\/blog\/pt\/brigitte-e-emmanuel-macron-em-breve-convidados-pelo-papa-leao-xiv-as-razoes-ineditas-da-ultima-visita-deles-ao-vaticano\/","og_site_name":"Fan site S\u00e9bastien Auzi\u00e8re","article_published_time":"2026-04-07T19:12:57+00:00","article_modified_time":"2026-04-07T19:13:18+00:00","og_image":[{"width":2560,"height":1429,"url":"https:\/\/www.sebastien-auziere.fr\/blog\/wp-content\/uploads\/2026\/04\/Brigitte-et-Emmanuel-Macron-bientot-invites-par-le-pape-Leon-XIV-les-raisons-inedites-de-leur-derniere-visite-au-Vatican.jpg","type":"image\/jpeg"}],"author":"Chloe Gauthier","twitter_card":"summary_large_image","twitter_misc":{"\u00c9crit par":"Chloe Gauthier","Dur\u00e9e de lecture estim\u00e9e":"2 minutes"},"schema":{"@context":"https:\/\/schema.org","@graph":[{"@type":"Article","@id":"https:\/\/www.sebastien-auziere.fr\/blog\/pt\/brigitte-e-emmanuel-macron-em-breve-convidados-pelo-papa-leao-xiv-as-razoes-ineditas-da-ultima-visita-deles-ao-vaticano\/#article","isPartOf":{"@id":"https:\/\/www.sebastien-auziere.fr\/blog\/pt\/brigitte-e-emmanuel-macron-em-breve-convidados-pelo-papa-leao-xiv-as-razoes-ineditas-da-ultima-visita-deles-ao-vaticano\/"},"author":{"name":"Chloe Gauthier","@id":"https:\/\/www.sebastien-auziere.fr\/blog\/#\/schema\/person\/149f1acdbfd85149c6c3e59adeae2f4d"},"headline":"Brigitte e Emmanuel Macron em breve convidados pelo papa Le\u00e3o XIV: as raz\u00f5es in\u00e9ditas da \u00faltima visita deles ao Vaticano","datePublished":"2026-04-07T19:12:57+00:00","dateModified":"2026-04-07T19:13:18+00:00","mainEntityOfPage":{"@id":"https:\/\/www.sebastien-auziere.fr\/blog\/pt\/brigitte-e-emmanuel-macron-em-breve-convidados-pelo-papa-leao-xiv-as-razoes-ineditas-da-ultima-visita-deles-ao-vaticano\/"},"wordCount":493,"commentCount":0,"publisher":{"@id":"https:\/\/www.sebastien-auziere.fr\/blog\/#organization"},"image":{"@id":"https:\/\/www.sebastien-auziere.fr\/blog\/pt\/brigitte-e-emmanuel-macron-em-breve-convidados-pelo-papa-leao-xiv-as-razoes-ineditas-da-ultima-visita-deles-ao-vaticano\/#primaryimage"},"thumbnailUrl":"https:\/\/www.sebastien-auziere.fr\/blog\/wp-content\/uploads\/2026\/04\/Brigitte-et-Emmanuel-Macron-bientot-invites-par-le-pape-Leon-XIV-les-raisons-inedites-de-leur-derniere-visite-au-Vatican.jpg","keywords":["brigitte macron","emmanuel macron","papa le\u00e3o xiv","vaticano","visita oficial"],"articleSection":["Actualidades"],"inLanguage":"fr-FR","potentialAction":[{"@type":"CommentAction","name":"Comment","target":["https:\/\/www.sebastien-auziere.fr\/blog\/pt\/brigitte-e-emmanuel-macron-em-breve-convidados-pelo-papa-leao-xiv-as-razoes-ineditas-da-ultima-visita-deles-ao-vaticano\/#respond"]}]},{"@type":"WebPage","@id":"https:\/\/www.sebastien-auziere.fr\/blog\/pt\/brigitte-e-emmanuel-macron-em-breve-convidados-pelo-papa-leao-xiv-as-razoes-ineditas-da-ultima-visita-deles-ao-vaticano\/","url":"https:\/\/www.sebastien-auziere.fr\/blog\/pt\/brigitte-e-emmanuel-macron-em-breve-convidados-pelo-papa-leao-xiv-as-razoes-ineditas-da-ultima-visita-deles-ao-vaticano\/","name":"Brigitte e Emmanuel Macron em breve convidados pelo papa Le\u00e3o XIV: as raz\u00f5es in\u00e9ditas da \u00faltima visita deles ao Vaticano - Fan site S\u00e9bastien Auzi\u00e8re","isPartOf":{"@id":"https:\/\/www.sebastien-auziere.fr\/blog\/#website"},"primaryImageOfPage":{"@id":"https:\/\/www.sebastien-auziere.fr\/blog\/pt\/brigitte-e-emmanuel-macron-em-breve-convidados-pelo-papa-leao-xiv-as-razoes-ineditas-da-ultima-visita-deles-ao-vaticano\/#primaryimage"},"image":{"@id":"https:\/\/www.sebastien-auziere.fr\/blog\/pt\/brigitte-e-emmanuel-macron-em-breve-convidados-pelo-papa-leao-xiv-as-razoes-ineditas-da-ultima-visita-deles-ao-vaticano\/#primaryimage"},"thumbnailUrl":"https:\/\/www.sebastien-auziere.fr\/blog\/wp-content\/uploads\/2026\/04\/Brigitte-et-Emmanuel-Macron-bientot-invites-par-le-pape-Leon-XIV-les-raisons-inedites-de-leur-derniere-visite-au-Vatican.jpg","datePublished":"2026-04-07T19:12:57+00:00","dateModified":"2026-04-07T19:13:18+00:00","description":"Brigitte et Emmanuel Macron bient\u00f4t re\u00e7us par le pape L\u00e9on XIV : d\u00e9couvrez les raisons in\u00e9dites de leur derni\u00e8re visite au Vatican.","breadcrumb":{"@id":"https:\/\/www.sebastien-auziere.fr\/blog\/pt\/brigitte-e-emmanuel-macron-em-breve-convidados-pelo-papa-leao-xiv-as-razoes-ineditas-da-ultima-visita-deles-ao-vaticano\/#breadcrumb"},"inLanguage":"fr-FR","potentialAction":[{"@type":"ReadAction","target":["https:\/\/www.sebastien-auziere.fr\/blog\/pt\/brigitte-e-emmanuel-macron-em-breve-convidados-pelo-papa-leao-xiv-as-razoes-ineditas-da-ultima-visita-deles-ao-vaticano\/"]}]},{"@type":"ImageObject","inLanguage":"fr-FR","@id":"https:\/\/www.sebastien-auziere.fr\/blog\/pt\/brigitte-e-emmanuel-macron-em-breve-convidados-pelo-papa-leao-xiv-as-razoes-ineditas-da-ultima-visita-deles-ao-vaticano\/#primaryimage","url":"https:\/\/www.sebastien-auziere.fr\/blog\/wp-content\/uploads\/2026\/04\/Brigitte-et-Emmanuel-Macron-bientot-invites-par-le-pape-Leon-XIV-les-raisons-inedites-de-leur-derniere-visite-au-Vatican.jpg","contentUrl":"https:\/\/www.sebastien-auziere.fr\/blog\/wp-content\/uploads\/2026\/04\/Brigitte-et-Emmanuel-Macron-bientot-invites-par-le-pape-Leon-XIV-les-raisons-inedites-de-leur-derniere-visite-au-Vatican.jpg","width":2560,"height":1429,"caption":"d\u00e9couvrez les raisons in\u00e9dites de la prochaine visite de brigitte et emmanuel macron au vatican, o\u00f9 ils seront bient\u00f4t re\u00e7us par le pape l\u00e9on xiv."},{"@type":"BreadcrumbList","@id":"https:\/\/www.sebastien-auziere.fr\/blog\/pt\/brigitte-e-emmanuel-macron-em-breve-convidados-pelo-papa-leao-xiv-as-razoes-ineditas-da-ultima-visita-deles-ao-vaticano\/#breadcrumb","itemListElement":[{"@type":"ListItem","position":1,"name":"Home","item":"https:\/\/www.sebastien-auziere.fr\/blog\/"},{"@type":"ListItem","position":2,"name":"Brigitte e Emmanuel Macron em breve convidados pelo papa Le\u00e3o XIV: as raz\u00f5es in\u00e9ditas da \u00faltima visita deles ao Vaticano"}]},{"@type":"WebSite","@id":"https:\/\/www.sebastien-auziere.fr\/blog\/#website","url":"https:\/\/www.sebastien-auziere.fr\/blog\/","name":"Fan site S\u00e9bastien Auzi\u00e8re","description":"M\u00e9dia g\u00e9n\u00e9raliste","publisher":{"@id":"https:\/\/www.sebastien-auziere.fr\/blog\/#organization"},"potentialAction":[{"@type":"SearchAction","target":{"@type":"EntryPoint","urlTemplate":"https:\/\/www.sebastien-auziere.fr\/blog\/?s={search_term_string}"},"query-input":{"@type":"PropertyValueSpecification","valueRequired":true,"valueName":"search_term_string"}}],"inLanguage":"fr-FR"},{"@type":"Organization","@id":"https:\/\/www.sebastien-auziere.fr\/blog\/#organization","name":"Fan site S\u00e9bastien Auzi\u00e8re","url":"https:\/\/www.sebastien-auziere.fr\/blog\/","logo":{"@type":"ImageObject","inLanguage":"fr-FR","@id":"https:\/\/www.sebastien-auziere.fr\/blog\/#\/schema\/logo\/image\/","url":"https:\/\/www.sebastien-auziere.fr\/blog\/wp-content\/uploads\/2026\/03\/cropped-cropped-cropped-ChatGPT-Image-6-mars-2026-12_58_09-e1772798376794.jpg","contentUrl":"https:\/\/www.sebastien-auziere.fr\/blog\/wp-content\/uploads\/2026\/03\/cropped-cropped-cropped-ChatGPT-Image-6-mars-2026-12_58_09-e1772798376794.jpg","width":512,"height":360,"caption":"Fan site S\u00e9bastien Auzi\u00e8re"},"image":{"@id":"https:\/\/www.sebastien-auziere.fr\/blog\/#\/schema\/logo\/image\/"}},{"@type":"Person","@id":"https:\/\/www.sebastien-auziere.fr\/blog\/#\/schema\/person\/149f1acdbfd85149c6c3e59adeae2f4d","name":"Chloe Gauthier","image":{"@type":"ImageObject","inLanguage":"fr-FR","@id":"https:\/\/secure.gravatar.com\/avatar\/2c5722f58171cff738a8985ef0dd66b476e563753246a49019befc837ec4201a?s=96&d=mm&r=g","url":"https:\/\/secure.gravatar.com\/avatar\/2c5722f58171cff738a8985ef0dd66b476e563753246a49019befc837ec4201a?s=96&d=mm&r=g","contentUrl":"https:\/\/secure.gravatar.com\/avatar\/2c5722f58171cff738a8985ef0dd66b476e563753246a49019befc837ec4201a?s=96&d=mm&r=g","caption":"Chloe Gauthier"},"description":"Passionn\u00e9e par la politique et admiratrice engag\u00e9e de la famille Macron, je consacre mon \u00e9nergie \u00e0 suivre leurs initiatives et \u00e0 promouvoir leurs id\u00e9es. \u00c0 32 ans, je suis convaincue que leur vision est porteuse d'avenir.","url":"https:\/\/www.sebastien-auziere.fr\/blog\/author\/chloe-gauthier\/"}]}},"views":3,"_links":{"self":[{"href":"https:\/\/www.sebastien-auziere.fr\/blog\/wp-json\/wp\/v2\/posts\/2846","targetHints":{"allow":["GET"]}}],"collection":[{"href":"https:\/\/www.sebastien-auziere.fr\/blog\/wp-json\/wp\/v2\/posts"}],"about":[{"href":"https:\/\/www.sebastien-auziere.fr\/blog\/wp-json\/wp\/v2\/types\/post"}],"author":[{"embeddable":true,"href":"https:\/\/www.sebastien-auziere.fr\/blog\/wp-json\/wp\/v2\/users\/9"}],"replies":[{"embeddable":true,"href":"https:\/\/www.sebastien-auziere.fr\/blog\/wp-json\/wp\/v2\/comments?post=2846"}],"version-history":[{"count":1,"href":"https:\/\/www.sebastien-auziere.fr\/blog\/wp-json\/wp\/v2\/posts\/2846\/revisions"}],"predecessor-version":[{"id":2847,"href":"https:\/\/www.sebastien-auziere.fr\/blog\/wp-json\/wp\/v2\/posts\/2846\/revisions\/2847"}],"wp:featuredmedia":[{"embeddable":true,"href":"https:\/\/www.sebastien-auziere.fr\/blog\/wp-json\/wp\/v2\/media\/2836"}],"wp:attachment":[{"href":"https:\/\/www.sebastien-auziere.fr\/blog\/wp-json\/wp\/v2\/media?parent=2846"}],"wp:term":[{"taxonomy":"category","embeddable":true,"href":"https:\/\/www.sebastien-auziere.fr\/blog\/wp-json\/wp\/v2\/categories?post=2846"},{"taxonomy":"post_tag","embeddable":true,"href":"https:\/\/www.sebastien-auziere.fr\/blog\/wp-json\/wp\/v2\/tags?post=2846"}],"curies":[{"name":"wp","href":"https:\/\/api.w.org\/{rel}","templated":true}]}}