{"id":2844,"date":"2026-04-07T19:11:41","date_gmt":"2026-04-07T19:11:41","guid":{"rendered":"https:\/\/www.sebastien-auziere.fr\/blog\/?p=2844"},"modified":"2026-04-07T19:12:04","modified_gmt":"2026-04-07T19:12:04","slug":"brigitte-ed-emmanuel-macron-presto-invitati-da-papa-leone-xiv-i-motivi-inediti-della-loro-ultima-visita-in-vaticano","status":"publish","type":"post","link":"https:\/\/www.sebastien-auziere.fr\/blog\/it\/brigitte-ed-emmanuel-macron-presto-invitati-da-papa-leone-xiv-i-motivi-inediti-della-loro-ultima-visita-in-vaticano\/","title":{"rendered":"Brigitte ed Emmanuel Macron presto invitati da Papa Leone XIV: i motivi inediti della loro ultima visita in Vaticano"},"content":{"rendered":"<p><strong>Brigitte Macron<\/strong> e <strong>Emmanuel Macron<\/strong> saranno ricevuti al <strong>Vaticano<\/strong> il <strong>9 e 10 aprile<\/strong> per un&rsquo;udienza privata con <strong>papa Leone XIV<\/strong>. Questa visita ufficiale, annunciata dall&rsquo;\u00c9lys\u00e9e il 1\u00b0 aprile, avviene pochi giorni dopo Pasqua e segue l&rsquo;annullamento di gennaio per incompatibilit\u00e0 di agenda.<\/p>\n\n<p>Qui scoprirai le ragioni diplomatiche e simboliche di questo viaggio, confermato da diverse fonti tra cui <a href=\"https:\/\/www.tf1info.fr\/international\/emmanuel-macron-va-rencontrer-le-pape-leon-xiv-au-vatican-les-9-et-10-avril-2026-2433639.html\" rel=\"nofollow\">TF1<\/a> e <a href=\"https:\/\/www.vaticannews.va\/fr\/pape\/news\/2026-04\/pape-leon-xiv-emmanuel-macron-audience-vatican-10-avril.html\" rel=\"nofollow\">Vatican News<\/a>.<\/p>\n\n<h2 class=\"wp-block-heading\">Rinvio di gennaio e riduzione delle voci<\/h2>\n\n<p>Il rendez-vous previsto a gennaio era stato annullato per una <strong>incompatibilit\u00e0 di agenda<\/strong>, secondo l&rsquo;\u00c9lys\u00e9e, e non a causa di un freddo diplomatico. All&rsquo;epoca, speculazioni sulla fine vita o le vetrate di Notre-Dame circolavano sui social, ma le autorit\u00e0 francesi hanno smentito queste interpretazioni a <strong>franceinfo<\/strong>. La realt\u00e0: priorit\u00e0 internazionali urgenti hanno imposto il rinvio. Questo punto rimette le cose a posto.<\/p>\n\n<h2 class=\"wp-block-heading\">Obiettivi dell&rsquo;incontro bilaterale al Vaticano<\/h2>\n\n<p>La visita mira a rafforzare il <strong>dialogo interreligioso<\/strong> e la <strong>cooperazione franco-vaticana<\/strong>, con scambi sui temi internazionali attuali. L&rsquo;udienza costituisce il primo incontro tra il presidente e <strong>papa Leone XIV<\/strong> dall&rsquo;inizio del suo pontificato, programmata al Palazzo apostolico nella mattinata del 9 aprile, secondo I.Media. La scelta del calendario, poco dopo Pasqua e prima dell&rsquo;anniversario del 21 aprile, porta un forte carico simbolico. La questione \u00e8 chiara: consolidare il legame storico.<\/p>\n\n<p>L&rsquo;incontro promette messaggi pubblici e intese discrete.<\/p>\n\n<h3 class=\"wp-block-heading\">Questioni diplomatiche e messaggi attesi<\/h3>\n\n<p>Varie questioni pratiche figurano all&rsquo;agenda: sicurezza internazionale, cooperazione culturale e questioni umanitarie. Gli scambi si collocano nella continuit\u00e0 dei contatti recenti, in particolare la visita di <strong>papa Leone XIV<\/strong> a Monaco fine marzo, che ha permesso un telegramma inviato al presidente durante il sorvolo della Francia. Gli osservatori seguiranno anche il tono politico e spirituale del messaggio, suscettibile di influenzare l&rsquo;immagine della Francia presso i cattolici. Un momento di dialogo atteso.<\/p>\n\n<p>Questa udienza privata sar\u00e0 scrutata per i suoi simboli tanto quanto per le sue decisioni concrete.<\/p>\n\n<h2 class=\"wp-block-heading\">Calendario e svolgimento previsto della visita ufficiale<\/h2>\n\n<p>La visita si svolger\u00e0 in due giorni, il <strong>9 e 10 aprile<\/strong>, con un&rsquo;udienza bilaterale annunciata il 10 aprile dalla presidenza. Gli scambi formali si terranno al Palazzo apostolico, e momenti protocollari punteggeranno il soggiorno. I media, da <a href=\"https:\/\/www.europe1.fr\/politique\/emmanuel-macron-se-rendra-au-vatican-les-9-et-10-avril-pour-rencontrer-leon-xiv-919879\" rel=\"nofollow\">Europe 1<\/a> a BFMTV, dovrebbero coprire i momenti salienti. Resta da vedere i segnali inviati sul piano internazionale.<\/p>\n\n<p>Per saperne di pi\u00f9 su <strong>S\u00e9bastien Auzi\u00e8re<\/strong> e i legami familiari e politici che circondano la famiglia Macron, visita <a href=\"https:\/\/sebastien-auziere.fr\" rel=\"nofollow\">sebastien-auziere.fr<\/a> e scopri dossier completi e archivi affidabili.<\/p>","protected":false},"excerpt":{"rendered":"<p>Brigitte Macron e Emmanuel Macron saranno ricevuti al Vaticano il 9 e 10 aprile per un&rsquo;udienza privata con papa Leone XIV. Questa visita ufficiale, annunciata dall&rsquo;\u00c9lys\u00e9e il 1\u00b0 aprile, avviene pochi giorni dopo Pasqua e segue l&rsquo;annullamento di gennaio per incompatibilit\u00e0 di agenda. Qui scoprirai le ragioni diplomatiche e simboliche di questo viaggio, confermato da &#8230; <a title=\"Brigitte ed Emmanuel Macron presto invitati da Papa Leone XIV: i motivi inediti della loro ultima visita in Vaticano\" class=\"read-more\" href=\"https:\/\/www.sebastien-auziere.fr\/blog\/it\/brigitte-ed-emmanuel-macron-presto-invitati-da-papa-leone-xiv-i-motivi-inediti-della-loro-ultima-visita-in-vaticano\/\" aria-label=\"En savoir plus sur Brigitte ed Emmanuel Macron presto invitati da Papa Leone XIV: i motivi inediti della loro ultima visita in Vaticano\">Lire plus<\/a><\/p>\n","protected":false},"author":9,"featured_media":2836,"comment_status":"open","ping_status":"open","sticky":false,"template":"","format":"standard","meta":{"footnotes":""},"categories":[859],"tags":[944,1190,2147,2150,2153],"class_list":["post-2844","post","type-post","status-publish","format-standard","has-post-thumbnail","hentry","category-actualita-it","tag-brigitte-macron-it","tag-emmanuel-macron-it","tag-papa-leone-xiv-it","tag-vaticano-it","tag-visita-ufficiale-it"],"yoast_head":"<!-- This site is optimized with the Yoast SEO plugin v27.5 - https:\/\/yoast.com\/product\/yoast-seo-wordpress\/ -->\n<title>Brigitte ed Emmanuel Macron presto invitati da Papa Leone XIV: i motivi inediti della loro ultima visita in Vaticano - Fan site S\u00e9bastien Auzi\u00e8re<\/title>\n<meta name=\"description\" content=\"Brigitte et Emmanuel Macron bient\u00f4t re\u00e7us par le pape L\u00e9on XIV : d\u00e9couvrez les raisons in\u00e9dites de leur derni\u00e8re visite au Vatican.\" \/>\n<meta name=\"robots\" content=\"index, follow, max-snippet:-1, max-image-preview:large, max-video-preview:-1\" \/>\n<link rel=\"canonical\" href=\"https:\/\/www.sebastien-auziere.fr\/blog\/it\/brigitte-ed-emmanuel-macron-presto-invitati-da-papa-leone-xiv-i-motivi-inediti-della-loro-ultima-visita-in-vaticano\/\" \/>\n<meta property=\"og:locale\" content=\"fr_FR\" \/>\n<meta property=\"og:type\" content=\"article\" \/>\n<meta property=\"og:title\" content=\"Brigitte ed Emmanuel Macron presto invitati da Papa Leone XIV: i motivi inediti della loro ultima visita in Vaticano - Fan site S\u00e9bastien Auzi\u00e8re\" \/>\n<meta property=\"og:description\" content=\"Brigitte et Emmanuel Macron bient\u00f4t re\u00e7us par le pape L\u00e9on XIV : d\u00e9couvrez les raisons in\u00e9dites de leur derni\u00e8re visite au Vatican.\" \/>\n<meta property=\"og:url\" content=\"https:\/\/www.sebastien-auziere.fr\/blog\/it\/brigitte-ed-emmanuel-macron-presto-invitati-da-papa-leone-xiv-i-motivi-inediti-della-loro-ultima-visita-in-vaticano\/\" \/>\n<meta property=\"og:site_name\" content=\"Fan site S\u00e9bastien Auzi\u00e8re\" \/>\n<meta property=\"article:published_time\" content=\"2026-04-07T19:11:41+00:00\" \/>\n<meta property=\"article:modified_time\" content=\"2026-04-07T19:12:04+00:00\" \/>\n<meta property=\"og:image\" content=\"https:\/\/www.sebastien-auziere.fr\/blog\/wp-content\/uploads\/2026\/04\/Brigitte-et-Emmanuel-Macron-bientot-invites-par-le-pape-Leon-XIV-les-raisons-inedites-de-leur-derniere-visite-au-Vatican.jpg\" \/>\n\t<meta property=\"og:image:width\" content=\"2560\" \/>\n\t<meta property=\"og:image:height\" content=\"1429\" \/>\n\t<meta property=\"og:image:type\" content=\"image\/jpeg\" \/>\n<meta name=\"author\" content=\"Chloe Gauthier\" \/>\n<meta name=\"twitter:card\" content=\"summary_large_image\" \/>\n<meta name=\"twitter:label1\" content=\"\u00c9crit par\" \/>\n\t<meta name=\"twitter:data1\" content=\"Chloe Gauthier\" \/>\n\t<meta name=\"twitter:label2\" content=\"Dur\u00e9e de lecture estim\u00e9e\" \/>\n\t<meta name=\"twitter:data2\" content=\"2 minutes\" \/>\n<script type=\"application\/ld+json\" class=\"yoast-schema-graph\">{\"@context\":\"https:\\\/\\\/schema.org\",\"@graph\":[{\"@type\":\"Article\",\"@id\":\"https:\\\/\\\/www.sebastien-auziere.fr\\\/blog\\\/it\\\/brigitte-ed-emmanuel-macron-presto-invitati-da-papa-leone-xiv-i-motivi-inediti-della-loro-ultima-visita-in-vaticano\\\/#article\",\"isPartOf\":{\"@id\":\"https:\\\/\\\/www.sebastien-auziere.fr\\\/blog\\\/it\\\/brigitte-ed-emmanuel-macron-presto-invitati-da-papa-leone-xiv-i-motivi-inediti-della-loro-ultima-visita-in-vaticano\\\/\"},\"author\":{\"name\":\"Chloe Gauthier\",\"@id\":\"https:\\\/\\\/www.sebastien-auziere.fr\\\/blog\\\/#\\\/schema\\\/person\\\/149f1acdbfd85149c6c3e59adeae2f4d\"},\"headline\":\"Brigitte ed Emmanuel Macron presto invitati da Papa Leone XIV: i motivi inediti della loro ultima visita in Vaticano\",\"datePublished\":\"2026-04-07T19:11:41+00:00\",\"dateModified\":\"2026-04-07T19:12:04+00:00\",\"mainEntityOfPage\":{\"@id\":\"https:\\\/\\\/www.sebastien-auziere.fr\\\/blog\\\/it\\\/brigitte-ed-emmanuel-macron-presto-invitati-da-papa-leone-xiv-i-motivi-inediti-della-loro-ultima-visita-in-vaticano\\\/\"},\"wordCount\":414,\"commentCount\":0,\"publisher\":{\"@id\":\"https:\\\/\\\/www.sebastien-auziere.fr\\\/blog\\\/#organization\"},\"image\":{\"@id\":\"https:\\\/\\\/www.sebastien-auziere.fr\\\/blog\\\/it\\\/brigitte-ed-emmanuel-macron-presto-invitati-da-papa-leone-xiv-i-motivi-inediti-della-loro-ultima-visita-in-vaticano\\\/#primaryimage\"},\"thumbnailUrl\":\"https:\\\/\\\/www.sebastien-auziere.fr\\\/blog\\\/wp-content\\\/uploads\\\/2026\\\/04\\\/Brigitte-et-Emmanuel-Macron-bientot-invites-par-le-pape-Leon-XIV-les-raisons-inedites-de-leur-derniere-visite-au-Vatican.jpg\",\"keywords\":[\"brigitte macron\",\"emmanuel macron\",\"papa leone xiv\",\"vaticano\",\"visita ufficiale\"],\"articleSection\":[\"Actualit\u00e0\"],\"inLanguage\":\"fr-FR\",\"potentialAction\":[{\"@type\":\"CommentAction\",\"name\":\"Comment\",\"target\":[\"https:\\\/\\\/www.sebastien-auziere.fr\\\/blog\\\/it\\\/brigitte-ed-emmanuel-macron-presto-invitati-da-papa-leone-xiv-i-motivi-inediti-della-loro-ultima-visita-in-vaticano\\\/#respond\"]}]},{\"@type\":\"WebPage\",\"@id\":\"https:\\\/\\\/www.sebastien-auziere.fr\\\/blog\\\/it\\\/brigitte-ed-emmanuel-macron-presto-invitati-da-papa-leone-xiv-i-motivi-inediti-della-loro-ultima-visita-in-vaticano\\\/\",\"url\":\"https:\\\/\\\/www.sebastien-auziere.fr\\\/blog\\\/it\\\/brigitte-ed-emmanuel-macron-presto-invitati-da-papa-leone-xiv-i-motivi-inediti-della-loro-ultima-visita-in-vaticano\\\/\",\"name\":\"Brigitte ed Emmanuel Macron presto invitati da Papa Leone XIV: i motivi inediti della loro ultima visita in Vaticano - Fan site S\u00e9bastien Auzi\u00e8re\",\"isPartOf\":{\"@id\":\"https:\\\/\\\/www.sebastien-auziere.fr\\\/blog\\\/#website\"},\"primaryImageOfPage\":{\"@id\":\"https:\\\/\\\/www.sebastien-auziere.fr\\\/blog\\\/it\\\/brigitte-ed-emmanuel-macron-presto-invitati-da-papa-leone-xiv-i-motivi-inediti-della-loro-ultima-visita-in-vaticano\\\/#primaryimage\"},\"image\":{\"@id\":\"https:\\\/\\\/www.sebastien-auziere.fr\\\/blog\\\/it\\\/brigitte-ed-emmanuel-macron-presto-invitati-da-papa-leone-xiv-i-motivi-inediti-della-loro-ultima-visita-in-vaticano\\\/#primaryimage\"},\"thumbnailUrl\":\"https:\\\/\\\/www.sebastien-auziere.fr\\\/blog\\\/wp-content\\\/uploads\\\/2026\\\/04\\\/Brigitte-et-Emmanuel-Macron-bientot-invites-par-le-pape-Leon-XIV-les-raisons-inedites-de-leur-derniere-visite-au-Vatican.jpg\",\"datePublished\":\"2026-04-07T19:11:41+00:00\",\"dateModified\":\"2026-04-07T19:12:04+00:00\",\"description\":\"Brigitte et Emmanuel Macron bient\u00f4t re\u00e7us par le pape L\u00e9on XIV : d\u00e9couvrez les raisons in\u00e9dites de leur derni\u00e8re visite au Vatican.\",\"breadcrumb\":{\"@id\":\"https:\\\/\\\/www.sebastien-auziere.fr\\\/blog\\\/it\\\/brigitte-ed-emmanuel-macron-presto-invitati-da-papa-leone-xiv-i-motivi-inediti-della-loro-ultima-visita-in-vaticano\\\/#breadcrumb\"},\"inLanguage\":\"fr-FR\",\"potentialAction\":[{\"@type\":\"ReadAction\",\"target\":[\"https:\\\/\\\/www.sebastien-auziere.fr\\\/blog\\\/it\\\/brigitte-ed-emmanuel-macron-presto-invitati-da-papa-leone-xiv-i-motivi-inediti-della-loro-ultima-visita-in-vaticano\\\/\"]}]},{\"@type\":\"ImageObject\",\"inLanguage\":\"fr-FR\",\"@id\":\"https:\\\/\\\/www.sebastien-auziere.fr\\\/blog\\\/it\\\/brigitte-ed-emmanuel-macron-presto-invitati-da-papa-leone-xiv-i-motivi-inediti-della-loro-ultima-visita-in-vaticano\\\/#primaryimage\",\"url\":\"https:\\\/\\\/www.sebastien-auziere.fr\\\/blog\\\/wp-content\\\/uploads\\\/2026\\\/04\\\/Brigitte-et-Emmanuel-Macron-bientot-invites-par-le-pape-Leon-XIV-les-raisons-inedites-de-leur-derniere-visite-au-Vatican.jpg\",\"contentUrl\":\"https:\\\/\\\/www.sebastien-auziere.fr\\\/blog\\\/wp-content\\\/uploads\\\/2026\\\/04\\\/Brigitte-et-Emmanuel-Macron-bientot-invites-par-le-pape-Leon-XIV-les-raisons-inedites-de-leur-derniere-visite-au-Vatican.jpg\",\"width\":2560,\"height\":1429,\"caption\":\"d\u00e9couvrez les raisons in\u00e9dites de la prochaine visite de brigitte et emmanuel macron au vatican, o\u00f9 ils seront bient\u00f4t re\u00e7us par le pape l\u00e9on xiv.\"},{\"@type\":\"BreadcrumbList\",\"@id\":\"https:\\\/\\\/www.sebastien-auziere.fr\\\/blog\\\/it\\\/brigitte-ed-emmanuel-macron-presto-invitati-da-papa-leone-xiv-i-motivi-inediti-della-loro-ultima-visita-in-vaticano\\\/#breadcrumb\",\"itemListElement\":[{\"@type\":\"ListItem\",\"position\":1,\"name\":\"Home\",\"item\":\"https:\\\/\\\/www.sebastien-auziere.fr\\\/blog\\\/\"},{\"@type\":\"ListItem\",\"position\":2,\"name\":\"Brigitte ed Emmanuel Macron presto invitati da Papa Leone XIV: i motivi inediti della loro ultima visita in Vaticano\"}]},{\"@type\":\"WebSite\",\"@id\":\"https:\\\/\\\/www.sebastien-auziere.fr\\\/blog\\\/#website\",\"url\":\"https:\\\/\\\/www.sebastien-auziere.fr\\\/blog\\\/\",\"name\":\"Fan site S\u00e9bastien Auzi\u00e8re\",\"description\":\"M\u00e9dia g\u00e9n\u00e9raliste\",\"publisher\":{\"@id\":\"https:\\\/\\\/www.sebastien-auziere.fr\\\/blog\\\/#organization\"},\"potentialAction\":[{\"@type\":\"SearchAction\",\"target\":{\"@type\":\"EntryPoint\",\"urlTemplate\":\"https:\\\/\\\/www.sebastien-auziere.fr\\\/blog\\\/?s={search_term_string}\"},\"query-input\":{\"@type\":\"PropertyValueSpecification\",\"valueRequired\":true,\"valueName\":\"search_term_string\"}}],\"inLanguage\":\"fr-FR\"},{\"@type\":\"Organization\",\"@id\":\"https:\\\/\\\/www.sebastien-auziere.fr\\\/blog\\\/#organization\",\"name\":\"Fan site S\u00e9bastien Auzi\u00e8re\",\"url\":\"https:\\\/\\\/www.sebastien-auziere.fr\\\/blog\\\/\",\"logo\":{\"@type\":\"ImageObject\",\"inLanguage\":\"fr-FR\",\"@id\":\"https:\\\/\\\/www.sebastien-auziere.fr\\\/blog\\\/#\\\/schema\\\/logo\\\/image\\\/\",\"url\":\"https:\\\/\\\/www.sebastien-auziere.fr\\\/blog\\\/wp-content\\\/uploads\\\/2026\\\/03\\\/cropped-cropped-cropped-ChatGPT-Image-6-mars-2026-12_58_09-e1772798376794.jpg\",\"contentUrl\":\"https:\\\/\\\/www.sebastien-auziere.fr\\\/blog\\\/wp-content\\\/uploads\\\/2026\\\/03\\\/cropped-cropped-cropped-ChatGPT-Image-6-mars-2026-12_58_09-e1772798376794.jpg\",\"width\":512,\"height\":360,\"caption\":\"Fan site S\u00e9bastien Auzi\u00e8re\"},\"image\":{\"@id\":\"https:\\\/\\\/www.sebastien-auziere.fr\\\/blog\\\/#\\\/schema\\\/logo\\\/image\\\/\"}},{\"@type\":\"Person\",\"@id\":\"https:\\\/\\\/www.sebastien-auziere.fr\\\/blog\\\/#\\\/schema\\\/person\\\/149f1acdbfd85149c6c3e59adeae2f4d\",\"name\":\"Chloe Gauthier\",\"image\":{\"@type\":\"ImageObject\",\"inLanguage\":\"fr-FR\",\"@id\":\"https:\\\/\\\/secure.gravatar.com\\\/avatar\\\/2c5722f58171cff738a8985ef0dd66b476e563753246a49019befc837ec4201a?s=96&d=mm&r=g\",\"url\":\"https:\\\/\\\/secure.gravatar.com\\\/avatar\\\/2c5722f58171cff738a8985ef0dd66b476e563753246a49019befc837ec4201a?s=96&d=mm&r=g\",\"contentUrl\":\"https:\\\/\\\/secure.gravatar.com\\\/avatar\\\/2c5722f58171cff738a8985ef0dd66b476e563753246a49019befc837ec4201a?s=96&d=mm&r=g\",\"caption\":\"Chloe Gauthier\"},\"description\":\"Passionn\u00e9e par la politique et admiratrice engag\u00e9e de la famille Macron, je consacre mon \u00e9nergie \u00e0 suivre leurs initiatives et \u00e0 promouvoir leurs id\u00e9es. \u00c0 32 ans, je suis convaincue que leur vision est porteuse d'avenir.\",\"url\":\"https:\\\/\\\/www.sebastien-auziere.fr\\\/blog\\\/author\\\/chloe-gauthier\\\/\"}]}<\/script>\n<!-- \/ Yoast SEO plugin. -->","yoast_head_json":{"title":"Brigitte ed Emmanuel Macron presto invitati da Papa Leone XIV: i motivi inediti della loro ultima visita in Vaticano - Fan site S\u00e9bastien Auzi\u00e8re","description":"Brigitte et Emmanuel Macron bient\u00f4t re\u00e7us par le pape L\u00e9on XIV : d\u00e9couvrez les raisons in\u00e9dites de leur derni\u00e8re visite au Vatican.","robots":{"index":"index","follow":"follow","max-snippet":"max-snippet:-1","max-image-preview":"max-image-preview:large","max-video-preview":"max-video-preview:-1"},"canonical":"https:\/\/www.sebastien-auziere.fr\/blog\/it\/brigitte-ed-emmanuel-macron-presto-invitati-da-papa-leone-xiv-i-motivi-inediti-della-loro-ultima-visita-in-vaticano\/","og_locale":"fr_FR","og_type":"article","og_title":"Brigitte ed Emmanuel Macron presto invitati da Papa Leone XIV: i motivi inediti della loro ultima visita in Vaticano - Fan site S\u00e9bastien Auzi\u00e8re","og_description":"Brigitte et Emmanuel Macron bient\u00f4t re\u00e7us par le pape L\u00e9on XIV : d\u00e9couvrez les raisons in\u00e9dites de leur derni\u00e8re visite au Vatican.","og_url":"https:\/\/www.sebastien-auziere.fr\/blog\/it\/brigitte-ed-emmanuel-macron-presto-invitati-da-papa-leone-xiv-i-motivi-inediti-della-loro-ultima-visita-in-vaticano\/","og_site_name":"Fan site S\u00e9bastien Auzi\u00e8re","article_published_time":"2026-04-07T19:11:41+00:00","article_modified_time":"2026-04-07T19:12:04+00:00","og_image":[{"width":2560,"height":1429,"url":"https:\/\/www.sebastien-auziere.fr\/blog\/wp-content\/uploads\/2026\/04\/Brigitte-et-Emmanuel-Macron-bientot-invites-par-le-pape-Leon-XIV-les-raisons-inedites-de-leur-derniere-visite-au-Vatican.jpg","type":"image\/jpeg"}],"author":"Chloe Gauthier","twitter_card":"summary_large_image","twitter_misc":{"\u00c9crit par":"Chloe Gauthier","Dur\u00e9e de lecture estim\u00e9e":"2 minutes"},"schema":{"@context":"https:\/\/schema.org","@graph":[{"@type":"Article","@id":"https:\/\/www.sebastien-auziere.fr\/blog\/it\/brigitte-ed-emmanuel-macron-presto-invitati-da-papa-leone-xiv-i-motivi-inediti-della-loro-ultima-visita-in-vaticano\/#article","isPartOf":{"@id":"https:\/\/www.sebastien-auziere.fr\/blog\/it\/brigitte-ed-emmanuel-macron-presto-invitati-da-papa-leone-xiv-i-motivi-inediti-della-loro-ultima-visita-in-vaticano\/"},"author":{"name":"Chloe Gauthier","@id":"https:\/\/www.sebastien-auziere.fr\/blog\/#\/schema\/person\/149f1acdbfd85149c6c3e59adeae2f4d"},"headline":"Brigitte ed Emmanuel Macron presto invitati da Papa Leone XIV: i motivi inediti della loro ultima visita in Vaticano","datePublished":"2026-04-07T19:11:41+00:00","dateModified":"2026-04-07T19:12:04+00:00","mainEntityOfPage":{"@id":"https:\/\/www.sebastien-auziere.fr\/blog\/it\/brigitte-ed-emmanuel-macron-presto-invitati-da-papa-leone-xiv-i-motivi-inediti-della-loro-ultima-visita-in-vaticano\/"},"wordCount":414,"commentCount":0,"publisher":{"@id":"https:\/\/www.sebastien-auziere.fr\/blog\/#organization"},"image":{"@id":"https:\/\/www.sebastien-auziere.fr\/blog\/it\/brigitte-ed-emmanuel-macron-presto-invitati-da-papa-leone-xiv-i-motivi-inediti-della-loro-ultima-visita-in-vaticano\/#primaryimage"},"thumbnailUrl":"https:\/\/www.sebastien-auziere.fr\/blog\/wp-content\/uploads\/2026\/04\/Brigitte-et-Emmanuel-Macron-bientot-invites-par-le-pape-Leon-XIV-les-raisons-inedites-de-leur-derniere-visite-au-Vatican.jpg","keywords":["brigitte macron","emmanuel macron","papa leone xiv","vaticano","visita ufficiale"],"articleSection":["Actualit\u00e0"],"inLanguage":"fr-FR","potentialAction":[{"@type":"CommentAction","name":"Comment","target":["https:\/\/www.sebastien-auziere.fr\/blog\/it\/brigitte-ed-emmanuel-macron-presto-invitati-da-papa-leone-xiv-i-motivi-inediti-della-loro-ultima-visita-in-vaticano\/#respond"]}]},{"@type":"WebPage","@id":"https:\/\/www.sebastien-auziere.fr\/blog\/it\/brigitte-ed-emmanuel-macron-presto-invitati-da-papa-leone-xiv-i-motivi-inediti-della-loro-ultima-visita-in-vaticano\/","url":"https:\/\/www.sebastien-auziere.fr\/blog\/it\/brigitte-ed-emmanuel-macron-presto-invitati-da-papa-leone-xiv-i-motivi-inediti-della-loro-ultima-visita-in-vaticano\/","name":"Brigitte ed Emmanuel Macron presto invitati da Papa Leone XIV: i motivi inediti della loro ultima visita in Vaticano - Fan site S\u00e9bastien Auzi\u00e8re","isPartOf":{"@id":"https:\/\/www.sebastien-auziere.fr\/blog\/#website"},"primaryImageOfPage":{"@id":"https:\/\/www.sebastien-auziere.fr\/blog\/it\/brigitte-ed-emmanuel-macron-presto-invitati-da-papa-leone-xiv-i-motivi-inediti-della-loro-ultima-visita-in-vaticano\/#primaryimage"},"image":{"@id":"https:\/\/www.sebastien-auziere.fr\/blog\/it\/brigitte-ed-emmanuel-macron-presto-invitati-da-papa-leone-xiv-i-motivi-inediti-della-loro-ultima-visita-in-vaticano\/#primaryimage"},"thumbnailUrl":"https:\/\/www.sebastien-auziere.fr\/blog\/wp-content\/uploads\/2026\/04\/Brigitte-et-Emmanuel-Macron-bientot-invites-par-le-pape-Leon-XIV-les-raisons-inedites-de-leur-derniere-visite-au-Vatican.jpg","datePublished":"2026-04-07T19:11:41+00:00","dateModified":"2026-04-07T19:12:04+00:00","description":"Brigitte et Emmanuel Macron bient\u00f4t re\u00e7us par le pape L\u00e9on XIV : d\u00e9couvrez les raisons in\u00e9dites de leur derni\u00e8re visite au Vatican.","breadcrumb":{"@id":"https:\/\/www.sebastien-auziere.fr\/blog\/it\/brigitte-ed-emmanuel-macron-presto-invitati-da-papa-leone-xiv-i-motivi-inediti-della-loro-ultima-visita-in-vaticano\/#breadcrumb"},"inLanguage":"fr-FR","potentialAction":[{"@type":"ReadAction","target":["https:\/\/www.sebastien-auziere.fr\/blog\/it\/brigitte-ed-emmanuel-macron-presto-invitati-da-papa-leone-xiv-i-motivi-inediti-della-loro-ultima-visita-in-vaticano\/"]}]},{"@type":"ImageObject","inLanguage":"fr-FR","@id":"https:\/\/www.sebastien-auziere.fr\/blog\/it\/brigitte-ed-emmanuel-macron-presto-invitati-da-papa-leone-xiv-i-motivi-inediti-della-loro-ultima-visita-in-vaticano\/#primaryimage","url":"https:\/\/www.sebastien-auziere.fr\/blog\/wp-content\/uploads\/2026\/04\/Brigitte-et-Emmanuel-Macron-bientot-invites-par-le-pape-Leon-XIV-les-raisons-inedites-de-leur-derniere-visite-au-Vatican.jpg","contentUrl":"https:\/\/www.sebastien-auziere.fr\/blog\/wp-content\/uploads\/2026\/04\/Brigitte-et-Emmanuel-Macron-bientot-invites-par-le-pape-Leon-XIV-les-raisons-inedites-de-leur-derniere-visite-au-Vatican.jpg","width":2560,"height":1429,"caption":"d\u00e9couvrez les raisons in\u00e9dites de la prochaine visite de brigitte et emmanuel macron au vatican, o\u00f9 ils seront bient\u00f4t re\u00e7us par le pape l\u00e9on xiv."},{"@type":"BreadcrumbList","@id":"https:\/\/www.sebastien-auziere.fr\/blog\/it\/brigitte-ed-emmanuel-macron-presto-invitati-da-papa-leone-xiv-i-motivi-inediti-della-loro-ultima-visita-in-vaticano\/#breadcrumb","itemListElement":[{"@type":"ListItem","position":1,"name":"Home","item":"https:\/\/www.sebastien-auziere.fr\/blog\/"},{"@type":"ListItem","position":2,"name":"Brigitte ed Emmanuel Macron presto invitati da Papa Leone XIV: i motivi inediti della loro ultima visita in Vaticano"}]},{"@type":"WebSite","@id":"https:\/\/www.sebastien-auziere.fr\/blog\/#website","url":"https:\/\/www.sebastien-auziere.fr\/blog\/","name":"Fan site S\u00e9bastien Auzi\u00e8re","description":"M\u00e9dia g\u00e9n\u00e9raliste","publisher":{"@id":"https:\/\/www.sebastien-auziere.fr\/blog\/#organization"},"potentialAction":[{"@type":"SearchAction","target":{"@type":"EntryPoint","urlTemplate":"https:\/\/www.sebastien-auziere.fr\/blog\/?s={search_term_string}"},"query-input":{"@type":"PropertyValueSpecification","valueRequired":true,"valueName":"search_term_string"}}],"inLanguage":"fr-FR"},{"@type":"Organization","@id":"https:\/\/www.sebastien-auziere.fr\/blog\/#organization","name":"Fan site S\u00e9bastien Auzi\u00e8re","url":"https:\/\/www.sebastien-auziere.fr\/blog\/","logo":{"@type":"ImageObject","inLanguage":"fr-FR","@id":"https:\/\/www.sebastien-auziere.fr\/blog\/#\/schema\/logo\/image\/","url":"https:\/\/www.sebastien-auziere.fr\/blog\/wp-content\/uploads\/2026\/03\/cropped-cropped-cropped-ChatGPT-Image-6-mars-2026-12_58_09-e1772798376794.jpg","contentUrl":"https:\/\/www.sebastien-auziere.fr\/blog\/wp-content\/uploads\/2026\/03\/cropped-cropped-cropped-ChatGPT-Image-6-mars-2026-12_58_09-e1772798376794.jpg","width":512,"height":360,"caption":"Fan site S\u00e9bastien Auzi\u00e8re"},"image":{"@id":"https:\/\/www.sebastien-auziere.fr\/blog\/#\/schema\/logo\/image\/"}},{"@type":"Person","@id":"https:\/\/www.sebastien-auziere.fr\/blog\/#\/schema\/person\/149f1acdbfd85149c6c3e59adeae2f4d","name":"Chloe Gauthier","image":{"@type":"ImageObject","inLanguage":"fr-FR","@id":"https:\/\/secure.gravatar.com\/avatar\/2c5722f58171cff738a8985ef0dd66b476e563753246a49019befc837ec4201a?s=96&d=mm&r=g","url":"https:\/\/secure.gravatar.com\/avatar\/2c5722f58171cff738a8985ef0dd66b476e563753246a49019befc837ec4201a?s=96&d=mm&r=g","contentUrl":"https:\/\/secure.gravatar.com\/avatar\/2c5722f58171cff738a8985ef0dd66b476e563753246a49019befc837ec4201a?s=96&d=mm&r=g","caption":"Chloe Gauthier"},"description":"Passionn\u00e9e par la politique et admiratrice engag\u00e9e de la famille Macron, je consacre mon \u00e9nergie \u00e0 suivre leurs initiatives et \u00e0 promouvoir leurs id\u00e9es. \u00c0 32 ans, je suis convaincue que leur vision est porteuse d'avenir.","url":"https:\/\/www.sebastien-auziere.fr\/blog\/author\/chloe-gauthier\/"}]}},"views":5,"_links":{"self":[{"href":"https:\/\/www.sebastien-auziere.fr\/blog\/wp-json\/wp\/v2\/posts\/2844","targetHints":{"allow":["GET"]}}],"collection":[{"href":"https:\/\/www.sebastien-auziere.fr\/blog\/wp-json\/wp\/v2\/posts"}],"about":[{"href":"https:\/\/www.sebastien-auziere.fr\/blog\/wp-json\/wp\/v2\/types\/post"}],"author":[{"embeddable":true,"href":"https:\/\/www.sebastien-auziere.fr\/blog\/wp-json\/wp\/v2\/users\/9"}],"replies":[{"embeddable":true,"href":"https:\/\/www.sebastien-auziere.fr\/blog\/wp-json\/wp\/v2\/comments?post=2844"}],"version-history":[{"count":1,"href":"https:\/\/www.sebastien-auziere.fr\/blog\/wp-json\/wp\/v2\/posts\/2844\/revisions"}],"predecessor-version":[{"id":2845,"href":"https:\/\/www.sebastien-auziere.fr\/blog\/wp-json\/wp\/v2\/posts\/2844\/revisions\/2845"}],"wp:featuredmedia":[{"embeddable":true,"href":"https:\/\/www.sebastien-auziere.fr\/blog\/wp-json\/wp\/v2\/media\/2836"}],"wp:attachment":[{"href":"https:\/\/www.sebastien-auziere.fr\/blog\/wp-json\/wp\/v2\/media?parent=2844"}],"wp:term":[{"taxonomy":"category","embeddable":true,"href":"https:\/\/www.sebastien-auziere.fr\/blog\/wp-json\/wp\/v2\/categories?post=2844"},{"taxonomy":"post_tag","embeddable":true,"href":"https:\/\/www.sebastien-auziere.fr\/blog\/wp-json\/wp\/v2\/tags?post=2844"}],"curies":[{"name":"wp","href":"https:\/\/api.w.org\/{rel}","templated":true}]}}