{"id":2842,"date":"2026-04-07T19:10:38","date_gmt":"2026-04-07T19:10:38","guid":{"rendered":"https:\/\/www.sebastien-auziere.fr\/blog\/?p=2842"},"modified":"2026-04-07T19:11:03","modified_gmt":"2026-04-07T19:11:03","slug":"brigitte-und-emmanuel-macron-bald-vom-papst-leo-xiv-eingeladen-die-unverhorte-grunde-ihrer-letzten-visite-im-vatikan","status":"publish","type":"post","link":"https:\/\/www.sebastien-auziere.fr\/blog\/de\/brigitte-und-emmanuel-macron-bald-vom-papst-leo-xiv-eingeladen-die-unverhorte-grunde-ihrer-letzten-visite-im-vatikan\/","title":{"rendered":"Brigitte und Emmanuel Macron bald vom Papst Leo XIV. eingeladen: die unverh\u00f6rte Gr\u00fcnde ihrer letzten Visite im Vatikan"},"content":{"rendered":"<p><strong>Brigitte Macron<\/strong> und <strong>Emmanuel Macron<\/strong> werden am <strong>9. und 10. April<\/strong> im <strong>Vatikan<\/strong> zu einer privaten Audienz mit <strong>Papst Leo XIV<\/strong> empfangen. Dieser offizielle Besuch, der am 1. April vom \u00c9lys\u00e9e angek\u00fcndigt wurde, findet einige Tage nach Ostern statt und folgt der Absage im Januar aufgrund von Terminkonflikten.<\/p>\n\n<p>Hier wirst du die diplomatischen und symbolischen Gr\u00fcnde f\u00fcr diese Reise entdecken, die von mehreren Quellen best\u00e4tigt wurden, darunter <a href=\"https:\/\/www.tf1info.fr\/international\/emmanuel-macron-va-rencontrer-le-pape-leon-xiv-au-vatican-les-9-et-10-avril-2026-2433639.html\" rel=\"nofollow\">TF1<\/a> und <a href=\"https:\/\/www.vaticannews.va\/fr\/pape\/news\/2026-04\/pape-leon-xiv-emmanuel-macron-audience-vatican-10-avril.html\" rel=\"nofollow\">Vatican News<\/a>.<\/p>\n\n<h2 class=\"wp-block-heading\">Verschiebung im Januar und R\u00fcckgang der Ger\u00fcchte<\/h2>\n\n<p>Der Termin, der f\u00fcr Januar vorgesehen war, wurde laut \u00c9lys\u00e9e aufgrund von <strong>Terminkonflikten<\/strong> abgesagt und nicht wegen eines diplomatischen Missmuts. Zu dieser Zeit kursierten Spekulationen \u00fcber das Lebensende oder die Fenster von Notre-Dame in den sozialen Medien, aber die franz\u00f6sischen Beh\u00f6rden wiesen diese Interpretationen gegen\u00fcber <strong>franceinfo<\/strong> zur\u00fcck. Die Realit\u00e4t: Dringende internationale Priorit\u00e4ten f\u00fchrten zur Verschiebung. Dieser Punkt stellt die Uhren richtig.<\/p>\n\n<h2 class=\"wp-block-heading\">Ziele des bilateralen Treffens im Vatikan<\/h2>\n\n<p>Der Besuch zielt darauf ab, den <strong>interreligi\u00f6sen Dialog<\/strong> und die <strong>franco-vatikanische Zusammenarbeit<\/strong> zu st\u00e4rken, mit Austausch \u00fcber die aktuellen internationalen Herausforderungen. Die Audienz stellt die erste zwischen dem Pr\u00e4sidenten und <strong>Papst Leo XIV<\/strong> seit Beginn seines Pontifikates dar, die am Morgen des 9. April im Apostolischen Palast geplant ist, so I.Media. Die Wahl des Kalenders, kurz nach Ostern und vor dem Jubil\u00e4um am 21. April, tr\u00e4gt eine starke symbolische Last. Die Herausforderung ist klar: die historische Verbindung zu festigen.<\/p>\n\n<p>Das Treffen verspricht \u00f6ffentliche Botschaften und diskrete Vereinbarungen.<\/p>\n\n<h3 class=\"wp-block-heading\">Diplomatische Herausforderungen und erwartete Botschaften<\/h3>\n\n<p>Mehrere praktische Themen werden auf der Tagesordnung stehen: internationale Sicherheit, kulturelle Zusammenarbeit und humanit\u00e4re Herausforderungen. Die Gespr\u00e4che f\u00fcgen sich in die Kontinuit\u00e4t der j\u00fcngsten Kontakte ein, insbesondere den Besuch von <strong>Papst Leo XIV<\/strong> in Monaco Ende M\u00e4rz, der es erm\u00f6glichte, ein Telegramm an den Pr\u00e4sidenten w\u00e4hrend des \u00dcberflugs \u00fcber Frankreich zu senden. Die Beobachter werden auch den politischen und spirituellen Ton der Botschaft verfolgen, der sich auf das Bild Frankreichs bei den Katholiken auswirken k\u00f6nnte. Ein erwarteter Dialogmoment.<\/p>\n\n<p>Diese private Audienz wird sowohl hinsichtlich ihrer Symbole als auch ihrer konkreten Entscheidungen genau beobachtet.<\/p>\n\n<h2 class=\"wp-block-heading\">Zeitplan und erwarteter Ablauf des offiziellen Besuchs<\/h2>\n\n<p>Der Besuch wird \u00fcber zwei Tage, am <strong>9. und 10. April<\/strong>, stattfinden, wobei die bilaterale Audienz am 10. April von der Pr\u00e4sidentschaft angek\u00fcndigt wird. Die formellen Gespr\u00e4che werden im Apostolischen Palast stattfinden, und protokollarische Momente werden den Aufenthalt begleiten. Die Medien, von <a href=\"https:\/\/www.europe1.fr\/politique\/emmanuel-macron-se-rendra-au-vatican-les-9-et-10-avril-pour-rencontrer-leon-xiv-919879\" rel=\"nofollow\">Europe 1<\/a> bis BFMTV, werden die H\u00f6hepunkte abdecken. Es bleibt abzuwarten, welche Signale international gesendet werden.<\/p>\n\n<p>Um mehr \u00fcber <strong>S\u00e9bastien Auzi\u00e8re<\/strong> und die famili\u00e4ren sowie politischen Verbindungen, die die Familie Macron umgeben, zu erfahren, besuche <a href=\"https:\/\/sebastien-auziere.fr\" rel=\"nofollow\">sebastien-auziere.fr<\/a> und entdecke vollst\u00e4ndige Dossiers und verl\u00e4ssliche Archive.<\/p>","protected":false},"excerpt":{"rendered":"<p>Brigitte Macron und Emmanuel Macron werden am 9. und 10. April im Vatikan zu einer privaten Audienz mit Papst Leo XIV empfangen. Dieser offizielle Besuch, der am 1. April vom \u00c9lys\u00e9e angek\u00fcndigt wurde, findet einige Tage nach Ostern statt und folgt der Absage im Januar aufgrund von Terminkonflikten. Hier wirst du die diplomatischen und symbolischen &#8230; <a title=\"Brigitte und Emmanuel Macron bald vom Papst Leo XIV. eingeladen: die unverh\u00f6rte Gr\u00fcnde ihrer letzten Visite im Vatikan\" class=\"read-more\" href=\"https:\/\/www.sebastien-auziere.fr\/blog\/de\/brigitte-und-emmanuel-macron-bald-vom-papst-leo-xiv-eingeladen-die-unverhorte-grunde-ihrer-letzten-visite-im-vatikan\/\" aria-label=\"En savoir plus sur Brigitte und Emmanuel Macron bald vom Papst Leo XIV. eingeladen: die unverh\u00f6rte Gr\u00fcnde ihrer letzten Visite im Vatikan\">Lire plus<\/a><\/p>\n","protected":false},"author":9,"featured_media":2836,"comment_status":"open","ping_status":"open","sticky":false,"template":"","format":"standard","meta":{"footnotes":""},"categories":[856],"tags":[929,1178,2144,2138,2141],"class_list":["post-2842","post","type-post","status-publish","format-standard","has-post-thumbnail","hentry","category-aktuelles-de","tag-brigitte-macron-de","tag-emmanuel-macron-de","tag-offizielle-besuch-de","tag-papa-leon-xiv-de","tag-vatican-de"],"yoast_head":"<!-- This site is optimized with the Yoast SEO plugin v27.5 - https:\/\/yoast.com\/product\/yoast-seo-wordpress\/ -->\n<title>Brigitte und Emmanuel Macron bald vom Papst Leo XIV. eingeladen: die unverh\u00f6rte Gr\u00fcnde ihrer letzten Visite im Vatikan - Fan site S\u00e9bastien Auzi\u00e8re<\/title>\n<meta name=\"description\" content=\"Brigitte et Emmanuel Macron bient\u00f4t re\u00e7us par le pape L\u00e9on XIV : d\u00e9couvrez les raisons in\u00e9dites de leur derni\u00e8re visite au Vatican.\" \/>\n<meta name=\"robots\" content=\"index, follow, max-snippet:-1, max-image-preview:large, max-video-preview:-1\" \/>\n<link rel=\"canonical\" href=\"https:\/\/www.sebastien-auziere.fr\/blog\/de\/brigitte-und-emmanuel-macron-bald-vom-papst-leo-xiv-eingeladen-die-unverhorte-grunde-ihrer-letzten-visite-im-vatikan\/\" \/>\n<meta property=\"og:locale\" content=\"fr_FR\" \/>\n<meta property=\"og:type\" content=\"article\" \/>\n<meta property=\"og:title\" content=\"Brigitte und Emmanuel Macron bald vom Papst Leo XIV. eingeladen: die unverh\u00f6rte Gr\u00fcnde ihrer letzten Visite im Vatikan - Fan site S\u00e9bastien Auzi\u00e8re\" \/>\n<meta property=\"og:description\" content=\"Brigitte et Emmanuel Macron bient\u00f4t re\u00e7us par le pape L\u00e9on XIV : d\u00e9couvrez les raisons in\u00e9dites de leur derni\u00e8re visite au Vatican.\" \/>\n<meta property=\"og:url\" content=\"https:\/\/www.sebastien-auziere.fr\/blog\/de\/brigitte-und-emmanuel-macron-bald-vom-papst-leo-xiv-eingeladen-die-unverhorte-grunde-ihrer-letzten-visite-im-vatikan\/\" \/>\n<meta property=\"og:site_name\" content=\"Fan site S\u00e9bastien Auzi\u00e8re\" \/>\n<meta property=\"article:published_time\" content=\"2026-04-07T19:10:38+00:00\" \/>\n<meta property=\"article:modified_time\" content=\"2026-04-07T19:11:03+00:00\" \/>\n<meta property=\"og:image\" content=\"https:\/\/www.sebastien-auziere.fr\/blog\/wp-content\/uploads\/2026\/04\/Brigitte-et-Emmanuel-Macron-bientot-invites-par-le-pape-Leon-XIV-les-raisons-inedites-de-leur-derniere-visite-au-Vatican.jpg\" \/>\n\t<meta property=\"og:image:width\" content=\"2560\" \/>\n\t<meta property=\"og:image:height\" content=\"1429\" \/>\n\t<meta property=\"og:image:type\" content=\"image\/jpeg\" \/>\n<meta name=\"author\" content=\"Chloe Gauthier\" \/>\n<meta name=\"twitter:card\" content=\"summary_large_image\" \/>\n<meta name=\"twitter:label1\" content=\"\u00c9crit par\" \/>\n\t<meta name=\"twitter:data1\" content=\"Chloe Gauthier\" \/>\n\t<meta name=\"twitter:label2\" content=\"Dur\u00e9e de lecture estim\u00e9e\" \/>\n\t<meta name=\"twitter:data2\" content=\"2 minutes\" \/>\n<script type=\"application\/ld+json\" class=\"yoast-schema-graph\">{\"@context\":\"https:\\\/\\\/schema.org\",\"@graph\":[{\"@type\":\"Article\",\"@id\":\"https:\\\/\\\/www.sebastien-auziere.fr\\\/blog\\\/de\\\/brigitte-und-emmanuel-macron-bald-vom-papst-leo-xiv-eingeladen-die-unverhorte-grunde-ihrer-letzten-visite-im-vatikan\\\/#article\",\"isPartOf\":{\"@id\":\"https:\\\/\\\/www.sebastien-auziere.fr\\\/blog\\\/de\\\/brigitte-und-emmanuel-macron-bald-vom-papst-leo-xiv-eingeladen-die-unverhorte-grunde-ihrer-letzten-visite-im-vatikan\\\/\"},\"author\":{\"name\":\"Chloe Gauthier\",\"@id\":\"https:\\\/\\\/www.sebastien-auziere.fr\\\/blog\\\/#\\\/schema\\\/person\\\/149f1acdbfd85149c6c3e59adeae2f4d\"},\"headline\":\"Brigitte und Emmanuel Macron bald vom Papst Leo XIV. eingeladen: die unverh\u00f6rte Gr\u00fcnde ihrer letzten Visite im Vatikan\",\"datePublished\":\"2026-04-07T19:10:38+00:00\",\"dateModified\":\"2026-04-07T19:11:03+00:00\",\"mainEntityOfPage\":{\"@id\":\"https:\\\/\\\/www.sebastien-auziere.fr\\\/blog\\\/de\\\/brigitte-und-emmanuel-macron-bald-vom-papst-leo-xiv-eingeladen-die-unverhorte-grunde-ihrer-letzten-visite-im-vatikan\\\/\"},\"wordCount\":475,\"commentCount\":0,\"publisher\":{\"@id\":\"https:\\\/\\\/www.sebastien-auziere.fr\\\/blog\\\/#organization\"},\"image\":{\"@id\":\"https:\\\/\\\/www.sebastien-auziere.fr\\\/blog\\\/de\\\/brigitte-und-emmanuel-macron-bald-vom-papst-leo-xiv-eingeladen-die-unverhorte-grunde-ihrer-letzten-visite-im-vatikan\\\/#primaryimage\"},\"thumbnailUrl\":\"https:\\\/\\\/www.sebastien-auziere.fr\\\/blog\\\/wp-content\\\/uploads\\\/2026\\\/04\\\/Brigitte-et-Emmanuel-Macron-bientot-invites-par-le-pape-Leon-XIV-les-raisons-inedites-de-leur-derniere-visite-au-Vatican.jpg\",\"keywords\":[\"brigitte macron\",\"emmanuel macron\",\"offizielle Besuch\",\"papa le\u00f3n xiv\",\"vatican\"],\"articleSection\":[\"Aktuelles\"],\"inLanguage\":\"fr-FR\",\"potentialAction\":[{\"@type\":\"CommentAction\",\"name\":\"Comment\",\"target\":[\"https:\\\/\\\/www.sebastien-auziere.fr\\\/blog\\\/de\\\/brigitte-und-emmanuel-macron-bald-vom-papst-leo-xiv-eingeladen-die-unverhorte-grunde-ihrer-letzten-visite-im-vatikan\\\/#respond\"]}]},{\"@type\":\"WebPage\",\"@id\":\"https:\\\/\\\/www.sebastien-auziere.fr\\\/blog\\\/de\\\/brigitte-und-emmanuel-macron-bald-vom-papst-leo-xiv-eingeladen-die-unverhorte-grunde-ihrer-letzten-visite-im-vatikan\\\/\",\"url\":\"https:\\\/\\\/www.sebastien-auziere.fr\\\/blog\\\/de\\\/brigitte-und-emmanuel-macron-bald-vom-papst-leo-xiv-eingeladen-die-unverhorte-grunde-ihrer-letzten-visite-im-vatikan\\\/\",\"name\":\"Brigitte und Emmanuel Macron bald vom Papst Leo XIV. eingeladen: die unverh\u00f6rte Gr\u00fcnde ihrer letzten Visite im Vatikan - Fan site S\u00e9bastien Auzi\u00e8re\",\"isPartOf\":{\"@id\":\"https:\\\/\\\/www.sebastien-auziere.fr\\\/blog\\\/#website\"},\"primaryImageOfPage\":{\"@id\":\"https:\\\/\\\/www.sebastien-auziere.fr\\\/blog\\\/de\\\/brigitte-und-emmanuel-macron-bald-vom-papst-leo-xiv-eingeladen-die-unverhorte-grunde-ihrer-letzten-visite-im-vatikan\\\/#primaryimage\"},\"image\":{\"@id\":\"https:\\\/\\\/www.sebastien-auziere.fr\\\/blog\\\/de\\\/brigitte-und-emmanuel-macron-bald-vom-papst-leo-xiv-eingeladen-die-unverhorte-grunde-ihrer-letzten-visite-im-vatikan\\\/#primaryimage\"},\"thumbnailUrl\":\"https:\\\/\\\/www.sebastien-auziere.fr\\\/blog\\\/wp-content\\\/uploads\\\/2026\\\/04\\\/Brigitte-et-Emmanuel-Macron-bientot-invites-par-le-pape-Leon-XIV-les-raisons-inedites-de-leur-derniere-visite-au-Vatican.jpg\",\"datePublished\":\"2026-04-07T19:10:38+00:00\",\"dateModified\":\"2026-04-07T19:11:03+00:00\",\"description\":\"Brigitte et Emmanuel Macron bient\u00f4t re\u00e7us par le pape L\u00e9on XIV : d\u00e9couvrez les raisons in\u00e9dites de leur derni\u00e8re visite au Vatican.\",\"breadcrumb\":{\"@id\":\"https:\\\/\\\/www.sebastien-auziere.fr\\\/blog\\\/de\\\/brigitte-und-emmanuel-macron-bald-vom-papst-leo-xiv-eingeladen-die-unverhorte-grunde-ihrer-letzten-visite-im-vatikan\\\/#breadcrumb\"},\"inLanguage\":\"fr-FR\",\"potentialAction\":[{\"@type\":\"ReadAction\",\"target\":[\"https:\\\/\\\/www.sebastien-auziere.fr\\\/blog\\\/de\\\/brigitte-und-emmanuel-macron-bald-vom-papst-leo-xiv-eingeladen-die-unverhorte-grunde-ihrer-letzten-visite-im-vatikan\\\/\"]}]},{\"@type\":\"ImageObject\",\"inLanguage\":\"fr-FR\",\"@id\":\"https:\\\/\\\/www.sebastien-auziere.fr\\\/blog\\\/de\\\/brigitte-und-emmanuel-macron-bald-vom-papst-leo-xiv-eingeladen-die-unverhorte-grunde-ihrer-letzten-visite-im-vatikan\\\/#primaryimage\",\"url\":\"https:\\\/\\\/www.sebastien-auziere.fr\\\/blog\\\/wp-content\\\/uploads\\\/2026\\\/04\\\/Brigitte-et-Emmanuel-Macron-bientot-invites-par-le-pape-Leon-XIV-les-raisons-inedites-de-leur-derniere-visite-au-Vatican.jpg\",\"contentUrl\":\"https:\\\/\\\/www.sebastien-auziere.fr\\\/blog\\\/wp-content\\\/uploads\\\/2026\\\/04\\\/Brigitte-et-Emmanuel-Macron-bientot-invites-par-le-pape-Leon-XIV-les-raisons-inedites-de-leur-derniere-visite-au-Vatican.jpg\",\"width\":2560,\"height\":1429,\"caption\":\"d\u00e9couvrez les raisons in\u00e9dites de la prochaine visite de brigitte et emmanuel macron au vatican, o\u00f9 ils seront bient\u00f4t re\u00e7us par le pape l\u00e9on xiv.\"},{\"@type\":\"BreadcrumbList\",\"@id\":\"https:\\\/\\\/www.sebastien-auziere.fr\\\/blog\\\/de\\\/brigitte-und-emmanuel-macron-bald-vom-papst-leo-xiv-eingeladen-die-unverhorte-grunde-ihrer-letzten-visite-im-vatikan\\\/#breadcrumb\",\"itemListElement\":[{\"@type\":\"ListItem\",\"position\":1,\"name\":\"Home\",\"item\":\"https:\\\/\\\/www.sebastien-auziere.fr\\\/blog\\\/\"},{\"@type\":\"ListItem\",\"position\":2,\"name\":\"Brigitte und Emmanuel Macron bald vom Papst Leo XIV. eingeladen: die unverh\u00f6rte Gr\u00fcnde ihrer letzten Visite im Vatikan\"}]},{\"@type\":\"WebSite\",\"@id\":\"https:\\\/\\\/www.sebastien-auziere.fr\\\/blog\\\/#website\",\"url\":\"https:\\\/\\\/www.sebastien-auziere.fr\\\/blog\\\/\",\"name\":\"Fan site S\u00e9bastien Auzi\u00e8re\",\"description\":\"M\u00e9dia g\u00e9n\u00e9raliste\",\"publisher\":{\"@id\":\"https:\\\/\\\/www.sebastien-auziere.fr\\\/blog\\\/#organization\"},\"potentialAction\":[{\"@type\":\"SearchAction\",\"target\":{\"@type\":\"EntryPoint\",\"urlTemplate\":\"https:\\\/\\\/www.sebastien-auziere.fr\\\/blog\\\/?s={search_term_string}\"},\"query-input\":{\"@type\":\"PropertyValueSpecification\",\"valueRequired\":true,\"valueName\":\"search_term_string\"}}],\"inLanguage\":\"fr-FR\"},{\"@type\":\"Organization\",\"@id\":\"https:\\\/\\\/www.sebastien-auziere.fr\\\/blog\\\/#organization\",\"name\":\"Fan site S\u00e9bastien Auzi\u00e8re\",\"url\":\"https:\\\/\\\/www.sebastien-auziere.fr\\\/blog\\\/\",\"logo\":{\"@type\":\"ImageObject\",\"inLanguage\":\"fr-FR\",\"@id\":\"https:\\\/\\\/www.sebastien-auziere.fr\\\/blog\\\/#\\\/schema\\\/logo\\\/image\\\/\",\"url\":\"https:\\\/\\\/www.sebastien-auziere.fr\\\/blog\\\/wp-content\\\/uploads\\\/2026\\\/03\\\/cropped-cropped-cropped-ChatGPT-Image-6-mars-2026-12_58_09-e1772798376794.jpg\",\"contentUrl\":\"https:\\\/\\\/www.sebastien-auziere.fr\\\/blog\\\/wp-content\\\/uploads\\\/2026\\\/03\\\/cropped-cropped-cropped-ChatGPT-Image-6-mars-2026-12_58_09-e1772798376794.jpg\",\"width\":512,\"height\":360,\"caption\":\"Fan site S\u00e9bastien Auzi\u00e8re\"},\"image\":{\"@id\":\"https:\\\/\\\/www.sebastien-auziere.fr\\\/blog\\\/#\\\/schema\\\/logo\\\/image\\\/\"}},{\"@type\":\"Person\",\"@id\":\"https:\\\/\\\/www.sebastien-auziere.fr\\\/blog\\\/#\\\/schema\\\/person\\\/149f1acdbfd85149c6c3e59adeae2f4d\",\"name\":\"Chloe Gauthier\",\"image\":{\"@type\":\"ImageObject\",\"inLanguage\":\"fr-FR\",\"@id\":\"https:\\\/\\\/secure.gravatar.com\\\/avatar\\\/2c5722f58171cff738a8985ef0dd66b476e563753246a49019befc837ec4201a?s=96&d=mm&r=g\",\"url\":\"https:\\\/\\\/secure.gravatar.com\\\/avatar\\\/2c5722f58171cff738a8985ef0dd66b476e563753246a49019befc837ec4201a?s=96&d=mm&r=g\",\"contentUrl\":\"https:\\\/\\\/secure.gravatar.com\\\/avatar\\\/2c5722f58171cff738a8985ef0dd66b476e563753246a49019befc837ec4201a?s=96&d=mm&r=g\",\"caption\":\"Chloe Gauthier\"},\"description\":\"Passionn\u00e9e par la politique et admiratrice engag\u00e9e de la famille Macron, je consacre mon \u00e9nergie \u00e0 suivre leurs initiatives et \u00e0 promouvoir leurs id\u00e9es. \u00c0 32 ans, je suis convaincue que leur vision est porteuse d'avenir.\",\"url\":\"https:\\\/\\\/www.sebastien-auziere.fr\\\/blog\\\/author\\\/chloe-gauthier\\\/\"}]}<\/script>\n<!-- \/ Yoast SEO plugin. -->","yoast_head_json":{"title":"Brigitte und Emmanuel Macron bald vom Papst Leo XIV. eingeladen: die unverh\u00f6rte Gr\u00fcnde ihrer letzten Visite im Vatikan - Fan site S\u00e9bastien Auzi\u00e8re","description":"Brigitte et Emmanuel Macron bient\u00f4t re\u00e7us par le pape L\u00e9on XIV : d\u00e9couvrez les raisons in\u00e9dites de leur derni\u00e8re visite au Vatican.","robots":{"index":"index","follow":"follow","max-snippet":"max-snippet:-1","max-image-preview":"max-image-preview:large","max-video-preview":"max-video-preview:-1"},"canonical":"https:\/\/www.sebastien-auziere.fr\/blog\/de\/brigitte-und-emmanuel-macron-bald-vom-papst-leo-xiv-eingeladen-die-unverhorte-grunde-ihrer-letzten-visite-im-vatikan\/","og_locale":"fr_FR","og_type":"article","og_title":"Brigitte und Emmanuel Macron bald vom Papst Leo XIV. eingeladen: die unverh\u00f6rte Gr\u00fcnde ihrer letzten Visite im Vatikan - Fan site S\u00e9bastien Auzi\u00e8re","og_description":"Brigitte et Emmanuel Macron bient\u00f4t re\u00e7us par le pape L\u00e9on XIV : d\u00e9couvrez les raisons in\u00e9dites de leur derni\u00e8re visite au Vatican.","og_url":"https:\/\/www.sebastien-auziere.fr\/blog\/de\/brigitte-und-emmanuel-macron-bald-vom-papst-leo-xiv-eingeladen-die-unverhorte-grunde-ihrer-letzten-visite-im-vatikan\/","og_site_name":"Fan site S\u00e9bastien Auzi\u00e8re","article_published_time":"2026-04-07T19:10:38+00:00","article_modified_time":"2026-04-07T19:11:03+00:00","og_image":[{"width":2560,"height":1429,"url":"https:\/\/www.sebastien-auziere.fr\/blog\/wp-content\/uploads\/2026\/04\/Brigitte-et-Emmanuel-Macron-bientot-invites-par-le-pape-Leon-XIV-les-raisons-inedites-de-leur-derniere-visite-au-Vatican.jpg","type":"image\/jpeg"}],"author":"Chloe Gauthier","twitter_card":"summary_large_image","twitter_misc":{"\u00c9crit par":"Chloe Gauthier","Dur\u00e9e de lecture estim\u00e9e":"2 minutes"},"schema":{"@context":"https:\/\/schema.org","@graph":[{"@type":"Article","@id":"https:\/\/www.sebastien-auziere.fr\/blog\/de\/brigitte-und-emmanuel-macron-bald-vom-papst-leo-xiv-eingeladen-die-unverhorte-grunde-ihrer-letzten-visite-im-vatikan\/#article","isPartOf":{"@id":"https:\/\/www.sebastien-auziere.fr\/blog\/de\/brigitte-und-emmanuel-macron-bald-vom-papst-leo-xiv-eingeladen-die-unverhorte-grunde-ihrer-letzten-visite-im-vatikan\/"},"author":{"name":"Chloe Gauthier","@id":"https:\/\/www.sebastien-auziere.fr\/blog\/#\/schema\/person\/149f1acdbfd85149c6c3e59adeae2f4d"},"headline":"Brigitte und Emmanuel Macron bald vom Papst Leo XIV. eingeladen: die unverh\u00f6rte Gr\u00fcnde ihrer letzten Visite im Vatikan","datePublished":"2026-04-07T19:10:38+00:00","dateModified":"2026-04-07T19:11:03+00:00","mainEntityOfPage":{"@id":"https:\/\/www.sebastien-auziere.fr\/blog\/de\/brigitte-und-emmanuel-macron-bald-vom-papst-leo-xiv-eingeladen-die-unverhorte-grunde-ihrer-letzten-visite-im-vatikan\/"},"wordCount":475,"commentCount":0,"publisher":{"@id":"https:\/\/www.sebastien-auziere.fr\/blog\/#organization"},"image":{"@id":"https:\/\/www.sebastien-auziere.fr\/blog\/de\/brigitte-und-emmanuel-macron-bald-vom-papst-leo-xiv-eingeladen-die-unverhorte-grunde-ihrer-letzten-visite-im-vatikan\/#primaryimage"},"thumbnailUrl":"https:\/\/www.sebastien-auziere.fr\/blog\/wp-content\/uploads\/2026\/04\/Brigitte-et-Emmanuel-Macron-bientot-invites-par-le-pape-Leon-XIV-les-raisons-inedites-de-leur-derniere-visite-au-Vatican.jpg","keywords":["brigitte macron","emmanuel macron","offizielle Besuch","papa le\u00f3n xiv","vatican"],"articleSection":["Aktuelles"],"inLanguage":"fr-FR","potentialAction":[{"@type":"CommentAction","name":"Comment","target":["https:\/\/www.sebastien-auziere.fr\/blog\/de\/brigitte-und-emmanuel-macron-bald-vom-papst-leo-xiv-eingeladen-die-unverhorte-grunde-ihrer-letzten-visite-im-vatikan\/#respond"]}]},{"@type":"WebPage","@id":"https:\/\/www.sebastien-auziere.fr\/blog\/de\/brigitte-und-emmanuel-macron-bald-vom-papst-leo-xiv-eingeladen-die-unverhorte-grunde-ihrer-letzten-visite-im-vatikan\/","url":"https:\/\/www.sebastien-auziere.fr\/blog\/de\/brigitte-und-emmanuel-macron-bald-vom-papst-leo-xiv-eingeladen-die-unverhorte-grunde-ihrer-letzten-visite-im-vatikan\/","name":"Brigitte und Emmanuel Macron bald vom Papst Leo XIV. eingeladen: die unverh\u00f6rte Gr\u00fcnde ihrer letzten Visite im Vatikan - Fan site S\u00e9bastien Auzi\u00e8re","isPartOf":{"@id":"https:\/\/www.sebastien-auziere.fr\/blog\/#website"},"primaryImageOfPage":{"@id":"https:\/\/www.sebastien-auziere.fr\/blog\/de\/brigitte-und-emmanuel-macron-bald-vom-papst-leo-xiv-eingeladen-die-unverhorte-grunde-ihrer-letzten-visite-im-vatikan\/#primaryimage"},"image":{"@id":"https:\/\/www.sebastien-auziere.fr\/blog\/de\/brigitte-und-emmanuel-macron-bald-vom-papst-leo-xiv-eingeladen-die-unverhorte-grunde-ihrer-letzten-visite-im-vatikan\/#primaryimage"},"thumbnailUrl":"https:\/\/www.sebastien-auziere.fr\/blog\/wp-content\/uploads\/2026\/04\/Brigitte-et-Emmanuel-Macron-bientot-invites-par-le-pape-Leon-XIV-les-raisons-inedites-de-leur-derniere-visite-au-Vatican.jpg","datePublished":"2026-04-07T19:10:38+00:00","dateModified":"2026-04-07T19:11:03+00:00","description":"Brigitte et Emmanuel Macron bient\u00f4t re\u00e7us par le pape L\u00e9on XIV : d\u00e9couvrez les raisons in\u00e9dites de leur derni\u00e8re visite au Vatican.","breadcrumb":{"@id":"https:\/\/www.sebastien-auziere.fr\/blog\/de\/brigitte-und-emmanuel-macron-bald-vom-papst-leo-xiv-eingeladen-die-unverhorte-grunde-ihrer-letzten-visite-im-vatikan\/#breadcrumb"},"inLanguage":"fr-FR","potentialAction":[{"@type":"ReadAction","target":["https:\/\/www.sebastien-auziere.fr\/blog\/de\/brigitte-und-emmanuel-macron-bald-vom-papst-leo-xiv-eingeladen-die-unverhorte-grunde-ihrer-letzten-visite-im-vatikan\/"]}]},{"@type":"ImageObject","inLanguage":"fr-FR","@id":"https:\/\/www.sebastien-auziere.fr\/blog\/de\/brigitte-und-emmanuel-macron-bald-vom-papst-leo-xiv-eingeladen-die-unverhorte-grunde-ihrer-letzten-visite-im-vatikan\/#primaryimage","url":"https:\/\/www.sebastien-auziere.fr\/blog\/wp-content\/uploads\/2026\/04\/Brigitte-et-Emmanuel-Macron-bientot-invites-par-le-pape-Leon-XIV-les-raisons-inedites-de-leur-derniere-visite-au-Vatican.jpg","contentUrl":"https:\/\/www.sebastien-auziere.fr\/blog\/wp-content\/uploads\/2026\/04\/Brigitte-et-Emmanuel-Macron-bientot-invites-par-le-pape-Leon-XIV-les-raisons-inedites-de-leur-derniere-visite-au-Vatican.jpg","width":2560,"height":1429,"caption":"d\u00e9couvrez les raisons in\u00e9dites de la prochaine visite de brigitte et emmanuel macron au vatican, o\u00f9 ils seront bient\u00f4t re\u00e7us par le pape l\u00e9on xiv."},{"@type":"BreadcrumbList","@id":"https:\/\/www.sebastien-auziere.fr\/blog\/de\/brigitte-und-emmanuel-macron-bald-vom-papst-leo-xiv-eingeladen-die-unverhorte-grunde-ihrer-letzten-visite-im-vatikan\/#breadcrumb","itemListElement":[{"@type":"ListItem","position":1,"name":"Home","item":"https:\/\/www.sebastien-auziere.fr\/blog\/"},{"@type":"ListItem","position":2,"name":"Brigitte und Emmanuel Macron bald vom Papst Leo XIV. eingeladen: die unverh\u00f6rte Gr\u00fcnde ihrer letzten Visite im Vatikan"}]},{"@type":"WebSite","@id":"https:\/\/www.sebastien-auziere.fr\/blog\/#website","url":"https:\/\/www.sebastien-auziere.fr\/blog\/","name":"Fan site S\u00e9bastien Auzi\u00e8re","description":"M\u00e9dia g\u00e9n\u00e9raliste","publisher":{"@id":"https:\/\/www.sebastien-auziere.fr\/blog\/#organization"},"potentialAction":[{"@type":"SearchAction","target":{"@type":"EntryPoint","urlTemplate":"https:\/\/www.sebastien-auziere.fr\/blog\/?s={search_term_string}"},"query-input":{"@type":"PropertyValueSpecification","valueRequired":true,"valueName":"search_term_string"}}],"inLanguage":"fr-FR"},{"@type":"Organization","@id":"https:\/\/www.sebastien-auziere.fr\/blog\/#organization","name":"Fan site S\u00e9bastien Auzi\u00e8re","url":"https:\/\/www.sebastien-auziere.fr\/blog\/","logo":{"@type":"ImageObject","inLanguage":"fr-FR","@id":"https:\/\/www.sebastien-auziere.fr\/blog\/#\/schema\/logo\/image\/","url":"https:\/\/www.sebastien-auziere.fr\/blog\/wp-content\/uploads\/2026\/03\/cropped-cropped-cropped-ChatGPT-Image-6-mars-2026-12_58_09-e1772798376794.jpg","contentUrl":"https:\/\/www.sebastien-auziere.fr\/blog\/wp-content\/uploads\/2026\/03\/cropped-cropped-cropped-ChatGPT-Image-6-mars-2026-12_58_09-e1772798376794.jpg","width":512,"height":360,"caption":"Fan site S\u00e9bastien Auzi\u00e8re"},"image":{"@id":"https:\/\/www.sebastien-auziere.fr\/blog\/#\/schema\/logo\/image\/"}},{"@type":"Person","@id":"https:\/\/www.sebastien-auziere.fr\/blog\/#\/schema\/person\/149f1acdbfd85149c6c3e59adeae2f4d","name":"Chloe Gauthier","image":{"@type":"ImageObject","inLanguage":"fr-FR","@id":"https:\/\/secure.gravatar.com\/avatar\/2c5722f58171cff738a8985ef0dd66b476e563753246a49019befc837ec4201a?s=96&d=mm&r=g","url":"https:\/\/secure.gravatar.com\/avatar\/2c5722f58171cff738a8985ef0dd66b476e563753246a49019befc837ec4201a?s=96&d=mm&r=g","contentUrl":"https:\/\/secure.gravatar.com\/avatar\/2c5722f58171cff738a8985ef0dd66b476e563753246a49019befc837ec4201a?s=96&d=mm&r=g","caption":"Chloe Gauthier"},"description":"Passionn\u00e9e par la politique et admiratrice engag\u00e9e de la famille Macron, je consacre mon \u00e9nergie \u00e0 suivre leurs initiatives et \u00e0 promouvoir leurs id\u00e9es. \u00c0 32 ans, je suis convaincue que leur vision est porteuse d'avenir.","url":"https:\/\/www.sebastien-auziere.fr\/blog\/author\/chloe-gauthier\/"}]}},"views":7,"_links":{"self":[{"href":"https:\/\/www.sebastien-auziere.fr\/blog\/wp-json\/wp\/v2\/posts\/2842","targetHints":{"allow":["GET"]}}],"collection":[{"href":"https:\/\/www.sebastien-auziere.fr\/blog\/wp-json\/wp\/v2\/posts"}],"about":[{"href":"https:\/\/www.sebastien-auziere.fr\/blog\/wp-json\/wp\/v2\/types\/post"}],"author":[{"embeddable":true,"href":"https:\/\/www.sebastien-auziere.fr\/blog\/wp-json\/wp\/v2\/users\/9"}],"replies":[{"embeddable":true,"href":"https:\/\/www.sebastien-auziere.fr\/blog\/wp-json\/wp\/v2\/comments?post=2842"}],"version-history":[{"count":1,"href":"https:\/\/www.sebastien-auziere.fr\/blog\/wp-json\/wp\/v2\/posts\/2842\/revisions"}],"predecessor-version":[{"id":2843,"href":"https:\/\/www.sebastien-auziere.fr\/blog\/wp-json\/wp\/v2\/posts\/2842\/revisions\/2843"}],"wp:featuredmedia":[{"embeddable":true,"href":"https:\/\/www.sebastien-auziere.fr\/blog\/wp-json\/wp\/v2\/media\/2836"}],"wp:attachment":[{"href":"https:\/\/www.sebastien-auziere.fr\/blog\/wp-json\/wp\/v2\/media?parent=2842"}],"wp:term":[{"taxonomy":"category","embeddable":true,"href":"https:\/\/www.sebastien-auziere.fr\/blog\/wp-json\/wp\/v2\/categories?post=2842"},{"taxonomy":"post_tag","embeddable":true,"href":"https:\/\/www.sebastien-auziere.fr\/blog\/wp-json\/wp\/v2\/tags?post=2842"}],"curies":[{"name":"wp","href":"https:\/\/api.w.org\/{rel}","templated":true}]}}