{"id":2840,"date":"2026-04-07T19:09:39","date_gmt":"2026-04-07T19:09:39","guid":{"rendered":"https:\/\/www.sebastien-auziere.fr\/blog\/?p=2840"},"modified":"2026-04-07T19:10:01","modified_gmt":"2026-04-07T19:10:01","slug":"brigitte-y-emmanuel-macron-pronto-invitados-por-el-papa-leon-xiv-las-razones-ineditas-de-su-ultima-visita-al-vaticano","status":"publish","type":"post","link":"https:\/\/www.sebastien-auziere.fr\/blog\/es\/brigitte-y-emmanuel-macron-pronto-invitados-por-el-papa-leon-xiv-las-razones-ineditas-de-su-ultima-visita-al-vaticano\/","title":{"rendered":"Brigitte y Emmanuel Macron pronto invitados por el Papa Le\u00f3n XIV: las razones in\u00e9ditas de su \u00faltima visita al Vaticano"},"content":{"rendered":"<p><strong>Brigitte Macron<\/strong> y <strong>Emmanuel Macron<\/strong> ser\u00e1n recibidos en el <strong>Vaticano<\/strong> los <strong>9 y 10 de abril<\/strong> para una audiencia privada con el <strong>papa Le\u00f3n XIV<\/strong>. Esta visita oficial, anunciada por el El\u00edseo el 1 de abril, tiene lugar unos d\u00edas despu\u00e9s de Pascua y sigue a la cancelaci\u00f3n de enero por incompatibilidad de agenda.<\/p>\n\n<p>Aqu\u00ed descubrir\u00e1s las razones diplom\u00e1ticas y simb\u00f3licas de este viaje, confirmado por varias fuentes como <a href=\"https:\/\/www.tf1info.fr\/international\/emmanuel-macron-va-rencontrer-le-pape-leon-xiv-au-vatican-les-9-et-10-avril-2026-2433639.html\" rel=\"nofollow\">TF1<\/a> y <a href=\"https:\/\/www.vaticannews.va\/fr\/pape\/news\/2026-04\/pape-leon-xiv-emmanuel-macron-audience-vatican-10-avril.html\" rel=\"nofollow\">Vatican News<\/a>.<\/p>\n\n<h2 class=\"wp-block-heading\">Cancelaci\u00f3n de enero y disminuci\u00f3n de los rumores<\/h2>\n\n<p>La reuni\u00f3n prevista para enero fue cancelada por una <strong>incompatibilidad de agenda<\/strong>, seg\u00fan el El\u00edseo, y no por un enfriamiento diplom\u00e1tico. En ese momento, circularon especulaciones sobre la muerte o los vitrales de Notre-Dame en las redes, pero las autoridades francesas desmintieron estas interpretaciones ante <strong>franceinfo<\/strong>. La realidad: prioridades internacionales urgentes impusieron el aplazamiento. Este punto restablece el tiempo.<\/p>\n\n<h2 class=\"wp-block-heading\">Objetivos de la reuni\u00f3n bilateral en el Vaticano<\/h2>\n\n<p>La visita tiene como objetivo fortalecer el <strong>di\u00e1logo interreligioso<\/strong> y la <strong>cooperaci\u00f3n franco-vaticana<\/strong>, con intercambios sobre los desaf\u00edos internacionales actuales. La audiencia constituye la primera entre el presidente y el <strong>papa Le\u00f3n XIV<\/strong> desde el inicio de su pontificado, programada en el Palacio Apost\u00f3lico en la ma\u00f1ana del 9 de abril, seg\u00fan I.Media. La elecci\u00f3n del calendario, poco despu\u00e9s de Pascua y antes del aniversario del 21 de abril, tiene una fuerte carga simb\u00f3lica. El objetivo es claro: consolidar el v\u00ednculo hist\u00f3rico.<\/p>\n\n<p>El encuentro promete mensajes p\u00fablicos y entendimientos discretos.<\/p>\n\n<h3 class=\"wp-block-heading\">Cuestiones diplom\u00e1ticas y mensajes esperados<\/h3>\n\n<p>Varios temas pr\u00e1cticos figurar\u00e1n en la agenda: seguridad internacional, cooperaci\u00f3n cultural y cuestiones humanitarias. Los intercambios se inscriben en la continuidad de los contactos recientes, particularmente la visita del <strong>papa Le\u00f3n XIV<\/strong> a M\u00f3naco a finales de marzo, que permiti\u00f3 un telegrama dirigido al presidente durante el sobrevuelo de Francia. Los observadores tambi\u00e9n seguir\u00e1n la tonalidad pol\u00edtica y espiritual del mensaje, susceptible de influir en la imagen de Francia ante los cat\u00f3licos. Un momento de di\u00e1logo esperado.<\/p>\n\n<p>Esta audiencia privada ser\u00e1 observada tanto por sus s\u00edmbolos como por sus decisiones concretas.<\/p>\n\n<h2 class=\"wp-block-heading\">Calendario y desarrollo esperado de la visita oficial<\/h2>\n\n<p>La visita se desarrollar\u00e1 durante dos d\u00edas, los <strong>9 y 10 de abril<\/strong>, con una audiencia bilateral anunciada el 10 de abril por la presidencia. Los intercambios formales se llevar\u00e1n a cabo en el Palacio Apost\u00f3lico, y momentos protocolarios marcar\u00e1n la estancia. Los medios, desde <a href=\"https:\/\/www.europe1.fr\/politique\/emmanuel-macron-se-rendra-au-vatican-les-9-et-10-avril-pour-rencontrer-leon-xiv-919879\" rel=\"nofollow\">Europe 1<\/a> hasta BFMTV, deber\u00edan cubrir los eventos importantes. Queda por ver los se\u00f1ales enviados a nivel internacional.<\/p>\n\n<p>Para saber m\u00e1s sobre <strong>S\u00e9bastien Auzi\u00e8re<\/strong> y los lazos familiares y pol\u00edticos que rodean a la familia Macron, visita <a href=\"https:\/\/sebastien-auziere.fr\" rel=\"nofollow\">sebastien-auziere.fr<\/a> y descubre completos informes y archivos fiables.<\/p>","protected":false},"excerpt":{"rendered":"<p>Brigitte Macron y Emmanuel Macron ser\u00e1n recibidos en el Vaticano los 9 y 10 de abril para una audiencia privada con el papa Le\u00f3n XIV. Esta visita oficial, anunciada por el El\u00edseo el 1 de abril, tiene lugar unos d\u00edas despu\u00e9s de Pascua y sigue a la cancelaci\u00f3n de enero por incompatibilidad de agenda. Aqu\u00ed &#8230; <a title=\"Brigitte y Emmanuel Macron pronto invitados por el Papa Le\u00f3n XIV: las razones in\u00e9ditas de su \u00faltima visita al Vaticano\" class=\"read-more\" href=\"https:\/\/www.sebastien-auziere.fr\/blog\/es\/brigitte-y-emmanuel-macron-pronto-invitados-por-el-papa-leon-xiv-las-razones-ineditas-de-su-ultima-visita-al-vaticano\/\" aria-label=\"En savoir plus sur Brigitte y Emmanuel Macron pronto invitados por el Papa Le\u00f3n XIV: las razones in\u00e9ditas de su \u00faltima visita al Vaticano\">Lire plus<\/a><\/p>\n","protected":false},"author":9,"featured_media":2836,"comment_status":"open","ping_status":"open","sticky":false,"template":"","format":"standard","meta":{"footnotes":""},"categories":[820],"tags":[914,1166,2129,2132,2135],"class_list":["post-2840","post","type-post","status-publish","format-standard","has-post-thumbnail","hentry","category-actualidades-es","tag-brigitte-macron-es","tag-emmanuel-macron-es","tag-papa-leon-xiv-es","tag-vaticano-es","tag-visita-oficial-es"],"yoast_head":"<!-- This site is optimized with the Yoast SEO plugin v27.5 - https:\/\/yoast.com\/product\/yoast-seo-wordpress\/ -->\n<title>Brigitte y Emmanuel Macron pronto invitados por el Papa Le\u00f3n XIV: las razones in\u00e9ditas de su \u00faltima visita al Vaticano - Fan site S\u00e9bastien Auzi\u00e8re<\/title>\n<meta name=\"description\" content=\"Brigitte et Emmanuel Macron bient\u00f4t re\u00e7us par le pape L\u00e9on XIV : d\u00e9couvrez les raisons in\u00e9dites de leur derni\u00e8re visite au Vatican.\" \/>\n<meta name=\"robots\" content=\"index, follow, max-snippet:-1, max-image-preview:large, max-video-preview:-1\" \/>\n<link rel=\"canonical\" href=\"https:\/\/www.sebastien-auziere.fr\/blog\/es\/brigitte-y-emmanuel-macron-pronto-invitados-por-el-papa-leon-xiv-las-razones-ineditas-de-su-ultima-visita-al-vaticano\/\" \/>\n<meta property=\"og:locale\" content=\"fr_FR\" \/>\n<meta property=\"og:type\" content=\"article\" \/>\n<meta property=\"og:title\" content=\"Brigitte y Emmanuel Macron pronto invitados por el Papa Le\u00f3n XIV: las razones in\u00e9ditas de su \u00faltima visita al Vaticano - Fan site S\u00e9bastien Auzi\u00e8re\" \/>\n<meta property=\"og:description\" content=\"Brigitte et Emmanuel Macron bient\u00f4t re\u00e7us par le pape L\u00e9on XIV : d\u00e9couvrez les raisons in\u00e9dites de leur derni\u00e8re visite au Vatican.\" \/>\n<meta property=\"og:url\" content=\"https:\/\/www.sebastien-auziere.fr\/blog\/es\/brigitte-y-emmanuel-macron-pronto-invitados-por-el-papa-leon-xiv-las-razones-ineditas-de-su-ultima-visita-al-vaticano\/\" \/>\n<meta property=\"og:site_name\" content=\"Fan site S\u00e9bastien Auzi\u00e8re\" \/>\n<meta property=\"article:published_time\" content=\"2026-04-07T19:09:39+00:00\" \/>\n<meta property=\"article:modified_time\" content=\"2026-04-07T19:10:01+00:00\" \/>\n<meta property=\"og:image\" content=\"https:\/\/www.sebastien-auziere.fr\/blog\/wp-content\/uploads\/2026\/04\/Brigitte-et-Emmanuel-Macron-bientot-invites-par-le-pape-Leon-XIV-les-raisons-inedites-de-leur-derniere-visite-au-Vatican.jpg\" \/>\n\t<meta property=\"og:image:width\" content=\"2560\" \/>\n\t<meta property=\"og:image:height\" content=\"1429\" \/>\n\t<meta property=\"og:image:type\" content=\"image\/jpeg\" \/>\n<meta name=\"author\" content=\"Chloe Gauthier\" \/>\n<meta name=\"twitter:card\" content=\"summary_large_image\" \/>\n<meta name=\"twitter:label1\" content=\"\u00c9crit par\" \/>\n\t<meta name=\"twitter:data1\" content=\"Chloe Gauthier\" \/>\n\t<meta name=\"twitter:label2\" content=\"Dur\u00e9e de lecture estim\u00e9e\" \/>\n\t<meta name=\"twitter:data2\" content=\"2 minutes\" \/>\n<script type=\"application\/ld+json\" class=\"yoast-schema-graph\">{\"@context\":\"https:\\\/\\\/schema.org\",\"@graph\":[{\"@type\":\"Article\",\"@id\":\"https:\\\/\\\/www.sebastien-auziere.fr\\\/blog\\\/es\\\/brigitte-y-emmanuel-macron-pronto-invitados-por-el-papa-leon-xiv-las-razones-ineditas-de-su-ultima-visita-al-vaticano\\\/#article\",\"isPartOf\":{\"@id\":\"https:\\\/\\\/www.sebastien-auziere.fr\\\/blog\\\/es\\\/brigitte-y-emmanuel-macron-pronto-invitados-por-el-papa-leon-xiv-las-razones-ineditas-de-su-ultima-visita-al-vaticano\\\/\"},\"author\":{\"name\":\"Chloe Gauthier\",\"@id\":\"https:\\\/\\\/www.sebastien-auziere.fr\\\/blog\\\/#\\\/schema\\\/person\\\/149f1acdbfd85149c6c3e59adeae2f4d\"},\"headline\":\"Brigitte y Emmanuel Macron pronto invitados por el Papa Le\u00f3n XIV: las razones in\u00e9ditas de su \u00faltima visita al Vaticano\",\"datePublished\":\"2026-04-07T19:09:39+00:00\",\"dateModified\":\"2026-04-07T19:10:01+00:00\",\"mainEntityOfPage\":{\"@id\":\"https:\\\/\\\/www.sebastien-auziere.fr\\\/blog\\\/es\\\/brigitte-y-emmanuel-macron-pronto-invitados-por-el-papa-leon-xiv-las-razones-ineditas-de-su-ultima-visita-al-vaticano\\\/\"},\"wordCount\":498,\"commentCount\":0,\"publisher\":{\"@id\":\"https:\\\/\\\/www.sebastien-auziere.fr\\\/blog\\\/#organization\"},\"image\":{\"@id\":\"https:\\\/\\\/www.sebastien-auziere.fr\\\/blog\\\/es\\\/brigitte-y-emmanuel-macron-pronto-invitados-por-el-papa-leon-xiv-las-razones-ineditas-de-su-ultima-visita-al-vaticano\\\/#primaryimage\"},\"thumbnailUrl\":\"https:\\\/\\\/www.sebastien-auziere.fr\\\/blog\\\/wp-content\\\/uploads\\\/2026\\\/04\\\/Brigitte-et-Emmanuel-Macron-bientot-invites-par-le-pape-Leon-XIV-les-raisons-inedites-de-leur-derniere-visite-au-Vatican.jpg\",\"keywords\":[\"brigitte macron\",\"emmanuel macron\",\"papa le\u00f3n xiv\",\"vaticano\",\"visita oficial\"],\"articleSection\":[\"Actualidades\"],\"inLanguage\":\"fr-FR\",\"potentialAction\":[{\"@type\":\"CommentAction\",\"name\":\"Comment\",\"target\":[\"https:\\\/\\\/www.sebastien-auziere.fr\\\/blog\\\/es\\\/brigitte-y-emmanuel-macron-pronto-invitados-por-el-papa-leon-xiv-las-razones-ineditas-de-su-ultima-visita-al-vaticano\\\/#respond\"]}]},{\"@type\":\"WebPage\",\"@id\":\"https:\\\/\\\/www.sebastien-auziere.fr\\\/blog\\\/es\\\/brigitte-y-emmanuel-macron-pronto-invitados-por-el-papa-leon-xiv-las-razones-ineditas-de-su-ultima-visita-al-vaticano\\\/\",\"url\":\"https:\\\/\\\/www.sebastien-auziere.fr\\\/blog\\\/es\\\/brigitte-y-emmanuel-macron-pronto-invitados-por-el-papa-leon-xiv-las-razones-ineditas-de-su-ultima-visita-al-vaticano\\\/\",\"name\":\"Brigitte y Emmanuel Macron pronto invitados por el Papa Le\u00f3n XIV: las razones in\u00e9ditas de su \u00faltima visita al Vaticano - Fan site S\u00e9bastien Auzi\u00e8re\",\"isPartOf\":{\"@id\":\"https:\\\/\\\/www.sebastien-auziere.fr\\\/blog\\\/#website\"},\"primaryImageOfPage\":{\"@id\":\"https:\\\/\\\/www.sebastien-auziere.fr\\\/blog\\\/es\\\/brigitte-y-emmanuel-macron-pronto-invitados-por-el-papa-leon-xiv-las-razones-ineditas-de-su-ultima-visita-al-vaticano\\\/#primaryimage\"},\"image\":{\"@id\":\"https:\\\/\\\/www.sebastien-auziere.fr\\\/blog\\\/es\\\/brigitte-y-emmanuel-macron-pronto-invitados-por-el-papa-leon-xiv-las-razones-ineditas-de-su-ultima-visita-al-vaticano\\\/#primaryimage\"},\"thumbnailUrl\":\"https:\\\/\\\/www.sebastien-auziere.fr\\\/blog\\\/wp-content\\\/uploads\\\/2026\\\/04\\\/Brigitte-et-Emmanuel-Macron-bientot-invites-par-le-pape-Leon-XIV-les-raisons-inedites-de-leur-derniere-visite-au-Vatican.jpg\",\"datePublished\":\"2026-04-07T19:09:39+00:00\",\"dateModified\":\"2026-04-07T19:10:01+00:00\",\"description\":\"Brigitte et Emmanuel Macron bient\u00f4t re\u00e7us par le pape L\u00e9on XIV : d\u00e9couvrez les raisons in\u00e9dites de leur derni\u00e8re visite au Vatican.\",\"breadcrumb\":{\"@id\":\"https:\\\/\\\/www.sebastien-auziere.fr\\\/blog\\\/es\\\/brigitte-y-emmanuel-macron-pronto-invitados-por-el-papa-leon-xiv-las-razones-ineditas-de-su-ultima-visita-al-vaticano\\\/#breadcrumb\"},\"inLanguage\":\"fr-FR\",\"potentialAction\":[{\"@type\":\"ReadAction\",\"target\":[\"https:\\\/\\\/www.sebastien-auziere.fr\\\/blog\\\/es\\\/brigitte-y-emmanuel-macron-pronto-invitados-por-el-papa-leon-xiv-las-razones-ineditas-de-su-ultima-visita-al-vaticano\\\/\"]}]},{\"@type\":\"ImageObject\",\"inLanguage\":\"fr-FR\",\"@id\":\"https:\\\/\\\/www.sebastien-auziere.fr\\\/blog\\\/es\\\/brigitte-y-emmanuel-macron-pronto-invitados-por-el-papa-leon-xiv-las-razones-ineditas-de-su-ultima-visita-al-vaticano\\\/#primaryimage\",\"url\":\"https:\\\/\\\/www.sebastien-auziere.fr\\\/blog\\\/wp-content\\\/uploads\\\/2026\\\/04\\\/Brigitte-et-Emmanuel-Macron-bientot-invites-par-le-pape-Leon-XIV-les-raisons-inedites-de-leur-derniere-visite-au-Vatican.jpg\",\"contentUrl\":\"https:\\\/\\\/www.sebastien-auziere.fr\\\/blog\\\/wp-content\\\/uploads\\\/2026\\\/04\\\/Brigitte-et-Emmanuel-Macron-bientot-invites-par-le-pape-Leon-XIV-les-raisons-inedites-de-leur-derniere-visite-au-Vatican.jpg\",\"width\":2560,\"height\":1429,\"caption\":\"d\u00e9couvrez les raisons in\u00e9dites de la prochaine visite de brigitte et emmanuel macron au vatican, o\u00f9 ils seront bient\u00f4t re\u00e7us par le pape l\u00e9on xiv.\"},{\"@type\":\"BreadcrumbList\",\"@id\":\"https:\\\/\\\/www.sebastien-auziere.fr\\\/blog\\\/es\\\/brigitte-y-emmanuel-macron-pronto-invitados-por-el-papa-leon-xiv-las-razones-ineditas-de-su-ultima-visita-al-vaticano\\\/#breadcrumb\",\"itemListElement\":[{\"@type\":\"ListItem\",\"position\":1,\"name\":\"Home\",\"item\":\"https:\\\/\\\/www.sebastien-auziere.fr\\\/blog\\\/\"},{\"@type\":\"ListItem\",\"position\":2,\"name\":\"Brigitte y Emmanuel Macron pronto invitados por el Papa Le\u00f3n XIV: las razones in\u00e9ditas de su \u00faltima visita al Vaticano\"}]},{\"@type\":\"WebSite\",\"@id\":\"https:\\\/\\\/www.sebastien-auziere.fr\\\/blog\\\/#website\",\"url\":\"https:\\\/\\\/www.sebastien-auziere.fr\\\/blog\\\/\",\"name\":\"Fan site S\u00e9bastien Auzi\u00e8re\",\"description\":\"M\u00e9dia g\u00e9n\u00e9raliste\",\"publisher\":{\"@id\":\"https:\\\/\\\/www.sebastien-auziere.fr\\\/blog\\\/#organization\"},\"potentialAction\":[{\"@type\":\"SearchAction\",\"target\":{\"@type\":\"EntryPoint\",\"urlTemplate\":\"https:\\\/\\\/www.sebastien-auziere.fr\\\/blog\\\/?s={search_term_string}\"},\"query-input\":{\"@type\":\"PropertyValueSpecification\",\"valueRequired\":true,\"valueName\":\"search_term_string\"}}],\"inLanguage\":\"fr-FR\"},{\"@type\":\"Organization\",\"@id\":\"https:\\\/\\\/www.sebastien-auziere.fr\\\/blog\\\/#organization\",\"name\":\"Fan site S\u00e9bastien Auzi\u00e8re\",\"url\":\"https:\\\/\\\/www.sebastien-auziere.fr\\\/blog\\\/\",\"logo\":{\"@type\":\"ImageObject\",\"inLanguage\":\"fr-FR\",\"@id\":\"https:\\\/\\\/www.sebastien-auziere.fr\\\/blog\\\/#\\\/schema\\\/logo\\\/image\\\/\",\"url\":\"https:\\\/\\\/www.sebastien-auziere.fr\\\/blog\\\/wp-content\\\/uploads\\\/2026\\\/03\\\/cropped-cropped-cropped-ChatGPT-Image-6-mars-2026-12_58_09-e1772798376794.jpg\",\"contentUrl\":\"https:\\\/\\\/www.sebastien-auziere.fr\\\/blog\\\/wp-content\\\/uploads\\\/2026\\\/03\\\/cropped-cropped-cropped-ChatGPT-Image-6-mars-2026-12_58_09-e1772798376794.jpg\",\"width\":512,\"height\":360,\"caption\":\"Fan site S\u00e9bastien Auzi\u00e8re\"},\"image\":{\"@id\":\"https:\\\/\\\/www.sebastien-auziere.fr\\\/blog\\\/#\\\/schema\\\/logo\\\/image\\\/\"}},{\"@type\":\"Person\",\"@id\":\"https:\\\/\\\/www.sebastien-auziere.fr\\\/blog\\\/#\\\/schema\\\/person\\\/149f1acdbfd85149c6c3e59adeae2f4d\",\"name\":\"Chloe Gauthier\",\"image\":{\"@type\":\"ImageObject\",\"inLanguage\":\"fr-FR\",\"@id\":\"https:\\\/\\\/secure.gravatar.com\\\/avatar\\\/2c5722f58171cff738a8985ef0dd66b476e563753246a49019befc837ec4201a?s=96&d=mm&r=g\",\"url\":\"https:\\\/\\\/secure.gravatar.com\\\/avatar\\\/2c5722f58171cff738a8985ef0dd66b476e563753246a49019befc837ec4201a?s=96&d=mm&r=g\",\"contentUrl\":\"https:\\\/\\\/secure.gravatar.com\\\/avatar\\\/2c5722f58171cff738a8985ef0dd66b476e563753246a49019befc837ec4201a?s=96&d=mm&r=g\",\"caption\":\"Chloe Gauthier\"},\"description\":\"Passionn\u00e9e par la politique et admiratrice engag\u00e9e de la famille Macron, je consacre mon \u00e9nergie \u00e0 suivre leurs initiatives et \u00e0 promouvoir leurs id\u00e9es. \u00c0 32 ans, je suis convaincue que leur vision est porteuse d'avenir.\",\"url\":\"https:\\\/\\\/www.sebastien-auziere.fr\\\/blog\\\/author\\\/chloe-gauthier\\\/\"}]}<\/script>\n<!-- \/ Yoast SEO plugin. -->","yoast_head_json":{"title":"Brigitte y Emmanuel Macron pronto invitados por el Papa Le\u00f3n XIV: las razones in\u00e9ditas de su \u00faltima visita al Vaticano - Fan site S\u00e9bastien Auzi\u00e8re","description":"Brigitte et Emmanuel Macron bient\u00f4t re\u00e7us par le pape L\u00e9on XIV : d\u00e9couvrez les raisons in\u00e9dites de leur derni\u00e8re visite au Vatican.","robots":{"index":"index","follow":"follow","max-snippet":"max-snippet:-1","max-image-preview":"max-image-preview:large","max-video-preview":"max-video-preview:-1"},"canonical":"https:\/\/www.sebastien-auziere.fr\/blog\/es\/brigitte-y-emmanuel-macron-pronto-invitados-por-el-papa-leon-xiv-las-razones-ineditas-de-su-ultima-visita-al-vaticano\/","og_locale":"fr_FR","og_type":"article","og_title":"Brigitte y Emmanuel Macron pronto invitados por el Papa Le\u00f3n XIV: las razones in\u00e9ditas de su \u00faltima visita al Vaticano - Fan site S\u00e9bastien Auzi\u00e8re","og_description":"Brigitte et Emmanuel Macron bient\u00f4t re\u00e7us par le pape L\u00e9on XIV : d\u00e9couvrez les raisons in\u00e9dites de leur derni\u00e8re visite au Vatican.","og_url":"https:\/\/www.sebastien-auziere.fr\/blog\/es\/brigitte-y-emmanuel-macron-pronto-invitados-por-el-papa-leon-xiv-las-razones-ineditas-de-su-ultima-visita-al-vaticano\/","og_site_name":"Fan site S\u00e9bastien Auzi\u00e8re","article_published_time":"2026-04-07T19:09:39+00:00","article_modified_time":"2026-04-07T19:10:01+00:00","og_image":[{"width":2560,"height":1429,"url":"https:\/\/www.sebastien-auziere.fr\/blog\/wp-content\/uploads\/2026\/04\/Brigitte-et-Emmanuel-Macron-bientot-invites-par-le-pape-Leon-XIV-les-raisons-inedites-de-leur-derniere-visite-au-Vatican.jpg","type":"image\/jpeg"}],"author":"Chloe Gauthier","twitter_card":"summary_large_image","twitter_misc":{"\u00c9crit par":"Chloe Gauthier","Dur\u00e9e de lecture estim\u00e9e":"2 minutes"},"schema":{"@context":"https:\/\/schema.org","@graph":[{"@type":"Article","@id":"https:\/\/www.sebastien-auziere.fr\/blog\/es\/brigitte-y-emmanuel-macron-pronto-invitados-por-el-papa-leon-xiv-las-razones-ineditas-de-su-ultima-visita-al-vaticano\/#article","isPartOf":{"@id":"https:\/\/www.sebastien-auziere.fr\/blog\/es\/brigitte-y-emmanuel-macron-pronto-invitados-por-el-papa-leon-xiv-las-razones-ineditas-de-su-ultima-visita-al-vaticano\/"},"author":{"name":"Chloe Gauthier","@id":"https:\/\/www.sebastien-auziere.fr\/blog\/#\/schema\/person\/149f1acdbfd85149c6c3e59adeae2f4d"},"headline":"Brigitte y Emmanuel Macron pronto invitados por el Papa Le\u00f3n XIV: las razones in\u00e9ditas de su \u00faltima visita al Vaticano","datePublished":"2026-04-07T19:09:39+00:00","dateModified":"2026-04-07T19:10:01+00:00","mainEntityOfPage":{"@id":"https:\/\/www.sebastien-auziere.fr\/blog\/es\/brigitte-y-emmanuel-macron-pronto-invitados-por-el-papa-leon-xiv-las-razones-ineditas-de-su-ultima-visita-al-vaticano\/"},"wordCount":498,"commentCount":0,"publisher":{"@id":"https:\/\/www.sebastien-auziere.fr\/blog\/#organization"},"image":{"@id":"https:\/\/www.sebastien-auziere.fr\/blog\/es\/brigitte-y-emmanuel-macron-pronto-invitados-por-el-papa-leon-xiv-las-razones-ineditas-de-su-ultima-visita-al-vaticano\/#primaryimage"},"thumbnailUrl":"https:\/\/www.sebastien-auziere.fr\/blog\/wp-content\/uploads\/2026\/04\/Brigitte-et-Emmanuel-Macron-bientot-invites-par-le-pape-Leon-XIV-les-raisons-inedites-de-leur-derniere-visite-au-Vatican.jpg","keywords":["brigitte macron","emmanuel macron","papa le\u00f3n xiv","vaticano","visita oficial"],"articleSection":["Actualidades"],"inLanguage":"fr-FR","potentialAction":[{"@type":"CommentAction","name":"Comment","target":["https:\/\/www.sebastien-auziere.fr\/blog\/es\/brigitte-y-emmanuel-macron-pronto-invitados-por-el-papa-leon-xiv-las-razones-ineditas-de-su-ultima-visita-al-vaticano\/#respond"]}]},{"@type":"WebPage","@id":"https:\/\/www.sebastien-auziere.fr\/blog\/es\/brigitte-y-emmanuel-macron-pronto-invitados-por-el-papa-leon-xiv-las-razones-ineditas-de-su-ultima-visita-al-vaticano\/","url":"https:\/\/www.sebastien-auziere.fr\/blog\/es\/brigitte-y-emmanuel-macron-pronto-invitados-por-el-papa-leon-xiv-las-razones-ineditas-de-su-ultima-visita-al-vaticano\/","name":"Brigitte y Emmanuel Macron pronto invitados por el Papa Le\u00f3n XIV: las razones in\u00e9ditas de su \u00faltima visita al Vaticano - Fan site S\u00e9bastien Auzi\u00e8re","isPartOf":{"@id":"https:\/\/www.sebastien-auziere.fr\/blog\/#website"},"primaryImageOfPage":{"@id":"https:\/\/www.sebastien-auziere.fr\/blog\/es\/brigitte-y-emmanuel-macron-pronto-invitados-por-el-papa-leon-xiv-las-razones-ineditas-de-su-ultima-visita-al-vaticano\/#primaryimage"},"image":{"@id":"https:\/\/www.sebastien-auziere.fr\/blog\/es\/brigitte-y-emmanuel-macron-pronto-invitados-por-el-papa-leon-xiv-las-razones-ineditas-de-su-ultima-visita-al-vaticano\/#primaryimage"},"thumbnailUrl":"https:\/\/www.sebastien-auziere.fr\/blog\/wp-content\/uploads\/2026\/04\/Brigitte-et-Emmanuel-Macron-bientot-invites-par-le-pape-Leon-XIV-les-raisons-inedites-de-leur-derniere-visite-au-Vatican.jpg","datePublished":"2026-04-07T19:09:39+00:00","dateModified":"2026-04-07T19:10:01+00:00","description":"Brigitte et Emmanuel Macron bient\u00f4t re\u00e7us par le pape L\u00e9on XIV : d\u00e9couvrez les raisons in\u00e9dites de leur derni\u00e8re visite au Vatican.","breadcrumb":{"@id":"https:\/\/www.sebastien-auziere.fr\/blog\/es\/brigitte-y-emmanuel-macron-pronto-invitados-por-el-papa-leon-xiv-las-razones-ineditas-de-su-ultima-visita-al-vaticano\/#breadcrumb"},"inLanguage":"fr-FR","potentialAction":[{"@type":"ReadAction","target":["https:\/\/www.sebastien-auziere.fr\/blog\/es\/brigitte-y-emmanuel-macron-pronto-invitados-por-el-papa-leon-xiv-las-razones-ineditas-de-su-ultima-visita-al-vaticano\/"]}]},{"@type":"ImageObject","inLanguage":"fr-FR","@id":"https:\/\/www.sebastien-auziere.fr\/blog\/es\/brigitte-y-emmanuel-macron-pronto-invitados-por-el-papa-leon-xiv-las-razones-ineditas-de-su-ultima-visita-al-vaticano\/#primaryimage","url":"https:\/\/www.sebastien-auziere.fr\/blog\/wp-content\/uploads\/2026\/04\/Brigitte-et-Emmanuel-Macron-bientot-invites-par-le-pape-Leon-XIV-les-raisons-inedites-de-leur-derniere-visite-au-Vatican.jpg","contentUrl":"https:\/\/www.sebastien-auziere.fr\/blog\/wp-content\/uploads\/2026\/04\/Brigitte-et-Emmanuel-Macron-bientot-invites-par-le-pape-Leon-XIV-les-raisons-inedites-de-leur-derniere-visite-au-Vatican.jpg","width":2560,"height":1429,"caption":"d\u00e9couvrez les raisons in\u00e9dites de la prochaine visite de brigitte et emmanuel macron au vatican, o\u00f9 ils seront bient\u00f4t re\u00e7us par le pape l\u00e9on xiv."},{"@type":"BreadcrumbList","@id":"https:\/\/www.sebastien-auziere.fr\/blog\/es\/brigitte-y-emmanuel-macron-pronto-invitados-por-el-papa-leon-xiv-las-razones-ineditas-de-su-ultima-visita-al-vaticano\/#breadcrumb","itemListElement":[{"@type":"ListItem","position":1,"name":"Home","item":"https:\/\/www.sebastien-auziere.fr\/blog\/"},{"@type":"ListItem","position":2,"name":"Brigitte y Emmanuel Macron pronto invitados por el Papa Le\u00f3n XIV: las razones in\u00e9ditas de su \u00faltima visita al Vaticano"}]},{"@type":"WebSite","@id":"https:\/\/www.sebastien-auziere.fr\/blog\/#website","url":"https:\/\/www.sebastien-auziere.fr\/blog\/","name":"Fan site S\u00e9bastien Auzi\u00e8re","description":"M\u00e9dia g\u00e9n\u00e9raliste","publisher":{"@id":"https:\/\/www.sebastien-auziere.fr\/blog\/#organization"},"potentialAction":[{"@type":"SearchAction","target":{"@type":"EntryPoint","urlTemplate":"https:\/\/www.sebastien-auziere.fr\/blog\/?s={search_term_string}"},"query-input":{"@type":"PropertyValueSpecification","valueRequired":true,"valueName":"search_term_string"}}],"inLanguage":"fr-FR"},{"@type":"Organization","@id":"https:\/\/www.sebastien-auziere.fr\/blog\/#organization","name":"Fan site S\u00e9bastien Auzi\u00e8re","url":"https:\/\/www.sebastien-auziere.fr\/blog\/","logo":{"@type":"ImageObject","inLanguage":"fr-FR","@id":"https:\/\/www.sebastien-auziere.fr\/blog\/#\/schema\/logo\/image\/","url":"https:\/\/www.sebastien-auziere.fr\/blog\/wp-content\/uploads\/2026\/03\/cropped-cropped-cropped-ChatGPT-Image-6-mars-2026-12_58_09-e1772798376794.jpg","contentUrl":"https:\/\/www.sebastien-auziere.fr\/blog\/wp-content\/uploads\/2026\/03\/cropped-cropped-cropped-ChatGPT-Image-6-mars-2026-12_58_09-e1772798376794.jpg","width":512,"height":360,"caption":"Fan site S\u00e9bastien Auzi\u00e8re"},"image":{"@id":"https:\/\/www.sebastien-auziere.fr\/blog\/#\/schema\/logo\/image\/"}},{"@type":"Person","@id":"https:\/\/www.sebastien-auziere.fr\/blog\/#\/schema\/person\/149f1acdbfd85149c6c3e59adeae2f4d","name":"Chloe Gauthier","image":{"@type":"ImageObject","inLanguage":"fr-FR","@id":"https:\/\/secure.gravatar.com\/avatar\/2c5722f58171cff738a8985ef0dd66b476e563753246a49019befc837ec4201a?s=96&d=mm&r=g","url":"https:\/\/secure.gravatar.com\/avatar\/2c5722f58171cff738a8985ef0dd66b476e563753246a49019befc837ec4201a?s=96&d=mm&r=g","contentUrl":"https:\/\/secure.gravatar.com\/avatar\/2c5722f58171cff738a8985ef0dd66b476e563753246a49019befc837ec4201a?s=96&d=mm&r=g","caption":"Chloe Gauthier"},"description":"Passionn\u00e9e par la politique et admiratrice engag\u00e9e de la famille Macron, je consacre mon \u00e9nergie \u00e0 suivre leurs initiatives et \u00e0 promouvoir leurs id\u00e9es. \u00c0 32 ans, je suis convaincue que leur vision est porteuse d'avenir.","url":"https:\/\/www.sebastien-auziere.fr\/blog\/author\/chloe-gauthier\/"}]}},"views":6,"_links":{"self":[{"href":"https:\/\/www.sebastien-auziere.fr\/blog\/wp-json\/wp\/v2\/posts\/2840","targetHints":{"allow":["GET"]}}],"collection":[{"href":"https:\/\/www.sebastien-auziere.fr\/blog\/wp-json\/wp\/v2\/posts"}],"about":[{"href":"https:\/\/www.sebastien-auziere.fr\/blog\/wp-json\/wp\/v2\/types\/post"}],"author":[{"embeddable":true,"href":"https:\/\/www.sebastien-auziere.fr\/blog\/wp-json\/wp\/v2\/users\/9"}],"replies":[{"embeddable":true,"href":"https:\/\/www.sebastien-auziere.fr\/blog\/wp-json\/wp\/v2\/comments?post=2840"}],"version-history":[{"count":1,"href":"https:\/\/www.sebastien-auziere.fr\/blog\/wp-json\/wp\/v2\/posts\/2840\/revisions"}],"predecessor-version":[{"id":2841,"href":"https:\/\/www.sebastien-auziere.fr\/blog\/wp-json\/wp\/v2\/posts\/2840\/revisions\/2841"}],"wp:featuredmedia":[{"embeddable":true,"href":"https:\/\/www.sebastien-auziere.fr\/blog\/wp-json\/wp\/v2\/media\/2836"}],"wp:attachment":[{"href":"https:\/\/www.sebastien-auziere.fr\/blog\/wp-json\/wp\/v2\/media?parent=2840"}],"wp:term":[{"taxonomy":"category","embeddable":true,"href":"https:\/\/www.sebastien-auziere.fr\/blog\/wp-json\/wp\/v2\/categories?post=2840"},{"taxonomy":"post_tag","embeddable":true,"href":"https:\/\/www.sebastien-auziere.fr\/blog\/wp-json\/wp\/v2\/tags?post=2840"}],"curies":[{"name":"wp","href":"https:\/\/api.w.org\/{rel}","templated":true}]}}