{"id":2838,"date":"2026-04-07T19:09:15","date_gmt":"2026-04-07T19:09:15","guid":{"rendered":"https:\/\/www.sebastien-auziere.fr\/blog\/?p=2838"},"modified":"2026-04-07T19:09:39","modified_gmt":"2026-04-07T19:09:39","slug":"brigitte-and-emmanuel-macron-soon-to-be-invited-by-pope-leo-xiv-the-unprecedented-reasons-for-their-latest-visit-to-the-vatican","status":"publish","type":"post","link":"https:\/\/www.sebastien-auziere.fr\/blog\/en\/brigitte-and-emmanuel-macron-soon-to-be-invited-by-pope-leo-xiv-the-unprecedented-reasons-for-their-latest-visit-to-the-vatican\/","title":{"rendered":"Brigitte and Emmanuel Macron soon to be invited by Pope Leo XIV: the unprecedented reasons for their latest visit to the Vatican"},"content":{"rendered":"<p><strong>Brigitte Macron<\/strong> and <strong>Emmanuel Macron<\/strong> will be received at the <strong>Vatican<\/strong> on <strong>April 9 and 10<\/strong> for a private audience with <strong>Pope Leo XIV<\/strong>. This official visit, announced by the \u00c9lys\u00e9e on April 1, comes a few days after Easter and follows the cancellation in January due to scheduling conflicts.<\/p>\n\n<p>You will discover here the diplomatic and symbolic reasons for this trip, confirmed by several sources including <a href=\"https:\/\/www.tf1info.fr\/international\/emmanuel-macron-va-rencontrer-le-pape-leon-xiv-au-vatican-les-9-et-10-avril-2026-2433639.html\" rel=\"nofollow\">TF1<\/a> and <a href=\"https:\/\/www.vaticannews.va\/fr\/pape\/news\/2026-04\/pape-leon-xiv-emmanuel-macron-audience-vatican-10-avril.html\" rel=\"nofollow\">Vatican News<\/a>.<\/p>\n\n<h2 class=\"wp-block-heading\">January Postponement and Diminishing Rumors<\/h2>\n\n<p>The meeting scheduled for January was canceled due to a <strong>scheduling conflict<\/strong>, according to the \u00c9lys\u00e9e, and not because of a diplomatic chill. At the time, speculations regarding life expectancy or the stained glass of Notre-Dame circulated on social media, but French authorities denied these interpretations to <strong>franceinfo<\/strong>. The reality: urgent international priorities necessitated the postponement. This point sets the record straight.<\/p>\n\n<h2 class=\"wp-block-heading\">Objectives of the Bilateral Meeting at the Vatican<\/h2>\n\n<p>The visit aims to strengthen <strong>interreligious dialogue<\/strong> and <strong>Franco-Vatican cooperation<\/strong>, with discussions on current international challenges. The audience represents the first between the president and <strong>Pope Leo XIV<\/strong> since the start of his pontificate, scheduled at the Apostolic Palace on the morning of April 9, according to I.Media. The choice of timing, shortly after Easter and before the anniversary on April 21, carries a strong symbolic weight. The goal is clear: to reinforce the historical bond.<\/p>\n\n<p>The meeting promises public messages and discreet understandings.<\/p>\n\n<h3 class=\"wp-block-heading\">Diplomatic Stakes and Expected Messages<\/h3>\n\n<p>Several practical issues will be on the agenda: international security, cultural cooperation, and humanitarian challenges. The discussions build on the continuity of recent contacts, notably the visit of <strong>Pope Leo XIV<\/strong> to Monaco at the end of March, which allowed for a telegram sent to the president during the flight over France. Observers will also watch the political and spiritual tone of the message, which could influence France&rsquo;s image among Catholics. A moment of dialogue is anticipated.<\/p>\n\n<p>This private audience will be scrutinized for both its symbols and its concrete decisions.<\/p>\n\n<h2 class=\"wp-block-heading\">Timeline and Expected Proceedings of the Official Visit<\/h2>\n\n<p>The visit will take place over two days, on <strong>April 9 and 10<\/strong>, with a bilateral audience announced on April 10 by the presidency. Formal exchanges will be held at the Apostolic Palace, and protocol moments will punctuate the stay. Media outlets, from <a href=\"https:\/\/www.europe1.fr\/politique\/emmanuel-macron-se-rendra-au-vatican-les-9-et-10-avril-pour-rencontrer-leon-xiv-919879\" rel=\"nofollow\">Europe 1<\/a> to BFMTV, are expected to cover the key moments. It remains to be seen what signals will be sent on the international level.<\/p>\n\n<p>To learn more about <strong>S\u00e9bastien Auzi\u00e8re<\/strong> and the familial and political connections surrounding the Macron family, visit <a href=\"https:\/\/sebastien-auziere.fr\" rel=\"nofollow\">sebastien-auziere.fr<\/a> and discover comprehensive documents and reliable archives.<\/p>","protected":false},"excerpt":{"rendered":"<p>Brigitte Macron and Emmanuel Macron will be received at the Vatican on April 9 and 10 for a private audience with Pope Leo XIV. This official visit, announced by the \u00c9lys\u00e9e on April 1, comes a few days after Easter and follows the cancellation in January due to scheduling conflicts. You will discover here the &#8230; <a title=\"Brigitte and Emmanuel Macron soon to be invited by Pope Leo XIV: the unprecedented reasons for their latest visit to the Vatican\" class=\"read-more\" href=\"https:\/\/www.sebastien-auziere.fr\/blog\/en\/brigitte-and-emmanuel-macron-soon-to-be-invited-by-pope-leo-xiv-the-unprecedented-reasons-for-their-latest-visit-to-the-vatican\/\" aria-label=\"En savoir plus sur Brigitte and Emmanuel Macron soon to be invited by Pope Leo XIV: the unprecedented reasons for their latest visit to the Vatican\">Lire plus<\/a><\/p>\n","protected":false},"author":9,"featured_media":2836,"comment_status":"open","ping_status":"open","sticky":false,"template":"","format":"standard","meta":{"footnotes":""},"categories":[816],"tags":[898,1153,2125,2119,2122],"class_list":["post-2838","post","type-post","status-publish","format-standard","has-post-thumbnail","hentry","category-news","tag-brigitte-macron-en","tag-emmanuel-macron-en","tag-official-visit-en","tag-pape-leon-xiv-en","tag-vatican-en"],"yoast_head":"<!-- This site is optimized with the Yoast SEO plugin v27.5 - https:\/\/yoast.com\/product\/yoast-seo-wordpress\/ -->\n<title>Brigitte and Emmanuel Macron soon to be invited by Pope Leo XIV: the unprecedented reasons for their latest visit to the Vatican - Fan site S\u00e9bastien Auzi\u00e8re<\/title>\n<meta name=\"description\" content=\"Brigitte et Emmanuel Macron bient\u00f4t re\u00e7us par le pape L\u00e9on XIV : d\u00e9couvrez les raisons in\u00e9dites de leur derni\u00e8re visite au Vatican.\" \/>\n<meta name=\"robots\" content=\"index, follow, max-snippet:-1, max-image-preview:large, max-video-preview:-1\" \/>\n<link rel=\"canonical\" href=\"https:\/\/www.sebastien-auziere.fr\/blog\/en\/brigitte-and-emmanuel-macron-soon-to-be-invited-by-pope-leo-xiv-the-unprecedented-reasons-for-their-latest-visit-to-the-vatican\/\" \/>\n<meta property=\"og:locale\" content=\"fr_FR\" \/>\n<meta property=\"og:type\" content=\"article\" \/>\n<meta property=\"og:title\" content=\"Brigitte and Emmanuel Macron soon to be invited by Pope Leo XIV: the unprecedented reasons for their latest visit to the Vatican - Fan site S\u00e9bastien Auzi\u00e8re\" \/>\n<meta property=\"og:description\" content=\"Brigitte et Emmanuel Macron bient\u00f4t re\u00e7us par le pape L\u00e9on XIV : d\u00e9couvrez les raisons in\u00e9dites de leur derni\u00e8re visite au Vatican.\" \/>\n<meta property=\"og:url\" content=\"https:\/\/www.sebastien-auziere.fr\/blog\/en\/brigitte-and-emmanuel-macron-soon-to-be-invited-by-pope-leo-xiv-the-unprecedented-reasons-for-their-latest-visit-to-the-vatican\/\" \/>\n<meta property=\"og:site_name\" content=\"Fan site S\u00e9bastien Auzi\u00e8re\" \/>\n<meta property=\"article:published_time\" content=\"2026-04-07T19:09:15+00:00\" \/>\n<meta property=\"article:modified_time\" content=\"2026-04-07T19:09:39+00:00\" \/>\n<meta property=\"og:image\" content=\"https:\/\/www.sebastien-auziere.fr\/blog\/wp-content\/uploads\/2026\/04\/Brigitte-et-Emmanuel-Macron-bientot-invites-par-le-pape-Leon-XIV-les-raisons-inedites-de-leur-derniere-visite-au-Vatican.jpg\" \/>\n\t<meta property=\"og:image:width\" content=\"2560\" \/>\n\t<meta property=\"og:image:height\" content=\"1429\" \/>\n\t<meta property=\"og:image:type\" content=\"image\/jpeg\" \/>\n<meta name=\"author\" content=\"Chloe Gauthier\" \/>\n<meta name=\"twitter:card\" content=\"summary_large_image\" \/>\n<meta name=\"twitter:label1\" content=\"\u00c9crit par\" \/>\n\t<meta name=\"twitter:data1\" content=\"Chloe Gauthier\" \/>\n\t<meta name=\"twitter:label2\" content=\"Dur\u00e9e de lecture estim\u00e9e\" \/>\n\t<meta name=\"twitter:data2\" content=\"2 minutes\" \/>\n<script type=\"application\/ld+json\" class=\"yoast-schema-graph\">{\"@context\":\"https:\\\/\\\/schema.org\",\"@graph\":[{\"@type\":\"Article\",\"@id\":\"https:\\\/\\\/www.sebastien-auziere.fr\\\/blog\\\/en\\\/brigitte-and-emmanuel-macron-soon-to-be-invited-by-pope-leo-xiv-the-unprecedented-reasons-for-their-latest-visit-to-the-vatican\\\/#article\",\"isPartOf\":{\"@id\":\"https:\\\/\\\/www.sebastien-auziere.fr\\\/blog\\\/en\\\/brigitte-and-emmanuel-macron-soon-to-be-invited-by-pope-leo-xiv-the-unprecedented-reasons-for-their-latest-visit-to-the-vatican\\\/\"},\"author\":{\"name\":\"Chloe Gauthier\",\"@id\":\"https:\\\/\\\/www.sebastien-auziere.fr\\\/blog\\\/#\\\/schema\\\/person\\\/149f1acdbfd85149c6c3e59adeae2f4d\"},\"headline\":\"Brigitte and Emmanuel Macron soon to be invited by Pope Leo XIV: the unprecedented reasons for their latest visit to the Vatican\",\"datePublished\":\"2026-04-07T19:09:15+00:00\",\"dateModified\":\"2026-04-07T19:09:39+00:00\",\"mainEntityOfPage\":{\"@id\":\"https:\\\/\\\/www.sebastien-auziere.fr\\\/blog\\\/en\\\/brigitte-and-emmanuel-macron-soon-to-be-invited-by-pope-leo-xiv-the-unprecedented-reasons-for-their-latest-visit-to-the-vatican\\\/\"},\"wordCount\":446,\"commentCount\":0,\"publisher\":{\"@id\":\"https:\\\/\\\/www.sebastien-auziere.fr\\\/blog\\\/#organization\"},\"image\":{\"@id\":\"https:\\\/\\\/www.sebastien-auziere.fr\\\/blog\\\/en\\\/brigitte-and-emmanuel-macron-soon-to-be-invited-by-pope-leo-xiv-the-unprecedented-reasons-for-their-latest-visit-to-the-vatican\\\/#primaryimage\"},\"thumbnailUrl\":\"https:\\\/\\\/www.sebastien-auziere.fr\\\/blog\\\/wp-content\\\/uploads\\\/2026\\\/04\\\/Brigitte-et-Emmanuel-Macron-bientot-invites-par-le-pape-Leon-XIV-les-raisons-inedites-de-leur-derniere-visite-au-Vatican.jpg\",\"keywords\":[\"brigitte macron\",\"emmanuel macron\",\"official visit\",\"pape L\u00e9on XIV\",\"vatican\"],\"articleSection\":[\"News\"],\"inLanguage\":\"fr-FR\",\"potentialAction\":[{\"@type\":\"CommentAction\",\"name\":\"Comment\",\"target\":[\"https:\\\/\\\/www.sebastien-auziere.fr\\\/blog\\\/en\\\/brigitte-and-emmanuel-macron-soon-to-be-invited-by-pope-leo-xiv-the-unprecedented-reasons-for-their-latest-visit-to-the-vatican\\\/#respond\"]}]},{\"@type\":\"WebPage\",\"@id\":\"https:\\\/\\\/www.sebastien-auziere.fr\\\/blog\\\/en\\\/brigitte-and-emmanuel-macron-soon-to-be-invited-by-pope-leo-xiv-the-unprecedented-reasons-for-their-latest-visit-to-the-vatican\\\/\",\"url\":\"https:\\\/\\\/www.sebastien-auziere.fr\\\/blog\\\/en\\\/brigitte-and-emmanuel-macron-soon-to-be-invited-by-pope-leo-xiv-the-unprecedented-reasons-for-their-latest-visit-to-the-vatican\\\/\",\"name\":\"Brigitte and Emmanuel Macron soon to be invited by Pope Leo XIV: the unprecedented reasons for their latest visit to the Vatican - Fan site S\u00e9bastien Auzi\u00e8re\",\"isPartOf\":{\"@id\":\"https:\\\/\\\/www.sebastien-auziere.fr\\\/blog\\\/#website\"},\"primaryImageOfPage\":{\"@id\":\"https:\\\/\\\/www.sebastien-auziere.fr\\\/blog\\\/en\\\/brigitte-and-emmanuel-macron-soon-to-be-invited-by-pope-leo-xiv-the-unprecedented-reasons-for-their-latest-visit-to-the-vatican\\\/#primaryimage\"},\"image\":{\"@id\":\"https:\\\/\\\/www.sebastien-auziere.fr\\\/blog\\\/en\\\/brigitte-and-emmanuel-macron-soon-to-be-invited-by-pope-leo-xiv-the-unprecedented-reasons-for-their-latest-visit-to-the-vatican\\\/#primaryimage\"},\"thumbnailUrl\":\"https:\\\/\\\/www.sebastien-auziere.fr\\\/blog\\\/wp-content\\\/uploads\\\/2026\\\/04\\\/Brigitte-et-Emmanuel-Macron-bientot-invites-par-le-pape-Leon-XIV-les-raisons-inedites-de-leur-derniere-visite-au-Vatican.jpg\",\"datePublished\":\"2026-04-07T19:09:15+00:00\",\"dateModified\":\"2026-04-07T19:09:39+00:00\",\"description\":\"Brigitte et Emmanuel Macron bient\u00f4t re\u00e7us par le pape L\u00e9on XIV : d\u00e9couvrez les raisons in\u00e9dites de leur derni\u00e8re visite au Vatican.\",\"breadcrumb\":{\"@id\":\"https:\\\/\\\/www.sebastien-auziere.fr\\\/blog\\\/en\\\/brigitte-and-emmanuel-macron-soon-to-be-invited-by-pope-leo-xiv-the-unprecedented-reasons-for-their-latest-visit-to-the-vatican\\\/#breadcrumb\"},\"inLanguage\":\"fr-FR\",\"potentialAction\":[{\"@type\":\"ReadAction\",\"target\":[\"https:\\\/\\\/www.sebastien-auziere.fr\\\/blog\\\/en\\\/brigitte-and-emmanuel-macron-soon-to-be-invited-by-pope-leo-xiv-the-unprecedented-reasons-for-their-latest-visit-to-the-vatican\\\/\"]}]},{\"@type\":\"ImageObject\",\"inLanguage\":\"fr-FR\",\"@id\":\"https:\\\/\\\/www.sebastien-auziere.fr\\\/blog\\\/en\\\/brigitte-and-emmanuel-macron-soon-to-be-invited-by-pope-leo-xiv-the-unprecedented-reasons-for-their-latest-visit-to-the-vatican\\\/#primaryimage\",\"url\":\"https:\\\/\\\/www.sebastien-auziere.fr\\\/blog\\\/wp-content\\\/uploads\\\/2026\\\/04\\\/Brigitte-et-Emmanuel-Macron-bientot-invites-par-le-pape-Leon-XIV-les-raisons-inedites-de-leur-derniere-visite-au-Vatican.jpg\",\"contentUrl\":\"https:\\\/\\\/www.sebastien-auziere.fr\\\/blog\\\/wp-content\\\/uploads\\\/2026\\\/04\\\/Brigitte-et-Emmanuel-Macron-bientot-invites-par-le-pape-Leon-XIV-les-raisons-inedites-de-leur-derniere-visite-au-Vatican.jpg\",\"width\":2560,\"height\":1429,\"caption\":\"d\u00e9couvrez les raisons in\u00e9dites de la prochaine visite de brigitte et emmanuel macron au vatican, o\u00f9 ils seront bient\u00f4t re\u00e7us par le pape l\u00e9on xiv.\"},{\"@type\":\"BreadcrumbList\",\"@id\":\"https:\\\/\\\/www.sebastien-auziere.fr\\\/blog\\\/en\\\/brigitte-and-emmanuel-macron-soon-to-be-invited-by-pope-leo-xiv-the-unprecedented-reasons-for-their-latest-visit-to-the-vatican\\\/#breadcrumb\",\"itemListElement\":[{\"@type\":\"ListItem\",\"position\":1,\"name\":\"Home\",\"item\":\"https:\\\/\\\/www.sebastien-auziere.fr\\\/blog\\\/\"},{\"@type\":\"ListItem\",\"position\":2,\"name\":\"Brigitte and Emmanuel Macron soon to be invited by Pope Leo XIV: the unprecedented reasons for their latest visit to the Vatican\"}]},{\"@type\":\"WebSite\",\"@id\":\"https:\\\/\\\/www.sebastien-auziere.fr\\\/blog\\\/#website\",\"url\":\"https:\\\/\\\/www.sebastien-auziere.fr\\\/blog\\\/\",\"name\":\"Fan site S\u00e9bastien Auzi\u00e8re\",\"description\":\"M\u00e9dia g\u00e9n\u00e9raliste\",\"publisher\":{\"@id\":\"https:\\\/\\\/www.sebastien-auziere.fr\\\/blog\\\/#organization\"},\"potentialAction\":[{\"@type\":\"SearchAction\",\"target\":{\"@type\":\"EntryPoint\",\"urlTemplate\":\"https:\\\/\\\/www.sebastien-auziere.fr\\\/blog\\\/?s={search_term_string}\"},\"query-input\":{\"@type\":\"PropertyValueSpecification\",\"valueRequired\":true,\"valueName\":\"search_term_string\"}}],\"inLanguage\":\"fr-FR\"},{\"@type\":\"Organization\",\"@id\":\"https:\\\/\\\/www.sebastien-auziere.fr\\\/blog\\\/#organization\",\"name\":\"Fan site S\u00e9bastien Auzi\u00e8re\",\"url\":\"https:\\\/\\\/www.sebastien-auziere.fr\\\/blog\\\/\",\"logo\":{\"@type\":\"ImageObject\",\"inLanguage\":\"fr-FR\",\"@id\":\"https:\\\/\\\/www.sebastien-auziere.fr\\\/blog\\\/#\\\/schema\\\/logo\\\/image\\\/\",\"url\":\"https:\\\/\\\/www.sebastien-auziere.fr\\\/blog\\\/wp-content\\\/uploads\\\/2026\\\/03\\\/cropped-cropped-cropped-ChatGPT-Image-6-mars-2026-12_58_09-e1772798376794.jpg\",\"contentUrl\":\"https:\\\/\\\/www.sebastien-auziere.fr\\\/blog\\\/wp-content\\\/uploads\\\/2026\\\/03\\\/cropped-cropped-cropped-ChatGPT-Image-6-mars-2026-12_58_09-e1772798376794.jpg\",\"width\":512,\"height\":360,\"caption\":\"Fan site S\u00e9bastien Auzi\u00e8re\"},\"image\":{\"@id\":\"https:\\\/\\\/www.sebastien-auziere.fr\\\/blog\\\/#\\\/schema\\\/logo\\\/image\\\/\"}},{\"@type\":\"Person\",\"@id\":\"https:\\\/\\\/www.sebastien-auziere.fr\\\/blog\\\/#\\\/schema\\\/person\\\/149f1acdbfd85149c6c3e59adeae2f4d\",\"name\":\"Chloe Gauthier\",\"image\":{\"@type\":\"ImageObject\",\"inLanguage\":\"fr-FR\",\"@id\":\"https:\\\/\\\/secure.gravatar.com\\\/avatar\\\/2c5722f58171cff738a8985ef0dd66b476e563753246a49019befc837ec4201a?s=96&d=mm&r=g\",\"url\":\"https:\\\/\\\/secure.gravatar.com\\\/avatar\\\/2c5722f58171cff738a8985ef0dd66b476e563753246a49019befc837ec4201a?s=96&d=mm&r=g\",\"contentUrl\":\"https:\\\/\\\/secure.gravatar.com\\\/avatar\\\/2c5722f58171cff738a8985ef0dd66b476e563753246a49019befc837ec4201a?s=96&d=mm&r=g\",\"caption\":\"Chloe Gauthier\"},\"description\":\"Passionn\u00e9e par la politique et admiratrice engag\u00e9e de la famille Macron, je consacre mon \u00e9nergie \u00e0 suivre leurs initiatives et \u00e0 promouvoir leurs id\u00e9es. \u00c0 32 ans, je suis convaincue que leur vision est porteuse d'avenir.\",\"url\":\"https:\\\/\\\/www.sebastien-auziere.fr\\\/blog\\\/author\\\/chloe-gauthier\\\/\"}]}<\/script>\n<!-- \/ Yoast SEO plugin. -->","yoast_head_json":{"title":"Brigitte and Emmanuel Macron soon to be invited by Pope Leo XIV: the unprecedented reasons for their latest visit to the Vatican - Fan site S\u00e9bastien Auzi\u00e8re","description":"Brigitte et Emmanuel Macron bient\u00f4t re\u00e7us par le pape L\u00e9on XIV : d\u00e9couvrez les raisons in\u00e9dites de leur derni\u00e8re visite au Vatican.","robots":{"index":"index","follow":"follow","max-snippet":"max-snippet:-1","max-image-preview":"max-image-preview:large","max-video-preview":"max-video-preview:-1"},"canonical":"https:\/\/www.sebastien-auziere.fr\/blog\/en\/brigitte-and-emmanuel-macron-soon-to-be-invited-by-pope-leo-xiv-the-unprecedented-reasons-for-their-latest-visit-to-the-vatican\/","og_locale":"fr_FR","og_type":"article","og_title":"Brigitte and Emmanuel Macron soon to be invited by Pope Leo XIV: the unprecedented reasons for their latest visit to the Vatican - Fan site S\u00e9bastien Auzi\u00e8re","og_description":"Brigitte et Emmanuel Macron bient\u00f4t re\u00e7us par le pape L\u00e9on XIV : d\u00e9couvrez les raisons in\u00e9dites de leur derni\u00e8re visite au Vatican.","og_url":"https:\/\/www.sebastien-auziere.fr\/blog\/en\/brigitte-and-emmanuel-macron-soon-to-be-invited-by-pope-leo-xiv-the-unprecedented-reasons-for-their-latest-visit-to-the-vatican\/","og_site_name":"Fan site S\u00e9bastien Auzi\u00e8re","article_published_time":"2026-04-07T19:09:15+00:00","article_modified_time":"2026-04-07T19:09:39+00:00","og_image":[{"width":2560,"height":1429,"url":"https:\/\/www.sebastien-auziere.fr\/blog\/wp-content\/uploads\/2026\/04\/Brigitte-et-Emmanuel-Macron-bientot-invites-par-le-pape-Leon-XIV-les-raisons-inedites-de-leur-derniere-visite-au-Vatican.jpg","type":"image\/jpeg"}],"author":"Chloe Gauthier","twitter_card":"summary_large_image","twitter_misc":{"\u00c9crit par":"Chloe Gauthier","Dur\u00e9e de lecture estim\u00e9e":"2 minutes"},"schema":{"@context":"https:\/\/schema.org","@graph":[{"@type":"Article","@id":"https:\/\/www.sebastien-auziere.fr\/blog\/en\/brigitte-and-emmanuel-macron-soon-to-be-invited-by-pope-leo-xiv-the-unprecedented-reasons-for-their-latest-visit-to-the-vatican\/#article","isPartOf":{"@id":"https:\/\/www.sebastien-auziere.fr\/blog\/en\/brigitte-and-emmanuel-macron-soon-to-be-invited-by-pope-leo-xiv-the-unprecedented-reasons-for-their-latest-visit-to-the-vatican\/"},"author":{"name":"Chloe Gauthier","@id":"https:\/\/www.sebastien-auziere.fr\/blog\/#\/schema\/person\/149f1acdbfd85149c6c3e59adeae2f4d"},"headline":"Brigitte and Emmanuel Macron soon to be invited by Pope Leo XIV: the unprecedented reasons for their latest visit to the Vatican","datePublished":"2026-04-07T19:09:15+00:00","dateModified":"2026-04-07T19:09:39+00:00","mainEntityOfPage":{"@id":"https:\/\/www.sebastien-auziere.fr\/blog\/en\/brigitte-and-emmanuel-macron-soon-to-be-invited-by-pope-leo-xiv-the-unprecedented-reasons-for-their-latest-visit-to-the-vatican\/"},"wordCount":446,"commentCount":0,"publisher":{"@id":"https:\/\/www.sebastien-auziere.fr\/blog\/#organization"},"image":{"@id":"https:\/\/www.sebastien-auziere.fr\/blog\/en\/brigitte-and-emmanuel-macron-soon-to-be-invited-by-pope-leo-xiv-the-unprecedented-reasons-for-their-latest-visit-to-the-vatican\/#primaryimage"},"thumbnailUrl":"https:\/\/www.sebastien-auziere.fr\/blog\/wp-content\/uploads\/2026\/04\/Brigitte-et-Emmanuel-Macron-bientot-invites-par-le-pape-Leon-XIV-les-raisons-inedites-de-leur-derniere-visite-au-Vatican.jpg","keywords":["brigitte macron","emmanuel macron","official visit","pape L\u00e9on XIV","vatican"],"articleSection":["News"],"inLanguage":"fr-FR","potentialAction":[{"@type":"CommentAction","name":"Comment","target":["https:\/\/www.sebastien-auziere.fr\/blog\/en\/brigitte-and-emmanuel-macron-soon-to-be-invited-by-pope-leo-xiv-the-unprecedented-reasons-for-their-latest-visit-to-the-vatican\/#respond"]}]},{"@type":"WebPage","@id":"https:\/\/www.sebastien-auziere.fr\/blog\/en\/brigitte-and-emmanuel-macron-soon-to-be-invited-by-pope-leo-xiv-the-unprecedented-reasons-for-their-latest-visit-to-the-vatican\/","url":"https:\/\/www.sebastien-auziere.fr\/blog\/en\/brigitte-and-emmanuel-macron-soon-to-be-invited-by-pope-leo-xiv-the-unprecedented-reasons-for-their-latest-visit-to-the-vatican\/","name":"Brigitte and Emmanuel Macron soon to be invited by Pope Leo XIV: the unprecedented reasons for their latest visit to the Vatican - Fan site S\u00e9bastien Auzi\u00e8re","isPartOf":{"@id":"https:\/\/www.sebastien-auziere.fr\/blog\/#website"},"primaryImageOfPage":{"@id":"https:\/\/www.sebastien-auziere.fr\/blog\/en\/brigitte-and-emmanuel-macron-soon-to-be-invited-by-pope-leo-xiv-the-unprecedented-reasons-for-their-latest-visit-to-the-vatican\/#primaryimage"},"image":{"@id":"https:\/\/www.sebastien-auziere.fr\/blog\/en\/brigitte-and-emmanuel-macron-soon-to-be-invited-by-pope-leo-xiv-the-unprecedented-reasons-for-their-latest-visit-to-the-vatican\/#primaryimage"},"thumbnailUrl":"https:\/\/www.sebastien-auziere.fr\/blog\/wp-content\/uploads\/2026\/04\/Brigitte-et-Emmanuel-Macron-bientot-invites-par-le-pape-Leon-XIV-les-raisons-inedites-de-leur-derniere-visite-au-Vatican.jpg","datePublished":"2026-04-07T19:09:15+00:00","dateModified":"2026-04-07T19:09:39+00:00","description":"Brigitte et Emmanuel Macron bient\u00f4t re\u00e7us par le pape L\u00e9on XIV : d\u00e9couvrez les raisons in\u00e9dites de leur derni\u00e8re visite au Vatican.","breadcrumb":{"@id":"https:\/\/www.sebastien-auziere.fr\/blog\/en\/brigitte-and-emmanuel-macron-soon-to-be-invited-by-pope-leo-xiv-the-unprecedented-reasons-for-their-latest-visit-to-the-vatican\/#breadcrumb"},"inLanguage":"fr-FR","potentialAction":[{"@type":"ReadAction","target":["https:\/\/www.sebastien-auziere.fr\/blog\/en\/brigitte-and-emmanuel-macron-soon-to-be-invited-by-pope-leo-xiv-the-unprecedented-reasons-for-their-latest-visit-to-the-vatican\/"]}]},{"@type":"ImageObject","inLanguage":"fr-FR","@id":"https:\/\/www.sebastien-auziere.fr\/blog\/en\/brigitte-and-emmanuel-macron-soon-to-be-invited-by-pope-leo-xiv-the-unprecedented-reasons-for-their-latest-visit-to-the-vatican\/#primaryimage","url":"https:\/\/www.sebastien-auziere.fr\/blog\/wp-content\/uploads\/2026\/04\/Brigitte-et-Emmanuel-Macron-bientot-invites-par-le-pape-Leon-XIV-les-raisons-inedites-de-leur-derniere-visite-au-Vatican.jpg","contentUrl":"https:\/\/www.sebastien-auziere.fr\/blog\/wp-content\/uploads\/2026\/04\/Brigitte-et-Emmanuel-Macron-bientot-invites-par-le-pape-Leon-XIV-les-raisons-inedites-de-leur-derniere-visite-au-Vatican.jpg","width":2560,"height":1429,"caption":"d\u00e9couvrez les raisons in\u00e9dites de la prochaine visite de brigitte et emmanuel macron au vatican, o\u00f9 ils seront bient\u00f4t re\u00e7us par le pape l\u00e9on xiv."},{"@type":"BreadcrumbList","@id":"https:\/\/www.sebastien-auziere.fr\/blog\/en\/brigitte-and-emmanuel-macron-soon-to-be-invited-by-pope-leo-xiv-the-unprecedented-reasons-for-their-latest-visit-to-the-vatican\/#breadcrumb","itemListElement":[{"@type":"ListItem","position":1,"name":"Home","item":"https:\/\/www.sebastien-auziere.fr\/blog\/"},{"@type":"ListItem","position":2,"name":"Brigitte and Emmanuel Macron soon to be invited by Pope Leo XIV: the unprecedented reasons for their latest visit to the Vatican"}]},{"@type":"WebSite","@id":"https:\/\/www.sebastien-auziere.fr\/blog\/#website","url":"https:\/\/www.sebastien-auziere.fr\/blog\/","name":"Fan site S\u00e9bastien Auzi\u00e8re","description":"M\u00e9dia g\u00e9n\u00e9raliste","publisher":{"@id":"https:\/\/www.sebastien-auziere.fr\/blog\/#organization"},"potentialAction":[{"@type":"SearchAction","target":{"@type":"EntryPoint","urlTemplate":"https:\/\/www.sebastien-auziere.fr\/blog\/?s={search_term_string}"},"query-input":{"@type":"PropertyValueSpecification","valueRequired":true,"valueName":"search_term_string"}}],"inLanguage":"fr-FR"},{"@type":"Organization","@id":"https:\/\/www.sebastien-auziere.fr\/blog\/#organization","name":"Fan site S\u00e9bastien Auzi\u00e8re","url":"https:\/\/www.sebastien-auziere.fr\/blog\/","logo":{"@type":"ImageObject","inLanguage":"fr-FR","@id":"https:\/\/www.sebastien-auziere.fr\/blog\/#\/schema\/logo\/image\/","url":"https:\/\/www.sebastien-auziere.fr\/blog\/wp-content\/uploads\/2026\/03\/cropped-cropped-cropped-ChatGPT-Image-6-mars-2026-12_58_09-e1772798376794.jpg","contentUrl":"https:\/\/www.sebastien-auziere.fr\/blog\/wp-content\/uploads\/2026\/03\/cropped-cropped-cropped-ChatGPT-Image-6-mars-2026-12_58_09-e1772798376794.jpg","width":512,"height":360,"caption":"Fan site S\u00e9bastien Auzi\u00e8re"},"image":{"@id":"https:\/\/www.sebastien-auziere.fr\/blog\/#\/schema\/logo\/image\/"}},{"@type":"Person","@id":"https:\/\/www.sebastien-auziere.fr\/blog\/#\/schema\/person\/149f1acdbfd85149c6c3e59adeae2f4d","name":"Chloe Gauthier","image":{"@type":"ImageObject","inLanguage":"fr-FR","@id":"https:\/\/secure.gravatar.com\/avatar\/2c5722f58171cff738a8985ef0dd66b476e563753246a49019befc837ec4201a?s=96&d=mm&r=g","url":"https:\/\/secure.gravatar.com\/avatar\/2c5722f58171cff738a8985ef0dd66b476e563753246a49019befc837ec4201a?s=96&d=mm&r=g","contentUrl":"https:\/\/secure.gravatar.com\/avatar\/2c5722f58171cff738a8985ef0dd66b476e563753246a49019befc837ec4201a?s=96&d=mm&r=g","caption":"Chloe Gauthier"},"description":"Passionn\u00e9e par la politique et admiratrice engag\u00e9e de la famille Macron, je consacre mon \u00e9nergie \u00e0 suivre leurs initiatives et \u00e0 promouvoir leurs id\u00e9es. \u00c0 32 ans, je suis convaincue que leur vision est porteuse d'avenir.","url":"https:\/\/www.sebastien-auziere.fr\/blog\/author\/chloe-gauthier\/"}]}},"views":8,"_links":{"self":[{"href":"https:\/\/www.sebastien-auziere.fr\/blog\/wp-json\/wp\/v2\/posts\/2838","targetHints":{"allow":["GET"]}}],"collection":[{"href":"https:\/\/www.sebastien-auziere.fr\/blog\/wp-json\/wp\/v2\/posts"}],"about":[{"href":"https:\/\/www.sebastien-auziere.fr\/blog\/wp-json\/wp\/v2\/types\/post"}],"author":[{"embeddable":true,"href":"https:\/\/www.sebastien-auziere.fr\/blog\/wp-json\/wp\/v2\/users\/9"}],"replies":[{"embeddable":true,"href":"https:\/\/www.sebastien-auziere.fr\/blog\/wp-json\/wp\/v2\/comments?post=2838"}],"version-history":[{"count":1,"href":"https:\/\/www.sebastien-auziere.fr\/blog\/wp-json\/wp\/v2\/posts\/2838\/revisions"}],"predecessor-version":[{"id":2839,"href":"https:\/\/www.sebastien-auziere.fr\/blog\/wp-json\/wp\/v2\/posts\/2838\/revisions\/2839"}],"wp:featuredmedia":[{"embeddable":true,"href":"https:\/\/www.sebastien-auziere.fr\/blog\/wp-json\/wp\/v2\/media\/2836"}],"wp:attachment":[{"href":"https:\/\/www.sebastien-auziere.fr\/blog\/wp-json\/wp\/v2\/media?parent=2838"}],"wp:term":[{"taxonomy":"category","embeddable":true,"href":"https:\/\/www.sebastien-auziere.fr\/blog\/wp-json\/wp\/v2\/categories?post=2838"},{"taxonomy":"post_tag","embeddable":true,"href":"https:\/\/www.sebastien-auziere.fr\/blog\/wp-json\/wp\/v2\/tags?post=2838"}],"curies":[{"name":"wp","href":"https:\/\/api.w.org\/{rel}","templated":true}]}}