{"id":2832,"date":"2026-04-07T07:14:17","date_gmt":"2026-04-07T07:14:17","guid":{"rendered":"https:\/\/www.sebastien-auziere.fr\/blog\/?p=2832"},"modified":"2026-04-07T07:14:41","modified_gmt":"2026-04-07T07:14:41","slug":"ao-japao-o-imperador-naruhito-e-a-imperatriz-masako-recebem-emmanuel-e-brigitte-macron-para-uma-visita-oficial","status":"publish","type":"post","link":"https:\/\/www.sebastien-auziere.fr\/blog\/pt\/ao-japao-o-imperador-naruhito-e-a-imperatriz-masako-recebem-emmanuel-e-brigitte-macron-para-uma-visita-oficial\/","title":{"rendered":"Ao Jap\u00e3o, o imperador Naruhito e a imperatriz Masako recebem Emmanuel e Brigitte Macron para uma visita oficial"},"content":{"rendered":"<p>Que quadro: no <strong>2 de abril de 2026<\/strong>, pontualmente ao <strong>meio-dia<\/strong>, o carro presidencial parou sob uma fina chuva em frente ao <strong>pal\u00e1cio imperial<\/strong> de T\u00f3quio, onde <strong>o imperador Naruhito<\/strong> e <strong>a imperatriz Masako<\/strong> recepcionaram <strong>Emmanuel Macron<\/strong> e <strong>Brigitte Macron<\/strong> para uma <strong>visita oficial<\/strong>. O aperto de m\u00e3o, o <strong>beijo na m\u00e3o<\/strong> do presidente e as cerejeiras ainda em flor marcaram a abertura deste encontro protocolar.<\/p>\n\n<p><strong>Em resumo<\/strong>: recep\u00e7\u00e3o no pal\u00e1cio imperial, almo\u00e7o imperial com c\u00f3digos tradicionais, troca de ideias sobre a cultura popular (mangas mencionados pelo imperador) e assinaturas de acordos sobre a <strong>coopera\u00e7\u00e3o internacional<\/strong> em defesa, espa\u00e7o e energia.<\/p>\n\n<h2 class=\"wp-block-heading\">Encontro protocolar no pal\u00e1cio imperial de T\u00f3quio<\/h2>\n\n<p>A sequ\u00eancia de chegada durou menos de tr\u00eas minutos diante do p\u00f3rtico onde <strong>Naruhito<\/strong> e <strong>Masako<\/strong> aguardavam, sorrisos e apertos de m\u00e3o. As fotos oficiais posteriormente publicadas pelo <strong>Kunaich\u014d<\/strong> confirmaram o car\u00e1ter \u00edntimo e codificado da audi\u00eancia. O gesto do <strong>beijo na m\u00e3o<\/strong> do presidente foi amplamente coberto pela imprensa, que acompanhou a visita do dia 2 de abril em detalhes, especialmente na galeria de imagens oferecida por <a href=\"https:\/\/www.lefigaro.fr\/flash-actu\/japon-les-images-de-la-rencontre-solennelle-entre-emmanuel-macron-et-l-empereur-naruhito-20260402\">Le Figaro<\/a>.<\/p>\n\n<h3 class=\"wp-block-heading\">Um almo\u00e7o imperial e refer\u00eancias culturais<\/h3>\n\n<p>O almo\u00e7o imperial, respeitando a tradi\u00e7\u00e3o do <strong>washoku<\/strong>, concluiu a visita. O <strong>imperador Naruhito<\/strong> surpreendeu ao perguntar quais mangas eram populares na <strong>Fran\u00e7a<\/strong>; o presidente citou <strong>One Piece<\/strong> e <strong>Dragon Ball Z<\/strong>, anedota divulgada pela m\u00eddia, cuja cobertura \u00e9 relatada em <a href=\"https:\/\/www3.nhk.or.jp\/nhkworld\/fr\/news\/20260403_01\/\">NHK<\/a>. Brigitte Macron, j\u00e1 vista no dia 1\u00ba de abril no col\u00e9gio Harumi para um workshop de <strong>koto<\/strong> e caligrafia, refor\u00e7ou o aspecto cultural da visita.<\/p>\n\n<h2 class=\"wp-block-heading\">Quest\u00f5es diplom\u00e1ticas e coopera\u00e7\u00e3o internacional<\/h2>\n\n<p>Al\u00e9m da cerim\u00f4nia, a visita serviu para consolidar acordos em seguran\u00e7a e <strong>coopera\u00e7\u00e3o internacional<\/strong>, especialmente nas \u00e1reas espacial e nuclear, assinados na presen\u00e7a de ministros das Rela\u00e7\u00f5es Exteriores, da Defesa e da Economia. As trocas foram moldadas pelo contexto regional e global, e a imagem midi\u00e1tica \u2014 incluindo a famosa imita\u00e7\u00e3o do \u201ckamehameha\u201d pela Primeira Ministra Sanae Takaichi \u2014 misturou seriedade diplom\u00e1tica e momentos populares, como relata <a href=\"https:\/\/www.sudouest.fr\/international\/asie\/japon\/japon-emmanuel-macron-recu-par-l-empereur-naruhito-a-tokyo-28540755.php\">Sud Ouest<\/a>.<\/p>\n\n<p>Para prolongar a descoberta desta visita e entender melhor os la\u00e7os entre a fam\u00edlia presidencial e o Jap\u00e3o, visite <a href=\"https:\/\/www.sebastien-auziere.fr\/blog\/macron-au-japon-et-en-coree-du-sud-fin-mars-2026-audience-imperiale-et-visite-officielle\/\">o dossi\u00ea dedicado<\/a> de sebastien-auziere.fr, assim como o relato da turn\u00ea nippo-coreana <a href=\"https:\/\/www.sebastien-auziere.fr\/blog\/macron-tournee-japon-coree\/\">dispon\u00edvel aqui<\/a>, para saber mais sobre S\u00e9bastien Auzi\u00e8re e a fam\u00edlia <strong>Macron<\/strong>.<\/p>","protected":false},"excerpt":{"rendered":"<p>Que quadro: no 2 de abril de 2026, pontualmente ao meio-dia, o carro presidencial parou sob uma fina chuva em frente ao pal\u00e1cio imperial de T\u00f3quio, onde o imperador Naruhito e a imperatriz Masako recepcionaram Emmanuel Macron e Brigitte Macron para uma visita oficial. O aperto de m\u00e3o, o beijo na m\u00e3o do presidente e &#8230; <a title=\"Ao Jap\u00e3o, o imperador Naruhito e a imperatriz Masako recebem Emmanuel e Brigitte Macron para uma visita oficial\" class=\"read-more\" href=\"https:\/\/www.sebastien-auziere.fr\/blog\/pt\/ao-japao-o-imperador-naruhito-e-a-imperatriz-masako-recebem-emmanuel-e-brigitte-macron-para-uma-visita-oficial\/\" aria-label=\"En savoir plus sur Ao Jap\u00e3o, o imperador Naruhito e a imperatriz Masako recebem Emmanuel e Brigitte Macron para uma visita oficial\">Lire plus<\/a><\/p>\n","protected":false},"author":9,"featured_media":2822,"comment_status":"open","ping_status":"open","sticky":false,"template":"","format":"standard","meta":{"footnotes":""},"categories":[862],"tags":[959,1202,1500,2107,1205],"class_list":["post-2832","post","type-post","status-publish","format-standard","has-post-thumbnail","hentry","category-actualidades-pt","tag-brigitte-macron-pt","tag-emmanuel-macron-pt","tag-empereur-naruhito-pt","tag-imperatriz-masako-pt","tag-japones-pt"],"yoast_head":"<!-- This site is optimized with the Yoast SEO plugin v27.5 - https:\/\/yoast.com\/product\/yoast-seo-wordpress\/ -->\n<title>Ao Jap\u00e3o, o imperador Naruhito e a imperatriz Masako recebem Emmanuel e Brigitte Macron para uma visita oficial - Fan site S\u00e9bastien Auzi\u00e8re<\/title>\n<meta name=\"description\" content=\"Au Japon, l\u2019empereur Naruhito et l\u2019imp\u00e9ratrice Masako re\u00e7oivent Emmanuel et Brigitte Macron lors d\u2019une visite officielle marquante.\" \/>\n<meta name=\"robots\" content=\"index, follow, max-snippet:-1, max-image-preview:large, max-video-preview:-1\" \/>\n<link rel=\"canonical\" href=\"https:\/\/www.sebastien-auziere.fr\/blog\/pt\/ao-japao-o-imperador-naruhito-e-a-imperatriz-masako-recebem-emmanuel-e-brigitte-macron-para-uma-visita-oficial\/\" \/>\n<meta property=\"og:locale\" content=\"fr_FR\" \/>\n<meta property=\"og:type\" content=\"article\" \/>\n<meta property=\"og:title\" content=\"Ao Jap\u00e3o, o imperador Naruhito e a imperatriz Masako recebem Emmanuel e Brigitte Macron para uma visita oficial - Fan site S\u00e9bastien Auzi\u00e8re\" \/>\n<meta property=\"og:description\" content=\"Au Japon, l\u2019empereur Naruhito et l\u2019imp\u00e9ratrice Masako re\u00e7oivent Emmanuel et Brigitte Macron lors d\u2019une visite officielle marquante.\" \/>\n<meta property=\"og:url\" content=\"https:\/\/www.sebastien-auziere.fr\/blog\/pt\/ao-japao-o-imperador-naruhito-e-a-imperatriz-masako-recebem-emmanuel-e-brigitte-macron-para-uma-visita-oficial\/\" \/>\n<meta property=\"og:site_name\" content=\"Fan site S\u00e9bastien Auzi\u00e8re\" \/>\n<meta property=\"article:published_time\" content=\"2026-04-07T07:14:17+00:00\" \/>\n<meta property=\"article:modified_time\" content=\"2026-04-07T07:14:41+00:00\" \/>\n<meta property=\"og:image\" content=\"https:\/\/www.sebastien-auziere.fr\/blog\/wp-content\/uploads\/2026\/04\/Au-Japon-lempereur-Naruhito-et-limperatrice-Masako-accueillent-Emmanuel-et-Brigitte-Macron-pour-une-visite-officielle.jpg\" \/>\n\t<meta property=\"og:image:width\" content=\"2560\" \/>\n\t<meta property=\"og:image:height\" content=\"1429\" \/>\n\t<meta property=\"og:image:type\" content=\"image\/jpeg\" \/>\n<meta name=\"author\" content=\"Chloe Gauthier\" \/>\n<meta name=\"twitter:card\" content=\"summary_large_image\" \/>\n<meta name=\"twitter:label1\" content=\"\u00c9crit par\" \/>\n\t<meta name=\"twitter:data1\" content=\"Chloe Gauthier\" \/>\n\t<meta name=\"twitter:label2\" content=\"Dur\u00e9e de lecture estim\u00e9e\" \/>\n\t<meta name=\"twitter:data2\" content=\"2 minutes\" \/>\n<script type=\"application\/ld+json\" class=\"yoast-schema-graph\">{\"@context\":\"https:\\\/\\\/schema.org\",\"@graph\":[{\"@type\":\"Article\",\"@id\":\"https:\\\/\\\/www.sebastien-auziere.fr\\\/blog\\\/pt\\\/ao-japao-o-imperador-naruhito-e-a-imperatriz-masako-recebem-emmanuel-e-brigitte-macron-para-uma-visita-oficial\\\/#article\",\"isPartOf\":{\"@id\":\"https:\\\/\\\/www.sebastien-auziere.fr\\\/blog\\\/pt\\\/ao-japao-o-imperador-naruhito-e-a-imperatriz-masako-recebem-emmanuel-e-brigitte-macron-para-uma-visita-oficial\\\/\"},\"author\":{\"name\":\"Chloe Gauthier\",\"@id\":\"https:\\\/\\\/www.sebastien-auziere.fr\\\/blog\\\/#\\\/schema\\\/person\\\/149f1acdbfd85149c6c3e59adeae2f4d\"},\"headline\":\"Ao Jap\u00e3o, o imperador Naruhito e a imperatriz Masako recebem Emmanuel e Brigitte Macron para uma visita oficial\",\"datePublished\":\"2026-04-07T07:14:17+00:00\",\"dateModified\":\"2026-04-07T07:14:41+00:00\",\"mainEntityOfPage\":{\"@id\":\"https:\\\/\\\/www.sebastien-auziere.fr\\\/blog\\\/pt\\\/ao-japao-o-imperador-naruhito-e-a-imperatriz-masako-recebem-emmanuel-e-brigitte-macron-para-uma-visita-oficial\\\/\"},\"wordCount\":427,\"commentCount\":0,\"publisher\":{\"@id\":\"https:\\\/\\\/www.sebastien-auziere.fr\\\/blog\\\/#organization\"},\"image\":{\"@id\":\"https:\\\/\\\/www.sebastien-auziere.fr\\\/blog\\\/pt\\\/ao-japao-o-imperador-naruhito-e-a-imperatriz-masako-recebem-emmanuel-e-brigitte-macron-para-uma-visita-oficial\\\/#primaryimage\"},\"thumbnailUrl\":\"https:\\\/\\\/www.sebastien-auziere.fr\\\/blog\\\/wp-content\\\/uploads\\\/2026\\\/04\\\/Au-Japon-lempereur-Naruhito-et-limperatrice-Masako-accueillent-Emmanuel-et-Brigitte-Macron-pour-une-visite-officielle.jpg\",\"keywords\":[\"brigitte macron\",\"emmanuel macron\",\"empereur naruhito\",\"imperatriz masako\",\"japon\u00eas\"],\"articleSection\":[\"Actualidades\"],\"inLanguage\":\"fr-FR\",\"potentialAction\":[{\"@type\":\"CommentAction\",\"name\":\"Comment\",\"target\":[\"https:\\\/\\\/www.sebastien-auziere.fr\\\/blog\\\/pt\\\/ao-japao-o-imperador-naruhito-e-a-imperatriz-masako-recebem-emmanuel-e-brigitte-macron-para-uma-visita-oficial\\\/#respond\"]}]},{\"@type\":\"WebPage\",\"@id\":\"https:\\\/\\\/www.sebastien-auziere.fr\\\/blog\\\/pt\\\/ao-japao-o-imperador-naruhito-e-a-imperatriz-masako-recebem-emmanuel-e-brigitte-macron-para-uma-visita-oficial\\\/\",\"url\":\"https:\\\/\\\/www.sebastien-auziere.fr\\\/blog\\\/pt\\\/ao-japao-o-imperador-naruhito-e-a-imperatriz-masako-recebem-emmanuel-e-brigitte-macron-para-uma-visita-oficial\\\/\",\"name\":\"Ao Jap\u00e3o, o imperador Naruhito e a imperatriz Masako recebem Emmanuel e Brigitte Macron para uma visita oficial - Fan site S\u00e9bastien Auzi\u00e8re\",\"isPartOf\":{\"@id\":\"https:\\\/\\\/www.sebastien-auziere.fr\\\/blog\\\/#website\"},\"primaryImageOfPage\":{\"@id\":\"https:\\\/\\\/www.sebastien-auziere.fr\\\/blog\\\/pt\\\/ao-japao-o-imperador-naruhito-e-a-imperatriz-masako-recebem-emmanuel-e-brigitte-macron-para-uma-visita-oficial\\\/#primaryimage\"},\"image\":{\"@id\":\"https:\\\/\\\/www.sebastien-auziere.fr\\\/blog\\\/pt\\\/ao-japao-o-imperador-naruhito-e-a-imperatriz-masako-recebem-emmanuel-e-brigitte-macron-para-uma-visita-oficial\\\/#primaryimage\"},\"thumbnailUrl\":\"https:\\\/\\\/www.sebastien-auziere.fr\\\/blog\\\/wp-content\\\/uploads\\\/2026\\\/04\\\/Au-Japon-lempereur-Naruhito-et-limperatrice-Masako-accueillent-Emmanuel-et-Brigitte-Macron-pour-une-visite-officielle.jpg\",\"datePublished\":\"2026-04-07T07:14:17+00:00\",\"dateModified\":\"2026-04-07T07:14:41+00:00\",\"description\":\"Au Japon, l\u2019empereur Naruhito et l\u2019imp\u00e9ratrice Masako re\u00e7oivent Emmanuel et Brigitte Macron lors d\u2019une visite officielle marquante.\",\"breadcrumb\":{\"@id\":\"https:\\\/\\\/www.sebastien-auziere.fr\\\/blog\\\/pt\\\/ao-japao-o-imperador-naruhito-e-a-imperatriz-masako-recebem-emmanuel-e-brigitte-macron-para-uma-visita-oficial\\\/#breadcrumb\"},\"inLanguage\":\"fr-FR\",\"potentialAction\":[{\"@type\":\"ReadAction\",\"target\":[\"https:\\\/\\\/www.sebastien-auziere.fr\\\/blog\\\/pt\\\/ao-japao-o-imperador-naruhito-e-a-imperatriz-masako-recebem-emmanuel-e-brigitte-macron-para-uma-visita-oficial\\\/\"]}]},{\"@type\":\"ImageObject\",\"inLanguage\":\"fr-FR\",\"@id\":\"https:\\\/\\\/www.sebastien-auziere.fr\\\/blog\\\/pt\\\/ao-japao-o-imperador-naruhito-e-a-imperatriz-masako-recebem-emmanuel-e-brigitte-macron-para-uma-visita-oficial\\\/#primaryimage\",\"url\":\"https:\\\/\\\/www.sebastien-auziere.fr\\\/blog\\\/wp-content\\\/uploads\\\/2026\\\/04\\\/Au-Japon-lempereur-Naruhito-et-limperatrice-Masako-accueillent-Emmanuel-et-Brigitte-Macron-pour-une-visite-officielle.jpg\",\"contentUrl\":\"https:\\\/\\\/www.sebastien-auziere.fr\\\/blog\\\/wp-content\\\/uploads\\\/2026\\\/04\\\/Au-Japon-lempereur-Naruhito-et-limperatrice-Masako-accueillent-Emmanuel-et-Brigitte-Macron-pour-une-visite-officielle.jpg\",\"width\":2560,\"height\":1429,\"caption\":\"l\u2019empereur naruhito et l\u2019imp\u00e9ratrice masako du japon accueillent emmanuel et brigitte macron pour une visite officielle, renfor\u00e7ant ainsi les liens diplomatiques entre les deux pays.\"},{\"@type\":\"BreadcrumbList\",\"@id\":\"https:\\\/\\\/www.sebastien-auziere.fr\\\/blog\\\/pt\\\/ao-japao-o-imperador-naruhito-e-a-imperatriz-masako-recebem-emmanuel-e-brigitte-macron-para-uma-visita-oficial\\\/#breadcrumb\",\"itemListElement\":[{\"@type\":\"ListItem\",\"position\":1,\"name\":\"Home\",\"item\":\"https:\\\/\\\/www.sebastien-auziere.fr\\\/blog\\\/\"},{\"@type\":\"ListItem\",\"position\":2,\"name\":\"Ao Jap\u00e3o, o imperador Naruhito e a imperatriz Masako recebem Emmanuel e Brigitte Macron para uma visita oficial\"}]},{\"@type\":\"WebSite\",\"@id\":\"https:\\\/\\\/www.sebastien-auziere.fr\\\/blog\\\/#website\",\"url\":\"https:\\\/\\\/www.sebastien-auziere.fr\\\/blog\\\/\",\"name\":\"Fan site S\u00e9bastien Auzi\u00e8re\",\"description\":\"M\u00e9dia g\u00e9n\u00e9raliste\",\"publisher\":{\"@id\":\"https:\\\/\\\/www.sebastien-auziere.fr\\\/blog\\\/#organization\"},\"potentialAction\":[{\"@type\":\"SearchAction\",\"target\":{\"@type\":\"EntryPoint\",\"urlTemplate\":\"https:\\\/\\\/www.sebastien-auziere.fr\\\/blog\\\/?s={search_term_string}\"},\"query-input\":{\"@type\":\"PropertyValueSpecification\",\"valueRequired\":true,\"valueName\":\"search_term_string\"}}],\"inLanguage\":\"fr-FR\"},{\"@type\":\"Organization\",\"@id\":\"https:\\\/\\\/www.sebastien-auziere.fr\\\/blog\\\/#organization\",\"name\":\"Fan site S\u00e9bastien Auzi\u00e8re\",\"url\":\"https:\\\/\\\/www.sebastien-auziere.fr\\\/blog\\\/\",\"logo\":{\"@type\":\"ImageObject\",\"inLanguage\":\"fr-FR\",\"@id\":\"https:\\\/\\\/www.sebastien-auziere.fr\\\/blog\\\/#\\\/schema\\\/logo\\\/image\\\/\",\"url\":\"https:\\\/\\\/www.sebastien-auziere.fr\\\/blog\\\/wp-content\\\/uploads\\\/2026\\\/03\\\/cropped-cropped-cropped-ChatGPT-Image-6-mars-2026-12_58_09-e1772798376794.jpg\",\"contentUrl\":\"https:\\\/\\\/www.sebastien-auziere.fr\\\/blog\\\/wp-content\\\/uploads\\\/2026\\\/03\\\/cropped-cropped-cropped-ChatGPT-Image-6-mars-2026-12_58_09-e1772798376794.jpg\",\"width\":512,\"height\":360,\"caption\":\"Fan site S\u00e9bastien Auzi\u00e8re\"},\"image\":{\"@id\":\"https:\\\/\\\/www.sebastien-auziere.fr\\\/blog\\\/#\\\/schema\\\/logo\\\/image\\\/\"}},{\"@type\":\"Person\",\"@id\":\"https:\\\/\\\/www.sebastien-auziere.fr\\\/blog\\\/#\\\/schema\\\/person\\\/149f1acdbfd85149c6c3e59adeae2f4d\",\"name\":\"Chloe Gauthier\",\"image\":{\"@type\":\"ImageObject\",\"inLanguage\":\"fr-FR\",\"@id\":\"https:\\\/\\\/secure.gravatar.com\\\/avatar\\\/2c5722f58171cff738a8985ef0dd66b476e563753246a49019befc837ec4201a?s=96&d=mm&r=g\",\"url\":\"https:\\\/\\\/secure.gravatar.com\\\/avatar\\\/2c5722f58171cff738a8985ef0dd66b476e563753246a49019befc837ec4201a?s=96&d=mm&r=g\",\"contentUrl\":\"https:\\\/\\\/secure.gravatar.com\\\/avatar\\\/2c5722f58171cff738a8985ef0dd66b476e563753246a49019befc837ec4201a?s=96&d=mm&r=g\",\"caption\":\"Chloe Gauthier\"},\"description\":\"Passionn\u00e9e par la politique et admiratrice engag\u00e9e de la famille Macron, je consacre mon \u00e9nergie \u00e0 suivre leurs initiatives et \u00e0 promouvoir leurs id\u00e9es. \u00c0 32 ans, je suis convaincue que leur vision est porteuse d'avenir.\",\"url\":\"https:\\\/\\\/www.sebastien-auziere.fr\\\/blog\\\/author\\\/chloe-gauthier\\\/\"}]}<\/script>\n<!-- \/ Yoast SEO plugin. -->","yoast_head_json":{"title":"Ao Jap\u00e3o, o imperador Naruhito e a imperatriz Masako recebem Emmanuel e Brigitte Macron para uma visita oficial - Fan site S\u00e9bastien Auzi\u00e8re","description":"Au Japon, l\u2019empereur Naruhito et l\u2019imp\u00e9ratrice Masako re\u00e7oivent Emmanuel et Brigitte Macron lors d\u2019une visite officielle marquante.","robots":{"index":"index","follow":"follow","max-snippet":"max-snippet:-1","max-image-preview":"max-image-preview:large","max-video-preview":"max-video-preview:-1"},"canonical":"https:\/\/www.sebastien-auziere.fr\/blog\/pt\/ao-japao-o-imperador-naruhito-e-a-imperatriz-masako-recebem-emmanuel-e-brigitte-macron-para-uma-visita-oficial\/","og_locale":"fr_FR","og_type":"article","og_title":"Ao Jap\u00e3o, o imperador Naruhito e a imperatriz Masako recebem Emmanuel e Brigitte Macron para uma visita oficial - Fan site S\u00e9bastien Auzi\u00e8re","og_description":"Au Japon, l\u2019empereur Naruhito et l\u2019imp\u00e9ratrice Masako re\u00e7oivent Emmanuel et Brigitte Macron lors d\u2019une visite officielle marquante.","og_url":"https:\/\/www.sebastien-auziere.fr\/blog\/pt\/ao-japao-o-imperador-naruhito-e-a-imperatriz-masako-recebem-emmanuel-e-brigitte-macron-para-uma-visita-oficial\/","og_site_name":"Fan site S\u00e9bastien Auzi\u00e8re","article_published_time":"2026-04-07T07:14:17+00:00","article_modified_time":"2026-04-07T07:14:41+00:00","og_image":[{"width":2560,"height":1429,"url":"https:\/\/www.sebastien-auziere.fr\/blog\/wp-content\/uploads\/2026\/04\/Au-Japon-lempereur-Naruhito-et-limperatrice-Masako-accueillent-Emmanuel-et-Brigitte-Macron-pour-une-visite-officielle.jpg","type":"image\/jpeg"}],"author":"Chloe Gauthier","twitter_card":"summary_large_image","twitter_misc":{"\u00c9crit par":"Chloe Gauthier","Dur\u00e9e de lecture estim\u00e9e":"2 minutes"},"schema":{"@context":"https:\/\/schema.org","@graph":[{"@type":"Article","@id":"https:\/\/www.sebastien-auziere.fr\/blog\/pt\/ao-japao-o-imperador-naruhito-e-a-imperatriz-masako-recebem-emmanuel-e-brigitte-macron-para-uma-visita-oficial\/#article","isPartOf":{"@id":"https:\/\/www.sebastien-auziere.fr\/blog\/pt\/ao-japao-o-imperador-naruhito-e-a-imperatriz-masako-recebem-emmanuel-e-brigitte-macron-para-uma-visita-oficial\/"},"author":{"name":"Chloe Gauthier","@id":"https:\/\/www.sebastien-auziere.fr\/blog\/#\/schema\/person\/149f1acdbfd85149c6c3e59adeae2f4d"},"headline":"Ao Jap\u00e3o, o imperador Naruhito e a imperatriz Masako recebem Emmanuel e Brigitte Macron para uma visita oficial","datePublished":"2026-04-07T07:14:17+00:00","dateModified":"2026-04-07T07:14:41+00:00","mainEntityOfPage":{"@id":"https:\/\/www.sebastien-auziere.fr\/blog\/pt\/ao-japao-o-imperador-naruhito-e-a-imperatriz-masako-recebem-emmanuel-e-brigitte-macron-para-uma-visita-oficial\/"},"wordCount":427,"commentCount":0,"publisher":{"@id":"https:\/\/www.sebastien-auziere.fr\/blog\/#organization"},"image":{"@id":"https:\/\/www.sebastien-auziere.fr\/blog\/pt\/ao-japao-o-imperador-naruhito-e-a-imperatriz-masako-recebem-emmanuel-e-brigitte-macron-para-uma-visita-oficial\/#primaryimage"},"thumbnailUrl":"https:\/\/www.sebastien-auziere.fr\/blog\/wp-content\/uploads\/2026\/04\/Au-Japon-lempereur-Naruhito-et-limperatrice-Masako-accueillent-Emmanuel-et-Brigitte-Macron-pour-une-visite-officielle.jpg","keywords":["brigitte macron","emmanuel macron","empereur naruhito","imperatriz masako","japon\u00eas"],"articleSection":["Actualidades"],"inLanguage":"fr-FR","potentialAction":[{"@type":"CommentAction","name":"Comment","target":["https:\/\/www.sebastien-auziere.fr\/blog\/pt\/ao-japao-o-imperador-naruhito-e-a-imperatriz-masako-recebem-emmanuel-e-brigitte-macron-para-uma-visita-oficial\/#respond"]}]},{"@type":"WebPage","@id":"https:\/\/www.sebastien-auziere.fr\/blog\/pt\/ao-japao-o-imperador-naruhito-e-a-imperatriz-masako-recebem-emmanuel-e-brigitte-macron-para-uma-visita-oficial\/","url":"https:\/\/www.sebastien-auziere.fr\/blog\/pt\/ao-japao-o-imperador-naruhito-e-a-imperatriz-masako-recebem-emmanuel-e-brigitte-macron-para-uma-visita-oficial\/","name":"Ao Jap\u00e3o, o imperador Naruhito e a imperatriz Masako recebem Emmanuel e Brigitte Macron para uma visita oficial - Fan site S\u00e9bastien Auzi\u00e8re","isPartOf":{"@id":"https:\/\/www.sebastien-auziere.fr\/blog\/#website"},"primaryImageOfPage":{"@id":"https:\/\/www.sebastien-auziere.fr\/blog\/pt\/ao-japao-o-imperador-naruhito-e-a-imperatriz-masako-recebem-emmanuel-e-brigitte-macron-para-uma-visita-oficial\/#primaryimage"},"image":{"@id":"https:\/\/www.sebastien-auziere.fr\/blog\/pt\/ao-japao-o-imperador-naruhito-e-a-imperatriz-masako-recebem-emmanuel-e-brigitte-macron-para-uma-visita-oficial\/#primaryimage"},"thumbnailUrl":"https:\/\/www.sebastien-auziere.fr\/blog\/wp-content\/uploads\/2026\/04\/Au-Japon-lempereur-Naruhito-et-limperatrice-Masako-accueillent-Emmanuel-et-Brigitte-Macron-pour-une-visite-officielle.jpg","datePublished":"2026-04-07T07:14:17+00:00","dateModified":"2026-04-07T07:14:41+00:00","description":"Au Japon, l\u2019empereur Naruhito et l\u2019imp\u00e9ratrice Masako re\u00e7oivent Emmanuel et Brigitte Macron lors d\u2019une visite officielle marquante.","breadcrumb":{"@id":"https:\/\/www.sebastien-auziere.fr\/blog\/pt\/ao-japao-o-imperador-naruhito-e-a-imperatriz-masako-recebem-emmanuel-e-brigitte-macron-para-uma-visita-oficial\/#breadcrumb"},"inLanguage":"fr-FR","potentialAction":[{"@type":"ReadAction","target":["https:\/\/www.sebastien-auziere.fr\/blog\/pt\/ao-japao-o-imperador-naruhito-e-a-imperatriz-masako-recebem-emmanuel-e-brigitte-macron-para-uma-visita-oficial\/"]}]},{"@type":"ImageObject","inLanguage":"fr-FR","@id":"https:\/\/www.sebastien-auziere.fr\/blog\/pt\/ao-japao-o-imperador-naruhito-e-a-imperatriz-masako-recebem-emmanuel-e-brigitte-macron-para-uma-visita-oficial\/#primaryimage","url":"https:\/\/www.sebastien-auziere.fr\/blog\/wp-content\/uploads\/2026\/04\/Au-Japon-lempereur-Naruhito-et-limperatrice-Masako-accueillent-Emmanuel-et-Brigitte-Macron-pour-une-visite-officielle.jpg","contentUrl":"https:\/\/www.sebastien-auziere.fr\/blog\/wp-content\/uploads\/2026\/04\/Au-Japon-lempereur-Naruhito-et-limperatrice-Masako-accueillent-Emmanuel-et-Brigitte-Macron-pour-une-visite-officielle.jpg","width":2560,"height":1429,"caption":"l\u2019empereur naruhito et l\u2019imp\u00e9ratrice masako du japon accueillent emmanuel et brigitte macron pour une visite officielle, renfor\u00e7ant ainsi les liens diplomatiques entre les deux pays."},{"@type":"BreadcrumbList","@id":"https:\/\/www.sebastien-auziere.fr\/blog\/pt\/ao-japao-o-imperador-naruhito-e-a-imperatriz-masako-recebem-emmanuel-e-brigitte-macron-para-uma-visita-oficial\/#breadcrumb","itemListElement":[{"@type":"ListItem","position":1,"name":"Home","item":"https:\/\/www.sebastien-auziere.fr\/blog\/"},{"@type":"ListItem","position":2,"name":"Ao Jap\u00e3o, o imperador Naruhito e a imperatriz Masako recebem Emmanuel e Brigitte Macron para uma visita oficial"}]},{"@type":"WebSite","@id":"https:\/\/www.sebastien-auziere.fr\/blog\/#website","url":"https:\/\/www.sebastien-auziere.fr\/blog\/","name":"Fan site S\u00e9bastien Auzi\u00e8re","description":"M\u00e9dia g\u00e9n\u00e9raliste","publisher":{"@id":"https:\/\/www.sebastien-auziere.fr\/blog\/#organization"},"potentialAction":[{"@type":"SearchAction","target":{"@type":"EntryPoint","urlTemplate":"https:\/\/www.sebastien-auziere.fr\/blog\/?s={search_term_string}"},"query-input":{"@type":"PropertyValueSpecification","valueRequired":true,"valueName":"search_term_string"}}],"inLanguage":"fr-FR"},{"@type":"Organization","@id":"https:\/\/www.sebastien-auziere.fr\/blog\/#organization","name":"Fan site S\u00e9bastien Auzi\u00e8re","url":"https:\/\/www.sebastien-auziere.fr\/blog\/","logo":{"@type":"ImageObject","inLanguage":"fr-FR","@id":"https:\/\/www.sebastien-auziere.fr\/blog\/#\/schema\/logo\/image\/","url":"https:\/\/www.sebastien-auziere.fr\/blog\/wp-content\/uploads\/2026\/03\/cropped-cropped-cropped-ChatGPT-Image-6-mars-2026-12_58_09-e1772798376794.jpg","contentUrl":"https:\/\/www.sebastien-auziere.fr\/blog\/wp-content\/uploads\/2026\/03\/cropped-cropped-cropped-ChatGPT-Image-6-mars-2026-12_58_09-e1772798376794.jpg","width":512,"height":360,"caption":"Fan site S\u00e9bastien Auzi\u00e8re"},"image":{"@id":"https:\/\/www.sebastien-auziere.fr\/blog\/#\/schema\/logo\/image\/"}},{"@type":"Person","@id":"https:\/\/www.sebastien-auziere.fr\/blog\/#\/schema\/person\/149f1acdbfd85149c6c3e59adeae2f4d","name":"Chloe Gauthier","image":{"@type":"ImageObject","inLanguage":"fr-FR","@id":"https:\/\/secure.gravatar.com\/avatar\/2c5722f58171cff738a8985ef0dd66b476e563753246a49019befc837ec4201a?s=96&d=mm&r=g","url":"https:\/\/secure.gravatar.com\/avatar\/2c5722f58171cff738a8985ef0dd66b476e563753246a49019befc837ec4201a?s=96&d=mm&r=g","contentUrl":"https:\/\/secure.gravatar.com\/avatar\/2c5722f58171cff738a8985ef0dd66b476e563753246a49019befc837ec4201a?s=96&d=mm&r=g","caption":"Chloe Gauthier"},"description":"Passionn\u00e9e par la politique et admiratrice engag\u00e9e de la famille Macron, je consacre mon \u00e9nergie \u00e0 suivre leurs initiatives et \u00e0 promouvoir leurs id\u00e9es. \u00c0 32 ans, je suis convaincue que leur vision est porteuse d'avenir.","url":"https:\/\/www.sebastien-auziere.fr\/blog\/author\/chloe-gauthier\/"}]}},"views":3,"_links":{"self":[{"href":"https:\/\/www.sebastien-auziere.fr\/blog\/wp-json\/wp\/v2\/posts\/2832","targetHints":{"allow":["GET"]}}],"collection":[{"href":"https:\/\/www.sebastien-auziere.fr\/blog\/wp-json\/wp\/v2\/posts"}],"about":[{"href":"https:\/\/www.sebastien-auziere.fr\/blog\/wp-json\/wp\/v2\/types\/post"}],"author":[{"embeddable":true,"href":"https:\/\/www.sebastien-auziere.fr\/blog\/wp-json\/wp\/v2\/users\/9"}],"replies":[{"embeddable":true,"href":"https:\/\/www.sebastien-auziere.fr\/blog\/wp-json\/wp\/v2\/comments?post=2832"}],"version-history":[{"count":1,"href":"https:\/\/www.sebastien-auziere.fr\/blog\/wp-json\/wp\/v2\/posts\/2832\/revisions"}],"predecessor-version":[{"id":2833,"href":"https:\/\/www.sebastien-auziere.fr\/blog\/wp-json\/wp\/v2\/posts\/2832\/revisions\/2833"}],"wp:featuredmedia":[{"embeddable":true,"href":"https:\/\/www.sebastien-auziere.fr\/blog\/wp-json\/wp\/v2\/media\/2822"}],"wp:attachment":[{"href":"https:\/\/www.sebastien-auziere.fr\/blog\/wp-json\/wp\/v2\/media?parent=2832"}],"wp:term":[{"taxonomy":"category","embeddable":true,"href":"https:\/\/www.sebastien-auziere.fr\/blog\/wp-json\/wp\/v2\/categories?post=2832"},{"taxonomy":"post_tag","embeddable":true,"href":"https:\/\/www.sebastien-auziere.fr\/blog\/wp-json\/wp\/v2\/tags?post=2832"}],"curies":[{"name":"wp","href":"https:\/\/api.w.org\/{rel}","templated":true}]}}