{"id":2830,"date":"2026-04-07T07:13:19","date_gmt":"2026-04-07T07:13:19","guid":{"rendered":"https:\/\/www.sebastien-auziere.fr\/blog\/?p=2830"},"modified":"2026-04-07T07:13:45","modified_gmt":"2026-04-07T07:13:45","slug":"au-giappone-limperatore-naruhito-e-limperatrice-masako-accolgono-emmanuel-e-brigitte-macron-per-una-visita-ufficiale","status":"publish","type":"post","link":"https:\/\/www.sebastien-auziere.fr\/blog\/it\/au-giappone-limperatore-naruhito-e-limperatrice-masako-accolgono-emmanuel-e-brigitte-macron-per-una-visita-ufficiale\/","title":{"rendered":"Au Giappone, l&rsquo;imperatore Naruhito e l&rsquo;imperatrice Masako accolgono Emmanuel e Brigitte Macron per una visita ufficiale"},"content":{"rendered":"<p>Che tableaux: il <strong>2 aprile 2026<\/strong>, a <strong>mezzogiorno in punto<\/strong>, l&rsquo;auto presidenziale si \u00e8 fermata sotto una leggera pioggerellina davanti al <strong>palazzo imperiale<\/strong> di Tokyo, dove <strong>l&rsquo;imperatore Naruhito<\/strong> e <strong>l&rsquo;imperatrice Masako<\/strong> hanno accolto <strong>Emmanuel Macron<\/strong> e <strong>Brigitte Macron<\/strong> per una <strong>visita ufficiale<\/strong>. La stretta di mano, il <strong>bacio della mano<\/strong> del presidente e i ciliegi ancora in fiore hanno segnato l&rsquo;apertura di questo incontro protocollare.<\/p>\n\n<p><strong>In breve<\/strong>: accoglienza al palazzo imperiale, pranzo imperiale con codici tradizionali, scambi sulla cultura popolare (manga evocati dall&rsquo;imperatore) e firmati accordi sulla <strong>cooperazione internazionale<\/strong> in materia di difesa, spaziale ed energia.<\/p>\n\n<h2 class=\"wp-block-heading\">Incontro protocollare al palazzo imperiale di Tokyo<\/h2>\n\n<p>La sequenza di arrivo \u00e8 durata meno di tre minuti davanti al portico dove <strong>Naruhito<\/strong> e <strong>Masako<\/strong> attendevano, sorrisi e stretta di mano. Le foto ufficiali pubblicate poi dal <strong>Kunaich\u014d<\/strong> hanno confermato il carattere intimo e codificato dell&rsquo;udienza. Il gesto del <strong>bacio della mano<\/strong> del presidente \u00e8 stato ampiamente riportato dalla stampa, che ha coperto la visita del 2 aprile in dettaglio, in particolare nella galleria di immagini proposta da <a href=\"https:\/\/www.lefigaro.fr\/flash-actu\/japon-les-images-de-la-rencontre-solennelle-entre-emmanuel-macron-et-l-empereur-naruhito-20260402\">Le Figaro<\/a>.<\/p>\n\n<h3 class=\"wp-block-heading\">Un pranzo imperiale e riferimenti culturali<\/h3>\n\n<p>Il pranzo imperiale, che rispettava la tradizione del <strong>washoku<\/strong>, ha concluso la visita. L&rsquo;<strong>imperatore Naruhito<\/strong> ha sorpreso chiedendo quali manga piacesse in <strong>Francia<\/strong>; il presidente ha citato <strong>One Piece<\/strong> e <strong>Dragon Ball Z<\/strong>, aneddoto riportato dai media, compresa la copertura di <a href=\"https:\/\/www3.nhk.or.jp\/nhkworld\/fr\/news\/20260403_01\/\">NHK<\/a>. Brigitte Macron, gi\u00e0 vista il 1\u00b0 aprile al liceo Harumi per un workshop di <strong>koto<\/strong> e calligrafia, ha rafforzato il profilo culturale della visita.<\/p>\n\n<h2 class=\"wp-block-heading\">Questioni diplomatiche e cooperazione internazionale<\/h2>\n\n<p>Oltre al cerimoniale, la visita ha servito per consolidare accordi in materia di sicurezza e <strong>cooperazione internazionale<\/strong>, in particolare nel settore spaziale e nucleare, firmati in presenza di ministri degli Affari esteri, della Difesa e dell&rsquo;Economia. Gli scambi sono stati inquadrati dal contesto regionale e mondiale, e l&rsquo;immagine mediatica \u2014 comprese la famosa imitazione del \u00ab\u00a0kamehameha\u00a0\u00bb da parte della Prima ministra Sanae Takaichi \u2014 ha mescolato seriet\u00e0 diplomatica e momenti popolari, come riferisce <a href=\"https:\/\/www.sudouest.fr\/international\/asie\/japon\/japon-emmanuel-macron-recu-par-l-empereur-naruhito-a-tokyo-28540755.php\">Sud Ouest<\/a>.<\/p>\n\n<p>Per approfondire la scoperta di questa visita e comprendere meglio i legami tra la famiglia presidenziale e il Giappone, visita <a href=\"https:\/\/www.sebastien-auziere.fr\/blog\/macron-au-japon-et-en-coree-du-sud-fin-mars-2026-audience-imperiale-et-visite-officielle\/\">il dossier dedicato<\/a> di sebastien-auziere.fr, cos\u00ec come il racconto del tour nippo-coreano <a href=\"https:\/\/www.sebastien-auziere.fr\/blog\/macron-tournee-japon-coree\/\">disponibile qui<\/a>, per saperne di pi\u00f9 su S\u00e9bastien Auzi\u00e8re e la famiglia <strong>Macron<\/strong>.<\/p>","protected":false},"excerpt":{"rendered":"<p>Che tableaux: il 2 aprile 2026, a mezzogiorno in punto, l&rsquo;auto presidenziale si \u00e8 fermata sotto una leggera pioggerellina davanti al palazzo imperiale di Tokyo, dove l&rsquo;imperatore Naruhito e l&rsquo;imperatrice Masako hanno accolto Emmanuel Macron e Brigitte Macron per una visita ufficiale. La stretta di mano, il bacio della mano del presidente e i ciliegi &#8230; <a title=\"Au Giappone, l&rsquo;imperatore Naruhito e l&rsquo;imperatrice Masako accolgono Emmanuel e Brigitte Macron per una visita ufficiale\" class=\"read-more\" href=\"https:\/\/www.sebastien-auziere.fr\/blog\/it\/au-giappone-limperatore-naruhito-e-limperatrice-masako-accolgono-emmanuel-e-brigitte-macron-per-una-visita-ufficiale\/\" aria-label=\"En savoir plus sur Au Giappone, l&rsquo;imperatore Naruhito e l&rsquo;imperatrice Masako accolgono Emmanuel e Brigitte Macron per una visita ufficiale\">Lire plus<\/a><\/p>\n","protected":false},"author":9,"featured_media":2822,"comment_status":"open","ping_status":"open","sticky":false,"template":"","format":"standard","meta":{"footnotes":""},"categories":[859],"tags":[944,1190,1488,2104,1193],"class_list":["post-2830","post","type-post","status-publish","format-standard","has-post-thumbnail","hentry","category-actualita-it","tag-brigitte-macron-it","tag-emmanuel-macron-it","tag-empereur-naruhito-it","tag-imperatrice-masako-it","tag-japponese-it"],"yoast_head":"<!-- This site is optimized with the Yoast SEO plugin v27.5 - https:\/\/yoast.com\/product\/yoast-seo-wordpress\/ -->\n<title>Au Giappone, l&#039;imperatore Naruhito e l&#039;imperatrice Masako accolgono Emmanuel e Brigitte Macron per una visita ufficiale - Fan site S\u00e9bastien Auzi\u00e8re<\/title>\n<meta name=\"description\" content=\"Au Japon, l\u2019empereur Naruhito et l\u2019imp\u00e9ratrice Masako re\u00e7oivent Emmanuel et Brigitte Macron lors d\u2019une visite officielle marquante.\" \/>\n<meta name=\"robots\" content=\"index, follow, max-snippet:-1, max-image-preview:large, max-video-preview:-1\" \/>\n<link rel=\"canonical\" href=\"https:\/\/www.sebastien-auziere.fr\/blog\/it\/au-giappone-limperatore-naruhito-e-limperatrice-masako-accolgono-emmanuel-e-brigitte-macron-per-una-visita-ufficiale\/\" \/>\n<meta property=\"og:locale\" content=\"fr_FR\" \/>\n<meta property=\"og:type\" content=\"article\" \/>\n<meta property=\"og:title\" content=\"Au Giappone, l&#039;imperatore Naruhito e l&#039;imperatrice Masako accolgono Emmanuel e Brigitte Macron per una visita ufficiale - Fan site S\u00e9bastien Auzi\u00e8re\" \/>\n<meta property=\"og:description\" content=\"Au Japon, l\u2019empereur Naruhito et l\u2019imp\u00e9ratrice Masako re\u00e7oivent Emmanuel et Brigitte Macron lors d\u2019une visite officielle marquante.\" \/>\n<meta property=\"og:url\" content=\"https:\/\/www.sebastien-auziere.fr\/blog\/it\/au-giappone-limperatore-naruhito-e-limperatrice-masako-accolgono-emmanuel-e-brigitte-macron-per-una-visita-ufficiale\/\" \/>\n<meta property=\"og:site_name\" content=\"Fan site S\u00e9bastien Auzi\u00e8re\" \/>\n<meta property=\"article:published_time\" content=\"2026-04-07T07:13:19+00:00\" \/>\n<meta property=\"article:modified_time\" content=\"2026-04-07T07:13:45+00:00\" \/>\n<meta property=\"og:image\" content=\"https:\/\/www.sebastien-auziere.fr\/blog\/wp-content\/uploads\/2026\/04\/Au-Japon-lempereur-Naruhito-et-limperatrice-Masako-accueillent-Emmanuel-et-Brigitte-Macron-pour-une-visite-officielle.jpg\" \/>\n\t<meta property=\"og:image:width\" content=\"2560\" \/>\n\t<meta property=\"og:image:height\" content=\"1429\" \/>\n\t<meta property=\"og:image:type\" content=\"image\/jpeg\" \/>\n<meta name=\"author\" content=\"Chloe Gauthier\" \/>\n<meta name=\"twitter:card\" content=\"summary_large_image\" \/>\n<meta name=\"twitter:label1\" content=\"\u00c9crit par\" \/>\n\t<meta name=\"twitter:data1\" content=\"Chloe Gauthier\" \/>\n\t<meta name=\"twitter:label2\" content=\"Dur\u00e9e de lecture estim\u00e9e\" \/>\n\t<meta name=\"twitter:data2\" content=\"2 minutes\" \/>\n<script type=\"application\/ld+json\" class=\"yoast-schema-graph\">{\"@context\":\"https:\\\/\\\/schema.org\",\"@graph\":[{\"@type\":\"Article\",\"@id\":\"https:\\\/\\\/www.sebastien-auziere.fr\\\/blog\\\/it\\\/au-giappone-limperatore-naruhito-e-limperatrice-masako-accolgono-emmanuel-e-brigitte-macron-per-una-visita-ufficiale\\\/#article\",\"isPartOf\":{\"@id\":\"https:\\\/\\\/www.sebastien-auziere.fr\\\/blog\\\/it\\\/au-giappone-limperatore-naruhito-e-limperatrice-masako-accolgono-emmanuel-e-brigitte-macron-per-una-visita-ufficiale\\\/\"},\"author\":{\"name\":\"Chloe Gauthier\",\"@id\":\"https:\\\/\\\/www.sebastien-auziere.fr\\\/blog\\\/#\\\/schema\\\/person\\\/149f1acdbfd85149c6c3e59adeae2f4d\"},\"headline\":\"Au Giappone, l&rsquo;imperatore Naruhito e l&rsquo;imperatrice Masako accolgono Emmanuel e Brigitte Macron per una visita ufficiale\",\"datePublished\":\"2026-04-07T07:13:19+00:00\",\"dateModified\":\"2026-04-07T07:13:45+00:00\",\"mainEntityOfPage\":{\"@id\":\"https:\\\/\\\/www.sebastien-auziere.fr\\\/blog\\\/it\\\/au-giappone-limperatore-naruhito-e-limperatrice-masako-accolgono-emmanuel-e-brigitte-macron-per-una-visita-ufficiale\\\/\"},\"wordCount\":382,\"commentCount\":0,\"publisher\":{\"@id\":\"https:\\\/\\\/www.sebastien-auziere.fr\\\/blog\\\/#organization\"},\"image\":{\"@id\":\"https:\\\/\\\/www.sebastien-auziere.fr\\\/blog\\\/it\\\/au-giappone-limperatore-naruhito-e-limperatrice-masako-accolgono-emmanuel-e-brigitte-macron-per-una-visita-ufficiale\\\/#primaryimage\"},\"thumbnailUrl\":\"https:\\\/\\\/www.sebastien-auziere.fr\\\/blog\\\/wp-content\\\/uploads\\\/2026\\\/04\\\/Au-Japon-lempereur-Naruhito-et-limperatrice-Masako-accueillent-Emmanuel-et-Brigitte-Macron-pour-une-visite-officielle.jpg\",\"keywords\":[\"brigitte macron\",\"emmanuel macron\",\"empereur naruhito\",\"imperatrice masako\",\"japponese\"],\"articleSection\":[\"Actualit\u00e0\"],\"inLanguage\":\"fr-FR\",\"potentialAction\":[{\"@type\":\"CommentAction\",\"name\":\"Comment\",\"target\":[\"https:\\\/\\\/www.sebastien-auziere.fr\\\/blog\\\/it\\\/au-giappone-limperatore-naruhito-e-limperatrice-masako-accolgono-emmanuel-e-brigitte-macron-per-una-visita-ufficiale\\\/#respond\"]}]},{\"@type\":\"WebPage\",\"@id\":\"https:\\\/\\\/www.sebastien-auziere.fr\\\/blog\\\/it\\\/au-giappone-limperatore-naruhito-e-limperatrice-masako-accolgono-emmanuel-e-brigitte-macron-per-una-visita-ufficiale\\\/\",\"url\":\"https:\\\/\\\/www.sebastien-auziere.fr\\\/blog\\\/it\\\/au-giappone-limperatore-naruhito-e-limperatrice-masako-accolgono-emmanuel-e-brigitte-macron-per-una-visita-ufficiale\\\/\",\"name\":\"Au Giappone, l'imperatore Naruhito e l'imperatrice Masako accolgono Emmanuel e Brigitte Macron per una visita ufficiale - Fan site S\u00e9bastien Auzi\u00e8re\",\"isPartOf\":{\"@id\":\"https:\\\/\\\/www.sebastien-auziere.fr\\\/blog\\\/#website\"},\"primaryImageOfPage\":{\"@id\":\"https:\\\/\\\/www.sebastien-auziere.fr\\\/blog\\\/it\\\/au-giappone-limperatore-naruhito-e-limperatrice-masako-accolgono-emmanuel-e-brigitte-macron-per-una-visita-ufficiale\\\/#primaryimage\"},\"image\":{\"@id\":\"https:\\\/\\\/www.sebastien-auziere.fr\\\/blog\\\/it\\\/au-giappone-limperatore-naruhito-e-limperatrice-masako-accolgono-emmanuel-e-brigitte-macron-per-una-visita-ufficiale\\\/#primaryimage\"},\"thumbnailUrl\":\"https:\\\/\\\/www.sebastien-auziere.fr\\\/blog\\\/wp-content\\\/uploads\\\/2026\\\/04\\\/Au-Japon-lempereur-Naruhito-et-limperatrice-Masako-accueillent-Emmanuel-et-Brigitte-Macron-pour-une-visite-officielle.jpg\",\"datePublished\":\"2026-04-07T07:13:19+00:00\",\"dateModified\":\"2026-04-07T07:13:45+00:00\",\"description\":\"Au Japon, l\u2019empereur Naruhito et l\u2019imp\u00e9ratrice Masako re\u00e7oivent Emmanuel et Brigitte Macron lors d\u2019une visite officielle marquante.\",\"breadcrumb\":{\"@id\":\"https:\\\/\\\/www.sebastien-auziere.fr\\\/blog\\\/it\\\/au-giappone-limperatore-naruhito-e-limperatrice-masako-accolgono-emmanuel-e-brigitte-macron-per-una-visita-ufficiale\\\/#breadcrumb\"},\"inLanguage\":\"fr-FR\",\"potentialAction\":[{\"@type\":\"ReadAction\",\"target\":[\"https:\\\/\\\/www.sebastien-auziere.fr\\\/blog\\\/it\\\/au-giappone-limperatore-naruhito-e-limperatrice-masako-accolgono-emmanuel-e-brigitte-macron-per-una-visita-ufficiale\\\/\"]}]},{\"@type\":\"ImageObject\",\"inLanguage\":\"fr-FR\",\"@id\":\"https:\\\/\\\/www.sebastien-auziere.fr\\\/blog\\\/it\\\/au-giappone-limperatore-naruhito-e-limperatrice-masako-accolgono-emmanuel-e-brigitte-macron-per-una-visita-ufficiale\\\/#primaryimage\",\"url\":\"https:\\\/\\\/www.sebastien-auziere.fr\\\/blog\\\/wp-content\\\/uploads\\\/2026\\\/04\\\/Au-Japon-lempereur-Naruhito-et-limperatrice-Masako-accueillent-Emmanuel-et-Brigitte-Macron-pour-une-visite-officielle.jpg\",\"contentUrl\":\"https:\\\/\\\/www.sebastien-auziere.fr\\\/blog\\\/wp-content\\\/uploads\\\/2026\\\/04\\\/Au-Japon-lempereur-Naruhito-et-limperatrice-Masako-accueillent-Emmanuel-et-Brigitte-Macron-pour-une-visite-officielle.jpg\",\"width\":2560,\"height\":1429,\"caption\":\"l\u2019empereur naruhito et l\u2019imp\u00e9ratrice masako du japon accueillent emmanuel et brigitte macron pour une visite officielle, renfor\u00e7ant ainsi les liens diplomatiques entre les deux pays.\"},{\"@type\":\"BreadcrumbList\",\"@id\":\"https:\\\/\\\/www.sebastien-auziere.fr\\\/blog\\\/it\\\/au-giappone-limperatore-naruhito-e-limperatrice-masako-accolgono-emmanuel-e-brigitte-macron-per-una-visita-ufficiale\\\/#breadcrumb\",\"itemListElement\":[{\"@type\":\"ListItem\",\"position\":1,\"name\":\"Home\",\"item\":\"https:\\\/\\\/www.sebastien-auziere.fr\\\/blog\\\/\"},{\"@type\":\"ListItem\",\"position\":2,\"name\":\"Au Giappone, l&rsquo;imperatore Naruhito e l&rsquo;imperatrice Masako accolgono Emmanuel e Brigitte Macron per una visita ufficiale\"}]},{\"@type\":\"WebSite\",\"@id\":\"https:\\\/\\\/www.sebastien-auziere.fr\\\/blog\\\/#website\",\"url\":\"https:\\\/\\\/www.sebastien-auziere.fr\\\/blog\\\/\",\"name\":\"Fan site S\u00e9bastien Auzi\u00e8re\",\"description\":\"M\u00e9dia g\u00e9n\u00e9raliste\",\"publisher\":{\"@id\":\"https:\\\/\\\/www.sebastien-auziere.fr\\\/blog\\\/#organization\"},\"potentialAction\":[{\"@type\":\"SearchAction\",\"target\":{\"@type\":\"EntryPoint\",\"urlTemplate\":\"https:\\\/\\\/www.sebastien-auziere.fr\\\/blog\\\/?s={search_term_string}\"},\"query-input\":{\"@type\":\"PropertyValueSpecification\",\"valueRequired\":true,\"valueName\":\"search_term_string\"}}],\"inLanguage\":\"fr-FR\"},{\"@type\":\"Organization\",\"@id\":\"https:\\\/\\\/www.sebastien-auziere.fr\\\/blog\\\/#organization\",\"name\":\"Fan site S\u00e9bastien Auzi\u00e8re\",\"url\":\"https:\\\/\\\/www.sebastien-auziere.fr\\\/blog\\\/\",\"logo\":{\"@type\":\"ImageObject\",\"inLanguage\":\"fr-FR\",\"@id\":\"https:\\\/\\\/www.sebastien-auziere.fr\\\/blog\\\/#\\\/schema\\\/logo\\\/image\\\/\",\"url\":\"https:\\\/\\\/www.sebastien-auziere.fr\\\/blog\\\/wp-content\\\/uploads\\\/2026\\\/03\\\/cropped-cropped-cropped-ChatGPT-Image-6-mars-2026-12_58_09-e1772798376794.jpg\",\"contentUrl\":\"https:\\\/\\\/www.sebastien-auziere.fr\\\/blog\\\/wp-content\\\/uploads\\\/2026\\\/03\\\/cropped-cropped-cropped-ChatGPT-Image-6-mars-2026-12_58_09-e1772798376794.jpg\",\"width\":512,\"height\":360,\"caption\":\"Fan site S\u00e9bastien Auzi\u00e8re\"},\"image\":{\"@id\":\"https:\\\/\\\/www.sebastien-auziere.fr\\\/blog\\\/#\\\/schema\\\/logo\\\/image\\\/\"}},{\"@type\":\"Person\",\"@id\":\"https:\\\/\\\/www.sebastien-auziere.fr\\\/blog\\\/#\\\/schema\\\/person\\\/149f1acdbfd85149c6c3e59adeae2f4d\",\"name\":\"Chloe Gauthier\",\"image\":{\"@type\":\"ImageObject\",\"inLanguage\":\"fr-FR\",\"@id\":\"https:\\\/\\\/secure.gravatar.com\\\/avatar\\\/2c5722f58171cff738a8985ef0dd66b476e563753246a49019befc837ec4201a?s=96&d=mm&r=g\",\"url\":\"https:\\\/\\\/secure.gravatar.com\\\/avatar\\\/2c5722f58171cff738a8985ef0dd66b476e563753246a49019befc837ec4201a?s=96&d=mm&r=g\",\"contentUrl\":\"https:\\\/\\\/secure.gravatar.com\\\/avatar\\\/2c5722f58171cff738a8985ef0dd66b476e563753246a49019befc837ec4201a?s=96&d=mm&r=g\",\"caption\":\"Chloe Gauthier\"},\"description\":\"Passionn\u00e9e par la politique et admiratrice engag\u00e9e de la famille Macron, je consacre mon \u00e9nergie \u00e0 suivre leurs initiatives et \u00e0 promouvoir leurs id\u00e9es. \u00c0 32 ans, je suis convaincue que leur vision est porteuse d'avenir.\",\"url\":\"https:\\\/\\\/www.sebastien-auziere.fr\\\/blog\\\/author\\\/chloe-gauthier\\\/\"}]}<\/script>\n<!-- \/ Yoast SEO plugin. -->","yoast_head_json":{"title":"Au Giappone, l'imperatore Naruhito e l'imperatrice Masako accolgono Emmanuel e Brigitte Macron per una visita ufficiale - Fan site S\u00e9bastien Auzi\u00e8re","description":"Au Japon, l\u2019empereur Naruhito et l\u2019imp\u00e9ratrice Masako re\u00e7oivent Emmanuel et Brigitte Macron lors d\u2019une visite officielle marquante.","robots":{"index":"index","follow":"follow","max-snippet":"max-snippet:-1","max-image-preview":"max-image-preview:large","max-video-preview":"max-video-preview:-1"},"canonical":"https:\/\/www.sebastien-auziere.fr\/blog\/it\/au-giappone-limperatore-naruhito-e-limperatrice-masako-accolgono-emmanuel-e-brigitte-macron-per-una-visita-ufficiale\/","og_locale":"fr_FR","og_type":"article","og_title":"Au Giappone, l'imperatore Naruhito e l'imperatrice Masako accolgono Emmanuel e Brigitte Macron per una visita ufficiale - Fan site S\u00e9bastien Auzi\u00e8re","og_description":"Au Japon, l\u2019empereur Naruhito et l\u2019imp\u00e9ratrice Masako re\u00e7oivent Emmanuel et Brigitte Macron lors d\u2019une visite officielle marquante.","og_url":"https:\/\/www.sebastien-auziere.fr\/blog\/it\/au-giappone-limperatore-naruhito-e-limperatrice-masako-accolgono-emmanuel-e-brigitte-macron-per-una-visita-ufficiale\/","og_site_name":"Fan site S\u00e9bastien Auzi\u00e8re","article_published_time":"2026-04-07T07:13:19+00:00","article_modified_time":"2026-04-07T07:13:45+00:00","og_image":[{"width":2560,"height":1429,"url":"https:\/\/www.sebastien-auziere.fr\/blog\/wp-content\/uploads\/2026\/04\/Au-Japon-lempereur-Naruhito-et-limperatrice-Masako-accueillent-Emmanuel-et-Brigitte-Macron-pour-une-visite-officielle.jpg","type":"image\/jpeg"}],"author":"Chloe Gauthier","twitter_card":"summary_large_image","twitter_misc":{"\u00c9crit par":"Chloe Gauthier","Dur\u00e9e de lecture estim\u00e9e":"2 minutes"},"schema":{"@context":"https:\/\/schema.org","@graph":[{"@type":"Article","@id":"https:\/\/www.sebastien-auziere.fr\/blog\/it\/au-giappone-limperatore-naruhito-e-limperatrice-masako-accolgono-emmanuel-e-brigitte-macron-per-una-visita-ufficiale\/#article","isPartOf":{"@id":"https:\/\/www.sebastien-auziere.fr\/blog\/it\/au-giappone-limperatore-naruhito-e-limperatrice-masako-accolgono-emmanuel-e-brigitte-macron-per-una-visita-ufficiale\/"},"author":{"name":"Chloe Gauthier","@id":"https:\/\/www.sebastien-auziere.fr\/blog\/#\/schema\/person\/149f1acdbfd85149c6c3e59adeae2f4d"},"headline":"Au Giappone, l&rsquo;imperatore Naruhito e l&rsquo;imperatrice Masako accolgono Emmanuel e Brigitte Macron per una visita ufficiale","datePublished":"2026-04-07T07:13:19+00:00","dateModified":"2026-04-07T07:13:45+00:00","mainEntityOfPage":{"@id":"https:\/\/www.sebastien-auziere.fr\/blog\/it\/au-giappone-limperatore-naruhito-e-limperatrice-masako-accolgono-emmanuel-e-brigitte-macron-per-una-visita-ufficiale\/"},"wordCount":382,"commentCount":0,"publisher":{"@id":"https:\/\/www.sebastien-auziere.fr\/blog\/#organization"},"image":{"@id":"https:\/\/www.sebastien-auziere.fr\/blog\/it\/au-giappone-limperatore-naruhito-e-limperatrice-masako-accolgono-emmanuel-e-brigitte-macron-per-una-visita-ufficiale\/#primaryimage"},"thumbnailUrl":"https:\/\/www.sebastien-auziere.fr\/blog\/wp-content\/uploads\/2026\/04\/Au-Japon-lempereur-Naruhito-et-limperatrice-Masako-accueillent-Emmanuel-et-Brigitte-Macron-pour-une-visite-officielle.jpg","keywords":["brigitte macron","emmanuel macron","empereur naruhito","imperatrice masako","japponese"],"articleSection":["Actualit\u00e0"],"inLanguage":"fr-FR","potentialAction":[{"@type":"CommentAction","name":"Comment","target":["https:\/\/www.sebastien-auziere.fr\/blog\/it\/au-giappone-limperatore-naruhito-e-limperatrice-masako-accolgono-emmanuel-e-brigitte-macron-per-una-visita-ufficiale\/#respond"]}]},{"@type":"WebPage","@id":"https:\/\/www.sebastien-auziere.fr\/blog\/it\/au-giappone-limperatore-naruhito-e-limperatrice-masako-accolgono-emmanuel-e-brigitte-macron-per-una-visita-ufficiale\/","url":"https:\/\/www.sebastien-auziere.fr\/blog\/it\/au-giappone-limperatore-naruhito-e-limperatrice-masako-accolgono-emmanuel-e-brigitte-macron-per-una-visita-ufficiale\/","name":"Au Giappone, l'imperatore Naruhito e l'imperatrice Masako accolgono Emmanuel e Brigitte Macron per una visita ufficiale - Fan site S\u00e9bastien Auzi\u00e8re","isPartOf":{"@id":"https:\/\/www.sebastien-auziere.fr\/blog\/#website"},"primaryImageOfPage":{"@id":"https:\/\/www.sebastien-auziere.fr\/blog\/it\/au-giappone-limperatore-naruhito-e-limperatrice-masako-accolgono-emmanuel-e-brigitte-macron-per-una-visita-ufficiale\/#primaryimage"},"image":{"@id":"https:\/\/www.sebastien-auziere.fr\/blog\/it\/au-giappone-limperatore-naruhito-e-limperatrice-masako-accolgono-emmanuel-e-brigitte-macron-per-una-visita-ufficiale\/#primaryimage"},"thumbnailUrl":"https:\/\/www.sebastien-auziere.fr\/blog\/wp-content\/uploads\/2026\/04\/Au-Japon-lempereur-Naruhito-et-limperatrice-Masako-accueillent-Emmanuel-et-Brigitte-Macron-pour-une-visite-officielle.jpg","datePublished":"2026-04-07T07:13:19+00:00","dateModified":"2026-04-07T07:13:45+00:00","description":"Au Japon, l\u2019empereur Naruhito et l\u2019imp\u00e9ratrice Masako re\u00e7oivent Emmanuel et Brigitte Macron lors d\u2019une visite officielle marquante.","breadcrumb":{"@id":"https:\/\/www.sebastien-auziere.fr\/blog\/it\/au-giappone-limperatore-naruhito-e-limperatrice-masako-accolgono-emmanuel-e-brigitte-macron-per-una-visita-ufficiale\/#breadcrumb"},"inLanguage":"fr-FR","potentialAction":[{"@type":"ReadAction","target":["https:\/\/www.sebastien-auziere.fr\/blog\/it\/au-giappone-limperatore-naruhito-e-limperatrice-masako-accolgono-emmanuel-e-brigitte-macron-per-una-visita-ufficiale\/"]}]},{"@type":"ImageObject","inLanguage":"fr-FR","@id":"https:\/\/www.sebastien-auziere.fr\/blog\/it\/au-giappone-limperatore-naruhito-e-limperatrice-masako-accolgono-emmanuel-e-brigitte-macron-per-una-visita-ufficiale\/#primaryimage","url":"https:\/\/www.sebastien-auziere.fr\/blog\/wp-content\/uploads\/2026\/04\/Au-Japon-lempereur-Naruhito-et-limperatrice-Masako-accueillent-Emmanuel-et-Brigitte-Macron-pour-une-visite-officielle.jpg","contentUrl":"https:\/\/www.sebastien-auziere.fr\/blog\/wp-content\/uploads\/2026\/04\/Au-Japon-lempereur-Naruhito-et-limperatrice-Masako-accueillent-Emmanuel-et-Brigitte-Macron-pour-une-visite-officielle.jpg","width":2560,"height":1429,"caption":"l\u2019empereur naruhito et l\u2019imp\u00e9ratrice masako du japon accueillent emmanuel et brigitte macron pour une visite officielle, renfor\u00e7ant ainsi les liens diplomatiques entre les deux pays."},{"@type":"BreadcrumbList","@id":"https:\/\/www.sebastien-auziere.fr\/blog\/it\/au-giappone-limperatore-naruhito-e-limperatrice-masako-accolgono-emmanuel-e-brigitte-macron-per-una-visita-ufficiale\/#breadcrumb","itemListElement":[{"@type":"ListItem","position":1,"name":"Home","item":"https:\/\/www.sebastien-auziere.fr\/blog\/"},{"@type":"ListItem","position":2,"name":"Au Giappone, l&rsquo;imperatore Naruhito e l&rsquo;imperatrice Masako accolgono Emmanuel e Brigitte Macron per una visita ufficiale"}]},{"@type":"WebSite","@id":"https:\/\/www.sebastien-auziere.fr\/blog\/#website","url":"https:\/\/www.sebastien-auziere.fr\/blog\/","name":"Fan site S\u00e9bastien Auzi\u00e8re","description":"M\u00e9dia g\u00e9n\u00e9raliste","publisher":{"@id":"https:\/\/www.sebastien-auziere.fr\/blog\/#organization"},"potentialAction":[{"@type":"SearchAction","target":{"@type":"EntryPoint","urlTemplate":"https:\/\/www.sebastien-auziere.fr\/blog\/?s={search_term_string}"},"query-input":{"@type":"PropertyValueSpecification","valueRequired":true,"valueName":"search_term_string"}}],"inLanguage":"fr-FR"},{"@type":"Organization","@id":"https:\/\/www.sebastien-auziere.fr\/blog\/#organization","name":"Fan site S\u00e9bastien Auzi\u00e8re","url":"https:\/\/www.sebastien-auziere.fr\/blog\/","logo":{"@type":"ImageObject","inLanguage":"fr-FR","@id":"https:\/\/www.sebastien-auziere.fr\/blog\/#\/schema\/logo\/image\/","url":"https:\/\/www.sebastien-auziere.fr\/blog\/wp-content\/uploads\/2026\/03\/cropped-cropped-cropped-ChatGPT-Image-6-mars-2026-12_58_09-e1772798376794.jpg","contentUrl":"https:\/\/www.sebastien-auziere.fr\/blog\/wp-content\/uploads\/2026\/03\/cropped-cropped-cropped-ChatGPT-Image-6-mars-2026-12_58_09-e1772798376794.jpg","width":512,"height":360,"caption":"Fan site S\u00e9bastien Auzi\u00e8re"},"image":{"@id":"https:\/\/www.sebastien-auziere.fr\/blog\/#\/schema\/logo\/image\/"}},{"@type":"Person","@id":"https:\/\/www.sebastien-auziere.fr\/blog\/#\/schema\/person\/149f1acdbfd85149c6c3e59adeae2f4d","name":"Chloe Gauthier","image":{"@type":"ImageObject","inLanguage":"fr-FR","@id":"https:\/\/secure.gravatar.com\/avatar\/2c5722f58171cff738a8985ef0dd66b476e563753246a49019befc837ec4201a?s=96&d=mm&r=g","url":"https:\/\/secure.gravatar.com\/avatar\/2c5722f58171cff738a8985ef0dd66b476e563753246a49019befc837ec4201a?s=96&d=mm&r=g","contentUrl":"https:\/\/secure.gravatar.com\/avatar\/2c5722f58171cff738a8985ef0dd66b476e563753246a49019befc837ec4201a?s=96&d=mm&r=g","caption":"Chloe Gauthier"},"description":"Passionn\u00e9e par la politique et admiratrice engag\u00e9e de la famille Macron, je consacre mon \u00e9nergie \u00e0 suivre leurs initiatives et \u00e0 promouvoir leurs id\u00e9es. \u00c0 32 ans, je suis convaincue que leur vision est porteuse d'avenir.","url":"https:\/\/www.sebastien-auziere.fr\/blog\/author\/chloe-gauthier\/"}]}},"views":4,"_links":{"self":[{"href":"https:\/\/www.sebastien-auziere.fr\/blog\/wp-json\/wp\/v2\/posts\/2830","targetHints":{"allow":["GET"]}}],"collection":[{"href":"https:\/\/www.sebastien-auziere.fr\/blog\/wp-json\/wp\/v2\/posts"}],"about":[{"href":"https:\/\/www.sebastien-auziere.fr\/blog\/wp-json\/wp\/v2\/types\/post"}],"author":[{"embeddable":true,"href":"https:\/\/www.sebastien-auziere.fr\/blog\/wp-json\/wp\/v2\/users\/9"}],"replies":[{"embeddable":true,"href":"https:\/\/www.sebastien-auziere.fr\/blog\/wp-json\/wp\/v2\/comments?post=2830"}],"version-history":[{"count":1,"href":"https:\/\/www.sebastien-auziere.fr\/blog\/wp-json\/wp\/v2\/posts\/2830\/revisions"}],"predecessor-version":[{"id":2831,"href":"https:\/\/www.sebastien-auziere.fr\/blog\/wp-json\/wp\/v2\/posts\/2830\/revisions\/2831"}],"wp:featuredmedia":[{"embeddable":true,"href":"https:\/\/www.sebastien-auziere.fr\/blog\/wp-json\/wp\/v2\/media\/2822"}],"wp:attachment":[{"href":"https:\/\/www.sebastien-auziere.fr\/blog\/wp-json\/wp\/v2\/media?parent=2830"}],"wp:term":[{"taxonomy":"category","embeddable":true,"href":"https:\/\/www.sebastien-auziere.fr\/blog\/wp-json\/wp\/v2\/categories?post=2830"},{"taxonomy":"post_tag","embeddable":true,"href":"https:\/\/www.sebastien-auziere.fr\/blog\/wp-json\/wp\/v2\/tags?post=2830"}],"curies":[{"name":"wp","href":"https:\/\/api.w.org\/{rel}","templated":true}]}}