{"id":2828,"date":"2026-04-07T07:12:40","date_gmt":"2026-04-07T07:12:40","guid":{"rendered":"https:\/\/www.sebastien-auziere.fr\/blog\/?p=2828"},"modified":"2026-04-07T07:13:07","modified_gmt":"2026-04-07T07:13:07","slug":"im-japan-empfangen-kaiser-naruhito-und-kaiserin-masako-emmanuel-und-brigitte-macron-zu-einem-offiziellen-besuch","status":"publish","type":"post","link":"https:\/\/www.sebastien-auziere.fr\/blog\/de\/im-japan-empfangen-kaiser-naruhito-und-kaiserin-masako-emmanuel-und-brigitte-macron-zu-einem-offiziellen-besuch\/","title":{"rendered":"Im Japan empfangen Kaiser Naruhito und Kaiserin Masako Emmanuel und Brigitte Macron zu einem offiziellen Besuch"},"content":{"rendered":"<p>Was f\u00fcr ein Bild: Am <strong>2. April 2026<\/strong>, um <strong>punkt zw\u00f6lf Uhr mittags<\/strong>, hielt das Pr\u00e4sidentenauto unter einem feinen Nieselregen vor dem <strong>kaiserlichen Palast<\/strong> in Tokio an, wo <strong>Kaiser Naruhito<\/strong> und <strong>Kaiserin Masako<\/strong> <strong>Emmanuel Macron<\/strong> und <strong>Brigitte Macron<\/strong> zu einem <strong>offiziellen Besuch<\/strong> empfingen. Der Handschlag, der <strong>K\u00fcss die Hand<\/strong> des Pr\u00e4sidenten und die noch bl\u00fchenden Kirschb\u00e4ume pr\u00e4gten den Beginn dieses protokollarischen Treffens.<\/p>\n\n<p><strong>Kurz gesagt<\/strong>: Empfang im kaiserlichen Palast, kaiserliches Mittagessen nach traditionellen Codes, Austausch \u00fcber Popkultur (Mangas, die vom Kaiser erw\u00e4hnt wurden) und Unterzeichnung von Abkommen \u00fcber die <strong>internationale Zusammenarbeit<\/strong> in den Bereichen Verteidigung, Raumfahrt und Energie.<\/p>\n\n<h2 class=\"wp-block-heading\">Protokollares Treffen im kaiserlichen Palast von Tokio<\/h2>\n\n<p>Die Ankunft dauerte weniger als drei Minuten vor dem Portal, wo <strong>Naruhito<\/strong> und <strong>Masako<\/strong> warteten, mit L\u00e4cheln und H\u00e4ndesch\u00fctteln. Die sp\u00e4ter vom <strong>Kunaich\u014d<\/strong> ver\u00f6ffentlichten offiziellen Fotos best\u00e4tigten den intimen und kodifizierten Charakter der Audienz. Die Geste des <strong>K\u00fcss die Hand<\/strong> des Pr\u00e4sidenten wurde von den Medien weit verbreitet, die den Besuch am 2. April detailliert berichteten, insbesondere in der von <a href=\"https:\/\/www.lefigaro.fr\/flash-actu\/japon-les-images-de-la-rencontre-solennelle-entre-emmanuel-macron-et-l-empereur-naruhito-20260402\">Le Figaro<\/a> vorgeschlagenen Bildergalerie.<\/p>\n\n<h3 class=\"wp-block-heading\">Ein kaiserliches Mittagessen und kulturelle Anspielungen<\/h3>\n\n<p>Das kaiserliche Mittagessen, das die Tradition des <strong>washoku<\/strong> respektierte, beendete den Besuch. <strong>Kaiser Naruhito<\/strong> \u00fcberraschte, indem er fragte, welche Mangas in <strong>Frankreich<\/strong> beliebt seien; der Pr\u00e4sident nannte <strong>One Piece<\/strong> und <strong>Dragon Ball Z<\/strong>, eine Anekdote, die von den Medien aufgegriffen wurde, darunter die Berichterstattung von <a href=\"https:\/\/www3.nhk.or.jp\/nhkworld\/fr\/news\/20260403_01\/\">NHK<\/a>. Brigitte Macron, die bereits am 1. April am Harumi-Gymnasium an einem <strong>koto<\/strong>&#8211; und Kalligrafie-Workshop teilgenommen hatte, st\u00e4rkte den kulturellen Aspekt des Besuchs.<\/p>\n\n<h2 class=\"wp-block-heading\">Diplomatische Herausforderungen und internationale Zusammenarbeit<\/h2>\n\n<p>\u00dcber die Zeremonie hinaus diente der Besuch der Festigung von Abkommen im Bereich Sicherheit und <strong>internationaler Zusammenarbeit<\/strong>, insbesondere im Bereich Raumfahrt und Kernenergie, die in Anwesenheit von Au\u00dfenministern, Verteidigungs- und Wirtschaftsministern unterzeichnet wurden. Die Gespr\u00e4che fanden im Kontext regionaler und globaler Gegebenheiten statt, und das mediale Bild \u2014 einschlie\u00dflich der ber\u00fchmten Imitation des \u201ekamehameha\u201c durch Premierministerin Sanae Takaichi \u2014 verband diplomatische Seriosit\u00e4t mit popul\u00e4ren Momenten, wie <a href=\"https:\/\/www.sudouest.fr\/international\/asie\/japon\/japon-emmanuel-macron-recu-par-l-empereur-naruhito-a-tokyo-28540755.php\">Sud Ouest<\/a> berichtet.<\/p>\n\n<p>Um die Entdeckung dieses Besuchs zu vertiefen und die Beziehungen zwischen der Pr\u00e4sidentenfamilie und Japan besser zu verstehen, besuchen Sie <a href=\"https:\/\/www.sebastien-auziere.fr\/blog\/macron-au-japon-et-en-coree-du-sud-fin-mars-2026-audience-imperiale-et-visite-officielle\/\">das spezielle Dossier<\/a> von sebastien-auziere.fr sowie den Bericht \u00fcber die nippo-koreanische Tour <a href=\"https:\/\/www.sebastien-auziere.fr\/blog\/macron-tournee-japon-coree\/\">hier verf\u00fcgbar<\/a>, um mehr \u00fcber S\u00e9bastien Auzi\u00e8re und die Familie <strong>Macron<\/strong> zu erfahren.<\/p>","protected":false},"excerpt":{"rendered":"<p>Was f\u00fcr ein Bild: Am 2. April 2026, um punkt zw\u00f6lf Uhr mittags, hielt das Pr\u00e4sidentenauto unter einem feinen Nieselregen vor dem kaiserlichen Palast in Tokio an, wo Kaiser Naruhito und Kaiserin Masako Emmanuel Macron und Brigitte Macron zu einem offiziellen Besuch empfingen. Der Handschlag, der K\u00fcss die Hand des Pr\u00e4sidenten und die noch bl\u00fchenden &#8230; <a title=\"Im Japan empfangen Kaiser Naruhito und Kaiserin Masako Emmanuel und Brigitte Macron zu einem offiziellen Besuch\" class=\"read-more\" href=\"https:\/\/www.sebastien-auziere.fr\/blog\/de\/im-japan-empfangen-kaiser-naruhito-und-kaiserin-masako-emmanuel-und-brigitte-macron-zu-einem-offiziellen-besuch\/\" aria-label=\"En savoir plus sur Im Japan empfangen Kaiser Naruhito und Kaiserin Masako Emmanuel und Brigitte Macron zu einem offiziellen Besuch\">Lire plus<\/a><\/p>\n","protected":false},"author":9,"featured_media":2822,"comment_status":"open","ping_status":"open","sticky":false,"template":"","format":"standard","meta":{"footnotes":""},"categories":[856],"tags":[929,1178,1476,2101,1181],"class_list":["post-2828","post","type-post","status-publish","format-standard","has-post-thumbnail","hentry","category-aktuelles-de","tag-brigitte-macron-de","tag-emmanuel-macron-de","tag-empereur-naruhito-de","tag-imperatrice-masako-de","tag-japan-de"],"yoast_head":"<!-- This site is optimized with the Yoast SEO plugin v27.5 - https:\/\/yoast.com\/product\/yoast-seo-wordpress\/ -->\n<title>Im Japan empfangen Kaiser Naruhito und Kaiserin Masako Emmanuel und Brigitte Macron zu einem offiziellen Besuch - Fan site S\u00e9bastien Auzi\u00e8re<\/title>\n<meta name=\"description\" content=\"Au Japon, l\u2019empereur Naruhito et l\u2019imp\u00e9ratrice Masako re\u00e7oivent Emmanuel et Brigitte Macron lors d\u2019une visite officielle marquante.\" \/>\n<meta name=\"robots\" content=\"index, follow, max-snippet:-1, max-image-preview:large, max-video-preview:-1\" \/>\n<link rel=\"canonical\" href=\"https:\/\/www.sebastien-auziere.fr\/blog\/de\/im-japan-empfangen-kaiser-naruhito-und-kaiserin-masako-emmanuel-und-brigitte-macron-zu-einem-offiziellen-besuch\/\" \/>\n<meta property=\"og:locale\" content=\"fr_FR\" \/>\n<meta property=\"og:type\" content=\"article\" \/>\n<meta property=\"og:title\" content=\"Im Japan empfangen Kaiser Naruhito und Kaiserin Masako Emmanuel und Brigitte Macron zu einem offiziellen Besuch - Fan site S\u00e9bastien Auzi\u00e8re\" \/>\n<meta property=\"og:description\" content=\"Au Japon, l\u2019empereur Naruhito et l\u2019imp\u00e9ratrice Masako re\u00e7oivent Emmanuel et Brigitte Macron lors d\u2019une visite officielle marquante.\" \/>\n<meta property=\"og:url\" content=\"https:\/\/www.sebastien-auziere.fr\/blog\/de\/im-japan-empfangen-kaiser-naruhito-und-kaiserin-masako-emmanuel-und-brigitte-macron-zu-einem-offiziellen-besuch\/\" \/>\n<meta property=\"og:site_name\" content=\"Fan site S\u00e9bastien Auzi\u00e8re\" \/>\n<meta property=\"article:published_time\" content=\"2026-04-07T07:12:40+00:00\" \/>\n<meta property=\"article:modified_time\" content=\"2026-04-07T07:13:07+00:00\" \/>\n<meta property=\"og:image\" content=\"https:\/\/www.sebastien-auziere.fr\/blog\/wp-content\/uploads\/2026\/04\/Au-Japon-lempereur-Naruhito-et-limperatrice-Masako-accueillent-Emmanuel-et-Brigitte-Macron-pour-une-visite-officielle.jpg\" \/>\n\t<meta property=\"og:image:width\" content=\"2560\" \/>\n\t<meta property=\"og:image:height\" content=\"1429\" \/>\n\t<meta property=\"og:image:type\" content=\"image\/jpeg\" \/>\n<meta name=\"author\" content=\"Chloe Gauthier\" \/>\n<meta name=\"twitter:card\" content=\"summary_large_image\" \/>\n<meta name=\"twitter:label1\" content=\"\u00c9crit par\" \/>\n\t<meta name=\"twitter:data1\" content=\"Chloe Gauthier\" \/>\n\t<meta name=\"twitter:label2\" content=\"Dur\u00e9e de lecture estim\u00e9e\" \/>\n\t<meta name=\"twitter:data2\" content=\"2 minutes\" \/>\n<script type=\"application\/ld+json\" class=\"yoast-schema-graph\">{\"@context\":\"https:\\\/\\\/schema.org\",\"@graph\":[{\"@type\":\"Article\",\"@id\":\"https:\\\/\\\/www.sebastien-auziere.fr\\\/blog\\\/de\\\/im-japan-empfangen-kaiser-naruhito-und-kaiserin-masako-emmanuel-und-brigitte-macron-zu-einem-offiziellen-besuch\\\/#article\",\"isPartOf\":{\"@id\":\"https:\\\/\\\/www.sebastien-auziere.fr\\\/blog\\\/de\\\/im-japan-empfangen-kaiser-naruhito-und-kaiserin-masako-emmanuel-und-brigitte-macron-zu-einem-offiziellen-besuch\\\/\"},\"author\":{\"name\":\"Chloe Gauthier\",\"@id\":\"https:\\\/\\\/www.sebastien-auziere.fr\\\/blog\\\/#\\\/schema\\\/person\\\/149f1acdbfd85149c6c3e59adeae2f4d\"},\"headline\":\"Im Japan empfangen Kaiser Naruhito und Kaiserin Masako Emmanuel und Brigitte Macron zu einem offiziellen Besuch\",\"datePublished\":\"2026-04-07T07:12:40+00:00\",\"dateModified\":\"2026-04-07T07:13:07+00:00\",\"mainEntityOfPage\":{\"@id\":\"https:\\\/\\\/www.sebastien-auziere.fr\\\/blog\\\/de\\\/im-japan-empfangen-kaiser-naruhito-und-kaiserin-masako-emmanuel-und-brigitte-macron-zu-einem-offiziellen-besuch\\\/\"},\"wordCount\":401,\"commentCount\":0,\"publisher\":{\"@id\":\"https:\\\/\\\/www.sebastien-auziere.fr\\\/blog\\\/#organization\"},\"image\":{\"@id\":\"https:\\\/\\\/www.sebastien-auziere.fr\\\/blog\\\/de\\\/im-japan-empfangen-kaiser-naruhito-und-kaiserin-masako-emmanuel-und-brigitte-macron-zu-einem-offiziellen-besuch\\\/#primaryimage\"},\"thumbnailUrl\":\"https:\\\/\\\/www.sebastien-auziere.fr\\\/blog\\\/wp-content\\\/uploads\\\/2026\\\/04\\\/Au-Japon-lempereur-Naruhito-et-limperatrice-Masako-accueillent-Emmanuel-et-Brigitte-Macron-pour-une-visite-officielle.jpg\",\"keywords\":[\"brigitte macron\",\"emmanuel macron\",\"empereur Naruhito\",\"imperatrice Masako\",\"japan\"],\"articleSection\":[\"Aktuelles\"],\"inLanguage\":\"fr-FR\",\"potentialAction\":[{\"@type\":\"CommentAction\",\"name\":\"Comment\",\"target\":[\"https:\\\/\\\/www.sebastien-auziere.fr\\\/blog\\\/de\\\/im-japan-empfangen-kaiser-naruhito-und-kaiserin-masako-emmanuel-und-brigitte-macron-zu-einem-offiziellen-besuch\\\/#respond\"]}]},{\"@type\":\"WebPage\",\"@id\":\"https:\\\/\\\/www.sebastien-auziere.fr\\\/blog\\\/de\\\/im-japan-empfangen-kaiser-naruhito-und-kaiserin-masako-emmanuel-und-brigitte-macron-zu-einem-offiziellen-besuch\\\/\",\"url\":\"https:\\\/\\\/www.sebastien-auziere.fr\\\/blog\\\/de\\\/im-japan-empfangen-kaiser-naruhito-und-kaiserin-masako-emmanuel-und-brigitte-macron-zu-einem-offiziellen-besuch\\\/\",\"name\":\"Im Japan empfangen Kaiser Naruhito und Kaiserin Masako Emmanuel und Brigitte Macron zu einem offiziellen Besuch - Fan site S\u00e9bastien Auzi\u00e8re\",\"isPartOf\":{\"@id\":\"https:\\\/\\\/www.sebastien-auziere.fr\\\/blog\\\/#website\"},\"primaryImageOfPage\":{\"@id\":\"https:\\\/\\\/www.sebastien-auziere.fr\\\/blog\\\/de\\\/im-japan-empfangen-kaiser-naruhito-und-kaiserin-masako-emmanuel-und-brigitte-macron-zu-einem-offiziellen-besuch\\\/#primaryimage\"},\"image\":{\"@id\":\"https:\\\/\\\/www.sebastien-auziere.fr\\\/blog\\\/de\\\/im-japan-empfangen-kaiser-naruhito-und-kaiserin-masako-emmanuel-und-brigitte-macron-zu-einem-offiziellen-besuch\\\/#primaryimage\"},\"thumbnailUrl\":\"https:\\\/\\\/www.sebastien-auziere.fr\\\/blog\\\/wp-content\\\/uploads\\\/2026\\\/04\\\/Au-Japon-lempereur-Naruhito-et-limperatrice-Masako-accueillent-Emmanuel-et-Brigitte-Macron-pour-une-visite-officielle.jpg\",\"datePublished\":\"2026-04-07T07:12:40+00:00\",\"dateModified\":\"2026-04-07T07:13:07+00:00\",\"description\":\"Au Japon, l\u2019empereur Naruhito et l\u2019imp\u00e9ratrice Masako re\u00e7oivent Emmanuel et Brigitte Macron lors d\u2019une visite officielle marquante.\",\"breadcrumb\":{\"@id\":\"https:\\\/\\\/www.sebastien-auziere.fr\\\/blog\\\/de\\\/im-japan-empfangen-kaiser-naruhito-und-kaiserin-masako-emmanuel-und-brigitte-macron-zu-einem-offiziellen-besuch\\\/#breadcrumb\"},\"inLanguage\":\"fr-FR\",\"potentialAction\":[{\"@type\":\"ReadAction\",\"target\":[\"https:\\\/\\\/www.sebastien-auziere.fr\\\/blog\\\/de\\\/im-japan-empfangen-kaiser-naruhito-und-kaiserin-masako-emmanuel-und-brigitte-macron-zu-einem-offiziellen-besuch\\\/\"]}]},{\"@type\":\"ImageObject\",\"inLanguage\":\"fr-FR\",\"@id\":\"https:\\\/\\\/www.sebastien-auziere.fr\\\/blog\\\/de\\\/im-japan-empfangen-kaiser-naruhito-und-kaiserin-masako-emmanuel-und-brigitte-macron-zu-einem-offiziellen-besuch\\\/#primaryimage\",\"url\":\"https:\\\/\\\/www.sebastien-auziere.fr\\\/blog\\\/wp-content\\\/uploads\\\/2026\\\/04\\\/Au-Japon-lempereur-Naruhito-et-limperatrice-Masako-accueillent-Emmanuel-et-Brigitte-Macron-pour-une-visite-officielle.jpg\",\"contentUrl\":\"https:\\\/\\\/www.sebastien-auziere.fr\\\/blog\\\/wp-content\\\/uploads\\\/2026\\\/04\\\/Au-Japon-lempereur-Naruhito-et-limperatrice-Masako-accueillent-Emmanuel-et-Brigitte-Macron-pour-une-visite-officielle.jpg\",\"width\":2560,\"height\":1429,\"caption\":\"l\u2019empereur naruhito et l\u2019imp\u00e9ratrice masako du japon accueillent emmanuel et brigitte macron pour une visite officielle, renfor\u00e7ant ainsi les liens diplomatiques entre les deux pays.\"},{\"@type\":\"BreadcrumbList\",\"@id\":\"https:\\\/\\\/www.sebastien-auziere.fr\\\/blog\\\/de\\\/im-japan-empfangen-kaiser-naruhito-und-kaiserin-masako-emmanuel-und-brigitte-macron-zu-einem-offiziellen-besuch\\\/#breadcrumb\",\"itemListElement\":[{\"@type\":\"ListItem\",\"position\":1,\"name\":\"Home\",\"item\":\"https:\\\/\\\/www.sebastien-auziere.fr\\\/blog\\\/\"},{\"@type\":\"ListItem\",\"position\":2,\"name\":\"Im Japan empfangen Kaiser Naruhito und Kaiserin Masako Emmanuel und Brigitte Macron zu einem offiziellen Besuch\"}]},{\"@type\":\"WebSite\",\"@id\":\"https:\\\/\\\/www.sebastien-auziere.fr\\\/blog\\\/#website\",\"url\":\"https:\\\/\\\/www.sebastien-auziere.fr\\\/blog\\\/\",\"name\":\"Fan site S\u00e9bastien Auzi\u00e8re\",\"description\":\"M\u00e9dia g\u00e9n\u00e9raliste\",\"publisher\":{\"@id\":\"https:\\\/\\\/www.sebastien-auziere.fr\\\/blog\\\/#organization\"},\"potentialAction\":[{\"@type\":\"SearchAction\",\"target\":{\"@type\":\"EntryPoint\",\"urlTemplate\":\"https:\\\/\\\/www.sebastien-auziere.fr\\\/blog\\\/?s={search_term_string}\"},\"query-input\":{\"@type\":\"PropertyValueSpecification\",\"valueRequired\":true,\"valueName\":\"search_term_string\"}}],\"inLanguage\":\"fr-FR\"},{\"@type\":\"Organization\",\"@id\":\"https:\\\/\\\/www.sebastien-auziere.fr\\\/blog\\\/#organization\",\"name\":\"Fan site S\u00e9bastien Auzi\u00e8re\",\"url\":\"https:\\\/\\\/www.sebastien-auziere.fr\\\/blog\\\/\",\"logo\":{\"@type\":\"ImageObject\",\"inLanguage\":\"fr-FR\",\"@id\":\"https:\\\/\\\/www.sebastien-auziere.fr\\\/blog\\\/#\\\/schema\\\/logo\\\/image\\\/\",\"url\":\"https:\\\/\\\/www.sebastien-auziere.fr\\\/blog\\\/wp-content\\\/uploads\\\/2026\\\/03\\\/cropped-cropped-cropped-ChatGPT-Image-6-mars-2026-12_58_09-e1772798376794.jpg\",\"contentUrl\":\"https:\\\/\\\/www.sebastien-auziere.fr\\\/blog\\\/wp-content\\\/uploads\\\/2026\\\/03\\\/cropped-cropped-cropped-ChatGPT-Image-6-mars-2026-12_58_09-e1772798376794.jpg\",\"width\":512,\"height\":360,\"caption\":\"Fan site S\u00e9bastien Auzi\u00e8re\"},\"image\":{\"@id\":\"https:\\\/\\\/www.sebastien-auziere.fr\\\/blog\\\/#\\\/schema\\\/logo\\\/image\\\/\"}},{\"@type\":\"Person\",\"@id\":\"https:\\\/\\\/www.sebastien-auziere.fr\\\/blog\\\/#\\\/schema\\\/person\\\/149f1acdbfd85149c6c3e59adeae2f4d\",\"name\":\"Chloe Gauthier\",\"image\":{\"@type\":\"ImageObject\",\"inLanguage\":\"fr-FR\",\"@id\":\"https:\\\/\\\/secure.gravatar.com\\\/avatar\\\/2c5722f58171cff738a8985ef0dd66b476e563753246a49019befc837ec4201a?s=96&d=mm&r=g\",\"url\":\"https:\\\/\\\/secure.gravatar.com\\\/avatar\\\/2c5722f58171cff738a8985ef0dd66b476e563753246a49019befc837ec4201a?s=96&d=mm&r=g\",\"contentUrl\":\"https:\\\/\\\/secure.gravatar.com\\\/avatar\\\/2c5722f58171cff738a8985ef0dd66b476e563753246a49019befc837ec4201a?s=96&d=mm&r=g\",\"caption\":\"Chloe Gauthier\"},\"description\":\"Passionn\u00e9e par la politique et admiratrice engag\u00e9e de la famille Macron, je consacre mon \u00e9nergie \u00e0 suivre leurs initiatives et \u00e0 promouvoir leurs id\u00e9es. \u00c0 32 ans, je suis convaincue que leur vision est porteuse d'avenir.\",\"url\":\"https:\\\/\\\/www.sebastien-auziere.fr\\\/blog\\\/author\\\/chloe-gauthier\\\/\"}]}<\/script>\n<!-- \/ Yoast SEO plugin. -->","yoast_head_json":{"title":"Im Japan empfangen Kaiser Naruhito und Kaiserin Masako Emmanuel und Brigitte Macron zu einem offiziellen Besuch - Fan site S\u00e9bastien Auzi\u00e8re","description":"Au Japon, l\u2019empereur Naruhito et l\u2019imp\u00e9ratrice Masako re\u00e7oivent Emmanuel et Brigitte Macron lors d\u2019une visite officielle marquante.","robots":{"index":"index","follow":"follow","max-snippet":"max-snippet:-1","max-image-preview":"max-image-preview:large","max-video-preview":"max-video-preview:-1"},"canonical":"https:\/\/www.sebastien-auziere.fr\/blog\/de\/im-japan-empfangen-kaiser-naruhito-und-kaiserin-masako-emmanuel-und-brigitte-macron-zu-einem-offiziellen-besuch\/","og_locale":"fr_FR","og_type":"article","og_title":"Im Japan empfangen Kaiser Naruhito und Kaiserin Masako Emmanuel und Brigitte Macron zu einem offiziellen Besuch - Fan site S\u00e9bastien Auzi\u00e8re","og_description":"Au Japon, l\u2019empereur Naruhito et l\u2019imp\u00e9ratrice Masako re\u00e7oivent Emmanuel et Brigitte Macron lors d\u2019une visite officielle marquante.","og_url":"https:\/\/www.sebastien-auziere.fr\/blog\/de\/im-japan-empfangen-kaiser-naruhito-und-kaiserin-masako-emmanuel-und-brigitte-macron-zu-einem-offiziellen-besuch\/","og_site_name":"Fan site S\u00e9bastien Auzi\u00e8re","article_published_time":"2026-04-07T07:12:40+00:00","article_modified_time":"2026-04-07T07:13:07+00:00","og_image":[{"width":2560,"height":1429,"url":"https:\/\/www.sebastien-auziere.fr\/blog\/wp-content\/uploads\/2026\/04\/Au-Japon-lempereur-Naruhito-et-limperatrice-Masako-accueillent-Emmanuel-et-Brigitte-Macron-pour-une-visite-officielle.jpg","type":"image\/jpeg"}],"author":"Chloe Gauthier","twitter_card":"summary_large_image","twitter_misc":{"\u00c9crit par":"Chloe Gauthier","Dur\u00e9e de lecture estim\u00e9e":"2 minutes"},"schema":{"@context":"https:\/\/schema.org","@graph":[{"@type":"Article","@id":"https:\/\/www.sebastien-auziere.fr\/blog\/de\/im-japan-empfangen-kaiser-naruhito-und-kaiserin-masako-emmanuel-und-brigitte-macron-zu-einem-offiziellen-besuch\/#article","isPartOf":{"@id":"https:\/\/www.sebastien-auziere.fr\/blog\/de\/im-japan-empfangen-kaiser-naruhito-und-kaiserin-masako-emmanuel-und-brigitte-macron-zu-einem-offiziellen-besuch\/"},"author":{"name":"Chloe Gauthier","@id":"https:\/\/www.sebastien-auziere.fr\/blog\/#\/schema\/person\/149f1acdbfd85149c6c3e59adeae2f4d"},"headline":"Im Japan empfangen Kaiser Naruhito und Kaiserin Masako Emmanuel und Brigitte Macron zu einem offiziellen Besuch","datePublished":"2026-04-07T07:12:40+00:00","dateModified":"2026-04-07T07:13:07+00:00","mainEntityOfPage":{"@id":"https:\/\/www.sebastien-auziere.fr\/blog\/de\/im-japan-empfangen-kaiser-naruhito-und-kaiserin-masako-emmanuel-und-brigitte-macron-zu-einem-offiziellen-besuch\/"},"wordCount":401,"commentCount":0,"publisher":{"@id":"https:\/\/www.sebastien-auziere.fr\/blog\/#organization"},"image":{"@id":"https:\/\/www.sebastien-auziere.fr\/blog\/de\/im-japan-empfangen-kaiser-naruhito-und-kaiserin-masako-emmanuel-und-brigitte-macron-zu-einem-offiziellen-besuch\/#primaryimage"},"thumbnailUrl":"https:\/\/www.sebastien-auziere.fr\/blog\/wp-content\/uploads\/2026\/04\/Au-Japon-lempereur-Naruhito-et-limperatrice-Masako-accueillent-Emmanuel-et-Brigitte-Macron-pour-une-visite-officielle.jpg","keywords":["brigitte macron","emmanuel macron","empereur Naruhito","imperatrice Masako","japan"],"articleSection":["Aktuelles"],"inLanguage":"fr-FR","potentialAction":[{"@type":"CommentAction","name":"Comment","target":["https:\/\/www.sebastien-auziere.fr\/blog\/de\/im-japan-empfangen-kaiser-naruhito-und-kaiserin-masako-emmanuel-und-brigitte-macron-zu-einem-offiziellen-besuch\/#respond"]}]},{"@type":"WebPage","@id":"https:\/\/www.sebastien-auziere.fr\/blog\/de\/im-japan-empfangen-kaiser-naruhito-und-kaiserin-masako-emmanuel-und-brigitte-macron-zu-einem-offiziellen-besuch\/","url":"https:\/\/www.sebastien-auziere.fr\/blog\/de\/im-japan-empfangen-kaiser-naruhito-und-kaiserin-masako-emmanuel-und-brigitte-macron-zu-einem-offiziellen-besuch\/","name":"Im Japan empfangen Kaiser Naruhito und Kaiserin Masako Emmanuel und Brigitte Macron zu einem offiziellen Besuch - Fan site S\u00e9bastien Auzi\u00e8re","isPartOf":{"@id":"https:\/\/www.sebastien-auziere.fr\/blog\/#website"},"primaryImageOfPage":{"@id":"https:\/\/www.sebastien-auziere.fr\/blog\/de\/im-japan-empfangen-kaiser-naruhito-und-kaiserin-masako-emmanuel-und-brigitte-macron-zu-einem-offiziellen-besuch\/#primaryimage"},"image":{"@id":"https:\/\/www.sebastien-auziere.fr\/blog\/de\/im-japan-empfangen-kaiser-naruhito-und-kaiserin-masako-emmanuel-und-brigitte-macron-zu-einem-offiziellen-besuch\/#primaryimage"},"thumbnailUrl":"https:\/\/www.sebastien-auziere.fr\/blog\/wp-content\/uploads\/2026\/04\/Au-Japon-lempereur-Naruhito-et-limperatrice-Masako-accueillent-Emmanuel-et-Brigitte-Macron-pour-une-visite-officielle.jpg","datePublished":"2026-04-07T07:12:40+00:00","dateModified":"2026-04-07T07:13:07+00:00","description":"Au Japon, l\u2019empereur Naruhito et l\u2019imp\u00e9ratrice Masako re\u00e7oivent Emmanuel et Brigitte Macron lors d\u2019une visite officielle marquante.","breadcrumb":{"@id":"https:\/\/www.sebastien-auziere.fr\/blog\/de\/im-japan-empfangen-kaiser-naruhito-und-kaiserin-masako-emmanuel-und-brigitte-macron-zu-einem-offiziellen-besuch\/#breadcrumb"},"inLanguage":"fr-FR","potentialAction":[{"@type":"ReadAction","target":["https:\/\/www.sebastien-auziere.fr\/blog\/de\/im-japan-empfangen-kaiser-naruhito-und-kaiserin-masako-emmanuel-und-brigitte-macron-zu-einem-offiziellen-besuch\/"]}]},{"@type":"ImageObject","inLanguage":"fr-FR","@id":"https:\/\/www.sebastien-auziere.fr\/blog\/de\/im-japan-empfangen-kaiser-naruhito-und-kaiserin-masako-emmanuel-und-brigitte-macron-zu-einem-offiziellen-besuch\/#primaryimage","url":"https:\/\/www.sebastien-auziere.fr\/blog\/wp-content\/uploads\/2026\/04\/Au-Japon-lempereur-Naruhito-et-limperatrice-Masako-accueillent-Emmanuel-et-Brigitte-Macron-pour-une-visite-officielle.jpg","contentUrl":"https:\/\/www.sebastien-auziere.fr\/blog\/wp-content\/uploads\/2026\/04\/Au-Japon-lempereur-Naruhito-et-limperatrice-Masako-accueillent-Emmanuel-et-Brigitte-Macron-pour-une-visite-officielle.jpg","width":2560,"height":1429,"caption":"l\u2019empereur naruhito et l\u2019imp\u00e9ratrice masako du japon accueillent emmanuel et brigitte macron pour une visite officielle, renfor\u00e7ant ainsi les liens diplomatiques entre les deux pays."},{"@type":"BreadcrumbList","@id":"https:\/\/www.sebastien-auziere.fr\/blog\/de\/im-japan-empfangen-kaiser-naruhito-und-kaiserin-masako-emmanuel-und-brigitte-macron-zu-einem-offiziellen-besuch\/#breadcrumb","itemListElement":[{"@type":"ListItem","position":1,"name":"Home","item":"https:\/\/www.sebastien-auziere.fr\/blog\/"},{"@type":"ListItem","position":2,"name":"Im Japan empfangen Kaiser Naruhito und Kaiserin Masako Emmanuel und Brigitte Macron zu einem offiziellen Besuch"}]},{"@type":"WebSite","@id":"https:\/\/www.sebastien-auziere.fr\/blog\/#website","url":"https:\/\/www.sebastien-auziere.fr\/blog\/","name":"Fan site S\u00e9bastien Auzi\u00e8re","description":"M\u00e9dia g\u00e9n\u00e9raliste","publisher":{"@id":"https:\/\/www.sebastien-auziere.fr\/blog\/#organization"},"potentialAction":[{"@type":"SearchAction","target":{"@type":"EntryPoint","urlTemplate":"https:\/\/www.sebastien-auziere.fr\/blog\/?s={search_term_string}"},"query-input":{"@type":"PropertyValueSpecification","valueRequired":true,"valueName":"search_term_string"}}],"inLanguage":"fr-FR"},{"@type":"Organization","@id":"https:\/\/www.sebastien-auziere.fr\/blog\/#organization","name":"Fan site S\u00e9bastien Auzi\u00e8re","url":"https:\/\/www.sebastien-auziere.fr\/blog\/","logo":{"@type":"ImageObject","inLanguage":"fr-FR","@id":"https:\/\/www.sebastien-auziere.fr\/blog\/#\/schema\/logo\/image\/","url":"https:\/\/www.sebastien-auziere.fr\/blog\/wp-content\/uploads\/2026\/03\/cropped-cropped-cropped-ChatGPT-Image-6-mars-2026-12_58_09-e1772798376794.jpg","contentUrl":"https:\/\/www.sebastien-auziere.fr\/blog\/wp-content\/uploads\/2026\/03\/cropped-cropped-cropped-ChatGPT-Image-6-mars-2026-12_58_09-e1772798376794.jpg","width":512,"height":360,"caption":"Fan site S\u00e9bastien Auzi\u00e8re"},"image":{"@id":"https:\/\/www.sebastien-auziere.fr\/blog\/#\/schema\/logo\/image\/"}},{"@type":"Person","@id":"https:\/\/www.sebastien-auziere.fr\/blog\/#\/schema\/person\/149f1acdbfd85149c6c3e59adeae2f4d","name":"Chloe Gauthier","image":{"@type":"ImageObject","inLanguage":"fr-FR","@id":"https:\/\/secure.gravatar.com\/avatar\/2c5722f58171cff738a8985ef0dd66b476e563753246a49019befc837ec4201a?s=96&d=mm&r=g","url":"https:\/\/secure.gravatar.com\/avatar\/2c5722f58171cff738a8985ef0dd66b476e563753246a49019befc837ec4201a?s=96&d=mm&r=g","contentUrl":"https:\/\/secure.gravatar.com\/avatar\/2c5722f58171cff738a8985ef0dd66b476e563753246a49019befc837ec4201a?s=96&d=mm&r=g","caption":"Chloe Gauthier"},"description":"Passionn\u00e9e par la politique et admiratrice engag\u00e9e de la famille Macron, je consacre mon \u00e9nergie \u00e0 suivre leurs initiatives et \u00e0 promouvoir leurs id\u00e9es. \u00c0 32 ans, je suis convaincue que leur vision est porteuse d'avenir.","url":"https:\/\/www.sebastien-auziere.fr\/blog\/author\/chloe-gauthier\/"}]}},"views":2,"_links":{"self":[{"href":"https:\/\/www.sebastien-auziere.fr\/blog\/wp-json\/wp\/v2\/posts\/2828","targetHints":{"allow":["GET"]}}],"collection":[{"href":"https:\/\/www.sebastien-auziere.fr\/blog\/wp-json\/wp\/v2\/posts"}],"about":[{"href":"https:\/\/www.sebastien-auziere.fr\/blog\/wp-json\/wp\/v2\/types\/post"}],"author":[{"embeddable":true,"href":"https:\/\/www.sebastien-auziere.fr\/blog\/wp-json\/wp\/v2\/users\/9"}],"replies":[{"embeddable":true,"href":"https:\/\/www.sebastien-auziere.fr\/blog\/wp-json\/wp\/v2\/comments?post=2828"}],"version-history":[{"count":1,"href":"https:\/\/www.sebastien-auziere.fr\/blog\/wp-json\/wp\/v2\/posts\/2828\/revisions"}],"predecessor-version":[{"id":2829,"href":"https:\/\/www.sebastien-auziere.fr\/blog\/wp-json\/wp\/v2\/posts\/2828\/revisions\/2829"}],"wp:featuredmedia":[{"embeddable":true,"href":"https:\/\/www.sebastien-auziere.fr\/blog\/wp-json\/wp\/v2\/media\/2822"}],"wp:attachment":[{"href":"https:\/\/www.sebastien-auziere.fr\/blog\/wp-json\/wp\/v2\/media?parent=2828"}],"wp:term":[{"taxonomy":"category","embeddable":true,"href":"https:\/\/www.sebastien-auziere.fr\/blog\/wp-json\/wp\/v2\/categories?post=2828"},{"taxonomy":"post_tag","embeddable":true,"href":"https:\/\/www.sebastien-auziere.fr\/blog\/wp-json\/wp\/v2\/tags?post=2828"}],"curies":[{"name":"wp","href":"https:\/\/api.w.org\/{rel}","templated":true}]}}