{"id":2826,"date":"2026-04-07T07:11:19","date_gmt":"2026-04-07T07:11:19","guid":{"rendered":"https:\/\/www.sebastien-auziere.fr\/blog\/?p=2826"},"modified":"2026-04-07T07:11:46","modified_gmt":"2026-04-07T07:11:46","slug":"au-japon-el-emperador-naruhito-y-la-emperatriz-masako-reciben-a-emmanuel-y-brigitte-macron-para-una-visita-oficial","status":"publish","type":"post","link":"https:\/\/www.sebastien-auziere.fr\/blog\/es\/au-japon-el-emperador-naruhito-y-la-emperatriz-masako-reciben-a-emmanuel-y-brigitte-macron-para-una-visita-oficial\/","title":{"rendered":"Au Jap\u00f3n, el emperador Naruhito y la emperatriz Masako reciben a Emmanuel y Brigitte Macron para una visita oficial"},"content":{"rendered":"<p>Qu\u00e9 cuadro: el <strong>2 de abril de 2026<\/strong>, a <strong>mediod\u00eda en punto<\/strong>, el coche presidencial se detuvo bajo una fina llovizna frente al <strong>palacio imperial<\/strong> de Tokio, donde <strong>el emperador Naruhito<\/strong> y <strong>la emperatriz Masako<\/strong> recibieron a <strong>Emmanuel Macron<\/strong> y <strong>Brigitte Macron<\/strong> para una <strong>visita oficial<\/strong>. El apret\u00f3n de manos, el <strong>baisemain<\/strong> del presidente y los cerezos a\u00fan en flor marcaron la apertura de este encuentro protocolario.<\/p>\n\n<p><strong>En breve<\/strong>: recepci\u00f3n en el palacio imperial, almuerzo imperial con c\u00f3digos tradicionales, intercambios sobre la cultura popular (mangas mencionados por el emperador) y firmas de acuerdos relacionados con la <strong>cooperaci\u00f3n internacional<\/strong> en defensa, espacio y energ\u00eda.<\/p>\n\n<h2 class=\"wp-block-heading\">Encuentro protocolario en el palacio imperial de Tokio<\/h2>\n\n<p>La secuencia de llegada dur\u00f3 menos de tres minutos frente al porche donde <strong>Naruhito<\/strong> y <strong>Masako<\/strong> esperaban, sonrisas y apret\u00f3n de manos. Las fotos oficiales publicadas despu\u00e9s por el <strong>Kunaich\u014d<\/strong> confirmaron el car\u00e1cter \u00edntimo y codificado de la audiencia. El gesto del <strong>baisemain<\/strong> del presidente fue ampliamente difundido por la prensa, que cubri\u00f3 la visita del 2 de abril en detalle, especialmente en la galer\u00eda de im\u00e1genes propuesta por <a href=\"https:\/\/www.lefigaro.fr\/flash-actu\/japon-les-images-de-la-rencontre-solennelle-entre-emmanuel-macron-et-l-empereur-naruhito-20260402\">Le Figaro<\/a>.<\/p>\n\n<h3 class=\"wp-block-heading\">Un almuerzo imperial y gui\u00f1os culturales<\/h3>\n\n<p>El almuerzo imperial, respetando la tradici\u00f3n del <strong>washoku<\/strong>, concluy\u00f3 la visita. El <strong>emperador Naruhito<\/strong> sorprendi\u00f3 al preguntar qu\u00e9 mangas gustaban en <strong>Francia<\/strong>; el presidente cit\u00f3 <strong>One Piece<\/strong> y <strong>Dragon Ball Z<\/strong>, an\u00e9cdota difundida por los medios cuya cobertura realiz\u00f3 <a href=\"https:\/\/www3.nhk.or.jp\/nhkworld\/fr\/news\/20260403_01\/\">NHK<\/a>. Brigitte Macron, ya vista el 1 de abril en el liceo Harumi para un taller de <strong>koto<\/strong> y caligraf\u00eda, reforz\u00f3 el aspecto cultural de la visita.<\/p>\n\n<h2 class=\"wp-block-heading\">Desaf\u00edos diplom\u00e1ticos y cooperaci\u00f3n internacional<\/h2>\n\n<p>M\u00e1s all\u00e1 de lo ceremonial, la visita sirvi\u00f3 para consolidar acuerdos en materia de seguridad y <strong>cooperaci\u00f3n internacional<\/strong>, particularmente en el espacio y el nuclear, firmados en presencia de ministros de Relaciones Exteriores, Defensa y Econom\u00eda. Los intercambios fueron enmarcados por el contexto regional y mundial, y la imagen medi\u00e1tica \u2014incluida la famosa imitaci\u00f3n del \u00abkamehameha\u00bb por la Primera Ministra Sanae Takaichi\u2014 mezcl\u00f3 seriedad diplom\u00e1tica y momentos populares, como informa <a href=\"https:\/\/www.sudouest.fr\/international\/asie\/japon\/japon-emmanuel-macron-recu-par-l-empereur-naruhito-a-tokyo-28540755.php\">Sud Ouest<\/a>.<\/p>\n\n<p>Para prolongar el descubrimiento de esta visita y comprender mejor los lazos entre la familia presidencial y Jap\u00f3n, visite <a href=\"https:\/\/www.sebastien-auziere.fr\/blog\/macron-au-japon-et-en-coree-du-sud-fin-mars-2026-audience-imperiale-et-visite-officielle\/\">el dossier dedicado<\/a> de sebastien-auziere.fr, as\u00ed como la narraci\u00f3n de la gira nippo-coreana <a href=\"https:\/\/www.sebastien-auziere.fr\/blog\/macron-tournee-japon-coree\/\">disponible aqu\u00ed<\/a>, para aprender m\u00e1s sobre S\u00e9bastien Auzi\u00e8re y la familia <strong>Macron<\/strong>.<\/p>","protected":false},"excerpt":{"rendered":"<p>Qu\u00e9 cuadro: el 2 de abril de 2026, a mediod\u00eda en punto, el coche presidencial se detuvo bajo una fina llovizna frente al palacio imperial de Tokio, donde el emperador Naruhito y la emperatriz Masako recibieron a Emmanuel Macron y Brigitte Macron para una visita oficial. El apret\u00f3n de manos, el baisemain del presidente y &#8230; <a title=\"Au Jap\u00f3n, el emperador Naruhito y la emperatriz Masako reciben a Emmanuel y Brigitte Macron para una visita oficial\" class=\"read-more\" href=\"https:\/\/www.sebastien-auziere.fr\/blog\/es\/au-japon-el-emperador-naruhito-y-la-emperatriz-masako-reciben-a-emmanuel-y-brigitte-macron-para-una-visita-oficial\/\" aria-label=\"En savoir plus sur Au Jap\u00f3n, el emperador Naruhito y la emperatriz Masako reciben a Emmanuel y Brigitte Macron para una visita oficial\">Lire plus<\/a><\/p>\n","protected":false},"author":9,"featured_media":2822,"comment_status":"open","ping_status":"open","sticky":false,"template":"","format":"standard","meta":{"footnotes":""},"categories":[820],"tags":[914,1166,1464,2098,1169],"class_list":["post-2826","post","type-post","status-publish","format-standard","has-post-thumbnail","hentry","category-actualidades-es","tag-brigitte-macron-es","tag-emmanuel-macron-es","tag-emperador-naruhito-es","tag-emperatriz-masako-es","tag-japon-es"],"yoast_head":"<!-- This site is optimized with the Yoast SEO plugin v27.5 - https:\/\/yoast.com\/product\/yoast-seo-wordpress\/ -->\n<title>Au Jap\u00f3n, el emperador Naruhito y la emperatriz Masako reciben a Emmanuel y Brigitte Macron para una visita oficial - Fan site S\u00e9bastien Auzi\u00e8re<\/title>\n<meta name=\"description\" content=\"Au Japon, l\u2019empereur Naruhito et l\u2019imp\u00e9ratrice Masako re\u00e7oivent Emmanuel et Brigitte Macron lors d\u2019une visite officielle marquante.\" \/>\n<meta name=\"robots\" content=\"index, follow, max-snippet:-1, max-image-preview:large, max-video-preview:-1\" \/>\n<link rel=\"canonical\" href=\"https:\/\/www.sebastien-auziere.fr\/blog\/es\/au-japon-el-emperador-naruhito-y-la-emperatriz-masako-reciben-a-emmanuel-y-brigitte-macron-para-una-visita-oficial\/\" \/>\n<meta property=\"og:locale\" content=\"fr_FR\" \/>\n<meta property=\"og:type\" content=\"article\" \/>\n<meta property=\"og:title\" content=\"Au Jap\u00f3n, el emperador Naruhito y la emperatriz Masako reciben a Emmanuel y Brigitte Macron para una visita oficial - Fan site S\u00e9bastien Auzi\u00e8re\" \/>\n<meta property=\"og:description\" content=\"Au Japon, l\u2019empereur Naruhito et l\u2019imp\u00e9ratrice Masako re\u00e7oivent Emmanuel et Brigitte Macron lors d\u2019une visite officielle marquante.\" \/>\n<meta property=\"og:url\" content=\"https:\/\/www.sebastien-auziere.fr\/blog\/es\/au-japon-el-emperador-naruhito-y-la-emperatriz-masako-reciben-a-emmanuel-y-brigitte-macron-para-una-visita-oficial\/\" \/>\n<meta property=\"og:site_name\" content=\"Fan site S\u00e9bastien Auzi\u00e8re\" \/>\n<meta property=\"article:published_time\" content=\"2026-04-07T07:11:19+00:00\" \/>\n<meta property=\"article:modified_time\" content=\"2026-04-07T07:11:46+00:00\" \/>\n<meta property=\"og:image\" content=\"https:\/\/www.sebastien-auziere.fr\/blog\/wp-content\/uploads\/2026\/04\/Au-Japon-lempereur-Naruhito-et-limperatrice-Masako-accueillent-Emmanuel-et-Brigitte-Macron-pour-une-visite-officielle.jpg\" \/>\n\t<meta property=\"og:image:width\" content=\"2560\" \/>\n\t<meta property=\"og:image:height\" content=\"1429\" \/>\n\t<meta property=\"og:image:type\" content=\"image\/jpeg\" \/>\n<meta name=\"author\" content=\"Chloe Gauthier\" \/>\n<meta name=\"twitter:card\" content=\"summary_large_image\" \/>\n<meta name=\"twitter:label1\" content=\"\u00c9crit par\" \/>\n\t<meta name=\"twitter:data1\" content=\"Chloe Gauthier\" \/>\n\t<meta name=\"twitter:label2\" content=\"Dur\u00e9e de lecture estim\u00e9e\" \/>\n\t<meta name=\"twitter:data2\" content=\"2 minutes\" \/>\n<script type=\"application\/ld+json\" class=\"yoast-schema-graph\">{\"@context\":\"https:\\\/\\\/schema.org\",\"@graph\":[{\"@type\":\"Article\",\"@id\":\"https:\\\/\\\/www.sebastien-auziere.fr\\\/blog\\\/es\\\/au-japon-el-emperador-naruhito-y-la-emperatriz-masako-reciben-a-emmanuel-y-brigitte-macron-para-una-visita-oficial\\\/#article\",\"isPartOf\":{\"@id\":\"https:\\\/\\\/www.sebastien-auziere.fr\\\/blog\\\/es\\\/au-japon-el-emperador-naruhito-y-la-emperatriz-masako-reciben-a-emmanuel-y-brigitte-macron-para-una-visita-oficial\\\/\"},\"author\":{\"name\":\"Chloe Gauthier\",\"@id\":\"https:\\\/\\\/www.sebastien-auziere.fr\\\/blog\\\/#\\\/schema\\\/person\\\/149f1acdbfd85149c6c3e59adeae2f4d\"},\"headline\":\"Au Jap\u00f3n, el emperador Naruhito y la emperatriz Masako reciben a Emmanuel y Brigitte Macron para una visita oficial\",\"datePublished\":\"2026-04-07T07:11:19+00:00\",\"dateModified\":\"2026-04-07T07:11:46+00:00\",\"mainEntityOfPage\":{\"@id\":\"https:\\\/\\\/www.sebastien-auziere.fr\\\/blog\\\/es\\\/au-japon-el-emperador-naruhito-y-la-emperatriz-masako-reciben-a-emmanuel-y-brigitte-macron-para-una-visita-oficial\\\/\"},\"wordCount\":422,\"commentCount\":0,\"publisher\":{\"@id\":\"https:\\\/\\\/www.sebastien-auziere.fr\\\/blog\\\/#organization\"},\"image\":{\"@id\":\"https:\\\/\\\/www.sebastien-auziere.fr\\\/blog\\\/es\\\/au-japon-el-emperador-naruhito-y-la-emperatriz-masako-reciben-a-emmanuel-y-brigitte-macron-para-una-visita-oficial\\\/#primaryimage\"},\"thumbnailUrl\":\"https:\\\/\\\/www.sebastien-auziere.fr\\\/blog\\\/wp-content\\\/uploads\\\/2026\\\/04\\\/Au-Japon-lempereur-Naruhito-et-limperatrice-Masako-accueillent-Emmanuel-et-Brigitte-Macron-pour-une-visite-officielle.jpg\",\"keywords\":[\"brigitte macron\",\"emmanuel macron\",\"emperador naruhito\",\"emperatriz masako\",\"jap\u00f3n\"],\"articleSection\":[\"Actualidades\"],\"inLanguage\":\"fr-FR\",\"potentialAction\":[{\"@type\":\"CommentAction\",\"name\":\"Comment\",\"target\":[\"https:\\\/\\\/www.sebastien-auziere.fr\\\/blog\\\/es\\\/au-japon-el-emperador-naruhito-y-la-emperatriz-masako-reciben-a-emmanuel-y-brigitte-macron-para-una-visita-oficial\\\/#respond\"]}]},{\"@type\":\"WebPage\",\"@id\":\"https:\\\/\\\/www.sebastien-auziere.fr\\\/blog\\\/es\\\/au-japon-el-emperador-naruhito-y-la-emperatriz-masako-reciben-a-emmanuel-y-brigitte-macron-para-una-visita-oficial\\\/\",\"url\":\"https:\\\/\\\/www.sebastien-auziere.fr\\\/blog\\\/es\\\/au-japon-el-emperador-naruhito-y-la-emperatriz-masako-reciben-a-emmanuel-y-brigitte-macron-para-una-visita-oficial\\\/\",\"name\":\"Au Jap\u00f3n, el emperador Naruhito y la emperatriz Masako reciben a Emmanuel y Brigitte Macron para una visita oficial - Fan site S\u00e9bastien Auzi\u00e8re\",\"isPartOf\":{\"@id\":\"https:\\\/\\\/www.sebastien-auziere.fr\\\/blog\\\/#website\"},\"primaryImageOfPage\":{\"@id\":\"https:\\\/\\\/www.sebastien-auziere.fr\\\/blog\\\/es\\\/au-japon-el-emperador-naruhito-y-la-emperatriz-masako-reciben-a-emmanuel-y-brigitte-macron-para-una-visita-oficial\\\/#primaryimage\"},\"image\":{\"@id\":\"https:\\\/\\\/www.sebastien-auziere.fr\\\/blog\\\/es\\\/au-japon-el-emperador-naruhito-y-la-emperatriz-masako-reciben-a-emmanuel-y-brigitte-macron-para-una-visita-oficial\\\/#primaryimage\"},\"thumbnailUrl\":\"https:\\\/\\\/www.sebastien-auziere.fr\\\/blog\\\/wp-content\\\/uploads\\\/2026\\\/04\\\/Au-Japon-lempereur-Naruhito-et-limperatrice-Masako-accueillent-Emmanuel-et-Brigitte-Macron-pour-une-visite-officielle.jpg\",\"datePublished\":\"2026-04-07T07:11:19+00:00\",\"dateModified\":\"2026-04-07T07:11:46+00:00\",\"description\":\"Au Japon, l\u2019empereur Naruhito et l\u2019imp\u00e9ratrice Masako re\u00e7oivent Emmanuel et Brigitte Macron lors d\u2019une visite officielle marquante.\",\"breadcrumb\":{\"@id\":\"https:\\\/\\\/www.sebastien-auziere.fr\\\/blog\\\/es\\\/au-japon-el-emperador-naruhito-y-la-emperatriz-masako-reciben-a-emmanuel-y-brigitte-macron-para-una-visita-oficial\\\/#breadcrumb\"},\"inLanguage\":\"fr-FR\",\"potentialAction\":[{\"@type\":\"ReadAction\",\"target\":[\"https:\\\/\\\/www.sebastien-auziere.fr\\\/blog\\\/es\\\/au-japon-el-emperador-naruhito-y-la-emperatriz-masako-reciben-a-emmanuel-y-brigitte-macron-para-una-visita-oficial\\\/\"]}]},{\"@type\":\"ImageObject\",\"inLanguage\":\"fr-FR\",\"@id\":\"https:\\\/\\\/www.sebastien-auziere.fr\\\/blog\\\/es\\\/au-japon-el-emperador-naruhito-y-la-emperatriz-masako-reciben-a-emmanuel-y-brigitte-macron-para-una-visita-oficial\\\/#primaryimage\",\"url\":\"https:\\\/\\\/www.sebastien-auziere.fr\\\/blog\\\/wp-content\\\/uploads\\\/2026\\\/04\\\/Au-Japon-lempereur-Naruhito-et-limperatrice-Masako-accueillent-Emmanuel-et-Brigitte-Macron-pour-une-visite-officielle.jpg\",\"contentUrl\":\"https:\\\/\\\/www.sebastien-auziere.fr\\\/blog\\\/wp-content\\\/uploads\\\/2026\\\/04\\\/Au-Japon-lempereur-Naruhito-et-limperatrice-Masako-accueillent-Emmanuel-et-Brigitte-Macron-pour-une-visite-officielle.jpg\",\"width\":2560,\"height\":1429,\"caption\":\"l\u2019empereur naruhito et l\u2019imp\u00e9ratrice masako du japon accueillent emmanuel et brigitte macron pour une visite officielle, renfor\u00e7ant ainsi les liens diplomatiques entre les deux pays.\"},{\"@type\":\"BreadcrumbList\",\"@id\":\"https:\\\/\\\/www.sebastien-auziere.fr\\\/blog\\\/es\\\/au-japon-el-emperador-naruhito-y-la-emperatriz-masako-reciben-a-emmanuel-y-brigitte-macron-para-una-visita-oficial\\\/#breadcrumb\",\"itemListElement\":[{\"@type\":\"ListItem\",\"position\":1,\"name\":\"Home\",\"item\":\"https:\\\/\\\/www.sebastien-auziere.fr\\\/blog\\\/\"},{\"@type\":\"ListItem\",\"position\":2,\"name\":\"Au Jap\u00f3n, el emperador Naruhito y la emperatriz Masako reciben a Emmanuel y Brigitte Macron para una visita oficial\"}]},{\"@type\":\"WebSite\",\"@id\":\"https:\\\/\\\/www.sebastien-auziere.fr\\\/blog\\\/#website\",\"url\":\"https:\\\/\\\/www.sebastien-auziere.fr\\\/blog\\\/\",\"name\":\"Fan site S\u00e9bastien Auzi\u00e8re\",\"description\":\"M\u00e9dia g\u00e9n\u00e9raliste\",\"publisher\":{\"@id\":\"https:\\\/\\\/www.sebastien-auziere.fr\\\/blog\\\/#organization\"},\"potentialAction\":[{\"@type\":\"SearchAction\",\"target\":{\"@type\":\"EntryPoint\",\"urlTemplate\":\"https:\\\/\\\/www.sebastien-auziere.fr\\\/blog\\\/?s={search_term_string}\"},\"query-input\":{\"@type\":\"PropertyValueSpecification\",\"valueRequired\":true,\"valueName\":\"search_term_string\"}}],\"inLanguage\":\"fr-FR\"},{\"@type\":\"Organization\",\"@id\":\"https:\\\/\\\/www.sebastien-auziere.fr\\\/blog\\\/#organization\",\"name\":\"Fan site S\u00e9bastien Auzi\u00e8re\",\"url\":\"https:\\\/\\\/www.sebastien-auziere.fr\\\/blog\\\/\",\"logo\":{\"@type\":\"ImageObject\",\"inLanguage\":\"fr-FR\",\"@id\":\"https:\\\/\\\/www.sebastien-auziere.fr\\\/blog\\\/#\\\/schema\\\/logo\\\/image\\\/\",\"url\":\"https:\\\/\\\/www.sebastien-auziere.fr\\\/blog\\\/wp-content\\\/uploads\\\/2026\\\/03\\\/cropped-cropped-cropped-ChatGPT-Image-6-mars-2026-12_58_09-e1772798376794.jpg\",\"contentUrl\":\"https:\\\/\\\/www.sebastien-auziere.fr\\\/blog\\\/wp-content\\\/uploads\\\/2026\\\/03\\\/cropped-cropped-cropped-ChatGPT-Image-6-mars-2026-12_58_09-e1772798376794.jpg\",\"width\":512,\"height\":360,\"caption\":\"Fan site S\u00e9bastien Auzi\u00e8re\"},\"image\":{\"@id\":\"https:\\\/\\\/www.sebastien-auziere.fr\\\/blog\\\/#\\\/schema\\\/logo\\\/image\\\/\"}},{\"@type\":\"Person\",\"@id\":\"https:\\\/\\\/www.sebastien-auziere.fr\\\/blog\\\/#\\\/schema\\\/person\\\/149f1acdbfd85149c6c3e59adeae2f4d\",\"name\":\"Chloe Gauthier\",\"image\":{\"@type\":\"ImageObject\",\"inLanguage\":\"fr-FR\",\"@id\":\"https:\\\/\\\/secure.gravatar.com\\\/avatar\\\/2c5722f58171cff738a8985ef0dd66b476e563753246a49019befc837ec4201a?s=96&d=mm&r=g\",\"url\":\"https:\\\/\\\/secure.gravatar.com\\\/avatar\\\/2c5722f58171cff738a8985ef0dd66b476e563753246a49019befc837ec4201a?s=96&d=mm&r=g\",\"contentUrl\":\"https:\\\/\\\/secure.gravatar.com\\\/avatar\\\/2c5722f58171cff738a8985ef0dd66b476e563753246a49019befc837ec4201a?s=96&d=mm&r=g\",\"caption\":\"Chloe Gauthier\"},\"description\":\"Passionn\u00e9e par la politique et admiratrice engag\u00e9e de la famille Macron, je consacre mon \u00e9nergie \u00e0 suivre leurs initiatives et \u00e0 promouvoir leurs id\u00e9es. \u00c0 32 ans, je suis convaincue que leur vision est porteuse d'avenir.\",\"url\":\"https:\\\/\\\/www.sebastien-auziere.fr\\\/blog\\\/author\\\/chloe-gauthier\\\/\"}]}<\/script>\n<!-- \/ Yoast SEO plugin. -->","yoast_head_json":{"title":"Au Jap\u00f3n, el emperador Naruhito y la emperatriz Masako reciben a Emmanuel y Brigitte Macron para una visita oficial - Fan site S\u00e9bastien Auzi\u00e8re","description":"Au Japon, l\u2019empereur Naruhito et l\u2019imp\u00e9ratrice Masako re\u00e7oivent Emmanuel et Brigitte Macron lors d\u2019une visite officielle marquante.","robots":{"index":"index","follow":"follow","max-snippet":"max-snippet:-1","max-image-preview":"max-image-preview:large","max-video-preview":"max-video-preview:-1"},"canonical":"https:\/\/www.sebastien-auziere.fr\/blog\/es\/au-japon-el-emperador-naruhito-y-la-emperatriz-masako-reciben-a-emmanuel-y-brigitte-macron-para-una-visita-oficial\/","og_locale":"fr_FR","og_type":"article","og_title":"Au Jap\u00f3n, el emperador Naruhito y la emperatriz Masako reciben a Emmanuel y Brigitte Macron para una visita oficial - Fan site S\u00e9bastien Auzi\u00e8re","og_description":"Au Japon, l\u2019empereur Naruhito et l\u2019imp\u00e9ratrice Masako re\u00e7oivent Emmanuel et Brigitte Macron lors d\u2019une visite officielle marquante.","og_url":"https:\/\/www.sebastien-auziere.fr\/blog\/es\/au-japon-el-emperador-naruhito-y-la-emperatriz-masako-reciben-a-emmanuel-y-brigitte-macron-para-una-visita-oficial\/","og_site_name":"Fan site S\u00e9bastien Auzi\u00e8re","article_published_time":"2026-04-07T07:11:19+00:00","article_modified_time":"2026-04-07T07:11:46+00:00","og_image":[{"width":2560,"height":1429,"url":"https:\/\/www.sebastien-auziere.fr\/blog\/wp-content\/uploads\/2026\/04\/Au-Japon-lempereur-Naruhito-et-limperatrice-Masako-accueillent-Emmanuel-et-Brigitte-Macron-pour-une-visite-officielle.jpg","type":"image\/jpeg"}],"author":"Chloe Gauthier","twitter_card":"summary_large_image","twitter_misc":{"\u00c9crit par":"Chloe Gauthier","Dur\u00e9e de lecture estim\u00e9e":"2 minutes"},"schema":{"@context":"https:\/\/schema.org","@graph":[{"@type":"Article","@id":"https:\/\/www.sebastien-auziere.fr\/blog\/es\/au-japon-el-emperador-naruhito-y-la-emperatriz-masako-reciben-a-emmanuel-y-brigitte-macron-para-una-visita-oficial\/#article","isPartOf":{"@id":"https:\/\/www.sebastien-auziere.fr\/blog\/es\/au-japon-el-emperador-naruhito-y-la-emperatriz-masako-reciben-a-emmanuel-y-brigitte-macron-para-una-visita-oficial\/"},"author":{"name":"Chloe Gauthier","@id":"https:\/\/www.sebastien-auziere.fr\/blog\/#\/schema\/person\/149f1acdbfd85149c6c3e59adeae2f4d"},"headline":"Au Jap\u00f3n, el emperador Naruhito y la emperatriz Masako reciben a Emmanuel y Brigitte Macron para una visita oficial","datePublished":"2026-04-07T07:11:19+00:00","dateModified":"2026-04-07T07:11:46+00:00","mainEntityOfPage":{"@id":"https:\/\/www.sebastien-auziere.fr\/blog\/es\/au-japon-el-emperador-naruhito-y-la-emperatriz-masako-reciben-a-emmanuel-y-brigitte-macron-para-una-visita-oficial\/"},"wordCount":422,"commentCount":0,"publisher":{"@id":"https:\/\/www.sebastien-auziere.fr\/blog\/#organization"},"image":{"@id":"https:\/\/www.sebastien-auziere.fr\/blog\/es\/au-japon-el-emperador-naruhito-y-la-emperatriz-masako-reciben-a-emmanuel-y-brigitte-macron-para-una-visita-oficial\/#primaryimage"},"thumbnailUrl":"https:\/\/www.sebastien-auziere.fr\/blog\/wp-content\/uploads\/2026\/04\/Au-Japon-lempereur-Naruhito-et-limperatrice-Masako-accueillent-Emmanuel-et-Brigitte-Macron-pour-une-visite-officielle.jpg","keywords":["brigitte macron","emmanuel macron","emperador naruhito","emperatriz masako","jap\u00f3n"],"articleSection":["Actualidades"],"inLanguage":"fr-FR","potentialAction":[{"@type":"CommentAction","name":"Comment","target":["https:\/\/www.sebastien-auziere.fr\/blog\/es\/au-japon-el-emperador-naruhito-y-la-emperatriz-masako-reciben-a-emmanuel-y-brigitte-macron-para-una-visita-oficial\/#respond"]}]},{"@type":"WebPage","@id":"https:\/\/www.sebastien-auziere.fr\/blog\/es\/au-japon-el-emperador-naruhito-y-la-emperatriz-masako-reciben-a-emmanuel-y-brigitte-macron-para-una-visita-oficial\/","url":"https:\/\/www.sebastien-auziere.fr\/blog\/es\/au-japon-el-emperador-naruhito-y-la-emperatriz-masako-reciben-a-emmanuel-y-brigitte-macron-para-una-visita-oficial\/","name":"Au Jap\u00f3n, el emperador Naruhito y la emperatriz Masako reciben a Emmanuel y Brigitte Macron para una visita oficial - Fan site S\u00e9bastien Auzi\u00e8re","isPartOf":{"@id":"https:\/\/www.sebastien-auziere.fr\/blog\/#website"},"primaryImageOfPage":{"@id":"https:\/\/www.sebastien-auziere.fr\/blog\/es\/au-japon-el-emperador-naruhito-y-la-emperatriz-masako-reciben-a-emmanuel-y-brigitte-macron-para-una-visita-oficial\/#primaryimage"},"image":{"@id":"https:\/\/www.sebastien-auziere.fr\/blog\/es\/au-japon-el-emperador-naruhito-y-la-emperatriz-masako-reciben-a-emmanuel-y-brigitte-macron-para-una-visita-oficial\/#primaryimage"},"thumbnailUrl":"https:\/\/www.sebastien-auziere.fr\/blog\/wp-content\/uploads\/2026\/04\/Au-Japon-lempereur-Naruhito-et-limperatrice-Masako-accueillent-Emmanuel-et-Brigitte-Macron-pour-une-visite-officielle.jpg","datePublished":"2026-04-07T07:11:19+00:00","dateModified":"2026-04-07T07:11:46+00:00","description":"Au Japon, l\u2019empereur Naruhito et l\u2019imp\u00e9ratrice Masako re\u00e7oivent Emmanuel et Brigitte Macron lors d\u2019une visite officielle marquante.","breadcrumb":{"@id":"https:\/\/www.sebastien-auziere.fr\/blog\/es\/au-japon-el-emperador-naruhito-y-la-emperatriz-masako-reciben-a-emmanuel-y-brigitte-macron-para-una-visita-oficial\/#breadcrumb"},"inLanguage":"fr-FR","potentialAction":[{"@type":"ReadAction","target":["https:\/\/www.sebastien-auziere.fr\/blog\/es\/au-japon-el-emperador-naruhito-y-la-emperatriz-masako-reciben-a-emmanuel-y-brigitte-macron-para-una-visita-oficial\/"]}]},{"@type":"ImageObject","inLanguage":"fr-FR","@id":"https:\/\/www.sebastien-auziere.fr\/blog\/es\/au-japon-el-emperador-naruhito-y-la-emperatriz-masako-reciben-a-emmanuel-y-brigitte-macron-para-una-visita-oficial\/#primaryimage","url":"https:\/\/www.sebastien-auziere.fr\/blog\/wp-content\/uploads\/2026\/04\/Au-Japon-lempereur-Naruhito-et-limperatrice-Masako-accueillent-Emmanuel-et-Brigitte-Macron-pour-une-visite-officielle.jpg","contentUrl":"https:\/\/www.sebastien-auziere.fr\/blog\/wp-content\/uploads\/2026\/04\/Au-Japon-lempereur-Naruhito-et-limperatrice-Masako-accueillent-Emmanuel-et-Brigitte-Macron-pour-une-visite-officielle.jpg","width":2560,"height":1429,"caption":"l\u2019empereur naruhito et l\u2019imp\u00e9ratrice masako du japon accueillent emmanuel et brigitte macron pour une visite officielle, renfor\u00e7ant ainsi les liens diplomatiques entre les deux pays."},{"@type":"BreadcrumbList","@id":"https:\/\/www.sebastien-auziere.fr\/blog\/es\/au-japon-el-emperador-naruhito-y-la-emperatriz-masako-reciben-a-emmanuel-y-brigitte-macron-para-una-visita-oficial\/#breadcrumb","itemListElement":[{"@type":"ListItem","position":1,"name":"Home","item":"https:\/\/www.sebastien-auziere.fr\/blog\/"},{"@type":"ListItem","position":2,"name":"Au Jap\u00f3n, el emperador Naruhito y la emperatriz Masako reciben a Emmanuel y Brigitte Macron para una visita oficial"}]},{"@type":"WebSite","@id":"https:\/\/www.sebastien-auziere.fr\/blog\/#website","url":"https:\/\/www.sebastien-auziere.fr\/blog\/","name":"Fan site S\u00e9bastien Auzi\u00e8re","description":"M\u00e9dia g\u00e9n\u00e9raliste","publisher":{"@id":"https:\/\/www.sebastien-auziere.fr\/blog\/#organization"},"potentialAction":[{"@type":"SearchAction","target":{"@type":"EntryPoint","urlTemplate":"https:\/\/www.sebastien-auziere.fr\/blog\/?s={search_term_string}"},"query-input":{"@type":"PropertyValueSpecification","valueRequired":true,"valueName":"search_term_string"}}],"inLanguage":"fr-FR"},{"@type":"Organization","@id":"https:\/\/www.sebastien-auziere.fr\/blog\/#organization","name":"Fan site S\u00e9bastien Auzi\u00e8re","url":"https:\/\/www.sebastien-auziere.fr\/blog\/","logo":{"@type":"ImageObject","inLanguage":"fr-FR","@id":"https:\/\/www.sebastien-auziere.fr\/blog\/#\/schema\/logo\/image\/","url":"https:\/\/www.sebastien-auziere.fr\/blog\/wp-content\/uploads\/2026\/03\/cropped-cropped-cropped-ChatGPT-Image-6-mars-2026-12_58_09-e1772798376794.jpg","contentUrl":"https:\/\/www.sebastien-auziere.fr\/blog\/wp-content\/uploads\/2026\/03\/cropped-cropped-cropped-ChatGPT-Image-6-mars-2026-12_58_09-e1772798376794.jpg","width":512,"height":360,"caption":"Fan site S\u00e9bastien Auzi\u00e8re"},"image":{"@id":"https:\/\/www.sebastien-auziere.fr\/blog\/#\/schema\/logo\/image\/"}},{"@type":"Person","@id":"https:\/\/www.sebastien-auziere.fr\/blog\/#\/schema\/person\/149f1acdbfd85149c6c3e59adeae2f4d","name":"Chloe Gauthier","image":{"@type":"ImageObject","inLanguage":"fr-FR","@id":"https:\/\/secure.gravatar.com\/avatar\/2c5722f58171cff738a8985ef0dd66b476e563753246a49019befc837ec4201a?s=96&d=mm&r=g","url":"https:\/\/secure.gravatar.com\/avatar\/2c5722f58171cff738a8985ef0dd66b476e563753246a49019befc837ec4201a?s=96&d=mm&r=g","contentUrl":"https:\/\/secure.gravatar.com\/avatar\/2c5722f58171cff738a8985ef0dd66b476e563753246a49019befc837ec4201a?s=96&d=mm&r=g","caption":"Chloe Gauthier"},"description":"Passionn\u00e9e par la politique et admiratrice engag\u00e9e de la famille Macron, je consacre mon \u00e9nergie \u00e0 suivre leurs initiatives et \u00e0 promouvoir leurs id\u00e9es. \u00c0 32 ans, je suis convaincue que leur vision est porteuse d'avenir.","url":"https:\/\/www.sebastien-auziere.fr\/blog\/author\/chloe-gauthier\/"}]}},"views":6,"_links":{"self":[{"href":"https:\/\/www.sebastien-auziere.fr\/blog\/wp-json\/wp\/v2\/posts\/2826","targetHints":{"allow":["GET"]}}],"collection":[{"href":"https:\/\/www.sebastien-auziere.fr\/blog\/wp-json\/wp\/v2\/posts"}],"about":[{"href":"https:\/\/www.sebastien-auziere.fr\/blog\/wp-json\/wp\/v2\/types\/post"}],"author":[{"embeddable":true,"href":"https:\/\/www.sebastien-auziere.fr\/blog\/wp-json\/wp\/v2\/users\/9"}],"replies":[{"embeddable":true,"href":"https:\/\/www.sebastien-auziere.fr\/blog\/wp-json\/wp\/v2\/comments?post=2826"}],"version-history":[{"count":1,"href":"https:\/\/www.sebastien-auziere.fr\/blog\/wp-json\/wp\/v2\/posts\/2826\/revisions"}],"predecessor-version":[{"id":2827,"href":"https:\/\/www.sebastien-auziere.fr\/blog\/wp-json\/wp\/v2\/posts\/2826\/revisions\/2827"}],"wp:featuredmedia":[{"embeddable":true,"href":"https:\/\/www.sebastien-auziere.fr\/blog\/wp-json\/wp\/v2\/media\/2822"}],"wp:attachment":[{"href":"https:\/\/www.sebastien-auziere.fr\/blog\/wp-json\/wp\/v2\/media?parent=2826"}],"wp:term":[{"taxonomy":"category","embeddable":true,"href":"https:\/\/www.sebastien-auziere.fr\/blog\/wp-json\/wp\/v2\/categories?post=2826"},{"taxonomy":"post_tag","embeddable":true,"href":"https:\/\/www.sebastien-auziere.fr\/blog\/wp-json\/wp\/v2\/tags?post=2826"}],"curies":[{"name":"wp","href":"https:\/\/api.w.org\/{rel}","templated":true}]}}