{"id":2824,"date":"2026-04-07T07:10:51","date_gmt":"2026-04-07T07:10:51","guid":{"rendered":"https:\/\/www.sebastien-auziere.fr\/blog\/?p=2824"},"modified":"2026-04-07T07:11:19","modified_gmt":"2026-04-07T07:11:19","slug":"in-japan-emperor-naruhito-and-empress-masako-welcome-emmanuel-and-brigitte-macron-for-an-official-visit","status":"publish","type":"post","link":"https:\/\/www.sebastien-auziere.fr\/blog\/en\/in-japan-emperor-naruhito-and-empress-masako-welcome-emmanuel-and-brigitte-macron-for-an-official-visit\/","title":{"rendered":"In Japan, Emperor Naruhito and Empress Masako welcome Emmanuel and Brigitte Macron for an official visit"},"content":{"rendered":"<p>What a scene: on <strong>April 2, 2026<\/strong>, at <strong>exactly noon<\/strong>, the presidential car stopped under a light drizzle in front of the <strong>imperial palace<\/strong> in Tokyo, where <strong>Emperor Naruhito<\/strong> and <strong>Empress Masako<\/strong> welcomed <strong>Emmanuel Macron<\/strong> and <strong>Brigitte Macron<\/strong> for an <strong>official visit<\/strong>. The handshake, the president&rsquo;s <strong>kiss on the hand<\/strong>, and the cherry trees still in bloom marked the opening of this protocol meeting.<\/p>\n\n<p><strong>In brief<\/strong>: reception at the imperial palace, an imperial lunch with traditional codes, discussions on popular culture (manga mentioned by the emperor), and signing agreements on <strong>international cooperation<\/strong> in defense, space, and energy.<\/p>\n\n<h2 class=\"wp-block-heading\">Protocol Meeting at the Imperial Palace in Tokyo<\/h2>\n\n<p>The arrival sequence lasted less than three minutes in front of the porch where <strong>Naruhito<\/strong> and <strong>Masako<\/strong> waited, smiles and handshakes. The official photos later published by <strong>Kunaich\u014d<\/strong> confirmed the intimate and codified nature of the audience. The president&rsquo;s <strong>kiss on the hand<\/strong> gesture was widely covered by the press, which detailed the visit on April 2, particularly in the gallery of images provided by <a href=\"https:\/\/www.lefigaro.fr\/flash-actu\/japon-les-images-de-la-rencontre-solennelle-entre-emmanuel-macron-et-l-empereur-naruhito-20260402\">Le Figaro<\/a>.<\/p>\n\n<h3 class=\"wp-block-heading\">An Imperial Lunch and Cultural References<\/h3>\n\n<p>The imperial lunch, adhering to the tradition of <strong>washoku<\/strong>, concluded the visit. <strong>Emperor Naruhito<\/strong> surprised everyone by asking which mangas were popular in <strong>France<\/strong>; the president mentioned <strong>One Piece<\/strong> and <strong>Dragon Ball Z<\/strong>, an anecdote reported by the media including coverage by <a href=\"https:\/\/www3.nhk.or.jp\/nhkworld\/fr\/news\/20260403_01\/\">NHK<\/a>. Brigitte Macron, already seen on April 1 at Harumi High School for a <strong>koto<\/strong> and calligraphy workshop, reinforced the cultural aspect of the visit.<\/p>\n\n<h2 class=\"wp-block-heading\">Diplomatic Issues and International Cooperation<\/h2>\n\n<p>Beyond the ceremonial aspects, the visit served to solidify agreements regarding security and <strong>international cooperation<\/strong>, particularly in space and nuclear matters, signed in the presence of foreign ministers, defense, and economy ministers. The discussions were framed by the regional and global context, and the media image\u2014including the famous imitation of the \u00ab\u00a0kamehameha\u00a0\u00bb by Prime Minister Sanae Takaichi\u2014mixed diplomatic seriousness with popular moments, as reported by <a href=\"https:\/\/www.sudouest.fr\/international\/asie\/japon\/japon-emmanuel-macron-recu-par-l-empereur-naruhito-a-tokyo-28540755.php\">Sud Ouest<\/a>.<\/p>\n\n<p>To further explore this visit and better understand the ties between the presidential family and Japan, please visit <a href=\"https:\/\/www.sebastien-auziere.fr\/blog\/macron-au-japon-et-en-coree-du-sud-fin-mars-2026-audience-imperiale-et-visite-officielle\/\">the dedicated file<\/a> on sebastien-auziere.fr, as well as the account of the Nippo-Korean tour <a href=\"https:\/\/www.sebastien-auziere.fr\/blog\/macron-tournee-japon-coree\/\">available here<\/a>, to learn more about S\u00e9bastien Auzi\u00e8re and the <strong>Macron<\/strong> family.<\/p>","protected":false},"excerpt":{"rendered":"<p>What a scene: on April 2, 2026, at exactly noon, the presidential car stopped under a light drizzle in front of the imperial palace in Tokyo, where Emperor Naruhito and Empress Masako welcomed Emmanuel Macron and Brigitte Macron for an official visit. The handshake, the president&rsquo;s kiss on the hand, and the cherry trees still &#8230; <a title=\"In Japan, Emperor Naruhito and Empress Masako welcome Emmanuel and Brigitte Macron for an official visit\" class=\"read-more\" href=\"https:\/\/www.sebastien-auziere.fr\/blog\/en\/in-japan-emperor-naruhito-and-empress-masako-welcome-emmanuel-and-brigitte-macron-for-an-official-visit\/\" aria-label=\"En savoir plus sur In Japan, Emperor Naruhito and Empress Masako welcome Emmanuel and Brigitte Macron for an official visit\">Lire plus<\/a><\/p>\n","protected":false},"author":9,"featured_media":2822,"comment_status":"open","ping_status":"open","sticky":false,"template":"","format":"standard","meta":{"footnotes":""},"categories":[816],"tags":[898,1153,1451,2094,1156],"class_list":["post-2824","post","type-post","status-publish","format-standard","has-post-thumbnail","hentry","category-news","tag-brigitte-macron-en","tag-emmanuel-macron-en","tag-empereur-naruhito-en","tag-empress-masako-en","tag-japan-en"],"yoast_head":"<!-- This site is optimized with the Yoast SEO plugin v27.5 - https:\/\/yoast.com\/product\/yoast-seo-wordpress\/ -->\n<title>In Japan, Emperor Naruhito and Empress Masako welcome Emmanuel and Brigitte Macron for an official visit - Fan site S\u00e9bastien Auzi\u00e8re<\/title>\n<meta name=\"description\" content=\"Au Japon, l\u2019empereur Naruhito et l\u2019imp\u00e9ratrice Masako re\u00e7oivent Emmanuel et Brigitte Macron lors d\u2019une visite officielle marquante.\" \/>\n<meta name=\"robots\" content=\"index, follow, max-snippet:-1, max-image-preview:large, max-video-preview:-1\" \/>\n<link rel=\"canonical\" href=\"https:\/\/www.sebastien-auziere.fr\/blog\/en\/in-japan-emperor-naruhito-and-empress-masako-welcome-emmanuel-and-brigitte-macron-for-an-official-visit\/\" \/>\n<meta property=\"og:locale\" content=\"fr_FR\" \/>\n<meta property=\"og:type\" content=\"article\" \/>\n<meta property=\"og:title\" content=\"In Japan, Emperor Naruhito and Empress Masako welcome Emmanuel and Brigitte Macron for an official visit - Fan site S\u00e9bastien Auzi\u00e8re\" \/>\n<meta property=\"og:description\" content=\"Au Japon, l\u2019empereur Naruhito et l\u2019imp\u00e9ratrice Masako re\u00e7oivent Emmanuel et Brigitte Macron lors d\u2019une visite officielle marquante.\" \/>\n<meta property=\"og:url\" content=\"https:\/\/www.sebastien-auziere.fr\/blog\/en\/in-japan-emperor-naruhito-and-empress-masako-welcome-emmanuel-and-brigitte-macron-for-an-official-visit\/\" \/>\n<meta property=\"og:site_name\" content=\"Fan site S\u00e9bastien Auzi\u00e8re\" \/>\n<meta property=\"article:published_time\" content=\"2026-04-07T07:10:51+00:00\" \/>\n<meta property=\"article:modified_time\" content=\"2026-04-07T07:11:19+00:00\" \/>\n<meta property=\"og:image\" content=\"https:\/\/www.sebastien-auziere.fr\/blog\/wp-content\/uploads\/2026\/04\/Au-Japon-lempereur-Naruhito-et-limperatrice-Masako-accueillent-Emmanuel-et-Brigitte-Macron-pour-une-visite-officielle.jpg\" \/>\n\t<meta property=\"og:image:width\" content=\"2560\" \/>\n\t<meta property=\"og:image:height\" content=\"1429\" \/>\n\t<meta property=\"og:image:type\" content=\"image\/jpeg\" \/>\n<meta name=\"author\" content=\"Chloe Gauthier\" \/>\n<meta name=\"twitter:card\" content=\"summary_large_image\" \/>\n<meta name=\"twitter:label1\" content=\"\u00c9crit par\" \/>\n\t<meta name=\"twitter:data1\" content=\"Chloe Gauthier\" \/>\n\t<meta name=\"twitter:label2\" content=\"Dur\u00e9e de lecture estim\u00e9e\" \/>\n\t<meta name=\"twitter:data2\" content=\"2 minutes\" \/>\n<script type=\"application\/ld+json\" class=\"yoast-schema-graph\">{\"@context\":\"https:\\\/\\\/schema.org\",\"@graph\":[{\"@type\":\"Article\",\"@id\":\"https:\\\/\\\/www.sebastien-auziere.fr\\\/blog\\\/en\\\/in-japan-emperor-naruhito-and-empress-masako-welcome-emmanuel-and-brigitte-macron-for-an-official-visit\\\/#article\",\"isPartOf\":{\"@id\":\"https:\\\/\\\/www.sebastien-auziere.fr\\\/blog\\\/en\\\/in-japan-emperor-naruhito-and-empress-masako-welcome-emmanuel-and-brigitte-macron-for-an-official-visit\\\/\"},\"author\":{\"name\":\"Chloe Gauthier\",\"@id\":\"https:\\\/\\\/www.sebastien-auziere.fr\\\/blog\\\/#\\\/schema\\\/person\\\/149f1acdbfd85149c6c3e59adeae2f4d\"},\"headline\":\"In Japan, Emperor Naruhito and Empress Masako welcome Emmanuel and Brigitte Macron for an official visit\",\"datePublished\":\"2026-04-07T07:10:51+00:00\",\"dateModified\":\"2026-04-07T07:11:19+00:00\",\"mainEntityOfPage\":{\"@id\":\"https:\\\/\\\/www.sebastien-auziere.fr\\\/blog\\\/en\\\/in-japan-emperor-naruhito-and-empress-masako-welcome-emmanuel-and-brigitte-macron-for-an-official-visit\\\/\"},\"wordCount\":378,\"commentCount\":0,\"publisher\":{\"@id\":\"https:\\\/\\\/www.sebastien-auziere.fr\\\/blog\\\/#organization\"},\"image\":{\"@id\":\"https:\\\/\\\/www.sebastien-auziere.fr\\\/blog\\\/en\\\/in-japan-emperor-naruhito-and-empress-masako-welcome-emmanuel-and-brigitte-macron-for-an-official-visit\\\/#primaryimage\"},\"thumbnailUrl\":\"https:\\\/\\\/www.sebastien-auziere.fr\\\/blog\\\/wp-content\\\/uploads\\\/2026\\\/04\\\/Au-Japon-lempereur-Naruhito-et-limperatrice-Masako-accueillent-Emmanuel-et-Brigitte-Macron-pour-une-visite-officielle.jpg\",\"keywords\":[\"brigitte macron\",\"emmanuel macron\",\"empereur naruhito\",\"empress masako\",\"japan\"],\"articleSection\":[\"News\"],\"inLanguage\":\"fr-FR\",\"potentialAction\":[{\"@type\":\"CommentAction\",\"name\":\"Comment\",\"target\":[\"https:\\\/\\\/www.sebastien-auziere.fr\\\/blog\\\/en\\\/in-japan-emperor-naruhito-and-empress-masako-welcome-emmanuel-and-brigitte-macron-for-an-official-visit\\\/#respond\"]}]},{\"@type\":\"WebPage\",\"@id\":\"https:\\\/\\\/www.sebastien-auziere.fr\\\/blog\\\/en\\\/in-japan-emperor-naruhito-and-empress-masako-welcome-emmanuel-and-brigitte-macron-for-an-official-visit\\\/\",\"url\":\"https:\\\/\\\/www.sebastien-auziere.fr\\\/blog\\\/en\\\/in-japan-emperor-naruhito-and-empress-masako-welcome-emmanuel-and-brigitte-macron-for-an-official-visit\\\/\",\"name\":\"In Japan, Emperor Naruhito and Empress Masako welcome Emmanuel and Brigitte Macron for an official visit - Fan site S\u00e9bastien Auzi\u00e8re\",\"isPartOf\":{\"@id\":\"https:\\\/\\\/www.sebastien-auziere.fr\\\/blog\\\/#website\"},\"primaryImageOfPage\":{\"@id\":\"https:\\\/\\\/www.sebastien-auziere.fr\\\/blog\\\/en\\\/in-japan-emperor-naruhito-and-empress-masako-welcome-emmanuel-and-brigitte-macron-for-an-official-visit\\\/#primaryimage\"},\"image\":{\"@id\":\"https:\\\/\\\/www.sebastien-auziere.fr\\\/blog\\\/en\\\/in-japan-emperor-naruhito-and-empress-masako-welcome-emmanuel-and-brigitte-macron-for-an-official-visit\\\/#primaryimage\"},\"thumbnailUrl\":\"https:\\\/\\\/www.sebastien-auziere.fr\\\/blog\\\/wp-content\\\/uploads\\\/2026\\\/04\\\/Au-Japon-lempereur-Naruhito-et-limperatrice-Masako-accueillent-Emmanuel-et-Brigitte-Macron-pour-une-visite-officielle.jpg\",\"datePublished\":\"2026-04-07T07:10:51+00:00\",\"dateModified\":\"2026-04-07T07:11:19+00:00\",\"description\":\"Au Japon, l\u2019empereur Naruhito et l\u2019imp\u00e9ratrice Masako re\u00e7oivent Emmanuel et Brigitte Macron lors d\u2019une visite officielle marquante.\",\"breadcrumb\":{\"@id\":\"https:\\\/\\\/www.sebastien-auziere.fr\\\/blog\\\/en\\\/in-japan-emperor-naruhito-and-empress-masako-welcome-emmanuel-and-brigitte-macron-for-an-official-visit\\\/#breadcrumb\"},\"inLanguage\":\"fr-FR\",\"potentialAction\":[{\"@type\":\"ReadAction\",\"target\":[\"https:\\\/\\\/www.sebastien-auziere.fr\\\/blog\\\/en\\\/in-japan-emperor-naruhito-and-empress-masako-welcome-emmanuel-and-brigitte-macron-for-an-official-visit\\\/\"]}]},{\"@type\":\"ImageObject\",\"inLanguage\":\"fr-FR\",\"@id\":\"https:\\\/\\\/www.sebastien-auziere.fr\\\/blog\\\/en\\\/in-japan-emperor-naruhito-and-empress-masako-welcome-emmanuel-and-brigitte-macron-for-an-official-visit\\\/#primaryimage\",\"url\":\"https:\\\/\\\/www.sebastien-auziere.fr\\\/blog\\\/wp-content\\\/uploads\\\/2026\\\/04\\\/Au-Japon-lempereur-Naruhito-et-limperatrice-Masako-accueillent-Emmanuel-et-Brigitte-Macron-pour-une-visite-officielle.jpg\",\"contentUrl\":\"https:\\\/\\\/www.sebastien-auziere.fr\\\/blog\\\/wp-content\\\/uploads\\\/2026\\\/04\\\/Au-Japon-lempereur-Naruhito-et-limperatrice-Masako-accueillent-Emmanuel-et-Brigitte-Macron-pour-une-visite-officielle.jpg\",\"width\":2560,\"height\":1429,\"caption\":\"l\u2019empereur naruhito et l\u2019imp\u00e9ratrice masako du japon accueillent emmanuel et brigitte macron pour une visite officielle, renfor\u00e7ant ainsi les liens diplomatiques entre les deux pays.\"},{\"@type\":\"BreadcrumbList\",\"@id\":\"https:\\\/\\\/www.sebastien-auziere.fr\\\/blog\\\/en\\\/in-japan-emperor-naruhito-and-empress-masako-welcome-emmanuel-and-brigitte-macron-for-an-official-visit\\\/#breadcrumb\",\"itemListElement\":[{\"@type\":\"ListItem\",\"position\":1,\"name\":\"Home\",\"item\":\"https:\\\/\\\/www.sebastien-auziere.fr\\\/blog\\\/\"},{\"@type\":\"ListItem\",\"position\":2,\"name\":\"In Japan, Emperor Naruhito and Empress Masako welcome Emmanuel and Brigitte Macron for an official visit\"}]},{\"@type\":\"WebSite\",\"@id\":\"https:\\\/\\\/www.sebastien-auziere.fr\\\/blog\\\/#website\",\"url\":\"https:\\\/\\\/www.sebastien-auziere.fr\\\/blog\\\/\",\"name\":\"Fan site S\u00e9bastien Auzi\u00e8re\",\"description\":\"M\u00e9dia g\u00e9n\u00e9raliste\",\"publisher\":{\"@id\":\"https:\\\/\\\/www.sebastien-auziere.fr\\\/blog\\\/#organization\"},\"potentialAction\":[{\"@type\":\"SearchAction\",\"target\":{\"@type\":\"EntryPoint\",\"urlTemplate\":\"https:\\\/\\\/www.sebastien-auziere.fr\\\/blog\\\/?s={search_term_string}\"},\"query-input\":{\"@type\":\"PropertyValueSpecification\",\"valueRequired\":true,\"valueName\":\"search_term_string\"}}],\"inLanguage\":\"fr-FR\"},{\"@type\":\"Organization\",\"@id\":\"https:\\\/\\\/www.sebastien-auziere.fr\\\/blog\\\/#organization\",\"name\":\"Fan site S\u00e9bastien Auzi\u00e8re\",\"url\":\"https:\\\/\\\/www.sebastien-auziere.fr\\\/blog\\\/\",\"logo\":{\"@type\":\"ImageObject\",\"inLanguage\":\"fr-FR\",\"@id\":\"https:\\\/\\\/www.sebastien-auziere.fr\\\/blog\\\/#\\\/schema\\\/logo\\\/image\\\/\",\"url\":\"https:\\\/\\\/www.sebastien-auziere.fr\\\/blog\\\/wp-content\\\/uploads\\\/2026\\\/03\\\/cropped-cropped-cropped-ChatGPT-Image-6-mars-2026-12_58_09-e1772798376794.jpg\",\"contentUrl\":\"https:\\\/\\\/www.sebastien-auziere.fr\\\/blog\\\/wp-content\\\/uploads\\\/2026\\\/03\\\/cropped-cropped-cropped-ChatGPT-Image-6-mars-2026-12_58_09-e1772798376794.jpg\",\"width\":512,\"height\":360,\"caption\":\"Fan site S\u00e9bastien Auzi\u00e8re\"},\"image\":{\"@id\":\"https:\\\/\\\/www.sebastien-auziere.fr\\\/blog\\\/#\\\/schema\\\/logo\\\/image\\\/\"}},{\"@type\":\"Person\",\"@id\":\"https:\\\/\\\/www.sebastien-auziere.fr\\\/blog\\\/#\\\/schema\\\/person\\\/149f1acdbfd85149c6c3e59adeae2f4d\",\"name\":\"Chloe Gauthier\",\"image\":{\"@type\":\"ImageObject\",\"inLanguage\":\"fr-FR\",\"@id\":\"https:\\\/\\\/secure.gravatar.com\\\/avatar\\\/2c5722f58171cff738a8985ef0dd66b476e563753246a49019befc837ec4201a?s=96&d=mm&r=g\",\"url\":\"https:\\\/\\\/secure.gravatar.com\\\/avatar\\\/2c5722f58171cff738a8985ef0dd66b476e563753246a49019befc837ec4201a?s=96&d=mm&r=g\",\"contentUrl\":\"https:\\\/\\\/secure.gravatar.com\\\/avatar\\\/2c5722f58171cff738a8985ef0dd66b476e563753246a49019befc837ec4201a?s=96&d=mm&r=g\",\"caption\":\"Chloe Gauthier\"},\"description\":\"Passionn\u00e9e par la politique et admiratrice engag\u00e9e de la famille Macron, je consacre mon \u00e9nergie \u00e0 suivre leurs initiatives et \u00e0 promouvoir leurs id\u00e9es. \u00c0 32 ans, je suis convaincue que leur vision est porteuse d'avenir.\",\"url\":\"https:\\\/\\\/www.sebastien-auziere.fr\\\/blog\\\/author\\\/chloe-gauthier\\\/\"}]}<\/script>\n<!-- \/ Yoast SEO plugin. -->","yoast_head_json":{"title":"In Japan, Emperor Naruhito and Empress Masako welcome Emmanuel and Brigitte Macron for an official visit - Fan site S\u00e9bastien Auzi\u00e8re","description":"Au Japon, l\u2019empereur Naruhito et l\u2019imp\u00e9ratrice Masako re\u00e7oivent Emmanuel et Brigitte Macron lors d\u2019une visite officielle marquante.","robots":{"index":"index","follow":"follow","max-snippet":"max-snippet:-1","max-image-preview":"max-image-preview:large","max-video-preview":"max-video-preview:-1"},"canonical":"https:\/\/www.sebastien-auziere.fr\/blog\/en\/in-japan-emperor-naruhito-and-empress-masako-welcome-emmanuel-and-brigitte-macron-for-an-official-visit\/","og_locale":"fr_FR","og_type":"article","og_title":"In Japan, Emperor Naruhito and Empress Masako welcome Emmanuel and Brigitte Macron for an official visit - Fan site S\u00e9bastien Auzi\u00e8re","og_description":"Au Japon, l\u2019empereur Naruhito et l\u2019imp\u00e9ratrice Masako re\u00e7oivent Emmanuel et Brigitte Macron lors d\u2019une visite officielle marquante.","og_url":"https:\/\/www.sebastien-auziere.fr\/blog\/en\/in-japan-emperor-naruhito-and-empress-masako-welcome-emmanuel-and-brigitte-macron-for-an-official-visit\/","og_site_name":"Fan site S\u00e9bastien Auzi\u00e8re","article_published_time":"2026-04-07T07:10:51+00:00","article_modified_time":"2026-04-07T07:11:19+00:00","og_image":[{"width":2560,"height":1429,"url":"https:\/\/www.sebastien-auziere.fr\/blog\/wp-content\/uploads\/2026\/04\/Au-Japon-lempereur-Naruhito-et-limperatrice-Masako-accueillent-Emmanuel-et-Brigitte-Macron-pour-une-visite-officielle.jpg","type":"image\/jpeg"}],"author":"Chloe Gauthier","twitter_card":"summary_large_image","twitter_misc":{"\u00c9crit par":"Chloe Gauthier","Dur\u00e9e de lecture estim\u00e9e":"2 minutes"},"schema":{"@context":"https:\/\/schema.org","@graph":[{"@type":"Article","@id":"https:\/\/www.sebastien-auziere.fr\/blog\/en\/in-japan-emperor-naruhito-and-empress-masako-welcome-emmanuel-and-brigitte-macron-for-an-official-visit\/#article","isPartOf":{"@id":"https:\/\/www.sebastien-auziere.fr\/blog\/en\/in-japan-emperor-naruhito-and-empress-masako-welcome-emmanuel-and-brigitte-macron-for-an-official-visit\/"},"author":{"name":"Chloe Gauthier","@id":"https:\/\/www.sebastien-auziere.fr\/blog\/#\/schema\/person\/149f1acdbfd85149c6c3e59adeae2f4d"},"headline":"In Japan, Emperor Naruhito and Empress Masako welcome Emmanuel and Brigitte Macron for an official visit","datePublished":"2026-04-07T07:10:51+00:00","dateModified":"2026-04-07T07:11:19+00:00","mainEntityOfPage":{"@id":"https:\/\/www.sebastien-auziere.fr\/blog\/en\/in-japan-emperor-naruhito-and-empress-masako-welcome-emmanuel-and-brigitte-macron-for-an-official-visit\/"},"wordCount":378,"commentCount":0,"publisher":{"@id":"https:\/\/www.sebastien-auziere.fr\/blog\/#organization"},"image":{"@id":"https:\/\/www.sebastien-auziere.fr\/blog\/en\/in-japan-emperor-naruhito-and-empress-masako-welcome-emmanuel-and-brigitte-macron-for-an-official-visit\/#primaryimage"},"thumbnailUrl":"https:\/\/www.sebastien-auziere.fr\/blog\/wp-content\/uploads\/2026\/04\/Au-Japon-lempereur-Naruhito-et-limperatrice-Masako-accueillent-Emmanuel-et-Brigitte-Macron-pour-une-visite-officielle.jpg","keywords":["brigitte macron","emmanuel macron","empereur naruhito","empress masako","japan"],"articleSection":["News"],"inLanguage":"fr-FR","potentialAction":[{"@type":"CommentAction","name":"Comment","target":["https:\/\/www.sebastien-auziere.fr\/blog\/en\/in-japan-emperor-naruhito-and-empress-masako-welcome-emmanuel-and-brigitte-macron-for-an-official-visit\/#respond"]}]},{"@type":"WebPage","@id":"https:\/\/www.sebastien-auziere.fr\/blog\/en\/in-japan-emperor-naruhito-and-empress-masako-welcome-emmanuel-and-brigitte-macron-for-an-official-visit\/","url":"https:\/\/www.sebastien-auziere.fr\/blog\/en\/in-japan-emperor-naruhito-and-empress-masako-welcome-emmanuel-and-brigitte-macron-for-an-official-visit\/","name":"In Japan, Emperor Naruhito and Empress Masako welcome Emmanuel and Brigitte Macron for an official visit - Fan site S\u00e9bastien Auzi\u00e8re","isPartOf":{"@id":"https:\/\/www.sebastien-auziere.fr\/blog\/#website"},"primaryImageOfPage":{"@id":"https:\/\/www.sebastien-auziere.fr\/blog\/en\/in-japan-emperor-naruhito-and-empress-masako-welcome-emmanuel-and-brigitte-macron-for-an-official-visit\/#primaryimage"},"image":{"@id":"https:\/\/www.sebastien-auziere.fr\/blog\/en\/in-japan-emperor-naruhito-and-empress-masako-welcome-emmanuel-and-brigitte-macron-for-an-official-visit\/#primaryimage"},"thumbnailUrl":"https:\/\/www.sebastien-auziere.fr\/blog\/wp-content\/uploads\/2026\/04\/Au-Japon-lempereur-Naruhito-et-limperatrice-Masako-accueillent-Emmanuel-et-Brigitte-Macron-pour-une-visite-officielle.jpg","datePublished":"2026-04-07T07:10:51+00:00","dateModified":"2026-04-07T07:11:19+00:00","description":"Au Japon, l\u2019empereur Naruhito et l\u2019imp\u00e9ratrice Masako re\u00e7oivent Emmanuel et Brigitte Macron lors d\u2019une visite officielle marquante.","breadcrumb":{"@id":"https:\/\/www.sebastien-auziere.fr\/blog\/en\/in-japan-emperor-naruhito-and-empress-masako-welcome-emmanuel-and-brigitte-macron-for-an-official-visit\/#breadcrumb"},"inLanguage":"fr-FR","potentialAction":[{"@type":"ReadAction","target":["https:\/\/www.sebastien-auziere.fr\/blog\/en\/in-japan-emperor-naruhito-and-empress-masako-welcome-emmanuel-and-brigitte-macron-for-an-official-visit\/"]}]},{"@type":"ImageObject","inLanguage":"fr-FR","@id":"https:\/\/www.sebastien-auziere.fr\/blog\/en\/in-japan-emperor-naruhito-and-empress-masako-welcome-emmanuel-and-brigitte-macron-for-an-official-visit\/#primaryimage","url":"https:\/\/www.sebastien-auziere.fr\/blog\/wp-content\/uploads\/2026\/04\/Au-Japon-lempereur-Naruhito-et-limperatrice-Masako-accueillent-Emmanuel-et-Brigitte-Macron-pour-une-visite-officielle.jpg","contentUrl":"https:\/\/www.sebastien-auziere.fr\/blog\/wp-content\/uploads\/2026\/04\/Au-Japon-lempereur-Naruhito-et-limperatrice-Masako-accueillent-Emmanuel-et-Brigitte-Macron-pour-une-visite-officielle.jpg","width":2560,"height":1429,"caption":"l\u2019empereur naruhito et l\u2019imp\u00e9ratrice masako du japon accueillent emmanuel et brigitte macron pour une visite officielle, renfor\u00e7ant ainsi les liens diplomatiques entre les deux pays."},{"@type":"BreadcrumbList","@id":"https:\/\/www.sebastien-auziere.fr\/blog\/en\/in-japan-emperor-naruhito-and-empress-masako-welcome-emmanuel-and-brigitte-macron-for-an-official-visit\/#breadcrumb","itemListElement":[{"@type":"ListItem","position":1,"name":"Home","item":"https:\/\/www.sebastien-auziere.fr\/blog\/"},{"@type":"ListItem","position":2,"name":"In Japan, Emperor Naruhito and Empress Masako welcome Emmanuel and Brigitte Macron for an official visit"}]},{"@type":"WebSite","@id":"https:\/\/www.sebastien-auziere.fr\/blog\/#website","url":"https:\/\/www.sebastien-auziere.fr\/blog\/","name":"Fan site S\u00e9bastien Auzi\u00e8re","description":"M\u00e9dia g\u00e9n\u00e9raliste","publisher":{"@id":"https:\/\/www.sebastien-auziere.fr\/blog\/#organization"},"potentialAction":[{"@type":"SearchAction","target":{"@type":"EntryPoint","urlTemplate":"https:\/\/www.sebastien-auziere.fr\/blog\/?s={search_term_string}"},"query-input":{"@type":"PropertyValueSpecification","valueRequired":true,"valueName":"search_term_string"}}],"inLanguage":"fr-FR"},{"@type":"Organization","@id":"https:\/\/www.sebastien-auziere.fr\/blog\/#organization","name":"Fan site S\u00e9bastien Auzi\u00e8re","url":"https:\/\/www.sebastien-auziere.fr\/blog\/","logo":{"@type":"ImageObject","inLanguage":"fr-FR","@id":"https:\/\/www.sebastien-auziere.fr\/blog\/#\/schema\/logo\/image\/","url":"https:\/\/www.sebastien-auziere.fr\/blog\/wp-content\/uploads\/2026\/03\/cropped-cropped-cropped-ChatGPT-Image-6-mars-2026-12_58_09-e1772798376794.jpg","contentUrl":"https:\/\/www.sebastien-auziere.fr\/blog\/wp-content\/uploads\/2026\/03\/cropped-cropped-cropped-ChatGPT-Image-6-mars-2026-12_58_09-e1772798376794.jpg","width":512,"height":360,"caption":"Fan site S\u00e9bastien Auzi\u00e8re"},"image":{"@id":"https:\/\/www.sebastien-auziere.fr\/blog\/#\/schema\/logo\/image\/"}},{"@type":"Person","@id":"https:\/\/www.sebastien-auziere.fr\/blog\/#\/schema\/person\/149f1acdbfd85149c6c3e59adeae2f4d","name":"Chloe Gauthier","image":{"@type":"ImageObject","inLanguage":"fr-FR","@id":"https:\/\/secure.gravatar.com\/avatar\/2c5722f58171cff738a8985ef0dd66b476e563753246a49019befc837ec4201a?s=96&d=mm&r=g","url":"https:\/\/secure.gravatar.com\/avatar\/2c5722f58171cff738a8985ef0dd66b476e563753246a49019befc837ec4201a?s=96&d=mm&r=g","contentUrl":"https:\/\/secure.gravatar.com\/avatar\/2c5722f58171cff738a8985ef0dd66b476e563753246a49019befc837ec4201a?s=96&d=mm&r=g","caption":"Chloe Gauthier"},"description":"Passionn\u00e9e par la politique et admiratrice engag\u00e9e de la famille Macron, je consacre mon \u00e9nergie \u00e0 suivre leurs initiatives et \u00e0 promouvoir leurs id\u00e9es. \u00c0 32 ans, je suis convaincue que leur vision est porteuse d'avenir.","url":"https:\/\/www.sebastien-auziere.fr\/blog\/author\/chloe-gauthier\/"}]}},"views":6,"_links":{"self":[{"href":"https:\/\/www.sebastien-auziere.fr\/blog\/wp-json\/wp\/v2\/posts\/2824","targetHints":{"allow":["GET"]}}],"collection":[{"href":"https:\/\/www.sebastien-auziere.fr\/blog\/wp-json\/wp\/v2\/posts"}],"about":[{"href":"https:\/\/www.sebastien-auziere.fr\/blog\/wp-json\/wp\/v2\/types\/post"}],"author":[{"embeddable":true,"href":"https:\/\/www.sebastien-auziere.fr\/blog\/wp-json\/wp\/v2\/users\/9"}],"replies":[{"embeddable":true,"href":"https:\/\/www.sebastien-auziere.fr\/blog\/wp-json\/wp\/v2\/comments?post=2824"}],"version-history":[{"count":1,"href":"https:\/\/www.sebastien-auziere.fr\/blog\/wp-json\/wp\/v2\/posts\/2824\/revisions"}],"predecessor-version":[{"id":2825,"href":"https:\/\/www.sebastien-auziere.fr\/blog\/wp-json\/wp\/v2\/posts\/2824\/revisions\/2825"}],"wp:featuredmedia":[{"embeddable":true,"href":"https:\/\/www.sebastien-auziere.fr\/blog\/wp-json\/wp\/v2\/media\/2822"}],"wp:attachment":[{"href":"https:\/\/www.sebastien-auziere.fr\/blog\/wp-json\/wp\/v2\/media?parent=2824"}],"wp:term":[{"taxonomy":"category","embeddable":true,"href":"https:\/\/www.sebastien-auziere.fr\/blog\/wp-json\/wp\/v2\/categories?post=2824"},{"taxonomy":"post_tag","embeddable":true,"href":"https:\/\/www.sebastien-auziere.fr\/blog\/wp-json\/wp\/v2\/tags?post=2824"}],"curies":[{"name":"wp","href":"https:\/\/api.w.org\/{rel}","templated":true}]}}