{"id":2823,"date":"2026-04-07T07:10:50","date_gmt":"2026-04-07T07:10:50","guid":{"rendered":"https:\/\/www.sebastien-auziere.fr\/blog\/emmanuel-macron-japon\/"},"modified":"2026-04-07T07:10:50","modified_gmt":"2026-04-07T07:10:50","slug":"emmanuel-macron-japon","status":"publish","type":"post","link":"https:\/\/www.sebastien-auziere.fr\/blog\/emmanuel-macron-japon\/","title":{"rendered":"Au Japon, l\u2019empereur Naruhito et l\u2019imp\u00e9ratrice Masako accueillent Emmanuel et Brigitte Macron pour une visite officielle"},"content":{"rendered":"<p>Quel tableau : le <strong>2 avril 2026<\/strong>, \u00e0 <strong>midi pile<\/strong>, la voiture pr\u00e9sidentielle s\u2019est arr\u00eat\u00e9e sous une fine bruine devant le <strong>palais imp\u00e9rial<\/strong> de Tokyo, o\u00f9 <strong>l\u2019empereur Naruhito<\/strong> et <strong>l\u2019imp\u00e9ratrice Masako<\/strong> ont accueilli <strong>Emmanuel Macron<\/strong> et <strong>Brigitte Macron<\/strong> pour une <strong>visite officielle<\/strong>. La poign\u00e9e de main, le <strong>baisemain<\/strong> du pr\u00e9sident et les cerisiers encore en fleurs ont marqu\u00e9 l\u2019ouverture de cette rencontre protocolaire.<\/p>\n\n<p><strong>En bref<\/strong> : accueil au palais imp\u00e9rial, d\u00e9jeuner imp\u00e9rial aux codes traditionnels, \u00e9changes sur la culture populaire (mangas \u00e9voqu\u00e9s par l\u2019empereur), et signatures d\u2019accords portant sur la <strong>coop\u00e9ration internationale<\/strong> en mati\u00e8re de d\u00e9fense, spatial et \u00e9nergie.<\/p>\n\n<h2 class=\"wp-block-heading\">Rencontre protocolaire au palais imp\u00e9rial de Tokyo<\/h2>\n\n<p>La s\u00e9quence d\u2019arriv\u00e9e a dur\u00e9 moins de trois minutes devant le porche o\u00f9 <strong>Naruhito<\/strong> et <strong>Masako<\/strong> attendaient, sourires et poign\u00e9e de main. Les photos officielles publi\u00e9es ensuite par le <strong>Kunaich\u014d<\/strong> ont confirm\u00e9 le caract\u00e8re intime et codifi\u00e9 de l\u2019audience. Le geste du <strong>baisemain<\/strong> du pr\u00e9sident a \u00e9t\u00e9 largement relay\u00e9 par la presse, qui a couvert la visite du 2 avril en d\u00e9tail, notamment dans la galerie d\u2019images propos\u00e9e par <a href=\"https:\/\/www.lefigaro.fr\/flash-actu\/japon-les-images-de-la-rencontre-solennelle-entre-emmanuel-macron-et-l-empereur-naruhito-20260402\">Le Figaro<\/a>.<\/p>\n\n<h3 class=\"wp-block-heading\">Un d\u00e9jeuner imp\u00e9rial et des clins d\u2019\u0153il culturels<\/h3>\n\n<p>Le d\u00e9jeuner imp\u00e9rial, respectant la tradition du <strong>washoku<\/strong>, a conclu la visite. L\u2019<strong>empereur Naruhito<\/strong> a surpris en demandant quels mangas plaisaient en <strong>France<\/strong>; le pr\u00e9sident a cit\u00e9 <strong>One Piece<\/strong> et <strong>Dragon Ball Z<\/strong>, anecdote relay\u00e9e par les m\u00e9dias dont la couverture de <a href=\"https:\/\/www3.nhk.or.jp\/nhkworld\/fr\/news\/20260403_01\/\">NHK<\/a>. Brigitte Macron, d\u00e9j\u00e0 vue le 1er avril au lyc\u00e9e Harumi pour un atelier de <strong>koto<\/strong> et de calligraphie, a renforc\u00e9 le volet culturel de la visite.<\/p>\n\n<h2 class=\"wp-block-heading\">Enjeux diplomatiques et coop\u00e9ration internationale<\/h2>\n\n<p>Au-del\u00e0 du c\u00e9r\u00e9monial, la visite a servi \u00e0 consolider des accords en mati\u00e8re de s\u00e9curit\u00e9 et de <strong>coop\u00e9ration internationale<\/strong>, notamment dans le spatial et le nucl\u00e9aire, sign\u00e9s en pr\u00e9sence de ministres des Affaires \u00e9trang\u00e8res, de la D\u00e9fense et de l\u2019\u00c9conomie. Les \u00e9changes ont \u00e9t\u00e9 encadr\u00e9s par le contexte r\u00e9gional et mondial, et l\u2019image m\u00e9diatique \u2014 y compris la fameuse imitation du \u00ab\u202fkamehameha\u202f\u00bb par la Premi\u00e8re ministre Sanae Takaichi \u2014 a m\u00eal\u00e9 s\u00e9rieux diplomatique et moments populaires, comme le rapporte <a href=\"https:\/\/www.sudouest.fr\/international\/asie\/japon\/japon-emmanuel-macron-recu-par-l-empereur-naruhito-a-tokyo-28540755.php\">Sud Ouest<\/a>.<\/p>\n\n<p>Pour prolonger la d\u00e9couverte de cette visite et mieux comprendre les liens entre la famille pr\u00e9sidentielle et le Japon, rendez-vous sur <a href=\"https:\/\/www.sebastien-auziere.fr\/blog\/macron-au-japon-et-en-coree-du-sud-fin-mars-2026-audience-imperiale-et-visite-officielle\/\">le dossier d\u00e9di\u00e9<\/a> de sebastien-auziere.fr, ainsi que sur le r\u00e9cit de la tourn\u00e9e nippo-cor\u00e9enne <a href=\"https:\/\/www.sebastien-auziere.fr\/blog\/macron-tournee-japon-coree\/\">disponible ici<\/a>, pour en apprendre davantage sur S\u00e9bastien Auzi\u00e8re et la famille <strong>Macron<\/strong>.<\/p>\n\n","protected":false},"excerpt":{"rendered":"<p>Quel tableau : le 2 avril 2026, \u00e0 midi pile, la voiture pr\u00e9sidentielle s\u2019est arr\u00eat\u00e9e sous une fine bruine devant le palais imp\u00e9rial de Tokyo, o\u00f9 l\u2019empereur Naruhito et l\u2019imp\u00e9ratrice Masako ont accueilli Emmanuel Macron et Brigitte Macron pour une visite officielle. La poign\u00e9e de main, le baisemain du pr\u00e9sident et les cerisiers encore en &#8230; <a title=\"Au Japon, l\u2019empereur Naruhito et l\u2019imp\u00e9ratrice Masako accueillent Emmanuel et Brigitte Macron pour une visite officielle\" class=\"read-more\" href=\"https:\/\/www.sebastien-auziere.fr\/blog\/emmanuel-macron-japon\/\" aria-label=\"En savoir plus sur Au Japon, l\u2019empereur Naruhito et l\u2019imp\u00e9ratrice Masako accueillent Emmanuel et Brigitte Macron pour une visite officielle\">Lire plus<\/a><\/p>\n","protected":false},"author":9,"featured_media":2822,"comment_status":"open","ping_status":"open","sticky":false,"template":"","format":"standard","meta":{"footnotes":""},"categories":[597],"tags":[892,1139,1449,2092,1141],"class_list":["post-2823","post","type-post","status-publish","format-standard","has-post-thumbnail","hentry","category-actualites","tag-brigitte-macron","tag-emmanuel-macron","tag-empereur-naruhito","tag-imperatrice-masako","tag-japon"],"yoast_head":"<!-- This site is optimized with the Yoast SEO plugin v27.5 - https:\/\/yoast.com\/product\/yoast-seo-wordpress\/ -->\n<title>Au Japon, l\u2019empereur Naruhito et l\u2019imp\u00e9ratrice Masako accueillent Emmanuel et Brigitte Macron pour une visite officielle - Fan site S\u00e9bastien Auzi\u00e8re<\/title>\n<meta name=\"description\" content=\"Au Japon, l\u2019empereur Naruhito et l\u2019imp\u00e9ratrice Masako re\u00e7oivent Emmanuel et Brigitte Macron lors d\u2019une visite officielle marquante.\" \/>\n<meta name=\"robots\" content=\"index, follow, max-snippet:-1, max-image-preview:large, max-video-preview:-1\" \/>\n<link rel=\"canonical\" href=\"https:\/\/www.sebastien-auziere.fr\/blog\/emmanuel-macron-japon\/\" \/>\n<meta property=\"og:locale\" content=\"fr_FR\" \/>\n<meta property=\"og:type\" content=\"article\" \/>\n<meta property=\"og:title\" content=\"Au Japon, l\u2019empereur Naruhito et l\u2019imp\u00e9ratrice Masako accueillent Emmanuel et Brigitte Macron pour une visite officielle - Fan site S\u00e9bastien Auzi\u00e8re\" \/>\n<meta property=\"og:description\" content=\"Au Japon, l\u2019empereur Naruhito et l\u2019imp\u00e9ratrice Masako re\u00e7oivent Emmanuel et Brigitte Macron lors d\u2019une visite officielle marquante.\" \/>\n<meta property=\"og:url\" content=\"https:\/\/www.sebastien-auziere.fr\/blog\/emmanuel-macron-japon\/\" \/>\n<meta property=\"og:site_name\" content=\"Fan site S\u00e9bastien Auzi\u00e8re\" \/>\n<meta property=\"article:published_time\" content=\"2026-04-07T07:10:50+00:00\" \/>\n<meta property=\"og:image\" content=\"https:\/\/www.sebastien-auziere.fr\/blog\/wp-content\/uploads\/2026\/04\/Au-Japon-lempereur-Naruhito-et-limperatrice-Masako-accueillent-Emmanuel-et-Brigitte-Macron-pour-une-visite-officielle.jpg\" \/>\n\t<meta property=\"og:image:width\" content=\"2560\" \/>\n\t<meta property=\"og:image:height\" content=\"1429\" \/>\n\t<meta property=\"og:image:type\" content=\"image\/jpeg\" \/>\n<meta name=\"author\" content=\"Chloe Gauthier\" \/>\n<meta name=\"twitter:card\" content=\"summary_large_image\" \/>\n<meta name=\"twitter:label1\" content=\"\u00c9crit par\" \/>\n\t<meta name=\"twitter:data1\" content=\"Chloe Gauthier\" \/>\n\t<meta name=\"twitter:label2\" content=\"Dur\u00e9e de lecture estim\u00e9e\" \/>\n\t<meta name=\"twitter:data2\" content=\"2 minutes\" \/>\n<script type=\"application\/ld+json\" class=\"yoast-schema-graph\">{\"@context\":\"https:\\\/\\\/schema.org\",\"@graph\":[{\"@type\":\"Article\",\"@id\":\"https:\\\/\\\/www.sebastien-auziere.fr\\\/blog\\\/emmanuel-macron-japon\\\/#article\",\"isPartOf\":{\"@id\":\"https:\\\/\\\/www.sebastien-auziere.fr\\\/blog\\\/emmanuel-macron-japon\\\/\"},\"author\":{\"name\":\"Chloe Gauthier\",\"@id\":\"https:\\\/\\\/www.sebastien-auziere.fr\\\/blog\\\/#\\\/schema\\\/person\\\/149f1acdbfd85149c6c3e59adeae2f4d\"},\"headline\":\"Au Japon, l\u2019empereur Naruhito et l\u2019imp\u00e9ratrice Masako accueillent Emmanuel et Brigitte Macron pour une visite officielle\",\"datePublished\":\"2026-04-07T07:10:50+00:00\",\"mainEntityOfPage\":{\"@id\":\"https:\\\/\\\/www.sebastien-auziere.fr\\\/blog\\\/emmanuel-macron-japon\\\/\"},\"wordCount\":469,\"commentCount\":0,\"publisher\":{\"@id\":\"https:\\\/\\\/www.sebastien-auziere.fr\\\/blog\\\/#organization\"},\"image\":{\"@id\":\"https:\\\/\\\/www.sebastien-auziere.fr\\\/blog\\\/emmanuel-macron-japon\\\/#primaryimage\"},\"thumbnailUrl\":\"https:\\\/\\\/www.sebastien-auziere.fr\\\/blog\\\/wp-content\\\/uploads\\\/2026\\\/04\\\/Au-Japon-lempereur-Naruhito-et-limperatrice-Masako-accueillent-Emmanuel-et-Brigitte-Macron-pour-une-visite-officielle.jpg\",\"keywords\":[\"brigitte macron\",\"emmanuel macron\",\"empereur naruhito\",\"imp\u00e9ratrice masako\",\"japon\"],\"articleSection\":[\"Actualit\u00e9s\"],\"inLanguage\":\"fr-FR\",\"potentialAction\":[{\"@type\":\"CommentAction\",\"name\":\"Comment\",\"target\":[\"https:\\\/\\\/www.sebastien-auziere.fr\\\/blog\\\/emmanuel-macron-japon\\\/#respond\"]}]},{\"@type\":\"WebPage\",\"@id\":\"https:\\\/\\\/www.sebastien-auziere.fr\\\/blog\\\/emmanuel-macron-japon\\\/\",\"url\":\"https:\\\/\\\/www.sebastien-auziere.fr\\\/blog\\\/emmanuel-macron-japon\\\/\",\"name\":\"Au Japon, l\u2019empereur Naruhito et l\u2019imp\u00e9ratrice Masako accueillent Emmanuel et Brigitte Macron pour une visite officielle - Fan site S\u00e9bastien Auzi\u00e8re\",\"isPartOf\":{\"@id\":\"https:\\\/\\\/www.sebastien-auziere.fr\\\/blog\\\/#website\"},\"primaryImageOfPage\":{\"@id\":\"https:\\\/\\\/www.sebastien-auziere.fr\\\/blog\\\/emmanuel-macron-japon\\\/#primaryimage\"},\"image\":{\"@id\":\"https:\\\/\\\/www.sebastien-auziere.fr\\\/blog\\\/emmanuel-macron-japon\\\/#primaryimage\"},\"thumbnailUrl\":\"https:\\\/\\\/www.sebastien-auziere.fr\\\/blog\\\/wp-content\\\/uploads\\\/2026\\\/04\\\/Au-Japon-lempereur-Naruhito-et-limperatrice-Masako-accueillent-Emmanuel-et-Brigitte-Macron-pour-une-visite-officielle.jpg\",\"datePublished\":\"2026-04-07T07:10:50+00:00\",\"description\":\"Au Japon, l\u2019empereur Naruhito et l\u2019imp\u00e9ratrice Masako re\u00e7oivent Emmanuel et Brigitte Macron lors d\u2019une visite officielle marquante.\",\"breadcrumb\":{\"@id\":\"https:\\\/\\\/www.sebastien-auziere.fr\\\/blog\\\/emmanuel-macron-japon\\\/#breadcrumb\"},\"inLanguage\":\"fr-FR\",\"potentialAction\":[{\"@type\":\"ReadAction\",\"target\":[\"https:\\\/\\\/www.sebastien-auziere.fr\\\/blog\\\/emmanuel-macron-japon\\\/\"]}]},{\"@type\":\"ImageObject\",\"inLanguage\":\"fr-FR\",\"@id\":\"https:\\\/\\\/www.sebastien-auziere.fr\\\/blog\\\/emmanuel-macron-japon\\\/#primaryimage\",\"url\":\"https:\\\/\\\/www.sebastien-auziere.fr\\\/blog\\\/wp-content\\\/uploads\\\/2026\\\/04\\\/Au-Japon-lempereur-Naruhito-et-limperatrice-Masako-accueillent-Emmanuel-et-Brigitte-Macron-pour-une-visite-officielle.jpg\",\"contentUrl\":\"https:\\\/\\\/www.sebastien-auziere.fr\\\/blog\\\/wp-content\\\/uploads\\\/2026\\\/04\\\/Au-Japon-lempereur-Naruhito-et-limperatrice-Masako-accueillent-Emmanuel-et-Brigitte-Macron-pour-une-visite-officielle.jpg\",\"width\":2560,\"height\":1429,\"caption\":\"l\u2019empereur naruhito et l\u2019imp\u00e9ratrice masako du japon accueillent emmanuel et brigitte macron pour une visite officielle, renfor\u00e7ant ainsi les liens diplomatiques entre les deux pays.\"},{\"@type\":\"BreadcrumbList\",\"@id\":\"https:\\\/\\\/www.sebastien-auziere.fr\\\/blog\\\/emmanuel-macron-japon\\\/#breadcrumb\",\"itemListElement\":[{\"@type\":\"ListItem\",\"position\":1,\"name\":\"Home\",\"item\":\"https:\\\/\\\/www.sebastien-auziere.fr\\\/blog\\\/\"},{\"@type\":\"ListItem\",\"position\":2,\"name\":\"Au Japon, l\u2019empereur Naruhito et l\u2019imp\u00e9ratrice Masako accueillent Emmanuel et Brigitte Macron pour une visite officielle\"}]},{\"@type\":\"WebSite\",\"@id\":\"https:\\\/\\\/www.sebastien-auziere.fr\\\/blog\\\/#website\",\"url\":\"https:\\\/\\\/www.sebastien-auziere.fr\\\/blog\\\/\",\"name\":\"Fan site S\u00e9bastien Auzi\u00e8re\",\"description\":\"M\u00e9dia g\u00e9n\u00e9raliste\",\"publisher\":{\"@id\":\"https:\\\/\\\/www.sebastien-auziere.fr\\\/blog\\\/#organization\"},\"potentialAction\":[{\"@type\":\"SearchAction\",\"target\":{\"@type\":\"EntryPoint\",\"urlTemplate\":\"https:\\\/\\\/www.sebastien-auziere.fr\\\/blog\\\/?s={search_term_string}\"},\"query-input\":{\"@type\":\"PropertyValueSpecification\",\"valueRequired\":true,\"valueName\":\"search_term_string\"}}],\"inLanguage\":\"fr-FR\"},{\"@type\":\"Organization\",\"@id\":\"https:\\\/\\\/www.sebastien-auziere.fr\\\/blog\\\/#organization\",\"name\":\"Fan site S\u00e9bastien Auzi\u00e8re\",\"url\":\"https:\\\/\\\/www.sebastien-auziere.fr\\\/blog\\\/\",\"logo\":{\"@type\":\"ImageObject\",\"inLanguage\":\"fr-FR\",\"@id\":\"https:\\\/\\\/www.sebastien-auziere.fr\\\/blog\\\/#\\\/schema\\\/logo\\\/image\\\/\",\"url\":\"https:\\\/\\\/www.sebastien-auziere.fr\\\/blog\\\/wp-content\\\/uploads\\\/2026\\\/03\\\/cropped-cropped-cropped-ChatGPT-Image-6-mars-2026-12_58_09-e1772798376794.jpg\",\"contentUrl\":\"https:\\\/\\\/www.sebastien-auziere.fr\\\/blog\\\/wp-content\\\/uploads\\\/2026\\\/03\\\/cropped-cropped-cropped-ChatGPT-Image-6-mars-2026-12_58_09-e1772798376794.jpg\",\"width\":512,\"height\":360,\"caption\":\"Fan site S\u00e9bastien Auzi\u00e8re\"},\"image\":{\"@id\":\"https:\\\/\\\/www.sebastien-auziere.fr\\\/blog\\\/#\\\/schema\\\/logo\\\/image\\\/\"}},{\"@type\":\"Person\",\"@id\":\"https:\\\/\\\/www.sebastien-auziere.fr\\\/blog\\\/#\\\/schema\\\/person\\\/149f1acdbfd85149c6c3e59adeae2f4d\",\"name\":\"Chloe Gauthier\",\"image\":{\"@type\":\"ImageObject\",\"inLanguage\":\"fr-FR\",\"@id\":\"https:\\\/\\\/secure.gravatar.com\\\/avatar\\\/2c5722f58171cff738a8985ef0dd66b476e563753246a49019befc837ec4201a?s=96&d=mm&r=g\",\"url\":\"https:\\\/\\\/secure.gravatar.com\\\/avatar\\\/2c5722f58171cff738a8985ef0dd66b476e563753246a49019befc837ec4201a?s=96&d=mm&r=g\",\"contentUrl\":\"https:\\\/\\\/secure.gravatar.com\\\/avatar\\\/2c5722f58171cff738a8985ef0dd66b476e563753246a49019befc837ec4201a?s=96&d=mm&r=g\",\"caption\":\"Chloe Gauthier\"},\"description\":\"Passionn\u00e9e par la politique et admiratrice engag\u00e9e de la famille Macron, je consacre mon \u00e9nergie \u00e0 suivre leurs initiatives et \u00e0 promouvoir leurs id\u00e9es. \u00c0 32 ans, je suis convaincue que leur vision est porteuse d'avenir.\",\"url\":\"https:\\\/\\\/www.sebastien-auziere.fr\\\/blog\\\/author\\\/chloe-gauthier\\\/\"}]}<\/script>\n<!-- \/ Yoast SEO plugin. -->","yoast_head_json":{"title":"Au Japon, l\u2019empereur Naruhito et l\u2019imp\u00e9ratrice Masako accueillent Emmanuel et Brigitte Macron pour une visite officielle - Fan site S\u00e9bastien Auzi\u00e8re","description":"Au Japon, l\u2019empereur Naruhito et l\u2019imp\u00e9ratrice Masako re\u00e7oivent Emmanuel et Brigitte Macron lors d\u2019une visite officielle marquante.","robots":{"index":"index","follow":"follow","max-snippet":"max-snippet:-1","max-image-preview":"max-image-preview:large","max-video-preview":"max-video-preview:-1"},"canonical":"https:\/\/www.sebastien-auziere.fr\/blog\/emmanuel-macron-japon\/","og_locale":"fr_FR","og_type":"article","og_title":"Au Japon, l\u2019empereur Naruhito et l\u2019imp\u00e9ratrice Masako accueillent Emmanuel et Brigitte Macron pour une visite officielle - Fan site S\u00e9bastien Auzi\u00e8re","og_description":"Au Japon, l\u2019empereur Naruhito et l\u2019imp\u00e9ratrice Masako re\u00e7oivent Emmanuel et Brigitte Macron lors d\u2019une visite officielle marquante.","og_url":"https:\/\/www.sebastien-auziere.fr\/blog\/emmanuel-macron-japon\/","og_site_name":"Fan site S\u00e9bastien Auzi\u00e8re","article_published_time":"2026-04-07T07:10:50+00:00","og_image":[{"width":2560,"height":1429,"url":"https:\/\/www.sebastien-auziere.fr\/blog\/wp-content\/uploads\/2026\/04\/Au-Japon-lempereur-Naruhito-et-limperatrice-Masako-accueillent-Emmanuel-et-Brigitte-Macron-pour-une-visite-officielle.jpg","type":"image\/jpeg"}],"author":"Chloe Gauthier","twitter_card":"summary_large_image","twitter_misc":{"\u00c9crit par":"Chloe Gauthier","Dur\u00e9e de lecture estim\u00e9e":"2 minutes"},"schema":{"@context":"https:\/\/schema.org","@graph":[{"@type":"Article","@id":"https:\/\/www.sebastien-auziere.fr\/blog\/emmanuel-macron-japon\/#article","isPartOf":{"@id":"https:\/\/www.sebastien-auziere.fr\/blog\/emmanuel-macron-japon\/"},"author":{"name":"Chloe Gauthier","@id":"https:\/\/www.sebastien-auziere.fr\/blog\/#\/schema\/person\/149f1acdbfd85149c6c3e59adeae2f4d"},"headline":"Au Japon, l\u2019empereur Naruhito et l\u2019imp\u00e9ratrice Masako accueillent Emmanuel et Brigitte Macron pour une visite officielle","datePublished":"2026-04-07T07:10:50+00:00","mainEntityOfPage":{"@id":"https:\/\/www.sebastien-auziere.fr\/blog\/emmanuel-macron-japon\/"},"wordCount":469,"commentCount":0,"publisher":{"@id":"https:\/\/www.sebastien-auziere.fr\/blog\/#organization"},"image":{"@id":"https:\/\/www.sebastien-auziere.fr\/blog\/emmanuel-macron-japon\/#primaryimage"},"thumbnailUrl":"https:\/\/www.sebastien-auziere.fr\/blog\/wp-content\/uploads\/2026\/04\/Au-Japon-lempereur-Naruhito-et-limperatrice-Masako-accueillent-Emmanuel-et-Brigitte-Macron-pour-une-visite-officielle.jpg","keywords":["brigitte macron","emmanuel macron","empereur naruhito","imp\u00e9ratrice masako","japon"],"articleSection":["Actualit\u00e9s"],"inLanguage":"fr-FR","potentialAction":[{"@type":"CommentAction","name":"Comment","target":["https:\/\/www.sebastien-auziere.fr\/blog\/emmanuel-macron-japon\/#respond"]}]},{"@type":"WebPage","@id":"https:\/\/www.sebastien-auziere.fr\/blog\/emmanuel-macron-japon\/","url":"https:\/\/www.sebastien-auziere.fr\/blog\/emmanuel-macron-japon\/","name":"Au Japon, l\u2019empereur Naruhito et l\u2019imp\u00e9ratrice Masako accueillent Emmanuel et Brigitte Macron pour une visite officielle - Fan site S\u00e9bastien Auzi\u00e8re","isPartOf":{"@id":"https:\/\/www.sebastien-auziere.fr\/blog\/#website"},"primaryImageOfPage":{"@id":"https:\/\/www.sebastien-auziere.fr\/blog\/emmanuel-macron-japon\/#primaryimage"},"image":{"@id":"https:\/\/www.sebastien-auziere.fr\/blog\/emmanuel-macron-japon\/#primaryimage"},"thumbnailUrl":"https:\/\/www.sebastien-auziere.fr\/blog\/wp-content\/uploads\/2026\/04\/Au-Japon-lempereur-Naruhito-et-limperatrice-Masako-accueillent-Emmanuel-et-Brigitte-Macron-pour-une-visite-officielle.jpg","datePublished":"2026-04-07T07:10:50+00:00","description":"Au Japon, l\u2019empereur Naruhito et l\u2019imp\u00e9ratrice Masako re\u00e7oivent Emmanuel et Brigitte Macron lors d\u2019une visite officielle marquante.","breadcrumb":{"@id":"https:\/\/www.sebastien-auziere.fr\/blog\/emmanuel-macron-japon\/#breadcrumb"},"inLanguage":"fr-FR","potentialAction":[{"@type":"ReadAction","target":["https:\/\/www.sebastien-auziere.fr\/blog\/emmanuel-macron-japon\/"]}]},{"@type":"ImageObject","inLanguage":"fr-FR","@id":"https:\/\/www.sebastien-auziere.fr\/blog\/emmanuel-macron-japon\/#primaryimage","url":"https:\/\/www.sebastien-auziere.fr\/blog\/wp-content\/uploads\/2026\/04\/Au-Japon-lempereur-Naruhito-et-limperatrice-Masako-accueillent-Emmanuel-et-Brigitte-Macron-pour-une-visite-officielle.jpg","contentUrl":"https:\/\/www.sebastien-auziere.fr\/blog\/wp-content\/uploads\/2026\/04\/Au-Japon-lempereur-Naruhito-et-limperatrice-Masako-accueillent-Emmanuel-et-Brigitte-Macron-pour-une-visite-officielle.jpg","width":2560,"height":1429,"caption":"l\u2019empereur naruhito et l\u2019imp\u00e9ratrice masako du japon accueillent emmanuel et brigitte macron pour une visite officielle, renfor\u00e7ant ainsi les liens diplomatiques entre les deux pays."},{"@type":"BreadcrumbList","@id":"https:\/\/www.sebastien-auziere.fr\/blog\/emmanuel-macron-japon\/#breadcrumb","itemListElement":[{"@type":"ListItem","position":1,"name":"Home","item":"https:\/\/www.sebastien-auziere.fr\/blog\/"},{"@type":"ListItem","position":2,"name":"Au Japon, l\u2019empereur Naruhito et l\u2019imp\u00e9ratrice Masako accueillent Emmanuel et Brigitte Macron pour une visite officielle"}]},{"@type":"WebSite","@id":"https:\/\/www.sebastien-auziere.fr\/blog\/#website","url":"https:\/\/www.sebastien-auziere.fr\/blog\/","name":"Fan site S\u00e9bastien Auzi\u00e8re","description":"M\u00e9dia g\u00e9n\u00e9raliste","publisher":{"@id":"https:\/\/www.sebastien-auziere.fr\/blog\/#organization"},"potentialAction":[{"@type":"SearchAction","target":{"@type":"EntryPoint","urlTemplate":"https:\/\/www.sebastien-auziere.fr\/blog\/?s={search_term_string}"},"query-input":{"@type":"PropertyValueSpecification","valueRequired":true,"valueName":"search_term_string"}}],"inLanguage":"fr-FR"},{"@type":"Organization","@id":"https:\/\/www.sebastien-auziere.fr\/blog\/#organization","name":"Fan site S\u00e9bastien Auzi\u00e8re","url":"https:\/\/www.sebastien-auziere.fr\/blog\/","logo":{"@type":"ImageObject","inLanguage":"fr-FR","@id":"https:\/\/www.sebastien-auziere.fr\/blog\/#\/schema\/logo\/image\/","url":"https:\/\/www.sebastien-auziere.fr\/blog\/wp-content\/uploads\/2026\/03\/cropped-cropped-cropped-ChatGPT-Image-6-mars-2026-12_58_09-e1772798376794.jpg","contentUrl":"https:\/\/www.sebastien-auziere.fr\/blog\/wp-content\/uploads\/2026\/03\/cropped-cropped-cropped-ChatGPT-Image-6-mars-2026-12_58_09-e1772798376794.jpg","width":512,"height":360,"caption":"Fan site S\u00e9bastien Auzi\u00e8re"},"image":{"@id":"https:\/\/www.sebastien-auziere.fr\/blog\/#\/schema\/logo\/image\/"}},{"@type":"Person","@id":"https:\/\/www.sebastien-auziere.fr\/blog\/#\/schema\/person\/149f1acdbfd85149c6c3e59adeae2f4d","name":"Chloe Gauthier","image":{"@type":"ImageObject","inLanguage":"fr-FR","@id":"https:\/\/secure.gravatar.com\/avatar\/2c5722f58171cff738a8985ef0dd66b476e563753246a49019befc837ec4201a?s=96&d=mm&r=g","url":"https:\/\/secure.gravatar.com\/avatar\/2c5722f58171cff738a8985ef0dd66b476e563753246a49019befc837ec4201a?s=96&d=mm&r=g","contentUrl":"https:\/\/secure.gravatar.com\/avatar\/2c5722f58171cff738a8985ef0dd66b476e563753246a49019befc837ec4201a?s=96&d=mm&r=g","caption":"Chloe Gauthier"},"description":"Passionn\u00e9e par la politique et admiratrice engag\u00e9e de la famille Macron, je consacre mon \u00e9nergie \u00e0 suivre leurs initiatives et \u00e0 promouvoir leurs id\u00e9es. \u00c0 32 ans, je suis convaincue que leur vision est porteuse d'avenir.","url":"https:\/\/www.sebastien-auziere.fr\/blog\/author\/chloe-gauthier\/"}]}},"views":1063,"_links":{"self":[{"href":"https:\/\/www.sebastien-auziere.fr\/blog\/wp-json\/wp\/v2\/posts\/2823","targetHints":{"allow":["GET"]}}],"collection":[{"href":"https:\/\/www.sebastien-auziere.fr\/blog\/wp-json\/wp\/v2\/posts"}],"about":[{"href":"https:\/\/www.sebastien-auziere.fr\/blog\/wp-json\/wp\/v2\/types\/post"}],"author":[{"embeddable":true,"href":"https:\/\/www.sebastien-auziere.fr\/blog\/wp-json\/wp\/v2\/users\/9"}],"replies":[{"embeddable":true,"href":"https:\/\/www.sebastien-auziere.fr\/blog\/wp-json\/wp\/v2\/comments?post=2823"}],"version-history":[{"count":0,"href":"https:\/\/www.sebastien-auziere.fr\/blog\/wp-json\/wp\/v2\/posts\/2823\/revisions"}],"wp:featuredmedia":[{"embeddable":true,"href":"https:\/\/www.sebastien-auziere.fr\/blog\/wp-json\/wp\/v2\/media\/2822"}],"wp:attachment":[{"href":"https:\/\/www.sebastien-auziere.fr\/blog\/wp-json\/wp\/v2\/media?parent=2823"}],"wp:term":[{"taxonomy":"category","embeddable":true,"href":"https:\/\/www.sebastien-auziere.fr\/blog\/wp-json\/wp\/v2\/categories?post=2823"},{"taxonomy":"post_tag","embeddable":true,"href":"https:\/\/www.sebastien-auziere.fr\/blog\/wp-json\/wp\/v2\/tags?post=2823"}],"curies":[{"name":"wp","href":"https:\/\/api.w.org\/{rel}","templated":true}]}}