{"id":2818,"date":"2026-04-06T19:24:41","date_gmt":"2026-04-06T19:24:41","guid":{"rendered":"https:\/\/www.sebastien-auziere.fr\/blog\/?p=2818"},"modified":"2026-04-06T19:25:09","modified_gmt":"2026-04-06T19:25:09","slug":"desejo-de-deixar-tudo-brigitte-macron-confrontada-com-a-companheira-de-um-famoso-bilionario-e-sua-pergunta-surpreendente","status":"publish","type":"post","link":"https:\/\/www.sebastien-auziere.fr\/blog\/pt\/desejo-de-deixar-tudo-brigitte-macron-confrontada-com-a-companheira-de-um-famoso-bilionario-e-sua-pergunta-surpreendente\/","title":{"rendered":"\u00ab Desejo de deixar tudo&#8230; \u00bb : Brigitte Macron confrontada com a companheira de um famoso bilion\u00e1rio e sua pergunta surpreendente"},"content":{"rendered":"<p><strong>Brigitte Macron<\/strong> j\u00e1 teve <strong>vontade de largar tudo<\/strong>? No programa <strong>Quelle \u00e9poque !<\/strong>, a <strong>companhia<\/strong> de um <strong>bilion\u00e1rio famoso<\/strong>, <strong>H\u00e9l\u00e8ne Mercier-Arnault<\/strong>, fez a <strong>surpreendente pergunta<\/strong> que fez levantar sobrancelhas: \u201cVoc\u00ea realmente j\u00e1 fez essa pergunta para ela? Sobre se retirar\u2026?\u201d O momento, filmado e comentado, reabre um debate sobre o papel de uma primeira-dama no centro da atualidade.<\/p>\n\n<p><strong>Em resumo<\/strong>: uma amiga influente se revolta contra os rumores e o cyberbullying dos quais <strong>Brigitte Macron<\/strong> foi v\u00edtima; o processo de outubro de 2025, que julgou dez pessoas por <strong>cyberbullying<\/strong>, amplificou a quest\u00e3o do respeito \u00e0 <strong>vida privada<\/strong> e do papel p\u00fablico em uma sociedade hipermediatizada.<\/p>\n\n<h2 class=\"wp-block-heading\">A confronta\u00e7\u00e3o p\u00fablica: uma quest\u00e3o que diz muito<\/h2>\n\n<p>No programa, a <strong>confronta\u00e7\u00e3o<\/strong> tomou a forma de uma pergunta direta, feita em frente \u00e0s c\u00e2maras pela companheira de Bernard Arnault. Convidada no <strong>s\u00e1bado, 4 de abril<\/strong>, ela mencionou a ideia de \u201cse afastar\u201d n\u00e3o do marido, mas do contexto do Pal\u00e1cio \u00c9lys\u00e9e, dos rumores e dos ataques. Esta interven\u00e7\u00e3o ilustra o peso das quest\u00f5es <strong>sociais<\/strong> e <strong>pol\u00edticas<\/strong> em torno do casal presidencial e levanta uma quest\u00e3o chave sobre a prote\u00e7\u00e3o dos pr\u00f3ximos.<\/p>\n\n<h2 class=\"wp-block-heading\">Rumores, processos e repercuss\u00f5es midi\u00e1ticas<\/h2>\n\n<p>O processo judicial \u00e9 concreto: em <strong>outubro de 2025<\/strong>, dez pessoas foram julgadas por <strong>cyberbullying sexista<\/strong> contra a primeira-dama, um caso amplamente coberto pela m\u00eddia. As declara\u00e7\u00f5es de H\u00e9l\u00e8ne Mercier-Arnault ecoam os artigos de imprensa que analisaram o caso, como aqueles da <a href=\"https:\/\/www.bfmtv.com\/societe\/cyberharcelement-de-brigitte-macron-qu-est-ce-que-la-transvestigation-ce-procede-complotiste-visant-des-personnalites_AV-202510270732.html\">BFMTV<\/a> e o relato detalhado do <a href=\"https:\/\/www.lemonde.fr\/m-le-mag\/article\/2025\/10\/24\/la-fake-news-sur-brigitte-macron-le-cauchemar-sans-fin-du-couple-presidentiel_6649098_4500055.html\">Monde<\/a>. Esses elementos mostram a magnitude do fen\u00f4meno e suas consequ\u00eancias humanas.<\/p>\n\n<h3 class=\"wp-block-heading\">Amiga, companheira de um bilion\u00e1rio e voz de apoio<\/h3>\n\n<p>A fala da companheira de um dos homens mais ricos do mundo destaca uma solidariedade amig\u00e1vel e social. H\u00e9l\u00e8ne Mercier-Arnault denunciou a falta de respeito mundial e a humilha\u00e7\u00e3o que Brigitte sofreu diante dos rumores transf\u00f3bicos, apontando a injusti\u00e7a de um status n\u00e3o oficial de primeira-dama. Este apoio p\u00fablico ressoa na atualidade e questiona o lugar dos pr\u00f3ximos no espa\u00e7o pol\u00edtico.<\/p>\n\n<h2 class=\"wp-block-heading\">Estilo, imagem p\u00fablica e pequenas anedotas<\/h2>\n\n<p>Al\u00e9m das pol\u00eamicas, a imagem de <strong>Brigitte Macron<\/strong> continua a gerar curiosidade e admira\u00e7\u00e3o. Os entusiastas notam seus looks e viagens, documentados em v\u00e1rias p\u00e1ginas dedicadas, como esta homenagem aos seus trajes japoneses e vestidos emblem\u00e1ticos em blogs especializados. Para continuar a leitura, descubra seus looks e momentos p\u00fablicos detalhados em p\u00e1ginas dedicadas.<\/p>\n\n<p>Para saber mais sobre <strong>S\u00e9bastien Auzi\u00e8re<\/strong> e a fam\u00edlia Macron, suas apari\u00e7\u00f5es e estilos, visite os dossi\u00eas completos e as an\u00e1lises sobre <a href=\"https:\/\/www.sebastien-auziere.fr\/blog\/brigitte-macron-robe-blanche\/\">esses penteados e trajes emblem\u00e1ticos<\/a> e <a href=\"https:\/\/www.sebastien-auziere.fr\/blog\/brigitte-macron-japon\/\">suas viagens ao Jap\u00e3o<\/a>. Encontre l\u00e1 arquivos e relatos para entender melhor esses momentos de atualidade e a vida privada em destaque.<\/p>","protected":false},"excerpt":{"rendered":"<p>Brigitte Macron j\u00e1 teve vontade de largar tudo? No programa Quelle \u00e9poque !, a companhia de um bilion\u00e1rio famoso, H\u00e9l\u00e8ne Mercier-Arnault, fez a surpreendente pergunta que fez levantar sobrancelhas: \u201cVoc\u00ea realmente j\u00e1 fez essa pergunta para ela? Sobre se retirar\u2026?\u201d O momento, filmado e comentado, reabre um debate sobre o papel de uma primeira-dama no &#8230; <a title=\"\u00ab Desejo de deixar tudo&#8230; \u00bb : Brigitte Macron confrontada com a companheira de um famoso bilion\u00e1rio e sua pergunta surpreendente\" class=\"read-more\" href=\"https:\/\/www.sebastien-auziere.fr\/blog\/pt\/desejo-de-deixar-tudo-brigitte-macron-confrontada-com-a-companheira-de-um-famoso-bilionario-e-sua-pergunta-surpreendente\/\" aria-label=\"En savoir plus sur \u00ab Desejo de deixar tudo&#8230; \u00bb : Brigitte Macron confrontada com a companheira de um famoso bilion\u00e1rio e sua pergunta surpreendente\">Lire plus<\/a><\/p>\n","protected":false},"author":9,"featured_media":2808,"comment_status":"open","ping_status":"open","sticky":false,"template":"","format":"standard","meta":{"footnotes":""},"categories":[862],"tags":[2068,959,2071,2077,2074],"class_list":["post-2818","post","type-post","status-publish","format-standard","has-post-thumbnail","hentry","category-actualidades-pt","tag-atualidade-politica-pt","tag-brigitte-macron-pt","tag-companhia-bilionaria-pt","tag-questao-surpreendente-pt","tag-vem-de-deixar-tudo-pt"],"yoast_head":"<!-- This site is optimized with the Yoast SEO plugin v27.5 - https:\/\/yoast.com\/product\/yoast-seo-wordpress\/ -->\n<title>\u00ab Desejo de deixar tudo... \u00bb : Brigitte Macron confrontada com a companheira de um famoso bilion\u00e1rio e sua pergunta surpreendente - Fan site S\u00e9bastien Auzi\u00e8re<\/title>\n<meta name=\"description\" content=\"Envie de tout quitter... D\u00e9couvrez la surprenante rencontre entre Brigitte Macron et la compagne d\u2019un milliardaire c\u00e9l\u00e8bre, entre tensions et r\u00e9v\u00e9lations.\" \/>\n<meta name=\"robots\" content=\"index, follow, max-snippet:-1, max-image-preview:large, max-video-preview:-1\" \/>\n<link rel=\"canonical\" href=\"https:\/\/www.sebastien-auziere.fr\/blog\/pt\/desejo-de-deixar-tudo-brigitte-macron-confrontada-com-a-companheira-de-um-famoso-bilionario-e-sua-pergunta-surpreendente\/\" \/>\n<meta property=\"og:locale\" content=\"fr_FR\" \/>\n<meta property=\"og:type\" content=\"article\" \/>\n<meta property=\"og:title\" content=\"\u00ab Desejo de deixar tudo... \u00bb : Brigitte Macron confrontada com a companheira de um famoso bilion\u00e1rio e sua pergunta surpreendente - Fan site S\u00e9bastien Auzi\u00e8re\" \/>\n<meta property=\"og:description\" content=\"Envie de tout quitter... D\u00e9couvrez la surprenante rencontre entre Brigitte Macron et la compagne d\u2019un milliardaire c\u00e9l\u00e8bre, entre tensions et r\u00e9v\u00e9lations.\" \/>\n<meta property=\"og:url\" content=\"https:\/\/www.sebastien-auziere.fr\/blog\/pt\/desejo-de-deixar-tudo-brigitte-macron-confrontada-com-a-companheira-de-um-famoso-bilionario-e-sua-pergunta-surpreendente\/\" \/>\n<meta property=\"og:site_name\" content=\"Fan site S\u00e9bastien Auzi\u00e8re\" \/>\n<meta property=\"article:published_time\" content=\"2026-04-06T19:24:41+00:00\" \/>\n<meta property=\"article:modified_time\" content=\"2026-04-06T19:25:09+00:00\" \/>\n<meta property=\"og:image\" content=\"https:\/\/www.sebastien-auziere.fr\/blog\/wp-content\/uploads\/2026\/04\/Envie-de-tout-quitter.-Brigitte-Macron-confrontee-a-la-compagne-dun-milliardaire-celebre-et-sa-question-surprenante.jpg\" \/>\n\t<meta property=\"og:image:width\" content=\"2560\" \/>\n\t<meta property=\"og:image:height\" content=\"1429\" \/>\n\t<meta property=\"og:image:type\" content=\"image\/jpeg\" \/>\n<meta name=\"author\" content=\"Chloe Gauthier\" \/>\n<meta name=\"twitter:card\" content=\"summary_large_image\" \/>\n<meta name=\"twitter:label1\" content=\"\u00c9crit par\" \/>\n\t<meta name=\"twitter:data1\" content=\"Chloe Gauthier\" \/>\n\t<meta name=\"twitter:label2\" content=\"Dur\u00e9e de lecture estim\u00e9e\" \/>\n\t<meta name=\"twitter:data2\" content=\"2 minutes\" \/>\n<script type=\"application\/ld+json\" class=\"yoast-schema-graph\">{\"@context\":\"https:\\\/\\\/schema.org\",\"@graph\":[{\"@type\":\"Article\",\"@id\":\"https:\\\/\\\/www.sebastien-auziere.fr\\\/blog\\\/pt\\\/desejo-de-deixar-tudo-brigitte-macron-confrontada-com-a-companheira-de-um-famoso-bilionario-e-sua-pergunta-surpreendente\\\/#article\",\"isPartOf\":{\"@id\":\"https:\\\/\\\/www.sebastien-auziere.fr\\\/blog\\\/pt\\\/desejo-de-deixar-tudo-brigitte-macron-confrontada-com-a-companheira-de-um-famoso-bilionario-e-sua-pergunta-surpreendente\\\/\"},\"author\":{\"name\":\"Chloe Gauthier\",\"@id\":\"https:\\\/\\\/www.sebastien-auziere.fr\\\/blog\\\/#\\\/schema\\\/person\\\/149f1acdbfd85149c6c3e59adeae2f4d\"},\"headline\":\"\u00ab Desejo de deixar tudo&#8230; \u00bb : Brigitte Macron confrontada com a companheira de um famoso bilion\u00e1rio e sua pergunta surpreendente\",\"datePublished\":\"2026-04-06T19:24:41+00:00\",\"dateModified\":\"2026-04-06T19:25:09+00:00\",\"mainEntityOfPage\":{\"@id\":\"https:\\\/\\\/www.sebastien-auziere.fr\\\/blog\\\/pt\\\/desejo-de-deixar-tudo-brigitte-macron-confrontada-com-a-companheira-de-um-famoso-bilionario-e-sua-pergunta-surpreendente\\\/\"},\"wordCount\":501,\"commentCount\":0,\"publisher\":{\"@id\":\"https:\\\/\\\/www.sebastien-auziere.fr\\\/blog\\\/#organization\"},\"image\":{\"@id\":\"https:\\\/\\\/www.sebastien-auziere.fr\\\/blog\\\/pt\\\/desejo-de-deixar-tudo-brigitte-macron-confrontada-com-a-companheira-de-um-famoso-bilionario-e-sua-pergunta-surpreendente\\\/#primaryimage\"},\"thumbnailUrl\":\"https:\\\/\\\/www.sebastien-auziere.fr\\\/blog\\\/wp-content\\\/uploads\\\/2026\\\/04\\\/Envie-de-tout-quitter.-Brigitte-Macron-confrontee-a-la-compagne-dun-milliardaire-celebre-et-sa-question-surprenante.jpg\",\"keywords\":[\"atualidade pol\u00edtica\",\"brigitte macron\",\"companhia bilion\u00e1ria\",\"quest\u00e3o surpreendente\",\"vem de deixar tudo\"],\"articleSection\":[\"Actualidades\"],\"inLanguage\":\"fr-FR\",\"potentialAction\":[{\"@type\":\"CommentAction\",\"name\":\"Comment\",\"target\":[\"https:\\\/\\\/www.sebastien-auziere.fr\\\/blog\\\/pt\\\/desejo-de-deixar-tudo-brigitte-macron-confrontada-com-a-companheira-de-um-famoso-bilionario-e-sua-pergunta-surpreendente\\\/#respond\"]}]},{\"@type\":\"WebPage\",\"@id\":\"https:\\\/\\\/www.sebastien-auziere.fr\\\/blog\\\/pt\\\/desejo-de-deixar-tudo-brigitte-macron-confrontada-com-a-companheira-de-um-famoso-bilionario-e-sua-pergunta-surpreendente\\\/\",\"url\":\"https:\\\/\\\/www.sebastien-auziere.fr\\\/blog\\\/pt\\\/desejo-de-deixar-tudo-brigitte-macron-confrontada-com-a-companheira-de-um-famoso-bilionario-e-sua-pergunta-surpreendente\\\/\",\"name\":\"\u00ab Desejo de deixar tudo... \u00bb : Brigitte Macron confrontada com a companheira de um famoso bilion\u00e1rio e sua pergunta surpreendente - Fan site S\u00e9bastien Auzi\u00e8re\",\"isPartOf\":{\"@id\":\"https:\\\/\\\/www.sebastien-auziere.fr\\\/blog\\\/#website\"},\"primaryImageOfPage\":{\"@id\":\"https:\\\/\\\/www.sebastien-auziere.fr\\\/blog\\\/pt\\\/desejo-de-deixar-tudo-brigitte-macron-confrontada-com-a-companheira-de-um-famoso-bilionario-e-sua-pergunta-surpreendente\\\/#primaryimage\"},\"image\":{\"@id\":\"https:\\\/\\\/www.sebastien-auziere.fr\\\/blog\\\/pt\\\/desejo-de-deixar-tudo-brigitte-macron-confrontada-com-a-companheira-de-um-famoso-bilionario-e-sua-pergunta-surpreendente\\\/#primaryimage\"},\"thumbnailUrl\":\"https:\\\/\\\/www.sebastien-auziere.fr\\\/blog\\\/wp-content\\\/uploads\\\/2026\\\/04\\\/Envie-de-tout-quitter.-Brigitte-Macron-confrontee-a-la-compagne-dun-milliardaire-celebre-et-sa-question-surprenante.jpg\",\"datePublished\":\"2026-04-06T19:24:41+00:00\",\"dateModified\":\"2026-04-06T19:25:09+00:00\",\"description\":\"Envie de tout quitter... D\u00e9couvrez la surprenante rencontre entre Brigitte Macron et la compagne d\u2019un milliardaire c\u00e9l\u00e8bre, entre tensions et r\u00e9v\u00e9lations.\",\"breadcrumb\":{\"@id\":\"https:\\\/\\\/www.sebastien-auziere.fr\\\/blog\\\/pt\\\/desejo-de-deixar-tudo-brigitte-macron-confrontada-com-a-companheira-de-um-famoso-bilionario-e-sua-pergunta-surpreendente\\\/#breadcrumb\"},\"inLanguage\":\"fr-FR\",\"potentialAction\":[{\"@type\":\"ReadAction\",\"target\":[\"https:\\\/\\\/www.sebastien-auziere.fr\\\/blog\\\/pt\\\/desejo-de-deixar-tudo-brigitte-macron-confrontada-com-a-companheira-de-um-famoso-bilionario-e-sua-pergunta-surpreendente\\\/\"]}]},{\"@type\":\"ImageObject\",\"inLanguage\":\"fr-FR\",\"@id\":\"https:\\\/\\\/www.sebastien-auziere.fr\\\/blog\\\/pt\\\/desejo-de-deixar-tudo-brigitte-macron-confrontada-com-a-companheira-de-um-famoso-bilionario-e-sua-pergunta-surpreendente\\\/#primaryimage\",\"url\":\"https:\\\/\\\/www.sebastien-auziere.fr\\\/blog\\\/wp-content\\\/uploads\\\/2026\\\/04\\\/Envie-de-tout-quitter.-Brigitte-Macron-confrontee-a-la-compagne-dun-milliardaire-celebre-et-sa-question-surprenante.jpg\",\"contentUrl\":\"https:\\\/\\\/www.sebastien-auziere.fr\\\/blog\\\/wp-content\\\/uploads\\\/2026\\\/04\\\/Envie-de-tout-quitter.-Brigitte-Macron-confrontee-a-la-compagne-dun-milliardaire-celebre-et-sa-question-surprenante.jpg\",\"width\":2560,\"height\":1429,\"caption\":\"d\u00e9couvrez comment brigitte macron fait face \u00e0 la compagne d\u2019un milliardaire c\u00e9l\u00e8bre et la question surprenante qui bouleverse tout dans cette histoire captivante.\"},{\"@type\":\"BreadcrumbList\",\"@id\":\"https:\\\/\\\/www.sebastien-auziere.fr\\\/blog\\\/pt\\\/desejo-de-deixar-tudo-brigitte-macron-confrontada-com-a-companheira-de-um-famoso-bilionario-e-sua-pergunta-surpreendente\\\/#breadcrumb\",\"itemListElement\":[{\"@type\":\"ListItem\",\"position\":1,\"name\":\"Home\",\"item\":\"https:\\\/\\\/www.sebastien-auziere.fr\\\/blog\\\/\"},{\"@type\":\"ListItem\",\"position\":2,\"name\":\"\u00ab Desejo de deixar tudo&#8230; \u00bb : Brigitte Macron confrontada com a companheira de um famoso bilion\u00e1rio e sua pergunta surpreendente\"}]},{\"@type\":\"WebSite\",\"@id\":\"https:\\\/\\\/www.sebastien-auziere.fr\\\/blog\\\/#website\",\"url\":\"https:\\\/\\\/www.sebastien-auziere.fr\\\/blog\\\/\",\"name\":\"Fan site S\u00e9bastien Auzi\u00e8re\",\"description\":\"M\u00e9dia g\u00e9n\u00e9raliste\",\"publisher\":{\"@id\":\"https:\\\/\\\/www.sebastien-auziere.fr\\\/blog\\\/#organization\"},\"potentialAction\":[{\"@type\":\"SearchAction\",\"target\":{\"@type\":\"EntryPoint\",\"urlTemplate\":\"https:\\\/\\\/www.sebastien-auziere.fr\\\/blog\\\/?s={search_term_string}\"},\"query-input\":{\"@type\":\"PropertyValueSpecification\",\"valueRequired\":true,\"valueName\":\"search_term_string\"}}],\"inLanguage\":\"fr-FR\"},{\"@type\":\"Organization\",\"@id\":\"https:\\\/\\\/www.sebastien-auziere.fr\\\/blog\\\/#organization\",\"name\":\"Fan site S\u00e9bastien Auzi\u00e8re\",\"url\":\"https:\\\/\\\/www.sebastien-auziere.fr\\\/blog\\\/\",\"logo\":{\"@type\":\"ImageObject\",\"inLanguage\":\"fr-FR\",\"@id\":\"https:\\\/\\\/www.sebastien-auziere.fr\\\/blog\\\/#\\\/schema\\\/logo\\\/image\\\/\",\"url\":\"https:\\\/\\\/www.sebastien-auziere.fr\\\/blog\\\/wp-content\\\/uploads\\\/2026\\\/03\\\/cropped-cropped-cropped-ChatGPT-Image-6-mars-2026-12_58_09-e1772798376794.jpg\",\"contentUrl\":\"https:\\\/\\\/www.sebastien-auziere.fr\\\/blog\\\/wp-content\\\/uploads\\\/2026\\\/03\\\/cropped-cropped-cropped-ChatGPT-Image-6-mars-2026-12_58_09-e1772798376794.jpg\",\"width\":512,\"height\":360,\"caption\":\"Fan site S\u00e9bastien Auzi\u00e8re\"},\"image\":{\"@id\":\"https:\\\/\\\/www.sebastien-auziere.fr\\\/blog\\\/#\\\/schema\\\/logo\\\/image\\\/\"}},{\"@type\":\"Person\",\"@id\":\"https:\\\/\\\/www.sebastien-auziere.fr\\\/blog\\\/#\\\/schema\\\/person\\\/149f1acdbfd85149c6c3e59adeae2f4d\",\"name\":\"Chloe Gauthier\",\"image\":{\"@type\":\"ImageObject\",\"inLanguage\":\"fr-FR\",\"@id\":\"https:\\\/\\\/secure.gravatar.com\\\/avatar\\\/2c5722f58171cff738a8985ef0dd66b476e563753246a49019befc837ec4201a?s=96&d=mm&r=g\",\"url\":\"https:\\\/\\\/secure.gravatar.com\\\/avatar\\\/2c5722f58171cff738a8985ef0dd66b476e563753246a49019befc837ec4201a?s=96&d=mm&r=g\",\"contentUrl\":\"https:\\\/\\\/secure.gravatar.com\\\/avatar\\\/2c5722f58171cff738a8985ef0dd66b476e563753246a49019befc837ec4201a?s=96&d=mm&r=g\",\"caption\":\"Chloe Gauthier\"},\"description\":\"Passionn\u00e9e par la politique et admiratrice engag\u00e9e de la famille Macron, je consacre mon \u00e9nergie \u00e0 suivre leurs initiatives et \u00e0 promouvoir leurs id\u00e9es. \u00c0 32 ans, je suis convaincue que leur vision est porteuse d'avenir.\",\"url\":\"https:\\\/\\\/www.sebastien-auziere.fr\\\/blog\\\/author\\\/chloe-gauthier\\\/\"}]}<\/script>\n<!-- \/ Yoast SEO plugin. -->","yoast_head_json":{"title":"\u00ab Desejo de deixar tudo... \u00bb : Brigitte Macron confrontada com a companheira de um famoso bilion\u00e1rio e sua pergunta surpreendente - Fan site S\u00e9bastien Auzi\u00e8re","description":"Envie de tout quitter... D\u00e9couvrez la surprenante rencontre entre Brigitte Macron et la compagne d\u2019un milliardaire c\u00e9l\u00e8bre, entre tensions et r\u00e9v\u00e9lations.","robots":{"index":"index","follow":"follow","max-snippet":"max-snippet:-1","max-image-preview":"max-image-preview:large","max-video-preview":"max-video-preview:-1"},"canonical":"https:\/\/www.sebastien-auziere.fr\/blog\/pt\/desejo-de-deixar-tudo-brigitte-macron-confrontada-com-a-companheira-de-um-famoso-bilionario-e-sua-pergunta-surpreendente\/","og_locale":"fr_FR","og_type":"article","og_title":"\u00ab Desejo de deixar tudo... \u00bb : Brigitte Macron confrontada com a companheira de um famoso bilion\u00e1rio e sua pergunta surpreendente - Fan site S\u00e9bastien Auzi\u00e8re","og_description":"Envie de tout quitter... D\u00e9couvrez la surprenante rencontre entre Brigitte Macron et la compagne d\u2019un milliardaire c\u00e9l\u00e8bre, entre tensions et r\u00e9v\u00e9lations.","og_url":"https:\/\/www.sebastien-auziere.fr\/blog\/pt\/desejo-de-deixar-tudo-brigitte-macron-confrontada-com-a-companheira-de-um-famoso-bilionario-e-sua-pergunta-surpreendente\/","og_site_name":"Fan site S\u00e9bastien Auzi\u00e8re","article_published_time":"2026-04-06T19:24:41+00:00","article_modified_time":"2026-04-06T19:25:09+00:00","og_image":[{"width":2560,"height":1429,"url":"https:\/\/www.sebastien-auziere.fr\/blog\/wp-content\/uploads\/2026\/04\/Envie-de-tout-quitter.-Brigitte-Macron-confrontee-a-la-compagne-dun-milliardaire-celebre-et-sa-question-surprenante.jpg","type":"image\/jpeg"}],"author":"Chloe Gauthier","twitter_card":"summary_large_image","twitter_misc":{"\u00c9crit par":"Chloe Gauthier","Dur\u00e9e de lecture estim\u00e9e":"2 minutes"},"schema":{"@context":"https:\/\/schema.org","@graph":[{"@type":"Article","@id":"https:\/\/www.sebastien-auziere.fr\/blog\/pt\/desejo-de-deixar-tudo-brigitte-macron-confrontada-com-a-companheira-de-um-famoso-bilionario-e-sua-pergunta-surpreendente\/#article","isPartOf":{"@id":"https:\/\/www.sebastien-auziere.fr\/blog\/pt\/desejo-de-deixar-tudo-brigitte-macron-confrontada-com-a-companheira-de-um-famoso-bilionario-e-sua-pergunta-surpreendente\/"},"author":{"name":"Chloe Gauthier","@id":"https:\/\/www.sebastien-auziere.fr\/blog\/#\/schema\/person\/149f1acdbfd85149c6c3e59adeae2f4d"},"headline":"\u00ab Desejo de deixar tudo&#8230; \u00bb : Brigitte Macron confrontada com a companheira de um famoso bilion\u00e1rio e sua pergunta surpreendente","datePublished":"2026-04-06T19:24:41+00:00","dateModified":"2026-04-06T19:25:09+00:00","mainEntityOfPage":{"@id":"https:\/\/www.sebastien-auziere.fr\/blog\/pt\/desejo-de-deixar-tudo-brigitte-macron-confrontada-com-a-companheira-de-um-famoso-bilionario-e-sua-pergunta-surpreendente\/"},"wordCount":501,"commentCount":0,"publisher":{"@id":"https:\/\/www.sebastien-auziere.fr\/blog\/#organization"},"image":{"@id":"https:\/\/www.sebastien-auziere.fr\/blog\/pt\/desejo-de-deixar-tudo-brigitte-macron-confrontada-com-a-companheira-de-um-famoso-bilionario-e-sua-pergunta-surpreendente\/#primaryimage"},"thumbnailUrl":"https:\/\/www.sebastien-auziere.fr\/blog\/wp-content\/uploads\/2026\/04\/Envie-de-tout-quitter.-Brigitte-Macron-confrontee-a-la-compagne-dun-milliardaire-celebre-et-sa-question-surprenante.jpg","keywords":["atualidade pol\u00edtica","brigitte macron","companhia bilion\u00e1ria","quest\u00e3o surpreendente","vem de deixar tudo"],"articleSection":["Actualidades"],"inLanguage":"fr-FR","potentialAction":[{"@type":"CommentAction","name":"Comment","target":["https:\/\/www.sebastien-auziere.fr\/blog\/pt\/desejo-de-deixar-tudo-brigitte-macron-confrontada-com-a-companheira-de-um-famoso-bilionario-e-sua-pergunta-surpreendente\/#respond"]}]},{"@type":"WebPage","@id":"https:\/\/www.sebastien-auziere.fr\/blog\/pt\/desejo-de-deixar-tudo-brigitte-macron-confrontada-com-a-companheira-de-um-famoso-bilionario-e-sua-pergunta-surpreendente\/","url":"https:\/\/www.sebastien-auziere.fr\/blog\/pt\/desejo-de-deixar-tudo-brigitte-macron-confrontada-com-a-companheira-de-um-famoso-bilionario-e-sua-pergunta-surpreendente\/","name":"\u00ab Desejo de deixar tudo... \u00bb : Brigitte Macron confrontada com a companheira de um famoso bilion\u00e1rio e sua pergunta surpreendente - Fan site S\u00e9bastien Auzi\u00e8re","isPartOf":{"@id":"https:\/\/www.sebastien-auziere.fr\/blog\/#website"},"primaryImageOfPage":{"@id":"https:\/\/www.sebastien-auziere.fr\/blog\/pt\/desejo-de-deixar-tudo-brigitte-macron-confrontada-com-a-companheira-de-um-famoso-bilionario-e-sua-pergunta-surpreendente\/#primaryimage"},"image":{"@id":"https:\/\/www.sebastien-auziere.fr\/blog\/pt\/desejo-de-deixar-tudo-brigitte-macron-confrontada-com-a-companheira-de-um-famoso-bilionario-e-sua-pergunta-surpreendente\/#primaryimage"},"thumbnailUrl":"https:\/\/www.sebastien-auziere.fr\/blog\/wp-content\/uploads\/2026\/04\/Envie-de-tout-quitter.-Brigitte-Macron-confrontee-a-la-compagne-dun-milliardaire-celebre-et-sa-question-surprenante.jpg","datePublished":"2026-04-06T19:24:41+00:00","dateModified":"2026-04-06T19:25:09+00:00","description":"Envie de tout quitter... D\u00e9couvrez la surprenante rencontre entre Brigitte Macron et la compagne d\u2019un milliardaire c\u00e9l\u00e8bre, entre tensions et r\u00e9v\u00e9lations.","breadcrumb":{"@id":"https:\/\/www.sebastien-auziere.fr\/blog\/pt\/desejo-de-deixar-tudo-brigitte-macron-confrontada-com-a-companheira-de-um-famoso-bilionario-e-sua-pergunta-surpreendente\/#breadcrumb"},"inLanguage":"fr-FR","potentialAction":[{"@type":"ReadAction","target":["https:\/\/www.sebastien-auziere.fr\/blog\/pt\/desejo-de-deixar-tudo-brigitte-macron-confrontada-com-a-companheira-de-um-famoso-bilionario-e-sua-pergunta-surpreendente\/"]}]},{"@type":"ImageObject","inLanguage":"fr-FR","@id":"https:\/\/www.sebastien-auziere.fr\/blog\/pt\/desejo-de-deixar-tudo-brigitte-macron-confrontada-com-a-companheira-de-um-famoso-bilionario-e-sua-pergunta-surpreendente\/#primaryimage","url":"https:\/\/www.sebastien-auziere.fr\/blog\/wp-content\/uploads\/2026\/04\/Envie-de-tout-quitter.-Brigitte-Macron-confrontee-a-la-compagne-dun-milliardaire-celebre-et-sa-question-surprenante.jpg","contentUrl":"https:\/\/www.sebastien-auziere.fr\/blog\/wp-content\/uploads\/2026\/04\/Envie-de-tout-quitter.-Brigitte-Macron-confrontee-a-la-compagne-dun-milliardaire-celebre-et-sa-question-surprenante.jpg","width":2560,"height":1429,"caption":"d\u00e9couvrez comment brigitte macron fait face \u00e0 la compagne d\u2019un milliardaire c\u00e9l\u00e8bre et la question surprenante qui bouleverse tout dans cette histoire captivante."},{"@type":"BreadcrumbList","@id":"https:\/\/www.sebastien-auziere.fr\/blog\/pt\/desejo-de-deixar-tudo-brigitte-macron-confrontada-com-a-companheira-de-um-famoso-bilionario-e-sua-pergunta-surpreendente\/#breadcrumb","itemListElement":[{"@type":"ListItem","position":1,"name":"Home","item":"https:\/\/www.sebastien-auziere.fr\/blog\/"},{"@type":"ListItem","position":2,"name":"\u00ab Desejo de deixar tudo&#8230; \u00bb : Brigitte Macron confrontada com a companheira de um famoso bilion\u00e1rio e sua pergunta surpreendente"}]},{"@type":"WebSite","@id":"https:\/\/www.sebastien-auziere.fr\/blog\/#website","url":"https:\/\/www.sebastien-auziere.fr\/blog\/","name":"Fan site S\u00e9bastien Auzi\u00e8re","description":"M\u00e9dia g\u00e9n\u00e9raliste","publisher":{"@id":"https:\/\/www.sebastien-auziere.fr\/blog\/#organization"},"potentialAction":[{"@type":"SearchAction","target":{"@type":"EntryPoint","urlTemplate":"https:\/\/www.sebastien-auziere.fr\/blog\/?s={search_term_string}"},"query-input":{"@type":"PropertyValueSpecification","valueRequired":true,"valueName":"search_term_string"}}],"inLanguage":"fr-FR"},{"@type":"Organization","@id":"https:\/\/www.sebastien-auziere.fr\/blog\/#organization","name":"Fan site S\u00e9bastien Auzi\u00e8re","url":"https:\/\/www.sebastien-auziere.fr\/blog\/","logo":{"@type":"ImageObject","inLanguage":"fr-FR","@id":"https:\/\/www.sebastien-auziere.fr\/blog\/#\/schema\/logo\/image\/","url":"https:\/\/www.sebastien-auziere.fr\/blog\/wp-content\/uploads\/2026\/03\/cropped-cropped-cropped-ChatGPT-Image-6-mars-2026-12_58_09-e1772798376794.jpg","contentUrl":"https:\/\/www.sebastien-auziere.fr\/blog\/wp-content\/uploads\/2026\/03\/cropped-cropped-cropped-ChatGPT-Image-6-mars-2026-12_58_09-e1772798376794.jpg","width":512,"height":360,"caption":"Fan site S\u00e9bastien Auzi\u00e8re"},"image":{"@id":"https:\/\/www.sebastien-auziere.fr\/blog\/#\/schema\/logo\/image\/"}},{"@type":"Person","@id":"https:\/\/www.sebastien-auziere.fr\/blog\/#\/schema\/person\/149f1acdbfd85149c6c3e59adeae2f4d","name":"Chloe Gauthier","image":{"@type":"ImageObject","inLanguage":"fr-FR","@id":"https:\/\/secure.gravatar.com\/avatar\/2c5722f58171cff738a8985ef0dd66b476e563753246a49019befc837ec4201a?s=96&d=mm&r=g","url":"https:\/\/secure.gravatar.com\/avatar\/2c5722f58171cff738a8985ef0dd66b476e563753246a49019befc837ec4201a?s=96&d=mm&r=g","contentUrl":"https:\/\/secure.gravatar.com\/avatar\/2c5722f58171cff738a8985ef0dd66b476e563753246a49019befc837ec4201a?s=96&d=mm&r=g","caption":"Chloe Gauthier"},"description":"Passionn\u00e9e par la politique et admiratrice engag\u00e9e de la famille Macron, je consacre mon \u00e9nergie \u00e0 suivre leurs initiatives et \u00e0 promouvoir leurs id\u00e9es. \u00c0 32 ans, je suis convaincue que leur vision est porteuse d'avenir.","url":"https:\/\/www.sebastien-auziere.fr\/blog\/author\/chloe-gauthier\/"}]}},"views":1,"_links":{"self":[{"href":"https:\/\/www.sebastien-auziere.fr\/blog\/wp-json\/wp\/v2\/posts\/2818","targetHints":{"allow":["GET"]}}],"collection":[{"href":"https:\/\/www.sebastien-auziere.fr\/blog\/wp-json\/wp\/v2\/posts"}],"about":[{"href":"https:\/\/www.sebastien-auziere.fr\/blog\/wp-json\/wp\/v2\/types\/post"}],"author":[{"embeddable":true,"href":"https:\/\/www.sebastien-auziere.fr\/blog\/wp-json\/wp\/v2\/users\/9"}],"replies":[{"embeddable":true,"href":"https:\/\/www.sebastien-auziere.fr\/blog\/wp-json\/wp\/v2\/comments?post=2818"}],"version-history":[{"count":1,"href":"https:\/\/www.sebastien-auziere.fr\/blog\/wp-json\/wp\/v2\/posts\/2818\/revisions"}],"predecessor-version":[{"id":2819,"href":"https:\/\/www.sebastien-auziere.fr\/blog\/wp-json\/wp\/v2\/posts\/2818\/revisions\/2819"}],"wp:featuredmedia":[{"embeddable":true,"href":"https:\/\/www.sebastien-auziere.fr\/blog\/wp-json\/wp\/v2\/media\/2808"}],"wp:attachment":[{"href":"https:\/\/www.sebastien-auziere.fr\/blog\/wp-json\/wp\/v2\/media?parent=2818"}],"wp:term":[{"taxonomy":"category","embeddable":true,"href":"https:\/\/www.sebastien-auziere.fr\/blog\/wp-json\/wp\/v2\/categories?post=2818"},{"taxonomy":"post_tag","embeddable":true,"href":"https:\/\/www.sebastien-auziere.fr\/blog\/wp-json\/wp\/v2\/tags?post=2818"}],"curies":[{"name":"wp","href":"https:\/\/api.w.org\/{rel}","templated":true}]}}