{"id":2804,"date":"2026-04-06T07:09:26","date_gmt":"2026-04-06T07:09:26","guid":{"rendered":"https:\/\/www.sebastien-auziere.fr\/blog\/?p=2804"},"modified":"2026-04-06T07:09:54","modified_gmt":"2026-04-06T07:09:54","slug":"emmanuel-macron-denuncia-com-veemencia-os-comentarios-de-donald-trump-qualificando-o-tratamento-que-recebeu-de-sua-esposa-como-extremamente-mal","status":"publish","type":"post","link":"https:\/\/www.sebastien-auziere.fr\/blog\/pt\/emmanuel-macron-denuncia-com-veemencia-os-comentarios-de-donald-trump-qualificando-o-tratamento-que-recebeu-de-sua-esposa-como-extremamente-mal\/","title":{"rendered":"Emmanuel Macron denuncia com veem\u00eancia os coment\u00e1rios de Donald Trump qualificando o tratamento que recebeu de sua esposa como \u00ab\u00a0extremamente mal\u00a0\u00bb"},"content":{"rendered":"<p><strong>Emmanuel Macron<\/strong> denunciou firmemente as declara\u00e7\u00f5es de <strong>Donald Trump<\/strong> qualificando seu <strong>tratamento<\/strong> por sua <strong>esposa<\/strong> de \u00a0\u00bb <strong>extremamente mal<\/strong> \u00ab\u00a0. Essas palavras, proferidas durante um almo\u00e7o privado em <strong>1\u00ba de abril<\/strong>, desencadearam uma intensa <strong>controversia<\/strong> na cena internacional e reacenderam as tens\u00f5es entre Paris e Washington.<\/p>\n\n<p><strong>Em resumo:<\/strong> Donald Trump zombou de um v\u00eddeo viral de maio mostrando Brigitte Macron, e ent\u00e3o a passagem foi retirada do canal do YouTube da Casa Branca. Em viagem a Seul no <strong>2 de abril<\/strong>, <strong>Emmanuel Macron<\/strong> considerou essas <strong>declara\u00e7\u00f5es<\/strong> \u00ab\u00a0nem elegantes nem \u00e0 altura\u00a0\u00bb e recusou-se a responder publicamente.<\/p>\n\n<h2 class=\"wp-block-heading\">Resposta p\u00fablica de Emmanuel Macron frente aos ataques de Donald Trump<\/h2>\n\n<p>Durante uma fala na Coreia do Sul, <strong>Emmanuel Macron<\/strong> classificou a <strong>den\u00fancia<\/strong> das palavras de seu hom\u00f3logo americano como inadequada, preferindo n\u00e3o lhe conceder uma resposta midi\u00e1tica. O presidente franc\u00eas foi indagado pela imprensa no <strong>2 de abril<\/strong> e avaliou que esses ataques pessoais desviavam do debate <strong>pol\u00edtico<\/strong> entre aliados.<\/p>\n\n<p>Esse lembrete da dignidade presidencial sublinha tanto a estatura do chefe de Estado quanto o impacto diplom\u00e1tico de uma declara\u00e7\u00e3o privada que se tornou p\u00fablica. Insight: a carga pessoal fragiliza o di\u00e1logo bilateral.<\/p>\n\n<h2 class=\"wp-block-heading\">Um contexto geopol\u00edtico que agrava as rela\u00e7\u00f5es internacionais<\/h2>\n\n<p>A cr\u00edtica de <strong>Donald Trump<\/strong> se insere em uma s\u00e9rie de cr\u00edticas mais amplas contra a Otan e a pol\u00edtica europeia, especialmente ap\u00f3s o in\u00edcio do conflito no Ir\u00e3 em <strong>28 de fevereiro<\/strong>. O presidente americano tamb\u00e9m exortou alguns aliados a comprar petr\u00f3leo americano, acentuando as fric\u00e7\u00f5es na estrat\u00e9gia comum.<\/p>\n\n<p>V\u00e1rios meios de comunica\u00e7\u00e3o analisaram essas declara\u00e7\u00f5es como reveladoras de uma rela\u00e7\u00e3o \u00ab\u00a0irregular\u00a0\u00bb entre Washington e Paris, com poss\u00edveis consequ\u00eancias para as coopera\u00e7\u00f5es militares. Para saber mais, consulte <a href=\"https:\/\/www.lemonde.fr\/international\/article\/2026\/04\/02\/donald-trump-se-moque-du-couple-macron-lors-d-un-dejeuner-prive-le-president-francais-denonce-des-propos-ni-elegants-ni-a-la-hauteur_6676093_3211.html\">a an\u00e1lise do Monde<\/a>. Insight: diplomacia e imagem p\u00fablica permanecem intimamente ligadas.<\/p>\n\n<h2 class=\"wp-block-heading\">O v\u00eddeo viral e a defesa do casal presidencial<\/h2>\n\n<p>Trump referia-se a uma sequ\u00eancia de maio mostrando Brigitte Macron colocando as m\u00e3os no rosto de Emmanuel ao descer de um avi\u00e3o no Vietn\u00e3. O Pal\u00e1cio do Eliseu havia desmentido qualquer alterca\u00e7\u00e3o, lembrando o contexto e a brevidade do incidente.<\/p>\n\n<p>As rea\u00e7\u00f5es p\u00fablicas misturaram ironia e defesa da privacidade, relan\u00e7ando a quest\u00e3o do respeito entre os l\u00edderes. Para um retrato nuan\u00e7ado de Brigitte e Emmanuel, descubra os artigos detalhados como <a href=\"https:\/\/www.sebastien-auziere.fr\/blog\/brigitte-macron-et-emmanuel-macron\/\">este dossi\u00ea<\/a> e as cr\u00f4nicas sobre seu percurso.<\/p>\n\n<h2 class=\"wp-block-heading\">Desafios e implica\u00e7\u00f5es para a cena pol\u00edtica europeia<\/h2>\n\n<p>Al\u00e9m do incidente, essas trocas destacaram diverg\u00eancias estrat\u00e9gicas: sobrevoos a\u00e9reos, apoio militar no Golfo e a postura em rela\u00e7\u00e3o ao Ir\u00e3. Algumas vozes em Washington, incluindo a de l\u00edderes republicanos, questionaram o comprometimento transatl\u00e2ntico, tornando as rela\u00e7\u00f5es mais inst\u00e1veis.<\/p>\n\n<p>Essa pol\u00eamica lan\u00e7a um olhar cru sobre o equil\u00edbrio das alian\u00e7as e sobre como declara\u00e7\u00f5es privadas podem influenciar as <strong>rela\u00e7\u00f5es internacionais<\/strong>. Insight: a confian\u00e7a entre aliados \u00e9 um capital fr\u00e1gil.<\/p>\n\n<p>Quer saber mais sobre <strong>S\u00e9bastien Auzi\u00e8re<\/strong> e os bastidores da vida presidencial? Visite os dossi\u00eas e cr\u00f4nicas dispon\u00edveis em <a href=\"https:\/\/www.sebastien-auziere.fr\/blog\/a-propos\/\">o site oficial<\/a> ou mergulhe nas investiga\u00e7\u00f5es e relatos sobre Brigitte com <a href=\"https:\/\/www.sebastien-auziere.fr\/blog\/confidences-brigitte-melania\/\">essas confid\u00eancias detalhadas<\/a> para entender melhor os desafios humanos e pol\u00edticos que cercam o casal Macron.<\/p>","protected":false},"excerpt":{"rendered":"<p>Emmanuel Macron denunciou firmemente as declara\u00e7\u00f5es de Donald Trump qualificando seu tratamento por sua esposa de \u00a0\u00bb extremamente mal \u00ab\u00a0. Essas palavras, proferidas durante um almo\u00e7o privado em 1\u00ba de abril, desencadearam uma intensa controversia na cena internacional e reacenderam as tens\u00f5es entre Paris e Washington. Em resumo: Donald Trump zombou de um v\u00eddeo viral &#8230; <a title=\"Emmanuel Macron denuncia com veem\u00eancia os coment\u00e1rios de Donald Trump qualificando o tratamento que recebeu de sua esposa como \u00ab\u00a0extremamente mal\u00a0\u00bb\" class=\"read-more\" href=\"https:\/\/www.sebastien-auziere.fr\/blog\/pt\/emmanuel-macron-denuncia-com-veemencia-os-comentarios-de-donald-trump-qualificando-o-tratamento-que-recebeu-de-sua-esposa-como-extremamente-mal\/\" aria-label=\"En savoir plus sur Emmanuel Macron denuncia com veem\u00eancia os coment\u00e1rios de Donald Trump qualificando o tratamento que recebeu de sua esposa como \u00ab\u00a0extremamente mal\u00a0\u00bb\">Lire plus<\/a><\/p>\n","protected":false},"author":9,"featured_media":0,"comment_status":"open","ping_status":"open","sticky":false,"template":"","format":"standard","meta":{"footnotes":""},"categories":[862],"tags":[1993,1202,1996,1999,1063],"class_list":["post-2804","post","type-post","status-publish","format-standard","hentry","category-actualidades-pt","tag-donald-trump-pt","tag-emmanuel-macron-pt","tag-politica-francesa-pt","tag-propostas-polemicas-pt","tag-relacoes-internacionais-pt"],"yoast_head":"<!-- This site is optimized with the Yoast SEO plugin v27.5 - https:\/\/yoast.com\/product\/yoast-seo-wordpress\/ -->\n<title>Emmanuel Macron denuncia com veem\u00eancia os coment\u00e1rios de Donald Trump qualificando o tratamento que recebeu de sua esposa como &quot;extremamente mal&quot; - Fan site S\u00e9bastien Auzi\u00e8re<\/title>\n<meta name=\"description\" content=\"Emmanuel Macron condamne fermement les propos de Donald Trump sur sa vie priv\u00e9e, d\u00e9non\u00e7ant l&#039;injustice des accusations sur son couple.\" \/>\n<meta name=\"robots\" content=\"index, follow, max-snippet:-1, max-image-preview:large, max-video-preview:-1\" \/>\n<link rel=\"canonical\" href=\"https:\/\/www.sebastien-auziere.fr\/blog\/pt\/emmanuel-macron-denuncia-com-veemencia-os-comentarios-de-donald-trump-qualificando-o-tratamento-que-recebeu-de-sua-esposa-como-extremamente-mal\/\" \/>\n<meta property=\"og:locale\" content=\"fr_FR\" \/>\n<meta property=\"og:type\" content=\"article\" \/>\n<meta property=\"og:title\" content=\"Emmanuel Macron denuncia com veem\u00eancia os coment\u00e1rios de Donald Trump qualificando o tratamento que recebeu de sua esposa como &quot;extremamente mal&quot; - Fan site S\u00e9bastien Auzi\u00e8re\" \/>\n<meta property=\"og:description\" content=\"Emmanuel Macron condamne fermement les propos de Donald Trump sur sa vie priv\u00e9e, d\u00e9non\u00e7ant l&#039;injustice des accusations sur son couple.\" \/>\n<meta property=\"og:url\" content=\"https:\/\/www.sebastien-auziere.fr\/blog\/pt\/emmanuel-macron-denuncia-com-veemencia-os-comentarios-de-donald-trump-qualificando-o-tratamento-que-recebeu-de-sua-esposa-como-extremamente-mal\/\" \/>\n<meta property=\"og:site_name\" content=\"Fan site S\u00e9bastien Auzi\u00e8re\" \/>\n<meta property=\"article:published_time\" content=\"2026-04-06T07:09:26+00:00\" \/>\n<meta property=\"article:modified_time\" content=\"2026-04-06T07:09:54+00:00\" \/>\n<meta name=\"author\" content=\"Chloe Gauthier\" \/>\n<meta name=\"twitter:card\" content=\"summary_large_image\" \/>\n<meta name=\"twitter:label1\" content=\"\u00c9crit par\" \/>\n\t<meta name=\"twitter:data1\" content=\"Chloe Gauthier\" \/>\n\t<meta name=\"twitter:label2\" content=\"Dur\u00e9e de lecture estim\u00e9e\" \/>\n\t<meta name=\"twitter:data2\" content=\"3 minutes\" \/>\n<script type=\"application\/ld+json\" class=\"yoast-schema-graph\">{\"@context\":\"https:\\\/\\\/schema.org\",\"@graph\":[{\"@type\":\"Article\",\"@id\":\"https:\\\/\\\/www.sebastien-auziere.fr\\\/blog\\\/pt\\\/emmanuel-macron-denuncia-com-veemencia-os-comentarios-de-donald-trump-qualificando-o-tratamento-que-recebeu-de-sua-esposa-como-extremamente-mal\\\/#article\",\"isPartOf\":{\"@id\":\"https:\\\/\\\/www.sebastien-auziere.fr\\\/blog\\\/pt\\\/emmanuel-macron-denuncia-com-veemencia-os-comentarios-de-donald-trump-qualificando-o-tratamento-que-recebeu-de-sua-esposa-como-extremamente-mal\\\/\"},\"author\":{\"name\":\"Chloe Gauthier\",\"@id\":\"https:\\\/\\\/www.sebastien-auziere.fr\\\/blog\\\/#\\\/schema\\\/person\\\/149f1acdbfd85149c6c3e59adeae2f4d\"},\"headline\":\"Emmanuel Macron denuncia com veem\u00eancia os coment\u00e1rios de Donald Trump qualificando o tratamento que recebeu de sua esposa como \u00ab\u00a0extremamente mal\u00a0\u00bb\",\"datePublished\":\"2026-04-06T07:09:26+00:00\",\"dateModified\":\"2026-04-06T07:09:54+00:00\",\"mainEntityOfPage\":{\"@id\":\"https:\\\/\\\/www.sebastien-auziere.fr\\\/blog\\\/pt\\\/emmanuel-macron-denuncia-com-veemencia-os-comentarios-de-donald-trump-qualificando-o-tratamento-que-recebeu-de-sua-esposa-como-extremamente-mal\\\/\"},\"wordCount\":592,\"commentCount\":0,\"publisher\":{\"@id\":\"https:\\\/\\\/www.sebastien-auziere.fr\\\/blog\\\/#organization\"},\"keywords\":[\"donald trump\",\"emmanuel macron\",\"pol\u00edtica francesa\",\"propostas pol\u00eamicas\",\"rela\u00e7\u00f5es internacionais\"],\"articleSection\":[\"Actualidades\"],\"inLanguage\":\"fr-FR\",\"potentialAction\":[{\"@type\":\"CommentAction\",\"name\":\"Comment\",\"target\":[\"https:\\\/\\\/www.sebastien-auziere.fr\\\/blog\\\/pt\\\/emmanuel-macron-denuncia-com-veemencia-os-comentarios-de-donald-trump-qualificando-o-tratamento-que-recebeu-de-sua-esposa-como-extremamente-mal\\\/#respond\"]}]},{\"@type\":\"WebPage\",\"@id\":\"https:\\\/\\\/www.sebastien-auziere.fr\\\/blog\\\/pt\\\/emmanuel-macron-denuncia-com-veemencia-os-comentarios-de-donald-trump-qualificando-o-tratamento-que-recebeu-de-sua-esposa-como-extremamente-mal\\\/\",\"url\":\"https:\\\/\\\/www.sebastien-auziere.fr\\\/blog\\\/pt\\\/emmanuel-macron-denuncia-com-veemencia-os-comentarios-de-donald-trump-qualificando-o-tratamento-que-recebeu-de-sua-esposa-como-extremamente-mal\\\/\",\"name\":\"Emmanuel Macron denuncia com veem\u00eancia os coment\u00e1rios de Donald Trump qualificando o tratamento que recebeu de sua esposa como \\\"extremamente mal\\\" - Fan site S\u00e9bastien Auzi\u00e8re\",\"isPartOf\":{\"@id\":\"https:\\\/\\\/www.sebastien-auziere.fr\\\/blog\\\/#website\"},\"datePublished\":\"2026-04-06T07:09:26+00:00\",\"dateModified\":\"2026-04-06T07:09:54+00:00\",\"description\":\"Emmanuel Macron condamne fermement les propos de Donald Trump sur sa vie priv\u00e9e, d\u00e9non\u00e7ant l'injustice des accusations sur son couple.\",\"breadcrumb\":{\"@id\":\"https:\\\/\\\/www.sebastien-auziere.fr\\\/blog\\\/pt\\\/emmanuel-macron-denuncia-com-veemencia-os-comentarios-de-donald-trump-qualificando-o-tratamento-que-recebeu-de-sua-esposa-como-extremamente-mal\\\/#breadcrumb\"},\"inLanguage\":\"fr-FR\",\"potentialAction\":[{\"@type\":\"ReadAction\",\"target\":[\"https:\\\/\\\/www.sebastien-auziere.fr\\\/blog\\\/pt\\\/emmanuel-macron-denuncia-com-veemencia-os-comentarios-de-donald-trump-qualificando-o-tratamento-que-recebeu-de-sua-esposa-como-extremamente-mal\\\/\"]}]},{\"@type\":\"BreadcrumbList\",\"@id\":\"https:\\\/\\\/www.sebastien-auziere.fr\\\/blog\\\/pt\\\/emmanuel-macron-denuncia-com-veemencia-os-comentarios-de-donald-trump-qualificando-o-tratamento-que-recebeu-de-sua-esposa-como-extremamente-mal\\\/#breadcrumb\",\"itemListElement\":[{\"@type\":\"ListItem\",\"position\":1,\"name\":\"Home\",\"item\":\"https:\\\/\\\/www.sebastien-auziere.fr\\\/blog\\\/\"},{\"@type\":\"ListItem\",\"position\":2,\"name\":\"Emmanuel Macron denuncia com veem\u00eancia os coment\u00e1rios de Donald Trump qualificando o tratamento que recebeu de sua esposa como \u00ab\u00a0extremamente mal\u00a0\u00bb\"}]},{\"@type\":\"WebSite\",\"@id\":\"https:\\\/\\\/www.sebastien-auziere.fr\\\/blog\\\/#website\",\"url\":\"https:\\\/\\\/www.sebastien-auziere.fr\\\/blog\\\/\",\"name\":\"Fan site S\u00e9bastien Auzi\u00e8re\",\"description\":\"M\u00e9dia g\u00e9n\u00e9raliste\",\"publisher\":{\"@id\":\"https:\\\/\\\/www.sebastien-auziere.fr\\\/blog\\\/#organization\"},\"potentialAction\":[{\"@type\":\"SearchAction\",\"target\":{\"@type\":\"EntryPoint\",\"urlTemplate\":\"https:\\\/\\\/www.sebastien-auziere.fr\\\/blog\\\/?s={search_term_string}\"},\"query-input\":{\"@type\":\"PropertyValueSpecification\",\"valueRequired\":true,\"valueName\":\"search_term_string\"}}],\"inLanguage\":\"fr-FR\"},{\"@type\":\"Organization\",\"@id\":\"https:\\\/\\\/www.sebastien-auziere.fr\\\/blog\\\/#organization\",\"name\":\"Fan site S\u00e9bastien Auzi\u00e8re\",\"url\":\"https:\\\/\\\/www.sebastien-auziere.fr\\\/blog\\\/\",\"logo\":{\"@type\":\"ImageObject\",\"inLanguage\":\"fr-FR\",\"@id\":\"https:\\\/\\\/www.sebastien-auziere.fr\\\/blog\\\/#\\\/schema\\\/logo\\\/image\\\/\",\"url\":\"https:\\\/\\\/www.sebastien-auziere.fr\\\/blog\\\/wp-content\\\/uploads\\\/2026\\\/03\\\/cropped-cropped-cropped-ChatGPT-Image-6-mars-2026-12_58_09-e1772798376794.jpg\",\"contentUrl\":\"https:\\\/\\\/www.sebastien-auziere.fr\\\/blog\\\/wp-content\\\/uploads\\\/2026\\\/03\\\/cropped-cropped-cropped-ChatGPT-Image-6-mars-2026-12_58_09-e1772798376794.jpg\",\"width\":512,\"height\":360,\"caption\":\"Fan site S\u00e9bastien Auzi\u00e8re\"},\"image\":{\"@id\":\"https:\\\/\\\/www.sebastien-auziere.fr\\\/blog\\\/#\\\/schema\\\/logo\\\/image\\\/\"}},{\"@type\":\"Person\",\"@id\":\"https:\\\/\\\/www.sebastien-auziere.fr\\\/blog\\\/#\\\/schema\\\/person\\\/149f1acdbfd85149c6c3e59adeae2f4d\",\"name\":\"Chloe Gauthier\",\"image\":{\"@type\":\"ImageObject\",\"inLanguage\":\"fr-FR\",\"@id\":\"https:\\\/\\\/secure.gravatar.com\\\/avatar\\\/2c5722f58171cff738a8985ef0dd66b476e563753246a49019befc837ec4201a?s=96&d=mm&r=g\",\"url\":\"https:\\\/\\\/secure.gravatar.com\\\/avatar\\\/2c5722f58171cff738a8985ef0dd66b476e563753246a49019befc837ec4201a?s=96&d=mm&r=g\",\"contentUrl\":\"https:\\\/\\\/secure.gravatar.com\\\/avatar\\\/2c5722f58171cff738a8985ef0dd66b476e563753246a49019befc837ec4201a?s=96&d=mm&r=g\",\"caption\":\"Chloe Gauthier\"},\"description\":\"Passionn\u00e9e par la politique et admiratrice engag\u00e9e de la famille Macron, je consacre mon \u00e9nergie \u00e0 suivre leurs initiatives et \u00e0 promouvoir leurs id\u00e9es. \u00c0 32 ans, je suis convaincue que leur vision est porteuse d'avenir.\",\"url\":\"https:\\\/\\\/www.sebastien-auziere.fr\\\/blog\\\/author\\\/chloe-gauthier\\\/\"}]}<\/script>\n<!-- \/ Yoast SEO plugin. -->","yoast_head_json":{"title":"Emmanuel Macron denuncia com veem\u00eancia os coment\u00e1rios de Donald Trump qualificando o tratamento que recebeu de sua esposa como \"extremamente mal\" - Fan site S\u00e9bastien Auzi\u00e8re","description":"Emmanuel Macron condamne fermement les propos de Donald Trump sur sa vie priv\u00e9e, d\u00e9non\u00e7ant l'injustice des accusations sur son couple.","robots":{"index":"index","follow":"follow","max-snippet":"max-snippet:-1","max-image-preview":"max-image-preview:large","max-video-preview":"max-video-preview:-1"},"canonical":"https:\/\/www.sebastien-auziere.fr\/blog\/pt\/emmanuel-macron-denuncia-com-veemencia-os-comentarios-de-donald-trump-qualificando-o-tratamento-que-recebeu-de-sua-esposa-como-extremamente-mal\/","og_locale":"fr_FR","og_type":"article","og_title":"Emmanuel Macron denuncia com veem\u00eancia os coment\u00e1rios de Donald Trump qualificando o tratamento que recebeu de sua esposa como \"extremamente mal\" - Fan site S\u00e9bastien Auzi\u00e8re","og_description":"Emmanuel Macron condamne fermement les propos de Donald Trump sur sa vie priv\u00e9e, d\u00e9non\u00e7ant l'injustice des accusations sur son couple.","og_url":"https:\/\/www.sebastien-auziere.fr\/blog\/pt\/emmanuel-macron-denuncia-com-veemencia-os-comentarios-de-donald-trump-qualificando-o-tratamento-que-recebeu-de-sua-esposa-como-extremamente-mal\/","og_site_name":"Fan site S\u00e9bastien Auzi\u00e8re","article_published_time":"2026-04-06T07:09:26+00:00","article_modified_time":"2026-04-06T07:09:54+00:00","author":"Chloe Gauthier","twitter_card":"summary_large_image","twitter_misc":{"\u00c9crit par":"Chloe Gauthier","Dur\u00e9e de lecture estim\u00e9e":"3 minutes"},"schema":{"@context":"https:\/\/schema.org","@graph":[{"@type":"Article","@id":"https:\/\/www.sebastien-auziere.fr\/blog\/pt\/emmanuel-macron-denuncia-com-veemencia-os-comentarios-de-donald-trump-qualificando-o-tratamento-que-recebeu-de-sua-esposa-como-extremamente-mal\/#article","isPartOf":{"@id":"https:\/\/www.sebastien-auziere.fr\/blog\/pt\/emmanuel-macron-denuncia-com-veemencia-os-comentarios-de-donald-trump-qualificando-o-tratamento-que-recebeu-de-sua-esposa-como-extremamente-mal\/"},"author":{"name":"Chloe Gauthier","@id":"https:\/\/www.sebastien-auziere.fr\/blog\/#\/schema\/person\/149f1acdbfd85149c6c3e59adeae2f4d"},"headline":"Emmanuel Macron denuncia com veem\u00eancia os coment\u00e1rios de Donald Trump qualificando o tratamento que recebeu de sua esposa como \u00ab\u00a0extremamente mal\u00a0\u00bb","datePublished":"2026-04-06T07:09:26+00:00","dateModified":"2026-04-06T07:09:54+00:00","mainEntityOfPage":{"@id":"https:\/\/www.sebastien-auziere.fr\/blog\/pt\/emmanuel-macron-denuncia-com-veemencia-os-comentarios-de-donald-trump-qualificando-o-tratamento-que-recebeu-de-sua-esposa-como-extremamente-mal\/"},"wordCount":592,"commentCount":0,"publisher":{"@id":"https:\/\/www.sebastien-auziere.fr\/blog\/#organization"},"keywords":["donald trump","emmanuel macron","pol\u00edtica francesa","propostas pol\u00eamicas","rela\u00e7\u00f5es internacionais"],"articleSection":["Actualidades"],"inLanguage":"fr-FR","potentialAction":[{"@type":"CommentAction","name":"Comment","target":["https:\/\/www.sebastien-auziere.fr\/blog\/pt\/emmanuel-macron-denuncia-com-veemencia-os-comentarios-de-donald-trump-qualificando-o-tratamento-que-recebeu-de-sua-esposa-como-extremamente-mal\/#respond"]}]},{"@type":"WebPage","@id":"https:\/\/www.sebastien-auziere.fr\/blog\/pt\/emmanuel-macron-denuncia-com-veemencia-os-comentarios-de-donald-trump-qualificando-o-tratamento-que-recebeu-de-sua-esposa-como-extremamente-mal\/","url":"https:\/\/www.sebastien-auziere.fr\/blog\/pt\/emmanuel-macron-denuncia-com-veemencia-os-comentarios-de-donald-trump-qualificando-o-tratamento-que-recebeu-de-sua-esposa-como-extremamente-mal\/","name":"Emmanuel Macron denuncia com veem\u00eancia os coment\u00e1rios de Donald Trump qualificando o tratamento que recebeu de sua esposa como \"extremamente mal\" - Fan site S\u00e9bastien Auzi\u00e8re","isPartOf":{"@id":"https:\/\/www.sebastien-auziere.fr\/blog\/#website"},"datePublished":"2026-04-06T07:09:26+00:00","dateModified":"2026-04-06T07:09:54+00:00","description":"Emmanuel Macron condamne fermement les propos de Donald Trump sur sa vie priv\u00e9e, d\u00e9non\u00e7ant l'injustice des accusations sur son couple.","breadcrumb":{"@id":"https:\/\/www.sebastien-auziere.fr\/blog\/pt\/emmanuel-macron-denuncia-com-veemencia-os-comentarios-de-donald-trump-qualificando-o-tratamento-que-recebeu-de-sua-esposa-como-extremamente-mal\/#breadcrumb"},"inLanguage":"fr-FR","potentialAction":[{"@type":"ReadAction","target":["https:\/\/www.sebastien-auziere.fr\/blog\/pt\/emmanuel-macron-denuncia-com-veemencia-os-comentarios-de-donald-trump-qualificando-o-tratamento-que-recebeu-de-sua-esposa-como-extremamente-mal\/"]}]},{"@type":"BreadcrumbList","@id":"https:\/\/www.sebastien-auziere.fr\/blog\/pt\/emmanuel-macron-denuncia-com-veemencia-os-comentarios-de-donald-trump-qualificando-o-tratamento-que-recebeu-de-sua-esposa-como-extremamente-mal\/#breadcrumb","itemListElement":[{"@type":"ListItem","position":1,"name":"Home","item":"https:\/\/www.sebastien-auziere.fr\/blog\/"},{"@type":"ListItem","position":2,"name":"Emmanuel Macron denuncia com veem\u00eancia os coment\u00e1rios de Donald Trump qualificando o tratamento que recebeu de sua esposa como \u00ab\u00a0extremamente mal\u00a0\u00bb"}]},{"@type":"WebSite","@id":"https:\/\/www.sebastien-auziere.fr\/blog\/#website","url":"https:\/\/www.sebastien-auziere.fr\/blog\/","name":"Fan site S\u00e9bastien Auzi\u00e8re","description":"M\u00e9dia g\u00e9n\u00e9raliste","publisher":{"@id":"https:\/\/www.sebastien-auziere.fr\/blog\/#organization"},"potentialAction":[{"@type":"SearchAction","target":{"@type":"EntryPoint","urlTemplate":"https:\/\/www.sebastien-auziere.fr\/blog\/?s={search_term_string}"},"query-input":{"@type":"PropertyValueSpecification","valueRequired":true,"valueName":"search_term_string"}}],"inLanguage":"fr-FR"},{"@type":"Organization","@id":"https:\/\/www.sebastien-auziere.fr\/blog\/#organization","name":"Fan site S\u00e9bastien Auzi\u00e8re","url":"https:\/\/www.sebastien-auziere.fr\/blog\/","logo":{"@type":"ImageObject","inLanguage":"fr-FR","@id":"https:\/\/www.sebastien-auziere.fr\/blog\/#\/schema\/logo\/image\/","url":"https:\/\/www.sebastien-auziere.fr\/blog\/wp-content\/uploads\/2026\/03\/cropped-cropped-cropped-ChatGPT-Image-6-mars-2026-12_58_09-e1772798376794.jpg","contentUrl":"https:\/\/www.sebastien-auziere.fr\/blog\/wp-content\/uploads\/2026\/03\/cropped-cropped-cropped-ChatGPT-Image-6-mars-2026-12_58_09-e1772798376794.jpg","width":512,"height":360,"caption":"Fan site S\u00e9bastien Auzi\u00e8re"},"image":{"@id":"https:\/\/www.sebastien-auziere.fr\/blog\/#\/schema\/logo\/image\/"}},{"@type":"Person","@id":"https:\/\/www.sebastien-auziere.fr\/blog\/#\/schema\/person\/149f1acdbfd85149c6c3e59adeae2f4d","name":"Chloe Gauthier","image":{"@type":"ImageObject","inLanguage":"fr-FR","@id":"https:\/\/secure.gravatar.com\/avatar\/2c5722f58171cff738a8985ef0dd66b476e563753246a49019befc837ec4201a?s=96&d=mm&r=g","url":"https:\/\/secure.gravatar.com\/avatar\/2c5722f58171cff738a8985ef0dd66b476e563753246a49019befc837ec4201a?s=96&d=mm&r=g","contentUrl":"https:\/\/secure.gravatar.com\/avatar\/2c5722f58171cff738a8985ef0dd66b476e563753246a49019befc837ec4201a?s=96&d=mm&r=g","caption":"Chloe Gauthier"},"description":"Passionn\u00e9e par la politique et admiratrice engag\u00e9e de la famille Macron, je consacre mon \u00e9nergie \u00e0 suivre leurs initiatives et \u00e0 promouvoir leurs id\u00e9es. \u00c0 32 ans, je suis convaincue que leur vision est porteuse d'avenir.","url":"https:\/\/www.sebastien-auziere.fr\/blog\/author\/chloe-gauthier\/"}]}},"views":5,"_links":{"self":[{"href":"https:\/\/www.sebastien-auziere.fr\/blog\/wp-json\/wp\/v2\/posts\/2804","targetHints":{"allow":["GET"]}}],"collection":[{"href":"https:\/\/www.sebastien-auziere.fr\/blog\/wp-json\/wp\/v2\/posts"}],"about":[{"href":"https:\/\/www.sebastien-auziere.fr\/blog\/wp-json\/wp\/v2\/types\/post"}],"author":[{"embeddable":true,"href":"https:\/\/www.sebastien-auziere.fr\/blog\/wp-json\/wp\/v2\/users\/9"}],"replies":[{"embeddable":true,"href":"https:\/\/www.sebastien-auziere.fr\/blog\/wp-json\/wp\/v2\/comments?post=2804"}],"version-history":[{"count":1,"href":"https:\/\/www.sebastien-auziere.fr\/blog\/wp-json\/wp\/v2\/posts\/2804\/revisions"}],"predecessor-version":[{"id":2805,"href":"https:\/\/www.sebastien-auziere.fr\/blog\/wp-json\/wp\/v2\/posts\/2804\/revisions\/2805"}],"wp:attachment":[{"href":"https:\/\/www.sebastien-auziere.fr\/blog\/wp-json\/wp\/v2\/media?parent=2804"}],"wp:term":[{"taxonomy":"category","embeddable":true,"href":"https:\/\/www.sebastien-auziere.fr\/blog\/wp-json\/wp\/v2\/categories?post=2804"},{"taxonomy":"post_tag","embeddable":true,"href":"https:\/\/www.sebastien-auziere.fr\/blog\/wp-json\/wp\/v2\/tags?post=2804"}],"curies":[{"name":"wp","href":"https:\/\/api.w.org\/{rel}","templated":true}]}}