{"id":2802,"date":"2026-04-06T07:07:55","date_gmt":"2026-04-06T07:07:55","guid":{"rendered":"https:\/\/www.sebastien-auziere.fr\/blog\/?p=2802"},"modified":"2026-04-06T07:08:28","modified_gmt":"2026-04-06T07:08:28","slug":"emmanuel-macron-denuncia-con-forza-le-affermazioni-di-donald-trump-che-definisce-il-trattamento-ricevuto-da-sua-moglie-estremamente-male","status":"publish","type":"post","link":"https:\/\/www.sebastien-auziere.fr\/blog\/it\/emmanuel-macron-denuncia-con-forza-le-affermazioni-di-donald-trump-che-definisce-il-trattamento-ricevuto-da-sua-moglie-estremamente-male\/","title":{"rendered":"Emmanuel Macron denuncia con forza le affermazioni di Donald Trump che definisce il trattamento ricevuto da sua moglie \u00ab\u00a0estremamente male\u00a0\u00bb"},"content":{"rendered":"<p><strong>Emmanuel Macron<\/strong> ha denunciato con fermezza le parole di <strong>Donald Trump<\/strong> che definiva il suo <strong>trattamento<\/strong> da parte della <strong>moglie<\/strong> \u00ab <strong>estremamente male<\/strong> \u00bb. Queste parole, pronunciate durante un pranzo privato il <strong>1 aprile<\/strong>, hanno scatenato una vivace <strong>controversia<\/strong> sulla scena internazionale e riacceso le tensioni tra Parigi e Washington.<\/p>\n\n<p><strong>In breve:<\/strong> Donald Trump ha ironizzato su un video virale di maggio che mostrava Brigitte Macron, poi il passaggio \u00e8 stato rimosso dal canale YouTube della Casa Bianca. In visita a Seoul il <strong>2 aprile<\/strong>, <strong>Emmanuel Macron<\/strong> ha giudicato queste <strong>parole<\/strong> \u00ab n\u00e9 eleganti n\u00e9 all&rsquo;altezza \u00bb e ha rifiutato di rispondere pubblicamente.<\/p>\n\n<h2 class=\"wp-block-heading\">Risposta pubblica di Emmanuel Macron di fronte agli attacchi di Donald Trump<\/h2>\n\n<p>Durante un intervento in Corea del Sud, <strong>Emmanuel Macron<\/strong> ha definito la <strong>denuncia<\/strong> delle parole del suo omologo americano fuori luogo, preferendo non concedergli una risposta mediatica. Il presidente francese \u00e8 stato interrogato dalla stampa il <strong>2 aprile<\/strong> e ha ritenuto che questi attacchi personali deviassero dal dibattito <strong>politico<\/strong> tra alleati.<\/p>\n\n<p>Questa riaffermazione della dignit\u00e0 presidenziale sottolinea sia la statura del capo dello Stato che l&rsquo;impatto diplomatico di un commento riservato diventato pubblico. Insight: l&rsquo;attacco personale indebolisce il dialogo bilaterale.<\/p>\n\n<h2 class=\"wp-block-heading\">Un contesto geopolitico che aggrava le relazioni internazionali<\/h2>\n\n<p>L&rsquo;attacco di <strong>Donald Trump<\/strong> si inserisce in una serie di critiche pi\u00f9 ampie contro la NATO e la politica europea, specialmente dopo l&rsquo;inizio del conflitto in Iran il <strong>28 febbraio<\/strong>. Il presidente americano ha anche esortato alcuni alleati ad acquistare petrolio americano, accentuando le frizioni sulla strategia comune.<\/p>\n\n<p>Diverse testate hanno analizzato queste parole come rivelatrici di una relazione \u00ab a zig-zag \u00bb tra Washington e Parigi, con possibili conseguenze sulle cooperazioni militari. Per leggere di pi\u00f9, consulta <a href=\"https:\/\/www.lemonde.fr\/international\/article\/2026\/04\/02\/donald-trump-se-moque-du-couple-macron-lors-d-un-dejeuner-prive-le-president-francais-denonce-des-propos-ni-elegants-ni-a-la-hauteur_6676093_3211.html\">l&rsquo;analisi di Le Monde<\/a>. Insight: diplomazia e immagine pubblica rimangono strettamente legate.<\/p>\n\n<h2 class=\"wp-block-heading\">Il video virale e la difesa della coppia presidenziale<\/h2>\n\n<p>Trump si riferiva a una sequenza di maggio che mostrava Brigitte Macron che toccava il viso di Emmanuel all&rsquo;uscita di un aereo in Vietnam. L&rsquo;\u00c9lys\u00e9e aveva smentito qualsiasi alterco, ricordando il contesto e la brevit\u00e0 dell&rsquo;incidente.<\/p>\n\n<p>Le reazioni pubbliche hanno mescolato ironia e difesa del privato, rilanciando la questione del rispetto tra i leader. Per un ritratto sfumato di Brigitte ed Emmanuel, scopri gli articoli dettagliati come <a href=\"https:\/\/www.sebastien-auziere.fr\/blog\/brigitte-macron-et-emmanuel-macron\/\">questo dossier<\/a> e le cronache sul loro percorso.<\/p>\n\n<h2 class=\"wp-block-heading\">Questioni e ripercussioni per la scena politica europea<\/h2>\n\n<p>Al di l\u00e0 dell&rsquo;incidente, questi scambi hanno messo in luce divergenze strategiche: sorvoli aerei, sostegno militare nel Golfo e la posizione verso l&rsquo;Iran. Diverse voci a Washington, tra cui quella di leader repubblicani, hanno messo in discussione l&rsquo;impegno transatlantico, rendendo le relazioni pi\u00f9 instabili.<\/p>\n\n<p>Questa polemica getta uno sguardo crudo sull&rsquo;equilibrio delle alleanze e su come le parole private possano pesare in <strong>relazioni internazionali<\/strong>. Insight: la fiducia tra alleati \u00e8 un capitale fragile.<\/p>\n\n<p>Vuoi saperne di pi\u00f9 su <strong>S\u00e9bastien Auzi\u00e8re<\/strong> e le dinamiche della vita presidenziale? Visita i dossier e le cronache disponibili su <a href=\"https:\/\/www.sebastien-auziere.fr\/blog\/a-propos\/\">sito ufficiale<\/a> o immergiti nelle inchieste e nei racconti attorno a Brigitte con <a href=\"https:\/\/www.sebastien-auziere.fr\/blog\/confidences-brigitte-melania\/\">queste confessioni dettagliate<\/a> per comprendere meglio le questioni umane e politiche che circondano la coppia Macron.<\/p>","protected":false},"excerpt":{"rendered":"<p>Emmanuel Macron ha denunciato con fermezza le parole di Donald Trump che definiva il suo trattamento da parte della moglie \u00ab estremamente male \u00bb. Queste parole, pronunciate durante un pranzo privato il 1 aprile, hanno scatenato una vivace controversia sulla scena internazionale e riacceso le tensioni tra Parigi e Washington. In breve: Donald Trump ha &#8230; <a title=\"Emmanuel Macron denuncia con forza le affermazioni di Donald Trump che definisce il trattamento ricevuto da sua moglie \u00ab\u00a0estremamente male\u00a0\u00bb\" class=\"read-more\" href=\"https:\/\/www.sebastien-auziere.fr\/blog\/it\/emmanuel-macron-denuncia-con-forza-le-affermazioni-di-donald-trump-che-definisce-il-trattamento-ricevuto-da-sua-moglie-estremamente-male\/\" aria-label=\"En savoir plus sur Emmanuel Macron denuncia con forza le affermazioni di Donald Trump che definisce il trattamento ricevuto da sua moglie \u00ab\u00a0estremamente male\u00a0\u00bb\">Lire plus<\/a><\/p>\n","protected":false},"author":9,"featured_media":0,"comment_status":"open","ping_status":"open","sticky":false,"template":"","format":"standard","meta":{"footnotes":""},"categories":[859],"tags":[1984,1190,1987,1990,1051],"class_list":["post-2802","post","type-post","status-publish","format-standard","hentry","category-actualita-it","tag-donald-trump-it","tag-emmanuel-macron-it","tag-politica-francese-it","tag-proposte-controverse-it","tag-relazioni-internazionali-it"],"yoast_head":"<!-- This site is optimized with the Yoast SEO plugin v27.5 - https:\/\/yoast.com\/product\/yoast-seo-wordpress\/ -->\n<title>Emmanuel Macron denuncia con forza le affermazioni di Donald Trump che definisce il trattamento ricevuto da sua moglie &quot;estremamente male&quot; - Fan site S\u00e9bastien Auzi\u00e8re<\/title>\n<meta name=\"description\" content=\"Emmanuel Macron condamne fermement les propos de Donald Trump sur sa vie priv\u00e9e, d\u00e9non\u00e7ant l&#039;injustice des accusations sur son couple.\" \/>\n<meta name=\"robots\" content=\"index, follow, max-snippet:-1, max-image-preview:large, max-video-preview:-1\" \/>\n<link rel=\"canonical\" href=\"https:\/\/www.sebastien-auziere.fr\/blog\/it\/emmanuel-macron-denuncia-con-forza-le-affermazioni-di-donald-trump-che-definisce-il-trattamento-ricevuto-da-sua-moglie-estremamente-male\/\" \/>\n<meta property=\"og:locale\" content=\"fr_FR\" \/>\n<meta property=\"og:type\" content=\"article\" \/>\n<meta property=\"og:title\" content=\"Emmanuel Macron denuncia con forza le affermazioni di Donald Trump che definisce il trattamento ricevuto da sua moglie &quot;estremamente male&quot; - Fan site S\u00e9bastien Auzi\u00e8re\" \/>\n<meta property=\"og:description\" content=\"Emmanuel Macron condamne fermement les propos de Donald Trump sur sa vie priv\u00e9e, d\u00e9non\u00e7ant l&#039;injustice des accusations sur son couple.\" \/>\n<meta property=\"og:url\" content=\"https:\/\/www.sebastien-auziere.fr\/blog\/it\/emmanuel-macron-denuncia-con-forza-le-affermazioni-di-donald-trump-che-definisce-il-trattamento-ricevuto-da-sua-moglie-estremamente-male\/\" \/>\n<meta property=\"og:site_name\" content=\"Fan site S\u00e9bastien Auzi\u00e8re\" \/>\n<meta property=\"article:published_time\" content=\"2026-04-06T07:07:55+00:00\" \/>\n<meta property=\"article:modified_time\" content=\"2026-04-06T07:08:28+00:00\" \/>\n<meta name=\"author\" content=\"Chloe Gauthier\" \/>\n<meta name=\"twitter:card\" content=\"summary_large_image\" \/>\n<meta name=\"twitter:label1\" content=\"\u00c9crit par\" \/>\n\t<meta name=\"twitter:data1\" content=\"Chloe Gauthier\" \/>\n\t<meta name=\"twitter:label2\" content=\"Dur\u00e9e de lecture estim\u00e9e\" \/>\n\t<meta name=\"twitter:data2\" content=\"2 minutes\" \/>\n<script type=\"application\/ld+json\" class=\"yoast-schema-graph\">{\"@context\":\"https:\\\/\\\/schema.org\",\"@graph\":[{\"@type\":\"Article\",\"@id\":\"https:\\\/\\\/www.sebastien-auziere.fr\\\/blog\\\/it\\\/emmanuel-macron-denuncia-con-forza-le-affermazioni-di-donald-trump-che-definisce-il-trattamento-ricevuto-da-sua-moglie-estremamente-male\\\/#article\",\"isPartOf\":{\"@id\":\"https:\\\/\\\/www.sebastien-auziere.fr\\\/blog\\\/it\\\/emmanuel-macron-denuncia-con-forza-le-affermazioni-di-donald-trump-che-definisce-il-trattamento-ricevuto-da-sua-moglie-estremamente-male\\\/\"},\"author\":{\"name\":\"Chloe Gauthier\",\"@id\":\"https:\\\/\\\/www.sebastien-auziere.fr\\\/blog\\\/#\\\/schema\\\/person\\\/149f1acdbfd85149c6c3e59adeae2f4d\"},\"headline\":\"Emmanuel Macron denuncia con forza le affermazioni di Donald Trump che definisce il trattamento ricevuto da sua moglie \u00ab\u00a0estremamente male\u00a0\u00bb\",\"datePublished\":\"2026-04-06T07:07:55+00:00\",\"dateModified\":\"2026-04-06T07:08:28+00:00\",\"mainEntityOfPage\":{\"@id\":\"https:\\\/\\\/www.sebastien-auziere.fr\\\/blog\\\/it\\\/emmanuel-macron-denuncia-con-forza-le-affermazioni-di-donald-trump-che-definisce-il-trattamento-ricevuto-da-sua-moglie-estremamente-male\\\/\"},\"wordCount\":519,\"commentCount\":0,\"publisher\":{\"@id\":\"https:\\\/\\\/www.sebastien-auziere.fr\\\/blog\\\/#organization\"},\"keywords\":[\"donald trump\",\"emmanuel macron\",\"politica francese\",\"proposte controverse\",\"relazioni internazionali\"],\"articleSection\":[\"Actualit\u00e0\"],\"inLanguage\":\"fr-FR\",\"potentialAction\":[{\"@type\":\"CommentAction\",\"name\":\"Comment\",\"target\":[\"https:\\\/\\\/www.sebastien-auziere.fr\\\/blog\\\/it\\\/emmanuel-macron-denuncia-con-forza-le-affermazioni-di-donald-trump-che-definisce-il-trattamento-ricevuto-da-sua-moglie-estremamente-male\\\/#respond\"]}]},{\"@type\":\"WebPage\",\"@id\":\"https:\\\/\\\/www.sebastien-auziere.fr\\\/blog\\\/it\\\/emmanuel-macron-denuncia-con-forza-le-affermazioni-di-donald-trump-che-definisce-il-trattamento-ricevuto-da-sua-moglie-estremamente-male\\\/\",\"url\":\"https:\\\/\\\/www.sebastien-auziere.fr\\\/blog\\\/it\\\/emmanuel-macron-denuncia-con-forza-le-affermazioni-di-donald-trump-che-definisce-il-trattamento-ricevuto-da-sua-moglie-estremamente-male\\\/\",\"name\":\"Emmanuel Macron denuncia con forza le affermazioni di Donald Trump che definisce il trattamento ricevuto da sua moglie \\\"estremamente male\\\" - Fan site S\u00e9bastien Auzi\u00e8re\",\"isPartOf\":{\"@id\":\"https:\\\/\\\/www.sebastien-auziere.fr\\\/blog\\\/#website\"},\"datePublished\":\"2026-04-06T07:07:55+00:00\",\"dateModified\":\"2026-04-06T07:08:28+00:00\",\"description\":\"Emmanuel Macron condamne fermement les propos de Donald Trump sur sa vie priv\u00e9e, d\u00e9non\u00e7ant l'injustice des accusations sur son couple.\",\"breadcrumb\":{\"@id\":\"https:\\\/\\\/www.sebastien-auziere.fr\\\/blog\\\/it\\\/emmanuel-macron-denuncia-con-forza-le-affermazioni-di-donald-trump-che-definisce-il-trattamento-ricevuto-da-sua-moglie-estremamente-male\\\/#breadcrumb\"},\"inLanguage\":\"fr-FR\",\"potentialAction\":[{\"@type\":\"ReadAction\",\"target\":[\"https:\\\/\\\/www.sebastien-auziere.fr\\\/blog\\\/it\\\/emmanuel-macron-denuncia-con-forza-le-affermazioni-di-donald-trump-che-definisce-il-trattamento-ricevuto-da-sua-moglie-estremamente-male\\\/\"]}]},{\"@type\":\"BreadcrumbList\",\"@id\":\"https:\\\/\\\/www.sebastien-auziere.fr\\\/blog\\\/it\\\/emmanuel-macron-denuncia-con-forza-le-affermazioni-di-donald-trump-che-definisce-il-trattamento-ricevuto-da-sua-moglie-estremamente-male\\\/#breadcrumb\",\"itemListElement\":[{\"@type\":\"ListItem\",\"position\":1,\"name\":\"Home\",\"item\":\"https:\\\/\\\/www.sebastien-auziere.fr\\\/blog\\\/\"},{\"@type\":\"ListItem\",\"position\":2,\"name\":\"Emmanuel Macron denuncia con forza le affermazioni di Donald Trump che definisce il trattamento ricevuto da sua moglie \u00ab\u00a0estremamente male\u00a0\u00bb\"}]},{\"@type\":\"WebSite\",\"@id\":\"https:\\\/\\\/www.sebastien-auziere.fr\\\/blog\\\/#website\",\"url\":\"https:\\\/\\\/www.sebastien-auziere.fr\\\/blog\\\/\",\"name\":\"Fan site S\u00e9bastien Auzi\u00e8re\",\"description\":\"M\u00e9dia g\u00e9n\u00e9raliste\",\"publisher\":{\"@id\":\"https:\\\/\\\/www.sebastien-auziere.fr\\\/blog\\\/#organization\"},\"potentialAction\":[{\"@type\":\"SearchAction\",\"target\":{\"@type\":\"EntryPoint\",\"urlTemplate\":\"https:\\\/\\\/www.sebastien-auziere.fr\\\/blog\\\/?s={search_term_string}\"},\"query-input\":{\"@type\":\"PropertyValueSpecification\",\"valueRequired\":true,\"valueName\":\"search_term_string\"}}],\"inLanguage\":\"fr-FR\"},{\"@type\":\"Organization\",\"@id\":\"https:\\\/\\\/www.sebastien-auziere.fr\\\/blog\\\/#organization\",\"name\":\"Fan site S\u00e9bastien Auzi\u00e8re\",\"url\":\"https:\\\/\\\/www.sebastien-auziere.fr\\\/blog\\\/\",\"logo\":{\"@type\":\"ImageObject\",\"inLanguage\":\"fr-FR\",\"@id\":\"https:\\\/\\\/www.sebastien-auziere.fr\\\/blog\\\/#\\\/schema\\\/logo\\\/image\\\/\",\"url\":\"https:\\\/\\\/www.sebastien-auziere.fr\\\/blog\\\/wp-content\\\/uploads\\\/2026\\\/03\\\/cropped-cropped-cropped-ChatGPT-Image-6-mars-2026-12_58_09-e1772798376794.jpg\",\"contentUrl\":\"https:\\\/\\\/www.sebastien-auziere.fr\\\/blog\\\/wp-content\\\/uploads\\\/2026\\\/03\\\/cropped-cropped-cropped-ChatGPT-Image-6-mars-2026-12_58_09-e1772798376794.jpg\",\"width\":512,\"height\":360,\"caption\":\"Fan site S\u00e9bastien Auzi\u00e8re\"},\"image\":{\"@id\":\"https:\\\/\\\/www.sebastien-auziere.fr\\\/blog\\\/#\\\/schema\\\/logo\\\/image\\\/\"}},{\"@type\":\"Person\",\"@id\":\"https:\\\/\\\/www.sebastien-auziere.fr\\\/blog\\\/#\\\/schema\\\/person\\\/149f1acdbfd85149c6c3e59adeae2f4d\",\"name\":\"Chloe Gauthier\",\"image\":{\"@type\":\"ImageObject\",\"inLanguage\":\"fr-FR\",\"@id\":\"https:\\\/\\\/secure.gravatar.com\\\/avatar\\\/2c5722f58171cff738a8985ef0dd66b476e563753246a49019befc837ec4201a?s=96&d=mm&r=g\",\"url\":\"https:\\\/\\\/secure.gravatar.com\\\/avatar\\\/2c5722f58171cff738a8985ef0dd66b476e563753246a49019befc837ec4201a?s=96&d=mm&r=g\",\"contentUrl\":\"https:\\\/\\\/secure.gravatar.com\\\/avatar\\\/2c5722f58171cff738a8985ef0dd66b476e563753246a49019befc837ec4201a?s=96&d=mm&r=g\",\"caption\":\"Chloe Gauthier\"},\"description\":\"Passionn\u00e9e par la politique et admiratrice engag\u00e9e de la famille Macron, je consacre mon \u00e9nergie \u00e0 suivre leurs initiatives et \u00e0 promouvoir leurs id\u00e9es. \u00c0 32 ans, je suis convaincue que leur vision est porteuse d'avenir.\",\"url\":\"https:\\\/\\\/www.sebastien-auziere.fr\\\/blog\\\/author\\\/chloe-gauthier\\\/\"}]}<\/script>\n<!-- \/ Yoast SEO plugin. -->","yoast_head_json":{"title":"Emmanuel Macron denuncia con forza le affermazioni di Donald Trump che definisce il trattamento ricevuto da sua moglie \"estremamente male\" - Fan site S\u00e9bastien Auzi\u00e8re","description":"Emmanuel Macron condamne fermement les propos de Donald Trump sur sa vie priv\u00e9e, d\u00e9non\u00e7ant l'injustice des accusations sur son couple.","robots":{"index":"index","follow":"follow","max-snippet":"max-snippet:-1","max-image-preview":"max-image-preview:large","max-video-preview":"max-video-preview:-1"},"canonical":"https:\/\/www.sebastien-auziere.fr\/blog\/it\/emmanuel-macron-denuncia-con-forza-le-affermazioni-di-donald-trump-che-definisce-il-trattamento-ricevuto-da-sua-moglie-estremamente-male\/","og_locale":"fr_FR","og_type":"article","og_title":"Emmanuel Macron denuncia con forza le affermazioni di Donald Trump che definisce il trattamento ricevuto da sua moglie \"estremamente male\" - Fan site S\u00e9bastien Auzi\u00e8re","og_description":"Emmanuel Macron condamne fermement les propos de Donald Trump sur sa vie priv\u00e9e, d\u00e9non\u00e7ant l'injustice des accusations sur son couple.","og_url":"https:\/\/www.sebastien-auziere.fr\/blog\/it\/emmanuel-macron-denuncia-con-forza-le-affermazioni-di-donald-trump-che-definisce-il-trattamento-ricevuto-da-sua-moglie-estremamente-male\/","og_site_name":"Fan site S\u00e9bastien Auzi\u00e8re","article_published_time":"2026-04-06T07:07:55+00:00","article_modified_time":"2026-04-06T07:08:28+00:00","author":"Chloe Gauthier","twitter_card":"summary_large_image","twitter_misc":{"\u00c9crit par":"Chloe Gauthier","Dur\u00e9e de lecture estim\u00e9e":"2 minutes"},"schema":{"@context":"https:\/\/schema.org","@graph":[{"@type":"Article","@id":"https:\/\/www.sebastien-auziere.fr\/blog\/it\/emmanuel-macron-denuncia-con-forza-le-affermazioni-di-donald-trump-che-definisce-il-trattamento-ricevuto-da-sua-moglie-estremamente-male\/#article","isPartOf":{"@id":"https:\/\/www.sebastien-auziere.fr\/blog\/it\/emmanuel-macron-denuncia-con-forza-le-affermazioni-di-donald-trump-che-definisce-il-trattamento-ricevuto-da-sua-moglie-estremamente-male\/"},"author":{"name":"Chloe Gauthier","@id":"https:\/\/www.sebastien-auziere.fr\/blog\/#\/schema\/person\/149f1acdbfd85149c6c3e59adeae2f4d"},"headline":"Emmanuel Macron denuncia con forza le affermazioni di Donald Trump che definisce il trattamento ricevuto da sua moglie \u00ab\u00a0estremamente male\u00a0\u00bb","datePublished":"2026-04-06T07:07:55+00:00","dateModified":"2026-04-06T07:08:28+00:00","mainEntityOfPage":{"@id":"https:\/\/www.sebastien-auziere.fr\/blog\/it\/emmanuel-macron-denuncia-con-forza-le-affermazioni-di-donald-trump-che-definisce-il-trattamento-ricevuto-da-sua-moglie-estremamente-male\/"},"wordCount":519,"commentCount":0,"publisher":{"@id":"https:\/\/www.sebastien-auziere.fr\/blog\/#organization"},"keywords":["donald trump","emmanuel macron","politica francese","proposte controverse","relazioni internazionali"],"articleSection":["Actualit\u00e0"],"inLanguage":"fr-FR","potentialAction":[{"@type":"CommentAction","name":"Comment","target":["https:\/\/www.sebastien-auziere.fr\/blog\/it\/emmanuel-macron-denuncia-con-forza-le-affermazioni-di-donald-trump-che-definisce-il-trattamento-ricevuto-da-sua-moglie-estremamente-male\/#respond"]}]},{"@type":"WebPage","@id":"https:\/\/www.sebastien-auziere.fr\/blog\/it\/emmanuel-macron-denuncia-con-forza-le-affermazioni-di-donald-trump-che-definisce-il-trattamento-ricevuto-da-sua-moglie-estremamente-male\/","url":"https:\/\/www.sebastien-auziere.fr\/blog\/it\/emmanuel-macron-denuncia-con-forza-le-affermazioni-di-donald-trump-che-definisce-il-trattamento-ricevuto-da-sua-moglie-estremamente-male\/","name":"Emmanuel Macron denuncia con forza le affermazioni di Donald Trump che definisce il trattamento ricevuto da sua moglie \"estremamente male\" - Fan site S\u00e9bastien Auzi\u00e8re","isPartOf":{"@id":"https:\/\/www.sebastien-auziere.fr\/blog\/#website"},"datePublished":"2026-04-06T07:07:55+00:00","dateModified":"2026-04-06T07:08:28+00:00","description":"Emmanuel Macron condamne fermement les propos de Donald Trump sur sa vie priv\u00e9e, d\u00e9non\u00e7ant l'injustice des accusations sur son couple.","breadcrumb":{"@id":"https:\/\/www.sebastien-auziere.fr\/blog\/it\/emmanuel-macron-denuncia-con-forza-le-affermazioni-di-donald-trump-che-definisce-il-trattamento-ricevuto-da-sua-moglie-estremamente-male\/#breadcrumb"},"inLanguage":"fr-FR","potentialAction":[{"@type":"ReadAction","target":["https:\/\/www.sebastien-auziere.fr\/blog\/it\/emmanuel-macron-denuncia-con-forza-le-affermazioni-di-donald-trump-che-definisce-il-trattamento-ricevuto-da-sua-moglie-estremamente-male\/"]}]},{"@type":"BreadcrumbList","@id":"https:\/\/www.sebastien-auziere.fr\/blog\/it\/emmanuel-macron-denuncia-con-forza-le-affermazioni-di-donald-trump-che-definisce-il-trattamento-ricevuto-da-sua-moglie-estremamente-male\/#breadcrumb","itemListElement":[{"@type":"ListItem","position":1,"name":"Home","item":"https:\/\/www.sebastien-auziere.fr\/blog\/"},{"@type":"ListItem","position":2,"name":"Emmanuel Macron denuncia con forza le affermazioni di Donald Trump che definisce il trattamento ricevuto da sua moglie \u00ab\u00a0estremamente male\u00a0\u00bb"}]},{"@type":"WebSite","@id":"https:\/\/www.sebastien-auziere.fr\/blog\/#website","url":"https:\/\/www.sebastien-auziere.fr\/blog\/","name":"Fan site S\u00e9bastien Auzi\u00e8re","description":"M\u00e9dia g\u00e9n\u00e9raliste","publisher":{"@id":"https:\/\/www.sebastien-auziere.fr\/blog\/#organization"},"potentialAction":[{"@type":"SearchAction","target":{"@type":"EntryPoint","urlTemplate":"https:\/\/www.sebastien-auziere.fr\/blog\/?s={search_term_string}"},"query-input":{"@type":"PropertyValueSpecification","valueRequired":true,"valueName":"search_term_string"}}],"inLanguage":"fr-FR"},{"@type":"Organization","@id":"https:\/\/www.sebastien-auziere.fr\/blog\/#organization","name":"Fan site S\u00e9bastien Auzi\u00e8re","url":"https:\/\/www.sebastien-auziere.fr\/blog\/","logo":{"@type":"ImageObject","inLanguage":"fr-FR","@id":"https:\/\/www.sebastien-auziere.fr\/blog\/#\/schema\/logo\/image\/","url":"https:\/\/www.sebastien-auziere.fr\/blog\/wp-content\/uploads\/2026\/03\/cropped-cropped-cropped-ChatGPT-Image-6-mars-2026-12_58_09-e1772798376794.jpg","contentUrl":"https:\/\/www.sebastien-auziere.fr\/blog\/wp-content\/uploads\/2026\/03\/cropped-cropped-cropped-ChatGPT-Image-6-mars-2026-12_58_09-e1772798376794.jpg","width":512,"height":360,"caption":"Fan site S\u00e9bastien Auzi\u00e8re"},"image":{"@id":"https:\/\/www.sebastien-auziere.fr\/blog\/#\/schema\/logo\/image\/"}},{"@type":"Person","@id":"https:\/\/www.sebastien-auziere.fr\/blog\/#\/schema\/person\/149f1acdbfd85149c6c3e59adeae2f4d","name":"Chloe Gauthier","image":{"@type":"ImageObject","inLanguage":"fr-FR","@id":"https:\/\/secure.gravatar.com\/avatar\/2c5722f58171cff738a8985ef0dd66b476e563753246a49019befc837ec4201a?s=96&d=mm&r=g","url":"https:\/\/secure.gravatar.com\/avatar\/2c5722f58171cff738a8985ef0dd66b476e563753246a49019befc837ec4201a?s=96&d=mm&r=g","contentUrl":"https:\/\/secure.gravatar.com\/avatar\/2c5722f58171cff738a8985ef0dd66b476e563753246a49019befc837ec4201a?s=96&d=mm&r=g","caption":"Chloe Gauthier"},"description":"Passionn\u00e9e par la politique et admiratrice engag\u00e9e de la famille Macron, je consacre mon \u00e9nergie \u00e0 suivre leurs initiatives et \u00e0 promouvoir leurs id\u00e9es. \u00c0 32 ans, je suis convaincue que leur vision est porteuse d'avenir.","url":"https:\/\/www.sebastien-auziere.fr\/blog\/author\/chloe-gauthier\/"}]}},"views":3,"_links":{"self":[{"href":"https:\/\/www.sebastien-auziere.fr\/blog\/wp-json\/wp\/v2\/posts\/2802","targetHints":{"allow":["GET"]}}],"collection":[{"href":"https:\/\/www.sebastien-auziere.fr\/blog\/wp-json\/wp\/v2\/posts"}],"about":[{"href":"https:\/\/www.sebastien-auziere.fr\/blog\/wp-json\/wp\/v2\/types\/post"}],"author":[{"embeddable":true,"href":"https:\/\/www.sebastien-auziere.fr\/blog\/wp-json\/wp\/v2\/users\/9"}],"replies":[{"embeddable":true,"href":"https:\/\/www.sebastien-auziere.fr\/blog\/wp-json\/wp\/v2\/comments?post=2802"}],"version-history":[{"count":1,"href":"https:\/\/www.sebastien-auziere.fr\/blog\/wp-json\/wp\/v2\/posts\/2802\/revisions"}],"predecessor-version":[{"id":2803,"href":"https:\/\/www.sebastien-auziere.fr\/blog\/wp-json\/wp\/v2\/posts\/2802\/revisions\/2803"}],"wp:attachment":[{"href":"https:\/\/www.sebastien-auziere.fr\/blog\/wp-json\/wp\/v2\/media?parent=2802"}],"wp:term":[{"taxonomy":"category","embeddable":true,"href":"https:\/\/www.sebastien-auziere.fr\/blog\/wp-json\/wp\/v2\/categories?post=2802"},{"taxonomy":"post_tag","embeddable":true,"href":"https:\/\/www.sebastien-auziere.fr\/blog\/wp-json\/wp\/v2\/tags?post=2802"}],"curies":[{"name":"wp","href":"https:\/\/api.w.org\/{rel}","templated":true}]}}