{"id":2800,"date":"2026-04-06T07:06:46","date_gmt":"2026-04-06T07:06:46","guid":{"rendered":"https:\/\/www.sebastien-auziere.fr\/blog\/?p=2800"},"modified":"2026-04-06T07:07:27","modified_gmt":"2026-04-06T07:07:27","slug":"emmanuel-macron-verurteilt-nachdrucklich-die-aussagen-von-donald-trump-der-seine-behandlung-durch-seine-frau-als-auserst-schlecht-bezeichnete","status":"publish","type":"post","link":"https:\/\/www.sebastien-auziere.fr\/blog\/de\/emmanuel-macron-verurteilt-nachdrucklich-die-aussagen-von-donald-trump-der-seine-behandlung-durch-seine-frau-als-auserst-schlecht-bezeichnete\/","title":{"rendered":"Emmanuel Macron verurteilt nachdr\u00fccklich die Aussagen von Donald Trump, der seine Behandlung durch seine Frau als \u201e\u00e4u\u00dferst schlecht\u201c bezeichnete."},"content":{"rendered":"<p><strong>Emmanuel Macron<\/strong> hat die \u00c4u\u00dferungen von <strong>Donald Trump<\/strong> entschieden verurteilt, die seine <strong>Behandlung<\/strong> durch seine <strong>Frau<\/strong> als \u201e<strong>\u00e4u\u00dferst schlecht<\/strong>\u201c bezeichneten. Diese Worte, die w\u00e4hrend eines privaten Mittagessens am <strong>1. April<\/strong> ge\u00e4u\u00dfert wurden, haben eine heftige <strong>Kontroverse<\/strong> auf der internationalen B\u00fchne ausgel\u00f6st und die Spannungen zwischen Paris und Washington neu entfacht.<\/p>\n\n<p><strong>Kurz gesagt :<\/strong> Donald Trump hat sich \u00fcber ein virales Video aus dem Mai, das Brigitte Macron zeigt, lustig gemacht, und der Abschnitt wurde von dem YouTube-Kanal des Wei\u00dfen Hauses entfernt. W\u00e4hrend eines Besuchs in Seoul am <strong>2. April<\/strong> bezeichnete <strong>Emmanuel Macron<\/strong> diese <strong>\u00c4u\u00dferungen<\/strong> als \u201eweder elegant noch angemessen\u201c und weigerte sich, \u00f6ffentlich darauf zu antworten.<\/p>\n\n<h2 class=\"wp-block-heading\">\u00d6ffentliche Antwort von Emmanuel Macron auf die Angriffe von Donald Trump<\/h2>\n\n<p>Bei einer Rede in S\u00fcdkorea bezeichnete <strong>Emmanuel Macron<\/strong> die <strong>Verurteilung<\/strong> der Worte seines amerikanischen Amtskollegen als unangemessen und zog es vor, ihm keine mediale Antwort zu geben. Der franz\u00f6sische Pr\u00e4sident wurde am <strong>2. April<\/strong> von der Presse angesprochen und stellte fest, dass diese pers\u00f6nlichen Angriffe vom politischen <strong>Debatte<\/strong> zwischen den Verb\u00fcndeten ablenken.<\/p>\n\n<p>Diese Erinnerung an die pr\u00e4sidiale W\u00fcrde unterstreicht sowohl die Statur des Staatsoberhauptes als auch die diplomatische Auswirkung eines privaten Wortes, das \u00f6ffentlich geworden ist. Insight: Der pers\u00f6nliche Angriff schw\u00e4cht den bilateralen Dialog.<\/p>\n\n<h2 class=\"wp-block-heading\">Ein geopolitischer Kontext, der die internationalen Beziehungen belastet<\/h2>\n\n<p>Der Angriff von <strong>Donald Trump<\/strong> ist Teil einer breiteren Kritik an der NATO und der europ\u00e4ischen Politik, insbesondere nach dem Ausbruch des Konflikts im Iran am <strong>28. Februar<\/strong>. Der amerikanische Pr\u00e4sident forderte auch einige Verb\u00fcndete auf, amerikanisches \u00d6l zu kaufen, was die Spannungen \u00fcber die gemeinsame Strategie verst\u00e4rkte.<\/p>\n\n<p>Mehrere Medien haben diese \u00c4u\u00dferungen als Ausdruck einer \u201ezackigen\u201c Beziehung zwischen Washington und Paris gedeutet, mit m\u00f6glichen Konsequenzen f\u00fcr milit\u00e4rische Kooperationen. F\u00fcr weitere Informationen siehe <a href=\"https:\/\/www.lemonde.fr\/international\/article\/2026\/04\/02\/donald-trump-se-moque-du-couple-macron-lors-d-un-dejeuner-prive-le-president-francais-denonce-des-propos-ni-elegants-ni-a-la-hauteur_6676093_3211.html\">die Analyse von Le Monde<\/a>. Insight: Diplomatie und \u00f6ffentliches Image bleiben eng miteinander verbunden.<\/p>\n\n<h2 class=\"wp-block-heading\">Das virale Video und die Verteidigung des Pr\u00e4sidentenpaares<\/h2>\n\n<p>Trump bezog sich auf eine Sequenz aus dem Mai, die Brigitte Macron zeigt, wie sie die H\u00e4nde auf das Gesicht von Emmanuel beim Aussteigen aus einem Flugzeug in Vietnam legt. Der \u00c9lys\u00e9e-Palast hatte damals jede Auseinandersetzung dementiert und den Kontext sowie die K\u00fcrze des Vorfalls betont.<\/p>\n\n<p>Die \u00f6ffentlichen Reaktionen vermischten Ironie und Verteidigung des Privaten und brachten die Frage des Respekts zwischen den F\u00fchrern erneut ins Spiel. F\u00fcr ein nuanciertes Portr\u00e4t von Brigitte und Emmanuel entdecke detaillierte Artikel wie <a href=\"https:\/\/www.sebastien-auziere.fr\/blog\/brigitte-macron-et-emmanuel-macron\/\">dieses Dossier<\/a> und die Chroniken \u00fcber ihren Werdegang.<\/p>\n\n<h2 class=\"wp-block-heading\">Herausforderungen und Folgen f\u00fcr die europ\u00e4ische Politikszene<\/h2>\n\n<p>\u00dcber den Vorfall hinaus haben diese Austausch die strategischen Divergenzen ins Licht ger\u00fcckt: Luftraum\u00fcberfl\u00fcge, milit\u00e4rische Unterst\u00fctzung im Golf und die Haltung gegen\u00fcber dem Iran. Einige Stimmen in Washington, darunter die von republikanischen F\u00fchrern, haben das transatlantische Engagement in Frage gestellt und die Beziehungen instabiler gemacht.<\/p>\n\n<p>Diese Kontroverse wirft einen klaren Blick auf das Gleichgewicht der Allianzen und darauf, wie private \u00c4u\u00dferungen das <strong>internationale Verh\u00e4ltnis<\/strong> beeinflussen k\u00f6nnen. Insight: Das Vertrauen unter Verb\u00fcndeten ist ein fragiles Kapital.<\/p>\n\n<p>Du m\u00f6chtest mehr \u00fcber <strong>S\u00e9bastien Auzi\u00e8re<\/strong> und die Hintergr\u00fcnde des Pr\u00e4sidentschaftslebens erfahren? Besuche die verf\u00fcgbaren Dossiers und Chroniken auf <a href=\"https:\/\/www.sebastien-auziere.fr\/blog\/a-propos\/\">der offiziellen Website<\/a> oder tauche ein in die Recherchen und Berichte rund um Brigitte mit <a href=\"https:\/\/www.sebastien-auziere.fr\/blog\/confidences-brigitte-melania\/\">diesen detaillierten Einblicken<\/a>, um die menschlichen und politischen Herausforderungen, die das Macron-Paar umgeben, besser zu verstehen.<\/p>","protected":false},"excerpt":{"rendered":"<p>Emmanuel Macron hat die \u00c4u\u00dferungen von Donald Trump entschieden verurteilt, die seine Behandlung durch seine Frau als \u201e\u00e4u\u00dferst schlecht\u201c bezeichneten. Diese Worte, die w\u00e4hrend eines privaten Mittagessens am 1. April ge\u00e4u\u00dfert wurden, haben eine heftige Kontroverse auf der internationalen B\u00fchne ausgel\u00f6st und die Spannungen zwischen Paris und Washington neu entfacht. Kurz gesagt : Donald Trump &#8230; <a title=\"Emmanuel Macron verurteilt nachdr\u00fccklich die Aussagen von Donald Trump, der seine Behandlung durch seine Frau als \u201e\u00e4u\u00dferst schlecht\u201c bezeichnete.\" class=\"read-more\" href=\"https:\/\/www.sebastien-auziere.fr\/blog\/de\/emmanuel-macron-verurteilt-nachdrucklich-die-aussagen-von-donald-trump-der-seine-behandlung-durch-seine-frau-als-auserst-schlecht-bezeichnete\/\" aria-label=\"En savoir plus sur Emmanuel Macron verurteilt nachdr\u00fccklich die Aussagen von Donald Trump, der seine Behandlung durch seine Frau als \u201e\u00e4u\u00dferst schlecht\u201c bezeichnete.\">Lire plus<\/a><\/p>\n","protected":false},"author":9,"featured_media":0,"comment_status":"open","ping_status":"open","sticky":false,"template":"","format":"standard","meta":{"footnotes":""},"categories":[856],"tags":[1975,1178,1981,1978,1039],"class_list":["post-2800","post","type-post","status-publish","format-standard","hentry","category-aktuelles-de","tag-donald-trump-de","tag-emmanuel-macron-de","tag-kontroversielle-vorschlage-de","tag-politische-franzosische-de","tag-relations-internationales-de"],"yoast_head":"<!-- This site is optimized with the Yoast SEO plugin v27.5 - https:\/\/yoast.com\/product\/yoast-seo-wordpress\/ -->\n<title>Emmanuel Macron verurteilt nachdr\u00fccklich die Aussagen von Donald Trump, der seine Behandlung durch seine Frau als \u201e\u00e4u\u00dferst schlecht\u201c bezeichnete. - Fan site S\u00e9bastien Auzi\u00e8re<\/title>\n<meta name=\"description\" content=\"Emmanuel Macron condamne fermement les propos de Donald Trump sur sa vie priv\u00e9e, d\u00e9non\u00e7ant l&#039;injustice des accusations sur son couple.\" \/>\n<meta name=\"robots\" content=\"index, follow, max-snippet:-1, max-image-preview:large, max-video-preview:-1\" \/>\n<link rel=\"canonical\" href=\"https:\/\/www.sebastien-auziere.fr\/blog\/de\/emmanuel-macron-verurteilt-nachdrucklich-die-aussagen-von-donald-trump-der-seine-behandlung-durch-seine-frau-als-auserst-schlecht-bezeichnete\/\" \/>\n<meta property=\"og:locale\" content=\"fr_FR\" \/>\n<meta property=\"og:type\" content=\"article\" \/>\n<meta property=\"og:title\" content=\"Emmanuel Macron verurteilt nachdr\u00fccklich die Aussagen von Donald Trump, der seine Behandlung durch seine Frau als \u201e\u00e4u\u00dferst schlecht\u201c bezeichnete. - Fan site S\u00e9bastien Auzi\u00e8re\" \/>\n<meta property=\"og:description\" content=\"Emmanuel Macron condamne fermement les propos de Donald Trump sur sa vie priv\u00e9e, d\u00e9non\u00e7ant l&#039;injustice des accusations sur son couple.\" \/>\n<meta property=\"og:url\" content=\"https:\/\/www.sebastien-auziere.fr\/blog\/de\/emmanuel-macron-verurteilt-nachdrucklich-die-aussagen-von-donald-trump-der-seine-behandlung-durch-seine-frau-als-auserst-schlecht-bezeichnete\/\" \/>\n<meta property=\"og:site_name\" content=\"Fan site S\u00e9bastien Auzi\u00e8re\" \/>\n<meta property=\"article:published_time\" content=\"2026-04-06T07:06:46+00:00\" \/>\n<meta property=\"article:modified_time\" content=\"2026-04-06T07:07:27+00:00\" \/>\n<meta name=\"author\" content=\"Chloe Gauthier\" \/>\n<meta name=\"twitter:card\" content=\"summary_large_image\" \/>\n<meta name=\"twitter:label1\" content=\"\u00c9crit par\" \/>\n\t<meta name=\"twitter:data1\" content=\"Chloe Gauthier\" \/>\n\t<meta name=\"twitter:label2\" content=\"Dur\u00e9e de lecture estim\u00e9e\" \/>\n\t<meta name=\"twitter:data2\" content=\"3 minutes\" \/>\n<script type=\"application\/ld+json\" class=\"yoast-schema-graph\">{\"@context\":\"https:\\\/\\\/schema.org\",\"@graph\":[{\"@type\":\"Article\",\"@id\":\"https:\\\/\\\/www.sebastien-auziere.fr\\\/blog\\\/de\\\/emmanuel-macron-verurteilt-nachdrucklich-die-aussagen-von-donald-trump-der-seine-behandlung-durch-seine-frau-als-auserst-schlecht-bezeichnete\\\/#article\",\"isPartOf\":{\"@id\":\"https:\\\/\\\/www.sebastien-auziere.fr\\\/blog\\\/de\\\/emmanuel-macron-verurteilt-nachdrucklich-die-aussagen-von-donald-trump-der-seine-behandlung-durch-seine-frau-als-auserst-schlecht-bezeichnete\\\/\"},\"author\":{\"name\":\"Chloe Gauthier\",\"@id\":\"https:\\\/\\\/www.sebastien-auziere.fr\\\/blog\\\/#\\\/schema\\\/person\\\/149f1acdbfd85149c6c3e59adeae2f4d\"},\"headline\":\"Emmanuel Macron verurteilt nachdr\u00fccklich die Aussagen von Donald Trump, der seine Behandlung durch seine Frau als \u201e\u00e4u\u00dferst schlecht\u201c bezeichnete.\",\"datePublished\":\"2026-04-06T07:06:46+00:00\",\"dateModified\":\"2026-04-06T07:07:27+00:00\",\"mainEntityOfPage\":{\"@id\":\"https:\\\/\\\/www.sebastien-auziere.fr\\\/blog\\\/de\\\/emmanuel-macron-verurteilt-nachdrucklich-die-aussagen-von-donald-trump-der-seine-behandlung-durch-seine-frau-als-auserst-schlecht-bezeichnete\\\/\"},\"wordCount\":593,\"commentCount\":0,\"publisher\":{\"@id\":\"https:\\\/\\\/www.sebastien-auziere.fr\\\/blog\\\/#organization\"},\"keywords\":[\"donald trump\",\"emmanuel macron\",\"Kontroversielle Vorschl\u00e4ge\",\"politische franz\u00f6sische\",\"relations internationales\"],\"articleSection\":[\"Aktuelles\"],\"inLanguage\":\"fr-FR\",\"potentialAction\":[{\"@type\":\"CommentAction\",\"name\":\"Comment\",\"target\":[\"https:\\\/\\\/www.sebastien-auziere.fr\\\/blog\\\/de\\\/emmanuel-macron-verurteilt-nachdrucklich-die-aussagen-von-donald-trump-der-seine-behandlung-durch-seine-frau-als-auserst-schlecht-bezeichnete\\\/#respond\"]}]},{\"@type\":\"WebPage\",\"@id\":\"https:\\\/\\\/www.sebastien-auziere.fr\\\/blog\\\/de\\\/emmanuel-macron-verurteilt-nachdrucklich-die-aussagen-von-donald-trump-der-seine-behandlung-durch-seine-frau-als-auserst-schlecht-bezeichnete\\\/\",\"url\":\"https:\\\/\\\/www.sebastien-auziere.fr\\\/blog\\\/de\\\/emmanuel-macron-verurteilt-nachdrucklich-die-aussagen-von-donald-trump-der-seine-behandlung-durch-seine-frau-als-auserst-schlecht-bezeichnete\\\/\",\"name\":\"Emmanuel Macron verurteilt nachdr\u00fccklich die Aussagen von Donald Trump, der seine Behandlung durch seine Frau als \u201e\u00e4u\u00dferst schlecht\u201c bezeichnete. - Fan site S\u00e9bastien Auzi\u00e8re\",\"isPartOf\":{\"@id\":\"https:\\\/\\\/www.sebastien-auziere.fr\\\/blog\\\/#website\"},\"datePublished\":\"2026-04-06T07:06:46+00:00\",\"dateModified\":\"2026-04-06T07:07:27+00:00\",\"description\":\"Emmanuel Macron condamne fermement les propos de Donald Trump sur sa vie priv\u00e9e, d\u00e9non\u00e7ant l'injustice des accusations sur son couple.\",\"breadcrumb\":{\"@id\":\"https:\\\/\\\/www.sebastien-auziere.fr\\\/blog\\\/de\\\/emmanuel-macron-verurteilt-nachdrucklich-die-aussagen-von-donald-trump-der-seine-behandlung-durch-seine-frau-als-auserst-schlecht-bezeichnete\\\/#breadcrumb\"},\"inLanguage\":\"fr-FR\",\"potentialAction\":[{\"@type\":\"ReadAction\",\"target\":[\"https:\\\/\\\/www.sebastien-auziere.fr\\\/blog\\\/de\\\/emmanuel-macron-verurteilt-nachdrucklich-die-aussagen-von-donald-trump-der-seine-behandlung-durch-seine-frau-als-auserst-schlecht-bezeichnete\\\/\"]}]},{\"@type\":\"BreadcrumbList\",\"@id\":\"https:\\\/\\\/www.sebastien-auziere.fr\\\/blog\\\/de\\\/emmanuel-macron-verurteilt-nachdrucklich-die-aussagen-von-donald-trump-der-seine-behandlung-durch-seine-frau-als-auserst-schlecht-bezeichnete\\\/#breadcrumb\",\"itemListElement\":[{\"@type\":\"ListItem\",\"position\":1,\"name\":\"Home\",\"item\":\"https:\\\/\\\/www.sebastien-auziere.fr\\\/blog\\\/\"},{\"@type\":\"ListItem\",\"position\":2,\"name\":\"Emmanuel Macron verurteilt nachdr\u00fccklich die Aussagen von Donald Trump, der seine Behandlung durch seine Frau als \u201e\u00e4u\u00dferst schlecht\u201c bezeichnete.\"}]},{\"@type\":\"WebSite\",\"@id\":\"https:\\\/\\\/www.sebastien-auziere.fr\\\/blog\\\/#website\",\"url\":\"https:\\\/\\\/www.sebastien-auziere.fr\\\/blog\\\/\",\"name\":\"Fan site S\u00e9bastien Auzi\u00e8re\",\"description\":\"M\u00e9dia g\u00e9n\u00e9raliste\",\"publisher\":{\"@id\":\"https:\\\/\\\/www.sebastien-auziere.fr\\\/blog\\\/#organization\"},\"potentialAction\":[{\"@type\":\"SearchAction\",\"target\":{\"@type\":\"EntryPoint\",\"urlTemplate\":\"https:\\\/\\\/www.sebastien-auziere.fr\\\/blog\\\/?s={search_term_string}\"},\"query-input\":{\"@type\":\"PropertyValueSpecification\",\"valueRequired\":true,\"valueName\":\"search_term_string\"}}],\"inLanguage\":\"fr-FR\"},{\"@type\":\"Organization\",\"@id\":\"https:\\\/\\\/www.sebastien-auziere.fr\\\/blog\\\/#organization\",\"name\":\"Fan site S\u00e9bastien Auzi\u00e8re\",\"url\":\"https:\\\/\\\/www.sebastien-auziere.fr\\\/blog\\\/\",\"logo\":{\"@type\":\"ImageObject\",\"inLanguage\":\"fr-FR\",\"@id\":\"https:\\\/\\\/www.sebastien-auziere.fr\\\/blog\\\/#\\\/schema\\\/logo\\\/image\\\/\",\"url\":\"https:\\\/\\\/www.sebastien-auziere.fr\\\/blog\\\/wp-content\\\/uploads\\\/2026\\\/03\\\/cropped-cropped-cropped-ChatGPT-Image-6-mars-2026-12_58_09-e1772798376794.jpg\",\"contentUrl\":\"https:\\\/\\\/www.sebastien-auziere.fr\\\/blog\\\/wp-content\\\/uploads\\\/2026\\\/03\\\/cropped-cropped-cropped-ChatGPT-Image-6-mars-2026-12_58_09-e1772798376794.jpg\",\"width\":512,\"height\":360,\"caption\":\"Fan site S\u00e9bastien Auzi\u00e8re\"},\"image\":{\"@id\":\"https:\\\/\\\/www.sebastien-auziere.fr\\\/blog\\\/#\\\/schema\\\/logo\\\/image\\\/\"}},{\"@type\":\"Person\",\"@id\":\"https:\\\/\\\/www.sebastien-auziere.fr\\\/blog\\\/#\\\/schema\\\/person\\\/149f1acdbfd85149c6c3e59adeae2f4d\",\"name\":\"Chloe Gauthier\",\"image\":{\"@type\":\"ImageObject\",\"inLanguage\":\"fr-FR\",\"@id\":\"https:\\\/\\\/secure.gravatar.com\\\/avatar\\\/2c5722f58171cff738a8985ef0dd66b476e563753246a49019befc837ec4201a?s=96&d=mm&r=g\",\"url\":\"https:\\\/\\\/secure.gravatar.com\\\/avatar\\\/2c5722f58171cff738a8985ef0dd66b476e563753246a49019befc837ec4201a?s=96&d=mm&r=g\",\"contentUrl\":\"https:\\\/\\\/secure.gravatar.com\\\/avatar\\\/2c5722f58171cff738a8985ef0dd66b476e563753246a49019befc837ec4201a?s=96&d=mm&r=g\",\"caption\":\"Chloe Gauthier\"},\"description\":\"Passionn\u00e9e par la politique et admiratrice engag\u00e9e de la famille Macron, je consacre mon \u00e9nergie \u00e0 suivre leurs initiatives et \u00e0 promouvoir leurs id\u00e9es. \u00c0 32 ans, je suis convaincue que leur vision est porteuse d'avenir.\",\"url\":\"https:\\\/\\\/www.sebastien-auziere.fr\\\/blog\\\/author\\\/chloe-gauthier\\\/\"}]}<\/script>\n<!-- \/ Yoast SEO plugin. -->","yoast_head_json":{"title":"Emmanuel Macron verurteilt nachdr\u00fccklich die Aussagen von Donald Trump, der seine Behandlung durch seine Frau als \u201e\u00e4u\u00dferst schlecht\u201c bezeichnete. - Fan site S\u00e9bastien Auzi\u00e8re","description":"Emmanuel Macron condamne fermement les propos de Donald Trump sur sa vie priv\u00e9e, d\u00e9non\u00e7ant l'injustice des accusations sur son couple.","robots":{"index":"index","follow":"follow","max-snippet":"max-snippet:-1","max-image-preview":"max-image-preview:large","max-video-preview":"max-video-preview:-1"},"canonical":"https:\/\/www.sebastien-auziere.fr\/blog\/de\/emmanuel-macron-verurteilt-nachdrucklich-die-aussagen-von-donald-trump-der-seine-behandlung-durch-seine-frau-als-auserst-schlecht-bezeichnete\/","og_locale":"fr_FR","og_type":"article","og_title":"Emmanuel Macron verurteilt nachdr\u00fccklich die Aussagen von Donald Trump, der seine Behandlung durch seine Frau als \u201e\u00e4u\u00dferst schlecht\u201c bezeichnete. - Fan site S\u00e9bastien Auzi\u00e8re","og_description":"Emmanuel Macron condamne fermement les propos de Donald Trump sur sa vie priv\u00e9e, d\u00e9non\u00e7ant l'injustice des accusations sur son couple.","og_url":"https:\/\/www.sebastien-auziere.fr\/blog\/de\/emmanuel-macron-verurteilt-nachdrucklich-die-aussagen-von-donald-trump-der-seine-behandlung-durch-seine-frau-als-auserst-schlecht-bezeichnete\/","og_site_name":"Fan site S\u00e9bastien Auzi\u00e8re","article_published_time":"2026-04-06T07:06:46+00:00","article_modified_time":"2026-04-06T07:07:27+00:00","author":"Chloe Gauthier","twitter_card":"summary_large_image","twitter_misc":{"\u00c9crit par":"Chloe Gauthier","Dur\u00e9e de lecture estim\u00e9e":"3 minutes"},"schema":{"@context":"https:\/\/schema.org","@graph":[{"@type":"Article","@id":"https:\/\/www.sebastien-auziere.fr\/blog\/de\/emmanuel-macron-verurteilt-nachdrucklich-die-aussagen-von-donald-trump-der-seine-behandlung-durch-seine-frau-als-auserst-schlecht-bezeichnete\/#article","isPartOf":{"@id":"https:\/\/www.sebastien-auziere.fr\/blog\/de\/emmanuel-macron-verurteilt-nachdrucklich-die-aussagen-von-donald-trump-der-seine-behandlung-durch-seine-frau-als-auserst-schlecht-bezeichnete\/"},"author":{"name":"Chloe Gauthier","@id":"https:\/\/www.sebastien-auziere.fr\/blog\/#\/schema\/person\/149f1acdbfd85149c6c3e59adeae2f4d"},"headline":"Emmanuel Macron verurteilt nachdr\u00fccklich die Aussagen von Donald Trump, der seine Behandlung durch seine Frau als \u201e\u00e4u\u00dferst schlecht\u201c bezeichnete.","datePublished":"2026-04-06T07:06:46+00:00","dateModified":"2026-04-06T07:07:27+00:00","mainEntityOfPage":{"@id":"https:\/\/www.sebastien-auziere.fr\/blog\/de\/emmanuel-macron-verurteilt-nachdrucklich-die-aussagen-von-donald-trump-der-seine-behandlung-durch-seine-frau-als-auserst-schlecht-bezeichnete\/"},"wordCount":593,"commentCount":0,"publisher":{"@id":"https:\/\/www.sebastien-auziere.fr\/blog\/#organization"},"keywords":["donald trump","emmanuel macron","Kontroversielle Vorschl\u00e4ge","politische franz\u00f6sische","relations internationales"],"articleSection":["Aktuelles"],"inLanguage":"fr-FR","potentialAction":[{"@type":"CommentAction","name":"Comment","target":["https:\/\/www.sebastien-auziere.fr\/blog\/de\/emmanuel-macron-verurteilt-nachdrucklich-die-aussagen-von-donald-trump-der-seine-behandlung-durch-seine-frau-als-auserst-schlecht-bezeichnete\/#respond"]}]},{"@type":"WebPage","@id":"https:\/\/www.sebastien-auziere.fr\/blog\/de\/emmanuel-macron-verurteilt-nachdrucklich-die-aussagen-von-donald-trump-der-seine-behandlung-durch-seine-frau-als-auserst-schlecht-bezeichnete\/","url":"https:\/\/www.sebastien-auziere.fr\/blog\/de\/emmanuel-macron-verurteilt-nachdrucklich-die-aussagen-von-donald-trump-der-seine-behandlung-durch-seine-frau-als-auserst-schlecht-bezeichnete\/","name":"Emmanuel Macron verurteilt nachdr\u00fccklich die Aussagen von Donald Trump, der seine Behandlung durch seine Frau als \u201e\u00e4u\u00dferst schlecht\u201c bezeichnete. - Fan site S\u00e9bastien Auzi\u00e8re","isPartOf":{"@id":"https:\/\/www.sebastien-auziere.fr\/blog\/#website"},"datePublished":"2026-04-06T07:06:46+00:00","dateModified":"2026-04-06T07:07:27+00:00","description":"Emmanuel Macron condamne fermement les propos de Donald Trump sur sa vie priv\u00e9e, d\u00e9non\u00e7ant l'injustice des accusations sur son couple.","breadcrumb":{"@id":"https:\/\/www.sebastien-auziere.fr\/blog\/de\/emmanuel-macron-verurteilt-nachdrucklich-die-aussagen-von-donald-trump-der-seine-behandlung-durch-seine-frau-als-auserst-schlecht-bezeichnete\/#breadcrumb"},"inLanguage":"fr-FR","potentialAction":[{"@type":"ReadAction","target":["https:\/\/www.sebastien-auziere.fr\/blog\/de\/emmanuel-macron-verurteilt-nachdrucklich-die-aussagen-von-donald-trump-der-seine-behandlung-durch-seine-frau-als-auserst-schlecht-bezeichnete\/"]}]},{"@type":"BreadcrumbList","@id":"https:\/\/www.sebastien-auziere.fr\/blog\/de\/emmanuel-macron-verurteilt-nachdrucklich-die-aussagen-von-donald-trump-der-seine-behandlung-durch-seine-frau-als-auserst-schlecht-bezeichnete\/#breadcrumb","itemListElement":[{"@type":"ListItem","position":1,"name":"Home","item":"https:\/\/www.sebastien-auziere.fr\/blog\/"},{"@type":"ListItem","position":2,"name":"Emmanuel Macron verurteilt nachdr\u00fccklich die Aussagen von Donald Trump, der seine Behandlung durch seine Frau als \u201e\u00e4u\u00dferst schlecht\u201c bezeichnete."}]},{"@type":"WebSite","@id":"https:\/\/www.sebastien-auziere.fr\/blog\/#website","url":"https:\/\/www.sebastien-auziere.fr\/blog\/","name":"Fan site S\u00e9bastien Auzi\u00e8re","description":"M\u00e9dia g\u00e9n\u00e9raliste","publisher":{"@id":"https:\/\/www.sebastien-auziere.fr\/blog\/#organization"},"potentialAction":[{"@type":"SearchAction","target":{"@type":"EntryPoint","urlTemplate":"https:\/\/www.sebastien-auziere.fr\/blog\/?s={search_term_string}"},"query-input":{"@type":"PropertyValueSpecification","valueRequired":true,"valueName":"search_term_string"}}],"inLanguage":"fr-FR"},{"@type":"Organization","@id":"https:\/\/www.sebastien-auziere.fr\/blog\/#organization","name":"Fan site S\u00e9bastien Auzi\u00e8re","url":"https:\/\/www.sebastien-auziere.fr\/blog\/","logo":{"@type":"ImageObject","inLanguage":"fr-FR","@id":"https:\/\/www.sebastien-auziere.fr\/blog\/#\/schema\/logo\/image\/","url":"https:\/\/www.sebastien-auziere.fr\/blog\/wp-content\/uploads\/2026\/03\/cropped-cropped-cropped-ChatGPT-Image-6-mars-2026-12_58_09-e1772798376794.jpg","contentUrl":"https:\/\/www.sebastien-auziere.fr\/blog\/wp-content\/uploads\/2026\/03\/cropped-cropped-cropped-ChatGPT-Image-6-mars-2026-12_58_09-e1772798376794.jpg","width":512,"height":360,"caption":"Fan site S\u00e9bastien Auzi\u00e8re"},"image":{"@id":"https:\/\/www.sebastien-auziere.fr\/blog\/#\/schema\/logo\/image\/"}},{"@type":"Person","@id":"https:\/\/www.sebastien-auziere.fr\/blog\/#\/schema\/person\/149f1acdbfd85149c6c3e59adeae2f4d","name":"Chloe Gauthier","image":{"@type":"ImageObject","inLanguage":"fr-FR","@id":"https:\/\/secure.gravatar.com\/avatar\/2c5722f58171cff738a8985ef0dd66b476e563753246a49019befc837ec4201a?s=96&d=mm&r=g","url":"https:\/\/secure.gravatar.com\/avatar\/2c5722f58171cff738a8985ef0dd66b476e563753246a49019befc837ec4201a?s=96&d=mm&r=g","contentUrl":"https:\/\/secure.gravatar.com\/avatar\/2c5722f58171cff738a8985ef0dd66b476e563753246a49019befc837ec4201a?s=96&d=mm&r=g","caption":"Chloe Gauthier"},"description":"Passionn\u00e9e par la politique et admiratrice engag\u00e9e de la famille Macron, je consacre mon \u00e9nergie \u00e0 suivre leurs initiatives et \u00e0 promouvoir leurs id\u00e9es. \u00c0 32 ans, je suis convaincue que leur vision est porteuse d'avenir.","url":"https:\/\/www.sebastien-auziere.fr\/blog\/author\/chloe-gauthier\/"}]}},"views":4,"_links":{"self":[{"href":"https:\/\/www.sebastien-auziere.fr\/blog\/wp-json\/wp\/v2\/posts\/2800","targetHints":{"allow":["GET"]}}],"collection":[{"href":"https:\/\/www.sebastien-auziere.fr\/blog\/wp-json\/wp\/v2\/posts"}],"about":[{"href":"https:\/\/www.sebastien-auziere.fr\/blog\/wp-json\/wp\/v2\/types\/post"}],"author":[{"embeddable":true,"href":"https:\/\/www.sebastien-auziere.fr\/blog\/wp-json\/wp\/v2\/users\/9"}],"replies":[{"embeddable":true,"href":"https:\/\/www.sebastien-auziere.fr\/blog\/wp-json\/wp\/v2\/comments?post=2800"}],"version-history":[{"count":1,"href":"https:\/\/www.sebastien-auziere.fr\/blog\/wp-json\/wp\/v2\/posts\/2800\/revisions"}],"predecessor-version":[{"id":2801,"href":"https:\/\/www.sebastien-auziere.fr\/blog\/wp-json\/wp\/v2\/posts\/2800\/revisions\/2801"}],"wp:attachment":[{"href":"https:\/\/www.sebastien-auziere.fr\/blog\/wp-json\/wp\/v2\/media?parent=2800"}],"wp:term":[{"taxonomy":"category","embeddable":true,"href":"https:\/\/www.sebastien-auziere.fr\/blog\/wp-json\/wp\/v2\/categories?post=2800"},{"taxonomy":"post_tag","embeddable":true,"href":"https:\/\/www.sebastien-auziere.fr\/blog\/wp-json\/wp\/v2\/tags?post=2800"}],"curies":[{"name":"wp","href":"https:\/\/api.w.org\/{rel}","templated":true}]}}