{"id":2798,"date":"2026-04-06T07:04:38","date_gmt":"2026-04-06T07:04:38","guid":{"rendered":"https:\/\/www.sebastien-auziere.fr\/blog\/?p=2798"},"modified":"2026-04-06T07:05:18","modified_gmt":"2026-04-06T07:05:18","slug":"emmanuel-macron-denuncia-con-fuerza-los-comentarios-de-donald-trump-calificando-su-tratamiento-por-parte-de-su-esposa-de-extremadamente-mal","status":"publish","type":"post","link":"https:\/\/www.sebastien-auziere.fr\/blog\/es\/emmanuel-macron-denuncia-con-fuerza-los-comentarios-de-donald-trump-calificando-su-tratamiento-por-parte-de-su-esposa-de-extremadamente-mal\/","title":{"rendered":"Emmanuel Macron denuncia con fuerza los comentarios de Donald Trump calificando su tratamiento por parte de su esposa de \u00ab\u00a0extremadamente mal\u00a0\u00bb"},"content":{"rendered":"<p><strong>Emmanuel Macron<\/strong> conden\u00f3 con firmeza las palabras de <strong>Donald Trump<\/strong> calificando su <strong>trato<\/strong> por parte de su <strong>esposa<\/strong> de \u00ab <strong>extremadamente mal<\/strong> \u00bb. Estas palabras, pronunciadas durante un almuerzo privado el <strong>1 de abril<\/strong>, desencadenaron una fuerte <strong>controversia<\/strong> en la escena internacional y reavivaron las tensiones entre Par\u00eds y Washington.<\/p>\n\n<p><strong>En breve :<\/strong> Donald Trump se burl\u00f3 de un video viral de mayo que mostraba a Brigitte Macron, luego el fragmento fue retirado del canal de YouTube de la Casa Blanca. En su visita a Se\u00fal el <strong>2 de abril<\/strong>, <strong>Emmanuel Macron<\/strong> consider\u00f3 estas <strong>declaraciones<\/strong> \u00ab ni elegantes ni a la altura \u00bb y se neg\u00f3 a responder p\u00fablicamente.<\/p>\n\n<h2 class=\"wp-block-heading\">Replica p\u00fablica de Emmanuel Macron ante los ataques de Donald Trump<\/h2>\n\n<p>Durante una intervenci\u00f3n en Corea del Sur, <strong>Emmanuel Macron<\/strong> calific\u00f3 la <strong>denuncia<\/strong> de las palabras de su hom\u00f3logo estadounidense como inapropiada, prefiriendo no darle respuesta medi\u00e1tica. El presidente franc\u00e9s fue interrogado por la prensa el <strong>2 de abril<\/strong> y estim\u00f3 que estos ataques personales desviaban del debate <strong>pol\u00edtico<\/strong> entre aliados.<\/p>\n\n<p>Este recordatorio de la dignidad presidencial subraya tanto la estatura del jefe de Estado como el impacto diplom\u00e1tico de un comentario privado convertido en p\u00fablico. Insight: el ataque personal debilita el di\u00e1logo bilateral.<\/p>\n\n<h2 class=\"wp-block-heading\">Un contexto geopol\u00edtico que envenena las relaciones internacionales<\/h2>\n\n<p>El ataque de <strong>Donald Trump<\/strong> se inscribe en una serie de cr\u00edticas m\u00e1s amplias contra la OTAN y la pol\u00edtica europea, especialmente tras el inicio del conflicto en Ir\u00e1n el <strong>28 de febrero<\/strong>. El presidente estadounidense tambi\u00e9n inst\u00f3 a algunos aliados a comprar petr\u00f3leo estadounidense, acentuando las fricciones sobre la estrategia com\u00fan.<\/p>\n\n<p>Varios medios han analizado estas declaraciones como reveladoras de una relaci\u00f3n \u00ab a trompicones \u00bb entre Washington y Par\u00eds, con posibles consecuencias en las colaboraciones militares. Para leer m\u00e1s, consulta <a href=\"https:\/\/www.lemonde.fr\/international\/article\/2026\/04\/02\/donald-trump-se-moque-du-couple-macron-lors-d-un-dejeuner-prive-le-president-francais-denonce-des-propos-ni-elegants-ni-a-la-hauteur_6676093_3211.html\">el an\u00e1lisis de Le Monde<\/a>. Insight: diplomacia e imagen p\u00fablica siguen estando estrechamente vinculadas.<\/p>\n\n<h2 class=\"wp-block-heading\">El video viral y la defensa de la pareja presidencial<\/h2>\n\n<p>Trump se refer\u00eda a un clip de mayo mostrando a Brigitte Macron poniendo las manos en el rostro de Emmanuel al desembarcar de un avi\u00f3n en Vietnam. El El\u00edseo hab\u00eda desmentido cualquier altercado, recordando el contexto y la brevedad del incidente.<\/p>\n\n<p>Las reacciones p\u00fablicas combinaron iron\u00eda y defensa de lo privado, reiniciando la cuesti\u00f3n del respeto entre l\u00edderes. Para un retrato matizado de Brigitte y Emmanuel, descubre los art\u00edculos detallados como <a href=\"https:\/\/www.sebastien-auziere.fr\/blog\/brigitte-macron-et-emmanuel-macron\/\">este dossier<\/a> y las cr\u00f3nicas sobre su trayectoria.<\/p>\n\n<h2 class=\"wp-block-heading\">Retos y repercusiones para la escena pol\u00edtica europea<\/h2>\n\n<p>M\u00e1s all\u00e1 del incidente, estos intercambios han puesto de relieve divergencias estrat\u00e9gicas: sobrevuelo a\u00e9reo, apoyo militar en el Golfo y la postura frente a Ir\u00e1n. Voces en Washington, incluyendo a dirigentes republicanos, han cuestionado el compromiso transatl\u00e1ntico, volviendo las relaciones m\u00e1s inestables.<\/p>\n\n<p>Esta pol\u00e9mica arroja una mirada cruda sobre el equilibrio de las alianzas y sobre la forma en que los comentarios privados pueden influir en las <strong>relaciones internacionales<\/strong>. Insight: la confianza entre aliados es un capital fr\u00e1gil.<\/p>\n\n<p>\u00bfQuieres saber m\u00e1s sobre <strong>S\u00e9bastien Auzi\u00e8re<\/strong> y los entresijos de la vida presidencial? Visita los dossiers y cr\u00f3nicas disponibles en <a href=\"https:\/\/www.sebastien-auziere.fr\/blog\/a-propos\/\">el sitio oficial<\/a> o sum\u00e9rgete en las investigaciones y relatos sobre Brigitte con <a href=\"https:\/\/www.sebastien-auziere.fr\/blog\/confidences-brigitte-melania\/\">estas confidencias detalladas<\/a> para comprender mejor los retos humanos y pol\u00edticos que rodean a la pareja Macron.<\/p>","protected":false},"excerpt":{"rendered":"<p>Emmanuel Macron conden\u00f3 con firmeza las palabras de Donald Trump calificando su trato por parte de su esposa de \u00ab extremadamente mal \u00bb. Estas palabras, pronunciadas durante un almuerzo privado el 1 de abril, desencadenaron una fuerte controversia en la escena internacional y reavivaron las tensiones entre Par\u00eds y Washington. En breve : Donald Trump &#8230; <a title=\"Emmanuel Macron denuncia con fuerza los comentarios de Donald Trump calificando su tratamiento por parte de su esposa de \u00ab\u00a0extremadamente mal\u00a0\u00bb\" class=\"read-more\" href=\"https:\/\/www.sebastien-auziere.fr\/blog\/es\/emmanuel-macron-denuncia-con-fuerza-los-comentarios-de-donald-trump-calificando-su-tratamiento-por-parte-de-su-esposa-de-extremadamente-mal\/\" aria-label=\"En savoir plus sur Emmanuel Macron denuncia con fuerza los comentarios de Donald Trump calificando su tratamiento por parte de su esposa de \u00ab\u00a0extremadamente mal\u00a0\u00bb\">Lire plus<\/a><\/p>\n","protected":false},"author":9,"featured_media":0,"comment_status":"open","ping_status":"open","sticky":false,"template":"","format":"standard","meta":{"footnotes":""},"categories":[820],"tags":[1966,1166,1969,1972,1027],"class_list":["post-2798","post","type-post","status-publish","format-standard","hentry","category-actualidades-es","tag-donald-trump-es","tag-emmanuel-macron-es","tag-politica-francesa-es","tag-propuestas-polemicas-es","tag-relaciones-internacionales-es"],"yoast_head":"<!-- This site is optimized with the Yoast SEO plugin v27.5 - https:\/\/yoast.com\/product\/yoast-seo-wordpress\/ -->\n<title>Emmanuel Macron denuncia con fuerza los comentarios de Donald Trump calificando su tratamiento por parte de su esposa de &quot;extremadamente mal&quot; - Fan site S\u00e9bastien Auzi\u00e8re<\/title>\n<meta name=\"description\" content=\"Emmanuel Macron condamne fermement les propos de Donald Trump sur sa vie priv\u00e9e, d\u00e9non\u00e7ant l&#039;injustice des accusations sur son couple.\" \/>\n<meta name=\"robots\" content=\"index, follow, max-snippet:-1, max-image-preview:large, max-video-preview:-1\" \/>\n<link rel=\"canonical\" href=\"https:\/\/www.sebastien-auziere.fr\/blog\/es\/emmanuel-macron-denuncia-con-fuerza-los-comentarios-de-donald-trump-calificando-su-tratamiento-por-parte-de-su-esposa-de-extremadamente-mal\/\" \/>\n<meta property=\"og:locale\" content=\"fr_FR\" \/>\n<meta property=\"og:type\" content=\"article\" \/>\n<meta property=\"og:title\" content=\"Emmanuel Macron denuncia con fuerza los comentarios de Donald Trump calificando su tratamiento por parte de su esposa de &quot;extremadamente mal&quot; - Fan site S\u00e9bastien Auzi\u00e8re\" \/>\n<meta property=\"og:description\" content=\"Emmanuel Macron condamne fermement les propos de Donald Trump sur sa vie priv\u00e9e, d\u00e9non\u00e7ant l&#039;injustice des accusations sur son couple.\" \/>\n<meta property=\"og:url\" content=\"https:\/\/www.sebastien-auziere.fr\/blog\/es\/emmanuel-macron-denuncia-con-fuerza-los-comentarios-de-donald-trump-calificando-su-tratamiento-por-parte-de-su-esposa-de-extremadamente-mal\/\" \/>\n<meta property=\"og:site_name\" content=\"Fan site S\u00e9bastien Auzi\u00e8re\" \/>\n<meta property=\"article:published_time\" content=\"2026-04-06T07:04:38+00:00\" \/>\n<meta property=\"article:modified_time\" content=\"2026-04-06T07:05:18+00:00\" \/>\n<meta name=\"author\" content=\"Chloe Gauthier\" \/>\n<meta name=\"twitter:card\" content=\"summary_large_image\" \/>\n<meta name=\"twitter:label1\" content=\"\u00c9crit par\" \/>\n\t<meta name=\"twitter:data1\" content=\"Chloe Gauthier\" \/>\n\t<meta name=\"twitter:label2\" content=\"Dur\u00e9e de lecture estim\u00e9e\" \/>\n\t<meta name=\"twitter:data2\" content=\"3 minutes\" \/>\n<script type=\"application\/ld+json\" class=\"yoast-schema-graph\">{\"@context\":\"https:\\\/\\\/schema.org\",\"@graph\":[{\"@type\":\"Article\",\"@id\":\"https:\\\/\\\/www.sebastien-auziere.fr\\\/blog\\\/es\\\/emmanuel-macron-denuncia-con-fuerza-los-comentarios-de-donald-trump-calificando-su-tratamiento-por-parte-de-su-esposa-de-extremadamente-mal\\\/#article\",\"isPartOf\":{\"@id\":\"https:\\\/\\\/www.sebastien-auziere.fr\\\/blog\\\/es\\\/emmanuel-macron-denuncia-con-fuerza-los-comentarios-de-donald-trump-calificando-su-tratamiento-por-parte-de-su-esposa-de-extremadamente-mal\\\/\"},\"author\":{\"name\":\"Chloe Gauthier\",\"@id\":\"https:\\\/\\\/www.sebastien-auziere.fr\\\/blog\\\/#\\\/schema\\\/person\\\/149f1acdbfd85149c6c3e59adeae2f4d\"},\"headline\":\"Emmanuel Macron denuncia con fuerza los comentarios de Donald Trump calificando su tratamiento por parte de su esposa de \u00ab\u00a0extremadamente mal\u00a0\u00bb\",\"datePublished\":\"2026-04-06T07:04:38+00:00\",\"dateModified\":\"2026-04-06T07:05:18+00:00\",\"mainEntityOfPage\":{\"@id\":\"https:\\\/\\\/www.sebastien-auziere.fr\\\/blog\\\/es\\\/emmanuel-macron-denuncia-con-fuerza-los-comentarios-de-donald-trump-calificando-su-tratamiento-por-parte-de-su-esposa-de-extremadamente-mal\\\/\"},\"wordCount\":592,\"commentCount\":0,\"publisher\":{\"@id\":\"https:\\\/\\\/www.sebastien-auziere.fr\\\/blog\\\/#organization\"},\"keywords\":[\"donald trump\",\"emmanuel macron\",\"pol\u00edtica francesa\",\"propuestas pol\u00e9micas\",\"relaciones internacionales\"],\"articleSection\":[\"Actualidades\"],\"inLanguage\":\"fr-FR\",\"potentialAction\":[{\"@type\":\"CommentAction\",\"name\":\"Comment\",\"target\":[\"https:\\\/\\\/www.sebastien-auziere.fr\\\/blog\\\/es\\\/emmanuel-macron-denuncia-con-fuerza-los-comentarios-de-donald-trump-calificando-su-tratamiento-por-parte-de-su-esposa-de-extremadamente-mal\\\/#respond\"]}]},{\"@type\":\"WebPage\",\"@id\":\"https:\\\/\\\/www.sebastien-auziere.fr\\\/blog\\\/es\\\/emmanuel-macron-denuncia-con-fuerza-los-comentarios-de-donald-trump-calificando-su-tratamiento-por-parte-de-su-esposa-de-extremadamente-mal\\\/\",\"url\":\"https:\\\/\\\/www.sebastien-auziere.fr\\\/blog\\\/es\\\/emmanuel-macron-denuncia-con-fuerza-los-comentarios-de-donald-trump-calificando-su-tratamiento-por-parte-de-su-esposa-de-extremadamente-mal\\\/\",\"name\":\"Emmanuel Macron denuncia con fuerza los comentarios de Donald Trump calificando su tratamiento por parte de su esposa de \\\"extremadamente mal\\\" - Fan site S\u00e9bastien Auzi\u00e8re\",\"isPartOf\":{\"@id\":\"https:\\\/\\\/www.sebastien-auziere.fr\\\/blog\\\/#website\"},\"datePublished\":\"2026-04-06T07:04:38+00:00\",\"dateModified\":\"2026-04-06T07:05:18+00:00\",\"description\":\"Emmanuel Macron condamne fermement les propos de Donald Trump sur sa vie priv\u00e9e, d\u00e9non\u00e7ant l'injustice des accusations sur son couple.\",\"breadcrumb\":{\"@id\":\"https:\\\/\\\/www.sebastien-auziere.fr\\\/blog\\\/es\\\/emmanuel-macron-denuncia-con-fuerza-los-comentarios-de-donald-trump-calificando-su-tratamiento-por-parte-de-su-esposa-de-extremadamente-mal\\\/#breadcrumb\"},\"inLanguage\":\"fr-FR\",\"potentialAction\":[{\"@type\":\"ReadAction\",\"target\":[\"https:\\\/\\\/www.sebastien-auziere.fr\\\/blog\\\/es\\\/emmanuel-macron-denuncia-con-fuerza-los-comentarios-de-donald-trump-calificando-su-tratamiento-por-parte-de-su-esposa-de-extremadamente-mal\\\/\"]}]},{\"@type\":\"BreadcrumbList\",\"@id\":\"https:\\\/\\\/www.sebastien-auziere.fr\\\/blog\\\/es\\\/emmanuel-macron-denuncia-con-fuerza-los-comentarios-de-donald-trump-calificando-su-tratamiento-por-parte-de-su-esposa-de-extremadamente-mal\\\/#breadcrumb\",\"itemListElement\":[{\"@type\":\"ListItem\",\"position\":1,\"name\":\"Home\",\"item\":\"https:\\\/\\\/www.sebastien-auziere.fr\\\/blog\\\/\"},{\"@type\":\"ListItem\",\"position\":2,\"name\":\"Emmanuel Macron denuncia con fuerza los comentarios de Donald Trump calificando su tratamiento por parte de su esposa de \u00ab\u00a0extremadamente mal\u00a0\u00bb\"}]},{\"@type\":\"WebSite\",\"@id\":\"https:\\\/\\\/www.sebastien-auziere.fr\\\/blog\\\/#website\",\"url\":\"https:\\\/\\\/www.sebastien-auziere.fr\\\/blog\\\/\",\"name\":\"Fan site S\u00e9bastien Auzi\u00e8re\",\"description\":\"M\u00e9dia g\u00e9n\u00e9raliste\",\"publisher\":{\"@id\":\"https:\\\/\\\/www.sebastien-auziere.fr\\\/blog\\\/#organization\"},\"potentialAction\":[{\"@type\":\"SearchAction\",\"target\":{\"@type\":\"EntryPoint\",\"urlTemplate\":\"https:\\\/\\\/www.sebastien-auziere.fr\\\/blog\\\/?s={search_term_string}\"},\"query-input\":{\"@type\":\"PropertyValueSpecification\",\"valueRequired\":true,\"valueName\":\"search_term_string\"}}],\"inLanguage\":\"fr-FR\"},{\"@type\":\"Organization\",\"@id\":\"https:\\\/\\\/www.sebastien-auziere.fr\\\/blog\\\/#organization\",\"name\":\"Fan site S\u00e9bastien Auzi\u00e8re\",\"url\":\"https:\\\/\\\/www.sebastien-auziere.fr\\\/blog\\\/\",\"logo\":{\"@type\":\"ImageObject\",\"inLanguage\":\"fr-FR\",\"@id\":\"https:\\\/\\\/www.sebastien-auziere.fr\\\/blog\\\/#\\\/schema\\\/logo\\\/image\\\/\",\"url\":\"https:\\\/\\\/www.sebastien-auziere.fr\\\/blog\\\/wp-content\\\/uploads\\\/2026\\\/03\\\/cropped-cropped-cropped-ChatGPT-Image-6-mars-2026-12_58_09-e1772798376794.jpg\",\"contentUrl\":\"https:\\\/\\\/www.sebastien-auziere.fr\\\/blog\\\/wp-content\\\/uploads\\\/2026\\\/03\\\/cropped-cropped-cropped-ChatGPT-Image-6-mars-2026-12_58_09-e1772798376794.jpg\",\"width\":512,\"height\":360,\"caption\":\"Fan site S\u00e9bastien Auzi\u00e8re\"},\"image\":{\"@id\":\"https:\\\/\\\/www.sebastien-auziere.fr\\\/blog\\\/#\\\/schema\\\/logo\\\/image\\\/\"}},{\"@type\":\"Person\",\"@id\":\"https:\\\/\\\/www.sebastien-auziere.fr\\\/blog\\\/#\\\/schema\\\/person\\\/149f1acdbfd85149c6c3e59adeae2f4d\",\"name\":\"Chloe Gauthier\",\"image\":{\"@type\":\"ImageObject\",\"inLanguage\":\"fr-FR\",\"@id\":\"https:\\\/\\\/secure.gravatar.com\\\/avatar\\\/2c5722f58171cff738a8985ef0dd66b476e563753246a49019befc837ec4201a?s=96&d=mm&r=g\",\"url\":\"https:\\\/\\\/secure.gravatar.com\\\/avatar\\\/2c5722f58171cff738a8985ef0dd66b476e563753246a49019befc837ec4201a?s=96&d=mm&r=g\",\"contentUrl\":\"https:\\\/\\\/secure.gravatar.com\\\/avatar\\\/2c5722f58171cff738a8985ef0dd66b476e563753246a49019befc837ec4201a?s=96&d=mm&r=g\",\"caption\":\"Chloe Gauthier\"},\"description\":\"Passionn\u00e9e par la politique et admiratrice engag\u00e9e de la famille Macron, je consacre mon \u00e9nergie \u00e0 suivre leurs initiatives et \u00e0 promouvoir leurs id\u00e9es. \u00c0 32 ans, je suis convaincue que leur vision est porteuse d'avenir.\",\"url\":\"https:\\\/\\\/www.sebastien-auziere.fr\\\/blog\\\/author\\\/chloe-gauthier\\\/\"}]}<\/script>\n<!-- \/ Yoast SEO plugin. -->","yoast_head_json":{"title":"Emmanuel Macron denuncia con fuerza los comentarios de Donald Trump calificando su tratamiento por parte de su esposa de \"extremadamente mal\" - Fan site S\u00e9bastien Auzi\u00e8re","description":"Emmanuel Macron condamne fermement les propos de Donald Trump sur sa vie priv\u00e9e, d\u00e9non\u00e7ant l'injustice des accusations sur son couple.","robots":{"index":"index","follow":"follow","max-snippet":"max-snippet:-1","max-image-preview":"max-image-preview:large","max-video-preview":"max-video-preview:-1"},"canonical":"https:\/\/www.sebastien-auziere.fr\/blog\/es\/emmanuel-macron-denuncia-con-fuerza-los-comentarios-de-donald-trump-calificando-su-tratamiento-por-parte-de-su-esposa-de-extremadamente-mal\/","og_locale":"fr_FR","og_type":"article","og_title":"Emmanuel Macron denuncia con fuerza los comentarios de Donald Trump calificando su tratamiento por parte de su esposa de \"extremadamente mal\" - Fan site S\u00e9bastien Auzi\u00e8re","og_description":"Emmanuel Macron condamne fermement les propos de Donald Trump sur sa vie priv\u00e9e, d\u00e9non\u00e7ant l'injustice des accusations sur son couple.","og_url":"https:\/\/www.sebastien-auziere.fr\/blog\/es\/emmanuel-macron-denuncia-con-fuerza-los-comentarios-de-donald-trump-calificando-su-tratamiento-por-parte-de-su-esposa-de-extremadamente-mal\/","og_site_name":"Fan site S\u00e9bastien Auzi\u00e8re","article_published_time":"2026-04-06T07:04:38+00:00","article_modified_time":"2026-04-06T07:05:18+00:00","author":"Chloe Gauthier","twitter_card":"summary_large_image","twitter_misc":{"\u00c9crit par":"Chloe Gauthier","Dur\u00e9e de lecture estim\u00e9e":"3 minutes"},"schema":{"@context":"https:\/\/schema.org","@graph":[{"@type":"Article","@id":"https:\/\/www.sebastien-auziere.fr\/blog\/es\/emmanuel-macron-denuncia-con-fuerza-los-comentarios-de-donald-trump-calificando-su-tratamiento-por-parte-de-su-esposa-de-extremadamente-mal\/#article","isPartOf":{"@id":"https:\/\/www.sebastien-auziere.fr\/blog\/es\/emmanuel-macron-denuncia-con-fuerza-los-comentarios-de-donald-trump-calificando-su-tratamiento-por-parte-de-su-esposa-de-extremadamente-mal\/"},"author":{"name":"Chloe Gauthier","@id":"https:\/\/www.sebastien-auziere.fr\/blog\/#\/schema\/person\/149f1acdbfd85149c6c3e59adeae2f4d"},"headline":"Emmanuel Macron denuncia con fuerza los comentarios de Donald Trump calificando su tratamiento por parte de su esposa de \u00ab\u00a0extremadamente mal\u00a0\u00bb","datePublished":"2026-04-06T07:04:38+00:00","dateModified":"2026-04-06T07:05:18+00:00","mainEntityOfPage":{"@id":"https:\/\/www.sebastien-auziere.fr\/blog\/es\/emmanuel-macron-denuncia-con-fuerza-los-comentarios-de-donald-trump-calificando-su-tratamiento-por-parte-de-su-esposa-de-extremadamente-mal\/"},"wordCount":592,"commentCount":0,"publisher":{"@id":"https:\/\/www.sebastien-auziere.fr\/blog\/#organization"},"keywords":["donald trump","emmanuel macron","pol\u00edtica francesa","propuestas pol\u00e9micas","relaciones internacionales"],"articleSection":["Actualidades"],"inLanguage":"fr-FR","potentialAction":[{"@type":"CommentAction","name":"Comment","target":["https:\/\/www.sebastien-auziere.fr\/blog\/es\/emmanuel-macron-denuncia-con-fuerza-los-comentarios-de-donald-trump-calificando-su-tratamiento-por-parte-de-su-esposa-de-extremadamente-mal\/#respond"]}]},{"@type":"WebPage","@id":"https:\/\/www.sebastien-auziere.fr\/blog\/es\/emmanuel-macron-denuncia-con-fuerza-los-comentarios-de-donald-trump-calificando-su-tratamiento-por-parte-de-su-esposa-de-extremadamente-mal\/","url":"https:\/\/www.sebastien-auziere.fr\/blog\/es\/emmanuel-macron-denuncia-con-fuerza-los-comentarios-de-donald-trump-calificando-su-tratamiento-por-parte-de-su-esposa-de-extremadamente-mal\/","name":"Emmanuel Macron denuncia con fuerza los comentarios de Donald Trump calificando su tratamiento por parte de su esposa de \"extremadamente mal\" - Fan site S\u00e9bastien Auzi\u00e8re","isPartOf":{"@id":"https:\/\/www.sebastien-auziere.fr\/blog\/#website"},"datePublished":"2026-04-06T07:04:38+00:00","dateModified":"2026-04-06T07:05:18+00:00","description":"Emmanuel Macron condamne fermement les propos de Donald Trump sur sa vie priv\u00e9e, d\u00e9non\u00e7ant l'injustice des accusations sur son couple.","breadcrumb":{"@id":"https:\/\/www.sebastien-auziere.fr\/blog\/es\/emmanuel-macron-denuncia-con-fuerza-los-comentarios-de-donald-trump-calificando-su-tratamiento-por-parte-de-su-esposa-de-extremadamente-mal\/#breadcrumb"},"inLanguage":"fr-FR","potentialAction":[{"@type":"ReadAction","target":["https:\/\/www.sebastien-auziere.fr\/blog\/es\/emmanuel-macron-denuncia-con-fuerza-los-comentarios-de-donald-trump-calificando-su-tratamiento-por-parte-de-su-esposa-de-extremadamente-mal\/"]}]},{"@type":"BreadcrumbList","@id":"https:\/\/www.sebastien-auziere.fr\/blog\/es\/emmanuel-macron-denuncia-con-fuerza-los-comentarios-de-donald-trump-calificando-su-tratamiento-por-parte-de-su-esposa-de-extremadamente-mal\/#breadcrumb","itemListElement":[{"@type":"ListItem","position":1,"name":"Home","item":"https:\/\/www.sebastien-auziere.fr\/blog\/"},{"@type":"ListItem","position":2,"name":"Emmanuel Macron denuncia con fuerza los comentarios de Donald Trump calificando su tratamiento por parte de su esposa de \u00ab\u00a0extremadamente mal\u00a0\u00bb"}]},{"@type":"WebSite","@id":"https:\/\/www.sebastien-auziere.fr\/blog\/#website","url":"https:\/\/www.sebastien-auziere.fr\/blog\/","name":"Fan site S\u00e9bastien Auzi\u00e8re","description":"M\u00e9dia g\u00e9n\u00e9raliste","publisher":{"@id":"https:\/\/www.sebastien-auziere.fr\/blog\/#organization"},"potentialAction":[{"@type":"SearchAction","target":{"@type":"EntryPoint","urlTemplate":"https:\/\/www.sebastien-auziere.fr\/blog\/?s={search_term_string}"},"query-input":{"@type":"PropertyValueSpecification","valueRequired":true,"valueName":"search_term_string"}}],"inLanguage":"fr-FR"},{"@type":"Organization","@id":"https:\/\/www.sebastien-auziere.fr\/blog\/#organization","name":"Fan site S\u00e9bastien Auzi\u00e8re","url":"https:\/\/www.sebastien-auziere.fr\/blog\/","logo":{"@type":"ImageObject","inLanguage":"fr-FR","@id":"https:\/\/www.sebastien-auziere.fr\/blog\/#\/schema\/logo\/image\/","url":"https:\/\/www.sebastien-auziere.fr\/blog\/wp-content\/uploads\/2026\/03\/cropped-cropped-cropped-ChatGPT-Image-6-mars-2026-12_58_09-e1772798376794.jpg","contentUrl":"https:\/\/www.sebastien-auziere.fr\/blog\/wp-content\/uploads\/2026\/03\/cropped-cropped-cropped-ChatGPT-Image-6-mars-2026-12_58_09-e1772798376794.jpg","width":512,"height":360,"caption":"Fan site S\u00e9bastien Auzi\u00e8re"},"image":{"@id":"https:\/\/www.sebastien-auziere.fr\/blog\/#\/schema\/logo\/image\/"}},{"@type":"Person","@id":"https:\/\/www.sebastien-auziere.fr\/blog\/#\/schema\/person\/149f1acdbfd85149c6c3e59adeae2f4d","name":"Chloe Gauthier","image":{"@type":"ImageObject","inLanguage":"fr-FR","@id":"https:\/\/secure.gravatar.com\/avatar\/2c5722f58171cff738a8985ef0dd66b476e563753246a49019befc837ec4201a?s=96&d=mm&r=g","url":"https:\/\/secure.gravatar.com\/avatar\/2c5722f58171cff738a8985ef0dd66b476e563753246a49019befc837ec4201a?s=96&d=mm&r=g","contentUrl":"https:\/\/secure.gravatar.com\/avatar\/2c5722f58171cff738a8985ef0dd66b476e563753246a49019befc837ec4201a?s=96&d=mm&r=g","caption":"Chloe Gauthier"},"description":"Passionn\u00e9e par la politique et admiratrice engag\u00e9e de la famille Macron, je consacre mon \u00e9nergie \u00e0 suivre leurs initiatives et \u00e0 promouvoir leurs id\u00e9es. \u00c0 32 ans, je suis convaincue que leur vision est porteuse d'avenir.","url":"https:\/\/www.sebastien-auziere.fr\/blog\/author\/chloe-gauthier\/"}]}},"views":5,"_links":{"self":[{"href":"https:\/\/www.sebastien-auziere.fr\/blog\/wp-json\/wp\/v2\/posts\/2798","targetHints":{"allow":["GET"]}}],"collection":[{"href":"https:\/\/www.sebastien-auziere.fr\/blog\/wp-json\/wp\/v2\/posts"}],"about":[{"href":"https:\/\/www.sebastien-auziere.fr\/blog\/wp-json\/wp\/v2\/types\/post"}],"author":[{"embeddable":true,"href":"https:\/\/www.sebastien-auziere.fr\/blog\/wp-json\/wp\/v2\/users\/9"}],"replies":[{"embeddable":true,"href":"https:\/\/www.sebastien-auziere.fr\/blog\/wp-json\/wp\/v2\/comments?post=2798"}],"version-history":[{"count":1,"href":"https:\/\/www.sebastien-auziere.fr\/blog\/wp-json\/wp\/v2\/posts\/2798\/revisions"}],"predecessor-version":[{"id":2799,"href":"https:\/\/www.sebastien-auziere.fr\/blog\/wp-json\/wp\/v2\/posts\/2798\/revisions\/2799"}],"wp:attachment":[{"href":"https:\/\/www.sebastien-auziere.fr\/blog\/wp-json\/wp\/v2\/media?parent=2798"}],"wp:term":[{"taxonomy":"category","embeddable":true,"href":"https:\/\/www.sebastien-auziere.fr\/blog\/wp-json\/wp\/v2\/categories?post=2798"},{"taxonomy":"post_tag","embeddable":true,"href":"https:\/\/www.sebastien-auziere.fr\/blog\/wp-json\/wp\/v2\/tags?post=2798"}],"curies":[{"name":"wp","href":"https:\/\/api.w.org\/{rel}","templated":true}]}}