{"id":2796,"date":"2026-04-06T07:04:06","date_gmt":"2026-04-06T07:04:06","guid":{"rendered":"https:\/\/www.sebastien-auziere.fr\/blog\/?p=2796"},"modified":"2026-04-06T07:04:37","modified_gmt":"2026-04-06T07:04:37","slug":"emmanuel-macron-strongly-denounces-the-remarks-made-by-donald-trump-describing-his-treatment-by-his-wife-as-extremely-bad","status":"publish","type":"post","link":"https:\/\/www.sebastien-auziere.fr\/blog\/en\/emmanuel-macron-strongly-denounces-the-remarks-made-by-donald-trump-describing-his-treatment-by-his-wife-as-extremely-bad\/","title":{"rendered":"Emmanuel Macron strongly denounces the remarks made by Donald Trump describing his treatment by his wife as \u00ab\u00a0extremely bad\u00a0\u00bb"},"content":{"rendered":"<p><strong>Emmanuel Macron<\/strong> firmly condemned the remarks made by <strong>Donald Trump<\/strong> describing his <strong>treatment<\/strong> by his <strong>wife<\/strong> as \u00a0\u00bb <strong>extremely poor<\/strong>.\u201d These words, spoken during a private lunch on <strong>April 1<\/strong>, sparked a fierce <strong>controversy<\/strong> on the international stage and rekindled tensions between Paris and Washington.<\/p>\n\n<p><strong>In brief:<\/strong> Donald Trump mocked a viral video from May showing Brigitte Macron, and the segment was subsequently removed from the White House&rsquo;s YouTube channel. Traveling in Seoul on <strong>April 2<\/strong>, <strong>Emmanuel Macron<\/strong> deemed these <strong>comments<\/strong> \u00ab\u00a0neither elegant nor fitting\u00a0\u00bb and refused to respond publicly.<\/p>\n\n<h2 class=\"wp-block-heading\">Public response from Emmanuel Macron to Donald Trump&rsquo;s attacks<\/h2>\n\n<p>During a speech in South Korea, <strong>Emmanuel Macron<\/strong> described the denouncement of his American counterpart&rsquo;s words as misplaced, preferring not to grant him a media response. The French president was addressed by the press on <strong>April 2<\/strong> and stated that these personal attacks deviated from the <strong>political<\/strong> debate among allies.<\/p>\n\n<p>This reminder of presidential dignity highlights both the stature of the head of state and the diplomatic impact of a private comment becoming public. Insight: personal attacks weaken bilateral dialogue.<\/p>\n\n<h2 class=\"wp-block-heading\">A geopolitical context that worsens international relations<\/h2>\n\n<p>Trump&rsquo;s jab is part of a broader series of criticisms against NATO and European policy, particularly after the conflict in Iran erupted on <strong>February 28<\/strong>. The American president also urged certain allies to buy American oil, heightening tensions over common strategy.<\/p>\n\n<p>Several media outlets have analyzed these comments as indicative of a \u00ab\u00a0zigzagging\u00a0\u00bb relationship between Washington and Paris, with possible consequences for military cooperation. To read more, consult <a href=\"https:\/\/www.lemonde.fr\/international\/article\/2026\/04\/02\/donald-trump-se-moque-du-couple-macron-lors-d-un-dejeuner-prive-le-president-francais-denonce-des-propos-ni-elegants-ni-a-la-hauteur_6676093_3211.html\">Le Monde&rsquo;s analysis<\/a>. Insight: diplomacy and public image remain closely linked.<\/p>\n\n<h2 class=\"wp-block-heading\">The viral video and the defense of the presidential couple<\/h2>\n\n<p>Trump was referring to a segment from May showing Brigitte Macron placing her hands on Emmanuel&rsquo;s face as they disembarked from a plane in Vietnam. The \u00c9lys\u00e9e had then denied any altercation, recalling the context and brevity of the incident.<\/p>\n\n<p>Public reactions have mixed irony and defense of privacy, reigniting the question of respect among leaders. For a nuanced portrait of Brigitte and Emmanuel, explore detailed articles like <a href=\"https:\/\/www.sebastien-auziere.fr\/blog\/brigitte-macron-et-emmanuel-macron\/\">this dossier<\/a> and columns about their journey.<\/p>\n\n<h2 class=\"wp-block-heading\">Issues and consequences for the European political scene<\/h2>\n\n<p>Beyond the incident, these exchanges have highlighted strategic divergences: air surveillance, military support in the Gulf, and posture towards Iran. Voices in Washington, including those of Republican leaders, have questioned transatlantic commitment, making relations more unstable.<\/p>\n\n<p>This controversy casts a harsh light on the balance of alliances and how private remarks can weigh in <strong>international relations<\/strong>. Insight: trust among allies is a fragile asset.<\/p>\n\n<p>Want to know more about <strong>S\u00e9bastien Auzi\u00e8re<\/strong> and the behind-the-scenes of presidential life? Visit the available dossiers and columns on <a href=\"https:\/\/www.sebastien-auziere.fr\/blog\/a-propos\/\">the official site<\/a> or dive into investigations and stories around Brigitte with <a href=\"https:\/\/www.sebastien-auziere.fr\/blog\/confidences-brigitte-melania\/\">these detailed confidences<\/a> to better understand the human and political stakes surrounding the Macron couple.<\/p>","protected":false},"excerpt":{"rendered":"<p>Emmanuel Macron firmly condemned the remarks made by Donald Trump describing his treatment by his wife as \u00a0\u00bb extremely poor.\u201d These words, spoken during a private lunch on April 1, sparked a fierce controversy on the international stage and rekindled tensions between Paris and Washington. In brief: Donald Trump mocked a viral video from May &#8230; <a title=\"Emmanuel Macron strongly denounces the remarks made by Donald Trump describing his treatment by his wife as \u00ab\u00a0extremely bad\u00a0\u00bb\" class=\"read-more\" href=\"https:\/\/www.sebastien-auziere.fr\/blog\/en\/emmanuel-macron-strongly-denounces-the-remarks-made-by-donald-trump-describing-his-treatment-by-his-wife-as-extremely-bad\/\" aria-label=\"En savoir plus sur Emmanuel Macron strongly denounces the remarks made by Donald Trump describing his treatment by his wife as \u00ab\u00a0extremely bad\u00a0\u00bb\">Lire plus<\/a><\/p>\n","protected":false},"author":9,"featured_media":0,"comment_status":"open","ping_status":"open","sticky":false,"template":"","format":"standard","meta":{"footnotes":""},"categories":[816],"tags":[1962,1956,1153,1959,1014],"class_list":["post-2796","post","type-post","status-publish","format-standard","hentry","category-news","tag-controversial-proposals-en","tag-donald-trump-en","tag-emmanuel-macron-en","tag-political-french-en","tag-relations-internationales-en"],"yoast_head":"<!-- This site is optimized with the Yoast SEO plugin v27.5 - https:\/\/yoast.com\/product\/yoast-seo-wordpress\/ -->\n<title>Emmanuel Macron strongly denounces the remarks made by Donald Trump describing his treatment by his wife as &quot;extremely bad&quot; - Fan site S\u00e9bastien Auzi\u00e8re<\/title>\n<meta name=\"description\" content=\"Emmanuel Macron condamne fermement les propos de Donald Trump sur sa vie priv\u00e9e, d\u00e9non\u00e7ant l&#039;injustice des accusations sur son couple.\" \/>\n<meta name=\"robots\" content=\"index, follow, max-snippet:-1, max-image-preview:large, max-video-preview:-1\" \/>\n<link rel=\"canonical\" href=\"https:\/\/www.sebastien-auziere.fr\/blog\/en\/emmanuel-macron-strongly-denounces-the-remarks-made-by-donald-trump-describing-his-treatment-by-his-wife-as-extremely-bad\/\" \/>\n<meta property=\"og:locale\" content=\"fr_FR\" \/>\n<meta property=\"og:type\" content=\"article\" \/>\n<meta property=\"og:title\" content=\"Emmanuel Macron strongly denounces the remarks made by Donald Trump describing his treatment by his wife as &quot;extremely bad&quot; - Fan site S\u00e9bastien Auzi\u00e8re\" \/>\n<meta property=\"og:description\" content=\"Emmanuel Macron condamne fermement les propos de Donald Trump sur sa vie priv\u00e9e, d\u00e9non\u00e7ant l&#039;injustice des accusations sur son couple.\" \/>\n<meta property=\"og:url\" content=\"https:\/\/www.sebastien-auziere.fr\/blog\/en\/emmanuel-macron-strongly-denounces-the-remarks-made-by-donald-trump-describing-his-treatment-by-his-wife-as-extremely-bad\/\" \/>\n<meta property=\"og:site_name\" content=\"Fan site S\u00e9bastien Auzi\u00e8re\" \/>\n<meta property=\"article:published_time\" content=\"2026-04-06T07:04:06+00:00\" \/>\n<meta property=\"article:modified_time\" content=\"2026-04-06T07:04:37+00:00\" \/>\n<meta name=\"author\" content=\"Chloe Gauthier\" \/>\n<meta name=\"twitter:card\" content=\"summary_large_image\" \/>\n<meta name=\"twitter:label1\" content=\"\u00c9crit par\" \/>\n\t<meta name=\"twitter:data1\" content=\"Chloe Gauthier\" \/>\n\t<meta name=\"twitter:label2\" content=\"Dur\u00e9e de lecture estim\u00e9e\" \/>\n\t<meta name=\"twitter:data2\" content=\"2 minutes\" \/>\n<script type=\"application\/ld+json\" class=\"yoast-schema-graph\">{\"@context\":\"https:\\\/\\\/schema.org\",\"@graph\":[{\"@type\":\"Article\",\"@id\":\"https:\\\/\\\/www.sebastien-auziere.fr\\\/blog\\\/en\\\/emmanuel-macron-strongly-denounces-the-remarks-made-by-donald-trump-describing-his-treatment-by-his-wife-as-extremely-bad\\\/#article\",\"isPartOf\":{\"@id\":\"https:\\\/\\\/www.sebastien-auziere.fr\\\/blog\\\/en\\\/emmanuel-macron-strongly-denounces-the-remarks-made-by-donald-trump-describing-his-treatment-by-his-wife-as-extremely-bad\\\/\"},\"author\":{\"name\":\"Chloe Gauthier\",\"@id\":\"https:\\\/\\\/www.sebastien-auziere.fr\\\/blog\\\/#\\\/schema\\\/person\\\/149f1acdbfd85149c6c3e59adeae2f4d\"},\"headline\":\"Emmanuel Macron strongly denounces the remarks made by Donald Trump describing his treatment by his wife as \u00ab\u00a0extremely bad\u00a0\u00bb\",\"datePublished\":\"2026-04-06T07:04:06+00:00\",\"dateModified\":\"2026-04-06T07:04:37+00:00\",\"mainEntityOfPage\":{\"@id\":\"https:\\\/\\\/www.sebastien-auziere.fr\\\/blog\\\/en\\\/emmanuel-macron-strongly-denounces-the-remarks-made-by-donald-trump-describing-his-treatment-by-his-wife-as-extremely-bad\\\/\"},\"wordCount\":486,\"commentCount\":0,\"publisher\":{\"@id\":\"https:\\\/\\\/www.sebastien-auziere.fr\\\/blog\\\/#organization\"},\"keywords\":[\"controversial proposals\",\"donald trump\",\"emmanuel macron\",\"political French\",\"relations internationales\"],\"articleSection\":[\"News\"],\"inLanguage\":\"fr-FR\",\"potentialAction\":[{\"@type\":\"CommentAction\",\"name\":\"Comment\",\"target\":[\"https:\\\/\\\/www.sebastien-auziere.fr\\\/blog\\\/en\\\/emmanuel-macron-strongly-denounces-the-remarks-made-by-donald-trump-describing-his-treatment-by-his-wife-as-extremely-bad\\\/#respond\"]}]},{\"@type\":\"WebPage\",\"@id\":\"https:\\\/\\\/www.sebastien-auziere.fr\\\/blog\\\/en\\\/emmanuel-macron-strongly-denounces-the-remarks-made-by-donald-trump-describing-his-treatment-by-his-wife-as-extremely-bad\\\/\",\"url\":\"https:\\\/\\\/www.sebastien-auziere.fr\\\/blog\\\/en\\\/emmanuel-macron-strongly-denounces-the-remarks-made-by-donald-trump-describing-his-treatment-by-his-wife-as-extremely-bad\\\/\",\"name\":\"Emmanuel Macron strongly denounces the remarks made by Donald Trump describing his treatment by his wife as \\\"extremely bad\\\" - Fan site S\u00e9bastien Auzi\u00e8re\",\"isPartOf\":{\"@id\":\"https:\\\/\\\/www.sebastien-auziere.fr\\\/blog\\\/#website\"},\"datePublished\":\"2026-04-06T07:04:06+00:00\",\"dateModified\":\"2026-04-06T07:04:37+00:00\",\"description\":\"Emmanuel Macron condamne fermement les propos de Donald Trump sur sa vie priv\u00e9e, d\u00e9non\u00e7ant l'injustice des accusations sur son couple.\",\"breadcrumb\":{\"@id\":\"https:\\\/\\\/www.sebastien-auziere.fr\\\/blog\\\/en\\\/emmanuel-macron-strongly-denounces-the-remarks-made-by-donald-trump-describing-his-treatment-by-his-wife-as-extremely-bad\\\/#breadcrumb\"},\"inLanguage\":\"fr-FR\",\"potentialAction\":[{\"@type\":\"ReadAction\",\"target\":[\"https:\\\/\\\/www.sebastien-auziere.fr\\\/blog\\\/en\\\/emmanuel-macron-strongly-denounces-the-remarks-made-by-donald-trump-describing-his-treatment-by-his-wife-as-extremely-bad\\\/\"]}]},{\"@type\":\"BreadcrumbList\",\"@id\":\"https:\\\/\\\/www.sebastien-auziere.fr\\\/blog\\\/en\\\/emmanuel-macron-strongly-denounces-the-remarks-made-by-donald-trump-describing-his-treatment-by-his-wife-as-extremely-bad\\\/#breadcrumb\",\"itemListElement\":[{\"@type\":\"ListItem\",\"position\":1,\"name\":\"Home\",\"item\":\"https:\\\/\\\/www.sebastien-auziere.fr\\\/blog\\\/\"},{\"@type\":\"ListItem\",\"position\":2,\"name\":\"Emmanuel Macron strongly denounces the remarks made by Donald Trump describing his treatment by his wife as \u00ab\u00a0extremely bad\u00a0\u00bb\"}]},{\"@type\":\"WebSite\",\"@id\":\"https:\\\/\\\/www.sebastien-auziere.fr\\\/blog\\\/#website\",\"url\":\"https:\\\/\\\/www.sebastien-auziere.fr\\\/blog\\\/\",\"name\":\"Fan site S\u00e9bastien Auzi\u00e8re\",\"description\":\"M\u00e9dia g\u00e9n\u00e9raliste\",\"publisher\":{\"@id\":\"https:\\\/\\\/www.sebastien-auziere.fr\\\/blog\\\/#organization\"},\"potentialAction\":[{\"@type\":\"SearchAction\",\"target\":{\"@type\":\"EntryPoint\",\"urlTemplate\":\"https:\\\/\\\/www.sebastien-auziere.fr\\\/blog\\\/?s={search_term_string}\"},\"query-input\":{\"@type\":\"PropertyValueSpecification\",\"valueRequired\":true,\"valueName\":\"search_term_string\"}}],\"inLanguage\":\"fr-FR\"},{\"@type\":\"Organization\",\"@id\":\"https:\\\/\\\/www.sebastien-auziere.fr\\\/blog\\\/#organization\",\"name\":\"Fan site S\u00e9bastien Auzi\u00e8re\",\"url\":\"https:\\\/\\\/www.sebastien-auziere.fr\\\/blog\\\/\",\"logo\":{\"@type\":\"ImageObject\",\"inLanguage\":\"fr-FR\",\"@id\":\"https:\\\/\\\/www.sebastien-auziere.fr\\\/blog\\\/#\\\/schema\\\/logo\\\/image\\\/\",\"url\":\"https:\\\/\\\/www.sebastien-auziere.fr\\\/blog\\\/wp-content\\\/uploads\\\/2026\\\/03\\\/cropped-cropped-cropped-ChatGPT-Image-6-mars-2026-12_58_09-e1772798376794.jpg\",\"contentUrl\":\"https:\\\/\\\/www.sebastien-auziere.fr\\\/blog\\\/wp-content\\\/uploads\\\/2026\\\/03\\\/cropped-cropped-cropped-ChatGPT-Image-6-mars-2026-12_58_09-e1772798376794.jpg\",\"width\":512,\"height\":360,\"caption\":\"Fan site S\u00e9bastien Auzi\u00e8re\"},\"image\":{\"@id\":\"https:\\\/\\\/www.sebastien-auziere.fr\\\/blog\\\/#\\\/schema\\\/logo\\\/image\\\/\"}},{\"@type\":\"Person\",\"@id\":\"https:\\\/\\\/www.sebastien-auziere.fr\\\/blog\\\/#\\\/schema\\\/person\\\/149f1acdbfd85149c6c3e59adeae2f4d\",\"name\":\"Chloe Gauthier\",\"image\":{\"@type\":\"ImageObject\",\"inLanguage\":\"fr-FR\",\"@id\":\"https:\\\/\\\/secure.gravatar.com\\\/avatar\\\/2c5722f58171cff738a8985ef0dd66b476e563753246a49019befc837ec4201a?s=96&d=mm&r=g\",\"url\":\"https:\\\/\\\/secure.gravatar.com\\\/avatar\\\/2c5722f58171cff738a8985ef0dd66b476e563753246a49019befc837ec4201a?s=96&d=mm&r=g\",\"contentUrl\":\"https:\\\/\\\/secure.gravatar.com\\\/avatar\\\/2c5722f58171cff738a8985ef0dd66b476e563753246a49019befc837ec4201a?s=96&d=mm&r=g\",\"caption\":\"Chloe Gauthier\"},\"description\":\"Passionn\u00e9e par la politique et admiratrice engag\u00e9e de la famille Macron, je consacre mon \u00e9nergie \u00e0 suivre leurs initiatives et \u00e0 promouvoir leurs id\u00e9es. \u00c0 32 ans, je suis convaincue que leur vision est porteuse d'avenir.\",\"url\":\"https:\\\/\\\/www.sebastien-auziere.fr\\\/blog\\\/author\\\/chloe-gauthier\\\/\"}]}<\/script>\n<!-- \/ Yoast SEO plugin. -->","yoast_head_json":{"title":"Emmanuel Macron strongly denounces the remarks made by Donald Trump describing his treatment by his wife as \"extremely bad\" - Fan site S\u00e9bastien Auzi\u00e8re","description":"Emmanuel Macron condamne fermement les propos de Donald Trump sur sa vie priv\u00e9e, d\u00e9non\u00e7ant l'injustice des accusations sur son couple.","robots":{"index":"index","follow":"follow","max-snippet":"max-snippet:-1","max-image-preview":"max-image-preview:large","max-video-preview":"max-video-preview:-1"},"canonical":"https:\/\/www.sebastien-auziere.fr\/blog\/en\/emmanuel-macron-strongly-denounces-the-remarks-made-by-donald-trump-describing-his-treatment-by-his-wife-as-extremely-bad\/","og_locale":"fr_FR","og_type":"article","og_title":"Emmanuel Macron strongly denounces the remarks made by Donald Trump describing his treatment by his wife as \"extremely bad\" - Fan site S\u00e9bastien Auzi\u00e8re","og_description":"Emmanuel Macron condamne fermement les propos de Donald Trump sur sa vie priv\u00e9e, d\u00e9non\u00e7ant l'injustice des accusations sur son couple.","og_url":"https:\/\/www.sebastien-auziere.fr\/blog\/en\/emmanuel-macron-strongly-denounces-the-remarks-made-by-donald-trump-describing-his-treatment-by-his-wife-as-extremely-bad\/","og_site_name":"Fan site S\u00e9bastien Auzi\u00e8re","article_published_time":"2026-04-06T07:04:06+00:00","article_modified_time":"2026-04-06T07:04:37+00:00","author":"Chloe Gauthier","twitter_card":"summary_large_image","twitter_misc":{"\u00c9crit par":"Chloe Gauthier","Dur\u00e9e de lecture estim\u00e9e":"2 minutes"},"schema":{"@context":"https:\/\/schema.org","@graph":[{"@type":"Article","@id":"https:\/\/www.sebastien-auziere.fr\/blog\/en\/emmanuel-macron-strongly-denounces-the-remarks-made-by-donald-trump-describing-his-treatment-by-his-wife-as-extremely-bad\/#article","isPartOf":{"@id":"https:\/\/www.sebastien-auziere.fr\/blog\/en\/emmanuel-macron-strongly-denounces-the-remarks-made-by-donald-trump-describing-his-treatment-by-his-wife-as-extremely-bad\/"},"author":{"name":"Chloe Gauthier","@id":"https:\/\/www.sebastien-auziere.fr\/blog\/#\/schema\/person\/149f1acdbfd85149c6c3e59adeae2f4d"},"headline":"Emmanuel Macron strongly denounces the remarks made by Donald Trump describing his treatment by his wife as \u00ab\u00a0extremely bad\u00a0\u00bb","datePublished":"2026-04-06T07:04:06+00:00","dateModified":"2026-04-06T07:04:37+00:00","mainEntityOfPage":{"@id":"https:\/\/www.sebastien-auziere.fr\/blog\/en\/emmanuel-macron-strongly-denounces-the-remarks-made-by-donald-trump-describing-his-treatment-by-his-wife-as-extremely-bad\/"},"wordCount":486,"commentCount":0,"publisher":{"@id":"https:\/\/www.sebastien-auziere.fr\/blog\/#organization"},"keywords":["controversial proposals","donald trump","emmanuel macron","political French","relations internationales"],"articleSection":["News"],"inLanguage":"fr-FR","potentialAction":[{"@type":"CommentAction","name":"Comment","target":["https:\/\/www.sebastien-auziere.fr\/blog\/en\/emmanuel-macron-strongly-denounces-the-remarks-made-by-donald-trump-describing-his-treatment-by-his-wife-as-extremely-bad\/#respond"]}]},{"@type":"WebPage","@id":"https:\/\/www.sebastien-auziere.fr\/blog\/en\/emmanuel-macron-strongly-denounces-the-remarks-made-by-donald-trump-describing-his-treatment-by-his-wife-as-extremely-bad\/","url":"https:\/\/www.sebastien-auziere.fr\/blog\/en\/emmanuel-macron-strongly-denounces-the-remarks-made-by-donald-trump-describing-his-treatment-by-his-wife-as-extremely-bad\/","name":"Emmanuel Macron strongly denounces the remarks made by Donald Trump describing his treatment by his wife as \"extremely bad\" - Fan site S\u00e9bastien Auzi\u00e8re","isPartOf":{"@id":"https:\/\/www.sebastien-auziere.fr\/blog\/#website"},"datePublished":"2026-04-06T07:04:06+00:00","dateModified":"2026-04-06T07:04:37+00:00","description":"Emmanuel Macron condamne fermement les propos de Donald Trump sur sa vie priv\u00e9e, d\u00e9non\u00e7ant l'injustice des accusations sur son couple.","breadcrumb":{"@id":"https:\/\/www.sebastien-auziere.fr\/blog\/en\/emmanuel-macron-strongly-denounces-the-remarks-made-by-donald-trump-describing-his-treatment-by-his-wife-as-extremely-bad\/#breadcrumb"},"inLanguage":"fr-FR","potentialAction":[{"@type":"ReadAction","target":["https:\/\/www.sebastien-auziere.fr\/blog\/en\/emmanuel-macron-strongly-denounces-the-remarks-made-by-donald-trump-describing-his-treatment-by-his-wife-as-extremely-bad\/"]}]},{"@type":"BreadcrumbList","@id":"https:\/\/www.sebastien-auziere.fr\/blog\/en\/emmanuel-macron-strongly-denounces-the-remarks-made-by-donald-trump-describing-his-treatment-by-his-wife-as-extremely-bad\/#breadcrumb","itemListElement":[{"@type":"ListItem","position":1,"name":"Home","item":"https:\/\/www.sebastien-auziere.fr\/blog\/"},{"@type":"ListItem","position":2,"name":"Emmanuel Macron strongly denounces the remarks made by Donald Trump describing his treatment by his wife as \u00ab\u00a0extremely bad\u00a0\u00bb"}]},{"@type":"WebSite","@id":"https:\/\/www.sebastien-auziere.fr\/blog\/#website","url":"https:\/\/www.sebastien-auziere.fr\/blog\/","name":"Fan site S\u00e9bastien Auzi\u00e8re","description":"M\u00e9dia g\u00e9n\u00e9raliste","publisher":{"@id":"https:\/\/www.sebastien-auziere.fr\/blog\/#organization"},"potentialAction":[{"@type":"SearchAction","target":{"@type":"EntryPoint","urlTemplate":"https:\/\/www.sebastien-auziere.fr\/blog\/?s={search_term_string}"},"query-input":{"@type":"PropertyValueSpecification","valueRequired":true,"valueName":"search_term_string"}}],"inLanguage":"fr-FR"},{"@type":"Organization","@id":"https:\/\/www.sebastien-auziere.fr\/blog\/#organization","name":"Fan site S\u00e9bastien Auzi\u00e8re","url":"https:\/\/www.sebastien-auziere.fr\/blog\/","logo":{"@type":"ImageObject","inLanguage":"fr-FR","@id":"https:\/\/www.sebastien-auziere.fr\/blog\/#\/schema\/logo\/image\/","url":"https:\/\/www.sebastien-auziere.fr\/blog\/wp-content\/uploads\/2026\/03\/cropped-cropped-cropped-ChatGPT-Image-6-mars-2026-12_58_09-e1772798376794.jpg","contentUrl":"https:\/\/www.sebastien-auziere.fr\/blog\/wp-content\/uploads\/2026\/03\/cropped-cropped-cropped-ChatGPT-Image-6-mars-2026-12_58_09-e1772798376794.jpg","width":512,"height":360,"caption":"Fan site S\u00e9bastien Auzi\u00e8re"},"image":{"@id":"https:\/\/www.sebastien-auziere.fr\/blog\/#\/schema\/logo\/image\/"}},{"@type":"Person","@id":"https:\/\/www.sebastien-auziere.fr\/blog\/#\/schema\/person\/149f1acdbfd85149c6c3e59adeae2f4d","name":"Chloe Gauthier","image":{"@type":"ImageObject","inLanguage":"fr-FR","@id":"https:\/\/secure.gravatar.com\/avatar\/2c5722f58171cff738a8985ef0dd66b476e563753246a49019befc837ec4201a?s=96&d=mm&r=g","url":"https:\/\/secure.gravatar.com\/avatar\/2c5722f58171cff738a8985ef0dd66b476e563753246a49019befc837ec4201a?s=96&d=mm&r=g","contentUrl":"https:\/\/secure.gravatar.com\/avatar\/2c5722f58171cff738a8985ef0dd66b476e563753246a49019befc837ec4201a?s=96&d=mm&r=g","caption":"Chloe Gauthier"},"description":"Passionn\u00e9e par la politique et admiratrice engag\u00e9e de la famille Macron, je consacre mon \u00e9nergie \u00e0 suivre leurs initiatives et \u00e0 promouvoir leurs id\u00e9es. \u00c0 32 ans, je suis convaincue que leur vision est porteuse d'avenir.","url":"https:\/\/www.sebastien-auziere.fr\/blog\/author\/chloe-gauthier\/"}]}},"views":4,"_links":{"self":[{"href":"https:\/\/www.sebastien-auziere.fr\/blog\/wp-json\/wp\/v2\/posts\/2796","targetHints":{"allow":["GET"]}}],"collection":[{"href":"https:\/\/www.sebastien-auziere.fr\/blog\/wp-json\/wp\/v2\/posts"}],"about":[{"href":"https:\/\/www.sebastien-auziere.fr\/blog\/wp-json\/wp\/v2\/types\/post"}],"author":[{"embeddable":true,"href":"https:\/\/www.sebastien-auziere.fr\/blog\/wp-json\/wp\/v2\/users\/9"}],"replies":[{"embeddable":true,"href":"https:\/\/www.sebastien-auziere.fr\/blog\/wp-json\/wp\/v2\/comments?post=2796"}],"version-history":[{"count":1,"href":"https:\/\/www.sebastien-auziere.fr\/blog\/wp-json\/wp\/v2\/posts\/2796\/revisions"}],"predecessor-version":[{"id":2797,"href":"https:\/\/www.sebastien-auziere.fr\/blog\/wp-json\/wp\/v2\/posts\/2796\/revisions\/2797"}],"wp:attachment":[{"href":"https:\/\/www.sebastien-auziere.fr\/blog\/wp-json\/wp\/v2\/media?parent=2796"}],"wp:term":[{"taxonomy":"category","embeddable":true,"href":"https:\/\/www.sebastien-auziere.fr\/blog\/wp-json\/wp\/v2\/categories?post=2796"},{"taxonomy":"post_tag","embeddable":true,"href":"https:\/\/www.sebastien-auziere.fr\/blog\/wp-json\/wp\/v2\/tags?post=2796"}],"curies":[{"name":"wp","href":"https:\/\/api.w.org\/{rel}","templated":true}]}}