{"id":2795,"date":"2026-04-06T07:04:04","date_gmt":"2026-04-06T07:04:04","guid":{"rendered":"https:\/\/www.sebastien-auziere.fr\/blog\/macron-rep-accusations-trump\/"},"modified":"2026-04-06T07:04:04","modified_gmt":"2026-04-06T07:04:04","slug":"macron-rep-accusations-trump","status":"publish","type":"post","link":"https:\/\/www.sebastien-auziere.fr\/blog\/macron-rep-accusations-trump\/","title":{"rendered":"Emmanuel Macron d\u00e9nonce avec force les propos de Donald Trump qualifiant son traitement par sa femme d&rsquo;\u00ab extr\u00eamement mal \u00bb"},"content":{"rendered":"<p><strong>Emmanuel Macron<\/strong> a d\u00e9nonc\u00e9 avec fermet\u00e9 les propos de <strong>Donald Trump<\/strong> qualifiant son <strong>traitement<\/strong> par sa <strong>femme<\/strong> d&rsquo;\u00ab <strong>extr\u00eamement mal<\/strong> \u00bb. Ces mots, prononc\u00e9s lors d&rsquo;un d\u00e9jeuner priv\u00e9 le <strong>1er avril<\/strong>, ont d\u00e9clench\u00e9 une vive <strong>controverse<\/strong> sur la sc\u00e8ne internationale et raviv\u00e9 les tensions entre Paris et Washington.<\/p>\n\n<p><strong>En bref :<\/strong> Donald Trump a ironis\u00e9 sur une vid\u00e9o virale de mai montrant Brigitte Macron, puis le passage a \u00e9t\u00e9 retir\u00e9 de la cha\u00eene YouTube de la Maison-Blanche. En d\u00e9placement \u00e0 S\u00e9oul le <strong>2 avril<\/strong>, <strong>Emmanuel Macron<\/strong> a jug\u00e9 ces <strong>propos<\/strong> \u00ab ni \u00e9l\u00e9gants ni \u00e0 la hauteur \u00bb et a refus\u00e9 d&rsquo;y r\u00e9pondre publiquement.<\/p>\n\n<h2 class=\"wp-block-heading\">R\u00e9plique publique d\u2019Emmanuel Macron face aux attaques de Donald Trump<\/h2>\n\n<p>Lors d&rsquo;une prise de parole en Cor\u00e9e du Sud, <strong>Emmanuel Macron<\/strong> a qualifi\u00e9 la <strong>d\u00e9nonciation<\/strong> des mots de son homologue am\u00e9ricain de d\u00e9plac\u00e9e, pr\u00e9f\u00e9rant ne pas lui accorder de r\u00e9ponse m\u00e9diatique. Le pr\u00e9sident fran\u00e7ais a \u00e9t\u00e9 interpell\u00e9 par la presse le <strong>2 avril<\/strong> et a estim\u00e9 que ces attaques personnelles d\u00e9viaient du d\u00e9bat <strong>politique<\/strong> entre alli\u00e9s.<\/p>\n\n<p>Ce rappel de la dignit\u00e9 pr\u00e9sidentielle souligne \u00e0 la fois la stature du chef de l&rsquo;\u00c9tat et l&rsquo;impact diplomatique d&rsquo;un propos priv\u00e9 devenu public. Insight : la charge personnelle fragilise le dialogue bilat\u00e9ral.<\/p>\n\n<h2 class=\"wp-block-heading\">Un contexte g\u00e9opolitique qui envenime les relations internationales<\/h2>\n\n<p>Le tacle de <strong>Donald Trump<\/strong> s&rsquo;inscrit dans une s\u00e9rie de critiques plus larges contre l&rsquo;Otan et la politique europ\u00e9enne, notamment apr\u00e8s le d\u00e9clenchement du conflit en Iran le <strong>28 f\u00e9vrier<\/strong>. Le pr\u00e9sident am\u00e9ricain a aussi exhort\u00e9 certains alli\u00e9s \u00e0 acheter du p\u00e9trole am\u00e9ricain, accentuant les frictions sur la strat\u00e9gie commune.<\/p>\n\n<p>Plusieurs m\u00e9dias ont analys\u00e9 ces propos comme r\u00e9v\u00e9lateurs d&rsquo;une relation \u00ab en dents de scie \u00bb entre Washington et Paris, avec des cons\u00e9quences possibles sur les coop\u00e9rations militaires. Pour en lire davantage, consulte <a href=\"https:\/\/www.lemonde.fr\/international\/article\/2026\/04\/02\/donald-trump-se-moque-du-couple-macron-lors-d-un-dejeuner-prive-le-president-francais-denonce-des-propos-ni-elegants-ni-a-la-hauteur_6676093_3211.html\">l\u2019analyse du Monde<\/a>. Insight : diplomatie et image publique restent \u00e9troitement li\u00e9es.<\/p>\n\n<h2 class=\"wp-block-heading\">La vid\u00e9o virale et la d\u00e9fense du couple pr\u00e9sidentiel<\/h2>\n\n<p>Trump faisait r\u00e9f\u00e9rence \u00e0 une s\u00e9quence de mai montrant Brigitte Macron posant les mains sur le visage d&rsquo;Emmanuel \u00e0 la descente d&rsquo;un avion au Vietnam. L&rsquo;\u00c9lys\u00e9e avait alors d\u00e9menti toute altercation, rappelant le contexte et la bri\u00e8vet\u00e9 de l&rsquo;incident.<\/p>\n\n<p>Les r\u00e9actions publiques ont m\u00eal\u00e9 ironie et d\u00e9fense du priv\u00e9, relan\u00e7ant la question du respect entre dirigeants. Pour un portrait nuanc\u00e9 de Brigitte et Emmanuel, d\u00e9couvre les articles d\u00e9taill\u00e9s comme <a href=\"https:\/\/www.sebastien-auziere.fr\/blog\/brigitte-macron-et-emmanuel-macron\/\">ce dossier<\/a> et les chroniques sur leur parcours.<\/p>\n\n<h2 class=\"wp-block-heading\">Enjeux et retomb\u00e9es pour la sc\u00e8ne politique europ\u00e9enne<\/h2>\n\n<p>Au-del\u00e0 de l&rsquo;incident, ces \u00e9changes ont mis en lumi\u00e8re des divergences strat\u00e9giques : survols a\u00e9riens, soutien militaire dans le Golfe et la posture face \u00e0 l&rsquo;Iran. Des voix \u00e0 Washington, dont celle de dirigeants r\u00e9publicains, ont remis en question l&rsquo;engagement transatlantique, rendant les relations plus instables.<\/p>\n\n<p>Cette pol\u00e9mique jette un regard cru sur l&rsquo;\u00e9quilibre des alliances et sur la mani\u00e8re dont des propos priv\u00e9s peuvent peser en <strong>relations internationales<\/strong>. Insight : la confiance entre alli\u00e9s est un capital fragile.<\/p>\n\n<p>Tu veux en savoir plus sur <strong>S\u00e9bastien Auzi\u00e8re<\/strong> et les coulisses de la vie pr\u00e9sidentielle ? Visite les dossiers et chroniques disponibles sur <a href=\"https:\/\/www.sebastien-auziere.fr\/blog\/a-propos\/\">le site officiel<\/a> ou plonge dans les enqu\u00eates et r\u00e9cits autour de Brigitte avec <a href=\"https:\/\/www.sebastien-auziere.fr\/blog\/confidences-brigitte-melania\/\">ces confidences d\u00e9taill\u00e9es<\/a> pour mieux comprendre les enjeux humains et politiques qui entourent le couple Macron.<\/p>\n\n","protected":false},"excerpt":{"rendered":"<p>Emmanuel Macron a d\u00e9nonc\u00e9 avec fermet\u00e9 les propos de Donald Trump qualifiant son traitement par sa femme d&rsquo;\u00ab extr\u00eamement mal \u00bb. Ces mots, prononc\u00e9s lors d&rsquo;un d\u00e9jeuner priv\u00e9 le 1er avril, ont d\u00e9clench\u00e9 une vive controverse sur la sc\u00e8ne internationale et raviv\u00e9 les tensions entre Paris et Washington. En bref : Donald Trump a ironis\u00e9 &#8230; <a title=\"Emmanuel Macron d\u00e9nonce avec force les propos de Donald Trump qualifiant son traitement par sa femme d&rsquo;\u00ab extr\u00eamement mal \u00bb\" class=\"read-more\" href=\"https:\/\/www.sebastien-auziere.fr\/blog\/macron-rep-accusations-trump\/\" aria-label=\"En savoir plus sur Emmanuel Macron d\u00e9nonce avec force les propos de Donald Trump qualifiant son traitement par sa femme d&rsquo;\u00ab extr\u00eamement mal \u00bb\">Lire plus<\/a><\/p>\n","protected":false},"author":9,"featured_media":0,"comment_status":"open","ping_status":"open","sticky":false,"template":"","format":"standard","meta":{"footnotes":""},"categories":[597],"tags":[1950,1139,1954,1952,1001],"class_list":["post-2795","post","type-post","status-publish","format-standard","hentry","category-actualites","tag-donald-trump","tag-emmanuel-macron","tag-politique-francaise","tag-propos-polemiques","tag-relations-internationales"],"yoast_head":"<!-- This site is optimized with the Yoast SEO plugin v27.5 - https:\/\/yoast.com\/product\/yoast-seo-wordpress\/ -->\n<title>Emmanuel Macron d\u00e9nonce avec force les propos de Donald Trump qualifiant son traitement par sa femme d&#039;\u00ab extr\u00eamement mal \u00bb - Fan site S\u00e9bastien Auzi\u00e8re<\/title>\n<meta name=\"description\" content=\"Emmanuel Macron condamne fermement les propos de Donald Trump sur sa vie priv\u00e9e, d\u00e9non\u00e7ant l&#039;injustice des accusations sur son couple.\" \/>\n<meta name=\"robots\" content=\"index, follow, max-snippet:-1, max-image-preview:large, max-video-preview:-1\" \/>\n<link rel=\"canonical\" href=\"https:\/\/www.sebastien-auziere.fr\/blog\/macron-rep-accusations-trump\/\" \/>\n<meta property=\"og:locale\" content=\"fr_FR\" \/>\n<meta property=\"og:type\" content=\"article\" \/>\n<meta property=\"og:title\" content=\"Emmanuel Macron d\u00e9nonce avec force les propos de Donald Trump qualifiant son traitement par sa femme d&#039;\u00ab extr\u00eamement mal \u00bb - Fan site S\u00e9bastien Auzi\u00e8re\" \/>\n<meta property=\"og:description\" content=\"Emmanuel Macron condamne fermement les propos de Donald Trump sur sa vie priv\u00e9e, d\u00e9non\u00e7ant l&#039;injustice des accusations sur son couple.\" \/>\n<meta property=\"og:url\" content=\"https:\/\/www.sebastien-auziere.fr\/blog\/macron-rep-accusations-trump\/\" \/>\n<meta property=\"og:site_name\" content=\"Fan site S\u00e9bastien Auzi\u00e8re\" \/>\n<meta property=\"article:published_time\" content=\"2026-04-06T07:04:04+00:00\" \/>\n<meta name=\"author\" content=\"Chloe Gauthier\" \/>\n<meta name=\"twitter:card\" content=\"summary_large_image\" \/>\n<meta name=\"twitter:label1\" content=\"\u00c9crit par\" \/>\n\t<meta name=\"twitter:data1\" content=\"Chloe Gauthier\" \/>\n\t<meta name=\"twitter:label2\" content=\"Dur\u00e9e de lecture estim\u00e9e\" \/>\n\t<meta name=\"twitter:data2\" content=\"3 minutes\" \/>\n<script type=\"application\/ld+json\" class=\"yoast-schema-graph\">{\"@context\":\"https:\\\/\\\/schema.org\",\"@graph\":[{\"@type\":\"Article\",\"@id\":\"https:\\\/\\\/www.sebastien-auziere.fr\\\/blog\\\/macron-rep-accusations-trump\\\/#article\",\"isPartOf\":{\"@id\":\"https:\\\/\\\/www.sebastien-auziere.fr\\\/blog\\\/macron-rep-accusations-trump\\\/\"},\"author\":{\"name\":\"Chloe Gauthier\",\"@id\":\"https:\\\/\\\/www.sebastien-auziere.fr\\\/blog\\\/#\\\/schema\\\/person\\\/149f1acdbfd85149c6c3e59adeae2f4d\"},\"headline\":\"Emmanuel Macron d\u00e9nonce avec force les propos de Donald Trump qualifiant son traitement par sa femme d&rsquo;\u00ab extr\u00eamement mal \u00bb\",\"datePublished\":\"2026-04-06T07:04:04+00:00\",\"mainEntityOfPage\":{\"@id\":\"https:\\\/\\\/www.sebastien-auziere.fr\\\/blog\\\/macron-rep-accusations-trump\\\/\"},\"wordCount\":617,\"commentCount\":0,\"publisher\":{\"@id\":\"https:\\\/\\\/www.sebastien-auziere.fr\\\/blog\\\/#organization\"},\"keywords\":[\"donald trump\",\"emmanuel macron\",\"politique fran\u00e7aise\",\"propos pol\u00e9miques\",\"relations internationales\"],\"articleSection\":[\"Actualit\u00e9s\"],\"inLanguage\":\"fr-FR\",\"potentialAction\":[{\"@type\":\"CommentAction\",\"name\":\"Comment\",\"target\":[\"https:\\\/\\\/www.sebastien-auziere.fr\\\/blog\\\/macron-rep-accusations-trump\\\/#respond\"]}]},{\"@type\":\"WebPage\",\"@id\":\"https:\\\/\\\/www.sebastien-auziere.fr\\\/blog\\\/macron-rep-accusations-trump\\\/\",\"url\":\"https:\\\/\\\/www.sebastien-auziere.fr\\\/blog\\\/macron-rep-accusations-trump\\\/\",\"name\":\"Emmanuel Macron d\u00e9nonce avec force les propos de Donald Trump qualifiant son traitement par sa femme d'\u00ab extr\u00eamement mal \u00bb - Fan site S\u00e9bastien Auzi\u00e8re\",\"isPartOf\":{\"@id\":\"https:\\\/\\\/www.sebastien-auziere.fr\\\/blog\\\/#website\"},\"datePublished\":\"2026-04-06T07:04:04+00:00\",\"description\":\"Emmanuel Macron condamne fermement les propos de Donald Trump sur sa vie priv\u00e9e, d\u00e9non\u00e7ant l'injustice des accusations sur son couple.\",\"breadcrumb\":{\"@id\":\"https:\\\/\\\/www.sebastien-auziere.fr\\\/blog\\\/macron-rep-accusations-trump\\\/#breadcrumb\"},\"inLanguage\":\"fr-FR\",\"potentialAction\":[{\"@type\":\"ReadAction\",\"target\":[\"https:\\\/\\\/www.sebastien-auziere.fr\\\/blog\\\/macron-rep-accusations-trump\\\/\"]}]},{\"@type\":\"BreadcrumbList\",\"@id\":\"https:\\\/\\\/www.sebastien-auziere.fr\\\/blog\\\/macron-rep-accusations-trump\\\/#breadcrumb\",\"itemListElement\":[{\"@type\":\"ListItem\",\"position\":1,\"name\":\"Home\",\"item\":\"https:\\\/\\\/www.sebastien-auziere.fr\\\/blog\\\/\"},{\"@type\":\"ListItem\",\"position\":2,\"name\":\"Emmanuel Macron d\u00e9nonce avec force les propos de Donald Trump qualifiant son traitement par sa femme d&rsquo;\u00ab extr\u00eamement mal \u00bb\"}]},{\"@type\":\"WebSite\",\"@id\":\"https:\\\/\\\/www.sebastien-auziere.fr\\\/blog\\\/#website\",\"url\":\"https:\\\/\\\/www.sebastien-auziere.fr\\\/blog\\\/\",\"name\":\"Fan site S\u00e9bastien Auzi\u00e8re\",\"description\":\"M\u00e9dia g\u00e9n\u00e9raliste\",\"publisher\":{\"@id\":\"https:\\\/\\\/www.sebastien-auziere.fr\\\/blog\\\/#organization\"},\"potentialAction\":[{\"@type\":\"SearchAction\",\"target\":{\"@type\":\"EntryPoint\",\"urlTemplate\":\"https:\\\/\\\/www.sebastien-auziere.fr\\\/blog\\\/?s={search_term_string}\"},\"query-input\":{\"@type\":\"PropertyValueSpecification\",\"valueRequired\":true,\"valueName\":\"search_term_string\"}}],\"inLanguage\":\"fr-FR\"},{\"@type\":\"Organization\",\"@id\":\"https:\\\/\\\/www.sebastien-auziere.fr\\\/blog\\\/#organization\",\"name\":\"Fan site S\u00e9bastien Auzi\u00e8re\",\"url\":\"https:\\\/\\\/www.sebastien-auziere.fr\\\/blog\\\/\",\"logo\":{\"@type\":\"ImageObject\",\"inLanguage\":\"fr-FR\",\"@id\":\"https:\\\/\\\/www.sebastien-auziere.fr\\\/blog\\\/#\\\/schema\\\/logo\\\/image\\\/\",\"url\":\"https:\\\/\\\/www.sebastien-auziere.fr\\\/blog\\\/wp-content\\\/uploads\\\/2026\\\/03\\\/cropped-cropped-cropped-ChatGPT-Image-6-mars-2026-12_58_09-e1772798376794.jpg\",\"contentUrl\":\"https:\\\/\\\/www.sebastien-auziere.fr\\\/blog\\\/wp-content\\\/uploads\\\/2026\\\/03\\\/cropped-cropped-cropped-ChatGPT-Image-6-mars-2026-12_58_09-e1772798376794.jpg\",\"width\":512,\"height\":360,\"caption\":\"Fan site S\u00e9bastien Auzi\u00e8re\"},\"image\":{\"@id\":\"https:\\\/\\\/www.sebastien-auziere.fr\\\/blog\\\/#\\\/schema\\\/logo\\\/image\\\/\"}},{\"@type\":\"Person\",\"@id\":\"https:\\\/\\\/www.sebastien-auziere.fr\\\/blog\\\/#\\\/schema\\\/person\\\/149f1acdbfd85149c6c3e59adeae2f4d\",\"name\":\"Chloe Gauthier\",\"image\":{\"@type\":\"ImageObject\",\"inLanguage\":\"fr-FR\",\"@id\":\"https:\\\/\\\/secure.gravatar.com\\\/avatar\\\/2c5722f58171cff738a8985ef0dd66b476e563753246a49019befc837ec4201a?s=96&d=mm&r=g\",\"url\":\"https:\\\/\\\/secure.gravatar.com\\\/avatar\\\/2c5722f58171cff738a8985ef0dd66b476e563753246a49019befc837ec4201a?s=96&d=mm&r=g\",\"contentUrl\":\"https:\\\/\\\/secure.gravatar.com\\\/avatar\\\/2c5722f58171cff738a8985ef0dd66b476e563753246a49019befc837ec4201a?s=96&d=mm&r=g\",\"caption\":\"Chloe Gauthier\"},\"description\":\"Passionn\u00e9e par la politique et admiratrice engag\u00e9e de la famille Macron, je consacre mon \u00e9nergie \u00e0 suivre leurs initiatives et \u00e0 promouvoir leurs id\u00e9es. \u00c0 32 ans, je suis convaincue que leur vision est porteuse d'avenir.\",\"url\":\"https:\\\/\\\/www.sebastien-auziere.fr\\\/blog\\\/author\\\/chloe-gauthier\\\/\"}]}<\/script>\n<!-- \/ Yoast SEO plugin. -->","yoast_head_json":{"title":"Emmanuel Macron d\u00e9nonce avec force les propos de Donald Trump qualifiant son traitement par sa femme d'\u00ab extr\u00eamement mal \u00bb - Fan site S\u00e9bastien Auzi\u00e8re","description":"Emmanuel Macron condamne fermement les propos de Donald Trump sur sa vie priv\u00e9e, d\u00e9non\u00e7ant l'injustice des accusations sur son couple.","robots":{"index":"index","follow":"follow","max-snippet":"max-snippet:-1","max-image-preview":"max-image-preview:large","max-video-preview":"max-video-preview:-1"},"canonical":"https:\/\/www.sebastien-auziere.fr\/blog\/macron-rep-accusations-trump\/","og_locale":"fr_FR","og_type":"article","og_title":"Emmanuel Macron d\u00e9nonce avec force les propos de Donald Trump qualifiant son traitement par sa femme d'\u00ab extr\u00eamement mal \u00bb - Fan site S\u00e9bastien Auzi\u00e8re","og_description":"Emmanuel Macron condamne fermement les propos de Donald Trump sur sa vie priv\u00e9e, d\u00e9non\u00e7ant l'injustice des accusations sur son couple.","og_url":"https:\/\/www.sebastien-auziere.fr\/blog\/macron-rep-accusations-trump\/","og_site_name":"Fan site S\u00e9bastien Auzi\u00e8re","article_published_time":"2026-04-06T07:04:04+00:00","author":"Chloe Gauthier","twitter_card":"summary_large_image","twitter_misc":{"\u00c9crit par":"Chloe Gauthier","Dur\u00e9e de lecture estim\u00e9e":"3 minutes"},"schema":{"@context":"https:\/\/schema.org","@graph":[{"@type":"Article","@id":"https:\/\/www.sebastien-auziere.fr\/blog\/macron-rep-accusations-trump\/#article","isPartOf":{"@id":"https:\/\/www.sebastien-auziere.fr\/blog\/macron-rep-accusations-trump\/"},"author":{"name":"Chloe Gauthier","@id":"https:\/\/www.sebastien-auziere.fr\/blog\/#\/schema\/person\/149f1acdbfd85149c6c3e59adeae2f4d"},"headline":"Emmanuel Macron d\u00e9nonce avec force les propos de Donald Trump qualifiant son traitement par sa femme d&rsquo;\u00ab extr\u00eamement mal \u00bb","datePublished":"2026-04-06T07:04:04+00:00","mainEntityOfPage":{"@id":"https:\/\/www.sebastien-auziere.fr\/blog\/macron-rep-accusations-trump\/"},"wordCount":617,"commentCount":0,"publisher":{"@id":"https:\/\/www.sebastien-auziere.fr\/blog\/#organization"},"keywords":["donald trump","emmanuel macron","politique fran\u00e7aise","propos pol\u00e9miques","relations internationales"],"articleSection":["Actualit\u00e9s"],"inLanguage":"fr-FR","potentialAction":[{"@type":"CommentAction","name":"Comment","target":["https:\/\/www.sebastien-auziere.fr\/blog\/macron-rep-accusations-trump\/#respond"]}]},{"@type":"WebPage","@id":"https:\/\/www.sebastien-auziere.fr\/blog\/macron-rep-accusations-trump\/","url":"https:\/\/www.sebastien-auziere.fr\/blog\/macron-rep-accusations-trump\/","name":"Emmanuel Macron d\u00e9nonce avec force les propos de Donald Trump qualifiant son traitement par sa femme d'\u00ab extr\u00eamement mal \u00bb - Fan site S\u00e9bastien Auzi\u00e8re","isPartOf":{"@id":"https:\/\/www.sebastien-auziere.fr\/blog\/#website"},"datePublished":"2026-04-06T07:04:04+00:00","description":"Emmanuel Macron condamne fermement les propos de Donald Trump sur sa vie priv\u00e9e, d\u00e9non\u00e7ant l'injustice des accusations sur son couple.","breadcrumb":{"@id":"https:\/\/www.sebastien-auziere.fr\/blog\/macron-rep-accusations-trump\/#breadcrumb"},"inLanguage":"fr-FR","potentialAction":[{"@type":"ReadAction","target":["https:\/\/www.sebastien-auziere.fr\/blog\/macron-rep-accusations-trump\/"]}]},{"@type":"BreadcrumbList","@id":"https:\/\/www.sebastien-auziere.fr\/blog\/macron-rep-accusations-trump\/#breadcrumb","itemListElement":[{"@type":"ListItem","position":1,"name":"Home","item":"https:\/\/www.sebastien-auziere.fr\/blog\/"},{"@type":"ListItem","position":2,"name":"Emmanuel Macron d\u00e9nonce avec force les propos de Donald Trump qualifiant son traitement par sa femme d&rsquo;\u00ab extr\u00eamement mal \u00bb"}]},{"@type":"WebSite","@id":"https:\/\/www.sebastien-auziere.fr\/blog\/#website","url":"https:\/\/www.sebastien-auziere.fr\/blog\/","name":"Fan site S\u00e9bastien Auzi\u00e8re","description":"M\u00e9dia g\u00e9n\u00e9raliste","publisher":{"@id":"https:\/\/www.sebastien-auziere.fr\/blog\/#organization"},"potentialAction":[{"@type":"SearchAction","target":{"@type":"EntryPoint","urlTemplate":"https:\/\/www.sebastien-auziere.fr\/blog\/?s={search_term_string}"},"query-input":{"@type":"PropertyValueSpecification","valueRequired":true,"valueName":"search_term_string"}}],"inLanguage":"fr-FR"},{"@type":"Organization","@id":"https:\/\/www.sebastien-auziere.fr\/blog\/#organization","name":"Fan site S\u00e9bastien Auzi\u00e8re","url":"https:\/\/www.sebastien-auziere.fr\/blog\/","logo":{"@type":"ImageObject","inLanguage":"fr-FR","@id":"https:\/\/www.sebastien-auziere.fr\/blog\/#\/schema\/logo\/image\/","url":"https:\/\/www.sebastien-auziere.fr\/blog\/wp-content\/uploads\/2026\/03\/cropped-cropped-cropped-ChatGPT-Image-6-mars-2026-12_58_09-e1772798376794.jpg","contentUrl":"https:\/\/www.sebastien-auziere.fr\/blog\/wp-content\/uploads\/2026\/03\/cropped-cropped-cropped-ChatGPT-Image-6-mars-2026-12_58_09-e1772798376794.jpg","width":512,"height":360,"caption":"Fan site S\u00e9bastien Auzi\u00e8re"},"image":{"@id":"https:\/\/www.sebastien-auziere.fr\/blog\/#\/schema\/logo\/image\/"}},{"@type":"Person","@id":"https:\/\/www.sebastien-auziere.fr\/blog\/#\/schema\/person\/149f1acdbfd85149c6c3e59adeae2f4d","name":"Chloe Gauthier","image":{"@type":"ImageObject","inLanguage":"fr-FR","@id":"https:\/\/secure.gravatar.com\/avatar\/2c5722f58171cff738a8985ef0dd66b476e563753246a49019befc837ec4201a?s=96&d=mm&r=g","url":"https:\/\/secure.gravatar.com\/avatar\/2c5722f58171cff738a8985ef0dd66b476e563753246a49019befc837ec4201a?s=96&d=mm&r=g","contentUrl":"https:\/\/secure.gravatar.com\/avatar\/2c5722f58171cff738a8985ef0dd66b476e563753246a49019befc837ec4201a?s=96&d=mm&r=g","caption":"Chloe Gauthier"},"description":"Passionn\u00e9e par la politique et admiratrice engag\u00e9e de la famille Macron, je consacre mon \u00e9nergie \u00e0 suivre leurs initiatives et \u00e0 promouvoir leurs id\u00e9es. \u00c0 32 ans, je suis convaincue que leur vision est porteuse d'avenir.","url":"https:\/\/www.sebastien-auziere.fr\/blog\/author\/chloe-gauthier\/"}]}},"views":1075,"_links":{"self":[{"href":"https:\/\/www.sebastien-auziere.fr\/blog\/wp-json\/wp\/v2\/posts\/2795","targetHints":{"allow":["GET"]}}],"collection":[{"href":"https:\/\/www.sebastien-auziere.fr\/blog\/wp-json\/wp\/v2\/posts"}],"about":[{"href":"https:\/\/www.sebastien-auziere.fr\/blog\/wp-json\/wp\/v2\/types\/post"}],"author":[{"embeddable":true,"href":"https:\/\/www.sebastien-auziere.fr\/blog\/wp-json\/wp\/v2\/users\/9"}],"replies":[{"embeddable":true,"href":"https:\/\/www.sebastien-auziere.fr\/blog\/wp-json\/wp\/v2\/comments?post=2795"}],"version-history":[{"count":0,"href":"https:\/\/www.sebastien-auziere.fr\/blog\/wp-json\/wp\/v2\/posts\/2795\/revisions"}],"wp:attachment":[{"href":"https:\/\/www.sebastien-auziere.fr\/blog\/wp-json\/wp\/v2\/media?parent=2795"}],"wp:term":[{"taxonomy":"category","embeddable":true,"href":"https:\/\/www.sebastien-auziere.fr\/blog\/wp-json\/wp\/v2\/categories?post=2795"},{"taxonomy":"post_tag","embeddable":true,"href":"https:\/\/www.sebastien-auziere.fr\/blog\/wp-json\/wp\/v2\/tags?post=2795"}],"curies":[{"name":"wp","href":"https:\/\/api.w.org\/{rel}","templated":true}]}}