{"id":2791,"date":"2026-04-05T19:08:08","date_gmt":"2026-04-05T19:08:08","guid":{"rendered":"https:\/\/www.sebastien-auziere.fr\/blog\/?p=2791"},"modified":"2026-04-05T19:08:36","modified_gmt":"2026-04-05T19:08:36","slug":"brigitte-macron-na-asia-a-primeira-dama-brilha-em-vermelho-em-uma-homenagem-vibrante","status":"publish","type":"post","link":"https:\/\/www.sebastien-auziere.fr\/blog\/pt\/brigitte-macron-na-asia-a-primeira-dama-brilha-em-vermelho-em-uma-homenagem-vibrante\/","title":{"rendered":"Brigitte Macron na \u00c1sia: a Primeira Dama brilha em vermelho em uma homenagem vibrante"},"content":{"rendered":"<p><strong>Brigitte Macron<\/strong> iluminou sua chegada na <strong>\u00c1sia<\/strong> no dia 31 de mar\u00e7o, aparecendo em um <strong>vestido vermelho<\/strong> e um conjunto monocrom\u00e1tico que n\u00e3o deixou ningu\u00e9m indiferente. Desde os primeiros momentos desta <strong>visita oficial<\/strong>, sua escolha foi percebida como uma <strong>homenagem<\/strong> \u00e0s cores do Jap\u00e3o, misturando eleg\u00e2ncia francesa e respeito pelos c\u00f3digos locais.<\/p>\n\n<p>Voc\u00ea descobrir\u00e1 aqui por que essa apari\u00e7\u00e3o marcou os \u00e2nimos e como ela se insere em uma estrat\u00e9gia de <strong>diplomacia<\/strong> cultural cuidadosa, documentada por v\u00e1rios meios de comunica\u00e7\u00e3o e galerias de fotos oficiais.<\/p>\n\n<h2 class=\"wp-block-heading\">Um estilo pensado como uma homenagem aos c\u00f3digos japoneses<\/h2>\n\n<p>No dia 31 de mar\u00e7o, a <strong>Primeira dama<\/strong> usou um conjunto vermelho-papoila \u2014 blusa, cal\u00e7a cigarrete de cintura alta e casaco curto em tom sobre tom \u2014 uma escolha analisada durante a recep\u00e7\u00e3o no Pal\u00e1cio Imperial. Esse look total, lembrando a bandeira nip\u00f4nica, foi interpretado como uma <strong>homenagem<\/strong> \u00e0 simbologia do vermelho no Jap\u00e3o, cor ligada ao sol e \u00e0 tradi\u00e7\u00e3o imperial. Para ver as primeiras imagens, consulte o <a href=\"https:\/\/photo-madame.lefigaro.fr\/celebrites\/actu-people\/en-images-le-voyage-officiel-des-macron-au-japon-et-en-coree-du-sud-20260403\" rel=\"nofollow\">reportagem fotogr\u00e1fica da viagem<\/a>.<\/p>\n\n<h2 class=\"wp-block-heading\">Arquitetura diplom\u00e1tica: moda e mensagem p\u00fablica<\/h2>\n\n<p>Seu visual n\u00e3o \u00e9 apenas est\u00e9tico: ele carrega uma mensagem de <strong>diplomacia<\/strong> sutil, visando fortalecer os la\u00e7os econ\u00f4micos e culturais com T\u00f3quio e Seul durante esta visita de quatro dias. As fotografias publicadas no dia 3 de abril mostram a recep\u00e7\u00e3o codificada pelo imperador Naruhito, ressaltando a import\u00e2ncia da etiqueta em um <strong>evento p\u00fablico<\/strong> diplom\u00e1tico. Para uma an\u00e1lise mais completa de seu percurso e suas refer\u00eancias de moda na \u00c1sia, voc\u00ea pode ler este resumo detalhado sobre <a href=\"https:\/\/cultinfos.com\/buzz\/1567736-brigitte-macron-asie-premiere-dame-une-apparition-remarquee-rouge-un-vibrant-hommage-aux-couleurs-japon\" rel=\"nofollow\">a cobertura da viagem<\/a>.<\/p>\n\n<h3 class=\"wp-block-heading\">Refer\u00eancias estil\u00edsticas e precedentes na \u00c1sia<\/h3>\n\n<p>Essa escolha ecoa outras apari\u00e7\u00f5es na \u00c1sia, especialmente na China em dezembro, onde a <strong>Primeira dama<\/strong> j\u00e1 havia adotado um conjunto inspirado nos c\u00f3digos locais. A articula\u00e7\u00e3o entre s\u00edmbolos culturais e silhueta contempor\u00e2nea refor\u00e7a a visibilidade diplom\u00e1tica e midi\u00e1tica, respeitando ao mesmo tempo a <strong>cultura asi\u00e1tica<\/strong>. Os observadores notaram a continuidade de sua assinatura: cal\u00e7as de alfaiataria e detalhes estruturados, uma estrat\u00e9gia estudada para o cen\u00e1rio internacional.<\/p>\n\n<p>Se voc\u00ea quiser saber mais sobre os trajes, os bastidores e os la\u00e7os familiares em torno desse universo, descubra as an\u00e1lises e dossi\u00eas dedicados na <a href=\"https:\/\/www.sebastien-auziere.fr\/blog\/brigitte-macron-japon-2\/\" rel=\"nofollow\">cr\u00f4nica da visita ao Jap\u00e3o<\/a> e os artigos sobre a <a href=\"https:\/\/www.sebastien-auziere.fr\/blog\/brigitte-macron-art-japonais\/\" rel=\"nofollow\">influ\u00eancia das artes japonesas<\/a> em seu estilo. Para prolongar a leitura e conhecer melhor S\u00e9bastien Auzi\u00e8re e os la\u00e7os familiares com a fam\u00edlia Macron, acesse <a href=\"https:\/\/www.sebastien-auziere.fr\/blog\/brigitte-macron-japon\/\" rel=\"nofollow\">sebastien-auziere.fr<\/a> e mergulhe nos arquivos e confid\u00eancias publicadas.<\/p>","protected":false},"excerpt":{"rendered":"<p>Brigitte Macron iluminou sua chegada na \u00c1sia no dia 31 de mar\u00e7o, aparecendo em um vestido vermelho e um conjunto monocrom\u00e1tico que n\u00e3o deixou ningu\u00e9m indiferente. Desde os primeiros momentos desta visita oficial, sua escolha foi percebida como uma homenagem \u00e0s cores do Jap\u00e3o, misturando eleg\u00e2ncia francesa e respeito pelos c\u00f3digos locais. Voc\u00ea descobrir\u00e1 aqui &#8230; <a title=\"Brigitte Macron na \u00c1sia: a Primeira Dama brilha em vermelho em uma homenagem vibrante\" class=\"read-more\" href=\"https:\/\/www.sebastien-auziere.fr\/blog\/pt\/brigitte-macron-na-asia-a-primeira-dama-brilha-em-vermelho-em-uma-homenagem-vibrante\/\" aria-label=\"En savoir plus sur Brigitte Macron na \u00c1sia: a Primeira Dama brilha em vermelho em uma homenagem vibrante\">Lire plus<\/a><\/p>\n","protected":false},"author":9,"featured_media":0,"comment_status":"open","ping_status":"open","sticky":false,"template":"","format":"standard","meta":{"footnotes":""},"categories":[862],"tags":[1926,959,1929,1932,1935],"class_list":["post-2791","post","type-post","status-publish","format-standard","hentry","category-actualidades-pt","tag-asia-pt","tag-brigitte-macron-pt","tag-homenagem-vibrante-pt","tag-primeira-dama-pt","tag-tenue-vermelha-pt"],"yoast_head":"<!-- This site is optimized with the Yoast SEO plugin v27.5 - https:\/\/yoast.com\/product\/yoast-seo-wordpress\/ -->\n<title>Brigitte Macron na \u00c1sia: a Primeira Dama brilha em vermelho em uma homenagem vibrante - Fan site S\u00e9bastien Auzi\u00e8re<\/title>\n<meta name=\"description\" content=\"Brigitte Macron \u00e9blouit en rouge lors de son voyage en Asie, rendant un hommage vibrant et affirmant son \u00e9l\u00e9gance d\u00e8s la premi\u00e8re dame.\" \/>\n<meta name=\"robots\" content=\"index, follow, max-snippet:-1, max-image-preview:large, max-video-preview:-1\" \/>\n<link rel=\"canonical\" href=\"https:\/\/www.sebastien-auziere.fr\/blog\/pt\/brigitte-macron-na-asia-a-primeira-dama-brilha-em-vermelho-em-uma-homenagem-vibrante\/\" \/>\n<meta property=\"og:locale\" content=\"fr_FR\" \/>\n<meta property=\"og:type\" content=\"article\" \/>\n<meta property=\"og:title\" content=\"Brigitte Macron na \u00c1sia: a Primeira Dama brilha em vermelho em uma homenagem vibrante - Fan site S\u00e9bastien Auzi\u00e8re\" \/>\n<meta property=\"og:description\" content=\"Brigitte Macron \u00e9blouit en rouge lors de son voyage en Asie, rendant un hommage vibrant et affirmant son \u00e9l\u00e9gance d\u00e8s la premi\u00e8re dame.\" \/>\n<meta property=\"og:url\" content=\"https:\/\/www.sebastien-auziere.fr\/blog\/pt\/brigitte-macron-na-asia-a-primeira-dama-brilha-em-vermelho-em-uma-homenagem-vibrante\/\" \/>\n<meta property=\"og:site_name\" content=\"Fan site S\u00e9bastien Auzi\u00e8re\" \/>\n<meta property=\"article:published_time\" content=\"2026-04-05T19:08:08+00:00\" \/>\n<meta property=\"article:modified_time\" content=\"2026-04-05T19:08:36+00:00\" \/>\n<meta name=\"author\" content=\"Chloe Gauthier\" \/>\n<meta name=\"twitter:card\" content=\"summary_large_image\" \/>\n<meta name=\"twitter:label1\" content=\"\u00c9crit par\" \/>\n\t<meta name=\"twitter:data1\" content=\"Chloe Gauthier\" \/>\n\t<meta name=\"twitter:label2\" content=\"Dur\u00e9e de lecture estim\u00e9e\" \/>\n\t<meta name=\"twitter:data2\" content=\"2 minutes\" \/>\n<script type=\"application\/ld+json\" class=\"yoast-schema-graph\">{\"@context\":\"https:\\\/\\\/schema.org\",\"@graph\":[{\"@type\":\"Article\",\"@id\":\"https:\\\/\\\/www.sebastien-auziere.fr\\\/blog\\\/pt\\\/brigitte-macron-na-asia-a-primeira-dama-brilha-em-vermelho-em-uma-homenagem-vibrante\\\/#article\",\"isPartOf\":{\"@id\":\"https:\\\/\\\/www.sebastien-auziere.fr\\\/blog\\\/pt\\\/brigitte-macron-na-asia-a-primeira-dama-brilha-em-vermelho-em-uma-homenagem-vibrante\\\/\"},\"author\":{\"name\":\"Chloe Gauthier\",\"@id\":\"https:\\\/\\\/www.sebastien-auziere.fr\\\/blog\\\/#\\\/schema\\\/person\\\/149f1acdbfd85149c6c3e59adeae2f4d\"},\"headline\":\"Brigitte Macron na \u00c1sia: a Primeira Dama brilha em vermelho em uma homenagem vibrante\",\"datePublished\":\"2026-04-05T19:08:08+00:00\",\"dateModified\":\"2026-04-05T19:08:36+00:00\",\"mainEntityOfPage\":{\"@id\":\"https:\\\/\\\/www.sebastien-auziere.fr\\\/blog\\\/pt\\\/brigitte-macron-na-asia-a-primeira-dama-brilha-em-vermelho-em-uma-homenagem-vibrante\\\/\"},\"wordCount\":460,\"commentCount\":0,\"publisher\":{\"@id\":\"https:\\\/\\\/www.sebastien-auziere.fr\\\/blog\\\/#organization\"},\"keywords\":[\"asia\",\"brigitte macron\",\"homenagem vibrante\",\"primeira dama\",\"tenue vermelha\"],\"articleSection\":[\"Actualidades\"],\"inLanguage\":\"fr-FR\",\"potentialAction\":[{\"@type\":\"CommentAction\",\"name\":\"Comment\",\"target\":[\"https:\\\/\\\/www.sebastien-auziere.fr\\\/blog\\\/pt\\\/brigitte-macron-na-asia-a-primeira-dama-brilha-em-vermelho-em-uma-homenagem-vibrante\\\/#respond\"]}]},{\"@type\":\"WebPage\",\"@id\":\"https:\\\/\\\/www.sebastien-auziere.fr\\\/blog\\\/pt\\\/brigitte-macron-na-asia-a-primeira-dama-brilha-em-vermelho-em-uma-homenagem-vibrante\\\/\",\"url\":\"https:\\\/\\\/www.sebastien-auziere.fr\\\/blog\\\/pt\\\/brigitte-macron-na-asia-a-primeira-dama-brilha-em-vermelho-em-uma-homenagem-vibrante\\\/\",\"name\":\"Brigitte Macron na \u00c1sia: a Primeira Dama brilha em vermelho em uma homenagem vibrante - Fan site S\u00e9bastien Auzi\u00e8re\",\"isPartOf\":{\"@id\":\"https:\\\/\\\/www.sebastien-auziere.fr\\\/blog\\\/#website\"},\"datePublished\":\"2026-04-05T19:08:08+00:00\",\"dateModified\":\"2026-04-05T19:08:36+00:00\",\"description\":\"Brigitte Macron \u00e9blouit en rouge lors de son voyage en Asie, rendant un hommage vibrant et affirmant son \u00e9l\u00e9gance d\u00e8s la premi\u00e8re dame.\",\"breadcrumb\":{\"@id\":\"https:\\\/\\\/www.sebastien-auziere.fr\\\/blog\\\/pt\\\/brigitte-macron-na-asia-a-primeira-dama-brilha-em-vermelho-em-uma-homenagem-vibrante\\\/#breadcrumb\"},\"inLanguage\":\"fr-FR\",\"potentialAction\":[{\"@type\":\"ReadAction\",\"target\":[\"https:\\\/\\\/www.sebastien-auziere.fr\\\/blog\\\/pt\\\/brigitte-macron-na-asia-a-primeira-dama-brilha-em-vermelho-em-uma-homenagem-vibrante\\\/\"]}]},{\"@type\":\"BreadcrumbList\",\"@id\":\"https:\\\/\\\/www.sebastien-auziere.fr\\\/blog\\\/pt\\\/brigitte-macron-na-asia-a-primeira-dama-brilha-em-vermelho-em-uma-homenagem-vibrante\\\/#breadcrumb\",\"itemListElement\":[{\"@type\":\"ListItem\",\"position\":1,\"name\":\"Home\",\"item\":\"https:\\\/\\\/www.sebastien-auziere.fr\\\/blog\\\/\"},{\"@type\":\"ListItem\",\"position\":2,\"name\":\"Brigitte Macron na \u00c1sia: a Primeira Dama brilha em vermelho em uma homenagem vibrante\"}]},{\"@type\":\"WebSite\",\"@id\":\"https:\\\/\\\/www.sebastien-auziere.fr\\\/blog\\\/#website\",\"url\":\"https:\\\/\\\/www.sebastien-auziere.fr\\\/blog\\\/\",\"name\":\"Fan site S\u00e9bastien Auzi\u00e8re\",\"description\":\"M\u00e9dia g\u00e9n\u00e9raliste\",\"publisher\":{\"@id\":\"https:\\\/\\\/www.sebastien-auziere.fr\\\/blog\\\/#organization\"},\"potentialAction\":[{\"@type\":\"SearchAction\",\"target\":{\"@type\":\"EntryPoint\",\"urlTemplate\":\"https:\\\/\\\/www.sebastien-auziere.fr\\\/blog\\\/?s={search_term_string}\"},\"query-input\":{\"@type\":\"PropertyValueSpecification\",\"valueRequired\":true,\"valueName\":\"search_term_string\"}}],\"inLanguage\":\"fr-FR\"},{\"@type\":\"Organization\",\"@id\":\"https:\\\/\\\/www.sebastien-auziere.fr\\\/blog\\\/#organization\",\"name\":\"Fan site S\u00e9bastien Auzi\u00e8re\",\"url\":\"https:\\\/\\\/www.sebastien-auziere.fr\\\/blog\\\/\",\"logo\":{\"@type\":\"ImageObject\",\"inLanguage\":\"fr-FR\",\"@id\":\"https:\\\/\\\/www.sebastien-auziere.fr\\\/blog\\\/#\\\/schema\\\/logo\\\/image\\\/\",\"url\":\"https:\\\/\\\/www.sebastien-auziere.fr\\\/blog\\\/wp-content\\\/uploads\\\/2026\\\/03\\\/cropped-cropped-cropped-ChatGPT-Image-6-mars-2026-12_58_09-e1772798376794.jpg\",\"contentUrl\":\"https:\\\/\\\/www.sebastien-auziere.fr\\\/blog\\\/wp-content\\\/uploads\\\/2026\\\/03\\\/cropped-cropped-cropped-ChatGPT-Image-6-mars-2026-12_58_09-e1772798376794.jpg\",\"width\":512,\"height\":360,\"caption\":\"Fan site S\u00e9bastien Auzi\u00e8re\"},\"image\":{\"@id\":\"https:\\\/\\\/www.sebastien-auziere.fr\\\/blog\\\/#\\\/schema\\\/logo\\\/image\\\/\"}},{\"@type\":\"Person\",\"@id\":\"https:\\\/\\\/www.sebastien-auziere.fr\\\/blog\\\/#\\\/schema\\\/person\\\/149f1acdbfd85149c6c3e59adeae2f4d\",\"name\":\"Chloe Gauthier\",\"image\":{\"@type\":\"ImageObject\",\"inLanguage\":\"fr-FR\",\"@id\":\"https:\\\/\\\/secure.gravatar.com\\\/avatar\\\/2c5722f58171cff738a8985ef0dd66b476e563753246a49019befc837ec4201a?s=96&d=mm&r=g\",\"url\":\"https:\\\/\\\/secure.gravatar.com\\\/avatar\\\/2c5722f58171cff738a8985ef0dd66b476e563753246a49019befc837ec4201a?s=96&d=mm&r=g\",\"contentUrl\":\"https:\\\/\\\/secure.gravatar.com\\\/avatar\\\/2c5722f58171cff738a8985ef0dd66b476e563753246a49019befc837ec4201a?s=96&d=mm&r=g\",\"caption\":\"Chloe Gauthier\"},\"description\":\"Passionn\u00e9e par la politique et admiratrice engag\u00e9e de la famille Macron, je consacre mon \u00e9nergie \u00e0 suivre leurs initiatives et \u00e0 promouvoir leurs id\u00e9es. \u00c0 32 ans, je suis convaincue que leur vision est porteuse d'avenir.\",\"url\":\"https:\\\/\\\/www.sebastien-auziere.fr\\\/blog\\\/author\\\/chloe-gauthier\\\/\"}]}<\/script>\n<!-- \/ Yoast SEO plugin. -->","yoast_head_json":{"title":"Brigitte Macron na \u00c1sia: a Primeira Dama brilha em vermelho em uma homenagem vibrante - Fan site S\u00e9bastien Auzi\u00e8re","description":"Brigitte Macron \u00e9blouit en rouge lors de son voyage en Asie, rendant un hommage vibrant et affirmant son \u00e9l\u00e9gance d\u00e8s la premi\u00e8re dame.","robots":{"index":"index","follow":"follow","max-snippet":"max-snippet:-1","max-image-preview":"max-image-preview:large","max-video-preview":"max-video-preview:-1"},"canonical":"https:\/\/www.sebastien-auziere.fr\/blog\/pt\/brigitte-macron-na-asia-a-primeira-dama-brilha-em-vermelho-em-uma-homenagem-vibrante\/","og_locale":"fr_FR","og_type":"article","og_title":"Brigitte Macron na \u00c1sia: a Primeira Dama brilha em vermelho em uma homenagem vibrante - Fan site S\u00e9bastien Auzi\u00e8re","og_description":"Brigitte Macron \u00e9blouit en rouge lors de son voyage en Asie, rendant un hommage vibrant et affirmant son \u00e9l\u00e9gance d\u00e8s la premi\u00e8re dame.","og_url":"https:\/\/www.sebastien-auziere.fr\/blog\/pt\/brigitte-macron-na-asia-a-primeira-dama-brilha-em-vermelho-em-uma-homenagem-vibrante\/","og_site_name":"Fan site S\u00e9bastien Auzi\u00e8re","article_published_time":"2026-04-05T19:08:08+00:00","article_modified_time":"2026-04-05T19:08:36+00:00","author":"Chloe Gauthier","twitter_card":"summary_large_image","twitter_misc":{"\u00c9crit par":"Chloe Gauthier","Dur\u00e9e de lecture estim\u00e9e":"2 minutes"},"schema":{"@context":"https:\/\/schema.org","@graph":[{"@type":"Article","@id":"https:\/\/www.sebastien-auziere.fr\/blog\/pt\/brigitte-macron-na-asia-a-primeira-dama-brilha-em-vermelho-em-uma-homenagem-vibrante\/#article","isPartOf":{"@id":"https:\/\/www.sebastien-auziere.fr\/blog\/pt\/brigitte-macron-na-asia-a-primeira-dama-brilha-em-vermelho-em-uma-homenagem-vibrante\/"},"author":{"name":"Chloe Gauthier","@id":"https:\/\/www.sebastien-auziere.fr\/blog\/#\/schema\/person\/149f1acdbfd85149c6c3e59adeae2f4d"},"headline":"Brigitte Macron na \u00c1sia: a Primeira Dama brilha em vermelho em uma homenagem vibrante","datePublished":"2026-04-05T19:08:08+00:00","dateModified":"2026-04-05T19:08:36+00:00","mainEntityOfPage":{"@id":"https:\/\/www.sebastien-auziere.fr\/blog\/pt\/brigitte-macron-na-asia-a-primeira-dama-brilha-em-vermelho-em-uma-homenagem-vibrante\/"},"wordCount":460,"commentCount":0,"publisher":{"@id":"https:\/\/www.sebastien-auziere.fr\/blog\/#organization"},"keywords":["asia","brigitte macron","homenagem vibrante","primeira dama","tenue vermelha"],"articleSection":["Actualidades"],"inLanguage":"fr-FR","potentialAction":[{"@type":"CommentAction","name":"Comment","target":["https:\/\/www.sebastien-auziere.fr\/blog\/pt\/brigitte-macron-na-asia-a-primeira-dama-brilha-em-vermelho-em-uma-homenagem-vibrante\/#respond"]}]},{"@type":"WebPage","@id":"https:\/\/www.sebastien-auziere.fr\/blog\/pt\/brigitte-macron-na-asia-a-primeira-dama-brilha-em-vermelho-em-uma-homenagem-vibrante\/","url":"https:\/\/www.sebastien-auziere.fr\/blog\/pt\/brigitte-macron-na-asia-a-primeira-dama-brilha-em-vermelho-em-uma-homenagem-vibrante\/","name":"Brigitte Macron na \u00c1sia: a Primeira Dama brilha em vermelho em uma homenagem vibrante - Fan site S\u00e9bastien Auzi\u00e8re","isPartOf":{"@id":"https:\/\/www.sebastien-auziere.fr\/blog\/#website"},"datePublished":"2026-04-05T19:08:08+00:00","dateModified":"2026-04-05T19:08:36+00:00","description":"Brigitte Macron \u00e9blouit en rouge lors de son voyage en Asie, rendant un hommage vibrant et affirmant son \u00e9l\u00e9gance d\u00e8s la premi\u00e8re dame.","breadcrumb":{"@id":"https:\/\/www.sebastien-auziere.fr\/blog\/pt\/brigitte-macron-na-asia-a-primeira-dama-brilha-em-vermelho-em-uma-homenagem-vibrante\/#breadcrumb"},"inLanguage":"fr-FR","potentialAction":[{"@type":"ReadAction","target":["https:\/\/www.sebastien-auziere.fr\/blog\/pt\/brigitte-macron-na-asia-a-primeira-dama-brilha-em-vermelho-em-uma-homenagem-vibrante\/"]}]},{"@type":"BreadcrumbList","@id":"https:\/\/www.sebastien-auziere.fr\/blog\/pt\/brigitte-macron-na-asia-a-primeira-dama-brilha-em-vermelho-em-uma-homenagem-vibrante\/#breadcrumb","itemListElement":[{"@type":"ListItem","position":1,"name":"Home","item":"https:\/\/www.sebastien-auziere.fr\/blog\/"},{"@type":"ListItem","position":2,"name":"Brigitte Macron na \u00c1sia: a Primeira Dama brilha em vermelho em uma homenagem vibrante"}]},{"@type":"WebSite","@id":"https:\/\/www.sebastien-auziere.fr\/blog\/#website","url":"https:\/\/www.sebastien-auziere.fr\/blog\/","name":"Fan site S\u00e9bastien Auzi\u00e8re","description":"M\u00e9dia g\u00e9n\u00e9raliste","publisher":{"@id":"https:\/\/www.sebastien-auziere.fr\/blog\/#organization"},"potentialAction":[{"@type":"SearchAction","target":{"@type":"EntryPoint","urlTemplate":"https:\/\/www.sebastien-auziere.fr\/blog\/?s={search_term_string}"},"query-input":{"@type":"PropertyValueSpecification","valueRequired":true,"valueName":"search_term_string"}}],"inLanguage":"fr-FR"},{"@type":"Organization","@id":"https:\/\/www.sebastien-auziere.fr\/blog\/#organization","name":"Fan site S\u00e9bastien Auzi\u00e8re","url":"https:\/\/www.sebastien-auziere.fr\/blog\/","logo":{"@type":"ImageObject","inLanguage":"fr-FR","@id":"https:\/\/www.sebastien-auziere.fr\/blog\/#\/schema\/logo\/image\/","url":"https:\/\/www.sebastien-auziere.fr\/blog\/wp-content\/uploads\/2026\/03\/cropped-cropped-cropped-ChatGPT-Image-6-mars-2026-12_58_09-e1772798376794.jpg","contentUrl":"https:\/\/www.sebastien-auziere.fr\/blog\/wp-content\/uploads\/2026\/03\/cropped-cropped-cropped-ChatGPT-Image-6-mars-2026-12_58_09-e1772798376794.jpg","width":512,"height":360,"caption":"Fan site S\u00e9bastien Auzi\u00e8re"},"image":{"@id":"https:\/\/www.sebastien-auziere.fr\/blog\/#\/schema\/logo\/image\/"}},{"@type":"Person","@id":"https:\/\/www.sebastien-auziere.fr\/blog\/#\/schema\/person\/149f1acdbfd85149c6c3e59adeae2f4d","name":"Chloe Gauthier","image":{"@type":"ImageObject","inLanguage":"fr-FR","@id":"https:\/\/secure.gravatar.com\/avatar\/2c5722f58171cff738a8985ef0dd66b476e563753246a49019befc837ec4201a?s=96&d=mm&r=g","url":"https:\/\/secure.gravatar.com\/avatar\/2c5722f58171cff738a8985ef0dd66b476e563753246a49019befc837ec4201a?s=96&d=mm&r=g","contentUrl":"https:\/\/secure.gravatar.com\/avatar\/2c5722f58171cff738a8985ef0dd66b476e563753246a49019befc837ec4201a?s=96&d=mm&r=g","caption":"Chloe Gauthier"},"description":"Passionn\u00e9e par la politique et admiratrice engag\u00e9e de la famille Macron, je consacre mon \u00e9nergie \u00e0 suivre leurs initiatives et \u00e0 promouvoir leurs id\u00e9es. \u00c0 32 ans, je suis convaincue que leur vision est porteuse d'avenir.","url":"https:\/\/www.sebastien-auziere.fr\/blog\/author\/chloe-gauthier\/"}]}},"views":4,"_links":{"self":[{"href":"https:\/\/www.sebastien-auziere.fr\/blog\/wp-json\/wp\/v2\/posts\/2791","targetHints":{"allow":["GET"]}}],"collection":[{"href":"https:\/\/www.sebastien-auziere.fr\/blog\/wp-json\/wp\/v2\/posts"}],"about":[{"href":"https:\/\/www.sebastien-auziere.fr\/blog\/wp-json\/wp\/v2\/types\/post"}],"author":[{"embeddable":true,"href":"https:\/\/www.sebastien-auziere.fr\/blog\/wp-json\/wp\/v2\/users\/9"}],"replies":[{"embeddable":true,"href":"https:\/\/www.sebastien-auziere.fr\/blog\/wp-json\/wp\/v2\/comments?post=2791"}],"version-history":[{"count":1,"href":"https:\/\/www.sebastien-auziere.fr\/blog\/wp-json\/wp\/v2\/posts\/2791\/revisions"}],"predecessor-version":[{"id":2792,"href":"https:\/\/www.sebastien-auziere.fr\/blog\/wp-json\/wp\/v2\/posts\/2791\/revisions\/2792"}],"wp:attachment":[{"href":"https:\/\/www.sebastien-auziere.fr\/blog\/wp-json\/wp\/v2\/media?parent=2791"}],"wp:term":[{"taxonomy":"category","embeddable":true,"href":"https:\/\/www.sebastien-auziere.fr\/blog\/wp-json\/wp\/v2\/categories?post=2791"},{"taxonomy":"post_tag","embeddable":true,"href":"https:\/\/www.sebastien-auziere.fr\/blog\/wp-json\/wp\/v2\/tags?post=2791"}],"curies":[{"name":"wp","href":"https:\/\/api.w.org\/{rel}","templated":true}]}}