{"id":2789,"date":"2026-04-05T19:07:30","date_gmt":"2026-04-05T19:07:30","guid":{"rendered":"https:\/\/www.sebastien-auziere.fr\/blog\/?p=2789"},"modified":"2026-04-05T19:07:59","modified_gmt":"2026-04-05T19:07:59","slug":"brigitte-macron-in-asia-la-prima-donna-brilla-in-rosso-per-un-omaggio-vibrante","status":"publish","type":"post","link":"https:\/\/www.sebastien-auziere.fr\/blog\/it\/brigitte-macron-in-asia-la-prima-donna-brilla-in-rosso-per-un-omaggio-vibrante\/","title":{"rendered":"Brigitte Macron in Asia: la Prima donna brilla in rosso per un omaggio vibrante"},"content":{"rendered":"<p><strong>Brigitte Macron<\/strong> ha illuminato il suo arrivo in <strong>Asia<\/strong> il 31 marzo, apparendo in un<strong> abito rosso<\/strong> e un completo monocromatico che non ha lasciato nessuno indifferente. Gi\u00e0 nei primi istanti di questa <strong>visita ufficiale<\/strong>, la sua scelta \u00e8 stata percepita come un <strong>omaggio<\/strong> ai colori del Giappone, mescolando eleganza francese e rispetto dei codici locali.<\/p>\n\n<p>Qui scoprirai perch\u00e9 questa apparizione ha colpito le menti e come si inserisce in una strategia di <strong>diplomazia<\/strong> culturale curata, documentata da diversi media e gallerie fotografiche ufficiali.<\/p>\n\n<h2 class=\"wp-block-heading\">Uno stile pensato come un omaggio ai codici giapponesi<\/h2>\n\n<p>Il 31 marzo, la <strong>First Lady<\/strong> ha indossato un completo rosso papavero \u2014 blusa, pantaloni a sigaretta a vita alta e cappotto corto tono su tono \u2014 una scelta scrutata durante la ricezione al Palazzo Imperiale. Questo total look, che richiama la bandiera nipponica, \u00e8 stato interpretato come un <strong>omaggio<\/strong> alla simbologia del rosso in Giappone, colore legato al sole e alla tradizione imperiale. Per vedere le prime immagini, consulta il <a href=\"https:\/\/photo-madame.lefigaro.fr\/celebrites\/actu-people\/en-images-le-voyage-officiel-des-macron-au-japon-et-en-coree-du-sud-20260403\" rel=\"nofollow\">servizio fotografico del viaggio<\/a>.<\/p>\n\n<h2 class=\"wp-block-heading\">Architettura diplomatica: moda e messaggio pubblico<\/h2>\n\n<p>Il suo aspetto non \u00e8 solo estetico: porta un messaggio di <strong>diplomazia<\/strong> sottile, volto a rafforzare i legami economici e culturali con Tokyo e Seul durante questa visita di quattro giorni. Le fotografie pubblicate il 3 aprile mostrano l&rsquo;accoglienza codificata dall&rsquo;imperatore Naruhito, sottolineando l&rsquo;importanza del protocollo durante un <strong>evento pubblico<\/strong> diplomatico. Per un&rsquo;analisi pi\u00f9 completa del suo percorso e dei suoi riferimenti moda in Asia, puoi leggere questo riepilogo dettagliato su <a href=\"https:\/\/cultinfos.com\/buzz\/1567736-brigitte-macron-asie-premiere-dame-une-apparition-remarquee-rouge-un-vibrant-hommage-aux-couleurs-japon\" rel=\"nofollow\">la copertura del viaggio<\/a>.<\/p>\n\n<h3 class=\"wp-block-heading\">Riferimenti stilistici e precedenti in Asia<\/h3>\n\n<p>Questa scelta fa eco ad altre apparizioni in Asia, in particolare in Cina a dicembre, dove la <strong>First Lady<\/strong> aveva gi\u00e0 adottato un outfit ispirato ai codici locali. L&rsquo;articolazione tra simboli culturali e silhouette contemporanea rafforza la visibilit\u00e0 diplomatica e mediatica, rispettando al contempo la <strong>cultura asiatica<\/strong>. Gli osservatori hanno notato la continuit\u00e0 della sua firma: pantaloni su misura e dettagli strutturati, una strategia studiata per la scena internazionale.<\/p>\n\n<p>Se vuoi saperne di pi\u00f9 sugli abiti, i retroscena e i legami familiari intorno a questo universo, scopri le analisi e i dossier dedicati su <a href=\"https:\/\/www.sebastien-auziere.fr\/blog\/brigitte-macron-japon-2\/\" rel=\"nofollow\">la cronaca della visita in Giappone<\/a> e gli articoli sull\u2019<a href=\"https:\/\/www.sebastien-auziere.fr\/blog\/brigitte-macron-art-japonais\/\" rel=\"nofollow\">influenza delle arti giapponesi<\/a> sul suo stile. Per approfondire la lettura e conoscere meglio S\u00e9bastien Auzi\u00e8re e i legami familiari con la famiglia Macron, visita <a href=\"https:\/\/www.sebastien-auziere.fr\/blog\/brigitte-macron-japon\/\" rel=\"nofollow\">sebastien-auziere.fr<\/a> e immergiti negli archivi e nei racconti pubblicati.<\/p>","protected":false},"excerpt":{"rendered":"<p>Brigitte Macron ha illuminato il suo arrivo in Asia il 31 marzo, apparendo in un abito rosso e un completo monocromatico che non ha lasciato nessuno indifferente. Gi\u00e0 nei primi istanti di questa visita ufficiale, la sua scelta \u00e8 stata percepita come un omaggio ai colori del Giappone, mescolando eleganza francese e rispetto dei codici &#8230; <a title=\"Brigitte Macron in Asia: la Prima donna brilla in rosso per un omaggio vibrante\" class=\"read-more\" href=\"https:\/\/www.sebastien-auziere.fr\/blog\/it\/brigitte-macron-in-asia-la-prima-donna-brilla-in-rosso-per-un-omaggio-vibrante\/\" aria-label=\"En savoir plus sur Brigitte Macron in Asia: la Prima donna brilla in rosso per un omaggio vibrante\">Lire plus<\/a><\/p>\n","protected":false},"author":9,"featured_media":0,"comment_status":"open","ping_status":"open","sticky":false,"template":"","format":"standard","meta":{"footnotes":""},"categories":[859],"tags":[1914,944,1917,1920,1923],"class_list":["post-2789","post","type-post","status-publish","format-standard","hentry","category-actualita-it","tag-asie-it","tag-brigitte-macron-it","tag-omaggio-vibrante-it","tag-prima-donna-it","tag-tenuta-rossa-it"],"yoast_head":"<!-- This site is optimized with the Yoast SEO plugin v27.5 - https:\/\/yoast.com\/product\/yoast-seo-wordpress\/ -->\n<title>Brigitte Macron in Asia: la Prima donna brilla in rosso per un omaggio vibrante - Fan site S\u00e9bastien Auzi\u00e8re<\/title>\n<meta name=\"description\" content=\"Brigitte Macron \u00e9blouit en rouge lors de son voyage en Asie, rendant un hommage vibrant et affirmant son \u00e9l\u00e9gance d\u00e8s la premi\u00e8re dame.\" \/>\n<meta name=\"robots\" content=\"index, follow, max-snippet:-1, max-image-preview:large, max-video-preview:-1\" \/>\n<link rel=\"canonical\" href=\"https:\/\/www.sebastien-auziere.fr\/blog\/it\/brigitte-macron-in-asia-la-prima-donna-brilla-in-rosso-per-un-omaggio-vibrante\/\" \/>\n<meta property=\"og:locale\" content=\"fr_FR\" \/>\n<meta property=\"og:type\" content=\"article\" \/>\n<meta property=\"og:title\" content=\"Brigitte Macron in Asia: la Prima donna brilla in rosso per un omaggio vibrante - Fan site S\u00e9bastien Auzi\u00e8re\" \/>\n<meta property=\"og:description\" content=\"Brigitte Macron \u00e9blouit en rouge lors de son voyage en Asie, rendant un hommage vibrant et affirmant son \u00e9l\u00e9gance d\u00e8s la premi\u00e8re dame.\" \/>\n<meta property=\"og:url\" content=\"https:\/\/www.sebastien-auziere.fr\/blog\/it\/brigitte-macron-in-asia-la-prima-donna-brilla-in-rosso-per-un-omaggio-vibrante\/\" \/>\n<meta property=\"og:site_name\" content=\"Fan site S\u00e9bastien Auzi\u00e8re\" \/>\n<meta property=\"article:published_time\" content=\"2026-04-05T19:07:30+00:00\" \/>\n<meta property=\"article:modified_time\" content=\"2026-04-05T19:07:59+00:00\" \/>\n<meta name=\"author\" content=\"Chloe Gauthier\" \/>\n<meta name=\"twitter:card\" content=\"summary_large_image\" \/>\n<meta name=\"twitter:label1\" content=\"\u00c9crit par\" \/>\n\t<meta name=\"twitter:data1\" content=\"Chloe Gauthier\" \/>\n\t<meta name=\"twitter:label2\" content=\"Dur\u00e9e de lecture estim\u00e9e\" \/>\n\t<meta name=\"twitter:data2\" content=\"2 minutes\" \/>\n<script type=\"application\/ld+json\" class=\"yoast-schema-graph\">{\"@context\":\"https:\\\/\\\/schema.org\",\"@graph\":[{\"@type\":\"Article\",\"@id\":\"https:\\\/\\\/www.sebastien-auziere.fr\\\/blog\\\/it\\\/brigitte-macron-in-asia-la-prima-donna-brilla-in-rosso-per-un-omaggio-vibrante\\\/#article\",\"isPartOf\":{\"@id\":\"https:\\\/\\\/www.sebastien-auziere.fr\\\/blog\\\/it\\\/brigitte-macron-in-asia-la-prima-donna-brilla-in-rosso-per-un-omaggio-vibrante\\\/\"},\"author\":{\"name\":\"Chloe Gauthier\",\"@id\":\"https:\\\/\\\/www.sebastien-auziere.fr\\\/blog\\\/#\\\/schema\\\/person\\\/149f1acdbfd85149c6c3e59adeae2f4d\"},\"headline\":\"Brigitte Macron in Asia: la Prima donna brilla in rosso per un omaggio vibrante\",\"datePublished\":\"2026-04-05T19:07:30+00:00\",\"dateModified\":\"2026-04-05T19:07:59+00:00\",\"mainEntityOfPage\":{\"@id\":\"https:\\\/\\\/www.sebastien-auziere.fr\\\/blog\\\/it\\\/brigitte-macron-in-asia-la-prima-donna-brilla-in-rosso-per-un-omaggio-vibrante\\\/\"},\"wordCount\":402,\"commentCount\":0,\"publisher\":{\"@id\":\"https:\\\/\\\/www.sebastien-auziere.fr\\\/blog\\\/#organization\"},\"keywords\":[\"asie\",\"brigitte macron\",\"omaggio vibrante\",\"prima donna\",\"tenuta rossa\"],\"articleSection\":[\"Actualit\u00e0\"],\"inLanguage\":\"fr-FR\",\"potentialAction\":[{\"@type\":\"CommentAction\",\"name\":\"Comment\",\"target\":[\"https:\\\/\\\/www.sebastien-auziere.fr\\\/blog\\\/it\\\/brigitte-macron-in-asia-la-prima-donna-brilla-in-rosso-per-un-omaggio-vibrante\\\/#respond\"]}]},{\"@type\":\"WebPage\",\"@id\":\"https:\\\/\\\/www.sebastien-auziere.fr\\\/blog\\\/it\\\/brigitte-macron-in-asia-la-prima-donna-brilla-in-rosso-per-un-omaggio-vibrante\\\/\",\"url\":\"https:\\\/\\\/www.sebastien-auziere.fr\\\/blog\\\/it\\\/brigitte-macron-in-asia-la-prima-donna-brilla-in-rosso-per-un-omaggio-vibrante\\\/\",\"name\":\"Brigitte Macron in Asia: la Prima donna brilla in rosso per un omaggio vibrante - Fan site S\u00e9bastien Auzi\u00e8re\",\"isPartOf\":{\"@id\":\"https:\\\/\\\/www.sebastien-auziere.fr\\\/blog\\\/#website\"},\"datePublished\":\"2026-04-05T19:07:30+00:00\",\"dateModified\":\"2026-04-05T19:07:59+00:00\",\"description\":\"Brigitte Macron \u00e9blouit en rouge lors de son voyage en Asie, rendant un hommage vibrant et affirmant son \u00e9l\u00e9gance d\u00e8s la premi\u00e8re dame.\",\"breadcrumb\":{\"@id\":\"https:\\\/\\\/www.sebastien-auziere.fr\\\/blog\\\/it\\\/brigitte-macron-in-asia-la-prima-donna-brilla-in-rosso-per-un-omaggio-vibrante\\\/#breadcrumb\"},\"inLanguage\":\"fr-FR\",\"potentialAction\":[{\"@type\":\"ReadAction\",\"target\":[\"https:\\\/\\\/www.sebastien-auziere.fr\\\/blog\\\/it\\\/brigitte-macron-in-asia-la-prima-donna-brilla-in-rosso-per-un-omaggio-vibrante\\\/\"]}]},{\"@type\":\"BreadcrumbList\",\"@id\":\"https:\\\/\\\/www.sebastien-auziere.fr\\\/blog\\\/it\\\/brigitte-macron-in-asia-la-prima-donna-brilla-in-rosso-per-un-omaggio-vibrante\\\/#breadcrumb\",\"itemListElement\":[{\"@type\":\"ListItem\",\"position\":1,\"name\":\"Home\",\"item\":\"https:\\\/\\\/www.sebastien-auziere.fr\\\/blog\\\/\"},{\"@type\":\"ListItem\",\"position\":2,\"name\":\"Brigitte Macron in Asia: la Prima donna brilla in rosso per un omaggio vibrante\"}]},{\"@type\":\"WebSite\",\"@id\":\"https:\\\/\\\/www.sebastien-auziere.fr\\\/blog\\\/#website\",\"url\":\"https:\\\/\\\/www.sebastien-auziere.fr\\\/blog\\\/\",\"name\":\"Fan site S\u00e9bastien Auzi\u00e8re\",\"description\":\"M\u00e9dia g\u00e9n\u00e9raliste\",\"publisher\":{\"@id\":\"https:\\\/\\\/www.sebastien-auziere.fr\\\/blog\\\/#organization\"},\"potentialAction\":[{\"@type\":\"SearchAction\",\"target\":{\"@type\":\"EntryPoint\",\"urlTemplate\":\"https:\\\/\\\/www.sebastien-auziere.fr\\\/blog\\\/?s={search_term_string}\"},\"query-input\":{\"@type\":\"PropertyValueSpecification\",\"valueRequired\":true,\"valueName\":\"search_term_string\"}}],\"inLanguage\":\"fr-FR\"},{\"@type\":\"Organization\",\"@id\":\"https:\\\/\\\/www.sebastien-auziere.fr\\\/blog\\\/#organization\",\"name\":\"Fan site S\u00e9bastien Auzi\u00e8re\",\"url\":\"https:\\\/\\\/www.sebastien-auziere.fr\\\/blog\\\/\",\"logo\":{\"@type\":\"ImageObject\",\"inLanguage\":\"fr-FR\",\"@id\":\"https:\\\/\\\/www.sebastien-auziere.fr\\\/blog\\\/#\\\/schema\\\/logo\\\/image\\\/\",\"url\":\"https:\\\/\\\/www.sebastien-auziere.fr\\\/blog\\\/wp-content\\\/uploads\\\/2026\\\/03\\\/cropped-cropped-cropped-ChatGPT-Image-6-mars-2026-12_58_09-e1772798376794.jpg\",\"contentUrl\":\"https:\\\/\\\/www.sebastien-auziere.fr\\\/blog\\\/wp-content\\\/uploads\\\/2026\\\/03\\\/cropped-cropped-cropped-ChatGPT-Image-6-mars-2026-12_58_09-e1772798376794.jpg\",\"width\":512,\"height\":360,\"caption\":\"Fan site S\u00e9bastien Auzi\u00e8re\"},\"image\":{\"@id\":\"https:\\\/\\\/www.sebastien-auziere.fr\\\/blog\\\/#\\\/schema\\\/logo\\\/image\\\/\"}},{\"@type\":\"Person\",\"@id\":\"https:\\\/\\\/www.sebastien-auziere.fr\\\/blog\\\/#\\\/schema\\\/person\\\/149f1acdbfd85149c6c3e59adeae2f4d\",\"name\":\"Chloe Gauthier\",\"image\":{\"@type\":\"ImageObject\",\"inLanguage\":\"fr-FR\",\"@id\":\"https:\\\/\\\/secure.gravatar.com\\\/avatar\\\/2c5722f58171cff738a8985ef0dd66b476e563753246a49019befc837ec4201a?s=96&d=mm&r=g\",\"url\":\"https:\\\/\\\/secure.gravatar.com\\\/avatar\\\/2c5722f58171cff738a8985ef0dd66b476e563753246a49019befc837ec4201a?s=96&d=mm&r=g\",\"contentUrl\":\"https:\\\/\\\/secure.gravatar.com\\\/avatar\\\/2c5722f58171cff738a8985ef0dd66b476e563753246a49019befc837ec4201a?s=96&d=mm&r=g\",\"caption\":\"Chloe Gauthier\"},\"description\":\"Passionn\u00e9e par la politique et admiratrice engag\u00e9e de la famille Macron, je consacre mon \u00e9nergie \u00e0 suivre leurs initiatives et \u00e0 promouvoir leurs id\u00e9es. \u00c0 32 ans, je suis convaincue que leur vision est porteuse d'avenir.\",\"url\":\"https:\\\/\\\/www.sebastien-auziere.fr\\\/blog\\\/author\\\/chloe-gauthier\\\/\"}]}<\/script>\n<!-- \/ Yoast SEO plugin. -->","yoast_head_json":{"title":"Brigitte Macron in Asia: la Prima donna brilla in rosso per un omaggio vibrante - Fan site S\u00e9bastien Auzi\u00e8re","description":"Brigitte Macron \u00e9blouit en rouge lors de son voyage en Asie, rendant un hommage vibrant et affirmant son \u00e9l\u00e9gance d\u00e8s la premi\u00e8re dame.","robots":{"index":"index","follow":"follow","max-snippet":"max-snippet:-1","max-image-preview":"max-image-preview:large","max-video-preview":"max-video-preview:-1"},"canonical":"https:\/\/www.sebastien-auziere.fr\/blog\/it\/brigitte-macron-in-asia-la-prima-donna-brilla-in-rosso-per-un-omaggio-vibrante\/","og_locale":"fr_FR","og_type":"article","og_title":"Brigitte Macron in Asia: la Prima donna brilla in rosso per un omaggio vibrante - Fan site S\u00e9bastien Auzi\u00e8re","og_description":"Brigitte Macron \u00e9blouit en rouge lors de son voyage en Asie, rendant un hommage vibrant et affirmant son \u00e9l\u00e9gance d\u00e8s la premi\u00e8re dame.","og_url":"https:\/\/www.sebastien-auziere.fr\/blog\/it\/brigitte-macron-in-asia-la-prima-donna-brilla-in-rosso-per-un-omaggio-vibrante\/","og_site_name":"Fan site S\u00e9bastien Auzi\u00e8re","article_published_time":"2026-04-05T19:07:30+00:00","article_modified_time":"2026-04-05T19:07:59+00:00","author":"Chloe Gauthier","twitter_card":"summary_large_image","twitter_misc":{"\u00c9crit par":"Chloe Gauthier","Dur\u00e9e de lecture estim\u00e9e":"2 minutes"},"schema":{"@context":"https:\/\/schema.org","@graph":[{"@type":"Article","@id":"https:\/\/www.sebastien-auziere.fr\/blog\/it\/brigitte-macron-in-asia-la-prima-donna-brilla-in-rosso-per-un-omaggio-vibrante\/#article","isPartOf":{"@id":"https:\/\/www.sebastien-auziere.fr\/blog\/it\/brigitte-macron-in-asia-la-prima-donna-brilla-in-rosso-per-un-omaggio-vibrante\/"},"author":{"name":"Chloe Gauthier","@id":"https:\/\/www.sebastien-auziere.fr\/blog\/#\/schema\/person\/149f1acdbfd85149c6c3e59adeae2f4d"},"headline":"Brigitte Macron in Asia: la Prima donna brilla in rosso per un omaggio vibrante","datePublished":"2026-04-05T19:07:30+00:00","dateModified":"2026-04-05T19:07:59+00:00","mainEntityOfPage":{"@id":"https:\/\/www.sebastien-auziere.fr\/blog\/it\/brigitte-macron-in-asia-la-prima-donna-brilla-in-rosso-per-un-omaggio-vibrante\/"},"wordCount":402,"commentCount":0,"publisher":{"@id":"https:\/\/www.sebastien-auziere.fr\/blog\/#organization"},"keywords":["asie","brigitte macron","omaggio vibrante","prima donna","tenuta rossa"],"articleSection":["Actualit\u00e0"],"inLanguage":"fr-FR","potentialAction":[{"@type":"CommentAction","name":"Comment","target":["https:\/\/www.sebastien-auziere.fr\/blog\/it\/brigitte-macron-in-asia-la-prima-donna-brilla-in-rosso-per-un-omaggio-vibrante\/#respond"]}]},{"@type":"WebPage","@id":"https:\/\/www.sebastien-auziere.fr\/blog\/it\/brigitte-macron-in-asia-la-prima-donna-brilla-in-rosso-per-un-omaggio-vibrante\/","url":"https:\/\/www.sebastien-auziere.fr\/blog\/it\/brigitte-macron-in-asia-la-prima-donna-brilla-in-rosso-per-un-omaggio-vibrante\/","name":"Brigitte Macron in Asia: la Prima donna brilla in rosso per un omaggio vibrante - Fan site S\u00e9bastien Auzi\u00e8re","isPartOf":{"@id":"https:\/\/www.sebastien-auziere.fr\/blog\/#website"},"datePublished":"2026-04-05T19:07:30+00:00","dateModified":"2026-04-05T19:07:59+00:00","description":"Brigitte Macron \u00e9blouit en rouge lors de son voyage en Asie, rendant un hommage vibrant et affirmant son \u00e9l\u00e9gance d\u00e8s la premi\u00e8re dame.","breadcrumb":{"@id":"https:\/\/www.sebastien-auziere.fr\/blog\/it\/brigitte-macron-in-asia-la-prima-donna-brilla-in-rosso-per-un-omaggio-vibrante\/#breadcrumb"},"inLanguage":"fr-FR","potentialAction":[{"@type":"ReadAction","target":["https:\/\/www.sebastien-auziere.fr\/blog\/it\/brigitte-macron-in-asia-la-prima-donna-brilla-in-rosso-per-un-omaggio-vibrante\/"]}]},{"@type":"BreadcrumbList","@id":"https:\/\/www.sebastien-auziere.fr\/blog\/it\/brigitte-macron-in-asia-la-prima-donna-brilla-in-rosso-per-un-omaggio-vibrante\/#breadcrumb","itemListElement":[{"@type":"ListItem","position":1,"name":"Home","item":"https:\/\/www.sebastien-auziere.fr\/blog\/"},{"@type":"ListItem","position":2,"name":"Brigitte Macron in Asia: la Prima donna brilla in rosso per un omaggio vibrante"}]},{"@type":"WebSite","@id":"https:\/\/www.sebastien-auziere.fr\/blog\/#website","url":"https:\/\/www.sebastien-auziere.fr\/blog\/","name":"Fan site S\u00e9bastien Auzi\u00e8re","description":"M\u00e9dia g\u00e9n\u00e9raliste","publisher":{"@id":"https:\/\/www.sebastien-auziere.fr\/blog\/#organization"},"potentialAction":[{"@type":"SearchAction","target":{"@type":"EntryPoint","urlTemplate":"https:\/\/www.sebastien-auziere.fr\/blog\/?s={search_term_string}"},"query-input":{"@type":"PropertyValueSpecification","valueRequired":true,"valueName":"search_term_string"}}],"inLanguage":"fr-FR"},{"@type":"Organization","@id":"https:\/\/www.sebastien-auziere.fr\/blog\/#organization","name":"Fan site S\u00e9bastien Auzi\u00e8re","url":"https:\/\/www.sebastien-auziere.fr\/blog\/","logo":{"@type":"ImageObject","inLanguage":"fr-FR","@id":"https:\/\/www.sebastien-auziere.fr\/blog\/#\/schema\/logo\/image\/","url":"https:\/\/www.sebastien-auziere.fr\/blog\/wp-content\/uploads\/2026\/03\/cropped-cropped-cropped-ChatGPT-Image-6-mars-2026-12_58_09-e1772798376794.jpg","contentUrl":"https:\/\/www.sebastien-auziere.fr\/blog\/wp-content\/uploads\/2026\/03\/cropped-cropped-cropped-ChatGPT-Image-6-mars-2026-12_58_09-e1772798376794.jpg","width":512,"height":360,"caption":"Fan site S\u00e9bastien Auzi\u00e8re"},"image":{"@id":"https:\/\/www.sebastien-auziere.fr\/blog\/#\/schema\/logo\/image\/"}},{"@type":"Person","@id":"https:\/\/www.sebastien-auziere.fr\/blog\/#\/schema\/person\/149f1acdbfd85149c6c3e59adeae2f4d","name":"Chloe Gauthier","image":{"@type":"ImageObject","inLanguage":"fr-FR","@id":"https:\/\/secure.gravatar.com\/avatar\/2c5722f58171cff738a8985ef0dd66b476e563753246a49019befc837ec4201a?s=96&d=mm&r=g","url":"https:\/\/secure.gravatar.com\/avatar\/2c5722f58171cff738a8985ef0dd66b476e563753246a49019befc837ec4201a?s=96&d=mm&r=g","contentUrl":"https:\/\/secure.gravatar.com\/avatar\/2c5722f58171cff738a8985ef0dd66b476e563753246a49019befc837ec4201a?s=96&d=mm&r=g","caption":"Chloe Gauthier"},"description":"Passionn\u00e9e par la politique et admiratrice engag\u00e9e de la famille Macron, je consacre mon \u00e9nergie \u00e0 suivre leurs initiatives et \u00e0 promouvoir leurs id\u00e9es. \u00c0 32 ans, je suis convaincue que leur vision est porteuse d'avenir.","url":"https:\/\/www.sebastien-auziere.fr\/blog\/author\/chloe-gauthier\/"}]}},"views":4,"_links":{"self":[{"href":"https:\/\/www.sebastien-auziere.fr\/blog\/wp-json\/wp\/v2\/posts\/2789","targetHints":{"allow":["GET"]}}],"collection":[{"href":"https:\/\/www.sebastien-auziere.fr\/blog\/wp-json\/wp\/v2\/posts"}],"about":[{"href":"https:\/\/www.sebastien-auziere.fr\/blog\/wp-json\/wp\/v2\/types\/post"}],"author":[{"embeddable":true,"href":"https:\/\/www.sebastien-auziere.fr\/blog\/wp-json\/wp\/v2\/users\/9"}],"replies":[{"embeddable":true,"href":"https:\/\/www.sebastien-auziere.fr\/blog\/wp-json\/wp\/v2\/comments?post=2789"}],"version-history":[{"count":1,"href":"https:\/\/www.sebastien-auziere.fr\/blog\/wp-json\/wp\/v2\/posts\/2789\/revisions"}],"predecessor-version":[{"id":2790,"href":"https:\/\/www.sebastien-auziere.fr\/blog\/wp-json\/wp\/v2\/posts\/2789\/revisions\/2790"}],"wp:attachment":[{"href":"https:\/\/www.sebastien-auziere.fr\/blog\/wp-json\/wp\/v2\/media?parent=2789"}],"wp:term":[{"taxonomy":"category","embeddable":true,"href":"https:\/\/www.sebastien-auziere.fr\/blog\/wp-json\/wp\/v2\/categories?post=2789"},{"taxonomy":"post_tag","embeddable":true,"href":"https:\/\/www.sebastien-auziere.fr\/blog\/wp-json\/wp\/v2\/tags?post=2789"}],"curies":[{"name":"wp","href":"https:\/\/api.w.org\/{rel}","templated":true}]}}