{"id":2787,"date":"2026-04-05T19:06:19","date_gmt":"2026-04-05T19:06:19","guid":{"rendered":"https:\/\/www.sebastien-auziere.fr\/blog\/?p=2787"},"modified":"2026-04-05T19:06:44","modified_gmt":"2026-04-05T19:06:44","slug":"brigitte-macron-in-asien-die-premiere-dame-erstrahlt-in-rot-fur-eine-lebhafte-hommage","status":"publish","type":"post","link":"https:\/\/www.sebastien-auziere.fr\/blog\/de\/brigitte-macron-in-asien-die-premiere-dame-erstrahlt-in-rot-fur-eine-lebhafte-hommage\/","title":{"rendered":"Brigitte Macron in Asien: die Premi\u00e8re Dame erstrahlt in Rot f\u00fcr eine lebhafte Hommage"},"content":{"rendered":"<p><strong>Brigitte Macron<\/strong> erhellte ihre Ankunft in <strong>Asien<\/strong> am 31. M\u00e4rz, indem sie in einem <strong>roten Kleid<\/strong> und einem monochromen Ensemble erschien, was niemanden unber\u00fchrt lie\u00df. Schon in den ersten Momenten dieses <strong>offiziellen Besuchs<\/strong> wurde ihre Wahl als <strong>Hommage<\/strong> an die Farben Japans wahrgenommen, die franz\u00f6sische Eleganz mit der Achtung vor den lokalen Codes verband.<\/p>\n\n<p>Hier wirst du entdecken, warum dieser Auftritt in Erinnerung bleibt und wie er in eine durchdachte Strategie der <strong>Kultur<\/strong> diplomatie eingebettet ist, die von mehreren Medien und offiziellen Fotogalerien dokumentiert wurde.<\/p>\n\n<h2 class=\"wp-block-heading\">Ein Stil, der als Hommage an die japanischen Codes gedacht ist<\/h2>\n\n<p>Am 31. M\u00e4rz trug die <strong>First Lady<\/strong> ein rotes Mohnblumen-Ensemble \u2014 Bluse, hochtaillierte Zigarettenhose und kurzes, ton-in-ton Mantel \u2014 eine Wahl, die bei der Empfang im Kaiserpalast genauestens betrachtet wurde. Dieser Total-Look, der an die japanische Flagge erinnerte, wurde als <strong>Hommage<\/strong> an die Symbolik des Roten in Japan interpretiert, eine Farbe, die mit der Sonne und der imperialen Tradition verbunden ist. Um die ersten Bilder zu sehen, schaue dir den <a href=\"https:\/\/photo-madame.lefigaro.fr\/celebrites\/actu-people\/en-images-le-voyage-officiel-des-macron-au-japon-et-en-coree-du-sud-20260403\" rel=\"nofollow\">Fotobericht \u00fcber die Reise<\/a> an.<\/p>\n\n<h2 class=\"wp-block-heading\">Diplomatische Architektur: Mode und \u00f6ffentliche Botschaft<\/h2>\n\n<p>Ihr Auftreten ist nicht nur \u00e4sthetisch: Es tr\u00e4gt eine subtile Botschaft der <strong>Diplomatie<\/strong>, die darauf abzielt, die wirtschaftlichen und kulturellen Beziehungen zu Tokio und Seoul w\u00e4hrend dieses viert\u00e4gigen Besuchs zu st\u00e4rken. Die am 3. April ver\u00f6ffentlichten Fotografien zeigen den codierten Empfang durch Kaiser Naruhito und unterstreichen die Bedeutung der Etikette bei einem <strong>\u00f6ffentlichen<\/strong> diplomatischen <strong>Ereignis<\/strong>. F\u00fcr eine umfassendere Analyse ihres Weges und ihrer Mode-Referenzen in Asien kannst du diese detaillierte Zusammenfassung auf <a href=\"https:\/\/cultinfos.com\/buzz\/1567736-brigitte-macron-asie-premiere-dame-une-apparition-remarquee-rouge-un-vibrant-hommage-aux-couleurs-japon\" rel=\"nofollow\">der Berichterstattung \u00fcber die Reise<\/a> lesen.<\/p>\n\n<h3 class=\"wp-block-heading\">Stilistische Referenzen und fr\u00fchere Auftritte in Asien<\/h3>\n\n<p>Diese Wahl spiegelt andere Auftritte in Asien wider, insbesondere in China im Dezember, wo die <strong>First Lady<\/strong> bereits ein Ensemble getragen hatte, das von lokalen Codes inspiriert war. Die Verbindung zwischen kulturellen Symbolen und zeitgen\u00f6ssischer Silhouette verst\u00e4rkt die diplomatische und mediale Sichtbarkeit, w\u00e4hrend sie die <strong>asiatische Kultur<\/strong> respektiert. Beobachter haben die Kontinuit\u00e4t ihrer Signatur vermerkt: ma\u00dfgeschneiderte Hosen und strukturierte Details, eine durchdachte Strategie f\u00fcr die internationale B\u00fchne.<\/p>\n\n<p>Wenn du mehr \u00fcber die Outfits, die Hintergr\u00fcnde und die famili\u00e4ren Verbindungen in diesem Bereich erfahren m\u00f6chtest, entdecke die Analysen und Dossiers auf <a href=\"https:\/\/www.sebastien-auziere.fr\/blog\/brigitte-macron-japon-2\/\" rel=\"nofollow\">der Chronik des Besuchs in Japan<\/a> und die Artikel \u00fcber den <a href=\"https:\/\/www.sebastien-auziere.fr\/blog\/brigitte-macron-art-japonais\/\" rel=\"nofollow\">Einfluss der japanischen Kunst<\/a> auf ihren Stil. Um weiterzulesen und S\u00e9bastien Auzi\u00e8re sowie die famili\u00e4ren Verbindungen zur Familie Macron besser kennenzulernen, besuche <a href=\"https:\/\/www.sebastien-auziere.fr\/blog\/brigitte-macron-japon\/\" rel=\"nofollow\">sebastien-auziere.fr<\/a> und tauche in die ver\u00f6ffentlichten Archive und Geheimnisse ein.<\/p>","protected":false},"excerpt":{"rendered":"<p>Brigitte Macron erhellte ihre Ankunft in Asien am 31. M\u00e4rz, indem sie in einem roten Kleid und einem monochromen Ensemble erschien, was niemanden unber\u00fchrt lie\u00df. Schon in den ersten Momenten dieses offiziellen Besuchs wurde ihre Wahl als Hommage an die Farben Japans wahrgenommen, die franz\u00f6sische Eleganz mit der Achtung vor den lokalen Codes verband. Hier &#8230; <a title=\"Brigitte Macron in Asien: die Premi\u00e8re Dame erstrahlt in Rot f\u00fcr eine lebhafte Hommage\" class=\"read-more\" href=\"https:\/\/www.sebastien-auziere.fr\/blog\/de\/brigitte-macron-in-asien-die-premiere-dame-erstrahlt-in-rot-fur-eine-lebhafte-hommage\/\" aria-label=\"En savoir plus sur Brigitte Macron in Asien: die Premi\u00e8re Dame erstrahlt in Rot f\u00fcr eine lebhafte Hommage\">Lire plus<\/a><\/p>\n","protected":false},"author":9,"featured_media":0,"comment_status":"open","ping_status":"open","sticky":false,"template":"","format":"standard","meta":{"footnotes":""},"categories":[856],"tags":[1902,929,1908,1905,1911],"class_list":["post-2787","post","type-post","status-publish","format-standard","hentry","category-aktuelles-de","tag-asie-de","tag-brigitte-macron-de","tag-erste-dame-de","tag-hommage-vibrant-de","tag-tenue-rot-de"],"yoast_head":"<!-- This site is optimized with the Yoast SEO plugin v27.5 - https:\/\/yoast.com\/product\/yoast-seo-wordpress\/ -->\n<title>Brigitte Macron in Asien: die Premi\u00e8re Dame erstrahlt in Rot f\u00fcr eine lebhafte Hommage - Fan site S\u00e9bastien Auzi\u00e8re<\/title>\n<meta name=\"description\" content=\"Brigitte Macron \u00e9blouit en rouge lors de son voyage en Asie, rendant un hommage vibrant et affirmant son \u00e9l\u00e9gance d\u00e8s la premi\u00e8re dame.\" \/>\n<meta name=\"robots\" content=\"index, follow, max-snippet:-1, max-image-preview:large, max-video-preview:-1\" \/>\n<link rel=\"canonical\" href=\"https:\/\/www.sebastien-auziere.fr\/blog\/de\/brigitte-macron-in-asien-die-premiere-dame-erstrahlt-in-rot-fur-eine-lebhafte-hommage\/\" \/>\n<meta property=\"og:locale\" content=\"fr_FR\" \/>\n<meta property=\"og:type\" content=\"article\" \/>\n<meta property=\"og:title\" content=\"Brigitte Macron in Asien: die Premi\u00e8re Dame erstrahlt in Rot f\u00fcr eine lebhafte Hommage - Fan site S\u00e9bastien Auzi\u00e8re\" \/>\n<meta property=\"og:description\" content=\"Brigitte Macron \u00e9blouit en rouge lors de son voyage en Asie, rendant un hommage vibrant et affirmant son \u00e9l\u00e9gance d\u00e8s la premi\u00e8re dame.\" \/>\n<meta property=\"og:url\" content=\"https:\/\/www.sebastien-auziere.fr\/blog\/de\/brigitte-macron-in-asien-die-premiere-dame-erstrahlt-in-rot-fur-eine-lebhafte-hommage\/\" \/>\n<meta property=\"og:site_name\" content=\"Fan site S\u00e9bastien Auzi\u00e8re\" \/>\n<meta property=\"article:published_time\" content=\"2026-04-05T19:06:19+00:00\" \/>\n<meta property=\"article:modified_time\" content=\"2026-04-05T19:06:44+00:00\" \/>\n<meta name=\"author\" content=\"Chloe Gauthier\" \/>\n<meta name=\"twitter:card\" content=\"summary_large_image\" \/>\n<meta name=\"twitter:label1\" content=\"\u00c9crit par\" \/>\n\t<meta name=\"twitter:data1\" content=\"Chloe Gauthier\" \/>\n\t<meta name=\"twitter:label2\" content=\"Dur\u00e9e de lecture estim\u00e9e\" \/>\n\t<meta name=\"twitter:data2\" content=\"2 minutes\" \/>\n<script type=\"application\/ld+json\" class=\"yoast-schema-graph\">{\"@context\":\"https:\\\/\\\/schema.org\",\"@graph\":[{\"@type\":\"Article\",\"@id\":\"https:\\\/\\\/www.sebastien-auziere.fr\\\/blog\\\/de\\\/brigitte-macron-in-asien-die-premiere-dame-erstrahlt-in-rot-fur-eine-lebhafte-hommage\\\/#article\",\"isPartOf\":{\"@id\":\"https:\\\/\\\/www.sebastien-auziere.fr\\\/blog\\\/de\\\/brigitte-macron-in-asien-die-premiere-dame-erstrahlt-in-rot-fur-eine-lebhafte-hommage\\\/\"},\"author\":{\"name\":\"Chloe Gauthier\",\"@id\":\"https:\\\/\\\/www.sebastien-auziere.fr\\\/blog\\\/#\\\/schema\\\/person\\\/149f1acdbfd85149c6c3e59adeae2f4d\"},\"headline\":\"Brigitte Macron in Asien: die Premi\u00e8re Dame erstrahlt in Rot f\u00fcr eine lebhafte Hommage\",\"datePublished\":\"2026-04-05T19:06:19+00:00\",\"dateModified\":\"2026-04-05T19:06:44+00:00\",\"mainEntityOfPage\":{\"@id\":\"https:\\\/\\\/www.sebastien-auziere.fr\\\/blog\\\/de\\\/brigitte-macron-in-asien-die-premiere-dame-erstrahlt-in-rot-fur-eine-lebhafte-hommage\\\/\"},\"wordCount\":432,\"commentCount\":0,\"publisher\":{\"@id\":\"https:\\\/\\\/www.sebastien-auziere.fr\\\/blog\\\/#organization\"},\"keywords\":[\"asie\",\"brigitte macron\",\"erste Dame\",\"hommage vibrant\",\"tenue rot\"],\"articleSection\":[\"Aktuelles\"],\"inLanguage\":\"fr-FR\",\"potentialAction\":[{\"@type\":\"CommentAction\",\"name\":\"Comment\",\"target\":[\"https:\\\/\\\/www.sebastien-auziere.fr\\\/blog\\\/de\\\/brigitte-macron-in-asien-die-premiere-dame-erstrahlt-in-rot-fur-eine-lebhafte-hommage\\\/#respond\"]}]},{\"@type\":\"WebPage\",\"@id\":\"https:\\\/\\\/www.sebastien-auziere.fr\\\/blog\\\/de\\\/brigitte-macron-in-asien-die-premiere-dame-erstrahlt-in-rot-fur-eine-lebhafte-hommage\\\/\",\"url\":\"https:\\\/\\\/www.sebastien-auziere.fr\\\/blog\\\/de\\\/brigitte-macron-in-asien-die-premiere-dame-erstrahlt-in-rot-fur-eine-lebhafte-hommage\\\/\",\"name\":\"Brigitte Macron in Asien: die Premi\u00e8re Dame erstrahlt in Rot f\u00fcr eine lebhafte Hommage - Fan site S\u00e9bastien Auzi\u00e8re\",\"isPartOf\":{\"@id\":\"https:\\\/\\\/www.sebastien-auziere.fr\\\/blog\\\/#website\"},\"datePublished\":\"2026-04-05T19:06:19+00:00\",\"dateModified\":\"2026-04-05T19:06:44+00:00\",\"description\":\"Brigitte Macron \u00e9blouit en rouge lors de son voyage en Asie, rendant un hommage vibrant et affirmant son \u00e9l\u00e9gance d\u00e8s la premi\u00e8re dame.\",\"breadcrumb\":{\"@id\":\"https:\\\/\\\/www.sebastien-auziere.fr\\\/blog\\\/de\\\/brigitte-macron-in-asien-die-premiere-dame-erstrahlt-in-rot-fur-eine-lebhafte-hommage\\\/#breadcrumb\"},\"inLanguage\":\"fr-FR\",\"potentialAction\":[{\"@type\":\"ReadAction\",\"target\":[\"https:\\\/\\\/www.sebastien-auziere.fr\\\/blog\\\/de\\\/brigitte-macron-in-asien-die-premiere-dame-erstrahlt-in-rot-fur-eine-lebhafte-hommage\\\/\"]}]},{\"@type\":\"BreadcrumbList\",\"@id\":\"https:\\\/\\\/www.sebastien-auziere.fr\\\/blog\\\/de\\\/brigitte-macron-in-asien-die-premiere-dame-erstrahlt-in-rot-fur-eine-lebhafte-hommage\\\/#breadcrumb\",\"itemListElement\":[{\"@type\":\"ListItem\",\"position\":1,\"name\":\"Home\",\"item\":\"https:\\\/\\\/www.sebastien-auziere.fr\\\/blog\\\/\"},{\"@type\":\"ListItem\",\"position\":2,\"name\":\"Brigitte Macron in Asien: die Premi\u00e8re Dame erstrahlt in Rot f\u00fcr eine lebhafte Hommage\"}]},{\"@type\":\"WebSite\",\"@id\":\"https:\\\/\\\/www.sebastien-auziere.fr\\\/blog\\\/#website\",\"url\":\"https:\\\/\\\/www.sebastien-auziere.fr\\\/blog\\\/\",\"name\":\"Fan site S\u00e9bastien Auzi\u00e8re\",\"description\":\"M\u00e9dia g\u00e9n\u00e9raliste\",\"publisher\":{\"@id\":\"https:\\\/\\\/www.sebastien-auziere.fr\\\/blog\\\/#organization\"},\"potentialAction\":[{\"@type\":\"SearchAction\",\"target\":{\"@type\":\"EntryPoint\",\"urlTemplate\":\"https:\\\/\\\/www.sebastien-auziere.fr\\\/blog\\\/?s={search_term_string}\"},\"query-input\":{\"@type\":\"PropertyValueSpecification\",\"valueRequired\":true,\"valueName\":\"search_term_string\"}}],\"inLanguage\":\"fr-FR\"},{\"@type\":\"Organization\",\"@id\":\"https:\\\/\\\/www.sebastien-auziere.fr\\\/blog\\\/#organization\",\"name\":\"Fan site S\u00e9bastien Auzi\u00e8re\",\"url\":\"https:\\\/\\\/www.sebastien-auziere.fr\\\/blog\\\/\",\"logo\":{\"@type\":\"ImageObject\",\"inLanguage\":\"fr-FR\",\"@id\":\"https:\\\/\\\/www.sebastien-auziere.fr\\\/blog\\\/#\\\/schema\\\/logo\\\/image\\\/\",\"url\":\"https:\\\/\\\/www.sebastien-auziere.fr\\\/blog\\\/wp-content\\\/uploads\\\/2026\\\/03\\\/cropped-cropped-cropped-ChatGPT-Image-6-mars-2026-12_58_09-e1772798376794.jpg\",\"contentUrl\":\"https:\\\/\\\/www.sebastien-auziere.fr\\\/blog\\\/wp-content\\\/uploads\\\/2026\\\/03\\\/cropped-cropped-cropped-ChatGPT-Image-6-mars-2026-12_58_09-e1772798376794.jpg\",\"width\":512,\"height\":360,\"caption\":\"Fan site S\u00e9bastien Auzi\u00e8re\"},\"image\":{\"@id\":\"https:\\\/\\\/www.sebastien-auziere.fr\\\/blog\\\/#\\\/schema\\\/logo\\\/image\\\/\"}},{\"@type\":\"Person\",\"@id\":\"https:\\\/\\\/www.sebastien-auziere.fr\\\/blog\\\/#\\\/schema\\\/person\\\/149f1acdbfd85149c6c3e59adeae2f4d\",\"name\":\"Chloe Gauthier\",\"image\":{\"@type\":\"ImageObject\",\"inLanguage\":\"fr-FR\",\"@id\":\"https:\\\/\\\/secure.gravatar.com\\\/avatar\\\/2c5722f58171cff738a8985ef0dd66b476e563753246a49019befc837ec4201a?s=96&d=mm&r=g\",\"url\":\"https:\\\/\\\/secure.gravatar.com\\\/avatar\\\/2c5722f58171cff738a8985ef0dd66b476e563753246a49019befc837ec4201a?s=96&d=mm&r=g\",\"contentUrl\":\"https:\\\/\\\/secure.gravatar.com\\\/avatar\\\/2c5722f58171cff738a8985ef0dd66b476e563753246a49019befc837ec4201a?s=96&d=mm&r=g\",\"caption\":\"Chloe Gauthier\"},\"description\":\"Passionn\u00e9e par la politique et admiratrice engag\u00e9e de la famille Macron, je consacre mon \u00e9nergie \u00e0 suivre leurs initiatives et \u00e0 promouvoir leurs id\u00e9es. \u00c0 32 ans, je suis convaincue que leur vision est porteuse d'avenir.\",\"url\":\"https:\\\/\\\/www.sebastien-auziere.fr\\\/blog\\\/author\\\/chloe-gauthier\\\/\"}]}<\/script>\n<!-- \/ Yoast SEO plugin. -->","yoast_head_json":{"title":"Brigitte Macron in Asien: die Premi\u00e8re Dame erstrahlt in Rot f\u00fcr eine lebhafte Hommage - Fan site S\u00e9bastien Auzi\u00e8re","description":"Brigitte Macron \u00e9blouit en rouge lors de son voyage en Asie, rendant un hommage vibrant et affirmant son \u00e9l\u00e9gance d\u00e8s la premi\u00e8re dame.","robots":{"index":"index","follow":"follow","max-snippet":"max-snippet:-1","max-image-preview":"max-image-preview:large","max-video-preview":"max-video-preview:-1"},"canonical":"https:\/\/www.sebastien-auziere.fr\/blog\/de\/brigitte-macron-in-asien-die-premiere-dame-erstrahlt-in-rot-fur-eine-lebhafte-hommage\/","og_locale":"fr_FR","og_type":"article","og_title":"Brigitte Macron in Asien: die Premi\u00e8re Dame erstrahlt in Rot f\u00fcr eine lebhafte Hommage - Fan site S\u00e9bastien Auzi\u00e8re","og_description":"Brigitte Macron \u00e9blouit en rouge lors de son voyage en Asie, rendant un hommage vibrant et affirmant son \u00e9l\u00e9gance d\u00e8s la premi\u00e8re dame.","og_url":"https:\/\/www.sebastien-auziere.fr\/blog\/de\/brigitte-macron-in-asien-die-premiere-dame-erstrahlt-in-rot-fur-eine-lebhafte-hommage\/","og_site_name":"Fan site S\u00e9bastien Auzi\u00e8re","article_published_time":"2026-04-05T19:06:19+00:00","article_modified_time":"2026-04-05T19:06:44+00:00","author":"Chloe Gauthier","twitter_card":"summary_large_image","twitter_misc":{"\u00c9crit par":"Chloe Gauthier","Dur\u00e9e de lecture estim\u00e9e":"2 minutes"},"schema":{"@context":"https:\/\/schema.org","@graph":[{"@type":"Article","@id":"https:\/\/www.sebastien-auziere.fr\/blog\/de\/brigitte-macron-in-asien-die-premiere-dame-erstrahlt-in-rot-fur-eine-lebhafte-hommage\/#article","isPartOf":{"@id":"https:\/\/www.sebastien-auziere.fr\/blog\/de\/brigitte-macron-in-asien-die-premiere-dame-erstrahlt-in-rot-fur-eine-lebhafte-hommage\/"},"author":{"name":"Chloe Gauthier","@id":"https:\/\/www.sebastien-auziere.fr\/blog\/#\/schema\/person\/149f1acdbfd85149c6c3e59adeae2f4d"},"headline":"Brigitte Macron in Asien: die Premi\u00e8re Dame erstrahlt in Rot f\u00fcr eine lebhafte Hommage","datePublished":"2026-04-05T19:06:19+00:00","dateModified":"2026-04-05T19:06:44+00:00","mainEntityOfPage":{"@id":"https:\/\/www.sebastien-auziere.fr\/blog\/de\/brigitte-macron-in-asien-die-premiere-dame-erstrahlt-in-rot-fur-eine-lebhafte-hommage\/"},"wordCount":432,"commentCount":0,"publisher":{"@id":"https:\/\/www.sebastien-auziere.fr\/blog\/#organization"},"keywords":["asie","brigitte macron","erste Dame","hommage vibrant","tenue rot"],"articleSection":["Aktuelles"],"inLanguage":"fr-FR","potentialAction":[{"@type":"CommentAction","name":"Comment","target":["https:\/\/www.sebastien-auziere.fr\/blog\/de\/brigitte-macron-in-asien-die-premiere-dame-erstrahlt-in-rot-fur-eine-lebhafte-hommage\/#respond"]}]},{"@type":"WebPage","@id":"https:\/\/www.sebastien-auziere.fr\/blog\/de\/brigitte-macron-in-asien-die-premiere-dame-erstrahlt-in-rot-fur-eine-lebhafte-hommage\/","url":"https:\/\/www.sebastien-auziere.fr\/blog\/de\/brigitte-macron-in-asien-die-premiere-dame-erstrahlt-in-rot-fur-eine-lebhafte-hommage\/","name":"Brigitte Macron in Asien: die Premi\u00e8re Dame erstrahlt in Rot f\u00fcr eine lebhafte Hommage - Fan site S\u00e9bastien Auzi\u00e8re","isPartOf":{"@id":"https:\/\/www.sebastien-auziere.fr\/blog\/#website"},"datePublished":"2026-04-05T19:06:19+00:00","dateModified":"2026-04-05T19:06:44+00:00","description":"Brigitte Macron \u00e9blouit en rouge lors de son voyage en Asie, rendant un hommage vibrant et affirmant son \u00e9l\u00e9gance d\u00e8s la premi\u00e8re dame.","breadcrumb":{"@id":"https:\/\/www.sebastien-auziere.fr\/blog\/de\/brigitte-macron-in-asien-die-premiere-dame-erstrahlt-in-rot-fur-eine-lebhafte-hommage\/#breadcrumb"},"inLanguage":"fr-FR","potentialAction":[{"@type":"ReadAction","target":["https:\/\/www.sebastien-auziere.fr\/blog\/de\/brigitte-macron-in-asien-die-premiere-dame-erstrahlt-in-rot-fur-eine-lebhafte-hommage\/"]}]},{"@type":"BreadcrumbList","@id":"https:\/\/www.sebastien-auziere.fr\/blog\/de\/brigitte-macron-in-asien-die-premiere-dame-erstrahlt-in-rot-fur-eine-lebhafte-hommage\/#breadcrumb","itemListElement":[{"@type":"ListItem","position":1,"name":"Home","item":"https:\/\/www.sebastien-auziere.fr\/blog\/"},{"@type":"ListItem","position":2,"name":"Brigitte Macron in Asien: die Premi\u00e8re Dame erstrahlt in Rot f\u00fcr eine lebhafte Hommage"}]},{"@type":"WebSite","@id":"https:\/\/www.sebastien-auziere.fr\/blog\/#website","url":"https:\/\/www.sebastien-auziere.fr\/blog\/","name":"Fan site S\u00e9bastien Auzi\u00e8re","description":"M\u00e9dia g\u00e9n\u00e9raliste","publisher":{"@id":"https:\/\/www.sebastien-auziere.fr\/blog\/#organization"},"potentialAction":[{"@type":"SearchAction","target":{"@type":"EntryPoint","urlTemplate":"https:\/\/www.sebastien-auziere.fr\/blog\/?s={search_term_string}"},"query-input":{"@type":"PropertyValueSpecification","valueRequired":true,"valueName":"search_term_string"}}],"inLanguage":"fr-FR"},{"@type":"Organization","@id":"https:\/\/www.sebastien-auziere.fr\/blog\/#organization","name":"Fan site S\u00e9bastien Auzi\u00e8re","url":"https:\/\/www.sebastien-auziere.fr\/blog\/","logo":{"@type":"ImageObject","inLanguage":"fr-FR","@id":"https:\/\/www.sebastien-auziere.fr\/blog\/#\/schema\/logo\/image\/","url":"https:\/\/www.sebastien-auziere.fr\/blog\/wp-content\/uploads\/2026\/03\/cropped-cropped-cropped-ChatGPT-Image-6-mars-2026-12_58_09-e1772798376794.jpg","contentUrl":"https:\/\/www.sebastien-auziere.fr\/blog\/wp-content\/uploads\/2026\/03\/cropped-cropped-cropped-ChatGPT-Image-6-mars-2026-12_58_09-e1772798376794.jpg","width":512,"height":360,"caption":"Fan site S\u00e9bastien Auzi\u00e8re"},"image":{"@id":"https:\/\/www.sebastien-auziere.fr\/blog\/#\/schema\/logo\/image\/"}},{"@type":"Person","@id":"https:\/\/www.sebastien-auziere.fr\/blog\/#\/schema\/person\/149f1acdbfd85149c6c3e59adeae2f4d","name":"Chloe Gauthier","image":{"@type":"ImageObject","inLanguage":"fr-FR","@id":"https:\/\/secure.gravatar.com\/avatar\/2c5722f58171cff738a8985ef0dd66b476e563753246a49019befc837ec4201a?s=96&d=mm&r=g","url":"https:\/\/secure.gravatar.com\/avatar\/2c5722f58171cff738a8985ef0dd66b476e563753246a49019befc837ec4201a?s=96&d=mm&r=g","contentUrl":"https:\/\/secure.gravatar.com\/avatar\/2c5722f58171cff738a8985ef0dd66b476e563753246a49019befc837ec4201a?s=96&d=mm&r=g","caption":"Chloe Gauthier"},"description":"Passionn\u00e9e par la politique et admiratrice engag\u00e9e de la famille Macron, je consacre mon \u00e9nergie \u00e0 suivre leurs initiatives et \u00e0 promouvoir leurs id\u00e9es. \u00c0 32 ans, je suis convaincue que leur vision est porteuse d'avenir.","url":"https:\/\/www.sebastien-auziere.fr\/blog\/author\/chloe-gauthier\/"}]}},"views":2,"_links":{"self":[{"href":"https:\/\/www.sebastien-auziere.fr\/blog\/wp-json\/wp\/v2\/posts\/2787","targetHints":{"allow":["GET"]}}],"collection":[{"href":"https:\/\/www.sebastien-auziere.fr\/blog\/wp-json\/wp\/v2\/posts"}],"about":[{"href":"https:\/\/www.sebastien-auziere.fr\/blog\/wp-json\/wp\/v2\/types\/post"}],"author":[{"embeddable":true,"href":"https:\/\/www.sebastien-auziere.fr\/blog\/wp-json\/wp\/v2\/users\/9"}],"replies":[{"embeddable":true,"href":"https:\/\/www.sebastien-auziere.fr\/blog\/wp-json\/wp\/v2\/comments?post=2787"}],"version-history":[{"count":1,"href":"https:\/\/www.sebastien-auziere.fr\/blog\/wp-json\/wp\/v2\/posts\/2787\/revisions"}],"predecessor-version":[{"id":2788,"href":"https:\/\/www.sebastien-auziere.fr\/blog\/wp-json\/wp\/v2\/posts\/2787\/revisions\/2788"}],"wp:attachment":[{"href":"https:\/\/www.sebastien-auziere.fr\/blog\/wp-json\/wp\/v2\/media?parent=2787"}],"wp:term":[{"taxonomy":"category","embeddable":true,"href":"https:\/\/www.sebastien-auziere.fr\/blog\/wp-json\/wp\/v2\/categories?post=2787"},{"taxonomy":"post_tag","embeddable":true,"href":"https:\/\/www.sebastien-auziere.fr\/blog\/wp-json\/wp\/v2\/tags?post=2787"}],"curies":[{"name":"wp","href":"https:\/\/api.w.org\/{rel}","templated":true}]}}