{"id":2785,"date":"2026-04-05T19:05:33","date_gmt":"2026-04-05T19:05:33","guid":{"rendered":"https:\/\/www.sebastien-auziere.fr\/blog\/?p=2785"},"modified":"2026-04-05T19:05:58","modified_gmt":"2026-04-05T19:05:58","slug":"brigitte-macron-en-asia-la-primera-dama-deslumbra-en-rojo-para-un-homenaje-vibrante","status":"publish","type":"post","link":"https:\/\/www.sebastien-auziere.fr\/blog\/es\/brigitte-macron-en-asia-la-primera-dama-deslumbra-en-rojo-para-un-homenaje-vibrante\/","title":{"rendered":"Brigitte Macron en Asia: la Primera dama deslumbra en rojo para un homenaje vibrante"},"content":{"rendered":"<p><strong>Brigitte Macron<\/strong> ilumin\u00f3 su llegada a <strong>Asia<\/strong> el 31 de marzo, apareciendo con un <strong>vestido rojo<\/strong> y un conjunto monocrom\u00e1tico que no dej\u00f3 a nadie indiferente. Desde los primeros momentos de esta <strong>visita oficial<\/strong>, su elecci\u00f3n fue percibida como un <strong>homenaje<\/strong> a los colores de Jap\u00f3n, combinando la elegancia francesa con el respeto por los c\u00f3digos locales.<\/p>\n\n<p>Aqu\u00ed descubrir\u00e1s por qu\u00e9 esta aparici\u00f3n dej\u00f3 huella y c\u00f3mo se inscribe en una estrategia de <strong>diplomacia<\/strong> cultural cuidada, documentada por varios medios y galer\u00edas de fotos oficiales.<\/p>\n\n<h2 class=\"wp-block-heading\">Un estilo pensado como un homenaje a los c\u00f3digos japoneses<\/h2>\n\n<p>El 31 de marzo, la <strong>Primera dama<\/strong> llev\u00f3 un conjunto rojo amapola \u2014 blusa, pantalones de tiro alto y abrigo corto en tono similar \u2014 una elecci\u00f3n observada durante la recepci\u00f3n en el Palacio Imperial. Este total look, que recuerda a la bandera nipona, fue interpretado como un <strong>homenaje<\/strong> a la simbolizaci\u00f3n del rojo en Jap\u00f3n, color vinculado al sol y a la tradici\u00f3n imperial. Para ver las primeras im\u00e1genes, consulta el <a href=\"https:\/\/photo-madame.lefigaro.fr\/celebrites\/actu-people\/en-images-le-voyage-officiel-des-macron-au-japon-et-en-coree-du-sud-20260403\" rel=\"nofollow\">reportaje fotogr\u00e1fico del viaje<\/a>.<\/p>\n\n<h2 class=\"wp-block-heading\">Arquitectura diplom\u00e1tica: moda y mensaje p\u00fablico<\/h2>\n\n<p>Su apariencia no es solo est\u00e9tica: lleva un mensaje de <strong>diplomacia<\/strong> sutil, destinado a reforzar los lazos econ\u00f3micos y culturales con Tokio y Se\u00fal durante esta visita de cuatro d\u00edas. Las fotograf\u00edas publicadas el 3 de abril muestran la recepci\u00f3n codificada por el emperador Naruhito, subrayando la importancia de la etiqueta durante un <strong>evento p\u00fablico<\/strong> diplom\u00e1tico. Para un an\u00e1lisis m\u00e1s completo de su trayectoria y de sus referencias de moda en Asia, puedes leer este resumen detallado sobre <a href=\"https:\/\/cultinfos.com\/buzz\/1567736-brigitte-macron-asie-premiere-dame-une-apparition-remarquee-rouge-un-vibrant-hommage-aux-couleurs-japon\" rel=\"nofollow\">la cobertura del desplazamiento<\/a>.<\/p>\n\n<h3 class=\"wp-block-heading\">Referencias estil\u00edsticas y precedentes en Asia<\/h3>\n\n<p>Esta elecci\u00f3n resuena con otras apariciones en Asia, particularmente en China en diciembre donde la <strong>Primera dama<\/strong> ya hab\u00eda adoptado un conjunto inspirado en los c\u00f3digos locales. La articulaci\u00f3n entre s\u00edmbolos culturales y silueta contempor\u00e1nea refuerza la visibilidad diplom\u00e1tica y medi\u00e1tica, mientras respeta la <strong>cultura asi\u00e1tica<\/strong>. Los observadores han notado la continuidad de su firma: pantalones de sastre y detalles estructurados, una estrategia estudiada para el escenario internacional.<\/p>\n\n<p>Si quieres saber m\u00e1s sobre los atuendos, los entresijos y los lazos familiares en torno a este universo, descubre los an\u00e1lisis y dossiers dedicados en <a href=\"https:\/\/www.sebastien-auziere.fr\/blog\/brigitte-macron-japon-2\/\" rel=\"nofollow\">la cr\u00f3nica de la visita a Jap\u00f3n<\/a> y los art\u00edculos sobre la <a href=\"https:\/\/www.sebastien-auziere.fr\/blog\/brigitte-macron-art-japonais\/\" rel=\"nofollow\">influencia de las artes japonesas<\/a> en su estilo. Para ampliar la lectura y conocer mejor a S\u00e9bastien Auzi\u00e8re y los lazos familiares con la familia Macron, dir\u00edgete a <a href=\"https:\/\/www.sebastien-auziere.fr\/blog\/brigitte-macron-japon\/\" rel=\"nofollow\">sebastien-auziere.fr<\/a> y sum\u00e9rgete en los archivos y confidencias publicadas.<\/p>","protected":false},"excerpt":{"rendered":"<p>Brigitte Macron ilumin\u00f3 su llegada a Asia el 31 de marzo, apareciendo con un vestido rojo y un conjunto monocrom\u00e1tico que no dej\u00f3 a nadie indiferente. Desde los primeros momentos de esta visita oficial, su elecci\u00f3n fue percibida como un homenaje a los colores de Jap\u00f3n, combinando la elegancia francesa con el respeto por los &#8230; <a title=\"Brigitte Macron en Asia: la Primera dama deslumbra en rojo para un homenaje vibrante\" class=\"read-more\" href=\"https:\/\/www.sebastien-auziere.fr\/blog\/es\/brigitte-macron-en-asia-la-primera-dama-deslumbra-en-rojo-para-un-homenaje-vibrante\/\" aria-label=\"En savoir plus sur Brigitte Macron en Asia: la Primera dama deslumbra en rojo para un homenaje vibrante\">Lire plus<\/a><\/p>\n","protected":false},"author":9,"featured_media":0,"comment_status":"open","ping_status":"open","sticky":false,"template":"","format":"standard","meta":{"footnotes":""},"categories":[820],"tags":[1890,914,1893,1896,1899],"class_list":["post-2785","post","type-post","status-publish","format-standard","hentry","category-actualidades-es","tag-asie-es","tag-brigitte-macron-es","tag-homenaje-vibrante-es","tag-primera-dama-es","tag-tenida-roja-es"],"yoast_head":"<!-- This site is optimized with the Yoast SEO plugin v27.5 - https:\/\/yoast.com\/product\/yoast-seo-wordpress\/ -->\n<title>Brigitte Macron en Asia: la Primera dama deslumbra en rojo para un homenaje vibrante - Fan site S\u00e9bastien Auzi\u00e8re<\/title>\n<meta name=\"description\" content=\"Brigitte Macron \u00e9blouit en rouge lors de son voyage en Asie, rendant un hommage vibrant et affirmant son \u00e9l\u00e9gance d\u00e8s la premi\u00e8re dame.\" \/>\n<meta name=\"robots\" content=\"index, follow, max-snippet:-1, max-image-preview:large, max-video-preview:-1\" \/>\n<link rel=\"canonical\" href=\"https:\/\/www.sebastien-auziere.fr\/blog\/es\/brigitte-macron-en-asia-la-primera-dama-deslumbra-en-rojo-para-un-homenaje-vibrante\/\" \/>\n<meta property=\"og:locale\" content=\"fr_FR\" \/>\n<meta property=\"og:type\" content=\"article\" \/>\n<meta property=\"og:title\" content=\"Brigitte Macron en Asia: la Primera dama deslumbra en rojo para un homenaje vibrante - Fan site S\u00e9bastien Auzi\u00e8re\" \/>\n<meta property=\"og:description\" content=\"Brigitte Macron \u00e9blouit en rouge lors de son voyage en Asie, rendant un hommage vibrant et affirmant son \u00e9l\u00e9gance d\u00e8s la premi\u00e8re dame.\" \/>\n<meta property=\"og:url\" content=\"https:\/\/www.sebastien-auziere.fr\/blog\/es\/brigitte-macron-en-asia-la-primera-dama-deslumbra-en-rojo-para-un-homenaje-vibrante\/\" \/>\n<meta property=\"og:site_name\" content=\"Fan site S\u00e9bastien Auzi\u00e8re\" \/>\n<meta property=\"article:published_time\" content=\"2026-04-05T19:05:33+00:00\" \/>\n<meta property=\"article:modified_time\" content=\"2026-04-05T19:05:58+00:00\" \/>\n<meta name=\"author\" content=\"Chloe Gauthier\" \/>\n<meta name=\"twitter:card\" content=\"summary_large_image\" \/>\n<meta name=\"twitter:label1\" content=\"\u00c9crit par\" \/>\n\t<meta name=\"twitter:data1\" content=\"Chloe Gauthier\" \/>\n\t<meta name=\"twitter:label2\" content=\"Dur\u00e9e de lecture estim\u00e9e\" \/>\n\t<meta name=\"twitter:data2\" content=\"2 minutes\" \/>\n<script type=\"application\/ld+json\" class=\"yoast-schema-graph\">{\"@context\":\"https:\\\/\\\/schema.org\",\"@graph\":[{\"@type\":\"Article\",\"@id\":\"https:\\\/\\\/www.sebastien-auziere.fr\\\/blog\\\/es\\\/brigitte-macron-en-asia-la-primera-dama-deslumbra-en-rojo-para-un-homenaje-vibrante\\\/#article\",\"isPartOf\":{\"@id\":\"https:\\\/\\\/www.sebastien-auziere.fr\\\/blog\\\/es\\\/brigitte-macron-en-asia-la-primera-dama-deslumbra-en-rojo-para-un-homenaje-vibrante\\\/\"},\"author\":{\"name\":\"Chloe Gauthier\",\"@id\":\"https:\\\/\\\/www.sebastien-auziere.fr\\\/blog\\\/#\\\/schema\\\/person\\\/149f1acdbfd85149c6c3e59adeae2f4d\"},\"headline\":\"Brigitte Macron en Asia: la Primera dama deslumbra en rojo para un homenaje vibrante\",\"datePublished\":\"2026-04-05T19:05:33+00:00\",\"dateModified\":\"2026-04-05T19:05:58+00:00\",\"mainEntityOfPage\":{\"@id\":\"https:\\\/\\\/www.sebastien-auziere.fr\\\/blog\\\/es\\\/brigitte-macron-en-asia-la-primera-dama-deslumbra-en-rojo-para-un-homenaje-vibrante\\\/\"},\"wordCount\":464,\"commentCount\":0,\"publisher\":{\"@id\":\"https:\\\/\\\/www.sebastien-auziere.fr\\\/blog\\\/#organization\"},\"keywords\":[\"asie\",\"brigitte macron\",\"homenaje vibrante\",\"primera dama\",\"tenida roja\"],\"articleSection\":[\"Actualidades\"],\"inLanguage\":\"fr-FR\",\"potentialAction\":[{\"@type\":\"CommentAction\",\"name\":\"Comment\",\"target\":[\"https:\\\/\\\/www.sebastien-auziere.fr\\\/blog\\\/es\\\/brigitte-macron-en-asia-la-primera-dama-deslumbra-en-rojo-para-un-homenaje-vibrante\\\/#respond\"]}]},{\"@type\":\"WebPage\",\"@id\":\"https:\\\/\\\/www.sebastien-auziere.fr\\\/blog\\\/es\\\/brigitte-macron-en-asia-la-primera-dama-deslumbra-en-rojo-para-un-homenaje-vibrante\\\/\",\"url\":\"https:\\\/\\\/www.sebastien-auziere.fr\\\/blog\\\/es\\\/brigitte-macron-en-asia-la-primera-dama-deslumbra-en-rojo-para-un-homenaje-vibrante\\\/\",\"name\":\"Brigitte Macron en Asia: la Primera dama deslumbra en rojo para un homenaje vibrante - Fan site S\u00e9bastien Auzi\u00e8re\",\"isPartOf\":{\"@id\":\"https:\\\/\\\/www.sebastien-auziere.fr\\\/blog\\\/#website\"},\"datePublished\":\"2026-04-05T19:05:33+00:00\",\"dateModified\":\"2026-04-05T19:05:58+00:00\",\"description\":\"Brigitte Macron \u00e9blouit en rouge lors de son voyage en Asie, rendant un hommage vibrant et affirmant son \u00e9l\u00e9gance d\u00e8s la premi\u00e8re dame.\",\"breadcrumb\":{\"@id\":\"https:\\\/\\\/www.sebastien-auziere.fr\\\/blog\\\/es\\\/brigitte-macron-en-asia-la-primera-dama-deslumbra-en-rojo-para-un-homenaje-vibrante\\\/#breadcrumb\"},\"inLanguage\":\"fr-FR\",\"potentialAction\":[{\"@type\":\"ReadAction\",\"target\":[\"https:\\\/\\\/www.sebastien-auziere.fr\\\/blog\\\/es\\\/brigitte-macron-en-asia-la-primera-dama-deslumbra-en-rojo-para-un-homenaje-vibrante\\\/\"]}]},{\"@type\":\"BreadcrumbList\",\"@id\":\"https:\\\/\\\/www.sebastien-auziere.fr\\\/blog\\\/es\\\/brigitte-macron-en-asia-la-primera-dama-deslumbra-en-rojo-para-un-homenaje-vibrante\\\/#breadcrumb\",\"itemListElement\":[{\"@type\":\"ListItem\",\"position\":1,\"name\":\"Home\",\"item\":\"https:\\\/\\\/www.sebastien-auziere.fr\\\/blog\\\/\"},{\"@type\":\"ListItem\",\"position\":2,\"name\":\"Brigitte Macron en Asia: la Primera dama deslumbra en rojo para un homenaje vibrante\"}]},{\"@type\":\"WebSite\",\"@id\":\"https:\\\/\\\/www.sebastien-auziere.fr\\\/blog\\\/#website\",\"url\":\"https:\\\/\\\/www.sebastien-auziere.fr\\\/blog\\\/\",\"name\":\"Fan site S\u00e9bastien Auzi\u00e8re\",\"description\":\"M\u00e9dia g\u00e9n\u00e9raliste\",\"publisher\":{\"@id\":\"https:\\\/\\\/www.sebastien-auziere.fr\\\/blog\\\/#organization\"},\"potentialAction\":[{\"@type\":\"SearchAction\",\"target\":{\"@type\":\"EntryPoint\",\"urlTemplate\":\"https:\\\/\\\/www.sebastien-auziere.fr\\\/blog\\\/?s={search_term_string}\"},\"query-input\":{\"@type\":\"PropertyValueSpecification\",\"valueRequired\":true,\"valueName\":\"search_term_string\"}}],\"inLanguage\":\"fr-FR\"},{\"@type\":\"Organization\",\"@id\":\"https:\\\/\\\/www.sebastien-auziere.fr\\\/blog\\\/#organization\",\"name\":\"Fan site S\u00e9bastien Auzi\u00e8re\",\"url\":\"https:\\\/\\\/www.sebastien-auziere.fr\\\/blog\\\/\",\"logo\":{\"@type\":\"ImageObject\",\"inLanguage\":\"fr-FR\",\"@id\":\"https:\\\/\\\/www.sebastien-auziere.fr\\\/blog\\\/#\\\/schema\\\/logo\\\/image\\\/\",\"url\":\"https:\\\/\\\/www.sebastien-auziere.fr\\\/blog\\\/wp-content\\\/uploads\\\/2026\\\/03\\\/cropped-cropped-cropped-ChatGPT-Image-6-mars-2026-12_58_09-e1772798376794.jpg\",\"contentUrl\":\"https:\\\/\\\/www.sebastien-auziere.fr\\\/blog\\\/wp-content\\\/uploads\\\/2026\\\/03\\\/cropped-cropped-cropped-ChatGPT-Image-6-mars-2026-12_58_09-e1772798376794.jpg\",\"width\":512,\"height\":360,\"caption\":\"Fan site S\u00e9bastien Auzi\u00e8re\"},\"image\":{\"@id\":\"https:\\\/\\\/www.sebastien-auziere.fr\\\/blog\\\/#\\\/schema\\\/logo\\\/image\\\/\"}},{\"@type\":\"Person\",\"@id\":\"https:\\\/\\\/www.sebastien-auziere.fr\\\/blog\\\/#\\\/schema\\\/person\\\/149f1acdbfd85149c6c3e59adeae2f4d\",\"name\":\"Chloe Gauthier\",\"image\":{\"@type\":\"ImageObject\",\"inLanguage\":\"fr-FR\",\"@id\":\"https:\\\/\\\/secure.gravatar.com\\\/avatar\\\/2c5722f58171cff738a8985ef0dd66b476e563753246a49019befc837ec4201a?s=96&d=mm&r=g\",\"url\":\"https:\\\/\\\/secure.gravatar.com\\\/avatar\\\/2c5722f58171cff738a8985ef0dd66b476e563753246a49019befc837ec4201a?s=96&d=mm&r=g\",\"contentUrl\":\"https:\\\/\\\/secure.gravatar.com\\\/avatar\\\/2c5722f58171cff738a8985ef0dd66b476e563753246a49019befc837ec4201a?s=96&d=mm&r=g\",\"caption\":\"Chloe Gauthier\"},\"description\":\"Passionn\u00e9e par la politique et admiratrice engag\u00e9e de la famille Macron, je consacre mon \u00e9nergie \u00e0 suivre leurs initiatives et \u00e0 promouvoir leurs id\u00e9es. \u00c0 32 ans, je suis convaincue que leur vision est porteuse d'avenir.\",\"url\":\"https:\\\/\\\/www.sebastien-auziere.fr\\\/blog\\\/author\\\/chloe-gauthier\\\/\"}]}<\/script>\n<!-- \/ Yoast SEO plugin. -->","yoast_head_json":{"title":"Brigitte Macron en Asia: la Primera dama deslumbra en rojo para un homenaje vibrante - Fan site S\u00e9bastien Auzi\u00e8re","description":"Brigitte Macron \u00e9blouit en rouge lors de son voyage en Asie, rendant un hommage vibrant et affirmant son \u00e9l\u00e9gance d\u00e8s la premi\u00e8re dame.","robots":{"index":"index","follow":"follow","max-snippet":"max-snippet:-1","max-image-preview":"max-image-preview:large","max-video-preview":"max-video-preview:-1"},"canonical":"https:\/\/www.sebastien-auziere.fr\/blog\/es\/brigitte-macron-en-asia-la-primera-dama-deslumbra-en-rojo-para-un-homenaje-vibrante\/","og_locale":"fr_FR","og_type":"article","og_title":"Brigitte Macron en Asia: la Primera dama deslumbra en rojo para un homenaje vibrante - Fan site S\u00e9bastien Auzi\u00e8re","og_description":"Brigitte Macron \u00e9blouit en rouge lors de son voyage en Asie, rendant un hommage vibrant et affirmant son \u00e9l\u00e9gance d\u00e8s la premi\u00e8re dame.","og_url":"https:\/\/www.sebastien-auziere.fr\/blog\/es\/brigitte-macron-en-asia-la-primera-dama-deslumbra-en-rojo-para-un-homenaje-vibrante\/","og_site_name":"Fan site S\u00e9bastien Auzi\u00e8re","article_published_time":"2026-04-05T19:05:33+00:00","article_modified_time":"2026-04-05T19:05:58+00:00","author":"Chloe Gauthier","twitter_card":"summary_large_image","twitter_misc":{"\u00c9crit par":"Chloe Gauthier","Dur\u00e9e de lecture estim\u00e9e":"2 minutes"},"schema":{"@context":"https:\/\/schema.org","@graph":[{"@type":"Article","@id":"https:\/\/www.sebastien-auziere.fr\/blog\/es\/brigitte-macron-en-asia-la-primera-dama-deslumbra-en-rojo-para-un-homenaje-vibrante\/#article","isPartOf":{"@id":"https:\/\/www.sebastien-auziere.fr\/blog\/es\/brigitte-macron-en-asia-la-primera-dama-deslumbra-en-rojo-para-un-homenaje-vibrante\/"},"author":{"name":"Chloe Gauthier","@id":"https:\/\/www.sebastien-auziere.fr\/blog\/#\/schema\/person\/149f1acdbfd85149c6c3e59adeae2f4d"},"headline":"Brigitte Macron en Asia: la Primera dama deslumbra en rojo para un homenaje vibrante","datePublished":"2026-04-05T19:05:33+00:00","dateModified":"2026-04-05T19:05:58+00:00","mainEntityOfPage":{"@id":"https:\/\/www.sebastien-auziere.fr\/blog\/es\/brigitte-macron-en-asia-la-primera-dama-deslumbra-en-rojo-para-un-homenaje-vibrante\/"},"wordCount":464,"commentCount":0,"publisher":{"@id":"https:\/\/www.sebastien-auziere.fr\/blog\/#organization"},"keywords":["asie","brigitte macron","homenaje vibrante","primera dama","tenida roja"],"articleSection":["Actualidades"],"inLanguage":"fr-FR","potentialAction":[{"@type":"CommentAction","name":"Comment","target":["https:\/\/www.sebastien-auziere.fr\/blog\/es\/brigitte-macron-en-asia-la-primera-dama-deslumbra-en-rojo-para-un-homenaje-vibrante\/#respond"]}]},{"@type":"WebPage","@id":"https:\/\/www.sebastien-auziere.fr\/blog\/es\/brigitte-macron-en-asia-la-primera-dama-deslumbra-en-rojo-para-un-homenaje-vibrante\/","url":"https:\/\/www.sebastien-auziere.fr\/blog\/es\/brigitte-macron-en-asia-la-primera-dama-deslumbra-en-rojo-para-un-homenaje-vibrante\/","name":"Brigitte Macron en Asia: la Primera dama deslumbra en rojo para un homenaje vibrante - Fan site S\u00e9bastien Auzi\u00e8re","isPartOf":{"@id":"https:\/\/www.sebastien-auziere.fr\/blog\/#website"},"datePublished":"2026-04-05T19:05:33+00:00","dateModified":"2026-04-05T19:05:58+00:00","description":"Brigitte Macron \u00e9blouit en rouge lors de son voyage en Asie, rendant un hommage vibrant et affirmant son \u00e9l\u00e9gance d\u00e8s la premi\u00e8re dame.","breadcrumb":{"@id":"https:\/\/www.sebastien-auziere.fr\/blog\/es\/brigitte-macron-en-asia-la-primera-dama-deslumbra-en-rojo-para-un-homenaje-vibrante\/#breadcrumb"},"inLanguage":"fr-FR","potentialAction":[{"@type":"ReadAction","target":["https:\/\/www.sebastien-auziere.fr\/blog\/es\/brigitte-macron-en-asia-la-primera-dama-deslumbra-en-rojo-para-un-homenaje-vibrante\/"]}]},{"@type":"BreadcrumbList","@id":"https:\/\/www.sebastien-auziere.fr\/blog\/es\/brigitte-macron-en-asia-la-primera-dama-deslumbra-en-rojo-para-un-homenaje-vibrante\/#breadcrumb","itemListElement":[{"@type":"ListItem","position":1,"name":"Home","item":"https:\/\/www.sebastien-auziere.fr\/blog\/"},{"@type":"ListItem","position":2,"name":"Brigitte Macron en Asia: la Primera dama deslumbra en rojo para un homenaje vibrante"}]},{"@type":"WebSite","@id":"https:\/\/www.sebastien-auziere.fr\/blog\/#website","url":"https:\/\/www.sebastien-auziere.fr\/blog\/","name":"Fan site S\u00e9bastien Auzi\u00e8re","description":"M\u00e9dia g\u00e9n\u00e9raliste","publisher":{"@id":"https:\/\/www.sebastien-auziere.fr\/blog\/#organization"},"potentialAction":[{"@type":"SearchAction","target":{"@type":"EntryPoint","urlTemplate":"https:\/\/www.sebastien-auziere.fr\/blog\/?s={search_term_string}"},"query-input":{"@type":"PropertyValueSpecification","valueRequired":true,"valueName":"search_term_string"}}],"inLanguage":"fr-FR"},{"@type":"Organization","@id":"https:\/\/www.sebastien-auziere.fr\/blog\/#organization","name":"Fan site S\u00e9bastien Auzi\u00e8re","url":"https:\/\/www.sebastien-auziere.fr\/blog\/","logo":{"@type":"ImageObject","inLanguage":"fr-FR","@id":"https:\/\/www.sebastien-auziere.fr\/blog\/#\/schema\/logo\/image\/","url":"https:\/\/www.sebastien-auziere.fr\/blog\/wp-content\/uploads\/2026\/03\/cropped-cropped-cropped-ChatGPT-Image-6-mars-2026-12_58_09-e1772798376794.jpg","contentUrl":"https:\/\/www.sebastien-auziere.fr\/blog\/wp-content\/uploads\/2026\/03\/cropped-cropped-cropped-ChatGPT-Image-6-mars-2026-12_58_09-e1772798376794.jpg","width":512,"height":360,"caption":"Fan site S\u00e9bastien Auzi\u00e8re"},"image":{"@id":"https:\/\/www.sebastien-auziere.fr\/blog\/#\/schema\/logo\/image\/"}},{"@type":"Person","@id":"https:\/\/www.sebastien-auziere.fr\/blog\/#\/schema\/person\/149f1acdbfd85149c6c3e59adeae2f4d","name":"Chloe Gauthier","image":{"@type":"ImageObject","inLanguage":"fr-FR","@id":"https:\/\/secure.gravatar.com\/avatar\/2c5722f58171cff738a8985ef0dd66b476e563753246a49019befc837ec4201a?s=96&d=mm&r=g","url":"https:\/\/secure.gravatar.com\/avatar\/2c5722f58171cff738a8985ef0dd66b476e563753246a49019befc837ec4201a?s=96&d=mm&r=g","contentUrl":"https:\/\/secure.gravatar.com\/avatar\/2c5722f58171cff738a8985ef0dd66b476e563753246a49019befc837ec4201a?s=96&d=mm&r=g","caption":"Chloe Gauthier"},"description":"Passionn\u00e9e par la politique et admiratrice engag\u00e9e de la famille Macron, je consacre mon \u00e9nergie \u00e0 suivre leurs initiatives et \u00e0 promouvoir leurs id\u00e9es. \u00c0 32 ans, je suis convaincue que leur vision est porteuse d'avenir.","url":"https:\/\/www.sebastien-auziere.fr\/blog\/author\/chloe-gauthier\/"}]}},"views":2,"_links":{"self":[{"href":"https:\/\/www.sebastien-auziere.fr\/blog\/wp-json\/wp\/v2\/posts\/2785","targetHints":{"allow":["GET"]}}],"collection":[{"href":"https:\/\/www.sebastien-auziere.fr\/blog\/wp-json\/wp\/v2\/posts"}],"about":[{"href":"https:\/\/www.sebastien-auziere.fr\/blog\/wp-json\/wp\/v2\/types\/post"}],"author":[{"embeddable":true,"href":"https:\/\/www.sebastien-auziere.fr\/blog\/wp-json\/wp\/v2\/users\/9"}],"replies":[{"embeddable":true,"href":"https:\/\/www.sebastien-auziere.fr\/blog\/wp-json\/wp\/v2\/comments?post=2785"}],"version-history":[{"count":1,"href":"https:\/\/www.sebastien-auziere.fr\/blog\/wp-json\/wp\/v2\/posts\/2785\/revisions"}],"predecessor-version":[{"id":2786,"href":"https:\/\/www.sebastien-auziere.fr\/blog\/wp-json\/wp\/v2\/posts\/2785\/revisions\/2786"}],"wp:attachment":[{"href":"https:\/\/www.sebastien-auziere.fr\/blog\/wp-json\/wp\/v2\/media?parent=2785"}],"wp:term":[{"taxonomy":"category","embeddable":true,"href":"https:\/\/www.sebastien-auziere.fr\/blog\/wp-json\/wp\/v2\/categories?post=2785"},{"taxonomy":"post_tag","embeddable":true,"href":"https:\/\/www.sebastien-auziere.fr\/blog\/wp-json\/wp\/v2\/tags?post=2785"}],"curies":[{"name":"wp","href":"https:\/\/api.w.org\/{rel}","templated":true}]}}