{"id":2783,"date":"2026-04-05T19:05:04","date_gmt":"2026-04-05T19:05:04","guid":{"rendered":"https:\/\/www.sebastien-auziere.fr\/blog\/?p=2783"},"modified":"2026-04-05T19:05:32","modified_gmt":"2026-04-05T19:05:32","slug":"brigitte-macron-in-asia-the-first-lady-dazzles-in-red-for-a-vibrant-tribute","status":"publish","type":"post","link":"https:\/\/www.sebastien-auziere.fr\/blog\/en\/brigitte-macron-in-asia-the-first-lady-dazzles-in-red-for-a-vibrant-tribute\/","title":{"rendered":"Brigitte Macron in Asia: the First Lady dazzles in red for a vibrant tribute"},"content":{"rendered":"<p><strong>Brigitte Macron<\/strong> illuminated her arrival in <strong>Asia<\/strong> on March 31, appearing in a <strong>red dress<\/strong> and a monochrome ensemble that left no one indifferent. From the very first moments of this <strong>official visit<\/strong>, her choice was seen as a <strong>tribute<\/strong> to the colors of Japan, blending French elegance and respect for local codes.<\/p>\n\n<p>You will discover here why this appearance made an impression and how it fits into a carefully crafted <strong>diplomatic<\/strong> cultural strategy, documented by various media and official photo galleries.<\/p>\n\n<h2 class=\"wp-block-heading\">A style conceived as a tribute to Japanese codes<\/h2>\n\n<p>On March 31, the <strong>First Lady<\/strong> wore a poppy red ensemble \u2014 blouse, high-waisted cigarette pants, and a short tonal coat \u2014 a choice scrutinized during the reception at the Imperial Palace. This total look, reminiscent of the Japanese flag, was interpreted as a <strong>tribute<\/strong> to the symbolism of red in Japan, a color associated with the sun and imperial tradition. To see the first images, check the <a href=\"https:\/\/photo-madame.lefigaro.fr\/celebrites\/actu-people\/en-images-le-voyage-officiel-des-macron-au-japon-et-en-coree-du-sud-20260403\" rel=\"nofollow\">photo report of the trip<\/a>.<\/p>\n\n<h2 class=\"wp-block-heading\">Diplomatic architecture: fashion and public message<\/h2>\n\n<p>Her appearance is not just aesthetic: it carries a message of subtle <strong>diplomacy<\/strong>, aimed at strengthening economic and cultural ties with Tokyo and Seoul during this four-day visit. Photographs published on April 3 show the codified welcome by Emperor Naruhito, highlighting the importance of etiquette during a <strong>public event<\/strong> of diplomatic nature. For a more comprehensive analysis of her journey and fashion references in Asia, you can read this detailed summary on <a href=\"https:\/\/cultinfos.com\/buzz\/1567736-brigitte-macron-asie-premiere-dame-une-apparition-remarquee-rouge-un-vibrant-hommage-aux-couleurs-japon\" rel=\"nofollow\">the coverage of the trip<\/a>.<\/p>\n\n<h3 class=\"wp-block-heading\">Stylistic references and precedents in Asia<\/h3>\n\n<p>This choice echoes other appearances in Asia, particularly in China in December where the <strong>First Lady<\/strong> had already adopted an outfit inspired by local codes. The articulation between cultural symbols and contemporary silhouette enhances diplomatic and media visibility while respecting <strong>Asian culture<\/strong>. Observers noted the continuity of her signature: tailored trousers and structured details, a studied strategy for the international stage.<\/p>\n\n<p>If you want to learn more about the outfits, behind-the-scenes details, and family connections surrounding this universe, discover the analyses and dedicated dossiers on <a href=\"https:\/\/www.sebastien-auziere.fr\/blog\/brigitte-macron-japon-2\/\" rel=\"nofollow\">the chronicle of the visit to Japan<\/a> and articles on the <a href=\"https:\/\/www.sebastien-auziere.fr\/blog\/brigitte-macron-art-japonais\/\" rel=\"nofollow\">influence of Japanese arts<\/a> on her style. To extend your reading and better understand S\u00e9bastien Auzi\u00e8re and the family links with the Macron family, visit <a href=\"https:\/\/www.sebastien-auziere.fr\/blog\/brigitte-macron-japon\/\" rel=\"nofollow\">sebastien-auziere.fr<\/a> and dive into the published archives and confidences.<\/p>","protected":false},"excerpt":{"rendered":"<p>Brigitte Macron illuminated her arrival in Asia on March 31, appearing in a red dress and a monochrome ensemble that left no one indifferent. From the very first moments of this official visit, her choice was seen as a tribute to the colors of Japan, blending French elegance and respect for local codes. You will &#8230; <a title=\"Brigitte Macron in Asia: the First Lady dazzles in red for a vibrant tribute\" class=\"read-more\" href=\"https:\/\/www.sebastien-auziere.fr\/blog\/en\/brigitte-macron-in-asia-the-first-lady-dazzles-in-red-for-a-vibrant-tribute\/\" aria-label=\"En savoir plus sur Brigitte Macron in Asia: the First Lady dazzles in red for a vibrant tribute\">Lire plus<\/a><\/p>\n","protected":false},"author":9,"featured_media":0,"comment_status":"open","ping_status":"open","sticky":false,"template":"","format":"standard","meta":{"footnotes":""},"categories":[816],"tags":[1877,898,1883,1880,1886],"class_list":["post-2783","post","type-post","status-publish","format-standard","hentry","category-news","tag-asia-en","tag-brigitte-macron-en","tag-first-lady-en","tag-hommage-vibrant-en","tag-tenue-red-en"],"yoast_head":"<!-- This site is optimized with the Yoast SEO plugin v27.5 - https:\/\/yoast.com\/product\/yoast-seo-wordpress\/ -->\n<title>Brigitte Macron in Asia: the First Lady dazzles in red for a vibrant tribute - Fan site S\u00e9bastien Auzi\u00e8re<\/title>\n<meta name=\"description\" content=\"Brigitte Macron \u00e9blouit en rouge lors de son voyage en Asie, rendant un hommage vibrant et affirmant son \u00e9l\u00e9gance d\u00e8s la premi\u00e8re dame.\" \/>\n<meta name=\"robots\" content=\"index, follow, max-snippet:-1, max-image-preview:large, max-video-preview:-1\" \/>\n<link rel=\"canonical\" href=\"https:\/\/www.sebastien-auziere.fr\/blog\/en\/brigitte-macron-in-asia-the-first-lady-dazzles-in-red-for-a-vibrant-tribute\/\" \/>\n<meta property=\"og:locale\" content=\"fr_FR\" \/>\n<meta property=\"og:type\" content=\"article\" \/>\n<meta property=\"og:title\" content=\"Brigitte Macron in Asia: the First Lady dazzles in red for a vibrant tribute - Fan site S\u00e9bastien Auzi\u00e8re\" \/>\n<meta property=\"og:description\" content=\"Brigitte Macron \u00e9blouit en rouge lors de son voyage en Asie, rendant un hommage vibrant et affirmant son \u00e9l\u00e9gance d\u00e8s la premi\u00e8re dame.\" \/>\n<meta property=\"og:url\" content=\"https:\/\/www.sebastien-auziere.fr\/blog\/en\/brigitte-macron-in-asia-the-first-lady-dazzles-in-red-for-a-vibrant-tribute\/\" \/>\n<meta property=\"og:site_name\" content=\"Fan site S\u00e9bastien Auzi\u00e8re\" \/>\n<meta property=\"article:published_time\" content=\"2026-04-05T19:05:04+00:00\" \/>\n<meta property=\"article:modified_time\" content=\"2026-04-05T19:05:32+00:00\" \/>\n<meta name=\"author\" content=\"Chloe Gauthier\" \/>\n<meta name=\"twitter:card\" content=\"summary_large_image\" \/>\n<meta name=\"twitter:label1\" content=\"\u00c9crit par\" \/>\n\t<meta name=\"twitter:data1\" content=\"Chloe Gauthier\" \/>\n\t<meta name=\"twitter:label2\" content=\"Dur\u00e9e de lecture estim\u00e9e\" \/>\n\t<meta name=\"twitter:data2\" content=\"2 minutes\" \/>\n<script type=\"application\/ld+json\" class=\"yoast-schema-graph\">{\"@context\":\"https:\\\/\\\/schema.org\",\"@graph\":[{\"@type\":\"Article\",\"@id\":\"https:\\\/\\\/www.sebastien-auziere.fr\\\/blog\\\/en\\\/brigitte-macron-in-asia-the-first-lady-dazzles-in-red-for-a-vibrant-tribute\\\/#article\",\"isPartOf\":{\"@id\":\"https:\\\/\\\/www.sebastien-auziere.fr\\\/blog\\\/en\\\/brigitte-macron-in-asia-the-first-lady-dazzles-in-red-for-a-vibrant-tribute\\\/\"},\"author\":{\"name\":\"Chloe Gauthier\",\"@id\":\"https:\\\/\\\/www.sebastien-auziere.fr\\\/blog\\\/#\\\/schema\\\/person\\\/149f1acdbfd85149c6c3e59adeae2f4d\"},\"headline\":\"Brigitte Macron in Asia: the First Lady dazzles in red for a vibrant tribute\",\"datePublished\":\"2026-04-05T19:05:04+00:00\",\"dateModified\":\"2026-04-05T19:05:32+00:00\",\"mainEntityOfPage\":{\"@id\":\"https:\\\/\\\/www.sebastien-auziere.fr\\\/blog\\\/en\\\/brigitte-macron-in-asia-the-first-lady-dazzles-in-red-for-a-vibrant-tribute\\\/\"},\"wordCount\":395,\"commentCount\":0,\"publisher\":{\"@id\":\"https:\\\/\\\/www.sebastien-auziere.fr\\\/blog\\\/#organization\"},\"keywords\":[\"asia\",\"brigitte macron\",\"first lady\",\"hommage vibrant\",\"tenue red\"],\"articleSection\":[\"News\"],\"inLanguage\":\"fr-FR\",\"potentialAction\":[{\"@type\":\"CommentAction\",\"name\":\"Comment\",\"target\":[\"https:\\\/\\\/www.sebastien-auziere.fr\\\/blog\\\/en\\\/brigitte-macron-in-asia-the-first-lady-dazzles-in-red-for-a-vibrant-tribute\\\/#respond\"]}]},{\"@type\":\"WebPage\",\"@id\":\"https:\\\/\\\/www.sebastien-auziere.fr\\\/blog\\\/en\\\/brigitte-macron-in-asia-the-first-lady-dazzles-in-red-for-a-vibrant-tribute\\\/\",\"url\":\"https:\\\/\\\/www.sebastien-auziere.fr\\\/blog\\\/en\\\/brigitte-macron-in-asia-the-first-lady-dazzles-in-red-for-a-vibrant-tribute\\\/\",\"name\":\"Brigitte Macron in Asia: the First Lady dazzles in red for a vibrant tribute - Fan site S\u00e9bastien Auzi\u00e8re\",\"isPartOf\":{\"@id\":\"https:\\\/\\\/www.sebastien-auziere.fr\\\/blog\\\/#website\"},\"datePublished\":\"2026-04-05T19:05:04+00:00\",\"dateModified\":\"2026-04-05T19:05:32+00:00\",\"description\":\"Brigitte Macron \u00e9blouit en rouge lors de son voyage en Asie, rendant un hommage vibrant et affirmant son \u00e9l\u00e9gance d\u00e8s la premi\u00e8re dame.\",\"breadcrumb\":{\"@id\":\"https:\\\/\\\/www.sebastien-auziere.fr\\\/blog\\\/en\\\/brigitte-macron-in-asia-the-first-lady-dazzles-in-red-for-a-vibrant-tribute\\\/#breadcrumb\"},\"inLanguage\":\"fr-FR\",\"potentialAction\":[{\"@type\":\"ReadAction\",\"target\":[\"https:\\\/\\\/www.sebastien-auziere.fr\\\/blog\\\/en\\\/brigitte-macron-in-asia-the-first-lady-dazzles-in-red-for-a-vibrant-tribute\\\/\"]}]},{\"@type\":\"BreadcrumbList\",\"@id\":\"https:\\\/\\\/www.sebastien-auziere.fr\\\/blog\\\/en\\\/brigitte-macron-in-asia-the-first-lady-dazzles-in-red-for-a-vibrant-tribute\\\/#breadcrumb\",\"itemListElement\":[{\"@type\":\"ListItem\",\"position\":1,\"name\":\"Home\",\"item\":\"https:\\\/\\\/www.sebastien-auziere.fr\\\/blog\\\/\"},{\"@type\":\"ListItem\",\"position\":2,\"name\":\"Brigitte Macron in Asia: the First Lady dazzles in red for a vibrant tribute\"}]},{\"@type\":\"WebSite\",\"@id\":\"https:\\\/\\\/www.sebastien-auziere.fr\\\/blog\\\/#website\",\"url\":\"https:\\\/\\\/www.sebastien-auziere.fr\\\/blog\\\/\",\"name\":\"Fan site S\u00e9bastien Auzi\u00e8re\",\"description\":\"M\u00e9dia g\u00e9n\u00e9raliste\",\"publisher\":{\"@id\":\"https:\\\/\\\/www.sebastien-auziere.fr\\\/blog\\\/#organization\"},\"potentialAction\":[{\"@type\":\"SearchAction\",\"target\":{\"@type\":\"EntryPoint\",\"urlTemplate\":\"https:\\\/\\\/www.sebastien-auziere.fr\\\/blog\\\/?s={search_term_string}\"},\"query-input\":{\"@type\":\"PropertyValueSpecification\",\"valueRequired\":true,\"valueName\":\"search_term_string\"}}],\"inLanguage\":\"fr-FR\"},{\"@type\":\"Organization\",\"@id\":\"https:\\\/\\\/www.sebastien-auziere.fr\\\/blog\\\/#organization\",\"name\":\"Fan site S\u00e9bastien Auzi\u00e8re\",\"url\":\"https:\\\/\\\/www.sebastien-auziere.fr\\\/blog\\\/\",\"logo\":{\"@type\":\"ImageObject\",\"inLanguage\":\"fr-FR\",\"@id\":\"https:\\\/\\\/www.sebastien-auziere.fr\\\/blog\\\/#\\\/schema\\\/logo\\\/image\\\/\",\"url\":\"https:\\\/\\\/www.sebastien-auziere.fr\\\/blog\\\/wp-content\\\/uploads\\\/2026\\\/03\\\/cropped-cropped-cropped-ChatGPT-Image-6-mars-2026-12_58_09-e1772798376794.jpg\",\"contentUrl\":\"https:\\\/\\\/www.sebastien-auziere.fr\\\/blog\\\/wp-content\\\/uploads\\\/2026\\\/03\\\/cropped-cropped-cropped-ChatGPT-Image-6-mars-2026-12_58_09-e1772798376794.jpg\",\"width\":512,\"height\":360,\"caption\":\"Fan site S\u00e9bastien Auzi\u00e8re\"},\"image\":{\"@id\":\"https:\\\/\\\/www.sebastien-auziere.fr\\\/blog\\\/#\\\/schema\\\/logo\\\/image\\\/\"}},{\"@type\":\"Person\",\"@id\":\"https:\\\/\\\/www.sebastien-auziere.fr\\\/blog\\\/#\\\/schema\\\/person\\\/149f1acdbfd85149c6c3e59adeae2f4d\",\"name\":\"Chloe Gauthier\",\"image\":{\"@type\":\"ImageObject\",\"inLanguage\":\"fr-FR\",\"@id\":\"https:\\\/\\\/secure.gravatar.com\\\/avatar\\\/2c5722f58171cff738a8985ef0dd66b476e563753246a49019befc837ec4201a?s=96&d=mm&r=g\",\"url\":\"https:\\\/\\\/secure.gravatar.com\\\/avatar\\\/2c5722f58171cff738a8985ef0dd66b476e563753246a49019befc837ec4201a?s=96&d=mm&r=g\",\"contentUrl\":\"https:\\\/\\\/secure.gravatar.com\\\/avatar\\\/2c5722f58171cff738a8985ef0dd66b476e563753246a49019befc837ec4201a?s=96&d=mm&r=g\",\"caption\":\"Chloe Gauthier\"},\"description\":\"Passionn\u00e9e par la politique et admiratrice engag\u00e9e de la famille Macron, je consacre mon \u00e9nergie \u00e0 suivre leurs initiatives et \u00e0 promouvoir leurs id\u00e9es. \u00c0 32 ans, je suis convaincue que leur vision est porteuse d'avenir.\",\"url\":\"https:\\\/\\\/www.sebastien-auziere.fr\\\/blog\\\/author\\\/chloe-gauthier\\\/\"}]}<\/script>\n<!-- \/ Yoast SEO plugin. -->","yoast_head_json":{"title":"Brigitte Macron in Asia: the First Lady dazzles in red for a vibrant tribute - Fan site S\u00e9bastien Auzi\u00e8re","description":"Brigitte Macron \u00e9blouit en rouge lors de son voyage en Asie, rendant un hommage vibrant et affirmant son \u00e9l\u00e9gance d\u00e8s la premi\u00e8re dame.","robots":{"index":"index","follow":"follow","max-snippet":"max-snippet:-1","max-image-preview":"max-image-preview:large","max-video-preview":"max-video-preview:-1"},"canonical":"https:\/\/www.sebastien-auziere.fr\/blog\/en\/brigitte-macron-in-asia-the-first-lady-dazzles-in-red-for-a-vibrant-tribute\/","og_locale":"fr_FR","og_type":"article","og_title":"Brigitte Macron in Asia: the First Lady dazzles in red for a vibrant tribute - Fan site S\u00e9bastien Auzi\u00e8re","og_description":"Brigitte Macron \u00e9blouit en rouge lors de son voyage en Asie, rendant un hommage vibrant et affirmant son \u00e9l\u00e9gance d\u00e8s la premi\u00e8re dame.","og_url":"https:\/\/www.sebastien-auziere.fr\/blog\/en\/brigitte-macron-in-asia-the-first-lady-dazzles-in-red-for-a-vibrant-tribute\/","og_site_name":"Fan site S\u00e9bastien Auzi\u00e8re","article_published_time":"2026-04-05T19:05:04+00:00","article_modified_time":"2026-04-05T19:05:32+00:00","author":"Chloe Gauthier","twitter_card":"summary_large_image","twitter_misc":{"\u00c9crit par":"Chloe Gauthier","Dur\u00e9e de lecture estim\u00e9e":"2 minutes"},"schema":{"@context":"https:\/\/schema.org","@graph":[{"@type":"Article","@id":"https:\/\/www.sebastien-auziere.fr\/blog\/en\/brigitte-macron-in-asia-the-first-lady-dazzles-in-red-for-a-vibrant-tribute\/#article","isPartOf":{"@id":"https:\/\/www.sebastien-auziere.fr\/blog\/en\/brigitte-macron-in-asia-the-first-lady-dazzles-in-red-for-a-vibrant-tribute\/"},"author":{"name":"Chloe Gauthier","@id":"https:\/\/www.sebastien-auziere.fr\/blog\/#\/schema\/person\/149f1acdbfd85149c6c3e59adeae2f4d"},"headline":"Brigitte Macron in Asia: the First Lady dazzles in red for a vibrant tribute","datePublished":"2026-04-05T19:05:04+00:00","dateModified":"2026-04-05T19:05:32+00:00","mainEntityOfPage":{"@id":"https:\/\/www.sebastien-auziere.fr\/blog\/en\/brigitte-macron-in-asia-the-first-lady-dazzles-in-red-for-a-vibrant-tribute\/"},"wordCount":395,"commentCount":0,"publisher":{"@id":"https:\/\/www.sebastien-auziere.fr\/blog\/#organization"},"keywords":["asia","brigitte macron","first lady","hommage vibrant","tenue red"],"articleSection":["News"],"inLanguage":"fr-FR","potentialAction":[{"@type":"CommentAction","name":"Comment","target":["https:\/\/www.sebastien-auziere.fr\/blog\/en\/brigitte-macron-in-asia-the-first-lady-dazzles-in-red-for-a-vibrant-tribute\/#respond"]}]},{"@type":"WebPage","@id":"https:\/\/www.sebastien-auziere.fr\/blog\/en\/brigitte-macron-in-asia-the-first-lady-dazzles-in-red-for-a-vibrant-tribute\/","url":"https:\/\/www.sebastien-auziere.fr\/blog\/en\/brigitte-macron-in-asia-the-first-lady-dazzles-in-red-for-a-vibrant-tribute\/","name":"Brigitte Macron in Asia: the First Lady dazzles in red for a vibrant tribute - Fan site S\u00e9bastien Auzi\u00e8re","isPartOf":{"@id":"https:\/\/www.sebastien-auziere.fr\/blog\/#website"},"datePublished":"2026-04-05T19:05:04+00:00","dateModified":"2026-04-05T19:05:32+00:00","description":"Brigitte Macron \u00e9blouit en rouge lors de son voyage en Asie, rendant un hommage vibrant et affirmant son \u00e9l\u00e9gance d\u00e8s la premi\u00e8re dame.","breadcrumb":{"@id":"https:\/\/www.sebastien-auziere.fr\/blog\/en\/brigitte-macron-in-asia-the-first-lady-dazzles-in-red-for-a-vibrant-tribute\/#breadcrumb"},"inLanguage":"fr-FR","potentialAction":[{"@type":"ReadAction","target":["https:\/\/www.sebastien-auziere.fr\/blog\/en\/brigitte-macron-in-asia-the-first-lady-dazzles-in-red-for-a-vibrant-tribute\/"]}]},{"@type":"BreadcrumbList","@id":"https:\/\/www.sebastien-auziere.fr\/blog\/en\/brigitte-macron-in-asia-the-first-lady-dazzles-in-red-for-a-vibrant-tribute\/#breadcrumb","itemListElement":[{"@type":"ListItem","position":1,"name":"Home","item":"https:\/\/www.sebastien-auziere.fr\/blog\/"},{"@type":"ListItem","position":2,"name":"Brigitte Macron in Asia: the First Lady dazzles in red for a vibrant tribute"}]},{"@type":"WebSite","@id":"https:\/\/www.sebastien-auziere.fr\/blog\/#website","url":"https:\/\/www.sebastien-auziere.fr\/blog\/","name":"Fan site S\u00e9bastien Auzi\u00e8re","description":"M\u00e9dia g\u00e9n\u00e9raliste","publisher":{"@id":"https:\/\/www.sebastien-auziere.fr\/blog\/#organization"},"potentialAction":[{"@type":"SearchAction","target":{"@type":"EntryPoint","urlTemplate":"https:\/\/www.sebastien-auziere.fr\/blog\/?s={search_term_string}"},"query-input":{"@type":"PropertyValueSpecification","valueRequired":true,"valueName":"search_term_string"}}],"inLanguage":"fr-FR"},{"@type":"Organization","@id":"https:\/\/www.sebastien-auziere.fr\/blog\/#organization","name":"Fan site S\u00e9bastien Auzi\u00e8re","url":"https:\/\/www.sebastien-auziere.fr\/blog\/","logo":{"@type":"ImageObject","inLanguage":"fr-FR","@id":"https:\/\/www.sebastien-auziere.fr\/blog\/#\/schema\/logo\/image\/","url":"https:\/\/www.sebastien-auziere.fr\/blog\/wp-content\/uploads\/2026\/03\/cropped-cropped-cropped-ChatGPT-Image-6-mars-2026-12_58_09-e1772798376794.jpg","contentUrl":"https:\/\/www.sebastien-auziere.fr\/blog\/wp-content\/uploads\/2026\/03\/cropped-cropped-cropped-ChatGPT-Image-6-mars-2026-12_58_09-e1772798376794.jpg","width":512,"height":360,"caption":"Fan site S\u00e9bastien Auzi\u00e8re"},"image":{"@id":"https:\/\/www.sebastien-auziere.fr\/blog\/#\/schema\/logo\/image\/"}},{"@type":"Person","@id":"https:\/\/www.sebastien-auziere.fr\/blog\/#\/schema\/person\/149f1acdbfd85149c6c3e59adeae2f4d","name":"Chloe Gauthier","image":{"@type":"ImageObject","inLanguage":"fr-FR","@id":"https:\/\/secure.gravatar.com\/avatar\/2c5722f58171cff738a8985ef0dd66b476e563753246a49019befc837ec4201a?s=96&d=mm&r=g","url":"https:\/\/secure.gravatar.com\/avatar\/2c5722f58171cff738a8985ef0dd66b476e563753246a49019befc837ec4201a?s=96&d=mm&r=g","contentUrl":"https:\/\/secure.gravatar.com\/avatar\/2c5722f58171cff738a8985ef0dd66b476e563753246a49019befc837ec4201a?s=96&d=mm&r=g","caption":"Chloe Gauthier"},"description":"Passionn\u00e9e par la politique et admiratrice engag\u00e9e de la famille Macron, je consacre mon \u00e9nergie \u00e0 suivre leurs initiatives et \u00e0 promouvoir leurs id\u00e9es. \u00c0 32 ans, je suis convaincue que leur vision est porteuse d'avenir.","url":"https:\/\/www.sebastien-auziere.fr\/blog\/author\/chloe-gauthier\/"}]}},"views":7,"_links":{"self":[{"href":"https:\/\/www.sebastien-auziere.fr\/blog\/wp-json\/wp\/v2\/posts\/2783","targetHints":{"allow":["GET"]}}],"collection":[{"href":"https:\/\/www.sebastien-auziere.fr\/blog\/wp-json\/wp\/v2\/posts"}],"about":[{"href":"https:\/\/www.sebastien-auziere.fr\/blog\/wp-json\/wp\/v2\/types\/post"}],"author":[{"embeddable":true,"href":"https:\/\/www.sebastien-auziere.fr\/blog\/wp-json\/wp\/v2\/users\/9"}],"replies":[{"embeddable":true,"href":"https:\/\/www.sebastien-auziere.fr\/blog\/wp-json\/wp\/v2\/comments?post=2783"}],"version-history":[{"count":1,"href":"https:\/\/www.sebastien-auziere.fr\/blog\/wp-json\/wp\/v2\/posts\/2783\/revisions"}],"predecessor-version":[{"id":2784,"href":"https:\/\/www.sebastien-auziere.fr\/blog\/wp-json\/wp\/v2\/posts\/2783\/revisions\/2784"}],"wp:attachment":[{"href":"https:\/\/www.sebastien-auziere.fr\/blog\/wp-json\/wp\/v2\/media?parent=2783"}],"wp:term":[{"taxonomy":"category","embeddable":true,"href":"https:\/\/www.sebastien-auziere.fr\/blog\/wp-json\/wp\/v2\/categories?post=2783"},{"taxonomy":"post_tag","embeddable":true,"href":"https:\/\/www.sebastien-auziere.fr\/blog\/wp-json\/wp\/v2\/tags?post=2783"}],"curies":[{"name":"wp","href":"https:\/\/api.w.org\/{rel}","templated":true}]}}