{"id":2782,"date":"2026-04-05T19:05:02","date_gmt":"2026-04-05T19:05:02","guid":{"rendered":"https:\/\/www.sebastien-auziere.fr\/blog\/brigitte-macron-rouge-asie\/"},"modified":"2026-04-05T19:05:02","modified_gmt":"2026-04-05T19:05:02","slug":"brigitte-macron-rouge-asie","status":"publish","type":"post","link":"https:\/\/www.sebastien-auziere.fr\/blog\/brigitte-macron-rouge-asie\/","title":{"rendered":"Brigitte Macron en Asie : la Premi\u00e8re dame \u00e9blouit en rouge pour un hommage vibrant"},"content":{"rendered":"<p><strong>Brigitte Macron<\/strong> a illumin\u00e9 son arriv\u00e9e en <strong>Asie<\/strong> le 31 mars, apparaissant dans une <strong>robe rouge<\/strong> et un ensemble monochrome qui n\u2019a laiss\u00e9 personne indiff\u00e9rent. D\u00e8s les premiers instants de cette <strong>visite officielle<\/strong>, son choix a \u00e9t\u00e9 per\u00e7u comme un <strong>hommage<\/strong> aux couleurs du Japon, m\u00ealant \u00e9l\u00e9gance fran\u00e7aise et respect des codes locaux.<\/p>\n\n<p>Tu d\u00e9couvriras ici pourquoi cette apparition a marqu\u00e9 les esprits et comment elle s\u2019inscrit dans une strat\u00e9gie de <strong>diplomatie<\/strong> culturelle soign\u00e9e, document\u00e9e par plusieurs m\u00e9dias et galeries photos officielles.<\/p>\n\n<h2 class=\"wp-block-heading\">Un style pens\u00e9 comme un hommage aux codes japonais<\/h2>\n\n<p>Le 31 mars, la <strong>Premi\u00e8re dame<\/strong> a port\u00e9 un ensemble rouge coquelicot \u2014 blouse, pantalon cigarette taille haute et manteau court ton-sur-ton \u2014 un choix scrut\u00e9 lors de la r\u00e9ception au Palais imp\u00e9rial. Ce total look, rappelant le drapeau nippon, a \u00e9t\u00e9 interpr\u00e9t\u00e9 comme un <strong>hommage<\/strong> \u00e0 la symbolique du rouge au Japon, couleur li\u00e9e au soleil et \u00e0 la tradition imp\u00e9riale. Pour voir les premi\u00e8res images, consulte le <a href=\"https:\/\/photo-madame.lefigaro.fr\/celebrites\/actu-people\/en-images-le-voyage-officiel-des-macron-au-japon-et-en-coree-du-sud-20260403\" rel=\"nofollow\">reportage photo du voyage<\/a>.<\/p>\n\n<h2 class=\"wp-block-heading\">Architecture diplomatique : mode et message public<\/h2>\n\n<p>Son allure n\u2019est pas qu\u2019esth\u00e9tique : elle porte un message de <strong>diplomatie<\/strong> subtile, visant \u00e0 renforcer les liens \u00e9conomiques et culturels avec Tokyo et S\u00e9oul lors de cette visite de quatre jours. Les photographies publi\u00e9es le 3 avril montrent l\u2019accueil codifi\u00e9 par l\u2019empereur Naruhito, soulignant l\u2019importance de l\u2019\u00e9tiquette lors d\u2019un <strong>\u00e9v\u00e9nement public<\/strong> diplomatique. Pour une analyse plus compl\u00e8te de son parcours et de ses r\u00e9f\u00e9rences mode en Asie, tu peux lire ce r\u00e9sum\u00e9 d\u00e9taill\u00e9 sur <a href=\"https:\/\/cultinfos.com\/buzz\/1567736-brigitte-macron-asie-premiere-dame-une-apparition-remarquee-rouge-un-vibrant-hommage-aux-couleurs-japon\" rel=\"nofollow\">la couverture du d\u00e9placement<\/a>.<\/p>\n\n<h3 class=\"wp-block-heading\">R\u00e9f\u00e9rences stylistiques et pr\u00e9c\u00e9dents en Asie<\/h3>\n\n<p>Ce choix fait \u00e9cho \u00e0 d\u2019autres apparitions en Asie, notamment en Chine en d\u00e9cembre o\u00f9 la <strong>Premi\u00e8re dame<\/strong> avait d\u00e9j\u00e0 adopt\u00e9 un ensemble inspir\u00e9 des codes locaux. L\u2019articulation entre symboles culturels et silhouette contemporaine renforce la visibilit\u00e9 diplomatique et m\u00e9diatique, tout en respectant la <strong>culture asiatique<\/strong>. Les observateurs ont not\u00e9 la continuit\u00e9 de sa signature : pantalons de tailleur et d\u00e9tails structur\u00e9s, une strat\u00e9gie \u00e9tudi\u00e9e pour la sc\u00e8ne internationale.<\/p>\n\n<p>Si tu veux en savoir plus sur les tenues, les coulisses et les liens familiaux autour de cet univers, d\u00e9couvre les analyses et dossiers d\u00e9di\u00e9s sur <a href=\"https:\/\/www.sebastien-auziere.fr\/blog\/brigitte-macron-japon-2\/\" rel=\"nofollow\">la chronique de la visite au Japon<\/a> et les articles sur l\u2019<a href=\"https:\/\/www.sebastien-auziere.fr\/blog\/brigitte-macron-art-japonais\/\" rel=\"nofollow\">influence des arts japonais<\/a> sur son style. Pour prolonger la lecture et mieux conna\u00eetre S\u00e9bastien Auzi\u00e8re et les liens familiaux avec la famille Macron, rends-toi sur <a href=\"https:\/\/www.sebastien-auziere.fr\/blog\/brigitte-macron-japon\/\" rel=\"nofollow\">sebastien-auziere.fr<\/a> et plonge dans les archives et confidences publi\u00e9es.<\/p>\n\n","protected":false},"excerpt":{"rendered":"<p>Brigitte Macron a illumin\u00e9 son arriv\u00e9e en Asie le 31 mars, apparaissant dans une robe rouge et un ensemble monochrome qui n\u2019a laiss\u00e9 personne indiff\u00e9rent. D\u00e8s les premiers instants de cette visite officielle, son choix a \u00e9t\u00e9 per\u00e7u comme un hommage aux couleurs du Japon, m\u00ealant \u00e9l\u00e9gance fran\u00e7aise et respect des codes locaux. Tu d\u00e9couvriras &#8230; <a title=\"Brigitte Macron en Asie : la Premi\u00e8re dame \u00e9blouit en rouge pour un hommage vibrant\" class=\"read-more\" href=\"https:\/\/www.sebastien-auziere.fr\/blog\/brigitte-macron-rouge-asie\/\" aria-label=\"En savoir plus sur Brigitte Macron en Asie : la Premi\u00e8re dame \u00e9blouit en rouge pour un hommage vibrant\">Lire plus<\/a><\/p>\n","protected":false},"author":9,"featured_media":0,"comment_status":"open","ping_status":"open","sticky":false,"template":"","format":"standard","meta":{"footnotes":""},"categories":[597],"tags":[1869,892,1875,1871,1873],"class_list":["post-2782","post","type-post","status-publish","format-standard","hentry","category-actualites","tag-asie","tag-brigitte-macron","tag-hommage-vibrant","tag-premiere-dame","tag-tenue-rouge"],"yoast_head":"<!-- This site is optimized with the Yoast SEO plugin v27.5 - https:\/\/yoast.com\/product\/yoast-seo-wordpress\/ -->\n<title>Brigitte Macron en Asie : la Premi\u00e8re dame \u00e9blouit en rouge pour un hommage vibrant - Fan site S\u00e9bastien Auzi\u00e8re<\/title>\n<meta name=\"description\" content=\"Brigitte Macron \u00e9blouit en rouge lors de son voyage en Asie, rendant un hommage vibrant et affirmant son \u00e9l\u00e9gance d\u00e8s la premi\u00e8re dame.\" \/>\n<meta name=\"robots\" content=\"index, follow, max-snippet:-1, max-image-preview:large, max-video-preview:-1\" \/>\n<link rel=\"canonical\" href=\"https:\/\/www.sebastien-auziere.fr\/blog\/brigitte-macron-rouge-asie\/\" \/>\n<meta property=\"og:locale\" content=\"fr_FR\" \/>\n<meta property=\"og:type\" content=\"article\" \/>\n<meta property=\"og:title\" content=\"Brigitte Macron en Asie : la Premi\u00e8re dame \u00e9blouit en rouge pour un hommage vibrant - Fan site S\u00e9bastien Auzi\u00e8re\" \/>\n<meta property=\"og:description\" content=\"Brigitte Macron \u00e9blouit en rouge lors de son voyage en Asie, rendant un hommage vibrant et affirmant son \u00e9l\u00e9gance d\u00e8s la premi\u00e8re dame.\" \/>\n<meta property=\"og:url\" content=\"https:\/\/www.sebastien-auziere.fr\/blog\/brigitte-macron-rouge-asie\/\" \/>\n<meta property=\"og:site_name\" content=\"Fan site S\u00e9bastien Auzi\u00e8re\" \/>\n<meta property=\"article:published_time\" content=\"2026-04-05T19:05:02+00:00\" \/>\n<meta name=\"author\" content=\"Chloe Gauthier\" \/>\n<meta name=\"twitter:card\" content=\"summary_large_image\" \/>\n<meta name=\"twitter:label1\" content=\"\u00c9crit par\" \/>\n\t<meta name=\"twitter:data1\" content=\"Chloe Gauthier\" \/>\n\t<meta name=\"twitter:label2\" content=\"Dur\u00e9e de lecture estim\u00e9e\" \/>\n\t<meta name=\"twitter:data2\" content=\"2 minutes\" \/>\n<script type=\"application\/ld+json\" class=\"yoast-schema-graph\">{\"@context\":\"https:\\\/\\\/schema.org\",\"@graph\":[{\"@type\":\"Article\",\"@id\":\"https:\\\/\\\/www.sebastien-auziere.fr\\\/blog\\\/brigitte-macron-rouge-asie\\\/#article\",\"isPartOf\":{\"@id\":\"https:\\\/\\\/www.sebastien-auziere.fr\\\/blog\\\/brigitte-macron-rouge-asie\\\/\"},\"author\":{\"name\":\"Chloe Gauthier\",\"@id\":\"https:\\\/\\\/www.sebastien-auziere.fr\\\/blog\\\/#\\\/schema\\\/person\\\/149f1acdbfd85149c6c3e59adeae2f4d\"},\"headline\":\"Brigitte Macron en Asie : la Premi\u00e8re dame \u00e9blouit en rouge pour un hommage vibrant\",\"datePublished\":\"2026-04-05T19:05:02+00:00\",\"mainEntityOfPage\":{\"@id\":\"https:\\\/\\\/www.sebastien-auziere.fr\\\/blog\\\/brigitte-macron-rouge-asie\\\/\"},\"wordCount\":462,\"commentCount\":0,\"publisher\":{\"@id\":\"https:\\\/\\\/www.sebastien-auziere.fr\\\/blog\\\/#organization\"},\"keywords\":[\"asie\",\"brigitte macron\",\"hommage vibrant\",\"premi\u00e8re dame\",\"tenue rouge\"],\"articleSection\":[\"Actualit\u00e9s\"],\"inLanguage\":\"fr-FR\",\"potentialAction\":[{\"@type\":\"CommentAction\",\"name\":\"Comment\",\"target\":[\"https:\\\/\\\/www.sebastien-auziere.fr\\\/blog\\\/brigitte-macron-rouge-asie\\\/#respond\"]}]},{\"@type\":\"WebPage\",\"@id\":\"https:\\\/\\\/www.sebastien-auziere.fr\\\/blog\\\/brigitte-macron-rouge-asie\\\/\",\"url\":\"https:\\\/\\\/www.sebastien-auziere.fr\\\/blog\\\/brigitte-macron-rouge-asie\\\/\",\"name\":\"Brigitte Macron en Asie : la Premi\u00e8re dame \u00e9blouit en rouge pour un hommage vibrant - Fan site S\u00e9bastien Auzi\u00e8re\",\"isPartOf\":{\"@id\":\"https:\\\/\\\/www.sebastien-auziere.fr\\\/blog\\\/#website\"},\"datePublished\":\"2026-04-05T19:05:02+00:00\",\"description\":\"Brigitte Macron \u00e9blouit en rouge lors de son voyage en Asie, rendant un hommage vibrant et affirmant son \u00e9l\u00e9gance d\u00e8s la premi\u00e8re dame.\",\"breadcrumb\":{\"@id\":\"https:\\\/\\\/www.sebastien-auziere.fr\\\/blog\\\/brigitte-macron-rouge-asie\\\/#breadcrumb\"},\"inLanguage\":\"fr-FR\",\"potentialAction\":[{\"@type\":\"ReadAction\",\"target\":[\"https:\\\/\\\/www.sebastien-auziere.fr\\\/blog\\\/brigitte-macron-rouge-asie\\\/\"]}]},{\"@type\":\"BreadcrumbList\",\"@id\":\"https:\\\/\\\/www.sebastien-auziere.fr\\\/blog\\\/brigitte-macron-rouge-asie\\\/#breadcrumb\",\"itemListElement\":[{\"@type\":\"ListItem\",\"position\":1,\"name\":\"Home\",\"item\":\"https:\\\/\\\/www.sebastien-auziere.fr\\\/blog\\\/\"},{\"@type\":\"ListItem\",\"position\":2,\"name\":\"Brigitte Macron en Asie : la Premi\u00e8re dame \u00e9blouit en rouge pour un hommage vibrant\"}]},{\"@type\":\"WebSite\",\"@id\":\"https:\\\/\\\/www.sebastien-auziere.fr\\\/blog\\\/#website\",\"url\":\"https:\\\/\\\/www.sebastien-auziere.fr\\\/blog\\\/\",\"name\":\"Fan site S\u00e9bastien Auzi\u00e8re\",\"description\":\"M\u00e9dia g\u00e9n\u00e9raliste\",\"publisher\":{\"@id\":\"https:\\\/\\\/www.sebastien-auziere.fr\\\/blog\\\/#organization\"},\"potentialAction\":[{\"@type\":\"SearchAction\",\"target\":{\"@type\":\"EntryPoint\",\"urlTemplate\":\"https:\\\/\\\/www.sebastien-auziere.fr\\\/blog\\\/?s={search_term_string}\"},\"query-input\":{\"@type\":\"PropertyValueSpecification\",\"valueRequired\":true,\"valueName\":\"search_term_string\"}}],\"inLanguage\":\"fr-FR\"},{\"@type\":\"Organization\",\"@id\":\"https:\\\/\\\/www.sebastien-auziere.fr\\\/blog\\\/#organization\",\"name\":\"Fan site S\u00e9bastien Auzi\u00e8re\",\"url\":\"https:\\\/\\\/www.sebastien-auziere.fr\\\/blog\\\/\",\"logo\":{\"@type\":\"ImageObject\",\"inLanguage\":\"fr-FR\",\"@id\":\"https:\\\/\\\/www.sebastien-auziere.fr\\\/blog\\\/#\\\/schema\\\/logo\\\/image\\\/\",\"url\":\"https:\\\/\\\/www.sebastien-auziere.fr\\\/blog\\\/wp-content\\\/uploads\\\/2026\\\/03\\\/cropped-cropped-cropped-ChatGPT-Image-6-mars-2026-12_58_09-e1772798376794.jpg\",\"contentUrl\":\"https:\\\/\\\/www.sebastien-auziere.fr\\\/blog\\\/wp-content\\\/uploads\\\/2026\\\/03\\\/cropped-cropped-cropped-ChatGPT-Image-6-mars-2026-12_58_09-e1772798376794.jpg\",\"width\":512,\"height\":360,\"caption\":\"Fan site S\u00e9bastien Auzi\u00e8re\"},\"image\":{\"@id\":\"https:\\\/\\\/www.sebastien-auziere.fr\\\/blog\\\/#\\\/schema\\\/logo\\\/image\\\/\"}},{\"@type\":\"Person\",\"@id\":\"https:\\\/\\\/www.sebastien-auziere.fr\\\/blog\\\/#\\\/schema\\\/person\\\/149f1acdbfd85149c6c3e59adeae2f4d\",\"name\":\"Chloe Gauthier\",\"image\":{\"@type\":\"ImageObject\",\"inLanguage\":\"fr-FR\",\"@id\":\"https:\\\/\\\/secure.gravatar.com\\\/avatar\\\/2c5722f58171cff738a8985ef0dd66b476e563753246a49019befc837ec4201a?s=96&d=mm&r=g\",\"url\":\"https:\\\/\\\/secure.gravatar.com\\\/avatar\\\/2c5722f58171cff738a8985ef0dd66b476e563753246a49019befc837ec4201a?s=96&d=mm&r=g\",\"contentUrl\":\"https:\\\/\\\/secure.gravatar.com\\\/avatar\\\/2c5722f58171cff738a8985ef0dd66b476e563753246a49019befc837ec4201a?s=96&d=mm&r=g\",\"caption\":\"Chloe Gauthier\"},\"description\":\"Passionn\u00e9e par la politique et admiratrice engag\u00e9e de la famille Macron, je consacre mon \u00e9nergie \u00e0 suivre leurs initiatives et \u00e0 promouvoir leurs id\u00e9es. \u00c0 32 ans, je suis convaincue que leur vision est porteuse d'avenir.\",\"url\":\"https:\\\/\\\/www.sebastien-auziere.fr\\\/blog\\\/author\\\/chloe-gauthier\\\/\"}]}<\/script>\n<!-- \/ Yoast SEO plugin. -->","yoast_head_json":{"title":"Brigitte Macron en Asie : la Premi\u00e8re dame \u00e9blouit en rouge pour un hommage vibrant - Fan site S\u00e9bastien Auzi\u00e8re","description":"Brigitte Macron \u00e9blouit en rouge lors de son voyage en Asie, rendant un hommage vibrant et affirmant son \u00e9l\u00e9gance d\u00e8s la premi\u00e8re dame.","robots":{"index":"index","follow":"follow","max-snippet":"max-snippet:-1","max-image-preview":"max-image-preview:large","max-video-preview":"max-video-preview:-1"},"canonical":"https:\/\/www.sebastien-auziere.fr\/blog\/brigitte-macron-rouge-asie\/","og_locale":"fr_FR","og_type":"article","og_title":"Brigitte Macron en Asie : la Premi\u00e8re dame \u00e9blouit en rouge pour un hommage vibrant - Fan site S\u00e9bastien Auzi\u00e8re","og_description":"Brigitte Macron \u00e9blouit en rouge lors de son voyage en Asie, rendant un hommage vibrant et affirmant son \u00e9l\u00e9gance d\u00e8s la premi\u00e8re dame.","og_url":"https:\/\/www.sebastien-auziere.fr\/blog\/brigitte-macron-rouge-asie\/","og_site_name":"Fan site S\u00e9bastien Auzi\u00e8re","article_published_time":"2026-04-05T19:05:02+00:00","author":"Chloe Gauthier","twitter_card":"summary_large_image","twitter_misc":{"\u00c9crit par":"Chloe Gauthier","Dur\u00e9e de lecture estim\u00e9e":"2 minutes"},"schema":{"@context":"https:\/\/schema.org","@graph":[{"@type":"Article","@id":"https:\/\/www.sebastien-auziere.fr\/blog\/brigitte-macron-rouge-asie\/#article","isPartOf":{"@id":"https:\/\/www.sebastien-auziere.fr\/blog\/brigitte-macron-rouge-asie\/"},"author":{"name":"Chloe Gauthier","@id":"https:\/\/www.sebastien-auziere.fr\/blog\/#\/schema\/person\/149f1acdbfd85149c6c3e59adeae2f4d"},"headline":"Brigitte Macron en Asie : la Premi\u00e8re dame \u00e9blouit en rouge pour un hommage vibrant","datePublished":"2026-04-05T19:05:02+00:00","mainEntityOfPage":{"@id":"https:\/\/www.sebastien-auziere.fr\/blog\/brigitte-macron-rouge-asie\/"},"wordCount":462,"commentCount":0,"publisher":{"@id":"https:\/\/www.sebastien-auziere.fr\/blog\/#organization"},"keywords":["asie","brigitte macron","hommage vibrant","premi\u00e8re dame","tenue rouge"],"articleSection":["Actualit\u00e9s"],"inLanguage":"fr-FR","potentialAction":[{"@type":"CommentAction","name":"Comment","target":["https:\/\/www.sebastien-auziere.fr\/blog\/brigitte-macron-rouge-asie\/#respond"]}]},{"@type":"WebPage","@id":"https:\/\/www.sebastien-auziere.fr\/blog\/brigitte-macron-rouge-asie\/","url":"https:\/\/www.sebastien-auziere.fr\/blog\/brigitte-macron-rouge-asie\/","name":"Brigitte Macron en Asie : la Premi\u00e8re dame \u00e9blouit en rouge pour un hommage vibrant - Fan site S\u00e9bastien Auzi\u00e8re","isPartOf":{"@id":"https:\/\/www.sebastien-auziere.fr\/blog\/#website"},"datePublished":"2026-04-05T19:05:02+00:00","description":"Brigitte Macron \u00e9blouit en rouge lors de son voyage en Asie, rendant un hommage vibrant et affirmant son \u00e9l\u00e9gance d\u00e8s la premi\u00e8re dame.","breadcrumb":{"@id":"https:\/\/www.sebastien-auziere.fr\/blog\/brigitte-macron-rouge-asie\/#breadcrumb"},"inLanguage":"fr-FR","potentialAction":[{"@type":"ReadAction","target":["https:\/\/www.sebastien-auziere.fr\/blog\/brigitte-macron-rouge-asie\/"]}]},{"@type":"BreadcrumbList","@id":"https:\/\/www.sebastien-auziere.fr\/blog\/brigitte-macron-rouge-asie\/#breadcrumb","itemListElement":[{"@type":"ListItem","position":1,"name":"Home","item":"https:\/\/www.sebastien-auziere.fr\/blog\/"},{"@type":"ListItem","position":2,"name":"Brigitte Macron en Asie : la Premi\u00e8re dame \u00e9blouit en rouge pour un hommage vibrant"}]},{"@type":"WebSite","@id":"https:\/\/www.sebastien-auziere.fr\/blog\/#website","url":"https:\/\/www.sebastien-auziere.fr\/blog\/","name":"Fan site S\u00e9bastien Auzi\u00e8re","description":"M\u00e9dia g\u00e9n\u00e9raliste","publisher":{"@id":"https:\/\/www.sebastien-auziere.fr\/blog\/#organization"},"potentialAction":[{"@type":"SearchAction","target":{"@type":"EntryPoint","urlTemplate":"https:\/\/www.sebastien-auziere.fr\/blog\/?s={search_term_string}"},"query-input":{"@type":"PropertyValueSpecification","valueRequired":true,"valueName":"search_term_string"}}],"inLanguage":"fr-FR"},{"@type":"Organization","@id":"https:\/\/www.sebastien-auziere.fr\/blog\/#organization","name":"Fan site S\u00e9bastien Auzi\u00e8re","url":"https:\/\/www.sebastien-auziere.fr\/blog\/","logo":{"@type":"ImageObject","inLanguage":"fr-FR","@id":"https:\/\/www.sebastien-auziere.fr\/blog\/#\/schema\/logo\/image\/","url":"https:\/\/www.sebastien-auziere.fr\/blog\/wp-content\/uploads\/2026\/03\/cropped-cropped-cropped-ChatGPT-Image-6-mars-2026-12_58_09-e1772798376794.jpg","contentUrl":"https:\/\/www.sebastien-auziere.fr\/blog\/wp-content\/uploads\/2026\/03\/cropped-cropped-cropped-ChatGPT-Image-6-mars-2026-12_58_09-e1772798376794.jpg","width":512,"height":360,"caption":"Fan site S\u00e9bastien Auzi\u00e8re"},"image":{"@id":"https:\/\/www.sebastien-auziere.fr\/blog\/#\/schema\/logo\/image\/"}},{"@type":"Person","@id":"https:\/\/www.sebastien-auziere.fr\/blog\/#\/schema\/person\/149f1acdbfd85149c6c3e59adeae2f4d","name":"Chloe Gauthier","image":{"@type":"ImageObject","inLanguage":"fr-FR","@id":"https:\/\/secure.gravatar.com\/avatar\/2c5722f58171cff738a8985ef0dd66b476e563753246a49019befc837ec4201a?s=96&d=mm&r=g","url":"https:\/\/secure.gravatar.com\/avatar\/2c5722f58171cff738a8985ef0dd66b476e563753246a49019befc837ec4201a?s=96&d=mm&r=g","contentUrl":"https:\/\/secure.gravatar.com\/avatar\/2c5722f58171cff738a8985ef0dd66b476e563753246a49019befc837ec4201a?s=96&d=mm&r=g","caption":"Chloe Gauthier"},"description":"Passionn\u00e9e par la politique et admiratrice engag\u00e9e de la famille Macron, je consacre mon \u00e9nergie \u00e0 suivre leurs initiatives et \u00e0 promouvoir leurs id\u00e9es. \u00c0 32 ans, je suis convaincue que leur vision est porteuse d'avenir.","url":"https:\/\/www.sebastien-auziere.fr\/blog\/author\/chloe-gauthier\/"}]}},"views":16,"_links":{"self":[{"href":"https:\/\/www.sebastien-auziere.fr\/blog\/wp-json\/wp\/v2\/posts\/2782","targetHints":{"allow":["GET"]}}],"collection":[{"href":"https:\/\/www.sebastien-auziere.fr\/blog\/wp-json\/wp\/v2\/posts"}],"about":[{"href":"https:\/\/www.sebastien-auziere.fr\/blog\/wp-json\/wp\/v2\/types\/post"}],"author":[{"embeddable":true,"href":"https:\/\/www.sebastien-auziere.fr\/blog\/wp-json\/wp\/v2\/users\/9"}],"replies":[{"embeddable":true,"href":"https:\/\/www.sebastien-auziere.fr\/blog\/wp-json\/wp\/v2\/comments?post=2782"}],"version-history":[{"count":0,"href":"https:\/\/www.sebastien-auziere.fr\/blog\/wp-json\/wp\/v2\/posts\/2782\/revisions"}],"wp:attachment":[{"href":"https:\/\/www.sebastien-auziere.fr\/blog\/wp-json\/wp\/v2\/media?parent=2782"}],"wp:term":[{"taxonomy":"category","embeddable":true,"href":"https:\/\/www.sebastien-auziere.fr\/blog\/wp-json\/wp\/v2\/categories?post=2782"},{"taxonomy":"post_tag","embeddable":true,"href":"https:\/\/www.sebastien-auziere.fr\/blog\/wp-json\/wp\/v2\/tags?post=2782"}],"curies":[{"name":"wp","href":"https:\/\/api.w.org\/{rel}","templated":true}]}}