{"id":2778,"date":"2026-04-05T07:10:16","date_gmt":"2026-04-05T07:10:16","guid":{"rendered":"https:\/\/www.sebastien-auziere.fr\/blog\/?p=2778"},"modified":"2026-04-05T07:10:42","modified_gmt":"2026-04-05T07:10:42","slug":"fim-do-blazer-brigitte-macron-opta-pelo-casaco-ultra-chique-o-indispensavel-do-inverno-frio","status":"publish","type":"post","link":"https:\/\/www.sebastien-auziere.fr\/blog\/pt\/fim-do-blazer-brigitte-macron-opta-pelo-casaco-ultra-chique-o-indispensavel-do-inverno-frio\/","title":{"rendered":"Fim do blazer: Brigitte Macron opta pelo casaco ultra-chique, o indispens\u00e1vel do inverno frio"},"content":{"rendered":"<p>Chega de blazer: <strong>Brigitte Macron<\/strong> trocou a jaqueta estruturada por um <strong>casaco<\/strong> ultra-chique durante a visita de Estado \u00e0 Coreia do Sul nos <strong>2 e 3 de abril de 2026<\/strong>. No local, foi precisamente um <strong>casaco creme com capa integrada<\/strong>, cinturado na cintura, que tomou o palco do tradicional blazer.<\/p>\n\n<p><strong>Em resumo<\/strong> \u2014 O <strong>look elegante<\/strong> destacado em Seul combina uma capa estruturada sobre os ombros, uma <strong>cor creme<\/strong> ideal para a meia-esta\u00e7\u00e3o e um cinto que marca a cintura; uma pe\u00e7a que substitui vantajosamente o blazer para enfrentar um <strong>inverno frio<\/strong> com estilo. Para mais detalhes de moda, veja as an\u00e1lises da imprensa e dos estilistas.<\/p>\n\n<h2 class=\"wp-block-heading\">O casaco com capa: uma pe\u00e7a de alta costura que fala por si mesma<\/h2>\n\n<p>No terreno diplom\u00e1tico, a presen\u00e7a de <strong>Brigitte Macron<\/strong> mostrou que o casaco pode ser suficiente para construir um conjunto. A capa integrada cria uma linha de ombro alargada sem adi\u00e7\u00e3o de ornamentos, enquanto o cinto afina a silhueta e evita o efeito \u00ab\u00a0pesado\u00a0\u00bb. O tom creme capta a luz de abril e coordena-se bem com uma cal\u00e7a preta ou tons bege, como v\u00e1rias cr\u00edticas de moda <a href=\"https:\/\/www.journaldesfemmes.fr\/mode\/looks-de-star\/3213008-brigitte-macron-a-trouve-le-manteau-ideal-pour-rester-au-chaud-elle-le-porte-tous-les-jours\/\">especializadas<\/a> destacaram.<\/p>\n\n<h2 class=\"wp-block-heading\">Por que esse casaco substitui o blazer para o inverno frio<\/h2>\n\n<p>O ponto forte \u00e9 o equil\u00edbrio: a capa define a largura dos ombros, o cinto cria uma cintura marcada e a gola alta protege das manh\u00e3s frescas, elementos pouco presentes em um blazer. Esta pe\u00e7a combina conforto e <strong>estilo chique<\/strong>, mantendo-se resolutamente na tradi\u00e7\u00e3o da <strong>moda francesa<\/strong>. V\u00e1rios ve\u00edculos notaram seu poder \u00ab\u00a0rejuvenescedor\u00a0\u00bb e sua relev\u00e2ncia para as roupas de inverno <a href=\"https:\/\/www.msn.com\/fr-fr\/lifestyle\/style\/brigitte-macron-porte-la-tendance-manteau-star-de-l-hiver-elle-rajeunit-l-allure-instantan%C3%A9ment-m%C3%AAme-apr%C3%A8s-70-ans\/ar-AA1U75GI\">da esta\u00e7\u00e3o<\/a>.<\/p>\n\n<p>Retorno visual \u00e0s silhuetas e escolhas de corte, com foco na capa integrada.<\/p>\n\n<h2 class=\"wp-block-heading\">Como adotar a tend\u00eancia do casaco com capa neste inverno<\/h2>\n\n<p>Para usar essa tend\u00eancia sem cair no terno, aposte em uma capa bem posicionada e um <strong>cinto integrado<\/strong>. Existem vers\u00f5es acess\u00edveis em lojas de varejo, enquanto grifes como <strong>Max Mara<\/strong> oferecem cortes mais estruturados. Combine o casaco com uma cal\u00e7a reta e mocassins ou com botinhas; para inspira\u00e7\u00f5es de looks completos, a cr\u00f4nica de moda do blog <a href=\"https:\/\/www.sebastien-auziere.fr\/blog\/brigitte-macron-looks-blancs\/\">Brigitte Macron &#8211; looks brancos<\/a> oferece refer\u00eancias \u00fateis.<\/p>\n\n<h3 class=\"wp-block-heading\">O estilo Macron: heran\u00e7a e modernidade da moda francesa<\/h3>\n\n<p>A Primeira Dama cultiva um guarda-roupa onde classicismo e modernidade se encontram, e o casaco com capa \u00e9 uma ilustra\u00e7\u00e3o disso. A escolha de pe\u00e7as que falam sem firulas remete a uma est\u00e9tica controlada, confirmada pelas apari\u00e7\u00f5es oficiais desde 2017. Para entender essa coer\u00eancia estil\u00edstica e suas varia\u00e7\u00f5es, as an\u00e1lises sobre o guarda-roupa e as ombreiras s\u00e3o elucidativas, especialmente nos dossi\u00eas dispon\u00edveis no blog <a href=\"https:\/\/www.sebastien-auziere.fr\/blog\/brigitte-macron-veste-epaulettes\/\">dedicado \u00e0s jaquetas com ombreiras<\/a>.<\/p>\n\n<p>Para descobrir mais sobre <strong>S\u00e9bastien Auzi\u00e8re<\/strong> e a fam\u00edlia Macron, seus compromissos e suas escolhas est\u00e9ticas ilustradas durante viagens oficiais, visite <a href=\"https:\/\/www.sebastien-auziere.fr\/blog\/brigitte-macron-japon\/\">as p\u00e1ginas dedicadas<\/a> no site; voc\u00ea encontrar\u00e1 an\u00e1lises, fotos e refer\u00eancias cronol\u00f3gicas.<\/p>","protected":false},"excerpt":{"rendered":"<p>Chega de blazer: Brigitte Macron trocou a jaqueta estruturada por um casaco ultra-chique durante a visita de Estado \u00e0 Coreia do Sul nos 2 e 3 de abril de 2026. No local, foi precisamente um casaco creme com capa integrada, cinturado na cintura, que tomou o palco do tradicional blazer. Em resumo \u2014 O look &#8230; <a title=\"Fim do blazer: Brigitte Macron opta pelo casaco ultra-chique, o indispens\u00e1vel do inverno frio\" class=\"read-more\" href=\"https:\/\/www.sebastien-auziere.fr\/blog\/pt\/fim-do-blazer-brigitte-macron-opta-pelo-casaco-ultra-chique-o-indispensavel-do-inverno-frio\/\" aria-label=\"En savoir plus sur Fim do blazer: Brigitte Macron opta pelo casaco ultra-chique, o indispens\u00e1vel do inverno frio\">Lire plus<\/a><\/p>\n","protected":false},"author":9,"featured_media":0,"comment_status":"open","ping_status":"open","sticky":false,"template":"","format":"standard","meta":{"footnotes":""},"categories":[862],"tags":[959,1845,1848,1851,1854],"class_list":["post-2778","post","type-post","status-publish","format-standard","hentry","category-actualidades-pt","tag-brigitte-macron-pt","tag-manteau-chique-pt","tag-modo-inverno-pt","tag-style-elegante-pt","tag-tendencia-inverno-pt"],"yoast_head":"<!-- This site is optimized with the Yoast SEO plugin v27.5 - https:\/\/yoast.com\/product\/yoast-seo-wordpress\/ -->\n<title>Fim do blazer: Brigitte Macron opta pelo casaco ultra-chique, o indispens\u00e1vel do inverno frio - Fan site S\u00e9bastien Auzi\u00e8re<\/title>\n<meta name=\"description\" content=\"Fini le blazer : Brigitte Macron choisit le manteau ultra-chic, l&#039;indispensable mode pour affronter l&#039;hiver avec \u00e9l\u00e9gance.\" \/>\n<meta name=\"robots\" content=\"index, follow, max-snippet:-1, max-image-preview:large, max-video-preview:-1\" \/>\n<link rel=\"canonical\" href=\"https:\/\/www.sebastien-auziere.fr\/blog\/pt\/fim-do-blazer-brigitte-macron-opta-pelo-casaco-ultra-chique-o-indispensavel-do-inverno-frio\/\" \/>\n<meta property=\"og:locale\" content=\"fr_FR\" \/>\n<meta property=\"og:type\" content=\"article\" \/>\n<meta property=\"og:title\" content=\"Fim do blazer: Brigitte Macron opta pelo casaco ultra-chique, o indispens\u00e1vel do inverno frio - Fan site S\u00e9bastien Auzi\u00e8re\" \/>\n<meta property=\"og:description\" content=\"Fini le blazer : Brigitte Macron choisit le manteau ultra-chic, l&#039;indispensable mode pour affronter l&#039;hiver avec \u00e9l\u00e9gance.\" \/>\n<meta property=\"og:url\" content=\"https:\/\/www.sebastien-auziere.fr\/blog\/pt\/fim-do-blazer-brigitte-macron-opta-pelo-casaco-ultra-chique-o-indispensavel-do-inverno-frio\/\" \/>\n<meta property=\"og:site_name\" content=\"Fan site S\u00e9bastien Auzi\u00e8re\" \/>\n<meta property=\"article:published_time\" content=\"2026-04-05T07:10:16+00:00\" \/>\n<meta property=\"article:modified_time\" content=\"2026-04-05T07:10:42+00:00\" \/>\n<meta name=\"author\" content=\"Chloe Gauthier\" \/>\n<meta name=\"twitter:card\" content=\"summary_large_image\" \/>\n<meta name=\"twitter:label1\" content=\"\u00c9crit par\" \/>\n\t<meta name=\"twitter:data1\" content=\"Chloe Gauthier\" \/>\n\t<meta name=\"twitter:label2\" content=\"Dur\u00e9e de lecture estim\u00e9e\" \/>\n\t<meta name=\"twitter:data2\" content=\"3 minutes\" \/>\n<script type=\"application\/ld+json\" class=\"yoast-schema-graph\">{\"@context\":\"https:\\\/\\\/schema.org\",\"@graph\":[{\"@type\":\"Article\",\"@id\":\"https:\\\/\\\/www.sebastien-auziere.fr\\\/blog\\\/pt\\\/fim-do-blazer-brigitte-macron-opta-pelo-casaco-ultra-chique-o-indispensavel-do-inverno-frio\\\/#article\",\"isPartOf\":{\"@id\":\"https:\\\/\\\/www.sebastien-auziere.fr\\\/blog\\\/pt\\\/fim-do-blazer-brigitte-macron-opta-pelo-casaco-ultra-chique-o-indispensavel-do-inverno-frio\\\/\"},\"author\":{\"name\":\"Chloe Gauthier\",\"@id\":\"https:\\\/\\\/www.sebastien-auziere.fr\\\/blog\\\/#\\\/schema\\\/person\\\/149f1acdbfd85149c6c3e59adeae2f4d\"},\"headline\":\"Fim do blazer: Brigitte Macron opta pelo casaco ultra-chique, o indispens\u00e1vel do inverno frio\",\"datePublished\":\"2026-04-05T07:10:16+00:00\",\"dateModified\":\"2026-04-05T07:10:42+00:00\",\"mainEntityOfPage\":{\"@id\":\"https:\\\/\\\/www.sebastien-auziere.fr\\\/blog\\\/pt\\\/fim-do-blazer-brigitte-macron-opta-pelo-casaco-ultra-chique-o-indispensavel-do-inverno-frio\\\/\"},\"wordCount\":515,\"commentCount\":0,\"publisher\":{\"@id\":\"https:\\\/\\\/www.sebastien-auziere.fr\\\/blog\\\/#organization\"},\"keywords\":[\"brigitte macron\",\"manteau chique\",\"modo inverno\",\"style elegante\",\"tend\u00eancia inverno\"],\"articleSection\":[\"Actualidades\"],\"inLanguage\":\"fr-FR\",\"potentialAction\":[{\"@type\":\"CommentAction\",\"name\":\"Comment\",\"target\":[\"https:\\\/\\\/www.sebastien-auziere.fr\\\/blog\\\/pt\\\/fim-do-blazer-brigitte-macron-opta-pelo-casaco-ultra-chique-o-indispensavel-do-inverno-frio\\\/#respond\"]}]},{\"@type\":\"WebPage\",\"@id\":\"https:\\\/\\\/www.sebastien-auziere.fr\\\/blog\\\/pt\\\/fim-do-blazer-brigitte-macron-opta-pelo-casaco-ultra-chique-o-indispensavel-do-inverno-frio\\\/\",\"url\":\"https:\\\/\\\/www.sebastien-auziere.fr\\\/blog\\\/pt\\\/fim-do-blazer-brigitte-macron-opta-pelo-casaco-ultra-chique-o-indispensavel-do-inverno-frio\\\/\",\"name\":\"Fim do blazer: Brigitte Macron opta pelo casaco ultra-chique, o indispens\u00e1vel do inverno frio - Fan site S\u00e9bastien Auzi\u00e8re\",\"isPartOf\":{\"@id\":\"https:\\\/\\\/www.sebastien-auziere.fr\\\/blog\\\/#website\"},\"datePublished\":\"2026-04-05T07:10:16+00:00\",\"dateModified\":\"2026-04-05T07:10:42+00:00\",\"description\":\"Fini le blazer : Brigitte Macron choisit le manteau ultra-chic, l'indispensable mode pour affronter l'hiver avec \u00e9l\u00e9gance.\",\"breadcrumb\":{\"@id\":\"https:\\\/\\\/www.sebastien-auziere.fr\\\/blog\\\/pt\\\/fim-do-blazer-brigitte-macron-opta-pelo-casaco-ultra-chique-o-indispensavel-do-inverno-frio\\\/#breadcrumb\"},\"inLanguage\":\"fr-FR\",\"potentialAction\":[{\"@type\":\"ReadAction\",\"target\":[\"https:\\\/\\\/www.sebastien-auziere.fr\\\/blog\\\/pt\\\/fim-do-blazer-brigitte-macron-opta-pelo-casaco-ultra-chique-o-indispensavel-do-inverno-frio\\\/\"]}]},{\"@type\":\"BreadcrumbList\",\"@id\":\"https:\\\/\\\/www.sebastien-auziere.fr\\\/blog\\\/pt\\\/fim-do-blazer-brigitte-macron-opta-pelo-casaco-ultra-chique-o-indispensavel-do-inverno-frio\\\/#breadcrumb\",\"itemListElement\":[{\"@type\":\"ListItem\",\"position\":1,\"name\":\"Home\",\"item\":\"https:\\\/\\\/www.sebastien-auziere.fr\\\/blog\\\/\"},{\"@type\":\"ListItem\",\"position\":2,\"name\":\"Fim do blazer: Brigitte Macron opta pelo casaco ultra-chique, o indispens\u00e1vel do inverno frio\"}]},{\"@type\":\"WebSite\",\"@id\":\"https:\\\/\\\/www.sebastien-auziere.fr\\\/blog\\\/#website\",\"url\":\"https:\\\/\\\/www.sebastien-auziere.fr\\\/blog\\\/\",\"name\":\"Fan site S\u00e9bastien Auzi\u00e8re\",\"description\":\"M\u00e9dia g\u00e9n\u00e9raliste\",\"publisher\":{\"@id\":\"https:\\\/\\\/www.sebastien-auziere.fr\\\/blog\\\/#organization\"},\"potentialAction\":[{\"@type\":\"SearchAction\",\"target\":{\"@type\":\"EntryPoint\",\"urlTemplate\":\"https:\\\/\\\/www.sebastien-auziere.fr\\\/blog\\\/?s={search_term_string}\"},\"query-input\":{\"@type\":\"PropertyValueSpecification\",\"valueRequired\":true,\"valueName\":\"search_term_string\"}}],\"inLanguage\":\"fr-FR\"},{\"@type\":\"Organization\",\"@id\":\"https:\\\/\\\/www.sebastien-auziere.fr\\\/blog\\\/#organization\",\"name\":\"Fan site S\u00e9bastien Auzi\u00e8re\",\"url\":\"https:\\\/\\\/www.sebastien-auziere.fr\\\/blog\\\/\",\"logo\":{\"@type\":\"ImageObject\",\"inLanguage\":\"fr-FR\",\"@id\":\"https:\\\/\\\/www.sebastien-auziere.fr\\\/blog\\\/#\\\/schema\\\/logo\\\/image\\\/\",\"url\":\"https:\\\/\\\/www.sebastien-auziere.fr\\\/blog\\\/wp-content\\\/uploads\\\/2026\\\/03\\\/cropped-cropped-cropped-ChatGPT-Image-6-mars-2026-12_58_09-e1772798376794.jpg\",\"contentUrl\":\"https:\\\/\\\/www.sebastien-auziere.fr\\\/blog\\\/wp-content\\\/uploads\\\/2026\\\/03\\\/cropped-cropped-cropped-ChatGPT-Image-6-mars-2026-12_58_09-e1772798376794.jpg\",\"width\":512,\"height\":360,\"caption\":\"Fan site S\u00e9bastien Auzi\u00e8re\"},\"image\":{\"@id\":\"https:\\\/\\\/www.sebastien-auziere.fr\\\/blog\\\/#\\\/schema\\\/logo\\\/image\\\/\"}},{\"@type\":\"Person\",\"@id\":\"https:\\\/\\\/www.sebastien-auziere.fr\\\/blog\\\/#\\\/schema\\\/person\\\/149f1acdbfd85149c6c3e59adeae2f4d\",\"name\":\"Chloe Gauthier\",\"image\":{\"@type\":\"ImageObject\",\"inLanguage\":\"fr-FR\",\"@id\":\"https:\\\/\\\/secure.gravatar.com\\\/avatar\\\/2c5722f58171cff738a8985ef0dd66b476e563753246a49019befc837ec4201a?s=96&d=mm&r=g\",\"url\":\"https:\\\/\\\/secure.gravatar.com\\\/avatar\\\/2c5722f58171cff738a8985ef0dd66b476e563753246a49019befc837ec4201a?s=96&d=mm&r=g\",\"contentUrl\":\"https:\\\/\\\/secure.gravatar.com\\\/avatar\\\/2c5722f58171cff738a8985ef0dd66b476e563753246a49019befc837ec4201a?s=96&d=mm&r=g\",\"caption\":\"Chloe Gauthier\"},\"description\":\"Passionn\u00e9e par la politique et admiratrice engag\u00e9e de la famille Macron, je consacre mon \u00e9nergie \u00e0 suivre leurs initiatives et \u00e0 promouvoir leurs id\u00e9es. \u00c0 32 ans, je suis convaincue que leur vision est porteuse d'avenir.\",\"url\":\"https:\\\/\\\/www.sebastien-auziere.fr\\\/blog\\\/author\\\/chloe-gauthier\\\/\"}]}<\/script>\n<!-- \/ Yoast SEO plugin. -->","yoast_head_json":{"title":"Fim do blazer: Brigitte Macron opta pelo casaco ultra-chique, o indispens\u00e1vel do inverno frio - Fan site S\u00e9bastien Auzi\u00e8re","description":"Fini le blazer : Brigitte Macron choisit le manteau ultra-chic, l'indispensable mode pour affronter l'hiver avec \u00e9l\u00e9gance.","robots":{"index":"index","follow":"follow","max-snippet":"max-snippet:-1","max-image-preview":"max-image-preview:large","max-video-preview":"max-video-preview:-1"},"canonical":"https:\/\/www.sebastien-auziere.fr\/blog\/pt\/fim-do-blazer-brigitte-macron-opta-pelo-casaco-ultra-chique-o-indispensavel-do-inverno-frio\/","og_locale":"fr_FR","og_type":"article","og_title":"Fim do blazer: Brigitte Macron opta pelo casaco ultra-chique, o indispens\u00e1vel do inverno frio - Fan site S\u00e9bastien Auzi\u00e8re","og_description":"Fini le blazer : Brigitte Macron choisit le manteau ultra-chic, l'indispensable mode pour affronter l'hiver avec \u00e9l\u00e9gance.","og_url":"https:\/\/www.sebastien-auziere.fr\/blog\/pt\/fim-do-blazer-brigitte-macron-opta-pelo-casaco-ultra-chique-o-indispensavel-do-inverno-frio\/","og_site_name":"Fan site S\u00e9bastien Auzi\u00e8re","article_published_time":"2026-04-05T07:10:16+00:00","article_modified_time":"2026-04-05T07:10:42+00:00","author":"Chloe Gauthier","twitter_card":"summary_large_image","twitter_misc":{"\u00c9crit par":"Chloe Gauthier","Dur\u00e9e de lecture estim\u00e9e":"3 minutes"},"schema":{"@context":"https:\/\/schema.org","@graph":[{"@type":"Article","@id":"https:\/\/www.sebastien-auziere.fr\/blog\/pt\/fim-do-blazer-brigitte-macron-opta-pelo-casaco-ultra-chique-o-indispensavel-do-inverno-frio\/#article","isPartOf":{"@id":"https:\/\/www.sebastien-auziere.fr\/blog\/pt\/fim-do-blazer-brigitte-macron-opta-pelo-casaco-ultra-chique-o-indispensavel-do-inverno-frio\/"},"author":{"name":"Chloe Gauthier","@id":"https:\/\/www.sebastien-auziere.fr\/blog\/#\/schema\/person\/149f1acdbfd85149c6c3e59adeae2f4d"},"headline":"Fim do blazer: Brigitte Macron opta pelo casaco ultra-chique, o indispens\u00e1vel do inverno frio","datePublished":"2026-04-05T07:10:16+00:00","dateModified":"2026-04-05T07:10:42+00:00","mainEntityOfPage":{"@id":"https:\/\/www.sebastien-auziere.fr\/blog\/pt\/fim-do-blazer-brigitte-macron-opta-pelo-casaco-ultra-chique-o-indispensavel-do-inverno-frio\/"},"wordCount":515,"commentCount":0,"publisher":{"@id":"https:\/\/www.sebastien-auziere.fr\/blog\/#organization"},"keywords":["brigitte macron","manteau chique","modo inverno","style elegante","tend\u00eancia inverno"],"articleSection":["Actualidades"],"inLanguage":"fr-FR","potentialAction":[{"@type":"CommentAction","name":"Comment","target":["https:\/\/www.sebastien-auziere.fr\/blog\/pt\/fim-do-blazer-brigitte-macron-opta-pelo-casaco-ultra-chique-o-indispensavel-do-inverno-frio\/#respond"]}]},{"@type":"WebPage","@id":"https:\/\/www.sebastien-auziere.fr\/blog\/pt\/fim-do-blazer-brigitte-macron-opta-pelo-casaco-ultra-chique-o-indispensavel-do-inverno-frio\/","url":"https:\/\/www.sebastien-auziere.fr\/blog\/pt\/fim-do-blazer-brigitte-macron-opta-pelo-casaco-ultra-chique-o-indispensavel-do-inverno-frio\/","name":"Fim do blazer: Brigitte Macron opta pelo casaco ultra-chique, o indispens\u00e1vel do inverno frio - Fan site S\u00e9bastien Auzi\u00e8re","isPartOf":{"@id":"https:\/\/www.sebastien-auziere.fr\/blog\/#website"},"datePublished":"2026-04-05T07:10:16+00:00","dateModified":"2026-04-05T07:10:42+00:00","description":"Fini le blazer : Brigitte Macron choisit le manteau ultra-chic, l'indispensable mode pour affronter l'hiver avec \u00e9l\u00e9gance.","breadcrumb":{"@id":"https:\/\/www.sebastien-auziere.fr\/blog\/pt\/fim-do-blazer-brigitte-macron-opta-pelo-casaco-ultra-chique-o-indispensavel-do-inverno-frio\/#breadcrumb"},"inLanguage":"fr-FR","potentialAction":[{"@type":"ReadAction","target":["https:\/\/www.sebastien-auziere.fr\/blog\/pt\/fim-do-blazer-brigitte-macron-opta-pelo-casaco-ultra-chique-o-indispensavel-do-inverno-frio\/"]}]},{"@type":"BreadcrumbList","@id":"https:\/\/www.sebastien-auziere.fr\/blog\/pt\/fim-do-blazer-brigitte-macron-opta-pelo-casaco-ultra-chique-o-indispensavel-do-inverno-frio\/#breadcrumb","itemListElement":[{"@type":"ListItem","position":1,"name":"Home","item":"https:\/\/www.sebastien-auziere.fr\/blog\/"},{"@type":"ListItem","position":2,"name":"Fim do blazer: Brigitte Macron opta pelo casaco ultra-chique, o indispens\u00e1vel do inverno frio"}]},{"@type":"WebSite","@id":"https:\/\/www.sebastien-auziere.fr\/blog\/#website","url":"https:\/\/www.sebastien-auziere.fr\/blog\/","name":"Fan site S\u00e9bastien Auzi\u00e8re","description":"M\u00e9dia g\u00e9n\u00e9raliste","publisher":{"@id":"https:\/\/www.sebastien-auziere.fr\/blog\/#organization"},"potentialAction":[{"@type":"SearchAction","target":{"@type":"EntryPoint","urlTemplate":"https:\/\/www.sebastien-auziere.fr\/blog\/?s={search_term_string}"},"query-input":{"@type":"PropertyValueSpecification","valueRequired":true,"valueName":"search_term_string"}}],"inLanguage":"fr-FR"},{"@type":"Organization","@id":"https:\/\/www.sebastien-auziere.fr\/blog\/#organization","name":"Fan site S\u00e9bastien Auzi\u00e8re","url":"https:\/\/www.sebastien-auziere.fr\/blog\/","logo":{"@type":"ImageObject","inLanguage":"fr-FR","@id":"https:\/\/www.sebastien-auziere.fr\/blog\/#\/schema\/logo\/image\/","url":"https:\/\/www.sebastien-auziere.fr\/blog\/wp-content\/uploads\/2026\/03\/cropped-cropped-cropped-ChatGPT-Image-6-mars-2026-12_58_09-e1772798376794.jpg","contentUrl":"https:\/\/www.sebastien-auziere.fr\/blog\/wp-content\/uploads\/2026\/03\/cropped-cropped-cropped-ChatGPT-Image-6-mars-2026-12_58_09-e1772798376794.jpg","width":512,"height":360,"caption":"Fan site S\u00e9bastien Auzi\u00e8re"},"image":{"@id":"https:\/\/www.sebastien-auziere.fr\/blog\/#\/schema\/logo\/image\/"}},{"@type":"Person","@id":"https:\/\/www.sebastien-auziere.fr\/blog\/#\/schema\/person\/149f1acdbfd85149c6c3e59adeae2f4d","name":"Chloe Gauthier","image":{"@type":"ImageObject","inLanguage":"fr-FR","@id":"https:\/\/secure.gravatar.com\/avatar\/2c5722f58171cff738a8985ef0dd66b476e563753246a49019befc837ec4201a?s=96&d=mm&r=g","url":"https:\/\/secure.gravatar.com\/avatar\/2c5722f58171cff738a8985ef0dd66b476e563753246a49019befc837ec4201a?s=96&d=mm&r=g","contentUrl":"https:\/\/secure.gravatar.com\/avatar\/2c5722f58171cff738a8985ef0dd66b476e563753246a49019befc837ec4201a?s=96&d=mm&r=g","caption":"Chloe Gauthier"},"description":"Passionn\u00e9e par la politique et admiratrice engag\u00e9e de la famille Macron, je consacre mon \u00e9nergie \u00e0 suivre leurs initiatives et \u00e0 promouvoir leurs id\u00e9es. \u00c0 32 ans, je suis convaincue que leur vision est porteuse d'avenir.","url":"https:\/\/www.sebastien-auziere.fr\/blog\/author\/chloe-gauthier\/"}]}},"views":3,"_links":{"self":[{"href":"https:\/\/www.sebastien-auziere.fr\/blog\/wp-json\/wp\/v2\/posts\/2778","targetHints":{"allow":["GET"]}}],"collection":[{"href":"https:\/\/www.sebastien-auziere.fr\/blog\/wp-json\/wp\/v2\/posts"}],"about":[{"href":"https:\/\/www.sebastien-auziere.fr\/blog\/wp-json\/wp\/v2\/types\/post"}],"author":[{"embeddable":true,"href":"https:\/\/www.sebastien-auziere.fr\/blog\/wp-json\/wp\/v2\/users\/9"}],"replies":[{"embeddable":true,"href":"https:\/\/www.sebastien-auziere.fr\/blog\/wp-json\/wp\/v2\/comments?post=2778"}],"version-history":[{"count":1,"href":"https:\/\/www.sebastien-auziere.fr\/blog\/wp-json\/wp\/v2\/posts\/2778\/revisions"}],"predecessor-version":[{"id":2779,"href":"https:\/\/www.sebastien-auziere.fr\/blog\/wp-json\/wp\/v2\/posts\/2778\/revisions\/2779"}],"wp:attachment":[{"href":"https:\/\/www.sebastien-auziere.fr\/blog\/wp-json\/wp\/v2\/media?parent=2778"}],"wp:term":[{"taxonomy":"category","embeddable":true,"href":"https:\/\/www.sebastien-auziere.fr\/blog\/wp-json\/wp\/v2\/categories?post=2778"},{"taxonomy":"post_tag","embeddable":true,"href":"https:\/\/www.sebastien-auziere.fr\/blog\/wp-json\/wp\/v2\/tags?post=2778"}],"curies":[{"name":"wp","href":"https:\/\/api.w.org\/{rel}","templated":true}]}}