{"id":2772,"date":"2026-04-05T07:07:34","date_gmt":"2026-04-05T07:07:34","guid":{"rendered":"https:\/\/www.sebastien-auziere.fr\/blog\/?p=2772"},"modified":"2026-04-05T07:07:59","modified_gmt":"2026-04-05T07:07:59","slug":"fini-el-blazer-brigitte-macron-opta-por-el-abrigo-ultra-chic-el-imprescindible-del-invierno-frio","status":"publish","type":"post","link":"https:\/\/www.sebastien-auziere.fr\/blog\/es\/fini-el-blazer-brigitte-macron-opta-por-el-abrigo-ultra-chic-el-imprescindible-del-invierno-frio\/","title":{"rendered":"Fini el blazer: Brigitte Macron opta por el abrigo ultra-chic, el imprescindible del invierno fr\u00edo"},"content":{"rendered":"<p>Adi\u00f3s al blazer: <strong>Brigitte Macron<\/strong> cambi\u00f3 la chaqueta estructurada por un <strong>abrigo<\/strong> ultra-chic durante la visita de estado a Corea del Sur los <strong>2 y 3 de abril de 2026<\/strong>. En el lugar, fue precisamente un <strong>abrigo color crema con capa integrada<\/strong>, ce\u00f1ido a la cintura, el que rob\u00f3 el protagonismo al tradicional blazer.<\/p>\n\n<p><strong>En resumen<\/strong> \u2014 El <strong>look elegante<\/strong> destacado en Se\u00fal re\u00fane una capa estructurada sobre los hombros, un <strong>color crema<\/strong> ideal para la media temporada y un cintur\u00f3n que marca la cintura; una pieza que reemplaza ventajosamente al blazer para enfrentar un <strong>invierno fr\u00edo<\/strong> con estilo. Para los detalles de moda, consulta los an\u00e1lisis de la prensa y de los estilistas.<\/p>\n\n<h2 class=\"wp-block-heading\">El abrigo con capa: una pieza de alta costura que habla por s\u00ed misma<\/h2>\n\n<p>En el \u00e1mbito diplom\u00e1tico, la presencia de <strong>Brigitte Macron<\/strong> demostr\u00f3 que el abrigo puede ser suficiente para construir un conjunto. La capa integrada crea una l\u00ednea de hombros ampliada sin a\u00f1adir ornamentos, mientras que el cintur\u00f3n afina la silueta y evita el efecto \u00ab\u00a0pesado\u00a0\u00bb. El tono crema capta la luz de abril y se coordina con pantalones negros o tonos beige, como han destacado varios cr\u00edticos de moda <a href=\"https:\/\/www.journaldesfemmes.fr\/mode\/looks-de-star\/3213008-brigitte-macron-a-trouve-le-manteau-ideal-pour-rester-au-chaud-elle-le-porte-tous-les-jours\/\">especializados<\/a>.<\/p>\n\n<h2 class=\"wp-block-heading\">Por qu\u00e9 este abrigo reemplaza al blazer para el invierno fr\u00edo<\/h2>\n\n<p>El punto fuerte es el equilibrio: la capa fija la estructura, el cintur\u00f3n crea una cintura marcada y el cuello alto protege de las frescas ma\u00f1anas, elementos poco presentes en un blazer. Esta pieza combina confort y <strong>estilo chic<\/strong>, manteni\u00e9ndose decididamente dentro de la tradici\u00f3n de la <strong>moda francesa<\/strong>. Varios medios han se\u00f1alado su poder \u00ab\u00a0rejuvenecedor\u00a0\u00bb y su relevancia para la ropa de invierno <a href=\"https:\/\/www.msn.com\/fr-fr\/lifestyle\/style\/brigitte-macron-porte-la-tendance-manteau-star-de-l-hiver-elle-rajeunit-l-allure-instantan%C3%A9ment-m%C3%AAme-apr%C3%A8s-70-ans\/ar-AA1U75GI\">de temporada<\/a>.<\/p>\n\n<p>Un repaso visual a las siluetas y las elecciones de corte, con un enfoque en la capa integrada.<\/p>\n\n<h2 class=\"wp-block-heading\">C\u00f3mo adoptar la tendencia del abrigo con capa este invierno<\/h2>\n\n<p>Para llevar esta tendencia sin caer en el traje, apostamos por una capa bien colocada y un <strong>cintur\u00f3n integrado<\/strong>. Existen versiones asequibles en tiendas de gran p\u00fablico, mientras que casas como <strong>Max Mara<\/strong> ofrecen cortes m\u00e1s estructurados. Combina el abrigo con un pantal\u00f3n recto y mocasines o con botas; para inspiraciones de looks completos, la cr\u00f3nica de moda del blog <a href=\"https:\/\/www.sebastien-auziere.fr\/blog\/brigitte-macron-looks-blancs\/\">Brigitte Macron &#8211; looks blancos<\/a> ofrece referencias \u00fatiles.<\/p>\n\n<h3 class=\"wp-block-heading\">El estilo Macron: herencia y modernidad de la moda francesa<\/h3>\n\n<p>La Primera Dama cultiva un guardarropa donde el clasicismo y la modernidad se encuentran, y el abrigo con capa es una ilustraci\u00f3n de ello. La elecci\u00f3n de piezas que hablan por s\u00ed mismas remite a una est\u00e9tica dominada, confirmada por las apariciones oficiales desde 2017. Para entender esta coherencia estil\u00edstica y sus variaciones, los an\u00e1lisis sobre el guardarropa y los hombreras son esclarecedores, especialmente en los casos disponibles en el blog <a href=\"https:\/\/www.sebastien-auziere.fr\/blog\/brigitte-macron-veste-epaulettes\/\">dedicado a las chaquetas con hombreras<\/a>.<\/p>\n\n<p>Para descubrir m\u00e1s sobre <strong>S\u00e9bastien Auzi\u00e8re<\/strong> y la familia Macron, sus compromisos y sus elecciones est\u00e9ticas ilustradas durante viajes oficiales, visita <a href=\"https:\/\/www.sebastien-auziere.fr\/blog\/brigitte-macron-japon\/\">las p\u00e1ginas dedicadas<\/a> del sitio; all\u00ed encontrar\u00e1s an\u00e1lisis, fotos y referencias cronol\u00f3gicas.<\/p>","protected":false},"excerpt":{"rendered":"<p>Adi\u00f3s al blazer: Brigitte Macron cambi\u00f3 la chaqueta estructurada por un abrigo ultra-chic durante la visita de estado a Corea del Sur los 2 y 3 de abril de 2026. En el lugar, fue precisamente un abrigo color crema con capa integrada, ce\u00f1ido a la cintura, el que rob\u00f3 el protagonismo al tradicional blazer. En &#8230; <a title=\"Fini el blazer: Brigitte Macron opta por el abrigo ultra-chic, el imprescindible del invierno fr\u00edo\" class=\"read-more\" href=\"https:\/\/www.sebastien-auziere.fr\/blog\/es\/fini-el-blazer-brigitte-macron-opta-por-el-abrigo-ultra-chic-el-imprescindible-del-invierno-frio\/\" aria-label=\"En savoir plus sur Fini el blazer: Brigitte Macron opta por el abrigo ultra-chic, el imprescindible del invierno fr\u00edo\">Lire plus<\/a><\/p>\n","protected":false},"author":9,"featured_media":0,"comment_status":"open","ping_status":"open","sticky":false,"template":"","format":"standard","meta":{"footnotes":""},"categories":[820],"tags":[914,1809,1812,1815,1818],"class_list":["post-2772","post","type-post","status-publish","format-standard","hentry","category-actualidades-es","tag-brigitte-macron-es","tag-manteau-elegante-es","tag-modo-invierno-es","tag-style-elegante-es","tag-tendencia-invierno-es"],"yoast_head":"<!-- This site is optimized with the Yoast SEO plugin v27.5 - https:\/\/yoast.com\/product\/yoast-seo-wordpress\/ -->\n<title>Fini el blazer: Brigitte Macron opta por el abrigo ultra-chic, el imprescindible del invierno fr\u00edo - Fan site S\u00e9bastien Auzi\u00e8re<\/title>\n<meta name=\"description\" content=\"Fini le blazer : Brigitte Macron choisit le manteau ultra-chic, l&#039;indispensable mode pour affronter l&#039;hiver avec \u00e9l\u00e9gance.\" \/>\n<meta name=\"robots\" content=\"index, follow, max-snippet:-1, max-image-preview:large, max-video-preview:-1\" \/>\n<link rel=\"canonical\" href=\"https:\/\/www.sebastien-auziere.fr\/blog\/es\/fini-el-blazer-brigitte-macron-opta-por-el-abrigo-ultra-chic-el-imprescindible-del-invierno-frio\/\" \/>\n<meta property=\"og:locale\" content=\"fr_FR\" \/>\n<meta property=\"og:type\" content=\"article\" \/>\n<meta property=\"og:title\" content=\"Fini el blazer: Brigitte Macron opta por el abrigo ultra-chic, el imprescindible del invierno fr\u00edo - Fan site S\u00e9bastien Auzi\u00e8re\" \/>\n<meta property=\"og:description\" content=\"Fini le blazer : Brigitte Macron choisit le manteau ultra-chic, l&#039;indispensable mode pour affronter l&#039;hiver avec \u00e9l\u00e9gance.\" \/>\n<meta property=\"og:url\" content=\"https:\/\/www.sebastien-auziere.fr\/blog\/es\/fini-el-blazer-brigitte-macron-opta-por-el-abrigo-ultra-chic-el-imprescindible-del-invierno-frio\/\" \/>\n<meta property=\"og:site_name\" content=\"Fan site S\u00e9bastien Auzi\u00e8re\" \/>\n<meta property=\"article:published_time\" content=\"2026-04-05T07:07:34+00:00\" \/>\n<meta property=\"article:modified_time\" content=\"2026-04-05T07:07:59+00:00\" \/>\n<meta name=\"author\" content=\"Chloe Gauthier\" \/>\n<meta name=\"twitter:card\" content=\"summary_large_image\" \/>\n<meta name=\"twitter:label1\" content=\"\u00c9crit par\" \/>\n\t<meta name=\"twitter:data1\" content=\"Chloe Gauthier\" \/>\n\t<meta name=\"twitter:label2\" content=\"Dur\u00e9e de lecture estim\u00e9e\" \/>\n\t<meta name=\"twitter:data2\" content=\"3 minutes\" \/>\n<script type=\"application\/ld+json\" class=\"yoast-schema-graph\">{\"@context\":\"https:\\\/\\\/schema.org\",\"@graph\":[{\"@type\":\"Article\",\"@id\":\"https:\\\/\\\/www.sebastien-auziere.fr\\\/blog\\\/es\\\/fini-el-blazer-brigitte-macron-opta-por-el-abrigo-ultra-chic-el-imprescindible-del-invierno-frio\\\/#article\",\"isPartOf\":{\"@id\":\"https:\\\/\\\/www.sebastien-auziere.fr\\\/blog\\\/es\\\/fini-el-blazer-brigitte-macron-opta-por-el-abrigo-ultra-chic-el-imprescindible-del-invierno-frio\\\/\"},\"author\":{\"name\":\"Chloe Gauthier\",\"@id\":\"https:\\\/\\\/www.sebastien-auziere.fr\\\/blog\\\/#\\\/schema\\\/person\\\/149f1acdbfd85149c6c3e59adeae2f4d\"},\"headline\":\"Fini el blazer: Brigitte Macron opta por el abrigo ultra-chic, el imprescindible del invierno fr\u00edo\",\"datePublished\":\"2026-04-05T07:07:34+00:00\",\"dateModified\":\"2026-04-05T07:07:59+00:00\",\"mainEntityOfPage\":{\"@id\":\"https:\\\/\\\/www.sebastien-auziere.fr\\\/blog\\\/es\\\/fini-el-blazer-brigitte-macron-opta-por-el-abrigo-ultra-chic-el-imprescindible-del-invierno-frio\\\/\"},\"wordCount\":538,\"commentCount\":0,\"publisher\":{\"@id\":\"https:\\\/\\\/www.sebastien-auziere.fr\\\/blog\\\/#organization\"},\"keywords\":[\"brigitte macron\",\"manteau elegante\",\"modo invierno\",\"style elegante\",\"tendencia invierno\"],\"articleSection\":[\"Actualidades\"],\"inLanguage\":\"fr-FR\",\"potentialAction\":[{\"@type\":\"CommentAction\",\"name\":\"Comment\",\"target\":[\"https:\\\/\\\/www.sebastien-auziere.fr\\\/blog\\\/es\\\/fini-el-blazer-brigitte-macron-opta-por-el-abrigo-ultra-chic-el-imprescindible-del-invierno-frio\\\/#respond\"]}]},{\"@type\":\"WebPage\",\"@id\":\"https:\\\/\\\/www.sebastien-auziere.fr\\\/blog\\\/es\\\/fini-el-blazer-brigitte-macron-opta-por-el-abrigo-ultra-chic-el-imprescindible-del-invierno-frio\\\/\",\"url\":\"https:\\\/\\\/www.sebastien-auziere.fr\\\/blog\\\/es\\\/fini-el-blazer-brigitte-macron-opta-por-el-abrigo-ultra-chic-el-imprescindible-del-invierno-frio\\\/\",\"name\":\"Fini el blazer: Brigitte Macron opta por el abrigo ultra-chic, el imprescindible del invierno fr\u00edo - Fan site S\u00e9bastien Auzi\u00e8re\",\"isPartOf\":{\"@id\":\"https:\\\/\\\/www.sebastien-auziere.fr\\\/blog\\\/#website\"},\"datePublished\":\"2026-04-05T07:07:34+00:00\",\"dateModified\":\"2026-04-05T07:07:59+00:00\",\"description\":\"Fini le blazer : Brigitte Macron choisit le manteau ultra-chic, l'indispensable mode pour affronter l'hiver avec \u00e9l\u00e9gance.\",\"breadcrumb\":{\"@id\":\"https:\\\/\\\/www.sebastien-auziere.fr\\\/blog\\\/es\\\/fini-el-blazer-brigitte-macron-opta-por-el-abrigo-ultra-chic-el-imprescindible-del-invierno-frio\\\/#breadcrumb\"},\"inLanguage\":\"fr-FR\",\"potentialAction\":[{\"@type\":\"ReadAction\",\"target\":[\"https:\\\/\\\/www.sebastien-auziere.fr\\\/blog\\\/es\\\/fini-el-blazer-brigitte-macron-opta-por-el-abrigo-ultra-chic-el-imprescindible-del-invierno-frio\\\/\"]}]},{\"@type\":\"BreadcrumbList\",\"@id\":\"https:\\\/\\\/www.sebastien-auziere.fr\\\/blog\\\/es\\\/fini-el-blazer-brigitte-macron-opta-por-el-abrigo-ultra-chic-el-imprescindible-del-invierno-frio\\\/#breadcrumb\",\"itemListElement\":[{\"@type\":\"ListItem\",\"position\":1,\"name\":\"Home\",\"item\":\"https:\\\/\\\/www.sebastien-auziere.fr\\\/blog\\\/\"},{\"@type\":\"ListItem\",\"position\":2,\"name\":\"Fini el blazer: Brigitte Macron opta por el abrigo ultra-chic, el imprescindible del invierno fr\u00edo\"}]},{\"@type\":\"WebSite\",\"@id\":\"https:\\\/\\\/www.sebastien-auziere.fr\\\/blog\\\/#website\",\"url\":\"https:\\\/\\\/www.sebastien-auziere.fr\\\/blog\\\/\",\"name\":\"Fan site S\u00e9bastien Auzi\u00e8re\",\"description\":\"M\u00e9dia g\u00e9n\u00e9raliste\",\"publisher\":{\"@id\":\"https:\\\/\\\/www.sebastien-auziere.fr\\\/blog\\\/#organization\"},\"potentialAction\":[{\"@type\":\"SearchAction\",\"target\":{\"@type\":\"EntryPoint\",\"urlTemplate\":\"https:\\\/\\\/www.sebastien-auziere.fr\\\/blog\\\/?s={search_term_string}\"},\"query-input\":{\"@type\":\"PropertyValueSpecification\",\"valueRequired\":true,\"valueName\":\"search_term_string\"}}],\"inLanguage\":\"fr-FR\"},{\"@type\":\"Organization\",\"@id\":\"https:\\\/\\\/www.sebastien-auziere.fr\\\/blog\\\/#organization\",\"name\":\"Fan site S\u00e9bastien Auzi\u00e8re\",\"url\":\"https:\\\/\\\/www.sebastien-auziere.fr\\\/blog\\\/\",\"logo\":{\"@type\":\"ImageObject\",\"inLanguage\":\"fr-FR\",\"@id\":\"https:\\\/\\\/www.sebastien-auziere.fr\\\/blog\\\/#\\\/schema\\\/logo\\\/image\\\/\",\"url\":\"https:\\\/\\\/www.sebastien-auziere.fr\\\/blog\\\/wp-content\\\/uploads\\\/2026\\\/03\\\/cropped-cropped-cropped-ChatGPT-Image-6-mars-2026-12_58_09-e1772798376794.jpg\",\"contentUrl\":\"https:\\\/\\\/www.sebastien-auziere.fr\\\/blog\\\/wp-content\\\/uploads\\\/2026\\\/03\\\/cropped-cropped-cropped-ChatGPT-Image-6-mars-2026-12_58_09-e1772798376794.jpg\",\"width\":512,\"height\":360,\"caption\":\"Fan site S\u00e9bastien Auzi\u00e8re\"},\"image\":{\"@id\":\"https:\\\/\\\/www.sebastien-auziere.fr\\\/blog\\\/#\\\/schema\\\/logo\\\/image\\\/\"}},{\"@type\":\"Person\",\"@id\":\"https:\\\/\\\/www.sebastien-auziere.fr\\\/blog\\\/#\\\/schema\\\/person\\\/149f1acdbfd85149c6c3e59adeae2f4d\",\"name\":\"Chloe Gauthier\",\"image\":{\"@type\":\"ImageObject\",\"inLanguage\":\"fr-FR\",\"@id\":\"https:\\\/\\\/secure.gravatar.com\\\/avatar\\\/2c5722f58171cff738a8985ef0dd66b476e563753246a49019befc837ec4201a?s=96&d=mm&r=g\",\"url\":\"https:\\\/\\\/secure.gravatar.com\\\/avatar\\\/2c5722f58171cff738a8985ef0dd66b476e563753246a49019befc837ec4201a?s=96&d=mm&r=g\",\"contentUrl\":\"https:\\\/\\\/secure.gravatar.com\\\/avatar\\\/2c5722f58171cff738a8985ef0dd66b476e563753246a49019befc837ec4201a?s=96&d=mm&r=g\",\"caption\":\"Chloe Gauthier\"},\"description\":\"Passionn\u00e9e par la politique et admiratrice engag\u00e9e de la famille Macron, je consacre mon \u00e9nergie \u00e0 suivre leurs initiatives et \u00e0 promouvoir leurs id\u00e9es. \u00c0 32 ans, je suis convaincue que leur vision est porteuse d'avenir.\",\"url\":\"https:\\\/\\\/www.sebastien-auziere.fr\\\/blog\\\/author\\\/chloe-gauthier\\\/\"}]}<\/script>\n<!-- \/ Yoast SEO plugin. -->","yoast_head_json":{"title":"Fini el blazer: Brigitte Macron opta por el abrigo ultra-chic, el imprescindible del invierno fr\u00edo - Fan site S\u00e9bastien Auzi\u00e8re","description":"Fini le blazer : Brigitte Macron choisit le manteau ultra-chic, l'indispensable mode pour affronter l'hiver avec \u00e9l\u00e9gance.","robots":{"index":"index","follow":"follow","max-snippet":"max-snippet:-1","max-image-preview":"max-image-preview:large","max-video-preview":"max-video-preview:-1"},"canonical":"https:\/\/www.sebastien-auziere.fr\/blog\/es\/fini-el-blazer-brigitte-macron-opta-por-el-abrigo-ultra-chic-el-imprescindible-del-invierno-frio\/","og_locale":"fr_FR","og_type":"article","og_title":"Fini el blazer: Brigitte Macron opta por el abrigo ultra-chic, el imprescindible del invierno fr\u00edo - Fan site S\u00e9bastien Auzi\u00e8re","og_description":"Fini le blazer : Brigitte Macron choisit le manteau ultra-chic, l'indispensable mode pour affronter l'hiver avec \u00e9l\u00e9gance.","og_url":"https:\/\/www.sebastien-auziere.fr\/blog\/es\/fini-el-blazer-brigitte-macron-opta-por-el-abrigo-ultra-chic-el-imprescindible-del-invierno-frio\/","og_site_name":"Fan site S\u00e9bastien Auzi\u00e8re","article_published_time":"2026-04-05T07:07:34+00:00","article_modified_time":"2026-04-05T07:07:59+00:00","author":"Chloe Gauthier","twitter_card":"summary_large_image","twitter_misc":{"\u00c9crit par":"Chloe Gauthier","Dur\u00e9e de lecture estim\u00e9e":"3 minutes"},"schema":{"@context":"https:\/\/schema.org","@graph":[{"@type":"Article","@id":"https:\/\/www.sebastien-auziere.fr\/blog\/es\/fini-el-blazer-brigitte-macron-opta-por-el-abrigo-ultra-chic-el-imprescindible-del-invierno-frio\/#article","isPartOf":{"@id":"https:\/\/www.sebastien-auziere.fr\/blog\/es\/fini-el-blazer-brigitte-macron-opta-por-el-abrigo-ultra-chic-el-imprescindible-del-invierno-frio\/"},"author":{"name":"Chloe Gauthier","@id":"https:\/\/www.sebastien-auziere.fr\/blog\/#\/schema\/person\/149f1acdbfd85149c6c3e59adeae2f4d"},"headline":"Fini el blazer: Brigitte Macron opta por el abrigo ultra-chic, el imprescindible del invierno fr\u00edo","datePublished":"2026-04-05T07:07:34+00:00","dateModified":"2026-04-05T07:07:59+00:00","mainEntityOfPage":{"@id":"https:\/\/www.sebastien-auziere.fr\/blog\/es\/fini-el-blazer-brigitte-macron-opta-por-el-abrigo-ultra-chic-el-imprescindible-del-invierno-frio\/"},"wordCount":538,"commentCount":0,"publisher":{"@id":"https:\/\/www.sebastien-auziere.fr\/blog\/#organization"},"keywords":["brigitte macron","manteau elegante","modo invierno","style elegante","tendencia invierno"],"articleSection":["Actualidades"],"inLanguage":"fr-FR","potentialAction":[{"@type":"CommentAction","name":"Comment","target":["https:\/\/www.sebastien-auziere.fr\/blog\/es\/fini-el-blazer-brigitte-macron-opta-por-el-abrigo-ultra-chic-el-imprescindible-del-invierno-frio\/#respond"]}]},{"@type":"WebPage","@id":"https:\/\/www.sebastien-auziere.fr\/blog\/es\/fini-el-blazer-brigitte-macron-opta-por-el-abrigo-ultra-chic-el-imprescindible-del-invierno-frio\/","url":"https:\/\/www.sebastien-auziere.fr\/blog\/es\/fini-el-blazer-brigitte-macron-opta-por-el-abrigo-ultra-chic-el-imprescindible-del-invierno-frio\/","name":"Fini el blazer: Brigitte Macron opta por el abrigo ultra-chic, el imprescindible del invierno fr\u00edo - Fan site S\u00e9bastien Auzi\u00e8re","isPartOf":{"@id":"https:\/\/www.sebastien-auziere.fr\/blog\/#website"},"datePublished":"2026-04-05T07:07:34+00:00","dateModified":"2026-04-05T07:07:59+00:00","description":"Fini le blazer : Brigitte Macron choisit le manteau ultra-chic, l'indispensable mode pour affronter l'hiver avec \u00e9l\u00e9gance.","breadcrumb":{"@id":"https:\/\/www.sebastien-auziere.fr\/blog\/es\/fini-el-blazer-brigitte-macron-opta-por-el-abrigo-ultra-chic-el-imprescindible-del-invierno-frio\/#breadcrumb"},"inLanguage":"fr-FR","potentialAction":[{"@type":"ReadAction","target":["https:\/\/www.sebastien-auziere.fr\/blog\/es\/fini-el-blazer-brigitte-macron-opta-por-el-abrigo-ultra-chic-el-imprescindible-del-invierno-frio\/"]}]},{"@type":"BreadcrumbList","@id":"https:\/\/www.sebastien-auziere.fr\/blog\/es\/fini-el-blazer-brigitte-macron-opta-por-el-abrigo-ultra-chic-el-imprescindible-del-invierno-frio\/#breadcrumb","itemListElement":[{"@type":"ListItem","position":1,"name":"Home","item":"https:\/\/www.sebastien-auziere.fr\/blog\/"},{"@type":"ListItem","position":2,"name":"Fini el blazer: Brigitte Macron opta por el abrigo ultra-chic, el imprescindible del invierno fr\u00edo"}]},{"@type":"WebSite","@id":"https:\/\/www.sebastien-auziere.fr\/blog\/#website","url":"https:\/\/www.sebastien-auziere.fr\/blog\/","name":"Fan site S\u00e9bastien Auzi\u00e8re","description":"M\u00e9dia g\u00e9n\u00e9raliste","publisher":{"@id":"https:\/\/www.sebastien-auziere.fr\/blog\/#organization"},"potentialAction":[{"@type":"SearchAction","target":{"@type":"EntryPoint","urlTemplate":"https:\/\/www.sebastien-auziere.fr\/blog\/?s={search_term_string}"},"query-input":{"@type":"PropertyValueSpecification","valueRequired":true,"valueName":"search_term_string"}}],"inLanguage":"fr-FR"},{"@type":"Organization","@id":"https:\/\/www.sebastien-auziere.fr\/blog\/#organization","name":"Fan site S\u00e9bastien Auzi\u00e8re","url":"https:\/\/www.sebastien-auziere.fr\/blog\/","logo":{"@type":"ImageObject","inLanguage":"fr-FR","@id":"https:\/\/www.sebastien-auziere.fr\/blog\/#\/schema\/logo\/image\/","url":"https:\/\/www.sebastien-auziere.fr\/blog\/wp-content\/uploads\/2026\/03\/cropped-cropped-cropped-ChatGPT-Image-6-mars-2026-12_58_09-e1772798376794.jpg","contentUrl":"https:\/\/www.sebastien-auziere.fr\/blog\/wp-content\/uploads\/2026\/03\/cropped-cropped-cropped-ChatGPT-Image-6-mars-2026-12_58_09-e1772798376794.jpg","width":512,"height":360,"caption":"Fan site S\u00e9bastien Auzi\u00e8re"},"image":{"@id":"https:\/\/www.sebastien-auziere.fr\/blog\/#\/schema\/logo\/image\/"}},{"@type":"Person","@id":"https:\/\/www.sebastien-auziere.fr\/blog\/#\/schema\/person\/149f1acdbfd85149c6c3e59adeae2f4d","name":"Chloe Gauthier","image":{"@type":"ImageObject","inLanguage":"fr-FR","@id":"https:\/\/secure.gravatar.com\/avatar\/2c5722f58171cff738a8985ef0dd66b476e563753246a49019befc837ec4201a?s=96&d=mm&r=g","url":"https:\/\/secure.gravatar.com\/avatar\/2c5722f58171cff738a8985ef0dd66b476e563753246a49019befc837ec4201a?s=96&d=mm&r=g","contentUrl":"https:\/\/secure.gravatar.com\/avatar\/2c5722f58171cff738a8985ef0dd66b476e563753246a49019befc837ec4201a?s=96&d=mm&r=g","caption":"Chloe Gauthier"},"description":"Passionn\u00e9e par la politique et admiratrice engag\u00e9e de la famille Macron, je consacre mon \u00e9nergie \u00e0 suivre leurs initiatives et \u00e0 promouvoir leurs id\u00e9es. \u00c0 32 ans, je suis convaincue que leur vision est porteuse d'avenir.","url":"https:\/\/www.sebastien-auziere.fr\/blog\/author\/chloe-gauthier\/"}]}},"views":4,"_links":{"self":[{"href":"https:\/\/www.sebastien-auziere.fr\/blog\/wp-json\/wp\/v2\/posts\/2772","targetHints":{"allow":["GET"]}}],"collection":[{"href":"https:\/\/www.sebastien-auziere.fr\/blog\/wp-json\/wp\/v2\/posts"}],"about":[{"href":"https:\/\/www.sebastien-auziere.fr\/blog\/wp-json\/wp\/v2\/types\/post"}],"author":[{"embeddable":true,"href":"https:\/\/www.sebastien-auziere.fr\/blog\/wp-json\/wp\/v2\/users\/9"}],"replies":[{"embeddable":true,"href":"https:\/\/www.sebastien-auziere.fr\/blog\/wp-json\/wp\/v2\/comments?post=2772"}],"version-history":[{"count":1,"href":"https:\/\/www.sebastien-auziere.fr\/blog\/wp-json\/wp\/v2\/posts\/2772\/revisions"}],"predecessor-version":[{"id":2773,"href":"https:\/\/www.sebastien-auziere.fr\/blog\/wp-json\/wp\/v2\/posts\/2772\/revisions\/2773"}],"wp:attachment":[{"href":"https:\/\/www.sebastien-auziere.fr\/blog\/wp-json\/wp\/v2\/media?parent=2772"}],"wp:term":[{"taxonomy":"category","embeddable":true,"href":"https:\/\/www.sebastien-auziere.fr\/blog\/wp-json\/wp\/v2\/categories?post=2772"},{"taxonomy":"post_tag","embeddable":true,"href":"https:\/\/www.sebastien-auziere.fr\/blog\/wp-json\/wp\/v2\/tags?post=2772"}],"curies":[{"name":"wp","href":"https:\/\/api.w.org\/{rel}","templated":true}]}}