{"id":2770,"date":"2026-04-05T07:07:06","date_gmt":"2026-04-05T07:07:06","guid":{"rendered":"https:\/\/www.sebastien-auziere.fr\/blog\/?p=2770"},"modified":"2026-04-05T07:07:33","modified_gmt":"2026-04-05T07:07:33","slug":"fini-le-blazer-brigitte-macron-opte-pour-le-manteau-ultra-chic-lincontournable-de-lhiver-froid","status":"publish","type":"post","link":"https:\/\/www.sebastien-auziere.fr\/blog\/en\/fini-le-blazer-brigitte-macron-opte-pour-le-manteau-ultra-chic-lincontournable-de-lhiver-froid\/","title":{"rendered":"Fini le blazer : Brigitte Macron opte pour le manteau ultra-chic, l\u2019incontournable de l\u2019hiver froid"},"content":{"rendered":"<p>Gone is the blazer: <strong>Brigitte Macron<\/strong> swapped the structured jacket for an ultra-chic <strong>coat<\/strong> during the state visit to South Korea on <strong>April 2 and 3, 2026<\/strong>. On-site, it was precisely a <strong>cream coat with integrated cape<\/strong>, belted at the waist, that stole the spotlight from the traditional blazer.<\/p>\n\n<p><strong>In brief<\/strong> \u2014 The <strong>elegant look<\/strong> highlighted in Seoul features a structured cape over the shoulders, an ideal <strong>cream color<\/strong> for mid-season, and a belt that cinches the waist; a piece that effectively replaces the blazer to tackle a <strong>cold winter<\/strong> with style. For fashion details, see the analyses from the press and stylists.<\/p>\n\n<h2 class=\"wp-block-heading\">The cape coat: a couture piece that speaks for itself<\/h2>\n\n<p>On the diplomatic front, the presence of <strong>Brigitte Macron<\/strong> has shown that the coat can suffice to build an outfit. The integrated cape creates an elongated shoulder line without the addition of embellishments, while the belt refines the silhouette and avoids a \u00ab\u00a0heavy\u00a0\u00bb effect. The cream shade captures the April light and coordinates with black pants or beige tones, as several fashion critics <a href=\"https:\/\/www.journaldesfemmes.fr\/mode\/looks-de-star\/3213008-brigitte-macron-a-trouve-le-manteau-ideal-pour-rester-au-chaud-elle-le-porte-tous-les-jours\/\">specialized<\/a> have highlighted.<\/p>\n\n<h2 class=\"wp-block-heading\">Why this coat replaces the blazer for the cold winter<\/h2>\n\n<p>The highlight is the balance: the cape defines the shoulders, the belt creates a marked waist, and the high collar protects from cool mornings, elements that are not present on a blazer. This piece combines comfort and <strong>chic style<\/strong>, while remaining firmly rooted in the tradition of <strong>French fashion<\/strong>. Several publications have noted its \u00ab\u00a0youthful\u00a0\u00bb power and relevance for winter clothing <a href=\"https:\/\/www.msn.com\/fr-fr\/lifestyle\/style\/brigitte-macron-porte-la-tendance-manteau-star-de-l-hiver-elle-rajeunit-l-allure-instantan%C3%A9ment-m%C3%AAme-apr%C3%A8s-70-ans\/ar-AA1U75GI\">of the season<\/a>.<\/p>\n\n<p>A visual review of silhouettes and cutting choices, focusing on the integrated cape.<\/p>\n\n<h2 class=\"wp-block-heading\">How to adopt the cape coat trend this winter<\/h2>\n\n<p>To wear this trend without tipping into costume, focus on a well-positioned cape and an <strong>integrated belt<\/strong>. Affordable versions exist at mainstream retailers, while houses like <strong>Max Mara<\/strong> offer more structured cuts. Pair the coat with straight-leg pants and loafers or ankle boots; for complete look inspirations, the fashion column of the blog <a href=\"https:\/\/www.sebastien-auziere.fr\/blog\/brigitte-macron-looks-blancs\/\">Brigitte Macron &#8211; white looks<\/a> provides useful references.<\/p>\n\n<h3 class=\"wp-block-heading\">The Macron style: heritage and modernity of French fashion<\/h3>\n\n<p>The First Lady cultivates a wardrobe where classicism and modernity meet, and the cape coat is an illustration of this. The choice of pieces that speak without frills reflects a mastered aesthetic, confirmed by official appearances since 2017. To understand this stylistic coherence and its variations, analyses on the wardrobe and shoulder pads are enlightening, particularly in the files available on the blog <a href=\"https:\/\/www.sebastien-auziere.fr\/blog\/brigitte-macron-veste-epaulettes\/\">dedicated to shoulder jackets<\/a>.<\/p>\n\n<p>To discover more about <strong>S\u00e9bastien Auzi\u00e8re<\/strong> and the Macron family, their commitments and aesthetic choices illustrated during official trips, visit the <a href=\"https:\/\/www.sebastien-auziere.fr\/blog\/brigitte-macron-japon\/\">dedicated pages<\/a> of the website; you will find analyses, photos, and chronological references.<\/p>","protected":false},"excerpt":{"rendered":"<p>Gone is the blazer: Brigitte Macron swapped the structured jacket for an ultra-chic coat during the state visit to South Korea on April 2 and 3, 2026. On-site, it was precisely a cream coat with integrated cape, belted at the waist, that stole the spotlight from the traditional blazer. In brief \u2014 The elegant look &#8230; <a title=\"Fini le blazer : Brigitte Macron opte pour le manteau ultra-chic, l\u2019incontournable de l\u2019hiver froid\" class=\"read-more\" href=\"https:\/\/www.sebastien-auziere.fr\/blog\/en\/fini-le-blazer-brigitte-macron-opte-pour-le-manteau-ultra-chic-lincontournable-de-lhiver-froid\/\" aria-label=\"En savoir plus sur Fini le blazer : Brigitte Macron opte pour le manteau ultra-chic, l\u2019incontournable de l\u2019hiver froid\">Lire plus<\/a><\/p>\n","protected":false},"author":9,"featured_media":0,"comment_status":"open","ping_status":"open","sticky":false,"template":"","format":"standard","meta":{"footnotes":""},"categories":[816],"tags":[898,1796,1799,1802,1805],"class_list":["post-2770","post","type-post","status-publish","format-standard","hentry","category-news","tag-brigitte-macron-en","tag-manteau-chic-en","tag-mode-winter-en","tag-style-elegant-en","tag-tendency-winter-en"],"yoast_head":"<!-- This site is optimized with the Yoast SEO plugin v27.5 - https:\/\/yoast.com\/product\/yoast-seo-wordpress\/ -->\n<title>Fini le blazer : Brigitte Macron opte pour le manteau ultra-chic, l\u2019incontournable de l\u2019hiver froid - Fan site S\u00e9bastien Auzi\u00e8re<\/title>\n<meta name=\"description\" content=\"Fini le blazer : Brigitte Macron choisit le manteau ultra-chic, l&#039;indispensable mode pour affronter l&#039;hiver avec \u00e9l\u00e9gance.\" \/>\n<meta name=\"robots\" content=\"index, follow, max-snippet:-1, max-image-preview:large, max-video-preview:-1\" \/>\n<link rel=\"canonical\" href=\"https:\/\/www.sebastien-auziere.fr\/blog\/en\/fini-le-blazer-brigitte-macron-opte-pour-le-manteau-ultra-chic-lincontournable-de-lhiver-froid\/\" \/>\n<meta property=\"og:locale\" content=\"fr_FR\" \/>\n<meta property=\"og:type\" content=\"article\" \/>\n<meta property=\"og:title\" content=\"Fini le blazer : Brigitte Macron opte pour le manteau ultra-chic, l\u2019incontournable de l\u2019hiver froid - Fan site S\u00e9bastien Auzi\u00e8re\" \/>\n<meta property=\"og:description\" content=\"Fini le blazer : Brigitte Macron choisit le manteau ultra-chic, l&#039;indispensable mode pour affronter l&#039;hiver avec \u00e9l\u00e9gance.\" \/>\n<meta property=\"og:url\" content=\"https:\/\/www.sebastien-auziere.fr\/blog\/en\/fini-le-blazer-brigitte-macron-opte-pour-le-manteau-ultra-chic-lincontournable-de-lhiver-froid\/\" \/>\n<meta property=\"og:site_name\" content=\"Fan site S\u00e9bastien Auzi\u00e8re\" \/>\n<meta property=\"article:published_time\" content=\"2026-04-05T07:07:06+00:00\" \/>\n<meta property=\"article:modified_time\" content=\"2026-04-05T07:07:33+00:00\" \/>\n<meta name=\"author\" content=\"Chloe Gauthier\" \/>\n<meta name=\"twitter:card\" content=\"summary_large_image\" \/>\n<meta name=\"twitter:label1\" content=\"\u00c9crit par\" \/>\n\t<meta name=\"twitter:data1\" content=\"Chloe Gauthier\" \/>\n\t<meta name=\"twitter:label2\" content=\"Dur\u00e9e de lecture estim\u00e9e\" \/>\n\t<meta name=\"twitter:data2\" content=\"2 minutes\" \/>\n<script type=\"application\/ld+json\" class=\"yoast-schema-graph\">{\"@context\":\"https:\\\/\\\/schema.org\",\"@graph\":[{\"@type\":\"Article\",\"@id\":\"https:\\\/\\\/www.sebastien-auziere.fr\\\/blog\\\/en\\\/fini-le-blazer-brigitte-macron-opte-pour-le-manteau-ultra-chic-lincontournable-de-lhiver-froid\\\/#article\",\"isPartOf\":{\"@id\":\"https:\\\/\\\/www.sebastien-auziere.fr\\\/blog\\\/en\\\/fini-le-blazer-brigitte-macron-opte-pour-le-manteau-ultra-chic-lincontournable-de-lhiver-froid\\\/\"},\"author\":{\"name\":\"Chloe Gauthier\",\"@id\":\"https:\\\/\\\/www.sebastien-auziere.fr\\\/blog\\\/#\\\/schema\\\/person\\\/149f1acdbfd85149c6c3e59adeae2f4d\"},\"headline\":\"Fini le blazer : Brigitte Macron opte pour le manteau ultra-chic, l\u2019incontournable de l\u2019hiver froid\",\"datePublished\":\"2026-04-05T07:07:06+00:00\",\"dateModified\":\"2026-04-05T07:07:33+00:00\",\"mainEntityOfPage\":{\"@id\":\"https:\\\/\\\/www.sebastien-auziere.fr\\\/blog\\\/en\\\/fini-le-blazer-brigitte-macron-opte-pour-le-manteau-ultra-chic-lincontournable-de-lhiver-froid\\\/\"},\"wordCount\":459,\"commentCount\":0,\"publisher\":{\"@id\":\"https:\\\/\\\/www.sebastien-auziere.fr\\\/blog\\\/#organization\"},\"keywords\":[\"brigitte macron\",\"manteau chic\",\"mode winter\",\"style elegant\",\"tendency winter\"],\"articleSection\":[\"News\"],\"inLanguage\":\"fr-FR\",\"potentialAction\":[{\"@type\":\"CommentAction\",\"name\":\"Comment\",\"target\":[\"https:\\\/\\\/www.sebastien-auziere.fr\\\/blog\\\/en\\\/fini-le-blazer-brigitte-macron-opte-pour-le-manteau-ultra-chic-lincontournable-de-lhiver-froid\\\/#respond\"]}]},{\"@type\":\"WebPage\",\"@id\":\"https:\\\/\\\/www.sebastien-auziere.fr\\\/blog\\\/en\\\/fini-le-blazer-brigitte-macron-opte-pour-le-manteau-ultra-chic-lincontournable-de-lhiver-froid\\\/\",\"url\":\"https:\\\/\\\/www.sebastien-auziere.fr\\\/blog\\\/en\\\/fini-le-blazer-brigitte-macron-opte-pour-le-manteau-ultra-chic-lincontournable-de-lhiver-froid\\\/\",\"name\":\"Fini le blazer : Brigitte Macron opte pour le manteau ultra-chic, l\u2019incontournable de l\u2019hiver froid - Fan site S\u00e9bastien Auzi\u00e8re\",\"isPartOf\":{\"@id\":\"https:\\\/\\\/www.sebastien-auziere.fr\\\/blog\\\/#website\"},\"datePublished\":\"2026-04-05T07:07:06+00:00\",\"dateModified\":\"2026-04-05T07:07:33+00:00\",\"description\":\"Fini le blazer : Brigitte Macron choisit le manteau ultra-chic, l'indispensable mode pour affronter l'hiver avec \u00e9l\u00e9gance.\",\"breadcrumb\":{\"@id\":\"https:\\\/\\\/www.sebastien-auziere.fr\\\/blog\\\/en\\\/fini-le-blazer-brigitte-macron-opte-pour-le-manteau-ultra-chic-lincontournable-de-lhiver-froid\\\/#breadcrumb\"},\"inLanguage\":\"fr-FR\",\"potentialAction\":[{\"@type\":\"ReadAction\",\"target\":[\"https:\\\/\\\/www.sebastien-auziere.fr\\\/blog\\\/en\\\/fini-le-blazer-brigitte-macron-opte-pour-le-manteau-ultra-chic-lincontournable-de-lhiver-froid\\\/\"]}]},{\"@type\":\"BreadcrumbList\",\"@id\":\"https:\\\/\\\/www.sebastien-auziere.fr\\\/blog\\\/en\\\/fini-le-blazer-brigitte-macron-opte-pour-le-manteau-ultra-chic-lincontournable-de-lhiver-froid\\\/#breadcrumb\",\"itemListElement\":[{\"@type\":\"ListItem\",\"position\":1,\"name\":\"Home\",\"item\":\"https:\\\/\\\/www.sebastien-auziere.fr\\\/blog\\\/\"},{\"@type\":\"ListItem\",\"position\":2,\"name\":\"Fini le blazer : Brigitte Macron opte pour le manteau ultra-chic, l\u2019incontournable de l\u2019hiver froid\"}]},{\"@type\":\"WebSite\",\"@id\":\"https:\\\/\\\/www.sebastien-auziere.fr\\\/blog\\\/#website\",\"url\":\"https:\\\/\\\/www.sebastien-auziere.fr\\\/blog\\\/\",\"name\":\"Fan site S\u00e9bastien Auzi\u00e8re\",\"description\":\"M\u00e9dia g\u00e9n\u00e9raliste\",\"publisher\":{\"@id\":\"https:\\\/\\\/www.sebastien-auziere.fr\\\/blog\\\/#organization\"},\"potentialAction\":[{\"@type\":\"SearchAction\",\"target\":{\"@type\":\"EntryPoint\",\"urlTemplate\":\"https:\\\/\\\/www.sebastien-auziere.fr\\\/blog\\\/?s={search_term_string}\"},\"query-input\":{\"@type\":\"PropertyValueSpecification\",\"valueRequired\":true,\"valueName\":\"search_term_string\"}}],\"inLanguage\":\"fr-FR\"},{\"@type\":\"Organization\",\"@id\":\"https:\\\/\\\/www.sebastien-auziere.fr\\\/blog\\\/#organization\",\"name\":\"Fan site S\u00e9bastien Auzi\u00e8re\",\"url\":\"https:\\\/\\\/www.sebastien-auziere.fr\\\/blog\\\/\",\"logo\":{\"@type\":\"ImageObject\",\"inLanguage\":\"fr-FR\",\"@id\":\"https:\\\/\\\/www.sebastien-auziere.fr\\\/blog\\\/#\\\/schema\\\/logo\\\/image\\\/\",\"url\":\"https:\\\/\\\/www.sebastien-auziere.fr\\\/blog\\\/wp-content\\\/uploads\\\/2026\\\/03\\\/cropped-cropped-cropped-ChatGPT-Image-6-mars-2026-12_58_09-e1772798376794.jpg\",\"contentUrl\":\"https:\\\/\\\/www.sebastien-auziere.fr\\\/blog\\\/wp-content\\\/uploads\\\/2026\\\/03\\\/cropped-cropped-cropped-ChatGPT-Image-6-mars-2026-12_58_09-e1772798376794.jpg\",\"width\":512,\"height\":360,\"caption\":\"Fan site S\u00e9bastien Auzi\u00e8re\"},\"image\":{\"@id\":\"https:\\\/\\\/www.sebastien-auziere.fr\\\/blog\\\/#\\\/schema\\\/logo\\\/image\\\/\"}},{\"@type\":\"Person\",\"@id\":\"https:\\\/\\\/www.sebastien-auziere.fr\\\/blog\\\/#\\\/schema\\\/person\\\/149f1acdbfd85149c6c3e59adeae2f4d\",\"name\":\"Chloe Gauthier\",\"image\":{\"@type\":\"ImageObject\",\"inLanguage\":\"fr-FR\",\"@id\":\"https:\\\/\\\/secure.gravatar.com\\\/avatar\\\/2c5722f58171cff738a8985ef0dd66b476e563753246a49019befc837ec4201a?s=96&d=mm&r=g\",\"url\":\"https:\\\/\\\/secure.gravatar.com\\\/avatar\\\/2c5722f58171cff738a8985ef0dd66b476e563753246a49019befc837ec4201a?s=96&d=mm&r=g\",\"contentUrl\":\"https:\\\/\\\/secure.gravatar.com\\\/avatar\\\/2c5722f58171cff738a8985ef0dd66b476e563753246a49019befc837ec4201a?s=96&d=mm&r=g\",\"caption\":\"Chloe Gauthier\"},\"description\":\"Passionn\u00e9e par la politique et admiratrice engag\u00e9e de la famille Macron, je consacre mon \u00e9nergie \u00e0 suivre leurs initiatives et \u00e0 promouvoir leurs id\u00e9es. \u00c0 32 ans, je suis convaincue que leur vision est porteuse d'avenir.\",\"url\":\"https:\\\/\\\/www.sebastien-auziere.fr\\\/blog\\\/author\\\/chloe-gauthier\\\/\"}]}<\/script>\n<!-- \/ Yoast SEO plugin. -->","yoast_head_json":{"title":"Fini le blazer : Brigitte Macron opte pour le manteau ultra-chic, l\u2019incontournable de l\u2019hiver froid - Fan site S\u00e9bastien Auzi\u00e8re","description":"Fini le blazer : Brigitte Macron choisit le manteau ultra-chic, l'indispensable mode pour affronter l'hiver avec \u00e9l\u00e9gance.","robots":{"index":"index","follow":"follow","max-snippet":"max-snippet:-1","max-image-preview":"max-image-preview:large","max-video-preview":"max-video-preview:-1"},"canonical":"https:\/\/www.sebastien-auziere.fr\/blog\/en\/fini-le-blazer-brigitte-macron-opte-pour-le-manteau-ultra-chic-lincontournable-de-lhiver-froid\/","og_locale":"fr_FR","og_type":"article","og_title":"Fini le blazer : Brigitte Macron opte pour le manteau ultra-chic, l\u2019incontournable de l\u2019hiver froid - Fan site S\u00e9bastien Auzi\u00e8re","og_description":"Fini le blazer : Brigitte Macron choisit le manteau ultra-chic, l'indispensable mode pour affronter l'hiver avec \u00e9l\u00e9gance.","og_url":"https:\/\/www.sebastien-auziere.fr\/blog\/en\/fini-le-blazer-brigitte-macron-opte-pour-le-manteau-ultra-chic-lincontournable-de-lhiver-froid\/","og_site_name":"Fan site S\u00e9bastien Auzi\u00e8re","article_published_time":"2026-04-05T07:07:06+00:00","article_modified_time":"2026-04-05T07:07:33+00:00","author":"Chloe Gauthier","twitter_card":"summary_large_image","twitter_misc":{"\u00c9crit par":"Chloe Gauthier","Dur\u00e9e de lecture estim\u00e9e":"2 minutes"},"schema":{"@context":"https:\/\/schema.org","@graph":[{"@type":"Article","@id":"https:\/\/www.sebastien-auziere.fr\/blog\/en\/fini-le-blazer-brigitte-macron-opte-pour-le-manteau-ultra-chic-lincontournable-de-lhiver-froid\/#article","isPartOf":{"@id":"https:\/\/www.sebastien-auziere.fr\/blog\/en\/fini-le-blazer-brigitte-macron-opte-pour-le-manteau-ultra-chic-lincontournable-de-lhiver-froid\/"},"author":{"name":"Chloe Gauthier","@id":"https:\/\/www.sebastien-auziere.fr\/blog\/#\/schema\/person\/149f1acdbfd85149c6c3e59adeae2f4d"},"headline":"Fini le blazer : Brigitte Macron opte pour le manteau ultra-chic, l\u2019incontournable de l\u2019hiver froid","datePublished":"2026-04-05T07:07:06+00:00","dateModified":"2026-04-05T07:07:33+00:00","mainEntityOfPage":{"@id":"https:\/\/www.sebastien-auziere.fr\/blog\/en\/fini-le-blazer-brigitte-macron-opte-pour-le-manteau-ultra-chic-lincontournable-de-lhiver-froid\/"},"wordCount":459,"commentCount":0,"publisher":{"@id":"https:\/\/www.sebastien-auziere.fr\/blog\/#organization"},"keywords":["brigitte macron","manteau chic","mode winter","style elegant","tendency winter"],"articleSection":["News"],"inLanguage":"fr-FR","potentialAction":[{"@type":"CommentAction","name":"Comment","target":["https:\/\/www.sebastien-auziere.fr\/blog\/en\/fini-le-blazer-brigitte-macron-opte-pour-le-manteau-ultra-chic-lincontournable-de-lhiver-froid\/#respond"]}]},{"@type":"WebPage","@id":"https:\/\/www.sebastien-auziere.fr\/blog\/en\/fini-le-blazer-brigitte-macron-opte-pour-le-manteau-ultra-chic-lincontournable-de-lhiver-froid\/","url":"https:\/\/www.sebastien-auziere.fr\/blog\/en\/fini-le-blazer-brigitte-macron-opte-pour-le-manteau-ultra-chic-lincontournable-de-lhiver-froid\/","name":"Fini le blazer : Brigitte Macron opte pour le manteau ultra-chic, l\u2019incontournable de l\u2019hiver froid - Fan site S\u00e9bastien Auzi\u00e8re","isPartOf":{"@id":"https:\/\/www.sebastien-auziere.fr\/blog\/#website"},"datePublished":"2026-04-05T07:07:06+00:00","dateModified":"2026-04-05T07:07:33+00:00","description":"Fini le blazer : Brigitte Macron choisit le manteau ultra-chic, l'indispensable mode pour affronter l'hiver avec \u00e9l\u00e9gance.","breadcrumb":{"@id":"https:\/\/www.sebastien-auziere.fr\/blog\/en\/fini-le-blazer-brigitte-macron-opte-pour-le-manteau-ultra-chic-lincontournable-de-lhiver-froid\/#breadcrumb"},"inLanguage":"fr-FR","potentialAction":[{"@type":"ReadAction","target":["https:\/\/www.sebastien-auziere.fr\/blog\/en\/fini-le-blazer-brigitte-macron-opte-pour-le-manteau-ultra-chic-lincontournable-de-lhiver-froid\/"]}]},{"@type":"BreadcrumbList","@id":"https:\/\/www.sebastien-auziere.fr\/blog\/en\/fini-le-blazer-brigitte-macron-opte-pour-le-manteau-ultra-chic-lincontournable-de-lhiver-froid\/#breadcrumb","itemListElement":[{"@type":"ListItem","position":1,"name":"Home","item":"https:\/\/www.sebastien-auziere.fr\/blog\/"},{"@type":"ListItem","position":2,"name":"Fini le blazer : Brigitte Macron opte pour le manteau ultra-chic, l\u2019incontournable de l\u2019hiver froid"}]},{"@type":"WebSite","@id":"https:\/\/www.sebastien-auziere.fr\/blog\/#website","url":"https:\/\/www.sebastien-auziere.fr\/blog\/","name":"Fan site S\u00e9bastien Auzi\u00e8re","description":"M\u00e9dia g\u00e9n\u00e9raliste","publisher":{"@id":"https:\/\/www.sebastien-auziere.fr\/blog\/#organization"},"potentialAction":[{"@type":"SearchAction","target":{"@type":"EntryPoint","urlTemplate":"https:\/\/www.sebastien-auziere.fr\/blog\/?s={search_term_string}"},"query-input":{"@type":"PropertyValueSpecification","valueRequired":true,"valueName":"search_term_string"}}],"inLanguage":"fr-FR"},{"@type":"Organization","@id":"https:\/\/www.sebastien-auziere.fr\/blog\/#organization","name":"Fan site S\u00e9bastien Auzi\u00e8re","url":"https:\/\/www.sebastien-auziere.fr\/blog\/","logo":{"@type":"ImageObject","inLanguage":"fr-FR","@id":"https:\/\/www.sebastien-auziere.fr\/blog\/#\/schema\/logo\/image\/","url":"https:\/\/www.sebastien-auziere.fr\/blog\/wp-content\/uploads\/2026\/03\/cropped-cropped-cropped-ChatGPT-Image-6-mars-2026-12_58_09-e1772798376794.jpg","contentUrl":"https:\/\/www.sebastien-auziere.fr\/blog\/wp-content\/uploads\/2026\/03\/cropped-cropped-cropped-ChatGPT-Image-6-mars-2026-12_58_09-e1772798376794.jpg","width":512,"height":360,"caption":"Fan site S\u00e9bastien Auzi\u00e8re"},"image":{"@id":"https:\/\/www.sebastien-auziere.fr\/blog\/#\/schema\/logo\/image\/"}},{"@type":"Person","@id":"https:\/\/www.sebastien-auziere.fr\/blog\/#\/schema\/person\/149f1acdbfd85149c6c3e59adeae2f4d","name":"Chloe Gauthier","image":{"@type":"ImageObject","inLanguage":"fr-FR","@id":"https:\/\/secure.gravatar.com\/avatar\/2c5722f58171cff738a8985ef0dd66b476e563753246a49019befc837ec4201a?s=96&d=mm&r=g","url":"https:\/\/secure.gravatar.com\/avatar\/2c5722f58171cff738a8985ef0dd66b476e563753246a49019befc837ec4201a?s=96&d=mm&r=g","contentUrl":"https:\/\/secure.gravatar.com\/avatar\/2c5722f58171cff738a8985ef0dd66b476e563753246a49019befc837ec4201a?s=96&d=mm&r=g","caption":"Chloe Gauthier"},"description":"Passionn\u00e9e par la politique et admiratrice engag\u00e9e de la famille Macron, je consacre mon \u00e9nergie \u00e0 suivre leurs initiatives et \u00e0 promouvoir leurs id\u00e9es. \u00c0 32 ans, je suis convaincue que leur vision est porteuse d'avenir.","url":"https:\/\/www.sebastien-auziere.fr\/blog\/author\/chloe-gauthier\/"}]}},"views":6,"_links":{"self":[{"href":"https:\/\/www.sebastien-auziere.fr\/blog\/wp-json\/wp\/v2\/posts\/2770","targetHints":{"allow":["GET"]}}],"collection":[{"href":"https:\/\/www.sebastien-auziere.fr\/blog\/wp-json\/wp\/v2\/posts"}],"about":[{"href":"https:\/\/www.sebastien-auziere.fr\/blog\/wp-json\/wp\/v2\/types\/post"}],"author":[{"embeddable":true,"href":"https:\/\/www.sebastien-auziere.fr\/blog\/wp-json\/wp\/v2\/users\/9"}],"replies":[{"embeddable":true,"href":"https:\/\/www.sebastien-auziere.fr\/blog\/wp-json\/wp\/v2\/comments?post=2770"}],"version-history":[{"count":1,"href":"https:\/\/www.sebastien-auziere.fr\/blog\/wp-json\/wp\/v2\/posts\/2770\/revisions"}],"predecessor-version":[{"id":2771,"href":"https:\/\/www.sebastien-auziere.fr\/blog\/wp-json\/wp\/v2\/posts\/2770\/revisions\/2771"}],"wp:attachment":[{"href":"https:\/\/www.sebastien-auziere.fr\/blog\/wp-json\/wp\/v2\/media?parent=2770"}],"wp:term":[{"taxonomy":"category","embeddable":true,"href":"https:\/\/www.sebastien-auziere.fr\/blog\/wp-json\/wp\/v2\/categories?post=2770"},{"taxonomy":"post_tag","embeddable":true,"href":"https:\/\/www.sebastien-auziere.fr\/blog\/wp-json\/wp\/v2\/tags?post=2770"}],"curies":[{"name":"wp","href":"https:\/\/api.w.org\/{rel}","templated":true}]}}