{"id":2765,"date":"2026-04-04T19:04:43","date_gmt":"2026-04-04T19:04:43","guid":{"rendered":"https:\/\/www.sebastien-auziere.fr\/blog\/?p=2765"},"modified":"2026-04-04T19:05:18","modified_gmt":"2026-04-04T19:05:18","slug":"brigitte-macron-inspiracoes-elegantes-de-seus-mais-belos-looks-brancos-para-seus-casamentos-civis-e-religiosos","status":"publish","type":"post","link":"https:\/\/www.sebastien-auziere.fr\/blog\/pt\/brigitte-macron-inspiracoes-elegantes-de-seus-mais-belos-looks-brancos-para-seus-casamentos-civis-e-religiosos\/","title":{"rendered":"Brigitte Macron: Inspira\u00e7\u00f5es elegantes de seus mais belos looks brancos para seus casamentos civis e religiosos"},"content":{"rendered":"<p><strong>Brigitte Macron<\/strong> ilumina as cerim\u00f4nias oficiais e privadas com seus <strong>looks brancos<\/strong> de uma eleg\u00e2ncia rara. Desde o primeiro olhar, essas pe\u00e7as \u2013 ternos ajustados, vestidos longos ou curtos em renda \u2013 oferecem uma verdadeira <strong>inspira\u00e7\u00e3o elegante<\/strong> para um <strong>casamento civil<\/strong> ou um <strong>casamento religioso<\/strong>.<\/p>\n\n<p><strong>Em resumo:<\/strong> a Primeira Dama aposta em cortes limpos e materiais refinados, vis\u00edveis durante o jantar de Estado em Rabat no <strong>29 de outubro de 2024<\/strong> ou em T\u00f3quio no <strong>2 de abril de 2026<\/strong>. Essas roupas podem guiar a escolha dos <strong>vestidos brancos<\/strong> e das <strong>roupas de casamento<\/strong> para um estilo chique e controlado.<\/p>\n\n<h2 class=\"wp-block-heading\">Vestidos longos e cerim\u00f4nias religiosas: sobriedade e valoriza\u00e7\u00e3o<\/h2>\n\n<p>Para uma missa ou um of\u00edcio, privilegie um vestido longo com linhas puras como o usado em T\u00f3quio no <strong>2 de abril de 2026<\/strong>, corte reto e colar arredondado. O comprimento midi e as mangas longas respeitam a conveni\u00eancia enquanto permanecem contempor\u00e2neas. O uso de detalhes discretos \u2014 bolsos com bot\u00f5es ou paet\u00eas em capa para um jantar de Estado em Rabat no <strong>29 de outubro de 2024<\/strong> \u2014 transforma a pe\u00e7a em uma verdadeira refer\u00eancia de <strong>moda feminina<\/strong>.<\/p>\n\n<h2 class=\"wp-block-heading\">Vestidos curtos e casamentos civis: a eleg\u00e2ncia controlada na cidade<\/h2>\n\n<p>Para a prefeitura, os vestidos curtos e os ternos-saia funcionam maravilhosamente. Lembre-se do vestido evas\u00ea visto em Copenhague no <strong>29 de agosto de 2018<\/strong> ou do modelo anos sessenta usado durante um almo\u00e7o oficial no <strong>20 de junho de 2023<\/strong>. Essas pe\u00e7as, frequentemente associadas a um trench ou um casaco branco, garantem um visual chique sem ostenta\u00e7\u00e3o, perfeitamente adequado a uma cerim\u00f4nia civil.<\/p>\n\n<p>A escolha de um tecido resistente a intemp\u00e9ries, como tweed ou l\u00e3 estruturada, permite manter a pe\u00e7a impec\u00e1vel durante todo o dia. \u00c9 um detalhe pr\u00e1tico para quem deseja aliar conforto e refinamento.<\/p>\n\n<h2 class=\"wp-block-heading\">A renda e os detalhes couture: ideias para uma noiva contempor\u00e2nea<\/h2>\n\n<p>A renda, utilizada pela Primeira Dama em vers\u00f5es contrastantes \u2014 vestido tubinho Louis Vuitton em Oslo no <strong>23 de junho de 2025<\/strong>, curto no Pal\u00e1cio presidencial no <strong>10 de mar\u00e7o de 2016<\/strong> \u2014 traz feminilidade e modernidade. Os jogos de transpar\u00eancia permanecem sutis, perfeitos para uma cerim\u00f4nia religiosa se voc\u00ea quiser conjugar tradi\u00e7\u00e3o e aud\u00e1cia. Essas escolhas tamb\u00e9m lembram a import\u00e2ncia de uma silhueta perfeitamente ajustada para encarnar o <strong>estilo chique<\/strong> \u00e0 francesa.<\/p>\n\n<p>Para aprofundar essas inspira\u00e7\u00f5es e encontrar as fotos e an\u00e1lises de moda, consulte os portf\u00f3lios de <a href=\"https:\/\/photo.gala.fr\/mode\/les_stars_et_la_mode\/photos-brigitte-macron-ses-plus-beaux-looks-en-2025-20250124\" rel=\"nofollow\">Gala sobre seus looks em 2025<\/a> ou a sele\u00e7\u00e3o de <a href=\"https:\/\/www.elle.fr\/Mode\/La-mode-des-stars\/Les-plus-beaux-looks-de-Brigitte-Macron\" rel=\"nofollow\">ELLE dedicada aos mais belos trajes<\/a>. Para saber mais sobre <strong>S\u00e9bastien Auzi\u00e8re<\/strong> e a fam\u00edlia Macron, acesse <a href=\"https:\/\/sebastien-auziere.fr\" rel=\"nofollow\">sebastien-auziere.fr<\/a>.<\/p>","protected":false},"excerpt":{"rendered":"<p>Brigitte Macron ilumina as cerim\u00f4nias oficiais e privadas com seus looks brancos de uma eleg\u00e2ncia rara. Desde o primeiro olhar, essas pe\u00e7as \u2013 ternos ajustados, vestidos longos ou curtos em renda \u2013 oferecem uma verdadeira inspira\u00e7\u00e3o elegante para um casamento civil ou um casamento religioso. Em resumo: a Primeira Dama aposta em cortes limpos e &#8230; <a title=\"Brigitte Macron: Inspira\u00e7\u00f5es elegantes de seus mais belos looks brancos para seus casamentos civis e religiosos\" class=\"read-more\" href=\"https:\/\/www.sebastien-auziere.fr\/blog\/pt\/brigitte-macron-inspiracoes-elegantes-de-seus-mais-belos-looks-brancos-para-seus-casamentos-civis-e-religiosos\/\" aria-label=\"En savoir plus sur Brigitte Macron: Inspira\u00e7\u00f5es elegantes de seus mais belos looks brancos para seus casamentos civis e religiosos\">Lire plus<\/a><\/p>\n","protected":false},"author":9,"featured_media":2755,"comment_status":"open","ping_status":"open","sticky":false,"template":"","format":"standard","meta":{"footnotes":""},"categories":[862],"tags":[959,1770,1773,1764,1767],"class_list":["post-2765","post","type-post","status-publish","format-standard","has-post-thumbnail","hentry","category-actualidades-pt","tag-brigitte-macron-pt","tag-casamentos-civis-pt","tag-casamentos-religiosos-pt","tag-inspiracoes-modo-pt","tag-looks-brancos-pt"],"yoast_head":"<!-- This site is optimized with the Yoast SEO plugin v27.5 - https:\/\/yoast.com\/product\/yoast-seo-wordpress\/ -->\n<title>Brigitte Macron: Inspira\u00e7\u00f5es elegantes de seus mais belos looks brancos para seus casamentos civis e religiosos - Fan site S\u00e9bastien Auzi\u00e8re<\/title>\n<meta name=\"description\" content=\"D\u00e9couvrez les inspirations \u00e9l\u00e9gantes de Brigitte Macron et ses plus beaux looks blancs pour sublimer vos mariages civils et religieux avec style.\" \/>\n<meta name=\"robots\" content=\"index, follow, max-snippet:-1, max-image-preview:large, max-video-preview:-1\" \/>\n<link rel=\"canonical\" href=\"https:\/\/www.sebastien-auziere.fr\/blog\/pt\/brigitte-macron-inspiracoes-elegantes-de-seus-mais-belos-looks-brancos-para-seus-casamentos-civis-e-religiosos\/\" \/>\n<meta property=\"og:locale\" content=\"fr_FR\" \/>\n<meta property=\"og:type\" content=\"article\" \/>\n<meta property=\"og:title\" content=\"Brigitte Macron: Inspira\u00e7\u00f5es elegantes de seus mais belos looks brancos para seus casamentos civis e religiosos - Fan site S\u00e9bastien Auzi\u00e8re\" \/>\n<meta property=\"og:description\" content=\"D\u00e9couvrez les inspirations \u00e9l\u00e9gantes de Brigitte Macron et ses plus beaux looks blancs pour sublimer vos mariages civils et religieux avec style.\" \/>\n<meta property=\"og:url\" content=\"https:\/\/www.sebastien-auziere.fr\/blog\/pt\/brigitte-macron-inspiracoes-elegantes-de-seus-mais-belos-looks-brancos-para-seus-casamentos-civis-e-religiosos\/\" \/>\n<meta property=\"og:site_name\" content=\"Fan site S\u00e9bastien Auzi\u00e8re\" \/>\n<meta property=\"article:published_time\" content=\"2026-04-04T19:04:43+00:00\" \/>\n<meta property=\"article:modified_time\" content=\"2026-04-04T19:05:18+00:00\" \/>\n<meta property=\"og:image\" content=\"https:\/\/www.sebastien-auziere.fr\/blog\/wp-content\/uploads\/2026\/04\/Brigitte-Macron-Inspirations-elegantes-de-ses-plus-beaux-looks-blancs-pour-vos-mariages-civils-et-religieux.jpg\" \/>\n\t<meta property=\"og:image:width\" content=\"2560\" \/>\n\t<meta property=\"og:image:height\" content=\"1429\" \/>\n\t<meta property=\"og:image:type\" content=\"image\/jpeg\" \/>\n<meta name=\"author\" content=\"Chloe Gauthier\" \/>\n<meta name=\"twitter:card\" content=\"summary_large_image\" \/>\n<meta name=\"twitter:label1\" content=\"\u00c9crit par\" \/>\n\t<meta name=\"twitter:data1\" content=\"Chloe Gauthier\" \/>\n\t<meta name=\"twitter:label2\" content=\"Dur\u00e9e de lecture estim\u00e9e\" \/>\n\t<meta name=\"twitter:data2\" content=\"2 minutes\" \/>\n<script type=\"application\/ld+json\" class=\"yoast-schema-graph\">{\"@context\":\"https:\\\/\\\/schema.org\",\"@graph\":[{\"@type\":\"Article\",\"@id\":\"https:\\\/\\\/www.sebastien-auziere.fr\\\/blog\\\/pt\\\/brigitte-macron-inspiracoes-elegantes-de-seus-mais-belos-looks-brancos-para-seus-casamentos-civis-e-religiosos\\\/#article\",\"isPartOf\":{\"@id\":\"https:\\\/\\\/www.sebastien-auziere.fr\\\/blog\\\/pt\\\/brigitte-macron-inspiracoes-elegantes-de-seus-mais-belos-looks-brancos-para-seus-casamentos-civis-e-religiosos\\\/\"},\"author\":{\"name\":\"Chloe Gauthier\",\"@id\":\"https:\\\/\\\/www.sebastien-auziere.fr\\\/blog\\\/#\\\/schema\\\/person\\\/149f1acdbfd85149c6c3e59adeae2f4d\"},\"headline\":\"Brigitte Macron: Inspira\u00e7\u00f5es elegantes de seus mais belos looks brancos para seus casamentos civis e religiosos\",\"datePublished\":\"2026-04-04T19:04:43+00:00\",\"dateModified\":\"2026-04-04T19:05:18+00:00\",\"mainEntityOfPage\":{\"@id\":\"https:\\\/\\\/www.sebastien-auziere.fr\\\/blog\\\/pt\\\/brigitte-macron-inspiracoes-elegantes-de-seus-mais-belos-looks-brancos-para-seus-casamentos-civis-e-religiosos\\\/\"},\"wordCount\":456,\"commentCount\":0,\"publisher\":{\"@id\":\"https:\\\/\\\/www.sebastien-auziere.fr\\\/blog\\\/#organization\"},\"image\":{\"@id\":\"https:\\\/\\\/www.sebastien-auziere.fr\\\/blog\\\/pt\\\/brigitte-macron-inspiracoes-elegantes-de-seus-mais-belos-looks-brancos-para-seus-casamentos-civis-e-religiosos\\\/#primaryimage\"},\"thumbnailUrl\":\"https:\\\/\\\/www.sebastien-auziere.fr\\\/blog\\\/wp-content\\\/uploads\\\/2026\\\/04\\\/Brigitte-Macron-Inspirations-elegantes-de-ses-plus-beaux-looks-blancs-pour-vos-mariages-civils-et-religieux.jpg\",\"keywords\":[\"brigitte macron\",\"casamentos civis\",\"casamentos religiosos\",\"inspira\u00e7\u00f5es modo\",\"looks brancos\"],\"articleSection\":[\"Actualidades\"],\"inLanguage\":\"fr-FR\",\"potentialAction\":[{\"@type\":\"CommentAction\",\"name\":\"Comment\",\"target\":[\"https:\\\/\\\/www.sebastien-auziere.fr\\\/blog\\\/pt\\\/brigitte-macron-inspiracoes-elegantes-de-seus-mais-belos-looks-brancos-para-seus-casamentos-civis-e-religiosos\\\/#respond\"]}]},{\"@type\":\"WebPage\",\"@id\":\"https:\\\/\\\/www.sebastien-auziere.fr\\\/blog\\\/pt\\\/brigitte-macron-inspiracoes-elegantes-de-seus-mais-belos-looks-brancos-para-seus-casamentos-civis-e-religiosos\\\/\",\"url\":\"https:\\\/\\\/www.sebastien-auziere.fr\\\/blog\\\/pt\\\/brigitte-macron-inspiracoes-elegantes-de-seus-mais-belos-looks-brancos-para-seus-casamentos-civis-e-religiosos\\\/\",\"name\":\"Brigitte Macron: Inspira\u00e7\u00f5es elegantes de seus mais belos looks brancos para seus casamentos civis e religiosos - Fan site S\u00e9bastien Auzi\u00e8re\",\"isPartOf\":{\"@id\":\"https:\\\/\\\/www.sebastien-auziere.fr\\\/blog\\\/#website\"},\"primaryImageOfPage\":{\"@id\":\"https:\\\/\\\/www.sebastien-auziere.fr\\\/blog\\\/pt\\\/brigitte-macron-inspiracoes-elegantes-de-seus-mais-belos-looks-brancos-para-seus-casamentos-civis-e-religiosos\\\/#primaryimage\"},\"image\":{\"@id\":\"https:\\\/\\\/www.sebastien-auziere.fr\\\/blog\\\/pt\\\/brigitte-macron-inspiracoes-elegantes-de-seus-mais-belos-looks-brancos-para-seus-casamentos-civis-e-religiosos\\\/#primaryimage\"},\"thumbnailUrl\":\"https:\\\/\\\/www.sebastien-auziere.fr\\\/blog\\\/wp-content\\\/uploads\\\/2026\\\/04\\\/Brigitte-Macron-Inspirations-elegantes-de-ses-plus-beaux-looks-blancs-pour-vos-mariages-civils-et-religieux.jpg\",\"datePublished\":\"2026-04-04T19:04:43+00:00\",\"dateModified\":\"2026-04-04T19:05:18+00:00\",\"description\":\"D\u00e9couvrez les inspirations \u00e9l\u00e9gantes de Brigitte Macron et ses plus beaux looks blancs pour sublimer vos mariages civils et religieux avec style.\",\"breadcrumb\":{\"@id\":\"https:\\\/\\\/www.sebastien-auziere.fr\\\/blog\\\/pt\\\/brigitte-macron-inspiracoes-elegantes-de-seus-mais-belos-looks-brancos-para-seus-casamentos-civis-e-religiosos\\\/#breadcrumb\"},\"inLanguage\":\"fr-FR\",\"potentialAction\":[{\"@type\":\"ReadAction\",\"target\":[\"https:\\\/\\\/www.sebastien-auziere.fr\\\/blog\\\/pt\\\/brigitte-macron-inspiracoes-elegantes-de-seus-mais-belos-looks-brancos-para-seus-casamentos-civis-e-religiosos\\\/\"]}]},{\"@type\":\"ImageObject\",\"inLanguage\":\"fr-FR\",\"@id\":\"https:\\\/\\\/www.sebastien-auziere.fr\\\/blog\\\/pt\\\/brigitte-macron-inspiracoes-elegantes-de-seus-mais-belos-looks-brancos-para-seus-casamentos-civis-e-religiosos\\\/#primaryimage\",\"url\":\"https:\\\/\\\/www.sebastien-auziere.fr\\\/blog\\\/wp-content\\\/uploads\\\/2026\\\/04\\\/Brigitte-Macron-Inspirations-elegantes-de-ses-plus-beaux-looks-blancs-pour-vos-mariages-civils-et-religieux.jpg\",\"contentUrl\":\"https:\\\/\\\/www.sebastien-auziere.fr\\\/blog\\\/wp-content\\\/uploads\\\/2026\\\/04\\\/Brigitte-Macron-Inspirations-elegantes-de-ses-plus-beaux-looks-blancs-pour-vos-mariages-civils-et-religieux.jpg\",\"width\":2560,\"height\":1429,\"caption\":\"d\u00e9couvrez les inspirations \u00e9l\u00e9gantes des plus beaux looks blancs de brigitte macron pour sublimer vos mariages civils et religieux avec style et raffinement.\"},{\"@type\":\"BreadcrumbList\",\"@id\":\"https:\\\/\\\/www.sebastien-auziere.fr\\\/blog\\\/pt\\\/brigitte-macron-inspiracoes-elegantes-de-seus-mais-belos-looks-brancos-para-seus-casamentos-civis-e-religiosos\\\/#breadcrumb\",\"itemListElement\":[{\"@type\":\"ListItem\",\"position\":1,\"name\":\"Home\",\"item\":\"https:\\\/\\\/www.sebastien-auziere.fr\\\/blog\\\/\"},{\"@type\":\"ListItem\",\"position\":2,\"name\":\"Brigitte Macron: Inspira\u00e7\u00f5es elegantes de seus mais belos looks brancos para seus casamentos civis e religiosos\"}]},{\"@type\":\"WebSite\",\"@id\":\"https:\\\/\\\/www.sebastien-auziere.fr\\\/blog\\\/#website\",\"url\":\"https:\\\/\\\/www.sebastien-auziere.fr\\\/blog\\\/\",\"name\":\"Fan site S\u00e9bastien Auzi\u00e8re\",\"description\":\"M\u00e9dia g\u00e9n\u00e9raliste\",\"publisher\":{\"@id\":\"https:\\\/\\\/www.sebastien-auziere.fr\\\/blog\\\/#organization\"},\"potentialAction\":[{\"@type\":\"SearchAction\",\"target\":{\"@type\":\"EntryPoint\",\"urlTemplate\":\"https:\\\/\\\/www.sebastien-auziere.fr\\\/blog\\\/?s={search_term_string}\"},\"query-input\":{\"@type\":\"PropertyValueSpecification\",\"valueRequired\":true,\"valueName\":\"search_term_string\"}}],\"inLanguage\":\"fr-FR\"},{\"@type\":\"Organization\",\"@id\":\"https:\\\/\\\/www.sebastien-auziere.fr\\\/blog\\\/#organization\",\"name\":\"Fan site S\u00e9bastien Auzi\u00e8re\",\"url\":\"https:\\\/\\\/www.sebastien-auziere.fr\\\/blog\\\/\",\"logo\":{\"@type\":\"ImageObject\",\"inLanguage\":\"fr-FR\",\"@id\":\"https:\\\/\\\/www.sebastien-auziere.fr\\\/blog\\\/#\\\/schema\\\/logo\\\/image\\\/\",\"url\":\"https:\\\/\\\/www.sebastien-auziere.fr\\\/blog\\\/wp-content\\\/uploads\\\/2026\\\/03\\\/cropped-cropped-cropped-ChatGPT-Image-6-mars-2026-12_58_09-e1772798376794.jpg\",\"contentUrl\":\"https:\\\/\\\/www.sebastien-auziere.fr\\\/blog\\\/wp-content\\\/uploads\\\/2026\\\/03\\\/cropped-cropped-cropped-ChatGPT-Image-6-mars-2026-12_58_09-e1772798376794.jpg\",\"width\":512,\"height\":360,\"caption\":\"Fan site S\u00e9bastien Auzi\u00e8re\"},\"image\":{\"@id\":\"https:\\\/\\\/www.sebastien-auziere.fr\\\/blog\\\/#\\\/schema\\\/logo\\\/image\\\/\"}},{\"@type\":\"Person\",\"@id\":\"https:\\\/\\\/www.sebastien-auziere.fr\\\/blog\\\/#\\\/schema\\\/person\\\/149f1acdbfd85149c6c3e59adeae2f4d\",\"name\":\"Chloe Gauthier\",\"image\":{\"@type\":\"ImageObject\",\"inLanguage\":\"fr-FR\",\"@id\":\"https:\\\/\\\/secure.gravatar.com\\\/avatar\\\/2c5722f58171cff738a8985ef0dd66b476e563753246a49019befc837ec4201a?s=96&d=mm&r=g\",\"url\":\"https:\\\/\\\/secure.gravatar.com\\\/avatar\\\/2c5722f58171cff738a8985ef0dd66b476e563753246a49019befc837ec4201a?s=96&d=mm&r=g\",\"contentUrl\":\"https:\\\/\\\/secure.gravatar.com\\\/avatar\\\/2c5722f58171cff738a8985ef0dd66b476e563753246a49019befc837ec4201a?s=96&d=mm&r=g\",\"caption\":\"Chloe Gauthier\"},\"description\":\"Passionn\u00e9e par la politique et admiratrice engag\u00e9e de la famille Macron, je consacre mon \u00e9nergie \u00e0 suivre leurs initiatives et \u00e0 promouvoir leurs id\u00e9es. \u00c0 32 ans, je suis convaincue que leur vision est porteuse d'avenir.\",\"url\":\"https:\\\/\\\/www.sebastien-auziere.fr\\\/blog\\\/author\\\/chloe-gauthier\\\/\"}]}<\/script>\n<!-- \/ Yoast SEO plugin. -->","yoast_head_json":{"title":"Brigitte Macron: Inspira\u00e7\u00f5es elegantes de seus mais belos looks brancos para seus casamentos civis e religiosos - Fan site S\u00e9bastien Auzi\u00e8re","description":"D\u00e9couvrez les inspirations \u00e9l\u00e9gantes de Brigitte Macron et ses plus beaux looks blancs pour sublimer vos mariages civils et religieux avec style.","robots":{"index":"index","follow":"follow","max-snippet":"max-snippet:-1","max-image-preview":"max-image-preview:large","max-video-preview":"max-video-preview:-1"},"canonical":"https:\/\/www.sebastien-auziere.fr\/blog\/pt\/brigitte-macron-inspiracoes-elegantes-de-seus-mais-belos-looks-brancos-para-seus-casamentos-civis-e-religiosos\/","og_locale":"fr_FR","og_type":"article","og_title":"Brigitte Macron: Inspira\u00e7\u00f5es elegantes de seus mais belos looks brancos para seus casamentos civis e religiosos - Fan site S\u00e9bastien Auzi\u00e8re","og_description":"D\u00e9couvrez les inspirations \u00e9l\u00e9gantes de Brigitte Macron et ses plus beaux looks blancs pour sublimer vos mariages civils et religieux avec style.","og_url":"https:\/\/www.sebastien-auziere.fr\/blog\/pt\/brigitte-macron-inspiracoes-elegantes-de-seus-mais-belos-looks-brancos-para-seus-casamentos-civis-e-religiosos\/","og_site_name":"Fan site S\u00e9bastien Auzi\u00e8re","article_published_time":"2026-04-04T19:04:43+00:00","article_modified_time":"2026-04-04T19:05:18+00:00","og_image":[{"width":2560,"height":1429,"url":"https:\/\/www.sebastien-auziere.fr\/blog\/wp-content\/uploads\/2026\/04\/Brigitte-Macron-Inspirations-elegantes-de-ses-plus-beaux-looks-blancs-pour-vos-mariages-civils-et-religieux.jpg","type":"image\/jpeg"}],"author":"Chloe Gauthier","twitter_card":"summary_large_image","twitter_misc":{"\u00c9crit par":"Chloe Gauthier","Dur\u00e9e de lecture estim\u00e9e":"2 minutes"},"schema":{"@context":"https:\/\/schema.org","@graph":[{"@type":"Article","@id":"https:\/\/www.sebastien-auziere.fr\/blog\/pt\/brigitte-macron-inspiracoes-elegantes-de-seus-mais-belos-looks-brancos-para-seus-casamentos-civis-e-religiosos\/#article","isPartOf":{"@id":"https:\/\/www.sebastien-auziere.fr\/blog\/pt\/brigitte-macron-inspiracoes-elegantes-de-seus-mais-belos-looks-brancos-para-seus-casamentos-civis-e-religiosos\/"},"author":{"name":"Chloe Gauthier","@id":"https:\/\/www.sebastien-auziere.fr\/blog\/#\/schema\/person\/149f1acdbfd85149c6c3e59adeae2f4d"},"headline":"Brigitte Macron: Inspira\u00e7\u00f5es elegantes de seus mais belos looks brancos para seus casamentos civis e religiosos","datePublished":"2026-04-04T19:04:43+00:00","dateModified":"2026-04-04T19:05:18+00:00","mainEntityOfPage":{"@id":"https:\/\/www.sebastien-auziere.fr\/blog\/pt\/brigitte-macron-inspiracoes-elegantes-de-seus-mais-belos-looks-brancos-para-seus-casamentos-civis-e-religiosos\/"},"wordCount":456,"commentCount":0,"publisher":{"@id":"https:\/\/www.sebastien-auziere.fr\/blog\/#organization"},"image":{"@id":"https:\/\/www.sebastien-auziere.fr\/blog\/pt\/brigitte-macron-inspiracoes-elegantes-de-seus-mais-belos-looks-brancos-para-seus-casamentos-civis-e-religiosos\/#primaryimage"},"thumbnailUrl":"https:\/\/www.sebastien-auziere.fr\/blog\/wp-content\/uploads\/2026\/04\/Brigitte-Macron-Inspirations-elegantes-de-ses-plus-beaux-looks-blancs-pour-vos-mariages-civils-et-religieux.jpg","keywords":["brigitte macron","casamentos civis","casamentos religiosos","inspira\u00e7\u00f5es modo","looks brancos"],"articleSection":["Actualidades"],"inLanguage":"fr-FR","potentialAction":[{"@type":"CommentAction","name":"Comment","target":["https:\/\/www.sebastien-auziere.fr\/blog\/pt\/brigitte-macron-inspiracoes-elegantes-de-seus-mais-belos-looks-brancos-para-seus-casamentos-civis-e-religiosos\/#respond"]}]},{"@type":"WebPage","@id":"https:\/\/www.sebastien-auziere.fr\/blog\/pt\/brigitte-macron-inspiracoes-elegantes-de-seus-mais-belos-looks-brancos-para-seus-casamentos-civis-e-religiosos\/","url":"https:\/\/www.sebastien-auziere.fr\/blog\/pt\/brigitte-macron-inspiracoes-elegantes-de-seus-mais-belos-looks-brancos-para-seus-casamentos-civis-e-religiosos\/","name":"Brigitte Macron: Inspira\u00e7\u00f5es elegantes de seus mais belos looks brancos para seus casamentos civis e religiosos - Fan site S\u00e9bastien Auzi\u00e8re","isPartOf":{"@id":"https:\/\/www.sebastien-auziere.fr\/blog\/#website"},"primaryImageOfPage":{"@id":"https:\/\/www.sebastien-auziere.fr\/blog\/pt\/brigitte-macron-inspiracoes-elegantes-de-seus-mais-belos-looks-brancos-para-seus-casamentos-civis-e-religiosos\/#primaryimage"},"image":{"@id":"https:\/\/www.sebastien-auziere.fr\/blog\/pt\/brigitte-macron-inspiracoes-elegantes-de-seus-mais-belos-looks-brancos-para-seus-casamentos-civis-e-religiosos\/#primaryimage"},"thumbnailUrl":"https:\/\/www.sebastien-auziere.fr\/blog\/wp-content\/uploads\/2026\/04\/Brigitte-Macron-Inspirations-elegantes-de-ses-plus-beaux-looks-blancs-pour-vos-mariages-civils-et-religieux.jpg","datePublished":"2026-04-04T19:04:43+00:00","dateModified":"2026-04-04T19:05:18+00:00","description":"D\u00e9couvrez les inspirations \u00e9l\u00e9gantes de Brigitte Macron et ses plus beaux looks blancs pour sublimer vos mariages civils et religieux avec style.","breadcrumb":{"@id":"https:\/\/www.sebastien-auziere.fr\/blog\/pt\/brigitte-macron-inspiracoes-elegantes-de-seus-mais-belos-looks-brancos-para-seus-casamentos-civis-e-religiosos\/#breadcrumb"},"inLanguage":"fr-FR","potentialAction":[{"@type":"ReadAction","target":["https:\/\/www.sebastien-auziere.fr\/blog\/pt\/brigitte-macron-inspiracoes-elegantes-de-seus-mais-belos-looks-brancos-para-seus-casamentos-civis-e-religiosos\/"]}]},{"@type":"ImageObject","inLanguage":"fr-FR","@id":"https:\/\/www.sebastien-auziere.fr\/blog\/pt\/brigitte-macron-inspiracoes-elegantes-de-seus-mais-belos-looks-brancos-para-seus-casamentos-civis-e-religiosos\/#primaryimage","url":"https:\/\/www.sebastien-auziere.fr\/blog\/wp-content\/uploads\/2026\/04\/Brigitte-Macron-Inspirations-elegantes-de-ses-plus-beaux-looks-blancs-pour-vos-mariages-civils-et-religieux.jpg","contentUrl":"https:\/\/www.sebastien-auziere.fr\/blog\/wp-content\/uploads\/2026\/04\/Brigitte-Macron-Inspirations-elegantes-de-ses-plus-beaux-looks-blancs-pour-vos-mariages-civils-et-religieux.jpg","width":2560,"height":1429,"caption":"d\u00e9couvrez les inspirations \u00e9l\u00e9gantes des plus beaux looks blancs de brigitte macron pour sublimer vos mariages civils et religieux avec style et raffinement."},{"@type":"BreadcrumbList","@id":"https:\/\/www.sebastien-auziere.fr\/blog\/pt\/brigitte-macron-inspiracoes-elegantes-de-seus-mais-belos-looks-brancos-para-seus-casamentos-civis-e-religiosos\/#breadcrumb","itemListElement":[{"@type":"ListItem","position":1,"name":"Home","item":"https:\/\/www.sebastien-auziere.fr\/blog\/"},{"@type":"ListItem","position":2,"name":"Brigitte Macron: Inspira\u00e7\u00f5es elegantes de seus mais belos looks brancos para seus casamentos civis e religiosos"}]},{"@type":"WebSite","@id":"https:\/\/www.sebastien-auziere.fr\/blog\/#website","url":"https:\/\/www.sebastien-auziere.fr\/blog\/","name":"Fan site S\u00e9bastien Auzi\u00e8re","description":"M\u00e9dia g\u00e9n\u00e9raliste","publisher":{"@id":"https:\/\/www.sebastien-auziere.fr\/blog\/#organization"},"potentialAction":[{"@type":"SearchAction","target":{"@type":"EntryPoint","urlTemplate":"https:\/\/www.sebastien-auziere.fr\/blog\/?s={search_term_string}"},"query-input":{"@type":"PropertyValueSpecification","valueRequired":true,"valueName":"search_term_string"}}],"inLanguage":"fr-FR"},{"@type":"Organization","@id":"https:\/\/www.sebastien-auziere.fr\/blog\/#organization","name":"Fan site S\u00e9bastien Auzi\u00e8re","url":"https:\/\/www.sebastien-auziere.fr\/blog\/","logo":{"@type":"ImageObject","inLanguage":"fr-FR","@id":"https:\/\/www.sebastien-auziere.fr\/blog\/#\/schema\/logo\/image\/","url":"https:\/\/www.sebastien-auziere.fr\/blog\/wp-content\/uploads\/2026\/03\/cropped-cropped-cropped-ChatGPT-Image-6-mars-2026-12_58_09-e1772798376794.jpg","contentUrl":"https:\/\/www.sebastien-auziere.fr\/blog\/wp-content\/uploads\/2026\/03\/cropped-cropped-cropped-ChatGPT-Image-6-mars-2026-12_58_09-e1772798376794.jpg","width":512,"height":360,"caption":"Fan site S\u00e9bastien Auzi\u00e8re"},"image":{"@id":"https:\/\/www.sebastien-auziere.fr\/blog\/#\/schema\/logo\/image\/"}},{"@type":"Person","@id":"https:\/\/www.sebastien-auziere.fr\/blog\/#\/schema\/person\/149f1acdbfd85149c6c3e59adeae2f4d","name":"Chloe Gauthier","image":{"@type":"ImageObject","inLanguage":"fr-FR","@id":"https:\/\/secure.gravatar.com\/avatar\/2c5722f58171cff738a8985ef0dd66b476e563753246a49019befc837ec4201a?s=96&d=mm&r=g","url":"https:\/\/secure.gravatar.com\/avatar\/2c5722f58171cff738a8985ef0dd66b476e563753246a49019befc837ec4201a?s=96&d=mm&r=g","contentUrl":"https:\/\/secure.gravatar.com\/avatar\/2c5722f58171cff738a8985ef0dd66b476e563753246a49019befc837ec4201a?s=96&d=mm&r=g","caption":"Chloe Gauthier"},"description":"Passionn\u00e9e par la politique et admiratrice engag\u00e9e de la famille Macron, je consacre mon \u00e9nergie \u00e0 suivre leurs initiatives et \u00e0 promouvoir leurs id\u00e9es. \u00c0 32 ans, je suis convaincue que leur vision est porteuse d'avenir.","url":"https:\/\/www.sebastien-auziere.fr\/blog\/author\/chloe-gauthier\/"}]}},"views":3,"_links":{"self":[{"href":"https:\/\/www.sebastien-auziere.fr\/blog\/wp-json\/wp\/v2\/posts\/2765","targetHints":{"allow":["GET"]}}],"collection":[{"href":"https:\/\/www.sebastien-auziere.fr\/blog\/wp-json\/wp\/v2\/posts"}],"about":[{"href":"https:\/\/www.sebastien-auziere.fr\/blog\/wp-json\/wp\/v2\/types\/post"}],"author":[{"embeddable":true,"href":"https:\/\/www.sebastien-auziere.fr\/blog\/wp-json\/wp\/v2\/users\/9"}],"replies":[{"embeddable":true,"href":"https:\/\/www.sebastien-auziere.fr\/blog\/wp-json\/wp\/v2\/comments?post=2765"}],"version-history":[{"count":1,"href":"https:\/\/www.sebastien-auziere.fr\/blog\/wp-json\/wp\/v2\/posts\/2765\/revisions"}],"predecessor-version":[{"id":2766,"href":"https:\/\/www.sebastien-auziere.fr\/blog\/wp-json\/wp\/v2\/posts\/2765\/revisions\/2766"}],"wp:featuredmedia":[{"embeddable":true,"href":"https:\/\/www.sebastien-auziere.fr\/blog\/wp-json\/wp\/v2\/media\/2755"}],"wp:attachment":[{"href":"https:\/\/www.sebastien-auziere.fr\/blog\/wp-json\/wp\/v2\/media?parent=2765"}],"wp:term":[{"taxonomy":"category","embeddable":true,"href":"https:\/\/www.sebastien-auziere.fr\/blog\/wp-json\/wp\/v2\/categories?post=2765"},{"taxonomy":"post_tag","embeddable":true,"href":"https:\/\/www.sebastien-auziere.fr\/blog\/wp-json\/wp\/v2\/tags?post=2765"}],"curies":[{"name":"wp","href":"https:\/\/api.w.org\/{rel}","templated":true}]}}