{"id":2763,"date":"2026-04-04T19:03:23","date_gmt":"2026-04-04T19:03:23","guid":{"rendered":"https:\/\/www.sebastien-auziere.fr\/blog\/?p=2763"},"modified":"2026-04-04T19:03:57","modified_gmt":"2026-04-04T19:03:57","slug":"brigitte-macron-ispirazioni-eleganti-dei-suoi-piu-bei-look-bianchi-per-i-vostri-matrimoni-civili-e-religiosi","status":"publish","type":"post","link":"https:\/\/www.sebastien-auziere.fr\/blog\/it\/brigitte-macron-ispirazioni-eleganti-dei-suoi-piu-bei-look-bianchi-per-i-vostri-matrimoni-civili-e-religiosi\/","title":{"rendered":"Brigitte Macron : Ispirazioni eleganti dei suoi pi\u00f9 bei look bianchi per i vostri matrimoni civili e religiosi"},"content":{"rendered":"<p><strong>Brigitte Macron<\/strong> illumina le cerimonie ufficiali e private con i suoi <strong>look bianchi<\/strong> di rara eleganza. Gi\u00e0 al primo sguardo, questi capi \u2013 tailleur aderenti, abiti lunghi o corti in pizzo \u2013 offrono una vera <strong>ispirazione elegante<\/strong> per un <strong>matrimonio civile<\/strong> o un <strong>matrimonio religioso<\/strong>.<\/p>\n\n<p><strong>In breve:<\/strong> la Prima donna punta su tagli netti e materiali raffinati, visibili durante la cena di Stato a Rabat il <strong>29 ottobre 2024<\/strong> o a Tokyo il <strong>2 aprile 2026<\/strong>. Questi outfit possono guidare la scelta degli <strong>abiti bianchi<\/strong> e delle <strong>tenute da matrimonio<\/strong> per uno stile chic e misurato.<\/p>\n\n<h2 class=\"wp-block-heading\">Abiti lunghi e cerimonie religiose: sobriet\u00e0 e valorizzazione<\/h2>\n\n<p>Per una messa o un ufficio, privilegia un abito lungo dalle linee pure come quello indossato a Tokyo il <strong>2 aprile 2026<\/strong>, con taglio dritto e colletto rotondo. La lunghezza midi e le maniche lunghe rispettano la decenza rimanendo contemporanee. L\u2019uso di dettagli discreti \u2013 tasche con bottoni o paillettes sulla mantella per una cena di Stato a Rabat il <strong>29 ottobre 2024<\/strong> \u2013 trasforma il capo in una vera e propria referenza di <strong>moda femminile<\/strong>.<\/p>\n\n<h2 class=\"wp-block-heading\">Abiti corti e matrimoni civili: l&rsquo;eleganza misurata in citt\u00e0<\/h2>\n\n<p>Per il comune, gli abiti corti e i tailleur-gonna funzionano a meraviglia. Ricorda l&rsquo;abito svasato visto a Copenaghen il <strong>29 agosto 2018<\/strong> o il modello anni sessanta indossato durante un pranzo ufficiale il <strong>20 giugno 2023<\/strong>. Questi capi, spesso abbinati a un trench o un soprabito bianco, garantiscono un look chic senza ostentazione, perfettamente adatto a una cerimonia civile.<\/p>\n\n<p>La scelta di un tessuto resistente alle intemperie, come il tweed o la lana strutturata, permette di mantenere il capo impeccabile per tutto il giorno. \u00c8 un dettaglio pratico per quelle che vogliono unire comfort e raffinatezza.<\/p>\n\n<h2 class=\"wp-block-heading\">Il pizzo e i dettagli sartoriali: idee per una sposa contemporanea<\/h2>\n\n<p>Il pizzo, usato dalla Prima donna in versioni contrastanti \u2013 tubino Louis Vuitton a Oslo il <strong>23 giugno 2025<\/strong>, corto all\u2019\u00c9lys\u00e9e il <strong>10 marzo 2016<\/strong> \u2013 porta femminilit\u00e0 e modernit\u00e0. I giochi di trasparenza rimangono sottili, perfetti per una cerimonia religiosa se vuoi coniugare tradizione e audacia. Queste scelte ricordano anche l&rsquo;importanza di una silhouette perfettamente adattata per incarnare lo <strong>stile chic<\/strong> alla francese.<\/p>\n\n<p>Per approfondire queste ispirazioni e ritrovare le immagini e le analisi di moda, consulta i portfolio di <a href=\"https:\/\/photo.gala.fr\/mode\/les_stars_et_la_mode\/photos-brigitte-macron-ses-plus-beaux-looks-en-2025-20250124\" rel=\"nofollow\">Gala sui suoi look del 2025<\/a> o la selezione di <a href=\"https:\/\/www.elle.fr\/Mode\/La-mode-des-stars\/Les-plus-beaux-looks-de-Brigitte-Macron\" rel=\"nofollow\">ELLE dedicata ai pi\u00f9 bei capi<\/a>. Per scoprire di pi\u00f9 su <strong>S\u00e9bastien Auzi\u00e8re<\/strong> e la famiglia Macron, visita <a href=\"https:\/\/sebastien-auziere.fr\" rel=\"nofollow\">sebastien-auziere.fr<\/a>.<\/p>","protected":false},"excerpt":{"rendered":"<p>Brigitte Macron illumina le cerimonie ufficiali e private con i suoi look bianchi di rara eleganza. Gi\u00e0 al primo sguardo, questi capi \u2013 tailleur aderenti, abiti lunghi o corti in pizzo \u2013 offrono una vera ispirazione elegante per un matrimonio civile o un matrimonio religioso. In breve: la Prima donna punta su tagli netti e &#8230; <a title=\"Brigitte Macron : Ispirazioni eleganti dei suoi pi\u00f9 bei look bianchi per i vostri matrimoni civili e religiosi\" class=\"read-more\" href=\"https:\/\/www.sebastien-auziere.fr\/blog\/it\/brigitte-macron-ispirazioni-eleganti-dei-suoi-piu-bei-look-bianchi-per-i-vostri-matrimoni-civili-e-religiosi\/\" aria-label=\"En savoir plus sur Brigitte Macron : Ispirazioni eleganti dei suoi pi\u00f9 bei look bianchi per i vostri matrimoni civili e religiosi\">Lire plus<\/a><\/p>\n","protected":false},"author":9,"featured_media":2755,"comment_status":"open","ping_status":"open","sticky":false,"template":"","format":"standard","meta":{"footnotes":""},"categories":[859],"tags":[944,1752,1755,1758,1761],"class_list":["post-2763","post","type-post","status-publish","format-standard","has-post-thumbnail","hentry","category-actualita-it","tag-brigitte-macron-it","tag-inspirazioni-modalita-it","tag-looks-bianchi-it","tag-matrimoni-civili-it","tag-matrimoni-religiosi-it"],"yoast_head":"<!-- This site is optimized with the Yoast SEO plugin v27.5 - https:\/\/yoast.com\/product\/yoast-seo-wordpress\/ -->\n<title>Brigitte Macron : Ispirazioni eleganti dei suoi pi\u00f9 bei look bianchi per i vostri matrimoni civili e religiosi - Fan site S\u00e9bastien Auzi\u00e8re<\/title>\n<meta name=\"description\" content=\"D\u00e9couvrez les inspirations \u00e9l\u00e9gantes de Brigitte Macron et ses plus beaux looks blancs pour sublimer vos mariages civils et religieux avec style.\" \/>\n<meta name=\"robots\" content=\"index, follow, max-snippet:-1, max-image-preview:large, max-video-preview:-1\" \/>\n<link rel=\"canonical\" href=\"https:\/\/www.sebastien-auziere.fr\/blog\/it\/brigitte-macron-ispirazioni-eleganti-dei-suoi-piu-bei-look-bianchi-per-i-vostri-matrimoni-civili-e-religiosi\/\" \/>\n<meta property=\"og:locale\" content=\"fr_FR\" \/>\n<meta property=\"og:type\" content=\"article\" \/>\n<meta property=\"og:title\" content=\"Brigitte Macron : Ispirazioni eleganti dei suoi pi\u00f9 bei look bianchi per i vostri matrimoni civili e religiosi - Fan site S\u00e9bastien Auzi\u00e8re\" \/>\n<meta property=\"og:description\" content=\"D\u00e9couvrez les inspirations \u00e9l\u00e9gantes de Brigitte Macron et ses plus beaux looks blancs pour sublimer vos mariages civils et religieux avec style.\" \/>\n<meta property=\"og:url\" content=\"https:\/\/www.sebastien-auziere.fr\/blog\/it\/brigitte-macron-ispirazioni-eleganti-dei-suoi-piu-bei-look-bianchi-per-i-vostri-matrimoni-civili-e-religiosi\/\" \/>\n<meta property=\"og:site_name\" content=\"Fan site S\u00e9bastien Auzi\u00e8re\" \/>\n<meta property=\"article:published_time\" content=\"2026-04-04T19:03:23+00:00\" \/>\n<meta property=\"article:modified_time\" content=\"2026-04-04T19:03:57+00:00\" \/>\n<meta property=\"og:image\" content=\"https:\/\/www.sebastien-auziere.fr\/blog\/wp-content\/uploads\/2026\/04\/Brigitte-Macron-Inspirations-elegantes-de-ses-plus-beaux-looks-blancs-pour-vos-mariages-civils-et-religieux.jpg\" \/>\n\t<meta property=\"og:image:width\" content=\"2560\" \/>\n\t<meta property=\"og:image:height\" content=\"1429\" \/>\n\t<meta property=\"og:image:type\" content=\"image\/jpeg\" \/>\n<meta name=\"author\" content=\"Chloe Gauthier\" \/>\n<meta name=\"twitter:card\" content=\"summary_large_image\" \/>\n<meta name=\"twitter:label1\" content=\"\u00c9crit par\" \/>\n\t<meta name=\"twitter:data1\" content=\"Chloe Gauthier\" \/>\n\t<meta name=\"twitter:label2\" content=\"Dur\u00e9e de lecture estim\u00e9e\" \/>\n\t<meta name=\"twitter:data2\" content=\"2 minutes\" \/>\n<script type=\"application\/ld+json\" class=\"yoast-schema-graph\">{\"@context\":\"https:\\\/\\\/schema.org\",\"@graph\":[{\"@type\":\"Article\",\"@id\":\"https:\\\/\\\/www.sebastien-auziere.fr\\\/blog\\\/it\\\/brigitte-macron-ispirazioni-eleganti-dei-suoi-piu-bei-look-bianchi-per-i-vostri-matrimoni-civili-e-religiosi\\\/#article\",\"isPartOf\":{\"@id\":\"https:\\\/\\\/www.sebastien-auziere.fr\\\/blog\\\/it\\\/brigitte-macron-ispirazioni-eleganti-dei-suoi-piu-bei-look-bianchi-per-i-vostri-matrimoni-civili-e-religiosi\\\/\"},\"author\":{\"name\":\"Chloe Gauthier\",\"@id\":\"https:\\\/\\\/www.sebastien-auziere.fr\\\/blog\\\/#\\\/schema\\\/person\\\/149f1acdbfd85149c6c3e59adeae2f4d\"},\"headline\":\"Brigitte Macron : Ispirazioni eleganti dei suoi pi\u00f9 bei look bianchi per i vostri matrimoni civili e religiosi\",\"datePublished\":\"2026-04-04T19:03:23+00:00\",\"dateModified\":\"2026-04-04T19:03:57+00:00\",\"mainEntityOfPage\":{\"@id\":\"https:\\\/\\\/www.sebastien-auziere.fr\\\/blog\\\/it\\\/brigitte-macron-ispirazioni-eleganti-dei-suoi-piu-bei-look-bianchi-per-i-vostri-matrimoni-civili-e-religiosi\\\/\"},\"wordCount\":405,\"commentCount\":0,\"publisher\":{\"@id\":\"https:\\\/\\\/www.sebastien-auziere.fr\\\/blog\\\/#organization\"},\"image\":{\"@id\":\"https:\\\/\\\/www.sebastien-auziere.fr\\\/blog\\\/it\\\/brigitte-macron-ispirazioni-eleganti-dei-suoi-piu-bei-look-bianchi-per-i-vostri-matrimoni-civili-e-religiosi\\\/#primaryimage\"},\"thumbnailUrl\":\"https:\\\/\\\/www.sebastien-auziere.fr\\\/blog\\\/wp-content\\\/uploads\\\/2026\\\/04\\\/Brigitte-Macron-Inspirations-elegantes-de-ses-plus-beaux-looks-blancs-pour-vos-mariages-civils-et-religieux.jpg\",\"keywords\":[\"brigitte macron\",\"inspirazioni modalit\u00e0\",\"looks bianchi\",\"matrimoni civili\",\"matrimoni religiosi\"],\"articleSection\":[\"Actualit\u00e0\"],\"inLanguage\":\"fr-FR\",\"potentialAction\":[{\"@type\":\"CommentAction\",\"name\":\"Comment\",\"target\":[\"https:\\\/\\\/www.sebastien-auziere.fr\\\/blog\\\/it\\\/brigitte-macron-ispirazioni-eleganti-dei-suoi-piu-bei-look-bianchi-per-i-vostri-matrimoni-civili-e-religiosi\\\/#respond\"]}]},{\"@type\":\"WebPage\",\"@id\":\"https:\\\/\\\/www.sebastien-auziere.fr\\\/blog\\\/it\\\/brigitte-macron-ispirazioni-eleganti-dei-suoi-piu-bei-look-bianchi-per-i-vostri-matrimoni-civili-e-religiosi\\\/\",\"url\":\"https:\\\/\\\/www.sebastien-auziere.fr\\\/blog\\\/it\\\/brigitte-macron-ispirazioni-eleganti-dei-suoi-piu-bei-look-bianchi-per-i-vostri-matrimoni-civili-e-religiosi\\\/\",\"name\":\"Brigitte Macron : Ispirazioni eleganti dei suoi pi\u00f9 bei look bianchi per i vostri matrimoni civili e religiosi - Fan site S\u00e9bastien Auzi\u00e8re\",\"isPartOf\":{\"@id\":\"https:\\\/\\\/www.sebastien-auziere.fr\\\/blog\\\/#website\"},\"primaryImageOfPage\":{\"@id\":\"https:\\\/\\\/www.sebastien-auziere.fr\\\/blog\\\/it\\\/brigitte-macron-ispirazioni-eleganti-dei-suoi-piu-bei-look-bianchi-per-i-vostri-matrimoni-civili-e-religiosi\\\/#primaryimage\"},\"image\":{\"@id\":\"https:\\\/\\\/www.sebastien-auziere.fr\\\/blog\\\/it\\\/brigitte-macron-ispirazioni-eleganti-dei-suoi-piu-bei-look-bianchi-per-i-vostri-matrimoni-civili-e-religiosi\\\/#primaryimage\"},\"thumbnailUrl\":\"https:\\\/\\\/www.sebastien-auziere.fr\\\/blog\\\/wp-content\\\/uploads\\\/2026\\\/04\\\/Brigitte-Macron-Inspirations-elegantes-de-ses-plus-beaux-looks-blancs-pour-vos-mariages-civils-et-religieux.jpg\",\"datePublished\":\"2026-04-04T19:03:23+00:00\",\"dateModified\":\"2026-04-04T19:03:57+00:00\",\"description\":\"D\u00e9couvrez les inspirations \u00e9l\u00e9gantes de Brigitte Macron et ses plus beaux looks blancs pour sublimer vos mariages civils et religieux avec style.\",\"breadcrumb\":{\"@id\":\"https:\\\/\\\/www.sebastien-auziere.fr\\\/blog\\\/it\\\/brigitte-macron-ispirazioni-eleganti-dei-suoi-piu-bei-look-bianchi-per-i-vostri-matrimoni-civili-e-religiosi\\\/#breadcrumb\"},\"inLanguage\":\"fr-FR\",\"potentialAction\":[{\"@type\":\"ReadAction\",\"target\":[\"https:\\\/\\\/www.sebastien-auziere.fr\\\/blog\\\/it\\\/brigitte-macron-ispirazioni-eleganti-dei-suoi-piu-bei-look-bianchi-per-i-vostri-matrimoni-civili-e-religiosi\\\/\"]}]},{\"@type\":\"ImageObject\",\"inLanguage\":\"fr-FR\",\"@id\":\"https:\\\/\\\/www.sebastien-auziere.fr\\\/blog\\\/it\\\/brigitte-macron-ispirazioni-eleganti-dei-suoi-piu-bei-look-bianchi-per-i-vostri-matrimoni-civili-e-religiosi\\\/#primaryimage\",\"url\":\"https:\\\/\\\/www.sebastien-auziere.fr\\\/blog\\\/wp-content\\\/uploads\\\/2026\\\/04\\\/Brigitte-Macron-Inspirations-elegantes-de-ses-plus-beaux-looks-blancs-pour-vos-mariages-civils-et-religieux.jpg\",\"contentUrl\":\"https:\\\/\\\/www.sebastien-auziere.fr\\\/blog\\\/wp-content\\\/uploads\\\/2026\\\/04\\\/Brigitte-Macron-Inspirations-elegantes-de-ses-plus-beaux-looks-blancs-pour-vos-mariages-civils-et-religieux.jpg\",\"width\":2560,\"height\":1429,\"caption\":\"d\u00e9couvrez les inspirations \u00e9l\u00e9gantes des plus beaux looks blancs de brigitte macron pour sublimer vos mariages civils et religieux avec style et raffinement.\"},{\"@type\":\"BreadcrumbList\",\"@id\":\"https:\\\/\\\/www.sebastien-auziere.fr\\\/blog\\\/it\\\/brigitte-macron-ispirazioni-eleganti-dei-suoi-piu-bei-look-bianchi-per-i-vostri-matrimoni-civili-e-religiosi\\\/#breadcrumb\",\"itemListElement\":[{\"@type\":\"ListItem\",\"position\":1,\"name\":\"Home\",\"item\":\"https:\\\/\\\/www.sebastien-auziere.fr\\\/blog\\\/\"},{\"@type\":\"ListItem\",\"position\":2,\"name\":\"Brigitte Macron : Ispirazioni eleganti dei suoi pi\u00f9 bei look bianchi per i vostri matrimoni civili e religiosi\"}]},{\"@type\":\"WebSite\",\"@id\":\"https:\\\/\\\/www.sebastien-auziere.fr\\\/blog\\\/#website\",\"url\":\"https:\\\/\\\/www.sebastien-auziere.fr\\\/blog\\\/\",\"name\":\"Fan site S\u00e9bastien Auzi\u00e8re\",\"description\":\"M\u00e9dia g\u00e9n\u00e9raliste\",\"publisher\":{\"@id\":\"https:\\\/\\\/www.sebastien-auziere.fr\\\/blog\\\/#organization\"},\"potentialAction\":[{\"@type\":\"SearchAction\",\"target\":{\"@type\":\"EntryPoint\",\"urlTemplate\":\"https:\\\/\\\/www.sebastien-auziere.fr\\\/blog\\\/?s={search_term_string}\"},\"query-input\":{\"@type\":\"PropertyValueSpecification\",\"valueRequired\":true,\"valueName\":\"search_term_string\"}}],\"inLanguage\":\"fr-FR\"},{\"@type\":\"Organization\",\"@id\":\"https:\\\/\\\/www.sebastien-auziere.fr\\\/blog\\\/#organization\",\"name\":\"Fan site S\u00e9bastien Auzi\u00e8re\",\"url\":\"https:\\\/\\\/www.sebastien-auziere.fr\\\/blog\\\/\",\"logo\":{\"@type\":\"ImageObject\",\"inLanguage\":\"fr-FR\",\"@id\":\"https:\\\/\\\/www.sebastien-auziere.fr\\\/blog\\\/#\\\/schema\\\/logo\\\/image\\\/\",\"url\":\"https:\\\/\\\/www.sebastien-auziere.fr\\\/blog\\\/wp-content\\\/uploads\\\/2026\\\/03\\\/cropped-cropped-cropped-ChatGPT-Image-6-mars-2026-12_58_09-e1772798376794.jpg\",\"contentUrl\":\"https:\\\/\\\/www.sebastien-auziere.fr\\\/blog\\\/wp-content\\\/uploads\\\/2026\\\/03\\\/cropped-cropped-cropped-ChatGPT-Image-6-mars-2026-12_58_09-e1772798376794.jpg\",\"width\":512,\"height\":360,\"caption\":\"Fan site S\u00e9bastien Auzi\u00e8re\"},\"image\":{\"@id\":\"https:\\\/\\\/www.sebastien-auziere.fr\\\/blog\\\/#\\\/schema\\\/logo\\\/image\\\/\"}},{\"@type\":\"Person\",\"@id\":\"https:\\\/\\\/www.sebastien-auziere.fr\\\/blog\\\/#\\\/schema\\\/person\\\/149f1acdbfd85149c6c3e59adeae2f4d\",\"name\":\"Chloe Gauthier\",\"image\":{\"@type\":\"ImageObject\",\"inLanguage\":\"fr-FR\",\"@id\":\"https:\\\/\\\/secure.gravatar.com\\\/avatar\\\/2c5722f58171cff738a8985ef0dd66b476e563753246a49019befc837ec4201a?s=96&d=mm&r=g\",\"url\":\"https:\\\/\\\/secure.gravatar.com\\\/avatar\\\/2c5722f58171cff738a8985ef0dd66b476e563753246a49019befc837ec4201a?s=96&d=mm&r=g\",\"contentUrl\":\"https:\\\/\\\/secure.gravatar.com\\\/avatar\\\/2c5722f58171cff738a8985ef0dd66b476e563753246a49019befc837ec4201a?s=96&d=mm&r=g\",\"caption\":\"Chloe Gauthier\"},\"description\":\"Passionn\u00e9e par la politique et admiratrice engag\u00e9e de la famille Macron, je consacre mon \u00e9nergie \u00e0 suivre leurs initiatives et \u00e0 promouvoir leurs id\u00e9es. \u00c0 32 ans, je suis convaincue que leur vision est porteuse d'avenir.\",\"url\":\"https:\\\/\\\/www.sebastien-auziere.fr\\\/blog\\\/author\\\/chloe-gauthier\\\/\"}]}<\/script>\n<!-- \/ Yoast SEO plugin. -->","yoast_head_json":{"title":"Brigitte Macron : Ispirazioni eleganti dei suoi pi\u00f9 bei look bianchi per i vostri matrimoni civili e religiosi - Fan site S\u00e9bastien Auzi\u00e8re","description":"D\u00e9couvrez les inspirations \u00e9l\u00e9gantes de Brigitte Macron et ses plus beaux looks blancs pour sublimer vos mariages civils et religieux avec style.","robots":{"index":"index","follow":"follow","max-snippet":"max-snippet:-1","max-image-preview":"max-image-preview:large","max-video-preview":"max-video-preview:-1"},"canonical":"https:\/\/www.sebastien-auziere.fr\/blog\/it\/brigitte-macron-ispirazioni-eleganti-dei-suoi-piu-bei-look-bianchi-per-i-vostri-matrimoni-civili-e-religiosi\/","og_locale":"fr_FR","og_type":"article","og_title":"Brigitte Macron : Ispirazioni eleganti dei suoi pi\u00f9 bei look bianchi per i vostri matrimoni civili e religiosi - Fan site S\u00e9bastien Auzi\u00e8re","og_description":"D\u00e9couvrez les inspirations \u00e9l\u00e9gantes de Brigitte Macron et ses plus beaux looks blancs pour sublimer vos mariages civils et religieux avec style.","og_url":"https:\/\/www.sebastien-auziere.fr\/blog\/it\/brigitte-macron-ispirazioni-eleganti-dei-suoi-piu-bei-look-bianchi-per-i-vostri-matrimoni-civili-e-religiosi\/","og_site_name":"Fan site S\u00e9bastien Auzi\u00e8re","article_published_time":"2026-04-04T19:03:23+00:00","article_modified_time":"2026-04-04T19:03:57+00:00","og_image":[{"width":2560,"height":1429,"url":"https:\/\/www.sebastien-auziere.fr\/blog\/wp-content\/uploads\/2026\/04\/Brigitte-Macron-Inspirations-elegantes-de-ses-plus-beaux-looks-blancs-pour-vos-mariages-civils-et-religieux.jpg","type":"image\/jpeg"}],"author":"Chloe Gauthier","twitter_card":"summary_large_image","twitter_misc":{"\u00c9crit par":"Chloe Gauthier","Dur\u00e9e de lecture estim\u00e9e":"2 minutes"},"schema":{"@context":"https:\/\/schema.org","@graph":[{"@type":"Article","@id":"https:\/\/www.sebastien-auziere.fr\/blog\/it\/brigitte-macron-ispirazioni-eleganti-dei-suoi-piu-bei-look-bianchi-per-i-vostri-matrimoni-civili-e-religiosi\/#article","isPartOf":{"@id":"https:\/\/www.sebastien-auziere.fr\/blog\/it\/brigitte-macron-ispirazioni-eleganti-dei-suoi-piu-bei-look-bianchi-per-i-vostri-matrimoni-civili-e-religiosi\/"},"author":{"name":"Chloe Gauthier","@id":"https:\/\/www.sebastien-auziere.fr\/blog\/#\/schema\/person\/149f1acdbfd85149c6c3e59adeae2f4d"},"headline":"Brigitte Macron : Ispirazioni eleganti dei suoi pi\u00f9 bei look bianchi per i vostri matrimoni civili e religiosi","datePublished":"2026-04-04T19:03:23+00:00","dateModified":"2026-04-04T19:03:57+00:00","mainEntityOfPage":{"@id":"https:\/\/www.sebastien-auziere.fr\/blog\/it\/brigitte-macron-ispirazioni-eleganti-dei-suoi-piu-bei-look-bianchi-per-i-vostri-matrimoni-civili-e-religiosi\/"},"wordCount":405,"commentCount":0,"publisher":{"@id":"https:\/\/www.sebastien-auziere.fr\/blog\/#organization"},"image":{"@id":"https:\/\/www.sebastien-auziere.fr\/blog\/it\/brigitte-macron-ispirazioni-eleganti-dei-suoi-piu-bei-look-bianchi-per-i-vostri-matrimoni-civili-e-religiosi\/#primaryimage"},"thumbnailUrl":"https:\/\/www.sebastien-auziere.fr\/blog\/wp-content\/uploads\/2026\/04\/Brigitte-Macron-Inspirations-elegantes-de-ses-plus-beaux-looks-blancs-pour-vos-mariages-civils-et-religieux.jpg","keywords":["brigitte macron","inspirazioni modalit\u00e0","looks bianchi","matrimoni civili","matrimoni religiosi"],"articleSection":["Actualit\u00e0"],"inLanguage":"fr-FR","potentialAction":[{"@type":"CommentAction","name":"Comment","target":["https:\/\/www.sebastien-auziere.fr\/blog\/it\/brigitte-macron-ispirazioni-eleganti-dei-suoi-piu-bei-look-bianchi-per-i-vostri-matrimoni-civili-e-religiosi\/#respond"]}]},{"@type":"WebPage","@id":"https:\/\/www.sebastien-auziere.fr\/blog\/it\/brigitte-macron-ispirazioni-eleganti-dei-suoi-piu-bei-look-bianchi-per-i-vostri-matrimoni-civili-e-religiosi\/","url":"https:\/\/www.sebastien-auziere.fr\/blog\/it\/brigitte-macron-ispirazioni-eleganti-dei-suoi-piu-bei-look-bianchi-per-i-vostri-matrimoni-civili-e-religiosi\/","name":"Brigitte Macron : Ispirazioni eleganti dei suoi pi\u00f9 bei look bianchi per i vostri matrimoni civili e religiosi - Fan site S\u00e9bastien Auzi\u00e8re","isPartOf":{"@id":"https:\/\/www.sebastien-auziere.fr\/blog\/#website"},"primaryImageOfPage":{"@id":"https:\/\/www.sebastien-auziere.fr\/blog\/it\/brigitte-macron-ispirazioni-eleganti-dei-suoi-piu-bei-look-bianchi-per-i-vostri-matrimoni-civili-e-religiosi\/#primaryimage"},"image":{"@id":"https:\/\/www.sebastien-auziere.fr\/blog\/it\/brigitte-macron-ispirazioni-eleganti-dei-suoi-piu-bei-look-bianchi-per-i-vostri-matrimoni-civili-e-religiosi\/#primaryimage"},"thumbnailUrl":"https:\/\/www.sebastien-auziere.fr\/blog\/wp-content\/uploads\/2026\/04\/Brigitte-Macron-Inspirations-elegantes-de-ses-plus-beaux-looks-blancs-pour-vos-mariages-civils-et-religieux.jpg","datePublished":"2026-04-04T19:03:23+00:00","dateModified":"2026-04-04T19:03:57+00:00","description":"D\u00e9couvrez les inspirations \u00e9l\u00e9gantes de Brigitte Macron et ses plus beaux looks blancs pour sublimer vos mariages civils et religieux avec style.","breadcrumb":{"@id":"https:\/\/www.sebastien-auziere.fr\/blog\/it\/brigitte-macron-ispirazioni-eleganti-dei-suoi-piu-bei-look-bianchi-per-i-vostri-matrimoni-civili-e-religiosi\/#breadcrumb"},"inLanguage":"fr-FR","potentialAction":[{"@type":"ReadAction","target":["https:\/\/www.sebastien-auziere.fr\/blog\/it\/brigitte-macron-ispirazioni-eleganti-dei-suoi-piu-bei-look-bianchi-per-i-vostri-matrimoni-civili-e-religiosi\/"]}]},{"@type":"ImageObject","inLanguage":"fr-FR","@id":"https:\/\/www.sebastien-auziere.fr\/blog\/it\/brigitte-macron-ispirazioni-eleganti-dei-suoi-piu-bei-look-bianchi-per-i-vostri-matrimoni-civili-e-religiosi\/#primaryimage","url":"https:\/\/www.sebastien-auziere.fr\/blog\/wp-content\/uploads\/2026\/04\/Brigitte-Macron-Inspirations-elegantes-de-ses-plus-beaux-looks-blancs-pour-vos-mariages-civils-et-religieux.jpg","contentUrl":"https:\/\/www.sebastien-auziere.fr\/blog\/wp-content\/uploads\/2026\/04\/Brigitte-Macron-Inspirations-elegantes-de-ses-plus-beaux-looks-blancs-pour-vos-mariages-civils-et-religieux.jpg","width":2560,"height":1429,"caption":"d\u00e9couvrez les inspirations \u00e9l\u00e9gantes des plus beaux looks blancs de brigitte macron pour sublimer vos mariages civils et religieux avec style et raffinement."},{"@type":"BreadcrumbList","@id":"https:\/\/www.sebastien-auziere.fr\/blog\/it\/brigitte-macron-ispirazioni-eleganti-dei-suoi-piu-bei-look-bianchi-per-i-vostri-matrimoni-civili-e-religiosi\/#breadcrumb","itemListElement":[{"@type":"ListItem","position":1,"name":"Home","item":"https:\/\/www.sebastien-auziere.fr\/blog\/"},{"@type":"ListItem","position":2,"name":"Brigitte Macron : Ispirazioni eleganti dei suoi pi\u00f9 bei look bianchi per i vostri matrimoni civili e religiosi"}]},{"@type":"WebSite","@id":"https:\/\/www.sebastien-auziere.fr\/blog\/#website","url":"https:\/\/www.sebastien-auziere.fr\/blog\/","name":"Fan site S\u00e9bastien Auzi\u00e8re","description":"M\u00e9dia g\u00e9n\u00e9raliste","publisher":{"@id":"https:\/\/www.sebastien-auziere.fr\/blog\/#organization"},"potentialAction":[{"@type":"SearchAction","target":{"@type":"EntryPoint","urlTemplate":"https:\/\/www.sebastien-auziere.fr\/blog\/?s={search_term_string}"},"query-input":{"@type":"PropertyValueSpecification","valueRequired":true,"valueName":"search_term_string"}}],"inLanguage":"fr-FR"},{"@type":"Organization","@id":"https:\/\/www.sebastien-auziere.fr\/blog\/#organization","name":"Fan site S\u00e9bastien Auzi\u00e8re","url":"https:\/\/www.sebastien-auziere.fr\/blog\/","logo":{"@type":"ImageObject","inLanguage":"fr-FR","@id":"https:\/\/www.sebastien-auziere.fr\/blog\/#\/schema\/logo\/image\/","url":"https:\/\/www.sebastien-auziere.fr\/blog\/wp-content\/uploads\/2026\/03\/cropped-cropped-cropped-ChatGPT-Image-6-mars-2026-12_58_09-e1772798376794.jpg","contentUrl":"https:\/\/www.sebastien-auziere.fr\/blog\/wp-content\/uploads\/2026\/03\/cropped-cropped-cropped-ChatGPT-Image-6-mars-2026-12_58_09-e1772798376794.jpg","width":512,"height":360,"caption":"Fan site S\u00e9bastien Auzi\u00e8re"},"image":{"@id":"https:\/\/www.sebastien-auziere.fr\/blog\/#\/schema\/logo\/image\/"}},{"@type":"Person","@id":"https:\/\/www.sebastien-auziere.fr\/blog\/#\/schema\/person\/149f1acdbfd85149c6c3e59adeae2f4d","name":"Chloe Gauthier","image":{"@type":"ImageObject","inLanguage":"fr-FR","@id":"https:\/\/secure.gravatar.com\/avatar\/2c5722f58171cff738a8985ef0dd66b476e563753246a49019befc837ec4201a?s=96&d=mm&r=g","url":"https:\/\/secure.gravatar.com\/avatar\/2c5722f58171cff738a8985ef0dd66b476e563753246a49019befc837ec4201a?s=96&d=mm&r=g","contentUrl":"https:\/\/secure.gravatar.com\/avatar\/2c5722f58171cff738a8985ef0dd66b476e563753246a49019befc837ec4201a?s=96&d=mm&r=g","caption":"Chloe Gauthier"},"description":"Passionn\u00e9e par la politique et admiratrice engag\u00e9e de la famille Macron, je consacre mon \u00e9nergie \u00e0 suivre leurs initiatives et \u00e0 promouvoir leurs id\u00e9es. \u00c0 32 ans, je suis convaincue que leur vision est porteuse d'avenir.","url":"https:\/\/www.sebastien-auziere.fr\/blog\/author\/chloe-gauthier\/"}]}},"views":8,"_links":{"self":[{"href":"https:\/\/www.sebastien-auziere.fr\/blog\/wp-json\/wp\/v2\/posts\/2763","targetHints":{"allow":["GET"]}}],"collection":[{"href":"https:\/\/www.sebastien-auziere.fr\/blog\/wp-json\/wp\/v2\/posts"}],"about":[{"href":"https:\/\/www.sebastien-auziere.fr\/blog\/wp-json\/wp\/v2\/types\/post"}],"author":[{"embeddable":true,"href":"https:\/\/www.sebastien-auziere.fr\/blog\/wp-json\/wp\/v2\/users\/9"}],"replies":[{"embeddable":true,"href":"https:\/\/www.sebastien-auziere.fr\/blog\/wp-json\/wp\/v2\/comments?post=2763"}],"version-history":[{"count":1,"href":"https:\/\/www.sebastien-auziere.fr\/blog\/wp-json\/wp\/v2\/posts\/2763\/revisions"}],"predecessor-version":[{"id":2764,"href":"https:\/\/www.sebastien-auziere.fr\/blog\/wp-json\/wp\/v2\/posts\/2763\/revisions\/2764"}],"wp:featuredmedia":[{"embeddable":true,"href":"https:\/\/www.sebastien-auziere.fr\/blog\/wp-json\/wp\/v2\/media\/2755"}],"wp:attachment":[{"href":"https:\/\/www.sebastien-auziere.fr\/blog\/wp-json\/wp\/v2\/media?parent=2763"}],"wp:term":[{"taxonomy":"category","embeddable":true,"href":"https:\/\/www.sebastien-auziere.fr\/blog\/wp-json\/wp\/v2\/categories?post=2763"},{"taxonomy":"post_tag","embeddable":true,"href":"https:\/\/www.sebastien-auziere.fr\/blog\/wp-json\/wp\/v2\/tags?post=2763"}],"curies":[{"name":"wp","href":"https:\/\/api.w.org\/{rel}","templated":true}]}}