{"id":2759,"date":"2026-04-04T19:01:47","date_gmt":"2026-04-04T19:01:47","guid":{"rendered":"https:\/\/www.sebastien-auziere.fr\/blog\/?p=2759"},"modified":"2026-04-04T19:02:19","modified_gmt":"2026-04-04T19:02:19","slug":"brigitte-macron-inspiraciones-elegantes-de-sus-mas-hermosos-looks-blancos-para-sus-bodas-civiles-y-religiosas","status":"publish","type":"post","link":"https:\/\/www.sebastien-auziere.fr\/blog\/es\/brigitte-macron-inspiraciones-elegantes-de-sus-mas-hermosos-looks-blancos-para-sus-bodas-civiles-y-religiosas\/","title":{"rendered":"Brigitte Macron: Inspiraciones elegantes de sus m\u00e1s hermosos looks blancos para sus bodas civiles y religiosas"},"content":{"rendered":"<p><strong>Brigitte Macron<\/strong> ilumina las ceremonias oficiales y privadas con sus <strong>looks blancos<\/strong> de una elegancia rara. A primera vista, estas piezas \u2013 trajes ajustados, vestidos largos o cortos de encaje \u2013 ofrecen una verdadera <strong>inspiraci\u00f3n elegante<\/strong> para un <strong>matrimonio civil<\/strong> o un <strong>matrimonio religioso<\/strong>.<\/p>\n\n<p><strong>En breve:<\/strong> la Primera dama apuesta por cortes limpios y materiales refinados, visibles durante la cena de estado en Rabat el <strong>29 de octubre de 2024<\/strong> o en Tokio el <strong>2 de abril de 2026<\/strong>. Estas prendas pueden guiar la elecci\u00f3n de <strong>vestidos blancos<\/strong> y <strong>atuendos de boda<\/strong> para un estilo chic y controlado.<\/p>\n\n<h2 class=\"wp-block-heading\">Vestidos largos y ceremonias religiosas: sobriedad y realce<\/h2>\n\n<p>Para una misa o un oficio, prefiere un vestido largo con l\u00edneas puras como el que se llev\u00f3 en Tokio el <strong>2 de abril de 2026<\/strong>, de corte recto y cuello redondeado. La longitud midi y las mangas largas respetan la decencia sin dejar de ser contempor\u00e1neas. El uso de detalles discretos \u2014 bolsillos abotonados o lentejuelas en capa para una cena de estado en Rabat el <strong>29 de octubre de 2024<\/strong> \u2014 transforma la prenda en una verdadera referencia de <strong>moda femenina<\/strong>.<\/p>\n\n<h2 class=\"wp-block-heading\">Vestidos cortos y matrimonios civiles: la elegancia controlada en la ciudad<\/h2>\n\n<p>Para el ayuntamiento, los vestidos cortos y los trajes de falda funcionan a la maravilla. Recuerda el vestido acampanado visto en Copenhague el <strong>29 de agosto de 2018<\/strong> o el modelo de los a\u00f1os sesenta usado durante un almuerzo oficial el <strong>20 de junio de 2023<\/strong>. Estas piezas, a menudo asociadas con un trench o un abrigo blanco, aseguran un look chic sin ostentaci\u00f3n, perfectamente adaptado a una ceremonia civil.<\/p>\n\n<p>La elecci\u00f3n de una tela resistente a las inclemencias del tiempo, como el tweed o la lana estructurada, permite mantener la prenda impecable a lo largo del d\u00eda. Es un detalle pr\u00e1ctico para aquellas que quieren combinar comodidad y refinamiento.<\/p>\n\n<h2 class=\"wp-block-heading\">El encaje y los detalles de alta costura: ideas para una novia contempor\u00e1nea<\/h2>\n\n<p>El encaje, utilizado por la Primera dama en versiones contrastadas \u2014 vestido tubo de Louis Vuitton en Oslo el <strong>23 de junio de 2025<\/strong>, corto en el El\u00edseo el <strong>10 de marzo de 2016<\/strong> \u2014 aporta feminidad y modernidad. Los juegos de transparencia son sutiles, perfectos para una ceremonia religiosa si quieres combinar tradici\u00f3n y audacia. Estas elecciones tambi\u00e9n recuerdan la importancia de una silueta perfectamente ajustada para encarnar el <strong>estilo chic<\/strong> a la francesa.<\/p>\n\n<p>Para profundizar en estas inspiraciones y encontrar las im\u00e1genes y an\u00e1lisis de moda, consulta los portafolios de <a href=\"https:\/\/photo.gala.fr\/mode\/les_stars_et_la_mode\/photos-brigitte-macron-ses-plus-beaux-looks-en-2025-20250124\" rel=\"nofollow\">Gala sobre sus looks en 2025<\/a> o la selecci\u00f3n de <a href=\"https:\/\/www.elle.fr\/Mode\/La-mode-des-stars\/Les-plus-beaux-looks-de-Brigitte-Macron\" rel=\"nofollow\">ELLE dedicada a los m\u00e1s bellos atuendos<\/a>. Para descubrir m\u00e1s sobre <strong>S\u00e9bastien Auzi\u00e8re<\/strong> y la familia Macron, visita <a href=\"https:\/\/sebastien-auziere.fr\" rel=\"nofollow\">sebastien-auziere.fr<\/a>.<\/p>","protected":false},"excerpt":{"rendered":"<p>Brigitte Macron ilumina las ceremonias oficiales y privadas con sus looks blancos de una elegancia rara. A primera vista, estas piezas \u2013 trajes ajustados, vestidos largos o cortos de encaje \u2013 ofrecen una verdadera inspiraci\u00f3n elegante para un matrimonio civil o un matrimonio religioso. En breve: la Primera dama apuesta por cortes limpios y materiales &#8230; <a title=\"Brigitte Macron: Inspiraciones elegantes de sus m\u00e1s hermosos looks blancos para sus bodas civiles y religiosas\" class=\"read-more\" href=\"https:\/\/www.sebastien-auziere.fr\/blog\/es\/brigitte-macron-inspiraciones-elegantes-de-sus-mas-hermosos-looks-blancos-para-sus-bodas-civiles-y-religiosas\/\" aria-label=\"En savoir plus sur Brigitte Macron: Inspiraciones elegantes de sus m\u00e1s hermosos looks blancos para sus bodas civiles y religiosas\">Lire plus<\/a><\/p>\n","protected":false},"author":9,"featured_media":2755,"comment_status":"open","ping_status":"open","sticky":false,"template":"","format":"standard","meta":{"footnotes":""},"categories":[820],"tags":[914,1728,1731,1734,1737],"class_list":["post-2759","post","type-post","status-publish","format-standard","has-post-thumbnail","hentry","category-actualidades-es","tag-brigitte-macron-es","tag-inspiraciones-modo-es","tag-looks-blancos-es","tag-matrimonios-civiles-es","tag-matrimonios-religiosos-es"],"yoast_head":"<!-- This site is optimized with the Yoast SEO plugin v27.5 - https:\/\/yoast.com\/product\/yoast-seo-wordpress\/ -->\n<title>Brigitte Macron: Inspiraciones elegantes de sus m\u00e1s hermosos looks blancos para sus bodas civiles y religiosas - Fan site S\u00e9bastien Auzi\u00e8re<\/title>\n<meta name=\"description\" content=\"D\u00e9couvrez les inspirations \u00e9l\u00e9gantes de Brigitte Macron et ses plus beaux looks blancs pour sublimer vos mariages civils et religieux avec style.\" \/>\n<meta name=\"robots\" content=\"index, follow, max-snippet:-1, max-image-preview:large, max-video-preview:-1\" \/>\n<link rel=\"canonical\" href=\"https:\/\/www.sebastien-auziere.fr\/blog\/es\/brigitte-macron-inspiraciones-elegantes-de-sus-mas-hermosos-looks-blancos-para-sus-bodas-civiles-y-religiosas\/\" \/>\n<meta property=\"og:locale\" content=\"fr_FR\" \/>\n<meta property=\"og:type\" content=\"article\" \/>\n<meta property=\"og:title\" content=\"Brigitte Macron: Inspiraciones elegantes de sus m\u00e1s hermosos looks blancos para sus bodas civiles y religiosas - Fan site S\u00e9bastien Auzi\u00e8re\" \/>\n<meta property=\"og:description\" content=\"D\u00e9couvrez les inspirations \u00e9l\u00e9gantes de Brigitte Macron et ses plus beaux looks blancs pour sublimer vos mariages civils et religieux avec style.\" \/>\n<meta property=\"og:url\" content=\"https:\/\/www.sebastien-auziere.fr\/blog\/es\/brigitte-macron-inspiraciones-elegantes-de-sus-mas-hermosos-looks-blancos-para-sus-bodas-civiles-y-religiosas\/\" \/>\n<meta property=\"og:site_name\" content=\"Fan site S\u00e9bastien Auzi\u00e8re\" \/>\n<meta property=\"article:published_time\" content=\"2026-04-04T19:01:47+00:00\" \/>\n<meta property=\"article:modified_time\" content=\"2026-04-04T19:02:19+00:00\" \/>\n<meta property=\"og:image\" content=\"https:\/\/www.sebastien-auziere.fr\/blog\/wp-content\/uploads\/2026\/04\/Brigitte-Macron-Inspirations-elegantes-de-ses-plus-beaux-looks-blancs-pour-vos-mariages-civils-et-religieux.jpg\" \/>\n\t<meta property=\"og:image:width\" content=\"2560\" \/>\n\t<meta property=\"og:image:height\" content=\"1429\" \/>\n\t<meta property=\"og:image:type\" content=\"image\/jpeg\" \/>\n<meta name=\"author\" content=\"Chloe Gauthier\" \/>\n<meta name=\"twitter:card\" content=\"summary_large_image\" \/>\n<meta name=\"twitter:label1\" content=\"\u00c9crit par\" \/>\n\t<meta name=\"twitter:data1\" content=\"Chloe Gauthier\" \/>\n\t<meta name=\"twitter:label2\" content=\"Dur\u00e9e de lecture estim\u00e9e\" \/>\n\t<meta name=\"twitter:data2\" content=\"2 minutes\" \/>\n<script type=\"application\/ld+json\" class=\"yoast-schema-graph\">{\"@context\":\"https:\\\/\\\/schema.org\",\"@graph\":[{\"@type\":\"Article\",\"@id\":\"https:\\\/\\\/www.sebastien-auziere.fr\\\/blog\\\/es\\\/brigitte-macron-inspiraciones-elegantes-de-sus-mas-hermosos-looks-blancos-para-sus-bodas-civiles-y-religiosas\\\/#article\",\"isPartOf\":{\"@id\":\"https:\\\/\\\/www.sebastien-auziere.fr\\\/blog\\\/es\\\/brigitte-macron-inspiraciones-elegantes-de-sus-mas-hermosos-looks-blancos-para-sus-bodas-civiles-y-religiosas\\\/\"},\"author\":{\"name\":\"Chloe Gauthier\",\"@id\":\"https:\\\/\\\/www.sebastien-auziere.fr\\\/blog\\\/#\\\/schema\\\/person\\\/149f1acdbfd85149c6c3e59adeae2f4d\"},\"headline\":\"Brigitte Macron: Inspiraciones elegantes de sus m\u00e1s hermosos looks blancos para sus bodas civiles y religiosas\",\"datePublished\":\"2026-04-04T19:01:47+00:00\",\"dateModified\":\"2026-04-04T19:02:19+00:00\",\"mainEntityOfPage\":{\"@id\":\"https:\\\/\\\/www.sebastien-auziere.fr\\\/blog\\\/es\\\/brigitte-macron-inspiraciones-elegantes-de-sus-mas-hermosos-looks-blancos-para-sus-bodas-civiles-y-religiosas\\\/\"},\"wordCount\":459,\"commentCount\":0,\"publisher\":{\"@id\":\"https:\\\/\\\/www.sebastien-auziere.fr\\\/blog\\\/#organization\"},\"image\":{\"@id\":\"https:\\\/\\\/www.sebastien-auziere.fr\\\/blog\\\/es\\\/brigitte-macron-inspiraciones-elegantes-de-sus-mas-hermosos-looks-blancos-para-sus-bodas-civiles-y-religiosas\\\/#primaryimage\"},\"thumbnailUrl\":\"https:\\\/\\\/www.sebastien-auziere.fr\\\/blog\\\/wp-content\\\/uploads\\\/2026\\\/04\\\/Brigitte-Macron-Inspirations-elegantes-de-ses-plus-beaux-looks-blancs-pour-vos-mariages-civils-et-religieux.jpg\",\"keywords\":[\"brigitte macron\",\"inspiraciones modo\",\"looks blancos\",\"matrimonios civiles\",\"matrimonios religiosos\"],\"articleSection\":[\"Actualidades\"],\"inLanguage\":\"fr-FR\",\"potentialAction\":[{\"@type\":\"CommentAction\",\"name\":\"Comment\",\"target\":[\"https:\\\/\\\/www.sebastien-auziere.fr\\\/blog\\\/es\\\/brigitte-macron-inspiraciones-elegantes-de-sus-mas-hermosos-looks-blancos-para-sus-bodas-civiles-y-religiosas\\\/#respond\"]}]},{\"@type\":\"WebPage\",\"@id\":\"https:\\\/\\\/www.sebastien-auziere.fr\\\/blog\\\/es\\\/brigitte-macron-inspiraciones-elegantes-de-sus-mas-hermosos-looks-blancos-para-sus-bodas-civiles-y-religiosas\\\/\",\"url\":\"https:\\\/\\\/www.sebastien-auziere.fr\\\/blog\\\/es\\\/brigitte-macron-inspiraciones-elegantes-de-sus-mas-hermosos-looks-blancos-para-sus-bodas-civiles-y-religiosas\\\/\",\"name\":\"Brigitte Macron: Inspiraciones elegantes de sus m\u00e1s hermosos looks blancos para sus bodas civiles y religiosas - Fan site S\u00e9bastien Auzi\u00e8re\",\"isPartOf\":{\"@id\":\"https:\\\/\\\/www.sebastien-auziere.fr\\\/blog\\\/#website\"},\"primaryImageOfPage\":{\"@id\":\"https:\\\/\\\/www.sebastien-auziere.fr\\\/blog\\\/es\\\/brigitte-macron-inspiraciones-elegantes-de-sus-mas-hermosos-looks-blancos-para-sus-bodas-civiles-y-religiosas\\\/#primaryimage\"},\"image\":{\"@id\":\"https:\\\/\\\/www.sebastien-auziere.fr\\\/blog\\\/es\\\/brigitte-macron-inspiraciones-elegantes-de-sus-mas-hermosos-looks-blancos-para-sus-bodas-civiles-y-religiosas\\\/#primaryimage\"},\"thumbnailUrl\":\"https:\\\/\\\/www.sebastien-auziere.fr\\\/blog\\\/wp-content\\\/uploads\\\/2026\\\/04\\\/Brigitte-Macron-Inspirations-elegantes-de-ses-plus-beaux-looks-blancs-pour-vos-mariages-civils-et-religieux.jpg\",\"datePublished\":\"2026-04-04T19:01:47+00:00\",\"dateModified\":\"2026-04-04T19:02:19+00:00\",\"description\":\"D\u00e9couvrez les inspirations \u00e9l\u00e9gantes de Brigitte Macron et ses plus beaux looks blancs pour sublimer vos mariages civils et religieux avec style.\",\"breadcrumb\":{\"@id\":\"https:\\\/\\\/www.sebastien-auziere.fr\\\/blog\\\/es\\\/brigitte-macron-inspiraciones-elegantes-de-sus-mas-hermosos-looks-blancos-para-sus-bodas-civiles-y-religiosas\\\/#breadcrumb\"},\"inLanguage\":\"fr-FR\",\"potentialAction\":[{\"@type\":\"ReadAction\",\"target\":[\"https:\\\/\\\/www.sebastien-auziere.fr\\\/blog\\\/es\\\/brigitte-macron-inspiraciones-elegantes-de-sus-mas-hermosos-looks-blancos-para-sus-bodas-civiles-y-religiosas\\\/\"]}]},{\"@type\":\"ImageObject\",\"inLanguage\":\"fr-FR\",\"@id\":\"https:\\\/\\\/www.sebastien-auziere.fr\\\/blog\\\/es\\\/brigitte-macron-inspiraciones-elegantes-de-sus-mas-hermosos-looks-blancos-para-sus-bodas-civiles-y-religiosas\\\/#primaryimage\",\"url\":\"https:\\\/\\\/www.sebastien-auziere.fr\\\/blog\\\/wp-content\\\/uploads\\\/2026\\\/04\\\/Brigitte-Macron-Inspirations-elegantes-de-ses-plus-beaux-looks-blancs-pour-vos-mariages-civils-et-religieux.jpg\",\"contentUrl\":\"https:\\\/\\\/www.sebastien-auziere.fr\\\/blog\\\/wp-content\\\/uploads\\\/2026\\\/04\\\/Brigitte-Macron-Inspirations-elegantes-de-ses-plus-beaux-looks-blancs-pour-vos-mariages-civils-et-religieux.jpg\",\"width\":2560,\"height\":1429,\"caption\":\"d\u00e9couvrez les inspirations \u00e9l\u00e9gantes des plus beaux looks blancs de brigitte macron pour sublimer vos mariages civils et religieux avec style et raffinement.\"},{\"@type\":\"BreadcrumbList\",\"@id\":\"https:\\\/\\\/www.sebastien-auziere.fr\\\/blog\\\/es\\\/brigitte-macron-inspiraciones-elegantes-de-sus-mas-hermosos-looks-blancos-para-sus-bodas-civiles-y-religiosas\\\/#breadcrumb\",\"itemListElement\":[{\"@type\":\"ListItem\",\"position\":1,\"name\":\"Home\",\"item\":\"https:\\\/\\\/www.sebastien-auziere.fr\\\/blog\\\/\"},{\"@type\":\"ListItem\",\"position\":2,\"name\":\"Brigitte Macron: Inspiraciones elegantes de sus m\u00e1s hermosos looks blancos para sus bodas civiles y religiosas\"}]},{\"@type\":\"WebSite\",\"@id\":\"https:\\\/\\\/www.sebastien-auziere.fr\\\/blog\\\/#website\",\"url\":\"https:\\\/\\\/www.sebastien-auziere.fr\\\/blog\\\/\",\"name\":\"Fan site S\u00e9bastien Auzi\u00e8re\",\"description\":\"M\u00e9dia g\u00e9n\u00e9raliste\",\"publisher\":{\"@id\":\"https:\\\/\\\/www.sebastien-auziere.fr\\\/blog\\\/#organization\"},\"potentialAction\":[{\"@type\":\"SearchAction\",\"target\":{\"@type\":\"EntryPoint\",\"urlTemplate\":\"https:\\\/\\\/www.sebastien-auziere.fr\\\/blog\\\/?s={search_term_string}\"},\"query-input\":{\"@type\":\"PropertyValueSpecification\",\"valueRequired\":true,\"valueName\":\"search_term_string\"}}],\"inLanguage\":\"fr-FR\"},{\"@type\":\"Organization\",\"@id\":\"https:\\\/\\\/www.sebastien-auziere.fr\\\/blog\\\/#organization\",\"name\":\"Fan site S\u00e9bastien Auzi\u00e8re\",\"url\":\"https:\\\/\\\/www.sebastien-auziere.fr\\\/blog\\\/\",\"logo\":{\"@type\":\"ImageObject\",\"inLanguage\":\"fr-FR\",\"@id\":\"https:\\\/\\\/www.sebastien-auziere.fr\\\/blog\\\/#\\\/schema\\\/logo\\\/image\\\/\",\"url\":\"https:\\\/\\\/www.sebastien-auziere.fr\\\/blog\\\/wp-content\\\/uploads\\\/2026\\\/03\\\/cropped-cropped-cropped-ChatGPT-Image-6-mars-2026-12_58_09-e1772798376794.jpg\",\"contentUrl\":\"https:\\\/\\\/www.sebastien-auziere.fr\\\/blog\\\/wp-content\\\/uploads\\\/2026\\\/03\\\/cropped-cropped-cropped-ChatGPT-Image-6-mars-2026-12_58_09-e1772798376794.jpg\",\"width\":512,\"height\":360,\"caption\":\"Fan site S\u00e9bastien Auzi\u00e8re\"},\"image\":{\"@id\":\"https:\\\/\\\/www.sebastien-auziere.fr\\\/blog\\\/#\\\/schema\\\/logo\\\/image\\\/\"}},{\"@type\":\"Person\",\"@id\":\"https:\\\/\\\/www.sebastien-auziere.fr\\\/blog\\\/#\\\/schema\\\/person\\\/149f1acdbfd85149c6c3e59adeae2f4d\",\"name\":\"Chloe Gauthier\",\"image\":{\"@type\":\"ImageObject\",\"inLanguage\":\"fr-FR\",\"@id\":\"https:\\\/\\\/secure.gravatar.com\\\/avatar\\\/2c5722f58171cff738a8985ef0dd66b476e563753246a49019befc837ec4201a?s=96&d=mm&r=g\",\"url\":\"https:\\\/\\\/secure.gravatar.com\\\/avatar\\\/2c5722f58171cff738a8985ef0dd66b476e563753246a49019befc837ec4201a?s=96&d=mm&r=g\",\"contentUrl\":\"https:\\\/\\\/secure.gravatar.com\\\/avatar\\\/2c5722f58171cff738a8985ef0dd66b476e563753246a49019befc837ec4201a?s=96&d=mm&r=g\",\"caption\":\"Chloe Gauthier\"},\"description\":\"Passionn\u00e9e par la politique et admiratrice engag\u00e9e de la famille Macron, je consacre mon \u00e9nergie \u00e0 suivre leurs initiatives et \u00e0 promouvoir leurs id\u00e9es. \u00c0 32 ans, je suis convaincue que leur vision est porteuse d'avenir.\",\"url\":\"https:\\\/\\\/www.sebastien-auziere.fr\\\/blog\\\/author\\\/chloe-gauthier\\\/\"}]}<\/script>\n<!-- \/ Yoast SEO plugin. -->","yoast_head_json":{"title":"Brigitte Macron: Inspiraciones elegantes de sus m\u00e1s hermosos looks blancos para sus bodas civiles y religiosas - Fan site S\u00e9bastien Auzi\u00e8re","description":"D\u00e9couvrez les inspirations \u00e9l\u00e9gantes de Brigitte Macron et ses plus beaux looks blancs pour sublimer vos mariages civils et religieux avec style.","robots":{"index":"index","follow":"follow","max-snippet":"max-snippet:-1","max-image-preview":"max-image-preview:large","max-video-preview":"max-video-preview:-1"},"canonical":"https:\/\/www.sebastien-auziere.fr\/blog\/es\/brigitte-macron-inspiraciones-elegantes-de-sus-mas-hermosos-looks-blancos-para-sus-bodas-civiles-y-religiosas\/","og_locale":"fr_FR","og_type":"article","og_title":"Brigitte Macron: Inspiraciones elegantes de sus m\u00e1s hermosos looks blancos para sus bodas civiles y religiosas - Fan site S\u00e9bastien Auzi\u00e8re","og_description":"D\u00e9couvrez les inspirations \u00e9l\u00e9gantes de Brigitte Macron et ses plus beaux looks blancs pour sublimer vos mariages civils et religieux avec style.","og_url":"https:\/\/www.sebastien-auziere.fr\/blog\/es\/brigitte-macron-inspiraciones-elegantes-de-sus-mas-hermosos-looks-blancos-para-sus-bodas-civiles-y-religiosas\/","og_site_name":"Fan site S\u00e9bastien Auzi\u00e8re","article_published_time":"2026-04-04T19:01:47+00:00","article_modified_time":"2026-04-04T19:02:19+00:00","og_image":[{"width":2560,"height":1429,"url":"https:\/\/www.sebastien-auziere.fr\/blog\/wp-content\/uploads\/2026\/04\/Brigitte-Macron-Inspirations-elegantes-de-ses-plus-beaux-looks-blancs-pour-vos-mariages-civils-et-religieux.jpg","type":"image\/jpeg"}],"author":"Chloe Gauthier","twitter_card":"summary_large_image","twitter_misc":{"\u00c9crit par":"Chloe Gauthier","Dur\u00e9e de lecture estim\u00e9e":"2 minutes"},"schema":{"@context":"https:\/\/schema.org","@graph":[{"@type":"Article","@id":"https:\/\/www.sebastien-auziere.fr\/blog\/es\/brigitte-macron-inspiraciones-elegantes-de-sus-mas-hermosos-looks-blancos-para-sus-bodas-civiles-y-religiosas\/#article","isPartOf":{"@id":"https:\/\/www.sebastien-auziere.fr\/blog\/es\/brigitte-macron-inspiraciones-elegantes-de-sus-mas-hermosos-looks-blancos-para-sus-bodas-civiles-y-religiosas\/"},"author":{"name":"Chloe Gauthier","@id":"https:\/\/www.sebastien-auziere.fr\/blog\/#\/schema\/person\/149f1acdbfd85149c6c3e59adeae2f4d"},"headline":"Brigitte Macron: Inspiraciones elegantes de sus m\u00e1s hermosos looks blancos para sus bodas civiles y religiosas","datePublished":"2026-04-04T19:01:47+00:00","dateModified":"2026-04-04T19:02:19+00:00","mainEntityOfPage":{"@id":"https:\/\/www.sebastien-auziere.fr\/blog\/es\/brigitte-macron-inspiraciones-elegantes-de-sus-mas-hermosos-looks-blancos-para-sus-bodas-civiles-y-religiosas\/"},"wordCount":459,"commentCount":0,"publisher":{"@id":"https:\/\/www.sebastien-auziere.fr\/blog\/#organization"},"image":{"@id":"https:\/\/www.sebastien-auziere.fr\/blog\/es\/brigitte-macron-inspiraciones-elegantes-de-sus-mas-hermosos-looks-blancos-para-sus-bodas-civiles-y-religiosas\/#primaryimage"},"thumbnailUrl":"https:\/\/www.sebastien-auziere.fr\/blog\/wp-content\/uploads\/2026\/04\/Brigitte-Macron-Inspirations-elegantes-de-ses-plus-beaux-looks-blancs-pour-vos-mariages-civils-et-religieux.jpg","keywords":["brigitte macron","inspiraciones modo","looks blancos","matrimonios civiles","matrimonios religiosos"],"articleSection":["Actualidades"],"inLanguage":"fr-FR","potentialAction":[{"@type":"CommentAction","name":"Comment","target":["https:\/\/www.sebastien-auziere.fr\/blog\/es\/brigitte-macron-inspiraciones-elegantes-de-sus-mas-hermosos-looks-blancos-para-sus-bodas-civiles-y-religiosas\/#respond"]}]},{"@type":"WebPage","@id":"https:\/\/www.sebastien-auziere.fr\/blog\/es\/brigitte-macron-inspiraciones-elegantes-de-sus-mas-hermosos-looks-blancos-para-sus-bodas-civiles-y-religiosas\/","url":"https:\/\/www.sebastien-auziere.fr\/blog\/es\/brigitte-macron-inspiraciones-elegantes-de-sus-mas-hermosos-looks-blancos-para-sus-bodas-civiles-y-religiosas\/","name":"Brigitte Macron: Inspiraciones elegantes de sus m\u00e1s hermosos looks blancos para sus bodas civiles y religiosas - Fan site S\u00e9bastien Auzi\u00e8re","isPartOf":{"@id":"https:\/\/www.sebastien-auziere.fr\/blog\/#website"},"primaryImageOfPage":{"@id":"https:\/\/www.sebastien-auziere.fr\/blog\/es\/brigitte-macron-inspiraciones-elegantes-de-sus-mas-hermosos-looks-blancos-para-sus-bodas-civiles-y-religiosas\/#primaryimage"},"image":{"@id":"https:\/\/www.sebastien-auziere.fr\/blog\/es\/brigitte-macron-inspiraciones-elegantes-de-sus-mas-hermosos-looks-blancos-para-sus-bodas-civiles-y-religiosas\/#primaryimage"},"thumbnailUrl":"https:\/\/www.sebastien-auziere.fr\/blog\/wp-content\/uploads\/2026\/04\/Brigitte-Macron-Inspirations-elegantes-de-ses-plus-beaux-looks-blancs-pour-vos-mariages-civils-et-religieux.jpg","datePublished":"2026-04-04T19:01:47+00:00","dateModified":"2026-04-04T19:02:19+00:00","description":"D\u00e9couvrez les inspirations \u00e9l\u00e9gantes de Brigitte Macron et ses plus beaux looks blancs pour sublimer vos mariages civils et religieux avec style.","breadcrumb":{"@id":"https:\/\/www.sebastien-auziere.fr\/blog\/es\/brigitte-macron-inspiraciones-elegantes-de-sus-mas-hermosos-looks-blancos-para-sus-bodas-civiles-y-religiosas\/#breadcrumb"},"inLanguage":"fr-FR","potentialAction":[{"@type":"ReadAction","target":["https:\/\/www.sebastien-auziere.fr\/blog\/es\/brigitte-macron-inspiraciones-elegantes-de-sus-mas-hermosos-looks-blancos-para-sus-bodas-civiles-y-religiosas\/"]}]},{"@type":"ImageObject","inLanguage":"fr-FR","@id":"https:\/\/www.sebastien-auziere.fr\/blog\/es\/brigitte-macron-inspiraciones-elegantes-de-sus-mas-hermosos-looks-blancos-para-sus-bodas-civiles-y-religiosas\/#primaryimage","url":"https:\/\/www.sebastien-auziere.fr\/blog\/wp-content\/uploads\/2026\/04\/Brigitte-Macron-Inspirations-elegantes-de-ses-plus-beaux-looks-blancs-pour-vos-mariages-civils-et-religieux.jpg","contentUrl":"https:\/\/www.sebastien-auziere.fr\/blog\/wp-content\/uploads\/2026\/04\/Brigitte-Macron-Inspirations-elegantes-de-ses-plus-beaux-looks-blancs-pour-vos-mariages-civils-et-religieux.jpg","width":2560,"height":1429,"caption":"d\u00e9couvrez les inspirations \u00e9l\u00e9gantes des plus beaux looks blancs de brigitte macron pour sublimer vos mariages civils et religieux avec style et raffinement."},{"@type":"BreadcrumbList","@id":"https:\/\/www.sebastien-auziere.fr\/blog\/es\/brigitte-macron-inspiraciones-elegantes-de-sus-mas-hermosos-looks-blancos-para-sus-bodas-civiles-y-religiosas\/#breadcrumb","itemListElement":[{"@type":"ListItem","position":1,"name":"Home","item":"https:\/\/www.sebastien-auziere.fr\/blog\/"},{"@type":"ListItem","position":2,"name":"Brigitte Macron: Inspiraciones elegantes de sus m\u00e1s hermosos looks blancos para sus bodas civiles y religiosas"}]},{"@type":"WebSite","@id":"https:\/\/www.sebastien-auziere.fr\/blog\/#website","url":"https:\/\/www.sebastien-auziere.fr\/blog\/","name":"Fan site S\u00e9bastien Auzi\u00e8re","description":"M\u00e9dia g\u00e9n\u00e9raliste","publisher":{"@id":"https:\/\/www.sebastien-auziere.fr\/blog\/#organization"},"potentialAction":[{"@type":"SearchAction","target":{"@type":"EntryPoint","urlTemplate":"https:\/\/www.sebastien-auziere.fr\/blog\/?s={search_term_string}"},"query-input":{"@type":"PropertyValueSpecification","valueRequired":true,"valueName":"search_term_string"}}],"inLanguage":"fr-FR"},{"@type":"Organization","@id":"https:\/\/www.sebastien-auziere.fr\/blog\/#organization","name":"Fan site S\u00e9bastien Auzi\u00e8re","url":"https:\/\/www.sebastien-auziere.fr\/blog\/","logo":{"@type":"ImageObject","inLanguage":"fr-FR","@id":"https:\/\/www.sebastien-auziere.fr\/blog\/#\/schema\/logo\/image\/","url":"https:\/\/www.sebastien-auziere.fr\/blog\/wp-content\/uploads\/2026\/03\/cropped-cropped-cropped-ChatGPT-Image-6-mars-2026-12_58_09-e1772798376794.jpg","contentUrl":"https:\/\/www.sebastien-auziere.fr\/blog\/wp-content\/uploads\/2026\/03\/cropped-cropped-cropped-ChatGPT-Image-6-mars-2026-12_58_09-e1772798376794.jpg","width":512,"height":360,"caption":"Fan site S\u00e9bastien Auzi\u00e8re"},"image":{"@id":"https:\/\/www.sebastien-auziere.fr\/blog\/#\/schema\/logo\/image\/"}},{"@type":"Person","@id":"https:\/\/www.sebastien-auziere.fr\/blog\/#\/schema\/person\/149f1acdbfd85149c6c3e59adeae2f4d","name":"Chloe Gauthier","image":{"@type":"ImageObject","inLanguage":"fr-FR","@id":"https:\/\/secure.gravatar.com\/avatar\/2c5722f58171cff738a8985ef0dd66b476e563753246a49019befc837ec4201a?s=96&d=mm&r=g","url":"https:\/\/secure.gravatar.com\/avatar\/2c5722f58171cff738a8985ef0dd66b476e563753246a49019befc837ec4201a?s=96&d=mm&r=g","contentUrl":"https:\/\/secure.gravatar.com\/avatar\/2c5722f58171cff738a8985ef0dd66b476e563753246a49019befc837ec4201a?s=96&d=mm&r=g","caption":"Chloe Gauthier"},"description":"Passionn\u00e9e par la politique et admiratrice engag\u00e9e de la famille Macron, je consacre mon \u00e9nergie \u00e0 suivre leurs initiatives et \u00e0 promouvoir leurs id\u00e9es. \u00c0 32 ans, je suis convaincue que leur vision est porteuse d'avenir.","url":"https:\/\/www.sebastien-auziere.fr\/blog\/author\/chloe-gauthier\/"}]}},"views":4,"_links":{"self":[{"href":"https:\/\/www.sebastien-auziere.fr\/blog\/wp-json\/wp\/v2\/posts\/2759","targetHints":{"allow":["GET"]}}],"collection":[{"href":"https:\/\/www.sebastien-auziere.fr\/blog\/wp-json\/wp\/v2\/posts"}],"about":[{"href":"https:\/\/www.sebastien-auziere.fr\/blog\/wp-json\/wp\/v2\/types\/post"}],"author":[{"embeddable":true,"href":"https:\/\/www.sebastien-auziere.fr\/blog\/wp-json\/wp\/v2\/users\/9"}],"replies":[{"embeddable":true,"href":"https:\/\/www.sebastien-auziere.fr\/blog\/wp-json\/wp\/v2\/comments?post=2759"}],"version-history":[{"count":1,"href":"https:\/\/www.sebastien-auziere.fr\/blog\/wp-json\/wp\/v2\/posts\/2759\/revisions"}],"predecessor-version":[{"id":2760,"href":"https:\/\/www.sebastien-auziere.fr\/blog\/wp-json\/wp\/v2\/posts\/2759\/revisions\/2760"}],"wp:featuredmedia":[{"embeddable":true,"href":"https:\/\/www.sebastien-auziere.fr\/blog\/wp-json\/wp\/v2\/media\/2755"}],"wp:attachment":[{"href":"https:\/\/www.sebastien-auziere.fr\/blog\/wp-json\/wp\/v2\/media?parent=2759"}],"wp:term":[{"taxonomy":"category","embeddable":true,"href":"https:\/\/www.sebastien-auziere.fr\/blog\/wp-json\/wp\/v2\/categories?post=2759"},{"taxonomy":"post_tag","embeddable":true,"href":"https:\/\/www.sebastien-auziere.fr\/blog\/wp-json\/wp\/v2\/tags?post=2759"}],"curies":[{"name":"wp","href":"https:\/\/api.w.org\/{rel}","templated":true}]}}