{"id":2756,"date":"2026-04-04T19:01:11","date_gmt":"2026-04-04T19:01:11","guid":{"rendered":"https:\/\/www.sebastien-auziere.fr\/blog\/brigitte-macron-looks-blancs\/"},"modified":"2026-04-04T19:01:11","modified_gmt":"2026-04-04T19:01:11","slug":"brigitte-macron-looks-blancs","status":"publish","type":"post","link":"https:\/\/www.sebastien-auziere.fr\/blog\/brigitte-macron-looks-blancs\/","title":{"rendered":"Brigitte Macron : Inspirations \u00e9l\u00e9gantes de ses plus beaux looks blancs pour vos mariages civils et religieux"},"content":{"rendered":"<p><strong>Brigitte Macron<\/strong> illumine les c\u00e9r\u00e9monies officielles et priv\u00e9es par ses <strong>looks blancs<\/strong> d\u2019une \u00e9l\u00e9gance rare. D\u00e8s le premier regard, ces pi\u00e8ces \u2013 tailleurs ajust\u00e9s, robes longues ou courtes en dentelle \u2013 offrent une vraie <strong>inspiration \u00e9l\u00e9gante<\/strong> pour un <strong>mariage civil<\/strong> ou un <strong>mariage religieux<\/strong>.<\/p>\n\n<p><strong>En bref :<\/strong> la Premi\u00e8re dame mise sur des coupes nettes et des mati\u00e8res raffin\u00e9es, visibles lors du d\u00eener d\u2019\u00c9tat \u00e0 Rabat le <strong>29 octobre 2024<\/strong> ou \u00e0 Tokyo le <strong>2 avril 2026<\/strong>. Ces tenues peuvent guider le choix des <strong>robes blanches<\/strong> et des <strong>tenues de mariage<\/strong> pour un style chic et ma\u00eetris\u00e9.<\/p>\n\n<h2 class=\"wp-block-heading\">Robes longues et c\u00e9r\u00e9monies religieuses : sobri\u00e9t\u00e9 et mise en valeur<\/h2>\n\n<p>Pour une messe ou un office, privil\u00e9gie une robe longue aux lignes pures comme celle port\u00e9e \u00e0 Tokyo le <strong>2 avril 2026<\/strong>, coupe droite et col arrondi. La longueur midi et les manches longues respectent la biens\u00e9ance tout en restant contemporaine. L\u2019usage de d\u00e9tails discrets \u2014 poches boutonn\u00e9es ou sequins en cape pour un d\u00eener d\u2019\u00c9tat \u00e0 Rabat le <strong>29 octobre 2024<\/strong> \u2014 transforme la pi\u00e8ce en v\u00e9ritable r\u00e9f\u00e9rence de <strong>mode f\u00e9minine<\/strong>.<\/p>\n\n<h2 class=\"wp-block-heading\">Robes courtes et mariages civils : l&rsquo;\u00e9l\u00e9gance ma\u00eetris\u00e9e en ville<\/h2>\n\n<p>Pour la mairie, les robes courtes et les tailleurs-jupe fonctionnent \u00e0 merveille. Souvenez\u2011vous de la robe \u00e9vas\u00e9e vue \u00e0 Copenhague le <strong>29 ao\u00fbt 2018<\/strong> ou du mod\u00e8le sixties port\u00e9 lors d\u2019un d\u00e9jeuner officiel le <strong>20 juin 2023<\/strong>. Ces pi\u00e8ces, souvent associ\u00e9es \u00e0 un trench ou un manteau blanc, assurent un look chic sans ostentation, parfaitement adapt\u00e9 \u00e0 une c\u00e9r\u00e9monie civile.<\/p>\n\n<p>Le choix d\u2019un tissu r\u00e9sistant aux intemp\u00e9ries, comme le tweed ou la laine structur\u00e9e, permet de garder la pi\u00e8ce impeccable tout au long de la journ\u00e9e. C\u2019est un d\u00e9tail pratique pour celles qui veulent allier confort et raffinement.<\/p>\n\n<h2 class=\"wp-block-heading\">La dentelle et les d\u00e9tails couture : id\u00e9es pour une mari\u00e9e contemporaine<\/h2>\n\n<p>La dentelle, utilis\u00e9e par la Premi\u00e8re dame dans des versions contrast\u00e9es \u2014 fourreau Louis Vuitton \u00e0 Oslo le <strong>23 juin 2025<\/strong>, courte \u00e0 l\u2019\u00c9lys\u00e9e le <strong>10 mars 2016<\/strong> \u2014 apporte f\u00e9minit\u00e9 et modernit\u00e9. Les jeux de transparence restent subtils, parfaits pour une c\u00e9r\u00e9monie religieuse si tu veux conjuguer tradition et audace. Ces choix rappellent aussi l\u2019importance d\u2019une silhouette parfaitement ajust\u00e9e pour incarner le <strong>style chic<\/strong> \u00e0 la fran\u00e7aise.<\/p>\n\n<p>Pour approfondir ces inspirations et retrouver les clich\u00e9s et analyses mode, consulte les portfolios de <a href=\"https:\/\/photo.gala.fr\/mode\/les_stars_et_la_mode\/photos-brigitte-macron-ses-plus-beaux-looks-en-2025-20250124\" rel=\"nofollow\">Gala sur ses looks en 2025<\/a> ou la s\u00e9lection de <a href=\"https:\/\/www.elle.fr\/Mode\/La-mode-des-stars\/Les-plus-beaux-looks-de-Brigitte-Macron\" rel=\"nofollow\">ELLE d\u00e9di\u00e9e aux plus belles tenues<\/a>. Pour en d\u00e9couvrir davantage sur <strong>S\u00e9bastien Auzi\u00e8re<\/strong> et la famille Macron, rends-toi sur <a href=\"https:\/\/sebastien-auziere.fr\" rel=\"nofollow\">sebastien-auziere.fr<\/a>.<\/p>\n\n","protected":false},"excerpt":{"rendered":"<p>Brigitte Macron illumine les c\u00e9r\u00e9monies officielles et priv\u00e9es par ses looks blancs d\u2019une \u00e9l\u00e9gance rare. D\u00e8s le premier regard, ces pi\u00e8ces \u2013 tailleurs ajust\u00e9s, robes longues ou courtes en dentelle \u2013 offrent une vraie inspiration \u00e9l\u00e9gante pour un mariage civil ou un mariage religieux. En bref : la Premi\u00e8re dame mise sur des coupes nettes &#8230; <a title=\"Brigitte Macron : Inspirations \u00e9l\u00e9gantes de ses plus beaux looks blancs pour vos mariages civils et religieux\" class=\"read-more\" href=\"https:\/\/www.sebastien-auziere.fr\/blog\/brigitte-macron-looks-blancs\/\" aria-label=\"En savoir plus sur Brigitte Macron : Inspirations \u00e9l\u00e9gantes de ses plus beaux looks blancs pour vos mariages civils et religieux\">Lire plus<\/a><\/p>\n","protected":false},"author":9,"featured_media":2755,"comment_status":"open","ping_status":"open","sticky":false,"template":"","format":"standard","meta":{"footnotes":""},"categories":[597],"tags":[892,1709,1707,1711,1713],"class_list":["post-2756","post","type-post","status-publish","format-standard","has-post-thumbnail","hentry","category-actualites","tag-brigitte-macron","tag-inspirations-mode","tag-looks-blancs","tag-mariages-civils","tag-mariages-religieux"],"yoast_head":"<!-- This site is optimized with the Yoast SEO plugin v27.5 - https:\/\/yoast.com\/product\/yoast-seo-wordpress\/ -->\n<title>Brigitte Macron : Inspirations \u00e9l\u00e9gantes de ses plus beaux looks blancs pour vos mariages civils et religieux - Fan site S\u00e9bastien Auzi\u00e8re<\/title>\n<meta name=\"description\" content=\"D\u00e9couvrez les inspirations \u00e9l\u00e9gantes de Brigitte Macron et ses plus beaux looks blancs pour sublimer vos mariages civils et religieux avec style.\" \/>\n<meta name=\"robots\" content=\"index, follow, max-snippet:-1, max-image-preview:large, max-video-preview:-1\" \/>\n<link rel=\"canonical\" href=\"https:\/\/www.sebastien-auziere.fr\/blog\/brigitte-macron-looks-blancs\/\" \/>\n<meta property=\"og:locale\" content=\"fr_FR\" \/>\n<meta property=\"og:type\" content=\"article\" \/>\n<meta property=\"og:title\" content=\"Brigitte Macron : Inspirations \u00e9l\u00e9gantes de ses plus beaux looks blancs pour vos mariages civils et religieux - Fan site S\u00e9bastien Auzi\u00e8re\" \/>\n<meta property=\"og:description\" content=\"D\u00e9couvrez les inspirations \u00e9l\u00e9gantes de Brigitte Macron et ses plus beaux looks blancs pour sublimer vos mariages civils et religieux avec style.\" \/>\n<meta property=\"og:url\" content=\"https:\/\/www.sebastien-auziere.fr\/blog\/brigitte-macron-looks-blancs\/\" \/>\n<meta property=\"og:site_name\" content=\"Fan site S\u00e9bastien Auzi\u00e8re\" \/>\n<meta property=\"article:published_time\" content=\"2026-04-04T19:01:11+00:00\" \/>\n<meta property=\"og:image\" content=\"https:\/\/www.sebastien-auziere.fr\/blog\/wp-content\/uploads\/2026\/04\/Brigitte-Macron-Inspirations-elegantes-de-ses-plus-beaux-looks-blancs-pour-vos-mariages-civils-et-religieux.jpg\" \/>\n\t<meta property=\"og:image:width\" content=\"2560\" \/>\n\t<meta property=\"og:image:height\" content=\"1429\" \/>\n\t<meta property=\"og:image:type\" content=\"image\/jpeg\" \/>\n<meta name=\"author\" content=\"Chloe Gauthier\" \/>\n<meta name=\"twitter:card\" content=\"summary_large_image\" \/>\n<meta name=\"twitter:label1\" content=\"\u00c9crit par\" \/>\n\t<meta name=\"twitter:data1\" content=\"Chloe Gauthier\" \/>\n\t<meta name=\"twitter:label2\" content=\"Dur\u00e9e de lecture estim\u00e9e\" \/>\n\t<meta name=\"twitter:data2\" content=\"2 minutes\" \/>\n<script type=\"application\/ld+json\" class=\"yoast-schema-graph\">{\"@context\":\"https:\\\/\\\/schema.org\",\"@graph\":[{\"@type\":\"Article\",\"@id\":\"https:\\\/\\\/www.sebastien-auziere.fr\\\/blog\\\/brigitte-macron-looks-blancs\\\/#article\",\"isPartOf\":{\"@id\":\"https:\\\/\\\/www.sebastien-auziere.fr\\\/blog\\\/brigitte-macron-looks-blancs\\\/\"},\"author\":{\"name\":\"Chloe Gauthier\",\"@id\":\"https:\\\/\\\/www.sebastien-auziere.fr\\\/blog\\\/#\\\/schema\\\/person\\\/149f1acdbfd85149c6c3e59adeae2f4d\"},\"headline\":\"Brigitte Macron : Inspirations \u00e9l\u00e9gantes de ses plus beaux looks blancs pour vos mariages civils et religieux\",\"datePublished\":\"2026-04-04T19:01:11+00:00\",\"mainEntityOfPage\":{\"@id\":\"https:\\\/\\\/www.sebastien-auziere.fr\\\/blog\\\/brigitte-macron-looks-blancs\\\/\"},\"wordCount\":468,\"commentCount\":0,\"publisher\":{\"@id\":\"https:\\\/\\\/www.sebastien-auziere.fr\\\/blog\\\/#organization\"},\"image\":{\"@id\":\"https:\\\/\\\/www.sebastien-auziere.fr\\\/blog\\\/brigitte-macron-looks-blancs\\\/#primaryimage\"},\"thumbnailUrl\":\"https:\\\/\\\/www.sebastien-auziere.fr\\\/blog\\\/wp-content\\\/uploads\\\/2026\\\/04\\\/Brigitte-Macron-Inspirations-elegantes-de-ses-plus-beaux-looks-blancs-pour-vos-mariages-civils-et-religieux.jpg\",\"keywords\":[\"brigitte macron\",\"inspirations mode\",\"looks blancs\",\"mariages civils\",\"mariages religieux\"],\"articleSection\":[\"Actualit\u00e9s\"],\"inLanguage\":\"fr-FR\",\"potentialAction\":[{\"@type\":\"CommentAction\",\"name\":\"Comment\",\"target\":[\"https:\\\/\\\/www.sebastien-auziere.fr\\\/blog\\\/brigitte-macron-looks-blancs\\\/#respond\"]}]},{\"@type\":\"WebPage\",\"@id\":\"https:\\\/\\\/www.sebastien-auziere.fr\\\/blog\\\/brigitte-macron-looks-blancs\\\/\",\"url\":\"https:\\\/\\\/www.sebastien-auziere.fr\\\/blog\\\/brigitte-macron-looks-blancs\\\/\",\"name\":\"Brigitte Macron : Inspirations \u00e9l\u00e9gantes de ses plus beaux looks blancs pour vos mariages civils et religieux - Fan site S\u00e9bastien Auzi\u00e8re\",\"isPartOf\":{\"@id\":\"https:\\\/\\\/www.sebastien-auziere.fr\\\/blog\\\/#website\"},\"primaryImageOfPage\":{\"@id\":\"https:\\\/\\\/www.sebastien-auziere.fr\\\/blog\\\/brigitte-macron-looks-blancs\\\/#primaryimage\"},\"image\":{\"@id\":\"https:\\\/\\\/www.sebastien-auziere.fr\\\/blog\\\/brigitte-macron-looks-blancs\\\/#primaryimage\"},\"thumbnailUrl\":\"https:\\\/\\\/www.sebastien-auziere.fr\\\/blog\\\/wp-content\\\/uploads\\\/2026\\\/04\\\/Brigitte-Macron-Inspirations-elegantes-de-ses-plus-beaux-looks-blancs-pour-vos-mariages-civils-et-religieux.jpg\",\"datePublished\":\"2026-04-04T19:01:11+00:00\",\"description\":\"D\u00e9couvrez les inspirations \u00e9l\u00e9gantes de Brigitte Macron et ses plus beaux looks blancs pour sublimer vos mariages civils et religieux avec style.\",\"breadcrumb\":{\"@id\":\"https:\\\/\\\/www.sebastien-auziere.fr\\\/blog\\\/brigitte-macron-looks-blancs\\\/#breadcrumb\"},\"inLanguage\":\"fr-FR\",\"potentialAction\":[{\"@type\":\"ReadAction\",\"target\":[\"https:\\\/\\\/www.sebastien-auziere.fr\\\/blog\\\/brigitte-macron-looks-blancs\\\/\"]}]},{\"@type\":\"ImageObject\",\"inLanguage\":\"fr-FR\",\"@id\":\"https:\\\/\\\/www.sebastien-auziere.fr\\\/blog\\\/brigitte-macron-looks-blancs\\\/#primaryimage\",\"url\":\"https:\\\/\\\/www.sebastien-auziere.fr\\\/blog\\\/wp-content\\\/uploads\\\/2026\\\/04\\\/Brigitte-Macron-Inspirations-elegantes-de-ses-plus-beaux-looks-blancs-pour-vos-mariages-civils-et-religieux.jpg\",\"contentUrl\":\"https:\\\/\\\/www.sebastien-auziere.fr\\\/blog\\\/wp-content\\\/uploads\\\/2026\\\/04\\\/Brigitte-Macron-Inspirations-elegantes-de-ses-plus-beaux-looks-blancs-pour-vos-mariages-civils-et-religieux.jpg\",\"width\":2560,\"height\":1429,\"caption\":\"d\u00e9couvrez les inspirations \u00e9l\u00e9gantes des plus beaux looks blancs de brigitte macron pour sublimer vos mariages civils et religieux avec style et raffinement.\"},{\"@type\":\"BreadcrumbList\",\"@id\":\"https:\\\/\\\/www.sebastien-auziere.fr\\\/blog\\\/brigitte-macron-looks-blancs\\\/#breadcrumb\",\"itemListElement\":[{\"@type\":\"ListItem\",\"position\":1,\"name\":\"Home\",\"item\":\"https:\\\/\\\/www.sebastien-auziere.fr\\\/blog\\\/\"},{\"@type\":\"ListItem\",\"position\":2,\"name\":\"Brigitte Macron : Inspirations \u00e9l\u00e9gantes de ses plus beaux looks blancs pour vos mariages civils et religieux\"}]},{\"@type\":\"WebSite\",\"@id\":\"https:\\\/\\\/www.sebastien-auziere.fr\\\/blog\\\/#website\",\"url\":\"https:\\\/\\\/www.sebastien-auziere.fr\\\/blog\\\/\",\"name\":\"Fan site S\u00e9bastien Auzi\u00e8re\",\"description\":\"M\u00e9dia g\u00e9n\u00e9raliste\",\"publisher\":{\"@id\":\"https:\\\/\\\/www.sebastien-auziere.fr\\\/blog\\\/#organization\"},\"potentialAction\":[{\"@type\":\"SearchAction\",\"target\":{\"@type\":\"EntryPoint\",\"urlTemplate\":\"https:\\\/\\\/www.sebastien-auziere.fr\\\/blog\\\/?s={search_term_string}\"},\"query-input\":{\"@type\":\"PropertyValueSpecification\",\"valueRequired\":true,\"valueName\":\"search_term_string\"}}],\"inLanguage\":\"fr-FR\"},{\"@type\":\"Organization\",\"@id\":\"https:\\\/\\\/www.sebastien-auziere.fr\\\/blog\\\/#organization\",\"name\":\"Fan site S\u00e9bastien Auzi\u00e8re\",\"url\":\"https:\\\/\\\/www.sebastien-auziere.fr\\\/blog\\\/\",\"logo\":{\"@type\":\"ImageObject\",\"inLanguage\":\"fr-FR\",\"@id\":\"https:\\\/\\\/www.sebastien-auziere.fr\\\/blog\\\/#\\\/schema\\\/logo\\\/image\\\/\",\"url\":\"https:\\\/\\\/www.sebastien-auziere.fr\\\/blog\\\/wp-content\\\/uploads\\\/2026\\\/03\\\/cropped-cropped-cropped-ChatGPT-Image-6-mars-2026-12_58_09-e1772798376794.jpg\",\"contentUrl\":\"https:\\\/\\\/www.sebastien-auziere.fr\\\/blog\\\/wp-content\\\/uploads\\\/2026\\\/03\\\/cropped-cropped-cropped-ChatGPT-Image-6-mars-2026-12_58_09-e1772798376794.jpg\",\"width\":512,\"height\":360,\"caption\":\"Fan site S\u00e9bastien Auzi\u00e8re\"},\"image\":{\"@id\":\"https:\\\/\\\/www.sebastien-auziere.fr\\\/blog\\\/#\\\/schema\\\/logo\\\/image\\\/\"}},{\"@type\":\"Person\",\"@id\":\"https:\\\/\\\/www.sebastien-auziere.fr\\\/blog\\\/#\\\/schema\\\/person\\\/149f1acdbfd85149c6c3e59adeae2f4d\",\"name\":\"Chloe Gauthier\",\"image\":{\"@type\":\"ImageObject\",\"inLanguage\":\"fr-FR\",\"@id\":\"https:\\\/\\\/secure.gravatar.com\\\/avatar\\\/2c5722f58171cff738a8985ef0dd66b476e563753246a49019befc837ec4201a?s=96&d=mm&r=g\",\"url\":\"https:\\\/\\\/secure.gravatar.com\\\/avatar\\\/2c5722f58171cff738a8985ef0dd66b476e563753246a49019befc837ec4201a?s=96&d=mm&r=g\",\"contentUrl\":\"https:\\\/\\\/secure.gravatar.com\\\/avatar\\\/2c5722f58171cff738a8985ef0dd66b476e563753246a49019befc837ec4201a?s=96&d=mm&r=g\",\"caption\":\"Chloe Gauthier\"},\"description\":\"Passionn\u00e9e par la politique et admiratrice engag\u00e9e de la famille Macron, je consacre mon \u00e9nergie \u00e0 suivre leurs initiatives et \u00e0 promouvoir leurs id\u00e9es. \u00c0 32 ans, je suis convaincue que leur vision est porteuse d'avenir.\",\"url\":\"https:\\\/\\\/www.sebastien-auziere.fr\\\/blog\\\/author\\\/chloe-gauthier\\\/\"}]}<\/script>\n<!-- \/ Yoast SEO plugin. -->","yoast_head_json":{"title":"Brigitte Macron : Inspirations \u00e9l\u00e9gantes de ses plus beaux looks blancs pour vos mariages civils et religieux - Fan site S\u00e9bastien Auzi\u00e8re","description":"D\u00e9couvrez les inspirations \u00e9l\u00e9gantes de Brigitte Macron et ses plus beaux looks blancs pour sublimer vos mariages civils et religieux avec style.","robots":{"index":"index","follow":"follow","max-snippet":"max-snippet:-1","max-image-preview":"max-image-preview:large","max-video-preview":"max-video-preview:-1"},"canonical":"https:\/\/www.sebastien-auziere.fr\/blog\/brigitte-macron-looks-blancs\/","og_locale":"fr_FR","og_type":"article","og_title":"Brigitte Macron : Inspirations \u00e9l\u00e9gantes de ses plus beaux looks blancs pour vos mariages civils et religieux - Fan site S\u00e9bastien Auzi\u00e8re","og_description":"D\u00e9couvrez les inspirations \u00e9l\u00e9gantes de Brigitte Macron et ses plus beaux looks blancs pour sublimer vos mariages civils et religieux avec style.","og_url":"https:\/\/www.sebastien-auziere.fr\/blog\/brigitte-macron-looks-blancs\/","og_site_name":"Fan site S\u00e9bastien Auzi\u00e8re","article_published_time":"2026-04-04T19:01:11+00:00","og_image":[{"width":2560,"height":1429,"url":"https:\/\/www.sebastien-auziere.fr\/blog\/wp-content\/uploads\/2026\/04\/Brigitte-Macron-Inspirations-elegantes-de-ses-plus-beaux-looks-blancs-pour-vos-mariages-civils-et-religieux.jpg","type":"image\/jpeg"}],"author":"Chloe Gauthier","twitter_card":"summary_large_image","twitter_misc":{"\u00c9crit par":"Chloe Gauthier","Dur\u00e9e de lecture estim\u00e9e":"2 minutes"},"schema":{"@context":"https:\/\/schema.org","@graph":[{"@type":"Article","@id":"https:\/\/www.sebastien-auziere.fr\/blog\/brigitte-macron-looks-blancs\/#article","isPartOf":{"@id":"https:\/\/www.sebastien-auziere.fr\/blog\/brigitte-macron-looks-blancs\/"},"author":{"name":"Chloe Gauthier","@id":"https:\/\/www.sebastien-auziere.fr\/blog\/#\/schema\/person\/149f1acdbfd85149c6c3e59adeae2f4d"},"headline":"Brigitte Macron : Inspirations \u00e9l\u00e9gantes de ses plus beaux looks blancs pour vos mariages civils et religieux","datePublished":"2026-04-04T19:01:11+00:00","mainEntityOfPage":{"@id":"https:\/\/www.sebastien-auziere.fr\/blog\/brigitte-macron-looks-blancs\/"},"wordCount":468,"commentCount":0,"publisher":{"@id":"https:\/\/www.sebastien-auziere.fr\/blog\/#organization"},"image":{"@id":"https:\/\/www.sebastien-auziere.fr\/blog\/brigitte-macron-looks-blancs\/#primaryimage"},"thumbnailUrl":"https:\/\/www.sebastien-auziere.fr\/blog\/wp-content\/uploads\/2026\/04\/Brigitte-Macron-Inspirations-elegantes-de-ses-plus-beaux-looks-blancs-pour-vos-mariages-civils-et-religieux.jpg","keywords":["brigitte macron","inspirations mode","looks blancs","mariages civils","mariages religieux"],"articleSection":["Actualit\u00e9s"],"inLanguage":"fr-FR","potentialAction":[{"@type":"CommentAction","name":"Comment","target":["https:\/\/www.sebastien-auziere.fr\/blog\/brigitte-macron-looks-blancs\/#respond"]}]},{"@type":"WebPage","@id":"https:\/\/www.sebastien-auziere.fr\/blog\/brigitte-macron-looks-blancs\/","url":"https:\/\/www.sebastien-auziere.fr\/blog\/brigitte-macron-looks-blancs\/","name":"Brigitte Macron : Inspirations \u00e9l\u00e9gantes de ses plus beaux looks blancs pour vos mariages civils et religieux - Fan site S\u00e9bastien Auzi\u00e8re","isPartOf":{"@id":"https:\/\/www.sebastien-auziere.fr\/blog\/#website"},"primaryImageOfPage":{"@id":"https:\/\/www.sebastien-auziere.fr\/blog\/brigitte-macron-looks-blancs\/#primaryimage"},"image":{"@id":"https:\/\/www.sebastien-auziere.fr\/blog\/brigitte-macron-looks-blancs\/#primaryimage"},"thumbnailUrl":"https:\/\/www.sebastien-auziere.fr\/blog\/wp-content\/uploads\/2026\/04\/Brigitte-Macron-Inspirations-elegantes-de-ses-plus-beaux-looks-blancs-pour-vos-mariages-civils-et-religieux.jpg","datePublished":"2026-04-04T19:01:11+00:00","description":"D\u00e9couvrez les inspirations \u00e9l\u00e9gantes de Brigitte Macron et ses plus beaux looks blancs pour sublimer vos mariages civils et religieux avec style.","breadcrumb":{"@id":"https:\/\/www.sebastien-auziere.fr\/blog\/brigitte-macron-looks-blancs\/#breadcrumb"},"inLanguage":"fr-FR","potentialAction":[{"@type":"ReadAction","target":["https:\/\/www.sebastien-auziere.fr\/blog\/brigitte-macron-looks-blancs\/"]}]},{"@type":"ImageObject","inLanguage":"fr-FR","@id":"https:\/\/www.sebastien-auziere.fr\/blog\/brigitte-macron-looks-blancs\/#primaryimage","url":"https:\/\/www.sebastien-auziere.fr\/blog\/wp-content\/uploads\/2026\/04\/Brigitte-Macron-Inspirations-elegantes-de-ses-plus-beaux-looks-blancs-pour-vos-mariages-civils-et-religieux.jpg","contentUrl":"https:\/\/www.sebastien-auziere.fr\/blog\/wp-content\/uploads\/2026\/04\/Brigitte-Macron-Inspirations-elegantes-de-ses-plus-beaux-looks-blancs-pour-vos-mariages-civils-et-religieux.jpg","width":2560,"height":1429,"caption":"d\u00e9couvrez les inspirations \u00e9l\u00e9gantes des plus beaux looks blancs de brigitte macron pour sublimer vos mariages civils et religieux avec style et raffinement."},{"@type":"BreadcrumbList","@id":"https:\/\/www.sebastien-auziere.fr\/blog\/brigitte-macron-looks-blancs\/#breadcrumb","itemListElement":[{"@type":"ListItem","position":1,"name":"Home","item":"https:\/\/www.sebastien-auziere.fr\/blog\/"},{"@type":"ListItem","position":2,"name":"Brigitte Macron : Inspirations \u00e9l\u00e9gantes de ses plus beaux looks blancs pour vos mariages civils et religieux"}]},{"@type":"WebSite","@id":"https:\/\/www.sebastien-auziere.fr\/blog\/#website","url":"https:\/\/www.sebastien-auziere.fr\/blog\/","name":"Fan site S\u00e9bastien Auzi\u00e8re","description":"M\u00e9dia g\u00e9n\u00e9raliste","publisher":{"@id":"https:\/\/www.sebastien-auziere.fr\/blog\/#organization"},"potentialAction":[{"@type":"SearchAction","target":{"@type":"EntryPoint","urlTemplate":"https:\/\/www.sebastien-auziere.fr\/blog\/?s={search_term_string}"},"query-input":{"@type":"PropertyValueSpecification","valueRequired":true,"valueName":"search_term_string"}}],"inLanguage":"fr-FR"},{"@type":"Organization","@id":"https:\/\/www.sebastien-auziere.fr\/blog\/#organization","name":"Fan site S\u00e9bastien Auzi\u00e8re","url":"https:\/\/www.sebastien-auziere.fr\/blog\/","logo":{"@type":"ImageObject","inLanguage":"fr-FR","@id":"https:\/\/www.sebastien-auziere.fr\/blog\/#\/schema\/logo\/image\/","url":"https:\/\/www.sebastien-auziere.fr\/blog\/wp-content\/uploads\/2026\/03\/cropped-cropped-cropped-ChatGPT-Image-6-mars-2026-12_58_09-e1772798376794.jpg","contentUrl":"https:\/\/www.sebastien-auziere.fr\/blog\/wp-content\/uploads\/2026\/03\/cropped-cropped-cropped-ChatGPT-Image-6-mars-2026-12_58_09-e1772798376794.jpg","width":512,"height":360,"caption":"Fan site S\u00e9bastien Auzi\u00e8re"},"image":{"@id":"https:\/\/www.sebastien-auziere.fr\/blog\/#\/schema\/logo\/image\/"}},{"@type":"Person","@id":"https:\/\/www.sebastien-auziere.fr\/blog\/#\/schema\/person\/149f1acdbfd85149c6c3e59adeae2f4d","name":"Chloe Gauthier","image":{"@type":"ImageObject","inLanguage":"fr-FR","@id":"https:\/\/secure.gravatar.com\/avatar\/2c5722f58171cff738a8985ef0dd66b476e563753246a49019befc837ec4201a?s=96&d=mm&r=g","url":"https:\/\/secure.gravatar.com\/avatar\/2c5722f58171cff738a8985ef0dd66b476e563753246a49019befc837ec4201a?s=96&d=mm&r=g","contentUrl":"https:\/\/secure.gravatar.com\/avatar\/2c5722f58171cff738a8985ef0dd66b476e563753246a49019befc837ec4201a?s=96&d=mm&r=g","caption":"Chloe Gauthier"},"description":"Passionn\u00e9e par la politique et admiratrice engag\u00e9e de la famille Macron, je consacre mon \u00e9nergie \u00e0 suivre leurs initiatives et \u00e0 promouvoir leurs id\u00e9es. \u00c0 32 ans, je suis convaincue que leur vision est porteuse d'avenir.","url":"https:\/\/www.sebastien-auziere.fr\/blog\/author\/chloe-gauthier\/"}]}},"views":14,"_links":{"self":[{"href":"https:\/\/www.sebastien-auziere.fr\/blog\/wp-json\/wp\/v2\/posts\/2756","targetHints":{"allow":["GET"]}}],"collection":[{"href":"https:\/\/www.sebastien-auziere.fr\/blog\/wp-json\/wp\/v2\/posts"}],"about":[{"href":"https:\/\/www.sebastien-auziere.fr\/blog\/wp-json\/wp\/v2\/types\/post"}],"author":[{"embeddable":true,"href":"https:\/\/www.sebastien-auziere.fr\/blog\/wp-json\/wp\/v2\/users\/9"}],"replies":[{"embeddable":true,"href":"https:\/\/www.sebastien-auziere.fr\/blog\/wp-json\/wp\/v2\/comments?post=2756"}],"version-history":[{"count":0,"href":"https:\/\/www.sebastien-auziere.fr\/blog\/wp-json\/wp\/v2\/posts\/2756\/revisions"}],"wp:featuredmedia":[{"embeddable":true,"href":"https:\/\/www.sebastien-auziere.fr\/blog\/wp-json\/wp\/v2\/media\/2755"}],"wp:attachment":[{"href":"https:\/\/www.sebastien-auziere.fr\/blog\/wp-json\/wp\/v2\/media?parent=2756"}],"wp:term":[{"taxonomy":"category","embeddable":true,"href":"https:\/\/www.sebastien-auziere.fr\/blog\/wp-json\/wp\/v2\/categories?post=2756"},{"taxonomy":"post_tag","embeddable":true,"href":"https:\/\/www.sebastien-auziere.fr\/blog\/wp-json\/wp\/v2\/tags?post=2756"}],"curies":[{"name":"wp","href":"https:\/\/api.w.org\/{rel}","templated":true}]}}