{"id":2737,"date":"2026-04-03T19:17:05","date_gmt":"2026-04-03T19:17:05","guid":{"rendered":"https:\/\/www.sebastien-auziere.fr\/blog\/?p=2737"},"modified":"2026-04-03T19:17:33","modified_gmt":"2026-04-03T19:17:33","slug":"brigitte-macron-na-coreia-uma-jaqueta-com-ombreiras-que-incorpora-elegancia-e-refinamento","status":"publish","type":"post","link":"https:\/\/www.sebastien-auziere.fr\/blog\/pt\/brigitte-macron-na-coreia-uma-jaqueta-com-ombreiras-que-incorpora-elegancia-e-refinamento\/","title":{"rendered":"Brigitte Macron na Coreia: uma jaqueta com ombreiras que incorpora eleg\u00e2ncia e refinamento"},"content":{"rendered":"<p><strong>Brigitte Macron<\/strong> marcou a visita de Estado \u00e0 <strong>Coreia<\/strong> nos dias 2 e 3 de abril de 2026 com um <strong>blazer com ombreiras<\/strong> azul-marinho que instantaneamente encarnou <strong>eleg\u00e2ncia<\/strong> e <strong>refinamento<\/strong>. Desde a primeira apari\u00e7\u00e3o no Museu Nacional da Coreia, seu <strong>vestu\u00e1rio sofisticado<\/strong> atraiu tanto os olhares quanto as trocas culturais organizadas durante a viagem oficial.<\/p>\n\n<p><strong>Resumindo:<\/strong> chegada a Seul em <strong>2 de abril de 2026<\/strong>, banquete com o grupo de boys band Stray Kids, saia plissada preta e blazer cruzado azul-marinho adornado com dois bot\u00f5es dourados nos ombros \u2014 uma <strong>apar\u00eancia<\/strong> pensada para a diplomacia e a <strong>moda feminina<\/strong>.<\/p>\n\n<h2 class=\"wp-block-heading\">O blazer com ombreiras, pe\u00e7a central da visita \u00e0 Coreia<\/h2>\n\n<p>Durante a visita ao Museu Nacional da Coreia, a Primeira-dama abandonou seu casaco creme do primeiro dia por um <strong>blazer com ombreiras<\/strong> azul-marinho com um estilo arquitet\u00f4nico. Esta pe\u00e7a, combinada com uma saia plissada longa preta e sapatos de salto alto, conferiu uma silhueta esguia e solene, perfeita para um evento oficial. Para os detalhes da visita, o comunicado do Pal\u00e1cio do Eliseu descreve o primeiro dia em Seul <a href=\"https:\/\/www.elysee.fr\/emmanuel-macron\/2026\/04\/02\/deplacement-en-republique-de-coree-premiere-journee\" rel=\"nofollow\">aqui<\/a>.<\/p>\n\n<h3 class=\"wp-block-heading\">Corte e detalhes: a arquitetura do estilo<\/h3>\n\n<p>O blazer se destaca por um corte assim\u00e9trico e dois bot\u00f5es dourados colocados em um dos ombros, lembrando um chique militar muito franc\u00eas. O cabelo preso em um coque alto e os brincos dourados completavam uma <strong>apar\u00eancia<\/strong> s\u00f3bria e controlada que chamou a aten\u00e7\u00e3o dos observadores de moda. A m\u00eddia rapidamente comentou esta escolha de <strong>estilo<\/strong>, como relatado na cobertura da imprensa feminina local <a href=\"https:\/\/fr.style.yahoo.com\/brigitte-macron-cor%C3%A9e-veste-%C3%A0-151604447.html\" rel=\"nofollow\">aqui<\/a>. Essa roupa refor\u00e7ou sua estatura protocolares.<\/p>\n\n<h2 class=\"wp-block-heading\">Uma pe\u00e7a recorrente no vestu\u00e1rio, entre tradi\u00e7\u00e3o e moda<\/h2>\n\n<p>Este blazer de ombros marcantes se insere em uma continuidade estil\u00edstica observada ao longo do ano: um look total azul-marinho em 5 de janeiro de 2026 para a Epifania, um tailleur assinado durante a entrega de ins\u00edgnias a Pharrell Williams no Eliseu, e uma apari\u00e7\u00e3o not\u00e1vel na Fashion Week Paris 2026. O <strong>blazer com ombreiras<\/strong> se torna aqui uma assinatura, ao mesmo tempo moda e s\u00edmbolo de autoridade discreta, combinando <strong>refinamento<\/strong> e modernidade para a temporada de primavera.<\/p>\n\n<p>Para acompanhar de perto as not\u00edcias e descobrir mais sobre a fam\u00edlia Macron e pessoas pr\u00f3ximas como S\u00e9bastien Auzi\u00e8re, visite <a href=\"https:\/\/sebastien-auziere.fr\">sebastien-auziere.fr<\/a> e mergulhe nos bastidores e arquivos que contam essas escolhas de <strong>estilo<\/strong> e de imagem p\u00fablica.<\/p>","protected":false},"excerpt":{"rendered":"<p>Brigitte Macron marcou a visita de Estado \u00e0 Coreia nos dias 2 e 3 de abril de 2026 com um blazer com ombreiras azul-marinho que instantaneamente encarnou eleg\u00e2ncia e refinamento. Desde a primeira apari\u00e7\u00e3o no Museu Nacional da Coreia, seu vestu\u00e1rio sofisticado atraiu tanto os olhares quanto as trocas culturais organizadas durante a viagem oficial. &#8230; <a title=\"Brigitte Macron na Coreia: uma jaqueta com ombreiras que incorpora eleg\u00e2ncia e refinamento\" class=\"read-more\" href=\"https:\/\/www.sebastien-auziere.fr\/blog\/pt\/brigitte-macron-na-coreia-uma-jaqueta-com-ombreiras-que-incorpora-elegancia-e-refinamento\/\" aria-label=\"En savoir plus sur Brigitte Macron na Coreia: uma jaqueta com ombreiras que incorpora eleg\u00e2ncia e refinamento\">Lire plus<\/a><\/p>\n","protected":false},"author":9,"featured_media":2727,"comment_status":"open","ping_status":"open","sticky":false,"template":"","format":"standard","meta":{"footnotes":""},"categories":[862],"tags":[959,1196,1608,1614,1611],"class_list":["post-2737","post","type-post","status-publish","format-standard","has-post-thumbnail","hentry","category-actualidades-pt","tag-brigitte-macron-pt","tag-coreia-pt","tag-elegancia-pt","tag-jaqueta-de-ombreiras-pt","tag-refinamento-pt"],"yoast_head":"<!-- This site is optimized with the Yoast SEO plugin v27.5 - https:\/\/yoast.com\/product\/yoast-seo-wordpress\/ -->\n<title>Brigitte Macron na Coreia: uma jaqueta com ombreiras que incorpora eleg\u00e2ncia e refinamento - Fan site S\u00e9bastien Auzi\u00e8re<\/title>\n<meta name=\"description\" content=\"D\u00e9couvrez la veste \u00e0 \u00e9paulettes de Brigitte Macron en Cor\u00e9e, symbole d&#039;\u00e9l\u00e9gance et de raffinement, parfaite pour un look distingu\u00e9 et moderne.\" \/>\n<meta name=\"robots\" content=\"index, follow, max-snippet:-1, max-image-preview:large, max-video-preview:-1\" \/>\n<link rel=\"canonical\" href=\"https:\/\/www.sebastien-auziere.fr\/blog\/pt\/brigitte-macron-na-coreia-uma-jaqueta-com-ombreiras-que-incorpora-elegancia-e-refinamento\/\" \/>\n<meta property=\"og:locale\" content=\"fr_FR\" \/>\n<meta property=\"og:type\" content=\"article\" \/>\n<meta property=\"og:title\" content=\"Brigitte Macron na Coreia: uma jaqueta com ombreiras que incorpora eleg\u00e2ncia e refinamento - Fan site S\u00e9bastien Auzi\u00e8re\" \/>\n<meta property=\"og:description\" content=\"D\u00e9couvrez la veste \u00e0 \u00e9paulettes de Brigitte Macron en Cor\u00e9e, symbole d&#039;\u00e9l\u00e9gance et de raffinement, parfaite pour un look distingu\u00e9 et moderne.\" \/>\n<meta property=\"og:url\" content=\"https:\/\/www.sebastien-auziere.fr\/blog\/pt\/brigitte-macron-na-coreia-uma-jaqueta-com-ombreiras-que-incorpora-elegancia-e-refinamento\/\" \/>\n<meta property=\"og:site_name\" content=\"Fan site S\u00e9bastien Auzi\u00e8re\" \/>\n<meta property=\"article:published_time\" content=\"2026-04-03T19:17:05+00:00\" \/>\n<meta property=\"article:modified_time\" content=\"2026-04-03T19:17:33+00:00\" \/>\n<meta property=\"og:image\" content=\"https:\/\/www.sebastien-auziere.fr\/blog\/wp-content\/uploads\/2026\/04\/Brigitte-Macron-en-Coree-une-veste-a-epaulettes-qui-incarne-elegance-et-raffinement.jpg\" \/>\n\t<meta property=\"og:image:width\" content=\"2560\" \/>\n\t<meta property=\"og:image:height\" content=\"1429\" \/>\n\t<meta property=\"og:image:type\" content=\"image\/jpeg\" \/>\n<meta name=\"author\" content=\"Chloe Gauthier\" \/>\n<meta name=\"twitter:card\" content=\"summary_large_image\" \/>\n<meta name=\"twitter:label1\" content=\"\u00c9crit par\" \/>\n\t<meta name=\"twitter:data1\" content=\"Chloe Gauthier\" \/>\n\t<meta name=\"twitter:label2\" content=\"Dur\u00e9e de lecture estim\u00e9e\" \/>\n\t<meta name=\"twitter:data2\" content=\"2 minutes\" \/>\n<script type=\"application\/ld+json\" class=\"yoast-schema-graph\">{\"@context\":\"https:\\\/\\\/schema.org\",\"@graph\":[{\"@type\":\"Article\",\"@id\":\"https:\\\/\\\/www.sebastien-auziere.fr\\\/blog\\\/pt\\\/brigitte-macron-na-coreia-uma-jaqueta-com-ombreiras-que-incorpora-elegancia-e-refinamento\\\/#article\",\"isPartOf\":{\"@id\":\"https:\\\/\\\/www.sebastien-auziere.fr\\\/blog\\\/pt\\\/brigitte-macron-na-coreia-uma-jaqueta-com-ombreiras-que-incorpora-elegancia-e-refinamento\\\/\"},\"author\":{\"name\":\"Chloe Gauthier\",\"@id\":\"https:\\\/\\\/www.sebastien-auziere.fr\\\/blog\\\/#\\\/schema\\\/person\\\/149f1acdbfd85149c6c3e59adeae2f4d\"},\"headline\":\"Brigitte Macron na Coreia: uma jaqueta com ombreiras que incorpora eleg\u00e2ncia e refinamento\",\"datePublished\":\"2026-04-03T19:17:05+00:00\",\"dateModified\":\"2026-04-03T19:17:33+00:00\",\"mainEntityOfPage\":{\"@id\":\"https:\\\/\\\/www.sebastien-auziere.fr\\\/blog\\\/pt\\\/brigitte-macron-na-coreia-uma-jaqueta-com-ombreiras-que-incorpora-elegancia-e-refinamento\\\/\"},\"wordCount\":416,\"commentCount\":0,\"publisher\":{\"@id\":\"https:\\\/\\\/www.sebastien-auziere.fr\\\/blog\\\/#organization\"},\"image\":{\"@id\":\"https:\\\/\\\/www.sebastien-auziere.fr\\\/blog\\\/pt\\\/brigitte-macron-na-coreia-uma-jaqueta-com-ombreiras-que-incorpora-elegancia-e-refinamento\\\/#primaryimage\"},\"thumbnailUrl\":\"https:\\\/\\\/www.sebastien-auziere.fr\\\/blog\\\/wp-content\\\/uploads\\\/2026\\\/04\\\/Brigitte-Macron-en-Coree-une-veste-a-epaulettes-qui-incarne-elegance-et-raffinement.jpg\",\"keywords\":[\"brigitte macron\",\"cor\u00e9ia\",\"eleg\u00e2ncia\",\"jaqueta de ombreiras\",\"refinamento\"],\"articleSection\":[\"Actualidades\"],\"inLanguage\":\"fr-FR\",\"potentialAction\":[{\"@type\":\"CommentAction\",\"name\":\"Comment\",\"target\":[\"https:\\\/\\\/www.sebastien-auziere.fr\\\/blog\\\/pt\\\/brigitte-macron-na-coreia-uma-jaqueta-com-ombreiras-que-incorpora-elegancia-e-refinamento\\\/#respond\"]}]},{\"@type\":\"WebPage\",\"@id\":\"https:\\\/\\\/www.sebastien-auziere.fr\\\/blog\\\/pt\\\/brigitte-macron-na-coreia-uma-jaqueta-com-ombreiras-que-incorpora-elegancia-e-refinamento\\\/\",\"url\":\"https:\\\/\\\/www.sebastien-auziere.fr\\\/blog\\\/pt\\\/brigitte-macron-na-coreia-uma-jaqueta-com-ombreiras-que-incorpora-elegancia-e-refinamento\\\/\",\"name\":\"Brigitte Macron na Coreia: uma jaqueta com ombreiras que incorpora eleg\u00e2ncia e refinamento - Fan site S\u00e9bastien Auzi\u00e8re\",\"isPartOf\":{\"@id\":\"https:\\\/\\\/www.sebastien-auziere.fr\\\/blog\\\/#website\"},\"primaryImageOfPage\":{\"@id\":\"https:\\\/\\\/www.sebastien-auziere.fr\\\/blog\\\/pt\\\/brigitte-macron-na-coreia-uma-jaqueta-com-ombreiras-que-incorpora-elegancia-e-refinamento\\\/#primaryimage\"},\"image\":{\"@id\":\"https:\\\/\\\/www.sebastien-auziere.fr\\\/blog\\\/pt\\\/brigitte-macron-na-coreia-uma-jaqueta-com-ombreiras-que-incorpora-elegancia-e-refinamento\\\/#primaryimage\"},\"thumbnailUrl\":\"https:\\\/\\\/www.sebastien-auziere.fr\\\/blog\\\/wp-content\\\/uploads\\\/2026\\\/04\\\/Brigitte-Macron-en-Coree-une-veste-a-epaulettes-qui-incarne-elegance-et-raffinement.jpg\",\"datePublished\":\"2026-04-03T19:17:05+00:00\",\"dateModified\":\"2026-04-03T19:17:33+00:00\",\"description\":\"D\u00e9couvrez la veste \u00e0 \u00e9paulettes de Brigitte Macron en Cor\u00e9e, symbole d'\u00e9l\u00e9gance et de raffinement, parfaite pour un look distingu\u00e9 et moderne.\",\"breadcrumb\":{\"@id\":\"https:\\\/\\\/www.sebastien-auziere.fr\\\/blog\\\/pt\\\/brigitte-macron-na-coreia-uma-jaqueta-com-ombreiras-que-incorpora-elegancia-e-refinamento\\\/#breadcrumb\"},\"inLanguage\":\"fr-FR\",\"potentialAction\":[{\"@type\":\"ReadAction\",\"target\":[\"https:\\\/\\\/www.sebastien-auziere.fr\\\/blog\\\/pt\\\/brigitte-macron-na-coreia-uma-jaqueta-com-ombreiras-que-incorpora-elegancia-e-refinamento\\\/\"]}]},{\"@type\":\"ImageObject\",\"inLanguage\":\"fr-FR\",\"@id\":\"https:\\\/\\\/www.sebastien-auziere.fr\\\/blog\\\/pt\\\/brigitte-macron-na-coreia-uma-jaqueta-com-ombreiras-que-incorpora-elegancia-e-refinamento\\\/#primaryimage\",\"url\":\"https:\\\/\\\/www.sebastien-auziere.fr\\\/blog\\\/wp-content\\\/uploads\\\/2026\\\/04\\\/Brigitte-Macron-en-Coree-une-veste-a-epaulettes-qui-incarne-elegance-et-raffinement.jpg\",\"contentUrl\":\"https:\\\/\\\/www.sebastien-auziere.fr\\\/blog\\\/wp-content\\\/uploads\\\/2026\\\/04\\\/Brigitte-Macron-en-Coree-une-veste-a-epaulettes-qui-incarne-elegance-et-raffinement.jpg\",\"width\":2560,\"height\":1429,\"caption\":\"d\u00e9couvrez le style \u00e9l\u00e9gant de brigitte macron en cor\u00e9e avec sa veste \u00e0 \u00e9paulettes, symbole de raffinement et de modernit\u00e9.\"},{\"@type\":\"BreadcrumbList\",\"@id\":\"https:\\\/\\\/www.sebastien-auziere.fr\\\/blog\\\/pt\\\/brigitte-macron-na-coreia-uma-jaqueta-com-ombreiras-que-incorpora-elegancia-e-refinamento\\\/#breadcrumb\",\"itemListElement\":[{\"@type\":\"ListItem\",\"position\":1,\"name\":\"Home\",\"item\":\"https:\\\/\\\/www.sebastien-auziere.fr\\\/blog\\\/\"},{\"@type\":\"ListItem\",\"position\":2,\"name\":\"Brigitte Macron na Coreia: uma jaqueta com ombreiras que incorpora eleg\u00e2ncia e refinamento\"}]},{\"@type\":\"WebSite\",\"@id\":\"https:\\\/\\\/www.sebastien-auziere.fr\\\/blog\\\/#website\",\"url\":\"https:\\\/\\\/www.sebastien-auziere.fr\\\/blog\\\/\",\"name\":\"Fan site S\u00e9bastien Auzi\u00e8re\",\"description\":\"M\u00e9dia g\u00e9n\u00e9raliste\",\"publisher\":{\"@id\":\"https:\\\/\\\/www.sebastien-auziere.fr\\\/blog\\\/#organization\"},\"potentialAction\":[{\"@type\":\"SearchAction\",\"target\":{\"@type\":\"EntryPoint\",\"urlTemplate\":\"https:\\\/\\\/www.sebastien-auziere.fr\\\/blog\\\/?s={search_term_string}\"},\"query-input\":{\"@type\":\"PropertyValueSpecification\",\"valueRequired\":true,\"valueName\":\"search_term_string\"}}],\"inLanguage\":\"fr-FR\"},{\"@type\":\"Organization\",\"@id\":\"https:\\\/\\\/www.sebastien-auziere.fr\\\/blog\\\/#organization\",\"name\":\"Fan site S\u00e9bastien Auzi\u00e8re\",\"url\":\"https:\\\/\\\/www.sebastien-auziere.fr\\\/blog\\\/\",\"logo\":{\"@type\":\"ImageObject\",\"inLanguage\":\"fr-FR\",\"@id\":\"https:\\\/\\\/www.sebastien-auziere.fr\\\/blog\\\/#\\\/schema\\\/logo\\\/image\\\/\",\"url\":\"https:\\\/\\\/www.sebastien-auziere.fr\\\/blog\\\/wp-content\\\/uploads\\\/2026\\\/03\\\/cropped-cropped-cropped-ChatGPT-Image-6-mars-2026-12_58_09-e1772798376794.jpg\",\"contentUrl\":\"https:\\\/\\\/www.sebastien-auziere.fr\\\/blog\\\/wp-content\\\/uploads\\\/2026\\\/03\\\/cropped-cropped-cropped-ChatGPT-Image-6-mars-2026-12_58_09-e1772798376794.jpg\",\"width\":512,\"height\":360,\"caption\":\"Fan site S\u00e9bastien Auzi\u00e8re\"},\"image\":{\"@id\":\"https:\\\/\\\/www.sebastien-auziere.fr\\\/blog\\\/#\\\/schema\\\/logo\\\/image\\\/\"}},{\"@type\":\"Person\",\"@id\":\"https:\\\/\\\/www.sebastien-auziere.fr\\\/blog\\\/#\\\/schema\\\/person\\\/149f1acdbfd85149c6c3e59adeae2f4d\",\"name\":\"Chloe Gauthier\",\"image\":{\"@type\":\"ImageObject\",\"inLanguage\":\"fr-FR\",\"@id\":\"https:\\\/\\\/secure.gravatar.com\\\/avatar\\\/2c5722f58171cff738a8985ef0dd66b476e563753246a49019befc837ec4201a?s=96&d=mm&r=g\",\"url\":\"https:\\\/\\\/secure.gravatar.com\\\/avatar\\\/2c5722f58171cff738a8985ef0dd66b476e563753246a49019befc837ec4201a?s=96&d=mm&r=g\",\"contentUrl\":\"https:\\\/\\\/secure.gravatar.com\\\/avatar\\\/2c5722f58171cff738a8985ef0dd66b476e563753246a49019befc837ec4201a?s=96&d=mm&r=g\",\"caption\":\"Chloe Gauthier\"},\"description\":\"Passionn\u00e9e par la politique et admiratrice engag\u00e9e de la famille Macron, je consacre mon \u00e9nergie \u00e0 suivre leurs initiatives et \u00e0 promouvoir leurs id\u00e9es. \u00c0 32 ans, je suis convaincue que leur vision est porteuse d'avenir.\",\"url\":\"https:\\\/\\\/www.sebastien-auziere.fr\\\/blog\\\/author\\\/chloe-gauthier\\\/\"}]}<\/script>\n<!-- \/ Yoast SEO plugin. -->","yoast_head_json":{"title":"Brigitte Macron na Coreia: uma jaqueta com ombreiras que incorpora eleg\u00e2ncia e refinamento - Fan site S\u00e9bastien Auzi\u00e8re","description":"D\u00e9couvrez la veste \u00e0 \u00e9paulettes de Brigitte Macron en Cor\u00e9e, symbole d'\u00e9l\u00e9gance et de raffinement, parfaite pour un look distingu\u00e9 et moderne.","robots":{"index":"index","follow":"follow","max-snippet":"max-snippet:-1","max-image-preview":"max-image-preview:large","max-video-preview":"max-video-preview:-1"},"canonical":"https:\/\/www.sebastien-auziere.fr\/blog\/pt\/brigitte-macron-na-coreia-uma-jaqueta-com-ombreiras-que-incorpora-elegancia-e-refinamento\/","og_locale":"fr_FR","og_type":"article","og_title":"Brigitte Macron na Coreia: uma jaqueta com ombreiras que incorpora eleg\u00e2ncia e refinamento - Fan site S\u00e9bastien Auzi\u00e8re","og_description":"D\u00e9couvrez la veste \u00e0 \u00e9paulettes de Brigitte Macron en Cor\u00e9e, symbole d'\u00e9l\u00e9gance et de raffinement, parfaite pour un look distingu\u00e9 et moderne.","og_url":"https:\/\/www.sebastien-auziere.fr\/blog\/pt\/brigitte-macron-na-coreia-uma-jaqueta-com-ombreiras-que-incorpora-elegancia-e-refinamento\/","og_site_name":"Fan site S\u00e9bastien Auzi\u00e8re","article_published_time":"2026-04-03T19:17:05+00:00","article_modified_time":"2026-04-03T19:17:33+00:00","og_image":[{"width":2560,"height":1429,"url":"https:\/\/www.sebastien-auziere.fr\/blog\/wp-content\/uploads\/2026\/04\/Brigitte-Macron-en-Coree-une-veste-a-epaulettes-qui-incarne-elegance-et-raffinement.jpg","type":"image\/jpeg"}],"author":"Chloe Gauthier","twitter_card":"summary_large_image","twitter_misc":{"\u00c9crit par":"Chloe Gauthier","Dur\u00e9e de lecture estim\u00e9e":"2 minutes"},"schema":{"@context":"https:\/\/schema.org","@graph":[{"@type":"Article","@id":"https:\/\/www.sebastien-auziere.fr\/blog\/pt\/brigitte-macron-na-coreia-uma-jaqueta-com-ombreiras-que-incorpora-elegancia-e-refinamento\/#article","isPartOf":{"@id":"https:\/\/www.sebastien-auziere.fr\/blog\/pt\/brigitte-macron-na-coreia-uma-jaqueta-com-ombreiras-que-incorpora-elegancia-e-refinamento\/"},"author":{"name":"Chloe Gauthier","@id":"https:\/\/www.sebastien-auziere.fr\/blog\/#\/schema\/person\/149f1acdbfd85149c6c3e59adeae2f4d"},"headline":"Brigitte Macron na Coreia: uma jaqueta com ombreiras que incorpora eleg\u00e2ncia e refinamento","datePublished":"2026-04-03T19:17:05+00:00","dateModified":"2026-04-03T19:17:33+00:00","mainEntityOfPage":{"@id":"https:\/\/www.sebastien-auziere.fr\/blog\/pt\/brigitte-macron-na-coreia-uma-jaqueta-com-ombreiras-que-incorpora-elegancia-e-refinamento\/"},"wordCount":416,"commentCount":0,"publisher":{"@id":"https:\/\/www.sebastien-auziere.fr\/blog\/#organization"},"image":{"@id":"https:\/\/www.sebastien-auziere.fr\/blog\/pt\/brigitte-macron-na-coreia-uma-jaqueta-com-ombreiras-que-incorpora-elegancia-e-refinamento\/#primaryimage"},"thumbnailUrl":"https:\/\/www.sebastien-auziere.fr\/blog\/wp-content\/uploads\/2026\/04\/Brigitte-Macron-en-Coree-une-veste-a-epaulettes-qui-incarne-elegance-et-raffinement.jpg","keywords":["brigitte macron","cor\u00e9ia","eleg\u00e2ncia","jaqueta de ombreiras","refinamento"],"articleSection":["Actualidades"],"inLanguage":"fr-FR","potentialAction":[{"@type":"CommentAction","name":"Comment","target":["https:\/\/www.sebastien-auziere.fr\/blog\/pt\/brigitte-macron-na-coreia-uma-jaqueta-com-ombreiras-que-incorpora-elegancia-e-refinamento\/#respond"]}]},{"@type":"WebPage","@id":"https:\/\/www.sebastien-auziere.fr\/blog\/pt\/brigitte-macron-na-coreia-uma-jaqueta-com-ombreiras-que-incorpora-elegancia-e-refinamento\/","url":"https:\/\/www.sebastien-auziere.fr\/blog\/pt\/brigitte-macron-na-coreia-uma-jaqueta-com-ombreiras-que-incorpora-elegancia-e-refinamento\/","name":"Brigitte Macron na Coreia: uma jaqueta com ombreiras que incorpora eleg\u00e2ncia e refinamento - Fan site S\u00e9bastien Auzi\u00e8re","isPartOf":{"@id":"https:\/\/www.sebastien-auziere.fr\/blog\/#website"},"primaryImageOfPage":{"@id":"https:\/\/www.sebastien-auziere.fr\/blog\/pt\/brigitte-macron-na-coreia-uma-jaqueta-com-ombreiras-que-incorpora-elegancia-e-refinamento\/#primaryimage"},"image":{"@id":"https:\/\/www.sebastien-auziere.fr\/blog\/pt\/brigitte-macron-na-coreia-uma-jaqueta-com-ombreiras-que-incorpora-elegancia-e-refinamento\/#primaryimage"},"thumbnailUrl":"https:\/\/www.sebastien-auziere.fr\/blog\/wp-content\/uploads\/2026\/04\/Brigitte-Macron-en-Coree-une-veste-a-epaulettes-qui-incarne-elegance-et-raffinement.jpg","datePublished":"2026-04-03T19:17:05+00:00","dateModified":"2026-04-03T19:17:33+00:00","description":"D\u00e9couvrez la veste \u00e0 \u00e9paulettes de Brigitte Macron en Cor\u00e9e, symbole d'\u00e9l\u00e9gance et de raffinement, parfaite pour un look distingu\u00e9 et moderne.","breadcrumb":{"@id":"https:\/\/www.sebastien-auziere.fr\/blog\/pt\/brigitte-macron-na-coreia-uma-jaqueta-com-ombreiras-que-incorpora-elegancia-e-refinamento\/#breadcrumb"},"inLanguage":"fr-FR","potentialAction":[{"@type":"ReadAction","target":["https:\/\/www.sebastien-auziere.fr\/blog\/pt\/brigitte-macron-na-coreia-uma-jaqueta-com-ombreiras-que-incorpora-elegancia-e-refinamento\/"]}]},{"@type":"ImageObject","inLanguage":"fr-FR","@id":"https:\/\/www.sebastien-auziere.fr\/blog\/pt\/brigitte-macron-na-coreia-uma-jaqueta-com-ombreiras-que-incorpora-elegancia-e-refinamento\/#primaryimage","url":"https:\/\/www.sebastien-auziere.fr\/blog\/wp-content\/uploads\/2026\/04\/Brigitte-Macron-en-Coree-une-veste-a-epaulettes-qui-incarne-elegance-et-raffinement.jpg","contentUrl":"https:\/\/www.sebastien-auziere.fr\/blog\/wp-content\/uploads\/2026\/04\/Brigitte-Macron-en-Coree-une-veste-a-epaulettes-qui-incarne-elegance-et-raffinement.jpg","width":2560,"height":1429,"caption":"d\u00e9couvrez le style \u00e9l\u00e9gant de brigitte macron en cor\u00e9e avec sa veste \u00e0 \u00e9paulettes, symbole de raffinement et de modernit\u00e9."},{"@type":"BreadcrumbList","@id":"https:\/\/www.sebastien-auziere.fr\/blog\/pt\/brigitte-macron-na-coreia-uma-jaqueta-com-ombreiras-que-incorpora-elegancia-e-refinamento\/#breadcrumb","itemListElement":[{"@type":"ListItem","position":1,"name":"Home","item":"https:\/\/www.sebastien-auziere.fr\/blog\/"},{"@type":"ListItem","position":2,"name":"Brigitte Macron na Coreia: uma jaqueta com ombreiras que incorpora eleg\u00e2ncia e refinamento"}]},{"@type":"WebSite","@id":"https:\/\/www.sebastien-auziere.fr\/blog\/#website","url":"https:\/\/www.sebastien-auziere.fr\/blog\/","name":"Fan site S\u00e9bastien Auzi\u00e8re","description":"M\u00e9dia g\u00e9n\u00e9raliste","publisher":{"@id":"https:\/\/www.sebastien-auziere.fr\/blog\/#organization"},"potentialAction":[{"@type":"SearchAction","target":{"@type":"EntryPoint","urlTemplate":"https:\/\/www.sebastien-auziere.fr\/blog\/?s={search_term_string}"},"query-input":{"@type":"PropertyValueSpecification","valueRequired":true,"valueName":"search_term_string"}}],"inLanguage":"fr-FR"},{"@type":"Organization","@id":"https:\/\/www.sebastien-auziere.fr\/blog\/#organization","name":"Fan site S\u00e9bastien Auzi\u00e8re","url":"https:\/\/www.sebastien-auziere.fr\/blog\/","logo":{"@type":"ImageObject","inLanguage":"fr-FR","@id":"https:\/\/www.sebastien-auziere.fr\/blog\/#\/schema\/logo\/image\/","url":"https:\/\/www.sebastien-auziere.fr\/blog\/wp-content\/uploads\/2026\/03\/cropped-cropped-cropped-ChatGPT-Image-6-mars-2026-12_58_09-e1772798376794.jpg","contentUrl":"https:\/\/www.sebastien-auziere.fr\/blog\/wp-content\/uploads\/2026\/03\/cropped-cropped-cropped-ChatGPT-Image-6-mars-2026-12_58_09-e1772798376794.jpg","width":512,"height":360,"caption":"Fan site S\u00e9bastien Auzi\u00e8re"},"image":{"@id":"https:\/\/www.sebastien-auziere.fr\/blog\/#\/schema\/logo\/image\/"}},{"@type":"Person","@id":"https:\/\/www.sebastien-auziere.fr\/blog\/#\/schema\/person\/149f1acdbfd85149c6c3e59adeae2f4d","name":"Chloe Gauthier","image":{"@type":"ImageObject","inLanguage":"fr-FR","@id":"https:\/\/secure.gravatar.com\/avatar\/2c5722f58171cff738a8985ef0dd66b476e563753246a49019befc837ec4201a?s=96&d=mm&r=g","url":"https:\/\/secure.gravatar.com\/avatar\/2c5722f58171cff738a8985ef0dd66b476e563753246a49019befc837ec4201a?s=96&d=mm&r=g","contentUrl":"https:\/\/secure.gravatar.com\/avatar\/2c5722f58171cff738a8985ef0dd66b476e563753246a49019befc837ec4201a?s=96&d=mm&r=g","caption":"Chloe Gauthier"},"description":"Passionn\u00e9e par la politique et admiratrice engag\u00e9e de la famille Macron, je consacre mon \u00e9nergie \u00e0 suivre leurs initiatives et \u00e0 promouvoir leurs id\u00e9es. \u00c0 32 ans, je suis convaincue que leur vision est porteuse d'avenir.","url":"https:\/\/www.sebastien-auziere.fr\/blog\/author\/chloe-gauthier\/"}]}},"views":7,"_links":{"self":[{"href":"https:\/\/www.sebastien-auziere.fr\/blog\/wp-json\/wp\/v2\/posts\/2737","targetHints":{"allow":["GET"]}}],"collection":[{"href":"https:\/\/www.sebastien-auziere.fr\/blog\/wp-json\/wp\/v2\/posts"}],"about":[{"href":"https:\/\/www.sebastien-auziere.fr\/blog\/wp-json\/wp\/v2\/types\/post"}],"author":[{"embeddable":true,"href":"https:\/\/www.sebastien-auziere.fr\/blog\/wp-json\/wp\/v2\/users\/9"}],"replies":[{"embeddable":true,"href":"https:\/\/www.sebastien-auziere.fr\/blog\/wp-json\/wp\/v2\/comments?post=2737"}],"version-history":[{"count":1,"href":"https:\/\/www.sebastien-auziere.fr\/blog\/wp-json\/wp\/v2\/posts\/2737\/revisions"}],"predecessor-version":[{"id":2738,"href":"https:\/\/www.sebastien-auziere.fr\/blog\/wp-json\/wp\/v2\/posts\/2737\/revisions\/2738"}],"wp:featuredmedia":[{"embeddable":true,"href":"https:\/\/www.sebastien-auziere.fr\/blog\/wp-json\/wp\/v2\/media\/2727"}],"wp:attachment":[{"href":"https:\/\/www.sebastien-auziere.fr\/blog\/wp-json\/wp\/v2\/media?parent=2737"}],"wp:term":[{"taxonomy":"category","embeddable":true,"href":"https:\/\/www.sebastien-auziere.fr\/blog\/wp-json\/wp\/v2\/categories?post=2737"},{"taxonomy":"post_tag","embeddable":true,"href":"https:\/\/www.sebastien-auziere.fr\/blog\/wp-json\/wp\/v2\/tags?post=2737"}],"curies":[{"name":"wp","href":"https:\/\/api.w.org\/{rel}","templated":true}]}}