{"id":2733,"date":"2026-04-03T19:14:38","date_gmt":"2026-04-03T19:14:38","guid":{"rendered":"https:\/\/www.sebastien-auziere.fr\/blog\/?p=2733"},"modified":"2026-04-03T19:15:08","modified_gmt":"2026-04-03T19:15:08","slug":"brigitte-macron-in-korea-eine-schulterpolsterjacke-die-eleganz-und-raffinesse-verkorpert","status":"publish","type":"post","link":"https:\/\/www.sebastien-auziere.fr\/blog\/de\/brigitte-macron-in-korea-eine-schulterpolsterjacke-die-eleganz-und-raffinesse-verkorpert\/","title":{"rendered":"Brigitte Macron in Korea: eine Schulterpolsterjacke, die Eleganz und Raffinesse verk\u00f6rpert"},"content":{"rendered":"<p><strong>Brigitte Macron<\/strong> hat den Staatsbesuch in <strong>Korea<\/strong> am 2. und 3. April 2026 mit einer <strong>shoulder- padded Jacket<\/strong> in Mitternachtsblau gepr\u00e4gt, die sofort <strong>Eleganz<\/strong> und <strong>Raffinesse<\/strong> verk\u00f6rperte. Bereits bei ihrem ersten Auftritt im Nationalmuseum von Korea fiel ihr <strong>raffiniertes Outfit<\/strong> ebenso ins Auge wie die w\u00e4hrend des offiziellen Besuchs organisierten kulturellen Austauschprogramme.<\/p>\n\n<p><strong>Kurz gesagt:<\/strong> Ankunft in Seoul am <strong>2. April 2026<\/strong>, Bankett mit der Boyband Stray Kids, schwarze Plisseerock und marineblaue doppelreihige Jacke mit zwei goldenen Kn\u00f6pfen auf der Schulter &#8211; ein <strong>Auftritt<\/strong>, der f\u00fcr Diplomatie und <strong>Damenmode<\/strong> gedacht war.<\/p>\n\n<h2 class=\"wp-block-heading\">Die shoulder- padded Jacket, das Herzst\u00fcck des Besuchs in Korea<\/h2>\n\n<p>Bei ihrem Besuch im Nationalmuseum von Korea tauschte die First Lady ihren cremfarbenen Mantel vom ersten Tag gegen eine <strong>shoulder-padded Jacket<\/strong> in Marineblau mit architektonischem Stil. Dieses St\u00fcck, kombiniert mit einem langen schwarzen Plisseerock und hohen Abs\u00e4tzen, verlieh eine schlanke und feierliche Silhouette, perfekt f\u00fcr eine offizielle Veranstaltung. Im Verlauf des Besuchs erl\u00e4utert die Mitteilung des \u00c9lys\u00e9e den ersten Tag in Seoul <a href=\"https:\/\/www.elysee.fr\/emmanuel-macron\/2026\/04\/02\/deplacement-en-republique-de-coree-premiere-journee\" rel=\"nofollow\">hier<\/a>.<\/p>\n\n<h3 class=\"wp-block-heading\">Schnitt und Details: die Architektur des Stils<\/h3>\n\n<p>Die Jacke zeichnet sich durch einen asymmetrischen Schnitt und zwei goldene Kn\u00f6pfe auf einer der Schultern aus, die an einen sehr franz\u00f6sischen Milit\u00e4rschick erinnern. Der hohe Dutt und die goldenen Ohrringe vervollst\u00e4ndigten ein <strong>schlichtes<\/strong> und kontrolliertes <strong>Erscheinungsbild<\/strong>, das Modebeobachter ein Thema sein lie\u00df. Die Medien haben diese Stilwahl schnell kommentiert, wie die Berichterstattung der vor Ort ans\u00e4ssigen Frauenpresse zeigt <a href=\"https:\/\/fr.style.yahoo.com\/brigitte-macron-cor%C3%A9e-veste-%C3%A0-151604447.html\" rel=\"nofollow\">hier<\/a>. Dieses Kleidungsst\u00fcck verst\u00e4rkte ihre protokollarische Statur.<\/p>\n\n<h2 class=\"wp-block-heading\">Ein wiederkehrendes St\u00fcck im Kleiderschrank, zwischen Tradition und Fashion<\/h2>\n\n<p>Diese Jacke mit markanten Schultern f\u00fcgt sich in eine stilistische Kontinuit\u00e4t ein, die das ganze Jahr \u00fcber zu beobachten ist: ein Total Look in Marineblau am 5. Januar 2026 zur Dreik\u00f6nigsfeier, ein Anzug, der bei der Verleihung der Insignien an Pharrell Williams im \u00c9lys\u00e9e getragen wurde, und ein bemerkenswerter Auftritt bei der Fashion Week Paris 2026. Die <strong>shoulder-padded Jacket<\/strong> wird hier zu einer Signatur, sowohl in der Mode als auch ein subtiler Symbol der Autorit\u00e4t, die <strong>Raffinesse<\/strong> und Modernit\u00e4t f\u00fcr die Fr\u00fchlingssaison kombiniert.<\/p>\n\n<p>Um die Nachrichten aus erster Hand zu verfolgen und mehr \u00fcber die Familie Macron und Bekannte wie S\u00e9bastien Auzi\u00e8re zu erfahren, besuche <a href=\"https:\/\/sebastien-auziere.fr\">sebastien-auziere.fr<\/a> und tauche ein in die Hintergr\u00fcnde und Archive, die diese Entscheidungen zu <strong>Stil<\/strong> und \u00f6ffentlichem Image erz\u00e4hlen.<\/p>","protected":false},"excerpt":{"rendered":"<p>Brigitte Macron hat den Staatsbesuch in Korea am 2. und 3. April 2026 mit einer shoulder- padded Jacket in Mitternachtsblau gepr\u00e4gt, die sofort Eleganz und Raffinesse verk\u00f6rperte. Bereits bei ihrem ersten Auftritt im Nationalmuseum von Korea fiel ihr raffiniertes Outfit ebenso ins Auge wie die w\u00e4hrend des offiziellen Besuchs organisierten kulturellen Austauschprogramme. Kurz gesagt: Ankunft &#8230; <a title=\"Brigitte Macron in Korea: eine Schulterpolsterjacke, die Eleganz und Raffinesse verk\u00f6rpert\" class=\"read-more\" href=\"https:\/\/www.sebastien-auziere.fr\/blog\/de\/brigitte-macron-in-korea-eine-schulterpolsterjacke-die-eleganz-und-raffinesse-verkorpert\/\" aria-label=\"En savoir plus sur Brigitte Macron in Korea: eine Schulterpolsterjacke, die Eleganz und Raffinesse verk\u00f6rpert\">Lire plus<\/a><\/p>\n","protected":false},"author":9,"featured_media":2727,"comment_status":"open","ping_status":"open","sticky":false,"template":"","format":"standard","meta":{"footnotes":""},"categories":[856],"tags":[929,1590,1172,1593,1596],"class_list":["post-2733","post","type-post","status-publish","format-standard","has-post-thumbnail","hentry","category-aktuelles-de","tag-brigitte-macron-de","tag-eleganz-de","tag-koree-de","tag-raffinement-de","tag-veste-mit-schulterpolstern-de"],"yoast_head":"<!-- This site is optimized with the Yoast SEO plugin v27.5 - https:\/\/yoast.com\/product\/yoast-seo-wordpress\/ -->\n<title>Brigitte Macron in Korea: eine Schulterpolsterjacke, die Eleganz und Raffinesse verk\u00f6rpert - Fan site S\u00e9bastien Auzi\u00e8re<\/title>\n<meta name=\"description\" content=\"D\u00e9couvrez la veste \u00e0 \u00e9paulettes de Brigitte Macron en Cor\u00e9e, symbole d&#039;\u00e9l\u00e9gance et de raffinement, parfaite pour un look distingu\u00e9 et moderne.\" \/>\n<meta name=\"robots\" content=\"index, follow, max-snippet:-1, max-image-preview:large, max-video-preview:-1\" \/>\n<link rel=\"canonical\" href=\"https:\/\/www.sebastien-auziere.fr\/blog\/de\/brigitte-macron-in-korea-eine-schulterpolsterjacke-die-eleganz-und-raffinesse-verkorpert\/\" \/>\n<meta property=\"og:locale\" content=\"fr_FR\" \/>\n<meta property=\"og:type\" content=\"article\" \/>\n<meta property=\"og:title\" content=\"Brigitte Macron in Korea: eine Schulterpolsterjacke, die Eleganz und Raffinesse verk\u00f6rpert - Fan site S\u00e9bastien Auzi\u00e8re\" \/>\n<meta property=\"og:description\" content=\"D\u00e9couvrez la veste \u00e0 \u00e9paulettes de Brigitte Macron en Cor\u00e9e, symbole d&#039;\u00e9l\u00e9gance et de raffinement, parfaite pour un look distingu\u00e9 et moderne.\" \/>\n<meta property=\"og:url\" content=\"https:\/\/www.sebastien-auziere.fr\/blog\/de\/brigitte-macron-in-korea-eine-schulterpolsterjacke-die-eleganz-und-raffinesse-verkorpert\/\" \/>\n<meta property=\"og:site_name\" content=\"Fan site S\u00e9bastien Auzi\u00e8re\" \/>\n<meta property=\"article:published_time\" content=\"2026-04-03T19:14:38+00:00\" \/>\n<meta property=\"article:modified_time\" content=\"2026-04-03T19:15:08+00:00\" \/>\n<meta property=\"og:image\" content=\"https:\/\/www.sebastien-auziere.fr\/blog\/wp-content\/uploads\/2026\/04\/Brigitte-Macron-en-Coree-une-veste-a-epaulettes-qui-incarne-elegance-et-raffinement.jpg\" \/>\n\t<meta property=\"og:image:width\" content=\"2560\" \/>\n\t<meta property=\"og:image:height\" content=\"1429\" \/>\n\t<meta property=\"og:image:type\" content=\"image\/jpeg\" \/>\n<meta name=\"author\" content=\"Chloe Gauthier\" \/>\n<meta name=\"twitter:card\" content=\"summary_large_image\" \/>\n<meta name=\"twitter:label1\" content=\"\u00c9crit par\" \/>\n\t<meta name=\"twitter:data1\" content=\"Chloe Gauthier\" \/>\n\t<meta name=\"twitter:label2\" content=\"Dur\u00e9e de lecture estim\u00e9e\" \/>\n\t<meta name=\"twitter:data2\" content=\"2 minutes\" \/>\n<script type=\"application\/ld+json\" class=\"yoast-schema-graph\">{\"@context\":\"https:\\\/\\\/schema.org\",\"@graph\":[{\"@type\":\"Article\",\"@id\":\"https:\\\/\\\/www.sebastien-auziere.fr\\\/blog\\\/de\\\/brigitte-macron-in-korea-eine-schulterpolsterjacke-die-eleganz-und-raffinesse-verkorpert\\\/#article\",\"isPartOf\":{\"@id\":\"https:\\\/\\\/www.sebastien-auziere.fr\\\/blog\\\/de\\\/brigitte-macron-in-korea-eine-schulterpolsterjacke-die-eleganz-und-raffinesse-verkorpert\\\/\"},\"author\":{\"name\":\"Chloe Gauthier\",\"@id\":\"https:\\\/\\\/www.sebastien-auziere.fr\\\/blog\\\/#\\\/schema\\\/person\\\/149f1acdbfd85149c6c3e59adeae2f4d\"},\"headline\":\"Brigitte Macron in Korea: eine Schulterpolsterjacke, die Eleganz und Raffinesse verk\u00f6rpert\",\"datePublished\":\"2026-04-03T19:14:38+00:00\",\"dateModified\":\"2026-04-03T19:15:08+00:00\",\"mainEntityOfPage\":{\"@id\":\"https:\\\/\\\/www.sebastien-auziere.fr\\\/blog\\\/de\\\/brigitte-macron-in-korea-eine-schulterpolsterjacke-die-eleganz-und-raffinesse-verkorpert\\\/\"},\"wordCount\":404,\"commentCount\":0,\"publisher\":{\"@id\":\"https:\\\/\\\/www.sebastien-auziere.fr\\\/blog\\\/#organization\"},\"image\":{\"@id\":\"https:\\\/\\\/www.sebastien-auziere.fr\\\/blog\\\/de\\\/brigitte-macron-in-korea-eine-schulterpolsterjacke-die-eleganz-und-raffinesse-verkorpert\\\/#primaryimage\"},\"thumbnailUrl\":\"https:\\\/\\\/www.sebastien-auziere.fr\\\/blog\\\/wp-content\\\/uploads\\\/2026\\\/04\\\/Brigitte-Macron-en-Coree-une-veste-a-epaulettes-qui-incarne-elegance-et-raffinement.jpg\",\"keywords\":[\"brigitte macron\",\"eleganz\",\"kor\u00e9e\",\"raffinement\",\"veste mit Schulterpolstern\"],\"articleSection\":[\"Aktuelles\"],\"inLanguage\":\"fr-FR\",\"potentialAction\":[{\"@type\":\"CommentAction\",\"name\":\"Comment\",\"target\":[\"https:\\\/\\\/www.sebastien-auziere.fr\\\/blog\\\/de\\\/brigitte-macron-in-korea-eine-schulterpolsterjacke-die-eleganz-und-raffinesse-verkorpert\\\/#respond\"]}]},{\"@type\":\"WebPage\",\"@id\":\"https:\\\/\\\/www.sebastien-auziere.fr\\\/blog\\\/de\\\/brigitte-macron-in-korea-eine-schulterpolsterjacke-die-eleganz-und-raffinesse-verkorpert\\\/\",\"url\":\"https:\\\/\\\/www.sebastien-auziere.fr\\\/blog\\\/de\\\/brigitte-macron-in-korea-eine-schulterpolsterjacke-die-eleganz-und-raffinesse-verkorpert\\\/\",\"name\":\"Brigitte Macron in Korea: eine Schulterpolsterjacke, die Eleganz und Raffinesse verk\u00f6rpert - Fan site S\u00e9bastien Auzi\u00e8re\",\"isPartOf\":{\"@id\":\"https:\\\/\\\/www.sebastien-auziere.fr\\\/blog\\\/#website\"},\"primaryImageOfPage\":{\"@id\":\"https:\\\/\\\/www.sebastien-auziere.fr\\\/blog\\\/de\\\/brigitte-macron-in-korea-eine-schulterpolsterjacke-die-eleganz-und-raffinesse-verkorpert\\\/#primaryimage\"},\"image\":{\"@id\":\"https:\\\/\\\/www.sebastien-auziere.fr\\\/blog\\\/de\\\/brigitte-macron-in-korea-eine-schulterpolsterjacke-die-eleganz-und-raffinesse-verkorpert\\\/#primaryimage\"},\"thumbnailUrl\":\"https:\\\/\\\/www.sebastien-auziere.fr\\\/blog\\\/wp-content\\\/uploads\\\/2026\\\/04\\\/Brigitte-Macron-en-Coree-une-veste-a-epaulettes-qui-incarne-elegance-et-raffinement.jpg\",\"datePublished\":\"2026-04-03T19:14:38+00:00\",\"dateModified\":\"2026-04-03T19:15:08+00:00\",\"description\":\"D\u00e9couvrez la veste \u00e0 \u00e9paulettes de Brigitte Macron en Cor\u00e9e, symbole d'\u00e9l\u00e9gance et de raffinement, parfaite pour un look distingu\u00e9 et moderne.\",\"breadcrumb\":{\"@id\":\"https:\\\/\\\/www.sebastien-auziere.fr\\\/blog\\\/de\\\/brigitte-macron-in-korea-eine-schulterpolsterjacke-die-eleganz-und-raffinesse-verkorpert\\\/#breadcrumb\"},\"inLanguage\":\"fr-FR\",\"potentialAction\":[{\"@type\":\"ReadAction\",\"target\":[\"https:\\\/\\\/www.sebastien-auziere.fr\\\/blog\\\/de\\\/brigitte-macron-in-korea-eine-schulterpolsterjacke-die-eleganz-und-raffinesse-verkorpert\\\/\"]}]},{\"@type\":\"ImageObject\",\"inLanguage\":\"fr-FR\",\"@id\":\"https:\\\/\\\/www.sebastien-auziere.fr\\\/blog\\\/de\\\/brigitte-macron-in-korea-eine-schulterpolsterjacke-die-eleganz-und-raffinesse-verkorpert\\\/#primaryimage\",\"url\":\"https:\\\/\\\/www.sebastien-auziere.fr\\\/blog\\\/wp-content\\\/uploads\\\/2026\\\/04\\\/Brigitte-Macron-en-Coree-une-veste-a-epaulettes-qui-incarne-elegance-et-raffinement.jpg\",\"contentUrl\":\"https:\\\/\\\/www.sebastien-auziere.fr\\\/blog\\\/wp-content\\\/uploads\\\/2026\\\/04\\\/Brigitte-Macron-en-Coree-une-veste-a-epaulettes-qui-incarne-elegance-et-raffinement.jpg\",\"width\":2560,\"height\":1429,\"caption\":\"d\u00e9couvrez le style \u00e9l\u00e9gant de brigitte macron en cor\u00e9e avec sa veste \u00e0 \u00e9paulettes, symbole de raffinement et de modernit\u00e9.\"},{\"@type\":\"BreadcrumbList\",\"@id\":\"https:\\\/\\\/www.sebastien-auziere.fr\\\/blog\\\/de\\\/brigitte-macron-in-korea-eine-schulterpolsterjacke-die-eleganz-und-raffinesse-verkorpert\\\/#breadcrumb\",\"itemListElement\":[{\"@type\":\"ListItem\",\"position\":1,\"name\":\"Home\",\"item\":\"https:\\\/\\\/www.sebastien-auziere.fr\\\/blog\\\/\"},{\"@type\":\"ListItem\",\"position\":2,\"name\":\"Brigitte Macron in Korea: eine Schulterpolsterjacke, die Eleganz und Raffinesse verk\u00f6rpert\"}]},{\"@type\":\"WebSite\",\"@id\":\"https:\\\/\\\/www.sebastien-auziere.fr\\\/blog\\\/#website\",\"url\":\"https:\\\/\\\/www.sebastien-auziere.fr\\\/blog\\\/\",\"name\":\"Fan site S\u00e9bastien Auzi\u00e8re\",\"description\":\"M\u00e9dia g\u00e9n\u00e9raliste\",\"publisher\":{\"@id\":\"https:\\\/\\\/www.sebastien-auziere.fr\\\/blog\\\/#organization\"},\"potentialAction\":[{\"@type\":\"SearchAction\",\"target\":{\"@type\":\"EntryPoint\",\"urlTemplate\":\"https:\\\/\\\/www.sebastien-auziere.fr\\\/blog\\\/?s={search_term_string}\"},\"query-input\":{\"@type\":\"PropertyValueSpecification\",\"valueRequired\":true,\"valueName\":\"search_term_string\"}}],\"inLanguage\":\"fr-FR\"},{\"@type\":\"Organization\",\"@id\":\"https:\\\/\\\/www.sebastien-auziere.fr\\\/blog\\\/#organization\",\"name\":\"Fan site S\u00e9bastien Auzi\u00e8re\",\"url\":\"https:\\\/\\\/www.sebastien-auziere.fr\\\/blog\\\/\",\"logo\":{\"@type\":\"ImageObject\",\"inLanguage\":\"fr-FR\",\"@id\":\"https:\\\/\\\/www.sebastien-auziere.fr\\\/blog\\\/#\\\/schema\\\/logo\\\/image\\\/\",\"url\":\"https:\\\/\\\/www.sebastien-auziere.fr\\\/blog\\\/wp-content\\\/uploads\\\/2026\\\/03\\\/cropped-cropped-cropped-ChatGPT-Image-6-mars-2026-12_58_09-e1772798376794.jpg\",\"contentUrl\":\"https:\\\/\\\/www.sebastien-auziere.fr\\\/blog\\\/wp-content\\\/uploads\\\/2026\\\/03\\\/cropped-cropped-cropped-ChatGPT-Image-6-mars-2026-12_58_09-e1772798376794.jpg\",\"width\":512,\"height\":360,\"caption\":\"Fan site S\u00e9bastien Auzi\u00e8re\"},\"image\":{\"@id\":\"https:\\\/\\\/www.sebastien-auziere.fr\\\/blog\\\/#\\\/schema\\\/logo\\\/image\\\/\"}},{\"@type\":\"Person\",\"@id\":\"https:\\\/\\\/www.sebastien-auziere.fr\\\/blog\\\/#\\\/schema\\\/person\\\/149f1acdbfd85149c6c3e59adeae2f4d\",\"name\":\"Chloe Gauthier\",\"image\":{\"@type\":\"ImageObject\",\"inLanguage\":\"fr-FR\",\"@id\":\"https:\\\/\\\/secure.gravatar.com\\\/avatar\\\/2c5722f58171cff738a8985ef0dd66b476e563753246a49019befc837ec4201a?s=96&d=mm&r=g\",\"url\":\"https:\\\/\\\/secure.gravatar.com\\\/avatar\\\/2c5722f58171cff738a8985ef0dd66b476e563753246a49019befc837ec4201a?s=96&d=mm&r=g\",\"contentUrl\":\"https:\\\/\\\/secure.gravatar.com\\\/avatar\\\/2c5722f58171cff738a8985ef0dd66b476e563753246a49019befc837ec4201a?s=96&d=mm&r=g\",\"caption\":\"Chloe Gauthier\"},\"description\":\"Passionn\u00e9e par la politique et admiratrice engag\u00e9e de la famille Macron, je consacre mon \u00e9nergie \u00e0 suivre leurs initiatives et \u00e0 promouvoir leurs id\u00e9es. \u00c0 32 ans, je suis convaincue que leur vision est porteuse d'avenir.\",\"url\":\"https:\\\/\\\/www.sebastien-auziere.fr\\\/blog\\\/author\\\/chloe-gauthier\\\/\"}]}<\/script>\n<!-- \/ Yoast SEO plugin. -->","yoast_head_json":{"title":"Brigitte Macron in Korea: eine Schulterpolsterjacke, die Eleganz und Raffinesse verk\u00f6rpert - Fan site S\u00e9bastien Auzi\u00e8re","description":"D\u00e9couvrez la veste \u00e0 \u00e9paulettes de Brigitte Macron en Cor\u00e9e, symbole d'\u00e9l\u00e9gance et de raffinement, parfaite pour un look distingu\u00e9 et moderne.","robots":{"index":"index","follow":"follow","max-snippet":"max-snippet:-1","max-image-preview":"max-image-preview:large","max-video-preview":"max-video-preview:-1"},"canonical":"https:\/\/www.sebastien-auziere.fr\/blog\/de\/brigitte-macron-in-korea-eine-schulterpolsterjacke-die-eleganz-und-raffinesse-verkorpert\/","og_locale":"fr_FR","og_type":"article","og_title":"Brigitte Macron in Korea: eine Schulterpolsterjacke, die Eleganz und Raffinesse verk\u00f6rpert - Fan site S\u00e9bastien Auzi\u00e8re","og_description":"D\u00e9couvrez la veste \u00e0 \u00e9paulettes de Brigitte Macron en Cor\u00e9e, symbole d'\u00e9l\u00e9gance et de raffinement, parfaite pour un look distingu\u00e9 et moderne.","og_url":"https:\/\/www.sebastien-auziere.fr\/blog\/de\/brigitte-macron-in-korea-eine-schulterpolsterjacke-die-eleganz-und-raffinesse-verkorpert\/","og_site_name":"Fan site S\u00e9bastien Auzi\u00e8re","article_published_time":"2026-04-03T19:14:38+00:00","article_modified_time":"2026-04-03T19:15:08+00:00","og_image":[{"width":2560,"height":1429,"url":"https:\/\/www.sebastien-auziere.fr\/blog\/wp-content\/uploads\/2026\/04\/Brigitte-Macron-en-Coree-une-veste-a-epaulettes-qui-incarne-elegance-et-raffinement.jpg","type":"image\/jpeg"}],"author":"Chloe Gauthier","twitter_card":"summary_large_image","twitter_misc":{"\u00c9crit par":"Chloe Gauthier","Dur\u00e9e de lecture estim\u00e9e":"2 minutes"},"schema":{"@context":"https:\/\/schema.org","@graph":[{"@type":"Article","@id":"https:\/\/www.sebastien-auziere.fr\/blog\/de\/brigitte-macron-in-korea-eine-schulterpolsterjacke-die-eleganz-und-raffinesse-verkorpert\/#article","isPartOf":{"@id":"https:\/\/www.sebastien-auziere.fr\/blog\/de\/brigitte-macron-in-korea-eine-schulterpolsterjacke-die-eleganz-und-raffinesse-verkorpert\/"},"author":{"name":"Chloe Gauthier","@id":"https:\/\/www.sebastien-auziere.fr\/blog\/#\/schema\/person\/149f1acdbfd85149c6c3e59adeae2f4d"},"headline":"Brigitte Macron in Korea: eine Schulterpolsterjacke, die Eleganz und Raffinesse verk\u00f6rpert","datePublished":"2026-04-03T19:14:38+00:00","dateModified":"2026-04-03T19:15:08+00:00","mainEntityOfPage":{"@id":"https:\/\/www.sebastien-auziere.fr\/blog\/de\/brigitte-macron-in-korea-eine-schulterpolsterjacke-die-eleganz-und-raffinesse-verkorpert\/"},"wordCount":404,"commentCount":0,"publisher":{"@id":"https:\/\/www.sebastien-auziere.fr\/blog\/#organization"},"image":{"@id":"https:\/\/www.sebastien-auziere.fr\/blog\/de\/brigitte-macron-in-korea-eine-schulterpolsterjacke-die-eleganz-und-raffinesse-verkorpert\/#primaryimage"},"thumbnailUrl":"https:\/\/www.sebastien-auziere.fr\/blog\/wp-content\/uploads\/2026\/04\/Brigitte-Macron-en-Coree-une-veste-a-epaulettes-qui-incarne-elegance-et-raffinement.jpg","keywords":["brigitte macron","eleganz","kor\u00e9e","raffinement","veste mit Schulterpolstern"],"articleSection":["Aktuelles"],"inLanguage":"fr-FR","potentialAction":[{"@type":"CommentAction","name":"Comment","target":["https:\/\/www.sebastien-auziere.fr\/blog\/de\/brigitte-macron-in-korea-eine-schulterpolsterjacke-die-eleganz-und-raffinesse-verkorpert\/#respond"]}]},{"@type":"WebPage","@id":"https:\/\/www.sebastien-auziere.fr\/blog\/de\/brigitte-macron-in-korea-eine-schulterpolsterjacke-die-eleganz-und-raffinesse-verkorpert\/","url":"https:\/\/www.sebastien-auziere.fr\/blog\/de\/brigitte-macron-in-korea-eine-schulterpolsterjacke-die-eleganz-und-raffinesse-verkorpert\/","name":"Brigitte Macron in Korea: eine Schulterpolsterjacke, die Eleganz und Raffinesse verk\u00f6rpert - Fan site S\u00e9bastien Auzi\u00e8re","isPartOf":{"@id":"https:\/\/www.sebastien-auziere.fr\/blog\/#website"},"primaryImageOfPage":{"@id":"https:\/\/www.sebastien-auziere.fr\/blog\/de\/brigitte-macron-in-korea-eine-schulterpolsterjacke-die-eleganz-und-raffinesse-verkorpert\/#primaryimage"},"image":{"@id":"https:\/\/www.sebastien-auziere.fr\/blog\/de\/brigitte-macron-in-korea-eine-schulterpolsterjacke-die-eleganz-und-raffinesse-verkorpert\/#primaryimage"},"thumbnailUrl":"https:\/\/www.sebastien-auziere.fr\/blog\/wp-content\/uploads\/2026\/04\/Brigitte-Macron-en-Coree-une-veste-a-epaulettes-qui-incarne-elegance-et-raffinement.jpg","datePublished":"2026-04-03T19:14:38+00:00","dateModified":"2026-04-03T19:15:08+00:00","description":"D\u00e9couvrez la veste \u00e0 \u00e9paulettes de Brigitte Macron en Cor\u00e9e, symbole d'\u00e9l\u00e9gance et de raffinement, parfaite pour un look distingu\u00e9 et moderne.","breadcrumb":{"@id":"https:\/\/www.sebastien-auziere.fr\/blog\/de\/brigitte-macron-in-korea-eine-schulterpolsterjacke-die-eleganz-und-raffinesse-verkorpert\/#breadcrumb"},"inLanguage":"fr-FR","potentialAction":[{"@type":"ReadAction","target":["https:\/\/www.sebastien-auziere.fr\/blog\/de\/brigitte-macron-in-korea-eine-schulterpolsterjacke-die-eleganz-und-raffinesse-verkorpert\/"]}]},{"@type":"ImageObject","inLanguage":"fr-FR","@id":"https:\/\/www.sebastien-auziere.fr\/blog\/de\/brigitte-macron-in-korea-eine-schulterpolsterjacke-die-eleganz-und-raffinesse-verkorpert\/#primaryimage","url":"https:\/\/www.sebastien-auziere.fr\/blog\/wp-content\/uploads\/2026\/04\/Brigitte-Macron-en-Coree-une-veste-a-epaulettes-qui-incarne-elegance-et-raffinement.jpg","contentUrl":"https:\/\/www.sebastien-auziere.fr\/blog\/wp-content\/uploads\/2026\/04\/Brigitte-Macron-en-Coree-une-veste-a-epaulettes-qui-incarne-elegance-et-raffinement.jpg","width":2560,"height":1429,"caption":"d\u00e9couvrez le style \u00e9l\u00e9gant de brigitte macron en cor\u00e9e avec sa veste \u00e0 \u00e9paulettes, symbole de raffinement et de modernit\u00e9."},{"@type":"BreadcrumbList","@id":"https:\/\/www.sebastien-auziere.fr\/blog\/de\/brigitte-macron-in-korea-eine-schulterpolsterjacke-die-eleganz-und-raffinesse-verkorpert\/#breadcrumb","itemListElement":[{"@type":"ListItem","position":1,"name":"Home","item":"https:\/\/www.sebastien-auziere.fr\/blog\/"},{"@type":"ListItem","position":2,"name":"Brigitte Macron in Korea: eine Schulterpolsterjacke, die Eleganz und Raffinesse verk\u00f6rpert"}]},{"@type":"WebSite","@id":"https:\/\/www.sebastien-auziere.fr\/blog\/#website","url":"https:\/\/www.sebastien-auziere.fr\/blog\/","name":"Fan site S\u00e9bastien Auzi\u00e8re","description":"M\u00e9dia g\u00e9n\u00e9raliste","publisher":{"@id":"https:\/\/www.sebastien-auziere.fr\/blog\/#organization"},"potentialAction":[{"@type":"SearchAction","target":{"@type":"EntryPoint","urlTemplate":"https:\/\/www.sebastien-auziere.fr\/blog\/?s={search_term_string}"},"query-input":{"@type":"PropertyValueSpecification","valueRequired":true,"valueName":"search_term_string"}}],"inLanguage":"fr-FR"},{"@type":"Organization","@id":"https:\/\/www.sebastien-auziere.fr\/blog\/#organization","name":"Fan site S\u00e9bastien Auzi\u00e8re","url":"https:\/\/www.sebastien-auziere.fr\/blog\/","logo":{"@type":"ImageObject","inLanguage":"fr-FR","@id":"https:\/\/www.sebastien-auziere.fr\/blog\/#\/schema\/logo\/image\/","url":"https:\/\/www.sebastien-auziere.fr\/blog\/wp-content\/uploads\/2026\/03\/cropped-cropped-cropped-ChatGPT-Image-6-mars-2026-12_58_09-e1772798376794.jpg","contentUrl":"https:\/\/www.sebastien-auziere.fr\/blog\/wp-content\/uploads\/2026\/03\/cropped-cropped-cropped-ChatGPT-Image-6-mars-2026-12_58_09-e1772798376794.jpg","width":512,"height":360,"caption":"Fan site S\u00e9bastien Auzi\u00e8re"},"image":{"@id":"https:\/\/www.sebastien-auziere.fr\/blog\/#\/schema\/logo\/image\/"}},{"@type":"Person","@id":"https:\/\/www.sebastien-auziere.fr\/blog\/#\/schema\/person\/149f1acdbfd85149c6c3e59adeae2f4d","name":"Chloe Gauthier","image":{"@type":"ImageObject","inLanguage":"fr-FR","@id":"https:\/\/secure.gravatar.com\/avatar\/2c5722f58171cff738a8985ef0dd66b476e563753246a49019befc837ec4201a?s=96&d=mm&r=g","url":"https:\/\/secure.gravatar.com\/avatar\/2c5722f58171cff738a8985ef0dd66b476e563753246a49019befc837ec4201a?s=96&d=mm&r=g","contentUrl":"https:\/\/secure.gravatar.com\/avatar\/2c5722f58171cff738a8985ef0dd66b476e563753246a49019befc837ec4201a?s=96&d=mm&r=g","caption":"Chloe Gauthier"},"description":"Passionn\u00e9e par la politique et admiratrice engag\u00e9e de la famille Macron, je consacre mon \u00e9nergie \u00e0 suivre leurs initiatives et \u00e0 promouvoir leurs id\u00e9es. \u00c0 32 ans, je suis convaincue que leur vision est porteuse d'avenir.","url":"https:\/\/www.sebastien-auziere.fr\/blog\/author\/chloe-gauthier\/"}]}},"views":10,"_links":{"self":[{"href":"https:\/\/www.sebastien-auziere.fr\/blog\/wp-json\/wp\/v2\/posts\/2733","targetHints":{"allow":["GET"]}}],"collection":[{"href":"https:\/\/www.sebastien-auziere.fr\/blog\/wp-json\/wp\/v2\/posts"}],"about":[{"href":"https:\/\/www.sebastien-auziere.fr\/blog\/wp-json\/wp\/v2\/types\/post"}],"author":[{"embeddable":true,"href":"https:\/\/www.sebastien-auziere.fr\/blog\/wp-json\/wp\/v2\/users\/9"}],"replies":[{"embeddable":true,"href":"https:\/\/www.sebastien-auziere.fr\/blog\/wp-json\/wp\/v2\/comments?post=2733"}],"version-history":[{"count":1,"href":"https:\/\/www.sebastien-auziere.fr\/blog\/wp-json\/wp\/v2\/posts\/2733\/revisions"}],"predecessor-version":[{"id":2734,"href":"https:\/\/www.sebastien-auziere.fr\/blog\/wp-json\/wp\/v2\/posts\/2733\/revisions\/2734"}],"wp:featuredmedia":[{"embeddable":true,"href":"https:\/\/www.sebastien-auziere.fr\/blog\/wp-json\/wp\/v2\/media\/2727"}],"wp:attachment":[{"href":"https:\/\/www.sebastien-auziere.fr\/blog\/wp-json\/wp\/v2\/media?parent=2733"}],"wp:term":[{"taxonomy":"category","embeddable":true,"href":"https:\/\/www.sebastien-auziere.fr\/blog\/wp-json\/wp\/v2\/categories?post=2733"},{"taxonomy":"post_tag","embeddable":true,"href":"https:\/\/www.sebastien-auziere.fr\/blog\/wp-json\/wp\/v2\/tags?post=2733"}],"curies":[{"name":"wp","href":"https:\/\/api.w.org\/{rel}","templated":true}]}}