{"id":2731,"date":"2026-04-03T19:12:54","date_gmt":"2026-04-03T19:12:54","guid":{"rendered":"https:\/\/www.sebastien-auziere.fr\/blog\/?p=2731"},"modified":"2026-04-03T19:13:19","modified_gmt":"2026-04-03T19:13:19","slug":"brigitte-macron-en-corea-una-chaqueta-con-hombreras-que-encarna-elegancia-y-refinamiento","status":"publish","type":"post","link":"https:\/\/www.sebastien-auziere.fr\/blog\/es\/brigitte-macron-en-corea-una-chaqueta-con-hombreras-que-encarna-elegancia-y-refinamiento\/","title":{"rendered":"Brigitte Macron en Corea: una chaqueta con hombreras que encarna elegancia y refinamiento"},"content":{"rendered":"<p><strong>Brigitte Macron<\/strong> marc\u00f3 la visita de estado en <strong>Corea<\/strong> los 2 y 3 de abril de 2026 gracias a una <strong>chaqueta con hombreras<\/strong> azul noche que instant\u00e1neamente encarn\u00f3 <strong>elegancia<\/strong> y <strong>refinamiento<\/strong>. Desde la primera aparici\u00f3n en el Museo Nacional de Corea, su <strong>atuendo sofisticado<\/strong> atrajo tanto la atenci\u00f3n como los intercambios culturales organizados durante el desplazamiento oficial.<\/p>\n\n<p><strong>En resumen:<\/strong> llegada a Se\u00fal el <strong>2 de abril de 2026<\/strong>, banquete con el grupo Stray Kids, falda plisada negra y chaqueta cruzada azul noche adornada con dos botones dorados en el hombro \u2014 una <strong>apariencia<\/strong> pensada para la diplomacia y la <strong>moda femenina<\/strong>.<\/p>\n\n<h2 class=\"wp-block-heading\">La chaqueta con hombreras, pieza clave de la visita a Corea<\/h2>\n\n<p>Durante la visita al Museo Nacional de Corea, la Primera Dama dej\u00f3 de lado su abrigo crema del primer d\u00eda por una <strong>chaqueta con hombreras<\/strong> azul marino de estilo arquitect\u00f3nico. Esta pieza, combinada con una falda plisada larga negra y tacones, dio una silueta estilizada y solemne, perfecta para un evento oficial. Para el desarrollo del desplazamiento, el comunicado del El\u00edseo detalla el primer d\u00eda en Se\u00fal <a href=\"https:\/\/www.elysee.fr\/emmanuel-macron\/2026\/04\/02\/deplacement-en-republique-de-coree-premiere-journee\" rel=\"nofollow\">aqu\u00ed<\/a>.<\/p>\n\n<h3 class=\"wp-block-heading\">Corte y detalles: la arquitectura del estilo<\/h3>\n\n<p>La chaqueta se distingue por un corte asim\u00e9trico y dos botones dorados colocados en uno de los hombros, recordando un chic militar muy franc\u00e9s. El mo\u00f1o alto y los pendientes dorados completaron una <strong>apariencia<\/strong> sobria y controlada que llam\u00f3 la atenci\u00f3n de los observadores de moda. Los medios comentaron r\u00e1pidamente esta elecci\u00f3n de <strong>estilo<\/strong>, como relata la cobertura de la prensa femenina en el lugar <a href=\"https:\/\/fr.style.yahoo.com\/brigitte-macron-cor%C3%A9e-veste-%C3%A0-151604447.html\" rel=\"nofollow\">aqu\u00ed<\/a>. Esta prenda reforz\u00f3 su estatura protocolaria.<\/p>\n\n<h2 class=\"wp-block-heading\">Una pieza recurrente del vestuario, entre tradici\u00f3n y moda<\/h2>\n\n<p>Esta chaqueta con hombros marcados se inscribe en una continuidad estil\u00edstica observada durante todo el a\u00f1o: un look total azul marino el 5 de enero de 2026 para la Epifan\u00eda, un traje firmado durante la entrega de insignias de Pharrell Williams en el El\u00edseo, y una aparici\u00f3n destacada en la Fashion Week Par\u00eds 2026. La <strong>chaqueta con hombreras<\/strong> se convierte aqu\u00ed en una firma, tanto de moda como s\u00edmbolo de autoridad discreta, combinando <strong>refinamiento<\/strong> y modernidad para la temporada primaveral.<\/p>\n\n<p>Para seguir de cerca las noticias y descubrir m\u00e1s sobre la familia Macron y personas cercanas como S\u00e9bastien Auzi\u00e8re, dir\u00edgete a <a href=\"https:\/\/sebastien-auziere.fr\">sebastien-auziere.fr<\/a> y sum\u00e9rgete en los entresijos y archivos que cuentan estas elecciones de <strong>estilo<\/strong> e imagen p\u00fablica.<\/p>","protected":false},"excerpt":{"rendered":"<p>Brigitte Macron marc\u00f3 la visita de estado en Corea los 2 y 3 de abril de 2026 gracias a una chaqueta con hombreras azul noche que instant\u00e1neamente encarn\u00f3 elegancia y refinamiento. Desde la primera aparici\u00f3n en el Museo Nacional de Corea, su atuendo sofisticado atrajo tanto la atenci\u00f3n como los intercambios culturales organizados durante el &#8230; <a title=\"Brigitte Macron en Corea: una chaqueta con hombreras que encarna elegancia y refinamiento\" class=\"read-more\" href=\"https:\/\/www.sebastien-auziere.fr\/blog\/es\/brigitte-macron-en-corea-una-chaqueta-con-hombreras-que-encarna-elegancia-y-refinamiento\/\" aria-label=\"En savoir plus sur Brigitte Macron en Corea: una chaqueta con hombreras que encarna elegancia y refinamiento\">Lire plus<\/a><\/p>\n","protected":false},"author":9,"featured_media":2727,"comment_status":"open","ping_status":"open","sticky":false,"template":"","format":"standard","meta":{"footnotes":""},"categories":[820],"tags":[914,1587,1160,1581,1584],"class_list":["post-2731","post","type-post","status-publish","format-standard","has-post-thumbnail","hentry","category-actualidades-es","tag-brigitte-macron-es","tag-chaqueta-con-hombreras-es","tag-coree-es","tag-elegancia-es","tag-refinamiento-es"],"yoast_head":"<!-- This site is optimized with the Yoast SEO plugin v27.5 - https:\/\/yoast.com\/product\/yoast-seo-wordpress\/ -->\n<title>Brigitte Macron en Corea: una chaqueta con hombreras que encarna elegancia y refinamiento - Fan site S\u00e9bastien Auzi\u00e8re<\/title>\n<meta name=\"description\" content=\"D\u00e9couvrez la veste \u00e0 \u00e9paulettes de Brigitte Macron en Cor\u00e9e, symbole d&#039;\u00e9l\u00e9gance et de raffinement, parfaite pour un look distingu\u00e9 et moderne.\" \/>\n<meta name=\"robots\" content=\"index, follow, max-snippet:-1, max-image-preview:large, max-video-preview:-1\" \/>\n<link rel=\"canonical\" href=\"https:\/\/www.sebastien-auziere.fr\/blog\/es\/brigitte-macron-en-corea-una-chaqueta-con-hombreras-que-encarna-elegancia-y-refinamiento\/\" \/>\n<meta property=\"og:locale\" content=\"fr_FR\" \/>\n<meta property=\"og:type\" content=\"article\" \/>\n<meta property=\"og:title\" content=\"Brigitte Macron en Corea: una chaqueta con hombreras que encarna elegancia y refinamiento - Fan site S\u00e9bastien Auzi\u00e8re\" \/>\n<meta property=\"og:description\" content=\"D\u00e9couvrez la veste \u00e0 \u00e9paulettes de Brigitte Macron en Cor\u00e9e, symbole d&#039;\u00e9l\u00e9gance et de raffinement, parfaite pour un look distingu\u00e9 et moderne.\" \/>\n<meta property=\"og:url\" content=\"https:\/\/www.sebastien-auziere.fr\/blog\/es\/brigitte-macron-en-corea-una-chaqueta-con-hombreras-que-encarna-elegancia-y-refinamiento\/\" \/>\n<meta property=\"og:site_name\" content=\"Fan site S\u00e9bastien Auzi\u00e8re\" \/>\n<meta property=\"article:published_time\" content=\"2026-04-03T19:12:54+00:00\" \/>\n<meta property=\"article:modified_time\" content=\"2026-04-03T19:13:19+00:00\" \/>\n<meta property=\"og:image\" content=\"https:\/\/www.sebastien-auziere.fr\/blog\/wp-content\/uploads\/2026\/04\/Brigitte-Macron-en-Coree-une-veste-a-epaulettes-qui-incarne-elegance-et-raffinement.jpg\" \/>\n\t<meta property=\"og:image:width\" content=\"2560\" \/>\n\t<meta property=\"og:image:height\" content=\"1429\" \/>\n\t<meta property=\"og:image:type\" content=\"image\/jpeg\" \/>\n<meta name=\"author\" content=\"Chloe Gauthier\" \/>\n<meta name=\"twitter:card\" content=\"summary_large_image\" \/>\n<meta name=\"twitter:label1\" content=\"\u00c9crit par\" \/>\n\t<meta name=\"twitter:data1\" content=\"Chloe Gauthier\" \/>\n\t<meta name=\"twitter:label2\" content=\"Dur\u00e9e de lecture estim\u00e9e\" \/>\n\t<meta name=\"twitter:data2\" content=\"2 minutes\" \/>\n<script type=\"application\/ld+json\" class=\"yoast-schema-graph\">{\"@context\":\"https:\\\/\\\/schema.org\",\"@graph\":[{\"@type\":\"Article\",\"@id\":\"https:\\\/\\\/www.sebastien-auziere.fr\\\/blog\\\/es\\\/brigitte-macron-en-corea-una-chaqueta-con-hombreras-que-encarna-elegancia-y-refinamiento\\\/#article\",\"isPartOf\":{\"@id\":\"https:\\\/\\\/www.sebastien-auziere.fr\\\/blog\\\/es\\\/brigitte-macron-en-corea-una-chaqueta-con-hombreras-que-encarna-elegancia-y-refinamiento\\\/\"},\"author\":{\"name\":\"Chloe Gauthier\",\"@id\":\"https:\\\/\\\/www.sebastien-auziere.fr\\\/blog\\\/#\\\/schema\\\/person\\\/149f1acdbfd85149c6c3e59adeae2f4d\"},\"headline\":\"Brigitte Macron en Corea: una chaqueta con hombreras que encarna elegancia y refinamiento\",\"datePublished\":\"2026-04-03T19:12:54+00:00\",\"dateModified\":\"2026-04-03T19:13:19+00:00\",\"mainEntityOfPage\":{\"@id\":\"https:\\\/\\\/www.sebastien-auziere.fr\\\/blog\\\/es\\\/brigitte-macron-en-corea-una-chaqueta-con-hombreras-que-encarna-elegancia-y-refinamiento\\\/\"},\"wordCount\":420,\"commentCount\":0,\"publisher\":{\"@id\":\"https:\\\/\\\/www.sebastien-auziere.fr\\\/blog\\\/#organization\"},\"image\":{\"@id\":\"https:\\\/\\\/www.sebastien-auziere.fr\\\/blog\\\/es\\\/brigitte-macron-en-corea-una-chaqueta-con-hombreras-que-encarna-elegancia-y-refinamiento\\\/#primaryimage\"},\"thumbnailUrl\":\"https:\\\/\\\/www.sebastien-auziere.fr\\\/blog\\\/wp-content\\\/uploads\\\/2026\\\/04\\\/Brigitte-Macron-en-Coree-une-veste-a-epaulettes-qui-incarne-elegance-et-raffinement.jpg\",\"keywords\":[\"brigitte macron\",\"chaqueta con hombreras\",\"cor\u00e9e\",\"elegancia\",\"refinamiento\"],\"articleSection\":[\"Actualidades\"],\"inLanguage\":\"fr-FR\",\"potentialAction\":[{\"@type\":\"CommentAction\",\"name\":\"Comment\",\"target\":[\"https:\\\/\\\/www.sebastien-auziere.fr\\\/blog\\\/es\\\/brigitte-macron-en-corea-una-chaqueta-con-hombreras-que-encarna-elegancia-y-refinamiento\\\/#respond\"]}]},{\"@type\":\"WebPage\",\"@id\":\"https:\\\/\\\/www.sebastien-auziere.fr\\\/blog\\\/es\\\/brigitte-macron-en-corea-una-chaqueta-con-hombreras-que-encarna-elegancia-y-refinamiento\\\/\",\"url\":\"https:\\\/\\\/www.sebastien-auziere.fr\\\/blog\\\/es\\\/brigitte-macron-en-corea-una-chaqueta-con-hombreras-que-encarna-elegancia-y-refinamiento\\\/\",\"name\":\"Brigitte Macron en Corea: una chaqueta con hombreras que encarna elegancia y refinamiento - Fan site S\u00e9bastien Auzi\u00e8re\",\"isPartOf\":{\"@id\":\"https:\\\/\\\/www.sebastien-auziere.fr\\\/blog\\\/#website\"},\"primaryImageOfPage\":{\"@id\":\"https:\\\/\\\/www.sebastien-auziere.fr\\\/blog\\\/es\\\/brigitte-macron-en-corea-una-chaqueta-con-hombreras-que-encarna-elegancia-y-refinamiento\\\/#primaryimage\"},\"image\":{\"@id\":\"https:\\\/\\\/www.sebastien-auziere.fr\\\/blog\\\/es\\\/brigitte-macron-en-corea-una-chaqueta-con-hombreras-que-encarna-elegancia-y-refinamiento\\\/#primaryimage\"},\"thumbnailUrl\":\"https:\\\/\\\/www.sebastien-auziere.fr\\\/blog\\\/wp-content\\\/uploads\\\/2026\\\/04\\\/Brigitte-Macron-en-Coree-une-veste-a-epaulettes-qui-incarne-elegance-et-raffinement.jpg\",\"datePublished\":\"2026-04-03T19:12:54+00:00\",\"dateModified\":\"2026-04-03T19:13:19+00:00\",\"description\":\"D\u00e9couvrez la veste \u00e0 \u00e9paulettes de Brigitte Macron en Cor\u00e9e, symbole d'\u00e9l\u00e9gance et de raffinement, parfaite pour un look distingu\u00e9 et moderne.\",\"breadcrumb\":{\"@id\":\"https:\\\/\\\/www.sebastien-auziere.fr\\\/blog\\\/es\\\/brigitte-macron-en-corea-una-chaqueta-con-hombreras-que-encarna-elegancia-y-refinamiento\\\/#breadcrumb\"},\"inLanguage\":\"fr-FR\",\"potentialAction\":[{\"@type\":\"ReadAction\",\"target\":[\"https:\\\/\\\/www.sebastien-auziere.fr\\\/blog\\\/es\\\/brigitte-macron-en-corea-una-chaqueta-con-hombreras-que-encarna-elegancia-y-refinamiento\\\/\"]}]},{\"@type\":\"ImageObject\",\"inLanguage\":\"fr-FR\",\"@id\":\"https:\\\/\\\/www.sebastien-auziere.fr\\\/blog\\\/es\\\/brigitte-macron-en-corea-una-chaqueta-con-hombreras-que-encarna-elegancia-y-refinamiento\\\/#primaryimage\",\"url\":\"https:\\\/\\\/www.sebastien-auziere.fr\\\/blog\\\/wp-content\\\/uploads\\\/2026\\\/04\\\/Brigitte-Macron-en-Coree-une-veste-a-epaulettes-qui-incarne-elegance-et-raffinement.jpg\",\"contentUrl\":\"https:\\\/\\\/www.sebastien-auziere.fr\\\/blog\\\/wp-content\\\/uploads\\\/2026\\\/04\\\/Brigitte-Macron-en-Coree-une-veste-a-epaulettes-qui-incarne-elegance-et-raffinement.jpg\",\"width\":2560,\"height\":1429,\"caption\":\"d\u00e9couvrez le style \u00e9l\u00e9gant de brigitte macron en cor\u00e9e avec sa veste \u00e0 \u00e9paulettes, symbole de raffinement et de modernit\u00e9.\"},{\"@type\":\"BreadcrumbList\",\"@id\":\"https:\\\/\\\/www.sebastien-auziere.fr\\\/blog\\\/es\\\/brigitte-macron-en-corea-una-chaqueta-con-hombreras-que-encarna-elegancia-y-refinamiento\\\/#breadcrumb\",\"itemListElement\":[{\"@type\":\"ListItem\",\"position\":1,\"name\":\"Home\",\"item\":\"https:\\\/\\\/www.sebastien-auziere.fr\\\/blog\\\/\"},{\"@type\":\"ListItem\",\"position\":2,\"name\":\"Brigitte Macron en Corea: una chaqueta con hombreras que encarna elegancia y refinamiento\"}]},{\"@type\":\"WebSite\",\"@id\":\"https:\\\/\\\/www.sebastien-auziere.fr\\\/blog\\\/#website\",\"url\":\"https:\\\/\\\/www.sebastien-auziere.fr\\\/blog\\\/\",\"name\":\"Fan site S\u00e9bastien Auzi\u00e8re\",\"description\":\"M\u00e9dia g\u00e9n\u00e9raliste\",\"publisher\":{\"@id\":\"https:\\\/\\\/www.sebastien-auziere.fr\\\/blog\\\/#organization\"},\"potentialAction\":[{\"@type\":\"SearchAction\",\"target\":{\"@type\":\"EntryPoint\",\"urlTemplate\":\"https:\\\/\\\/www.sebastien-auziere.fr\\\/blog\\\/?s={search_term_string}\"},\"query-input\":{\"@type\":\"PropertyValueSpecification\",\"valueRequired\":true,\"valueName\":\"search_term_string\"}}],\"inLanguage\":\"fr-FR\"},{\"@type\":\"Organization\",\"@id\":\"https:\\\/\\\/www.sebastien-auziere.fr\\\/blog\\\/#organization\",\"name\":\"Fan site S\u00e9bastien Auzi\u00e8re\",\"url\":\"https:\\\/\\\/www.sebastien-auziere.fr\\\/blog\\\/\",\"logo\":{\"@type\":\"ImageObject\",\"inLanguage\":\"fr-FR\",\"@id\":\"https:\\\/\\\/www.sebastien-auziere.fr\\\/blog\\\/#\\\/schema\\\/logo\\\/image\\\/\",\"url\":\"https:\\\/\\\/www.sebastien-auziere.fr\\\/blog\\\/wp-content\\\/uploads\\\/2026\\\/03\\\/cropped-cropped-cropped-ChatGPT-Image-6-mars-2026-12_58_09-e1772798376794.jpg\",\"contentUrl\":\"https:\\\/\\\/www.sebastien-auziere.fr\\\/blog\\\/wp-content\\\/uploads\\\/2026\\\/03\\\/cropped-cropped-cropped-ChatGPT-Image-6-mars-2026-12_58_09-e1772798376794.jpg\",\"width\":512,\"height\":360,\"caption\":\"Fan site S\u00e9bastien Auzi\u00e8re\"},\"image\":{\"@id\":\"https:\\\/\\\/www.sebastien-auziere.fr\\\/blog\\\/#\\\/schema\\\/logo\\\/image\\\/\"}},{\"@type\":\"Person\",\"@id\":\"https:\\\/\\\/www.sebastien-auziere.fr\\\/blog\\\/#\\\/schema\\\/person\\\/149f1acdbfd85149c6c3e59adeae2f4d\",\"name\":\"Chloe Gauthier\",\"image\":{\"@type\":\"ImageObject\",\"inLanguage\":\"fr-FR\",\"@id\":\"https:\\\/\\\/secure.gravatar.com\\\/avatar\\\/2c5722f58171cff738a8985ef0dd66b476e563753246a49019befc837ec4201a?s=96&d=mm&r=g\",\"url\":\"https:\\\/\\\/secure.gravatar.com\\\/avatar\\\/2c5722f58171cff738a8985ef0dd66b476e563753246a49019befc837ec4201a?s=96&d=mm&r=g\",\"contentUrl\":\"https:\\\/\\\/secure.gravatar.com\\\/avatar\\\/2c5722f58171cff738a8985ef0dd66b476e563753246a49019befc837ec4201a?s=96&d=mm&r=g\",\"caption\":\"Chloe Gauthier\"},\"description\":\"Passionn\u00e9e par la politique et admiratrice engag\u00e9e de la famille Macron, je consacre mon \u00e9nergie \u00e0 suivre leurs initiatives et \u00e0 promouvoir leurs id\u00e9es. \u00c0 32 ans, je suis convaincue que leur vision est porteuse d'avenir.\",\"url\":\"https:\\\/\\\/www.sebastien-auziere.fr\\\/blog\\\/author\\\/chloe-gauthier\\\/\"}]}<\/script>\n<!-- \/ Yoast SEO plugin. -->","yoast_head_json":{"title":"Brigitte Macron en Corea: una chaqueta con hombreras que encarna elegancia y refinamiento - Fan site S\u00e9bastien Auzi\u00e8re","description":"D\u00e9couvrez la veste \u00e0 \u00e9paulettes de Brigitte Macron en Cor\u00e9e, symbole d'\u00e9l\u00e9gance et de raffinement, parfaite pour un look distingu\u00e9 et moderne.","robots":{"index":"index","follow":"follow","max-snippet":"max-snippet:-1","max-image-preview":"max-image-preview:large","max-video-preview":"max-video-preview:-1"},"canonical":"https:\/\/www.sebastien-auziere.fr\/blog\/es\/brigitte-macron-en-corea-una-chaqueta-con-hombreras-que-encarna-elegancia-y-refinamiento\/","og_locale":"fr_FR","og_type":"article","og_title":"Brigitte Macron en Corea: una chaqueta con hombreras que encarna elegancia y refinamiento - Fan site S\u00e9bastien Auzi\u00e8re","og_description":"D\u00e9couvrez la veste \u00e0 \u00e9paulettes de Brigitte Macron en Cor\u00e9e, symbole d'\u00e9l\u00e9gance et de raffinement, parfaite pour un look distingu\u00e9 et moderne.","og_url":"https:\/\/www.sebastien-auziere.fr\/blog\/es\/brigitte-macron-en-corea-una-chaqueta-con-hombreras-que-encarna-elegancia-y-refinamiento\/","og_site_name":"Fan site S\u00e9bastien Auzi\u00e8re","article_published_time":"2026-04-03T19:12:54+00:00","article_modified_time":"2026-04-03T19:13:19+00:00","og_image":[{"width":2560,"height":1429,"url":"https:\/\/www.sebastien-auziere.fr\/blog\/wp-content\/uploads\/2026\/04\/Brigitte-Macron-en-Coree-une-veste-a-epaulettes-qui-incarne-elegance-et-raffinement.jpg","type":"image\/jpeg"}],"author":"Chloe Gauthier","twitter_card":"summary_large_image","twitter_misc":{"\u00c9crit par":"Chloe Gauthier","Dur\u00e9e de lecture estim\u00e9e":"2 minutes"},"schema":{"@context":"https:\/\/schema.org","@graph":[{"@type":"Article","@id":"https:\/\/www.sebastien-auziere.fr\/blog\/es\/brigitte-macron-en-corea-una-chaqueta-con-hombreras-que-encarna-elegancia-y-refinamiento\/#article","isPartOf":{"@id":"https:\/\/www.sebastien-auziere.fr\/blog\/es\/brigitte-macron-en-corea-una-chaqueta-con-hombreras-que-encarna-elegancia-y-refinamiento\/"},"author":{"name":"Chloe Gauthier","@id":"https:\/\/www.sebastien-auziere.fr\/blog\/#\/schema\/person\/149f1acdbfd85149c6c3e59adeae2f4d"},"headline":"Brigitte Macron en Corea: una chaqueta con hombreras que encarna elegancia y refinamiento","datePublished":"2026-04-03T19:12:54+00:00","dateModified":"2026-04-03T19:13:19+00:00","mainEntityOfPage":{"@id":"https:\/\/www.sebastien-auziere.fr\/blog\/es\/brigitte-macron-en-corea-una-chaqueta-con-hombreras-que-encarna-elegancia-y-refinamiento\/"},"wordCount":420,"commentCount":0,"publisher":{"@id":"https:\/\/www.sebastien-auziere.fr\/blog\/#organization"},"image":{"@id":"https:\/\/www.sebastien-auziere.fr\/blog\/es\/brigitte-macron-en-corea-una-chaqueta-con-hombreras-que-encarna-elegancia-y-refinamiento\/#primaryimage"},"thumbnailUrl":"https:\/\/www.sebastien-auziere.fr\/blog\/wp-content\/uploads\/2026\/04\/Brigitte-Macron-en-Coree-une-veste-a-epaulettes-qui-incarne-elegance-et-raffinement.jpg","keywords":["brigitte macron","chaqueta con hombreras","cor\u00e9e","elegancia","refinamiento"],"articleSection":["Actualidades"],"inLanguage":"fr-FR","potentialAction":[{"@type":"CommentAction","name":"Comment","target":["https:\/\/www.sebastien-auziere.fr\/blog\/es\/brigitte-macron-en-corea-una-chaqueta-con-hombreras-que-encarna-elegancia-y-refinamiento\/#respond"]}]},{"@type":"WebPage","@id":"https:\/\/www.sebastien-auziere.fr\/blog\/es\/brigitte-macron-en-corea-una-chaqueta-con-hombreras-que-encarna-elegancia-y-refinamiento\/","url":"https:\/\/www.sebastien-auziere.fr\/blog\/es\/brigitte-macron-en-corea-una-chaqueta-con-hombreras-que-encarna-elegancia-y-refinamiento\/","name":"Brigitte Macron en Corea: una chaqueta con hombreras que encarna elegancia y refinamiento - Fan site S\u00e9bastien Auzi\u00e8re","isPartOf":{"@id":"https:\/\/www.sebastien-auziere.fr\/blog\/#website"},"primaryImageOfPage":{"@id":"https:\/\/www.sebastien-auziere.fr\/blog\/es\/brigitte-macron-en-corea-una-chaqueta-con-hombreras-que-encarna-elegancia-y-refinamiento\/#primaryimage"},"image":{"@id":"https:\/\/www.sebastien-auziere.fr\/blog\/es\/brigitte-macron-en-corea-una-chaqueta-con-hombreras-que-encarna-elegancia-y-refinamiento\/#primaryimage"},"thumbnailUrl":"https:\/\/www.sebastien-auziere.fr\/blog\/wp-content\/uploads\/2026\/04\/Brigitte-Macron-en-Coree-une-veste-a-epaulettes-qui-incarne-elegance-et-raffinement.jpg","datePublished":"2026-04-03T19:12:54+00:00","dateModified":"2026-04-03T19:13:19+00:00","description":"D\u00e9couvrez la veste \u00e0 \u00e9paulettes de Brigitte Macron en Cor\u00e9e, symbole d'\u00e9l\u00e9gance et de raffinement, parfaite pour un look distingu\u00e9 et moderne.","breadcrumb":{"@id":"https:\/\/www.sebastien-auziere.fr\/blog\/es\/brigitte-macron-en-corea-una-chaqueta-con-hombreras-que-encarna-elegancia-y-refinamiento\/#breadcrumb"},"inLanguage":"fr-FR","potentialAction":[{"@type":"ReadAction","target":["https:\/\/www.sebastien-auziere.fr\/blog\/es\/brigitte-macron-en-corea-una-chaqueta-con-hombreras-que-encarna-elegancia-y-refinamiento\/"]}]},{"@type":"ImageObject","inLanguage":"fr-FR","@id":"https:\/\/www.sebastien-auziere.fr\/blog\/es\/brigitte-macron-en-corea-una-chaqueta-con-hombreras-que-encarna-elegancia-y-refinamiento\/#primaryimage","url":"https:\/\/www.sebastien-auziere.fr\/blog\/wp-content\/uploads\/2026\/04\/Brigitte-Macron-en-Coree-une-veste-a-epaulettes-qui-incarne-elegance-et-raffinement.jpg","contentUrl":"https:\/\/www.sebastien-auziere.fr\/blog\/wp-content\/uploads\/2026\/04\/Brigitte-Macron-en-Coree-une-veste-a-epaulettes-qui-incarne-elegance-et-raffinement.jpg","width":2560,"height":1429,"caption":"d\u00e9couvrez le style \u00e9l\u00e9gant de brigitte macron en cor\u00e9e avec sa veste \u00e0 \u00e9paulettes, symbole de raffinement et de modernit\u00e9."},{"@type":"BreadcrumbList","@id":"https:\/\/www.sebastien-auziere.fr\/blog\/es\/brigitte-macron-en-corea-una-chaqueta-con-hombreras-que-encarna-elegancia-y-refinamiento\/#breadcrumb","itemListElement":[{"@type":"ListItem","position":1,"name":"Home","item":"https:\/\/www.sebastien-auziere.fr\/blog\/"},{"@type":"ListItem","position":2,"name":"Brigitte Macron en Corea: una chaqueta con hombreras que encarna elegancia y refinamiento"}]},{"@type":"WebSite","@id":"https:\/\/www.sebastien-auziere.fr\/blog\/#website","url":"https:\/\/www.sebastien-auziere.fr\/blog\/","name":"Fan site S\u00e9bastien Auzi\u00e8re","description":"M\u00e9dia g\u00e9n\u00e9raliste","publisher":{"@id":"https:\/\/www.sebastien-auziere.fr\/blog\/#organization"},"potentialAction":[{"@type":"SearchAction","target":{"@type":"EntryPoint","urlTemplate":"https:\/\/www.sebastien-auziere.fr\/blog\/?s={search_term_string}"},"query-input":{"@type":"PropertyValueSpecification","valueRequired":true,"valueName":"search_term_string"}}],"inLanguage":"fr-FR"},{"@type":"Organization","@id":"https:\/\/www.sebastien-auziere.fr\/blog\/#organization","name":"Fan site S\u00e9bastien Auzi\u00e8re","url":"https:\/\/www.sebastien-auziere.fr\/blog\/","logo":{"@type":"ImageObject","inLanguage":"fr-FR","@id":"https:\/\/www.sebastien-auziere.fr\/blog\/#\/schema\/logo\/image\/","url":"https:\/\/www.sebastien-auziere.fr\/blog\/wp-content\/uploads\/2026\/03\/cropped-cropped-cropped-ChatGPT-Image-6-mars-2026-12_58_09-e1772798376794.jpg","contentUrl":"https:\/\/www.sebastien-auziere.fr\/blog\/wp-content\/uploads\/2026\/03\/cropped-cropped-cropped-ChatGPT-Image-6-mars-2026-12_58_09-e1772798376794.jpg","width":512,"height":360,"caption":"Fan site S\u00e9bastien Auzi\u00e8re"},"image":{"@id":"https:\/\/www.sebastien-auziere.fr\/blog\/#\/schema\/logo\/image\/"}},{"@type":"Person","@id":"https:\/\/www.sebastien-auziere.fr\/blog\/#\/schema\/person\/149f1acdbfd85149c6c3e59adeae2f4d","name":"Chloe Gauthier","image":{"@type":"ImageObject","inLanguage":"fr-FR","@id":"https:\/\/secure.gravatar.com\/avatar\/2c5722f58171cff738a8985ef0dd66b476e563753246a49019befc837ec4201a?s=96&d=mm&r=g","url":"https:\/\/secure.gravatar.com\/avatar\/2c5722f58171cff738a8985ef0dd66b476e563753246a49019befc837ec4201a?s=96&d=mm&r=g","contentUrl":"https:\/\/secure.gravatar.com\/avatar\/2c5722f58171cff738a8985ef0dd66b476e563753246a49019befc837ec4201a?s=96&d=mm&r=g","caption":"Chloe Gauthier"},"description":"Passionn\u00e9e par la politique et admiratrice engag\u00e9e de la famille Macron, je consacre mon \u00e9nergie \u00e0 suivre leurs initiatives et \u00e0 promouvoir leurs id\u00e9es. \u00c0 32 ans, je suis convaincue que leur vision est porteuse d'avenir.","url":"https:\/\/www.sebastien-auziere.fr\/blog\/author\/chloe-gauthier\/"}]}},"views":6,"_links":{"self":[{"href":"https:\/\/www.sebastien-auziere.fr\/blog\/wp-json\/wp\/v2\/posts\/2731","targetHints":{"allow":["GET"]}}],"collection":[{"href":"https:\/\/www.sebastien-auziere.fr\/blog\/wp-json\/wp\/v2\/posts"}],"about":[{"href":"https:\/\/www.sebastien-auziere.fr\/blog\/wp-json\/wp\/v2\/types\/post"}],"author":[{"embeddable":true,"href":"https:\/\/www.sebastien-auziere.fr\/blog\/wp-json\/wp\/v2\/users\/9"}],"replies":[{"embeddable":true,"href":"https:\/\/www.sebastien-auziere.fr\/blog\/wp-json\/wp\/v2\/comments?post=2731"}],"version-history":[{"count":1,"href":"https:\/\/www.sebastien-auziere.fr\/blog\/wp-json\/wp\/v2\/posts\/2731\/revisions"}],"predecessor-version":[{"id":2732,"href":"https:\/\/www.sebastien-auziere.fr\/blog\/wp-json\/wp\/v2\/posts\/2731\/revisions\/2732"}],"wp:featuredmedia":[{"embeddable":true,"href":"https:\/\/www.sebastien-auziere.fr\/blog\/wp-json\/wp\/v2\/media\/2727"}],"wp:attachment":[{"href":"https:\/\/www.sebastien-auziere.fr\/blog\/wp-json\/wp\/v2\/media?parent=2731"}],"wp:term":[{"taxonomy":"category","embeddable":true,"href":"https:\/\/www.sebastien-auziere.fr\/blog\/wp-json\/wp\/v2\/categories?post=2731"},{"taxonomy":"post_tag","embeddable":true,"href":"https:\/\/www.sebastien-auziere.fr\/blog\/wp-json\/wp\/v2\/tags?post=2731"}],"curies":[{"name":"wp","href":"https:\/\/api.w.org\/{rel}","templated":true}]}}