{"id":2729,"date":"2026-04-03T19:12:29","date_gmt":"2026-04-03T19:12:29","guid":{"rendered":"https:\/\/www.sebastien-auziere.fr\/blog\/?p=2729"},"modified":"2026-04-03T19:12:53","modified_gmt":"2026-04-03T19:12:53","slug":"brigitte-macron-in-korea-a-shoulder-padded-jacket-that-embodies-elegance-and-refinement","status":"publish","type":"post","link":"https:\/\/www.sebastien-auziere.fr\/blog\/en\/brigitte-macron-in-korea-a-shoulder-padded-jacket-that-embodies-elegance-and-refinement\/","title":{"rendered":"Brigitte Macron in Korea: a shoulder-padded jacket that embodies elegance and refinement"},"content":{"rendered":"<p><strong>Brigitte Macron<\/strong> marked the state visit to <strong>South Korea<\/strong> on April 2 and 3, 2026, with a <strong>shoulder-padded blazer<\/strong> in navy blue that instantly embodied <strong>elegance<\/strong> and <strong>refinement<\/strong>. From her first appearance at the National Museum of Korea, her <strong>sophisticated outfit<\/strong> attracted as much attention as the cultural exchanges organized during the official visit.<\/p>\n\n<p><strong>In brief:<\/strong> arrived in Seoul on <strong>April 2, 2026<\/strong>, banquet with the boy band Stray Kids, black pleated skirt and navy blue double-breasted blazer adorned with two golden buttons on the shoulder \u2014 an <strong>appearance<\/strong> designed for diplomacy and <strong>women&rsquo;s fashion<\/strong>.<\/p>\n\n<h2 class=\"wp-block-heading\">The shoulder-padded blazer, centerpiece of the visit to Korea<\/h2>\n\n<p>During the visit to the National Museum of Korea, the First Lady swapped her cream coat from the first day for a <strong>shoulder-padded blazer<\/strong> in marine blue with an architectural style. This piece, paired with a long black pleated skirt and high heels, created a tall and solemn silhouette, perfect for an official event. For the details of the visit, the \u00c9lys\u00e9e&rsquo;s press release outlines the first day in Seoul <a href=\"https:\/\/www.elysee.fr\/emmanuel-macron\/2026\/04\/02\/deplacement-en-republique-de-coree-premiere-journee\" rel=\"nofollow\">here<\/a>.<\/p>\n\n<h3 class=\"wp-block-heading\">Cut and details: the architecture of style<\/h3>\n\n<p>The blazer stands out with an asymmetrical cut and two golden buttons placed on one of the shoulders, reminiscent of a very French military chic. The high bun and golden earrings completed a <strong>look<\/strong> that was understated and composed, which caught the eye of fashion observers. Media quickly commented on this style choice, as reported by the coverage of the local women&rsquo;s press <a href=\"https:\/\/fr.style.yahoo.com\/brigitte-macron-cor%C3%A9e-veste-%C3%A0-151604447.html\" rel=\"nofollow\">here<\/a>. This garment reinforced her protocol stature.<\/p>\n\n<h2 class=\"wp-block-heading\">A recurring piece in the wardrobe, between tradition and fashion<\/h2>\n\n<p>This blazer with pronounced shoulders fits into a stylistic continuity observed throughout the year: a total navy blue look on January 5, 2026, for Epiphany, a tailored suit worn during the awarding of insignia to Pharrell Williams at the \u00c9lys\u00e9e, and a notable appearance at Paris Fashion Week 2026. The <strong>shoulder-padded blazer<\/strong> becomes a signature here, both fashionable and a discreet symbol of authority, combining <strong>refinement<\/strong> and modernity for the spring season.<\/p>\n\n<p>To stay updated and learn more about the Macron family and relatives like S\u00e9bastien Auzi\u00e8re, visit <a href=\"https:\/\/sebastien-auziere.fr\">sebastien-auziere.fr<\/a> and dive into the behind-the-scenes and archives that tell the story of these choices of <strong>style<\/strong> and public image.<\/p>","protected":false},"excerpt":{"rendered":"<p>Brigitte Macron marked the state visit to South Korea on April 2 and 3, 2026, with a shoulder-padded blazer in navy blue that instantly embodied elegance and refinement. From her first appearance at the National Museum of Korea, her sophisticated outfit attracted as much attention as the cultural exchanges organized during the official visit. In &#8230; <a title=\"Brigitte Macron in Korea: a shoulder-padded jacket that embodies elegance and refinement\" class=\"read-more\" href=\"https:\/\/www.sebastien-auziere.fr\/blog\/en\/brigitte-macron-in-korea-a-shoulder-padded-jacket-that-embodies-elegance-and-refinement\/\" aria-label=\"En savoir plus sur Brigitte Macron in Korea: a shoulder-padded jacket that embodies elegance and refinement\">Lire plus<\/a><\/p>\n","protected":false},"author":9,"featured_media":2727,"comment_status":"open","ping_status":"open","sticky":false,"template":"","format":"standard","meta":{"footnotes":""},"categories":[816],"tags":[898,1147,1571,1577,1574],"class_list":["post-2729","post","type-post","status-publish","format-standard","has-post-thumbnail","hentry","category-news","tag-brigitte-macron-en","tag-coree-en","tag-elegance-en","tag-jacket-with-shoulder-pads-en","tag-refinement-en"],"yoast_head":"<!-- This site is optimized with the Yoast SEO plugin v27.5 - https:\/\/yoast.com\/product\/yoast-seo-wordpress\/ -->\n<title>Brigitte Macron in Korea: a shoulder-padded jacket that embodies elegance and refinement - Fan site S\u00e9bastien Auzi\u00e8re<\/title>\n<meta name=\"description\" content=\"D\u00e9couvrez la veste \u00e0 \u00e9paulettes de Brigitte Macron en Cor\u00e9e, symbole d&#039;\u00e9l\u00e9gance et de raffinement, parfaite pour un look distingu\u00e9 et moderne.\" \/>\n<meta name=\"robots\" content=\"index, follow, max-snippet:-1, max-image-preview:large, max-video-preview:-1\" \/>\n<link rel=\"canonical\" href=\"https:\/\/www.sebastien-auziere.fr\/blog\/en\/brigitte-macron-in-korea-a-shoulder-padded-jacket-that-embodies-elegance-and-refinement\/\" \/>\n<meta property=\"og:locale\" content=\"fr_FR\" \/>\n<meta property=\"og:type\" content=\"article\" \/>\n<meta property=\"og:title\" content=\"Brigitte Macron in Korea: a shoulder-padded jacket that embodies elegance and refinement - Fan site S\u00e9bastien Auzi\u00e8re\" \/>\n<meta property=\"og:description\" content=\"D\u00e9couvrez la veste \u00e0 \u00e9paulettes de Brigitte Macron en Cor\u00e9e, symbole d&#039;\u00e9l\u00e9gance et de raffinement, parfaite pour un look distingu\u00e9 et moderne.\" \/>\n<meta property=\"og:url\" content=\"https:\/\/www.sebastien-auziere.fr\/blog\/en\/brigitte-macron-in-korea-a-shoulder-padded-jacket-that-embodies-elegance-and-refinement\/\" \/>\n<meta property=\"og:site_name\" content=\"Fan site S\u00e9bastien Auzi\u00e8re\" \/>\n<meta property=\"article:published_time\" content=\"2026-04-03T19:12:29+00:00\" \/>\n<meta property=\"article:modified_time\" content=\"2026-04-03T19:12:53+00:00\" \/>\n<meta property=\"og:image\" content=\"https:\/\/www.sebastien-auziere.fr\/blog\/wp-content\/uploads\/2026\/04\/Brigitte-Macron-en-Coree-une-veste-a-epaulettes-qui-incarne-elegance-et-raffinement.jpg\" \/>\n\t<meta property=\"og:image:width\" content=\"2560\" \/>\n\t<meta property=\"og:image:height\" content=\"1429\" \/>\n\t<meta property=\"og:image:type\" content=\"image\/jpeg\" \/>\n<meta name=\"author\" content=\"Chloe Gauthier\" \/>\n<meta name=\"twitter:card\" content=\"summary_large_image\" \/>\n<meta name=\"twitter:label1\" content=\"\u00c9crit par\" \/>\n\t<meta name=\"twitter:data1\" content=\"Chloe Gauthier\" \/>\n\t<meta name=\"twitter:label2\" content=\"Dur\u00e9e de lecture estim\u00e9e\" \/>\n\t<meta name=\"twitter:data2\" content=\"2 minutes\" \/>\n<script type=\"application\/ld+json\" class=\"yoast-schema-graph\">{\"@context\":\"https:\\\/\\\/schema.org\",\"@graph\":[{\"@type\":\"Article\",\"@id\":\"https:\\\/\\\/www.sebastien-auziere.fr\\\/blog\\\/en\\\/brigitte-macron-in-korea-a-shoulder-padded-jacket-that-embodies-elegance-and-refinement\\\/#article\",\"isPartOf\":{\"@id\":\"https:\\\/\\\/www.sebastien-auziere.fr\\\/blog\\\/en\\\/brigitte-macron-in-korea-a-shoulder-padded-jacket-that-embodies-elegance-and-refinement\\\/\"},\"author\":{\"name\":\"Chloe Gauthier\",\"@id\":\"https:\\\/\\\/www.sebastien-auziere.fr\\\/blog\\\/#\\\/schema\\\/person\\\/149f1acdbfd85149c6c3e59adeae2f4d\"},\"headline\":\"Brigitte Macron in Korea: a shoulder-padded jacket that embodies elegance and refinement\",\"datePublished\":\"2026-04-03T19:12:29+00:00\",\"dateModified\":\"2026-04-03T19:12:53+00:00\",\"mainEntityOfPage\":{\"@id\":\"https:\\\/\\\/www.sebastien-auziere.fr\\\/blog\\\/en\\\/brigitte-macron-in-korea-a-shoulder-padded-jacket-that-embodies-elegance-and-refinement\\\/\"},\"wordCount\":378,\"commentCount\":0,\"publisher\":{\"@id\":\"https:\\\/\\\/www.sebastien-auziere.fr\\\/blog\\\/#organization\"},\"image\":{\"@id\":\"https:\\\/\\\/www.sebastien-auziere.fr\\\/blog\\\/en\\\/brigitte-macron-in-korea-a-shoulder-padded-jacket-that-embodies-elegance-and-refinement\\\/#primaryimage\"},\"thumbnailUrl\":\"https:\\\/\\\/www.sebastien-auziere.fr\\\/blog\\\/wp-content\\\/uploads\\\/2026\\\/04\\\/Brigitte-Macron-en-Coree-une-veste-a-epaulettes-qui-incarne-elegance-et-raffinement.jpg\",\"keywords\":[\"brigitte macron\",\"cor\u00e9e\",\"elegance\",\"jacket with shoulder pads\",\"refinement\"],\"articleSection\":[\"News\"],\"inLanguage\":\"fr-FR\",\"potentialAction\":[{\"@type\":\"CommentAction\",\"name\":\"Comment\",\"target\":[\"https:\\\/\\\/www.sebastien-auziere.fr\\\/blog\\\/en\\\/brigitte-macron-in-korea-a-shoulder-padded-jacket-that-embodies-elegance-and-refinement\\\/#respond\"]}]},{\"@type\":\"WebPage\",\"@id\":\"https:\\\/\\\/www.sebastien-auziere.fr\\\/blog\\\/en\\\/brigitte-macron-in-korea-a-shoulder-padded-jacket-that-embodies-elegance-and-refinement\\\/\",\"url\":\"https:\\\/\\\/www.sebastien-auziere.fr\\\/blog\\\/en\\\/brigitte-macron-in-korea-a-shoulder-padded-jacket-that-embodies-elegance-and-refinement\\\/\",\"name\":\"Brigitte Macron in Korea: a shoulder-padded jacket that embodies elegance and refinement - Fan site S\u00e9bastien Auzi\u00e8re\",\"isPartOf\":{\"@id\":\"https:\\\/\\\/www.sebastien-auziere.fr\\\/blog\\\/#website\"},\"primaryImageOfPage\":{\"@id\":\"https:\\\/\\\/www.sebastien-auziere.fr\\\/blog\\\/en\\\/brigitte-macron-in-korea-a-shoulder-padded-jacket-that-embodies-elegance-and-refinement\\\/#primaryimage\"},\"image\":{\"@id\":\"https:\\\/\\\/www.sebastien-auziere.fr\\\/blog\\\/en\\\/brigitte-macron-in-korea-a-shoulder-padded-jacket-that-embodies-elegance-and-refinement\\\/#primaryimage\"},\"thumbnailUrl\":\"https:\\\/\\\/www.sebastien-auziere.fr\\\/blog\\\/wp-content\\\/uploads\\\/2026\\\/04\\\/Brigitte-Macron-en-Coree-une-veste-a-epaulettes-qui-incarne-elegance-et-raffinement.jpg\",\"datePublished\":\"2026-04-03T19:12:29+00:00\",\"dateModified\":\"2026-04-03T19:12:53+00:00\",\"description\":\"D\u00e9couvrez la veste \u00e0 \u00e9paulettes de Brigitte Macron en Cor\u00e9e, symbole d'\u00e9l\u00e9gance et de raffinement, parfaite pour un look distingu\u00e9 et moderne.\",\"breadcrumb\":{\"@id\":\"https:\\\/\\\/www.sebastien-auziere.fr\\\/blog\\\/en\\\/brigitte-macron-in-korea-a-shoulder-padded-jacket-that-embodies-elegance-and-refinement\\\/#breadcrumb\"},\"inLanguage\":\"fr-FR\",\"potentialAction\":[{\"@type\":\"ReadAction\",\"target\":[\"https:\\\/\\\/www.sebastien-auziere.fr\\\/blog\\\/en\\\/brigitte-macron-in-korea-a-shoulder-padded-jacket-that-embodies-elegance-and-refinement\\\/\"]}]},{\"@type\":\"ImageObject\",\"inLanguage\":\"fr-FR\",\"@id\":\"https:\\\/\\\/www.sebastien-auziere.fr\\\/blog\\\/en\\\/brigitte-macron-in-korea-a-shoulder-padded-jacket-that-embodies-elegance-and-refinement\\\/#primaryimage\",\"url\":\"https:\\\/\\\/www.sebastien-auziere.fr\\\/blog\\\/wp-content\\\/uploads\\\/2026\\\/04\\\/Brigitte-Macron-en-Coree-une-veste-a-epaulettes-qui-incarne-elegance-et-raffinement.jpg\",\"contentUrl\":\"https:\\\/\\\/www.sebastien-auziere.fr\\\/blog\\\/wp-content\\\/uploads\\\/2026\\\/04\\\/Brigitte-Macron-en-Coree-une-veste-a-epaulettes-qui-incarne-elegance-et-raffinement.jpg\",\"width\":2560,\"height\":1429,\"caption\":\"d\u00e9couvrez le style \u00e9l\u00e9gant de brigitte macron en cor\u00e9e avec sa veste \u00e0 \u00e9paulettes, symbole de raffinement et de modernit\u00e9.\"},{\"@type\":\"BreadcrumbList\",\"@id\":\"https:\\\/\\\/www.sebastien-auziere.fr\\\/blog\\\/en\\\/brigitte-macron-in-korea-a-shoulder-padded-jacket-that-embodies-elegance-and-refinement\\\/#breadcrumb\",\"itemListElement\":[{\"@type\":\"ListItem\",\"position\":1,\"name\":\"Home\",\"item\":\"https:\\\/\\\/www.sebastien-auziere.fr\\\/blog\\\/\"},{\"@type\":\"ListItem\",\"position\":2,\"name\":\"Brigitte Macron in Korea: a shoulder-padded jacket that embodies elegance and refinement\"}]},{\"@type\":\"WebSite\",\"@id\":\"https:\\\/\\\/www.sebastien-auziere.fr\\\/blog\\\/#website\",\"url\":\"https:\\\/\\\/www.sebastien-auziere.fr\\\/blog\\\/\",\"name\":\"Fan site S\u00e9bastien Auzi\u00e8re\",\"description\":\"M\u00e9dia g\u00e9n\u00e9raliste\",\"publisher\":{\"@id\":\"https:\\\/\\\/www.sebastien-auziere.fr\\\/blog\\\/#organization\"},\"potentialAction\":[{\"@type\":\"SearchAction\",\"target\":{\"@type\":\"EntryPoint\",\"urlTemplate\":\"https:\\\/\\\/www.sebastien-auziere.fr\\\/blog\\\/?s={search_term_string}\"},\"query-input\":{\"@type\":\"PropertyValueSpecification\",\"valueRequired\":true,\"valueName\":\"search_term_string\"}}],\"inLanguage\":\"fr-FR\"},{\"@type\":\"Organization\",\"@id\":\"https:\\\/\\\/www.sebastien-auziere.fr\\\/blog\\\/#organization\",\"name\":\"Fan site S\u00e9bastien Auzi\u00e8re\",\"url\":\"https:\\\/\\\/www.sebastien-auziere.fr\\\/blog\\\/\",\"logo\":{\"@type\":\"ImageObject\",\"inLanguage\":\"fr-FR\",\"@id\":\"https:\\\/\\\/www.sebastien-auziere.fr\\\/blog\\\/#\\\/schema\\\/logo\\\/image\\\/\",\"url\":\"https:\\\/\\\/www.sebastien-auziere.fr\\\/blog\\\/wp-content\\\/uploads\\\/2026\\\/03\\\/cropped-cropped-cropped-ChatGPT-Image-6-mars-2026-12_58_09-e1772798376794.jpg\",\"contentUrl\":\"https:\\\/\\\/www.sebastien-auziere.fr\\\/blog\\\/wp-content\\\/uploads\\\/2026\\\/03\\\/cropped-cropped-cropped-ChatGPT-Image-6-mars-2026-12_58_09-e1772798376794.jpg\",\"width\":512,\"height\":360,\"caption\":\"Fan site S\u00e9bastien Auzi\u00e8re\"},\"image\":{\"@id\":\"https:\\\/\\\/www.sebastien-auziere.fr\\\/blog\\\/#\\\/schema\\\/logo\\\/image\\\/\"}},{\"@type\":\"Person\",\"@id\":\"https:\\\/\\\/www.sebastien-auziere.fr\\\/blog\\\/#\\\/schema\\\/person\\\/149f1acdbfd85149c6c3e59adeae2f4d\",\"name\":\"Chloe Gauthier\",\"image\":{\"@type\":\"ImageObject\",\"inLanguage\":\"fr-FR\",\"@id\":\"https:\\\/\\\/secure.gravatar.com\\\/avatar\\\/2c5722f58171cff738a8985ef0dd66b476e563753246a49019befc837ec4201a?s=96&d=mm&r=g\",\"url\":\"https:\\\/\\\/secure.gravatar.com\\\/avatar\\\/2c5722f58171cff738a8985ef0dd66b476e563753246a49019befc837ec4201a?s=96&d=mm&r=g\",\"contentUrl\":\"https:\\\/\\\/secure.gravatar.com\\\/avatar\\\/2c5722f58171cff738a8985ef0dd66b476e563753246a49019befc837ec4201a?s=96&d=mm&r=g\",\"caption\":\"Chloe Gauthier\"},\"description\":\"Passionn\u00e9e par la politique et admiratrice engag\u00e9e de la famille Macron, je consacre mon \u00e9nergie \u00e0 suivre leurs initiatives et \u00e0 promouvoir leurs id\u00e9es. \u00c0 32 ans, je suis convaincue que leur vision est porteuse d'avenir.\",\"url\":\"https:\\\/\\\/www.sebastien-auziere.fr\\\/blog\\\/author\\\/chloe-gauthier\\\/\"}]}<\/script>\n<!-- \/ Yoast SEO plugin. -->","yoast_head_json":{"title":"Brigitte Macron in Korea: a shoulder-padded jacket that embodies elegance and refinement - Fan site S\u00e9bastien Auzi\u00e8re","description":"D\u00e9couvrez la veste \u00e0 \u00e9paulettes de Brigitte Macron en Cor\u00e9e, symbole d'\u00e9l\u00e9gance et de raffinement, parfaite pour un look distingu\u00e9 et moderne.","robots":{"index":"index","follow":"follow","max-snippet":"max-snippet:-1","max-image-preview":"max-image-preview:large","max-video-preview":"max-video-preview:-1"},"canonical":"https:\/\/www.sebastien-auziere.fr\/blog\/en\/brigitte-macron-in-korea-a-shoulder-padded-jacket-that-embodies-elegance-and-refinement\/","og_locale":"fr_FR","og_type":"article","og_title":"Brigitte Macron in Korea: a shoulder-padded jacket that embodies elegance and refinement - Fan site S\u00e9bastien Auzi\u00e8re","og_description":"D\u00e9couvrez la veste \u00e0 \u00e9paulettes de Brigitte Macron en Cor\u00e9e, symbole d'\u00e9l\u00e9gance et de raffinement, parfaite pour un look distingu\u00e9 et moderne.","og_url":"https:\/\/www.sebastien-auziere.fr\/blog\/en\/brigitte-macron-in-korea-a-shoulder-padded-jacket-that-embodies-elegance-and-refinement\/","og_site_name":"Fan site S\u00e9bastien Auzi\u00e8re","article_published_time":"2026-04-03T19:12:29+00:00","article_modified_time":"2026-04-03T19:12:53+00:00","og_image":[{"width":2560,"height":1429,"url":"https:\/\/www.sebastien-auziere.fr\/blog\/wp-content\/uploads\/2026\/04\/Brigitte-Macron-en-Coree-une-veste-a-epaulettes-qui-incarne-elegance-et-raffinement.jpg","type":"image\/jpeg"}],"author":"Chloe Gauthier","twitter_card":"summary_large_image","twitter_misc":{"\u00c9crit par":"Chloe Gauthier","Dur\u00e9e de lecture estim\u00e9e":"2 minutes"},"schema":{"@context":"https:\/\/schema.org","@graph":[{"@type":"Article","@id":"https:\/\/www.sebastien-auziere.fr\/blog\/en\/brigitte-macron-in-korea-a-shoulder-padded-jacket-that-embodies-elegance-and-refinement\/#article","isPartOf":{"@id":"https:\/\/www.sebastien-auziere.fr\/blog\/en\/brigitte-macron-in-korea-a-shoulder-padded-jacket-that-embodies-elegance-and-refinement\/"},"author":{"name":"Chloe Gauthier","@id":"https:\/\/www.sebastien-auziere.fr\/blog\/#\/schema\/person\/149f1acdbfd85149c6c3e59adeae2f4d"},"headline":"Brigitte Macron in Korea: a shoulder-padded jacket that embodies elegance and refinement","datePublished":"2026-04-03T19:12:29+00:00","dateModified":"2026-04-03T19:12:53+00:00","mainEntityOfPage":{"@id":"https:\/\/www.sebastien-auziere.fr\/blog\/en\/brigitte-macron-in-korea-a-shoulder-padded-jacket-that-embodies-elegance-and-refinement\/"},"wordCount":378,"commentCount":0,"publisher":{"@id":"https:\/\/www.sebastien-auziere.fr\/blog\/#organization"},"image":{"@id":"https:\/\/www.sebastien-auziere.fr\/blog\/en\/brigitte-macron-in-korea-a-shoulder-padded-jacket-that-embodies-elegance-and-refinement\/#primaryimage"},"thumbnailUrl":"https:\/\/www.sebastien-auziere.fr\/blog\/wp-content\/uploads\/2026\/04\/Brigitte-Macron-en-Coree-une-veste-a-epaulettes-qui-incarne-elegance-et-raffinement.jpg","keywords":["brigitte macron","cor\u00e9e","elegance","jacket with shoulder pads","refinement"],"articleSection":["News"],"inLanguage":"fr-FR","potentialAction":[{"@type":"CommentAction","name":"Comment","target":["https:\/\/www.sebastien-auziere.fr\/blog\/en\/brigitte-macron-in-korea-a-shoulder-padded-jacket-that-embodies-elegance-and-refinement\/#respond"]}]},{"@type":"WebPage","@id":"https:\/\/www.sebastien-auziere.fr\/blog\/en\/brigitte-macron-in-korea-a-shoulder-padded-jacket-that-embodies-elegance-and-refinement\/","url":"https:\/\/www.sebastien-auziere.fr\/blog\/en\/brigitte-macron-in-korea-a-shoulder-padded-jacket-that-embodies-elegance-and-refinement\/","name":"Brigitte Macron in Korea: a shoulder-padded jacket that embodies elegance and refinement - Fan site S\u00e9bastien Auzi\u00e8re","isPartOf":{"@id":"https:\/\/www.sebastien-auziere.fr\/blog\/#website"},"primaryImageOfPage":{"@id":"https:\/\/www.sebastien-auziere.fr\/blog\/en\/brigitte-macron-in-korea-a-shoulder-padded-jacket-that-embodies-elegance-and-refinement\/#primaryimage"},"image":{"@id":"https:\/\/www.sebastien-auziere.fr\/blog\/en\/brigitte-macron-in-korea-a-shoulder-padded-jacket-that-embodies-elegance-and-refinement\/#primaryimage"},"thumbnailUrl":"https:\/\/www.sebastien-auziere.fr\/blog\/wp-content\/uploads\/2026\/04\/Brigitte-Macron-en-Coree-une-veste-a-epaulettes-qui-incarne-elegance-et-raffinement.jpg","datePublished":"2026-04-03T19:12:29+00:00","dateModified":"2026-04-03T19:12:53+00:00","description":"D\u00e9couvrez la veste \u00e0 \u00e9paulettes de Brigitte Macron en Cor\u00e9e, symbole d'\u00e9l\u00e9gance et de raffinement, parfaite pour un look distingu\u00e9 et moderne.","breadcrumb":{"@id":"https:\/\/www.sebastien-auziere.fr\/blog\/en\/brigitte-macron-in-korea-a-shoulder-padded-jacket-that-embodies-elegance-and-refinement\/#breadcrumb"},"inLanguage":"fr-FR","potentialAction":[{"@type":"ReadAction","target":["https:\/\/www.sebastien-auziere.fr\/blog\/en\/brigitte-macron-in-korea-a-shoulder-padded-jacket-that-embodies-elegance-and-refinement\/"]}]},{"@type":"ImageObject","inLanguage":"fr-FR","@id":"https:\/\/www.sebastien-auziere.fr\/blog\/en\/brigitte-macron-in-korea-a-shoulder-padded-jacket-that-embodies-elegance-and-refinement\/#primaryimage","url":"https:\/\/www.sebastien-auziere.fr\/blog\/wp-content\/uploads\/2026\/04\/Brigitte-Macron-en-Coree-une-veste-a-epaulettes-qui-incarne-elegance-et-raffinement.jpg","contentUrl":"https:\/\/www.sebastien-auziere.fr\/blog\/wp-content\/uploads\/2026\/04\/Brigitte-Macron-en-Coree-une-veste-a-epaulettes-qui-incarne-elegance-et-raffinement.jpg","width":2560,"height":1429,"caption":"d\u00e9couvrez le style \u00e9l\u00e9gant de brigitte macron en cor\u00e9e avec sa veste \u00e0 \u00e9paulettes, symbole de raffinement et de modernit\u00e9."},{"@type":"BreadcrumbList","@id":"https:\/\/www.sebastien-auziere.fr\/blog\/en\/brigitte-macron-in-korea-a-shoulder-padded-jacket-that-embodies-elegance-and-refinement\/#breadcrumb","itemListElement":[{"@type":"ListItem","position":1,"name":"Home","item":"https:\/\/www.sebastien-auziere.fr\/blog\/"},{"@type":"ListItem","position":2,"name":"Brigitte Macron in Korea: a shoulder-padded jacket that embodies elegance and refinement"}]},{"@type":"WebSite","@id":"https:\/\/www.sebastien-auziere.fr\/blog\/#website","url":"https:\/\/www.sebastien-auziere.fr\/blog\/","name":"Fan site S\u00e9bastien Auzi\u00e8re","description":"M\u00e9dia g\u00e9n\u00e9raliste","publisher":{"@id":"https:\/\/www.sebastien-auziere.fr\/blog\/#organization"},"potentialAction":[{"@type":"SearchAction","target":{"@type":"EntryPoint","urlTemplate":"https:\/\/www.sebastien-auziere.fr\/blog\/?s={search_term_string}"},"query-input":{"@type":"PropertyValueSpecification","valueRequired":true,"valueName":"search_term_string"}}],"inLanguage":"fr-FR"},{"@type":"Organization","@id":"https:\/\/www.sebastien-auziere.fr\/blog\/#organization","name":"Fan site S\u00e9bastien Auzi\u00e8re","url":"https:\/\/www.sebastien-auziere.fr\/blog\/","logo":{"@type":"ImageObject","inLanguage":"fr-FR","@id":"https:\/\/www.sebastien-auziere.fr\/blog\/#\/schema\/logo\/image\/","url":"https:\/\/www.sebastien-auziere.fr\/blog\/wp-content\/uploads\/2026\/03\/cropped-cropped-cropped-ChatGPT-Image-6-mars-2026-12_58_09-e1772798376794.jpg","contentUrl":"https:\/\/www.sebastien-auziere.fr\/blog\/wp-content\/uploads\/2026\/03\/cropped-cropped-cropped-ChatGPT-Image-6-mars-2026-12_58_09-e1772798376794.jpg","width":512,"height":360,"caption":"Fan site S\u00e9bastien Auzi\u00e8re"},"image":{"@id":"https:\/\/www.sebastien-auziere.fr\/blog\/#\/schema\/logo\/image\/"}},{"@type":"Person","@id":"https:\/\/www.sebastien-auziere.fr\/blog\/#\/schema\/person\/149f1acdbfd85149c6c3e59adeae2f4d","name":"Chloe Gauthier","image":{"@type":"ImageObject","inLanguage":"fr-FR","@id":"https:\/\/secure.gravatar.com\/avatar\/2c5722f58171cff738a8985ef0dd66b476e563753246a49019befc837ec4201a?s=96&d=mm&r=g","url":"https:\/\/secure.gravatar.com\/avatar\/2c5722f58171cff738a8985ef0dd66b476e563753246a49019befc837ec4201a?s=96&d=mm&r=g","contentUrl":"https:\/\/secure.gravatar.com\/avatar\/2c5722f58171cff738a8985ef0dd66b476e563753246a49019befc837ec4201a?s=96&d=mm&r=g","caption":"Chloe Gauthier"},"description":"Passionn\u00e9e par la politique et admiratrice engag\u00e9e de la famille Macron, je consacre mon \u00e9nergie \u00e0 suivre leurs initiatives et \u00e0 promouvoir leurs id\u00e9es. \u00c0 32 ans, je suis convaincue que leur vision est porteuse d'avenir.","url":"https:\/\/www.sebastien-auziere.fr\/blog\/author\/chloe-gauthier\/"}]}},"views":13,"_links":{"self":[{"href":"https:\/\/www.sebastien-auziere.fr\/blog\/wp-json\/wp\/v2\/posts\/2729","targetHints":{"allow":["GET"]}}],"collection":[{"href":"https:\/\/www.sebastien-auziere.fr\/blog\/wp-json\/wp\/v2\/posts"}],"about":[{"href":"https:\/\/www.sebastien-auziere.fr\/blog\/wp-json\/wp\/v2\/types\/post"}],"author":[{"embeddable":true,"href":"https:\/\/www.sebastien-auziere.fr\/blog\/wp-json\/wp\/v2\/users\/9"}],"replies":[{"embeddable":true,"href":"https:\/\/www.sebastien-auziere.fr\/blog\/wp-json\/wp\/v2\/comments?post=2729"}],"version-history":[{"count":1,"href":"https:\/\/www.sebastien-auziere.fr\/blog\/wp-json\/wp\/v2\/posts\/2729\/revisions"}],"predecessor-version":[{"id":2730,"href":"https:\/\/www.sebastien-auziere.fr\/blog\/wp-json\/wp\/v2\/posts\/2729\/revisions\/2730"}],"wp:featuredmedia":[{"embeddable":true,"href":"https:\/\/www.sebastien-auziere.fr\/blog\/wp-json\/wp\/v2\/media\/2727"}],"wp:attachment":[{"href":"https:\/\/www.sebastien-auziere.fr\/blog\/wp-json\/wp\/v2\/media?parent=2729"}],"wp:term":[{"taxonomy":"category","embeddable":true,"href":"https:\/\/www.sebastien-auziere.fr\/blog\/wp-json\/wp\/v2\/categories?post=2729"},{"taxonomy":"post_tag","embeddable":true,"href":"https:\/\/www.sebastien-auziere.fr\/blog\/wp-json\/wp\/v2\/tags?post=2729"}],"curies":[{"name":"wp","href":"https:\/\/api.w.org\/{rel}","templated":true}]}}