{"id":2728,"date":"2026-04-03T19:12:28","date_gmt":"2026-04-03T19:12:28","guid":{"rendered":"https:\/\/www.sebastien-auziere.fr\/blog\/brigitte-macron-veste-epaulettes\/"},"modified":"2026-04-03T19:12:28","modified_gmt":"2026-04-03T19:12:28","slug":"brigitte-macron-veste-epaulettes","status":"publish","type":"post","link":"https:\/\/www.sebastien-auziere.fr\/blog\/brigitte-macron-veste-epaulettes\/","title":{"rendered":"Brigitte Macron en Cor\u00e9e : une veste \u00e0 \u00e9paulettes qui incarne \u00e9l\u00e9gance et raffinement"},"content":{"rendered":"<p><strong>Brigitte Macron<\/strong> a marqu\u00e9 la visite d&rsquo;\u00c9tat en <strong>Cor\u00e9e<\/strong> les 2 et 3 avril 2026 gr\u00e2ce \u00e0 une <strong>veste \u00e0 \u00e9paulettes<\/strong> bleu nuit qui a instantan\u00e9ment incarn\u00e9 <strong>\u00e9l\u00e9gance<\/strong> et <strong>raffinement<\/strong>. D\u00e8s la premi\u00e8re apparition au Mus\u00e9e national de Cor\u00e9e, sa <strong>tenue sophistiqu\u00e9e<\/strong> a attir\u00e9 autant l&rsquo;\u0153il que les \u00e9changes culturels organis\u00e9s lors du d\u00e9placement officiel.<\/p>\n\n<p><strong>En bref :<\/strong> arriv\u00e9e \u00e0 S\u00e9oul le <strong>2 avril 2026<\/strong>, banquet avec le boys band Stray Kids, jupe pliss\u00e9e noire et veste crois\u00e9e bleu nuit orn\u00e9e de deux boutons dor\u00e9s sur l&rsquo;\u00e9paule \u2014 une <strong>apparence<\/strong> pens\u00e9e pour la diplomatie et la <strong>mode f\u00e9minine<\/strong>.<\/p>\n\n<h2 class=\"wp-block-heading\">La veste \u00e0 \u00e9paulettes, pi\u00e8ce ma\u00eetresse du d\u00e9placement en Cor\u00e9e<\/h2>\n\n<p>Lors de la visite au Mus\u00e9e national de Cor\u00e9e, la Premi\u00e8re dame a d\u00e9laiss\u00e9 son manteau cr\u00e8me du premier jour pour une <strong>veste \u00e0 \u00e9paulettes<\/strong> bleu marine au style architectural. Cette pi\u00e8ce, associ\u00e9e \u00e0 une jupe pliss\u00e9e longue noire et des escarpins, a donn\u00e9 une silhouette \u00e9lanc\u00e9e et solennelle, parfaite pour un \u00e9v\u00e9nement officiel. Pour le d\u00e9roul\u00e9 du d\u00e9placement, le communiqu\u00e9 de l&rsquo;\u00c9lys\u00e9e d\u00e9taille la premi\u00e8re journ\u00e9e \u00e0 S\u00e9oul <a href=\"https:\/\/www.elysee.fr\/emmanuel-macron\/2026\/04\/02\/deplacement-en-republique-de-coree-premiere-journee\" rel=\"nofollow\">ici<\/a>.<\/p>\n\n<h3 class=\"wp-block-heading\">Coupe et d\u00e9tails : l&rsquo;architecture du style<\/h3>\n\n<p>La veste se distingue par une coupe asym\u00e9trique et deux boutons dor\u00e9s plac\u00e9s sur l&rsquo;une des \u00e9paules, rappelant un chic militaire tr\u00e8s fran\u00e7ais. Le chignon haut et les boucles d&rsquo;oreilles dor\u00e9es compl\u00e9taient une <strong>apparence<\/strong> sobre et ma\u00eetris\u00e9e qui a fait parler les observateurs mode. Les medias ont rapidement comment\u00e9 ce choix de <strong>style<\/strong>, comme le relate la couverture de la presse f\u00e9minine sur place <a href=\"https:\/\/fr.style.yahoo.com\/brigitte-macron-cor%C3%A9e-veste-%C3%A0-151604447.html\" rel=\"nofollow\">ici<\/a>. Ce v\u00eatement a renforc\u00e9 sa stature protocolaire.<\/p>\n\n<h2 class=\"wp-block-heading\">Une pi\u00e8ce r\u00e9currente du vestiaire, entre tradition et fashion<\/h2>\n\n<p>Cette veste aux \u00e9paules affirm\u00e9es s&rsquo;inscrit dans une continuit\u00e9 stylistique observ\u00e9e toute l&rsquo;ann\u00e9e : un total look bleu marine le 5 janvier 2026 pour l&rsquo;\u00c9piphanie, un tailleur sign\u00e9 lors de la remise d&rsquo;insignes de Pharrell Williams \u00e0 l&rsquo;\u00c9lys\u00e9e, et une apparition remarqu\u00e9e \u00e0 la Fashion Week Paris 2026. La <strong>veste \u00e0 \u00e9paulettes<\/strong> devient ici une signature, \u00e0 la fois mode et symbole d&rsquo;autorit\u00e9 discret, combinant <strong>raffinement<\/strong> et modernit\u00e9 pour la saison printani\u00e8re.<\/p>\n\n<p>Pour suivre de pr\u00e8s l&rsquo;actualit\u00e9 et d\u00e9couvrir davantage sur la famille Macron et les proches comme S\u00e9bastien Auzi\u00e8re, rends-toi sur <a href=\"https:\/\/sebastien-auziere.fr\">sebastien-auziere.fr<\/a> et plonge dans les coulisses et les archives qui racontent ces choix de <strong>style<\/strong> et d&rsquo;image publique.<\/p>\n\n","protected":false},"excerpt":{"rendered":"<p>Brigitte Macron a marqu\u00e9 la visite d&rsquo;\u00c9tat en Cor\u00e9e les 2 et 3 avril 2026 gr\u00e2ce \u00e0 une veste \u00e0 \u00e9paulettes bleu nuit qui a instantan\u00e9ment incarn\u00e9 \u00e9l\u00e9gance et raffinement. D\u00e8s la premi\u00e8re apparition au Mus\u00e9e national de Cor\u00e9e, sa tenue sophistiqu\u00e9e a attir\u00e9 autant l&rsquo;\u0153il que les \u00e9changes culturels organis\u00e9s lors du d\u00e9placement officiel. &#8230; <a title=\"Brigitte Macron en Cor\u00e9e : une veste \u00e0 \u00e9paulettes qui incarne \u00e9l\u00e9gance et raffinement\" class=\"read-more\" href=\"https:\/\/www.sebastien-auziere.fr\/blog\/brigitte-macron-veste-epaulettes\/\" aria-label=\"En savoir plus sur Brigitte Macron en Cor\u00e9e : une veste \u00e0 \u00e9paulettes qui incarne \u00e9l\u00e9gance et raffinement\">Lire plus<\/a><\/p>\n","protected":false},"author":9,"featured_media":2727,"comment_status":"open","ping_status":"open","sticky":false,"template":"","format":"standard","meta":{"footnotes":""},"categories":[597],"tags":[892,1143,1567,1569,1565],"class_list":["post-2728","post","type-post","status-publish","format-standard","has-post-thumbnail","hentry","category-actualites","tag-brigitte-macron","tag-coree","tag-elegance","tag-raffinement","tag-veste-a-epaulettes"],"yoast_head":"<!-- This site is optimized with the Yoast SEO plugin v27.5 - https:\/\/yoast.com\/product\/yoast-seo-wordpress\/ -->\n<title>Brigitte Macron en Cor\u00e9e : une veste \u00e0 \u00e9paulettes qui incarne \u00e9l\u00e9gance et raffinement - Fan site S\u00e9bastien Auzi\u00e8re<\/title>\n<meta name=\"description\" content=\"D\u00e9couvrez la veste \u00e0 \u00e9paulettes de Brigitte Macron en Cor\u00e9e, symbole d&#039;\u00e9l\u00e9gance et de raffinement, parfaite pour un look distingu\u00e9 et moderne.\" \/>\n<meta name=\"robots\" content=\"index, follow, max-snippet:-1, max-image-preview:large, max-video-preview:-1\" \/>\n<link rel=\"canonical\" href=\"https:\/\/www.sebastien-auziere.fr\/blog\/brigitte-macron-veste-epaulettes\/\" \/>\n<meta property=\"og:locale\" content=\"fr_FR\" \/>\n<meta property=\"og:type\" content=\"article\" \/>\n<meta property=\"og:title\" content=\"Brigitte Macron en Cor\u00e9e : une veste \u00e0 \u00e9paulettes qui incarne \u00e9l\u00e9gance et raffinement - Fan site S\u00e9bastien Auzi\u00e8re\" \/>\n<meta property=\"og:description\" content=\"D\u00e9couvrez la veste \u00e0 \u00e9paulettes de Brigitte Macron en Cor\u00e9e, symbole d&#039;\u00e9l\u00e9gance et de raffinement, parfaite pour un look distingu\u00e9 et moderne.\" \/>\n<meta property=\"og:url\" content=\"https:\/\/www.sebastien-auziere.fr\/blog\/brigitte-macron-veste-epaulettes\/\" \/>\n<meta property=\"og:site_name\" content=\"Fan site S\u00e9bastien Auzi\u00e8re\" \/>\n<meta property=\"article:published_time\" content=\"2026-04-03T19:12:28+00:00\" \/>\n<meta property=\"og:image\" content=\"https:\/\/www.sebastien-auziere.fr\/blog\/wp-content\/uploads\/2026\/04\/Brigitte-Macron-en-Coree-une-veste-a-epaulettes-qui-incarne-elegance-et-raffinement.jpg\" \/>\n\t<meta property=\"og:image:width\" content=\"2560\" \/>\n\t<meta property=\"og:image:height\" content=\"1429\" \/>\n\t<meta property=\"og:image:type\" content=\"image\/jpeg\" \/>\n<meta name=\"author\" content=\"Chloe Gauthier\" \/>\n<meta name=\"twitter:card\" content=\"summary_large_image\" \/>\n<meta name=\"twitter:label1\" content=\"\u00c9crit par\" \/>\n\t<meta name=\"twitter:data1\" content=\"Chloe Gauthier\" \/>\n\t<meta name=\"twitter:label2\" content=\"Dur\u00e9e de lecture estim\u00e9e\" \/>\n\t<meta name=\"twitter:data2\" content=\"2 minutes\" \/>\n<script type=\"application\/ld+json\" class=\"yoast-schema-graph\">{\"@context\":\"https:\\\/\\\/schema.org\",\"@graph\":[{\"@type\":\"Article\",\"@id\":\"https:\\\/\\\/www.sebastien-auziere.fr\\\/blog\\\/brigitte-macron-veste-epaulettes\\\/#article\",\"isPartOf\":{\"@id\":\"https:\\\/\\\/www.sebastien-auziere.fr\\\/blog\\\/brigitte-macron-veste-epaulettes\\\/\"},\"author\":{\"name\":\"Chloe Gauthier\",\"@id\":\"https:\\\/\\\/www.sebastien-auziere.fr\\\/blog\\\/#\\\/schema\\\/person\\\/149f1acdbfd85149c6c3e59adeae2f4d\"},\"headline\":\"Brigitte Macron en Cor\u00e9e : une veste \u00e0 \u00e9paulettes qui incarne \u00e9l\u00e9gance et raffinement\",\"datePublished\":\"2026-04-03T19:12:28+00:00\",\"mainEntityOfPage\":{\"@id\":\"https:\\\/\\\/www.sebastien-auziere.fr\\\/blog\\\/brigitte-macron-veste-epaulettes\\\/\"},\"wordCount\":438,\"commentCount\":0,\"publisher\":{\"@id\":\"https:\\\/\\\/www.sebastien-auziere.fr\\\/blog\\\/#organization\"},\"image\":{\"@id\":\"https:\\\/\\\/www.sebastien-auziere.fr\\\/blog\\\/brigitte-macron-veste-epaulettes\\\/#primaryimage\"},\"thumbnailUrl\":\"https:\\\/\\\/www.sebastien-auziere.fr\\\/blog\\\/wp-content\\\/uploads\\\/2026\\\/04\\\/Brigitte-Macron-en-Coree-une-veste-a-epaulettes-qui-incarne-elegance-et-raffinement.jpg\",\"keywords\":[\"brigitte macron\",\"cor\u00e9e\",\"\u00e9l\u00e9gance\",\"raffinement\",\"veste \u00e0 \u00e9paulettes\"],\"articleSection\":[\"Actualit\u00e9s\"],\"inLanguage\":\"fr-FR\",\"potentialAction\":[{\"@type\":\"CommentAction\",\"name\":\"Comment\",\"target\":[\"https:\\\/\\\/www.sebastien-auziere.fr\\\/blog\\\/brigitte-macron-veste-epaulettes\\\/#respond\"]}]},{\"@type\":\"WebPage\",\"@id\":\"https:\\\/\\\/www.sebastien-auziere.fr\\\/blog\\\/brigitte-macron-veste-epaulettes\\\/\",\"url\":\"https:\\\/\\\/www.sebastien-auziere.fr\\\/blog\\\/brigitte-macron-veste-epaulettes\\\/\",\"name\":\"Brigitte Macron en Cor\u00e9e : une veste \u00e0 \u00e9paulettes qui incarne \u00e9l\u00e9gance et raffinement - Fan site S\u00e9bastien Auzi\u00e8re\",\"isPartOf\":{\"@id\":\"https:\\\/\\\/www.sebastien-auziere.fr\\\/blog\\\/#website\"},\"primaryImageOfPage\":{\"@id\":\"https:\\\/\\\/www.sebastien-auziere.fr\\\/blog\\\/brigitte-macron-veste-epaulettes\\\/#primaryimage\"},\"image\":{\"@id\":\"https:\\\/\\\/www.sebastien-auziere.fr\\\/blog\\\/brigitte-macron-veste-epaulettes\\\/#primaryimage\"},\"thumbnailUrl\":\"https:\\\/\\\/www.sebastien-auziere.fr\\\/blog\\\/wp-content\\\/uploads\\\/2026\\\/04\\\/Brigitte-Macron-en-Coree-une-veste-a-epaulettes-qui-incarne-elegance-et-raffinement.jpg\",\"datePublished\":\"2026-04-03T19:12:28+00:00\",\"description\":\"D\u00e9couvrez la veste \u00e0 \u00e9paulettes de Brigitte Macron en Cor\u00e9e, symbole d'\u00e9l\u00e9gance et de raffinement, parfaite pour un look distingu\u00e9 et moderne.\",\"breadcrumb\":{\"@id\":\"https:\\\/\\\/www.sebastien-auziere.fr\\\/blog\\\/brigitte-macron-veste-epaulettes\\\/#breadcrumb\"},\"inLanguage\":\"fr-FR\",\"potentialAction\":[{\"@type\":\"ReadAction\",\"target\":[\"https:\\\/\\\/www.sebastien-auziere.fr\\\/blog\\\/brigitte-macron-veste-epaulettes\\\/\"]}]},{\"@type\":\"ImageObject\",\"inLanguage\":\"fr-FR\",\"@id\":\"https:\\\/\\\/www.sebastien-auziere.fr\\\/blog\\\/brigitte-macron-veste-epaulettes\\\/#primaryimage\",\"url\":\"https:\\\/\\\/www.sebastien-auziere.fr\\\/blog\\\/wp-content\\\/uploads\\\/2026\\\/04\\\/Brigitte-Macron-en-Coree-une-veste-a-epaulettes-qui-incarne-elegance-et-raffinement.jpg\",\"contentUrl\":\"https:\\\/\\\/www.sebastien-auziere.fr\\\/blog\\\/wp-content\\\/uploads\\\/2026\\\/04\\\/Brigitte-Macron-en-Coree-une-veste-a-epaulettes-qui-incarne-elegance-et-raffinement.jpg\",\"width\":2560,\"height\":1429,\"caption\":\"d\u00e9couvrez le style \u00e9l\u00e9gant de brigitte macron en cor\u00e9e avec sa veste \u00e0 \u00e9paulettes, symbole de raffinement et de modernit\u00e9.\"},{\"@type\":\"BreadcrumbList\",\"@id\":\"https:\\\/\\\/www.sebastien-auziere.fr\\\/blog\\\/brigitte-macron-veste-epaulettes\\\/#breadcrumb\",\"itemListElement\":[{\"@type\":\"ListItem\",\"position\":1,\"name\":\"Home\",\"item\":\"https:\\\/\\\/www.sebastien-auziere.fr\\\/blog\\\/\"},{\"@type\":\"ListItem\",\"position\":2,\"name\":\"Brigitte Macron en Cor\u00e9e : une veste \u00e0 \u00e9paulettes qui incarne \u00e9l\u00e9gance et raffinement\"}]},{\"@type\":\"WebSite\",\"@id\":\"https:\\\/\\\/www.sebastien-auziere.fr\\\/blog\\\/#website\",\"url\":\"https:\\\/\\\/www.sebastien-auziere.fr\\\/blog\\\/\",\"name\":\"Fan site S\u00e9bastien Auzi\u00e8re\",\"description\":\"M\u00e9dia g\u00e9n\u00e9raliste\",\"publisher\":{\"@id\":\"https:\\\/\\\/www.sebastien-auziere.fr\\\/blog\\\/#organization\"},\"potentialAction\":[{\"@type\":\"SearchAction\",\"target\":{\"@type\":\"EntryPoint\",\"urlTemplate\":\"https:\\\/\\\/www.sebastien-auziere.fr\\\/blog\\\/?s={search_term_string}\"},\"query-input\":{\"@type\":\"PropertyValueSpecification\",\"valueRequired\":true,\"valueName\":\"search_term_string\"}}],\"inLanguage\":\"fr-FR\"},{\"@type\":\"Organization\",\"@id\":\"https:\\\/\\\/www.sebastien-auziere.fr\\\/blog\\\/#organization\",\"name\":\"Fan site S\u00e9bastien Auzi\u00e8re\",\"url\":\"https:\\\/\\\/www.sebastien-auziere.fr\\\/blog\\\/\",\"logo\":{\"@type\":\"ImageObject\",\"inLanguage\":\"fr-FR\",\"@id\":\"https:\\\/\\\/www.sebastien-auziere.fr\\\/blog\\\/#\\\/schema\\\/logo\\\/image\\\/\",\"url\":\"https:\\\/\\\/www.sebastien-auziere.fr\\\/blog\\\/wp-content\\\/uploads\\\/2026\\\/03\\\/cropped-cropped-cropped-ChatGPT-Image-6-mars-2026-12_58_09-e1772798376794.jpg\",\"contentUrl\":\"https:\\\/\\\/www.sebastien-auziere.fr\\\/blog\\\/wp-content\\\/uploads\\\/2026\\\/03\\\/cropped-cropped-cropped-ChatGPT-Image-6-mars-2026-12_58_09-e1772798376794.jpg\",\"width\":512,\"height\":360,\"caption\":\"Fan site S\u00e9bastien Auzi\u00e8re\"},\"image\":{\"@id\":\"https:\\\/\\\/www.sebastien-auziere.fr\\\/blog\\\/#\\\/schema\\\/logo\\\/image\\\/\"}},{\"@type\":\"Person\",\"@id\":\"https:\\\/\\\/www.sebastien-auziere.fr\\\/blog\\\/#\\\/schema\\\/person\\\/149f1acdbfd85149c6c3e59adeae2f4d\",\"name\":\"Chloe Gauthier\",\"image\":{\"@type\":\"ImageObject\",\"inLanguage\":\"fr-FR\",\"@id\":\"https:\\\/\\\/secure.gravatar.com\\\/avatar\\\/2c5722f58171cff738a8985ef0dd66b476e563753246a49019befc837ec4201a?s=96&d=mm&r=g\",\"url\":\"https:\\\/\\\/secure.gravatar.com\\\/avatar\\\/2c5722f58171cff738a8985ef0dd66b476e563753246a49019befc837ec4201a?s=96&d=mm&r=g\",\"contentUrl\":\"https:\\\/\\\/secure.gravatar.com\\\/avatar\\\/2c5722f58171cff738a8985ef0dd66b476e563753246a49019befc837ec4201a?s=96&d=mm&r=g\",\"caption\":\"Chloe Gauthier\"},\"description\":\"Passionn\u00e9e par la politique et admiratrice engag\u00e9e de la famille Macron, je consacre mon \u00e9nergie \u00e0 suivre leurs initiatives et \u00e0 promouvoir leurs id\u00e9es. \u00c0 32 ans, je suis convaincue que leur vision est porteuse d'avenir.\",\"url\":\"https:\\\/\\\/www.sebastien-auziere.fr\\\/blog\\\/author\\\/chloe-gauthier\\\/\"}]}<\/script>\n<!-- \/ Yoast SEO plugin. -->","yoast_head_json":{"title":"Brigitte Macron en Cor\u00e9e : une veste \u00e0 \u00e9paulettes qui incarne \u00e9l\u00e9gance et raffinement - Fan site S\u00e9bastien Auzi\u00e8re","description":"D\u00e9couvrez la veste \u00e0 \u00e9paulettes de Brigitte Macron en Cor\u00e9e, symbole d'\u00e9l\u00e9gance et de raffinement, parfaite pour un look distingu\u00e9 et moderne.","robots":{"index":"index","follow":"follow","max-snippet":"max-snippet:-1","max-image-preview":"max-image-preview:large","max-video-preview":"max-video-preview:-1"},"canonical":"https:\/\/www.sebastien-auziere.fr\/blog\/brigitte-macron-veste-epaulettes\/","og_locale":"fr_FR","og_type":"article","og_title":"Brigitte Macron en Cor\u00e9e : une veste \u00e0 \u00e9paulettes qui incarne \u00e9l\u00e9gance et raffinement - Fan site S\u00e9bastien Auzi\u00e8re","og_description":"D\u00e9couvrez la veste \u00e0 \u00e9paulettes de Brigitte Macron en Cor\u00e9e, symbole d'\u00e9l\u00e9gance et de raffinement, parfaite pour un look distingu\u00e9 et moderne.","og_url":"https:\/\/www.sebastien-auziere.fr\/blog\/brigitte-macron-veste-epaulettes\/","og_site_name":"Fan site S\u00e9bastien Auzi\u00e8re","article_published_time":"2026-04-03T19:12:28+00:00","og_image":[{"width":2560,"height":1429,"url":"https:\/\/www.sebastien-auziere.fr\/blog\/wp-content\/uploads\/2026\/04\/Brigitte-Macron-en-Coree-une-veste-a-epaulettes-qui-incarne-elegance-et-raffinement.jpg","type":"image\/jpeg"}],"author":"Chloe Gauthier","twitter_card":"summary_large_image","twitter_misc":{"\u00c9crit par":"Chloe Gauthier","Dur\u00e9e de lecture estim\u00e9e":"2 minutes"},"schema":{"@context":"https:\/\/schema.org","@graph":[{"@type":"Article","@id":"https:\/\/www.sebastien-auziere.fr\/blog\/brigitte-macron-veste-epaulettes\/#article","isPartOf":{"@id":"https:\/\/www.sebastien-auziere.fr\/blog\/brigitte-macron-veste-epaulettes\/"},"author":{"name":"Chloe Gauthier","@id":"https:\/\/www.sebastien-auziere.fr\/blog\/#\/schema\/person\/149f1acdbfd85149c6c3e59adeae2f4d"},"headline":"Brigitte Macron en Cor\u00e9e : une veste \u00e0 \u00e9paulettes qui incarne \u00e9l\u00e9gance et raffinement","datePublished":"2026-04-03T19:12:28+00:00","mainEntityOfPage":{"@id":"https:\/\/www.sebastien-auziere.fr\/blog\/brigitte-macron-veste-epaulettes\/"},"wordCount":438,"commentCount":0,"publisher":{"@id":"https:\/\/www.sebastien-auziere.fr\/blog\/#organization"},"image":{"@id":"https:\/\/www.sebastien-auziere.fr\/blog\/brigitte-macron-veste-epaulettes\/#primaryimage"},"thumbnailUrl":"https:\/\/www.sebastien-auziere.fr\/blog\/wp-content\/uploads\/2026\/04\/Brigitte-Macron-en-Coree-une-veste-a-epaulettes-qui-incarne-elegance-et-raffinement.jpg","keywords":["brigitte macron","cor\u00e9e","\u00e9l\u00e9gance","raffinement","veste \u00e0 \u00e9paulettes"],"articleSection":["Actualit\u00e9s"],"inLanguage":"fr-FR","potentialAction":[{"@type":"CommentAction","name":"Comment","target":["https:\/\/www.sebastien-auziere.fr\/blog\/brigitte-macron-veste-epaulettes\/#respond"]}]},{"@type":"WebPage","@id":"https:\/\/www.sebastien-auziere.fr\/blog\/brigitte-macron-veste-epaulettes\/","url":"https:\/\/www.sebastien-auziere.fr\/blog\/brigitte-macron-veste-epaulettes\/","name":"Brigitte Macron en Cor\u00e9e : une veste \u00e0 \u00e9paulettes qui incarne \u00e9l\u00e9gance et raffinement - Fan site S\u00e9bastien Auzi\u00e8re","isPartOf":{"@id":"https:\/\/www.sebastien-auziere.fr\/blog\/#website"},"primaryImageOfPage":{"@id":"https:\/\/www.sebastien-auziere.fr\/blog\/brigitte-macron-veste-epaulettes\/#primaryimage"},"image":{"@id":"https:\/\/www.sebastien-auziere.fr\/blog\/brigitte-macron-veste-epaulettes\/#primaryimage"},"thumbnailUrl":"https:\/\/www.sebastien-auziere.fr\/blog\/wp-content\/uploads\/2026\/04\/Brigitte-Macron-en-Coree-une-veste-a-epaulettes-qui-incarne-elegance-et-raffinement.jpg","datePublished":"2026-04-03T19:12:28+00:00","description":"D\u00e9couvrez la veste \u00e0 \u00e9paulettes de Brigitte Macron en Cor\u00e9e, symbole d'\u00e9l\u00e9gance et de raffinement, parfaite pour un look distingu\u00e9 et moderne.","breadcrumb":{"@id":"https:\/\/www.sebastien-auziere.fr\/blog\/brigitte-macron-veste-epaulettes\/#breadcrumb"},"inLanguage":"fr-FR","potentialAction":[{"@type":"ReadAction","target":["https:\/\/www.sebastien-auziere.fr\/blog\/brigitte-macron-veste-epaulettes\/"]}]},{"@type":"ImageObject","inLanguage":"fr-FR","@id":"https:\/\/www.sebastien-auziere.fr\/blog\/brigitte-macron-veste-epaulettes\/#primaryimage","url":"https:\/\/www.sebastien-auziere.fr\/blog\/wp-content\/uploads\/2026\/04\/Brigitte-Macron-en-Coree-une-veste-a-epaulettes-qui-incarne-elegance-et-raffinement.jpg","contentUrl":"https:\/\/www.sebastien-auziere.fr\/blog\/wp-content\/uploads\/2026\/04\/Brigitte-Macron-en-Coree-une-veste-a-epaulettes-qui-incarne-elegance-et-raffinement.jpg","width":2560,"height":1429,"caption":"d\u00e9couvrez le style \u00e9l\u00e9gant de brigitte macron en cor\u00e9e avec sa veste \u00e0 \u00e9paulettes, symbole de raffinement et de modernit\u00e9."},{"@type":"BreadcrumbList","@id":"https:\/\/www.sebastien-auziere.fr\/blog\/brigitte-macron-veste-epaulettes\/#breadcrumb","itemListElement":[{"@type":"ListItem","position":1,"name":"Home","item":"https:\/\/www.sebastien-auziere.fr\/blog\/"},{"@type":"ListItem","position":2,"name":"Brigitte Macron en Cor\u00e9e : une veste \u00e0 \u00e9paulettes qui incarne \u00e9l\u00e9gance et raffinement"}]},{"@type":"WebSite","@id":"https:\/\/www.sebastien-auziere.fr\/blog\/#website","url":"https:\/\/www.sebastien-auziere.fr\/blog\/","name":"Fan site S\u00e9bastien Auzi\u00e8re","description":"M\u00e9dia g\u00e9n\u00e9raliste","publisher":{"@id":"https:\/\/www.sebastien-auziere.fr\/blog\/#organization"},"potentialAction":[{"@type":"SearchAction","target":{"@type":"EntryPoint","urlTemplate":"https:\/\/www.sebastien-auziere.fr\/blog\/?s={search_term_string}"},"query-input":{"@type":"PropertyValueSpecification","valueRequired":true,"valueName":"search_term_string"}}],"inLanguage":"fr-FR"},{"@type":"Organization","@id":"https:\/\/www.sebastien-auziere.fr\/blog\/#organization","name":"Fan site S\u00e9bastien Auzi\u00e8re","url":"https:\/\/www.sebastien-auziere.fr\/blog\/","logo":{"@type":"ImageObject","inLanguage":"fr-FR","@id":"https:\/\/www.sebastien-auziere.fr\/blog\/#\/schema\/logo\/image\/","url":"https:\/\/www.sebastien-auziere.fr\/blog\/wp-content\/uploads\/2026\/03\/cropped-cropped-cropped-ChatGPT-Image-6-mars-2026-12_58_09-e1772798376794.jpg","contentUrl":"https:\/\/www.sebastien-auziere.fr\/blog\/wp-content\/uploads\/2026\/03\/cropped-cropped-cropped-ChatGPT-Image-6-mars-2026-12_58_09-e1772798376794.jpg","width":512,"height":360,"caption":"Fan site S\u00e9bastien Auzi\u00e8re"},"image":{"@id":"https:\/\/www.sebastien-auziere.fr\/blog\/#\/schema\/logo\/image\/"}},{"@type":"Person","@id":"https:\/\/www.sebastien-auziere.fr\/blog\/#\/schema\/person\/149f1acdbfd85149c6c3e59adeae2f4d","name":"Chloe Gauthier","image":{"@type":"ImageObject","inLanguage":"fr-FR","@id":"https:\/\/secure.gravatar.com\/avatar\/2c5722f58171cff738a8985ef0dd66b476e563753246a49019befc837ec4201a?s=96&d=mm&r=g","url":"https:\/\/secure.gravatar.com\/avatar\/2c5722f58171cff738a8985ef0dd66b476e563753246a49019befc837ec4201a?s=96&d=mm&r=g","contentUrl":"https:\/\/secure.gravatar.com\/avatar\/2c5722f58171cff738a8985ef0dd66b476e563753246a49019befc837ec4201a?s=96&d=mm&r=g","caption":"Chloe Gauthier"},"description":"Passionn\u00e9e par la politique et admiratrice engag\u00e9e de la famille Macron, je consacre mon \u00e9nergie \u00e0 suivre leurs initiatives et \u00e0 promouvoir leurs id\u00e9es. \u00c0 32 ans, je suis convaincue que leur vision est porteuse d'avenir.","url":"https:\/\/www.sebastien-auziere.fr\/blog\/author\/chloe-gauthier\/"}]}},"views":33,"_links":{"self":[{"href":"https:\/\/www.sebastien-auziere.fr\/blog\/wp-json\/wp\/v2\/posts\/2728","targetHints":{"allow":["GET"]}}],"collection":[{"href":"https:\/\/www.sebastien-auziere.fr\/blog\/wp-json\/wp\/v2\/posts"}],"about":[{"href":"https:\/\/www.sebastien-auziere.fr\/blog\/wp-json\/wp\/v2\/types\/post"}],"author":[{"embeddable":true,"href":"https:\/\/www.sebastien-auziere.fr\/blog\/wp-json\/wp\/v2\/users\/9"}],"replies":[{"embeddable":true,"href":"https:\/\/www.sebastien-auziere.fr\/blog\/wp-json\/wp\/v2\/comments?post=2728"}],"version-history":[{"count":0,"href":"https:\/\/www.sebastien-auziere.fr\/blog\/wp-json\/wp\/v2\/posts\/2728\/revisions"}],"wp:featuredmedia":[{"embeddable":true,"href":"https:\/\/www.sebastien-auziere.fr\/blog\/wp-json\/wp\/v2\/media\/2727"}],"wp:attachment":[{"href":"https:\/\/www.sebastien-auziere.fr\/blog\/wp-json\/wp\/v2\/media?parent=2728"}],"wp:term":[{"taxonomy":"category","embeddable":true,"href":"https:\/\/www.sebastien-auziere.fr\/blog\/wp-json\/wp\/v2\/categories?post=2728"},{"taxonomy":"post_tag","embeddable":true,"href":"https:\/\/www.sebastien-auziere.fr\/blog\/wp-json\/wp\/v2\/tags?post=2728"}],"curies":[{"name":"wp","href":"https:\/\/api.w.org\/{rel}","templated":true}]}}