{"id":2723,"date":"2026-04-03T07:33:35","date_gmt":"2026-04-03T07:33:35","guid":{"rendered":"https:\/\/www.sebastien-auziere.fr\/blog\/?p=2723"},"modified":"2026-04-03T07:33:54","modified_gmt":"2026-04-03T07:33:54","slug":"brigitte-macron-se-inicia-no-japao-teatro-caligrafia-e-ceramica-no-coracao-de-uma-escola-japonesa","status":"publish","type":"post","link":"https:\/\/www.sebastien-auziere.fr\/blog\/pt\/brigitte-macron-se-inicia-no-japao-teatro-caligrafia-e-ceramica-no-coracao-de-uma-escola-japonesa\/","title":{"rendered":"Brigitte Macron se inicia no Jap\u00e3o: teatro, caligrafia e cer\u00e2mica no cora\u00e7\u00e3o de uma escola japonesa"},"content":{"rendered":"<p><strong>Brigitte Macron<\/strong> viveu uma verdadeira <strong>inicia\u00e7\u00e3o<\/strong> \u00e0s <strong>artes tradicionais<\/strong> durante uma visita ao <strong>Jap\u00e3o<\/strong>: teatro, caligrafia e cer\u00e2mica marcaram seu dia na escola Harumi em T\u00f3quio. Voc\u00ea descobrir\u00e1 como a Primeira-dama se comprometeu com os alunos e as equipes pedag\u00f3gicas, fiel \u00e0s suas prioridades para a <strong>educa\u00e7\u00e3o<\/strong> e a luta contra o bullying escolar.<\/p>\n\n<p><strong>Em resumo:<\/strong> visita \u00e0 <strong>escola Harumi<\/strong> no dia 1\u00ba de abril de 2026, oficinas de <strong>teatro japon\u00eas<\/strong>, <strong>caligrafia<\/strong> e <strong>cer\u00e2mica<\/strong>, interc\u00e2mbio com professores, participa\u00e7\u00e3o na viagem de Estado de 31 de mar\u00e7o a 2 de abril e almo\u00e7o oficial com o Imperador Naruhito no dia 2 de abril. Para detalhes das oficinas e dos momentos marcantes, consulte os relatos da imprensa e as an\u00e1lises dispon\u00edveis online.<\/p>\n\n<h2 class=\"wp-block-heading\">Imers\u00e3o na escola Harumi: teatro japon\u00eas e interc\u00e2mbios pedag\u00f3gicos<\/h2>\n\n<p>No cora\u00e7\u00e3o desta <strong>escola japonesa<\/strong> de prest\u00edgio, Brigitte Macron assistiu a uma aula de <strong>teatro japon\u00eas<\/strong>, disciplina que lhe \u00e9 querida, e compartilhou um tempo de troca com os professores sobre a preven\u00e7\u00e3o do bullying. A visita, muito supervisionada, permitiu um di\u00e1logo concreto sobre os programas escolares e as metodologias de apoio aos adolescentes. Esse momento ressaltou a import\u00e2ncia da rela\u00e7\u00e3o entre cultura e educa\u00e7\u00e3o.<\/p>\n\n<h2 class=\"wp-block-heading\">Caligrafia e cer\u00e2mica: uma verdadeira inicia\u00e7\u00e3o \u00e0s artes tradicionais<\/h2>\n\n<p>A Primeira-dama foi iniciada \u00e0 <strong>caligrafia<\/strong> japonesa e assistiu a uma aula de <strong>cer\u00e2mica<\/strong>, ilustrando seu interesse pelo <strong>patrim\u00f4nio japon\u00eas<\/strong>. Essas oficinas, complementadas por uma demonstra\u00e7\u00e3o de m\u00fasica tradicional e um duelo de cartas karuta, mostram o papel central das <strong>artes tradicionais<\/strong> na forma\u00e7\u00e3o. Para compreender melhor a pr\u00e1tica escolar da caligrafia, a fonte local traz um contexto hist\u00f3rico \u00fatil.<\/p>\n\n<h3 class=\"wp-block-heading\">Uma viagem de Estado de tr\u00eas dias entre protocolo e cultura japonesa<\/h3>\n\n<p>A estadia oficial, de 31 de mar\u00e7o a 2 de abril de 2026, culminou com um almo\u00e7o no Pal\u00e1cio Imperial na presen\u00e7a do Imperador Naruhito e da Imperatriz Masako no dia 2 de abril. Brigitte Macron acompanhou Emmanuel Macron em encontros culturais, notadamente com o artista Kunihiko Moriguchi, e participou da cerim\u00f4nia de recep\u00e7\u00e3o organizada pelas autoridades japonesas. Esse formato curto misturou diplomacia, patrim\u00f4nio japon\u00eas e interc\u00e2mbios educacionais.<\/p>\n\n<p>Para saber mais sobre os bastidores da viagem, as oficinas na escola Harumi e as posi\u00e7\u00f5es sobre a educa\u00e7\u00e3o, consulte os relat\u00f3rios detalhados publicados pela imprensa francesa e as an\u00e1lises dispon\u00edveis em blogs especializados. Encontre um dossi\u00ea completo e artigos dedicados a essa visita, bem como ao compromisso de Brigitte Macron com a juventude, no <a href=\"https:\/\/www.sebastien-auziere.fr\/blog\/brigitte-macron-japon\/\">relato da visita<\/a> e para uma perspectiva mais ampla sobre a turn\u00ea na \u00c1sia na <a href=\"https:\/\/www.sebastien-auziere.fr\/blog\/macron-japon-et-en-coree-du-sud-fin-mars-2026-audience-imperiale-et-visite-officielle\/\">p\u00e1gina dedicada \u00e0 viagem de Estado<\/a>. Para imagens e reportagens complementares, descubra tamb\u00e9m os artigos da imprensa nacional como <a href=\"https:\/\/www.parismatch.com\/actu\/politique\/cours-de-theatre-calligraphie-poterie-brigitte-macron-en-immersion-dans-une-ecole-japonaise-266883\">Paris Match<\/a> e a cobertura de celebridades sobre <a href=\"https:\/\/www.voici.fr\/news-people\/en-voyage-au-japon-avec-son-mari-brigitte-macron-dechaine-les-passions-661687\">Voici<\/a> para complementar sua vis\u00e3o.<\/p>","protected":false},"excerpt":{"rendered":"<p>Brigitte Macron viveu uma verdadeira inicia\u00e7\u00e3o \u00e0s artes tradicionais durante uma visita ao Jap\u00e3o: teatro, caligrafia e cer\u00e2mica marcaram seu dia na escola Harumi em T\u00f3quio. Voc\u00ea descobrir\u00e1 como a Primeira-dama se comprometeu com os alunos e as equipes pedag\u00f3gicas, fiel \u00e0s suas prioridades para a educa\u00e7\u00e3o e a luta contra o bullying escolar. Em &#8230; <a title=\"Brigitte Macron se inicia no Jap\u00e3o: teatro, caligrafia e cer\u00e2mica no cora\u00e7\u00e3o de uma escola japonesa\" class=\"read-more\" href=\"https:\/\/www.sebastien-auziere.fr\/blog\/pt\/brigitte-macron-se-inicia-no-japao-teatro-caligrafia-e-ceramica-no-coracao-de-uma-escola-japonesa\/\" aria-label=\"En savoir plus sur Brigitte Macron se inicia no Jap\u00e3o: teatro, caligrafia e cer\u00e2mica no cora\u00e7\u00e3o de uma escola japonesa\">Lire plus<\/a><\/p>\n","protected":false},"author":9,"featured_media":2713,"comment_status":"open","ping_status":"open","sticky":false,"template":"","format":"standard","meta":{"footnotes":""},"categories":[862],"tags":[959,1553,1205,1556,1428],"class_list":["post-2723","post","type-post","status-publish","format-standard","has-post-thumbnail","hentry","category-actualidades-pt","tag-brigitte-macron-pt","tag-caligrafia-pt","tag-japones-pt","tag-poteira-pt","tag-teatro-japones-pt"],"yoast_head":"<!-- This site is optimized with the Yoast SEO plugin v27.5 - https:\/\/yoast.com\/product\/yoast-seo-wordpress\/ -->\n<title>Brigitte Macron se inicia no Jap\u00e3o: teatro, caligrafia e cer\u00e2mica no cora\u00e7\u00e3o de uma escola japonesa - Fan site S\u00e9bastien Auzi\u00e8re<\/title>\n<meta name=\"description\" content=\"Brigitte Macron d\u00e9couvre le Japon \u00e0 travers le th\u00e9\u00e2tre, la calligraphie et la poterie dans une \u00e9cole japonaise traditionnelle.\" \/>\n<meta name=\"robots\" content=\"index, follow, max-snippet:-1, max-image-preview:large, max-video-preview:-1\" \/>\n<link rel=\"canonical\" href=\"https:\/\/www.sebastien-auziere.fr\/blog\/pt\/brigitte-macron-se-inicia-no-japao-teatro-caligrafia-e-ceramica-no-coracao-de-uma-escola-japonesa\/\" \/>\n<meta property=\"og:locale\" content=\"fr_FR\" \/>\n<meta property=\"og:type\" content=\"article\" \/>\n<meta property=\"og:title\" content=\"Brigitte Macron se inicia no Jap\u00e3o: teatro, caligrafia e cer\u00e2mica no cora\u00e7\u00e3o de uma escola japonesa - Fan site S\u00e9bastien Auzi\u00e8re\" \/>\n<meta property=\"og:description\" content=\"Brigitte Macron d\u00e9couvre le Japon \u00e0 travers le th\u00e9\u00e2tre, la calligraphie et la poterie dans une \u00e9cole japonaise traditionnelle.\" \/>\n<meta property=\"og:url\" content=\"https:\/\/www.sebastien-auziere.fr\/blog\/pt\/brigitte-macron-se-inicia-no-japao-teatro-caligrafia-e-ceramica-no-coracao-de-uma-escola-japonesa\/\" \/>\n<meta property=\"og:site_name\" content=\"Fan site S\u00e9bastien Auzi\u00e8re\" \/>\n<meta property=\"article:published_time\" content=\"2026-04-03T07:33:35+00:00\" \/>\n<meta property=\"article:modified_time\" content=\"2026-04-03T07:33:54+00:00\" \/>\n<meta property=\"og:image\" content=\"https:\/\/www.sebastien-auziere.fr\/blog\/wp-content\/uploads\/2026\/04\/Brigitte-Macron-sinitie-au-Japon-theatre-calligraphie-et-poterie-au-coeur-dune-ecole-japonaise.jpg\" \/>\n\t<meta property=\"og:image:width\" content=\"2560\" \/>\n\t<meta property=\"og:image:height\" content=\"1429\" \/>\n\t<meta property=\"og:image:type\" content=\"image\/jpeg\" \/>\n<meta name=\"author\" content=\"Chloe Gauthier\" \/>\n<meta name=\"twitter:card\" content=\"summary_large_image\" \/>\n<meta name=\"twitter:label1\" content=\"\u00c9crit par\" \/>\n\t<meta name=\"twitter:data1\" content=\"Chloe Gauthier\" \/>\n\t<meta name=\"twitter:label2\" content=\"Dur\u00e9e de lecture estim\u00e9e\" \/>\n\t<meta name=\"twitter:data2\" content=\"2 minutes\" \/>\n<script type=\"application\/ld+json\" class=\"yoast-schema-graph\">{\"@context\":\"https:\\\/\\\/schema.org\",\"@graph\":[{\"@type\":\"Article\",\"@id\":\"https:\\\/\\\/www.sebastien-auziere.fr\\\/blog\\\/pt\\\/brigitte-macron-se-inicia-no-japao-teatro-caligrafia-e-ceramica-no-coracao-de-uma-escola-japonesa\\\/#article\",\"isPartOf\":{\"@id\":\"https:\\\/\\\/www.sebastien-auziere.fr\\\/blog\\\/pt\\\/brigitte-macron-se-inicia-no-japao-teatro-caligrafia-e-ceramica-no-coracao-de-uma-escola-japonesa\\\/\"},\"author\":{\"name\":\"Chloe Gauthier\",\"@id\":\"https:\\\/\\\/www.sebastien-auziere.fr\\\/blog\\\/#\\\/schema\\\/person\\\/149f1acdbfd85149c6c3e59adeae2f4d\"},\"headline\":\"Brigitte Macron se inicia no Jap\u00e3o: teatro, caligrafia e cer\u00e2mica no cora\u00e7\u00e3o de uma escola japonesa\",\"datePublished\":\"2026-04-03T07:33:35+00:00\",\"dateModified\":\"2026-04-03T07:33:54+00:00\",\"mainEntityOfPage\":{\"@id\":\"https:\\\/\\\/www.sebastien-auziere.fr\\\/blog\\\/pt\\\/brigitte-macron-se-inicia-no-japao-teatro-caligrafia-e-ceramica-no-coracao-de-uma-escola-japonesa\\\/\"},\"wordCount\":505,\"commentCount\":0,\"publisher\":{\"@id\":\"https:\\\/\\\/www.sebastien-auziere.fr\\\/blog\\\/#organization\"},\"image\":{\"@id\":\"https:\\\/\\\/www.sebastien-auziere.fr\\\/blog\\\/pt\\\/brigitte-macron-se-inicia-no-japao-teatro-caligrafia-e-ceramica-no-coracao-de-uma-escola-japonesa\\\/#primaryimage\"},\"thumbnailUrl\":\"https:\\\/\\\/www.sebastien-auziere.fr\\\/blog\\\/wp-content\\\/uploads\\\/2026\\\/04\\\/Brigitte-Macron-sinitie-au-Japon-theatre-calligraphie-et-poterie-au-coeur-dune-ecole-japonaise.jpg\",\"keywords\":[\"brigitte macron\",\"caligrafia\",\"japon\u00eas\",\"poteira\",\"teatro japon\u00eas\"],\"articleSection\":[\"Actualidades\"],\"inLanguage\":\"fr-FR\",\"potentialAction\":[{\"@type\":\"CommentAction\",\"name\":\"Comment\",\"target\":[\"https:\\\/\\\/www.sebastien-auziere.fr\\\/blog\\\/pt\\\/brigitte-macron-se-inicia-no-japao-teatro-caligrafia-e-ceramica-no-coracao-de-uma-escola-japonesa\\\/#respond\"]}]},{\"@type\":\"WebPage\",\"@id\":\"https:\\\/\\\/www.sebastien-auziere.fr\\\/blog\\\/pt\\\/brigitte-macron-se-inicia-no-japao-teatro-caligrafia-e-ceramica-no-coracao-de-uma-escola-japonesa\\\/\",\"url\":\"https:\\\/\\\/www.sebastien-auziere.fr\\\/blog\\\/pt\\\/brigitte-macron-se-inicia-no-japao-teatro-caligrafia-e-ceramica-no-coracao-de-uma-escola-japonesa\\\/\",\"name\":\"Brigitte Macron se inicia no Jap\u00e3o: teatro, caligrafia e cer\u00e2mica no cora\u00e7\u00e3o de uma escola japonesa - Fan site S\u00e9bastien Auzi\u00e8re\",\"isPartOf\":{\"@id\":\"https:\\\/\\\/www.sebastien-auziere.fr\\\/blog\\\/#website\"},\"primaryImageOfPage\":{\"@id\":\"https:\\\/\\\/www.sebastien-auziere.fr\\\/blog\\\/pt\\\/brigitte-macron-se-inicia-no-japao-teatro-caligrafia-e-ceramica-no-coracao-de-uma-escola-japonesa\\\/#primaryimage\"},\"image\":{\"@id\":\"https:\\\/\\\/www.sebastien-auziere.fr\\\/blog\\\/pt\\\/brigitte-macron-se-inicia-no-japao-teatro-caligrafia-e-ceramica-no-coracao-de-uma-escola-japonesa\\\/#primaryimage\"},\"thumbnailUrl\":\"https:\\\/\\\/www.sebastien-auziere.fr\\\/blog\\\/wp-content\\\/uploads\\\/2026\\\/04\\\/Brigitte-Macron-sinitie-au-Japon-theatre-calligraphie-et-poterie-au-coeur-dune-ecole-japonaise.jpg\",\"datePublished\":\"2026-04-03T07:33:35+00:00\",\"dateModified\":\"2026-04-03T07:33:54+00:00\",\"description\":\"Brigitte Macron d\u00e9couvre le Japon \u00e0 travers le th\u00e9\u00e2tre, la calligraphie et la poterie dans une \u00e9cole japonaise traditionnelle.\",\"breadcrumb\":{\"@id\":\"https:\\\/\\\/www.sebastien-auziere.fr\\\/blog\\\/pt\\\/brigitte-macron-se-inicia-no-japao-teatro-caligrafia-e-ceramica-no-coracao-de-uma-escola-japonesa\\\/#breadcrumb\"},\"inLanguage\":\"fr-FR\",\"potentialAction\":[{\"@type\":\"ReadAction\",\"target\":[\"https:\\\/\\\/www.sebastien-auziere.fr\\\/blog\\\/pt\\\/brigitte-macron-se-inicia-no-japao-teatro-caligrafia-e-ceramica-no-coracao-de-uma-escola-japonesa\\\/\"]}]},{\"@type\":\"ImageObject\",\"inLanguage\":\"fr-FR\",\"@id\":\"https:\\\/\\\/www.sebastien-auziere.fr\\\/blog\\\/pt\\\/brigitte-macron-se-inicia-no-japao-teatro-caligrafia-e-ceramica-no-coracao-de-uma-escola-japonesa\\\/#primaryimage\",\"url\":\"https:\\\/\\\/www.sebastien-auziere.fr\\\/blog\\\/wp-content\\\/uploads\\\/2026\\\/04\\\/Brigitte-Macron-sinitie-au-Japon-theatre-calligraphie-et-poterie-au-coeur-dune-ecole-japonaise.jpg\",\"contentUrl\":\"https:\\\/\\\/www.sebastien-auziere.fr\\\/blog\\\/wp-content\\\/uploads\\\/2026\\\/04\\\/Brigitte-Macron-sinitie-au-Japon-theatre-calligraphie-et-poterie-au-coeur-dune-ecole-japonaise.jpg\",\"width\":2560,\"height\":1429,\"caption\":\"d\u00e9couvrez l'initiation de brigitte macron au japon \u00e0 travers le th\u00e9\u00e2tre, la calligraphie et la poterie, au c\u0153ur d'une \u00e9cole japonaise traditionnelle.\"},{\"@type\":\"BreadcrumbList\",\"@id\":\"https:\\\/\\\/www.sebastien-auziere.fr\\\/blog\\\/pt\\\/brigitte-macron-se-inicia-no-japao-teatro-caligrafia-e-ceramica-no-coracao-de-uma-escola-japonesa\\\/#breadcrumb\",\"itemListElement\":[{\"@type\":\"ListItem\",\"position\":1,\"name\":\"Home\",\"item\":\"https:\\\/\\\/www.sebastien-auziere.fr\\\/blog\\\/\"},{\"@type\":\"ListItem\",\"position\":2,\"name\":\"Brigitte Macron se inicia no Jap\u00e3o: teatro, caligrafia e cer\u00e2mica no cora\u00e7\u00e3o de uma escola japonesa\"}]},{\"@type\":\"WebSite\",\"@id\":\"https:\\\/\\\/www.sebastien-auziere.fr\\\/blog\\\/#website\",\"url\":\"https:\\\/\\\/www.sebastien-auziere.fr\\\/blog\\\/\",\"name\":\"Fan site S\u00e9bastien Auzi\u00e8re\",\"description\":\"M\u00e9dia g\u00e9n\u00e9raliste\",\"publisher\":{\"@id\":\"https:\\\/\\\/www.sebastien-auziere.fr\\\/blog\\\/#organization\"},\"potentialAction\":[{\"@type\":\"SearchAction\",\"target\":{\"@type\":\"EntryPoint\",\"urlTemplate\":\"https:\\\/\\\/www.sebastien-auziere.fr\\\/blog\\\/?s={search_term_string}\"},\"query-input\":{\"@type\":\"PropertyValueSpecification\",\"valueRequired\":true,\"valueName\":\"search_term_string\"}}],\"inLanguage\":\"fr-FR\"},{\"@type\":\"Organization\",\"@id\":\"https:\\\/\\\/www.sebastien-auziere.fr\\\/blog\\\/#organization\",\"name\":\"Fan site S\u00e9bastien Auzi\u00e8re\",\"url\":\"https:\\\/\\\/www.sebastien-auziere.fr\\\/blog\\\/\",\"logo\":{\"@type\":\"ImageObject\",\"inLanguage\":\"fr-FR\",\"@id\":\"https:\\\/\\\/www.sebastien-auziere.fr\\\/blog\\\/#\\\/schema\\\/logo\\\/image\\\/\",\"url\":\"https:\\\/\\\/www.sebastien-auziere.fr\\\/blog\\\/wp-content\\\/uploads\\\/2026\\\/03\\\/cropped-cropped-cropped-ChatGPT-Image-6-mars-2026-12_58_09-e1772798376794.jpg\",\"contentUrl\":\"https:\\\/\\\/www.sebastien-auziere.fr\\\/blog\\\/wp-content\\\/uploads\\\/2026\\\/03\\\/cropped-cropped-cropped-ChatGPT-Image-6-mars-2026-12_58_09-e1772798376794.jpg\",\"width\":512,\"height\":360,\"caption\":\"Fan site S\u00e9bastien Auzi\u00e8re\"},\"image\":{\"@id\":\"https:\\\/\\\/www.sebastien-auziere.fr\\\/blog\\\/#\\\/schema\\\/logo\\\/image\\\/\"}},{\"@type\":\"Person\",\"@id\":\"https:\\\/\\\/www.sebastien-auziere.fr\\\/blog\\\/#\\\/schema\\\/person\\\/149f1acdbfd85149c6c3e59adeae2f4d\",\"name\":\"Chloe Gauthier\",\"image\":{\"@type\":\"ImageObject\",\"inLanguage\":\"fr-FR\",\"@id\":\"https:\\\/\\\/secure.gravatar.com\\\/avatar\\\/2c5722f58171cff738a8985ef0dd66b476e563753246a49019befc837ec4201a?s=96&d=mm&r=g\",\"url\":\"https:\\\/\\\/secure.gravatar.com\\\/avatar\\\/2c5722f58171cff738a8985ef0dd66b476e563753246a49019befc837ec4201a?s=96&d=mm&r=g\",\"contentUrl\":\"https:\\\/\\\/secure.gravatar.com\\\/avatar\\\/2c5722f58171cff738a8985ef0dd66b476e563753246a49019befc837ec4201a?s=96&d=mm&r=g\",\"caption\":\"Chloe Gauthier\"},\"description\":\"Passionn\u00e9e par la politique et admiratrice engag\u00e9e de la famille Macron, je consacre mon \u00e9nergie \u00e0 suivre leurs initiatives et \u00e0 promouvoir leurs id\u00e9es. \u00c0 32 ans, je suis convaincue que leur vision est porteuse d'avenir.\",\"url\":\"https:\\\/\\\/www.sebastien-auziere.fr\\\/blog\\\/author\\\/chloe-gauthier\\\/\"}]}<\/script>\n<!-- \/ Yoast SEO plugin. -->","yoast_head_json":{"title":"Brigitte Macron se inicia no Jap\u00e3o: teatro, caligrafia e cer\u00e2mica no cora\u00e7\u00e3o de uma escola japonesa - Fan site S\u00e9bastien Auzi\u00e8re","description":"Brigitte Macron d\u00e9couvre le Japon \u00e0 travers le th\u00e9\u00e2tre, la calligraphie et la poterie dans une \u00e9cole japonaise traditionnelle.","robots":{"index":"index","follow":"follow","max-snippet":"max-snippet:-1","max-image-preview":"max-image-preview:large","max-video-preview":"max-video-preview:-1"},"canonical":"https:\/\/www.sebastien-auziere.fr\/blog\/pt\/brigitte-macron-se-inicia-no-japao-teatro-caligrafia-e-ceramica-no-coracao-de-uma-escola-japonesa\/","og_locale":"fr_FR","og_type":"article","og_title":"Brigitte Macron se inicia no Jap\u00e3o: teatro, caligrafia e cer\u00e2mica no cora\u00e7\u00e3o de uma escola japonesa - Fan site S\u00e9bastien Auzi\u00e8re","og_description":"Brigitte Macron d\u00e9couvre le Japon \u00e0 travers le th\u00e9\u00e2tre, la calligraphie et la poterie dans une \u00e9cole japonaise traditionnelle.","og_url":"https:\/\/www.sebastien-auziere.fr\/blog\/pt\/brigitte-macron-se-inicia-no-japao-teatro-caligrafia-e-ceramica-no-coracao-de-uma-escola-japonesa\/","og_site_name":"Fan site S\u00e9bastien Auzi\u00e8re","article_published_time":"2026-04-03T07:33:35+00:00","article_modified_time":"2026-04-03T07:33:54+00:00","og_image":[{"width":2560,"height":1429,"url":"https:\/\/www.sebastien-auziere.fr\/blog\/wp-content\/uploads\/2026\/04\/Brigitte-Macron-sinitie-au-Japon-theatre-calligraphie-et-poterie-au-coeur-dune-ecole-japonaise.jpg","type":"image\/jpeg"}],"author":"Chloe Gauthier","twitter_card":"summary_large_image","twitter_misc":{"\u00c9crit par":"Chloe Gauthier","Dur\u00e9e de lecture estim\u00e9e":"2 minutes"},"schema":{"@context":"https:\/\/schema.org","@graph":[{"@type":"Article","@id":"https:\/\/www.sebastien-auziere.fr\/blog\/pt\/brigitte-macron-se-inicia-no-japao-teatro-caligrafia-e-ceramica-no-coracao-de-uma-escola-japonesa\/#article","isPartOf":{"@id":"https:\/\/www.sebastien-auziere.fr\/blog\/pt\/brigitte-macron-se-inicia-no-japao-teatro-caligrafia-e-ceramica-no-coracao-de-uma-escola-japonesa\/"},"author":{"name":"Chloe Gauthier","@id":"https:\/\/www.sebastien-auziere.fr\/blog\/#\/schema\/person\/149f1acdbfd85149c6c3e59adeae2f4d"},"headline":"Brigitte Macron se inicia no Jap\u00e3o: teatro, caligrafia e cer\u00e2mica no cora\u00e7\u00e3o de uma escola japonesa","datePublished":"2026-04-03T07:33:35+00:00","dateModified":"2026-04-03T07:33:54+00:00","mainEntityOfPage":{"@id":"https:\/\/www.sebastien-auziere.fr\/blog\/pt\/brigitte-macron-se-inicia-no-japao-teatro-caligrafia-e-ceramica-no-coracao-de-uma-escola-japonesa\/"},"wordCount":505,"commentCount":0,"publisher":{"@id":"https:\/\/www.sebastien-auziere.fr\/blog\/#organization"},"image":{"@id":"https:\/\/www.sebastien-auziere.fr\/blog\/pt\/brigitte-macron-se-inicia-no-japao-teatro-caligrafia-e-ceramica-no-coracao-de-uma-escola-japonesa\/#primaryimage"},"thumbnailUrl":"https:\/\/www.sebastien-auziere.fr\/blog\/wp-content\/uploads\/2026\/04\/Brigitte-Macron-sinitie-au-Japon-theatre-calligraphie-et-poterie-au-coeur-dune-ecole-japonaise.jpg","keywords":["brigitte macron","caligrafia","japon\u00eas","poteira","teatro japon\u00eas"],"articleSection":["Actualidades"],"inLanguage":"fr-FR","potentialAction":[{"@type":"CommentAction","name":"Comment","target":["https:\/\/www.sebastien-auziere.fr\/blog\/pt\/brigitte-macron-se-inicia-no-japao-teatro-caligrafia-e-ceramica-no-coracao-de-uma-escola-japonesa\/#respond"]}]},{"@type":"WebPage","@id":"https:\/\/www.sebastien-auziere.fr\/blog\/pt\/brigitte-macron-se-inicia-no-japao-teatro-caligrafia-e-ceramica-no-coracao-de-uma-escola-japonesa\/","url":"https:\/\/www.sebastien-auziere.fr\/blog\/pt\/brigitte-macron-se-inicia-no-japao-teatro-caligrafia-e-ceramica-no-coracao-de-uma-escola-japonesa\/","name":"Brigitte Macron se inicia no Jap\u00e3o: teatro, caligrafia e cer\u00e2mica no cora\u00e7\u00e3o de uma escola japonesa - Fan site S\u00e9bastien Auzi\u00e8re","isPartOf":{"@id":"https:\/\/www.sebastien-auziere.fr\/blog\/#website"},"primaryImageOfPage":{"@id":"https:\/\/www.sebastien-auziere.fr\/blog\/pt\/brigitte-macron-se-inicia-no-japao-teatro-caligrafia-e-ceramica-no-coracao-de-uma-escola-japonesa\/#primaryimage"},"image":{"@id":"https:\/\/www.sebastien-auziere.fr\/blog\/pt\/brigitte-macron-se-inicia-no-japao-teatro-caligrafia-e-ceramica-no-coracao-de-uma-escola-japonesa\/#primaryimage"},"thumbnailUrl":"https:\/\/www.sebastien-auziere.fr\/blog\/wp-content\/uploads\/2026\/04\/Brigitte-Macron-sinitie-au-Japon-theatre-calligraphie-et-poterie-au-coeur-dune-ecole-japonaise.jpg","datePublished":"2026-04-03T07:33:35+00:00","dateModified":"2026-04-03T07:33:54+00:00","description":"Brigitte Macron d\u00e9couvre le Japon \u00e0 travers le th\u00e9\u00e2tre, la calligraphie et la poterie dans une \u00e9cole japonaise traditionnelle.","breadcrumb":{"@id":"https:\/\/www.sebastien-auziere.fr\/blog\/pt\/brigitte-macron-se-inicia-no-japao-teatro-caligrafia-e-ceramica-no-coracao-de-uma-escola-japonesa\/#breadcrumb"},"inLanguage":"fr-FR","potentialAction":[{"@type":"ReadAction","target":["https:\/\/www.sebastien-auziere.fr\/blog\/pt\/brigitte-macron-se-inicia-no-japao-teatro-caligrafia-e-ceramica-no-coracao-de-uma-escola-japonesa\/"]}]},{"@type":"ImageObject","inLanguage":"fr-FR","@id":"https:\/\/www.sebastien-auziere.fr\/blog\/pt\/brigitte-macron-se-inicia-no-japao-teatro-caligrafia-e-ceramica-no-coracao-de-uma-escola-japonesa\/#primaryimage","url":"https:\/\/www.sebastien-auziere.fr\/blog\/wp-content\/uploads\/2026\/04\/Brigitte-Macron-sinitie-au-Japon-theatre-calligraphie-et-poterie-au-coeur-dune-ecole-japonaise.jpg","contentUrl":"https:\/\/www.sebastien-auziere.fr\/blog\/wp-content\/uploads\/2026\/04\/Brigitte-Macron-sinitie-au-Japon-theatre-calligraphie-et-poterie-au-coeur-dune-ecole-japonaise.jpg","width":2560,"height":1429,"caption":"d\u00e9couvrez l'initiation de brigitte macron au japon \u00e0 travers le th\u00e9\u00e2tre, la calligraphie et la poterie, au c\u0153ur d'une \u00e9cole japonaise traditionnelle."},{"@type":"BreadcrumbList","@id":"https:\/\/www.sebastien-auziere.fr\/blog\/pt\/brigitte-macron-se-inicia-no-japao-teatro-caligrafia-e-ceramica-no-coracao-de-uma-escola-japonesa\/#breadcrumb","itemListElement":[{"@type":"ListItem","position":1,"name":"Home","item":"https:\/\/www.sebastien-auziere.fr\/blog\/"},{"@type":"ListItem","position":2,"name":"Brigitte Macron se inicia no Jap\u00e3o: teatro, caligrafia e cer\u00e2mica no cora\u00e7\u00e3o de uma escola japonesa"}]},{"@type":"WebSite","@id":"https:\/\/www.sebastien-auziere.fr\/blog\/#website","url":"https:\/\/www.sebastien-auziere.fr\/blog\/","name":"Fan site S\u00e9bastien Auzi\u00e8re","description":"M\u00e9dia g\u00e9n\u00e9raliste","publisher":{"@id":"https:\/\/www.sebastien-auziere.fr\/blog\/#organization"},"potentialAction":[{"@type":"SearchAction","target":{"@type":"EntryPoint","urlTemplate":"https:\/\/www.sebastien-auziere.fr\/blog\/?s={search_term_string}"},"query-input":{"@type":"PropertyValueSpecification","valueRequired":true,"valueName":"search_term_string"}}],"inLanguage":"fr-FR"},{"@type":"Organization","@id":"https:\/\/www.sebastien-auziere.fr\/blog\/#organization","name":"Fan site S\u00e9bastien Auzi\u00e8re","url":"https:\/\/www.sebastien-auziere.fr\/blog\/","logo":{"@type":"ImageObject","inLanguage":"fr-FR","@id":"https:\/\/www.sebastien-auziere.fr\/blog\/#\/schema\/logo\/image\/","url":"https:\/\/www.sebastien-auziere.fr\/blog\/wp-content\/uploads\/2026\/03\/cropped-cropped-cropped-ChatGPT-Image-6-mars-2026-12_58_09-e1772798376794.jpg","contentUrl":"https:\/\/www.sebastien-auziere.fr\/blog\/wp-content\/uploads\/2026\/03\/cropped-cropped-cropped-ChatGPT-Image-6-mars-2026-12_58_09-e1772798376794.jpg","width":512,"height":360,"caption":"Fan site S\u00e9bastien Auzi\u00e8re"},"image":{"@id":"https:\/\/www.sebastien-auziere.fr\/blog\/#\/schema\/logo\/image\/"}},{"@type":"Person","@id":"https:\/\/www.sebastien-auziere.fr\/blog\/#\/schema\/person\/149f1acdbfd85149c6c3e59adeae2f4d","name":"Chloe Gauthier","image":{"@type":"ImageObject","inLanguage":"fr-FR","@id":"https:\/\/secure.gravatar.com\/avatar\/2c5722f58171cff738a8985ef0dd66b476e563753246a49019befc837ec4201a?s=96&d=mm&r=g","url":"https:\/\/secure.gravatar.com\/avatar\/2c5722f58171cff738a8985ef0dd66b476e563753246a49019befc837ec4201a?s=96&d=mm&r=g","contentUrl":"https:\/\/secure.gravatar.com\/avatar\/2c5722f58171cff738a8985ef0dd66b476e563753246a49019befc837ec4201a?s=96&d=mm&r=g","caption":"Chloe Gauthier"},"description":"Passionn\u00e9e par la politique et admiratrice engag\u00e9e de la famille Macron, je consacre mon \u00e9nergie \u00e0 suivre leurs initiatives et \u00e0 promouvoir leurs id\u00e9es. \u00c0 32 ans, je suis convaincue que leur vision est porteuse d'avenir.","url":"https:\/\/www.sebastien-auziere.fr\/blog\/author\/chloe-gauthier\/"}]}},"views":4,"_links":{"self":[{"href":"https:\/\/www.sebastien-auziere.fr\/blog\/wp-json\/wp\/v2\/posts\/2723","targetHints":{"allow":["GET"]}}],"collection":[{"href":"https:\/\/www.sebastien-auziere.fr\/blog\/wp-json\/wp\/v2\/posts"}],"about":[{"href":"https:\/\/www.sebastien-auziere.fr\/blog\/wp-json\/wp\/v2\/types\/post"}],"author":[{"embeddable":true,"href":"https:\/\/www.sebastien-auziere.fr\/blog\/wp-json\/wp\/v2\/users\/9"}],"replies":[{"embeddable":true,"href":"https:\/\/www.sebastien-auziere.fr\/blog\/wp-json\/wp\/v2\/comments?post=2723"}],"version-history":[{"count":1,"href":"https:\/\/www.sebastien-auziere.fr\/blog\/wp-json\/wp\/v2\/posts\/2723\/revisions"}],"predecessor-version":[{"id":2724,"href":"https:\/\/www.sebastien-auziere.fr\/blog\/wp-json\/wp\/v2\/posts\/2723\/revisions\/2724"}],"wp:featuredmedia":[{"embeddable":true,"href":"https:\/\/www.sebastien-auziere.fr\/blog\/wp-json\/wp\/v2\/media\/2713"}],"wp:attachment":[{"href":"https:\/\/www.sebastien-auziere.fr\/blog\/wp-json\/wp\/v2\/media?parent=2723"}],"wp:term":[{"taxonomy":"category","embeddable":true,"href":"https:\/\/www.sebastien-auziere.fr\/blog\/wp-json\/wp\/v2\/categories?post=2723"},{"taxonomy":"post_tag","embeddable":true,"href":"https:\/\/www.sebastien-auziere.fr\/blog\/wp-json\/wp\/v2\/tags?post=2723"}],"curies":[{"name":"wp","href":"https:\/\/api.w.org\/{rel}","templated":true}]}}