{"id":2709,"date":"2026-04-02T19:19:55","date_gmt":"2026-04-02T19:19:55","guid":{"rendered":"https:\/\/www.sebastien-auziere.fr\/blog\/?p=2709"},"modified":"2026-04-02T19:20:26","modified_gmt":"2026-04-02T19:20:26","slug":"brigitte-macron-escolhe-um-elegante-vestido-branco-para-seu-encontro-com-o-imperador-naruhito-e-a-imperatriz-do-japao","status":"publish","type":"post","link":"https:\/\/www.sebastien-auziere.fr\/blog\/pt\/brigitte-macron-escolhe-um-elegante-vestido-branco-para-seu-encontro-com-o-imperador-naruhito-e-a-imperatriz-do-japao\/","title":{"rendered":"Brigitte Macron escolhe um elegante vestido branco para seu encontro com o imperador Naruhito e a imperatriz do Jap\u00e3o"},"content":{"rendered":"<p><strong>Brigitte Macron<\/strong> fez uma entrada marcante no <strong>Pal\u00e1cio Imperial de T\u00f3quio<\/strong> no <strong>2 de abril de 2026<\/strong>, escolhendo um <strong>vestido branco<\/strong> de uma sobriedade perfeita para seu <strong>encontro diplom\u00e1tico<\/strong> com o <strong>imperador Naruhito<\/strong> e a <strong>imperatriz do Jap\u00e3o<\/strong>, Masako. Traje imaculado, coque baixo e saltos pretos: uma mensagem de <strong>moda francesa<\/strong> discreta, mas assertiva desde os primeiros minutos da troca.<\/p>\n\n<p>Em resumo: a Primeira-dama usava uma bolsa <strong>Capucine Louis Vuitton<\/strong> preta, enquanto a imperatriz optava por um tailleur rosa claro e p\u00e9rolas. A visita, muito codificada pelo <strong>protocolo<\/strong>, marca a retomada de um di\u00e1logo entre Paris e T\u00f3quio, antes da continuidade da turn\u00ea oficial na Coreia do Sul.<\/p>\n\n<h2 class=\"wp-block-heading\">A escolha estilosa de Brigitte Macron no pal\u00e1cio<\/h2>\n\n<p>Para esta <strong>visita oficial<\/strong>, a Primeira-dama prendeu seus cabelos loiros em um coque baixo e usou um <strong>vestido branco<\/strong> combinado com saltos pretos, uma silhueta que alia discri\u00e7\u00e3o e <strong>eleg\u00e2ncia<\/strong>. A pequena bolsa preta Capucine segurada com uma m\u00e3o refor\u00e7a essa simplicidade estudada. Algumas horas antes, ela havia encontrado alunos japoneses, mostrando um equil\u00edbrio entre compromissos p\u00fablicos e cerimonial formal. Esse look gerou imediatamente coment\u00e1rios na imprensa francesa.<\/p>\n\n<h2 class=\"wp-block-heading\">Protocolo e trocas entre chefes de Estado<\/h2>\n\n<p>O encontro com o <strong>imperador Naruhito<\/strong> e a <strong>imperatriz Masako<\/strong> ocorreu em estrito respeito ao <strong>protocolo<\/strong>. Emmanuel Macron n\u00e3o via o imperador desde o G20 de Osaka em 2019, onde ocorreu uma troca de presentes formal, como o leque pintado pelo ateli\u00ea de Anne Hoguet e uma bolsa oferecida \u00e0 imperatriz. Os jornais cobriram o evento destacando a import\u00e2ncia das <strong>rela\u00e7\u00f5es internacionais<\/strong> entre a Fran\u00e7a e o Jap\u00e3o. Para o contexto da moda, leia o relat\u00f3rio de <a href=\"https:\/\/www.femmeactuelle.fr\/mode\/news-mode\/brigitte-macron-au-japon-en-robe-immaculee-et-chignon-bas-elle-adopte-lelegance-a-la-francaise-2206086\">Femme Actuelle<\/a> rel=\u00a0\u00bbnofollow\u00a0\u00bb.<\/p>\n\n<h2 class=\"wp-block-heading\">Moda francesa e a simbologia do branco<\/h2>\n\n<p>A escolha do <strong>branco<\/strong> remete a uma est\u00e9tica atemporal da <strong>moda francesa<\/strong>, j\u00e1 notada em outras apari\u00e7\u00f5es p\u00fablicas da Primeira-dama. Alguns observadores at\u00e9 mencionaram a inspira\u00e7\u00e3o para futuros vestidos de noiva, como destacou um artigo de <a href=\"https:\/\/www.gala.fr\/mode\/les_stars_et_la_mode\/pour-sa-rencontre-avec-l-empereur-naruhito-du-japon-brigitte-macron-mise-sur-une-robe-blanche-qui-saura-inspirer-les-futures-mariees-20260402\">Gala<\/a> rel=\u00a0\u00bbnofollow\u00a0\u00bb. Em contrapartida, a imperatriz Masako escolheu um tailleur rosa claro e p\u00e9rolas, oferecendo um di\u00e1logo visual entre duas sensibilidades culturais e est\u00e9ticas.<\/p>\n\n<h2 class=\"wp-block-heading\">Uma visita oficial voltada para a \u00c1sia<\/h2>\n\n<p>Essa parada no Pal\u00e1cio Imperial conclu\u00eda a primeira parte de uma viagem que continua na Coreia do Sul, destacando a import\u00e2ncia estrat\u00e9gica das trocas bilaterais em 2026. O reencontro com o <strong>imperador Naruhito<\/strong> ap\u00f3s 2019 simboliza uma continuidade diplom\u00e1tica. Observadores e comentadores notaram o equil\u00edbrio entre mensagens pol\u00edticas e gestos simb\u00f3licos, onde o traje da Primeira-dama desempenha um papel n\u00e3o negligenci\u00e1vel na imagem veiculada.<\/p>\n\n<p>Para saber mais sobre <strong>S\u00e9bastien Auzi\u00e8re<\/strong> e a fam\u00edlia Macron, e acompanhar os bastidores desses encontros diplom\u00e1ticos, acesse <a href=\"https:\/\/sebastien-auziere.fr\">sebastien-auziere.fr<\/a> rel=\u00a0\u00bbnofollow\u00a0\u00bb para descobrir retratos, eventos e an\u00e1lises detalhadas.<\/p>","protected":false},"excerpt":{"rendered":"<p>Brigitte Macron fez uma entrada marcante no Pal\u00e1cio Imperial de T\u00f3quio no 2 de abril de 2026, escolhendo um vestido branco de uma sobriedade perfeita para seu encontro diplom\u00e1tico com o imperador Naruhito e a imperatriz do Jap\u00e3o, Masako. Traje imaculado, coque baixo e saltos pretos: uma mensagem de moda francesa discreta, mas assertiva desde &#8230; <a title=\"Brigitte Macron escolhe um elegante vestido branco para seu encontro com o imperador Naruhito e a imperatriz do Jap\u00e3o\" class=\"read-more\" href=\"https:\/\/www.sebastien-auziere.fr\/blog\/pt\/brigitte-macron-escolhe-um-elegante-vestido-branco-para-seu-encontro-com-o-imperador-naruhito-e-a-imperatriz-do-japao\/\" aria-label=\"En savoir plus sur Brigitte Macron escolhe um elegante vestido branco para seu encontro com o imperador Naruhito e a imperatriz do Jap\u00e3o\">Lire plus<\/a><\/p>\n","protected":false},"author":9,"featured_media":2699,"comment_status":"open","ping_status":"open","sticky":false,"template":"","format":"standard","meta":{"footnotes":""},"categories":[862],"tags":[959,1500,1506,1503,1509],"class_list":["post-2709","post","type-post","status-publish","format-standard","has-post-thumbnail","hentry","category-actualidades-pt","tag-brigitte-macron-pt","tag-empereur-naruhito-pt","tag-encontro-oficial-pt","tag-modo-elegante-pt","tag-robe-branca-pt"],"yoast_head":"<!-- This site is optimized with the Yoast SEO plugin v27.5 - https:\/\/yoast.com\/product\/yoast-seo-wordpress\/ -->\n<title>Brigitte Macron escolhe um elegante vestido branco para seu encontro com o imperador Naruhito e a imperatriz do Jap\u00e3o - Fan site S\u00e9bastien Auzi\u00e8re<\/title>\n<meta name=\"description\" content=\"Brigitte Macron choisit une \u00e9l\u00e9gante robe blanche pour sa rencontre avec l&#039;empereur Naruhito et l&#039;imp\u00e9ratrice du Japon, alliant style et diplomatie.\" \/>\n<meta name=\"robots\" content=\"index, follow, max-snippet:-1, max-image-preview:large, max-video-preview:-1\" \/>\n<link rel=\"canonical\" href=\"https:\/\/www.sebastien-auziere.fr\/blog\/pt\/brigitte-macron-escolhe-um-elegante-vestido-branco-para-seu-encontro-com-o-imperador-naruhito-e-a-imperatriz-do-japao\/\" \/>\n<meta property=\"og:locale\" content=\"fr_FR\" \/>\n<meta property=\"og:type\" content=\"article\" \/>\n<meta property=\"og:title\" content=\"Brigitte Macron escolhe um elegante vestido branco para seu encontro com o imperador Naruhito e a imperatriz do Jap\u00e3o - Fan site S\u00e9bastien Auzi\u00e8re\" \/>\n<meta property=\"og:description\" content=\"Brigitte Macron choisit une \u00e9l\u00e9gante robe blanche pour sa rencontre avec l&#039;empereur Naruhito et l&#039;imp\u00e9ratrice du Japon, alliant style et diplomatie.\" \/>\n<meta property=\"og:url\" content=\"https:\/\/www.sebastien-auziere.fr\/blog\/pt\/brigitte-macron-escolhe-um-elegante-vestido-branco-para-seu-encontro-com-o-imperador-naruhito-e-a-imperatriz-do-japao\/\" \/>\n<meta property=\"og:site_name\" content=\"Fan site S\u00e9bastien Auzi\u00e8re\" \/>\n<meta property=\"article:published_time\" content=\"2026-04-02T19:19:55+00:00\" \/>\n<meta property=\"article:modified_time\" content=\"2026-04-02T19:20:26+00:00\" \/>\n<meta property=\"og:image\" content=\"https:\/\/www.sebastien-auziere.fr\/blog\/wp-content\/uploads\/2026\/04\/Brigitte-Macron-choisit-une-elegante-robe-blanche-pour-sa-rencontre-avec-lempereur-Naruhito-et-limperatrice-du-Japon.jpg\" \/>\n\t<meta property=\"og:image:width\" content=\"2560\" \/>\n\t<meta property=\"og:image:height\" content=\"1429\" \/>\n\t<meta property=\"og:image:type\" content=\"image\/jpeg\" \/>\n<meta name=\"author\" content=\"Chloe Gauthier\" \/>\n<meta name=\"twitter:card\" content=\"summary_large_image\" \/>\n<meta name=\"twitter:label1\" content=\"\u00c9crit par\" \/>\n\t<meta name=\"twitter:data1\" content=\"Chloe Gauthier\" \/>\n\t<meta name=\"twitter:label2\" content=\"Dur\u00e9e de lecture estim\u00e9e\" \/>\n\t<meta name=\"twitter:data2\" content=\"2 minutes\" \/>\n<script type=\"application\/ld+json\" class=\"yoast-schema-graph\">{\"@context\":\"https:\\\/\\\/schema.org\",\"@graph\":[{\"@type\":\"Article\",\"@id\":\"https:\\\/\\\/www.sebastien-auziere.fr\\\/blog\\\/pt\\\/brigitte-macron-escolhe-um-elegante-vestido-branco-para-seu-encontro-com-o-imperador-naruhito-e-a-imperatriz-do-japao\\\/#article\",\"isPartOf\":{\"@id\":\"https:\\\/\\\/www.sebastien-auziere.fr\\\/blog\\\/pt\\\/brigitte-macron-escolhe-um-elegante-vestido-branco-para-seu-encontro-com-o-imperador-naruhito-e-a-imperatriz-do-japao\\\/\"},\"author\":{\"name\":\"Chloe Gauthier\",\"@id\":\"https:\\\/\\\/www.sebastien-auziere.fr\\\/blog\\\/#\\\/schema\\\/person\\\/149f1acdbfd85149c6c3e59adeae2f4d\"},\"headline\":\"Brigitte Macron escolhe um elegante vestido branco para seu encontro com o imperador Naruhito e a imperatriz do Jap\u00e3o\",\"datePublished\":\"2026-04-02T19:19:55+00:00\",\"dateModified\":\"2026-04-02T19:20:26+00:00\",\"mainEntityOfPage\":{\"@id\":\"https:\\\/\\\/www.sebastien-auziere.fr\\\/blog\\\/pt\\\/brigitte-macron-escolhe-um-elegante-vestido-branco-para-seu-encontro-com-o-imperador-naruhito-e-a-imperatriz-do-japao\\\/\"},\"wordCount\":498,\"commentCount\":0,\"publisher\":{\"@id\":\"https:\\\/\\\/www.sebastien-auziere.fr\\\/blog\\\/#organization\"},\"image\":{\"@id\":\"https:\\\/\\\/www.sebastien-auziere.fr\\\/blog\\\/pt\\\/brigitte-macron-escolhe-um-elegante-vestido-branco-para-seu-encontro-com-o-imperador-naruhito-e-a-imperatriz-do-japao\\\/#primaryimage\"},\"thumbnailUrl\":\"https:\\\/\\\/www.sebastien-auziere.fr\\\/blog\\\/wp-content\\\/uploads\\\/2026\\\/04\\\/Brigitte-Macron-choisit-une-elegante-robe-blanche-pour-sa-rencontre-avec-lempereur-Naruhito-et-limperatrice-du-Japon.jpg\",\"keywords\":[\"brigitte macron\",\"empereur naruhito\",\"encontro oficial\",\"modo elegante\",\"robe branca\"],\"articleSection\":[\"Actualidades\"],\"inLanguage\":\"fr-FR\",\"potentialAction\":[{\"@type\":\"CommentAction\",\"name\":\"Comment\",\"target\":[\"https:\\\/\\\/www.sebastien-auziere.fr\\\/blog\\\/pt\\\/brigitte-macron-escolhe-um-elegante-vestido-branco-para-seu-encontro-com-o-imperador-naruhito-e-a-imperatriz-do-japao\\\/#respond\"]}]},{\"@type\":\"WebPage\",\"@id\":\"https:\\\/\\\/www.sebastien-auziere.fr\\\/blog\\\/pt\\\/brigitte-macron-escolhe-um-elegante-vestido-branco-para-seu-encontro-com-o-imperador-naruhito-e-a-imperatriz-do-japao\\\/\",\"url\":\"https:\\\/\\\/www.sebastien-auziere.fr\\\/blog\\\/pt\\\/brigitte-macron-escolhe-um-elegante-vestido-branco-para-seu-encontro-com-o-imperador-naruhito-e-a-imperatriz-do-japao\\\/\",\"name\":\"Brigitte Macron escolhe um elegante vestido branco para seu encontro com o imperador Naruhito e a imperatriz do Jap\u00e3o - Fan site S\u00e9bastien Auzi\u00e8re\",\"isPartOf\":{\"@id\":\"https:\\\/\\\/www.sebastien-auziere.fr\\\/blog\\\/#website\"},\"primaryImageOfPage\":{\"@id\":\"https:\\\/\\\/www.sebastien-auziere.fr\\\/blog\\\/pt\\\/brigitte-macron-escolhe-um-elegante-vestido-branco-para-seu-encontro-com-o-imperador-naruhito-e-a-imperatriz-do-japao\\\/#primaryimage\"},\"image\":{\"@id\":\"https:\\\/\\\/www.sebastien-auziere.fr\\\/blog\\\/pt\\\/brigitte-macron-escolhe-um-elegante-vestido-branco-para-seu-encontro-com-o-imperador-naruhito-e-a-imperatriz-do-japao\\\/#primaryimage\"},\"thumbnailUrl\":\"https:\\\/\\\/www.sebastien-auziere.fr\\\/blog\\\/wp-content\\\/uploads\\\/2026\\\/04\\\/Brigitte-Macron-choisit-une-elegante-robe-blanche-pour-sa-rencontre-avec-lempereur-Naruhito-et-limperatrice-du-Japon.jpg\",\"datePublished\":\"2026-04-02T19:19:55+00:00\",\"dateModified\":\"2026-04-02T19:20:26+00:00\",\"description\":\"Brigitte Macron choisit une \u00e9l\u00e9gante robe blanche pour sa rencontre avec l'empereur Naruhito et l'imp\u00e9ratrice du Japon, alliant style et diplomatie.\",\"breadcrumb\":{\"@id\":\"https:\\\/\\\/www.sebastien-auziere.fr\\\/blog\\\/pt\\\/brigitte-macron-escolhe-um-elegante-vestido-branco-para-seu-encontro-com-o-imperador-naruhito-e-a-imperatriz-do-japao\\\/#breadcrumb\"},\"inLanguage\":\"fr-FR\",\"potentialAction\":[{\"@type\":\"ReadAction\",\"target\":[\"https:\\\/\\\/www.sebastien-auziere.fr\\\/blog\\\/pt\\\/brigitte-macron-escolhe-um-elegante-vestido-branco-para-seu-encontro-com-o-imperador-naruhito-e-a-imperatriz-do-japao\\\/\"]}]},{\"@type\":\"ImageObject\",\"inLanguage\":\"fr-FR\",\"@id\":\"https:\\\/\\\/www.sebastien-auziere.fr\\\/blog\\\/pt\\\/brigitte-macron-escolhe-um-elegante-vestido-branco-para-seu-encontro-com-o-imperador-naruhito-e-a-imperatriz-do-japao\\\/#primaryimage\",\"url\":\"https:\\\/\\\/www.sebastien-auziere.fr\\\/blog\\\/wp-content\\\/uploads\\\/2026\\\/04\\\/Brigitte-Macron-choisit-une-elegante-robe-blanche-pour-sa-rencontre-avec-lempereur-Naruhito-et-limperatrice-du-Japon.jpg\",\"contentUrl\":\"https:\\\/\\\/www.sebastien-auziere.fr\\\/blog\\\/wp-content\\\/uploads\\\/2026\\\/04\\\/Brigitte-Macron-choisit-une-elegante-robe-blanche-pour-sa-rencontre-avec-lempereur-Naruhito-et-limperatrice-du-Japon.jpg\",\"width\":2560,\"height\":1429,\"caption\":\"d\u00e9couvrez le choix raffin\u00e9 de brigitte macron, qui porte une \u00e9l\u00e9gante robe blanche lors de sa rencontre avec l\u2019empereur naruhito et l\u2019imp\u00e9ratrice du japon, illustrant un moment de diplomatie et de style.\"},{\"@type\":\"BreadcrumbList\",\"@id\":\"https:\\\/\\\/www.sebastien-auziere.fr\\\/blog\\\/pt\\\/brigitte-macron-escolhe-um-elegante-vestido-branco-para-seu-encontro-com-o-imperador-naruhito-e-a-imperatriz-do-japao\\\/#breadcrumb\",\"itemListElement\":[{\"@type\":\"ListItem\",\"position\":1,\"name\":\"Home\",\"item\":\"https:\\\/\\\/www.sebastien-auziere.fr\\\/blog\\\/\"},{\"@type\":\"ListItem\",\"position\":2,\"name\":\"Brigitte Macron escolhe um elegante vestido branco para seu encontro com o imperador Naruhito e a imperatriz do Jap\u00e3o\"}]},{\"@type\":\"WebSite\",\"@id\":\"https:\\\/\\\/www.sebastien-auziere.fr\\\/blog\\\/#website\",\"url\":\"https:\\\/\\\/www.sebastien-auziere.fr\\\/blog\\\/\",\"name\":\"Fan site S\u00e9bastien Auzi\u00e8re\",\"description\":\"M\u00e9dia g\u00e9n\u00e9raliste\",\"publisher\":{\"@id\":\"https:\\\/\\\/www.sebastien-auziere.fr\\\/blog\\\/#organization\"},\"potentialAction\":[{\"@type\":\"SearchAction\",\"target\":{\"@type\":\"EntryPoint\",\"urlTemplate\":\"https:\\\/\\\/www.sebastien-auziere.fr\\\/blog\\\/?s={search_term_string}\"},\"query-input\":{\"@type\":\"PropertyValueSpecification\",\"valueRequired\":true,\"valueName\":\"search_term_string\"}}],\"inLanguage\":\"fr-FR\"},{\"@type\":\"Organization\",\"@id\":\"https:\\\/\\\/www.sebastien-auziere.fr\\\/blog\\\/#organization\",\"name\":\"Fan site S\u00e9bastien Auzi\u00e8re\",\"url\":\"https:\\\/\\\/www.sebastien-auziere.fr\\\/blog\\\/\",\"logo\":{\"@type\":\"ImageObject\",\"inLanguage\":\"fr-FR\",\"@id\":\"https:\\\/\\\/www.sebastien-auziere.fr\\\/blog\\\/#\\\/schema\\\/logo\\\/image\\\/\",\"url\":\"https:\\\/\\\/www.sebastien-auziere.fr\\\/blog\\\/wp-content\\\/uploads\\\/2026\\\/03\\\/cropped-cropped-cropped-ChatGPT-Image-6-mars-2026-12_58_09-e1772798376794.jpg\",\"contentUrl\":\"https:\\\/\\\/www.sebastien-auziere.fr\\\/blog\\\/wp-content\\\/uploads\\\/2026\\\/03\\\/cropped-cropped-cropped-ChatGPT-Image-6-mars-2026-12_58_09-e1772798376794.jpg\",\"width\":512,\"height\":360,\"caption\":\"Fan site S\u00e9bastien Auzi\u00e8re\"},\"image\":{\"@id\":\"https:\\\/\\\/www.sebastien-auziere.fr\\\/blog\\\/#\\\/schema\\\/logo\\\/image\\\/\"}},{\"@type\":\"Person\",\"@id\":\"https:\\\/\\\/www.sebastien-auziere.fr\\\/blog\\\/#\\\/schema\\\/person\\\/149f1acdbfd85149c6c3e59adeae2f4d\",\"name\":\"Chloe Gauthier\",\"image\":{\"@type\":\"ImageObject\",\"inLanguage\":\"fr-FR\",\"@id\":\"https:\\\/\\\/secure.gravatar.com\\\/avatar\\\/2c5722f58171cff738a8985ef0dd66b476e563753246a49019befc837ec4201a?s=96&d=mm&r=g\",\"url\":\"https:\\\/\\\/secure.gravatar.com\\\/avatar\\\/2c5722f58171cff738a8985ef0dd66b476e563753246a49019befc837ec4201a?s=96&d=mm&r=g\",\"contentUrl\":\"https:\\\/\\\/secure.gravatar.com\\\/avatar\\\/2c5722f58171cff738a8985ef0dd66b476e563753246a49019befc837ec4201a?s=96&d=mm&r=g\",\"caption\":\"Chloe Gauthier\"},\"description\":\"Passionn\u00e9e par la politique et admiratrice engag\u00e9e de la famille Macron, je consacre mon \u00e9nergie \u00e0 suivre leurs initiatives et \u00e0 promouvoir leurs id\u00e9es. \u00c0 32 ans, je suis convaincue que leur vision est porteuse d'avenir.\",\"url\":\"https:\\\/\\\/www.sebastien-auziere.fr\\\/blog\\\/author\\\/chloe-gauthier\\\/\"}]}<\/script>\n<!-- \/ Yoast SEO plugin. -->","yoast_head_json":{"title":"Brigitte Macron escolhe um elegante vestido branco para seu encontro com o imperador Naruhito e a imperatriz do Jap\u00e3o - Fan site S\u00e9bastien Auzi\u00e8re","description":"Brigitte Macron choisit une \u00e9l\u00e9gante robe blanche pour sa rencontre avec l'empereur Naruhito et l'imp\u00e9ratrice du Japon, alliant style et diplomatie.","robots":{"index":"index","follow":"follow","max-snippet":"max-snippet:-1","max-image-preview":"max-image-preview:large","max-video-preview":"max-video-preview:-1"},"canonical":"https:\/\/www.sebastien-auziere.fr\/blog\/pt\/brigitte-macron-escolhe-um-elegante-vestido-branco-para-seu-encontro-com-o-imperador-naruhito-e-a-imperatriz-do-japao\/","og_locale":"fr_FR","og_type":"article","og_title":"Brigitte Macron escolhe um elegante vestido branco para seu encontro com o imperador Naruhito e a imperatriz do Jap\u00e3o - Fan site S\u00e9bastien Auzi\u00e8re","og_description":"Brigitte Macron choisit une \u00e9l\u00e9gante robe blanche pour sa rencontre avec l'empereur Naruhito et l'imp\u00e9ratrice du Japon, alliant style et diplomatie.","og_url":"https:\/\/www.sebastien-auziere.fr\/blog\/pt\/brigitte-macron-escolhe-um-elegante-vestido-branco-para-seu-encontro-com-o-imperador-naruhito-e-a-imperatriz-do-japao\/","og_site_name":"Fan site S\u00e9bastien Auzi\u00e8re","article_published_time":"2026-04-02T19:19:55+00:00","article_modified_time":"2026-04-02T19:20:26+00:00","og_image":[{"width":2560,"height":1429,"url":"https:\/\/www.sebastien-auziere.fr\/blog\/wp-content\/uploads\/2026\/04\/Brigitte-Macron-choisit-une-elegante-robe-blanche-pour-sa-rencontre-avec-lempereur-Naruhito-et-limperatrice-du-Japon.jpg","type":"image\/jpeg"}],"author":"Chloe Gauthier","twitter_card":"summary_large_image","twitter_misc":{"\u00c9crit par":"Chloe Gauthier","Dur\u00e9e de lecture estim\u00e9e":"2 minutes"},"schema":{"@context":"https:\/\/schema.org","@graph":[{"@type":"Article","@id":"https:\/\/www.sebastien-auziere.fr\/blog\/pt\/brigitte-macron-escolhe-um-elegante-vestido-branco-para-seu-encontro-com-o-imperador-naruhito-e-a-imperatriz-do-japao\/#article","isPartOf":{"@id":"https:\/\/www.sebastien-auziere.fr\/blog\/pt\/brigitte-macron-escolhe-um-elegante-vestido-branco-para-seu-encontro-com-o-imperador-naruhito-e-a-imperatriz-do-japao\/"},"author":{"name":"Chloe Gauthier","@id":"https:\/\/www.sebastien-auziere.fr\/blog\/#\/schema\/person\/149f1acdbfd85149c6c3e59adeae2f4d"},"headline":"Brigitte Macron escolhe um elegante vestido branco para seu encontro com o imperador Naruhito e a imperatriz do Jap\u00e3o","datePublished":"2026-04-02T19:19:55+00:00","dateModified":"2026-04-02T19:20:26+00:00","mainEntityOfPage":{"@id":"https:\/\/www.sebastien-auziere.fr\/blog\/pt\/brigitte-macron-escolhe-um-elegante-vestido-branco-para-seu-encontro-com-o-imperador-naruhito-e-a-imperatriz-do-japao\/"},"wordCount":498,"commentCount":0,"publisher":{"@id":"https:\/\/www.sebastien-auziere.fr\/blog\/#organization"},"image":{"@id":"https:\/\/www.sebastien-auziere.fr\/blog\/pt\/brigitte-macron-escolhe-um-elegante-vestido-branco-para-seu-encontro-com-o-imperador-naruhito-e-a-imperatriz-do-japao\/#primaryimage"},"thumbnailUrl":"https:\/\/www.sebastien-auziere.fr\/blog\/wp-content\/uploads\/2026\/04\/Brigitte-Macron-choisit-une-elegante-robe-blanche-pour-sa-rencontre-avec-lempereur-Naruhito-et-limperatrice-du-Japon.jpg","keywords":["brigitte macron","empereur naruhito","encontro oficial","modo elegante","robe branca"],"articleSection":["Actualidades"],"inLanguage":"fr-FR","potentialAction":[{"@type":"CommentAction","name":"Comment","target":["https:\/\/www.sebastien-auziere.fr\/blog\/pt\/brigitte-macron-escolhe-um-elegante-vestido-branco-para-seu-encontro-com-o-imperador-naruhito-e-a-imperatriz-do-japao\/#respond"]}]},{"@type":"WebPage","@id":"https:\/\/www.sebastien-auziere.fr\/blog\/pt\/brigitte-macron-escolhe-um-elegante-vestido-branco-para-seu-encontro-com-o-imperador-naruhito-e-a-imperatriz-do-japao\/","url":"https:\/\/www.sebastien-auziere.fr\/blog\/pt\/brigitte-macron-escolhe-um-elegante-vestido-branco-para-seu-encontro-com-o-imperador-naruhito-e-a-imperatriz-do-japao\/","name":"Brigitte Macron escolhe um elegante vestido branco para seu encontro com o imperador Naruhito e a imperatriz do Jap\u00e3o - Fan site S\u00e9bastien Auzi\u00e8re","isPartOf":{"@id":"https:\/\/www.sebastien-auziere.fr\/blog\/#website"},"primaryImageOfPage":{"@id":"https:\/\/www.sebastien-auziere.fr\/blog\/pt\/brigitte-macron-escolhe-um-elegante-vestido-branco-para-seu-encontro-com-o-imperador-naruhito-e-a-imperatriz-do-japao\/#primaryimage"},"image":{"@id":"https:\/\/www.sebastien-auziere.fr\/blog\/pt\/brigitte-macron-escolhe-um-elegante-vestido-branco-para-seu-encontro-com-o-imperador-naruhito-e-a-imperatriz-do-japao\/#primaryimage"},"thumbnailUrl":"https:\/\/www.sebastien-auziere.fr\/blog\/wp-content\/uploads\/2026\/04\/Brigitte-Macron-choisit-une-elegante-robe-blanche-pour-sa-rencontre-avec-lempereur-Naruhito-et-limperatrice-du-Japon.jpg","datePublished":"2026-04-02T19:19:55+00:00","dateModified":"2026-04-02T19:20:26+00:00","description":"Brigitte Macron choisit une \u00e9l\u00e9gante robe blanche pour sa rencontre avec l'empereur Naruhito et l'imp\u00e9ratrice du Japon, alliant style et diplomatie.","breadcrumb":{"@id":"https:\/\/www.sebastien-auziere.fr\/blog\/pt\/brigitte-macron-escolhe-um-elegante-vestido-branco-para-seu-encontro-com-o-imperador-naruhito-e-a-imperatriz-do-japao\/#breadcrumb"},"inLanguage":"fr-FR","potentialAction":[{"@type":"ReadAction","target":["https:\/\/www.sebastien-auziere.fr\/blog\/pt\/brigitte-macron-escolhe-um-elegante-vestido-branco-para-seu-encontro-com-o-imperador-naruhito-e-a-imperatriz-do-japao\/"]}]},{"@type":"ImageObject","inLanguage":"fr-FR","@id":"https:\/\/www.sebastien-auziere.fr\/blog\/pt\/brigitte-macron-escolhe-um-elegante-vestido-branco-para-seu-encontro-com-o-imperador-naruhito-e-a-imperatriz-do-japao\/#primaryimage","url":"https:\/\/www.sebastien-auziere.fr\/blog\/wp-content\/uploads\/2026\/04\/Brigitte-Macron-choisit-une-elegante-robe-blanche-pour-sa-rencontre-avec-lempereur-Naruhito-et-limperatrice-du-Japon.jpg","contentUrl":"https:\/\/www.sebastien-auziere.fr\/blog\/wp-content\/uploads\/2026\/04\/Brigitte-Macron-choisit-une-elegante-robe-blanche-pour-sa-rencontre-avec-lempereur-Naruhito-et-limperatrice-du-Japon.jpg","width":2560,"height":1429,"caption":"d\u00e9couvrez le choix raffin\u00e9 de brigitte macron, qui porte une \u00e9l\u00e9gante robe blanche lors de sa rencontre avec l\u2019empereur naruhito et l\u2019imp\u00e9ratrice du japon, illustrant un moment de diplomatie et de style."},{"@type":"BreadcrumbList","@id":"https:\/\/www.sebastien-auziere.fr\/blog\/pt\/brigitte-macron-escolhe-um-elegante-vestido-branco-para-seu-encontro-com-o-imperador-naruhito-e-a-imperatriz-do-japao\/#breadcrumb","itemListElement":[{"@type":"ListItem","position":1,"name":"Home","item":"https:\/\/www.sebastien-auziere.fr\/blog\/"},{"@type":"ListItem","position":2,"name":"Brigitte Macron escolhe um elegante vestido branco para seu encontro com o imperador Naruhito e a imperatriz do Jap\u00e3o"}]},{"@type":"WebSite","@id":"https:\/\/www.sebastien-auziere.fr\/blog\/#website","url":"https:\/\/www.sebastien-auziere.fr\/blog\/","name":"Fan site S\u00e9bastien Auzi\u00e8re","description":"M\u00e9dia g\u00e9n\u00e9raliste","publisher":{"@id":"https:\/\/www.sebastien-auziere.fr\/blog\/#organization"},"potentialAction":[{"@type":"SearchAction","target":{"@type":"EntryPoint","urlTemplate":"https:\/\/www.sebastien-auziere.fr\/blog\/?s={search_term_string}"},"query-input":{"@type":"PropertyValueSpecification","valueRequired":true,"valueName":"search_term_string"}}],"inLanguage":"fr-FR"},{"@type":"Organization","@id":"https:\/\/www.sebastien-auziere.fr\/blog\/#organization","name":"Fan site S\u00e9bastien Auzi\u00e8re","url":"https:\/\/www.sebastien-auziere.fr\/blog\/","logo":{"@type":"ImageObject","inLanguage":"fr-FR","@id":"https:\/\/www.sebastien-auziere.fr\/blog\/#\/schema\/logo\/image\/","url":"https:\/\/www.sebastien-auziere.fr\/blog\/wp-content\/uploads\/2026\/03\/cropped-cropped-cropped-ChatGPT-Image-6-mars-2026-12_58_09-e1772798376794.jpg","contentUrl":"https:\/\/www.sebastien-auziere.fr\/blog\/wp-content\/uploads\/2026\/03\/cropped-cropped-cropped-ChatGPT-Image-6-mars-2026-12_58_09-e1772798376794.jpg","width":512,"height":360,"caption":"Fan site S\u00e9bastien Auzi\u00e8re"},"image":{"@id":"https:\/\/www.sebastien-auziere.fr\/blog\/#\/schema\/logo\/image\/"}},{"@type":"Person","@id":"https:\/\/www.sebastien-auziere.fr\/blog\/#\/schema\/person\/149f1acdbfd85149c6c3e59adeae2f4d","name":"Chloe Gauthier","image":{"@type":"ImageObject","inLanguage":"fr-FR","@id":"https:\/\/secure.gravatar.com\/avatar\/2c5722f58171cff738a8985ef0dd66b476e563753246a49019befc837ec4201a?s=96&d=mm&r=g","url":"https:\/\/secure.gravatar.com\/avatar\/2c5722f58171cff738a8985ef0dd66b476e563753246a49019befc837ec4201a?s=96&d=mm&r=g","contentUrl":"https:\/\/secure.gravatar.com\/avatar\/2c5722f58171cff738a8985ef0dd66b476e563753246a49019befc837ec4201a?s=96&d=mm&r=g","caption":"Chloe Gauthier"},"description":"Passionn\u00e9e par la politique et admiratrice engag\u00e9e de la famille Macron, je consacre mon \u00e9nergie \u00e0 suivre leurs initiatives et \u00e0 promouvoir leurs id\u00e9es. \u00c0 32 ans, je suis convaincue que leur vision est porteuse d'avenir.","url":"https:\/\/www.sebastien-auziere.fr\/blog\/author\/chloe-gauthier\/"}]}},"views":5,"_links":{"self":[{"href":"https:\/\/www.sebastien-auziere.fr\/blog\/wp-json\/wp\/v2\/posts\/2709","targetHints":{"allow":["GET"]}}],"collection":[{"href":"https:\/\/www.sebastien-auziere.fr\/blog\/wp-json\/wp\/v2\/posts"}],"about":[{"href":"https:\/\/www.sebastien-auziere.fr\/blog\/wp-json\/wp\/v2\/types\/post"}],"author":[{"embeddable":true,"href":"https:\/\/www.sebastien-auziere.fr\/blog\/wp-json\/wp\/v2\/users\/9"}],"replies":[{"embeddable":true,"href":"https:\/\/www.sebastien-auziere.fr\/blog\/wp-json\/wp\/v2\/comments?post=2709"}],"version-history":[{"count":1,"href":"https:\/\/www.sebastien-auziere.fr\/blog\/wp-json\/wp\/v2\/posts\/2709\/revisions"}],"predecessor-version":[{"id":2710,"href":"https:\/\/www.sebastien-auziere.fr\/blog\/wp-json\/wp\/v2\/posts\/2709\/revisions\/2710"}],"wp:featuredmedia":[{"embeddable":true,"href":"https:\/\/www.sebastien-auziere.fr\/blog\/wp-json\/wp\/v2\/media\/2699"}],"wp:attachment":[{"href":"https:\/\/www.sebastien-auziere.fr\/blog\/wp-json\/wp\/v2\/media?parent=2709"}],"wp:term":[{"taxonomy":"category","embeddable":true,"href":"https:\/\/www.sebastien-auziere.fr\/blog\/wp-json\/wp\/v2\/categories?post=2709"},{"taxonomy":"post_tag","embeddable":true,"href":"https:\/\/www.sebastien-auziere.fr\/blog\/wp-json\/wp\/v2\/tags?post=2709"}],"curies":[{"name":"wp","href":"https:\/\/api.w.org\/{rel}","templated":true}]}}