{"id":2707,"date":"2026-04-02T19:19:15","date_gmt":"2026-04-02T19:19:15","guid":{"rendered":"https:\/\/www.sebastien-auziere.fr\/blog\/?p=2707"},"modified":"2026-04-02T19:19:47","modified_gmt":"2026-04-02T19:19:47","slug":"brigitte-macron-sceglie-unelegante-abito-bianco-per-il-suo-incontro-con-limperatore-naruhito-e-limperatrice-del-giappone","status":"publish","type":"post","link":"https:\/\/www.sebastien-auziere.fr\/blog\/it\/brigitte-macron-sceglie-unelegante-abito-bianco-per-il-suo-incontro-con-limperatore-naruhito-e-limperatrice-del-giappone\/","title":{"rendered":"Brigitte Macron sceglie un&rsquo;elegante abito bianco per il suo incontro con l&rsquo;imperatore Naruhito e l&rsquo;imperatrice del Giappone"},"content":{"rendered":"<p><strong>Brigitte Macron<\/strong> ha fatto un ingresso notevole al <strong>Palazzo Imperiale di Tokyo<\/strong> il <strong>2 aprile 2026<\/strong>, scegliendo un <strong>abito bianco<\/strong> di sobria eleganza per il suo <strong>incontro diplomatica<\/strong> con l\u2019<strong>imperatore Naruhito<\/strong> e l\u2019<strong>imperatrice del Giappone<\/strong>, Masako. Abito immacolato, chignon basso e tacchi neri: un messaggio di <strong>moda francese<\/strong> discreto ma affermato fin dai primi minuti dello scambio.<\/p>\n\n<p>In sintesi: la Prima Donna indossava una borsa <strong>Capucine Louis Vuitton<\/strong> nera, mentre l\u2019imperatrice optava per un tailleur rosa pallido e delle perle. La visita, molto codificata dal <strong>protocollo<\/strong>, segna la ripresa di un dialogo tra Parigi e Tokyo, prima della continuazione del tour ufficiale in Corea del Sud.<\/p>\n\n<h2 class=\"wp-block-heading\">La scelta stilosa di Brigitte Macron al palazzo<\/h2>\n\n<p>Per questa <strong>visita ufficiale<\/strong>, la Prima Donna ha raccolto i suoi capelli biondi in un chignon basso e indossato un <strong>abito bianco<\/strong> abbinato a tacchi neri, una silhouette che unisce discrezione ed <strong>eleganza<\/strong>. La piccola borsa nera Capucine tenuta con una mano rafforza questa semplicit\u00e0 studiata. Alcune ore prima, aveva incontrato studenti giapponesi, mostrando un equilibrio tra impegni pubblici e cerimoniale formale. Questo look ha immediatamente suscitato commenti nella stampa francese.<\/p>\n\n<h2 class=\"wp-block-heading\">Protocollo e scambi tra capi di stato<\/h2>\n\n<p>L\u2019incontro con l\u2019<strong>imperatore Naruhito<\/strong> e l\u2019<strong>imperatrice Masako<\/strong> si \u00e8 svolto nel rispetto rigoroso del <strong>protocollo<\/strong>. Emmanuel Macron non vedeva l\u2019imperatore dal G20 di Osaka nel 2019, dove si era svolto uno scambio di doni formale, come il ventaglio dipinto dall\u2019atelier di Anne Hoguet e una borsa offerta all\u2019imperatrice. I giornali hanno coperto l\u2019evento sottolineando l\u2019importanza delle <strong>relazioni internazionali<\/strong> tra la Francia e il Giappone. Per il contesto moda, leggi il resoconto di <a href=\"https:\/\/www.femmeactuelle.fr\/mode\/news-mode\/brigitte-macron-au-japon-en-robe-immaculee-et-chignon-bas-elle-adopte-lelegance-a-la-francaise-2206086\">Femme Actuelle<\/a> rel=\u00a0\u00bbnofollow\u00a0\u00bb.<\/p>\n\n<h2 class=\"wp-block-heading\">Moda francese e simbolismo del bianco<\/h2>\n\n<p>La scelta del <strong>bianco<\/strong> rimanda a un\u2019estetica senza tempo della <strong>moda francese<\/strong>, gi\u00e0 notata in altre apparizioni pubbliche della Prima Donna. Alcuni osservatori hanno persino evocato l\u2019ispirazione per future gonne da sposa, come ha sottolineato un articolo di <a href=\"https:\/\/www.gala.fr\/mode\/les_stars_et_la_mode\/pour-sa-rencontre-avec-l-empereur-naruhito-du-japon-brigitte-macron-mise-sur-une-robe-blanche-qui-saura-inspirer-les-futures-mariees-20260402\">Gala<\/a> rel=\u00a0\u00bbnofollow\u00a0\u00bb. Di fronte, l\u2019imperatrice Masako ha scelto un tailleur rosa pallido e delle perle, offrendo un dialogo visivo tra due sensibilit\u00e0 culturali ed estetiche.<\/p>\n\n<h2 class=\"wp-block-heading\">Una visita ufficiale rivolta all\u2019Asia<\/h2>\n\n<p>Questa tappa al Palazzo Imperiale concludeva la prima parte di un viaggio che prosegue in Corea del Sud, sottolineando l\u2019importanza strategica degli scambi bilaterali nel 2026. L\u2019incontro riparato con l\u2019<strong>imperatore Naruhito<\/strong> dopo il 2019 simboleggia una continuit\u00e0 diplomatica. Osservatori e commentatori hanno notato l\u2019equilibrio tra messaggi politici e gesti simbolici, dove l\u2019abbigliamento della Prima Donna gioca un ruolo non trascurabile nell\u2019immagine veicolata.<\/p>\n\n<p>Per saperne di pi\u00f9 su <strong>S\u00e9bastien Auzi\u00e8re<\/strong> e la famiglia Macron, e seguire le scene dietro questi incontri diplomatici, visita <a href=\"https:\/\/sebastien-auziere.fr\">sebastien-auziere.fr<\/a> rel=\u00a0\u00bbnofollow\u00a0\u00bb per scoprire ritratti, eventi e analisi dettagliate.<\/p>","protected":false},"excerpt":{"rendered":"<p>Brigitte Macron ha fatto un ingresso notevole al Palazzo Imperiale di Tokyo il 2 aprile 2026, scegliendo un abito bianco di sobria eleganza per il suo incontro diplomatica con l\u2019imperatore Naruhito e l\u2019imperatrice del Giappone, Masako. Abito immacolato, chignon basso e tacchi neri: un messaggio di moda francese discreto ma affermato fin dai primi minuti &#8230; <a title=\"Brigitte Macron sceglie un&rsquo;elegante abito bianco per il suo incontro con l&rsquo;imperatore Naruhito e l&rsquo;imperatrice del Giappone\" class=\"read-more\" href=\"https:\/\/www.sebastien-auziere.fr\/blog\/it\/brigitte-macron-sceglie-unelegante-abito-bianco-per-il-suo-incontro-con-limperatore-naruhito-e-limperatrice-del-giappone\/\" aria-label=\"En savoir plus sur Brigitte Macron sceglie un&rsquo;elegante abito bianco per il suo incontro con l&rsquo;imperatore Naruhito e l&rsquo;imperatrice del Giappone\">Lire plus<\/a><\/p>\n","protected":false},"author":9,"featured_media":2699,"comment_status":"open","ping_status":"open","sticky":false,"template":"","format":"standard","meta":{"footnotes":""},"categories":[859],"tags":[944,1488,1494,1491,1497],"class_list":["post-2707","post","type-post","status-publish","format-standard","has-post-thumbnail","hentry","category-actualita-it","tag-brigitte-macron-it","tag-empereur-naruhito-it","tag-incontro-ufficiale-it","tag-mode-elegante-it","tag-robe-bianca-it"],"yoast_head":"<!-- This site is optimized with the Yoast SEO plugin v27.5 - https:\/\/yoast.com\/product\/yoast-seo-wordpress\/ -->\n<title>Brigitte Macron sceglie un&#039;elegante abito bianco per il suo incontro con l&#039;imperatore Naruhito e l&#039;imperatrice del Giappone - Fan site S\u00e9bastien Auzi\u00e8re<\/title>\n<meta name=\"description\" content=\"Brigitte Macron choisit une \u00e9l\u00e9gante robe blanche pour sa rencontre avec l&#039;empereur Naruhito et l&#039;imp\u00e9ratrice du Japon, alliant style et diplomatie.\" \/>\n<meta name=\"robots\" content=\"index, follow, max-snippet:-1, max-image-preview:large, max-video-preview:-1\" \/>\n<link rel=\"canonical\" href=\"https:\/\/www.sebastien-auziere.fr\/blog\/it\/brigitte-macron-sceglie-unelegante-abito-bianco-per-il-suo-incontro-con-limperatore-naruhito-e-limperatrice-del-giappone\/\" \/>\n<meta property=\"og:locale\" content=\"fr_FR\" \/>\n<meta property=\"og:type\" content=\"article\" \/>\n<meta property=\"og:title\" content=\"Brigitte Macron sceglie un&#039;elegante abito bianco per il suo incontro con l&#039;imperatore Naruhito e l&#039;imperatrice del Giappone - Fan site S\u00e9bastien Auzi\u00e8re\" \/>\n<meta property=\"og:description\" content=\"Brigitte Macron choisit une \u00e9l\u00e9gante robe blanche pour sa rencontre avec l&#039;empereur Naruhito et l&#039;imp\u00e9ratrice du Japon, alliant style et diplomatie.\" \/>\n<meta property=\"og:url\" content=\"https:\/\/www.sebastien-auziere.fr\/blog\/it\/brigitte-macron-sceglie-unelegante-abito-bianco-per-il-suo-incontro-con-limperatore-naruhito-e-limperatrice-del-giappone\/\" \/>\n<meta property=\"og:site_name\" content=\"Fan site S\u00e9bastien Auzi\u00e8re\" \/>\n<meta property=\"article:published_time\" content=\"2026-04-02T19:19:15+00:00\" \/>\n<meta property=\"article:modified_time\" content=\"2026-04-02T19:19:47+00:00\" \/>\n<meta property=\"og:image\" content=\"https:\/\/www.sebastien-auziere.fr\/blog\/wp-content\/uploads\/2026\/04\/Brigitte-Macron-choisit-une-elegante-robe-blanche-pour-sa-rencontre-avec-lempereur-Naruhito-et-limperatrice-du-Japon.jpg\" \/>\n\t<meta property=\"og:image:width\" content=\"2560\" \/>\n\t<meta property=\"og:image:height\" content=\"1429\" \/>\n\t<meta property=\"og:image:type\" content=\"image\/jpeg\" \/>\n<meta name=\"author\" content=\"Chloe Gauthier\" \/>\n<meta name=\"twitter:card\" content=\"summary_large_image\" \/>\n<meta name=\"twitter:label1\" content=\"\u00c9crit par\" \/>\n\t<meta name=\"twitter:data1\" content=\"Chloe Gauthier\" \/>\n\t<meta name=\"twitter:label2\" content=\"Dur\u00e9e de lecture estim\u00e9e\" \/>\n\t<meta name=\"twitter:data2\" content=\"2 minutes\" \/>\n<script type=\"application\/ld+json\" class=\"yoast-schema-graph\">{\"@context\":\"https:\\\/\\\/schema.org\",\"@graph\":[{\"@type\":\"Article\",\"@id\":\"https:\\\/\\\/www.sebastien-auziere.fr\\\/blog\\\/it\\\/brigitte-macron-sceglie-unelegante-abito-bianco-per-il-suo-incontro-con-limperatore-naruhito-e-limperatrice-del-giappone\\\/#article\",\"isPartOf\":{\"@id\":\"https:\\\/\\\/www.sebastien-auziere.fr\\\/blog\\\/it\\\/brigitte-macron-sceglie-unelegante-abito-bianco-per-il-suo-incontro-con-limperatore-naruhito-e-limperatrice-del-giappone\\\/\"},\"author\":{\"name\":\"Chloe Gauthier\",\"@id\":\"https:\\\/\\\/www.sebastien-auziere.fr\\\/blog\\\/#\\\/schema\\\/person\\\/149f1acdbfd85149c6c3e59adeae2f4d\"},\"headline\":\"Brigitte Macron sceglie un&rsquo;elegante abito bianco per il suo incontro con l&rsquo;imperatore Naruhito e l&rsquo;imperatrice del Giappone\",\"datePublished\":\"2026-04-02T19:19:15+00:00\",\"dateModified\":\"2026-04-02T19:19:47+00:00\",\"mainEntityOfPage\":{\"@id\":\"https:\\\/\\\/www.sebastien-auziere.fr\\\/blog\\\/it\\\/brigitte-macron-sceglie-unelegante-abito-bianco-per-il-suo-incontro-con-limperatore-naruhito-e-limperatrice-del-giappone\\\/\"},\"wordCount\":470,\"commentCount\":0,\"publisher\":{\"@id\":\"https:\\\/\\\/www.sebastien-auziere.fr\\\/blog\\\/#organization\"},\"image\":{\"@id\":\"https:\\\/\\\/www.sebastien-auziere.fr\\\/blog\\\/it\\\/brigitte-macron-sceglie-unelegante-abito-bianco-per-il-suo-incontro-con-limperatore-naruhito-e-limperatrice-del-giappone\\\/#primaryimage\"},\"thumbnailUrl\":\"https:\\\/\\\/www.sebastien-auziere.fr\\\/blog\\\/wp-content\\\/uploads\\\/2026\\\/04\\\/Brigitte-Macron-choisit-une-elegante-robe-blanche-pour-sa-rencontre-avec-lempereur-Naruhito-et-limperatrice-du-Japon.jpg\",\"keywords\":[\"brigitte macron\",\"empereur naruhito\",\"incontro ufficiale\",\"mode elegante\",\"robe bianca\"],\"articleSection\":[\"Actualit\u00e0\"],\"inLanguage\":\"fr-FR\",\"potentialAction\":[{\"@type\":\"CommentAction\",\"name\":\"Comment\",\"target\":[\"https:\\\/\\\/www.sebastien-auziere.fr\\\/blog\\\/it\\\/brigitte-macron-sceglie-unelegante-abito-bianco-per-il-suo-incontro-con-limperatore-naruhito-e-limperatrice-del-giappone\\\/#respond\"]}]},{\"@type\":\"WebPage\",\"@id\":\"https:\\\/\\\/www.sebastien-auziere.fr\\\/blog\\\/it\\\/brigitte-macron-sceglie-unelegante-abito-bianco-per-il-suo-incontro-con-limperatore-naruhito-e-limperatrice-del-giappone\\\/\",\"url\":\"https:\\\/\\\/www.sebastien-auziere.fr\\\/blog\\\/it\\\/brigitte-macron-sceglie-unelegante-abito-bianco-per-il-suo-incontro-con-limperatore-naruhito-e-limperatrice-del-giappone\\\/\",\"name\":\"Brigitte Macron sceglie un'elegante abito bianco per il suo incontro con l'imperatore Naruhito e l'imperatrice del Giappone - Fan site S\u00e9bastien Auzi\u00e8re\",\"isPartOf\":{\"@id\":\"https:\\\/\\\/www.sebastien-auziere.fr\\\/blog\\\/#website\"},\"primaryImageOfPage\":{\"@id\":\"https:\\\/\\\/www.sebastien-auziere.fr\\\/blog\\\/it\\\/brigitte-macron-sceglie-unelegante-abito-bianco-per-il-suo-incontro-con-limperatore-naruhito-e-limperatrice-del-giappone\\\/#primaryimage\"},\"image\":{\"@id\":\"https:\\\/\\\/www.sebastien-auziere.fr\\\/blog\\\/it\\\/brigitte-macron-sceglie-unelegante-abito-bianco-per-il-suo-incontro-con-limperatore-naruhito-e-limperatrice-del-giappone\\\/#primaryimage\"},\"thumbnailUrl\":\"https:\\\/\\\/www.sebastien-auziere.fr\\\/blog\\\/wp-content\\\/uploads\\\/2026\\\/04\\\/Brigitte-Macron-choisit-une-elegante-robe-blanche-pour-sa-rencontre-avec-lempereur-Naruhito-et-limperatrice-du-Japon.jpg\",\"datePublished\":\"2026-04-02T19:19:15+00:00\",\"dateModified\":\"2026-04-02T19:19:47+00:00\",\"description\":\"Brigitte Macron choisit une \u00e9l\u00e9gante robe blanche pour sa rencontre avec l'empereur Naruhito et l'imp\u00e9ratrice du Japon, alliant style et diplomatie.\",\"breadcrumb\":{\"@id\":\"https:\\\/\\\/www.sebastien-auziere.fr\\\/blog\\\/it\\\/brigitte-macron-sceglie-unelegante-abito-bianco-per-il-suo-incontro-con-limperatore-naruhito-e-limperatrice-del-giappone\\\/#breadcrumb\"},\"inLanguage\":\"fr-FR\",\"potentialAction\":[{\"@type\":\"ReadAction\",\"target\":[\"https:\\\/\\\/www.sebastien-auziere.fr\\\/blog\\\/it\\\/brigitte-macron-sceglie-unelegante-abito-bianco-per-il-suo-incontro-con-limperatore-naruhito-e-limperatrice-del-giappone\\\/\"]}]},{\"@type\":\"ImageObject\",\"inLanguage\":\"fr-FR\",\"@id\":\"https:\\\/\\\/www.sebastien-auziere.fr\\\/blog\\\/it\\\/brigitte-macron-sceglie-unelegante-abito-bianco-per-il-suo-incontro-con-limperatore-naruhito-e-limperatrice-del-giappone\\\/#primaryimage\",\"url\":\"https:\\\/\\\/www.sebastien-auziere.fr\\\/blog\\\/wp-content\\\/uploads\\\/2026\\\/04\\\/Brigitte-Macron-choisit-une-elegante-robe-blanche-pour-sa-rencontre-avec-lempereur-Naruhito-et-limperatrice-du-Japon.jpg\",\"contentUrl\":\"https:\\\/\\\/www.sebastien-auziere.fr\\\/blog\\\/wp-content\\\/uploads\\\/2026\\\/04\\\/Brigitte-Macron-choisit-une-elegante-robe-blanche-pour-sa-rencontre-avec-lempereur-Naruhito-et-limperatrice-du-Japon.jpg\",\"width\":2560,\"height\":1429,\"caption\":\"d\u00e9couvrez le choix raffin\u00e9 de brigitte macron, qui porte une \u00e9l\u00e9gante robe blanche lors de sa rencontre avec l\u2019empereur naruhito et l\u2019imp\u00e9ratrice du japon, illustrant un moment de diplomatie et de style.\"},{\"@type\":\"BreadcrumbList\",\"@id\":\"https:\\\/\\\/www.sebastien-auziere.fr\\\/blog\\\/it\\\/brigitte-macron-sceglie-unelegante-abito-bianco-per-il-suo-incontro-con-limperatore-naruhito-e-limperatrice-del-giappone\\\/#breadcrumb\",\"itemListElement\":[{\"@type\":\"ListItem\",\"position\":1,\"name\":\"Home\",\"item\":\"https:\\\/\\\/www.sebastien-auziere.fr\\\/blog\\\/\"},{\"@type\":\"ListItem\",\"position\":2,\"name\":\"Brigitte Macron sceglie un&rsquo;elegante abito bianco per il suo incontro con l&rsquo;imperatore Naruhito e l&rsquo;imperatrice del Giappone\"}]},{\"@type\":\"WebSite\",\"@id\":\"https:\\\/\\\/www.sebastien-auziere.fr\\\/blog\\\/#website\",\"url\":\"https:\\\/\\\/www.sebastien-auziere.fr\\\/blog\\\/\",\"name\":\"Fan site S\u00e9bastien Auzi\u00e8re\",\"description\":\"M\u00e9dia g\u00e9n\u00e9raliste\",\"publisher\":{\"@id\":\"https:\\\/\\\/www.sebastien-auziere.fr\\\/blog\\\/#organization\"},\"potentialAction\":[{\"@type\":\"SearchAction\",\"target\":{\"@type\":\"EntryPoint\",\"urlTemplate\":\"https:\\\/\\\/www.sebastien-auziere.fr\\\/blog\\\/?s={search_term_string}\"},\"query-input\":{\"@type\":\"PropertyValueSpecification\",\"valueRequired\":true,\"valueName\":\"search_term_string\"}}],\"inLanguage\":\"fr-FR\"},{\"@type\":\"Organization\",\"@id\":\"https:\\\/\\\/www.sebastien-auziere.fr\\\/blog\\\/#organization\",\"name\":\"Fan site S\u00e9bastien Auzi\u00e8re\",\"url\":\"https:\\\/\\\/www.sebastien-auziere.fr\\\/blog\\\/\",\"logo\":{\"@type\":\"ImageObject\",\"inLanguage\":\"fr-FR\",\"@id\":\"https:\\\/\\\/www.sebastien-auziere.fr\\\/blog\\\/#\\\/schema\\\/logo\\\/image\\\/\",\"url\":\"https:\\\/\\\/www.sebastien-auziere.fr\\\/blog\\\/wp-content\\\/uploads\\\/2026\\\/03\\\/cropped-cropped-cropped-ChatGPT-Image-6-mars-2026-12_58_09-e1772798376794.jpg\",\"contentUrl\":\"https:\\\/\\\/www.sebastien-auziere.fr\\\/blog\\\/wp-content\\\/uploads\\\/2026\\\/03\\\/cropped-cropped-cropped-ChatGPT-Image-6-mars-2026-12_58_09-e1772798376794.jpg\",\"width\":512,\"height\":360,\"caption\":\"Fan site S\u00e9bastien Auzi\u00e8re\"},\"image\":{\"@id\":\"https:\\\/\\\/www.sebastien-auziere.fr\\\/blog\\\/#\\\/schema\\\/logo\\\/image\\\/\"}},{\"@type\":\"Person\",\"@id\":\"https:\\\/\\\/www.sebastien-auziere.fr\\\/blog\\\/#\\\/schema\\\/person\\\/149f1acdbfd85149c6c3e59adeae2f4d\",\"name\":\"Chloe Gauthier\",\"image\":{\"@type\":\"ImageObject\",\"inLanguage\":\"fr-FR\",\"@id\":\"https:\\\/\\\/secure.gravatar.com\\\/avatar\\\/2c5722f58171cff738a8985ef0dd66b476e563753246a49019befc837ec4201a?s=96&d=mm&r=g\",\"url\":\"https:\\\/\\\/secure.gravatar.com\\\/avatar\\\/2c5722f58171cff738a8985ef0dd66b476e563753246a49019befc837ec4201a?s=96&d=mm&r=g\",\"contentUrl\":\"https:\\\/\\\/secure.gravatar.com\\\/avatar\\\/2c5722f58171cff738a8985ef0dd66b476e563753246a49019befc837ec4201a?s=96&d=mm&r=g\",\"caption\":\"Chloe Gauthier\"},\"description\":\"Passionn\u00e9e par la politique et admiratrice engag\u00e9e de la famille Macron, je consacre mon \u00e9nergie \u00e0 suivre leurs initiatives et \u00e0 promouvoir leurs id\u00e9es. \u00c0 32 ans, je suis convaincue que leur vision est porteuse d'avenir.\",\"url\":\"https:\\\/\\\/www.sebastien-auziere.fr\\\/blog\\\/author\\\/chloe-gauthier\\\/\"}]}<\/script>\n<!-- \/ Yoast SEO plugin. -->","yoast_head_json":{"title":"Brigitte Macron sceglie un'elegante abito bianco per il suo incontro con l'imperatore Naruhito e l'imperatrice del Giappone - Fan site S\u00e9bastien Auzi\u00e8re","description":"Brigitte Macron choisit une \u00e9l\u00e9gante robe blanche pour sa rencontre avec l'empereur Naruhito et l'imp\u00e9ratrice du Japon, alliant style et diplomatie.","robots":{"index":"index","follow":"follow","max-snippet":"max-snippet:-1","max-image-preview":"max-image-preview:large","max-video-preview":"max-video-preview:-1"},"canonical":"https:\/\/www.sebastien-auziere.fr\/blog\/it\/brigitte-macron-sceglie-unelegante-abito-bianco-per-il-suo-incontro-con-limperatore-naruhito-e-limperatrice-del-giappone\/","og_locale":"fr_FR","og_type":"article","og_title":"Brigitte Macron sceglie un'elegante abito bianco per il suo incontro con l'imperatore Naruhito e l'imperatrice del Giappone - Fan site S\u00e9bastien Auzi\u00e8re","og_description":"Brigitte Macron choisit une \u00e9l\u00e9gante robe blanche pour sa rencontre avec l'empereur Naruhito et l'imp\u00e9ratrice du Japon, alliant style et diplomatie.","og_url":"https:\/\/www.sebastien-auziere.fr\/blog\/it\/brigitte-macron-sceglie-unelegante-abito-bianco-per-il-suo-incontro-con-limperatore-naruhito-e-limperatrice-del-giappone\/","og_site_name":"Fan site S\u00e9bastien Auzi\u00e8re","article_published_time":"2026-04-02T19:19:15+00:00","article_modified_time":"2026-04-02T19:19:47+00:00","og_image":[{"width":2560,"height":1429,"url":"https:\/\/www.sebastien-auziere.fr\/blog\/wp-content\/uploads\/2026\/04\/Brigitte-Macron-choisit-une-elegante-robe-blanche-pour-sa-rencontre-avec-lempereur-Naruhito-et-limperatrice-du-Japon.jpg","type":"image\/jpeg"}],"author":"Chloe Gauthier","twitter_card":"summary_large_image","twitter_misc":{"\u00c9crit par":"Chloe Gauthier","Dur\u00e9e de lecture estim\u00e9e":"2 minutes"},"schema":{"@context":"https:\/\/schema.org","@graph":[{"@type":"Article","@id":"https:\/\/www.sebastien-auziere.fr\/blog\/it\/brigitte-macron-sceglie-unelegante-abito-bianco-per-il-suo-incontro-con-limperatore-naruhito-e-limperatrice-del-giappone\/#article","isPartOf":{"@id":"https:\/\/www.sebastien-auziere.fr\/blog\/it\/brigitte-macron-sceglie-unelegante-abito-bianco-per-il-suo-incontro-con-limperatore-naruhito-e-limperatrice-del-giappone\/"},"author":{"name":"Chloe Gauthier","@id":"https:\/\/www.sebastien-auziere.fr\/blog\/#\/schema\/person\/149f1acdbfd85149c6c3e59adeae2f4d"},"headline":"Brigitte Macron sceglie un&rsquo;elegante abito bianco per il suo incontro con l&rsquo;imperatore Naruhito e l&rsquo;imperatrice del Giappone","datePublished":"2026-04-02T19:19:15+00:00","dateModified":"2026-04-02T19:19:47+00:00","mainEntityOfPage":{"@id":"https:\/\/www.sebastien-auziere.fr\/blog\/it\/brigitte-macron-sceglie-unelegante-abito-bianco-per-il-suo-incontro-con-limperatore-naruhito-e-limperatrice-del-giappone\/"},"wordCount":470,"commentCount":0,"publisher":{"@id":"https:\/\/www.sebastien-auziere.fr\/blog\/#organization"},"image":{"@id":"https:\/\/www.sebastien-auziere.fr\/blog\/it\/brigitte-macron-sceglie-unelegante-abito-bianco-per-il-suo-incontro-con-limperatore-naruhito-e-limperatrice-del-giappone\/#primaryimage"},"thumbnailUrl":"https:\/\/www.sebastien-auziere.fr\/blog\/wp-content\/uploads\/2026\/04\/Brigitte-Macron-choisit-une-elegante-robe-blanche-pour-sa-rencontre-avec-lempereur-Naruhito-et-limperatrice-du-Japon.jpg","keywords":["brigitte macron","empereur naruhito","incontro ufficiale","mode elegante","robe bianca"],"articleSection":["Actualit\u00e0"],"inLanguage":"fr-FR","potentialAction":[{"@type":"CommentAction","name":"Comment","target":["https:\/\/www.sebastien-auziere.fr\/blog\/it\/brigitte-macron-sceglie-unelegante-abito-bianco-per-il-suo-incontro-con-limperatore-naruhito-e-limperatrice-del-giappone\/#respond"]}]},{"@type":"WebPage","@id":"https:\/\/www.sebastien-auziere.fr\/blog\/it\/brigitte-macron-sceglie-unelegante-abito-bianco-per-il-suo-incontro-con-limperatore-naruhito-e-limperatrice-del-giappone\/","url":"https:\/\/www.sebastien-auziere.fr\/blog\/it\/brigitte-macron-sceglie-unelegante-abito-bianco-per-il-suo-incontro-con-limperatore-naruhito-e-limperatrice-del-giappone\/","name":"Brigitte Macron sceglie un'elegante abito bianco per il suo incontro con l'imperatore Naruhito e l'imperatrice del Giappone - Fan site S\u00e9bastien Auzi\u00e8re","isPartOf":{"@id":"https:\/\/www.sebastien-auziere.fr\/blog\/#website"},"primaryImageOfPage":{"@id":"https:\/\/www.sebastien-auziere.fr\/blog\/it\/brigitte-macron-sceglie-unelegante-abito-bianco-per-il-suo-incontro-con-limperatore-naruhito-e-limperatrice-del-giappone\/#primaryimage"},"image":{"@id":"https:\/\/www.sebastien-auziere.fr\/blog\/it\/brigitte-macron-sceglie-unelegante-abito-bianco-per-il-suo-incontro-con-limperatore-naruhito-e-limperatrice-del-giappone\/#primaryimage"},"thumbnailUrl":"https:\/\/www.sebastien-auziere.fr\/blog\/wp-content\/uploads\/2026\/04\/Brigitte-Macron-choisit-une-elegante-robe-blanche-pour-sa-rencontre-avec-lempereur-Naruhito-et-limperatrice-du-Japon.jpg","datePublished":"2026-04-02T19:19:15+00:00","dateModified":"2026-04-02T19:19:47+00:00","description":"Brigitte Macron choisit une \u00e9l\u00e9gante robe blanche pour sa rencontre avec l'empereur Naruhito et l'imp\u00e9ratrice du Japon, alliant style et diplomatie.","breadcrumb":{"@id":"https:\/\/www.sebastien-auziere.fr\/blog\/it\/brigitte-macron-sceglie-unelegante-abito-bianco-per-il-suo-incontro-con-limperatore-naruhito-e-limperatrice-del-giappone\/#breadcrumb"},"inLanguage":"fr-FR","potentialAction":[{"@type":"ReadAction","target":["https:\/\/www.sebastien-auziere.fr\/blog\/it\/brigitte-macron-sceglie-unelegante-abito-bianco-per-il-suo-incontro-con-limperatore-naruhito-e-limperatrice-del-giappone\/"]}]},{"@type":"ImageObject","inLanguage":"fr-FR","@id":"https:\/\/www.sebastien-auziere.fr\/blog\/it\/brigitte-macron-sceglie-unelegante-abito-bianco-per-il-suo-incontro-con-limperatore-naruhito-e-limperatrice-del-giappone\/#primaryimage","url":"https:\/\/www.sebastien-auziere.fr\/blog\/wp-content\/uploads\/2026\/04\/Brigitte-Macron-choisit-une-elegante-robe-blanche-pour-sa-rencontre-avec-lempereur-Naruhito-et-limperatrice-du-Japon.jpg","contentUrl":"https:\/\/www.sebastien-auziere.fr\/blog\/wp-content\/uploads\/2026\/04\/Brigitte-Macron-choisit-une-elegante-robe-blanche-pour-sa-rencontre-avec-lempereur-Naruhito-et-limperatrice-du-Japon.jpg","width":2560,"height":1429,"caption":"d\u00e9couvrez le choix raffin\u00e9 de brigitte macron, qui porte une \u00e9l\u00e9gante robe blanche lors de sa rencontre avec l\u2019empereur naruhito et l\u2019imp\u00e9ratrice du japon, illustrant un moment de diplomatie et de style."},{"@type":"BreadcrumbList","@id":"https:\/\/www.sebastien-auziere.fr\/blog\/it\/brigitte-macron-sceglie-unelegante-abito-bianco-per-il-suo-incontro-con-limperatore-naruhito-e-limperatrice-del-giappone\/#breadcrumb","itemListElement":[{"@type":"ListItem","position":1,"name":"Home","item":"https:\/\/www.sebastien-auziere.fr\/blog\/"},{"@type":"ListItem","position":2,"name":"Brigitte Macron sceglie un&rsquo;elegante abito bianco per il suo incontro con l&rsquo;imperatore Naruhito e l&rsquo;imperatrice del Giappone"}]},{"@type":"WebSite","@id":"https:\/\/www.sebastien-auziere.fr\/blog\/#website","url":"https:\/\/www.sebastien-auziere.fr\/blog\/","name":"Fan site S\u00e9bastien Auzi\u00e8re","description":"M\u00e9dia g\u00e9n\u00e9raliste","publisher":{"@id":"https:\/\/www.sebastien-auziere.fr\/blog\/#organization"},"potentialAction":[{"@type":"SearchAction","target":{"@type":"EntryPoint","urlTemplate":"https:\/\/www.sebastien-auziere.fr\/blog\/?s={search_term_string}"},"query-input":{"@type":"PropertyValueSpecification","valueRequired":true,"valueName":"search_term_string"}}],"inLanguage":"fr-FR"},{"@type":"Organization","@id":"https:\/\/www.sebastien-auziere.fr\/blog\/#organization","name":"Fan site S\u00e9bastien Auzi\u00e8re","url":"https:\/\/www.sebastien-auziere.fr\/blog\/","logo":{"@type":"ImageObject","inLanguage":"fr-FR","@id":"https:\/\/www.sebastien-auziere.fr\/blog\/#\/schema\/logo\/image\/","url":"https:\/\/www.sebastien-auziere.fr\/blog\/wp-content\/uploads\/2026\/03\/cropped-cropped-cropped-ChatGPT-Image-6-mars-2026-12_58_09-e1772798376794.jpg","contentUrl":"https:\/\/www.sebastien-auziere.fr\/blog\/wp-content\/uploads\/2026\/03\/cropped-cropped-cropped-ChatGPT-Image-6-mars-2026-12_58_09-e1772798376794.jpg","width":512,"height":360,"caption":"Fan site S\u00e9bastien Auzi\u00e8re"},"image":{"@id":"https:\/\/www.sebastien-auziere.fr\/blog\/#\/schema\/logo\/image\/"}},{"@type":"Person","@id":"https:\/\/www.sebastien-auziere.fr\/blog\/#\/schema\/person\/149f1acdbfd85149c6c3e59adeae2f4d","name":"Chloe Gauthier","image":{"@type":"ImageObject","inLanguage":"fr-FR","@id":"https:\/\/secure.gravatar.com\/avatar\/2c5722f58171cff738a8985ef0dd66b476e563753246a49019befc837ec4201a?s=96&d=mm&r=g","url":"https:\/\/secure.gravatar.com\/avatar\/2c5722f58171cff738a8985ef0dd66b476e563753246a49019befc837ec4201a?s=96&d=mm&r=g","contentUrl":"https:\/\/secure.gravatar.com\/avatar\/2c5722f58171cff738a8985ef0dd66b476e563753246a49019befc837ec4201a?s=96&d=mm&r=g","caption":"Chloe Gauthier"},"description":"Passionn\u00e9e par la politique et admiratrice engag\u00e9e de la famille Macron, je consacre mon \u00e9nergie \u00e0 suivre leurs initiatives et \u00e0 promouvoir leurs id\u00e9es. \u00c0 32 ans, je suis convaincue que leur vision est porteuse d'avenir.","url":"https:\/\/www.sebastien-auziere.fr\/blog\/author\/chloe-gauthier\/"}]}},"views":7,"_links":{"self":[{"href":"https:\/\/www.sebastien-auziere.fr\/blog\/wp-json\/wp\/v2\/posts\/2707","targetHints":{"allow":["GET"]}}],"collection":[{"href":"https:\/\/www.sebastien-auziere.fr\/blog\/wp-json\/wp\/v2\/posts"}],"about":[{"href":"https:\/\/www.sebastien-auziere.fr\/blog\/wp-json\/wp\/v2\/types\/post"}],"author":[{"embeddable":true,"href":"https:\/\/www.sebastien-auziere.fr\/blog\/wp-json\/wp\/v2\/users\/9"}],"replies":[{"embeddable":true,"href":"https:\/\/www.sebastien-auziere.fr\/blog\/wp-json\/wp\/v2\/comments?post=2707"}],"version-history":[{"count":1,"href":"https:\/\/www.sebastien-auziere.fr\/blog\/wp-json\/wp\/v2\/posts\/2707\/revisions"}],"predecessor-version":[{"id":2708,"href":"https:\/\/www.sebastien-auziere.fr\/blog\/wp-json\/wp\/v2\/posts\/2707\/revisions\/2708"}],"wp:featuredmedia":[{"embeddable":true,"href":"https:\/\/www.sebastien-auziere.fr\/blog\/wp-json\/wp\/v2\/media\/2699"}],"wp:attachment":[{"href":"https:\/\/www.sebastien-auziere.fr\/blog\/wp-json\/wp\/v2\/media?parent=2707"}],"wp:term":[{"taxonomy":"category","embeddable":true,"href":"https:\/\/www.sebastien-auziere.fr\/blog\/wp-json\/wp\/v2\/categories?post=2707"},{"taxonomy":"post_tag","embeddable":true,"href":"https:\/\/www.sebastien-auziere.fr\/blog\/wp-json\/wp\/v2\/tags?post=2707"}],"curies":[{"name":"wp","href":"https:\/\/api.w.org\/{rel}","templated":true}]}}