{"id":2705,"date":"2026-04-02T19:18:14","date_gmt":"2026-04-02T19:18:14","guid":{"rendered":"https:\/\/www.sebastien-auziere.fr\/blog\/?p=2705"},"modified":"2026-04-02T19:18:42","modified_gmt":"2026-04-02T19:18:42","slug":"brigitte-macron-wahlt-ein-elegantes-weises-kleid-fur-ihr-treffen-mit-kaiser-naruhito-und-der-kaiserin-von-japan","status":"publish","type":"post","link":"https:\/\/www.sebastien-auziere.fr\/blog\/de\/brigitte-macron-wahlt-ein-elegantes-weises-kleid-fur-ihr-treffen-mit-kaiser-naruhito-und-der-kaiserin-von-japan\/","title":{"rendered":"Brigitte Macron w\u00e4hlt ein elegantes wei\u00dfes Kleid f\u00fcr ihr Treffen mit Kaiser Naruhito und der Kaiserin von Japan"},"content":{"rendered":"<p><strong>Brigitte Macron<\/strong> trat am <strong>2. April 2026<\/strong> im <strong>k\u00f6niglichen Palast von Tokio<\/strong> auf, gekleidet in einem <strong>wei\u00dfen Kleid<\/strong>, das perfekt schlicht war, f\u00fcr ihr <strong>diplomatisches Treffen<\/strong> mit <strong>Kaiser Naruhito<\/strong> und der <strong>Japanischen Kaiserin<\/strong>, Masako. Mit einem makellosen Outfit, tiefem Dutt und schwarzen Pumps sendete sie eine Botschaft des <strong>franz\u00f6sischen Stils<\/strong>, die schon in den ersten Minuten des Austauschs sichtbar wurde.<\/p>\n\n<p>Kurz gesagt: Die Erste Dame trug eine schwarze <strong>Capucine von Louis Vuitton<\/strong>, w\u00e4hrend die Kaiserin sich f\u00fcr einen hellrosa Hosenanzug und Perlen entschied. Der Besuch, der stark durch <strong>Protokolle<\/strong> reglementiert war, markiert die Wiederaufnahme eines Dialogs zwischen Paris und Tokio, vor der Fortsetzung der offiziellen Reise nach S\u00fcdkorea.<\/p>\n\n<h2 class=\"wp-block-heading\">Brigitte Macrons stylische Wahl im Palast<\/h2>\n\n<p>F\u00fcr diesen <strong>offiziellen Besuch<\/strong> hatte die Erste Dame ihr blondes Haar zu einem tiefen Dutt gebunden und ein <strong>wei\u00dfes Kleid<\/strong> zu schwarzen Pumps kombiniert, eine Silhouette, die Einfachheit und <strong>Eleganz<\/strong> vereint. Die kleine schwarze Capucine-Tasche, die sie in der Hand hielt, verst\u00e4rkt diese durchdachte Schlichtheit. Einige Stunden zuvor hatte sie japanische Sch\u00fcler getroffen und zeigte ein Gleichgewicht zwischen \u00f6ffentlichen Verpflichtungen und formellen Zeremonien. Dieser Look hat sofort in der franz\u00f6sischen Presse f\u00fcr Aufmerksamkeit gesorgt.<\/p>\n\n<h2 class=\"wp-block-heading\">Protokoll und Austausch zwischen Staatsoberh\u00e4uptern<\/h2>\n\n<p>Das Treffen mit <strong>Kaiser Naruhito<\/strong> und <strong>Kaiserin Masako<\/strong> fand unter strikter Beachtung des <strong>Protokolls<\/strong> statt. Emmanuel Macron hatte den Kaiser seit dem G20-Gipfel in Osaka im Jahr 2019 nicht mehr gesehen, wo ein formeller Austausch von Geschenken stattgefunden hatte, wie etwa ein von der Werkstatt von Anne Hoguet gemaltes F\u00e4cher und eine Tasche, die der Kaiserin geschenkt wurde. Die Zeitungen berichteten \u00fcber das Ereignis und hoben die Bedeutung der <strong>internationalen Beziehungen<\/strong> zwischen Frankreich und Japan hervor. F\u00fcr den modebezogenen Kontext lesen Sie den Bericht von <a href=\"https:\/\/www.femmeactuelle.fr\/mode\/news-mode\/brigitte-macron-au-japon-en-robe-immaculee-et-chignon-bas-elle-adopte-lelegance-a-la-francaise-2206086\">Femme Actuelle<\/a> rel=\u00a0\u00bbnofollow\u00a0\u00bb.<\/p>\n\n<h2 class=\"wp-block-heading\">Franz\u00f6sische Mode und die Symbolik des Wei\u00df<\/h2>\n\n<p>Die Wahl von <strong>wei\u00df<\/strong> verweist auf eine zeitlose \u00c4sthetik der <strong>franz\u00f6sischen Mode<\/strong>, die bereits bei anderen \u00f6ffentlichen Auftritten der Ersten Dame auffiel. Einige Beobachter haben sogar die Inspiration f\u00fcr zuk\u00fcnftige Hochzeitskleider erw\u00e4hnt, wie ein Artikel von <a href=\"https:\/\/www.gala.fr\/mode\/les_stars_et_la_mode\/pour-sa-rencontre-avec-l-empereur-naruhito-du-japon-brigitte-macron-mise-sur-une-robe-blanche-qui-saura-inspirer-les-futures-mariees-20260402\">Gala<\/a> rel=\u00a0\u00bbnofollow\u00a0\u00bb hervorhob. Im Gegensatz dazu w\u00e4hlte Kaiserin Masako einen hellrosa Hosenanzug und Perlen, was einen visuellen Dialog zwischen zwei kulturellen und \u00e4sthetischen Sensibilit\u00e4ten bietet.<\/p>\n\n<h2 class=\"wp-block-heading\">Ein offizieller Besuch mit Blick auf Asien<\/h2>\n\n<p>Dieser Halt im k\u00f6niglichen Palast schloss den ersten Teil einer Reise ab, die in S\u00fcdkorea fortgesetzt wird, und unterstreicht die strategische Bedeutung bilateraler Austausche im Jahr 2026. Das wiederhergestellte Treffen mit <strong>Kaiser Naruhito<\/strong> nach 2019 symbolisiert eine diplomatische Kontinuit\u00e4t. Beobachter und Kommentatoren stellten das Gleichgewicht zwischen politischen Botschaften und symbolischen Gesten fest, bei dem das Outfit der Ersten Dame eine nicht unerhebliche Rolle im vermittelten Bild spielt.<\/p>\n\n<p>Um mehr \u00fcber <strong>S\u00e9bastien Auzi\u00e8re<\/strong> und die Familie Macron zu erfahren und die Hintergr\u00fcnde dieser diplomatischen Begegnungen zu verfolgen, besuchen Sie <a href=\"https:\/\/sebastien-auziere.fr\">sebastien-auziere.fr<\/a> rel=\u00a0\u00bbnofollow\u00a0\u00bb f\u00fcr Portr\u00e4ts, Veranstaltungen und detaillierte Analysen.<\/p>","protected":false},"excerpt":{"rendered":"<p>Brigitte Macron trat am 2. April 2026 im k\u00f6niglichen Palast von Tokio auf, gekleidet in einem wei\u00dfen Kleid, das perfekt schlicht war, f\u00fcr ihr diplomatisches Treffen mit Kaiser Naruhito und der Japanischen Kaiserin, Masako. Mit einem makellosen Outfit, tiefem Dutt und schwarzen Pumps sendete sie eine Botschaft des franz\u00f6sischen Stils, die schon in den ersten &#8230; <a title=\"Brigitte Macron w\u00e4hlt ein elegantes wei\u00dfes Kleid f\u00fcr ihr Treffen mit Kaiser Naruhito und der Kaiserin von Japan\" class=\"read-more\" href=\"https:\/\/www.sebastien-auziere.fr\/blog\/de\/brigitte-macron-wahlt-ein-elegantes-weises-kleid-fur-ihr-treffen-mit-kaiser-naruhito-und-der-kaiserin-von-japan\/\" aria-label=\"En savoir plus sur Brigitte Macron w\u00e4hlt ein elegantes wei\u00dfes Kleid f\u00fcr ihr Treffen mit Kaiser Naruhito und der Kaiserin von Japan\">Lire plus<\/a><\/p>\n","protected":false},"author":9,"featured_media":2699,"comment_status":"open","ping_status":"open","sticky":false,"template":"","format":"standard","meta":{"footnotes":""},"categories":[856],"tags":[929,1476,1479,1482,1485],"class_list":["post-2705","post","type-post","status-publish","format-standard","has-post-thumbnail","hentry","category-aktuelles-de","tag-brigitte-macron-de","tag-empereur-naruhito-de","tag-mode-elegant-de","tag-offizielle-begegnung-de","tag-robe-weis-de"],"yoast_head":"<!-- This site is optimized with the Yoast SEO plugin v27.5 - https:\/\/yoast.com\/product\/yoast-seo-wordpress\/ -->\n<title>Brigitte Macron w\u00e4hlt ein elegantes wei\u00dfes Kleid f\u00fcr ihr Treffen mit Kaiser Naruhito und der Kaiserin von Japan - Fan site S\u00e9bastien Auzi\u00e8re<\/title>\n<meta name=\"description\" content=\"Brigitte Macron choisit une \u00e9l\u00e9gante robe blanche pour sa rencontre avec l&#039;empereur Naruhito et l&#039;imp\u00e9ratrice du Japon, alliant style et diplomatie.\" \/>\n<meta name=\"robots\" content=\"index, follow, max-snippet:-1, max-image-preview:large, max-video-preview:-1\" \/>\n<link rel=\"canonical\" href=\"https:\/\/www.sebastien-auziere.fr\/blog\/de\/brigitte-macron-wahlt-ein-elegantes-weises-kleid-fur-ihr-treffen-mit-kaiser-naruhito-und-der-kaiserin-von-japan\/\" \/>\n<meta property=\"og:locale\" content=\"fr_FR\" \/>\n<meta property=\"og:type\" content=\"article\" \/>\n<meta property=\"og:title\" content=\"Brigitte Macron w\u00e4hlt ein elegantes wei\u00dfes Kleid f\u00fcr ihr Treffen mit Kaiser Naruhito und der Kaiserin von Japan - Fan site S\u00e9bastien Auzi\u00e8re\" \/>\n<meta property=\"og:description\" content=\"Brigitte Macron choisit une \u00e9l\u00e9gante robe blanche pour sa rencontre avec l&#039;empereur Naruhito et l&#039;imp\u00e9ratrice du Japon, alliant style et diplomatie.\" \/>\n<meta property=\"og:url\" content=\"https:\/\/www.sebastien-auziere.fr\/blog\/de\/brigitte-macron-wahlt-ein-elegantes-weises-kleid-fur-ihr-treffen-mit-kaiser-naruhito-und-der-kaiserin-von-japan\/\" \/>\n<meta property=\"og:site_name\" content=\"Fan site S\u00e9bastien Auzi\u00e8re\" \/>\n<meta property=\"article:published_time\" content=\"2026-04-02T19:18:14+00:00\" \/>\n<meta property=\"article:modified_time\" content=\"2026-04-02T19:18:42+00:00\" \/>\n<meta property=\"og:image\" content=\"https:\/\/www.sebastien-auziere.fr\/blog\/wp-content\/uploads\/2026\/04\/Brigitte-Macron-choisit-une-elegante-robe-blanche-pour-sa-rencontre-avec-lempereur-Naruhito-et-limperatrice-du-Japon.jpg\" \/>\n\t<meta property=\"og:image:width\" content=\"2560\" \/>\n\t<meta property=\"og:image:height\" content=\"1429\" \/>\n\t<meta property=\"og:image:type\" content=\"image\/jpeg\" \/>\n<meta name=\"author\" content=\"Chloe Gauthier\" \/>\n<meta name=\"twitter:card\" content=\"summary_large_image\" \/>\n<meta name=\"twitter:label1\" content=\"\u00c9crit par\" \/>\n\t<meta name=\"twitter:data1\" content=\"Chloe Gauthier\" \/>\n\t<meta name=\"twitter:label2\" content=\"Dur\u00e9e de lecture estim\u00e9e\" \/>\n\t<meta name=\"twitter:data2\" content=\"2 minutes\" \/>\n<script type=\"application\/ld+json\" class=\"yoast-schema-graph\">{\"@context\":\"https:\\\/\\\/schema.org\",\"@graph\":[{\"@type\":\"Article\",\"@id\":\"https:\\\/\\\/www.sebastien-auziere.fr\\\/blog\\\/de\\\/brigitte-macron-wahlt-ein-elegantes-weises-kleid-fur-ihr-treffen-mit-kaiser-naruhito-und-der-kaiserin-von-japan\\\/#article\",\"isPartOf\":{\"@id\":\"https:\\\/\\\/www.sebastien-auziere.fr\\\/blog\\\/de\\\/brigitte-macron-wahlt-ein-elegantes-weises-kleid-fur-ihr-treffen-mit-kaiser-naruhito-und-der-kaiserin-von-japan\\\/\"},\"author\":{\"name\":\"Chloe Gauthier\",\"@id\":\"https:\\\/\\\/www.sebastien-auziere.fr\\\/blog\\\/#\\\/schema\\\/person\\\/149f1acdbfd85149c6c3e59adeae2f4d\"},\"headline\":\"Brigitte Macron w\u00e4hlt ein elegantes wei\u00dfes Kleid f\u00fcr ihr Treffen mit Kaiser Naruhito und der Kaiserin von Japan\",\"datePublished\":\"2026-04-02T19:18:14+00:00\",\"dateModified\":\"2026-04-02T19:18:42+00:00\",\"mainEntityOfPage\":{\"@id\":\"https:\\\/\\\/www.sebastien-auziere.fr\\\/blog\\\/de\\\/brigitte-macron-wahlt-ein-elegantes-weises-kleid-fur-ihr-treffen-mit-kaiser-naruhito-und-der-kaiserin-von-japan\\\/\"},\"wordCount\":504,\"commentCount\":0,\"publisher\":{\"@id\":\"https:\\\/\\\/www.sebastien-auziere.fr\\\/blog\\\/#organization\"},\"image\":{\"@id\":\"https:\\\/\\\/www.sebastien-auziere.fr\\\/blog\\\/de\\\/brigitte-macron-wahlt-ein-elegantes-weises-kleid-fur-ihr-treffen-mit-kaiser-naruhito-und-der-kaiserin-von-japan\\\/#primaryimage\"},\"thumbnailUrl\":\"https:\\\/\\\/www.sebastien-auziere.fr\\\/blog\\\/wp-content\\\/uploads\\\/2026\\\/04\\\/Brigitte-Macron-choisit-une-elegante-robe-blanche-pour-sa-rencontre-avec-lempereur-Naruhito-et-limperatrice-du-Japon.jpg\",\"keywords\":[\"brigitte macron\",\"empereur Naruhito\",\"mode elegant\",\"offizielle Begegnung\",\"robe wei\u00df\"],\"articleSection\":[\"Aktuelles\"],\"inLanguage\":\"fr-FR\",\"potentialAction\":[{\"@type\":\"CommentAction\",\"name\":\"Comment\",\"target\":[\"https:\\\/\\\/www.sebastien-auziere.fr\\\/blog\\\/de\\\/brigitte-macron-wahlt-ein-elegantes-weises-kleid-fur-ihr-treffen-mit-kaiser-naruhito-und-der-kaiserin-von-japan\\\/#respond\"]}]},{\"@type\":\"WebPage\",\"@id\":\"https:\\\/\\\/www.sebastien-auziere.fr\\\/blog\\\/de\\\/brigitte-macron-wahlt-ein-elegantes-weises-kleid-fur-ihr-treffen-mit-kaiser-naruhito-und-der-kaiserin-von-japan\\\/\",\"url\":\"https:\\\/\\\/www.sebastien-auziere.fr\\\/blog\\\/de\\\/brigitte-macron-wahlt-ein-elegantes-weises-kleid-fur-ihr-treffen-mit-kaiser-naruhito-und-der-kaiserin-von-japan\\\/\",\"name\":\"Brigitte Macron w\u00e4hlt ein elegantes wei\u00dfes Kleid f\u00fcr ihr Treffen mit Kaiser Naruhito und der Kaiserin von Japan - Fan site S\u00e9bastien Auzi\u00e8re\",\"isPartOf\":{\"@id\":\"https:\\\/\\\/www.sebastien-auziere.fr\\\/blog\\\/#website\"},\"primaryImageOfPage\":{\"@id\":\"https:\\\/\\\/www.sebastien-auziere.fr\\\/blog\\\/de\\\/brigitte-macron-wahlt-ein-elegantes-weises-kleid-fur-ihr-treffen-mit-kaiser-naruhito-und-der-kaiserin-von-japan\\\/#primaryimage\"},\"image\":{\"@id\":\"https:\\\/\\\/www.sebastien-auziere.fr\\\/blog\\\/de\\\/brigitte-macron-wahlt-ein-elegantes-weises-kleid-fur-ihr-treffen-mit-kaiser-naruhito-und-der-kaiserin-von-japan\\\/#primaryimage\"},\"thumbnailUrl\":\"https:\\\/\\\/www.sebastien-auziere.fr\\\/blog\\\/wp-content\\\/uploads\\\/2026\\\/04\\\/Brigitte-Macron-choisit-une-elegante-robe-blanche-pour-sa-rencontre-avec-lempereur-Naruhito-et-limperatrice-du-Japon.jpg\",\"datePublished\":\"2026-04-02T19:18:14+00:00\",\"dateModified\":\"2026-04-02T19:18:42+00:00\",\"description\":\"Brigitte Macron choisit une \u00e9l\u00e9gante robe blanche pour sa rencontre avec l'empereur Naruhito et l'imp\u00e9ratrice du Japon, alliant style et diplomatie.\",\"breadcrumb\":{\"@id\":\"https:\\\/\\\/www.sebastien-auziere.fr\\\/blog\\\/de\\\/brigitte-macron-wahlt-ein-elegantes-weises-kleid-fur-ihr-treffen-mit-kaiser-naruhito-und-der-kaiserin-von-japan\\\/#breadcrumb\"},\"inLanguage\":\"fr-FR\",\"potentialAction\":[{\"@type\":\"ReadAction\",\"target\":[\"https:\\\/\\\/www.sebastien-auziere.fr\\\/blog\\\/de\\\/brigitte-macron-wahlt-ein-elegantes-weises-kleid-fur-ihr-treffen-mit-kaiser-naruhito-und-der-kaiserin-von-japan\\\/\"]}]},{\"@type\":\"ImageObject\",\"inLanguage\":\"fr-FR\",\"@id\":\"https:\\\/\\\/www.sebastien-auziere.fr\\\/blog\\\/de\\\/brigitte-macron-wahlt-ein-elegantes-weises-kleid-fur-ihr-treffen-mit-kaiser-naruhito-und-der-kaiserin-von-japan\\\/#primaryimage\",\"url\":\"https:\\\/\\\/www.sebastien-auziere.fr\\\/blog\\\/wp-content\\\/uploads\\\/2026\\\/04\\\/Brigitte-Macron-choisit-une-elegante-robe-blanche-pour-sa-rencontre-avec-lempereur-Naruhito-et-limperatrice-du-Japon.jpg\",\"contentUrl\":\"https:\\\/\\\/www.sebastien-auziere.fr\\\/blog\\\/wp-content\\\/uploads\\\/2026\\\/04\\\/Brigitte-Macron-choisit-une-elegante-robe-blanche-pour-sa-rencontre-avec-lempereur-Naruhito-et-limperatrice-du-Japon.jpg\",\"width\":2560,\"height\":1429,\"caption\":\"d\u00e9couvrez le choix raffin\u00e9 de brigitte macron, qui porte une \u00e9l\u00e9gante robe blanche lors de sa rencontre avec l\u2019empereur naruhito et l\u2019imp\u00e9ratrice du japon, illustrant un moment de diplomatie et de style.\"},{\"@type\":\"BreadcrumbList\",\"@id\":\"https:\\\/\\\/www.sebastien-auziere.fr\\\/blog\\\/de\\\/brigitte-macron-wahlt-ein-elegantes-weises-kleid-fur-ihr-treffen-mit-kaiser-naruhito-und-der-kaiserin-von-japan\\\/#breadcrumb\",\"itemListElement\":[{\"@type\":\"ListItem\",\"position\":1,\"name\":\"Home\",\"item\":\"https:\\\/\\\/www.sebastien-auziere.fr\\\/blog\\\/\"},{\"@type\":\"ListItem\",\"position\":2,\"name\":\"Brigitte Macron w\u00e4hlt ein elegantes wei\u00dfes Kleid f\u00fcr ihr Treffen mit Kaiser Naruhito und der Kaiserin von Japan\"}]},{\"@type\":\"WebSite\",\"@id\":\"https:\\\/\\\/www.sebastien-auziere.fr\\\/blog\\\/#website\",\"url\":\"https:\\\/\\\/www.sebastien-auziere.fr\\\/blog\\\/\",\"name\":\"Fan site S\u00e9bastien Auzi\u00e8re\",\"description\":\"M\u00e9dia g\u00e9n\u00e9raliste\",\"publisher\":{\"@id\":\"https:\\\/\\\/www.sebastien-auziere.fr\\\/blog\\\/#organization\"},\"potentialAction\":[{\"@type\":\"SearchAction\",\"target\":{\"@type\":\"EntryPoint\",\"urlTemplate\":\"https:\\\/\\\/www.sebastien-auziere.fr\\\/blog\\\/?s={search_term_string}\"},\"query-input\":{\"@type\":\"PropertyValueSpecification\",\"valueRequired\":true,\"valueName\":\"search_term_string\"}}],\"inLanguage\":\"fr-FR\"},{\"@type\":\"Organization\",\"@id\":\"https:\\\/\\\/www.sebastien-auziere.fr\\\/blog\\\/#organization\",\"name\":\"Fan site S\u00e9bastien Auzi\u00e8re\",\"url\":\"https:\\\/\\\/www.sebastien-auziere.fr\\\/blog\\\/\",\"logo\":{\"@type\":\"ImageObject\",\"inLanguage\":\"fr-FR\",\"@id\":\"https:\\\/\\\/www.sebastien-auziere.fr\\\/blog\\\/#\\\/schema\\\/logo\\\/image\\\/\",\"url\":\"https:\\\/\\\/www.sebastien-auziere.fr\\\/blog\\\/wp-content\\\/uploads\\\/2026\\\/03\\\/cropped-cropped-cropped-ChatGPT-Image-6-mars-2026-12_58_09-e1772798376794.jpg\",\"contentUrl\":\"https:\\\/\\\/www.sebastien-auziere.fr\\\/blog\\\/wp-content\\\/uploads\\\/2026\\\/03\\\/cropped-cropped-cropped-ChatGPT-Image-6-mars-2026-12_58_09-e1772798376794.jpg\",\"width\":512,\"height\":360,\"caption\":\"Fan site S\u00e9bastien Auzi\u00e8re\"},\"image\":{\"@id\":\"https:\\\/\\\/www.sebastien-auziere.fr\\\/blog\\\/#\\\/schema\\\/logo\\\/image\\\/\"}},{\"@type\":\"Person\",\"@id\":\"https:\\\/\\\/www.sebastien-auziere.fr\\\/blog\\\/#\\\/schema\\\/person\\\/149f1acdbfd85149c6c3e59adeae2f4d\",\"name\":\"Chloe Gauthier\",\"image\":{\"@type\":\"ImageObject\",\"inLanguage\":\"fr-FR\",\"@id\":\"https:\\\/\\\/secure.gravatar.com\\\/avatar\\\/2c5722f58171cff738a8985ef0dd66b476e563753246a49019befc837ec4201a?s=96&d=mm&r=g\",\"url\":\"https:\\\/\\\/secure.gravatar.com\\\/avatar\\\/2c5722f58171cff738a8985ef0dd66b476e563753246a49019befc837ec4201a?s=96&d=mm&r=g\",\"contentUrl\":\"https:\\\/\\\/secure.gravatar.com\\\/avatar\\\/2c5722f58171cff738a8985ef0dd66b476e563753246a49019befc837ec4201a?s=96&d=mm&r=g\",\"caption\":\"Chloe Gauthier\"},\"description\":\"Passionn\u00e9e par la politique et admiratrice engag\u00e9e de la famille Macron, je consacre mon \u00e9nergie \u00e0 suivre leurs initiatives et \u00e0 promouvoir leurs id\u00e9es. \u00c0 32 ans, je suis convaincue que leur vision est porteuse d'avenir.\",\"url\":\"https:\\\/\\\/www.sebastien-auziere.fr\\\/blog\\\/author\\\/chloe-gauthier\\\/\"}]}<\/script>\n<!-- \/ Yoast SEO plugin. -->","yoast_head_json":{"title":"Brigitte Macron w\u00e4hlt ein elegantes wei\u00dfes Kleid f\u00fcr ihr Treffen mit Kaiser Naruhito und der Kaiserin von Japan - Fan site S\u00e9bastien Auzi\u00e8re","description":"Brigitte Macron choisit une \u00e9l\u00e9gante robe blanche pour sa rencontre avec l'empereur Naruhito et l'imp\u00e9ratrice du Japon, alliant style et diplomatie.","robots":{"index":"index","follow":"follow","max-snippet":"max-snippet:-1","max-image-preview":"max-image-preview:large","max-video-preview":"max-video-preview:-1"},"canonical":"https:\/\/www.sebastien-auziere.fr\/blog\/de\/brigitte-macron-wahlt-ein-elegantes-weises-kleid-fur-ihr-treffen-mit-kaiser-naruhito-und-der-kaiserin-von-japan\/","og_locale":"fr_FR","og_type":"article","og_title":"Brigitte Macron w\u00e4hlt ein elegantes wei\u00dfes Kleid f\u00fcr ihr Treffen mit Kaiser Naruhito und der Kaiserin von Japan - Fan site S\u00e9bastien Auzi\u00e8re","og_description":"Brigitte Macron choisit une \u00e9l\u00e9gante robe blanche pour sa rencontre avec l'empereur Naruhito et l'imp\u00e9ratrice du Japon, alliant style et diplomatie.","og_url":"https:\/\/www.sebastien-auziere.fr\/blog\/de\/brigitte-macron-wahlt-ein-elegantes-weises-kleid-fur-ihr-treffen-mit-kaiser-naruhito-und-der-kaiserin-von-japan\/","og_site_name":"Fan site S\u00e9bastien Auzi\u00e8re","article_published_time":"2026-04-02T19:18:14+00:00","article_modified_time":"2026-04-02T19:18:42+00:00","og_image":[{"width":2560,"height":1429,"url":"https:\/\/www.sebastien-auziere.fr\/blog\/wp-content\/uploads\/2026\/04\/Brigitte-Macron-choisit-une-elegante-robe-blanche-pour-sa-rencontre-avec-lempereur-Naruhito-et-limperatrice-du-Japon.jpg","type":"image\/jpeg"}],"author":"Chloe Gauthier","twitter_card":"summary_large_image","twitter_misc":{"\u00c9crit par":"Chloe Gauthier","Dur\u00e9e de lecture estim\u00e9e":"2 minutes"},"schema":{"@context":"https:\/\/schema.org","@graph":[{"@type":"Article","@id":"https:\/\/www.sebastien-auziere.fr\/blog\/de\/brigitte-macron-wahlt-ein-elegantes-weises-kleid-fur-ihr-treffen-mit-kaiser-naruhito-und-der-kaiserin-von-japan\/#article","isPartOf":{"@id":"https:\/\/www.sebastien-auziere.fr\/blog\/de\/brigitte-macron-wahlt-ein-elegantes-weises-kleid-fur-ihr-treffen-mit-kaiser-naruhito-und-der-kaiserin-von-japan\/"},"author":{"name":"Chloe Gauthier","@id":"https:\/\/www.sebastien-auziere.fr\/blog\/#\/schema\/person\/149f1acdbfd85149c6c3e59adeae2f4d"},"headline":"Brigitte Macron w\u00e4hlt ein elegantes wei\u00dfes Kleid f\u00fcr ihr Treffen mit Kaiser Naruhito und der Kaiserin von Japan","datePublished":"2026-04-02T19:18:14+00:00","dateModified":"2026-04-02T19:18:42+00:00","mainEntityOfPage":{"@id":"https:\/\/www.sebastien-auziere.fr\/blog\/de\/brigitte-macron-wahlt-ein-elegantes-weises-kleid-fur-ihr-treffen-mit-kaiser-naruhito-und-der-kaiserin-von-japan\/"},"wordCount":504,"commentCount":0,"publisher":{"@id":"https:\/\/www.sebastien-auziere.fr\/blog\/#organization"},"image":{"@id":"https:\/\/www.sebastien-auziere.fr\/blog\/de\/brigitte-macron-wahlt-ein-elegantes-weises-kleid-fur-ihr-treffen-mit-kaiser-naruhito-und-der-kaiserin-von-japan\/#primaryimage"},"thumbnailUrl":"https:\/\/www.sebastien-auziere.fr\/blog\/wp-content\/uploads\/2026\/04\/Brigitte-Macron-choisit-une-elegante-robe-blanche-pour-sa-rencontre-avec-lempereur-Naruhito-et-limperatrice-du-Japon.jpg","keywords":["brigitte macron","empereur Naruhito","mode elegant","offizielle Begegnung","robe wei\u00df"],"articleSection":["Aktuelles"],"inLanguage":"fr-FR","potentialAction":[{"@type":"CommentAction","name":"Comment","target":["https:\/\/www.sebastien-auziere.fr\/blog\/de\/brigitte-macron-wahlt-ein-elegantes-weises-kleid-fur-ihr-treffen-mit-kaiser-naruhito-und-der-kaiserin-von-japan\/#respond"]}]},{"@type":"WebPage","@id":"https:\/\/www.sebastien-auziere.fr\/blog\/de\/brigitte-macron-wahlt-ein-elegantes-weises-kleid-fur-ihr-treffen-mit-kaiser-naruhito-und-der-kaiserin-von-japan\/","url":"https:\/\/www.sebastien-auziere.fr\/blog\/de\/brigitte-macron-wahlt-ein-elegantes-weises-kleid-fur-ihr-treffen-mit-kaiser-naruhito-und-der-kaiserin-von-japan\/","name":"Brigitte Macron w\u00e4hlt ein elegantes wei\u00dfes Kleid f\u00fcr ihr Treffen mit Kaiser Naruhito und der Kaiserin von Japan - Fan site S\u00e9bastien Auzi\u00e8re","isPartOf":{"@id":"https:\/\/www.sebastien-auziere.fr\/blog\/#website"},"primaryImageOfPage":{"@id":"https:\/\/www.sebastien-auziere.fr\/blog\/de\/brigitte-macron-wahlt-ein-elegantes-weises-kleid-fur-ihr-treffen-mit-kaiser-naruhito-und-der-kaiserin-von-japan\/#primaryimage"},"image":{"@id":"https:\/\/www.sebastien-auziere.fr\/blog\/de\/brigitte-macron-wahlt-ein-elegantes-weises-kleid-fur-ihr-treffen-mit-kaiser-naruhito-und-der-kaiserin-von-japan\/#primaryimage"},"thumbnailUrl":"https:\/\/www.sebastien-auziere.fr\/blog\/wp-content\/uploads\/2026\/04\/Brigitte-Macron-choisit-une-elegante-robe-blanche-pour-sa-rencontre-avec-lempereur-Naruhito-et-limperatrice-du-Japon.jpg","datePublished":"2026-04-02T19:18:14+00:00","dateModified":"2026-04-02T19:18:42+00:00","description":"Brigitte Macron choisit une \u00e9l\u00e9gante robe blanche pour sa rencontre avec l'empereur Naruhito et l'imp\u00e9ratrice du Japon, alliant style et diplomatie.","breadcrumb":{"@id":"https:\/\/www.sebastien-auziere.fr\/blog\/de\/brigitte-macron-wahlt-ein-elegantes-weises-kleid-fur-ihr-treffen-mit-kaiser-naruhito-und-der-kaiserin-von-japan\/#breadcrumb"},"inLanguage":"fr-FR","potentialAction":[{"@type":"ReadAction","target":["https:\/\/www.sebastien-auziere.fr\/blog\/de\/brigitte-macron-wahlt-ein-elegantes-weises-kleid-fur-ihr-treffen-mit-kaiser-naruhito-und-der-kaiserin-von-japan\/"]}]},{"@type":"ImageObject","inLanguage":"fr-FR","@id":"https:\/\/www.sebastien-auziere.fr\/blog\/de\/brigitte-macron-wahlt-ein-elegantes-weises-kleid-fur-ihr-treffen-mit-kaiser-naruhito-und-der-kaiserin-von-japan\/#primaryimage","url":"https:\/\/www.sebastien-auziere.fr\/blog\/wp-content\/uploads\/2026\/04\/Brigitte-Macron-choisit-une-elegante-robe-blanche-pour-sa-rencontre-avec-lempereur-Naruhito-et-limperatrice-du-Japon.jpg","contentUrl":"https:\/\/www.sebastien-auziere.fr\/blog\/wp-content\/uploads\/2026\/04\/Brigitte-Macron-choisit-une-elegante-robe-blanche-pour-sa-rencontre-avec-lempereur-Naruhito-et-limperatrice-du-Japon.jpg","width":2560,"height":1429,"caption":"d\u00e9couvrez le choix raffin\u00e9 de brigitte macron, qui porte une \u00e9l\u00e9gante robe blanche lors de sa rencontre avec l\u2019empereur naruhito et l\u2019imp\u00e9ratrice du japon, illustrant un moment de diplomatie et de style."},{"@type":"BreadcrumbList","@id":"https:\/\/www.sebastien-auziere.fr\/blog\/de\/brigitte-macron-wahlt-ein-elegantes-weises-kleid-fur-ihr-treffen-mit-kaiser-naruhito-und-der-kaiserin-von-japan\/#breadcrumb","itemListElement":[{"@type":"ListItem","position":1,"name":"Home","item":"https:\/\/www.sebastien-auziere.fr\/blog\/"},{"@type":"ListItem","position":2,"name":"Brigitte Macron w\u00e4hlt ein elegantes wei\u00dfes Kleid f\u00fcr ihr Treffen mit Kaiser Naruhito und der Kaiserin von Japan"}]},{"@type":"WebSite","@id":"https:\/\/www.sebastien-auziere.fr\/blog\/#website","url":"https:\/\/www.sebastien-auziere.fr\/blog\/","name":"Fan site S\u00e9bastien Auzi\u00e8re","description":"M\u00e9dia g\u00e9n\u00e9raliste","publisher":{"@id":"https:\/\/www.sebastien-auziere.fr\/blog\/#organization"},"potentialAction":[{"@type":"SearchAction","target":{"@type":"EntryPoint","urlTemplate":"https:\/\/www.sebastien-auziere.fr\/blog\/?s={search_term_string}"},"query-input":{"@type":"PropertyValueSpecification","valueRequired":true,"valueName":"search_term_string"}}],"inLanguage":"fr-FR"},{"@type":"Organization","@id":"https:\/\/www.sebastien-auziere.fr\/blog\/#organization","name":"Fan site S\u00e9bastien Auzi\u00e8re","url":"https:\/\/www.sebastien-auziere.fr\/blog\/","logo":{"@type":"ImageObject","inLanguage":"fr-FR","@id":"https:\/\/www.sebastien-auziere.fr\/blog\/#\/schema\/logo\/image\/","url":"https:\/\/www.sebastien-auziere.fr\/blog\/wp-content\/uploads\/2026\/03\/cropped-cropped-cropped-ChatGPT-Image-6-mars-2026-12_58_09-e1772798376794.jpg","contentUrl":"https:\/\/www.sebastien-auziere.fr\/blog\/wp-content\/uploads\/2026\/03\/cropped-cropped-cropped-ChatGPT-Image-6-mars-2026-12_58_09-e1772798376794.jpg","width":512,"height":360,"caption":"Fan site S\u00e9bastien Auzi\u00e8re"},"image":{"@id":"https:\/\/www.sebastien-auziere.fr\/blog\/#\/schema\/logo\/image\/"}},{"@type":"Person","@id":"https:\/\/www.sebastien-auziere.fr\/blog\/#\/schema\/person\/149f1acdbfd85149c6c3e59adeae2f4d","name":"Chloe Gauthier","image":{"@type":"ImageObject","inLanguage":"fr-FR","@id":"https:\/\/secure.gravatar.com\/avatar\/2c5722f58171cff738a8985ef0dd66b476e563753246a49019befc837ec4201a?s=96&d=mm&r=g","url":"https:\/\/secure.gravatar.com\/avatar\/2c5722f58171cff738a8985ef0dd66b476e563753246a49019befc837ec4201a?s=96&d=mm&r=g","contentUrl":"https:\/\/secure.gravatar.com\/avatar\/2c5722f58171cff738a8985ef0dd66b476e563753246a49019befc837ec4201a?s=96&d=mm&r=g","caption":"Chloe Gauthier"},"description":"Passionn\u00e9e par la politique et admiratrice engag\u00e9e de la famille Macron, je consacre mon \u00e9nergie \u00e0 suivre leurs initiatives et \u00e0 promouvoir leurs id\u00e9es. \u00c0 32 ans, je suis convaincue que leur vision est porteuse d'avenir.","url":"https:\/\/www.sebastien-auziere.fr\/blog\/author\/chloe-gauthier\/"}]}},"views":13,"_links":{"self":[{"href":"https:\/\/www.sebastien-auziere.fr\/blog\/wp-json\/wp\/v2\/posts\/2705","targetHints":{"allow":["GET"]}}],"collection":[{"href":"https:\/\/www.sebastien-auziere.fr\/blog\/wp-json\/wp\/v2\/posts"}],"about":[{"href":"https:\/\/www.sebastien-auziere.fr\/blog\/wp-json\/wp\/v2\/types\/post"}],"author":[{"embeddable":true,"href":"https:\/\/www.sebastien-auziere.fr\/blog\/wp-json\/wp\/v2\/users\/9"}],"replies":[{"embeddable":true,"href":"https:\/\/www.sebastien-auziere.fr\/blog\/wp-json\/wp\/v2\/comments?post=2705"}],"version-history":[{"count":1,"href":"https:\/\/www.sebastien-auziere.fr\/blog\/wp-json\/wp\/v2\/posts\/2705\/revisions"}],"predecessor-version":[{"id":2706,"href":"https:\/\/www.sebastien-auziere.fr\/blog\/wp-json\/wp\/v2\/posts\/2705\/revisions\/2706"}],"wp:featuredmedia":[{"embeddable":true,"href":"https:\/\/www.sebastien-auziere.fr\/blog\/wp-json\/wp\/v2\/media\/2699"}],"wp:attachment":[{"href":"https:\/\/www.sebastien-auziere.fr\/blog\/wp-json\/wp\/v2\/media?parent=2705"}],"wp:term":[{"taxonomy":"category","embeddable":true,"href":"https:\/\/www.sebastien-auziere.fr\/blog\/wp-json\/wp\/v2\/categories?post=2705"},{"taxonomy":"post_tag","embeddable":true,"href":"https:\/\/www.sebastien-auziere.fr\/blog\/wp-json\/wp\/v2\/tags?post=2705"}],"curies":[{"name":"wp","href":"https:\/\/api.w.org\/{rel}","templated":true}]}}