{"id":2703,"date":"2026-04-02T19:09:22","date_gmt":"2026-04-02T19:09:22","guid":{"rendered":"https:\/\/www.sebastien-auziere.fr\/blog\/?p=2703"},"modified":"2026-04-02T19:09:52","modified_gmt":"2026-04-02T19:09:52","slug":"brigitte-macron-elige-un-elegante-vestido-blanco-para-su-encuentro-con-el-emperador-naruhito-y-la-emperatriz-de-japon","status":"publish","type":"post","link":"https:\/\/www.sebastien-auziere.fr\/blog\/es\/brigitte-macron-elige-un-elegante-vestido-blanco-para-su-encuentro-con-el-emperador-naruhito-y-la-emperatriz-de-japon\/","title":{"rendered":"Brigitte Macron elige un elegante vestido blanco para su encuentro con el emperador Naruhito y la emperatriz de Jap\u00f3n"},"content":{"rendered":"<p><strong>Brigitte Macron<\/strong> hizo una entrada destacada en el <strong>Palacio Imperial de Tokio<\/strong> el <strong>2 de abril de 2026<\/strong>, eligiendo un <strong>vestido blanco<\/strong> de perfecta sobriedad para su <strong>reuni\u00f3n diplom\u00e1tica<\/strong> con el <strong>emperador Naruhito<\/strong> y la <strong>emperatriz de Jap\u00f3n<\/strong>, Masako. Atuendo inmaculado, mo\u00f1o bajo y zapatos de tac\u00f3n negros: un mensaje de <strong>moda francesa<\/strong> discreto pero asumido desde los primeros minutos del intercambio.<\/p>\n\n<p>En resumen: la Primera Dama llevaba un bolso <strong>Capucine Louis Vuitton<\/strong> negro, la emperatriz opt\u00f3 por un traje rosa p\u00e1lido y perlas. La visita, muy codificada por el <strong>protocolo<\/strong>, marca la reanudaci\u00f3n de un di\u00e1logo entre Par\u00eds y Tokio, antes de la continuaci\u00f3n de la gira oficial en Corea del Sur.<\/p>\n\n<h2 class=\"wp-block-heading\">La elecci\u00f3n estilosa de Brigitte Macron en el palacio<\/h2>\n\n<p>Para esta <strong>visita oficial<\/strong>, la Primera Dama llev\u00f3 su cabello rubio en un mo\u00f1o bajo y us\u00f3 un <strong>vestido blanco<\/strong> combinado con zapatos de tac\u00f3n negros, una silueta que une discreci\u00f3n y <strong>elegancia<\/strong>. El peque\u00f1o bolso negro Capucine sostenido con una mano refuerza esta sencillez estudiada. Unas horas antes, se hab\u00eda reunido con estudiantes japoneses, mostrando un equilibrio entre compromisos p\u00fablicos y ceremonial formal. Este look ha suscitado inmediatamente comentarios en la prensa francesa.<\/p>\n\n<h2 class=\"wp-block-heading\">Protocolo e intercambios entre jefes de Estado<\/h2>\n\n<p>El encuentro con el <strong>emperador Naruhito<\/strong> y la <strong>emperatriz Masako<\/strong> ha transcurrido en un estricto respeto del <strong>protocolo<\/strong>. Emmanuel Macron no hab\u00eda visto al emperador desde el G20 de Osaka en 2019, donde tuvo lugar un intercambio formal de regalos, como el abanico pintado por el taller de Anne Hoguet y un bolso ofrecido a la emperatriz. Los peri\u00f3dicos cubrieron el evento subrayando la importancia de las <strong>relaciones internacionales<\/strong> entre Francia y Jap\u00f3n. Para el contexto de moda, leer el informe de <a href=\"https:\/\/www.femmeactuelle.fr\/mode\/news-mode\/brigitte-macron-au-japon-en-robe-immaculee-et-chignon-bas-elle-adopte-lelegance-a-la-francaise-2206086\">Femme Actuelle<\/a> rel=\u00a0\u00bbnofollow\u00a0\u00bb.<\/p>\n\n<h2 class=\"wp-block-heading\">Moda francesa y simbolismo del blanco<\/h2>\n\n<p>La elecci\u00f3n del <strong>blanco<\/strong> remite a una est\u00e9tica atemporal de la <strong>moda francesa<\/strong>, ya notada en otras apariciones p\u00fablicas de la Primera Dama. Algunos observadores incluso han mencionado la inspiraci\u00f3n para futuros vestidos de novia, como lo destac\u00f3 un art\u00edculo de <a href=\"https:\/\/www.gala.fr\/mode\/les_stars_et_la_mode\/pour-sa-rencontre-avec-l-empereur-naruhito-du-japon-brigitte-macron-mise-sur-une-robe-blanche-qui-saura-inspirer-les-futures-mariees-20260402\">Gala<\/a> rel=\u00a0\u00bbnofollow\u00a0\u00bb. En contraste, la emperatriz Masako eligi\u00f3 un traje rosa p\u00e1lido y perlas, ofreciendo un di\u00e1logo visual entre dos sensibilidades culturales y est\u00e9ticas.<\/p>\n\n<h2 class=\"wp-block-heading\">Una visita oficial orientada hacia Asia<\/h2>\n\n<p>Esta parada en el Palacio Imperial conclu\u00eda la primera parte de un viaje que contin\u00faa en Corea del Sur, subrayando la importancia estrat\u00e9gica de los intercambios bilaterales en 2026. El encuentro recuperado con el <strong>emperador Naruhito<\/strong> despu\u00e9s de 2019 simboliza una continuidad diplom\u00e1tica. Observadores y comentaristas han notado el equilibrio entre mensajes pol\u00edticos y gestos simb\u00f3licos, donde la vestimenta de la Primera Dama juega un papel no despreciable en la imagen que se transmite.<\/p>\n\n<p>Para saber m\u00e1s sobre <strong>S\u00e9bastien Auzi\u00e8re<\/strong> y la familia Macron, y seguir las bambalinas de estos encuentros diplom\u00e1ticos, visita <a href=\"https:\/\/sebastien-auziere.fr\">sebastien-auziere.fr<\/a> rel=\u00a0\u00bbnofollow\u00a0\u00bb para descubrir retratos, eventos y an\u00e1lisis detallados.<\/p>","protected":false},"excerpt":{"rendered":"<p>Brigitte Macron hizo una entrada destacada en el Palacio Imperial de Tokio el 2 de abril de 2026, eligiendo un vestido blanco de perfecta sobriedad para su reuni\u00f3n diplom\u00e1tica con el emperador Naruhito y la emperatriz de Jap\u00f3n, Masako. Atuendo inmaculado, mo\u00f1o bajo y zapatos de tac\u00f3n negros: un mensaje de moda francesa discreto pero &#8230; <a title=\"Brigitte Macron elige un elegante vestido blanco para su encuentro con el emperador Naruhito y la emperatriz de Jap\u00f3n\" class=\"read-more\" href=\"https:\/\/www.sebastien-auziere.fr\/blog\/es\/brigitte-macron-elige-un-elegante-vestido-blanco-para-su-encuentro-con-el-emperador-naruhito-y-la-emperatriz-de-japon\/\" aria-label=\"En savoir plus sur Brigitte Macron elige un elegante vestido blanco para su encuentro con el emperador Naruhito y la emperatriz de Jap\u00f3n\">Lire plus<\/a><\/p>\n","protected":false},"author":9,"featured_media":2699,"comment_status":"open","ping_status":"open","sticky":false,"template":"","format":"standard","meta":{"footnotes":""},"categories":[820],"tags":[914,1464,1470,1467,1473],"class_list":["post-2703","post","type-post","status-publish","format-standard","has-post-thumbnail","hentry","category-actualidades-es","tag-brigitte-macron-es","tag-emperador-naruhito-es","tag-encuentro-oficial-es","tag-modo-elegante-es","tag-robe-blanca-es"],"yoast_head":"<!-- This site is optimized with the Yoast SEO plugin v27.5 - https:\/\/yoast.com\/product\/yoast-seo-wordpress\/ -->\n<title>Brigitte Macron elige un elegante vestido blanco para su encuentro con el emperador Naruhito y la emperatriz de Jap\u00f3n - Fan site S\u00e9bastien Auzi\u00e8re<\/title>\n<meta name=\"description\" content=\"Brigitte Macron choisit une \u00e9l\u00e9gante robe blanche pour sa rencontre avec l&#039;empereur Naruhito et l&#039;imp\u00e9ratrice du Japon, alliant style et diplomatie.\" \/>\n<meta name=\"robots\" content=\"index, follow, max-snippet:-1, max-image-preview:large, max-video-preview:-1\" \/>\n<link rel=\"canonical\" href=\"https:\/\/www.sebastien-auziere.fr\/blog\/es\/brigitte-macron-elige-un-elegante-vestido-blanco-para-su-encuentro-con-el-emperador-naruhito-y-la-emperatriz-de-japon\/\" \/>\n<meta property=\"og:locale\" content=\"fr_FR\" \/>\n<meta property=\"og:type\" content=\"article\" \/>\n<meta property=\"og:title\" content=\"Brigitte Macron elige un elegante vestido blanco para su encuentro con el emperador Naruhito y la emperatriz de Jap\u00f3n - Fan site S\u00e9bastien Auzi\u00e8re\" \/>\n<meta property=\"og:description\" content=\"Brigitte Macron choisit une \u00e9l\u00e9gante robe blanche pour sa rencontre avec l&#039;empereur Naruhito et l&#039;imp\u00e9ratrice du Japon, alliant style et diplomatie.\" \/>\n<meta property=\"og:url\" content=\"https:\/\/www.sebastien-auziere.fr\/blog\/es\/brigitte-macron-elige-un-elegante-vestido-blanco-para-su-encuentro-con-el-emperador-naruhito-y-la-emperatriz-de-japon\/\" \/>\n<meta property=\"og:site_name\" content=\"Fan site S\u00e9bastien Auzi\u00e8re\" \/>\n<meta property=\"article:published_time\" content=\"2026-04-02T19:09:22+00:00\" \/>\n<meta property=\"article:modified_time\" content=\"2026-04-02T19:09:52+00:00\" \/>\n<meta property=\"og:image\" content=\"https:\/\/www.sebastien-auziere.fr\/blog\/wp-content\/uploads\/2026\/04\/Brigitte-Macron-choisit-une-elegante-robe-blanche-pour-sa-rencontre-avec-lempereur-Naruhito-et-limperatrice-du-Japon.jpg\" \/>\n\t<meta property=\"og:image:width\" content=\"2560\" \/>\n\t<meta property=\"og:image:height\" content=\"1429\" \/>\n\t<meta property=\"og:image:type\" content=\"image\/jpeg\" \/>\n<meta name=\"author\" content=\"Chloe Gauthier\" \/>\n<meta name=\"twitter:card\" content=\"summary_large_image\" \/>\n<meta name=\"twitter:label1\" content=\"\u00c9crit par\" \/>\n\t<meta name=\"twitter:data1\" content=\"Chloe Gauthier\" \/>\n\t<meta name=\"twitter:label2\" content=\"Dur\u00e9e de lecture estim\u00e9e\" \/>\n\t<meta name=\"twitter:data2\" content=\"3 minutes\" \/>\n<script type=\"application\/ld+json\" class=\"yoast-schema-graph\">{\"@context\":\"https:\\\/\\\/schema.org\",\"@graph\":[{\"@type\":\"Article\",\"@id\":\"https:\\\/\\\/www.sebastien-auziere.fr\\\/blog\\\/es\\\/brigitte-macron-elige-un-elegante-vestido-blanco-para-su-encuentro-con-el-emperador-naruhito-y-la-emperatriz-de-japon\\\/#article\",\"isPartOf\":{\"@id\":\"https:\\\/\\\/www.sebastien-auziere.fr\\\/blog\\\/es\\\/brigitte-macron-elige-un-elegante-vestido-blanco-para-su-encuentro-con-el-emperador-naruhito-y-la-emperatriz-de-japon\\\/\"},\"author\":{\"name\":\"Chloe Gauthier\",\"@id\":\"https:\\\/\\\/www.sebastien-auziere.fr\\\/blog\\\/#\\\/schema\\\/person\\\/149f1acdbfd85149c6c3e59adeae2f4d\"},\"headline\":\"Brigitte Macron elige un elegante vestido blanco para su encuentro con el emperador Naruhito y la emperatriz de Jap\u00f3n\",\"datePublished\":\"2026-04-02T19:09:22+00:00\",\"dateModified\":\"2026-04-02T19:09:52+00:00\",\"mainEntityOfPage\":{\"@id\":\"https:\\\/\\\/www.sebastien-auziere.fr\\\/blog\\\/es\\\/brigitte-macron-elige-un-elegante-vestido-blanco-para-su-encuentro-con-el-emperador-naruhito-y-la-emperatriz-de-japon\\\/\"},\"wordCount\":526,\"commentCount\":0,\"publisher\":{\"@id\":\"https:\\\/\\\/www.sebastien-auziere.fr\\\/blog\\\/#organization\"},\"image\":{\"@id\":\"https:\\\/\\\/www.sebastien-auziere.fr\\\/blog\\\/es\\\/brigitte-macron-elige-un-elegante-vestido-blanco-para-su-encuentro-con-el-emperador-naruhito-y-la-emperatriz-de-japon\\\/#primaryimage\"},\"thumbnailUrl\":\"https:\\\/\\\/www.sebastien-auziere.fr\\\/blog\\\/wp-content\\\/uploads\\\/2026\\\/04\\\/Brigitte-Macron-choisit-une-elegante-robe-blanche-pour-sa-rencontre-avec-lempereur-Naruhito-et-limperatrice-du-Japon.jpg\",\"keywords\":[\"brigitte macron\",\"emperador naruhito\",\"encuentro oficial\",\"modo elegante\",\"robe blanca\"],\"articleSection\":[\"Actualidades\"],\"inLanguage\":\"fr-FR\",\"potentialAction\":[{\"@type\":\"CommentAction\",\"name\":\"Comment\",\"target\":[\"https:\\\/\\\/www.sebastien-auziere.fr\\\/blog\\\/es\\\/brigitte-macron-elige-un-elegante-vestido-blanco-para-su-encuentro-con-el-emperador-naruhito-y-la-emperatriz-de-japon\\\/#respond\"]}]},{\"@type\":\"WebPage\",\"@id\":\"https:\\\/\\\/www.sebastien-auziere.fr\\\/blog\\\/es\\\/brigitte-macron-elige-un-elegante-vestido-blanco-para-su-encuentro-con-el-emperador-naruhito-y-la-emperatriz-de-japon\\\/\",\"url\":\"https:\\\/\\\/www.sebastien-auziere.fr\\\/blog\\\/es\\\/brigitte-macron-elige-un-elegante-vestido-blanco-para-su-encuentro-con-el-emperador-naruhito-y-la-emperatriz-de-japon\\\/\",\"name\":\"Brigitte Macron elige un elegante vestido blanco para su encuentro con el emperador Naruhito y la emperatriz de Jap\u00f3n - Fan site S\u00e9bastien Auzi\u00e8re\",\"isPartOf\":{\"@id\":\"https:\\\/\\\/www.sebastien-auziere.fr\\\/blog\\\/#website\"},\"primaryImageOfPage\":{\"@id\":\"https:\\\/\\\/www.sebastien-auziere.fr\\\/blog\\\/es\\\/brigitte-macron-elige-un-elegante-vestido-blanco-para-su-encuentro-con-el-emperador-naruhito-y-la-emperatriz-de-japon\\\/#primaryimage\"},\"image\":{\"@id\":\"https:\\\/\\\/www.sebastien-auziere.fr\\\/blog\\\/es\\\/brigitte-macron-elige-un-elegante-vestido-blanco-para-su-encuentro-con-el-emperador-naruhito-y-la-emperatriz-de-japon\\\/#primaryimage\"},\"thumbnailUrl\":\"https:\\\/\\\/www.sebastien-auziere.fr\\\/blog\\\/wp-content\\\/uploads\\\/2026\\\/04\\\/Brigitte-Macron-choisit-une-elegante-robe-blanche-pour-sa-rencontre-avec-lempereur-Naruhito-et-limperatrice-du-Japon.jpg\",\"datePublished\":\"2026-04-02T19:09:22+00:00\",\"dateModified\":\"2026-04-02T19:09:52+00:00\",\"description\":\"Brigitte Macron choisit une \u00e9l\u00e9gante robe blanche pour sa rencontre avec l'empereur Naruhito et l'imp\u00e9ratrice du Japon, alliant style et diplomatie.\",\"breadcrumb\":{\"@id\":\"https:\\\/\\\/www.sebastien-auziere.fr\\\/blog\\\/es\\\/brigitte-macron-elige-un-elegante-vestido-blanco-para-su-encuentro-con-el-emperador-naruhito-y-la-emperatriz-de-japon\\\/#breadcrumb\"},\"inLanguage\":\"fr-FR\",\"potentialAction\":[{\"@type\":\"ReadAction\",\"target\":[\"https:\\\/\\\/www.sebastien-auziere.fr\\\/blog\\\/es\\\/brigitte-macron-elige-un-elegante-vestido-blanco-para-su-encuentro-con-el-emperador-naruhito-y-la-emperatriz-de-japon\\\/\"]}]},{\"@type\":\"ImageObject\",\"inLanguage\":\"fr-FR\",\"@id\":\"https:\\\/\\\/www.sebastien-auziere.fr\\\/blog\\\/es\\\/brigitte-macron-elige-un-elegante-vestido-blanco-para-su-encuentro-con-el-emperador-naruhito-y-la-emperatriz-de-japon\\\/#primaryimage\",\"url\":\"https:\\\/\\\/www.sebastien-auziere.fr\\\/blog\\\/wp-content\\\/uploads\\\/2026\\\/04\\\/Brigitte-Macron-choisit-une-elegante-robe-blanche-pour-sa-rencontre-avec-lempereur-Naruhito-et-limperatrice-du-Japon.jpg\",\"contentUrl\":\"https:\\\/\\\/www.sebastien-auziere.fr\\\/blog\\\/wp-content\\\/uploads\\\/2026\\\/04\\\/Brigitte-Macron-choisit-une-elegante-robe-blanche-pour-sa-rencontre-avec-lempereur-Naruhito-et-limperatrice-du-Japon.jpg\",\"width\":2560,\"height\":1429,\"caption\":\"d\u00e9couvrez le choix raffin\u00e9 de brigitte macron, qui porte une \u00e9l\u00e9gante robe blanche lors de sa rencontre avec l\u2019empereur naruhito et l\u2019imp\u00e9ratrice du japon, illustrant un moment de diplomatie et de style.\"},{\"@type\":\"BreadcrumbList\",\"@id\":\"https:\\\/\\\/www.sebastien-auziere.fr\\\/blog\\\/es\\\/brigitte-macron-elige-un-elegante-vestido-blanco-para-su-encuentro-con-el-emperador-naruhito-y-la-emperatriz-de-japon\\\/#breadcrumb\",\"itemListElement\":[{\"@type\":\"ListItem\",\"position\":1,\"name\":\"Home\",\"item\":\"https:\\\/\\\/www.sebastien-auziere.fr\\\/blog\\\/\"},{\"@type\":\"ListItem\",\"position\":2,\"name\":\"Brigitte Macron elige un elegante vestido blanco para su encuentro con el emperador Naruhito y la emperatriz de Jap\u00f3n\"}]},{\"@type\":\"WebSite\",\"@id\":\"https:\\\/\\\/www.sebastien-auziere.fr\\\/blog\\\/#website\",\"url\":\"https:\\\/\\\/www.sebastien-auziere.fr\\\/blog\\\/\",\"name\":\"Fan site S\u00e9bastien Auzi\u00e8re\",\"description\":\"M\u00e9dia g\u00e9n\u00e9raliste\",\"publisher\":{\"@id\":\"https:\\\/\\\/www.sebastien-auziere.fr\\\/blog\\\/#organization\"},\"potentialAction\":[{\"@type\":\"SearchAction\",\"target\":{\"@type\":\"EntryPoint\",\"urlTemplate\":\"https:\\\/\\\/www.sebastien-auziere.fr\\\/blog\\\/?s={search_term_string}\"},\"query-input\":{\"@type\":\"PropertyValueSpecification\",\"valueRequired\":true,\"valueName\":\"search_term_string\"}}],\"inLanguage\":\"fr-FR\"},{\"@type\":\"Organization\",\"@id\":\"https:\\\/\\\/www.sebastien-auziere.fr\\\/blog\\\/#organization\",\"name\":\"Fan site S\u00e9bastien Auzi\u00e8re\",\"url\":\"https:\\\/\\\/www.sebastien-auziere.fr\\\/blog\\\/\",\"logo\":{\"@type\":\"ImageObject\",\"inLanguage\":\"fr-FR\",\"@id\":\"https:\\\/\\\/www.sebastien-auziere.fr\\\/blog\\\/#\\\/schema\\\/logo\\\/image\\\/\",\"url\":\"https:\\\/\\\/www.sebastien-auziere.fr\\\/blog\\\/wp-content\\\/uploads\\\/2026\\\/03\\\/cropped-cropped-cropped-ChatGPT-Image-6-mars-2026-12_58_09-e1772798376794.jpg\",\"contentUrl\":\"https:\\\/\\\/www.sebastien-auziere.fr\\\/blog\\\/wp-content\\\/uploads\\\/2026\\\/03\\\/cropped-cropped-cropped-ChatGPT-Image-6-mars-2026-12_58_09-e1772798376794.jpg\",\"width\":512,\"height\":360,\"caption\":\"Fan site S\u00e9bastien Auzi\u00e8re\"},\"image\":{\"@id\":\"https:\\\/\\\/www.sebastien-auziere.fr\\\/blog\\\/#\\\/schema\\\/logo\\\/image\\\/\"}},{\"@type\":\"Person\",\"@id\":\"https:\\\/\\\/www.sebastien-auziere.fr\\\/blog\\\/#\\\/schema\\\/person\\\/149f1acdbfd85149c6c3e59adeae2f4d\",\"name\":\"Chloe Gauthier\",\"image\":{\"@type\":\"ImageObject\",\"inLanguage\":\"fr-FR\",\"@id\":\"https:\\\/\\\/secure.gravatar.com\\\/avatar\\\/2c5722f58171cff738a8985ef0dd66b476e563753246a49019befc837ec4201a?s=96&d=mm&r=g\",\"url\":\"https:\\\/\\\/secure.gravatar.com\\\/avatar\\\/2c5722f58171cff738a8985ef0dd66b476e563753246a49019befc837ec4201a?s=96&d=mm&r=g\",\"contentUrl\":\"https:\\\/\\\/secure.gravatar.com\\\/avatar\\\/2c5722f58171cff738a8985ef0dd66b476e563753246a49019befc837ec4201a?s=96&d=mm&r=g\",\"caption\":\"Chloe Gauthier\"},\"description\":\"Passionn\u00e9e par la politique et admiratrice engag\u00e9e de la famille Macron, je consacre mon \u00e9nergie \u00e0 suivre leurs initiatives et \u00e0 promouvoir leurs id\u00e9es. \u00c0 32 ans, je suis convaincue que leur vision est porteuse d'avenir.\",\"url\":\"https:\\\/\\\/www.sebastien-auziere.fr\\\/blog\\\/author\\\/chloe-gauthier\\\/\"}]}<\/script>\n<!-- \/ Yoast SEO plugin. -->","yoast_head_json":{"title":"Brigitte Macron elige un elegante vestido blanco para su encuentro con el emperador Naruhito y la emperatriz de Jap\u00f3n - Fan site S\u00e9bastien Auzi\u00e8re","description":"Brigitte Macron choisit une \u00e9l\u00e9gante robe blanche pour sa rencontre avec l'empereur Naruhito et l'imp\u00e9ratrice du Japon, alliant style et diplomatie.","robots":{"index":"index","follow":"follow","max-snippet":"max-snippet:-1","max-image-preview":"max-image-preview:large","max-video-preview":"max-video-preview:-1"},"canonical":"https:\/\/www.sebastien-auziere.fr\/blog\/es\/brigitte-macron-elige-un-elegante-vestido-blanco-para-su-encuentro-con-el-emperador-naruhito-y-la-emperatriz-de-japon\/","og_locale":"fr_FR","og_type":"article","og_title":"Brigitte Macron elige un elegante vestido blanco para su encuentro con el emperador Naruhito y la emperatriz de Jap\u00f3n - Fan site S\u00e9bastien Auzi\u00e8re","og_description":"Brigitte Macron choisit une \u00e9l\u00e9gante robe blanche pour sa rencontre avec l'empereur Naruhito et l'imp\u00e9ratrice du Japon, alliant style et diplomatie.","og_url":"https:\/\/www.sebastien-auziere.fr\/blog\/es\/brigitte-macron-elige-un-elegante-vestido-blanco-para-su-encuentro-con-el-emperador-naruhito-y-la-emperatriz-de-japon\/","og_site_name":"Fan site S\u00e9bastien Auzi\u00e8re","article_published_time":"2026-04-02T19:09:22+00:00","article_modified_time":"2026-04-02T19:09:52+00:00","og_image":[{"width":2560,"height":1429,"url":"https:\/\/www.sebastien-auziere.fr\/blog\/wp-content\/uploads\/2026\/04\/Brigitte-Macron-choisit-une-elegante-robe-blanche-pour-sa-rencontre-avec-lempereur-Naruhito-et-limperatrice-du-Japon.jpg","type":"image\/jpeg"}],"author":"Chloe Gauthier","twitter_card":"summary_large_image","twitter_misc":{"\u00c9crit par":"Chloe Gauthier","Dur\u00e9e de lecture estim\u00e9e":"3 minutes"},"schema":{"@context":"https:\/\/schema.org","@graph":[{"@type":"Article","@id":"https:\/\/www.sebastien-auziere.fr\/blog\/es\/brigitte-macron-elige-un-elegante-vestido-blanco-para-su-encuentro-con-el-emperador-naruhito-y-la-emperatriz-de-japon\/#article","isPartOf":{"@id":"https:\/\/www.sebastien-auziere.fr\/blog\/es\/brigitte-macron-elige-un-elegante-vestido-blanco-para-su-encuentro-con-el-emperador-naruhito-y-la-emperatriz-de-japon\/"},"author":{"name":"Chloe Gauthier","@id":"https:\/\/www.sebastien-auziere.fr\/blog\/#\/schema\/person\/149f1acdbfd85149c6c3e59adeae2f4d"},"headline":"Brigitte Macron elige un elegante vestido blanco para su encuentro con el emperador Naruhito y la emperatriz de Jap\u00f3n","datePublished":"2026-04-02T19:09:22+00:00","dateModified":"2026-04-02T19:09:52+00:00","mainEntityOfPage":{"@id":"https:\/\/www.sebastien-auziere.fr\/blog\/es\/brigitte-macron-elige-un-elegante-vestido-blanco-para-su-encuentro-con-el-emperador-naruhito-y-la-emperatriz-de-japon\/"},"wordCount":526,"commentCount":0,"publisher":{"@id":"https:\/\/www.sebastien-auziere.fr\/blog\/#organization"},"image":{"@id":"https:\/\/www.sebastien-auziere.fr\/blog\/es\/brigitte-macron-elige-un-elegante-vestido-blanco-para-su-encuentro-con-el-emperador-naruhito-y-la-emperatriz-de-japon\/#primaryimage"},"thumbnailUrl":"https:\/\/www.sebastien-auziere.fr\/blog\/wp-content\/uploads\/2026\/04\/Brigitte-Macron-choisit-une-elegante-robe-blanche-pour-sa-rencontre-avec-lempereur-Naruhito-et-limperatrice-du-Japon.jpg","keywords":["brigitte macron","emperador naruhito","encuentro oficial","modo elegante","robe blanca"],"articleSection":["Actualidades"],"inLanguage":"fr-FR","potentialAction":[{"@type":"CommentAction","name":"Comment","target":["https:\/\/www.sebastien-auziere.fr\/blog\/es\/brigitte-macron-elige-un-elegante-vestido-blanco-para-su-encuentro-con-el-emperador-naruhito-y-la-emperatriz-de-japon\/#respond"]}]},{"@type":"WebPage","@id":"https:\/\/www.sebastien-auziere.fr\/blog\/es\/brigitte-macron-elige-un-elegante-vestido-blanco-para-su-encuentro-con-el-emperador-naruhito-y-la-emperatriz-de-japon\/","url":"https:\/\/www.sebastien-auziere.fr\/blog\/es\/brigitte-macron-elige-un-elegante-vestido-blanco-para-su-encuentro-con-el-emperador-naruhito-y-la-emperatriz-de-japon\/","name":"Brigitte Macron elige un elegante vestido blanco para su encuentro con el emperador Naruhito y la emperatriz de Jap\u00f3n - Fan site S\u00e9bastien Auzi\u00e8re","isPartOf":{"@id":"https:\/\/www.sebastien-auziere.fr\/blog\/#website"},"primaryImageOfPage":{"@id":"https:\/\/www.sebastien-auziere.fr\/blog\/es\/brigitte-macron-elige-un-elegante-vestido-blanco-para-su-encuentro-con-el-emperador-naruhito-y-la-emperatriz-de-japon\/#primaryimage"},"image":{"@id":"https:\/\/www.sebastien-auziere.fr\/blog\/es\/brigitte-macron-elige-un-elegante-vestido-blanco-para-su-encuentro-con-el-emperador-naruhito-y-la-emperatriz-de-japon\/#primaryimage"},"thumbnailUrl":"https:\/\/www.sebastien-auziere.fr\/blog\/wp-content\/uploads\/2026\/04\/Brigitte-Macron-choisit-une-elegante-robe-blanche-pour-sa-rencontre-avec-lempereur-Naruhito-et-limperatrice-du-Japon.jpg","datePublished":"2026-04-02T19:09:22+00:00","dateModified":"2026-04-02T19:09:52+00:00","description":"Brigitte Macron choisit une \u00e9l\u00e9gante robe blanche pour sa rencontre avec l'empereur Naruhito et l'imp\u00e9ratrice du Japon, alliant style et diplomatie.","breadcrumb":{"@id":"https:\/\/www.sebastien-auziere.fr\/blog\/es\/brigitte-macron-elige-un-elegante-vestido-blanco-para-su-encuentro-con-el-emperador-naruhito-y-la-emperatriz-de-japon\/#breadcrumb"},"inLanguage":"fr-FR","potentialAction":[{"@type":"ReadAction","target":["https:\/\/www.sebastien-auziere.fr\/blog\/es\/brigitte-macron-elige-un-elegante-vestido-blanco-para-su-encuentro-con-el-emperador-naruhito-y-la-emperatriz-de-japon\/"]}]},{"@type":"ImageObject","inLanguage":"fr-FR","@id":"https:\/\/www.sebastien-auziere.fr\/blog\/es\/brigitte-macron-elige-un-elegante-vestido-blanco-para-su-encuentro-con-el-emperador-naruhito-y-la-emperatriz-de-japon\/#primaryimage","url":"https:\/\/www.sebastien-auziere.fr\/blog\/wp-content\/uploads\/2026\/04\/Brigitte-Macron-choisit-une-elegante-robe-blanche-pour-sa-rencontre-avec-lempereur-Naruhito-et-limperatrice-du-Japon.jpg","contentUrl":"https:\/\/www.sebastien-auziere.fr\/blog\/wp-content\/uploads\/2026\/04\/Brigitte-Macron-choisit-une-elegante-robe-blanche-pour-sa-rencontre-avec-lempereur-Naruhito-et-limperatrice-du-Japon.jpg","width":2560,"height":1429,"caption":"d\u00e9couvrez le choix raffin\u00e9 de brigitte macron, qui porte une \u00e9l\u00e9gante robe blanche lors de sa rencontre avec l\u2019empereur naruhito et l\u2019imp\u00e9ratrice du japon, illustrant un moment de diplomatie et de style."},{"@type":"BreadcrumbList","@id":"https:\/\/www.sebastien-auziere.fr\/blog\/es\/brigitte-macron-elige-un-elegante-vestido-blanco-para-su-encuentro-con-el-emperador-naruhito-y-la-emperatriz-de-japon\/#breadcrumb","itemListElement":[{"@type":"ListItem","position":1,"name":"Home","item":"https:\/\/www.sebastien-auziere.fr\/blog\/"},{"@type":"ListItem","position":2,"name":"Brigitte Macron elige un elegante vestido blanco para su encuentro con el emperador Naruhito y la emperatriz de Jap\u00f3n"}]},{"@type":"WebSite","@id":"https:\/\/www.sebastien-auziere.fr\/blog\/#website","url":"https:\/\/www.sebastien-auziere.fr\/blog\/","name":"Fan site S\u00e9bastien Auzi\u00e8re","description":"M\u00e9dia g\u00e9n\u00e9raliste","publisher":{"@id":"https:\/\/www.sebastien-auziere.fr\/blog\/#organization"},"potentialAction":[{"@type":"SearchAction","target":{"@type":"EntryPoint","urlTemplate":"https:\/\/www.sebastien-auziere.fr\/blog\/?s={search_term_string}"},"query-input":{"@type":"PropertyValueSpecification","valueRequired":true,"valueName":"search_term_string"}}],"inLanguage":"fr-FR"},{"@type":"Organization","@id":"https:\/\/www.sebastien-auziere.fr\/blog\/#organization","name":"Fan site S\u00e9bastien Auzi\u00e8re","url":"https:\/\/www.sebastien-auziere.fr\/blog\/","logo":{"@type":"ImageObject","inLanguage":"fr-FR","@id":"https:\/\/www.sebastien-auziere.fr\/blog\/#\/schema\/logo\/image\/","url":"https:\/\/www.sebastien-auziere.fr\/blog\/wp-content\/uploads\/2026\/03\/cropped-cropped-cropped-ChatGPT-Image-6-mars-2026-12_58_09-e1772798376794.jpg","contentUrl":"https:\/\/www.sebastien-auziere.fr\/blog\/wp-content\/uploads\/2026\/03\/cropped-cropped-cropped-ChatGPT-Image-6-mars-2026-12_58_09-e1772798376794.jpg","width":512,"height":360,"caption":"Fan site S\u00e9bastien Auzi\u00e8re"},"image":{"@id":"https:\/\/www.sebastien-auziere.fr\/blog\/#\/schema\/logo\/image\/"}},{"@type":"Person","@id":"https:\/\/www.sebastien-auziere.fr\/blog\/#\/schema\/person\/149f1acdbfd85149c6c3e59adeae2f4d","name":"Chloe Gauthier","image":{"@type":"ImageObject","inLanguage":"fr-FR","@id":"https:\/\/secure.gravatar.com\/avatar\/2c5722f58171cff738a8985ef0dd66b476e563753246a49019befc837ec4201a?s=96&d=mm&r=g","url":"https:\/\/secure.gravatar.com\/avatar\/2c5722f58171cff738a8985ef0dd66b476e563753246a49019befc837ec4201a?s=96&d=mm&r=g","contentUrl":"https:\/\/secure.gravatar.com\/avatar\/2c5722f58171cff738a8985ef0dd66b476e563753246a49019befc837ec4201a?s=96&d=mm&r=g","caption":"Chloe Gauthier"},"description":"Passionn\u00e9e par la politique et admiratrice engag\u00e9e de la famille Macron, je consacre mon \u00e9nergie \u00e0 suivre leurs initiatives et \u00e0 promouvoir leurs id\u00e9es. \u00c0 32 ans, je suis convaincue que leur vision est porteuse d'avenir.","url":"https:\/\/www.sebastien-auziere.fr\/blog\/author\/chloe-gauthier\/"}]}},"views":3,"_links":{"self":[{"href":"https:\/\/www.sebastien-auziere.fr\/blog\/wp-json\/wp\/v2\/posts\/2703","targetHints":{"allow":["GET"]}}],"collection":[{"href":"https:\/\/www.sebastien-auziere.fr\/blog\/wp-json\/wp\/v2\/posts"}],"about":[{"href":"https:\/\/www.sebastien-auziere.fr\/blog\/wp-json\/wp\/v2\/types\/post"}],"author":[{"embeddable":true,"href":"https:\/\/www.sebastien-auziere.fr\/blog\/wp-json\/wp\/v2\/users\/9"}],"replies":[{"embeddable":true,"href":"https:\/\/www.sebastien-auziere.fr\/blog\/wp-json\/wp\/v2\/comments?post=2703"}],"version-history":[{"count":1,"href":"https:\/\/www.sebastien-auziere.fr\/blog\/wp-json\/wp\/v2\/posts\/2703\/revisions"}],"predecessor-version":[{"id":2704,"href":"https:\/\/www.sebastien-auziere.fr\/blog\/wp-json\/wp\/v2\/posts\/2703\/revisions\/2704"}],"wp:featuredmedia":[{"embeddable":true,"href":"https:\/\/www.sebastien-auziere.fr\/blog\/wp-json\/wp\/v2\/media\/2699"}],"wp:attachment":[{"href":"https:\/\/www.sebastien-auziere.fr\/blog\/wp-json\/wp\/v2\/media?parent=2703"}],"wp:term":[{"taxonomy":"category","embeddable":true,"href":"https:\/\/www.sebastien-auziere.fr\/blog\/wp-json\/wp\/v2\/categories?post=2703"},{"taxonomy":"post_tag","embeddable":true,"href":"https:\/\/www.sebastien-auziere.fr\/blog\/wp-json\/wp\/v2\/tags?post=2703"}],"curies":[{"name":"wp","href":"https:\/\/api.w.org\/{rel}","templated":true}]}}