{"id":2700,"date":"2026-04-02T19:08:45","date_gmt":"2026-04-02T19:08:45","guid":{"rendered":"https:\/\/www.sebastien-auziere.fr\/blog\/brigitte-macron-robe-blanche\/"},"modified":"2026-04-02T19:08:45","modified_gmt":"2026-04-02T19:08:45","slug":"brigitte-macron-robe-blanche","status":"publish","type":"post","link":"https:\/\/www.sebastien-auziere.fr\/blog\/brigitte-macron-robe-blanche\/","title":{"rendered":"Brigitte Macron choisit une \u00e9l\u00e9gante robe blanche pour sa rencontre avec l\u2019empereur Naruhito et l\u2019imp\u00e9ratrice du Japon"},"content":{"rendered":"<p><strong>Brigitte Macron<\/strong> a fait une entr\u00e9e remarqu\u00e9e au <strong>Palais imp\u00e9rial de Tokyo<\/strong> le <strong>2 avril 2026<\/strong>, choisissant une <strong>robe blanche<\/strong> d\u2019une sobri\u00e9t\u00e9 parfaite pour sa <strong>rencontre diplomatique<\/strong> avec l\u2019<strong>empereur Naruhito<\/strong> et l\u2019<strong>imp\u00e9ratrice du Japon<\/strong>, Masako. Tenue immacul\u00e9e, chignon bas et escarpins noirs : un message de <strong>mode fran\u00e7aise<\/strong> discret mais assum\u00e9 d\u00e8s les premi\u00e8res minutes de l\u2019\u00e9change.<\/p>\n\n<p>En bref : la Premi\u00e8re dame portait un sac <strong>Capucine Louis Vuitton<\/strong> noir, l\u2019imp\u00e9ratrice optait pour un tailleur rose p\u00e2le et des perles. La visite, tr\u00e8s codifi\u00e9e par le <strong>protocole<\/strong>, marque la reprise d\u2019un dialogue entre Paris et Tokyo, avant la suite de la tourn\u00e9e officielle en Cor\u00e9e du Sud.<\/p>\n\n<h2 class=\"wp-block-heading\">Le choix styl\u00e9 de Brigitte Macron au palais<\/h2>\n\n<p>Pour cette <strong>visite officielle<\/strong>, la Premi\u00e8re dame a attach\u00e9 ses cheveux blonds en chignon bas et port\u00e9 une <strong>robe blanche<\/strong> associ\u00e9e \u00e0 des escarpins noirs, une silhouette qui allie discr\u00e9tion et <strong>\u00e9l\u00e9gance<\/strong>. Le petit sac noir Capucine tenu d\u2019une main renforce cette simplicit\u00e9 \u00e9tudi\u00e9e. Quelques heures plus t\u00f4t, elle avait rencontr\u00e9 des \u00e9l\u00e8ves japonais, montrant un \u00e9quilibre entre engagements publics et c\u00e9r\u00e9monial formel. Ce look a imm\u00e9diatement suscit\u00e9 des commentaires dans la presse fran\u00e7aise.<\/p>\n\n<h2 class=\"wp-block-heading\">Protocole et \u00e9changes entre chefs d\u2019\u00c9tat<\/h2>\n\n<p>La rencontre avec l\u2019<strong>empereur Naruhito<\/strong> et l\u2019<strong>imp\u00e9ratrice Masako<\/strong> s\u2019est inscrite dans un strict respect du <strong>protocole<\/strong>. Emmanuel Macron n\u2019avait plus vu l\u2019empereur depuis le G20 d\u2019Osaka en 2019, o\u00f9 un \u00e9change de cadeaux formel avait eu lieu, comme l\u2019\u00e9ventail peint par l\u2019atelier d\u2019Anne Hoguet et un sac offert \u00e0 l\u2019imp\u00e9ratrice. Les journaux ont couvert l\u2019\u00e9v\u00e9nement en soulignant la port\u00e9e des <strong>relations internationales<\/strong> entre la France et le Japon. Pour le contexte mode, lire le compte-rendu de <a href=\"https:\/\/www.femmeactuelle.fr\/mode\/news-mode\/brigitte-macron-au-japon-en-robe-immaculee-et-chignon-bas-elle-adopte-lelegance-a-la-francaise-2206086\">Femme Actuelle<\/a> rel=\u00a0\u00bbnofollow\u00a0\u00bb.<\/p>\n\n<h2 class=\"wp-block-heading\">Mode fran\u00e7aise et symbolique du blanc<\/h2>\n\n<p>Le choix du <strong>blanc<\/strong> renvoie \u00e0 une esth\u00e9tique intemporelle de la <strong>mode fran\u00e7aise<\/strong>, d\u00e9j\u00e0 remarqu\u00e9e lors d\u2019autres apparitions publiques de la Premi\u00e8re dame. Certains observateurs ont m\u00eame \u00e9voqu\u00e9 l\u2019inspiration pour de futures robes de mari\u00e9e, comme l\u2019a soulign\u00e9 un article de <a href=\"https:\/\/www.gala.fr\/mode\/les_stars_et_la_mode\/pour-sa-rencontre-avec-l-empereur-naruhito-du-japon-brigitte-macron-mise-sur-une-robe-blanche-qui-saura-inspirer-les-futures-mariees-20260402\">Gala<\/a> rel=\u00a0\u00bbnofollow\u00a0\u00bb. En face, l\u2019imp\u00e9ratrice Masako a choisi un tailleur rose p\u00e2le et des perles, offrant un dialogue visuel entre deux sensibilit\u00e9s culturelles et esth\u00e9tiques.<\/p>\n\n<h2 class=\"wp-block-heading\">Une visite officielle tourn\u00e9e vers l\u2019Asie<\/h2>\n\n<p>Cette halte au Palais imp\u00e9rial concluait la premi\u00e8re partie d\u2019un voyage qui se poursuit en Cor\u00e9e du Sud, soulignant l\u2019importance strat\u00e9gique des \u00e9changes bilat\u00e9raux en 2026. La rencontre r\u00e9par\u00e9e avec l\u2019<strong>empereur Naruhito<\/strong> apr\u00e8s 2019 symbolise une continuit\u00e9 diplomatique. Observateurs et commentateurs ont not\u00e9 l\u2019\u00e9quilibre entre messages politiques et gestes symboliques, o\u00f9 la tenue de la Premi\u00e8re dame joue un r\u00f4le non n\u00e9gligeable dans l\u2019image v\u00e9hicul\u00e9e.<\/p>\n\n<p>Pour en savoir plus sur <strong>S\u00e9bastien Auzi\u00e8re<\/strong> et la famille Macron, et suivre les coulisses de ces rendez-vous diplomatiques, rends-toi sur <a href=\"https:\/\/sebastien-auziere.fr\">sebastien-auziere.fr<\/a> rel=\u00a0\u00bbnofollow\u00a0\u00bb pour d\u00e9couvrir portraits, \u00e9v\u00e9nements et analyses d\u00e9taill\u00e9es.<\/p>\n\n","protected":false},"excerpt":{"rendered":"<p>Brigitte Macron a fait une entr\u00e9e remarqu\u00e9e au Palais imp\u00e9rial de Tokyo le 2 avril 2026, choisissant une robe blanche d\u2019une sobri\u00e9t\u00e9 parfaite pour sa rencontre diplomatique avec l\u2019empereur Naruhito et l\u2019imp\u00e9ratrice du Japon, Masako. Tenue immacul\u00e9e, chignon bas et escarpins noirs : un message de mode fran\u00e7aise discret mais assum\u00e9 d\u00e8s les premi\u00e8res minutes &#8230; <a title=\"Brigitte Macron choisit une \u00e9l\u00e9gante robe blanche pour sa rencontre avec l\u2019empereur Naruhito et l\u2019imp\u00e9ratrice du Japon\" class=\"read-more\" href=\"https:\/\/www.sebastien-auziere.fr\/blog\/brigitte-macron-robe-blanche\/\" aria-label=\"En savoir plus sur Brigitte Macron choisit une \u00e9l\u00e9gante robe blanche pour sa rencontre avec l\u2019empereur Naruhito et l\u2019imp\u00e9ratrice du Japon\">Lire plus<\/a><\/p>\n","protected":false},"author":9,"featured_media":2699,"comment_status":"open","ping_status":"open","sticky":false,"template":"","format":"standard","meta":{"footnotes":""},"categories":[597],"tags":[892,1449,1445,1447,1443],"class_list":["post-2700","post","type-post","status-publish","format-standard","has-post-thumbnail","hentry","category-actualites","tag-brigitte-macron","tag-empereur-naruhito","tag-mode-elegante","tag-rencontre-officielle","tag-robe-blanche"],"yoast_head":"<!-- This site is optimized with the Yoast SEO plugin v27.5 - https:\/\/yoast.com\/product\/yoast-seo-wordpress\/ -->\n<title>Brigitte Macron choisit une \u00e9l\u00e9gante robe blanche pour sa rencontre avec l\u2019empereur Naruhito et l\u2019imp\u00e9ratrice du Japon - Fan site S\u00e9bastien Auzi\u00e8re<\/title>\n<meta name=\"description\" content=\"Brigitte Macron choisit une \u00e9l\u00e9gante robe blanche pour sa rencontre avec l&#039;empereur Naruhito et l&#039;imp\u00e9ratrice du Japon, alliant style et diplomatie.\" \/>\n<meta name=\"robots\" content=\"index, follow, max-snippet:-1, max-image-preview:large, max-video-preview:-1\" \/>\n<link rel=\"canonical\" href=\"https:\/\/www.sebastien-auziere.fr\/blog\/brigitte-macron-robe-blanche\/\" \/>\n<meta property=\"og:locale\" content=\"fr_FR\" \/>\n<meta property=\"og:type\" content=\"article\" \/>\n<meta property=\"og:title\" content=\"Brigitte Macron choisit une \u00e9l\u00e9gante robe blanche pour sa rencontre avec l\u2019empereur Naruhito et l\u2019imp\u00e9ratrice du Japon - Fan site S\u00e9bastien Auzi\u00e8re\" \/>\n<meta property=\"og:description\" content=\"Brigitte Macron choisit une \u00e9l\u00e9gante robe blanche pour sa rencontre avec l&#039;empereur Naruhito et l&#039;imp\u00e9ratrice du Japon, alliant style et diplomatie.\" \/>\n<meta property=\"og:url\" content=\"https:\/\/www.sebastien-auziere.fr\/blog\/brigitte-macron-robe-blanche\/\" \/>\n<meta property=\"og:site_name\" content=\"Fan site S\u00e9bastien Auzi\u00e8re\" \/>\n<meta property=\"article:published_time\" content=\"2026-04-02T19:08:45+00:00\" \/>\n<meta property=\"og:image\" content=\"https:\/\/www.sebastien-auziere.fr\/blog\/wp-content\/uploads\/2026\/04\/Brigitte-Macron-choisit-une-elegante-robe-blanche-pour-sa-rencontre-avec-lempereur-Naruhito-et-limperatrice-du-Japon.jpg\" \/>\n\t<meta property=\"og:image:width\" content=\"2560\" \/>\n\t<meta property=\"og:image:height\" content=\"1429\" \/>\n\t<meta property=\"og:image:type\" content=\"image\/jpeg\" \/>\n<meta name=\"author\" content=\"Chloe Gauthier\" \/>\n<meta name=\"twitter:card\" content=\"summary_large_image\" \/>\n<meta name=\"twitter:label1\" content=\"\u00c9crit par\" \/>\n\t<meta name=\"twitter:data1\" content=\"Chloe Gauthier\" \/>\n\t<meta name=\"twitter:label2\" content=\"Dur\u00e9e de lecture estim\u00e9e\" \/>\n\t<meta name=\"twitter:data2\" content=\"3 minutes\" \/>\n<script type=\"application\/ld+json\" class=\"yoast-schema-graph\">{\"@context\":\"https:\\\/\\\/schema.org\",\"@graph\":[{\"@type\":\"Article\",\"@id\":\"https:\\\/\\\/www.sebastien-auziere.fr\\\/blog\\\/brigitte-macron-robe-blanche\\\/#article\",\"isPartOf\":{\"@id\":\"https:\\\/\\\/www.sebastien-auziere.fr\\\/blog\\\/brigitte-macron-robe-blanche\\\/\"},\"author\":{\"name\":\"Chloe Gauthier\",\"@id\":\"https:\\\/\\\/www.sebastien-auziere.fr\\\/blog\\\/#\\\/schema\\\/person\\\/149f1acdbfd85149c6c3e59adeae2f4d\"},\"headline\":\"Brigitte Macron choisit une \u00e9l\u00e9gante robe blanche pour sa rencontre avec l\u2019empereur Naruhito et l\u2019imp\u00e9ratrice du Japon\",\"datePublished\":\"2026-04-02T19:08:45+00:00\",\"mainEntityOfPage\":{\"@id\":\"https:\\\/\\\/www.sebastien-auziere.fr\\\/blog\\\/brigitte-macron-robe-blanche\\\/\"},\"wordCount\":554,\"commentCount\":0,\"publisher\":{\"@id\":\"https:\\\/\\\/www.sebastien-auziere.fr\\\/blog\\\/#organization\"},\"image\":{\"@id\":\"https:\\\/\\\/www.sebastien-auziere.fr\\\/blog\\\/brigitte-macron-robe-blanche\\\/#primaryimage\"},\"thumbnailUrl\":\"https:\\\/\\\/www.sebastien-auziere.fr\\\/blog\\\/wp-content\\\/uploads\\\/2026\\\/04\\\/Brigitte-Macron-choisit-une-elegante-robe-blanche-pour-sa-rencontre-avec-lempereur-Naruhito-et-limperatrice-du-Japon.jpg\",\"keywords\":[\"brigitte macron\",\"empereur naruhito\",\"mode \u00e9l\u00e9gante\",\"rencontre officielle\",\"robe blanche\"],\"articleSection\":[\"Actualit\u00e9s\"],\"inLanguage\":\"fr-FR\",\"potentialAction\":[{\"@type\":\"CommentAction\",\"name\":\"Comment\",\"target\":[\"https:\\\/\\\/www.sebastien-auziere.fr\\\/blog\\\/brigitte-macron-robe-blanche\\\/#respond\"]}]},{\"@type\":\"WebPage\",\"@id\":\"https:\\\/\\\/www.sebastien-auziere.fr\\\/blog\\\/brigitte-macron-robe-blanche\\\/\",\"url\":\"https:\\\/\\\/www.sebastien-auziere.fr\\\/blog\\\/brigitte-macron-robe-blanche\\\/\",\"name\":\"Brigitte Macron choisit une \u00e9l\u00e9gante robe blanche pour sa rencontre avec l\u2019empereur Naruhito et l\u2019imp\u00e9ratrice du Japon - Fan site S\u00e9bastien Auzi\u00e8re\",\"isPartOf\":{\"@id\":\"https:\\\/\\\/www.sebastien-auziere.fr\\\/blog\\\/#website\"},\"primaryImageOfPage\":{\"@id\":\"https:\\\/\\\/www.sebastien-auziere.fr\\\/blog\\\/brigitte-macron-robe-blanche\\\/#primaryimage\"},\"image\":{\"@id\":\"https:\\\/\\\/www.sebastien-auziere.fr\\\/blog\\\/brigitte-macron-robe-blanche\\\/#primaryimage\"},\"thumbnailUrl\":\"https:\\\/\\\/www.sebastien-auziere.fr\\\/blog\\\/wp-content\\\/uploads\\\/2026\\\/04\\\/Brigitte-Macron-choisit-une-elegante-robe-blanche-pour-sa-rencontre-avec-lempereur-Naruhito-et-limperatrice-du-Japon.jpg\",\"datePublished\":\"2026-04-02T19:08:45+00:00\",\"description\":\"Brigitte Macron choisit une \u00e9l\u00e9gante robe blanche pour sa rencontre avec l'empereur Naruhito et l'imp\u00e9ratrice du Japon, alliant style et diplomatie.\",\"breadcrumb\":{\"@id\":\"https:\\\/\\\/www.sebastien-auziere.fr\\\/blog\\\/brigitte-macron-robe-blanche\\\/#breadcrumb\"},\"inLanguage\":\"fr-FR\",\"potentialAction\":[{\"@type\":\"ReadAction\",\"target\":[\"https:\\\/\\\/www.sebastien-auziere.fr\\\/blog\\\/brigitte-macron-robe-blanche\\\/\"]}]},{\"@type\":\"ImageObject\",\"inLanguage\":\"fr-FR\",\"@id\":\"https:\\\/\\\/www.sebastien-auziere.fr\\\/blog\\\/brigitte-macron-robe-blanche\\\/#primaryimage\",\"url\":\"https:\\\/\\\/www.sebastien-auziere.fr\\\/blog\\\/wp-content\\\/uploads\\\/2026\\\/04\\\/Brigitte-Macron-choisit-une-elegante-robe-blanche-pour-sa-rencontre-avec-lempereur-Naruhito-et-limperatrice-du-Japon.jpg\",\"contentUrl\":\"https:\\\/\\\/www.sebastien-auziere.fr\\\/blog\\\/wp-content\\\/uploads\\\/2026\\\/04\\\/Brigitte-Macron-choisit-une-elegante-robe-blanche-pour-sa-rencontre-avec-lempereur-Naruhito-et-limperatrice-du-Japon.jpg\",\"width\":2560,\"height\":1429,\"caption\":\"d\u00e9couvrez le choix raffin\u00e9 de brigitte macron, qui porte une \u00e9l\u00e9gante robe blanche lors de sa rencontre avec l\u2019empereur naruhito et l\u2019imp\u00e9ratrice du japon, illustrant un moment de diplomatie et de style.\"},{\"@type\":\"BreadcrumbList\",\"@id\":\"https:\\\/\\\/www.sebastien-auziere.fr\\\/blog\\\/brigitte-macron-robe-blanche\\\/#breadcrumb\",\"itemListElement\":[{\"@type\":\"ListItem\",\"position\":1,\"name\":\"Home\",\"item\":\"https:\\\/\\\/www.sebastien-auziere.fr\\\/blog\\\/\"},{\"@type\":\"ListItem\",\"position\":2,\"name\":\"Brigitte Macron choisit une \u00e9l\u00e9gante robe blanche pour sa rencontre avec l\u2019empereur Naruhito et l\u2019imp\u00e9ratrice du Japon\"}]},{\"@type\":\"WebSite\",\"@id\":\"https:\\\/\\\/www.sebastien-auziere.fr\\\/blog\\\/#website\",\"url\":\"https:\\\/\\\/www.sebastien-auziere.fr\\\/blog\\\/\",\"name\":\"Fan site S\u00e9bastien Auzi\u00e8re\",\"description\":\"M\u00e9dia g\u00e9n\u00e9raliste\",\"publisher\":{\"@id\":\"https:\\\/\\\/www.sebastien-auziere.fr\\\/blog\\\/#organization\"},\"potentialAction\":[{\"@type\":\"SearchAction\",\"target\":{\"@type\":\"EntryPoint\",\"urlTemplate\":\"https:\\\/\\\/www.sebastien-auziere.fr\\\/blog\\\/?s={search_term_string}\"},\"query-input\":{\"@type\":\"PropertyValueSpecification\",\"valueRequired\":true,\"valueName\":\"search_term_string\"}}],\"inLanguage\":\"fr-FR\"},{\"@type\":\"Organization\",\"@id\":\"https:\\\/\\\/www.sebastien-auziere.fr\\\/blog\\\/#organization\",\"name\":\"Fan site S\u00e9bastien Auzi\u00e8re\",\"url\":\"https:\\\/\\\/www.sebastien-auziere.fr\\\/blog\\\/\",\"logo\":{\"@type\":\"ImageObject\",\"inLanguage\":\"fr-FR\",\"@id\":\"https:\\\/\\\/www.sebastien-auziere.fr\\\/blog\\\/#\\\/schema\\\/logo\\\/image\\\/\",\"url\":\"https:\\\/\\\/www.sebastien-auziere.fr\\\/blog\\\/wp-content\\\/uploads\\\/2026\\\/03\\\/cropped-cropped-cropped-ChatGPT-Image-6-mars-2026-12_58_09-e1772798376794.jpg\",\"contentUrl\":\"https:\\\/\\\/www.sebastien-auziere.fr\\\/blog\\\/wp-content\\\/uploads\\\/2026\\\/03\\\/cropped-cropped-cropped-ChatGPT-Image-6-mars-2026-12_58_09-e1772798376794.jpg\",\"width\":512,\"height\":360,\"caption\":\"Fan site S\u00e9bastien Auzi\u00e8re\"},\"image\":{\"@id\":\"https:\\\/\\\/www.sebastien-auziere.fr\\\/blog\\\/#\\\/schema\\\/logo\\\/image\\\/\"}},{\"@type\":\"Person\",\"@id\":\"https:\\\/\\\/www.sebastien-auziere.fr\\\/blog\\\/#\\\/schema\\\/person\\\/149f1acdbfd85149c6c3e59adeae2f4d\",\"name\":\"Chloe Gauthier\",\"image\":{\"@type\":\"ImageObject\",\"inLanguage\":\"fr-FR\",\"@id\":\"https:\\\/\\\/secure.gravatar.com\\\/avatar\\\/2c5722f58171cff738a8985ef0dd66b476e563753246a49019befc837ec4201a?s=96&d=mm&r=g\",\"url\":\"https:\\\/\\\/secure.gravatar.com\\\/avatar\\\/2c5722f58171cff738a8985ef0dd66b476e563753246a49019befc837ec4201a?s=96&d=mm&r=g\",\"contentUrl\":\"https:\\\/\\\/secure.gravatar.com\\\/avatar\\\/2c5722f58171cff738a8985ef0dd66b476e563753246a49019befc837ec4201a?s=96&d=mm&r=g\",\"caption\":\"Chloe Gauthier\"},\"description\":\"Passionn\u00e9e par la politique et admiratrice engag\u00e9e de la famille Macron, je consacre mon \u00e9nergie \u00e0 suivre leurs initiatives et \u00e0 promouvoir leurs id\u00e9es. \u00c0 32 ans, je suis convaincue que leur vision est porteuse d'avenir.\",\"url\":\"https:\\\/\\\/www.sebastien-auziere.fr\\\/blog\\\/author\\\/chloe-gauthier\\\/\"}]}<\/script>\n<!-- \/ Yoast SEO plugin. -->","yoast_head_json":{"title":"Brigitte Macron choisit une \u00e9l\u00e9gante robe blanche pour sa rencontre avec l\u2019empereur Naruhito et l\u2019imp\u00e9ratrice du Japon - Fan site S\u00e9bastien Auzi\u00e8re","description":"Brigitte Macron choisit une \u00e9l\u00e9gante robe blanche pour sa rencontre avec l'empereur Naruhito et l'imp\u00e9ratrice du Japon, alliant style et diplomatie.","robots":{"index":"index","follow":"follow","max-snippet":"max-snippet:-1","max-image-preview":"max-image-preview:large","max-video-preview":"max-video-preview:-1"},"canonical":"https:\/\/www.sebastien-auziere.fr\/blog\/brigitte-macron-robe-blanche\/","og_locale":"fr_FR","og_type":"article","og_title":"Brigitte Macron choisit une \u00e9l\u00e9gante robe blanche pour sa rencontre avec l\u2019empereur Naruhito et l\u2019imp\u00e9ratrice du Japon - Fan site S\u00e9bastien Auzi\u00e8re","og_description":"Brigitte Macron choisit une \u00e9l\u00e9gante robe blanche pour sa rencontre avec l'empereur Naruhito et l'imp\u00e9ratrice du Japon, alliant style et diplomatie.","og_url":"https:\/\/www.sebastien-auziere.fr\/blog\/brigitte-macron-robe-blanche\/","og_site_name":"Fan site S\u00e9bastien Auzi\u00e8re","article_published_time":"2026-04-02T19:08:45+00:00","og_image":[{"width":2560,"height":1429,"url":"https:\/\/www.sebastien-auziere.fr\/blog\/wp-content\/uploads\/2026\/04\/Brigitte-Macron-choisit-une-elegante-robe-blanche-pour-sa-rencontre-avec-lempereur-Naruhito-et-limperatrice-du-Japon.jpg","type":"image\/jpeg"}],"author":"Chloe Gauthier","twitter_card":"summary_large_image","twitter_misc":{"\u00c9crit par":"Chloe Gauthier","Dur\u00e9e de lecture estim\u00e9e":"3 minutes"},"schema":{"@context":"https:\/\/schema.org","@graph":[{"@type":"Article","@id":"https:\/\/www.sebastien-auziere.fr\/blog\/brigitte-macron-robe-blanche\/#article","isPartOf":{"@id":"https:\/\/www.sebastien-auziere.fr\/blog\/brigitte-macron-robe-blanche\/"},"author":{"name":"Chloe Gauthier","@id":"https:\/\/www.sebastien-auziere.fr\/blog\/#\/schema\/person\/149f1acdbfd85149c6c3e59adeae2f4d"},"headline":"Brigitte Macron choisit une \u00e9l\u00e9gante robe blanche pour sa rencontre avec l\u2019empereur Naruhito et l\u2019imp\u00e9ratrice du Japon","datePublished":"2026-04-02T19:08:45+00:00","mainEntityOfPage":{"@id":"https:\/\/www.sebastien-auziere.fr\/blog\/brigitte-macron-robe-blanche\/"},"wordCount":554,"commentCount":0,"publisher":{"@id":"https:\/\/www.sebastien-auziere.fr\/blog\/#organization"},"image":{"@id":"https:\/\/www.sebastien-auziere.fr\/blog\/brigitte-macron-robe-blanche\/#primaryimage"},"thumbnailUrl":"https:\/\/www.sebastien-auziere.fr\/blog\/wp-content\/uploads\/2026\/04\/Brigitte-Macron-choisit-une-elegante-robe-blanche-pour-sa-rencontre-avec-lempereur-Naruhito-et-limperatrice-du-Japon.jpg","keywords":["brigitte macron","empereur naruhito","mode \u00e9l\u00e9gante","rencontre officielle","robe blanche"],"articleSection":["Actualit\u00e9s"],"inLanguage":"fr-FR","potentialAction":[{"@type":"CommentAction","name":"Comment","target":["https:\/\/www.sebastien-auziere.fr\/blog\/brigitte-macron-robe-blanche\/#respond"]}]},{"@type":"WebPage","@id":"https:\/\/www.sebastien-auziere.fr\/blog\/brigitte-macron-robe-blanche\/","url":"https:\/\/www.sebastien-auziere.fr\/blog\/brigitte-macron-robe-blanche\/","name":"Brigitte Macron choisit une \u00e9l\u00e9gante robe blanche pour sa rencontre avec l\u2019empereur Naruhito et l\u2019imp\u00e9ratrice du Japon - Fan site S\u00e9bastien Auzi\u00e8re","isPartOf":{"@id":"https:\/\/www.sebastien-auziere.fr\/blog\/#website"},"primaryImageOfPage":{"@id":"https:\/\/www.sebastien-auziere.fr\/blog\/brigitte-macron-robe-blanche\/#primaryimage"},"image":{"@id":"https:\/\/www.sebastien-auziere.fr\/blog\/brigitte-macron-robe-blanche\/#primaryimage"},"thumbnailUrl":"https:\/\/www.sebastien-auziere.fr\/blog\/wp-content\/uploads\/2026\/04\/Brigitte-Macron-choisit-une-elegante-robe-blanche-pour-sa-rencontre-avec-lempereur-Naruhito-et-limperatrice-du-Japon.jpg","datePublished":"2026-04-02T19:08:45+00:00","description":"Brigitte Macron choisit une \u00e9l\u00e9gante robe blanche pour sa rencontre avec l'empereur Naruhito et l'imp\u00e9ratrice du Japon, alliant style et diplomatie.","breadcrumb":{"@id":"https:\/\/www.sebastien-auziere.fr\/blog\/brigitte-macron-robe-blanche\/#breadcrumb"},"inLanguage":"fr-FR","potentialAction":[{"@type":"ReadAction","target":["https:\/\/www.sebastien-auziere.fr\/blog\/brigitte-macron-robe-blanche\/"]}]},{"@type":"ImageObject","inLanguage":"fr-FR","@id":"https:\/\/www.sebastien-auziere.fr\/blog\/brigitte-macron-robe-blanche\/#primaryimage","url":"https:\/\/www.sebastien-auziere.fr\/blog\/wp-content\/uploads\/2026\/04\/Brigitte-Macron-choisit-une-elegante-robe-blanche-pour-sa-rencontre-avec-lempereur-Naruhito-et-limperatrice-du-Japon.jpg","contentUrl":"https:\/\/www.sebastien-auziere.fr\/blog\/wp-content\/uploads\/2026\/04\/Brigitte-Macron-choisit-une-elegante-robe-blanche-pour-sa-rencontre-avec-lempereur-Naruhito-et-limperatrice-du-Japon.jpg","width":2560,"height":1429,"caption":"d\u00e9couvrez le choix raffin\u00e9 de brigitte macron, qui porte une \u00e9l\u00e9gante robe blanche lors de sa rencontre avec l\u2019empereur naruhito et l\u2019imp\u00e9ratrice du japon, illustrant un moment de diplomatie et de style."},{"@type":"BreadcrumbList","@id":"https:\/\/www.sebastien-auziere.fr\/blog\/brigitte-macron-robe-blanche\/#breadcrumb","itemListElement":[{"@type":"ListItem","position":1,"name":"Home","item":"https:\/\/www.sebastien-auziere.fr\/blog\/"},{"@type":"ListItem","position":2,"name":"Brigitte Macron choisit une \u00e9l\u00e9gante robe blanche pour sa rencontre avec l\u2019empereur Naruhito et l\u2019imp\u00e9ratrice du Japon"}]},{"@type":"WebSite","@id":"https:\/\/www.sebastien-auziere.fr\/blog\/#website","url":"https:\/\/www.sebastien-auziere.fr\/blog\/","name":"Fan site S\u00e9bastien Auzi\u00e8re","description":"M\u00e9dia g\u00e9n\u00e9raliste","publisher":{"@id":"https:\/\/www.sebastien-auziere.fr\/blog\/#organization"},"potentialAction":[{"@type":"SearchAction","target":{"@type":"EntryPoint","urlTemplate":"https:\/\/www.sebastien-auziere.fr\/blog\/?s={search_term_string}"},"query-input":{"@type":"PropertyValueSpecification","valueRequired":true,"valueName":"search_term_string"}}],"inLanguage":"fr-FR"},{"@type":"Organization","@id":"https:\/\/www.sebastien-auziere.fr\/blog\/#organization","name":"Fan site S\u00e9bastien Auzi\u00e8re","url":"https:\/\/www.sebastien-auziere.fr\/blog\/","logo":{"@type":"ImageObject","inLanguage":"fr-FR","@id":"https:\/\/www.sebastien-auziere.fr\/blog\/#\/schema\/logo\/image\/","url":"https:\/\/www.sebastien-auziere.fr\/blog\/wp-content\/uploads\/2026\/03\/cropped-cropped-cropped-ChatGPT-Image-6-mars-2026-12_58_09-e1772798376794.jpg","contentUrl":"https:\/\/www.sebastien-auziere.fr\/blog\/wp-content\/uploads\/2026\/03\/cropped-cropped-cropped-ChatGPT-Image-6-mars-2026-12_58_09-e1772798376794.jpg","width":512,"height":360,"caption":"Fan site S\u00e9bastien Auzi\u00e8re"},"image":{"@id":"https:\/\/www.sebastien-auziere.fr\/blog\/#\/schema\/logo\/image\/"}},{"@type":"Person","@id":"https:\/\/www.sebastien-auziere.fr\/blog\/#\/schema\/person\/149f1acdbfd85149c6c3e59adeae2f4d","name":"Chloe Gauthier","image":{"@type":"ImageObject","inLanguage":"fr-FR","@id":"https:\/\/secure.gravatar.com\/avatar\/2c5722f58171cff738a8985ef0dd66b476e563753246a49019befc837ec4201a?s=96&d=mm&r=g","url":"https:\/\/secure.gravatar.com\/avatar\/2c5722f58171cff738a8985ef0dd66b476e563753246a49019befc837ec4201a?s=96&d=mm&r=g","contentUrl":"https:\/\/secure.gravatar.com\/avatar\/2c5722f58171cff738a8985ef0dd66b476e563753246a49019befc837ec4201a?s=96&d=mm&r=g","caption":"Chloe Gauthier"},"description":"Passionn\u00e9e par la politique et admiratrice engag\u00e9e de la famille Macron, je consacre mon \u00e9nergie \u00e0 suivre leurs initiatives et \u00e0 promouvoir leurs id\u00e9es. \u00c0 32 ans, je suis convaincue que leur vision est porteuse d'avenir.","url":"https:\/\/www.sebastien-auziere.fr\/blog\/author\/chloe-gauthier\/"}]}},"views":30,"_links":{"self":[{"href":"https:\/\/www.sebastien-auziere.fr\/blog\/wp-json\/wp\/v2\/posts\/2700","targetHints":{"allow":["GET"]}}],"collection":[{"href":"https:\/\/www.sebastien-auziere.fr\/blog\/wp-json\/wp\/v2\/posts"}],"about":[{"href":"https:\/\/www.sebastien-auziere.fr\/blog\/wp-json\/wp\/v2\/types\/post"}],"author":[{"embeddable":true,"href":"https:\/\/www.sebastien-auziere.fr\/blog\/wp-json\/wp\/v2\/users\/9"}],"replies":[{"embeddable":true,"href":"https:\/\/www.sebastien-auziere.fr\/blog\/wp-json\/wp\/v2\/comments?post=2700"}],"version-history":[{"count":0,"href":"https:\/\/www.sebastien-auziere.fr\/blog\/wp-json\/wp\/v2\/posts\/2700\/revisions"}],"wp:featuredmedia":[{"embeddable":true,"href":"https:\/\/www.sebastien-auziere.fr\/blog\/wp-json\/wp\/v2\/media\/2699"}],"wp:attachment":[{"href":"https:\/\/www.sebastien-auziere.fr\/blog\/wp-json\/wp\/v2\/media?parent=2700"}],"wp:term":[{"taxonomy":"category","embeddable":true,"href":"https:\/\/www.sebastien-auziere.fr\/blog\/wp-json\/wp\/v2\/categories?post=2700"},{"taxonomy":"post_tag","embeddable":true,"href":"https:\/\/www.sebastien-auziere.fr\/blog\/wp-json\/wp\/v2\/tags?post=2700"}],"curies":[{"name":"wp","href":"https:\/\/api.w.org\/{rel}","templated":true}]}}