{"id":2695,"date":"2026-04-02T07:16:05","date_gmt":"2026-04-02T07:16:05","guid":{"rendered":"https:\/\/www.sebastien-auziere.fr\/blog\/?p=2695"},"modified":"2026-04-02T07:16:46","modified_gmt":"2026-04-02T07:16:46","slug":"brigitte-macron-descobre-a-arte-japonesa-imersao-no-coracao-de-uma-escola-entre-teatro-caligrafia-e-ceramica","status":"publish","type":"post","link":"https:\/\/www.sebastien-auziere.fr\/blog\/pt\/brigitte-macron-descobre-a-arte-japonesa-imersao-no-coracao-de-uma-escola-entre-teatro-caligrafia-e-ceramica\/","title":{"rendered":"Brigitte Macron descobre a arte japonesa: imers\u00e3o no cora\u00e7\u00e3o de uma escola entre teatro, caligrafia e cer\u00e2mica"},"content":{"rendered":"<p><strong>Brigitte Macron<\/strong> viveu uma verdadeira <strong>imers\u00e3o cultural<\/strong> no col\u00e9gio Harumi em T\u00f3quio no <strong>1\u00ba de abril de 2026<\/strong>, onde assistiu a uma aula de <strong>teatro japon\u00eas<\/strong>, praticou <strong>caligrafia<\/strong> e descobriu a <strong>cer\u00e2mica<\/strong>. Desde os primeiros momentos, a esposa do presidente compartilhou trocas calorosas com os adolescentes e os professores, fi\u00e9is ao desenrolar oficial da viagem de Estado.<\/p>\n\n<p><strong>Em resumo:<\/strong> Visita ao col\u00e9gio Harumi, introdu\u00e7\u00e3o \u00e0 <strong>caligrafia<\/strong> e \u00e0 <strong>cer\u00e2mica<\/strong>. Participa\u00e7\u00e3o em um torneio de <strong>karuta<\/strong> e em uma aula de m\u00fasica tradicional. Encontro diplom\u00e1tico com o Imperador Naruhito programado durante a estadia. Imagens e primeiros retornos publicados pela imprensa francesa confirmam esses momentos.<\/p>\n\n<h2 class=\"wp-block-heading\">Visita ao col\u00e9gio Harumi: teatro, troca e pedagogia<\/h2>\n\n<p>No cora\u00e7\u00e3o de T\u00f3quio, a presen\u00e7a de <strong>Brigitte Macron<\/strong> no col\u00e9gio Harumi destacou o lugar do <strong>teatro japon\u00eas<\/strong> na educa\u00e7\u00e3o art\u00edstica. Convidada a acompanhar uma sess\u00e3o dirigida por professores locais, observou t\u00e9cnicas de interpreta\u00e7\u00e3o e discutiu os desafios escolares, especialmente a preven\u00e7\u00e3o do bullying, tema recorrente de sua a\u00e7\u00e3o p\u00fablica. As primeiras imagens desse dia foram divulgadas por v\u00e1rios ve\u00edculos franceses, incluindo <a href=\"https:\/\/photo.gala.fr\/l_actu\/news_de_stars\/photos-brigitte-et-emmanuel-macron-au-japon-et-en-coree-les-premieres-images-de-leur-visite-20260331\">as primeiras imagens<\/a>.<\/p>\n\n<h3 class=\"wp-block-heading\">Caligrafia e cer\u00e2mica: imers\u00e3o na arte japonesa<\/h3>\n\n<p>A aula de <strong>caligrafia<\/strong> permitiu \u00e0 Primeira-dama experimentar a escrita com pincel, gesto central das <strong>trad\u00e7\u00f5es japonesas<\/strong>. Em seguida, ela observou um ateli\u00ea de <strong>cer\u00e2mica<\/strong>, onde o torno e o esmalte ilustram o <strong>artesanato japon\u00eas<\/strong> transmitido de gera\u00e7\u00e3o em gera\u00e7\u00e3o. Esses momentos, documentados no col\u00e9gio Harumi, mostram uma abordagem pedag\u00f3gica voltada para a <strong>descoberta art\u00edstica<\/strong> e a troca entre culturas, conforme relatado por v\u00e1rias not\u00edcias <a href=\"https:\/\/fr.news.yahoo.com\/cours-th%C3%A9%C3%A2tre-calligraphie-poterie-brigitte-062716165.html\">de imprensa<\/a>.<\/p>\n\n<h2 class=\"wp-block-heading\">Tradi\u00e7\u00f5es vivas: karuta, m\u00fasica e transmiss\u00e3o<\/h2>\n\n<p>A Primeira-dama tamb\u00e9m assistiu a um duelo de <strong>karuta<\/strong> e a uma aula de m\u00fasica tradicional, destacando a riqueza das pr\u00e1ticas art\u00edsticas ensinadas nesta <strong>escola de arte<\/strong> escolar. Uma semana ap\u00f3s sua ades\u00e3o \u00e0 \u00ab\u00a0coaliz\u00e3o de Primeiras-damas\u00a0\u00bb, essas trocas ganham uma resson\u00e2ncia internacional, ligando cultura e a\u00e7\u00e3o educativa. Este aspecto cultural precede o encontro oficial previsto com o Imperador Naruhito durante o almo\u00e7o de Estado.<\/p>\n\n<h2 class=\"wp-block-heading\">Uma visita que alimenta o di\u00e1logo educativo<\/h2>\n\n<p>A imers\u00e3o de <strong>Brigitte Macron<\/strong> no col\u00e9gio Harumi ilustra a import\u00e2ncia de integrar <strong>arte japonesa<\/strong> e pedagogia para combater a exclus\u00e3o escolar. A combina\u00e7\u00e3o de <strong>teatro<\/strong>, <strong>caligrafia<\/strong> e <strong>cer\u00e2mica<\/strong> favorece a express\u00e3o dos jovens e refor\u00e7a a coopera\u00e7\u00e3o cultural franco-japonesa. Esses encontros, divulgados pela imprensa e os servi\u00e7os diplom\u00e1ticos, oferecem uma vis\u00e3o concreta dos efeitos de uma pol\u00edtica cultural voltada para a juventude.<\/p>\n\n<p>Para saber mais sobre essa visita e o papel da Primeira-dama nas trocas culturais, descubra a an\u00e1lise completa da viagem em <a href=\"https:\/\/www.sebastien-auziere.fr\/blog\/brigitte-macron-japon\/\">o dossi\u00ea dedicado<\/a> e os desdobramentos diplom\u00e1ticos em <a href=\"https:\/\/www.sebastien-auziere.fr\/blog\/macron-au-japon-et-en-coree-du-sud-fin-mars-2026-audience-imperiale-et-visite-officielle\/\">o relat\u00f3rio da estadia<\/a> em sebastien-auziere.fr, onde aprofundamos a a\u00e7\u00e3o cultural e educativa do casal presidencial.<\/p>","protected":false},"excerpt":{"rendered":"<p>Brigitte Macron viveu uma verdadeira imers\u00e3o cultural no col\u00e9gio Harumi em T\u00f3quio no 1\u00ba de abril de 2026, onde assistiu a uma aula de teatro japon\u00eas, praticou caligrafia e descobriu a cer\u00e2mica. Desde os primeiros momentos, a esposa do presidente compartilhou trocas calorosas com os adolescentes e os professores, fi\u00e9is ao desenrolar oficial da viagem &#8230; <a title=\"Brigitte Macron descobre a arte japonesa: imers\u00e3o no cora\u00e7\u00e3o de uma escola entre teatro, caligrafia e cer\u00e2mica\" class=\"read-more\" href=\"https:\/\/www.sebastien-auziere.fr\/blog\/pt\/brigitte-macron-descobre-a-arte-japonesa-imersao-no-coracao-de-uma-escola-entre-teatro-caligrafia-e-ceramica\/\" aria-label=\"En savoir plus sur Brigitte Macron descobre a arte japonesa: imers\u00e3o no cora\u00e7\u00e3o de uma escola entre teatro, caligrafia e cer\u00e2mica\">Lire plus<\/a><\/p>\n","protected":false},"author":9,"featured_media":2685,"comment_status":"open","ping_status":"open","sticky":false,"template":"","format":"standard","meta":{"footnotes":""},"categories":[862],"tags":[1419,959,1422,1425,1428],"class_list":["post-2695","post","type-post","status-publish","format-standard","has-post-thumbnail","hentry","category-actualidades-pt","tag-art-japones-pt","tag-brigitte-macron-pt","tag-caligrafia-japonesa-pt","tag-poteria-japonesa-pt","tag-teatro-japones-pt"],"yoast_head":"<!-- This site is optimized with the Yoast SEO plugin v27.5 - https:\/\/yoast.com\/product\/yoast-seo-wordpress\/ -->\n<title>Brigitte Macron descobre a arte japonesa: imers\u00e3o no cora\u00e7\u00e3o de uma escola entre teatro, caligrafia e cer\u00e2mica - Fan site S\u00e9bastien Auzi\u00e8re<\/title>\n<meta name=\"description\" content=\"D\u00e9couvrez Brigitte Macron immerg\u00e9e dans l&#039;art japonais : th\u00e9\u00e2tre, calligraphie et poterie au c\u0153ur d&#039;une \u00e9cole traditionnelle.\" \/>\n<meta name=\"robots\" content=\"index, follow, max-snippet:-1, max-image-preview:large, max-video-preview:-1\" \/>\n<link rel=\"canonical\" href=\"https:\/\/www.sebastien-auziere.fr\/blog\/pt\/brigitte-macron-descobre-a-arte-japonesa-imersao-no-coracao-de-uma-escola-entre-teatro-caligrafia-e-ceramica\/\" \/>\n<meta property=\"og:locale\" content=\"fr_FR\" \/>\n<meta property=\"og:type\" content=\"article\" \/>\n<meta property=\"og:title\" content=\"Brigitte Macron descobre a arte japonesa: imers\u00e3o no cora\u00e7\u00e3o de uma escola entre teatro, caligrafia e cer\u00e2mica - Fan site S\u00e9bastien Auzi\u00e8re\" \/>\n<meta property=\"og:description\" content=\"D\u00e9couvrez Brigitte Macron immerg\u00e9e dans l&#039;art japonais : th\u00e9\u00e2tre, calligraphie et poterie au c\u0153ur d&#039;une \u00e9cole traditionnelle.\" \/>\n<meta property=\"og:url\" content=\"https:\/\/www.sebastien-auziere.fr\/blog\/pt\/brigitte-macron-descobre-a-arte-japonesa-imersao-no-coracao-de-uma-escola-entre-teatro-caligrafia-e-ceramica\/\" \/>\n<meta property=\"og:site_name\" content=\"Fan site S\u00e9bastien Auzi\u00e8re\" \/>\n<meta property=\"article:published_time\" content=\"2026-04-02T07:16:05+00:00\" \/>\n<meta property=\"article:modified_time\" content=\"2026-04-02T07:16:46+00:00\" \/>\n<meta property=\"og:image\" content=\"https:\/\/www.sebastien-auziere.fr\/blog\/wp-content\/uploads\/2026\/04\/Brigitte-Macron-decouvre-lart-japonais-immersion-au-coeur-dune-ecole-entre-theatre-calligraphie-et-poterie.jpg\" \/>\n\t<meta property=\"og:image:width\" content=\"2560\" \/>\n\t<meta property=\"og:image:height\" content=\"1429\" \/>\n\t<meta property=\"og:image:type\" content=\"image\/jpeg\" \/>\n<meta name=\"author\" content=\"Chloe Gauthier\" \/>\n<meta name=\"twitter:card\" content=\"summary_large_image\" \/>\n<meta name=\"twitter:label1\" content=\"\u00c9crit par\" \/>\n\t<meta name=\"twitter:data1\" content=\"Chloe Gauthier\" \/>\n\t<meta name=\"twitter:label2\" content=\"Dur\u00e9e de lecture estim\u00e9e\" \/>\n\t<meta name=\"twitter:data2\" content=\"3 minutes\" \/>\n<script type=\"application\/ld+json\" class=\"yoast-schema-graph\">{\"@context\":\"https:\\\/\\\/schema.org\",\"@graph\":[{\"@type\":\"Article\",\"@id\":\"https:\\\/\\\/www.sebastien-auziere.fr\\\/blog\\\/pt\\\/brigitte-macron-descobre-a-arte-japonesa-imersao-no-coracao-de-uma-escola-entre-teatro-caligrafia-e-ceramica\\\/#article\",\"isPartOf\":{\"@id\":\"https:\\\/\\\/www.sebastien-auziere.fr\\\/blog\\\/pt\\\/brigitte-macron-descobre-a-arte-japonesa-imersao-no-coracao-de-uma-escola-entre-teatro-caligrafia-e-ceramica\\\/\"},\"author\":{\"name\":\"Chloe Gauthier\",\"@id\":\"https:\\\/\\\/www.sebastien-auziere.fr\\\/blog\\\/#\\\/schema\\\/person\\\/149f1acdbfd85149c6c3e59adeae2f4d\"},\"headline\":\"Brigitte Macron descobre a arte japonesa: imers\u00e3o no cora\u00e7\u00e3o de uma escola entre teatro, caligrafia e cer\u00e2mica\",\"datePublished\":\"2026-04-02T07:16:05+00:00\",\"dateModified\":\"2026-04-02T07:16:46+00:00\",\"mainEntityOfPage\":{\"@id\":\"https:\\\/\\\/www.sebastien-auziere.fr\\\/blog\\\/pt\\\/brigitte-macron-descobre-a-arte-japonesa-imersao-no-coracao-de-uma-escola-entre-teatro-caligrafia-e-ceramica\\\/\"},\"wordCount\":522,\"commentCount\":0,\"publisher\":{\"@id\":\"https:\\\/\\\/www.sebastien-auziere.fr\\\/blog\\\/#organization\"},\"image\":{\"@id\":\"https:\\\/\\\/www.sebastien-auziere.fr\\\/blog\\\/pt\\\/brigitte-macron-descobre-a-arte-japonesa-imersao-no-coracao-de-uma-escola-entre-teatro-caligrafia-e-ceramica\\\/#primaryimage\"},\"thumbnailUrl\":\"https:\\\/\\\/www.sebastien-auziere.fr\\\/blog\\\/wp-content\\\/uploads\\\/2026\\\/04\\\/Brigitte-Macron-decouvre-lart-japonais-immersion-au-coeur-dune-ecole-entre-theatre-calligraphie-et-poterie.jpg\",\"keywords\":[\"art japon\u00eas\",\"brigitte macron\",\"caligrafia japonesa\",\"poteria japonesa\",\"teatro japon\u00eas\"],\"articleSection\":[\"Actualidades\"],\"inLanguage\":\"fr-FR\",\"potentialAction\":[{\"@type\":\"CommentAction\",\"name\":\"Comment\",\"target\":[\"https:\\\/\\\/www.sebastien-auziere.fr\\\/blog\\\/pt\\\/brigitte-macron-descobre-a-arte-japonesa-imersao-no-coracao-de-uma-escola-entre-teatro-caligrafia-e-ceramica\\\/#respond\"]}]},{\"@type\":\"WebPage\",\"@id\":\"https:\\\/\\\/www.sebastien-auziere.fr\\\/blog\\\/pt\\\/brigitte-macron-descobre-a-arte-japonesa-imersao-no-coracao-de-uma-escola-entre-teatro-caligrafia-e-ceramica\\\/\",\"url\":\"https:\\\/\\\/www.sebastien-auziere.fr\\\/blog\\\/pt\\\/brigitte-macron-descobre-a-arte-japonesa-imersao-no-coracao-de-uma-escola-entre-teatro-caligrafia-e-ceramica\\\/\",\"name\":\"Brigitte Macron descobre a arte japonesa: imers\u00e3o no cora\u00e7\u00e3o de uma escola entre teatro, caligrafia e cer\u00e2mica - Fan site S\u00e9bastien Auzi\u00e8re\",\"isPartOf\":{\"@id\":\"https:\\\/\\\/www.sebastien-auziere.fr\\\/blog\\\/#website\"},\"primaryImageOfPage\":{\"@id\":\"https:\\\/\\\/www.sebastien-auziere.fr\\\/blog\\\/pt\\\/brigitte-macron-descobre-a-arte-japonesa-imersao-no-coracao-de-uma-escola-entre-teatro-caligrafia-e-ceramica\\\/#primaryimage\"},\"image\":{\"@id\":\"https:\\\/\\\/www.sebastien-auziere.fr\\\/blog\\\/pt\\\/brigitte-macron-descobre-a-arte-japonesa-imersao-no-coracao-de-uma-escola-entre-teatro-caligrafia-e-ceramica\\\/#primaryimage\"},\"thumbnailUrl\":\"https:\\\/\\\/www.sebastien-auziere.fr\\\/blog\\\/wp-content\\\/uploads\\\/2026\\\/04\\\/Brigitte-Macron-decouvre-lart-japonais-immersion-au-coeur-dune-ecole-entre-theatre-calligraphie-et-poterie.jpg\",\"datePublished\":\"2026-04-02T07:16:05+00:00\",\"dateModified\":\"2026-04-02T07:16:46+00:00\",\"description\":\"D\u00e9couvrez Brigitte Macron immerg\u00e9e dans l'art japonais : th\u00e9\u00e2tre, calligraphie et poterie au c\u0153ur d'une \u00e9cole traditionnelle.\",\"breadcrumb\":{\"@id\":\"https:\\\/\\\/www.sebastien-auziere.fr\\\/blog\\\/pt\\\/brigitte-macron-descobre-a-arte-japonesa-imersao-no-coracao-de-uma-escola-entre-teatro-caligrafia-e-ceramica\\\/#breadcrumb\"},\"inLanguage\":\"fr-FR\",\"potentialAction\":[{\"@type\":\"ReadAction\",\"target\":[\"https:\\\/\\\/www.sebastien-auziere.fr\\\/blog\\\/pt\\\/brigitte-macron-descobre-a-arte-japonesa-imersao-no-coracao-de-uma-escola-entre-teatro-caligrafia-e-ceramica\\\/\"]}]},{\"@type\":\"ImageObject\",\"inLanguage\":\"fr-FR\",\"@id\":\"https:\\\/\\\/www.sebastien-auziere.fr\\\/blog\\\/pt\\\/brigitte-macron-descobre-a-arte-japonesa-imersao-no-coracao-de-uma-escola-entre-teatro-caligrafia-e-ceramica\\\/#primaryimage\",\"url\":\"https:\\\/\\\/www.sebastien-auziere.fr\\\/blog\\\/wp-content\\\/uploads\\\/2026\\\/04\\\/Brigitte-Macron-decouvre-lart-japonais-immersion-au-coeur-dune-ecole-entre-theatre-calligraphie-et-poterie.jpg\",\"contentUrl\":\"https:\\\/\\\/www.sebastien-auziere.fr\\\/blog\\\/wp-content\\\/uploads\\\/2026\\\/04\\\/Brigitte-Macron-decouvre-lart-japonais-immersion-au-coeur-dune-ecole-entre-theatre-calligraphie-et-poterie.jpg\",\"width\":2560,\"height\":1429,\"caption\":\"plongez avec brigitte macron dans l'univers de l'art japonais \u00e0 travers une visite immersive dans une \u00e9cole d\u00e9di\u00e9e au th\u00e9\u00e2tre, \u00e0 la calligraphie et \u00e0 la poterie, r\u00e9v\u00e9lant la richesse de ces traditions ancestrales.\"},{\"@type\":\"BreadcrumbList\",\"@id\":\"https:\\\/\\\/www.sebastien-auziere.fr\\\/blog\\\/pt\\\/brigitte-macron-descobre-a-arte-japonesa-imersao-no-coracao-de-uma-escola-entre-teatro-caligrafia-e-ceramica\\\/#breadcrumb\",\"itemListElement\":[{\"@type\":\"ListItem\",\"position\":1,\"name\":\"Home\",\"item\":\"https:\\\/\\\/www.sebastien-auziere.fr\\\/blog\\\/\"},{\"@type\":\"ListItem\",\"position\":2,\"name\":\"Brigitte Macron descobre a arte japonesa: imers\u00e3o no cora\u00e7\u00e3o de uma escola entre teatro, caligrafia e cer\u00e2mica\"}]},{\"@type\":\"WebSite\",\"@id\":\"https:\\\/\\\/www.sebastien-auziere.fr\\\/blog\\\/#website\",\"url\":\"https:\\\/\\\/www.sebastien-auziere.fr\\\/blog\\\/\",\"name\":\"Fan site S\u00e9bastien Auzi\u00e8re\",\"description\":\"M\u00e9dia g\u00e9n\u00e9raliste\",\"publisher\":{\"@id\":\"https:\\\/\\\/www.sebastien-auziere.fr\\\/blog\\\/#organization\"},\"potentialAction\":[{\"@type\":\"SearchAction\",\"target\":{\"@type\":\"EntryPoint\",\"urlTemplate\":\"https:\\\/\\\/www.sebastien-auziere.fr\\\/blog\\\/?s={search_term_string}\"},\"query-input\":{\"@type\":\"PropertyValueSpecification\",\"valueRequired\":true,\"valueName\":\"search_term_string\"}}],\"inLanguage\":\"fr-FR\"},{\"@type\":\"Organization\",\"@id\":\"https:\\\/\\\/www.sebastien-auziere.fr\\\/blog\\\/#organization\",\"name\":\"Fan site S\u00e9bastien Auzi\u00e8re\",\"url\":\"https:\\\/\\\/www.sebastien-auziere.fr\\\/blog\\\/\",\"logo\":{\"@type\":\"ImageObject\",\"inLanguage\":\"fr-FR\",\"@id\":\"https:\\\/\\\/www.sebastien-auziere.fr\\\/blog\\\/#\\\/schema\\\/logo\\\/image\\\/\",\"url\":\"https:\\\/\\\/www.sebastien-auziere.fr\\\/blog\\\/wp-content\\\/uploads\\\/2026\\\/03\\\/cropped-cropped-cropped-ChatGPT-Image-6-mars-2026-12_58_09-e1772798376794.jpg\",\"contentUrl\":\"https:\\\/\\\/www.sebastien-auziere.fr\\\/blog\\\/wp-content\\\/uploads\\\/2026\\\/03\\\/cropped-cropped-cropped-ChatGPT-Image-6-mars-2026-12_58_09-e1772798376794.jpg\",\"width\":512,\"height\":360,\"caption\":\"Fan site S\u00e9bastien Auzi\u00e8re\"},\"image\":{\"@id\":\"https:\\\/\\\/www.sebastien-auziere.fr\\\/blog\\\/#\\\/schema\\\/logo\\\/image\\\/\"}},{\"@type\":\"Person\",\"@id\":\"https:\\\/\\\/www.sebastien-auziere.fr\\\/blog\\\/#\\\/schema\\\/person\\\/149f1acdbfd85149c6c3e59adeae2f4d\",\"name\":\"Chloe Gauthier\",\"image\":{\"@type\":\"ImageObject\",\"inLanguage\":\"fr-FR\",\"@id\":\"https:\\\/\\\/secure.gravatar.com\\\/avatar\\\/2c5722f58171cff738a8985ef0dd66b476e563753246a49019befc837ec4201a?s=96&d=mm&r=g\",\"url\":\"https:\\\/\\\/secure.gravatar.com\\\/avatar\\\/2c5722f58171cff738a8985ef0dd66b476e563753246a49019befc837ec4201a?s=96&d=mm&r=g\",\"contentUrl\":\"https:\\\/\\\/secure.gravatar.com\\\/avatar\\\/2c5722f58171cff738a8985ef0dd66b476e563753246a49019befc837ec4201a?s=96&d=mm&r=g\",\"caption\":\"Chloe Gauthier\"},\"description\":\"Passionn\u00e9e par la politique et admiratrice engag\u00e9e de la famille Macron, je consacre mon \u00e9nergie \u00e0 suivre leurs initiatives et \u00e0 promouvoir leurs id\u00e9es. \u00c0 32 ans, je suis convaincue que leur vision est porteuse d'avenir.\",\"url\":\"https:\\\/\\\/www.sebastien-auziere.fr\\\/blog\\\/author\\\/chloe-gauthier\\\/\"}]}<\/script>\n<!-- \/ Yoast SEO plugin. -->","yoast_head_json":{"title":"Brigitte Macron descobre a arte japonesa: imers\u00e3o no cora\u00e7\u00e3o de uma escola entre teatro, caligrafia e cer\u00e2mica - Fan site S\u00e9bastien Auzi\u00e8re","description":"D\u00e9couvrez Brigitte Macron immerg\u00e9e dans l'art japonais : th\u00e9\u00e2tre, calligraphie et poterie au c\u0153ur d'une \u00e9cole traditionnelle.","robots":{"index":"index","follow":"follow","max-snippet":"max-snippet:-1","max-image-preview":"max-image-preview:large","max-video-preview":"max-video-preview:-1"},"canonical":"https:\/\/www.sebastien-auziere.fr\/blog\/pt\/brigitte-macron-descobre-a-arte-japonesa-imersao-no-coracao-de-uma-escola-entre-teatro-caligrafia-e-ceramica\/","og_locale":"fr_FR","og_type":"article","og_title":"Brigitte Macron descobre a arte japonesa: imers\u00e3o no cora\u00e7\u00e3o de uma escola entre teatro, caligrafia e cer\u00e2mica - Fan site S\u00e9bastien Auzi\u00e8re","og_description":"D\u00e9couvrez Brigitte Macron immerg\u00e9e dans l'art japonais : th\u00e9\u00e2tre, calligraphie et poterie au c\u0153ur d'une \u00e9cole traditionnelle.","og_url":"https:\/\/www.sebastien-auziere.fr\/blog\/pt\/brigitte-macron-descobre-a-arte-japonesa-imersao-no-coracao-de-uma-escola-entre-teatro-caligrafia-e-ceramica\/","og_site_name":"Fan site S\u00e9bastien Auzi\u00e8re","article_published_time":"2026-04-02T07:16:05+00:00","article_modified_time":"2026-04-02T07:16:46+00:00","og_image":[{"width":2560,"height":1429,"url":"https:\/\/www.sebastien-auziere.fr\/blog\/wp-content\/uploads\/2026\/04\/Brigitte-Macron-decouvre-lart-japonais-immersion-au-coeur-dune-ecole-entre-theatre-calligraphie-et-poterie.jpg","type":"image\/jpeg"}],"author":"Chloe Gauthier","twitter_card":"summary_large_image","twitter_misc":{"\u00c9crit par":"Chloe Gauthier","Dur\u00e9e de lecture estim\u00e9e":"3 minutes"},"schema":{"@context":"https:\/\/schema.org","@graph":[{"@type":"Article","@id":"https:\/\/www.sebastien-auziere.fr\/blog\/pt\/brigitte-macron-descobre-a-arte-japonesa-imersao-no-coracao-de-uma-escola-entre-teatro-caligrafia-e-ceramica\/#article","isPartOf":{"@id":"https:\/\/www.sebastien-auziere.fr\/blog\/pt\/brigitte-macron-descobre-a-arte-japonesa-imersao-no-coracao-de-uma-escola-entre-teatro-caligrafia-e-ceramica\/"},"author":{"name":"Chloe Gauthier","@id":"https:\/\/www.sebastien-auziere.fr\/blog\/#\/schema\/person\/149f1acdbfd85149c6c3e59adeae2f4d"},"headline":"Brigitte Macron descobre a arte japonesa: imers\u00e3o no cora\u00e7\u00e3o de uma escola entre teatro, caligrafia e cer\u00e2mica","datePublished":"2026-04-02T07:16:05+00:00","dateModified":"2026-04-02T07:16:46+00:00","mainEntityOfPage":{"@id":"https:\/\/www.sebastien-auziere.fr\/blog\/pt\/brigitte-macron-descobre-a-arte-japonesa-imersao-no-coracao-de-uma-escola-entre-teatro-caligrafia-e-ceramica\/"},"wordCount":522,"commentCount":0,"publisher":{"@id":"https:\/\/www.sebastien-auziere.fr\/blog\/#organization"},"image":{"@id":"https:\/\/www.sebastien-auziere.fr\/blog\/pt\/brigitte-macron-descobre-a-arte-japonesa-imersao-no-coracao-de-uma-escola-entre-teatro-caligrafia-e-ceramica\/#primaryimage"},"thumbnailUrl":"https:\/\/www.sebastien-auziere.fr\/blog\/wp-content\/uploads\/2026\/04\/Brigitte-Macron-decouvre-lart-japonais-immersion-au-coeur-dune-ecole-entre-theatre-calligraphie-et-poterie.jpg","keywords":["art japon\u00eas","brigitte macron","caligrafia japonesa","poteria japonesa","teatro japon\u00eas"],"articleSection":["Actualidades"],"inLanguage":"fr-FR","potentialAction":[{"@type":"CommentAction","name":"Comment","target":["https:\/\/www.sebastien-auziere.fr\/blog\/pt\/brigitte-macron-descobre-a-arte-japonesa-imersao-no-coracao-de-uma-escola-entre-teatro-caligrafia-e-ceramica\/#respond"]}]},{"@type":"WebPage","@id":"https:\/\/www.sebastien-auziere.fr\/blog\/pt\/brigitte-macron-descobre-a-arte-japonesa-imersao-no-coracao-de-uma-escola-entre-teatro-caligrafia-e-ceramica\/","url":"https:\/\/www.sebastien-auziere.fr\/blog\/pt\/brigitte-macron-descobre-a-arte-japonesa-imersao-no-coracao-de-uma-escola-entre-teatro-caligrafia-e-ceramica\/","name":"Brigitte Macron descobre a arte japonesa: imers\u00e3o no cora\u00e7\u00e3o de uma escola entre teatro, caligrafia e cer\u00e2mica - Fan site S\u00e9bastien Auzi\u00e8re","isPartOf":{"@id":"https:\/\/www.sebastien-auziere.fr\/blog\/#website"},"primaryImageOfPage":{"@id":"https:\/\/www.sebastien-auziere.fr\/blog\/pt\/brigitte-macron-descobre-a-arte-japonesa-imersao-no-coracao-de-uma-escola-entre-teatro-caligrafia-e-ceramica\/#primaryimage"},"image":{"@id":"https:\/\/www.sebastien-auziere.fr\/blog\/pt\/brigitte-macron-descobre-a-arte-japonesa-imersao-no-coracao-de-uma-escola-entre-teatro-caligrafia-e-ceramica\/#primaryimage"},"thumbnailUrl":"https:\/\/www.sebastien-auziere.fr\/blog\/wp-content\/uploads\/2026\/04\/Brigitte-Macron-decouvre-lart-japonais-immersion-au-coeur-dune-ecole-entre-theatre-calligraphie-et-poterie.jpg","datePublished":"2026-04-02T07:16:05+00:00","dateModified":"2026-04-02T07:16:46+00:00","description":"D\u00e9couvrez Brigitte Macron immerg\u00e9e dans l'art japonais : th\u00e9\u00e2tre, calligraphie et poterie au c\u0153ur d'une \u00e9cole traditionnelle.","breadcrumb":{"@id":"https:\/\/www.sebastien-auziere.fr\/blog\/pt\/brigitte-macron-descobre-a-arte-japonesa-imersao-no-coracao-de-uma-escola-entre-teatro-caligrafia-e-ceramica\/#breadcrumb"},"inLanguage":"fr-FR","potentialAction":[{"@type":"ReadAction","target":["https:\/\/www.sebastien-auziere.fr\/blog\/pt\/brigitte-macron-descobre-a-arte-japonesa-imersao-no-coracao-de-uma-escola-entre-teatro-caligrafia-e-ceramica\/"]}]},{"@type":"ImageObject","inLanguage":"fr-FR","@id":"https:\/\/www.sebastien-auziere.fr\/blog\/pt\/brigitte-macron-descobre-a-arte-japonesa-imersao-no-coracao-de-uma-escola-entre-teatro-caligrafia-e-ceramica\/#primaryimage","url":"https:\/\/www.sebastien-auziere.fr\/blog\/wp-content\/uploads\/2026\/04\/Brigitte-Macron-decouvre-lart-japonais-immersion-au-coeur-dune-ecole-entre-theatre-calligraphie-et-poterie.jpg","contentUrl":"https:\/\/www.sebastien-auziere.fr\/blog\/wp-content\/uploads\/2026\/04\/Brigitte-Macron-decouvre-lart-japonais-immersion-au-coeur-dune-ecole-entre-theatre-calligraphie-et-poterie.jpg","width":2560,"height":1429,"caption":"plongez avec brigitte macron dans l'univers de l'art japonais \u00e0 travers une visite immersive dans une \u00e9cole d\u00e9di\u00e9e au th\u00e9\u00e2tre, \u00e0 la calligraphie et \u00e0 la poterie, r\u00e9v\u00e9lant la richesse de ces traditions ancestrales."},{"@type":"BreadcrumbList","@id":"https:\/\/www.sebastien-auziere.fr\/blog\/pt\/brigitte-macron-descobre-a-arte-japonesa-imersao-no-coracao-de-uma-escola-entre-teatro-caligrafia-e-ceramica\/#breadcrumb","itemListElement":[{"@type":"ListItem","position":1,"name":"Home","item":"https:\/\/www.sebastien-auziere.fr\/blog\/"},{"@type":"ListItem","position":2,"name":"Brigitte Macron descobre a arte japonesa: imers\u00e3o no cora\u00e7\u00e3o de uma escola entre teatro, caligrafia e cer\u00e2mica"}]},{"@type":"WebSite","@id":"https:\/\/www.sebastien-auziere.fr\/blog\/#website","url":"https:\/\/www.sebastien-auziere.fr\/blog\/","name":"Fan site S\u00e9bastien Auzi\u00e8re","description":"M\u00e9dia g\u00e9n\u00e9raliste","publisher":{"@id":"https:\/\/www.sebastien-auziere.fr\/blog\/#organization"},"potentialAction":[{"@type":"SearchAction","target":{"@type":"EntryPoint","urlTemplate":"https:\/\/www.sebastien-auziere.fr\/blog\/?s={search_term_string}"},"query-input":{"@type":"PropertyValueSpecification","valueRequired":true,"valueName":"search_term_string"}}],"inLanguage":"fr-FR"},{"@type":"Organization","@id":"https:\/\/www.sebastien-auziere.fr\/blog\/#organization","name":"Fan site S\u00e9bastien Auzi\u00e8re","url":"https:\/\/www.sebastien-auziere.fr\/blog\/","logo":{"@type":"ImageObject","inLanguage":"fr-FR","@id":"https:\/\/www.sebastien-auziere.fr\/blog\/#\/schema\/logo\/image\/","url":"https:\/\/www.sebastien-auziere.fr\/blog\/wp-content\/uploads\/2026\/03\/cropped-cropped-cropped-ChatGPT-Image-6-mars-2026-12_58_09-e1772798376794.jpg","contentUrl":"https:\/\/www.sebastien-auziere.fr\/blog\/wp-content\/uploads\/2026\/03\/cropped-cropped-cropped-ChatGPT-Image-6-mars-2026-12_58_09-e1772798376794.jpg","width":512,"height":360,"caption":"Fan site S\u00e9bastien Auzi\u00e8re"},"image":{"@id":"https:\/\/www.sebastien-auziere.fr\/blog\/#\/schema\/logo\/image\/"}},{"@type":"Person","@id":"https:\/\/www.sebastien-auziere.fr\/blog\/#\/schema\/person\/149f1acdbfd85149c6c3e59adeae2f4d","name":"Chloe Gauthier","image":{"@type":"ImageObject","inLanguage":"fr-FR","@id":"https:\/\/secure.gravatar.com\/avatar\/2c5722f58171cff738a8985ef0dd66b476e563753246a49019befc837ec4201a?s=96&d=mm&r=g","url":"https:\/\/secure.gravatar.com\/avatar\/2c5722f58171cff738a8985ef0dd66b476e563753246a49019befc837ec4201a?s=96&d=mm&r=g","contentUrl":"https:\/\/secure.gravatar.com\/avatar\/2c5722f58171cff738a8985ef0dd66b476e563753246a49019befc837ec4201a?s=96&d=mm&r=g","caption":"Chloe Gauthier"},"description":"Passionn\u00e9e par la politique et admiratrice engag\u00e9e de la famille Macron, je consacre mon \u00e9nergie \u00e0 suivre leurs initiatives et \u00e0 promouvoir leurs id\u00e9es. \u00c0 32 ans, je suis convaincue que leur vision est porteuse d'avenir.","url":"https:\/\/www.sebastien-auziere.fr\/blog\/author\/chloe-gauthier\/"}]}},"views":7,"_links":{"self":[{"href":"https:\/\/www.sebastien-auziere.fr\/blog\/wp-json\/wp\/v2\/posts\/2695","targetHints":{"allow":["GET"]}}],"collection":[{"href":"https:\/\/www.sebastien-auziere.fr\/blog\/wp-json\/wp\/v2\/posts"}],"about":[{"href":"https:\/\/www.sebastien-auziere.fr\/blog\/wp-json\/wp\/v2\/types\/post"}],"author":[{"embeddable":true,"href":"https:\/\/www.sebastien-auziere.fr\/blog\/wp-json\/wp\/v2\/users\/9"}],"replies":[{"embeddable":true,"href":"https:\/\/www.sebastien-auziere.fr\/blog\/wp-json\/wp\/v2\/comments?post=2695"}],"version-history":[{"count":1,"href":"https:\/\/www.sebastien-auziere.fr\/blog\/wp-json\/wp\/v2\/posts\/2695\/revisions"}],"predecessor-version":[{"id":2696,"href":"https:\/\/www.sebastien-auziere.fr\/blog\/wp-json\/wp\/v2\/posts\/2695\/revisions\/2696"}],"wp:featuredmedia":[{"embeddable":true,"href":"https:\/\/www.sebastien-auziere.fr\/blog\/wp-json\/wp\/v2\/media\/2685"}],"wp:attachment":[{"href":"https:\/\/www.sebastien-auziere.fr\/blog\/wp-json\/wp\/v2\/media?parent=2695"}],"wp:term":[{"taxonomy":"category","embeddable":true,"href":"https:\/\/www.sebastien-auziere.fr\/blog\/wp-json\/wp\/v2\/categories?post=2695"},{"taxonomy":"post_tag","embeddable":true,"href":"https:\/\/www.sebastien-auziere.fr\/blog\/wp-json\/wp\/v2\/tags?post=2695"}],"curies":[{"name":"wp","href":"https:\/\/api.w.org\/{rel}","templated":true}]}}