{"id":2686,"date":"2026-04-02T07:10:06","date_gmt":"2026-04-02T07:10:06","guid":{"rendered":"https:\/\/www.sebastien-auziere.fr\/blog\/brigitte-macron-art-japonais\/"},"modified":"2026-04-02T07:10:06","modified_gmt":"2026-04-02T07:10:06","slug":"brigitte-macron-art-japonais","status":"publish","type":"post","link":"https:\/\/www.sebastien-auziere.fr\/blog\/brigitte-macron-art-japonais\/","title":{"rendered":"Brigitte Macron d\u00e9couvre l&rsquo;art japonais : immersion au c\u0153ur d&rsquo;une \u00e9cole entre th\u00e9\u00e2tre, calligraphie et poterie"},"content":{"rendered":"<p><strong>Brigitte Macron<\/strong> a v\u00e9cu une vraie <strong>immersion culturelle<\/strong> au lyc\u00e9e Harumi de Tokyo le <strong>1er avril 2026<\/strong>, o\u00f9 elle a assist\u00e9 \u00e0 un cours de <strong>th\u00e9\u00e2tre japonais<\/strong>, s\u2019est exerc\u00e9e \u00e0 la <strong>calligraphie<\/strong> et a d\u00e9couvert la <strong>poterie<\/strong>. D\u00e8s les premiers instants, l\u2019\u00e9pouse du pr\u00e9sident a partag\u00e9 des \u00e9changes chaleureux avec les adolescents et les enseignants, fid\u00e8les au d\u00e9roul\u00e9 officiel du voyage d\u2019\u00c9tat.<\/p>\n\n<p><strong>En bref :<\/strong> Visite au lyc\u00e9e Harumi, initiation \u00e0 la <strong>calligraphie<\/strong> et \u00e0 la <strong>poterie<\/strong>. Participation \u00e0 un tournoi de <strong>karuta<\/strong> et \u00e0 un cours de musique traditionnelle. Rencontre diplomatique avec l\u2019Empereur Naruhito pr\u00e9vue durant le s\u00e9jour. Des images et premiers retours publi\u00e9s par la presse fran\u00e7aise confirment ces moments.<\/p>\n\n<h2 class=\"wp-block-heading\">Visite au lyc\u00e9e Harumi : th\u00e9\u00e2tre, \u00e9change et p\u00e9dagogie<\/h2>\n\n<p>Au c\u0153ur de Tokyo, la pr\u00e9sence de <strong>Brigitte Macron<\/strong> au lyc\u00e9e Harumi a mis en lumi\u00e8re la place du <strong>th\u00e9\u00e2tre japonais<\/strong> dans l\u2019\u00e9ducation artistique. Invit\u00e9e \u00e0 suivre une s\u00e9ance dirig\u00e9e par des professeurs locaux, elle a observ\u00e9 des techniques d\u2019interpr\u00e9tation et discut\u00e9 des enjeux scolaires, notamment la pr\u00e9vention du harc\u00e8lement, th\u00e8me r\u00e9current de son action publique. Les premi\u00e8res images de cette journ\u00e9e ont \u00e9t\u00e9 relay\u00e9es par plusieurs titres fran\u00e7ais, dont <a href=\"https:\/\/photo.gala.fr\/l_actu\/news_de_stars\/photos-brigitte-et-emmanuel-macron-au-japon-et-en-coree-les-premieres-images-de-leur-visite-20260331\">les premi\u00e8res images<\/a>.<\/p>\n\n<h3 class=\"wp-block-heading\">Calligraphie et poterie : immersion dans l&rsquo;art japonais<\/h3>\n\n<p>La le\u00e7on de <strong>calligraphie<\/strong> a permis \u00e0 la Premi\u00e8re dame d\u2019exp\u00e9rimenter l\u2019\u00e9criture au pinceau, geste central des <strong>traditions japonaises<\/strong>. Ensuite, elle a observ\u00e9 un atelier de <strong>poterie<\/strong>, o\u00f9 le tour et la gla\u00e7ure illustrent l\u2019<strong>artisanat japonais<\/strong> transmis de g\u00e9n\u00e9ration en g\u00e9n\u00e9ration. Ces moments, document\u00e9s au lyc\u00e9e Harumi, montrent une approche p\u00e9dagogique tourn\u00e9e vers la <strong>d\u00e9couverte artistique<\/strong> et le partage entre cultures, comme le rapportent plusieurs d\u00e9p\u00eaches <a href=\"https:\/\/fr.news.yahoo.com\/cours-th%C3%A9%C3%A2tre-calligraphie-poterie-brigitte-062716165.html\">de presse<\/a>.<\/p>\n\n<h2 class=\"wp-block-heading\">Traditions vivantes : karuta, musique et transmission<\/h2>\n\n<p>La Premi\u00e8re dame a aussi assist\u00e9 \u00e0 un duel de <strong>karuta<\/strong> et \u00e0 un cours de musique traditionnelle, soulignant la richesse des pratiques artistiques enseign\u00e9es dans cette <strong>\u00e9cole d&rsquo;art<\/strong> scolaire. Une semaine apr\u00e8s son adh\u00e9sion \u00e0 la \u00ab coalition de Premi\u00e8res dames \u00bb, ces \u00e9changes prennent une r\u00e9sonance internationale, liant culture et action \u00e9ducative. Ce volet culturel pr\u00e9c\u00e8de la rencontre officielle pr\u00e9vue avec l\u2019Empereur Naruhito lors du d\u00e9jeuner d\u2019\u00c9tat.<\/p>\n\n<h2 class=\"wp-block-heading\">Une visite qui nourrit le dialogue \u00e9ducatif<\/h2>\n\n<p>L\u2019immersion de <strong>Brigitte Macron<\/strong> au lyc\u00e9e Harumi illustre l\u2019importance d\u2019int\u00e9grer <strong>art japonais<\/strong> et p\u00e9dagogie pour lutter contre l\u2019exclusion scolaire. La combinaison de <strong>th\u00e9\u00e2tre<\/strong>, <strong>calligraphie<\/strong> et <strong>poterie<\/strong> favorise l\u2019expression des jeunes et renforce la coop\u00e9ration culturelle franco-japonaise. Ces rencontres, relay\u00e9es par la presse et les services diplomatiques, offrent un aper\u00e7u concret des effets d\u2019une politique culturelle tourn\u00e9e vers la jeunesse.<\/p>\n\n<p>Pour en savoir plus sur cette visite et le r\u00f4le de la Premi\u00e8re dame dans les \u00e9changes culturels, d\u00e9couvre l\u2019analyse compl\u00e8te du voyage sur <a href=\"https:\/\/www.sebastien-auziere.fr\/blog\/brigitte-macron-japon\/\">le dossier d\u00e9di\u00e9<\/a> et les retomb\u00e9es diplomatiques sur <a href=\"https:\/\/www.sebastien-auziere.fr\/blog\/macron-au-japon-et-en-coree-du-sud-fin-mars-2026-audience-imperiale-et-visite-officielle\/\">le compte-rendu du s\u00e9jour<\/a> sur sebastien-auziere.fr, o\u00f9 l\u2019on approfondit l\u2019action culturelle et \u00e9ducative du couple pr\u00e9sidentiel.<\/p>\n\n","protected":false},"excerpt":{"rendered":"<p>Brigitte Macron a v\u00e9cu une vraie immersion culturelle au lyc\u00e9e Harumi de Tokyo le 1er avril 2026, o\u00f9 elle a assist\u00e9 \u00e0 un cours de th\u00e9\u00e2tre japonais, s\u2019est exerc\u00e9e \u00e0 la calligraphie et a d\u00e9couvert la poterie. D\u00e8s les premiers instants, l\u2019\u00e9pouse du pr\u00e9sident a partag\u00e9 des \u00e9changes chaleureux avec les adolescents et les enseignants, &#8230; <a title=\"Brigitte Macron d\u00e9couvre l&rsquo;art japonais : immersion au c\u0153ur d&rsquo;une \u00e9cole entre th\u00e9\u00e2tre, calligraphie et poterie\" class=\"read-more\" href=\"https:\/\/www.sebastien-auziere.fr\/blog\/brigitte-macron-art-japonais\/\" aria-label=\"En savoir plus sur Brigitte Macron d\u00e9couvre l&rsquo;art japonais : immersion au c\u0153ur d&rsquo;une \u00e9cole entre th\u00e9\u00e2tre, calligraphie et poterie\">Lire plus<\/a><\/p>\n","protected":false},"author":9,"featured_media":2685,"comment_status":"open","ping_status":"open","sticky":false,"template":"","format":"standard","meta":{"footnotes":""},"categories":[597],"tags":[1362,892,1366,1368,1364],"class_list":["post-2686","post","type-post","status-publish","format-standard","has-post-thumbnail","hentry","category-actualites","tag-art-japonais","tag-brigitte-macron","tag-calligraphie-japonaise","tag-poterie-japonaise","tag-theatre-japonais"],"yoast_head":"<!-- This site is optimized with the Yoast SEO plugin v27.5 - https:\/\/yoast.com\/product\/yoast-seo-wordpress\/ -->\n<title>Brigitte Macron d\u00e9couvre l&#039;art japonais : immersion au c\u0153ur d&#039;une \u00e9cole entre th\u00e9\u00e2tre, calligraphie et poterie - Fan site S\u00e9bastien Auzi\u00e8re<\/title>\n<meta name=\"description\" content=\"D\u00e9couvrez Brigitte Macron immerg\u00e9e dans l&#039;art japonais : th\u00e9\u00e2tre, calligraphie et poterie au c\u0153ur d&#039;une \u00e9cole traditionnelle.\" \/>\n<meta name=\"robots\" content=\"index, follow, max-snippet:-1, max-image-preview:large, max-video-preview:-1\" \/>\n<link rel=\"canonical\" href=\"https:\/\/www.sebastien-auziere.fr\/blog\/brigitte-macron-art-japonais\/\" \/>\n<meta property=\"og:locale\" content=\"fr_FR\" \/>\n<meta property=\"og:type\" content=\"article\" \/>\n<meta property=\"og:title\" content=\"Brigitte Macron d\u00e9couvre l&#039;art japonais : immersion au c\u0153ur d&#039;une \u00e9cole entre th\u00e9\u00e2tre, calligraphie et poterie - Fan site S\u00e9bastien Auzi\u00e8re\" \/>\n<meta property=\"og:description\" content=\"D\u00e9couvrez Brigitte Macron immerg\u00e9e dans l&#039;art japonais : th\u00e9\u00e2tre, calligraphie et poterie au c\u0153ur d&#039;une \u00e9cole traditionnelle.\" \/>\n<meta property=\"og:url\" content=\"https:\/\/www.sebastien-auziere.fr\/blog\/brigitte-macron-art-japonais\/\" \/>\n<meta property=\"og:site_name\" content=\"Fan site S\u00e9bastien Auzi\u00e8re\" \/>\n<meta property=\"article:published_time\" content=\"2026-04-02T07:10:06+00:00\" \/>\n<meta property=\"og:image\" content=\"https:\/\/www.sebastien-auziere.fr\/blog\/wp-content\/uploads\/2026\/04\/Brigitte-Macron-decouvre-lart-japonais-immersion-au-coeur-dune-ecole-entre-theatre-calligraphie-et-poterie.jpg\" \/>\n\t<meta property=\"og:image:width\" content=\"2560\" \/>\n\t<meta property=\"og:image:height\" content=\"1429\" \/>\n\t<meta property=\"og:image:type\" content=\"image\/jpeg\" \/>\n<meta name=\"author\" content=\"Chloe Gauthier\" \/>\n<meta name=\"twitter:card\" content=\"summary_large_image\" \/>\n<meta name=\"twitter:label1\" content=\"\u00c9crit par\" \/>\n\t<meta name=\"twitter:data1\" content=\"Chloe Gauthier\" \/>\n\t<meta name=\"twitter:label2\" content=\"Dur\u00e9e de lecture estim\u00e9e\" \/>\n\t<meta name=\"twitter:data2\" content=\"3 minutes\" \/>\n<script type=\"application\/ld+json\" class=\"yoast-schema-graph\">{\"@context\":\"https:\\\/\\\/schema.org\",\"@graph\":[{\"@type\":\"Article\",\"@id\":\"https:\\\/\\\/www.sebastien-auziere.fr\\\/blog\\\/brigitte-macron-art-japonais\\\/#article\",\"isPartOf\":{\"@id\":\"https:\\\/\\\/www.sebastien-auziere.fr\\\/blog\\\/brigitte-macron-art-japonais\\\/\"},\"author\":{\"name\":\"Chloe Gauthier\",\"@id\":\"https:\\\/\\\/www.sebastien-auziere.fr\\\/blog\\\/#\\\/schema\\\/person\\\/149f1acdbfd85149c6c3e59adeae2f4d\"},\"headline\":\"Brigitte Macron d\u00e9couvre l&rsquo;art japonais : immersion au c\u0153ur d&rsquo;une \u00e9cole entre th\u00e9\u00e2tre, calligraphie et poterie\",\"datePublished\":\"2026-04-02T07:10:06+00:00\",\"mainEntityOfPage\":{\"@id\":\"https:\\\/\\\/www.sebastien-auziere.fr\\\/blog\\\/brigitte-macron-art-japonais\\\/\"},\"wordCount\":557,\"commentCount\":0,\"publisher\":{\"@id\":\"https:\\\/\\\/www.sebastien-auziere.fr\\\/blog\\\/#organization\"},\"image\":{\"@id\":\"https:\\\/\\\/www.sebastien-auziere.fr\\\/blog\\\/brigitte-macron-art-japonais\\\/#primaryimage\"},\"thumbnailUrl\":\"https:\\\/\\\/www.sebastien-auziere.fr\\\/blog\\\/wp-content\\\/uploads\\\/2026\\\/04\\\/Brigitte-Macron-decouvre-lart-japonais-immersion-au-coeur-dune-ecole-entre-theatre-calligraphie-et-poterie.jpg\",\"keywords\":[\"art japonais\",\"brigitte macron\",\"calligraphie japonaise\",\"poterie japonaise\",\"th\u00e9\u00e2tre japonais\"],\"articleSection\":[\"Actualit\u00e9s\"],\"inLanguage\":\"fr-FR\",\"potentialAction\":[{\"@type\":\"CommentAction\",\"name\":\"Comment\",\"target\":[\"https:\\\/\\\/www.sebastien-auziere.fr\\\/blog\\\/brigitte-macron-art-japonais\\\/#respond\"]}]},{\"@type\":\"WebPage\",\"@id\":\"https:\\\/\\\/www.sebastien-auziere.fr\\\/blog\\\/brigitte-macron-art-japonais\\\/\",\"url\":\"https:\\\/\\\/www.sebastien-auziere.fr\\\/blog\\\/brigitte-macron-art-japonais\\\/\",\"name\":\"Brigitte Macron d\u00e9couvre l'art japonais : immersion au c\u0153ur d'une \u00e9cole entre th\u00e9\u00e2tre, calligraphie et poterie - Fan site S\u00e9bastien Auzi\u00e8re\",\"isPartOf\":{\"@id\":\"https:\\\/\\\/www.sebastien-auziere.fr\\\/blog\\\/#website\"},\"primaryImageOfPage\":{\"@id\":\"https:\\\/\\\/www.sebastien-auziere.fr\\\/blog\\\/brigitte-macron-art-japonais\\\/#primaryimage\"},\"image\":{\"@id\":\"https:\\\/\\\/www.sebastien-auziere.fr\\\/blog\\\/brigitte-macron-art-japonais\\\/#primaryimage\"},\"thumbnailUrl\":\"https:\\\/\\\/www.sebastien-auziere.fr\\\/blog\\\/wp-content\\\/uploads\\\/2026\\\/04\\\/Brigitte-Macron-decouvre-lart-japonais-immersion-au-coeur-dune-ecole-entre-theatre-calligraphie-et-poterie.jpg\",\"datePublished\":\"2026-04-02T07:10:06+00:00\",\"description\":\"D\u00e9couvrez Brigitte Macron immerg\u00e9e dans l'art japonais : th\u00e9\u00e2tre, calligraphie et poterie au c\u0153ur d'une \u00e9cole traditionnelle.\",\"breadcrumb\":{\"@id\":\"https:\\\/\\\/www.sebastien-auziere.fr\\\/blog\\\/brigitte-macron-art-japonais\\\/#breadcrumb\"},\"inLanguage\":\"fr-FR\",\"potentialAction\":[{\"@type\":\"ReadAction\",\"target\":[\"https:\\\/\\\/www.sebastien-auziere.fr\\\/blog\\\/brigitte-macron-art-japonais\\\/\"]}]},{\"@type\":\"ImageObject\",\"inLanguage\":\"fr-FR\",\"@id\":\"https:\\\/\\\/www.sebastien-auziere.fr\\\/blog\\\/brigitte-macron-art-japonais\\\/#primaryimage\",\"url\":\"https:\\\/\\\/www.sebastien-auziere.fr\\\/blog\\\/wp-content\\\/uploads\\\/2026\\\/04\\\/Brigitte-Macron-decouvre-lart-japonais-immersion-au-coeur-dune-ecole-entre-theatre-calligraphie-et-poterie.jpg\",\"contentUrl\":\"https:\\\/\\\/www.sebastien-auziere.fr\\\/blog\\\/wp-content\\\/uploads\\\/2026\\\/04\\\/Brigitte-Macron-decouvre-lart-japonais-immersion-au-coeur-dune-ecole-entre-theatre-calligraphie-et-poterie.jpg\",\"width\":2560,\"height\":1429,\"caption\":\"plongez avec brigitte macron dans l'univers de l'art japonais \u00e0 travers une visite immersive dans une \u00e9cole d\u00e9di\u00e9e au th\u00e9\u00e2tre, \u00e0 la calligraphie et \u00e0 la poterie, r\u00e9v\u00e9lant la richesse de ces traditions ancestrales.\"},{\"@type\":\"BreadcrumbList\",\"@id\":\"https:\\\/\\\/www.sebastien-auziere.fr\\\/blog\\\/brigitte-macron-art-japonais\\\/#breadcrumb\",\"itemListElement\":[{\"@type\":\"ListItem\",\"position\":1,\"name\":\"Home\",\"item\":\"https:\\\/\\\/www.sebastien-auziere.fr\\\/blog\\\/\"},{\"@type\":\"ListItem\",\"position\":2,\"name\":\"Brigitte Macron d\u00e9couvre l&rsquo;art japonais : immersion au c\u0153ur d&rsquo;une \u00e9cole entre th\u00e9\u00e2tre, calligraphie et poterie\"}]},{\"@type\":\"WebSite\",\"@id\":\"https:\\\/\\\/www.sebastien-auziere.fr\\\/blog\\\/#website\",\"url\":\"https:\\\/\\\/www.sebastien-auziere.fr\\\/blog\\\/\",\"name\":\"Fan site S\u00e9bastien Auzi\u00e8re\",\"description\":\"M\u00e9dia g\u00e9n\u00e9raliste\",\"publisher\":{\"@id\":\"https:\\\/\\\/www.sebastien-auziere.fr\\\/blog\\\/#organization\"},\"potentialAction\":[{\"@type\":\"SearchAction\",\"target\":{\"@type\":\"EntryPoint\",\"urlTemplate\":\"https:\\\/\\\/www.sebastien-auziere.fr\\\/blog\\\/?s={search_term_string}\"},\"query-input\":{\"@type\":\"PropertyValueSpecification\",\"valueRequired\":true,\"valueName\":\"search_term_string\"}}],\"inLanguage\":\"fr-FR\"},{\"@type\":\"Organization\",\"@id\":\"https:\\\/\\\/www.sebastien-auziere.fr\\\/blog\\\/#organization\",\"name\":\"Fan site S\u00e9bastien Auzi\u00e8re\",\"url\":\"https:\\\/\\\/www.sebastien-auziere.fr\\\/blog\\\/\",\"logo\":{\"@type\":\"ImageObject\",\"inLanguage\":\"fr-FR\",\"@id\":\"https:\\\/\\\/www.sebastien-auziere.fr\\\/blog\\\/#\\\/schema\\\/logo\\\/image\\\/\",\"url\":\"https:\\\/\\\/www.sebastien-auziere.fr\\\/blog\\\/wp-content\\\/uploads\\\/2026\\\/03\\\/cropped-cropped-cropped-ChatGPT-Image-6-mars-2026-12_58_09-e1772798376794.jpg\",\"contentUrl\":\"https:\\\/\\\/www.sebastien-auziere.fr\\\/blog\\\/wp-content\\\/uploads\\\/2026\\\/03\\\/cropped-cropped-cropped-ChatGPT-Image-6-mars-2026-12_58_09-e1772798376794.jpg\",\"width\":512,\"height\":360,\"caption\":\"Fan site S\u00e9bastien Auzi\u00e8re\"},\"image\":{\"@id\":\"https:\\\/\\\/www.sebastien-auziere.fr\\\/blog\\\/#\\\/schema\\\/logo\\\/image\\\/\"}},{\"@type\":\"Person\",\"@id\":\"https:\\\/\\\/www.sebastien-auziere.fr\\\/blog\\\/#\\\/schema\\\/person\\\/149f1acdbfd85149c6c3e59adeae2f4d\",\"name\":\"Chloe Gauthier\",\"image\":{\"@type\":\"ImageObject\",\"inLanguage\":\"fr-FR\",\"@id\":\"https:\\\/\\\/secure.gravatar.com\\\/avatar\\\/2c5722f58171cff738a8985ef0dd66b476e563753246a49019befc837ec4201a?s=96&d=mm&r=g\",\"url\":\"https:\\\/\\\/secure.gravatar.com\\\/avatar\\\/2c5722f58171cff738a8985ef0dd66b476e563753246a49019befc837ec4201a?s=96&d=mm&r=g\",\"contentUrl\":\"https:\\\/\\\/secure.gravatar.com\\\/avatar\\\/2c5722f58171cff738a8985ef0dd66b476e563753246a49019befc837ec4201a?s=96&d=mm&r=g\",\"caption\":\"Chloe Gauthier\"},\"description\":\"Passionn\u00e9e par la politique et admiratrice engag\u00e9e de la famille Macron, je consacre mon \u00e9nergie \u00e0 suivre leurs initiatives et \u00e0 promouvoir leurs id\u00e9es. \u00c0 32 ans, je suis convaincue que leur vision est porteuse d'avenir.\",\"url\":\"https:\\\/\\\/www.sebastien-auziere.fr\\\/blog\\\/author\\\/chloe-gauthier\\\/\"}]}<\/script>\n<!-- \/ Yoast SEO plugin. -->","yoast_head_json":{"title":"Brigitte Macron d\u00e9couvre l'art japonais : immersion au c\u0153ur d'une \u00e9cole entre th\u00e9\u00e2tre, calligraphie et poterie - Fan site S\u00e9bastien Auzi\u00e8re","description":"D\u00e9couvrez Brigitte Macron immerg\u00e9e dans l'art japonais : th\u00e9\u00e2tre, calligraphie et poterie au c\u0153ur d'une \u00e9cole traditionnelle.","robots":{"index":"index","follow":"follow","max-snippet":"max-snippet:-1","max-image-preview":"max-image-preview:large","max-video-preview":"max-video-preview:-1"},"canonical":"https:\/\/www.sebastien-auziere.fr\/blog\/brigitte-macron-art-japonais\/","og_locale":"fr_FR","og_type":"article","og_title":"Brigitte Macron d\u00e9couvre l'art japonais : immersion au c\u0153ur d'une \u00e9cole entre th\u00e9\u00e2tre, calligraphie et poterie - Fan site S\u00e9bastien Auzi\u00e8re","og_description":"D\u00e9couvrez Brigitte Macron immerg\u00e9e dans l'art japonais : th\u00e9\u00e2tre, calligraphie et poterie au c\u0153ur d'une \u00e9cole traditionnelle.","og_url":"https:\/\/www.sebastien-auziere.fr\/blog\/brigitte-macron-art-japonais\/","og_site_name":"Fan site S\u00e9bastien Auzi\u00e8re","article_published_time":"2026-04-02T07:10:06+00:00","og_image":[{"width":2560,"height":1429,"url":"https:\/\/www.sebastien-auziere.fr\/blog\/wp-content\/uploads\/2026\/04\/Brigitte-Macron-decouvre-lart-japonais-immersion-au-coeur-dune-ecole-entre-theatre-calligraphie-et-poterie.jpg","type":"image\/jpeg"}],"author":"Chloe Gauthier","twitter_card":"summary_large_image","twitter_misc":{"\u00c9crit par":"Chloe Gauthier","Dur\u00e9e de lecture estim\u00e9e":"3 minutes"},"schema":{"@context":"https:\/\/schema.org","@graph":[{"@type":"Article","@id":"https:\/\/www.sebastien-auziere.fr\/blog\/brigitte-macron-art-japonais\/#article","isPartOf":{"@id":"https:\/\/www.sebastien-auziere.fr\/blog\/brigitte-macron-art-japonais\/"},"author":{"name":"Chloe Gauthier","@id":"https:\/\/www.sebastien-auziere.fr\/blog\/#\/schema\/person\/149f1acdbfd85149c6c3e59adeae2f4d"},"headline":"Brigitte Macron d\u00e9couvre l&rsquo;art japonais : immersion au c\u0153ur d&rsquo;une \u00e9cole entre th\u00e9\u00e2tre, calligraphie et poterie","datePublished":"2026-04-02T07:10:06+00:00","mainEntityOfPage":{"@id":"https:\/\/www.sebastien-auziere.fr\/blog\/brigitte-macron-art-japonais\/"},"wordCount":557,"commentCount":0,"publisher":{"@id":"https:\/\/www.sebastien-auziere.fr\/blog\/#organization"},"image":{"@id":"https:\/\/www.sebastien-auziere.fr\/blog\/brigitte-macron-art-japonais\/#primaryimage"},"thumbnailUrl":"https:\/\/www.sebastien-auziere.fr\/blog\/wp-content\/uploads\/2026\/04\/Brigitte-Macron-decouvre-lart-japonais-immersion-au-coeur-dune-ecole-entre-theatre-calligraphie-et-poterie.jpg","keywords":["art japonais","brigitte macron","calligraphie japonaise","poterie japonaise","th\u00e9\u00e2tre japonais"],"articleSection":["Actualit\u00e9s"],"inLanguage":"fr-FR","potentialAction":[{"@type":"CommentAction","name":"Comment","target":["https:\/\/www.sebastien-auziere.fr\/blog\/brigitte-macron-art-japonais\/#respond"]}]},{"@type":"WebPage","@id":"https:\/\/www.sebastien-auziere.fr\/blog\/brigitte-macron-art-japonais\/","url":"https:\/\/www.sebastien-auziere.fr\/blog\/brigitte-macron-art-japonais\/","name":"Brigitte Macron d\u00e9couvre l'art japonais : immersion au c\u0153ur d'une \u00e9cole entre th\u00e9\u00e2tre, calligraphie et poterie - Fan site S\u00e9bastien Auzi\u00e8re","isPartOf":{"@id":"https:\/\/www.sebastien-auziere.fr\/blog\/#website"},"primaryImageOfPage":{"@id":"https:\/\/www.sebastien-auziere.fr\/blog\/brigitte-macron-art-japonais\/#primaryimage"},"image":{"@id":"https:\/\/www.sebastien-auziere.fr\/blog\/brigitte-macron-art-japonais\/#primaryimage"},"thumbnailUrl":"https:\/\/www.sebastien-auziere.fr\/blog\/wp-content\/uploads\/2026\/04\/Brigitte-Macron-decouvre-lart-japonais-immersion-au-coeur-dune-ecole-entre-theatre-calligraphie-et-poterie.jpg","datePublished":"2026-04-02T07:10:06+00:00","description":"D\u00e9couvrez Brigitte Macron immerg\u00e9e dans l'art japonais : th\u00e9\u00e2tre, calligraphie et poterie au c\u0153ur d'une \u00e9cole traditionnelle.","breadcrumb":{"@id":"https:\/\/www.sebastien-auziere.fr\/blog\/brigitte-macron-art-japonais\/#breadcrumb"},"inLanguage":"fr-FR","potentialAction":[{"@type":"ReadAction","target":["https:\/\/www.sebastien-auziere.fr\/blog\/brigitte-macron-art-japonais\/"]}]},{"@type":"ImageObject","inLanguage":"fr-FR","@id":"https:\/\/www.sebastien-auziere.fr\/blog\/brigitte-macron-art-japonais\/#primaryimage","url":"https:\/\/www.sebastien-auziere.fr\/blog\/wp-content\/uploads\/2026\/04\/Brigitte-Macron-decouvre-lart-japonais-immersion-au-coeur-dune-ecole-entre-theatre-calligraphie-et-poterie.jpg","contentUrl":"https:\/\/www.sebastien-auziere.fr\/blog\/wp-content\/uploads\/2026\/04\/Brigitte-Macron-decouvre-lart-japonais-immersion-au-coeur-dune-ecole-entre-theatre-calligraphie-et-poterie.jpg","width":2560,"height":1429,"caption":"plongez avec brigitte macron dans l'univers de l'art japonais \u00e0 travers une visite immersive dans une \u00e9cole d\u00e9di\u00e9e au th\u00e9\u00e2tre, \u00e0 la calligraphie et \u00e0 la poterie, r\u00e9v\u00e9lant la richesse de ces traditions ancestrales."},{"@type":"BreadcrumbList","@id":"https:\/\/www.sebastien-auziere.fr\/blog\/brigitte-macron-art-japonais\/#breadcrumb","itemListElement":[{"@type":"ListItem","position":1,"name":"Home","item":"https:\/\/www.sebastien-auziere.fr\/blog\/"},{"@type":"ListItem","position":2,"name":"Brigitte Macron d\u00e9couvre l&rsquo;art japonais : immersion au c\u0153ur d&rsquo;une \u00e9cole entre th\u00e9\u00e2tre, calligraphie et poterie"}]},{"@type":"WebSite","@id":"https:\/\/www.sebastien-auziere.fr\/blog\/#website","url":"https:\/\/www.sebastien-auziere.fr\/blog\/","name":"Fan site S\u00e9bastien Auzi\u00e8re","description":"M\u00e9dia g\u00e9n\u00e9raliste","publisher":{"@id":"https:\/\/www.sebastien-auziere.fr\/blog\/#organization"},"potentialAction":[{"@type":"SearchAction","target":{"@type":"EntryPoint","urlTemplate":"https:\/\/www.sebastien-auziere.fr\/blog\/?s={search_term_string}"},"query-input":{"@type":"PropertyValueSpecification","valueRequired":true,"valueName":"search_term_string"}}],"inLanguage":"fr-FR"},{"@type":"Organization","@id":"https:\/\/www.sebastien-auziere.fr\/blog\/#organization","name":"Fan site S\u00e9bastien Auzi\u00e8re","url":"https:\/\/www.sebastien-auziere.fr\/blog\/","logo":{"@type":"ImageObject","inLanguage":"fr-FR","@id":"https:\/\/www.sebastien-auziere.fr\/blog\/#\/schema\/logo\/image\/","url":"https:\/\/www.sebastien-auziere.fr\/blog\/wp-content\/uploads\/2026\/03\/cropped-cropped-cropped-ChatGPT-Image-6-mars-2026-12_58_09-e1772798376794.jpg","contentUrl":"https:\/\/www.sebastien-auziere.fr\/blog\/wp-content\/uploads\/2026\/03\/cropped-cropped-cropped-ChatGPT-Image-6-mars-2026-12_58_09-e1772798376794.jpg","width":512,"height":360,"caption":"Fan site S\u00e9bastien Auzi\u00e8re"},"image":{"@id":"https:\/\/www.sebastien-auziere.fr\/blog\/#\/schema\/logo\/image\/"}},{"@type":"Person","@id":"https:\/\/www.sebastien-auziere.fr\/blog\/#\/schema\/person\/149f1acdbfd85149c6c3e59adeae2f4d","name":"Chloe Gauthier","image":{"@type":"ImageObject","inLanguage":"fr-FR","@id":"https:\/\/secure.gravatar.com\/avatar\/2c5722f58171cff738a8985ef0dd66b476e563753246a49019befc837ec4201a?s=96&d=mm&r=g","url":"https:\/\/secure.gravatar.com\/avatar\/2c5722f58171cff738a8985ef0dd66b476e563753246a49019befc837ec4201a?s=96&d=mm&r=g","contentUrl":"https:\/\/secure.gravatar.com\/avatar\/2c5722f58171cff738a8985ef0dd66b476e563753246a49019befc837ec4201a?s=96&d=mm&r=g","caption":"Chloe Gauthier"},"description":"Passionn\u00e9e par la politique et admiratrice engag\u00e9e de la famille Macron, je consacre mon \u00e9nergie \u00e0 suivre leurs initiatives et \u00e0 promouvoir leurs id\u00e9es. \u00c0 32 ans, je suis convaincue que leur vision est porteuse d'avenir.","url":"https:\/\/www.sebastien-auziere.fr\/blog\/author\/chloe-gauthier\/"}]}},"views":1100,"_links":{"self":[{"href":"https:\/\/www.sebastien-auziere.fr\/blog\/wp-json\/wp\/v2\/posts\/2686","targetHints":{"allow":["GET"]}}],"collection":[{"href":"https:\/\/www.sebastien-auziere.fr\/blog\/wp-json\/wp\/v2\/posts"}],"about":[{"href":"https:\/\/www.sebastien-auziere.fr\/blog\/wp-json\/wp\/v2\/types\/post"}],"author":[{"embeddable":true,"href":"https:\/\/www.sebastien-auziere.fr\/blog\/wp-json\/wp\/v2\/users\/9"}],"replies":[{"embeddable":true,"href":"https:\/\/www.sebastien-auziere.fr\/blog\/wp-json\/wp\/v2\/comments?post=2686"}],"version-history":[{"count":0,"href":"https:\/\/www.sebastien-auziere.fr\/blog\/wp-json\/wp\/v2\/posts\/2686\/revisions"}],"wp:featuredmedia":[{"embeddable":true,"href":"https:\/\/www.sebastien-auziere.fr\/blog\/wp-json\/wp\/v2\/media\/2685"}],"wp:attachment":[{"href":"https:\/\/www.sebastien-auziere.fr\/blog\/wp-json\/wp\/v2\/media?parent=2686"}],"wp:term":[{"taxonomy":"category","embeddable":true,"href":"https:\/\/www.sebastien-auziere.fr\/blog\/wp-json\/wp\/v2\/categories?post=2686"},{"taxonomy":"post_tag","embeddable":true,"href":"https:\/\/www.sebastien-auziere.fr\/blog\/wp-json\/wp\/v2\/tags?post=2686"}],"curies":[{"name":"wp","href":"https:\/\/api.w.org\/{rel}","templated":true}]}}