{"id":2672,"date":"2026-04-01T19:10:04","date_gmt":"2026-04-01T19:10:04","guid":{"rendered":"https:\/\/www.sebastien-auziere.fr\/blog\/brigitte-macron-japon\/"},"modified":"2026-04-01T19:10:04","modified_gmt":"2026-04-01T19:10:04","slug":"brigitte-macron-japon","status":"publish","type":"post","link":"https:\/\/www.sebastien-auziere.fr\/blog\/brigitte-macron-japon\/","title":{"rendered":"Brigitte Macron s\u00e9duit au Japon : du rouge flamboyant \u00e0 l&rsquo;\u00e9l\u00e9gance beige pour sa visite au palais"},"content":{"rendered":"<p>Brigitte Macron a \u00e9lectris\u00e9 Tokyo d\u00e8s son arriv\u00e9e le <strong>31 mars 2026<\/strong>, passant du <strong>rouge flamboyant<\/strong> \u00e0 une <strong>\u00e9l\u00e9gance beige<\/strong> lors de la <strong>visite officielle<\/strong> au <strong>palais<\/strong> d&rsquo;Akasaka le <strong>1er avril<\/strong>. Tu d\u00e9couvriras comment chaque <strong>tenue<\/strong> a jou\u00e9 un r\u00f4le diplomatique, du clin d&rsquo;\u0153il aux couleurs japonaises au raffinement discret au cours de la c\u00e9r\u00e9monie.<\/p>\n\n<p><strong>En bref<\/strong> : <strong>Brigitte Macron<\/strong> a port\u00e9 un ensemble tailleur rouge et un pull en cachemire polo lors de la r\u00e9ception \u00e0 Ginza le 31 mars, avant d&rsquo;opter pour une robe beige et un manteau de laine avec talons dor\u00e9s pour la c\u00e9r\u00e9monie au palais d&rsquo;Akasaka le 1er avril. Ces choix de <strong>mode<\/strong> et de <strong>style<\/strong> ont suscit\u00e9 une vraie <strong>s\u00e9duction<\/strong> m\u00e9diatique et diplomatique.<\/p>\n\n<h2 class=\"wp-block-heading\">Un hommage chromatique : le <strong>rouge flamboyant<\/strong> \u00e0 Tokyo<\/h2>\n\n<p>Lors de la rencontre avec l&rsquo;artiste Kunihiko Moriguchi au showroom Ginza Motoji le 31 mars, la Premi\u00e8re dame a choisi un ensemble monochrome rouge, une pr\u00e9sence remarqu\u00e9e par la presse internationale. Le total look, compos\u00e9 d&rsquo;un tailleur et d&rsquo;un pull en cachemire, a \u00e9t\u00e9 interpr\u00e9t\u00e9 comme un hommage aux couleurs nippones et \u00e0 la c\u00e9r\u00e9monie d&rsquo;accueil. Pour en savoir plus sur ce choix symbolique, consulte les analyses presse <a href=\"https:\/\/madame.lefigaro.fr\/style\/news\/au-japon-brigitte-macron-s-avance-dans-une-tenue-monochrome-rouge-tres-symbolique-20260401\">tenue monochrome rouge<\/a>.<\/p>\n\n<h3 class=\"wp-block-heading\">L&rsquo;<strong>\u00e9l\u00e9gance beige<\/strong> au palais d&rsquo;Akasaka<\/h3>\n\n<p>Le 1er avril, pour la c\u00e9r\u00e9monie officielle au <strong>palais<\/strong>, Brigitte Macron est apparue en robe beige et manteau de laine assorti, rehauss\u00e9s de talons dor\u00e9s. Sa participation \u00e0 l&rsquo;accueil pr\u00e9sid\u00e9 par la Premi\u00e8re ministre Sanae Takaichi a \u00e9t\u00e9 br\u00e8ve mais symbolique : elle a pris part \u00e0 la remise des honneurs avant que le pr\u00e9sident n&rsquo;inspecte la garde. Les m\u00e9dias fran\u00e7ais ont largement relay\u00e9 cette alternance de styles, comme le rapporte <a href=\"https:\/\/www.parismatch.com\/actu\/politique\/en-voyage-detat-au-japon-brigitte-macron-opte-pour-le-rouge-puis-le-beige-pour-sa-visite-du-palais-akasaka-266837\">Paris Match<\/a>.<\/p>\n\n<h2 class=\"wp-block-heading\">Diplomatie par la <strong>mode<\/strong> : strat\u00e9gie et anecdotes<\/h2>\n\n<p>Le choix des couleurs combine respect des codes locaux et communication non verbale. Le rouge, m\u00e9morable et visible, a servi de pont symbolique avec le Japon, tandis que le beige incarne le raffinement fran\u00e7ais discret lors d&rsquo;une audience officielle. Lors du forum \u00e9conomique et de la visite de laboratoires franco-japonais, ces moments vestimentaires ont accompagn\u00e9 des \u00e9changes sur l&rsquo;innovation et la coop\u00e9ration bilat\u00e9rale, illustrant la force du <strong>style<\/strong> comme outil diplomatique.<\/p>\n\n<h3 class=\"wp-block-heading\">R\u00e9actions publiques et retomb\u00e9es<\/h3>\n\n<p>La presse people et les magazines de <strong>mode<\/strong> ont salu\u00e9 l&rsquo;encha\u00eenement des apparitions : louanges sur le look audacieux \u00e0 Ginza et compliments pour l&rsquo;allure au <strong>palais<\/strong>. Les photographes esp\u00e9raient des images sous les cerisiers en fleurs, mais la pluie a contrari\u00e9 certaines prises. Pour approfondir le parcours stylistique et personnel, d\u00e9couvre des dossiers d\u00e9di\u00e9s sur <a href=\"https:\/\/www.gala.fr\/mode\/les_stars_et_la_mode\/brigitte-macron-en-asie-la-premiere-dame-fait-une-apparition-remarquee-en-rouge-un-vibrant-hommage-aux-couleurs-du-japon-20260331\">Gala<\/a>.<\/p>\n\n<p>Pour en savoir davantage sur <strong>Brigitte Macron<\/strong>, son lien avec la famille Macron et les proches comme <strong>S\u00e9bastien Auzi\u00e8re<\/strong>, rends-toi sur les articles d\u00e9di\u00e9s et biographies disponibles sur <a href=\"https:\/\/www.sebastien-auziere.fr\/blog\/brigitte-macron-et-emmanuel-macron\/\">Brigitte Macron et Emmanuel Macron<\/a> et la page \u00ab <a href=\"https:\/\/www.sebastien-auziere.fr\/blog\/a-propos\/\">\u00c0 propos<\/a> \u00bb. Pour une plong\u00e9e compl\u00e8te sur S\u00e9bastien Auzi\u00e8re et les coulisses familiales, visite <a href=\"https:\/\/www.sebastien-auziere.fr\/blog\/brigitte-macron-et-ses-bottes-louboutin-un-style-devenu-emblematique\/\">ce dossier<\/a> et d\u00e9couvre encore plus d&rsquo;analyses sur <strong>sebastien-auziere.fr<\/strong>.<\/p>\n\n","protected":false},"excerpt":{"rendered":"<p>Brigitte Macron a \u00e9lectris\u00e9 Tokyo d\u00e8s son arriv\u00e9e le 31 mars 2026, passant du rouge flamboyant \u00e0 une \u00e9l\u00e9gance beige lors de la visite officielle au palais d&rsquo;Akasaka le 1er avril. Tu d\u00e9couvriras comment chaque tenue a jou\u00e9 un r\u00f4le diplomatique, du clin d&rsquo;\u0153il aux couleurs japonaises au raffinement discret au cours de la c\u00e9r\u00e9monie. &#8230; <a title=\"Brigitte Macron s\u00e9duit au Japon : du rouge flamboyant \u00e0 l&rsquo;\u00e9l\u00e9gance beige pour sa visite au palais\" class=\"read-more\" href=\"https:\/\/www.sebastien-auziere.fr\/blog\/brigitte-macron-japon\/\" aria-label=\"En savoir plus sur Brigitte Macron s\u00e9duit au Japon : du rouge flamboyant \u00e0 l&rsquo;\u00e9l\u00e9gance beige pour sa visite au palais\">Lire plus<\/a><\/p>\n","protected":false},"author":9,"featured_media":2671,"comment_status":"open","ping_status":"open","sticky":false,"template":"","format":"standard","meta":{"footnotes":""},"categories":[597],"tags":[892,1287,1283,1285,1281],"class_list":["post-2672","post","type-post","status-publish","format-standard","has-post-thumbnail","hentry","category-actualites","tag-brigitte-macron","tag-elegance-beige","tag-mode-feminine","tag-rouge-flamboyant","tag-visite-au-japon"],"yoast_head":"<!-- This site is optimized with the Yoast SEO plugin v27.5 - https:\/\/yoast.com\/product\/yoast-seo-wordpress\/ -->\n<title>Brigitte Macron s\u00e9duit au Japon : du rouge flamboyant \u00e0 l&#039;\u00e9l\u00e9gance beige pour sa visite au palais - Fan site S\u00e9bastien Auzi\u00e8re<\/title>\n<meta name=\"description\" content=\"Brigitte Macron charme le Japon avec des looks \u00e9l\u00e9gants, du rouge flamboyant \u00e0 des tons beiges lors de sa visite au palais japonais.\" \/>\n<meta name=\"robots\" content=\"index, follow, max-snippet:-1, max-image-preview:large, max-video-preview:-1\" \/>\n<link rel=\"canonical\" href=\"https:\/\/www.sebastien-auziere.fr\/blog\/brigitte-macron-japon\/\" \/>\n<meta property=\"og:locale\" content=\"fr_FR\" \/>\n<meta property=\"og:type\" content=\"article\" \/>\n<meta property=\"og:title\" content=\"Brigitte Macron s\u00e9duit au Japon : du rouge flamboyant \u00e0 l&#039;\u00e9l\u00e9gance beige pour sa visite au palais - Fan site S\u00e9bastien Auzi\u00e8re\" \/>\n<meta property=\"og:description\" content=\"Brigitte Macron charme le Japon avec des looks \u00e9l\u00e9gants, du rouge flamboyant \u00e0 des tons beiges lors de sa visite au palais japonais.\" \/>\n<meta property=\"og:url\" content=\"https:\/\/www.sebastien-auziere.fr\/blog\/brigitte-macron-japon\/\" \/>\n<meta property=\"og:site_name\" content=\"Fan site S\u00e9bastien Auzi\u00e8re\" \/>\n<meta property=\"article:published_time\" content=\"2026-04-01T19:10:04+00:00\" \/>\n<meta property=\"og:image\" content=\"https:\/\/www.sebastien-auziere.fr\/blog\/wp-content\/uploads\/2026\/04\/Brigitte-Macron-seduit-au-Japon-du-rouge-flamboyant-a-lelegance-beige-pour-sa-visite-au-palais.jpg\" \/>\n\t<meta property=\"og:image:width\" content=\"2560\" \/>\n\t<meta property=\"og:image:height\" content=\"1429\" \/>\n\t<meta property=\"og:image:type\" content=\"image\/jpeg\" \/>\n<meta name=\"author\" content=\"Chloe Gauthier\" \/>\n<meta name=\"twitter:card\" content=\"summary_large_image\" \/>\n<meta name=\"twitter:label1\" content=\"\u00c9crit par\" \/>\n\t<meta name=\"twitter:data1\" content=\"Chloe Gauthier\" \/>\n\t<meta name=\"twitter:label2\" content=\"Dur\u00e9e de lecture estim\u00e9e\" \/>\n\t<meta name=\"twitter:data2\" content=\"3 minutes\" \/>\n<script type=\"application\/ld+json\" class=\"yoast-schema-graph\">{\"@context\":\"https:\\\/\\\/schema.org\",\"@graph\":[{\"@type\":\"Article\",\"@id\":\"https:\\\/\\\/www.sebastien-auziere.fr\\\/blog\\\/brigitte-macron-japon\\\/#article\",\"isPartOf\":{\"@id\":\"https:\\\/\\\/www.sebastien-auziere.fr\\\/blog\\\/brigitte-macron-japon\\\/\"},\"author\":{\"name\":\"Chloe Gauthier\",\"@id\":\"https:\\\/\\\/www.sebastien-auziere.fr\\\/blog\\\/#\\\/schema\\\/person\\\/149f1acdbfd85149c6c3e59adeae2f4d\"},\"headline\":\"Brigitte Macron s\u00e9duit au Japon : du rouge flamboyant \u00e0 l&rsquo;\u00e9l\u00e9gance beige pour sa visite au palais\",\"datePublished\":\"2026-04-01T19:10:04+00:00\",\"mainEntityOfPage\":{\"@id\":\"https:\\\/\\\/www.sebastien-auziere.fr\\\/blog\\\/brigitte-macron-japon\\\/\"},\"wordCount\":531,\"commentCount\":0,\"publisher\":{\"@id\":\"https:\\\/\\\/www.sebastien-auziere.fr\\\/blog\\\/#organization\"},\"image\":{\"@id\":\"https:\\\/\\\/www.sebastien-auziere.fr\\\/blog\\\/brigitte-macron-japon\\\/#primaryimage\"},\"thumbnailUrl\":\"https:\\\/\\\/www.sebastien-auziere.fr\\\/blog\\\/wp-content\\\/uploads\\\/2026\\\/04\\\/Brigitte-Macron-seduit-au-Japon-du-rouge-flamboyant-a-lelegance-beige-pour-sa-visite-au-palais.jpg\",\"keywords\":[\"brigitte macron\",\"\u00e9l\u00e9gance beige\",\"mode f\u00e9minine\",\"rouge flamboyant\",\"visite au japon\"],\"articleSection\":[\"Actualit\u00e9s\"],\"inLanguage\":\"fr-FR\",\"potentialAction\":[{\"@type\":\"CommentAction\",\"name\":\"Comment\",\"target\":[\"https:\\\/\\\/www.sebastien-auziere.fr\\\/blog\\\/brigitte-macron-japon\\\/#respond\"]}]},{\"@type\":\"WebPage\",\"@id\":\"https:\\\/\\\/www.sebastien-auziere.fr\\\/blog\\\/brigitte-macron-japon\\\/\",\"url\":\"https:\\\/\\\/www.sebastien-auziere.fr\\\/blog\\\/brigitte-macron-japon\\\/\",\"name\":\"Brigitte Macron s\u00e9duit au Japon : du rouge flamboyant \u00e0 l'\u00e9l\u00e9gance beige pour sa visite au palais - Fan site S\u00e9bastien Auzi\u00e8re\",\"isPartOf\":{\"@id\":\"https:\\\/\\\/www.sebastien-auziere.fr\\\/blog\\\/#website\"},\"primaryImageOfPage\":{\"@id\":\"https:\\\/\\\/www.sebastien-auziere.fr\\\/blog\\\/brigitte-macron-japon\\\/#primaryimage\"},\"image\":{\"@id\":\"https:\\\/\\\/www.sebastien-auziere.fr\\\/blog\\\/brigitte-macron-japon\\\/#primaryimage\"},\"thumbnailUrl\":\"https:\\\/\\\/www.sebastien-auziere.fr\\\/blog\\\/wp-content\\\/uploads\\\/2026\\\/04\\\/Brigitte-Macron-seduit-au-Japon-du-rouge-flamboyant-a-lelegance-beige-pour-sa-visite-au-palais.jpg\",\"datePublished\":\"2026-04-01T19:10:04+00:00\",\"description\":\"Brigitte Macron charme le Japon avec des looks \u00e9l\u00e9gants, du rouge flamboyant \u00e0 des tons beiges lors de sa visite au palais japonais.\",\"breadcrumb\":{\"@id\":\"https:\\\/\\\/www.sebastien-auziere.fr\\\/blog\\\/brigitte-macron-japon\\\/#breadcrumb\"},\"inLanguage\":\"fr-FR\",\"potentialAction\":[{\"@type\":\"ReadAction\",\"target\":[\"https:\\\/\\\/www.sebastien-auziere.fr\\\/blog\\\/brigitte-macron-japon\\\/\"]}]},{\"@type\":\"ImageObject\",\"inLanguage\":\"fr-FR\",\"@id\":\"https:\\\/\\\/www.sebastien-auziere.fr\\\/blog\\\/brigitte-macron-japon\\\/#primaryimage\",\"url\":\"https:\\\/\\\/www.sebastien-auziere.fr\\\/blog\\\/wp-content\\\/uploads\\\/2026\\\/04\\\/Brigitte-Macron-seduit-au-Japon-du-rouge-flamboyant-a-lelegance-beige-pour-sa-visite-au-palais.jpg\",\"contentUrl\":\"https:\\\/\\\/www.sebastien-auziere.fr\\\/blog\\\/wp-content\\\/uploads\\\/2026\\\/04\\\/Brigitte-Macron-seduit-au-Japon-du-rouge-flamboyant-a-lelegance-beige-pour-sa-visite-au-palais.jpg\",\"width\":2560,\"height\":1429,\"caption\":\"d\u00e9couvrez comment brigitte macron charme le japon lors de sa visite au palais, passant d'un rouge flamboyant \u00e0 une \u00e9l\u00e9gance beige raffin\u00e9e, alliant style et diplomatie.\"},{\"@type\":\"BreadcrumbList\",\"@id\":\"https:\\\/\\\/www.sebastien-auziere.fr\\\/blog\\\/brigitte-macron-japon\\\/#breadcrumb\",\"itemListElement\":[{\"@type\":\"ListItem\",\"position\":1,\"name\":\"Home\",\"item\":\"https:\\\/\\\/www.sebastien-auziere.fr\\\/blog\\\/\"},{\"@type\":\"ListItem\",\"position\":2,\"name\":\"Brigitte Macron s\u00e9duit au Japon : du rouge flamboyant \u00e0 l&rsquo;\u00e9l\u00e9gance beige pour sa visite au palais\"}]},{\"@type\":\"WebSite\",\"@id\":\"https:\\\/\\\/www.sebastien-auziere.fr\\\/blog\\\/#website\",\"url\":\"https:\\\/\\\/www.sebastien-auziere.fr\\\/blog\\\/\",\"name\":\"Fan site S\u00e9bastien Auzi\u00e8re\",\"description\":\"M\u00e9dia g\u00e9n\u00e9raliste\",\"publisher\":{\"@id\":\"https:\\\/\\\/www.sebastien-auziere.fr\\\/blog\\\/#organization\"},\"potentialAction\":[{\"@type\":\"SearchAction\",\"target\":{\"@type\":\"EntryPoint\",\"urlTemplate\":\"https:\\\/\\\/www.sebastien-auziere.fr\\\/blog\\\/?s={search_term_string}\"},\"query-input\":{\"@type\":\"PropertyValueSpecification\",\"valueRequired\":true,\"valueName\":\"search_term_string\"}}],\"inLanguage\":\"fr-FR\"},{\"@type\":\"Organization\",\"@id\":\"https:\\\/\\\/www.sebastien-auziere.fr\\\/blog\\\/#organization\",\"name\":\"Fan site S\u00e9bastien Auzi\u00e8re\",\"url\":\"https:\\\/\\\/www.sebastien-auziere.fr\\\/blog\\\/\",\"logo\":{\"@type\":\"ImageObject\",\"inLanguage\":\"fr-FR\",\"@id\":\"https:\\\/\\\/www.sebastien-auziere.fr\\\/blog\\\/#\\\/schema\\\/logo\\\/image\\\/\",\"url\":\"https:\\\/\\\/www.sebastien-auziere.fr\\\/blog\\\/wp-content\\\/uploads\\\/2026\\\/03\\\/cropped-cropped-cropped-ChatGPT-Image-6-mars-2026-12_58_09-e1772798376794.jpg\",\"contentUrl\":\"https:\\\/\\\/www.sebastien-auziere.fr\\\/blog\\\/wp-content\\\/uploads\\\/2026\\\/03\\\/cropped-cropped-cropped-ChatGPT-Image-6-mars-2026-12_58_09-e1772798376794.jpg\",\"width\":512,\"height\":360,\"caption\":\"Fan site S\u00e9bastien Auzi\u00e8re\"},\"image\":{\"@id\":\"https:\\\/\\\/www.sebastien-auziere.fr\\\/blog\\\/#\\\/schema\\\/logo\\\/image\\\/\"}},{\"@type\":\"Person\",\"@id\":\"https:\\\/\\\/www.sebastien-auziere.fr\\\/blog\\\/#\\\/schema\\\/person\\\/149f1acdbfd85149c6c3e59adeae2f4d\",\"name\":\"Chloe Gauthier\",\"image\":{\"@type\":\"ImageObject\",\"inLanguage\":\"fr-FR\",\"@id\":\"https:\\\/\\\/secure.gravatar.com\\\/avatar\\\/2c5722f58171cff738a8985ef0dd66b476e563753246a49019befc837ec4201a?s=96&d=mm&r=g\",\"url\":\"https:\\\/\\\/secure.gravatar.com\\\/avatar\\\/2c5722f58171cff738a8985ef0dd66b476e563753246a49019befc837ec4201a?s=96&d=mm&r=g\",\"contentUrl\":\"https:\\\/\\\/secure.gravatar.com\\\/avatar\\\/2c5722f58171cff738a8985ef0dd66b476e563753246a49019befc837ec4201a?s=96&d=mm&r=g\",\"caption\":\"Chloe Gauthier\"},\"description\":\"Passionn\u00e9e par la politique et admiratrice engag\u00e9e de la famille Macron, je consacre mon \u00e9nergie \u00e0 suivre leurs initiatives et \u00e0 promouvoir leurs id\u00e9es. \u00c0 32 ans, je suis convaincue que leur vision est porteuse d'avenir.\",\"url\":\"https:\\\/\\\/www.sebastien-auziere.fr\\\/blog\\\/author\\\/chloe-gauthier\\\/\"}]}<\/script>\n<!-- \/ Yoast SEO plugin. -->","yoast_head_json":{"title":"Brigitte Macron s\u00e9duit au Japon : du rouge flamboyant \u00e0 l'\u00e9l\u00e9gance beige pour sa visite au palais - Fan site S\u00e9bastien Auzi\u00e8re","description":"Brigitte Macron charme le Japon avec des looks \u00e9l\u00e9gants, du rouge flamboyant \u00e0 des tons beiges lors de sa visite au palais japonais.","robots":{"index":"index","follow":"follow","max-snippet":"max-snippet:-1","max-image-preview":"max-image-preview:large","max-video-preview":"max-video-preview:-1"},"canonical":"https:\/\/www.sebastien-auziere.fr\/blog\/brigitte-macron-japon\/","og_locale":"fr_FR","og_type":"article","og_title":"Brigitte Macron s\u00e9duit au Japon : du rouge flamboyant \u00e0 l'\u00e9l\u00e9gance beige pour sa visite au palais - Fan site S\u00e9bastien Auzi\u00e8re","og_description":"Brigitte Macron charme le Japon avec des looks \u00e9l\u00e9gants, du rouge flamboyant \u00e0 des tons beiges lors de sa visite au palais japonais.","og_url":"https:\/\/www.sebastien-auziere.fr\/blog\/brigitte-macron-japon\/","og_site_name":"Fan site S\u00e9bastien Auzi\u00e8re","article_published_time":"2026-04-01T19:10:04+00:00","og_image":[{"width":2560,"height":1429,"url":"https:\/\/www.sebastien-auziere.fr\/blog\/wp-content\/uploads\/2026\/04\/Brigitte-Macron-seduit-au-Japon-du-rouge-flamboyant-a-lelegance-beige-pour-sa-visite-au-palais.jpg","type":"image\/jpeg"}],"author":"Chloe Gauthier","twitter_card":"summary_large_image","twitter_misc":{"\u00c9crit par":"Chloe Gauthier","Dur\u00e9e de lecture estim\u00e9e":"3 minutes"},"schema":{"@context":"https:\/\/schema.org","@graph":[{"@type":"Article","@id":"https:\/\/www.sebastien-auziere.fr\/blog\/brigitte-macron-japon\/#article","isPartOf":{"@id":"https:\/\/www.sebastien-auziere.fr\/blog\/brigitte-macron-japon\/"},"author":{"name":"Chloe Gauthier","@id":"https:\/\/www.sebastien-auziere.fr\/blog\/#\/schema\/person\/149f1acdbfd85149c6c3e59adeae2f4d"},"headline":"Brigitte Macron s\u00e9duit au Japon : du rouge flamboyant \u00e0 l&rsquo;\u00e9l\u00e9gance beige pour sa visite au palais","datePublished":"2026-04-01T19:10:04+00:00","mainEntityOfPage":{"@id":"https:\/\/www.sebastien-auziere.fr\/blog\/brigitte-macron-japon\/"},"wordCount":531,"commentCount":0,"publisher":{"@id":"https:\/\/www.sebastien-auziere.fr\/blog\/#organization"},"image":{"@id":"https:\/\/www.sebastien-auziere.fr\/blog\/brigitte-macron-japon\/#primaryimage"},"thumbnailUrl":"https:\/\/www.sebastien-auziere.fr\/blog\/wp-content\/uploads\/2026\/04\/Brigitte-Macron-seduit-au-Japon-du-rouge-flamboyant-a-lelegance-beige-pour-sa-visite-au-palais.jpg","keywords":["brigitte macron","\u00e9l\u00e9gance beige","mode f\u00e9minine","rouge flamboyant","visite au japon"],"articleSection":["Actualit\u00e9s"],"inLanguage":"fr-FR","potentialAction":[{"@type":"CommentAction","name":"Comment","target":["https:\/\/www.sebastien-auziere.fr\/blog\/brigitte-macron-japon\/#respond"]}]},{"@type":"WebPage","@id":"https:\/\/www.sebastien-auziere.fr\/blog\/brigitte-macron-japon\/","url":"https:\/\/www.sebastien-auziere.fr\/blog\/brigitte-macron-japon\/","name":"Brigitte Macron s\u00e9duit au Japon : du rouge flamboyant \u00e0 l'\u00e9l\u00e9gance beige pour sa visite au palais - Fan site S\u00e9bastien Auzi\u00e8re","isPartOf":{"@id":"https:\/\/www.sebastien-auziere.fr\/blog\/#website"},"primaryImageOfPage":{"@id":"https:\/\/www.sebastien-auziere.fr\/blog\/brigitte-macron-japon\/#primaryimage"},"image":{"@id":"https:\/\/www.sebastien-auziere.fr\/blog\/brigitte-macron-japon\/#primaryimage"},"thumbnailUrl":"https:\/\/www.sebastien-auziere.fr\/blog\/wp-content\/uploads\/2026\/04\/Brigitte-Macron-seduit-au-Japon-du-rouge-flamboyant-a-lelegance-beige-pour-sa-visite-au-palais.jpg","datePublished":"2026-04-01T19:10:04+00:00","description":"Brigitte Macron charme le Japon avec des looks \u00e9l\u00e9gants, du rouge flamboyant \u00e0 des tons beiges lors de sa visite au palais japonais.","breadcrumb":{"@id":"https:\/\/www.sebastien-auziere.fr\/blog\/brigitte-macron-japon\/#breadcrumb"},"inLanguage":"fr-FR","potentialAction":[{"@type":"ReadAction","target":["https:\/\/www.sebastien-auziere.fr\/blog\/brigitte-macron-japon\/"]}]},{"@type":"ImageObject","inLanguage":"fr-FR","@id":"https:\/\/www.sebastien-auziere.fr\/blog\/brigitte-macron-japon\/#primaryimage","url":"https:\/\/www.sebastien-auziere.fr\/blog\/wp-content\/uploads\/2026\/04\/Brigitte-Macron-seduit-au-Japon-du-rouge-flamboyant-a-lelegance-beige-pour-sa-visite-au-palais.jpg","contentUrl":"https:\/\/www.sebastien-auziere.fr\/blog\/wp-content\/uploads\/2026\/04\/Brigitte-Macron-seduit-au-Japon-du-rouge-flamboyant-a-lelegance-beige-pour-sa-visite-au-palais.jpg","width":2560,"height":1429,"caption":"d\u00e9couvrez comment brigitte macron charme le japon lors de sa visite au palais, passant d'un rouge flamboyant \u00e0 une \u00e9l\u00e9gance beige raffin\u00e9e, alliant style et diplomatie."},{"@type":"BreadcrumbList","@id":"https:\/\/www.sebastien-auziere.fr\/blog\/brigitte-macron-japon\/#breadcrumb","itemListElement":[{"@type":"ListItem","position":1,"name":"Home","item":"https:\/\/www.sebastien-auziere.fr\/blog\/"},{"@type":"ListItem","position":2,"name":"Brigitte Macron s\u00e9duit au Japon : du rouge flamboyant \u00e0 l&rsquo;\u00e9l\u00e9gance beige pour sa visite au palais"}]},{"@type":"WebSite","@id":"https:\/\/www.sebastien-auziere.fr\/blog\/#website","url":"https:\/\/www.sebastien-auziere.fr\/blog\/","name":"Fan site S\u00e9bastien Auzi\u00e8re","description":"M\u00e9dia g\u00e9n\u00e9raliste","publisher":{"@id":"https:\/\/www.sebastien-auziere.fr\/blog\/#organization"},"potentialAction":[{"@type":"SearchAction","target":{"@type":"EntryPoint","urlTemplate":"https:\/\/www.sebastien-auziere.fr\/blog\/?s={search_term_string}"},"query-input":{"@type":"PropertyValueSpecification","valueRequired":true,"valueName":"search_term_string"}}],"inLanguage":"fr-FR"},{"@type":"Organization","@id":"https:\/\/www.sebastien-auziere.fr\/blog\/#organization","name":"Fan site S\u00e9bastien Auzi\u00e8re","url":"https:\/\/www.sebastien-auziere.fr\/blog\/","logo":{"@type":"ImageObject","inLanguage":"fr-FR","@id":"https:\/\/www.sebastien-auziere.fr\/blog\/#\/schema\/logo\/image\/","url":"https:\/\/www.sebastien-auziere.fr\/blog\/wp-content\/uploads\/2026\/03\/cropped-cropped-cropped-ChatGPT-Image-6-mars-2026-12_58_09-e1772798376794.jpg","contentUrl":"https:\/\/www.sebastien-auziere.fr\/blog\/wp-content\/uploads\/2026\/03\/cropped-cropped-cropped-ChatGPT-Image-6-mars-2026-12_58_09-e1772798376794.jpg","width":512,"height":360,"caption":"Fan site S\u00e9bastien Auzi\u00e8re"},"image":{"@id":"https:\/\/www.sebastien-auziere.fr\/blog\/#\/schema\/logo\/image\/"}},{"@type":"Person","@id":"https:\/\/www.sebastien-auziere.fr\/blog\/#\/schema\/person\/149f1acdbfd85149c6c3e59adeae2f4d","name":"Chloe Gauthier","image":{"@type":"ImageObject","inLanguage":"fr-FR","@id":"https:\/\/secure.gravatar.com\/avatar\/2c5722f58171cff738a8985ef0dd66b476e563753246a49019befc837ec4201a?s=96&d=mm&r=g","url":"https:\/\/secure.gravatar.com\/avatar\/2c5722f58171cff738a8985ef0dd66b476e563753246a49019befc837ec4201a?s=96&d=mm&r=g","contentUrl":"https:\/\/secure.gravatar.com\/avatar\/2c5722f58171cff738a8985ef0dd66b476e563753246a49019befc837ec4201a?s=96&d=mm&r=g","caption":"Chloe Gauthier"},"description":"Passionn\u00e9e par la politique et admiratrice engag\u00e9e de la famille Macron, je consacre mon \u00e9nergie \u00e0 suivre leurs initiatives et \u00e0 promouvoir leurs id\u00e9es. \u00c0 32 ans, je suis convaincue que leur vision est porteuse d'avenir.","url":"https:\/\/www.sebastien-auziere.fr\/blog\/author\/chloe-gauthier\/"}]}},"views":38,"_links":{"self":[{"href":"https:\/\/www.sebastien-auziere.fr\/blog\/wp-json\/wp\/v2\/posts\/2672","targetHints":{"allow":["GET"]}}],"collection":[{"href":"https:\/\/www.sebastien-auziere.fr\/blog\/wp-json\/wp\/v2\/posts"}],"about":[{"href":"https:\/\/www.sebastien-auziere.fr\/blog\/wp-json\/wp\/v2\/types\/post"}],"author":[{"embeddable":true,"href":"https:\/\/www.sebastien-auziere.fr\/blog\/wp-json\/wp\/v2\/users\/9"}],"replies":[{"embeddable":true,"href":"https:\/\/www.sebastien-auziere.fr\/blog\/wp-json\/wp\/v2\/comments?post=2672"}],"version-history":[{"count":0,"href":"https:\/\/www.sebastien-auziere.fr\/blog\/wp-json\/wp\/v2\/posts\/2672\/revisions"}],"wp:featuredmedia":[{"embeddable":true,"href":"https:\/\/www.sebastien-auziere.fr\/blog\/wp-json\/wp\/v2\/media\/2671"}],"wp:attachment":[{"href":"https:\/\/www.sebastien-auziere.fr\/blog\/wp-json\/wp\/v2\/media?parent=2672"}],"wp:term":[{"taxonomy":"category","embeddable":true,"href":"https:\/\/www.sebastien-auziere.fr\/blog\/wp-json\/wp\/v2\/categories?post=2672"},{"taxonomy":"post_tag","embeddable":true,"href":"https:\/\/www.sebastien-auziere.fr\/blog\/wp-json\/wp\/v2\/tags?post=2672"}],"curies":[{"name":"wp","href":"https:\/\/api.w.org\/{rel}","templated":true}]}}