{"id":2667,"date":"2026-04-01T07:15:07","date_gmt":"2026-04-01T07:15:07","guid":{"rendered":"https:\/\/www.sebastien-auziere.fr\/blog\/?p=2667"},"modified":"2026-04-01T07:15:46","modified_gmt":"2026-04-01T07:15:46","slug":"emmanuel-macron-inicia-uma-turne-asiatica-no-japao-e-na-coreia-do-sul-a-partir-desta-terca-feira-desafios-e-perspectivas","status":"publish","type":"post","link":"https:\/\/www.sebastien-auziere.fr\/blog\/pt\/emmanuel-macron-inicia-uma-turne-asiatica-no-japao-e-na-coreia-do-sul-a-partir-desta-terca-feira-desafios-e-perspectivas\/","title":{"rendered":"Emmanuel Macron inicia uma turn\u00ea asi\u00e1tica no Jap\u00e3o e na Coreia do Sul a partir desta ter\u00e7a-feira: desafios e perspectivas"},"content":{"rendered":"<p><strong>Emmanuel Macron<\/strong> inicia nesta ter\u00e7a-feira uma <strong>turn\u00ea asi\u00e1tica<\/strong> no <strong>Jap\u00e3o<\/strong> e depois na <strong>Coreia do Sul<\/strong>, de 31 de mar\u00e7o a 3 de abril, com uma s\u00e9rie de encontros bilaterais e eventos econ\u00f4micos. Voc\u00ea vai descobrir por que esta visita, organizada em meio a tens\u00f5es no Oriente M\u00e9dio, \u00e9 importante para a <strong>pol\u00edtica externa<\/strong> francesa.<\/p>\n\n<p>Resumindo: esta miss\u00e3o visa fortalecer a <strong>coopera\u00e7\u00e3o econ\u00f4mica<\/strong> e as <strong>rela\u00e7\u00f5es internacionais<\/strong> com T\u00f3quio e Seul, defender uma <strong>diplomacia<\/strong> aut\u00f4noma diante dos desafios energ\u00e9ticos e tecnol\u00f3gicos, e abrir <strong>perspectivas bilaterais<\/strong> concretas para empresas francesas e para a pesquisa.<\/p>\n\n<h2 class=\"wp-block-heading\">No Jap\u00e3o: desafios diplom\u00e1ticos e agenda lotada<\/h2>\n\n<p>Em T\u00f3quio, <strong>Emmanuel Macron<\/strong> se reunir\u00e1 com l\u00edderes pol\u00edticos e executivos para consolidar os la\u00e7os estrat\u00e9gicos. A visita oficial inclui um almo\u00e7o com a nova primeira-ministra e discuss\u00f5es sobre seguran\u00e7a regional, como relata <a href=\"https:\/\/www.france24.com\/fr\/asie-pacifique\/20260331-emmanuel-macron-en-visite-au-japon-le-conflit-au-moyen-orient-en-toile-de-fond\">a cobertura da France 24<\/a>. O objetivo declarado \u00e9 avan\u00e7ar na coopera\u00e7\u00e3o industrial, especialmente na \u00e1rea de aeron\u00e1utica e semicondutores.<\/p>\n\n<h3 class=\"wp-block-heading\">Coopera\u00e7\u00e3o econ\u00f4mica e perspectivas bilaterais<\/h3>\n\n<p>No \u00e2mbito econ\u00f4mico, a <strong>coopera\u00e7\u00e3o econ\u00f4mica<\/strong> busca parcerias industriais, projetos de inova\u00e7\u00e3o e interc\u00e2mbios acad\u00eamicos. As discuss\u00f5es se concentrar\u00e3o no investimento franc\u00eas no Jap\u00e3o e na Coreia, no apoio \u00e0s PME e na seguran\u00e7a das cadeias de suprimento. Para entender melhor os desafios desta turn\u00ea, pode-se ler um artigo detalhado em <a href=\"https:\/\/www.lemonde.fr\/international\/article\/2026\/03\/31\/emmanuel-macron-en-visite-dans-un-japon-et-une-coree-du-sud-embarrasses-par-la-guerre-en-iran_6675610_3210.html\">Le Monde<\/a> que analisa o impacto econ\u00f4mico e pol\u00edtico.<\/p>\n\n<h2 class=\"wp-block-heading\">Coreia do Sul: tecnologia, cultura e diplomacia<\/h2>\n\n<p>Em Seul, a <strong>turn\u00ea asi\u00e1tica<\/strong> se concentrar\u00e1 na tecnologia, baterias, chips e interc\u00e2mbios culturais. A presen\u00e7a de Emmanuel Macron coincide com discuss\u00f5es sobre coopera\u00e7\u00e3o em pesquisa e defesa tecnol\u00f3gica. Esta etapa ilustra uma abordagem de <strong>diplomacia<\/strong> europeia fortalecida diante dos desafios da depend\u00eancia tecnol\u00f3gica e energ\u00e9tica.<\/p>\n\n<h3 class=\"wp-block-heading\">Contexto geopol\u00edtico: quais perspectivas?<\/h3>\n\n<p>A visita ocorre em um momento em que a crise no Oriente M\u00e9dio influencia as estrat\u00e9gias internacionais. Ao buscar uma \u00ab\u00a0terceira via\u00a0\u00bb entre grandes pot\u00eancias, a Fran\u00e7a deseja afirmar sua voz na \u00c1sia e fortalecer suas alian\u00e7as regionais. As perspectivas bilaterais incluem acordos comerciais, parcerias em inova\u00e7\u00e3o e uma coopera\u00e7\u00e3o aumentada em seguran\u00e7a.<\/p>\n\n<p>Para saber mais sobre os detalhes do programa e dos interc\u00e2mbios culturais, descubra as an\u00e1lises e relat\u00f3rios em <a href=\"https:\/\/www.sebastien-auziere.fr\/blog\/macron-au-japon-et-en-coree-du-sud-fin-mars-2026-audience-imperiale-et-visite-officielle\/\">o dossi\u00ea completo<\/a> e o artigo dedicado aos momentos culturais destacados da turn\u00ea em <a href=\"https:\/\/www.sebastien-auziere.fr\/blog\/macron-japon-coree-kpop\/\">sebastien-auziere.fr<\/a>. Voc\u00ea encontrar\u00e1 informa\u00e7\u00f5es aprofundadas sobre a <strong>pol\u00edtica externa<\/strong> francesa e os desafios diplom\u00e1ticos desta visita.<\/p>","protected":false},"excerpt":{"rendered":"<p>Emmanuel Macron inicia nesta ter\u00e7a-feira uma turn\u00ea asi\u00e1tica no Jap\u00e3o e depois na Coreia do Sul, de 31 de mar\u00e7o a 3 de abril, com uma s\u00e9rie de encontros bilaterais e eventos econ\u00f4micos. Voc\u00ea vai descobrir por que esta visita, organizada em meio a tens\u00f5es no Oriente M\u00e9dio, \u00e9 importante para a pol\u00edtica externa francesa. &#8230; <a title=\"Emmanuel Macron inicia uma turn\u00ea asi\u00e1tica no Jap\u00e3o e na Coreia do Sul a partir desta ter\u00e7a-feira: desafios e perspectivas\" class=\"read-more\" href=\"https:\/\/www.sebastien-auziere.fr\/blog\/pt\/emmanuel-macron-inicia-uma-turne-asiatica-no-japao-e-na-coreia-do-sul-a-partir-desta-terca-feira-desafios-e-perspectivas\/\" aria-label=\"En savoir plus sur Emmanuel Macron inicia uma turn\u00ea asi\u00e1tica no Jap\u00e3o e na Coreia do Sul a partir desta ter\u00e7a-feira: desafios e perspectivas\">Lire plus<\/a><\/p>\n","protected":false},"author":9,"featured_media":2657,"comment_status":"open","ping_status":"open","sticky":false,"template":"","format":"standard","meta":{"footnotes":""},"categories":[862],"tags":[1263,1202,1205,1266,1269],"class_list":["post-2667","post","type-post","status-publish","format-standard","has-post-thumbnail","hentry","category-actualidades-pt","tag-coreia-do-sul-pt","tag-emmanuel-macron-pt","tag-japones-pt","tag-politica-internacional-pt","tag-tournee-asiatica-pt"],"yoast_head":"<!-- This site is optimized with the Yoast SEO plugin v27.5 - https:\/\/yoast.com\/product\/yoast-seo-wordpress\/ -->\n<title>Emmanuel Macron inicia uma turn\u00ea asi\u00e1tica no Jap\u00e3o e na Coreia do Sul a partir desta ter\u00e7a-feira: desafios e perspectivas - Fan site S\u00e9bastien Auzi\u00e8re<\/title>\n<meta name=\"description\" content=\"Emmanuel Macron d\u00e9bute une tourn\u00e9e au Japon et en Cor\u00e9e du Sud : d\u00e9couvrez les enjeux et perspectives de cette visite diplomatique cl\u00e9.\" \/>\n<meta name=\"robots\" content=\"index, follow, max-snippet:-1, max-image-preview:large, max-video-preview:-1\" \/>\n<link rel=\"canonical\" href=\"https:\/\/www.sebastien-auziere.fr\/blog\/pt\/emmanuel-macron-inicia-uma-turne-asiatica-no-japao-e-na-coreia-do-sul-a-partir-desta-terca-feira-desafios-e-perspectivas\/\" \/>\n<meta property=\"og:locale\" content=\"fr_FR\" \/>\n<meta property=\"og:type\" content=\"article\" \/>\n<meta property=\"og:title\" content=\"Emmanuel Macron inicia uma turn\u00ea asi\u00e1tica no Jap\u00e3o e na Coreia do Sul a partir desta ter\u00e7a-feira: desafios e perspectivas - Fan site S\u00e9bastien Auzi\u00e8re\" \/>\n<meta property=\"og:description\" content=\"Emmanuel Macron d\u00e9bute une tourn\u00e9e au Japon et en Cor\u00e9e du Sud : d\u00e9couvrez les enjeux et perspectives de cette visite diplomatique cl\u00e9.\" \/>\n<meta property=\"og:url\" content=\"https:\/\/www.sebastien-auziere.fr\/blog\/pt\/emmanuel-macron-inicia-uma-turne-asiatica-no-japao-e-na-coreia-do-sul-a-partir-desta-terca-feira-desafios-e-perspectivas\/\" \/>\n<meta property=\"og:site_name\" content=\"Fan site S\u00e9bastien Auzi\u00e8re\" \/>\n<meta property=\"article:published_time\" content=\"2026-04-01T07:15:07+00:00\" \/>\n<meta property=\"article:modified_time\" content=\"2026-04-01T07:15:46+00:00\" \/>\n<meta property=\"og:image\" content=\"https:\/\/www.sebastien-auziere.fr\/blog\/wp-content\/uploads\/2026\/04\/Emmanuel-Macron-entame-une-tournee-asiatique-au-Japon-et-en-Coree-du-Sud-des-ce-mardi-enjeux-et-perspectives.jpg\" \/>\n\t<meta property=\"og:image:width\" content=\"2560\" \/>\n\t<meta property=\"og:image:height\" content=\"1429\" \/>\n\t<meta property=\"og:image:type\" content=\"image\/jpeg\" \/>\n<meta name=\"author\" content=\"Chloe Gauthier\" \/>\n<meta name=\"twitter:card\" content=\"summary_large_image\" \/>\n<meta name=\"twitter:label1\" content=\"\u00c9crit par\" \/>\n\t<meta name=\"twitter:data1\" content=\"Chloe Gauthier\" \/>\n\t<meta name=\"twitter:label2\" content=\"Dur\u00e9e de lecture estim\u00e9e\" \/>\n\t<meta name=\"twitter:data2\" content=\"2 minutes\" \/>\n<script type=\"application\/ld+json\" class=\"yoast-schema-graph\">{\"@context\":\"https:\\\/\\\/schema.org\",\"@graph\":[{\"@type\":\"Article\",\"@id\":\"https:\\\/\\\/www.sebastien-auziere.fr\\\/blog\\\/pt\\\/emmanuel-macron-inicia-uma-turne-asiatica-no-japao-e-na-coreia-do-sul-a-partir-desta-terca-feira-desafios-e-perspectivas\\\/#article\",\"isPartOf\":{\"@id\":\"https:\\\/\\\/www.sebastien-auziere.fr\\\/blog\\\/pt\\\/emmanuel-macron-inicia-uma-turne-asiatica-no-japao-e-na-coreia-do-sul-a-partir-desta-terca-feira-desafios-e-perspectivas\\\/\"},\"author\":{\"name\":\"Chloe Gauthier\",\"@id\":\"https:\\\/\\\/www.sebastien-auziere.fr\\\/blog\\\/#\\\/schema\\\/person\\\/149f1acdbfd85149c6c3e59adeae2f4d\"},\"headline\":\"Emmanuel Macron inicia uma turn\u00ea asi\u00e1tica no Jap\u00e3o e na Coreia do Sul a partir desta ter\u00e7a-feira: desafios e perspectivas\",\"datePublished\":\"2026-04-01T07:15:07+00:00\",\"dateModified\":\"2026-04-01T07:15:46+00:00\",\"mainEntityOfPage\":{\"@id\":\"https:\\\/\\\/www.sebastien-auziere.fr\\\/blog\\\/pt\\\/emmanuel-macron-inicia-uma-turne-asiatica-no-japao-e-na-coreia-do-sul-a-partir-desta-terca-feira-desafios-e-perspectivas\\\/\"},\"wordCount\":464,\"commentCount\":0,\"publisher\":{\"@id\":\"https:\\\/\\\/www.sebastien-auziere.fr\\\/blog\\\/#organization\"},\"image\":{\"@id\":\"https:\\\/\\\/www.sebastien-auziere.fr\\\/blog\\\/pt\\\/emmanuel-macron-inicia-uma-turne-asiatica-no-japao-e-na-coreia-do-sul-a-partir-desta-terca-feira-desafios-e-perspectivas\\\/#primaryimage\"},\"thumbnailUrl\":\"https:\\\/\\\/www.sebastien-auziere.fr\\\/blog\\\/wp-content\\\/uploads\\\/2026\\\/04\\\/Emmanuel-Macron-entame-une-tournee-asiatique-au-Japon-et-en-Coree-du-Sud-des-ce-mardi-enjeux-et-perspectives.jpg\",\"keywords\":[\"coreia do sul\",\"emmanuel macron\",\"japon\u00eas\",\"pol\u00edtica internacional\",\"tourn\u00e9e asi\u00e1tica\"],\"articleSection\":[\"Actualidades\"],\"inLanguage\":\"fr-FR\",\"potentialAction\":[{\"@type\":\"CommentAction\",\"name\":\"Comment\",\"target\":[\"https:\\\/\\\/www.sebastien-auziere.fr\\\/blog\\\/pt\\\/emmanuel-macron-inicia-uma-turne-asiatica-no-japao-e-na-coreia-do-sul-a-partir-desta-terca-feira-desafios-e-perspectivas\\\/#respond\"]}]},{\"@type\":\"WebPage\",\"@id\":\"https:\\\/\\\/www.sebastien-auziere.fr\\\/blog\\\/pt\\\/emmanuel-macron-inicia-uma-turne-asiatica-no-japao-e-na-coreia-do-sul-a-partir-desta-terca-feira-desafios-e-perspectivas\\\/\",\"url\":\"https:\\\/\\\/www.sebastien-auziere.fr\\\/blog\\\/pt\\\/emmanuel-macron-inicia-uma-turne-asiatica-no-japao-e-na-coreia-do-sul-a-partir-desta-terca-feira-desafios-e-perspectivas\\\/\",\"name\":\"Emmanuel Macron inicia uma turn\u00ea asi\u00e1tica no Jap\u00e3o e na Coreia do Sul a partir desta ter\u00e7a-feira: desafios e perspectivas - Fan site S\u00e9bastien Auzi\u00e8re\",\"isPartOf\":{\"@id\":\"https:\\\/\\\/www.sebastien-auziere.fr\\\/blog\\\/#website\"},\"primaryImageOfPage\":{\"@id\":\"https:\\\/\\\/www.sebastien-auziere.fr\\\/blog\\\/pt\\\/emmanuel-macron-inicia-uma-turne-asiatica-no-japao-e-na-coreia-do-sul-a-partir-desta-terca-feira-desafios-e-perspectivas\\\/#primaryimage\"},\"image\":{\"@id\":\"https:\\\/\\\/www.sebastien-auziere.fr\\\/blog\\\/pt\\\/emmanuel-macron-inicia-uma-turne-asiatica-no-japao-e-na-coreia-do-sul-a-partir-desta-terca-feira-desafios-e-perspectivas\\\/#primaryimage\"},\"thumbnailUrl\":\"https:\\\/\\\/www.sebastien-auziere.fr\\\/blog\\\/wp-content\\\/uploads\\\/2026\\\/04\\\/Emmanuel-Macron-entame-une-tournee-asiatique-au-Japon-et-en-Coree-du-Sud-des-ce-mardi-enjeux-et-perspectives.jpg\",\"datePublished\":\"2026-04-01T07:15:07+00:00\",\"dateModified\":\"2026-04-01T07:15:46+00:00\",\"description\":\"Emmanuel Macron d\u00e9bute une tourn\u00e9e au Japon et en Cor\u00e9e du Sud : d\u00e9couvrez les enjeux et perspectives de cette visite diplomatique cl\u00e9.\",\"breadcrumb\":{\"@id\":\"https:\\\/\\\/www.sebastien-auziere.fr\\\/blog\\\/pt\\\/emmanuel-macron-inicia-uma-turne-asiatica-no-japao-e-na-coreia-do-sul-a-partir-desta-terca-feira-desafios-e-perspectivas\\\/#breadcrumb\"},\"inLanguage\":\"fr-FR\",\"potentialAction\":[{\"@type\":\"ReadAction\",\"target\":[\"https:\\\/\\\/www.sebastien-auziere.fr\\\/blog\\\/pt\\\/emmanuel-macron-inicia-uma-turne-asiatica-no-japao-e-na-coreia-do-sul-a-partir-desta-terca-feira-desafios-e-perspectivas\\\/\"]}]},{\"@type\":\"ImageObject\",\"inLanguage\":\"fr-FR\",\"@id\":\"https:\\\/\\\/www.sebastien-auziere.fr\\\/blog\\\/pt\\\/emmanuel-macron-inicia-uma-turne-asiatica-no-japao-e-na-coreia-do-sul-a-partir-desta-terca-feira-desafios-e-perspectivas\\\/#primaryimage\",\"url\":\"https:\\\/\\\/www.sebastien-auziere.fr\\\/blog\\\/wp-content\\\/uploads\\\/2026\\\/04\\\/Emmanuel-Macron-entame-une-tournee-asiatique-au-Japon-et-en-Coree-du-Sud-des-ce-mardi-enjeux-et-perspectives.jpg\",\"contentUrl\":\"https:\\\/\\\/www.sebastien-auziere.fr\\\/blog\\\/wp-content\\\/uploads\\\/2026\\\/04\\\/Emmanuel-Macron-entame-une-tournee-asiatique-au-Japon-et-en-Coree-du-Sud-des-ce-mardi-enjeux-et-perspectives.jpg\",\"width\":2560,\"height\":1429,\"caption\":\"emmanuel macron d\u00e9bute une tourn\u00e9e en asie, visitant le japon et la cor\u00e9e du sud d\u00e8s ce mardi, avec un focus sur les enjeux diplomatiques, \u00e9conomiques et les perspectives de coop\u00e9ration bilat\u00e9rale.\"},{\"@type\":\"BreadcrumbList\",\"@id\":\"https:\\\/\\\/www.sebastien-auziere.fr\\\/blog\\\/pt\\\/emmanuel-macron-inicia-uma-turne-asiatica-no-japao-e-na-coreia-do-sul-a-partir-desta-terca-feira-desafios-e-perspectivas\\\/#breadcrumb\",\"itemListElement\":[{\"@type\":\"ListItem\",\"position\":1,\"name\":\"Home\",\"item\":\"https:\\\/\\\/www.sebastien-auziere.fr\\\/blog\\\/\"},{\"@type\":\"ListItem\",\"position\":2,\"name\":\"Emmanuel Macron inicia uma turn\u00ea asi\u00e1tica no Jap\u00e3o e na Coreia do Sul a partir desta ter\u00e7a-feira: desafios e perspectivas\"}]},{\"@type\":\"WebSite\",\"@id\":\"https:\\\/\\\/www.sebastien-auziere.fr\\\/blog\\\/#website\",\"url\":\"https:\\\/\\\/www.sebastien-auziere.fr\\\/blog\\\/\",\"name\":\"Fan site S\u00e9bastien Auzi\u00e8re\",\"description\":\"M\u00e9dia g\u00e9n\u00e9raliste\",\"publisher\":{\"@id\":\"https:\\\/\\\/www.sebastien-auziere.fr\\\/blog\\\/#organization\"},\"potentialAction\":[{\"@type\":\"SearchAction\",\"target\":{\"@type\":\"EntryPoint\",\"urlTemplate\":\"https:\\\/\\\/www.sebastien-auziere.fr\\\/blog\\\/?s={search_term_string}\"},\"query-input\":{\"@type\":\"PropertyValueSpecification\",\"valueRequired\":true,\"valueName\":\"search_term_string\"}}],\"inLanguage\":\"fr-FR\"},{\"@type\":\"Organization\",\"@id\":\"https:\\\/\\\/www.sebastien-auziere.fr\\\/blog\\\/#organization\",\"name\":\"Fan site S\u00e9bastien Auzi\u00e8re\",\"url\":\"https:\\\/\\\/www.sebastien-auziere.fr\\\/blog\\\/\",\"logo\":{\"@type\":\"ImageObject\",\"inLanguage\":\"fr-FR\",\"@id\":\"https:\\\/\\\/www.sebastien-auziere.fr\\\/blog\\\/#\\\/schema\\\/logo\\\/image\\\/\",\"url\":\"https:\\\/\\\/www.sebastien-auziere.fr\\\/blog\\\/wp-content\\\/uploads\\\/2026\\\/03\\\/cropped-cropped-cropped-ChatGPT-Image-6-mars-2026-12_58_09-e1772798376794.jpg\",\"contentUrl\":\"https:\\\/\\\/www.sebastien-auziere.fr\\\/blog\\\/wp-content\\\/uploads\\\/2026\\\/03\\\/cropped-cropped-cropped-ChatGPT-Image-6-mars-2026-12_58_09-e1772798376794.jpg\",\"width\":512,\"height\":360,\"caption\":\"Fan site S\u00e9bastien Auzi\u00e8re\"},\"image\":{\"@id\":\"https:\\\/\\\/www.sebastien-auziere.fr\\\/blog\\\/#\\\/schema\\\/logo\\\/image\\\/\"}},{\"@type\":\"Person\",\"@id\":\"https:\\\/\\\/www.sebastien-auziere.fr\\\/blog\\\/#\\\/schema\\\/person\\\/149f1acdbfd85149c6c3e59adeae2f4d\",\"name\":\"Chloe Gauthier\",\"image\":{\"@type\":\"ImageObject\",\"inLanguage\":\"fr-FR\",\"@id\":\"https:\\\/\\\/secure.gravatar.com\\\/avatar\\\/2c5722f58171cff738a8985ef0dd66b476e563753246a49019befc837ec4201a?s=96&d=mm&r=g\",\"url\":\"https:\\\/\\\/secure.gravatar.com\\\/avatar\\\/2c5722f58171cff738a8985ef0dd66b476e563753246a49019befc837ec4201a?s=96&d=mm&r=g\",\"contentUrl\":\"https:\\\/\\\/secure.gravatar.com\\\/avatar\\\/2c5722f58171cff738a8985ef0dd66b476e563753246a49019befc837ec4201a?s=96&d=mm&r=g\",\"caption\":\"Chloe Gauthier\"},\"description\":\"Passionn\u00e9e par la politique et admiratrice engag\u00e9e de la famille Macron, je consacre mon \u00e9nergie \u00e0 suivre leurs initiatives et \u00e0 promouvoir leurs id\u00e9es. \u00c0 32 ans, je suis convaincue que leur vision est porteuse d'avenir.\",\"url\":\"https:\\\/\\\/www.sebastien-auziere.fr\\\/blog\\\/author\\\/chloe-gauthier\\\/\"}]}<\/script>\n<!-- \/ Yoast SEO plugin. -->","yoast_head_json":{"title":"Emmanuel Macron inicia uma turn\u00ea asi\u00e1tica no Jap\u00e3o e na Coreia do Sul a partir desta ter\u00e7a-feira: desafios e perspectivas - Fan site S\u00e9bastien Auzi\u00e8re","description":"Emmanuel Macron d\u00e9bute une tourn\u00e9e au Japon et en Cor\u00e9e du Sud : d\u00e9couvrez les enjeux et perspectives de cette visite diplomatique cl\u00e9.","robots":{"index":"index","follow":"follow","max-snippet":"max-snippet:-1","max-image-preview":"max-image-preview:large","max-video-preview":"max-video-preview:-1"},"canonical":"https:\/\/www.sebastien-auziere.fr\/blog\/pt\/emmanuel-macron-inicia-uma-turne-asiatica-no-japao-e-na-coreia-do-sul-a-partir-desta-terca-feira-desafios-e-perspectivas\/","og_locale":"fr_FR","og_type":"article","og_title":"Emmanuel Macron inicia uma turn\u00ea asi\u00e1tica no Jap\u00e3o e na Coreia do Sul a partir desta ter\u00e7a-feira: desafios e perspectivas - Fan site S\u00e9bastien Auzi\u00e8re","og_description":"Emmanuel Macron d\u00e9bute une tourn\u00e9e au Japon et en Cor\u00e9e du Sud : d\u00e9couvrez les enjeux et perspectives de cette visite diplomatique cl\u00e9.","og_url":"https:\/\/www.sebastien-auziere.fr\/blog\/pt\/emmanuel-macron-inicia-uma-turne-asiatica-no-japao-e-na-coreia-do-sul-a-partir-desta-terca-feira-desafios-e-perspectivas\/","og_site_name":"Fan site S\u00e9bastien Auzi\u00e8re","article_published_time":"2026-04-01T07:15:07+00:00","article_modified_time":"2026-04-01T07:15:46+00:00","og_image":[{"width":2560,"height":1429,"url":"https:\/\/www.sebastien-auziere.fr\/blog\/wp-content\/uploads\/2026\/04\/Emmanuel-Macron-entame-une-tournee-asiatique-au-Japon-et-en-Coree-du-Sud-des-ce-mardi-enjeux-et-perspectives.jpg","type":"image\/jpeg"}],"author":"Chloe Gauthier","twitter_card":"summary_large_image","twitter_misc":{"\u00c9crit par":"Chloe Gauthier","Dur\u00e9e de lecture estim\u00e9e":"2 minutes"},"schema":{"@context":"https:\/\/schema.org","@graph":[{"@type":"Article","@id":"https:\/\/www.sebastien-auziere.fr\/blog\/pt\/emmanuel-macron-inicia-uma-turne-asiatica-no-japao-e-na-coreia-do-sul-a-partir-desta-terca-feira-desafios-e-perspectivas\/#article","isPartOf":{"@id":"https:\/\/www.sebastien-auziere.fr\/blog\/pt\/emmanuel-macron-inicia-uma-turne-asiatica-no-japao-e-na-coreia-do-sul-a-partir-desta-terca-feira-desafios-e-perspectivas\/"},"author":{"name":"Chloe Gauthier","@id":"https:\/\/www.sebastien-auziere.fr\/blog\/#\/schema\/person\/149f1acdbfd85149c6c3e59adeae2f4d"},"headline":"Emmanuel Macron inicia uma turn\u00ea asi\u00e1tica no Jap\u00e3o e na Coreia do Sul a partir desta ter\u00e7a-feira: desafios e perspectivas","datePublished":"2026-04-01T07:15:07+00:00","dateModified":"2026-04-01T07:15:46+00:00","mainEntityOfPage":{"@id":"https:\/\/www.sebastien-auziere.fr\/blog\/pt\/emmanuel-macron-inicia-uma-turne-asiatica-no-japao-e-na-coreia-do-sul-a-partir-desta-terca-feira-desafios-e-perspectivas\/"},"wordCount":464,"commentCount":0,"publisher":{"@id":"https:\/\/www.sebastien-auziere.fr\/blog\/#organization"},"image":{"@id":"https:\/\/www.sebastien-auziere.fr\/blog\/pt\/emmanuel-macron-inicia-uma-turne-asiatica-no-japao-e-na-coreia-do-sul-a-partir-desta-terca-feira-desafios-e-perspectivas\/#primaryimage"},"thumbnailUrl":"https:\/\/www.sebastien-auziere.fr\/blog\/wp-content\/uploads\/2026\/04\/Emmanuel-Macron-entame-une-tournee-asiatique-au-Japon-et-en-Coree-du-Sud-des-ce-mardi-enjeux-et-perspectives.jpg","keywords":["coreia do sul","emmanuel macron","japon\u00eas","pol\u00edtica internacional","tourn\u00e9e asi\u00e1tica"],"articleSection":["Actualidades"],"inLanguage":"fr-FR","potentialAction":[{"@type":"CommentAction","name":"Comment","target":["https:\/\/www.sebastien-auziere.fr\/blog\/pt\/emmanuel-macron-inicia-uma-turne-asiatica-no-japao-e-na-coreia-do-sul-a-partir-desta-terca-feira-desafios-e-perspectivas\/#respond"]}]},{"@type":"WebPage","@id":"https:\/\/www.sebastien-auziere.fr\/blog\/pt\/emmanuel-macron-inicia-uma-turne-asiatica-no-japao-e-na-coreia-do-sul-a-partir-desta-terca-feira-desafios-e-perspectivas\/","url":"https:\/\/www.sebastien-auziere.fr\/blog\/pt\/emmanuel-macron-inicia-uma-turne-asiatica-no-japao-e-na-coreia-do-sul-a-partir-desta-terca-feira-desafios-e-perspectivas\/","name":"Emmanuel Macron inicia uma turn\u00ea asi\u00e1tica no Jap\u00e3o e na Coreia do Sul a partir desta ter\u00e7a-feira: desafios e perspectivas - Fan site S\u00e9bastien Auzi\u00e8re","isPartOf":{"@id":"https:\/\/www.sebastien-auziere.fr\/blog\/#website"},"primaryImageOfPage":{"@id":"https:\/\/www.sebastien-auziere.fr\/blog\/pt\/emmanuel-macron-inicia-uma-turne-asiatica-no-japao-e-na-coreia-do-sul-a-partir-desta-terca-feira-desafios-e-perspectivas\/#primaryimage"},"image":{"@id":"https:\/\/www.sebastien-auziere.fr\/blog\/pt\/emmanuel-macron-inicia-uma-turne-asiatica-no-japao-e-na-coreia-do-sul-a-partir-desta-terca-feira-desafios-e-perspectivas\/#primaryimage"},"thumbnailUrl":"https:\/\/www.sebastien-auziere.fr\/blog\/wp-content\/uploads\/2026\/04\/Emmanuel-Macron-entame-une-tournee-asiatique-au-Japon-et-en-Coree-du-Sud-des-ce-mardi-enjeux-et-perspectives.jpg","datePublished":"2026-04-01T07:15:07+00:00","dateModified":"2026-04-01T07:15:46+00:00","description":"Emmanuel Macron d\u00e9bute une tourn\u00e9e au Japon et en Cor\u00e9e du Sud : d\u00e9couvrez les enjeux et perspectives de cette visite diplomatique cl\u00e9.","breadcrumb":{"@id":"https:\/\/www.sebastien-auziere.fr\/blog\/pt\/emmanuel-macron-inicia-uma-turne-asiatica-no-japao-e-na-coreia-do-sul-a-partir-desta-terca-feira-desafios-e-perspectivas\/#breadcrumb"},"inLanguage":"fr-FR","potentialAction":[{"@type":"ReadAction","target":["https:\/\/www.sebastien-auziere.fr\/blog\/pt\/emmanuel-macron-inicia-uma-turne-asiatica-no-japao-e-na-coreia-do-sul-a-partir-desta-terca-feira-desafios-e-perspectivas\/"]}]},{"@type":"ImageObject","inLanguage":"fr-FR","@id":"https:\/\/www.sebastien-auziere.fr\/blog\/pt\/emmanuel-macron-inicia-uma-turne-asiatica-no-japao-e-na-coreia-do-sul-a-partir-desta-terca-feira-desafios-e-perspectivas\/#primaryimage","url":"https:\/\/www.sebastien-auziere.fr\/blog\/wp-content\/uploads\/2026\/04\/Emmanuel-Macron-entame-une-tournee-asiatique-au-Japon-et-en-Coree-du-Sud-des-ce-mardi-enjeux-et-perspectives.jpg","contentUrl":"https:\/\/www.sebastien-auziere.fr\/blog\/wp-content\/uploads\/2026\/04\/Emmanuel-Macron-entame-une-tournee-asiatique-au-Japon-et-en-Coree-du-Sud-des-ce-mardi-enjeux-et-perspectives.jpg","width":2560,"height":1429,"caption":"emmanuel macron d\u00e9bute une tourn\u00e9e en asie, visitant le japon et la cor\u00e9e du sud d\u00e8s ce mardi, avec un focus sur les enjeux diplomatiques, \u00e9conomiques et les perspectives de coop\u00e9ration bilat\u00e9rale."},{"@type":"BreadcrumbList","@id":"https:\/\/www.sebastien-auziere.fr\/blog\/pt\/emmanuel-macron-inicia-uma-turne-asiatica-no-japao-e-na-coreia-do-sul-a-partir-desta-terca-feira-desafios-e-perspectivas\/#breadcrumb","itemListElement":[{"@type":"ListItem","position":1,"name":"Home","item":"https:\/\/www.sebastien-auziere.fr\/blog\/"},{"@type":"ListItem","position":2,"name":"Emmanuel Macron inicia uma turn\u00ea asi\u00e1tica no Jap\u00e3o e na Coreia do Sul a partir desta ter\u00e7a-feira: desafios e perspectivas"}]},{"@type":"WebSite","@id":"https:\/\/www.sebastien-auziere.fr\/blog\/#website","url":"https:\/\/www.sebastien-auziere.fr\/blog\/","name":"Fan site S\u00e9bastien Auzi\u00e8re","description":"M\u00e9dia g\u00e9n\u00e9raliste","publisher":{"@id":"https:\/\/www.sebastien-auziere.fr\/blog\/#organization"},"potentialAction":[{"@type":"SearchAction","target":{"@type":"EntryPoint","urlTemplate":"https:\/\/www.sebastien-auziere.fr\/blog\/?s={search_term_string}"},"query-input":{"@type":"PropertyValueSpecification","valueRequired":true,"valueName":"search_term_string"}}],"inLanguage":"fr-FR"},{"@type":"Organization","@id":"https:\/\/www.sebastien-auziere.fr\/blog\/#organization","name":"Fan site S\u00e9bastien Auzi\u00e8re","url":"https:\/\/www.sebastien-auziere.fr\/blog\/","logo":{"@type":"ImageObject","inLanguage":"fr-FR","@id":"https:\/\/www.sebastien-auziere.fr\/blog\/#\/schema\/logo\/image\/","url":"https:\/\/www.sebastien-auziere.fr\/blog\/wp-content\/uploads\/2026\/03\/cropped-cropped-cropped-ChatGPT-Image-6-mars-2026-12_58_09-e1772798376794.jpg","contentUrl":"https:\/\/www.sebastien-auziere.fr\/blog\/wp-content\/uploads\/2026\/03\/cropped-cropped-cropped-ChatGPT-Image-6-mars-2026-12_58_09-e1772798376794.jpg","width":512,"height":360,"caption":"Fan site S\u00e9bastien Auzi\u00e8re"},"image":{"@id":"https:\/\/www.sebastien-auziere.fr\/blog\/#\/schema\/logo\/image\/"}},{"@type":"Person","@id":"https:\/\/www.sebastien-auziere.fr\/blog\/#\/schema\/person\/149f1acdbfd85149c6c3e59adeae2f4d","name":"Chloe Gauthier","image":{"@type":"ImageObject","inLanguage":"fr-FR","@id":"https:\/\/secure.gravatar.com\/avatar\/2c5722f58171cff738a8985ef0dd66b476e563753246a49019befc837ec4201a?s=96&d=mm&r=g","url":"https:\/\/secure.gravatar.com\/avatar\/2c5722f58171cff738a8985ef0dd66b476e563753246a49019befc837ec4201a?s=96&d=mm&r=g","contentUrl":"https:\/\/secure.gravatar.com\/avatar\/2c5722f58171cff738a8985ef0dd66b476e563753246a49019befc837ec4201a?s=96&d=mm&r=g","caption":"Chloe Gauthier"},"description":"Passionn\u00e9e par la politique et admiratrice engag\u00e9e de la famille Macron, je consacre mon \u00e9nergie \u00e0 suivre leurs initiatives et \u00e0 promouvoir leurs id\u00e9es. \u00c0 32 ans, je suis convaincue que leur vision est porteuse d'avenir.","url":"https:\/\/www.sebastien-auziere.fr\/blog\/author\/chloe-gauthier\/"}]}},"views":5,"_links":{"self":[{"href":"https:\/\/www.sebastien-auziere.fr\/blog\/wp-json\/wp\/v2\/posts\/2667","targetHints":{"allow":["GET"]}}],"collection":[{"href":"https:\/\/www.sebastien-auziere.fr\/blog\/wp-json\/wp\/v2\/posts"}],"about":[{"href":"https:\/\/www.sebastien-auziere.fr\/blog\/wp-json\/wp\/v2\/types\/post"}],"author":[{"embeddable":true,"href":"https:\/\/www.sebastien-auziere.fr\/blog\/wp-json\/wp\/v2\/users\/9"}],"replies":[{"embeddable":true,"href":"https:\/\/www.sebastien-auziere.fr\/blog\/wp-json\/wp\/v2\/comments?post=2667"}],"version-history":[{"count":1,"href":"https:\/\/www.sebastien-auziere.fr\/blog\/wp-json\/wp\/v2\/posts\/2667\/revisions"}],"predecessor-version":[{"id":2668,"href":"https:\/\/www.sebastien-auziere.fr\/blog\/wp-json\/wp\/v2\/posts\/2667\/revisions\/2668"}],"wp:featuredmedia":[{"embeddable":true,"href":"https:\/\/www.sebastien-auziere.fr\/blog\/wp-json\/wp\/v2\/media\/2657"}],"wp:attachment":[{"href":"https:\/\/www.sebastien-auziere.fr\/blog\/wp-json\/wp\/v2\/media?parent=2667"}],"wp:term":[{"taxonomy":"category","embeddable":true,"href":"https:\/\/www.sebastien-auziere.fr\/blog\/wp-json\/wp\/v2\/categories?post=2667"},{"taxonomy":"post_tag","embeddable":true,"href":"https:\/\/www.sebastien-auziere.fr\/blog\/wp-json\/wp\/v2\/tags?post=2667"}],"curies":[{"name":"wp","href":"https:\/\/api.w.org\/{rel}","templated":true}]}}