{"id":2665,"date":"2026-04-01T07:13:54","date_gmt":"2026-04-01T07:13:54","guid":{"rendered":"https:\/\/www.sebastien-auziere.fr\/blog\/?p=2665"},"modified":"2026-04-01T07:14:28","modified_gmt":"2026-04-01T07:14:28","slug":"emmanuel-macron-inizia-un-tour-asiatico-in-giappone-e-corea-del-sud-gia-da-martedi-sfide-e-prospettive","status":"publish","type":"post","link":"https:\/\/www.sebastien-auziere.fr\/blog\/it\/emmanuel-macron-inizia-un-tour-asiatico-in-giappone-e-corea-del-sud-gia-da-martedi-sfide-e-prospettive\/","title":{"rendered":"Emmanuel Macron inizia un tour asiatico in Giappone e Corea del Sud gi\u00e0 da marted\u00ec: sfide e prospettive"},"content":{"rendered":"<p><strong>Emmanuel Macron<\/strong> inizia questo marted\u00ec un <strong>tour asiatico<\/strong> in <strong>Giappone<\/strong> e poi in <strong>Corea del Sud<\/strong>, dal 31 marzo al 3 aprile, con una serie di incontri bilaterali e eventi economici. Scoprirai perch\u00e9 questa visita, organizzata in piena tensione in Medio Oriente, pesa molto per la <strong>politica estera<\/strong> francese.<\/p>\n\n<p>In breve: questa missione mira a rafforzare la <strong>cooperazione economica<\/strong> e le <strong>relazioni internazionali<\/strong> con Tokyo e Seoul, a difendere una <strong>diplomazia<\/strong> autonoma di fronte alle sfide energetiche e tecnologiche, e ad aprire concrete <strong>prospettive bilaterali<\/strong> per le imprese francesi e la ricerca.<\/p>\n\n<h2 class=\"wp-block-heading\">In Giappone: questioni diplomatiche e agenda serrata<\/h2>\n\n<p>A Tokyo, <strong>Emmanuel Macron<\/strong> incontrer\u00e0 responsabili politici e imprenditori per consolidare i legami strategici. La visita ufficiale include un pranzo con la nuova Prima Ministra e discussioni sulla sicurezza regionale, come riporta <a href=\"https:\/\/www.france24.com\/fr\/asie-pacifique\/20260331-emmanuel-macron-en-visite-au-japon-le-conflit-au-moyen-orient-en-toile-de-fond\">la copertura di France 24<\/a>. L&rsquo;obiettivo dichiarato: far avanzare la cooperazione industriale, in particolare nell&rsquo;aeronautica e nei semiconduttori.<\/p>\n\n<h3 class=\"wp-block-heading\">Cooperazione economica e prospettive bilaterali<\/h3>\n\n<p>Dal punto di vista economico, la <strong>cooperazione economica<\/strong> punta a partenariati industriali, progetti di innovazione e scambi universitari. Le discussioni riguarderanno gli investimenti francesi in Giappone e in Corea, il sostegno alle PMI e la sicurezza delle catene di approvvigionamento. Per comprendere meglio le questioni di questo tour, si pu\u00f2 leggere un articolo dettagliato su <a href=\"https:\/\/www.lemonde.fr\/international\/article\/2026\/03\/31\/emmanuel-macron-en-visite-dans-un-japon-et-une-coree-du-sud-embarrasses-par-la-guerre-en-iran_6675610_3210.html\">Le Monde<\/a> che analizza l&rsquo;impatto economico e politico.<\/p>\n\n<h2 class=\"wp-block-heading\">Corea del Sud: tecnologia, cultura e diplomazia<\/h2>\n\n<p>A Seoul, il <strong>tour asiatico<\/strong> si concentrer\u00e0 sulla tecnologia, batterie, chip e scambi culturali. La presenza di Emmanuel Macron coincide con discussioni sulla cooperazione nella ricerca e difesa tecnologica. Questa tappa illustra un approccio alla <strong>diplomazia<\/strong> europea rafforzata di fronte alle sfide di dipendenza tecnologica ed energetica.<\/p>\n\n<h3 class=\"wp-block-heading\">Contesto geopolitico: quali prospettive?<\/h3>\n\n<p>La visita si svolge mentre la crisi in Medio Oriente influenza le strategie internazionali. Cercando una \u00ab\u00a0terza via\u00a0\u00bb tra le grandi potenze, la Francia vuole affermare la propria voce in Asia e rafforzare le proprie alleanze regionali. Le prospettive bilaterali includono accordi commerciali, partenariati in innovazione e una cooperazione aumentata in materia di sicurezza.<\/p>\n\n<p>Per approfondire i dettagli del programma e degli scambi culturali, scopri le analisi e i resoconti su <a href=\"https:\/\/www.sebastien-auziere.fr\/blog\/macron-au-japon-et-en-coree-du-sud-fin-mars-2026-audience-imperiale-et-visite-officielle\/\">il dossier completo<\/a> e l&rsquo;articolo dedicato ai momenti clou culturali del tour su <a href=\"https:\/\/www.sebastien-auziere.fr\/blog\/macron-japon-coree-kpop\/\">sebastien-auziere.fr<\/a>. Qui troverai informazioni approfondite sulla <strong>politica estera<\/strong> francese e le questioni diplomatiche di questa visita.<\/p>","protected":false},"excerpt":{"rendered":"<p>Emmanuel Macron inizia questo marted\u00ec un tour asiatico in Giappone e poi in Corea del Sud, dal 31 marzo al 3 aprile, con una serie di incontri bilaterali e eventi economici. Scoprirai perch\u00e9 questa visita, organizzata in piena tensione in Medio Oriente, pesa molto per la politica estera francese. In breve: questa missione mira a &#8230; <a title=\"Emmanuel Macron inizia un tour asiatico in Giappone e Corea del Sud gi\u00e0 da marted\u00ec: sfide e prospettive\" class=\"read-more\" href=\"https:\/\/www.sebastien-auziere.fr\/blog\/it\/emmanuel-macron-inizia-un-tour-asiatico-in-giappone-e-corea-del-sud-gia-da-martedi-sfide-e-prospettive\/\" aria-label=\"En savoir plus sur Emmanuel Macron inizia un tour asiatico in Giappone e Corea del Sud gi\u00e0 da marted\u00ec: sfide e prospettive\">Lire plus<\/a><\/p>\n","protected":false},"author":9,"featured_media":2657,"comment_status":"open","ping_status":"open","sticky":false,"template":"","format":"standard","meta":{"footnotes":""},"categories":[859],"tags":[1254,1190,1193,1257,1260],"class_list":["post-2665","post","type-post","status-publish","format-standard","has-post-thumbnail","hentry","category-actualita-it","tag-corea-del-sud-it","tag-emmanuel-macron-it","tag-japponese-it","tag-politica-internazionale-it","tag-tournee-asiatica-it"],"yoast_head":"<!-- This site is optimized with the Yoast SEO plugin v27.5 - https:\/\/yoast.com\/product\/yoast-seo-wordpress\/ -->\n<title>Emmanuel Macron inizia un tour asiatico in Giappone e Corea del Sud gi\u00e0 da marted\u00ec: sfide e prospettive - Fan site S\u00e9bastien Auzi\u00e8re<\/title>\n<meta name=\"description\" content=\"Emmanuel Macron d\u00e9bute une tourn\u00e9e au Japon et en Cor\u00e9e du Sud : d\u00e9couvrez les enjeux et perspectives de cette visite diplomatique cl\u00e9.\" \/>\n<meta name=\"robots\" content=\"index, follow, max-snippet:-1, max-image-preview:large, max-video-preview:-1\" \/>\n<link rel=\"canonical\" href=\"https:\/\/www.sebastien-auziere.fr\/blog\/it\/emmanuel-macron-inizia-un-tour-asiatico-in-giappone-e-corea-del-sud-gia-da-martedi-sfide-e-prospettive\/\" \/>\n<meta property=\"og:locale\" content=\"fr_FR\" \/>\n<meta property=\"og:type\" content=\"article\" \/>\n<meta property=\"og:title\" content=\"Emmanuel Macron inizia un tour asiatico in Giappone e Corea del Sud gi\u00e0 da marted\u00ec: sfide e prospettive - Fan site S\u00e9bastien Auzi\u00e8re\" \/>\n<meta property=\"og:description\" content=\"Emmanuel Macron d\u00e9bute une tourn\u00e9e au Japon et en Cor\u00e9e du Sud : d\u00e9couvrez les enjeux et perspectives de cette visite diplomatique cl\u00e9.\" \/>\n<meta property=\"og:url\" content=\"https:\/\/www.sebastien-auziere.fr\/blog\/it\/emmanuel-macron-inizia-un-tour-asiatico-in-giappone-e-corea-del-sud-gia-da-martedi-sfide-e-prospettive\/\" \/>\n<meta property=\"og:site_name\" content=\"Fan site S\u00e9bastien Auzi\u00e8re\" \/>\n<meta property=\"article:published_time\" content=\"2026-04-01T07:13:54+00:00\" \/>\n<meta property=\"article:modified_time\" content=\"2026-04-01T07:14:28+00:00\" \/>\n<meta property=\"og:image\" content=\"https:\/\/www.sebastien-auziere.fr\/blog\/wp-content\/uploads\/2026\/04\/Emmanuel-Macron-entame-une-tournee-asiatique-au-Japon-et-en-Coree-du-Sud-des-ce-mardi-enjeux-et-perspectives.jpg\" \/>\n\t<meta property=\"og:image:width\" content=\"2560\" \/>\n\t<meta property=\"og:image:height\" content=\"1429\" \/>\n\t<meta property=\"og:image:type\" content=\"image\/jpeg\" \/>\n<meta name=\"author\" content=\"Chloe Gauthier\" \/>\n<meta name=\"twitter:card\" content=\"summary_large_image\" \/>\n<meta name=\"twitter:label1\" content=\"\u00c9crit par\" \/>\n\t<meta name=\"twitter:data1\" content=\"Chloe Gauthier\" \/>\n\t<meta name=\"twitter:label2\" content=\"Dur\u00e9e de lecture estim\u00e9e\" \/>\n\t<meta name=\"twitter:data2\" content=\"2 minutes\" \/>\n<script type=\"application\/ld+json\" class=\"yoast-schema-graph\">{\"@context\":\"https:\\\/\\\/schema.org\",\"@graph\":[{\"@type\":\"Article\",\"@id\":\"https:\\\/\\\/www.sebastien-auziere.fr\\\/blog\\\/it\\\/emmanuel-macron-inizia-un-tour-asiatico-in-giappone-e-corea-del-sud-gia-da-martedi-sfide-e-prospettive\\\/#article\",\"isPartOf\":{\"@id\":\"https:\\\/\\\/www.sebastien-auziere.fr\\\/blog\\\/it\\\/emmanuel-macron-inizia-un-tour-asiatico-in-giappone-e-corea-del-sud-gia-da-martedi-sfide-e-prospettive\\\/\"},\"author\":{\"name\":\"Chloe Gauthier\",\"@id\":\"https:\\\/\\\/www.sebastien-auziere.fr\\\/blog\\\/#\\\/schema\\\/person\\\/149f1acdbfd85149c6c3e59adeae2f4d\"},\"headline\":\"Emmanuel Macron inizia un tour asiatico in Giappone e Corea del Sud gi\u00e0 da marted\u00ec: sfide e prospettive\",\"datePublished\":\"2026-04-01T07:13:54+00:00\",\"dateModified\":\"2026-04-01T07:14:28+00:00\",\"mainEntityOfPage\":{\"@id\":\"https:\\\/\\\/www.sebastien-auziere.fr\\\/blog\\\/it\\\/emmanuel-macron-inizia-un-tour-asiatico-in-giappone-e-corea-del-sud-gia-da-martedi-sfide-e-prospettive\\\/\"},\"wordCount\":391,\"commentCount\":0,\"publisher\":{\"@id\":\"https:\\\/\\\/www.sebastien-auziere.fr\\\/blog\\\/#organization\"},\"image\":{\"@id\":\"https:\\\/\\\/www.sebastien-auziere.fr\\\/blog\\\/it\\\/emmanuel-macron-inizia-un-tour-asiatico-in-giappone-e-corea-del-sud-gia-da-martedi-sfide-e-prospettive\\\/#primaryimage\"},\"thumbnailUrl\":\"https:\\\/\\\/www.sebastien-auziere.fr\\\/blog\\\/wp-content\\\/uploads\\\/2026\\\/04\\\/Emmanuel-Macron-entame-une-tournee-asiatique-au-Japon-et-en-Coree-du-Sud-des-ce-mardi-enjeux-et-perspectives.jpg\",\"keywords\":[\"corea del sud\",\"emmanuel macron\",\"japponese\",\"politica internazionale\",\"tourn\u00e9e asiatica\"],\"articleSection\":[\"Actualit\u00e0\"],\"inLanguage\":\"fr-FR\",\"potentialAction\":[{\"@type\":\"CommentAction\",\"name\":\"Comment\",\"target\":[\"https:\\\/\\\/www.sebastien-auziere.fr\\\/blog\\\/it\\\/emmanuel-macron-inizia-un-tour-asiatico-in-giappone-e-corea-del-sud-gia-da-martedi-sfide-e-prospettive\\\/#respond\"]}]},{\"@type\":\"WebPage\",\"@id\":\"https:\\\/\\\/www.sebastien-auziere.fr\\\/blog\\\/it\\\/emmanuel-macron-inizia-un-tour-asiatico-in-giappone-e-corea-del-sud-gia-da-martedi-sfide-e-prospettive\\\/\",\"url\":\"https:\\\/\\\/www.sebastien-auziere.fr\\\/blog\\\/it\\\/emmanuel-macron-inizia-un-tour-asiatico-in-giappone-e-corea-del-sud-gia-da-martedi-sfide-e-prospettive\\\/\",\"name\":\"Emmanuel Macron inizia un tour asiatico in Giappone e Corea del Sud gi\u00e0 da marted\u00ec: sfide e prospettive - Fan site S\u00e9bastien Auzi\u00e8re\",\"isPartOf\":{\"@id\":\"https:\\\/\\\/www.sebastien-auziere.fr\\\/blog\\\/#website\"},\"primaryImageOfPage\":{\"@id\":\"https:\\\/\\\/www.sebastien-auziere.fr\\\/blog\\\/it\\\/emmanuel-macron-inizia-un-tour-asiatico-in-giappone-e-corea-del-sud-gia-da-martedi-sfide-e-prospettive\\\/#primaryimage\"},\"image\":{\"@id\":\"https:\\\/\\\/www.sebastien-auziere.fr\\\/blog\\\/it\\\/emmanuel-macron-inizia-un-tour-asiatico-in-giappone-e-corea-del-sud-gia-da-martedi-sfide-e-prospettive\\\/#primaryimage\"},\"thumbnailUrl\":\"https:\\\/\\\/www.sebastien-auziere.fr\\\/blog\\\/wp-content\\\/uploads\\\/2026\\\/04\\\/Emmanuel-Macron-entame-une-tournee-asiatique-au-Japon-et-en-Coree-du-Sud-des-ce-mardi-enjeux-et-perspectives.jpg\",\"datePublished\":\"2026-04-01T07:13:54+00:00\",\"dateModified\":\"2026-04-01T07:14:28+00:00\",\"description\":\"Emmanuel Macron d\u00e9bute une tourn\u00e9e au Japon et en Cor\u00e9e du Sud : d\u00e9couvrez les enjeux et perspectives de cette visite diplomatique cl\u00e9.\",\"breadcrumb\":{\"@id\":\"https:\\\/\\\/www.sebastien-auziere.fr\\\/blog\\\/it\\\/emmanuel-macron-inizia-un-tour-asiatico-in-giappone-e-corea-del-sud-gia-da-martedi-sfide-e-prospettive\\\/#breadcrumb\"},\"inLanguage\":\"fr-FR\",\"potentialAction\":[{\"@type\":\"ReadAction\",\"target\":[\"https:\\\/\\\/www.sebastien-auziere.fr\\\/blog\\\/it\\\/emmanuel-macron-inizia-un-tour-asiatico-in-giappone-e-corea-del-sud-gia-da-martedi-sfide-e-prospettive\\\/\"]}]},{\"@type\":\"ImageObject\",\"inLanguage\":\"fr-FR\",\"@id\":\"https:\\\/\\\/www.sebastien-auziere.fr\\\/blog\\\/it\\\/emmanuel-macron-inizia-un-tour-asiatico-in-giappone-e-corea-del-sud-gia-da-martedi-sfide-e-prospettive\\\/#primaryimage\",\"url\":\"https:\\\/\\\/www.sebastien-auziere.fr\\\/blog\\\/wp-content\\\/uploads\\\/2026\\\/04\\\/Emmanuel-Macron-entame-une-tournee-asiatique-au-Japon-et-en-Coree-du-Sud-des-ce-mardi-enjeux-et-perspectives.jpg\",\"contentUrl\":\"https:\\\/\\\/www.sebastien-auziere.fr\\\/blog\\\/wp-content\\\/uploads\\\/2026\\\/04\\\/Emmanuel-Macron-entame-une-tournee-asiatique-au-Japon-et-en-Coree-du-Sud-des-ce-mardi-enjeux-et-perspectives.jpg\",\"width\":2560,\"height\":1429,\"caption\":\"emmanuel macron d\u00e9bute une tourn\u00e9e en asie, visitant le japon et la cor\u00e9e du sud d\u00e8s ce mardi, avec un focus sur les enjeux diplomatiques, \u00e9conomiques et les perspectives de coop\u00e9ration bilat\u00e9rale.\"},{\"@type\":\"BreadcrumbList\",\"@id\":\"https:\\\/\\\/www.sebastien-auziere.fr\\\/blog\\\/it\\\/emmanuel-macron-inizia-un-tour-asiatico-in-giappone-e-corea-del-sud-gia-da-martedi-sfide-e-prospettive\\\/#breadcrumb\",\"itemListElement\":[{\"@type\":\"ListItem\",\"position\":1,\"name\":\"Home\",\"item\":\"https:\\\/\\\/www.sebastien-auziere.fr\\\/blog\\\/\"},{\"@type\":\"ListItem\",\"position\":2,\"name\":\"Emmanuel Macron inizia un tour asiatico in Giappone e Corea del Sud gi\u00e0 da marted\u00ec: sfide e prospettive\"}]},{\"@type\":\"WebSite\",\"@id\":\"https:\\\/\\\/www.sebastien-auziere.fr\\\/blog\\\/#website\",\"url\":\"https:\\\/\\\/www.sebastien-auziere.fr\\\/blog\\\/\",\"name\":\"Fan site S\u00e9bastien Auzi\u00e8re\",\"description\":\"M\u00e9dia g\u00e9n\u00e9raliste\",\"publisher\":{\"@id\":\"https:\\\/\\\/www.sebastien-auziere.fr\\\/blog\\\/#organization\"},\"potentialAction\":[{\"@type\":\"SearchAction\",\"target\":{\"@type\":\"EntryPoint\",\"urlTemplate\":\"https:\\\/\\\/www.sebastien-auziere.fr\\\/blog\\\/?s={search_term_string}\"},\"query-input\":{\"@type\":\"PropertyValueSpecification\",\"valueRequired\":true,\"valueName\":\"search_term_string\"}}],\"inLanguage\":\"fr-FR\"},{\"@type\":\"Organization\",\"@id\":\"https:\\\/\\\/www.sebastien-auziere.fr\\\/blog\\\/#organization\",\"name\":\"Fan site S\u00e9bastien Auzi\u00e8re\",\"url\":\"https:\\\/\\\/www.sebastien-auziere.fr\\\/blog\\\/\",\"logo\":{\"@type\":\"ImageObject\",\"inLanguage\":\"fr-FR\",\"@id\":\"https:\\\/\\\/www.sebastien-auziere.fr\\\/blog\\\/#\\\/schema\\\/logo\\\/image\\\/\",\"url\":\"https:\\\/\\\/www.sebastien-auziere.fr\\\/blog\\\/wp-content\\\/uploads\\\/2026\\\/03\\\/cropped-cropped-cropped-ChatGPT-Image-6-mars-2026-12_58_09-e1772798376794.jpg\",\"contentUrl\":\"https:\\\/\\\/www.sebastien-auziere.fr\\\/blog\\\/wp-content\\\/uploads\\\/2026\\\/03\\\/cropped-cropped-cropped-ChatGPT-Image-6-mars-2026-12_58_09-e1772798376794.jpg\",\"width\":512,\"height\":360,\"caption\":\"Fan site S\u00e9bastien Auzi\u00e8re\"},\"image\":{\"@id\":\"https:\\\/\\\/www.sebastien-auziere.fr\\\/blog\\\/#\\\/schema\\\/logo\\\/image\\\/\"}},{\"@type\":\"Person\",\"@id\":\"https:\\\/\\\/www.sebastien-auziere.fr\\\/blog\\\/#\\\/schema\\\/person\\\/149f1acdbfd85149c6c3e59adeae2f4d\",\"name\":\"Chloe Gauthier\",\"image\":{\"@type\":\"ImageObject\",\"inLanguage\":\"fr-FR\",\"@id\":\"https:\\\/\\\/secure.gravatar.com\\\/avatar\\\/2c5722f58171cff738a8985ef0dd66b476e563753246a49019befc837ec4201a?s=96&d=mm&r=g\",\"url\":\"https:\\\/\\\/secure.gravatar.com\\\/avatar\\\/2c5722f58171cff738a8985ef0dd66b476e563753246a49019befc837ec4201a?s=96&d=mm&r=g\",\"contentUrl\":\"https:\\\/\\\/secure.gravatar.com\\\/avatar\\\/2c5722f58171cff738a8985ef0dd66b476e563753246a49019befc837ec4201a?s=96&d=mm&r=g\",\"caption\":\"Chloe Gauthier\"},\"description\":\"Passionn\u00e9e par la politique et admiratrice engag\u00e9e de la famille Macron, je consacre mon \u00e9nergie \u00e0 suivre leurs initiatives et \u00e0 promouvoir leurs id\u00e9es. \u00c0 32 ans, je suis convaincue que leur vision est porteuse d'avenir.\",\"url\":\"https:\\\/\\\/www.sebastien-auziere.fr\\\/blog\\\/author\\\/chloe-gauthier\\\/\"}]}<\/script>\n<!-- \/ Yoast SEO plugin. -->","yoast_head_json":{"title":"Emmanuel Macron inizia un tour asiatico in Giappone e Corea del Sud gi\u00e0 da marted\u00ec: sfide e prospettive - Fan site S\u00e9bastien Auzi\u00e8re","description":"Emmanuel Macron d\u00e9bute une tourn\u00e9e au Japon et en Cor\u00e9e du Sud : d\u00e9couvrez les enjeux et perspectives de cette visite diplomatique cl\u00e9.","robots":{"index":"index","follow":"follow","max-snippet":"max-snippet:-1","max-image-preview":"max-image-preview:large","max-video-preview":"max-video-preview:-1"},"canonical":"https:\/\/www.sebastien-auziere.fr\/blog\/it\/emmanuel-macron-inizia-un-tour-asiatico-in-giappone-e-corea-del-sud-gia-da-martedi-sfide-e-prospettive\/","og_locale":"fr_FR","og_type":"article","og_title":"Emmanuel Macron inizia un tour asiatico in Giappone e Corea del Sud gi\u00e0 da marted\u00ec: sfide e prospettive - Fan site S\u00e9bastien Auzi\u00e8re","og_description":"Emmanuel Macron d\u00e9bute une tourn\u00e9e au Japon et en Cor\u00e9e du Sud : d\u00e9couvrez les enjeux et perspectives de cette visite diplomatique cl\u00e9.","og_url":"https:\/\/www.sebastien-auziere.fr\/blog\/it\/emmanuel-macron-inizia-un-tour-asiatico-in-giappone-e-corea-del-sud-gia-da-martedi-sfide-e-prospettive\/","og_site_name":"Fan site S\u00e9bastien Auzi\u00e8re","article_published_time":"2026-04-01T07:13:54+00:00","article_modified_time":"2026-04-01T07:14:28+00:00","og_image":[{"width":2560,"height":1429,"url":"https:\/\/www.sebastien-auziere.fr\/blog\/wp-content\/uploads\/2026\/04\/Emmanuel-Macron-entame-une-tournee-asiatique-au-Japon-et-en-Coree-du-Sud-des-ce-mardi-enjeux-et-perspectives.jpg","type":"image\/jpeg"}],"author":"Chloe Gauthier","twitter_card":"summary_large_image","twitter_misc":{"\u00c9crit par":"Chloe Gauthier","Dur\u00e9e de lecture estim\u00e9e":"2 minutes"},"schema":{"@context":"https:\/\/schema.org","@graph":[{"@type":"Article","@id":"https:\/\/www.sebastien-auziere.fr\/blog\/it\/emmanuel-macron-inizia-un-tour-asiatico-in-giappone-e-corea-del-sud-gia-da-martedi-sfide-e-prospettive\/#article","isPartOf":{"@id":"https:\/\/www.sebastien-auziere.fr\/blog\/it\/emmanuel-macron-inizia-un-tour-asiatico-in-giappone-e-corea-del-sud-gia-da-martedi-sfide-e-prospettive\/"},"author":{"name":"Chloe Gauthier","@id":"https:\/\/www.sebastien-auziere.fr\/blog\/#\/schema\/person\/149f1acdbfd85149c6c3e59adeae2f4d"},"headline":"Emmanuel Macron inizia un tour asiatico in Giappone e Corea del Sud gi\u00e0 da marted\u00ec: sfide e prospettive","datePublished":"2026-04-01T07:13:54+00:00","dateModified":"2026-04-01T07:14:28+00:00","mainEntityOfPage":{"@id":"https:\/\/www.sebastien-auziere.fr\/blog\/it\/emmanuel-macron-inizia-un-tour-asiatico-in-giappone-e-corea-del-sud-gia-da-martedi-sfide-e-prospettive\/"},"wordCount":391,"commentCount":0,"publisher":{"@id":"https:\/\/www.sebastien-auziere.fr\/blog\/#organization"},"image":{"@id":"https:\/\/www.sebastien-auziere.fr\/blog\/it\/emmanuel-macron-inizia-un-tour-asiatico-in-giappone-e-corea-del-sud-gia-da-martedi-sfide-e-prospettive\/#primaryimage"},"thumbnailUrl":"https:\/\/www.sebastien-auziere.fr\/blog\/wp-content\/uploads\/2026\/04\/Emmanuel-Macron-entame-une-tournee-asiatique-au-Japon-et-en-Coree-du-Sud-des-ce-mardi-enjeux-et-perspectives.jpg","keywords":["corea del sud","emmanuel macron","japponese","politica internazionale","tourn\u00e9e asiatica"],"articleSection":["Actualit\u00e0"],"inLanguage":"fr-FR","potentialAction":[{"@type":"CommentAction","name":"Comment","target":["https:\/\/www.sebastien-auziere.fr\/blog\/it\/emmanuel-macron-inizia-un-tour-asiatico-in-giappone-e-corea-del-sud-gia-da-martedi-sfide-e-prospettive\/#respond"]}]},{"@type":"WebPage","@id":"https:\/\/www.sebastien-auziere.fr\/blog\/it\/emmanuel-macron-inizia-un-tour-asiatico-in-giappone-e-corea-del-sud-gia-da-martedi-sfide-e-prospettive\/","url":"https:\/\/www.sebastien-auziere.fr\/blog\/it\/emmanuel-macron-inizia-un-tour-asiatico-in-giappone-e-corea-del-sud-gia-da-martedi-sfide-e-prospettive\/","name":"Emmanuel Macron inizia un tour asiatico in Giappone e Corea del Sud gi\u00e0 da marted\u00ec: sfide e prospettive - Fan site S\u00e9bastien Auzi\u00e8re","isPartOf":{"@id":"https:\/\/www.sebastien-auziere.fr\/blog\/#website"},"primaryImageOfPage":{"@id":"https:\/\/www.sebastien-auziere.fr\/blog\/it\/emmanuel-macron-inizia-un-tour-asiatico-in-giappone-e-corea-del-sud-gia-da-martedi-sfide-e-prospettive\/#primaryimage"},"image":{"@id":"https:\/\/www.sebastien-auziere.fr\/blog\/it\/emmanuel-macron-inizia-un-tour-asiatico-in-giappone-e-corea-del-sud-gia-da-martedi-sfide-e-prospettive\/#primaryimage"},"thumbnailUrl":"https:\/\/www.sebastien-auziere.fr\/blog\/wp-content\/uploads\/2026\/04\/Emmanuel-Macron-entame-une-tournee-asiatique-au-Japon-et-en-Coree-du-Sud-des-ce-mardi-enjeux-et-perspectives.jpg","datePublished":"2026-04-01T07:13:54+00:00","dateModified":"2026-04-01T07:14:28+00:00","description":"Emmanuel Macron d\u00e9bute une tourn\u00e9e au Japon et en Cor\u00e9e du Sud : d\u00e9couvrez les enjeux et perspectives de cette visite diplomatique cl\u00e9.","breadcrumb":{"@id":"https:\/\/www.sebastien-auziere.fr\/blog\/it\/emmanuel-macron-inizia-un-tour-asiatico-in-giappone-e-corea-del-sud-gia-da-martedi-sfide-e-prospettive\/#breadcrumb"},"inLanguage":"fr-FR","potentialAction":[{"@type":"ReadAction","target":["https:\/\/www.sebastien-auziere.fr\/blog\/it\/emmanuel-macron-inizia-un-tour-asiatico-in-giappone-e-corea-del-sud-gia-da-martedi-sfide-e-prospettive\/"]}]},{"@type":"ImageObject","inLanguage":"fr-FR","@id":"https:\/\/www.sebastien-auziere.fr\/blog\/it\/emmanuel-macron-inizia-un-tour-asiatico-in-giappone-e-corea-del-sud-gia-da-martedi-sfide-e-prospettive\/#primaryimage","url":"https:\/\/www.sebastien-auziere.fr\/blog\/wp-content\/uploads\/2026\/04\/Emmanuel-Macron-entame-une-tournee-asiatique-au-Japon-et-en-Coree-du-Sud-des-ce-mardi-enjeux-et-perspectives.jpg","contentUrl":"https:\/\/www.sebastien-auziere.fr\/blog\/wp-content\/uploads\/2026\/04\/Emmanuel-Macron-entame-une-tournee-asiatique-au-Japon-et-en-Coree-du-Sud-des-ce-mardi-enjeux-et-perspectives.jpg","width":2560,"height":1429,"caption":"emmanuel macron d\u00e9bute une tourn\u00e9e en asie, visitant le japon et la cor\u00e9e du sud d\u00e8s ce mardi, avec un focus sur les enjeux diplomatiques, \u00e9conomiques et les perspectives de coop\u00e9ration bilat\u00e9rale."},{"@type":"BreadcrumbList","@id":"https:\/\/www.sebastien-auziere.fr\/blog\/it\/emmanuel-macron-inizia-un-tour-asiatico-in-giappone-e-corea-del-sud-gia-da-martedi-sfide-e-prospettive\/#breadcrumb","itemListElement":[{"@type":"ListItem","position":1,"name":"Home","item":"https:\/\/www.sebastien-auziere.fr\/blog\/"},{"@type":"ListItem","position":2,"name":"Emmanuel Macron inizia un tour asiatico in Giappone e Corea del Sud gi\u00e0 da marted\u00ec: sfide e prospettive"}]},{"@type":"WebSite","@id":"https:\/\/www.sebastien-auziere.fr\/blog\/#website","url":"https:\/\/www.sebastien-auziere.fr\/blog\/","name":"Fan site S\u00e9bastien Auzi\u00e8re","description":"M\u00e9dia g\u00e9n\u00e9raliste","publisher":{"@id":"https:\/\/www.sebastien-auziere.fr\/blog\/#organization"},"potentialAction":[{"@type":"SearchAction","target":{"@type":"EntryPoint","urlTemplate":"https:\/\/www.sebastien-auziere.fr\/blog\/?s={search_term_string}"},"query-input":{"@type":"PropertyValueSpecification","valueRequired":true,"valueName":"search_term_string"}}],"inLanguage":"fr-FR"},{"@type":"Organization","@id":"https:\/\/www.sebastien-auziere.fr\/blog\/#organization","name":"Fan site S\u00e9bastien Auzi\u00e8re","url":"https:\/\/www.sebastien-auziere.fr\/blog\/","logo":{"@type":"ImageObject","inLanguage":"fr-FR","@id":"https:\/\/www.sebastien-auziere.fr\/blog\/#\/schema\/logo\/image\/","url":"https:\/\/www.sebastien-auziere.fr\/blog\/wp-content\/uploads\/2026\/03\/cropped-cropped-cropped-ChatGPT-Image-6-mars-2026-12_58_09-e1772798376794.jpg","contentUrl":"https:\/\/www.sebastien-auziere.fr\/blog\/wp-content\/uploads\/2026\/03\/cropped-cropped-cropped-ChatGPT-Image-6-mars-2026-12_58_09-e1772798376794.jpg","width":512,"height":360,"caption":"Fan site S\u00e9bastien Auzi\u00e8re"},"image":{"@id":"https:\/\/www.sebastien-auziere.fr\/blog\/#\/schema\/logo\/image\/"}},{"@type":"Person","@id":"https:\/\/www.sebastien-auziere.fr\/blog\/#\/schema\/person\/149f1acdbfd85149c6c3e59adeae2f4d","name":"Chloe Gauthier","image":{"@type":"ImageObject","inLanguage":"fr-FR","@id":"https:\/\/secure.gravatar.com\/avatar\/2c5722f58171cff738a8985ef0dd66b476e563753246a49019befc837ec4201a?s=96&d=mm&r=g","url":"https:\/\/secure.gravatar.com\/avatar\/2c5722f58171cff738a8985ef0dd66b476e563753246a49019befc837ec4201a?s=96&d=mm&r=g","contentUrl":"https:\/\/secure.gravatar.com\/avatar\/2c5722f58171cff738a8985ef0dd66b476e563753246a49019befc837ec4201a?s=96&d=mm&r=g","caption":"Chloe Gauthier"},"description":"Passionn\u00e9e par la politique et admiratrice engag\u00e9e de la famille Macron, je consacre mon \u00e9nergie \u00e0 suivre leurs initiatives et \u00e0 promouvoir leurs id\u00e9es. \u00c0 32 ans, je suis convaincue que leur vision est porteuse d'avenir.","url":"https:\/\/www.sebastien-auziere.fr\/blog\/author\/chloe-gauthier\/"}]}},"views":5,"_links":{"self":[{"href":"https:\/\/www.sebastien-auziere.fr\/blog\/wp-json\/wp\/v2\/posts\/2665","targetHints":{"allow":["GET"]}}],"collection":[{"href":"https:\/\/www.sebastien-auziere.fr\/blog\/wp-json\/wp\/v2\/posts"}],"about":[{"href":"https:\/\/www.sebastien-auziere.fr\/blog\/wp-json\/wp\/v2\/types\/post"}],"author":[{"embeddable":true,"href":"https:\/\/www.sebastien-auziere.fr\/blog\/wp-json\/wp\/v2\/users\/9"}],"replies":[{"embeddable":true,"href":"https:\/\/www.sebastien-auziere.fr\/blog\/wp-json\/wp\/v2\/comments?post=2665"}],"version-history":[{"count":1,"href":"https:\/\/www.sebastien-auziere.fr\/blog\/wp-json\/wp\/v2\/posts\/2665\/revisions"}],"predecessor-version":[{"id":2666,"href":"https:\/\/www.sebastien-auziere.fr\/blog\/wp-json\/wp\/v2\/posts\/2665\/revisions\/2666"}],"wp:featuredmedia":[{"embeddable":true,"href":"https:\/\/www.sebastien-auziere.fr\/blog\/wp-json\/wp\/v2\/media\/2657"}],"wp:attachment":[{"href":"https:\/\/www.sebastien-auziere.fr\/blog\/wp-json\/wp\/v2\/media?parent=2665"}],"wp:term":[{"taxonomy":"category","embeddable":true,"href":"https:\/\/www.sebastien-auziere.fr\/blog\/wp-json\/wp\/v2\/categories?post=2665"},{"taxonomy":"post_tag","embeddable":true,"href":"https:\/\/www.sebastien-auziere.fr\/blog\/wp-json\/wp\/v2\/tags?post=2665"}],"curies":[{"name":"wp","href":"https:\/\/api.w.org\/{rel}","templated":true}]}}