{"id":2661,"date":"2026-04-01T07:10:02","date_gmt":"2026-04-01T07:10:02","guid":{"rendered":"https:\/\/www.sebastien-auziere.fr\/blog\/?p=2661"},"modified":"2026-04-01T07:10:32","modified_gmt":"2026-04-01T07:10:32","slug":"emmanuel-macron-inicia-una-gira-asiatica-en-japon-y-corea-del-sur-a-partir-de-este-martes-desafios-y-perspectivas","status":"publish","type":"post","link":"https:\/\/www.sebastien-auziere.fr\/blog\/es\/emmanuel-macron-inicia-una-gira-asiatica-en-japon-y-corea-del-sur-a-partir-de-este-martes-desafios-y-perspectivas\/","title":{"rendered":"Emmanuel Macron inicia una gira asi\u00e1tica en Jap\u00f3n y Corea del Sur a partir de este martes: desaf\u00edos y perspectivas"},"content":{"rendered":"<p><strong>Emmanuel Macron<\/strong> comienza este martes una <strong>gira asi\u00e1tica<\/strong> en <strong>Jap\u00f3n<\/strong> y luego en <strong>Corea del Sur<\/strong>, del 31 de marzo al 3 de abril, con una serie de encuentros bilaterales y eventos econ\u00f3micos. Descubrir\u00e1s por qu\u00e9 esta visita, organizada en medio de tensiones en Oriente Medio, tiene un gran peso para la <strong>pol\u00edtica exterior<\/strong> francesa.<\/p>\n\n<p>En resumen: esta misi\u00f3n tiene como objetivo fortalecer la <strong>cooperaci\u00f3n econ\u00f3mica<\/strong> y las <strong>relaciones internacionales<\/strong> con Tokio y Se\u00fal, defender una <strong>diplomacia<\/strong> aut\u00f3noma ante los desaf\u00edos energ\u00e9ticos y tecnol\u00f3gicos, y abrir <strong>perspectivas bilaterales<\/strong> concretas para las empresas francesas y la investigaci\u00f3n.<\/p>\n\n<h2 class=\"wp-block-heading\">En Jap\u00f3n: desaf\u00edos diplom\u00e1ticos y agenda apretada<\/h2>\n\n<p>En Tokio, <strong>Emmanuel Macron<\/strong> se reunir\u00e1 con responsables pol\u00edticos y l\u00edderes empresariales para consolidar los lazos estrat\u00e9gicos. La visita oficial incluye un almuerzo con la nueva Primera Ministra y discusiones sobre la seguridad regional, como informa <a href=\"https:\/\/www.france24.com\/fr\/asie-pacifique\/20260331-emmanuel-macron-en-visite-au-japon-le-conflit-au-moyen-orient-en-toile-de-fond\">la cobertura de France 24<\/a>. El objetivo declarado: avanzar en la cooperaci\u00f3n industrial, especialmente en el \u00e1mbito de la aeron\u00e1utica y los semiconductores.<\/p>\n\n<h3 class=\"wp-block-heading\">Cooperaci\u00f3n econ\u00f3mica y perspectivas bilaterales<\/h3>\n\n<p>Desde el punto de vista econ\u00f3mico, la <strong>cooperaci\u00f3n econ\u00f3mica<\/strong> busca asociaciones industriales, proyectos de innovaci\u00f3n e intercambios universitarios. Las discusiones se centrar\u00e1n en la inversi\u00f3n francesa en Jap\u00f3n y Corea, el apoyo a las PYMEs y la seguridad de las cadenas de suministro. Para comprender mejor los desaf\u00edos de esta gira, se puede leer un art\u00edculo detallado en <a href=\"https:\/\/www.lemonde.fr\/international\/article\/2026\/03\/31\/emmanuel-macron-en-visite-dans-un-japon-et-une-coree-du-sud-embarrasses-par-la-guerre-en-iran_6675610_3210.html\">Le Monde<\/a> que analiza el impacto econ\u00f3mico y pol\u00edtico.<\/p>\n\n<h2 class=\"wp-block-heading\">Corea del Sur: tecnolog\u00eda, cultura y diplomacia<\/h2>\n\n<p>En Se\u00fal, la <strong>gira asi\u00e1tica<\/strong> se centrar\u00e1 en la tecnolog\u00eda, bater\u00edas, chips e intercambios culturales. La presencia de Emmanuel Macron coincide con discusiones sobre la cooperaci\u00f3n en investigaci\u00f3n y defensa tecnol\u00f3gica. Esta etapa ilustra un enfoque de <strong>diplomacia<\/strong> europea reforzada ante los desaf\u00edos de la dependencia tecnol\u00f3gica y energ\u00e9tica.<\/p>\n\n<h3 class=\"wp-block-heading\">Contexto geopol\u00edtico: \u00bfqu\u00e9 perspectivas?<\/h3>\n\n<p>La visita se produce mientras la crisis en Oriente Medio influye en las estrategias internacionales. Al buscar un \u00ab\u00a0tercera v\u00eda\u00a0\u00bb entre grandes potencias, Francia quiere afirmar su voz en Asia y fortalecer sus alianzas regionales. Las perspectivas bilaterales incluyen acuerdos comerciales, asociaciones en innovaci\u00f3n y una cooperaci\u00f3n aumentada en materia de seguridad.<\/p>\n\n<p>Para profundizar en los detalles del programa y los intercambios culturales, descubre los an\u00e1lisis y res\u00famenes en <a href=\"https:\/\/www.sebastien-auziere.fr\/blog\/macron-au-japon-et-en-coree-du-sud-fin-mars-2026-audience-imperiale-et-visite-officielle\/\">el dossier completo<\/a> y el art\u00edculo dedicado a los momentos culturales destacados de la gira en <a href=\"https:\/\/www.sebastien-auziere.fr\/blog\/macron-japon-coree-kpop\/\">sebastien-auziere.fr<\/a>. All\u00ed encontrar\u00e1s informaci\u00f3n detallada sobre la <strong>pol\u00edtica exterior<\/strong> francesa y los desaf\u00edos diplom\u00e1ticos de esta visita.<\/p>","protected":false},"excerpt":{"rendered":"<p>Emmanuel Macron comienza este martes una gira asi\u00e1tica en Jap\u00f3n y luego en Corea del Sur, del 31 de marzo al 3 de abril, con una serie de encuentros bilaterales y eventos econ\u00f3micos. Descubrir\u00e1s por qu\u00e9 esta visita, organizada en medio de tensiones en Oriente Medio, tiene un gran peso para la pol\u00edtica exterior francesa. &#8230; <a title=\"Emmanuel Macron inicia una gira asi\u00e1tica en Jap\u00f3n y Corea del Sur a partir de este martes: desaf\u00edos y perspectivas\" class=\"read-more\" href=\"https:\/\/www.sebastien-auziere.fr\/blog\/es\/emmanuel-macron-inicia-una-gira-asiatica-en-japon-y-corea-del-sur-a-partir-de-este-martes-desafios-y-perspectivas\/\" aria-label=\"En savoir plus sur Emmanuel Macron inicia una gira asi\u00e1tica en Jap\u00f3n y Corea del Sur a partir de este martes: desaf\u00edos y perspectivas\">Lire plus<\/a><\/p>\n","protected":false},"author":9,"featured_media":2657,"comment_status":"open","ping_status":"open","sticky":false,"template":"","format":"standard","meta":{"footnotes":""},"categories":[820],"tags":[1236,1166,1169,1239,1242],"class_list":["post-2661","post","type-post","status-publish","format-standard","has-post-thumbnail","hentry","category-actualidades-es","tag-corea-del-sur-es","tag-emmanuel-macron-es","tag-japon-es","tag-politica-internacional-es","tag-tournee-asiatica-es"],"yoast_head":"<!-- This site is optimized with the Yoast SEO plugin v27.5 - https:\/\/yoast.com\/product\/yoast-seo-wordpress\/ -->\n<title>Emmanuel Macron inicia una gira asi\u00e1tica en Jap\u00f3n y Corea del Sur a partir de este martes: desaf\u00edos y perspectivas - Fan site S\u00e9bastien Auzi\u00e8re<\/title>\n<meta name=\"description\" content=\"Emmanuel Macron d\u00e9bute une tourn\u00e9e au Japon et en Cor\u00e9e du Sud : d\u00e9couvrez les enjeux et perspectives de cette visite diplomatique cl\u00e9.\" \/>\n<meta name=\"robots\" content=\"index, follow, max-snippet:-1, max-image-preview:large, max-video-preview:-1\" \/>\n<link rel=\"canonical\" href=\"https:\/\/www.sebastien-auziere.fr\/blog\/es\/emmanuel-macron-inicia-una-gira-asiatica-en-japon-y-corea-del-sur-a-partir-de-este-martes-desafios-y-perspectivas\/\" \/>\n<meta property=\"og:locale\" content=\"fr_FR\" \/>\n<meta property=\"og:type\" content=\"article\" \/>\n<meta property=\"og:title\" content=\"Emmanuel Macron inicia una gira asi\u00e1tica en Jap\u00f3n y Corea del Sur a partir de este martes: desaf\u00edos y perspectivas - Fan site S\u00e9bastien Auzi\u00e8re\" \/>\n<meta property=\"og:description\" content=\"Emmanuel Macron d\u00e9bute une tourn\u00e9e au Japon et en Cor\u00e9e du Sud : d\u00e9couvrez les enjeux et perspectives de cette visite diplomatique cl\u00e9.\" \/>\n<meta property=\"og:url\" content=\"https:\/\/www.sebastien-auziere.fr\/blog\/es\/emmanuel-macron-inicia-una-gira-asiatica-en-japon-y-corea-del-sur-a-partir-de-este-martes-desafios-y-perspectivas\/\" \/>\n<meta property=\"og:site_name\" content=\"Fan site S\u00e9bastien Auzi\u00e8re\" \/>\n<meta property=\"article:published_time\" content=\"2026-04-01T07:10:02+00:00\" \/>\n<meta property=\"article:modified_time\" content=\"2026-04-01T07:10:32+00:00\" \/>\n<meta property=\"og:image\" content=\"https:\/\/www.sebastien-auziere.fr\/blog\/wp-content\/uploads\/2026\/04\/Emmanuel-Macron-entame-une-tournee-asiatique-au-Japon-et-en-Coree-du-Sud-des-ce-mardi-enjeux-et-perspectives.jpg\" \/>\n\t<meta property=\"og:image:width\" content=\"2560\" \/>\n\t<meta property=\"og:image:height\" content=\"1429\" \/>\n\t<meta property=\"og:image:type\" content=\"image\/jpeg\" \/>\n<meta name=\"author\" content=\"Chloe Gauthier\" \/>\n<meta name=\"twitter:card\" content=\"summary_large_image\" \/>\n<meta name=\"twitter:label1\" content=\"\u00c9crit par\" \/>\n\t<meta name=\"twitter:data1\" content=\"Chloe Gauthier\" \/>\n\t<meta name=\"twitter:label2\" content=\"Dur\u00e9e de lecture estim\u00e9e\" \/>\n\t<meta name=\"twitter:data2\" content=\"2 minutes\" \/>\n<script type=\"application\/ld+json\" class=\"yoast-schema-graph\">{\"@context\":\"https:\\\/\\\/schema.org\",\"@graph\":[{\"@type\":\"Article\",\"@id\":\"https:\\\/\\\/www.sebastien-auziere.fr\\\/blog\\\/es\\\/emmanuel-macron-inicia-una-gira-asiatica-en-japon-y-corea-del-sur-a-partir-de-este-martes-desafios-y-perspectivas\\\/#article\",\"isPartOf\":{\"@id\":\"https:\\\/\\\/www.sebastien-auziere.fr\\\/blog\\\/es\\\/emmanuel-macron-inicia-una-gira-asiatica-en-japon-y-corea-del-sur-a-partir-de-este-martes-desafios-y-perspectivas\\\/\"},\"author\":{\"name\":\"Chloe Gauthier\",\"@id\":\"https:\\\/\\\/www.sebastien-auziere.fr\\\/blog\\\/#\\\/schema\\\/person\\\/149f1acdbfd85149c6c3e59adeae2f4d\"},\"headline\":\"Emmanuel Macron inicia una gira asi\u00e1tica en Jap\u00f3n y Corea del Sur a partir de este martes: desaf\u00edos y perspectivas\",\"datePublished\":\"2026-04-01T07:10:02+00:00\",\"dateModified\":\"2026-04-01T07:10:32+00:00\",\"mainEntityOfPage\":{\"@id\":\"https:\\\/\\\/www.sebastien-auziere.fr\\\/blog\\\/es\\\/emmanuel-macron-inicia-una-gira-asiatica-en-japon-y-corea-del-sur-a-partir-de-este-martes-desafios-y-perspectivas\\\/\"},\"wordCount\":475,\"commentCount\":0,\"publisher\":{\"@id\":\"https:\\\/\\\/www.sebastien-auziere.fr\\\/blog\\\/#organization\"},\"image\":{\"@id\":\"https:\\\/\\\/www.sebastien-auziere.fr\\\/blog\\\/es\\\/emmanuel-macron-inicia-una-gira-asiatica-en-japon-y-corea-del-sur-a-partir-de-este-martes-desafios-y-perspectivas\\\/#primaryimage\"},\"thumbnailUrl\":\"https:\\\/\\\/www.sebastien-auziere.fr\\\/blog\\\/wp-content\\\/uploads\\\/2026\\\/04\\\/Emmanuel-Macron-entame-une-tournee-asiatique-au-Japon-et-en-Coree-du-Sud-des-ce-mardi-enjeux-et-perspectives.jpg\",\"keywords\":[\"corea del sur\",\"emmanuel macron\",\"jap\u00f3n\",\"pol\u00edtica internacional\",\"tourn\u00e9e asi\u00e1tica\"],\"articleSection\":[\"Actualidades\"],\"inLanguage\":\"fr-FR\",\"potentialAction\":[{\"@type\":\"CommentAction\",\"name\":\"Comment\",\"target\":[\"https:\\\/\\\/www.sebastien-auziere.fr\\\/blog\\\/es\\\/emmanuel-macron-inicia-una-gira-asiatica-en-japon-y-corea-del-sur-a-partir-de-este-martes-desafios-y-perspectivas\\\/#respond\"]}]},{\"@type\":\"WebPage\",\"@id\":\"https:\\\/\\\/www.sebastien-auziere.fr\\\/blog\\\/es\\\/emmanuel-macron-inicia-una-gira-asiatica-en-japon-y-corea-del-sur-a-partir-de-este-martes-desafios-y-perspectivas\\\/\",\"url\":\"https:\\\/\\\/www.sebastien-auziere.fr\\\/blog\\\/es\\\/emmanuel-macron-inicia-una-gira-asiatica-en-japon-y-corea-del-sur-a-partir-de-este-martes-desafios-y-perspectivas\\\/\",\"name\":\"Emmanuel Macron inicia una gira asi\u00e1tica en Jap\u00f3n y Corea del Sur a partir de este martes: desaf\u00edos y perspectivas - Fan site S\u00e9bastien Auzi\u00e8re\",\"isPartOf\":{\"@id\":\"https:\\\/\\\/www.sebastien-auziere.fr\\\/blog\\\/#website\"},\"primaryImageOfPage\":{\"@id\":\"https:\\\/\\\/www.sebastien-auziere.fr\\\/blog\\\/es\\\/emmanuel-macron-inicia-una-gira-asiatica-en-japon-y-corea-del-sur-a-partir-de-este-martes-desafios-y-perspectivas\\\/#primaryimage\"},\"image\":{\"@id\":\"https:\\\/\\\/www.sebastien-auziere.fr\\\/blog\\\/es\\\/emmanuel-macron-inicia-una-gira-asiatica-en-japon-y-corea-del-sur-a-partir-de-este-martes-desafios-y-perspectivas\\\/#primaryimage\"},\"thumbnailUrl\":\"https:\\\/\\\/www.sebastien-auziere.fr\\\/blog\\\/wp-content\\\/uploads\\\/2026\\\/04\\\/Emmanuel-Macron-entame-une-tournee-asiatique-au-Japon-et-en-Coree-du-Sud-des-ce-mardi-enjeux-et-perspectives.jpg\",\"datePublished\":\"2026-04-01T07:10:02+00:00\",\"dateModified\":\"2026-04-01T07:10:32+00:00\",\"description\":\"Emmanuel Macron d\u00e9bute une tourn\u00e9e au Japon et en Cor\u00e9e du Sud : d\u00e9couvrez les enjeux et perspectives de cette visite diplomatique cl\u00e9.\",\"breadcrumb\":{\"@id\":\"https:\\\/\\\/www.sebastien-auziere.fr\\\/blog\\\/es\\\/emmanuel-macron-inicia-una-gira-asiatica-en-japon-y-corea-del-sur-a-partir-de-este-martes-desafios-y-perspectivas\\\/#breadcrumb\"},\"inLanguage\":\"fr-FR\",\"potentialAction\":[{\"@type\":\"ReadAction\",\"target\":[\"https:\\\/\\\/www.sebastien-auziere.fr\\\/blog\\\/es\\\/emmanuel-macron-inicia-una-gira-asiatica-en-japon-y-corea-del-sur-a-partir-de-este-martes-desafios-y-perspectivas\\\/\"]}]},{\"@type\":\"ImageObject\",\"inLanguage\":\"fr-FR\",\"@id\":\"https:\\\/\\\/www.sebastien-auziere.fr\\\/blog\\\/es\\\/emmanuel-macron-inicia-una-gira-asiatica-en-japon-y-corea-del-sur-a-partir-de-este-martes-desafios-y-perspectivas\\\/#primaryimage\",\"url\":\"https:\\\/\\\/www.sebastien-auziere.fr\\\/blog\\\/wp-content\\\/uploads\\\/2026\\\/04\\\/Emmanuel-Macron-entame-une-tournee-asiatique-au-Japon-et-en-Coree-du-Sud-des-ce-mardi-enjeux-et-perspectives.jpg\",\"contentUrl\":\"https:\\\/\\\/www.sebastien-auziere.fr\\\/blog\\\/wp-content\\\/uploads\\\/2026\\\/04\\\/Emmanuel-Macron-entame-une-tournee-asiatique-au-Japon-et-en-Coree-du-Sud-des-ce-mardi-enjeux-et-perspectives.jpg\",\"width\":2560,\"height\":1429,\"caption\":\"emmanuel macron d\u00e9bute une tourn\u00e9e en asie, visitant le japon et la cor\u00e9e du sud d\u00e8s ce mardi, avec un focus sur les enjeux diplomatiques, \u00e9conomiques et les perspectives de coop\u00e9ration bilat\u00e9rale.\"},{\"@type\":\"BreadcrumbList\",\"@id\":\"https:\\\/\\\/www.sebastien-auziere.fr\\\/blog\\\/es\\\/emmanuel-macron-inicia-una-gira-asiatica-en-japon-y-corea-del-sur-a-partir-de-este-martes-desafios-y-perspectivas\\\/#breadcrumb\",\"itemListElement\":[{\"@type\":\"ListItem\",\"position\":1,\"name\":\"Home\",\"item\":\"https:\\\/\\\/www.sebastien-auziere.fr\\\/blog\\\/\"},{\"@type\":\"ListItem\",\"position\":2,\"name\":\"Emmanuel Macron inicia una gira asi\u00e1tica en Jap\u00f3n y Corea del Sur a partir de este martes: desaf\u00edos y perspectivas\"}]},{\"@type\":\"WebSite\",\"@id\":\"https:\\\/\\\/www.sebastien-auziere.fr\\\/blog\\\/#website\",\"url\":\"https:\\\/\\\/www.sebastien-auziere.fr\\\/blog\\\/\",\"name\":\"Fan site S\u00e9bastien Auzi\u00e8re\",\"description\":\"M\u00e9dia g\u00e9n\u00e9raliste\",\"publisher\":{\"@id\":\"https:\\\/\\\/www.sebastien-auziere.fr\\\/blog\\\/#organization\"},\"potentialAction\":[{\"@type\":\"SearchAction\",\"target\":{\"@type\":\"EntryPoint\",\"urlTemplate\":\"https:\\\/\\\/www.sebastien-auziere.fr\\\/blog\\\/?s={search_term_string}\"},\"query-input\":{\"@type\":\"PropertyValueSpecification\",\"valueRequired\":true,\"valueName\":\"search_term_string\"}}],\"inLanguage\":\"fr-FR\"},{\"@type\":\"Organization\",\"@id\":\"https:\\\/\\\/www.sebastien-auziere.fr\\\/blog\\\/#organization\",\"name\":\"Fan site S\u00e9bastien Auzi\u00e8re\",\"url\":\"https:\\\/\\\/www.sebastien-auziere.fr\\\/blog\\\/\",\"logo\":{\"@type\":\"ImageObject\",\"inLanguage\":\"fr-FR\",\"@id\":\"https:\\\/\\\/www.sebastien-auziere.fr\\\/blog\\\/#\\\/schema\\\/logo\\\/image\\\/\",\"url\":\"https:\\\/\\\/www.sebastien-auziere.fr\\\/blog\\\/wp-content\\\/uploads\\\/2026\\\/03\\\/cropped-cropped-cropped-ChatGPT-Image-6-mars-2026-12_58_09-e1772798376794.jpg\",\"contentUrl\":\"https:\\\/\\\/www.sebastien-auziere.fr\\\/blog\\\/wp-content\\\/uploads\\\/2026\\\/03\\\/cropped-cropped-cropped-ChatGPT-Image-6-mars-2026-12_58_09-e1772798376794.jpg\",\"width\":512,\"height\":360,\"caption\":\"Fan site S\u00e9bastien Auzi\u00e8re\"},\"image\":{\"@id\":\"https:\\\/\\\/www.sebastien-auziere.fr\\\/blog\\\/#\\\/schema\\\/logo\\\/image\\\/\"}},{\"@type\":\"Person\",\"@id\":\"https:\\\/\\\/www.sebastien-auziere.fr\\\/blog\\\/#\\\/schema\\\/person\\\/149f1acdbfd85149c6c3e59adeae2f4d\",\"name\":\"Chloe Gauthier\",\"image\":{\"@type\":\"ImageObject\",\"inLanguage\":\"fr-FR\",\"@id\":\"https:\\\/\\\/secure.gravatar.com\\\/avatar\\\/2c5722f58171cff738a8985ef0dd66b476e563753246a49019befc837ec4201a?s=96&d=mm&r=g\",\"url\":\"https:\\\/\\\/secure.gravatar.com\\\/avatar\\\/2c5722f58171cff738a8985ef0dd66b476e563753246a49019befc837ec4201a?s=96&d=mm&r=g\",\"contentUrl\":\"https:\\\/\\\/secure.gravatar.com\\\/avatar\\\/2c5722f58171cff738a8985ef0dd66b476e563753246a49019befc837ec4201a?s=96&d=mm&r=g\",\"caption\":\"Chloe Gauthier\"},\"description\":\"Passionn\u00e9e par la politique et admiratrice engag\u00e9e de la famille Macron, je consacre mon \u00e9nergie \u00e0 suivre leurs initiatives et \u00e0 promouvoir leurs id\u00e9es. \u00c0 32 ans, je suis convaincue que leur vision est porteuse d'avenir.\",\"url\":\"https:\\\/\\\/www.sebastien-auziere.fr\\\/blog\\\/author\\\/chloe-gauthier\\\/\"}]}<\/script>\n<!-- \/ Yoast SEO plugin. -->","yoast_head_json":{"title":"Emmanuel Macron inicia una gira asi\u00e1tica en Jap\u00f3n y Corea del Sur a partir de este martes: desaf\u00edos y perspectivas - Fan site S\u00e9bastien Auzi\u00e8re","description":"Emmanuel Macron d\u00e9bute une tourn\u00e9e au Japon et en Cor\u00e9e du Sud : d\u00e9couvrez les enjeux et perspectives de cette visite diplomatique cl\u00e9.","robots":{"index":"index","follow":"follow","max-snippet":"max-snippet:-1","max-image-preview":"max-image-preview:large","max-video-preview":"max-video-preview:-1"},"canonical":"https:\/\/www.sebastien-auziere.fr\/blog\/es\/emmanuel-macron-inicia-una-gira-asiatica-en-japon-y-corea-del-sur-a-partir-de-este-martes-desafios-y-perspectivas\/","og_locale":"fr_FR","og_type":"article","og_title":"Emmanuel Macron inicia una gira asi\u00e1tica en Jap\u00f3n y Corea del Sur a partir de este martes: desaf\u00edos y perspectivas - Fan site S\u00e9bastien Auzi\u00e8re","og_description":"Emmanuel Macron d\u00e9bute une tourn\u00e9e au Japon et en Cor\u00e9e du Sud : d\u00e9couvrez les enjeux et perspectives de cette visite diplomatique cl\u00e9.","og_url":"https:\/\/www.sebastien-auziere.fr\/blog\/es\/emmanuel-macron-inicia-una-gira-asiatica-en-japon-y-corea-del-sur-a-partir-de-este-martes-desafios-y-perspectivas\/","og_site_name":"Fan site S\u00e9bastien Auzi\u00e8re","article_published_time":"2026-04-01T07:10:02+00:00","article_modified_time":"2026-04-01T07:10:32+00:00","og_image":[{"width":2560,"height":1429,"url":"https:\/\/www.sebastien-auziere.fr\/blog\/wp-content\/uploads\/2026\/04\/Emmanuel-Macron-entame-une-tournee-asiatique-au-Japon-et-en-Coree-du-Sud-des-ce-mardi-enjeux-et-perspectives.jpg","type":"image\/jpeg"}],"author":"Chloe Gauthier","twitter_card":"summary_large_image","twitter_misc":{"\u00c9crit par":"Chloe Gauthier","Dur\u00e9e de lecture estim\u00e9e":"2 minutes"},"schema":{"@context":"https:\/\/schema.org","@graph":[{"@type":"Article","@id":"https:\/\/www.sebastien-auziere.fr\/blog\/es\/emmanuel-macron-inicia-una-gira-asiatica-en-japon-y-corea-del-sur-a-partir-de-este-martes-desafios-y-perspectivas\/#article","isPartOf":{"@id":"https:\/\/www.sebastien-auziere.fr\/blog\/es\/emmanuel-macron-inicia-una-gira-asiatica-en-japon-y-corea-del-sur-a-partir-de-este-martes-desafios-y-perspectivas\/"},"author":{"name":"Chloe Gauthier","@id":"https:\/\/www.sebastien-auziere.fr\/blog\/#\/schema\/person\/149f1acdbfd85149c6c3e59adeae2f4d"},"headline":"Emmanuel Macron inicia una gira asi\u00e1tica en Jap\u00f3n y Corea del Sur a partir de este martes: desaf\u00edos y perspectivas","datePublished":"2026-04-01T07:10:02+00:00","dateModified":"2026-04-01T07:10:32+00:00","mainEntityOfPage":{"@id":"https:\/\/www.sebastien-auziere.fr\/blog\/es\/emmanuel-macron-inicia-una-gira-asiatica-en-japon-y-corea-del-sur-a-partir-de-este-martes-desafios-y-perspectivas\/"},"wordCount":475,"commentCount":0,"publisher":{"@id":"https:\/\/www.sebastien-auziere.fr\/blog\/#organization"},"image":{"@id":"https:\/\/www.sebastien-auziere.fr\/blog\/es\/emmanuel-macron-inicia-una-gira-asiatica-en-japon-y-corea-del-sur-a-partir-de-este-martes-desafios-y-perspectivas\/#primaryimage"},"thumbnailUrl":"https:\/\/www.sebastien-auziere.fr\/blog\/wp-content\/uploads\/2026\/04\/Emmanuel-Macron-entame-une-tournee-asiatique-au-Japon-et-en-Coree-du-Sud-des-ce-mardi-enjeux-et-perspectives.jpg","keywords":["corea del sur","emmanuel macron","jap\u00f3n","pol\u00edtica internacional","tourn\u00e9e asi\u00e1tica"],"articleSection":["Actualidades"],"inLanguage":"fr-FR","potentialAction":[{"@type":"CommentAction","name":"Comment","target":["https:\/\/www.sebastien-auziere.fr\/blog\/es\/emmanuel-macron-inicia-una-gira-asiatica-en-japon-y-corea-del-sur-a-partir-de-este-martes-desafios-y-perspectivas\/#respond"]}]},{"@type":"WebPage","@id":"https:\/\/www.sebastien-auziere.fr\/blog\/es\/emmanuel-macron-inicia-una-gira-asiatica-en-japon-y-corea-del-sur-a-partir-de-este-martes-desafios-y-perspectivas\/","url":"https:\/\/www.sebastien-auziere.fr\/blog\/es\/emmanuel-macron-inicia-una-gira-asiatica-en-japon-y-corea-del-sur-a-partir-de-este-martes-desafios-y-perspectivas\/","name":"Emmanuel Macron inicia una gira asi\u00e1tica en Jap\u00f3n y Corea del Sur a partir de este martes: desaf\u00edos y perspectivas - Fan site S\u00e9bastien Auzi\u00e8re","isPartOf":{"@id":"https:\/\/www.sebastien-auziere.fr\/blog\/#website"},"primaryImageOfPage":{"@id":"https:\/\/www.sebastien-auziere.fr\/blog\/es\/emmanuel-macron-inicia-una-gira-asiatica-en-japon-y-corea-del-sur-a-partir-de-este-martes-desafios-y-perspectivas\/#primaryimage"},"image":{"@id":"https:\/\/www.sebastien-auziere.fr\/blog\/es\/emmanuel-macron-inicia-una-gira-asiatica-en-japon-y-corea-del-sur-a-partir-de-este-martes-desafios-y-perspectivas\/#primaryimage"},"thumbnailUrl":"https:\/\/www.sebastien-auziere.fr\/blog\/wp-content\/uploads\/2026\/04\/Emmanuel-Macron-entame-une-tournee-asiatique-au-Japon-et-en-Coree-du-Sud-des-ce-mardi-enjeux-et-perspectives.jpg","datePublished":"2026-04-01T07:10:02+00:00","dateModified":"2026-04-01T07:10:32+00:00","description":"Emmanuel Macron d\u00e9bute une tourn\u00e9e au Japon et en Cor\u00e9e du Sud : d\u00e9couvrez les enjeux et perspectives de cette visite diplomatique cl\u00e9.","breadcrumb":{"@id":"https:\/\/www.sebastien-auziere.fr\/blog\/es\/emmanuel-macron-inicia-una-gira-asiatica-en-japon-y-corea-del-sur-a-partir-de-este-martes-desafios-y-perspectivas\/#breadcrumb"},"inLanguage":"fr-FR","potentialAction":[{"@type":"ReadAction","target":["https:\/\/www.sebastien-auziere.fr\/blog\/es\/emmanuel-macron-inicia-una-gira-asiatica-en-japon-y-corea-del-sur-a-partir-de-este-martes-desafios-y-perspectivas\/"]}]},{"@type":"ImageObject","inLanguage":"fr-FR","@id":"https:\/\/www.sebastien-auziere.fr\/blog\/es\/emmanuel-macron-inicia-una-gira-asiatica-en-japon-y-corea-del-sur-a-partir-de-este-martes-desafios-y-perspectivas\/#primaryimage","url":"https:\/\/www.sebastien-auziere.fr\/blog\/wp-content\/uploads\/2026\/04\/Emmanuel-Macron-entame-une-tournee-asiatique-au-Japon-et-en-Coree-du-Sud-des-ce-mardi-enjeux-et-perspectives.jpg","contentUrl":"https:\/\/www.sebastien-auziere.fr\/blog\/wp-content\/uploads\/2026\/04\/Emmanuel-Macron-entame-une-tournee-asiatique-au-Japon-et-en-Coree-du-Sud-des-ce-mardi-enjeux-et-perspectives.jpg","width":2560,"height":1429,"caption":"emmanuel macron d\u00e9bute une tourn\u00e9e en asie, visitant le japon et la cor\u00e9e du sud d\u00e8s ce mardi, avec un focus sur les enjeux diplomatiques, \u00e9conomiques et les perspectives de coop\u00e9ration bilat\u00e9rale."},{"@type":"BreadcrumbList","@id":"https:\/\/www.sebastien-auziere.fr\/blog\/es\/emmanuel-macron-inicia-una-gira-asiatica-en-japon-y-corea-del-sur-a-partir-de-este-martes-desafios-y-perspectivas\/#breadcrumb","itemListElement":[{"@type":"ListItem","position":1,"name":"Home","item":"https:\/\/www.sebastien-auziere.fr\/blog\/"},{"@type":"ListItem","position":2,"name":"Emmanuel Macron inicia una gira asi\u00e1tica en Jap\u00f3n y Corea del Sur a partir de este martes: desaf\u00edos y perspectivas"}]},{"@type":"WebSite","@id":"https:\/\/www.sebastien-auziere.fr\/blog\/#website","url":"https:\/\/www.sebastien-auziere.fr\/blog\/","name":"Fan site S\u00e9bastien Auzi\u00e8re","description":"M\u00e9dia g\u00e9n\u00e9raliste","publisher":{"@id":"https:\/\/www.sebastien-auziere.fr\/blog\/#organization"},"potentialAction":[{"@type":"SearchAction","target":{"@type":"EntryPoint","urlTemplate":"https:\/\/www.sebastien-auziere.fr\/blog\/?s={search_term_string}"},"query-input":{"@type":"PropertyValueSpecification","valueRequired":true,"valueName":"search_term_string"}}],"inLanguage":"fr-FR"},{"@type":"Organization","@id":"https:\/\/www.sebastien-auziere.fr\/blog\/#organization","name":"Fan site S\u00e9bastien Auzi\u00e8re","url":"https:\/\/www.sebastien-auziere.fr\/blog\/","logo":{"@type":"ImageObject","inLanguage":"fr-FR","@id":"https:\/\/www.sebastien-auziere.fr\/blog\/#\/schema\/logo\/image\/","url":"https:\/\/www.sebastien-auziere.fr\/blog\/wp-content\/uploads\/2026\/03\/cropped-cropped-cropped-ChatGPT-Image-6-mars-2026-12_58_09-e1772798376794.jpg","contentUrl":"https:\/\/www.sebastien-auziere.fr\/blog\/wp-content\/uploads\/2026\/03\/cropped-cropped-cropped-ChatGPT-Image-6-mars-2026-12_58_09-e1772798376794.jpg","width":512,"height":360,"caption":"Fan site S\u00e9bastien Auzi\u00e8re"},"image":{"@id":"https:\/\/www.sebastien-auziere.fr\/blog\/#\/schema\/logo\/image\/"}},{"@type":"Person","@id":"https:\/\/www.sebastien-auziere.fr\/blog\/#\/schema\/person\/149f1acdbfd85149c6c3e59adeae2f4d","name":"Chloe Gauthier","image":{"@type":"ImageObject","inLanguage":"fr-FR","@id":"https:\/\/secure.gravatar.com\/avatar\/2c5722f58171cff738a8985ef0dd66b476e563753246a49019befc837ec4201a?s=96&d=mm&r=g","url":"https:\/\/secure.gravatar.com\/avatar\/2c5722f58171cff738a8985ef0dd66b476e563753246a49019befc837ec4201a?s=96&d=mm&r=g","contentUrl":"https:\/\/secure.gravatar.com\/avatar\/2c5722f58171cff738a8985ef0dd66b476e563753246a49019befc837ec4201a?s=96&d=mm&r=g","caption":"Chloe Gauthier"},"description":"Passionn\u00e9e par la politique et admiratrice engag\u00e9e de la famille Macron, je consacre mon \u00e9nergie \u00e0 suivre leurs initiatives et \u00e0 promouvoir leurs id\u00e9es. \u00c0 32 ans, je suis convaincue que leur vision est porteuse d'avenir.","url":"https:\/\/www.sebastien-auziere.fr\/blog\/author\/chloe-gauthier\/"}]}},"views":8,"_links":{"self":[{"href":"https:\/\/www.sebastien-auziere.fr\/blog\/wp-json\/wp\/v2\/posts\/2661","targetHints":{"allow":["GET"]}}],"collection":[{"href":"https:\/\/www.sebastien-auziere.fr\/blog\/wp-json\/wp\/v2\/posts"}],"about":[{"href":"https:\/\/www.sebastien-auziere.fr\/blog\/wp-json\/wp\/v2\/types\/post"}],"author":[{"embeddable":true,"href":"https:\/\/www.sebastien-auziere.fr\/blog\/wp-json\/wp\/v2\/users\/9"}],"replies":[{"embeddable":true,"href":"https:\/\/www.sebastien-auziere.fr\/blog\/wp-json\/wp\/v2\/comments?post=2661"}],"version-history":[{"count":1,"href":"https:\/\/www.sebastien-auziere.fr\/blog\/wp-json\/wp\/v2\/posts\/2661\/revisions"}],"predecessor-version":[{"id":2662,"href":"https:\/\/www.sebastien-auziere.fr\/blog\/wp-json\/wp\/v2\/posts\/2661\/revisions\/2662"}],"wp:featuredmedia":[{"embeddable":true,"href":"https:\/\/www.sebastien-auziere.fr\/blog\/wp-json\/wp\/v2\/media\/2657"}],"wp:attachment":[{"href":"https:\/\/www.sebastien-auziere.fr\/blog\/wp-json\/wp\/v2\/media?parent=2661"}],"wp:term":[{"taxonomy":"category","embeddable":true,"href":"https:\/\/www.sebastien-auziere.fr\/blog\/wp-json\/wp\/v2\/categories?post=2661"},{"taxonomy":"post_tag","embeddable":true,"href":"https:\/\/www.sebastien-auziere.fr\/blog\/wp-json\/wp\/v2\/tags?post=2661"}],"curies":[{"name":"wp","href":"https:\/\/api.w.org\/{rel}","templated":true}]}}