{"id":2659,"date":"2026-04-01T07:09:34","date_gmt":"2026-04-01T07:09:34","guid":{"rendered":"https:\/\/www.sebastien-auziere.fr\/blog\/?p=2659"},"modified":"2026-04-01T07:10:01","modified_gmt":"2026-04-01T07:10:01","slug":"emmanuel-macron-is-embarking-on-an-asian-tour-in-japan-and-south-korea-starting-this-tuesday-issues-and-perspectives","status":"publish","type":"post","link":"https:\/\/www.sebastien-auziere.fr\/blog\/en\/emmanuel-macron-is-embarking-on-an-asian-tour-in-japan-and-south-korea-starting-this-tuesday-issues-and-perspectives\/","title":{"rendered":"Emmanuel Macron is embarking on an Asian tour in Japan and South Korea starting this Tuesday: issues and perspectives"},"content":{"rendered":"<p><strong>Emmanuel Macron<\/strong> begins this Tuesday an <strong>Asian tour<\/strong> in <strong>Japan<\/strong> and then in <strong>South Korea<\/strong>, from March 31 to April 3, with a series of bilateral meetings and economic events. You will discover why this visit, organized amidst tension in the Middle East, is significant for French <strong>foreign policy<\/strong>.<\/p>\n\n<p>In short: this mission aims to strengthen <strong>economic cooperation<\/strong> and <strong>international relations<\/strong> with Tokyo and Seoul, to advocate for an autonomous <strong>diplomacy<\/strong> in the face of energy and technological challenges, and to open concrete <strong>bilateral perspectives<\/strong> for French companies and research.<\/p>\n\n<h2 class=\"wp-block-heading\">In Japan: diplomatic stakes and tight agenda<\/h2>\n\n<p>In Tokyo, <strong>Emmanuel Macron<\/strong> will meet political leaders and business executives to consolidate strategic ties. The official visit includes a lunch with the new Prime Minister and discussions on regional security, as reported by <a href=\"https:\/\/www.france24.com\/fr\/asie-pacifique\/20260331-emmanuel-macron-en-visite-au-japon-le-conflit-au-moyen-orient-en-toile-de-fond\">France 24 coverage<\/a>. The stated goal is to advance industrial cooperation, particularly in aerospace and semiconductors.<\/p>\n\n<h3 class=\"wp-block-heading\">Economic cooperation and bilateral perspectives<\/h3>\n\n<p>Economically, <strong>economic cooperation<\/strong> focuses on industrial partnerships, innovation projects, and academic exchanges. Discussions will address French investment in Japan and Korea, support for SMEs, and securing supply chains. To better understand the stakes of this tour, one can read a detailed article on <a href=\"https:\/\/www.lemonde.fr\/international\/article\/2026\/03\/31\/emmanuel-macron-en-visite-dans-un-japon-et-une-coree-du-sud-embarrasses-par-la-guerre-en-iran_6675610_3210.html\">Le Monde<\/a> that analyzes the economic and political impact.<\/p>\n\n<h2 class=\"wp-block-heading\">South Korea: technology, culture, and diplomacy<\/h2>\n\n<p>In Seoul, the <strong>Asian tour<\/strong> will focus on technology, batteries, chips, and cultural exchanges. Emmanuel Macron&rsquo;s presence coincides with discussions on cooperation in research and technological defense. This leg illustrates a strengthened approach to European <strong>diplomacy<\/strong> in the face of technological and energy dependency challenges.<\/p>\n\n<h3 class=\"wp-block-heading\">Geopolitical context: what perspectives?<\/h3>\n\n<p>The visit occurs as the crisis in the Middle East influences international strategies. By seeking a \u00ab\u00a0third way\u00a0\u00bb between great powers, France aims to assert its voice in Asia and strengthen its regional alliances. Bilateral perspectives include trade agreements, innovation partnerships, and increased security cooperation.<\/p>\n\n<p>For further details on the program and cultural exchanges, explore the analyses and reports on <a href=\"https:\/\/www.sebastien-auziere.fr\/blog\/macron-au-japon-et-en-coree-du-sud-fin-mars-2026-audience-imperiale-et-visite-officielle\/\">the complete file<\/a> and the article dedicated to the cultural highlights of the tour on <a href=\"https:\/\/www.sebastien-auziere.fr\/blog\/macron-japon-coree-kpop\/\">sebastien-auziere.fr<\/a>. You will find in-depth information on French <strong>foreign policy<\/strong> and the diplomatic stakes of this visit.<\/p>","protected":false},"excerpt":{"rendered":"<p>Emmanuel Macron begins this Tuesday an Asian tour in Japan and then in South Korea, from March 31 to April 3, with a series of bilateral meetings and economic events. You will discover why this visit, organized amidst tension in the Middle East, is significant for French foreign policy. In short: this mission aims to &#8230; <a title=\"Emmanuel Macron is embarking on an Asian tour in Japan and South Korea starting this Tuesday: issues and perspectives\" class=\"read-more\" href=\"https:\/\/www.sebastien-auziere.fr\/blog\/en\/emmanuel-macron-is-embarking-on-an-asian-tour-in-japan-and-south-korea-starting-this-tuesday-issues-and-perspectives\/\" aria-label=\"En savoir plus sur Emmanuel Macron is embarking on an Asian tour in Japan and South Korea starting this Tuesday: issues and perspectives\">Lire plus<\/a><\/p>\n","protected":false},"author":9,"featured_media":2657,"comment_status":"open","ping_status":"open","sticky":false,"template":"","format":"standard","meta":{"footnotes":""},"categories":[816],"tags":[1153,1156,1229,1226,1232],"class_list":["post-2659","post","type-post","status-publish","format-standard","has-post-thumbnail","hentry","category-news","tag-emmanuel-macron-en","tag-japan-en","tag-politics-international-en","tag-south-korea-en","tag-tournament-in-asia-en"],"yoast_head":"<!-- This site is optimized with the Yoast SEO plugin v27.5 - https:\/\/yoast.com\/product\/yoast-seo-wordpress\/ -->\n<title>Emmanuel Macron is embarking on an Asian tour in Japan and South Korea starting this Tuesday: issues and perspectives - Fan site S\u00e9bastien Auzi\u00e8re<\/title>\n<meta name=\"description\" content=\"Emmanuel Macron d\u00e9bute une tourn\u00e9e au Japon et en Cor\u00e9e du Sud : d\u00e9couvrez les enjeux et perspectives de cette visite diplomatique cl\u00e9.\" \/>\n<meta name=\"robots\" content=\"index, follow, max-snippet:-1, max-image-preview:large, max-video-preview:-1\" \/>\n<link rel=\"canonical\" href=\"https:\/\/www.sebastien-auziere.fr\/blog\/en\/emmanuel-macron-is-embarking-on-an-asian-tour-in-japan-and-south-korea-starting-this-tuesday-issues-and-perspectives\/\" \/>\n<meta property=\"og:locale\" content=\"fr_FR\" \/>\n<meta property=\"og:type\" content=\"article\" \/>\n<meta property=\"og:title\" content=\"Emmanuel Macron is embarking on an Asian tour in Japan and South Korea starting this Tuesday: issues and perspectives - Fan site S\u00e9bastien Auzi\u00e8re\" \/>\n<meta property=\"og:description\" content=\"Emmanuel Macron d\u00e9bute une tourn\u00e9e au Japon et en Cor\u00e9e du Sud : d\u00e9couvrez les enjeux et perspectives de cette visite diplomatique cl\u00e9.\" \/>\n<meta property=\"og:url\" content=\"https:\/\/www.sebastien-auziere.fr\/blog\/en\/emmanuel-macron-is-embarking-on-an-asian-tour-in-japan-and-south-korea-starting-this-tuesday-issues-and-perspectives\/\" \/>\n<meta property=\"og:site_name\" content=\"Fan site S\u00e9bastien Auzi\u00e8re\" \/>\n<meta property=\"article:published_time\" content=\"2026-04-01T07:09:34+00:00\" \/>\n<meta property=\"article:modified_time\" content=\"2026-04-01T07:10:01+00:00\" \/>\n<meta property=\"og:image\" content=\"https:\/\/www.sebastien-auziere.fr\/blog\/wp-content\/uploads\/2026\/04\/Emmanuel-Macron-entame-une-tournee-asiatique-au-Japon-et-en-Coree-du-Sud-des-ce-mardi-enjeux-et-perspectives.jpg\" \/>\n\t<meta property=\"og:image:width\" content=\"2560\" \/>\n\t<meta property=\"og:image:height\" content=\"1429\" \/>\n\t<meta property=\"og:image:type\" content=\"image\/jpeg\" \/>\n<meta name=\"author\" content=\"Chloe Gauthier\" \/>\n<meta name=\"twitter:card\" content=\"summary_large_image\" \/>\n<meta name=\"twitter:label1\" content=\"\u00c9crit par\" \/>\n\t<meta name=\"twitter:data1\" content=\"Chloe Gauthier\" \/>\n\t<meta name=\"twitter:label2\" content=\"Dur\u00e9e de lecture estim\u00e9e\" \/>\n\t<meta name=\"twitter:data2\" content=\"2 minutes\" \/>\n<script type=\"application\/ld+json\" class=\"yoast-schema-graph\">{\"@context\":\"https:\\\/\\\/schema.org\",\"@graph\":[{\"@type\":\"Article\",\"@id\":\"https:\\\/\\\/www.sebastien-auziere.fr\\\/blog\\\/en\\\/emmanuel-macron-is-embarking-on-an-asian-tour-in-japan-and-south-korea-starting-this-tuesday-issues-and-perspectives\\\/#article\",\"isPartOf\":{\"@id\":\"https:\\\/\\\/www.sebastien-auziere.fr\\\/blog\\\/en\\\/emmanuel-macron-is-embarking-on-an-asian-tour-in-japan-and-south-korea-starting-this-tuesday-issues-and-perspectives\\\/\"},\"author\":{\"name\":\"Chloe Gauthier\",\"@id\":\"https:\\\/\\\/www.sebastien-auziere.fr\\\/blog\\\/#\\\/schema\\\/person\\\/149f1acdbfd85149c6c3e59adeae2f4d\"},\"headline\":\"Emmanuel Macron is embarking on an Asian tour in Japan and South Korea starting this Tuesday: issues and perspectives\",\"datePublished\":\"2026-04-01T07:09:34+00:00\",\"dateModified\":\"2026-04-01T07:10:01+00:00\",\"mainEntityOfPage\":{\"@id\":\"https:\\\/\\\/www.sebastien-auziere.fr\\\/blog\\\/en\\\/emmanuel-macron-is-embarking-on-an-asian-tour-in-japan-and-south-korea-starting-this-tuesday-issues-and-perspectives\\\/\"},\"wordCount\":368,\"commentCount\":0,\"publisher\":{\"@id\":\"https:\\\/\\\/www.sebastien-auziere.fr\\\/blog\\\/#organization\"},\"image\":{\"@id\":\"https:\\\/\\\/www.sebastien-auziere.fr\\\/blog\\\/en\\\/emmanuel-macron-is-embarking-on-an-asian-tour-in-japan-and-south-korea-starting-this-tuesday-issues-and-perspectives\\\/#primaryimage\"},\"thumbnailUrl\":\"https:\\\/\\\/www.sebastien-auziere.fr\\\/blog\\\/wp-content\\\/uploads\\\/2026\\\/04\\\/Emmanuel-Macron-entame-une-tournee-asiatique-au-Japon-et-en-Coree-du-Sud-des-ce-mardi-enjeux-et-perspectives.jpg\",\"keywords\":[\"emmanuel macron\",\"japan\",\"politics international\",\"south korea\",\"tournament in Asia\"],\"articleSection\":[\"News\"],\"inLanguage\":\"fr-FR\",\"potentialAction\":[{\"@type\":\"CommentAction\",\"name\":\"Comment\",\"target\":[\"https:\\\/\\\/www.sebastien-auziere.fr\\\/blog\\\/en\\\/emmanuel-macron-is-embarking-on-an-asian-tour-in-japan-and-south-korea-starting-this-tuesday-issues-and-perspectives\\\/#respond\"]}]},{\"@type\":\"WebPage\",\"@id\":\"https:\\\/\\\/www.sebastien-auziere.fr\\\/blog\\\/en\\\/emmanuel-macron-is-embarking-on-an-asian-tour-in-japan-and-south-korea-starting-this-tuesday-issues-and-perspectives\\\/\",\"url\":\"https:\\\/\\\/www.sebastien-auziere.fr\\\/blog\\\/en\\\/emmanuel-macron-is-embarking-on-an-asian-tour-in-japan-and-south-korea-starting-this-tuesday-issues-and-perspectives\\\/\",\"name\":\"Emmanuel Macron is embarking on an Asian tour in Japan and South Korea starting this Tuesday: issues and perspectives - Fan site S\u00e9bastien Auzi\u00e8re\",\"isPartOf\":{\"@id\":\"https:\\\/\\\/www.sebastien-auziere.fr\\\/blog\\\/#website\"},\"primaryImageOfPage\":{\"@id\":\"https:\\\/\\\/www.sebastien-auziere.fr\\\/blog\\\/en\\\/emmanuel-macron-is-embarking-on-an-asian-tour-in-japan-and-south-korea-starting-this-tuesday-issues-and-perspectives\\\/#primaryimage\"},\"image\":{\"@id\":\"https:\\\/\\\/www.sebastien-auziere.fr\\\/blog\\\/en\\\/emmanuel-macron-is-embarking-on-an-asian-tour-in-japan-and-south-korea-starting-this-tuesday-issues-and-perspectives\\\/#primaryimage\"},\"thumbnailUrl\":\"https:\\\/\\\/www.sebastien-auziere.fr\\\/blog\\\/wp-content\\\/uploads\\\/2026\\\/04\\\/Emmanuel-Macron-entame-une-tournee-asiatique-au-Japon-et-en-Coree-du-Sud-des-ce-mardi-enjeux-et-perspectives.jpg\",\"datePublished\":\"2026-04-01T07:09:34+00:00\",\"dateModified\":\"2026-04-01T07:10:01+00:00\",\"description\":\"Emmanuel Macron d\u00e9bute une tourn\u00e9e au Japon et en Cor\u00e9e du Sud : d\u00e9couvrez les enjeux et perspectives de cette visite diplomatique cl\u00e9.\",\"breadcrumb\":{\"@id\":\"https:\\\/\\\/www.sebastien-auziere.fr\\\/blog\\\/en\\\/emmanuel-macron-is-embarking-on-an-asian-tour-in-japan-and-south-korea-starting-this-tuesday-issues-and-perspectives\\\/#breadcrumb\"},\"inLanguage\":\"fr-FR\",\"potentialAction\":[{\"@type\":\"ReadAction\",\"target\":[\"https:\\\/\\\/www.sebastien-auziere.fr\\\/blog\\\/en\\\/emmanuel-macron-is-embarking-on-an-asian-tour-in-japan-and-south-korea-starting-this-tuesday-issues-and-perspectives\\\/\"]}]},{\"@type\":\"ImageObject\",\"inLanguage\":\"fr-FR\",\"@id\":\"https:\\\/\\\/www.sebastien-auziere.fr\\\/blog\\\/en\\\/emmanuel-macron-is-embarking-on-an-asian-tour-in-japan-and-south-korea-starting-this-tuesday-issues-and-perspectives\\\/#primaryimage\",\"url\":\"https:\\\/\\\/www.sebastien-auziere.fr\\\/blog\\\/wp-content\\\/uploads\\\/2026\\\/04\\\/Emmanuel-Macron-entame-une-tournee-asiatique-au-Japon-et-en-Coree-du-Sud-des-ce-mardi-enjeux-et-perspectives.jpg\",\"contentUrl\":\"https:\\\/\\\/www.sebastien-auziere.fr\\\/blog\\\/wp-content\\\/uploads\\\/2026\\\/04\\\/Emmanuel-Macron-entame-une-tournee-asiatique-au-Japon-et-en-Coree-du-Sud-des-ce-mardi-enjeux-et-perspectives.jpg\",\"width\":2560,\"height\":1429,\"caption\":\"emmanuel macron d\u00e9bute une tourn\u00e9e en asie, visitant le japon et la cor\u00e9e du sud d\u00e8s ce mardi, avec un focus sur les enjeux diplomatiques, \u00e9conomiques et les perspectives de coop\u00e9ration bilat\u00e9rale.\"},{\"@type\":\"BreadcrumbList\",\"@id\":\"https:\\\/\\\/www.sebastien-auziere.fr\\\/blog\\\/en\\\/emmanuel-macron-is-embarking-on-an-asian-tour-in-japan-and-south-korea-starting-this-tuesday-issues-and-perspectives\\\/#breadcrumb\",\"itemListElement\":[{\"@type\":\"ListItem\",\"position\":1,\"name\":\"Home\",\"item\":\"https:\\\/\\\/www.sebastien-auziere.fr\\\/blog\\\/\"},{\"@type\":\"ListItem\",\"position\":2,\"name\":\"Emmanuel Macron is embarking on an Asian tour in Japan and South Korea starting this Tuesday: issues and perspectives\"}]},{\"@type\":\"WebSite\",\"@id\":\"https:\\\/\\\/www.sebastien-auziere.fr\\\/blog\\\/#website\",\"url\":\"https:\\\/\\\/www.sebastien-auziere.fr\\\/blog\\\/\",\"name\":\"Fan site S\u00e9bastien Auzi\u00e8re\",\"description\":\"M\u00e9dia g\u00e9n\u00e9raliste\",\"publisher\":{\"@id\":\"https:\\\/\\\/www.sebastien-auziere.fr\\\/blog\\\/#organization\"},\"potentialAction\":[{\"@type\":\"SearchAction\",\"target\":{\"@type\":\"EntryPoint\",\"urlTemplate\":\"https:\\\/\\\/www.sebastien-auziere.fr\\\/blog\\\/?s={search_term_string}\"},\"query-input\":{\"@type\":\"PropertyValueSpecification\",\"valueRequired\":true,\"valueName\":\"search_term_string\"}}],\"inLanguage\":\"fr-FR\"},{\"@type\":\"Organization\",\"@id\":\"https:\\\/\\\/www.sebastien-auziere.fr\\\/blog\\\/#organization\",\"name\":\"Fan site S\u00e9bastien Auzi\u00e8re\",\"url\":\"https:\\\/\\\/www.sebastien-auziere.fr\\\/blog\\\/\",\"logo\":{\"@type\":\"ImageObject\",\"inLanguage\":\"fr-FR\",\"@id\":\"https:\\\/\\\/www.sebastien-auziere.fr\\\/blog\\\/#\\\/schema\\\/logo\\\/image\\\/\",\"url\":\"https:\\\/\\\/www.sebastien-auziere.fr\\\/blog\\\/wp-content\\\/uploads\\\/2026\\\/03\\\/cropped-cropped-cropped-ChatGPT-Image-6-mars-2026-12_58_09-e1772798376794.jpg\",\"contentUrl\":\"https:\\\/\\\/www.sebastien-auziere.fr\\\/blog\\\/wp-content\\\/uploads\\\/2026\\\/03\\\/cropped-cropped-cropped-ChatGPT-Image-6-mars-2026-12_58_09-e1772798376794.jpg\",\"width\":512,\"height\":360,\"caption\":\"Fan site S\u00e9bastien Auzi\u00e8re\"},\"image\":{\"@id\":\"https:\\\/\\\/www.sebastien-auziere.fr\\\/blog\\\/#\\\/schema\\\/logo\\\/image\\\/\"}},{\"@type\":\"Person\",\"@id\":\"https:\\\/\\\/www.sebastien-auziere.fr\\\/blog\\\/#\\\/schema\\\/person\\\/149f1acdbfd85149c6c3e59adeae2f4d\",\"name\":\"Chloe Gauthier\",\"image\":{\"@type\":\"ImageObject\",\"inLanguage\":\"fr-FR\",\"@id\":\"https:\\\/\\\/secure.gravatar.com\\\/avatar\\\/2c5722f58171cff738a8985ef0dd66b476e563753246a49019befc837ec4201a?s=96&d=mm&r=g\",\"url\":\"https:\\\/\\\/secure.gravatar.com\\\/avatar\\\/2c5722f58171cff738a8985ef0dd66b476e563753246a49019befc837ec4201a?s=96&d=mm&r=g\",\"contentUrl\":\"https:\\\/\\\/secure.gravatar.com\\\/avatar\\\/2c5722f58171cff738a8985ef0dd66b476e563753246a49019befc837ec4201a?s=96&d=mm&r=g\",\"caption\":\"Chloe Gauthier\"},\"description\":\"Passionn\u00e9e par la politique et admiratrice engag\u00e9e de la famille Macron, je consacre mon \u00e9nergie \u00e0 suivre leurs initiatives et \u00e0 promouvoir leurs id\u00e9es. \u00c0 32 ans, je suis convaincue que leur vision est porteuse d'avenir.\",\"url\":\"https:\\\/\\\/www.sebastien-auziere.fr\\\/blog\\\/author\\\/chloe-gauthier\\\/\"}]}<\/script>\n<!-- \/ Yoast SEO plugin. -->","yoast_head_json":{"title":"Emmanuel Macron is embarking on an Asian tour in Japan and South Korea starting this Tuesday: issues and perspectives - Fan site S\u00e9bastien Auzi\u00e8re","description":"Emmanuel Macron d\u00e9bute une tourn\u00e9e au Japon et en Cor\u00e9e du Sud : d\u00e9couvrez les enjeux et perspectives de cette visite diplomatique cl\u00e9.","robots":{"index":"index","follow":"follow","max-snippet":"max-snippet:-1","max-image-preview":"max-image-preview:large","max-video-preview":"max-video-preview:-1"},"canonical":"https:\/\/www.sebastien-auziere.fr\/blog\/en\/emmanuel-macron-is-embarking-on-an-asian-tour-in-japan-and-south-korea-starting-this-tuesday-issues-and-perspectives\/","og_locale":"fr_FR","og_type":"article","og_title":"Emmanuel Macron is embarking on an Asian tour in Japan and South Korea starting this Tuesday: issues and perspectives - Fan site S\u00e9bastien Auzi\u00e8re","og_description":"Emmanuel Macron d\u00e9bute une tourn\u00e9e au Japon et en Cor\u00e9e du Sud : d\u00e9couvrez les enjeux et perspectives de cette visite diplomatique cl\u00e9.","og_url":"https:\/\/www.sebastien-auziere.fr\/blog\/en\/emmanuel-macron-is-embarking-on-an-asian-tour-in-japan-and-south-korea-starting-this-tuesday-issues-and-perspectives\/","og_site_name":"Fan site S\u00e9bastien Auzi\u00e8re","article_published_time":"2026-04-01T07:09:34+00:00","article_modified_time":"2026-04-01T07:10:01+00:00","og_image":[{"width":2560,"height":1429,"url":"https:\/\/www.sebastien-auziere.fr\/blog\/wp-content\/uploads\/2026\/04\/Emmanuel-Macron-entame-une-tournee-asiatique-au-Japon-et-en-Coree-du-Sud-des-ce-mardi-enjeux-et-perspectives.jpg","type":"image\/jpeg"}],"author":"Chloe Gauthier","twitter_card":"summary_large_image","twitter_misc":{"\u00c9crit par":"Chloe Gauthier","Dur\u00e9e de lecture estim\u00e9e":"2 minutes"},"schema":{"@context":"https:\/\/schema.org","@graph":[{"@type":"Article","@id":"https:\/\/www.sebastien-auziere.fr\/blog\/en\/emmanuel-macron-is-embarking-on-an-asian-tour-in-japan-and-south-korea-starting-this-tuesday-issues-and-perspectives\/#article","isPartOf":{"@id":"https:\/\/www.sebastien-auziere.fr\/blog\/en\/emmanuel-macron-is-embarking-on-an-asian-tour-in-japan-and-south-korea-starting-this-tuesday-issues-and-perspectives\/"},"author":{"name":"Chloe Gauthier","@id":"https:\/\/www.sebastien-auziere.fr\/blog\/#\/schema\/person\/149f1acdbfd85149c6c3e59adeae2f4d"},"headline":"Emmanuel Macron is embarking on an Asian tour in Japan and South Korea starting this Tuesday: issues and perspectives","datePublished":"2026-04-01T07:09:34+00:00","dateModified":"2026-04-01T07:10:01+00:00","mainEntityOfPage":{"@id":"https:\/\/www.sebastien-auziere.fr\/blog\/en\/emmanuel-macron-is-embarking-on-an-asian-tour-in-japan-and-south-korea-starting-this-tuesday-issues-and-perspectives\/"},"wordCount":368,"commentCount":0,"publisher":{"@id":"https:\/\/www.sebastien-auziere.fr\/blog\/#organization"},"image":{"@id":"https:\/\/www.sebastien-auziere.fr\/blog\/en\/emmanuel-macron-is-embarking-on-an-asian-tour-in-japan-and-south-korea-starting-this-tuesday-issues-and-perspectives\/#primaryimage"},"thumbnailUrl":"https:\/\/www.sebastien-auziere.fr\/blog\/wp-content\/uploads\/2026\/04\/Emmanuel-Macron-entame-une-tournee-asiatique-au-Japon-et-en-Coree-du-Sud-des-ce-mardi-enjeux-et-perspectives.jpg","keywords":["emmanuel macron","japan","politics international","south korea","tournament in Asia"],"articleSection":["News"],"inLanguage":"fr-FR","potentialAction":[{"@type":"CommentAction","name":"Comment","target":["https:\/\/www.sebastien-auziere.fr\/blog\/en\/emmanuel-macron-is-embarking-on-an-asian-tour-in-japan-and-south-korea-starting-this-tuesday-issues-and-perspectives\/#respond"]}]},{"@type":"WebPage","@id":"https:\/\/www.sebastien-auziere.fr\/blog\/en\/emmanuel-macron-is-embarking-on-an-asian-tour-in-japan-and-south-korea-starting-this-tuesday-issues-and-perspectives\/","url":"https:\/\/www.sebastien-auziere.fr\/blog\/en\/emmanuel-macron-is-embarking-on-an-asian-tour-in-japan-and-south-korea-starting-this-tuesday-issues-and-perspectives\/","name":"Emmanuel Macron is embarking on an Asian tour in Japan and South Korea starting this Tuesday: issues and perspectives - Fan site S\u00e9bastien Auzi\u00e8re","isPartOf":{"@id":"https:\/\/www.sebastien-auziere.fr\/blog\/#website"},"primaryImageOfPage":{"@id":"https:\/\/www.sebastien-auziere.fr\/blog\/en\/emmanuel-macron-is-embarking-on-an-asian-tour-in-japan-and-south-korea-starting-this-tuesday-issues-and-perspectives\/#primaryimage"},"image":{"@id":"https:\/\/www.sebastien-auziere.fr\/blog\/en\/emmanuel-macron-is-embarking-on-an-asian-tour-in-japan-and-south-korea-starting-this-tuesday-issues-and-perspectives\/#primaryimage"},"thumbnailUrl":"https:\/\/www.sebastien-auziere.fr\/blog\/wp-content\/uploads\/2026\/04\/Emmanuel-Macron-entame-une-tournee-asiatique-au-Japon-et-en-Coree-du-Sud-des-ce-mardi-enjeux-et-perspectives.jpg","datePublished":"2026-04-01T07:09:34+00:00","dateModified":"2026-04-01T07:10:01+00:00","description":"Emmanuel Macron d\u00e9bute une tourn\u00e9e au Japon et en Cor\u00e9e du Sud : d\u00e9couvrez les enjeux et perspectives de cette visite diplomatique cl\u00e9.","breadcrumb":{"@id":"https:\/\/www.sebastien-auziere.fr\/blog\/en\/emmanuel-macron-is-embarking-on-an-asian-tour-in-japan-and-south-korea-starting-this-tuesday-issues-and-perspectives\/#breadcrumb"},"inLanguage":"fr-FR","potentialAction":[{"@type":"ReadAction","target":["https:\/\/www.sebastien-auziere.fr\/blog\/en\/emmanuel-macron-is-embarking-on-an-asian-tour-in-japan-and-south-korea-starting-this-tuesday-issues-and-perspectives\/"]}]},{"@type":"ImageObject","inLanguage":"fr-FR","@id":"https:\/\/www.sebastien-auziere.fr\/blog\/en\/emmanuel-macron-is-embarking-on-an-asian-tour-in-japan-and-south-korea-starting-this-tuesday-issues-and-perspectives\/#primaryimage","url":"https:\/\/www.sebastien-auziere.fr\/blog\/wp-content\/uploads\/2026\/04\/Emmanuel-Macron-entame-une-tournee-asiatique-au-Japon-et-en-Coree-du-Sud-des-ce-mardi-enjeux-et-perspectives.jpg","contentUrl":"https:\/\/www.sebastien-auziere.fr\/blog\/wp-content\/uploads\/2026\/04\/Emmanuel-Macron-entame-une-tournee-asiatique-au-Japon-et-en-Coree-du-Sud-des-ce-mardi-enjeux-et-perspectives.jpg","width":2560,"height":1429,"caption":"emmanuel macron d\u00e9bute une tourn\u00e9e en asie, visitant le japon et la cor\u00e9e du sud d\u00e8s ce mardi, avec un focus sur les enjeux diplomatiques, \u00e9conomiques et les perspectives de coop\u00e9ration bilat\u00e9rale."},{"@type":"BreadcrumbList","@id":"https:\/\/www.sebastien-auziere.fr\/blog\/en\/emmanuel-macron-is-embarking-on-an-asian-tour-in-japan-and-south-korea-starting-this-tuesday-issues-and-perspectives\/#breadcrumb","itemListElement":[{"@type":"ListItem","position":1,"name":"Home","item":"https:\/\/www.sebastien-auziere.fr\/blog\/"},{"@type":"ListItem","position":2,"name":"Emmanuel Macron is embarking on an Asian tour in Japan and South Korea starting this Tuesday: issues and perspectives"}]},{"@type":"WebSite","@id":"https:\/\/www.sebastien-auziere.fr\/blog\/#website","url":"https:\/\/www.sebastien-auziere.fr\/blog\/","name":"Fan site S\u00e9bastien Auzi\u00e8re","description":"M\u00e9dia g\u00e9n\u00e9raliste","publisher":{"@id":"https:\/\/www.sebastien-auziere.fr\/blog\/#organization"},"potentialAction":[{"@type":"SearchAction","target":{"@type":"EntryPoint","urlTemplate":"https:\/\/www.sebastien-auziere.fr\/blog\/?s={search_term_string}"},"query-input":{"@type":"PropertyValueSpecification","valueRequired":true,"valueName":"search_term_string"}}],"inLanguage":"fr-FR"},{"@type":"Organization","@id":"https:\/\/www.sebastien-auziere.fr\/blog\/#organization","name":"Fan site S\u00e9bastien Auzi\u00e8re","url":"https:\/\/www.sebastien-auziere.fr\/blog\/","logo":{"@type":"ImageObject","inLanguage":"fr-FR","@id":"https:\/\/www.sebastien-auziere.fr\/blog\/#\/schema\/logo\/image\/","url":"https:\/\/www.sebastien-auziere.fr\/blog\/wp-content\/uploads\/2026\/03\/cropped-cropped-cropped-ChatGPT-Image-6-mars-2026-12_58_09-e1772798376794.jpg","contentUrl":"https:\/\/www.sebastien-auziere.fr\/blog\/wp-content\/uploads\/2026\/03\/cropped-cropped-cropped-ChatGPT-Image-6-mars-2026-12_58_09-e1772798376794.jpg","width":512,"height":360,"caption":"Fan site S\u00e9bastien Auzi\u00e8re"},"image":{"@id":"https:\/\/www.sebastien-auziere.fr\/blog\/#\/schema\/logo\/image\/"}},{"@type":"Person","@id":"https:\/\/www.sebastien-auziere.fr\/blog\/#\/schema\/person\/149f1acdbfd85149c6c3e59adeae2f4d","name":"Chloe Gauthier","image":{"@type":"ImageObject","inLanguage":"fr-FR","@id":"https:\/\/secure.gravatar.com\/avatar\/2c5722f58171cff738a8985ef0dd66b476e563753246a49019befc837ec4201a?s=96&d=mm&r=g","url":"https:\/\/secure.gravatar.com\/avatar\/2c5722f58171cff738a8985ef0dd66b476e563753246a49019befc837ec4201a?s=96&d=mm&r=g","contentUrl":"https:\/\/secure.gravatar.com\/avatar\/2c5722f58171cff738a8985ef0dd66b476e563753246a49019befc837ec4201a?s=96&d=mm&r=g","caption":"Chloe Gauthier"},"description":"Passionn\u00e9e par la politique et admiratrice engag\u00e9e de la famille Macron, je consacre mon \u00e9nergie \u00e0 suivre leurs initiatives et \u00e0 promouvoir leurs id\u00e9es. \u00c0 32 ans, je suis convaincue que leur vision est porteuse d'avenir.","url":"https:\/\/www.sebastien-auziere.fr\/blog\/author\/chloe-gauthier\/"}]}},"views":24,"_links":{"self":[{"href":"https:\/\/www.sebastien-auziere.fr\/blog\/wp-json\/wp\/v2\/posts\/2659","targetHints":{"allow":["GET"]}}],"collection":[{"href":"https:\/\/www.sebastien-auziere.fr\/blog\/wp-json\/wp\/v2\/posts"}],"about":[{"href":"https:\/\/www.sebastien-auziere.fr\/blog\/wp-json\/wp\/v2\/types\/post"}],"author":[{"embeddable":true,"href":"https:\/\/www.sebastien-auziere.fr\/blog\/wp-json\/wp\/v2\/users\/9"}],"replies":[{"embeddable":true,"href":"https:\/\/www.sebastien-auziere.fr\/blog\/wp-json\/wp\/v2\/comments?post=2659"}],"version-history":[{"count":1,"href":"https:\/\/www.sebastien-auziere.fr\/blog\/wp-json\/wp\/v2\/posts\/2659\/revisions"}],"predecessor-version":[{"id":2660,"href":"https:\/\/www.sebastien-auziere.fr\/blog\/wp-json\/wp\/v2\/posts\/2659\/revisions\/2660"}],"wp:featuredmedia":[{"embeddable":true,"href":"https:\/\/www.sebastien-auziere.fr\/blog\/wp-json\/wp\/v2\/media\/2657"}],"wp:attachment":[{"href":"https:\/\/www.sebastien-auziere.fr\/blog\/wp-json\/wp\/v2\/media?parent=2659"}],"wp:term":[{"taxonomy":"category","embeddable":true,"href":"https:\/\/www.sebastien-auziere.fr\/blog\/wp-json\/wp\/v2\/categories?post=2659"},{"taxonomy":"post_tag","embeddable":true,"href":"https:\/\/www.sebastien-auziere.fr\/blog\/wp-json\/wp\/v2\/tags?post=2659"}],"curies":[{"name":"wp","href":"https:\/\/api.w.org\/{rel}","templated":true}]}}